{"id":21118,"date":"2023-11-07T08:44:59Z","date_gmt":"2023-11-07T07:44:59Z","guid":{"rendered":"https:\/\/www.omni-biotic.com\/fr-fr\/?p=21118"},"modified":"2026-04-02T14:42:02Z","modified_gmt":"2026-04-02T12:42:02Z","slug":"syndrome-metabolique-microbiote","status":"publish","type":"post","link":"https:\/\/www.omni-biotic.com\/fr-fr\/blog\/syndrome-metabolique-microbiote\/","title":{"rendered":"Syndrome m\u00e9tabolique et microbiote"},"content":{"rendered":"\t\t<div data-elementor-type=\"wp-post\" data-elementor-id=\"21118\" class=\"elementor elementor-21118\" data-elementor-post-type=\"post\">\n\t\t\t\t<div class=\"elementor-element elementor-element-bfd4c5d obcs none e-flex e-con-boxed e-con e-parent\" data-id=\"bfd4c5d\" data-element_type=\"container\">\n\t\t\t\t\t<div class=\"e-con-inner\">\n\t\t\t\t<div class=\"elementor-element elementor-element-4fe8f32 elementor-widget elementor-widget-text-editor\" data-id=\"4fe8f32\" data-element_type=\"widget\" data-widget_type=\"text-editor.default\">\n\t\t\t\t<div class=\"elementor-widget-container\">\n\t\t\t\t\t\t\t\t\t<p><strong>Le syndrome m\u00e9tabolique\u00a0: une maladie de civilisation <\/strong><\/p><p><em>Notre mode de vie et donc notre alimentation ont consid\u00e9rablement chang\u00e9 au cours des derni\u00e8res d\u00e9cennies et dans l\u2019ensemble, ces \u00e9volutions sont d\u00e9favorables \u00e0 la sant\u00e9. Le r\u00e9gime alimentaire pris\u00e9 en Occident favorise la consommation de viande, de sucres, d\u2019aliments transform\u00e9s ou de plats industriels. Ces habitudes associ\u00e9es \u00e0 un manque d\u2019activit\u00e9 physique, au tabac ou \u00e0 l\u2019alcool provoquent le d\u00e9veloppement de nombreuses maladies qui en plus d\u2019avoir un impact important sur notre bien-\u00eatre, p\u00e8sent sur un syst\u00e8me de sant\u00e9 de plus en plus fragile. Le syndrome m\u00e9tabolique, une de ces maladies corr\u00e9l\u00e9es \u00e0 un mode de vie discutable, est \u00e9troitement li\u00e9 \u00e0 l\u2019intestin et au microbiome comme l\u2019ont prouv\u00e9 de r\u00e9centes \u00e9tudes.<\/em><\/p>\t\t\t\t\t\t\t\t<\/div>\n\t\t\t\t<\/div>\n\t\t\t\t\t<\/div>\n\t\t\t\t<\/div>\n\t\t<div class=\"elementor-element elementor-element-a7aca60 obcs none e-flex e-con-boxed e-con e-parent\" data-id=\"a7aca60\" data-element_type=\"container\">\n\t\t\t\t\t<div class=\"e-con-inner\">\n\t\t\t\t<div class=\"elementor-element elementor-element-581e8e6 elementor-widget elementor-widget-heading\" data-id=\"581e8e6\" data-element_type=\"widget\" data-widget_type=\"heading.default\">\n\t\t\t\t<div class=\"elementor-widget-container\">\n\t\t\t\t\t<h2 class=\"elementor-heading-title elementor-size-default\">Syndrome m\u00e9tabolique &amp; ob\u00e9sit\u00e9 <\/h2>\t\t\t\t<\/div>\n\t\t\t\t<\/div>\n\t\t\t\t<div class=\"elementor-element elementor-element-f2d8641 elementor-widget elementor-widget-text-editor\" data-id=\"f2d8641\" data-element_type=\"widget\" data-widget_type=\"text-editor.default\">\n\t\t\t\t<div class=\"elementor-widget-container\">\n\t\t\t\t\t\t\t\t\t<p>En France, environ une personne sur cinq serait d\u00e9j\u00e0 touch\u00e9e par le syndrome m\u00e9tabolique et cette tendance est \u00e0 la hausse. Parmi les raisons qui expliquent l&rsquo;augmentation rapide de cette maladie en Occident, on trouve le poids car les personnes qui souffrent <strong>de surpoids et d&rsquo;ob\u00e9sit\u00e9<\/strong> y sont plus sensibles. <em>\u00ab\u00a0L&rsquo;ob\u00e9sit\u00e9, c\u2019est-\u00e0-dire un surpoids pathologique, est devenue une \u00e9pid\u00e9mie mondiale. Le nombre d&rsquo;adultes ob\u00e8ses augmente non seulement aux \u00c9tats-Unis, mais aussi en Europe, tout comme le nombre d&rsquo;enfants ob\u00e8ses\u00a0\u00bb,<\/em> explique Vanessa Stadlbauer-K\u00f6llner, professeure agr\u00e9g\u00e9e et docteure en m\u00e9decine, sp\u00e9cialiste du service de gastro-ent\u00e9rologie et d&rsquo;h\u00e9patologie de l&rsquo;universit\u00e9 de m\u00e9decine de Graz.<\/p><p>\u00ab <em>L\u2019ob\u00e9sit\u00e9 est d\u00e9sormais un probl\u00e8me clinique important. L\u2019esp\u00e9rance de vie des personnes concern\u00e9es est plus courte que celle des personnes qui pr\u00e9sentent un IMC* (indice de masse corporel normal)<\/em> \u00bb, ajoute l\u2019experte. En France, en 2015, <strong>pr\u00e8s d&rsquo;un adulte sur deux est en surpoids<\/strong>, et presque un sur cinq (17 %) est ob\u00e8se. Chez les enfants \u00e2g\u00e9s de 6 \u00e0 17 ans, les pr\u00e9valences observ\u00e9es \u00e9taient de 17 % de surpoids, dont 4 % d&rsquo;ob\u00e9sit\u00e9 [1].\u00a0<\/p>\t\t\t\t\t\t\t\t<\/div>\n\t\t\t\t<\/div>\n\t\t\t\t\t<\/div>\n\t\t\t\t<\/div>\n\t\t<div class=\"elementor-element elementor-element-0b98dcf obcs none e-flex e-con-boxed e-con e-parent\" data-id=\"0b98dcf\" data-element_type=\"container\">\n\t\t\t\t\t<div class=\"e-con-inner\">\n\t\t\t\t<div class=\"elementor-element elementor-element-fc53bee elementor-widget elementor-widget-image\" data-id=\"fc53bee\" data-element_type=\"widget\" data-widget_type=\"image.default\">\n\t\t\t\t<div class=\"elementor-widget-container\">\n\t\t\t\t\t\t\t\t\t\t\t\t\t\t\t<img fetchpriority=\"high\" decoding=\"async\" width=\"800\" height=\"497\" src=\"https:\/\/www.omni-biotic.com\/fr-fr\/wp-content\/uploads\/sites\/4\/2023\/11\/syndrome_metabolique_obesite-1024x636.png\" class=\"attachment-large size-large wp-image-21122\" alt=\"D\u00e9finition du syndrome m\u00e9tabolique - Les sympt\u00f4mes\" srcset=\"https:\/\/www.omni-biotic.com\/fr-fr\/wp-content\/uploads\/sites\/4\/2023\/11\/syndrome_metabolique_obesite-1024x636.png 1024w, https:\/\/www.omni-biotic.com\/fr-fr\/wp-content\/uploads\/sites\/4\/2023\/11\/syndrome_metabolique_obesite-300x186.png 300w, https:\/\/www.omni-biotic.com\/fr-fr\/wp-content\/uploads\/sites\/4\/2023\/11\/syndrome_metabolique_obesite-768x477.png 768w, https:\/\/www.omni-biotic.com\/fr-fr\/wp-content\/uploads\/sites\/4\/2023\/11\/syndrome_metabolique_obesite.png 1200w\" sizes=\"(max-width: 800px) 100vw, 800px\" title=\"\">\t\t\t\t\t\t\t\t\t\t\t\t\t\t\t<\/div>\n\t\t\t\t<\/div>\n\t\t\t\t<div class=\"elementor-element elementor-element-3179398 elementor-widget elementor-widget-heading\" data-id=\"3179398\" data-element_type=\"widget\" data-widget_type=\"heading.default\">\n\t\t\t\t<div class=\"elementor-widget-container\">\n\t\t\t\t\t<h2 class=\"elementor-heading-title elementor-size-default\">Les sympt\u00f4mes du syndrome m\u00e9tabolique<\/h2>\t\t\t\t<\/div>\n\t\t\t\t<\/div>\n\t\t\t\t<div class=\"elementor-element elementor-element-35e897f elementor-widget elementor-widget-text-editor\" data-id=\"35e897f\" data-element_type=\"widget\" data-widget_type=\"text-editor.default\">\n\t\t\t\t<div class=\"elementor-widget-container\">\n\t\t\t\t\t\t\t\t\t<div class=\"section mcb-section equal-height-wrap wso-chapter-4 \">\n<div class=\"section_wrapper mcb-section-inner\">\n<div class=\"wrap mcb-wrap one valign-top clearfix\">\n<div class=\"mcb-wrap-inner\">\n<div class=\"column mcb-column one column_column \">\n<div class=\"column_attr clearfix\">\n<p>Cette maladie se caract\u00e9rise donc par <strong>une forte surcharge pond\u00e9rale<\/strong> avec la pr\u00e9sence de graisse au niveau du ventre. Ce tour de taille trop \u00e9lev\u00e9 s&rsquo;accompagne <strong>d&rsquo;autres troubles<\/strong> pour parvenir au diagnostic de cette maladie. Parmi ces troubles, on peut citer :&nbsp;<\/p>\n<ul>\n<li>une tension art\u00e9rielle trop \u00e9lev\u00e9e,<\/li>\n<li>des troubles du m\u00e9tabolisme des lipides avec un taux \u00e9lev\u00e9 de triglyc\u00e9rides*,<\/li>\n<li>un taux \u00e9lev\u00e9 de cholest\u00e9rol total mais avec une diminution du cholest\u00e9rol HDL*,<\/li>\n<li>une intol\u00e9rance au glucose*,<\/li>\n<li>un diab\u00e8te de type 2.<\/li>\n<\/ul>\n<p><em>(*voir le glossaire \u00e0 la fin de l\u2019article pour plus d\u2019explications)<\/em><\/p>\n<p><em>&nbsp;<\/em><\/p>\n<\/div>\n<p>Une combinaison d&rsquo;au moins trois de ces facteurs multiplie par trois <strong>le risque d&rsquo;avoir un infarctus du myocarde ou un accident vasculaire c\u00e9r\u00e9bral<\/strong>. De plus, le syndrome m\u00e9tabolique est souvent associ\u00e9 \u00e0 d&rsquo;autres maladies, telles que <strong>les maladies chroniques h\u00e9patites<\/strong> <em>(par exemple <a href=\"https:\/\/www.omni-biotic.com\/fr-fr\/blog\/steatose-hepatique\/\"><strong>la st\u00e9atose h\u00e9patique non alcoolique<\/strong><\/a>)<\/em> ou <strong>des maladies gyn\u00e9cologiques<\/strong> <em>(comme <a href=\"https:\/\/www.omni-biotic.com\/fr-fr\/blog\/syndrome-des-ovaires-polykystiques\/\"><strong>le syndrome des ovaires polykystiques<\/strong><\/a>)<\/em>.&nbsp;<\/p>\n<\/div>\n<\/div>\n<\/div>\n<\/div>\n<\/div>\t\t\t\t\t\t\t\t<\/div>\n\t\t\t\t<\/div>\n\t\t\t\t<div class=\"elementor-element elementor-element-72d2925 elementor-widget elementor-widget-heading\" data-id=\"72d2925\" data-element_type=\"widget\" data-widget_type=\"heading.default\">\n\t\t\t\t<div class=\"elementor-widget-container\">\n\t\t\t\t\t<h2 class=\"elementor-heading-title elementor-size-default\">L\u2019intestin et le microbiote affect\u00e9s par une mauvaise alimentation<\/h2>\t\t\t\t<\/div>\n\t\t\t\t<\/div>\n\t\t\t\t<div class=\"elementor-element elementor-element-19c23c0 elementor-widget elementor-widget-text-editor\" data-id=\"19c23c0\" data-element_type=\"widget\" data-widget_type=\"text-editor.default\">\n\t\t\t\t<div class=\"elementor-widget-container\">\n\t\t\t\t\t\t\t\t\t<p>Un r\u00e9gime alimentaire qui privil\u00e9gie la consommation d&rsquo;aliments trop gras ou trop sucr\u00e9s et de nombreux plats transform\u00e9s impacte n\u00e9gativement <a href=\"https:\/\/www.omni-biotic.com\/fr-fr\/sante-intestin\/intestin-centre-bien-etre\/microbiote-intestinal\/\"><strong>le microbiote intestinal<\/strong><\/a>. Dr Stadlbauer-K\u00f6llner explique \u00e0 ce propos\u00a0: \u00ab\u00a0<em>la diversit\u00e9, c&rsquo;est-\u00e0-dire la vari\u00e9t\u00e9 des <a href=\"https:\/\/www.omni-biotic.com\/fr-fr\/sante-intestin\/intestin-centre-bien-etre\/bacteries-intestinales\/\"><strong>bact\u00e9ries intestinales<\/strong><\/a>, diminue globalement, en parall\u00e8le on assiste \u00e0 une augmentation des bact\u00e9ries de la famille des Firmicutes et \u00e0 une diminution de celles de la famille des<\/em> <em>Bacteroidetes<\/em> \u00bb. Ce constat n&rsquo;est pas un \u00e9tat d\u00e9finitif puisque des \u00e9tudes ont montr\u00e9 qu&rsquo;<strong>une perte de poids<\/strong> occasionn\u00e9e par un changement d&rsquo;alimentation et une activit\u00e9 physique r\u00e9guli\u00e8re entra\u00eene une <strong>am\u00e9lioration de la composition du microbiote intestinal<\/strong>.\u00a0<\/p><p>Un d\u00e9s\u00e9quilibre de la composition bact\u00e9rienne en faveur des <em>Firmicutes<\/em> peut expliquer le fait que certaines personnes ne parviennent pas \u00e0 perdre du poids sur le long terme malgr\u00e9 de gros efforts et un accompagnement. Sachez qu&rsquo;un microbiote domin\u00e9 par des <em>Firmicutes<\/em> peut <strong>extraire jusqu&rsquo;\u00e0 30 % de calories en plus<\/strong> de la m\u00eame quantit\u00e9 de nourriture qu&rsquo;un microbiote dont le ratio <em>Firmicutes\/Bacteroidetes<\/em> est normal (1:1).\u00a0<\/p><p>De mauvaises habitudes alimentaires et un mode de vie tr\u00e8s s\u00e9dentaire ont donc des cons\u00e9quences sur le microbiome et ils affectent \u00e9galement <strong>l&rsquo;intestin<\/strong>. L&rsquo;effet critique est une <strong>perm\u00e9abilit\u00e9 trop \u00e9lev\u00e9e de la paroi intestinale<\/strong> qui est cens\u00e9e laisser passer les nutriments et stopper les germes pathog\u00e8nes ou corps \u00e9trangers. Ce ph\u00e9nom\u00e8ne se manifeste chez les personnes souffrant de diab\u00e8te, d&rsquo;ob\u00e9sit\u00e9 et chez celles qui pr\u00e9sentent une st\u00e9atose h\u00e9patique non alcoolique <em>(maladie o\u00f9 le foie devient gras)<\/em>. Ce dysfonctionnement de la fonction de barri\u00e8re de la paroi intestinale a pour r\u00e9percussion<strong> l&rsquo;augmentation de la p\u00e9n\u00e9tration de facteurs bact\u00e9riens dans l&rsquo;organisme<\/strong>. Cette endotox\u00e9mie m\u00e9tabolique ne provoque pas certes de maladies aigu\u00ebs ou de fi\u00e8vre, mais elle entra\u00eene <strong>une inflammation \u00e0 bas fruit<\/strong> dans les tissus<em> (par exemple dans le tissu adipeux ou le foie)<\/em>, ce qui peut alors provoquer des troubles du m\u00e9tabolisme des lipides et des glucides <em>(des sucres et des graisses)<\/em>. D\u00e8s lors, on assiste \u00e0 la mise en place d&rsquo;un cercle vicieux conduisant \u00e0 une prise de poids.\u00a0<\/p><p>Les changements qui s&rsquo;op\u00e8rent dans l&rsquo;intestin apparaissent \u00e0 un stade pr\u00e9coce comme le confirme Dr Stadlbauer-K\u00f6llner\u00a0: \u00ab\u00a0<em>nous avons remarqu\u00e9 ces modifications lors d&rsquo;une \u00e9tude dans laquelle seules des personnes souffrant du syndrome m\u00e9tabolique ont particip\u00e9. Celles-ci pr\u00e9sentaient d\u00e9j\u00e0 <strong>un microbiome alt\u00e9r\u00e9 et une perm\u00e9abilit\u00e9 intestinale trop importante<\/strong><\/em>\u00a0\u00bb.<\/p>\t\t\t\t\t\t\t\t<\/div>\n\t\t\t\t<\/div>\n\t\t\t\t<div class=\"elementor-element elementor-element-6f6366d elementor-widget elementor-widget-image\" data-id=\"6f6366d\" data-element_type=\"widget\" data-widget_type=\"image.default\">\n\t\t\t\t<div class=\"elementor-widget-container\">\n\t\t\t\t\t\t\t\t\t\t\t\t\t\t\t<img decoding=\"async\" width=\"800\" height=\"528\" src=\"https:\/\/www.omni-biotic.com\/fr-fr\/wp-content\/uploads\/sites\/4\/2023\/11\/syndrome_metabolique_alimentation-1024x676.png\" class=\"attachment-large size-large wp-image-21123\" alt=\"Syndrome m\u00e9tabolique : une mauvaise alimentation affecte l&#039;intestin et son microbiote\" srcset=\"https:\/\/www.omni-biotic.com\/fr-fr\/wp-content\/uploads\/sites\/4\/2023\/11\/syndrome_metabolique_alimentation-1024x676.png 1024w, https:\/\/www.omni-biotic.com\/fr-fr\/wp-content\/uploads\/sites\/4\/2023\/11\/syndrome_metabolique_alimentation-300x198.png 300w, https:\/\/www.omni-biotic.com\/fr-fr\/wp-content\/uploads\/sites\/4\/2023\/11\/syndrome_metabolique_alimentation-768x507.png 768w, https:\/\/www.omni-biotic.com\/fr-fr\/wp-content\/uploads\/sites\/4\/2023\/11\/syndrome_metabolique_alimentation.png 1200w\" sizes=\"(max-width: 800px) 100vw, 800px\" title=\"\">\t\t\t\t\t\t\t\t\t\t\t\t\t\t\t<\/div>\n\t\t\t\t<\/div>\n\t\t\t\t\t<\/div>\n\t\t\t\t<\/div>\n\t\t<div class=\"elementor-element elementor-element-d494b86 obcs none e-flex e-con-boxed e-con e-parent\" data-id=\"d494b86\" data-element_type=\"container\">\n\t\t\t\t\t<div class=\"e-con-inner\">\n\t\t\t\t<div class=\"elementor-element elementor-element-fb93059 elementor-widget elementor-widget-heading\" data-id=\"fb93059\" data-element_type=\"widget\" data-widget_type=\"heading.default\">\n\t\t\t\t<div class=\"elementor-widget-container\">\n\t\t\t\t\t<h2 class=\"elementor-heading-title elementor-size-default\">Microbiome et syndrome m\u00e9tabolique en interaction<\/h2>\t\t\t\t<\/div>\n\t\t\t\t<\/div>\n\t\t\t\t<div class=\"elementor-element elementor-element-1298121 elementor-widget elementor-widget-text-editor\" data-id=\"1298121\" data-element_type=\"widget\" data-widget_type=\"text-editor.default\">\n\t\t\t\t<div class=\"elementor-widget-container\">\n\t\t\t\t\t\t\t\t\t<p>La composition du microbiote intestinal est le r\u00e9sultat de l&rsquo;interaction entre une personne et les bact\u00e9ries intestinales. La nature du <a href=\"https:\/\/www.omni-biotic.com\/fr-fr\/sante-intestin\/intestin-centre-bien-etre\/microbiome\/\"><strong>microbiome<\/strong><\/a> et la perm\u00e9abilit\u00e9 de la paroi intestinale sont d\u00e9termin\u00e9es par les habitudes alimentaires, la pr\u00e9sence de maladies et la prise de m\u00e9dicaments notamment <a href=\"https:\/\/www.omni-biotic.com\/fr-fr\/blog\/probiotiques-et-antibiotiques-pourquoi-les-associer\/\"><strong>les antibiotiques<\/strong><\/a>.\u00a0Une alimentation \u00e9quilibr\u00e9e et saine donne lieu \u00e0 la multiplication de \u00ab bonnes \u00bb bact\u00e9ries dans l\u2019intestin. Inversement, les \u00ab mauvaises \u00bb bact\u00e9ries se sentent particuli\u00e8rement \u00e0 l\u2019aise dans un intestin qui assimile beaucoup d\u2019aliments riches en sucres et en graisses.\u00a0<\/p><p>Ces derni\u00e8res ann\u00e9es, de nombreuses \u00e9tudes ont confirm\u00e9 l&rsquo;importance de la flore intestinale pour les processus m\u00e9taboliques et son influence sur le poids du corps. Dr Stadlbauer-K\u00f6llner explique : \u00ab\u00a0<em>agir de mani\u00e8re pr\u00e9coce pour am\u00e9liorer la composition du microbiome peut aider diff\u00e9rents processus m\u00e9taboliques. C&rsquo;est l\u00e0 que <a href=\"https:\/\/www.omni-biotic.com\/fr-fr\/sante-intestin\/intestin-centre-bien-etre\/probiotiques\/\"><strong>les probiotiques<\/strong><\/a> entrent en jeu, car les produits contenant des micro-organismes vivants avec <strong>une combinaison de souches sp\u00e9cifiques<\/strong> peuvent, par exemple en cas de syndrome m\u00e9tabolique, influencer positivement la composition du microbiote intestinal, r\u00e9duire la perm\u00e9abilit\u00e9 de l&rsquo;intestin et donc la p\u00e9n\u00e9tration de substances toxiques dans l&rsquo;organisme, mais aussi endiguer les r\u00e9actions inflammatoires\u00a0\u00bb.<\/em><\/p>\t\t\t\t\t\t\t\t<\/div>\n\t\t\t\t<\/div>\n\t\t\t\t<div class=\"elementor-element elementor-element-13621ff elementor-widget elementor-widget-heading\" data-id=\"13621ff\" data-element_type=\"widget\" data-widget_type=\"heading.default\">\n\t\t\t\t<div class=\"elementor-widget-container\">\n\t\t\t\t\t<h2 class=\"elementor-heading-title elementor-size-default\">Probiotiques et pr\u00e9biotiques : une nouvelle alternative th\u00e9rapeutique&nbsp;?<\/h2>\t\t\t\t<\/div>\n\t\t\t\t<\/div>\n\t\t\t\t<div class=\"elementor-element elementor-element-852cb10 elementor-widget elementor-widget-text-editor\" data-id=\"852cb10\" data-element_type=\"widget\" data-widget_type=\"text-editor.default\">\n\t\t\t\t<div class=\"elementor-widget-container\">\n\t\t\t\t\t\t\t\t\t<p>Une premi\u00e8re m\u00e9ta-analyse, qui a pris en compte plusieurs \u00e9tudes cliniques concernant <strong>l&rsquo;utilisation de probiotiques en cas de diab\u00e8te<\/strong>, a montr\u00e9 que la glyc\u00e9mie et l&rsquo;indice HOMA*\u00a0<em>(une mesure de la r\u00e9sistance \u00e0 l&rsquo;insuline)<\/em> pouvaient \u00eatre am\u00e9lior\u00e9s apr\u00e8s une courte p\u00e9riode d&rsquo;administration (un \u00e0 deux mois). Un examen approfondi a montr\u00e9 qu&rsquo;une utilisation prolong\u00e9e pouvait renforcer les effets. En plus de <strong>l&rsquo;am\u00e9lioration du m\u00e9tabolisme des glucides<\/strong>, cette analyse a d\u00e9montr\u00e9 <strong>une augmentation significative du cholest\u00e9rol HDL <\/strong><em>(souvent d\u00e9crit comme \u00e9tant le \u00ab bon \u00bb cholest\u00e9rol) <\/em>et<strong> une r\u00e9duction des triglyc\u00e9rides<\/strong> gr\u00e2ce \u00e0 l\u2019utilisation de probiotiques. En outre, une influence positive a aussi \u00e9t\u00e9 remarqu\u00e9e sur le rapport taille-hanche et le poids du corps.<\/p><p>En parall\u00e8le de la prise de probiotiques qui agissent sur la composition de la flore intestinale, <a href=\"https:\/\/www.omni-biotic.com\/fr-fr\/sante-intestin\/intestin-centre-bien-etre\/prebiotiques\/\"><strong>les pr\u00e9biotiques<\/strong><\/a> peuvent \u00e9galement aider le microbiome <strong>en favorisant la croissance de certaines bact\u00e9ries<\/strong>, volontairement cibl\u00e9es. Les pr\u00e9biotiques contiennent des <a href=\"https:\/\/www.omni-biotic.com\/fr-fr\/blog\/fibres-alimentaires-une-ressource-precieuse-pour-les-intestins\/\"><strong>fibres alimentaires<\/strong><\/a> et des substances naturelles qui nourrissent des bact\u00e9ries utiles. Actuellement, la professeure Stadlbauer-K\u00f6llner m\u00e8ne une \u00e9tude sur l&rsquo;impact de certains probiotiques et pr\u00e9biotiques sur les personnes diab\u00e9tiques. Concr\u00e8tement, il s&rsquo;agit d&rsquo;analyser si ces compl\u00e9ments alimentaires peuvent moduler le microbiome et la barri\u00e8re intestinale et s\u2019ils ont de l\u2019influence sur le m\u00e9tabolisme des lipides et des glucides ainsi que sur les d\u00e9fenses immunitaires.<\/p><p>\u00ab\u00a0<em>Je m\u2019int\u00e9resse depuis longtemps \u00e0 la sensibilit\u00e9 \u00e9lev\u00e9e aux infections en cas de cirrhose du foie. Chez les personnes pr\u00e9sentant un diab\u00e8te de type 2, nous constatons \u00e9galement des probl\u00e8mes au niveau du syst\u00e8me immunitaire inn\u00e9<\/em>\u00a0\u00bb indique la sp\u00e9cialiste. Les premiers r\u00e9sultats de l\u2019\u00e9tude clinique sont prometteurs\u00a0: \u00ab\u00a0<em>nous avons pu <strong>mettre en \u00e9vidence des r\u00e9percussions positives sur le m\u00e9tabolisme des lipides<\/strong>, et l&rsquo;effet sur la fonction immunitaire chez les diab\u00e9tiques est similaire \u00e0 celui observ\u00e9 chez les patients atteints de cirrhose du foie<\/em>\u00a0\u00bb. De plus, des <strong>am\u00e9liorations du m\u00e9tabolisme des glucides<\/strong> ont \u00e9t\u00e9 mises en \u00e9vidence, par exemple le taux de glyc\u00e9mie \u00e0 long terme (HbA1c) a pu \u00eatre r\u00e9duit. En outre, il a \u00e9t\u00e9 prouv\u00e9 que le groupe probiotique pr\u00e9sentait moins de toxines bact\u00e9riennes dans le sang, ce qui indique que ces produits ont aussi <strong>impact\u00e9 de mani\u00e8re positive la paroi intestinale<\/strong> renfor\u00e7ant son r\u00f4le de barri\u00e8re.<\/p>\t\t\t\t\t\t\t\t<\/div>\n\t\t\t\t<\/div>\n\t\t\t\t<div class=\"elementor-element elementor-element-64da8de elementor-widget elementor-widget-image\" data-id=\"64da8de\" data-element_type=\"widget\" data-widget_type=\"image.default\">\n\t\t\t\t<div class=\"elementor-widget-container\">\n\t\t\t\t\t\t\t\t\t\t\t\t\t\t\t<img decoding=\"async\" width=\"800\" height=\"437\" src=\"https:\/\/www.omni-biotic.com\/fr-fr\/wp-content\/uploads\/sites\/4\/2023\/11\/syndrome_metabolique_probiotiques-1024x559.png\" class=\"attachment-large size-large wp-image-21127\" alt=\"Les probiotiques en cas de syndrome m\u00e9tabolique\" srcset=\"https:\/\/www.omni-biotic.com\/fr-fr\/wp-content\/uploads\/sites\/4\/2023\/11\/syndrome_metabolique_probiotiques-1024x559.png 1024w, https:\/\/www.omni-biotic.com\/fr-fr\/wp-content\/uploads\/sites\/4\/2023\/11\/syndrome_metabolique_probiotiques-300x164.png 300w, https:\/\/www.omni-biotic.com\/fr-fr\/wp-content\/uploads\/sites\/4\/2023\/11\/syndrome_metabolique_probiotiques-768x419.png 768w, https:\/\/www.omni-biotic.com\/fr-fr\/wp-content\/uploads\/sites\/4\/2023\/11\/syndrome_metabolique_probiotiques.png 1200w\" sizes=\"(max-width: 800px) 100vw, 800px\" title=\"\">\t\t\t\t\t\t\t\t\t\t\t\t\t\t\t<\/div>\n\t\t\t\t<\/div>\n\t\t\t\t\t<\/div>\n\t\t\t\t<\/div>\n\t\t<div class=\"elementor-element elementor-element-39f1b83 obcs none e-flex e-con-boxed e-con e-parent\" data-id=\"39f1b83\" data-element_type=\"container\">\n\t\t\t\t\t<div class=\"e-con-inner\">\n\t\t\t\t<div class=\"elementor-element elementor-element-5ef5367 elementor-widget elementor-widget-heading\" data-id=\"5ef5367\" data-element_type=\"widget\" data-widget_type=\"heading.default\">\n\t\t\t\t<div class=\"elementor-widget-container\">\n\t\t\t\t\t<h2 class=\"elementor-heading-title elementor-size-default\">L'intestin : au centre de la sant\u00e9<\/h2>\t\t\t\t<\/div>\n\t\t\t\t<\/div>\n\t\t\t\t<div class=\"elementor-element elementor-element-af49dd9 elementor-widget elementor-widget-text-editor\" data-id=\"af49dd9\" data-element_type=\"widget\" data-widget_type=\"text-editor.default\">\n\t\t\t\t<div class=\"elementor-widget-container\">\n\t\t\t\t\t\t\t\t\t<p>Ces r\u00e9centes d\u00e9couvertes montrent que les bact\u00e9ries intestinales et la paroi intestinale <em>(en sa qualit\u00e9 de barri\u00e8re)<\/em> jouent un r\u00f4le cl\u00e9 dans le syndrome m\u00e9tabolique et dans les madadies qui y sont associ\u00e9es, comme l&rsquo;ob\u00e9sit\u00e9 et le diab\u00e8te. \u00ab\u00a0<em>La modulation du microbiome est une option th\u00e9rapeutique int\u00e9ressante<\/em>\u00a0\u00bb, confirme la sp\u00e9cialiste. Les donn\u00e9es de ces \u00e9tudes montrent que <strong>les probiotiques ainsi que les pr\u00e9biotiques ont une influence positive sur le m\u00e9tabolisme des glucides et des lipides, la barri\u00e8re intestinale, les r\u00e9actions inflammatoires et le syst\u00e8me immunitaire<\/strong>.<\/p><p>Le facteur essentiel pour les maladies m\u00e9taboliques reste<strong> la perte de poids<\/strong> <strong>en cas de surpoids<\/strong> ou <strong>le maintien d&rsquo;un poids normal<\/strong> gr\u00e2ce \u00e0 une activit\u00e9 physique suffisante et \u00e0 une alimentation \u00e9quilibr\u00e9e. Concernant ce dernier point, il est important de mettre l&rsquo;accent sur des produits frais et de saison que l\u2019on va cuisiner soi-m\u00eame pour veiller \u00e0 l&rsquo;apport de graisse ou de sucre. Pour atteindre ces objectifs, l\u2019intestin rev\u00eat une grande importance, comme le souligne Dr Stadlbauer-K\u00f6llner : <em>\u00ab les probiotiques ont <strong>une valeur\u00a0 importante de soutien<\/strong> et ils peuvent aider les patients \u00e0 mener une vie plus saine<\/em> <em>en y associant un changement de mode de vie et un traitement m\u00e9dicamenteux\u00a0<\/em>\u00bb.<\/p><p>\u00a0<\/p>\t\t\t\t\t\t\t\t<\/div>\n\t\t\t\t<\/div>\n\t\t\t\t\t<\/div>\n\t\t\t\t<\/div>\n\t\t<div class=\"elementor-element elementor-element-2a1d74f obcs none e-flex e-con-boxed e-con e-parent\" data-id=\"2a1d74f\" data-element_type=\"container\">\n\t\t\t\t\t<div class=\"e-con-inner\">\n\t\t\t\t<div class=\"elementor-element elementor-element-77f0323 elementor-widget elementor-widget-heading\" data-id=\"77f0323\" data-element_type=\"widget\" data-widget_type=\"heading.default\">\n\t\t\t\t<div class=\"elementor-widget-container\">\n\t\t\t\t\t<h2 class=\"elementor-heading-title elementor-size-default\">Glossaire<\/h2>\t\t\t\t<\/div>\n\t\t\t\t<\/div>\n\t\t\t\t<div class=\"elementor-element elementor-element-e79d0ce elementor-widget elementor-widget-text-editor\" data-id=\"e79d0ce\" data-element_type=\"widget\" data-widget_type=\"text-editor.default\">\n\t\t\t\t<div class=\"elementor-widget-container\">\n\t\t\t\t\t\t\t\t\t<table style=\"width: 689px;height: 982px\" width=\"642\"><tbody><tr><td style=\"width: 271px\" width=\"163\"><strong>L&rsquo;ob\u00e9sit\u00e9<\/strong><\/td><td style=\"width: 909px\" width=\"479\">Exc\u00e8s de poids par augmentation de la masse de tissu adipeux. L&rsquo;ob\u00e9sit\u00e9 se d\u00e9finit par un indice de masse corporelle sup\u00e9rieur \u00e0 30.<\/td><\/tr><tr><td style=\"width: 271px\" width=\"163\"><strong>L&rsquo;indice de masse corporelle (IMC)<\/strong><\/td><td style=\"width: 909px\" width=\"479\"><p>L&rsquo;IMC se calcule en divisant votre poids (en kg) par votre taille au carr\u00e9. Si votre IMC est compris :\u00a0<\/p><ul><li>moins de 16,5 : d\u00e9nutrition ou anorexie<\/li><li>entre 16,5 et 18,5 : typologie maigre<\/li><li>entre 18,5 et 25 : corpulence normale<\/li><li>entre 25 et 30 : surpoids<\/li><li>entre 30 et 35 : ob\u00e9sit\u00e9 mod\u00e9r\u00e9e<\/li><li>entre 35 et 40 : ob\u00e9sit\u00e9 s\u00e9v\u00e9re<\/li><li>\u00e0 partir de 40 : ob\u00e9sit\u00e9 massive\u00a0<\/li><\/ul><p>\u00a0<\/p><p>Par exemple : vous pesez 70 kilos et vous mesurez 1 m\u00e8tre 62 :\u00a0<span style=\"background-color: transparent;font-size: 0.9em;color: var( --e-global-color-text );text-align: var(--text-align);font-family: var( --e-global-typography-text-font-family ), -apple-system,BlinkMacSystemFont,Segoe UI,Roboto,Helvetica Neue,Arial,Noto Sans,sans-serif;font-style: var( --e-global-typography-text-font-style );font-weight: var( --e-global-typography-text-font-weight );letter-spacing: var( --e-global-typography-text-letter-spacing );text-transform: var( --e-global-typography-text-text-transform )\">70 \u00f7 1,62<\/span><sup style=\"background-color: transparent;color: var( --e-global-color-text );text-align: var(--text-align);font-family: var( --e-global-typography-text-font-family ), -apple-system,BlinkMacSystemFont,Segoe UI,Roboto,Helvetica Neue,Arial,Noto Sans,sans-serif;font-style: var( --e-global-typography-text-font-style );font-weight: var( --e-global-typography-text-font-weight );letter-spacing: var( --e-global-typography-text-letter-spacing );text-transform: var( --e-global-typography-text-text-transform )\">2 <\/sup><span style=\"background-color: transparent;font-size: 0.9em;color: var( --e-global-color-text );text-align: var(--text-align);font-family: var( --e-global-typography-text-font-family ), -apple-system,BlinkMacSystemFont,Segoe UI,Roboto,Helvetica Neue,Arial,Noto Sans,sans-serif;font-style: var( --e-global-typography-text-font-style );font-weight: var( --e-global-typography-text-font-weight );letter-spacing: var( --e-global-typography-text-letter-spacing );text-transform: var( --e-global-typography-text-text-transform )\">= <\/span><strong style=\"background-color: transparent;font-size: 0.9em;color: var( --e-global-color-text );text-align: var(--text-align);font-family: var( --e-global-typography-text-font-family ), -apple-system,BlinkMacSystemFont,Segoe UI,Roboto,Helvetica Neue,Arial,Noto Sans,sans-serif;font-style: var( --e-global-typography-text-font-style );letter-spacing: var( --e-global-typography-text-letter-spacing );text-transform: var( --e-global-typography-text-text-transform )\">26,62<\/strong><\/p><\/td><\/tr><tr><td style=\"width: 271px\" width=\"163\"><b>Le cholest\u00e9rol<\/b><\/td><td style=\"width: 909px\" width=\"479\"><p>Le cholest\u00e9rol est une substance grasse qui est apport\u00e9e par l&rsquo;alimentation, mais qui est \u00e9galement produite dans l&rsquo;organisme (principalement dans le foie).\u00a0<\/p><p>Le cholest\u00e9rol\u00a0 LDL (= mauvais cholest\u00e9rol) est li\u00e9 \u00e0 des lipoprot\u00e9ines de basse densit\u00e9 qui transportent le cholest\u00e9rol du foie vers les tissus.\u00a0<\/p><p>Le cholest\u00e9rol HDL (= bon cholest\u00e9rol) est li\u00e9 \u00e0 des lipoprot\u00e9ines de haute densit\u00e9, son r\u00f4le est de capter l&rsquo;exc\u00e8s de cholest\u00e9rol pour qu&rsquo;il soit \u00e9limin\u00e9 par le foie.\u00a0<\/p><\/td><\/tr><tr><td style=\"width: 271px\" width=\"163\"><strong>L&rsquo;intol\u00e9rance au glucose<\/strong><\/td><td style=\"width: 909px\" width=\"479\">En raison d&rsquo;un manque d&rsquo;insuline ou d&rsquo;une sensibilit\u00e9 r\u00e9duite \u00e0 l&rsquo;insuline des cellules du corps, celles-ci absorbent moins de glucose dans le sang. L&rsquo;intol\u00e9rance au glucose induit un risque \u00e9lev\u00e9 de d\u00e9velopper un diab\u00e8te.\u00a0<\/td><\/tr><tr><td style=\"width: 271px\" width=\"163\"><strong>L&rsquo;indice HOMA<\/strong><\/td><td style=\"width: 909px\" width=\"479\">L&rsquo;indice HOMA<em> (pour <strong>Ho<\/strong>meostasis <strong>M<\/strong>odel <strong>A<\/strong>ssessment)<\/em> donne des informations sur le risque de r\u00e9sistance \u00e0 l&rsquo;insuline sur la base de la glyc\u00e9mie et de l&rsquo;insulin\u00e9mie \u00e0 jeun.\u00a0<\/td><\/tr><tr><td style=\"width: 271px\" width=\"163\"><strong>La r\u00e9sistance \u00e0 l&rsquo;insuline<\/strong><\/td><td style=\"width: 909px\" width=\"479\">On parle de r\u00e9sistance \u00e0 l&rsquo;insuline lorsque l&rsquo;insuline, l&rsquo;hormone qui fait baisser la glyc\u00e9mie, agit moins fortement que pr\u00e9vu. Les cellules deviennent moins sensibles \u00e0 cette hormone.<\/td><\/tr><tr><td style=\"width: 271px\" width=\"163\"><a href=\"https:\/\/www.omni-biotic.com\/fr-fr\/sante-intestin\/intestin-centre-bien-etre\/prebiotiques\/\"><strong>Les pr\u00e9biotiques<\/strong><\/a><\/td><td style=\"width: 909px\" width=\"479\">Les pr\u00e9biotiques sont des fibres alimentaires qui ont un effet b\u00e9n\u00e9fique car elles peuvent stimuler la croissance et\/ou l&rsquo;activit\u00e9 d&rsquo;une ou plusieurs esp\u00e8ces de bact\u00e9ries intestinales ana\u00e9robies.\u00a0<\/td><\/tr><tr><td style=\"width: 271px\" width=\"163\"><a href=\"https:\/\/www.omni-biotic.com\/fr-fr\/sante-intestin\/intestin-centre-bien-etre\/probiotiques\/\"><strong>Les probiotiques<\/strong><\/a><\/td><td style=\"width: 909px\" width=\"479\">Les probiotiques sont des micro-organismes utiles (par exemple des bact\u00e9ries lactiques telles que les lactobacilles ou les bifidobact\u00e9ries) qui ont une influence positive sur l&rsquo;intestin en cr\u00e9ant un milieu propice aux d\u00e9veloppement des bonnes bact\u00e9ries, en r\u00e9gulant le pH ou en produisant des acides gras importants.<\/td><\/tr><tr><td style=\"width: 271px\" width=\"163\"><strong>Les triglyc\u00e9rides<\/strong><\/td><td style=\"width: 909px\" width=\"479\">Les triglyc\u00e9rides sont d&rsquo;importants r\u00e9servoirs d&rsquo;\u00e9nergie dans le corps. Ils sont d&rsquo;une part apport\u00e9s par l&rsquo;alimentation. D&rsquo;autre part, le corps (le foie) peut produire lui-m\u00eame des triglyc\u00e9rides (par exemple \u00e0 partir de glucides) et les stocker dans le tissu adipeux comme r\u00e9serve d&rsquo;\u00e9nergie.<\/td><\/tr><\/tbody><\/table>\t\t\t\t\t\t\t\t<\/div>\n\t\t\t\t<\/div>\n\t\t\t\t<div class=\"elementor-element elementor-element-b207f5c elementor-widget elementor-widget-text-editor\" data-id=\"b207f5c\" data-element_type=\"widget\" data-widget_type=\"text-editor.default\">\n\t\t\t\t<div class=\"elementor-widget-container\">\n\t\t\t\t\t\t\t\t\t<p>Source\u00a0:<\/p><p>[1] <a href=\"https:\/\/www.senat.fr\/rap\/r21-744\/r21-7443.html\" target=\"_blank\" rel=\"noopener\">https:\/\/www.senat.fr\/rap\/r21-744\/r21-7443.html<\/a><\/p>\t\t\t\t\t\t\t\t<\/div>\n\t\t\t\t<\/div>\n\t\t\t\t\t<\/div>\n\t\t\t\t<\/div>\n\t\t\t\t<\/div>\n\t\t","protected":false},"excerpt":{"rendered":"<p>Le syndrome m\u00e9tabolique\u00a0: une maladie de civilisation Notre mode de vie et donc notre alimentation ont consid\u00e9rablement chang\u00e9 au cours des derni\u00e8res d\u00e9cennies et dans l\u2019ensemble, ces \u00e9volutions sont d\u00e9favorables \u00e0 la sant\u00e9. Le r\u00e9gime alimentaire pris\u00e9 en Occident favorise la consommation de viande, de sucres, d\u2019aliments transform\u00e9s ou de plats industriels. Ces habitudes associ\u00e9es [&hellip;]<\/p>\n","protected":false},"author":14,"featured_media":21121,"comment_status":"closed","ping_status":"closed","sticky":false,"template":"","format":"standard","meta":{"_acf_changed":false,"inline_featured_image":false,"footnotes":""},"categories":[226],"tags":[],"class_list":["post-21118","post","type-post","status-publish","format-standard","has-post-thumbnail","hentry","category-troubles-non-digestifs"],"acf":[],"rank_math":{"og:title":"Syndrome m\u00e9tabolique et microbiote - OMNi-BiOTiC\u00ae","og:desc":"Le syndrome m\u00e9tabolique est une maladie qui augmente tout comme l'ob\u00e9sit\u00e9. Quel r\u00f4le joue l'intestin et son microbiote ? Que faire ? A lire !","og:url":"https:\/\/www.omni-biotic.com\/fr-fr\/blog\/syndrome-metabolique-microbiote\/","og:locale":"fr_FR","og:image":"https:\/\/www.omni-biotic.com\/fr-fr\/wp-content\/uploads\/sites\/4\/2023\/11\/syndrome_metabolique_microbiote.png","og:image:width":"1200","og:image:height":"922"},"additional_data":{"thumbnail":"https:\/\/www.omni-biotic.com\/fr-fr\/wp-content\/uploads\/sites\/4\/2023\/11\/syndrome_metabolique_microbiote.png"},"blog_info":{"country":"fr-fr"},"_links":{"self":[{"href":"https:\/\/www.omni-biotic.com\/fr-fr\/wp-json\/wp\/v2\/posts\/21118","targetHints":{"allow":["GET"]}}],"collection":[{"href":"https:\/\/www.omni-biotic.com\/fr-fr\/wp-json\/wp\/v2\/posts"}],"about":[{"href":"https:\/\/www.omni-biotic.com\/fr-fr\/wp-json\/wp\/v2\/types\/post"}],"author":[{"embeddable":true,"href":"https:\/\/www.omni-biotic.com\/fr-fr\/wp-json\/wp\/v2\/users\/14"}],"replies":[{"embeddable":true,"href":"https:\/\/www.omni-biotic.com\/fr-fr\/wp-json\/wp\/v2\/comments?post=21118"}],"version-history":[{"count":7,"href":"https:\/\/www.omni-biotic.com\/fr-fr\/wp-json\/wp\/v2\/posts\/21118\/revisions"}],"predecessor-version":[{"id":30506,"href":"https:\/\/www.omni-biotic.com\/fr-fr\/wp-json\/wp\/v2\/posts\/21118\/revisions\/30506"}],"wp:featuredmedia":[{"embeddable":true,"href":"https:\/\/www.omni-biotic.com\/fr-fr\/wp-json\/wp\/v2\/media\/21121"}],"wp:attachment":[{"href":"https:\/\/www.omni-biotic.com\/fr-fr\/wp-json\/wp\/v2\/media?parent=21118"}],"wp:term":[{"taxonomy":"category","embeddable":true,"href":"https:\/\/www.omni-biotic.com\/fr-fr\/wp-json\/wp\/v2\/categories?post=21118"},{"taxonomy":"post_tag","embeddable":true,"href":"https:\/\/www.omni-biotic.com\/fr-fr\/wp-json\/wp\/v2\/tags?post=21118"}],"curies":[{"name":"wp","href":"https:\/\/api.w.org\/{rel}","templated":true}]}}