{"id":21891,"date":"2023-11-24T09:38:19Z","date_gmt":"2023-11-24T08:38:19Z","guid":{"rendered":"https:\/\/www.omni-biotic.com\/fr-fr\/?p=21891"},"modified":"2026-04-02T13:33:59Z","modified_gmt":"2026-04-02T11:33:59Z","slug":"maladie-de-crohn","status":"publish","type":"post","link":"https:\/\/www.omni-biotic.com\/fr-fr\/blog\/maladie-de-crohn\/","title":{"rendered":"La maladie de Crohn"},"content":{"rendered":"\t\t<div data-elementor-type=\"wp-post\" data-elementor-id=\"21891\" class=\"elementor elementor-21891\" data-elementor-post-type=\"post\">\n\t\t\t\t<div class=\"elementor-element elementor-element-1d14360 obcs none e-flex e-con-boxed e-con e-parent\" data-id=\"1d14360\" data-element_type=\"container\">\n\t\t\t\t\t<div class=\"e-con-inner\">\n\t\t\t\t<div class=\"elementor-element elementor-element-026a055 elementor-widget elementor-widget-text-editor\" data-id=\"026a055\" data-element_type=\"widget\" data-widget_type=\"text-editor.default\">\n\t\t\t\t<div class=\"elementor-widget-container\">\n\t\t\t\t\t\t\t\t\t<p><strong>La maladie de Crohn : bien plus qu&rsquo;une simple diarrh\u00e9e !<\/strong><\/p><p><i>La maladie de Crohn fait partie des maladies inflammatoires chroniques de l&rsquo;intestin, lesquelles provoquent des inflammations dans certaines parties de l&rsquo;appareil digestif. La maladie se manifeste par p\u00e9riodes et dans le cas de la maldie de Crohn, elle peut toucher l&rsquo;ensemble du tractus gastro-intestinal : <strong>de l\u2019\u0153sophage au rectum<\/strong>. Cependant, l&rsquo;extr\u00e9mit\u00e9 de l&rsquo;intestin gr\u00eale, appel\u00e9e l&rsquo;il\u00e9on et le c\u00f4lon sont particuli\u00e8rement touch\u00e9s. Les personnes atteintes de cette maladie souffrent entre autres de diarrh\u00e9es, douleurs abdominales ou de naus\u00e9es.\u00a0<\/i><\/p>\t\t\t\t\t\t\t\t<\/div>\n\t\t\t\t<\/div>\n\t\t\t\t\t<\/div>\n\t\t\t\t<\/div>\n\t\t<div class=\"elementor-element elementor-element-c7da6f5 obcs none e-flex e-con-boxed e-con e-parent\" data-id=\"c7da6f5\" data-element_type=\"container\">\n\t\t\t\t\t<div class=\"e-con-inner\">\n\t\t\t\t<div class=\"elementor-element elementor-element-b564510 elementor-widget elementor-widget-heading\" data-id=\"b564510\" data-element_type=\"widget\" data-widget_type=\"heading.default\">\n\t\t\t\t<div class=\"elementor-widget-container\">\n\t\t\t\t\t<h2 class=\"elementor-heading-title elementor-size-default\">La maladie de Crohn<\/h2>\t\t\t\t<\/div>\n\t\t\t\t<\/div>\n\t\t\t\t<div class=\"elementor-element elementor-element-a17dcb1 elementor-widget elementor-widget-heading\" data-id=\"a17dcb1\" data-element_type=\"widget\" data-widget_type=\"heading.default\">\n\t\t\t\t<div class=\"elementor-widget-container\">\n\t\t\t\t\t<h3 class=\"elementor-heading-title elementor-size-default\">Qu'est-ce que c'est ?<\/h3>\t\t\t\t<\/div>\n\t\t\t\t<\/div>\n\t\t\t\t<div class=\"elementor-element elementor-element-a73ca3a elementor-widget elementor-widget-text-editor\" data-id=\"a73ca3a\" data-element_type=\"widget\" data-widget_type=\"text-editor.default\">\n\t\t\t\t<div class=\"elementor-widget-container\">\n\t\t\t\t\t\t\t\t\t<div class=\"section mcb-section equal-height-wrap wso-chapter-4 \"><div class=\"section_wrapper mcb-section-inner\"><div class=\"wrap mcb-wrap one valign-top clearfix\"><div class=\"mcb-wrap-inner\"><div class=\"column mcb-column one column_column \"><div class=\"column_attr clearfix\"><p>La maladie de Crohn est une <a href=\"https:\/\/www.omni-biotic.com\/fr-fr\/troubles-digestifs\/mici\/\"><strong>maladie inflammatoire de l&rsquo;intestin (MICI)<\/strong><\/a> qui \u00e9volue par pouss\u00e9es et qui peut toucher diff\u00e9rentes parties du tractus gastro-intestinal, elle ne se limite pas donc au gros intestin. Elle porte le nom du premier m\u00e9decin \u00e0 l&rsquo;avoir d\u00e9crite, Burrill Bernard Crohn, un gastro-ent\u00e9rologue am\u00e9ricain.\u00a0<\/p><p>Cette maladie caract\u00e9ris\u00e9e par une inflammation chronique provoque <strong>des l\u00e9sions <\/strong>dans le tube digestif. La <strong>fr\u00e9quence et l&rsquo;intensit\u00e9 des pouss\u00e9es<\/strong> diff\u00e8rent selon les personnes touch\u00e9es et celles-ci sont impr\u00e9visibles. Cette maladie ne peut pas encore \u00eatre gu\u00e9rie mais des <strong>traitements existent<\/strong> permettant de <strong>soulager les sympt\u00f4mes<\/strong> et de <strong>pr\u00e9venir les complications<\/strong>.\u00a0<\/p><p>Plus de 120 000 personnes sont atteintes de la maladie de Crohn en France. La pr\u00e9valence est plus \u00e9lev\u00e9e dans les pays europ\u00e9ens et en Am\u00e9rique du Nord.\u00a0<\/p><\/div><\/div><\/div><\/div><\/div><\/div>\t\t\t\t\t\t\t\t<\/div>\n\t\t\t\t<\/div>\n\t\t\t\t<div class=\"elementor-element elementor-element-525a282 elementor-widget elementor-widget-heading\" data-id=\"525a282\" data-element_type=\"widget\" data-widget_type=\"heading.default\">\n\t\t\t\t<div class=\"elementor-widget-container\">\n\t\t\t\t\t<h3 class=\"elementor-heading-title elementor-size-default\">Quelles sont les causes de cette maladie inflammatoire chronique ?<\/h3>\t\t\t\t<\/div>\n\t\t\t\t<\/div>\n\t\t\t\t<div class=\"elementor-element elementor-element-21237ce elementor-widget elementor-widget-text-editor\" data-id=\"21237ce\" data-element_type=\"widget\" data-widget_type=\"text-editor.default\">\n\t\t\t\t<div class=\"elementor-widget-container\">\n\t\t\t\t\t\t\t\t\t<div class=\"section mcb-section equal-height-wrap wso-chapter-4 \"><div class=\"section_wrapper mcb-section-inner\"><div class=\"wrap mcb-wrap one valign-top clearfix\"><div class=\"mcb-wrap-inner\"><div class=\"column mcb-column one column_column \"><div class=\"column_attr clearfix\"><p>La maladie appara\u00eet g\u00e9n\u00e9ralement entre 15 et 35 ans et les raisons de son d\u00e9veloppement ne sont pas encore compl\u00e9ment explicit\u00e9es. Plusieurs facteurs conduiraient \u00e0 l&rsquo;apparition de la maladie et favoriseraient la survenue des premiers sympt\u00f4mes :\u00a0<\/p><ul><li>une <strong>disposition g\u00e9n\u00e9tique<\/strong>,\u00a0<\/li><li>des<strong> facteurs environnementaux<\/strong> (le tabac, la pollution),\u00a0<\/li><li>une <strong>dysbiose<\/strong> de la flore intestinale,\u00a0<\/li><li>certaines infections,\u00a0<\/li><li>une mauvaise alimentation.\u00a0<\/li><\/ul><p><span style=\"background-color: transparent;color: var( --e-global-color-text );text-align: var(--text-align);font-family: var( --e-global-typography-text-font-family ), -apple-system,BlinkMacSystemFont,Segoe UI,Roboto,Helvetica Neue,Arial,Noto Sans,sans-serif;font-style: var( --e-global-typography-text-font-style );font-weight: var( --e-global-typography-text-font-weight );letter-spacing: var( --e-global-typography-text-letter-spacing );text-transform: var( --e-global-typography-text-text-transform )\">\u00a0<\/span><\/p><p><span style=\"background-color: transparent;color: var( --e-global-color-text );text-align: var(--text-align);font-family: var( --e-global-typography-text-font-family ), -apple-system,BlinkMacSystemFont,Segoe UI,Roboto,Helvetica Neue,Arial,Noto Sans,sans-serif;font-style: var( --e-global-typography-text-font-style );font-weight: var( --e-global-typography-text-font-weight );letter-spacing: var( --e-global-typography-text-letter-spacing );text-transform: var( --e-global-typography-text-text-transform )\">De plus, notre \u00e9tat psychique et nos intestins sont li\u00e9s, un \u00e9change permanent existe entre ces deux organes via l&rsquo;axe intestin-cerveau. Le <strong>stress chronique<\/strong> pourrait dont aussi favoriser le d\u00e9veloppement de la maladie de Crohn.\u00a0<\/span><\/p><\/div><\/div><p>On attribuait autrefois cette affection aux maladies auto-immunes mais les travaux de recherche actuels ont permis de red\u00e9finir cette attribution. Depuis, on parle d&rsquo;une maladie li\u00e9e \u00e0 l&rsquo;immunit\u00e9, car la r\u00e9action de notre syst\u00e8me de d\u00e9fense n&rsquo;est pas d\u00e9clench\u00e9e par l&rsquo;organisme lui-m\u00eame. Une <strong>muqueuse intestinale alt\u00e9r\u00e9e<\/strong> est en partie responsable de ce ph\u00e9nom\u00e8ne car des <strong>substances \u00e9trang\u00e8res<\/strong> ou nocives franchissent cette barri\u00e8re naturelle provoquant alors une <strong>r\u00e9action inflammatoire dans le tube digestif<\/strong>.\u00a0<\/p><\/div><\/div><\/div><\/div>\t\t\t\t\t\t\t\t<\/div>\n\t\t\t\t<\/div>\n\t\t\t\t\t<\/div>\n\t\t\t\t<\/div>\n\t\t<div class=\"elementor-element elementor-element-c569126 obcs none e-flex e-con-boxed e-con e-parent\" data-id=\"c569126\" data-element_type=\"container\">\n\t\t\t\t\t<div class=\"e-con-inner\">\n\t\t\t\t<div class=\"elementor-element elementor-element-7f568dd elementor-widget elementor-widget-image\" data-id=\"7f568dd\" data-element_type=\"widget\" data-widget_type=\"image.default\">\n\t\t\t\t<div class=\"elementor-widget-container\">\n\t\t\t\t\t\t\t\t\t\t\t\t\t\t\t<img fetchpriority=\"high\" decoding=\"async\" width=\"800\" height=\"461\" src=\"https:\/\/www.omni-biotic.com\/fr-fr\/wp-content\/uploads\/sites\/4\/2023\/11\/maladie_crohn_symptomes-1024x590.png\" class=\"attachment-large size-large wp-image-21894\" alt=\"La maladie de Crohn : c&#039;ets quoi ? Sympy\u00f4mes et diagnostic\" srcset=\"https:\/\/www.omni-biotic.com\/fr-fr\/wp-content\/uploads\/sites\/4\/2023\/11\/maladie_crohn_symptomes-1024x590.png 1024w, https:\/\/www.omni-biotic.com\/fr-fr\/wp-content\/uploads\/sites\/4\/2023\/11\/maladie_crohn_symptomes-300x173.png 300w, https:\/\/www.omni-biotic.com\/fr-fr\/wp-content\/uploads\/sites\/4\/2023\/11\/maladie_crohn_symptomes-768x442.png 768w, https:\/\/www.omni-biotic.com\/fr-fr\/wp-content\/uploads\/sites\/4\/2023\/11\/maladie_crohn_symptomes.png 1200w\" sizes=\"(max-width: 800px) 100vw, 800px\" title=\"\">\t\t\t\t\t\t\t\t\t\t\t\t\t\t\t<\/div>\n\t\t\t\t<\/div>\n\t\t\t\t<div class=\"elementor-element elementor-element-99cbe04 elementor-widget elementor-widget-heading\" data-id=\"99cbe04\" data-element_type=\"widget\" data-widget_type=\"heading.default\">\n\t\t\t\t<div class=\"elementor-widget-container\">\n\t\t\t\t\t<h2 class=\"elementor-heading-title elementor-size-default\">Les sympt\u00f4mes de la maladie de Crohn<\/h2>\t\t\t\t<\/div>\n\t\t\t\t<\/div>\n\t\t\t\t<div class=\"elementor-element elementor-element-66554bc elementor-widget elementor-widget-heading\" data-id=\"66554bc\" data-element_type=\"widget\" data-widget_type=\"heading.default\">\n\t\t\t\t<div class=\"elementor-widget-container\">\n\t\t\t\t\t<h3 class=\"elementor-heading-title elementor-size-default\">Les complications associ\u00e9es \u00e0 la maladie de Crohn<\/h3>\t\t\t\t<\/div>\n\t\t\t\t<\/div>\n\t\t\t\t<div class=\"elementor-element elementor-element-5156216 elementor-widget elementor-widget-text-editor\" data-id=\"5156216\" data-element_type=\"widget\" data-widget_type=\"text-editor.default\">\n\t\t\t\t<div class=\"elementor-widget-container\">\n\t\t\t\t\t\t\t\t\t<div><div><div><div><div><div><p>La maladies inflammatoires chroniques de l&rsquo;intestin pr\u00e9sentent des sympt\u00f4mes et caract\u00e9ristiques similaires :\u00a0<\/p><ul><li>des \u00e9pisodes de diarrh\u00e9e,\u00a0<\/li><li>de fortes douleurs abdominales,\u00a0<\/li><li>des maladies qui \u00e9voluent par pouss\u00e9es.\u00a0<\/li><\/ul><p>\u00a0<\/p><p>Les sympt\u00f4mes de la maladie de Crohn se d\u00e9clarent g\u00e9n\u00e9ralement de mani\u00e8re insidieuse. Ils sont diff\u00e9rents d&rsquo;une personne \u00e0 l&rsquo;autre et <strong>d\u00e9pendent entre autres de la partie de l&rsquo;appareil digestif o\u00f9 l&rsquo;inflammation<\/strong> pr\u00e9domine. Les \u00e9pisodes de diarrh\u00e9e peuvent durer plusieurs semaines et lorsque la maladie affecte le c\u00f4lon, on peut observer <strong>la pr\u00e9sence de sang dans les selles<\/strong>. Les pouss\u00e9es peuvent entra\u00eener de la<strong> fatigue<\/strong> et une <strong>perte d&rsquo;app\u00e9tit<\/strong> provoquant \u00e9ventuellement une <strong>perte de poids<\/strong> ou une <strong>an\u00e9mie<\/strong> (une carence en fer). Lorsque c&rsquo;est l\u2019\u0153sophage qui est touch\u00e9 ou le d\u00e9but de l&rsquo;intestin gr\u00eale, la personne ressent des br\u00fblures d&rsquo;estomac ou des remont\u00e9es acides.\u00a0\u00a0<\/p><p>Contrairement \u00e0 la colite ulc\u00e9reuse, pour laquelle \u00ab seules \u00bb les couches superficielles de la muqueuse sont enflamm\u00e9es, le <strong>processus inflammatoire<\/strong> de la maladie de Crohn s&rsquo;\u00e9tend \u00e9galement <strong>aux couches plus profondes de la paroi intestinale<\/strong>.\u00a0<\/p><p>Il est important de traiter l&rsquo;inflammation aigu\u00eb car <strong>des complications potentiellement graves peuvent survenir<\/strong>, telles qu\u2019une colite aigu\u00eb grave, des st\u00e9noses de l\u2019intestin, un ulc\u00e8re intestinal, des carences en nutriments (notamment en fer et en vitamine B12), un r\u00e9tr\u00e9cissement de l\u2019intestin pouvant mener \u00e0 une occlusion intestinale, des fistules, une perforation intestinale, une infection bact\u00e9rienne, un cancer du c\u00f4lon, etc. Ces complications peuvent n\u00e9cessiter une hospitalisation et demander un traitement chirurgical.<\/p><p>La maladie de Crohn peut \u00e9galement <strong>s&rsquo;accompagner de signes extra-digestifs<\/strong> : une inflammation oculaire, de douleurs et inflammations articulaires, de maladies de la peau, etc.<\/p><\/div><\/div><\/div><\/div><\/div><\/div>\t\t\t\t\t\t\t\t<\/div>\n\t\t\t\t<\/div>\n\t\t\t\t<div class=\"elementor-element elementor-element-8b68208 elementor-widget elementor-widget-image\" data-id=\"8b68208\" data-element_type=\"widget\" data-widget_type=\"image.default\">\n\t\t\t\t<div class=\"elementor-widget-container\">\n\t\t\t\t\t\t\t\t\t\t\t\t\t\t\t<img decoding=\"async\" width=\"800\" height=\"498\" src=\"https:\/\/www.omni-biotic.com\/fr-fr\/wp-content\/uploads\/sites\/4\/2023\/11\/maladie_Crohn_inflammation_intestin-1024x637.png\" class=\"attachment-large size-large wp-image-21895\" alt=\"Maladie de Crohn et probiotiques\" srcset=\"https:\/\/www.omni-biotic.com\/fr-fr\/wp-content\/uploads\/sites\/4\/2023\/11\/maladie_Crohn_inflammation_intestin-1024x637.png 1024w, https:\/\/www.omni-biotic.com\/fr-fr\/wp-content\/uploads\/sites\/4\/2023\/11\/maladie_Crohn_inflammation_intestin-300x187.png 300w, https:\/\/www.omni-biotic.com\/fr-fr\/wp-content\/uploads\/sites\/4\/2023\/11\/maladie_Crohn_inflammation_intestin-768x478.png 768w, https:\/\/www.omni-biotic.com\/fr-fr\/wp-content\/uploads\/sites\/4\/2023\/11\/maladie_Crohn_inflammation_intestin.png 1200w\" sizes=\"(max-width: 800px) 100vw, 800px\" title=\"\">\t\t\t\t\t\t\t\t\t\t\t\t\t\t\t<\/div>\n\t\t\t\t<\/div>\n\t\t\t\t<div class=\"elementor-element elementor-element-38f6e7c elementor-widget elementor-widget-heading\" data-id=\"38f6e7c\" data-element_type=\"widget\" data-widget_type=\"heading.default\">\n\t\t\t\t<div class=\"elementor-widget-container\">\n\t\t\t\t\t<h2 class=\"elementor-heading-title elementor-size-default\">Traitements et conseils en cas de maladie de Crohn<\/h2>\t\t\t\t<\/div>\n\t\t\t\t<\/div>\n\t\t\t\t<div class=\"elementor-element elementor-element-9dd66c5 elementor-widget elementor-widget-text-editor\" data-id=\"9dd66c5\" data-element_type=\"widget\" data-widget_type=\"text-editor.default\">\n\t\t\t\t<div class=\"elementor-widget-container\">\n\t\t\t\t\t\t\t\t\t<p>Il existe des<strong> traitements m\u00e9dicamenteux cibl\u00e9s<\/strong> tels que la corticoth\u00e9rapie, les immunosuppresseurs, les bioth\u00e9rapies (des anticorps monoclonaux comme les anti-TNF). Ces traitements sont prescrits par des sp\u00e9cialistes \u00e0 la suite de <strong>diff\u00e9rents examens<\/strong>. D\u2019autres<strong> mesures pour accompagner<\/strong> un traitement m\u00e9dicamenteux peuvent jouer un r\u00f4le non n\u00e9gligeable pour participer \u00e0 l\u2019endiguement des ph\u00e9nom\u00e8nes inflammatoires.<\/p><p><strong>L&rsquo;alimentation<\/strong> peut constituer un \u00e9l\u00e9ment important, elle doit \u00eatre adapt\u00e9e en fonction de la phase de la maladie et du profil du patient. Lors des <strong>p\u00e9riodes sans sympt\u00f4mes<\/strong> (les phases de r\u00e9mission), une alimentation <strong>\u00e9quilibr\u00e9e, l\u00e9g\u00e8re et riche en fibres<\/strong> ainsi que l&rsquo;apport cibl\u00e9 de <a href=\"https:\/\/www.omni-biotic.com\/fr-fr\/sante-intestin\/intestin-centre-bien-etre\/probiotiques\/\"><strong>bact\u00e9ries intestinales probiotiques<\/strong><\/a> ont des effets positifs sur l&rsquo;intestin et peuvent retarder la prochaine pouss\u00e9e. Pendant <strong>les pouss\u00e9es<\/strong>, il faut <strong>\u00e9viter les aliments riches en fibres<\/strong> et ceux qui provoquent des ballonnements. Chez de nombreux patients, des intol\u00e9rances alimentaires ou une carence en nutriments sont susceptibles d&rsquo;appara\u00eetre et sont g\u00e9n\u00e9ralement temporaires.\u00a0<\/p><p>Lors des phases aigu\u00ebs, l&rsquo;organisme peine \u00e0 absorber suffisamment de <strong>vitamines, min\u00e9raux et oligo\u00e9l\u00e9ments<\/strong> \u00e0 cause des \u00e9pisodes de diarrh\u00e9e prolong\u00e9s et de l&rsquo;inflammation de la paroi intestinale. De plus, cette inflammation favorise l&rsquo;entr\u00e9e de substances \u00e9trang\u00e8res dans le corps. C&rsquo;est pourquoi il est importun <strong>d&rsquo;agir sur l&rsquo;intestin<\/strong> en le soulageant et de veiller \u00e0 un apport suffisant en \u00e9lectrolytes (des min\u00e9raux) et en substances vitales.\u00a0<\/p><p>La relaxation et l&rsquo;exercice physique sont d&rsquo;autres moyens pour maintenir une certaine qualit\u00e9 de vie en cas de maladie de Crohn. De r\u00e9cents travaux de recherche ont montr\u00e9 que les <strong>\u00e9changes entre l&rsquo;intestin et le cerveau sont intenses<\/strong>. Les informations g\u00e9n\u00e9r\u00e9es par l&rsquo;intestin sont transmises au cerveau via des voies nerveuses (<a href=\"https:\/\/www.omni-biotic.com\/fr-fr\/sante-intestin\/intestin-centre-bien-etre\/axe-intestin-cerveau\/\"><strong>l&rsquo;axe intestin-cerveau<\/strong><\/a>). Certes, nous n&rsquo;avons pas d&rsquo;influence consciente sur la communication mais nous pouvons l&rsquo;orienter car le fait qu\u2019elle soit \u00ab positive \u00bb ou \u00ab n\u00e9gative \u00bb d\u00e9pend de<strong> la nature et de la composition de notre microbiote intestinal<\/strong>. L&rsquo;intestin r\u00e9agit au stress et aux \u00e9motions n\u00e9gatives (col\u00e8re, irritation, etc.) et ce n&rsquo;est pas sans cons\u00e9quences sur notre organisme puisque cela impacte le syst\u00e8me immunitaire, favorise la r\u00e9action inflammatoire et\u00a0 influence en partie l\u2019apparition ou l\u2019\u00e9volution de certaines maladies. Pour les personnes souffrant de maladie de Crohn, il est recommand\u00e9 d\u2019int\u00e9grer des exercices de relaxation et une activit\u00e9 physique mod\u00e9r\u00e9e dans leur routine. Ces habitudes participent \u00e0 la <strong>r\u00e9duction du stress<\/strong> et <strong>peuvent influencer positivement l\u2019\u00e9volution de la maladie<\/strong>.<\/p>\t\t\t\t\t\t\t\t<\/div>\n\t\t\t\t<\/div>\n\t\t\t\t<div class=\"elementor-element elementor-element-7463e1d elementor-widget elementor-widget-heading\" data-id=\"7463e1d\" data-element_type=\"widget\" data-widget_type=\"heading.default\">\n\t\t\t\t<div class=\"elementor-widget-container\">\n\t\t\t\t\t<h2 class=\"elementor-heading-title elementor-size-default\">Maladie de Crohn et microbiote intestinal<\/h2>\t\t\t\t<\/div>\n\t\t\t\t<\/div>\n\t\t\t\t<div class=\"elementor-element elementor-element-72db7ab elementor-widget elementor-widget-text-editor\" data-id=\"72db7ab\" data-element_type=\"widget\" data-widget_type=\"text-editor.default\">\n\t\t\t\t<div class=\"elementor-widget-container\">\n\t\t\t\t\t\t\t\t\t<p>Plusieurs \u00e9tudes scientifiques ont montr\u00e9 que les patients atteints de la maladie de Crohn pr\u00e9sentaient <a href=\"https:\/\/www.omni-biotic.com\/fr-fr\/sante-intestin\/intestin-centre-bien-etre\/microbiote-intestinal\/\"><strong>une flore intestinale<\/strong><\/a> d\u00e9s\u00e9quilibr\u00e9e d\u00e8s le d\u00e9but de la maladie. Ce <strong>d\u00e9s\u00e9quilibre<\/strong> de la composition bact\u00e9rienne provoque une <strong>alt\u00e9ration de la muqueuse intestinale<\/strong>, barri\u00e8re naturelle qui prot\u00e8ge notre organisme, ce qui favorise l&rsquo;apparition de maladies chroniques de l&rsquo;intestin.\u00a0<\/p><p>De plus, une baisse de la quantit\u00e9 de bonnes souches bact\u00e9riennes entra\u00eene <strong>une diminution de la production d&rsquo;acides gras \u00e0 cha\u00eene courte<\/strong>, car ces derniers sont produits dans l&rsquo;intestin gr\u00e2ce \u00e0 la fermentation des fibres par les bact\u00e9ries. Les acides gras \u00e0 cha\u00eene courte (l\u2019ac\u00e9tate, le butyrate et le propionate) sont essentiels pour la <strong>production d&rsquo;\u00e9nergie<\/strong>, le <strong>renforcement de la barri\u00e8re intestinale<\/strong> et la communication entre l\u2019intestin et le cerveau. Il a \u00e9t\u00e9 prouv\u00e9 que les patients atteints de la maladie de Crohn pr\u00e9sentent moins de certaines souches bact\u00e9riennes li\u00e9es \u00e0 la production d&rsquo;<strong>acide butyrique<\/strong>. Ce dernier est en partie responsable de la protection contre l&rsquo;inflammation.\u00a0 Ces exemples illustrent l&rsquo;importance du microbiome intestinal, notamment en ce qui concerne <a href=\"https:\/\/www.omni-biotic.com\/fr-fr\/sante-intestin\/intestin-organe-influent\/systeme-immunitaire\/\"><strong>le syst\u00e8me immunitaire<\/strong><\/a>. Les m\u00e9dicaments, le stress et une mauvaise alimentation favorisent le d\u00e9s\u00e9quilibre de la flore intestinale, c&rsquo;est pourquoi ces facteurs ont aussi une influence importante sur l&rsquo;\u00e9volution de la maladie.<\/p><p>Des centaines de souches bact\u00e9riennes diff\u00e9rentes peuplent nos intestins. Cette <strong>diversit\u00e9 est primordiale<\/strong> car elles assument des <strong>t\u00e2ches diff\u00e9rentes<\/strong> et ont des propri\u00e9t\u00e9s qui leur sont propres. Quelques fonctions de nos ch\u00e8res <strong><a href=\"https:\/\/www.omni-biotic.com\/fr-fr\/sante-intestin\/intestin-centre-bien-etre\/bacteries-intestinales\/\">bact\u00e9ries intestinales<\/a><\/strong> :\u00a0<\/p><ul><li>prot\u00e9ger l&rsquo;organisme des germes pathog\u00e8nes,\u00a0<\/li><li>renforcer la barri\u00e8re intestinale et le syst\u00e8me immunitaire,\u00a0<\/li><li>soutenir l&rsquo;intestin pour pr\u00e9venir les troubles digestifs,\u00a0<\/li><li>participer aux processus de digestion,\u00a0<\/li><li>produire certaines vitamines et enzymes.\u00a0<\/li><\/ul>\t\t\t\t\t\t\t\t<\/div>\n\t\t\t\t<\/div>\n\t\t\t\t\t<\/div>\n\t\t\t\t<\/div>\n\t\t<div class=\"elementor-element elementor-element-d919d52 obcs none e-flex e-con-boxed e-con e-parent\" data-id=\"d919d52\" data-element_type=\"container\">\n\t\t\t\t\t<div class=\"e-con-inner\">\n\t\t\t\t<div class=\"elementor-element elementor-element-ed5177c elementor-widget elementor-widget-li-widgets--author-quote\" data-id=\"ed5177c\" data-element_type=\"widget\" data-widget_type=\"li-widgets--author-quote.default\">\n\t\t\t\t<div class=\"elementor-widget-container\">\n\t\t\t\t\t<div class=\"li-widgets--author-quote blue\">\n            <div class=\"li-widgets--author-quote__image--wrapper\">\n            <div class=\"li-widgets--author-quote__image\">\n                <img decoding=\"async\" width=\"204\" height=\"300\" src=\"https:\/\/www.omni-biotic.com\/fr-fr\/wp-content\/uploads\/sites\/4\/2023\/11\/katrin_griebler-204x300.png\" class=\"attachment-medium size-medium\" alt=\"Maladie de Crohn\" srcset=\"https:\/\/www.omni-biotic.com\/fr-fr\/wp-content\/uploads\/sites\/4\/2023\/11\/katrin_griebler-204x300.png 204w, https:\/\/www.omni-biotic.com\/fr-fr\/wp-content\/uploads\/sites\/4\/2023\/11\/katrin_griebler.png 675w\" sizes=\"(max-width: 204px) 100vw, 204px\" title=\"\">            <\/div>\n        <\/div>\n        <div class=\"li-widgets--author-quote__content\">\n        <div class=\"li-widgets--author-quote__author\">\n                                <\/div>\n        <div class=\"li-widgets--author-quote__text\">\n            Je m'appelle Griebler Katrin. Ma passion et ma vocation sont de soutenir les gens dans leur bien-\u00eatre. En tant que pr\u00e9paratrice en pharmacie, conseill\u00e8re en sant\u00e9 intestinale et formatrice en relaxation et m\u00e9ditation de pleine conscience, il est important pour moi, de faire (re)d\u00e9couvrir aux gens leur bien le plus pr\u00e9cieux : leur sant\u00e9 physique, mentale et spirituelle !        <\/div>\n            <\/div>\n    <\/div>\n\t\t\t\t<\/div>\n\t\t\t\t<\/div>\n\t\t\t\t\t<\/div>\n\t\t\t\t<\/div>\n\t\t\t\t<\/div>\n\t\t","protected":false},"excerpt":{"rendered":"<p>La maladie de Crohn : bien plus qu&rsquo;une simple diarrh\u00e9e ! La maladie de Crohn fait partie des maladies inflammatoires chroniques de l&rsquo;intestin, lesquelles provoquent des inflammations dans certaines parties de l&rsquo;appareil digestif. La maladie se manifeste par p\u00e9riodes et dans le cas de la maldie de Crohn, elle peut toucher l&rsquo;ensemble du tractus gastro-intestinal [&hellip;]<\/p>\n","protected":false},"author":14,"featured_media":21894,"comment_status":"closed","ping_status":"closed","sticky":false,"template":"","format":"standard","meta":{"_acf_changed":false,"inline_featured_image":false,"footnotes":""},"categories":[109],"tags":[],"class_list":["post-21891","post","type-post","status-publish","format-standard","has-post-thumbnail","hentry","category-troubles-conseils"],"acf":[],"rank_math":{"og:title":"La maladie de Crohn - OMNi-BiOTiC\u00ae - Science et qualit\u00e9","og:desc":"La maladie de Crohn est une maladie inflammatoire chronique de l'intestin. Quels en sont les sympt\u00f4mes ? Que faire en cas de maladie de Crohn ?\u00a0","og:url":"https:\/\/www.omni-biotic.com\/fr-fr\/blog\/maladie-de-crohn\/","og:locale":"fr_FR","og:image":"https:\/\/www.omni-biotic.com\/fr-fr\/wp-content\/uploads\/sites\/4\/2023\/11\/maladie_crohn_symptomes.png","og:image:width":"1200","og:image:height":"691"},"additional_data":{"thumbnail":"https:\/\/www.omni-biotic.com\/fr-fr\/wp-content\/uploads\/sites\/4\/2023\/11\/maladie_crohn_symptomes.png"},"blog_info":{"country":"fr-fr"},"_links":{"self":[{"href":"https:\/\/www.omni-biotic.com\/fr-fr\/wp-json\/wp\/v2\/posts\/21891","targetHints":{"allow":["GET"]}}],"collection":[{"href":"https:\/\/www.omni-biotic.com\/fr-fr\/wp-json\/wp\/v2\/posts"}],"about":[{"href":"https:\/\/www.omni-biotic.com\/fr-fr\/wp-json\/wp\/v2\/types\/post"}],"author":[{"embeddable":true,"href":"https:\/\/www.omni-biotic.com\/fr-fr\/wp-json\/wp\/v2\/users\/14"}],"replies":[{"embeddable":true,"href":"https:\/\/www.omni-biotic.com\/fr-fr\/wp-json\/wp\/v2\/comments?post=21891"}],"version-history":[{"count":7,"href":"https:\/\/www.omni-biotic.com\/fr-fr\/wp-json\/wp\/v2\/posts\/21891\/revisions"}],"predecessor-version":[{"id":24108,"href":"https:\/\/www.omni-biotic.com\/fr-fr\/wp-json\/wp\/v2\/posts\/21891\/revisions\/24108"}],"wp:featuredmedia":[{"embeddable":true,"href":"https:\/\/www.omni-biotic.com\/fr-fr\/wp-json\/wp\/v2\/media\/21894"}],"wp:attachment":[{"href":"https:\/\/www.omni-biotic.com\/fr-fr\/wp-json\/wp\/v2\/media?parent=21891"}],"wp:term":[{"taxonomy":"category","embeddable":true,"href":"https:\/\/www.omni-biotic.com\/fr-fr\/wp-json\/wp\/v2\/categories?post=21891"},{"taxonomy":"post_tag","embeddable":true,"href":"https:\/\/www.omni-biotic.com\/fr-fr\/wp-json\/wp\/v2\/tags?post=21891"}],"curies":[{"name":"wp","href":"https:\/\/api.w.org\/{rel}","templated":true}]}}