{"id":22560,"date":"2023-12-20T10:47:58Z","date_gmt":"2023-12-20T09:47:58Z","guid":{"rendered":"https:\/\/www.omni-biotic.com\/fr-fr\/?p=22560"},"modified":"2026-04-02T13:32:42Z","modified_gmt":"2026-04-02T11:32:42Z","slug":"grandir-a-la-ferme-immunite","status":"publish","type":"post","link":"https:\/\/www.omni-biotic.com\/fr-fr\/blog\/grandir-a-la-ferme-immunite\/","title":{"rendered":"Grandir \u00e0 la ferme : les enfants d\u00e9velopperaient moins souvent d&rsquo;allergies et d&rsquo;asthme"},"content":{"rendered":"\t\t<div data-elementor-type=\"wp-post\" data-elementor-id=\"22560\" class=\"elementor elementor-22560\" data-elementor-post-type=\"post\">\n\t\t\t\t<div class=\"elementor-element elementor-element-313863c obcs none e-flex e-con-boxed e-con e-parent\" data-id=\"313863c\" data-element_type=\"container\">\n\t\t\t\t\t<div class=\"e-con-inner\">\n\t\t\t\t<div class=\"elementor-element elementor-element-ebf4694 elementor-widget elementor-widget-text-editor\" data-id=\"ebf4694\" data-element_type=\"widget\" data-widget_type=\"text-editor.default\">\n\t\t\t\t<div class=\"elementor-widget-container\">\n\t\t\t\t\t\t\t\t\t<p><em>Vous avez envie de retourner vivre \u00e0 la campagne, de respirer l&rsquo;air frais et d&rsquo;\u00eatre au contact des animaux ? Grandir \u00e0 la ferme et respirer l&rsquo;air des \u00e9tables seraient b\u00e9n\u00e9fiques pour les enfants, une raison de plus pour s&rsquo;installer au c\u0153ur de la nature\u00a0!\u00a0<\/em><\/p>\t\t\t\t\t\t\t\t<\/div>\n\t\t\t\t<\/div>\n\t\t\t\t<div class=\"elementor-element elementor-element-ed7263c elementor-widget__width-initial elementor-widget elementor-widget-text-editor\" data-id=\"ed7263c\" data-element_type=\"widget\" data-widget_type=\"text-editor.default\">\n\t\t\t\t<div class=\"elementor-widget-container\">\n\t\t\t\t\t\t\t\t\t<p>Des chercheurs finlandais ont d\u00e9couvert que certaines bact\u00e9ries pr\u00e9sentes dans les poussi\u00e8res de ferme et des habitations proches contribuent \u00e0 la <strong>formation d&rsquo;une tol\u00e9rance immunologique chez les enfants<\/strong>. Cette d\u00e9couverte est significative dans le contexte actuel car le nombre d&rsquo;enfants et d&rsquo;adultes souffrant d&rsquo;<a href=\"https:\/\/www.omni-biotic.com\/fr-fr\/troubles-digestifs\/allergies\/\"><strong>une allergie<\/strong><\/a> a fortement augment\u00e9 ces derni\u00e8res d\u00e9cennies. De nombreux sp\u00e9cialistes \u00e9voquent notamment l&rsquo;hygi\u00e8ne trop importante de nos modes de vie.<\/p>\t\t\t\t\t\t\t\t<\/div>\n\t\t\t\t<\/div>\n\t\t\t\t\t<\/div>\n\t\t\t\t<\/div>\n\t\t<div class=\"elementor-element elementor-element-ac6d32a obcs none e-flex e-con-boxed e-con e-parent\" data-id=\"ac6d32a\" data-element_type=\"container\">\n\t\t\t\t\t<div class=\"e-con-inner\">\n\t\t\t\t<div class=\"elementor-element elementor-element-5c0880d elementor-widget elementor-widget-image\" data-id=\"5c0880d\" data-element_type=\"widget\" data-widget_type=\"image.default\">\n\t\t\t\t<div class=\"elementor-widget-container\">\n\t\t\t\t\t\t\t\t\t\t\t\t\t\t\t<img fetchpriority=\"high\" decoding=\"async\" width=\"800\" height=\"549\" src=\"https:\/\/www.omni-biotic.com\/fr-fr\/wp-content\/uploads\/sites\/4\/2023\/12\/ferme_bacterie_immunite-1024x703.png\" class=\"attachment-large size-large wp-image-22570\" alt=\"Grandir \u00e0 la ferme : des bienfaits pour le syst\u00e8me immunitaire , moins d&#039;allergies et d&#039;asthme\" srcset=\"https:\/\/www.omni-biotic.com\/fr-fr\/wp-content\/uploads\/sites\/4\/2023\/12\/ferme_bacterie_immunite-1024x703.png 1024w, https:\/\/www.omni-biotic.com\/fr-fr\/wp-content\/uploads\/sites\/4\/2023\/12\/ferme_bacterie_immunite-300x206.png 300w, https:\/\/www.omni-biotic.com\/fr-fr\/wp-content\/uploads\/sites\/4\/2023\/12\/ferme_bacterie_immunite-768x527.png 768w, https:\/\/www.omni-biotic.com\/fr-fr\/wp-content\/uploads\/sites\/4\/2023\/12\/ferme_bacterie_immunite.png 1200w\" sizes=\"(max-width: 800px) 100vw, 800px\" title=\"\">\t\t\t\t\t\t\t\t\t\t\t\t\t\t\t<\/div>\n\t\t\t\t<\/div>\n\t\t\t\t<div class=\"elementor-element elementor-element-f8d0e68 elementor-widget elementor-widget-heading\" data-id=\"f8d0e68\" data-element_type=\"widget\" data-widget_type=\"heading.default\">\n\t\t\t\t<div class=\"elementor-widget-container\">\n\t\t\t\t\t<h2 class=\"elementor-heading-title elementor-size-default\">Grandir \u00e0 la ferme : un avantage pour le syst\u00e8me immunitaire <\/h2>\t\t\t\t<\/div>\n\t\t\t\t<\/div>\n\t\t\t\t<div class=\"elementor-element elementor-element-daa41f1 elementor-widget__width-initial elementor-widget elementor-widget-text-editor\" data-id=\"daa41f1\" data-element_type=\"widget\" data-widget_type=\"text-editor.default\">\n\t\t\t\t<div class=\"elementor-widget-container\">\n\t\t\t\t\t\t\t\t\t<p>Les chercheurs de l&rsquo;Institut national finlandais de la sant\u00e9 et du bien-\u00eatre de Kupio <strong>ont analys\u00e9 le r\u00f4le jou\u00e9 par chaque type de bact\u00e9rie<\/strong>\u00a0pr\u00e9sent dans la poussi\u00e8re domestique et ils se sont pench\u00e9s sur l&rsquo;\u00e2ge auquel les enfants devraient rentr\u00e9s en contact avec ces micro-organismes. Ainsi, ils ont mis en \u00e9vidence les bact\u00e9ries qui avaient des effets b\u00e9n\u00e9fiques sur le syst\u00e8me immunitaire des enfants.\u00a0<\/p><p>Lors de cette \u00e9tude, ils ont analys\u00e9 la composition de la poussi\u00e8re domestique dans les principales pi\u00e8ces de vie chez plus de 400 familles avec des enfants en bas \u00e2ge (l&rsquo;\u00e2ge moyen \u00e9tait autour de deux mois). Ce n&rsquo;est pas un hasard que les nourrissons soient au centre de cette recherche car les premi\u00e8res semaines de la vie sont consid\u00e9r\u00e9es comme <strong>une phase particuli\u00e8rement importante pour la formation du syst\u00e8me immunitaire<\/strong>. Les chercheurs partent du principe que les premiers mois sont fondamentaux puisqu&rsquo;ils influent sur le <strong>d\u00e9veloppement ou non d&rsquo;une allergie<\/strong> plus tard.\u00a0<\/p><p>La r\u00e9action allergique est une r\u00e9ponse inadapt\u00e9e du <a href=\"https:\/\/www.omni-biotic.com\/fr-fr\/sante-intestin\/intestin-organe-influent\/systeme-immunitaire\/\"><strong>syst\u00e8me immunitaire<\/strong><\/a> en pr\u00e9sence d&rsquo;une substance normalement inoffensive : un allerg\u00e8ne. Ces allerg\u00e8nes sont pr\u00e9sents dans <strong>l&rsquo;alimentation, l&rsquo;environnement et nos habitations<\/strong>. Parmi les plus fr\u00e9quents on trouve : les acariens, les pollens, les poils d\u2019animaux, les moisissures, le lait de vache, les fruits \u00e0 coque, les fruits de mer, etc.<\/p>\t\t\t\t\t\t\t\t<\/div>\n\t\t\t\t<\/div>\n\t\t\t\t\t<\/div>\n\t\t\t\t<\/div>\n\t\t<div class=\"elementor-element elementor-element-40419e9 obcs none e-flex e-con-boxed e-con e-parent\" data-id=\"40419e9\" data-element_type=\"container\">\n\t\t\t\t\t<div class=\"e-con-inner\">\n\t\t\t\t<div class=\"elementor-element elementor-element-51d0538 elementor-widget elementor-widget-button\" data-id=\"51d0538\" data-element_type=\"widget\" data-widget_type=\"button.default\">\n\t\t\t\t<div class=\"elementor-widget-container\">\n\t\t\t\t\t\t\t\t\t<div class=\"elementor-button-wrapper\">\n\t\t\t\t\t<a class=\"elementor-button elementor-button-link elementor-size-md\" href=\"https:\/\/www.omni-biotic.com\/fr-fr\/blog\/le-systeme-immunitaire-et-le-microbiote-des-nourrissons\/\">\n\t\t\t\t\t\t<span class=\"elementor-button-content-wrapper\">\n\t\t\t\t\t\t\t\t\t<span class=\"elementor-button-text\">En savoir plus sur le microbiome des nourrissons<\/span>\n\t\t\t\t\t<\/span>\n\t\t\t\t\t<\/a>\n\t\t\t\t<\/div>\n\t\t\t\t\t\t\t\t<\/div>\n\t\t\t\t<\/div>\n\t\t\t\t\t<\/div>\n\t\t\t\t<\/div>\n\t\t<div class=\"elementor-element elementor-element-5198bcc obcs none e-flex e-con-boxed e-con e-parent\" data-id=\"5198bcc\" data-element_type=\"container\">\n\t\t\t\t\t<div class=\"e-con-inner\">\n\t\t\t\t<div class=\"elementor-element elementor-element-4811088 elementor-widget elementor-widget-heading\" data-id=\"4811088\" data-element_type=\"widget\" data-widget_type=\"heading.default\">\n\t\t\t\t<div class=\"elementor-widget-container\">\n\t\t\t\t\t<h2 class=\"elementor-heading-title elementor-size-default\">Grandir \u00e0 la ferme : pr\u00e9sence de bact\u00e9ries vari\u00e9es et b\u00e9n\u00e9fiques <\/h2>\t\t\t\t<\/div>\n\t\t\t\t<\/div>\n\t\t\t\t<div class=\"elementor-element elementor-element-50b65a8 elementor-widget elementor-widget-text-editor\" data-id=\"50b65a8\" data-element_type=\"widget\" data-widget_type=\"text-editor.default\">\n\t\t\t\t<div class=\"elementor-widget-container\">\n\t\t\t\t\t\t\t\t\t<p>L&rsquo;\u00e9quipe finlandaise de Pirkka Kirjavainen a d&rsquo;abord examin\u00e9 la poussi\u00e8re domestique dans les domiciles de familles vivant \u00e0 la ferme. Ils y ont d\u00e9couvert principalement <strong>des bact\u00e9ries qui sont \u00e9galement pr\u00e9sentes dans les \u00e9tables<\/strong>, comme les <em>Bacteroidales<\/em>, les <em>Clostridiales<\/em> et les <em>Lactobacillales<\/em> (des bact\u00e9ries lactiques). Ils ont aussi trouv\u00e9 des <em>Methanobrevibacter<\/em>, des micro-organismes qui se trouvent notamment dans la panse des vaches. En revanche, dans les \u00e9chantillons de poussi\u00e8re pr\u00e9lev\u00e9s dans les salons de quartiers r\u00e9sidentiels, les scientifiques ont surtout trouv\u00e9 des staphylocoques et des streptocoques.<\/p><p>Les chercheurs, qui ont r\u00e9cemment publi\u00e9 leurs r\u00e9sultats dans la revue \u00ab NATURE \u00bb, ont ajout\u00e9 qu&rsquo;ils avaient trouv\u00e9 <strong>une composition plus \u00ab\u00a0rurale\u00a0\u00bb dans des maisons plus anciennes<\/strong> situ\u00e9es en banlieue, notamment dans celles o\u00f9 l&rsquo;humidit\u00e9 \u00e9tait plus \u00e9lev\u00e9e et au sein desquelles les membres de la famille continuaient de porter leurs chaussures de ville.<\/p><p>Par ailleurs, il est int\u00e9ressant de souligner que <strong>la pr\u00e9sence de fr\u00e8res et s\u0153urs augmentait la diversit\u00e9 des bact\u00e9ries<\/strong>. En revanche, dans les maisons neuves ou r\u00e9centes et au sein de famille avec un seul enfant, il y avait une diminution de la diversit\u00e9 bact\u00e9rienne, entre autres moins de micro-organismes provenant de la campagne.<\/p>\t\t\t\t\t\t\t\t<\/div>\n\t\t\t\t<\/div>\n\t\t\t\t\t<\/div>\n\t\t\t\t<\/div>\n\t\t<div class=\"elementor-element elementor-element-df0d63c obcs none e-flex e-con-boxed e-con e-parent\" data-id=\"df0d63c\" data-element_type=\"container\">\n\t\t\t\t\t<div class=\"e-con-inner\">\n\t\t\t\t<div class=\"elementor-element elementor-element-af16c23 elementor-widget elementor-widget-button\" data-id=\"af16c23\" data-element_type=\"widget\" data-widget_type=\"button.default\">\n\t\t\t\t<div class=\"elementor-widget-container\">\n\t\t\t\t\t\t\t\t\t<div class=\"elementor-button-wrapper\">\n\t\t\t\t\t<a class=\"elementor-button elementor-button-link elementor-size-md\" href=\"https:\/\/www.omni-biotic.com\/fr-fr\/blog\/enfants-allergies-respiratoires\/\">\n\t\t\t\t\t\t<span class=\"elementor-button-content-wrapper\">\n\t\t\t\t\t\t\t\t\t<span class=\"elementor-button-text\">En savoir plus sur les allergies chez les enfants<\/span>\n\t\t\t\t\t<\/span>\n\t\t\t\t\t<\/a>\n\t\t\t\t<\/div>\n\t\t\t\t\t\t\t\t<\/div>\n\t\t\t\t<\/div>\n\t\t\t\t\t<\/div>\n\t\t\t\t<\/div>\n\t\t<div class=\"elementor-element elementor-element-59d25a9 obcs none e-flex e-con-boxed e-con e-parent\" data-id=\"59d25a9\" data-element_type=\"container\">\n\t\t\t\t\t<div class=\"e-con-inner\">\n\t\t\t\t<div class=\"elementor-element elementor-element-6e7c2c3 elementor-widget elementor-widget-text-editor\" data-id=\"6e7c2c3\" data-element_type=\"widget\" data-widget_type=\"text-editor.default\">\n\t\t\t\t<div class=\"elementor-widget-container\">\n\t\t\t\t\t\t\t\t\t<p>SOURCE<\/p><ol><li>https:\/\/www.n-tv.de\/wissen\/Stall-Bakterien-bringen-Allergieschutz-article21097867.html<\/li><\/ol>\t\t\t\t\t\t\t\t<\/div>\n\t\t\t\t<\/div>\n\t\t\t\t\t<\/div>\n\t\t\t\t<\/div>\n\t\t\t\t<\/div>\n\t\t","protected":false},"excerpt":{"rendered":"<p>Vous avez envie de retourner vivre \u00e0 la campagne, de respirer l&rsquo;air frais et d&rsquo;\u00eatre au contact des animaux ? Grandir \u00e0 la ferme et respirer l&rsquo;air des \u00e9tables seraient b\u00e9n\u00e9fiques pour les enfants, une raison de plus pour s&rsquo;installer au c\u0153ur de la nature\u00a0!\u00a0 Des chercheurs finlandais ont d\u00e9couvert que certaines bact\u00e9ries pr\u00e9sentes dans [&hellip;]<\/p>\n","protected":false},"author":14,"featured_media":22570,"comment_status":"closed","ping_status":"closed","sticky":false,"template":"","format":"standard","meta":{"_acf_changed":false,"inline_featured_image":false,"footnotes":""},"categories":[108,211],"tags":[],"class_list":["post-22560","post","type-post","status-publish","format-standard","has-post-thumbnail","hentry","category-actualite-de-la-recherche","category-la-sante-des-enfants"],"acf":[],"rank_math":{"og:title":"Grandir \u00e0 la ferme : moins de risques d'allergie et d'asthme","og:desc":"Grandir \u00e0 la ferme et respirer l'air des \u00e9tables seraient b\u00e9n\u00e9fiques pour les enfants ! Ils seraient moins susceptibles de d\u00e9velopper une allergie.","og:url":"https:\/\/www.omni-biotic.com\/fr-fr\/blog\/grandir-a-la-ferme-immunite\/","og:locale":"fr_FR","og:image":"https:\/\/www.omni-biotic.com\/fr-fr\/wp-content\/uploads\/sites\/4\/2023\/12\/ferme_bacterie_immunite.png","og:image:width":"1200","og:image:height":"824"},"additional_data":{"thumbnail":"https:\/\/www.omni-biotic.com\/fr-fr\/wp-content\/uploads\/sites\/4\/2023\/12\/ferme_bacterie_immunite.png"},"blog_info":{"country":"fr-fr"},"_links":{"self":[{"href":"https:\/\/www.omni-biotic.com\/fr-fr\/wp-json\/wp\/v2\/posts\/22560","targetHints":{"allow":["GET"]}}],"collection":[{"href":"https:\/\/www.omni-biotic.com\/fr-fr\/wp-json\/wp\/v2\/posts"}],"about":[{"href":"https:\/\/www.omni-biotic.com\/fr-fr\/wp-json\/wp\/v2\/types\/post"}],"author":[{"embeddable":true,"href":"https:\/\/www.omni-biotic.com\/fr-fr\/wp-json\/wp\/v2\/users\/14"}],"replies":[{"embeddable":true,"href":"https:\/\/www.omni-biotic.com\/fr-fr\/wp-json\/wp\/v2\/comments?post=22560"}],"version-history":[{"count":7,"href":"https:\/\/www.omni-biotic.com\/fr-fr\/wp-json\/wp\/v2\/posts\/22560\/revisions"}],"predecessor-version":[{"id":24088,"href":"https:\/\/www.omni-biotic.com\/fr-fr\/wp-json\/wp\/v2\/posts\/22560\/revisions\/24088"}],"wp:featuredmedia":[{"embeddable":true,"href":"https:\/\/www.omni-biotic.com\/fr-fr\/wp-json\/wp\/v2\/media\/22570"}],"wp:attachment":[{"href":"https:\/\/www.omni-biotic.com\/fr-fr\/wp-json\/wp\/v2\/media?parent=22560"}],"wp:term":[{"taxonomy":"category","embeddable":true,"href":"https:\/\/www.omni-biotic.com\/fr-fr\/wp-json\/wp\/v2\/categories?post=22560"},{"taxonomy":"post_tag","embeddable":true,"href":"https:\/\/www.omni-biotic.com\/fr-fr\/wp-json\/wp\/v2\/tags?post=22560"}],"curies":[{"name":"wp","href":"https:\/\/api.w.org\/{rel}","templated":true}]}}