{"id":22676,"date":"2024-01-02T13:58:32Z","date_gmt":"2024-01-02T12:58:32Z","guid":{"rendered":"https:\/\/www.omni-biotic.com\/fr-fr\/?p=22676"},"modified":"2024-01-02T15:30:41Z","modified_gmt":"2024-01-02T14:30:41Z","slug":"complements-alimentaires","status":"publish","type":"post","link":"https:\/\/www.omni-biotic.com\/fr-fr\/blog\/complements-alimentaires\/","title":{"rendered":"META-CARE\u00ae : compl\u00e9ments alimentaires \u00e0 base de vitamines et de min\u00e9raux"},"content":{"rendered":"\t\t<div data-elementor-type=\"wp-post\" data-elementor-id=\"22676\" class=\"elementor elementor-22676\" data-elementor-post-type=\"post\">\n\t\t\t\t<div class=\"elementor-element elementor-element-d4c840d obcs none e-flex e-con-boxed e-con e-parent\" data-id=\"d4c840d\" data-element_type=\"container\">\n\t\t\t\t\t<div class=\"e-con-inner\">\n\t\t\t\t<div class=\"elementor-element elementor-element-50d8ceb elementor-widget elementor-widget-text-editor\" data-id=\"50d8ceb\" data-element_type=\"widget\" data-widget_type=\"text-editor.default\">\n\t\t\t\t<div class=\"elementor-widget-container\">\n\t\t\t\t\t\t\t\t\t<p><em><strong>Pourquoi prendre des compl\u00e9ments alimentaires ?<\/strong> De plus en plus de personnes choisissent leurs aliments avec soin afin de veiller \u00e0 leur alimentation et \u00e0 leur sant\u00e9. Cependant, nous vivons \u00e0 une \u00e9poque \u00e9trange qui ne nous facilite pas la t\u00e2che car certaines denr\u00e9es alimentaires parcourent de longues distances pour arriver jusqu&rsquo;au consommateur. De plus, les fruits et les l\u00e9gumes sont g\u00e9n\u00e9ralement cultiv\u00e9s sous serre et r\u00e9colt\u00e9s avant d&rsquo;\u00eatre m\u00fbrs et les jeunes pousses sont plant\u00e9es dans la laine de roche plut\u00f4t que dans la terre. Dans ces conditions, il n&rsquo;est pas toujours facile, m\u00eame pour les personnes soucieuses de leur sant\u00e9, d&rsquo;avoir acc\u00e8s \u00e0 une alimentation s\u00fbre et de qualit\u00e9.\u00a0<\/em><\/p>\t\t\t\t\t\t\t\t<\/div>\n\t\t\t\t<\/div>\n\t\t\t\t<div class=\"elementor-element elementor-element-7c3d67f elementor-widget__width-initial elementor-widget elementor-widget-text-editor\" data-id=\"7c3d67f\" data-element_type=\"widget\" data-widget_type=\"text-editor.default\">\n\t\t\t\t<div class=\"elementor-widget-container\">\n\t\t\t\t\t\t\t\t\t<p>D&rsquo;autres aspects sont aussi \u00e0 prendre en consid\u00e9ration. Si vous avez par exemple <strong>un r\u00e9gime alimentaire particulier<\/strong>, il peut devenir compliquer de couvrir les besoins en vitamines, min\u00e9raux et oligo\u00e9l\u00e9ments. En outre, <strong>la diminution de la teneur en substances nutritives<\/strong> de nombreux aliments est un autre probl\u00e8me qui vient s&rsquo;ajouter aux multiples situations\u00a0 pour lesquelles les besoins en nutriments augmentent car le stress, une forte sollicitation physique ou mentale, des formes d&rsquo;alimentation sp\u00e9cifiques (v\u00e9ganisme, v\u00e9g\u00e9tarisme), mais aussi les r\u00e9gimes peuvent entra\u00eener une carence en substances nutritives.<\/p><p>Les produits de la marque META-CARE\u00ae ont \u00e9t\u00e9 d\u00e9velopp\u00e9s afin d&rsquo;offrir<strong> un apport en nutriments<\/strong> \u00e0 toutes les personnes souhaitant pr\u00e9server leur sant\u00e9 et leur vitalit\u00e9 le plus longtemps possible.<\/p>\t\t\t\t\t\t\t\t<\/div>\n\t\t\t\t<\/div>\n\t\t\t\t\t<\/div>\n\t\t\t\t<\/div>\n\t\t<div class=\"elementor-element elementor-element-cfa5151 obcs none e-flex e-con-boxed e-con e-parent\" data-id=\"cfa5151\" data-element_type=\"container\">\n\t\t\t\t\t<div class=\"e-con-inner\">\n\t\t\t\t<div class=\"elementor-element elementor-element-b466b48 elementor-widget elementor-widget-image\" data-id=\"b466b48\" data-element_type=\"widget\" data-widget_type=\"image.default\">\n\t\t\t\t<div class=\"elementor-widget-container\">\n\t\t\t\t\t\t\t\t\t\t\t\t\t\t\t<img fetchpriority=\"high\" decoding=\"async\" width=\"800\" height=\"482\" src=\"https:\/\/www.omni-biotic.com\/fr-fr\/wp-content\/uploads\/sites\/4\/2023\/12\/complements_alimentaires_naturels-1024x617.png\" class=\"attachment-large size-large wp-image-22679\" alt=\"META-CARE\u00ae : des compl\u00e9ments alimentaires \u00e0 base de vitamines et de min\u00e9raux\" srcset=\"https:\/\/www.omni-biotic.com\/fr-fr\/wp-content\/uploads\/sites\/4\/2023\/12\/complements_alimentaires_naturels-1024x617.png 1024w, https:\/\/www.omni-biotic.com\/fr-fr\/wp-content\/uploads\/sites\/4\/2023\/12\/complements_alimentaires_naturels-300x181.png 300w, https:\/\/www.omni-biotic.com\/fr-fr\/wp-content\/uploads\/sites\/4\/2023\/12\/complements_alimentaires_naturels-768x463.png 768w, https:\/\/www.omni-biotic.com\/fr-fr\/wp-content\/uploads\/sites\/4\/2023\/12\/complements_alimentaires_naturels.png 1200w\" sizes=\"(max-width: 800px) 100vw, 800px\" title=\"\">\t\t\t\t\t\t\t\t\t\t\t\t\t\t\t<\/div>\n\t\t\t\t<\/div>\n\t\t\t\t<div class=\"elementor-element elementor-element-d72f575 elementor-widget elementor-widget-heading\" data-id=\"d72f575\" data-element_type=\"widget\" data-widget_type=\"heading.default\">\n\t\t\t\t<div class=\"elementor-widget-container\">\n\t\t\t\t\t<h2 class=\"elementor-heading-title elementor-size-default\">Plus que de simples compl\u00e9ments alimentaires !<\/h2>\t\t\t\t<\/div>\n\t\t\t\t<\/div>\n\t\t\t\t<div class=\"elementor-element elementor-element-703d2e2 elementor-widget__width-initial elementor-widget elementor-widget-text-editor\" data-id=\"703d2e2\" data-element_type=\"widget\" data-widget_type=\"text-editor.default\">\n\t\t\t\t<div class=\"elementor-widget-container\">\n\t\t\t\t\t\t\t\t\t<p>Comme tous les produits \u00e9labor\u00e9s par <strong><a href=\"https:\/\/www.omni-biotic.com\/fr-fr\/a-propos-de-nous\/institut-allergosan\/\">l&rsquo;Institut AllergoSan<\/a><\/strong>, les compositions de ces compl\u00e9ments alimentaires ont fait l&rsquo;objet de recherches. De plus, toutes les substances utilis\u00e9es sont de la plus haute qualit\u00e9 et la marque de micronutriments META-CARE\u00ae respecte <strong><a href=\"https:\/\/www.omni-biotic.com\/fr-fr\/a-propos-de-nous\/recherche-developpement\/criteres-de-qualite\/\">une charte qualit\u00e9<\/a><\/strong> exigeante. La directrice <a href=\"https:\/\/www.omni-biotic.com\/fr-fr\/a-propos-de-nous\/institut-allergosan\/anita-frauwallner\/\"><strong>Anita Frauwallner<\/strong><\/a> explique \u00e0 ce propos : <em>\u00ab les produits META-CARE\u00ae allient la force unique de la nature \u00e0 une haute qualit\u00e9 de fabrication. S&rsquo;ajoutent \u00e0 cela<\/em><em> une connaissance approfondie des ingr\u00e9dients et des compositions ainsi qu&rsquo;une expertise de leurs effets sur l&rsquo;organisme. C&rsquo;est pourquoi je recommande les produits META-CARE\u00ae \u00e0 toutes les personnes qui veulent prendre soin d&rsquo;elles ! \u00bb.<\/em><\/p>\t\t\t\t\t\t\t\t<\/div>\n\t\t\t\t<\/div>\n\t\t\t\t\t<\/div>\n\t\t\t\t<\/div>\n\t\t<div class=\"elementor-element elementor-element-031d71f obcs none e-flex e-con-boxed e-con e-parent\" data-id=\"031d71f\" data-element_type=\"container\">\n\t\t\t\t\t<div class=\"e-con-inner\">\n\t\t\t\t<div class=\"elementor-element elementor-element-99395af elementor-widget elementor-widget-heading\" data-id=\"99395af\" data-element_type=\"widget\" data-widget_type=\"heading.default\">\n\t\t\t\t<div class=\"elementor-widget-container\">\n\t\t\t\t\t<h2 class=\"elementor-heading-title elementor-size-default\">Des compl\u00e9ments alimentaires \u00e0 base de substances naturelles <\/h2>\t\t\t\t<\/div>\n\t\t\t\t<\/div>\n\t\t\t\t<div class=\"elementor-element elementor-element-89527e2 elementor-widget elementor-widget-text-editor\" data-id=\"89527e2\" data-element_type=\"widget\" data-widget_type=\"text-editor.default\">\n\t\t\t\t<div class=\"elementor-widget-container\">\n\t\t\t\t\t\t\t\t\t<p><em>Les micronutriments et les vitamines contenus dans les diff\u00e9rents produits META-CARE\u00ae sont combin\u00e9s aux bienfaits des plantes.<\/em><\/p>\t\t\t\t\t\t\t\t<\/div>\n\t\t\t\t<\/div>\n\t\t\t\t<div class=\"elementor-element elementor-element-53ff32e elementor-widget elementor-widget-text-editor\" data-id=\"53ff32e\" data-element_type=\"widget\" data-widget_type=\"text-editor.default\">\n\t\t\t\t<div class=\"elementor-widget-container\">\n\t\t\t\t\t\t\t\t\t<p>Quel est donc ce petit plus qui rend les produits META-CARE\u00ae si particuliers ? Soulignons pour commencer <strong>les bienfaits des plantes<\/strong> utilis\u00e9es. En effet, les micronutriments et vitamines contenus dans les produits META-CARE\u00ae sont combin\u00e9s \u00e0 des extraits de plantes de haute qualit\u00e9.<\/p><p>Les v\u00e9g\u00e9taux s\u00e9lectionn\u00e9s sont ceux dont <strong>l&rsquo;utilisation a traditionnellement fait ses preuves<\/strong> dans les domaines les plus divers, par exemple, le fenouil et les feuilles d&rsquo;absinthe favorisent la digestion, la racine de Withania somnifera contribue \u00e0 l&rsquo;endormissement ou la marjolaine sauvage qui a un effet positif sur les voies respiratoires. Les plantes qui constituent une source de vitamine ont \u00e9galement \u00e9t\u00e9 privil\u00e9gi\u00e9es, comme le sureau de Styrie qui contient de la vitamine C, ou celles qui aident le corps \u00e0 absorber les micronutriments. Citons le poivre noir \u00e0 titre d&rsquo;exemple car il permet d&rsquo;am\u00e9liorer la biodisponibilit\u00e9.\u00a0<\/p><p><strong>La nature est une source de bienfaits et d&rsquo;inspiration<\/strong> que l&rsquo;Institut AllergoSan s&rsquo;engage \u00e0 pr\u00e9server. L&rsquo;environnement et ses pr\u00e9cieuses ressources sont essentiels et contribuent \u00e0 notre bien-\u00eatre de nombreuses mani\u00e8res.\u00a0<\/p><p>Nous utilisons pour les produits META-CARE\u00ae des emballages compos\u00e9s \u00e0 <strong>100 % de mat\u00e9riaux recycl\u00e9s<\/strong>. Le recyclage des bouteilles usag\u00e9es en PET permet non seulement de r\u00e9duire les d\u00e9chets, mais aussi d&rsquo;\u00e9conomiser efficacement les \u00e9missions de CO2.<\/p>\t\t\t\t\t\t\t\t<\/div>\n\t\t\t\t<\/div>\n\t\t\t\t<div class=\"elementor-element elementor-element-ccdf517 elementor-widget elementor-widget-image\" data-id=\"ccdf517\" data-element_type=\"widget\" data-widget_type=\"image.default\">\n\t\t\t\t<div class=\"elementor-widget-container\">\n\t\t\t\t\t\t\t\t\t\t\t\t\t\t\t<img decoding=\"async\" width=\"800\" height=\"414\" src=\"https:\/\/www.omni-biotic.com\/fr-fr\/wp-content\/uploads\/sites\/4\/2023\/12\/complements_alimentaires_familles-1024x530.png\" class=\"attachment-large size-large wp-image-22680\" alt=\"META-CARE\u00ae : des compl\u00e9ments alimentaires \u00e0 base de vitamines et de min\u00e9raux\" srcset=\"https:\/\/www.omni-biotic.com\/fr-fr\/wp-content\/uploads\/sites\/4\/2023\/12\/complements_alimentaires_familles-1024x530.png 1024w, https:\/\/www.omni-biotic.com\/fr-fr\/wp-content\/uploads\/sites\/4\/2023\/12\/complements_alimentaires_familles-300x155.png 300w, https:\/\/www.omni-biotic.com\/fr-fr\/wp-content\/uploads\/sites\/4\/2023\/12\/complements_alimentaires_familles-768x397.png 768w, https:\/\/www.omni-biotic.com\/fr-fr\/wp-content\/uploads\/sites\/4\/2023\/12\/complements_alimentaires_familles.png 1200w\" sizes=\"(max-width: 800px) 100vw, 800px\" title=\"\">\t\t\t\t\t\t\t\t\t\t\t\t\t\t\t<\/div>\n\t\t\t\t<\/div>\n\t\t\t\t\t<\/div>\n\t\t\t\t<\/div>\n\t\t<div class=\"elementor-element elementor-element-67aee9b obcs none e-flex e-con-boxed e-con e-parent\" data-id=\"67aee9b\" data-element_type=\"container\">\n\t\t\t\t\t<div class=\"e-con-inner\">\n\t\t\t\t<div class=\"elementor-element elementor-element-8873481 elementor-widget elementor-widget-heading\" data-id=\"8873481\" data-element_type=\"widget\" data-widget_type=\"heading.default\">\n\t\t\t\t<div class=\"elementor-widget-container\">\n\t\t\t\t\t<h2 class=\"elementor-heading-title elementor-size-default\">Compl\u00e9ments alimentaires : des alli\u00e9s pour votre bien-\u00eatre au quotidien<\/h2>\t\t\t\t<\/div>\n\t\t\t\t<\/div>\n\t\t\t\t<div class=\"elementor-element elementor-element-d218f27 elementor-widget elementor-widget-text-editor\" data-id=\"d218f27\" data-element_type=\"widget\" data-widget_type=\"text-editor.default\">\n\t\t\t\t<div class=\"elementor-widget-container\">\n\t\t\t\t\t\t\t\t\t<p>La gamme de produits META-CARE\u00ae offre un panel vari\u00e9 de micronutriments associ\u00e9s au pouvoir de substances v\u00e9g\u00e9tales afin de r\u00e9pondre \u00e0 de multiples besoins. L&rsquo;essence de cette ligne de produits est de fournir \u00e0 <strong><a href=\"https:\/\/www.omni-biotic.com\/fr-fr\/sante-intestin\/\">l&rsquo;intestin<\/a><\/strong>, un organe cl\u00e9 pour la sant\u00e9 et le bien-\u00eatre, des nutriments permettant de garantir <strong>le bon fonctionnement de la barri\u00e8re intestinale<\/strong>.\u00a0<\/p><p>De plus, tous celles et ceux, qui souhaitent regorger de vitalit\u00e9 et d&rsquo;\u00e9clat ou profiter du quotidien dans la s\u00e9r\u00e9nit\u00e9 et la bonne humeur, trouveront \u00e9galement des solutions adapt\u00e9es au sein de l&rsquo;\u00e9ventail propos\u00e9 par META-CARE\u00ae. Il est ainsi possible de <strong>contribuer au maintien des muscles et articulations<\/strong> afin d&rsquo;assurer force et mobilit\u00e9 ou de <strong>soutenir <a href=\"https:\/\/www.omni-biotic.com\/fr-fr\/sante-intestin\/intestin-organe-influent\/systeme-immunitaire\/\">le syst\u00e8me immunitaire<\/a><\/strong> gr\u00e2ce \u00e0 une combinaison optimale de micronutriments.\u00a0<\/p><p>Les <strong>derni\u00e8res d\u00e9couvertes<\/strong> associ\u00e9es aux<strong> connaissances traditionnelles de la m\u00e9decine int\u00e9grative<\/strong> constituent la base du d\u00e9veloppement des produits META-CARE\u00ae et la recherche permet l&rsquo;am\u00e9lioration continue des formules.\u00a0<\/p>\t\t\t\t\t\t\t\t<\/div>\n\t\t\t\t<\/div>\n\t\t\t\t\t<\/div>\n\t\t\t\t<\/div>\n\t\t<div class=\"elementor-element elementor-element-6125a6d obcs none e-flex e-con-boxed e-con e-parent\" data-id=\"6125a6d\" data-element_type=\"container\">\n\t\t\t\t\t<div class=\"e-con-inner\">\n\t\t\t\t<div class=\"elementor-element elementor-element-c60901d elementor-widget elementor-widget-button\" data-id=\"c60901d\" data-element_type=\"widget\" data-widget_type=\"button.default\">\n\t\t\t\t<div class=\"elementor-widget-container\">\n\t\t\t\t\t\t\t\t\t<div class=\"elementor-button-wrapper\">\n\t\t\t\t\t<a class=\"elementor-button elementor-button-link elementor-size-lg\" href=\"https:\/\/www.omni-biotic.com\/fr-fr\/nos-produits\/meta-care\/\">\n\t\t\t\t\t\t<span class=\"elementor-button-content-wrapper\">\n\t\t\t\t\t\t\t\t\t<span class=\"elementor-button-text\">D\u00e9couvrir les produits META-CARE\u00ae<\/span>\n\t\t\t\t\t<\/span>\n\t\t\t\t\t<\/a>\n\t\t\t\t<\/div>\n\t\t\t\t\t\t\t\t<\/div>\n\t\t\t\t<\/div>\n\t\t\t\t<div class=\"elementor-element elementor-element-f14ccf5 elementor-widget elementor-widget-image\" data-id=\"f14ccf5\" data-element_type=\"widget\" data-widget_type=\"image.default\">\n\t\t\t\t<div class=\"elementor-widget-container\">\n\t\t\t\t\t\t\t\t\t\t\t\t\t\t\t<img decoding=\"async\" width=\"768\" height=\"543\" src=\"https:\/\/www.omni-biotic.com\/fr-fr\/wp-content\/uploads\/sites\/4\/2023\/12\/meta-care.jpg\" class=\"attachment-large size-large wp-image-22678\" alt=\"META-CARE\u00ae : des compl\u00e9ments alimentaires \u00e0 base de vitamines et de min\u00e9raux\" srcset=\"https:\/\/www.omni-biotic.com\/fr-fr\/wp-content\/uploads\/sites\/4\/2023\/12\/meta-care.jpg 768w, https:\/\/www.omni-biotic.com\/fr-fr\/wp-content\/uploads\/sites\/4\/2023\/12\/meta-care-300x212.jpg 300w\" sizes=\"(max-width: 768px) 100vw, 768px\" title=\"\">\t\t\t\t\t\t\t\t\t\t\t\t\t\t\t<\/div>\n\t\t\t\t<\/div>\n\t\t\t\t\t<\/div>\n\t\t\t\t<\/div>\n\t\t\t\t<\/div>\n\t\t","protected":false},"excerpt":{"rendered":"<p>Pourquoi prendre des compl\u00e9ments alimentaires ? De plus en plus de personnes choisissent leurs aliments avec soin afin de veiller \u00e0 leur alimentation et \u00e0 leur sant\u00e9. Cependant, nous vivons \u00e0 une \u00e9poque \u00e9trange qui ne nous facilite pas la t\u00e2che car certaines denr\u00e9es alimentaires parcourent de longues distances pour arriver jusqu&rsquo;au consommateur. De plus, [&hellip;]<\/p>\n","protected":false},"author":14,"featured_media":22678,"comment_status":"closed","ping_status":"closed","sticky":false,"template":"","format":"standard","meta":{"_acf_changed":false,"inline_featured_image":false,"footnotes":""},"categories":[111],"tags":[],"class_list":["post-22676","post","type-post","status-publish","format-standard","has-post-thumbnail","hentry","category-institut-allergosan"],"acf":[],"rank_math":{"og:title":"META-CARE\u00ae : compl\u00e9ments alimentaires pour le bien-\u00eatre","og:desc":"Les produits META-CARE\u00ae sont des compl\u00e9ments alimentaires \u00e0 base de substances v\u00e9g\u00e9tales naturelles pour votre sant\u00e9 et votre vitalit\u00e9 !","og:url":"https:\/\/www.omni-biotic.com\/fr-fr\/blog\/complements-alimentaires\/","og:locale":"fr_FR","og:image":"https:\/\/www.omni-biotic.com\/fr-fr\/wp-content\/uploads\/sites\/4\/2023\/12\/meta-care.jpg","og:image:width":"768","og:image:height":"543"},"additional_data":{"thumbnail":"https:\/\/www.omni-biotic.com\/fr-fr\/wp-content\/uploads\/sites\/4\/2023\/12\/meta-care.jpg"},"blog_info":{"country":"fr-fr"},"_links":{"self":[{"href":"https:\/\/www.omni-biotic.com\/fr-fr\/wp-json\/wp\/v2\/posts\/22676","targetHints":{"allow":["GET"]}}],"collection":[{"href":"https:\/\/www.omni-biotic.com\/fr-fr\/wp-json\/wp\/v2\/posts"}],"about":[{"href":"https:\/\/www.omni-biotic.com\/fr-fr\/wp-json\/wp\/v2\/types\/post"}],"author":[{"embeddable":true,"href":"https:\/\/www.omni-biotic.com\/fr-fr\/wp-json\/wp\/v2\/users\/14"}],"replies":[{"embeddable":true,"href":"https:\/\/www.omni-biotic.com\/fr-fr\/wp-json\/wp\/v2\/comments?post=22676"}],"version-history":[{"count":7,"href":"https:\/\/www.omni-biotic.com\/fr-fr\/wp-json\/wp\/v2\/posts\/22676\/revisions"}],"predecessor-version":[{"id":22768,"href":"https:\/\/www.omni-biotic.com\/fr-fr\/wp-json\/wp\/v2\/posts\/22676\/revisions\/22768"}],"wp:featuredmedia":[{"embeddable":true,"href":"https:\/\/www.omni-biotic.com\/fr-fr\/wp-json\/wp\/v2\/media\/22678"}],"wp:attachment":[{"href":"https:\/\/www.omni-biotic.com\/fr-fr\/wp-json\/wp\/v2\/media?parent=22676"}],"wp:term":[{"taxonomy":"category","embeddable":true,"href":"https:\/\/www.omni-biotic.com\/fr-fr\/wp-json\/wp\/v2\/categories?post=22676"},{"taxonomy":"post_tag","embeddable":true,"href":"https:\/\/www.omni-biotic.com\/fr-fr\/wp-json\/wp\/v2\/tags?post=22676"}],"curies":[{"name":"wp","href":"https:\/\/api.w.org\/{rel}","templated":true}]}}