{"id":23202,"date":"2024-01-23T08:44:06Z","date_gmt":"2024-01-23T07:44:06Z","guid":{"rendered":"https:\/\/www.omni-biotic.com\/fr-fr\/?p=23202"},"modified":"2024-02-23T11:24:25Z","modified_gmt":"2024-02-23T10:24:25Z","slug":"microbiote-cutane","status":"publish","type":"post","link":"https:\/\/www.omni-biotic.com\/fr-fr\/blog\/microbiote-cutane\/","title":{"rendered":"Le microbiote cutan\u00e9 : une barri\u00e8re protectrice de la peau"},"content":{"rendered":"\t\t<div data-elementor-type=\"wp-post\" data-elementor-id=\"23202\" class=\"elementor elementor-23202\" data-elementor-post-type=\"post\">\n\t\t\t\t<div class=\"elementor-element elementor-element-9a27414 obcs none e-flex e-con-boxed e-con e-parent\" data-id=\"9a27414\" data-element_type=\"container\">\n\t\t\t\t\t<div class=\"e-con-inner\">\n\t\t\t\t<div class=\"elementor-element elementor-element-c3332e2 elementor-widget elementor-widget-text-editor\" data-id=\"c3332e2\" data-element_type=\"widget\" data-widget_type=\"text-editor.default\">\n\t\t\t\t<div class=\"elementor-widget-container\">\n\t\t\t\t\t\t\t\t\t<p><em><strong>Comment le microbiote cutan\u00e9\u00a0nous prot\u00e8ge-t-il\u00a0? <\/strong><\/em><\/p><p><em>Dans un premier temps, la recherche sur le microbiome a privil\u00e9gi\u00e9 les \u00e9tudes sur le microbiote intestinal en s\u2019int\u00e9ressant \u00e0 sa composition microbienne. Le microbiote cutan\u00e9 s\u2019est depuis forg\u00e9 une place et les micro-organismes qui vivent sur notre peau ont gagn\u00e9 en importance. Les connaissances de plus en plus pointues sur ce monde bact\u00e9rien ont conduit les scientifiques \u00e0 se poser de nouvelles questions. L\u2019importance des bact\u00e9ries commensales pr\u00e9sentes dans et sur le corps rev\u00eat un int\u00e9r\u00eat grandissant pour la science ainsi que pour la soci\u00e9t\u00e9.<\/em><\/p>\t\t\t\t\t\t\t\t<\/div>\n\t\t\t\t<\/div>\n\t\t\t\t\t<\/div>\n\t\t\t\t<\/div>\n\t\t<div class=\"elementor-element elementor-element-80e9159 obcs none e-flex e-con-boxed e-con e-parent\" data-id=\"80e9159\" data-element_type=\"container\">\n\t\t\t\t\t<div class=\"e-con-inner\">\n\t\t\t\t<div class=\"elementor-element elementor-element-7939ce4 elementor-widget elementor-widget-heading\" data-id=\"7939ce4\" data-element_type=\"widget\" data-widget_type=\"heading.default\">\n\t\t\t\t<div class=\"elementor-widget-container\">\n\t\t\t\t\t<h2 class=\"elementor-heading-title elementor-size-default\">Le microbiome en question : le microbiote cutan\u00e9 <\/h2>\t\t\t\t<\/div>\n\t\t\t\t<\/div>\n\t\t\t\t<div class=\"elementor-element elementor-element-9f5d4f0 elementor-widget__width-initial elementor-widget elementor-widget-text-editor\" data-id=\"9f5d4f0\" data-element_type=\"widget\" data-widget_type=\"text-editor.default\">\n\t\t\t\t<div class=\"elementor-widget-container\">\n\t\t\t\t\t\t\t\t\t<p>La peau est souvent consid\u00e9r\u00e9e comme le plus grand organe du corps humain et elle repr\u00e9sente une partie non n\u00e9gligeable de notre poids corporel. Elle remplit des fonctions essentielles concernant <strong>la r\u00e9gulation de la temp\u00e9rature, la protection contre les rayons UV ou la perception sensorielle<\/strong>. Son r\u00f4le de barri\u00e8re entre le monde ext\u00e9rieur et les organes internes est sans doute le plus important.\u00a0<\/p><p>De r\u00e9centes \u00e9tudes ont d\u00e9montr\u00e9 l&rsquo;influence du <a href=\"https:\/\/www.omni-biotic.com\/fr-fr\/sante-intestin\/intestin-centre-bien-etre\/microbiote-intestinal\/\"><strong>microbiote intestinal<\/strong><\/a> sur l&rsquo;aspect de la peau. Le corps humain abrite des milliards de bact\u00e9ries et d&rsquo;autres micro-organismes qui forment <a href=\"https:\/\/www.omni-biotic.com\/fr-fr\/sante-intestin\/intestin-centre-bien-etre\/microbiome\/\"><strong>le microbiome<\/strong><\/a>. Bien qu&rsquo;elles soient microscopiques, les bact\u00e9ries remplissent des fonctions importantes pour le bon fonctionnement de l&rsquo;organisme. Le microbiome de l&rsquo;\u00eatre humain se r\u00e9partie entre diff\u00e9rents microbiotes : celui du syst\u00e8me digestif (le microbiote intestinal), celui de la bouche (le microbiote buccal), du vagin pour les femmes (<a href=\"https:\/\/www.omni-biotic.com\/fr-fr\/sante-intestin\/intestin-organe-influent\/microbiote-vaginal\/\"><strong>le microbiote vaginal<\/strong><\/a>), de la peau (le microbiote cutan\u00e9), etc. Sa composition varie d&rsquo;une personne \u00e0 l&rsquo;autre. Cependant, le microbiome de personnes d&rsquo;un m\u00eame foyer peut pr\u00e9senter de nombreuses similitudes.\u00a0<\/p>\t\t\t\t\t\t\t\t<\/div>\n\t\t\t\t<\/div>\n\t\t\t\t<div class=\"elementor-element elementor-element-3df99a6 elementor-widget elementor-widget-image\" data-id=\"3df99a6\" data-element_type=\"widget\" data-widget_type=\"image.default\">\n\t\t\t\t<div class=\"elementor-widget-container\">\n\t\t\t\t\t\t\t\t\t\t\t\t\t\t\t<img fetchpriority=\"high\" decoding=\"async\" width=\"800\" height=\"296\" src=\"https:\/\/www.omni-biotic.com\/fr-fr\/wp-content\/uploads\/sites\/4\/2024\/01\/peau_microbiote_cutane-1024x379.png\" class=\"attachment-large size-large wp-image-23206\" alt=\"Le microbiote de la peau : des bact\u00e9ries commensales\" srcset=\"https:\/\/www.omni-biotic.com\/fr-fr\/wp-content\/uploads\/sites\/4\/2024\/01\/peau_microbiote_cutane-1024x379.png 1024w, https:\/\/www.omni-biotic.com\/fr-fr\/wp-content\/uploads\/sites\/4\/2024\/01\/peau_microbiote_cutane-300x111.png 300w, https:\/\/www.omni-biotic.com\/fr-fr\/wp-content\/uploads\/sites\/4\/2024\/01\/peau_microbiote_cutane-768x284.png 768w, https:\/\/www.omni-biotic.com\/fr-fr\/wp-content\/uploads\/sites\/4\/2024\/01\/peau_microbiote_cutane.png 1200w\" sizes=\"(max-width: 800px) 100vw, 800px\" title=\"\">\t\t\t\t\t\t\t\t\t\t\t\t\t\t\t<\/div>\n\t\t\t\t<\/div>\n\t\t\t\t\t<\/div>\n\t\t\t\t<\/div>\n\t\t<div class=\"elementor-element elementor-element-18a2cd8 obcs none e-flex e-con-boxed e-con e-parent\" data-id=\"18a2cd8\" data-element_type=\"container\">\n\t\t\t\t\t<div class=\"e-con-inner\">\n\t\t\t\t<div class=\"elementor-element elementor-element-6ee379e elementor-widget elementor-widget-heading\" data-id=\"6ee379e\" data-element_type=\"widget\" data-widget_type=\"heading.default\">\n\t\t\t\t<div class=\"elementor-widget-container\">\n\t\t\t\t\t<h2 class=\"elementor-heading-title elementor-size-default\">Les fonctions du microbiote cutan\u00e9<\/h2>\t\t\t\t<\/div>\n\t\t\t\t<\/div>\n\t\t\t\t<div class=\"elementor-element elementor-element-bcd30fb elementor-widget elementor-widget-text-editor\" data-id=\"bcd30fb\" data-element_type=\"widget\" data-widget_type=\"text-editor.default\">\n\t\t\t\t<div class=\"elementor-widget-container\">\n\t\t\t\t\t\t\t\t\t<p>Le microbiote cutan\u00e9 se trouve principalement <strong>au niveau de l&rsquo;\u00e9piderme<\/strong> et en quantit\u00e9 moindre au niveau du derme. C&rsquo;est une barri\u00e8re importante de la peau car elle permet de nous prot\u00e9ger. D&rsquo;une part, la flore cutan\u00e9e, \u00e0 l&rsquo;aide d&rsquo;autres m\u00e9canismes,\u00a0<strong>contribue \u00e0 lutter contre l&rsquo;invasion d&rsquo;agents pathog\u00e8nes<\/strong>. Par exemple, le pH de la peau, qui est l\u00e9g\u00e8rement acide, est aussi un \u00e9l\u00e9ment important pour emp\u00eacher les agents nocifs de se d\u00e9velopper, tout comme la sueur et le s\u00e9bum s\u00e9cr\u00e9t\u00e9s par les glandes. Quant au syst\u00e8me immunitaire, il apprend \u00e0 distinguer les bact\u00e9ries utiles des germes pathog\u00e8nes. D&rsquo;autre part, <strong>la peau prot\u00e8ge<\/strong>, dans une certaine mesure, les organes des coups et des chocs.\u00a0<\/p><p>L&rsquo;\u00e9quilibre entre les \u00ab bons \u00bb et \u00ab mauvais \u00bb micro-organismes est n\u00e9cessaire pour repousser les agents pathog\u00e8nes et acc\u00e9l\u00e9rer la cicatrisation. Si le <strong>microbiote cutan\u00e9 est d\u00e9s\u00e9quilibr\u00e9<\/strong> et trop peu de bact\u00e9ries b\u00e9n\u00e9fiques sont pr\u00e9sentes, les germes peuvent se multiplier plus facilement et <strong>provoquer une inflammation, une plaie ou une maladie de la peau<\/strong>. Si une personne souffre d&rsquo;acn\u00e9 ou d&rsquo;ecz\u00e9ma, il est fort probable que sa flore cutan\u00e9e est d\u00e9s\u00e9quilibr\u00e9e, on parle dans ce cas de dysbiose.\u00a0<\/p>\t\t\t\t\t\t\t\t<\/div>\n\t\t\t\t<\/div>\n\t\t\t\t<div class=\"elementor-element elementor-element-b44854e elementor-widget elementor-widget-heading\" data-id=\"b44854e\" data-element_type=\"widget\" data-widget_type=\"heading.default\">\n\t\t\t\t<div class=\"elementor-widget-container\">\n\t\t\t\t\t<h2 class=\"elementor-heading-title elementor-size-default\">Le d\u00e9veloppement du microbiote de la peau <\/h2>\t\t\t\t<\/div>\n\t\t\t\t<\/div>\n\t\t\t\t<div class=\"elementor-element elementor-element-44aa109 elementor-widget elementor-widget-text-editor\" data-id=\"44aa109\" data-element_type=\"widget\" data-widget_type=\"text-editor.default\">\n\t\t\t\t<div class=\"elementor-widget-container\">\n\t\t\t\t\t\t\t\t\t<p>Vous n&rsquo;\u00eates pas n\u00e9(e) avec le microbiome que vous avez \u00e0 l&rsquo;heure o\u00f9 vous lisez cet article. Le d\u00e9veloppement du microbiome se fait progressivement et \u00e9volue au cours de la vie. La premi\u00e8re \u00e9tape a lieu \u00e0 <a href=\"https:\/\/www.omni-biotic.com\/fr-fr\/sante-intestin\/intestin-organe-influent\/grossesse-allaitement\/\"><strong>la naissance<\/strong><\/a> et cette colonisation originelle <strong>d\u00e9pend du type d&rsquo;accouchement<\/strong> : par voie naturelle ou par c\u00e9sarienne. Dans le cas d&rsquo;une c\u00e9sarienne, le b\u00e9b\u00e9 est au contact des bact\u00e9ries pr\u00e9sentes sur la peau de sa m\u00e8re et non celles du vagin, comme c&rsquo;est le cas lors d&rsquo;un accouchement par voie basse. Chez <strong>les pr\u00e9matur\u00e9s<\/strong>, on a remarqu\u00e9 une diversit\u00e9 significativement plus faible de micro-organismes soit de l&rsquo;intestin, soit de la peau. Leur peau est immature et encore tr\u00e8s fine, c&rsquo;est pourquoi elle offre des conditions tr\u00e8s diff\u00e9rentes pour le d\u00e9veloppement du microbiome cutan\u00e9.\u00a0<\/p><p><strong>Divers facteurs ont donc un impact<\/strong> sur la flore cutan\u00e9e et son d\u00e9veloppement tels qu&rsquo;une naissance par c\u00e9sarienne, la prise d&rsquo;antibiotiques, une hospitalisation prolong\u00e9e ou une naissance pr\u00e9matur\u00e9e.\u00a0<\/p>\t\t\t\t\t\t\t\t<\/div>\n\t\t\t\t<\/div>\n\t\t\t\t<div class=\"elementor-element elementor-element-a76240a elementor-widget elementor-widget-image\" data-id=\"a76240a\" data-element_type=\"widget\" data-widget_type=\"image.default\">\n\t\t\t\t<div class=\"elementor-widget-container\">\n\t\t\t\t\t\t\t\t\t\t\t\t\t\t\t<img decoding=\"async\" width=\"800\" height=\"499\" src=\"https:\/\/www.omni-biotic.com\/fr-fr\/wp-content\/uploads\/sites\/4\/2024\/01\/microbiote_cutane_peau-1024x639.png\" class=\"attachment-large size-large wp-image-23205\" alt=\"Le microbiote cutan\u00e9 : protection de la peau\" srcset=\"https:\/\/www.omni-biotic.com\/fr-fr\/wp-content\/uploads\/sites\/4\/2024\/01\/microbiote_cutane_peau-1024x639.png 1024w, https:\/\/www.omni-biotic.com\/fr-fr\/wp-content\/uploads\/sites\/4\/2024\/01\/microbiote_cutane_peau-300x187.png 300w, https:\/\/www.omni-biotic.com\/fr-fr\/wp-content\/uploads\/sites\/4\/2024\/01\/microbiote_cutane_peau-768x479.png 768w, https:\/\/www.omni-biotic.com\/fr-fr\/wp-content\/uploads\/sites\/4\/2024\/01\/microbiote_cutane_peau.png 1200w\" sizes=\"(max-width: 800px) 100vw, 800px\" title=\"\">\t\t\t\t\t\t\t\t\t\t\t\t\t\t\t<\/div>\n\t\t\t\t<\/div>\n\t\t\t\t<div class=\"elementor-element elementor-element-cba0a45 elementor-widget elementor-widget-heading\" data-id=\"cba0a45\" data-element_type=\"widget\" data-widget_type=\"heading.default\">\n\t\t\t\t<div class=\"elementor-widget-container\">\n\t\t\t\t\t<h2 class=\"elementor-heading-title elementor-size-default\">Les facteurs influen\u00e7ant le microbiote cutan\u00e9<\/h2>\t\t\t\t<\/div>\n\t\t\t\t<\/div>\n\t\t\t\t<div class=\"elementor-element elementor-element-7ac2142 elementor-widget elementor-widget-text-editor\" data-id=\"7ac2142\" data-element_type=\"widget\" data-widget_type=\"text-editor.default\">\n\t\t\t\t<div class=\"elementor-widget-container\">\n\t\t\t\t\t\t\t\t\t<p>Le microbiome cutan\u00e9 est propre \u00e0 chaque personne comme l&rsquo;est l&#8217;empreinte digitale. Diff\u00e9rents facteurs l&rsquo;influencent au cours de la vie et ils sont d\u00e9terminants pour la composition bact\u00e9rienne du microbiome et la sant\u00e9 de l&rsquo;h\u00f4te.\u00a0<\/p><p>Premi\u00e8rement,<strong> le mode de vie<\/strong> influe sur le microbiome aussi bien de mani\u00e8re positive que n\u00e9gative. La gestion du stress, la consommation d&rsquo;alcool et de tabac, le r\u00e9gime alimentaire, la pratique d&rsquo;un sport, etc., rentrent donc en jeu. Le microbiote cutan\u00e9 est aussi tr\u00e8s affect\u00e9 par l&rsquo;hygi\u00e8ne et l&rsquo;utilisation de d\u00e9odorants, de lotions ou de cr\u00e8mes. Il est donc conseill\u00e9 de choisir des produits au pH neutre afin de ne pas perturber la couche protectrice l\u00e9g\u00e8rement acide de la peau. Ce sont des param\u00e8tres sur lesquels <strong>il est possible d&rsquo;agir<\/strong> pour contribuer \u00e0 son bien-\u00eatre.\u00a0<\/p><p>Ensuite, il y a des facteurs difficiles \u00e0 infl\u00e9chir. Par exemple, <b>v<\/b><strong>otre bagage g\u00e9n\u00e9tique<\/strong> a\u00a0<span style=\"color: var( --e-global-color-text );text-align: var(--text-align);background-color: inherit;font-family: var( --e-global-typography-text-font-family ), -apple-system,BlinkMacSystemFont,Segoe UI,Roboto,Helvetica Neue,Arial,Noto Sans,sans-serif;font-size: var( --e-global-typography-text-font-size );font-style: var( --e-global-typography-text-font-style );font-weight: var( --e-global-typography-text-font-weight );letter-spacing: var( --e-global-typography-text-letter-spacing );text-transform: var( --e-global-typography-text-text-transform )\">de l&rsquo;influence sur votre microbiome. C&rsquo;est notamment pour cette raison que certaines personnes doivent renoncer ou modifier certaines habitudes pour pouvoir contribuer au maintien d&rsquo;une bonne sant\u00e9. De plus, <\/span><strong style=\"color: var( --e-global-color-text );text-align: var(--text-align);background-color: inherit;font-family: var( --e-global-typography-text-font-family ), -apple-system,BlinkMacSystemFont,Segoe UI,Roboto,Helvetica Neue,Arial,Noto Sans,sans-serif;font-size: var( --e-global-typography-text-font-size );font-style: var( --e-global-typography-text-font-style );letter-spacing: var( --e-global-typography-text-letter-spacing );text-transform: var( --e-global-typography-text-text-transform )\">l&rsquo;environnement<\/strong><span style=\"color: var( --e-global-color-text );text-align: var(--text-align);background-color: inherit;font-family: var( --e-global-typography-text-font-family ), -apple-system,BlinkMacSystemFont,Segoe UI,Roboto,Helvetica Neue,Arial,Noto Sans,sans-serif;font-size: var( --e-global-typography-text-font-size );font-style: var( --e-global-typography-text-font-style );font-weight: var( --e-global-typography-text-font-weight );letter-spacing: var( --e-global-typography-text-letter-spacing );text-transform: var( --e-global-typography-text-text-transform )\"> au sein duquel on \u00e9volue oriente la formation du microbiote cutan\u00e9. Ainsi, <\/span><strong style=\"color: var( --e-global-color-text );text-align: var(--text-align);background-color: inherit;font-family: var( --e-global-typography-text-font-family ), -apple-system,BlinkMacSystemFont,Segoe UI,Roboto,Helvetica Neue,Arial,Noto Sans,sans-serif;font-size: var( --e-global-typography-text-font-size );font-style: var( --e-global-typography-text-font-style );letter-spacing: var( --e-global-typography-text-letter-spacing );text-transform: var( --e-global-typography-text-text-transform )\">les conditions de vie<\/strong> <em style=\"color: var( --e-global-color-text );text-align: var(--text-align);background-color: inherit;font-family: var( --e-global-typography-text-font-family ), -apple-system,BlinkMacSystemFont,Segoe UI,Roboto,Helvetica Neue,Arial,Noto Sans,sans-serif;font-size: var( --e-global-typography-text-font-size );font-weight: var( --e-global-typography-text-font-weight );letter-spacing: var( --e-global-typography-text-letter-spacing );text-transform: var( --e-global-typography-text-text-transform )\">(la pollution ou l\u2019acc\u00e8s \u00e0 une eau de bonne qualit\u00e9) <\/em><span style=\"color: var( --e-global-color-text );text-align: var(--text-align);background-color: inherit;font-family: var( --e-global-typography-text-font-family ), -apple-system,BlinkMacSystemFont,Segoe UI,Roboto,Helvetica Neue,Arial,Noto Sans,sans-serif;font-size: var( --e-global-typography-text-font-size );font-style: var( --e-global-typography-text-font-style );font-weight: var( --e-global-typography-text-font-weight );letter-spacing: var( --e-global-typography-text-letter-spacing );text-transform: var( --e-global-typography-text-text-transform )\">ou <\/span><strong style=\"color: var( --e-global-color-text );text-align: var(--text-align);background-color: inherit;font-family: var( --e-global-typography-text-font-family ), -apple-system,BlinkMacSystemFont,Segoe UI,Roboto,Helvetica Neue,Arial,Noto Sans,sans-serif;font-size: var( --e-global-typography-text-font-size );font-style: var( --e-global-typography-text-font-style );letter-spacing: var( --e-global-typography-text-letter-spacing );text-transform: var( --e-global-typography-text-text-transform )\">le rayonnement solaire<\/strong><span style=\"color: var( --e-global-color-text );text-align: var(--text-align);background-color: inherit;font-family: var( --e-global-typography-text-font-family ), -apple-system,BlinkMacSystemFont,Segoe UI,Roboto,Helvetica Neue,Arial,Noto Sans,sans-serif;font-size: var( --e-global-typography-text-font-size );font-style: var( --e-global-typography-text-font-style );font-weight: var( --e-global-typography-text-font-weight );letter-spacing: var( --e-global-typography-text-letter-spacing );text-transform: var( --e-global-typography-text-text-transform )\">\u00a0jouent un r\u00f4le important.\u00a0<\/span><\/p><p>Derni\u00e8re consid\u00e9ration \u00e0 prendre en compte : <a href=\"https:\/\/www.omni-biotic.com\/fr-fr\/sante-intestin\/intestin-centre-bien-etre\/microbiote-intestinal\/\"><strong>le microbiote intestinal<\/strong><\/a>, puisque celui-ci a un lien avec l&rsquo;aspect de la peau.\u00a0<\/p>\t\t\t\t\t\t\t\t<\/div>\n\t\t\t\t<\/div>\n\t\t\t\t<div class=\"elementor-element elementor-element-6db09db elementor-widget elementor-widget-heading\" data-id=\"6db09db\" data-element_type=\"widget\" data-widget_type=\"heading.default\">\n\t\t\t\t<div class=\"elementor-widget-container\">\n\t\t\t\t\t<h2 class=\"elementor-heading-title elementor-size-default\">Le lien entre le microbiome cutan\u00e9 et la colonisation bact\u00e9rienne de l'intestin<\/h2>\t\t\t\t<\/div>\n\t\t\t\t<\/div>\n\t\t\t\t<div class=\"elementor-element elementor-element-d3576f8 elementor-widget elementor-widget-text-editor\" data-id=\"d3576f8\" data-element_type=\"widget\" data-widget_type=\"text-editor.default\">\n\t\t\t\t<div class=\"elementor-widget-container\">\n\t\t\t\t\t\t\t\t\t<p>Soulignons d&rsquo;abord qu&rsquo;<strong>un intestin en bonne sant\u00e9 avec un microbiote \u00e9quilibr\u00e9 a une influence positive sur la peau<\/strong>. On pense que la sant\u00e9 de la peau est li\u00e9e \u00e0 la flore intestinale via la syst\u00e8me immunitaire. A titre d&rsquo;exemple, le d\u00e9veloppement de la dermatite atopique ou ecz\u00e9ma serait associ\u00e9 a une faible diversit\u00e9 du microbiote intestinal pendant l&rsquo;enfance.\u00a0<\/p><p>Par ailleurs, on a souvent remarqu\u00e9 que les patients souffrant d&rsquo;<a href=\"https:\/\/www.omni-biotic.com\/fr-fr\/troubles-digestifs\/mici\/\"><strong>une maladie inflammatoire chronique de l&rsquo;intestin<\/strong><\/a> avaient \u00e9galement des probl\u00e8mes de peau caus\u00e9s par un d\u00e9s\u00e9quilibre de la flore intestinale. Une mauvaise alimentation pauvre en fibres ou la prise trop fr\u00e9quente d&rsquo;antibiotiques sont \u00e0 l&rsquo;origine de modifications de la composition bact\u00e9rienne du microbiome. Ce ph\u00e9nom\u00e8ne a des r\u00e9percussions sur le syst\u00e8me immunitaire ainsi que sur la flore cutan\u00e9e et favorise l&rsquo;inflammation.\u00a0<\/p>\t\t\t\t\t\t\t\t<\/div>\n\t\t\t\t<\/div>\n\t\t\t\t<div class=\"elementor-element elementor-element-a0d1b6b elementor-widget elementor-widget-heading\" data-id=\"a0d1b6b\" data-element_type=\"widget\" data-widget_type=\"heading.default\">\n\t\t\t\t<div class=\"elementor-widget-container\">\n\t\t\t\t\t<h2 class=\"elementor-heading-title elementor-size-default\">Quelles bact\u00e9ries sont utiles pour la peau ?<\/h2>\t\t\t\t<\/div>\n\t\t\t\t<\/div>\n\t\t\t\t<div class=\"elementor-element elementor-element-216e70a elementor-widget elementor-widget-text-editor\" data-id=\"216e70a\" data-element_type=\"widget\" data-widget_type=\"text-editor.default\">\n\t\t\t\t<div class=\"elementor-widget-container\">\n\t\t\t\t\t\t\t\t\t<p>Une multitude de bact\u00e9ries vivent sur la peau ainsi que d\u2019autres micro-organismes tels que des champignons, des levures, des arch\u00e9es ou des levures. Les <strong>trois principaux genres<\/strong> faisant partie du microbiote bact\u00e9rien de la peau sont\u00a0: <em>Staphylococcus<\/em> (les Staphylocoques), <em>Propionibacterium<\/em> et <em>Corynebacterium<\/em> (les Coryn\u00e9bact\u00e9ries). Ces bact\u00e9ries sont essentielles car la peau a besoin de ces micro-organismes pour pouvoir, avec le syst\u00e8me immunitaire, <strong>se d\u00e9fendre contre les germes pathog\u00e8nes<\/strong>. Pour que ce microbiote puisse fonctionner correctement, les trois groupes doivent \u00eatre pr\u00e9sents dans un \u00e9quilibre naturel.\u00a0<\/p><p>Comment apporter de bonnes bact\u00e9ries au corps en cas de d\u00e9s\u00e9quilibre du microbiome ? <a href=\"https:\/\/www.omni-biotic.com\/fr-fr\/sante-intestin\/intestin-centre-bien-etre\/probiotiques\/\"><strong>Les probiotiques<\/strong><\/a> sont une alternative naturelle permettant de contribuer \u00e0 l&rsquo;\u00e9quilibre de ce monde bact\u00e9rien si important. Les probiotiques contiennent <strong>une combinaison de souches bact\u00e9riennes et ferments lactiques<\/strong> qui sont pr\u00e9sents naturellement dans l&rsquo;organisme. La prise d&rsquo;un probiotique peut s&rsquo;\u00e9tendre sur plusieurs mois afin que la colonisation bact\u00e9rienne se r\u00e9\u00e9quilibre durablement. Agir sur la flore intestinale, le microbiote le plus important du corps, a une influence positive sur le microbiote cutan\u00e9 ainsi que sur l&rsquo;aspect de la peau.\u00a0<\/p>\t\t\t\t\t\t\t\t<\/div>\n\t\t\t\t<\/div>\n\t\t\t\t\t<\/div>\n\t\t\t\t<\/div>\n\t\t<div class=\"elementor-element elementor-element-401f01b obcs none e-flex e-con-boxed e-con e-parent\" data-id=\"401f01b\" data-element_type=\"container\">\n\t\t\t\t\t<div class=\"e-con-inner\">\n\t\t\t\t<div class=\"elementor-element elementor-element-bac6fb6 elementor-widget elementor-widget-button\" data-id=\"bac6fb6\" data-element_type=\"widget\" data-widget_type=\"button.default\">\n\t\t\t\t<div class=\"elementor-widget-container\">\n\t\t\t\t\t\t\t\t\t<div class=\"elementor-button-wrapper\">\n\t\t\t\t\t<a class=\"elementor-button elementor-button-link elementor-size-md\" href=\"https:\/\/www.omni-biotic.com\/fr-fr\/blog\/intestin-malade-peau-terne\/\">\n\t\t\t\t\t\t<span class=\"elementor-button-content-wrapper\">\n\t\t\t\t\t\t\t\t\t<span class=\"elementor-button-text\">La peau et le microbiote intestinal<\/span>\n\t\t\t\t\t<\/span>\n\t\t\t\t\t<\/a>\n\t\t\t\t<\/div>\n\t\t\t\t\t\t\t\t<\/div>\n\t\t\t\t<\/div>\n\t\t\t\t\t<\/div>\n\t\t\t\t<\/div>\n\t\t\t\t<\/div>\n\t\t","protected":false},"excerpt":{"rendered":"<p>Comment le microbiote cutan\u00e9\u00a0nous prot\u00e8ge-t-il\u00a0? Dans un premier temps, la recherche sur le microbiome a privil\u00e9gi\u00e9 les \u00e9tudes sur le microbiote intestinal en s\u2019int\u00e9ressant \u00e0 sa composition microbienne. Le microbiote cutan\u00e9 s\u2019est depuis forg\u00e9 une place et les micro-organismes qui vivent sur notre peau ont gagn\u00e9 en importance. Les connaissances de plus en plus pointues [&hellip;]<\/p>\n","protected":false},"author":14,"featured_media":23205,"comment_status":"closed","ping_status":"closed","sticky":false,"template":"","format":"standard","meta":{"_acf_changed":false,"inline_featured_image":false,"footnotes":""},"categories":[216],"tags":[],"class_list":["post-23202","post","type-post","status-publish","format-standard","has-post-thumbnail","hentry","category-microbiotes"],"acf":[],"rank_math":{"og:title":"Le microbiote cutan\u00e9 : un bouclier protecteur de la peau","og:desc":"Le microbiote cutan\u00e9 nous prot\u00e8ge ! D\u00e9couvrez le r\u00f4le des bact\u00e9ries qui vivent sur notre peau et comment en prendre soin. Lire la suite...","og:url":"https:\/\/www.omni-biotic.com\/fr-fr\/blog\/microbiote-cutane\/","og:locale":"fr_FR","og:image":"https:\/\/www.omni-biotic.com\/fr-fr\/wp-content\/uploads\/sites\/4\/2024\/01\/microbiote_cutane_peau.png","og:image:width":"1200","og:image:height":"749"},"additional_data":{"thumbnail":"https:\/\/www.omni-biotic.com\/fr-fr\/wp-content\/uploads\/sites\/4\/2024\/01\/microbiote_cutane_peau.png"},"blog_info":{"country":"fr-fr"},"_links":{"self":[{"href":"https:\/\/www.omni-biotic.com\/fr-fr\/wp-json\/wp\/v2\/posts\/23202","targetHints":{"allow":["GET"]}}],"collection":[{"href":"https:\/\/www.omni-biotic.com\/fr-fr\/wp-json\/wp\/v2\/posts"}],"about":[{"href":"https:\/\/www.omni-biotic.com\/fr-fr\/wp-json\/wp\/v2\/types\/post"}],"author":[{"embeddable":true,"href":"https:\/\/www.omni-biotic.com\/fr-fr\/wp-json\/wp\/v2\/users\/14"}],"replies":[{"embeddable":true,"href":"https:\/\/www.omni-biotic.com\/fr-fr\/wp-json\/wp\/v2\/comments?post=23202"}],"version-history":[{"count":7,"href":"https:\/\/www.omni-biotic.com\/fr-fr\/wp-json\/wp\/v2\/posts\/23202\/revisions"}],"predecessor-version":[{"id":24085,"href":"https:\/\/www.omni-biotic.com\/fr-fr\/wp-json\/wp\/v2\/posts\/23202\/revisions\/24085"}],"wp:featuredmedia":[{"embeddable":true,"href":"https:\/\/www.omni-biotic.com\/fr-fr\/wp-json\/wp\/v2\/media\/23205"}],"wp:attachment":[{"href":"https:\/\/www.omni-biotic.com\/fr-fr\/wp-json\/wp\/v2\/media?parent=23202"}],"wp:term":[{"taxonomy":"category","embeddable":true,"href":"https:\/\/www.omni-biotic.com\/fr-fr\/wp-json\/wp\/v2\/categories?post=23202"},{"taxonomy":"post_tag","embeddable":true,"href":"https:\/\/www.omni-biotic.com\/fr-fr\/wp-json\/wp\/v2\/tags?post=23202"}],"curies":[{"name":"wp","href":"https:\/\/api.w.org\/{rel}","templated":true}]}}