{"id":23422,"date":"2024-01-30T10:02:14Z","date_gmt":"2024-01-30T09:02:14Z","guid":{"rendered":"https:\/\/www.omni-biotic.com\/fr-fr\/?p=23422"},"modified":"2024-02-23T11:23:28Z","modified_gmt":"2024-02-23T10:23:28Z","slug":"omni-biotic-pro-vi-5","status":"publish","type":"post","link":"https:\/\/www.omni-biotic.com\/fr-fr\/blog\/omni-biotic-pro-vi-5\/","title":{"rendered":"OMNi-BiOTiC\u00ae Pro-Vi 5"},"content":{"rendered":"\t\t<div data-elementor-type=\"wp-post\" data-elementor-id=\"23422\" class=\"elementor elementor-23422\" data-elementor-post-type=\"post\">\n\t\t\t\t<div class=\"elementor-element elementor-element-27f7dbf obcs none e-flex e-con-boxed e-con e-parent\" data-id=\"27f7dbf\" data-element_type=\"container\">\n\t\t\t\t\t<div class=\"e-con-inner\">\n\t\t\t\t<div class=\"elementor-element elementor-element-acb24d4 elementor-widget elementor-widget-text-editor\" data-id=\"acb24d4\" data-element_type=\"widget\" data-widget_type=\"text-editor.default\">\n\t\t\t\t<div class=\"elementor-widget-container\">\n\t\t\t\t\t\t\t\t\t<p><em><strong>OMNi-BiOTiC\u00ae Pro-Vi 5 est un compl\u00e9ment alimentaire \u00e0 base de ferments lactiques<\/strong><\/em><\/p><p><em>L\u2019intestin et le syst\u00e8me immunitaire sont \u00e9troitement li\u00e9s. D\u2019une part, nos bact\u00e9ries intestinales forment une barri\u00e8re protectrice importante dans l\u2019intestin, emp\u00eachant les germes pathog\u00e8nes et les toxines de franchir la paroi intestinale pour atteindre la circulation sanguine. D\u2019autre part, environ 80 % de nos cellules immunitaires se trouvent dans l\u2019intestin, ce qui influence la sant\u00e9 de mani\u00e8re g\u00e9n\u00e9rale et le d\u00e9veloppement de certaines maladies.<\/em><\/p>\t\t\t\t\t\t\t\t<\/div>\n\t\t\t\t<\/div>\n\t\t\t\t\t<\/div>\n\t\t\t\t<\/div>\n\t\t<div class=\"elementor-element elementor-element-e249267 obcs none e-flex e-con-boxed e-con e-parent\" data-id=\"e249267\" data-element_type=\"container\">\n\t\t\t\t\t<div class=\"e-con-inner\">\n\t\t\t\t<div class=\"elementor-element elementor-element-4b469fb elementor-widget elementor-widget-image\" data-id=\"4b469fb\" data-element_type=\"widget\" data-widget_type=\"image.default\">\n\t\t\t\t<div class=\"elementor-widget-container\">\n\t\t\t\t\t\t\t\t\t\t\t\t\t\t\t<img fetchpriority=\"high\" decoding=\"async\" width=\"800\" height=\"634\" src=\"https:\/\/www.omni-biotic.com\/fr-fr\/wp-content\/uploads\/sites\/4\/2024\/01\/omnibiotic_provi5_immunite-1024x811.jpg\" class=\"attachment-large size-large wp-image-23426\" alt=\"OMNi-BiOTiC\u00ae Pro-Vi 5 : pour le syst\u00e8me immunitaire et l&#039;immunit\u00e9\" srcset=\"https:\/\/www.omni-biotic.com\/fr-fr\/wp-content\/uploads\/sites\/4\/2024\/01\/omnibiotic_provi5_immunite-1024x811.jpg 1024w, https:\/\/www.omni-biotic.com\/fr-fr\/wp-content\/uploads\/sites\/4\/2024\/01\/omnibiotic_provi5_immunite-300x238.jpg 300w, https:\/\/www.omni-biotic.com\/fr-fr\/wp-content\/uploads\/sites\/4\/2024\/01\/omnibiotic_provi5_immunite-768x609.jpg 768w, https:\/\/www.omni-biotic.com\/fr-fr\/wp-content\/uploads\/sites\/4\/2024\/01\/omnibiotic_provi5_immunite-1536x1217.jpg 1536w, https:\/\/www.omni-biotic.com\/fr-fr\/wp-content\/uploads\/sites\/4\/2024\/01\/omnibiotic_provi5_immunite.jpg 1638w\" sizes=\"(max-width: 800px) 100vw, 800px\" title=\"\">\t\t\t\t\t\t\t\t\t\t\t\t\t\t\t<\/div>\n\t\t\t\t<\/div>\n\t\t\t\t<div class=\"elementor-element elementor-element-775bddb elementor-widget elementor-widget-heading\" data-id=\"775bddb\" data-element_type=\"widget\" data-widget_type=\"heading.default\">\n\t\t\t\t<div class=\"elementor-widget-container\">\n\t\t\t\t\t<h2 class=\"elementor-heading-title elementor-size-default\">Syst\u00e8me immunitaire et intestin<\/h2>\t\t\t\t<\/div>\n\t\t\t\t<\/div>\n\t\t\t\t<div class=\"elementor-element elementor-element-b14f651 elementor-widget__width-initial elementor-widget elementor-widget-text-editor\" data-id=\"b14f651\" data-element_type=\"widget\" data-widget_type=\"text-editor.default\">\n\t\t\t\t<div class=\"elementor-widget-container\">\n\t\t\t\t\t\t\t\t\t<p><a href=\"https:\/\/www.omni-biotic.com\/fr-fr\/sante-intestin\/intestin-organe-influent\/systeme-immunitaire\/\"><strong>Le syst\u00e8me immunitaire<\/strong><\/a> et l\u2019intestin, alli\u00e9 essentiel, sont confront\u00e9s \u00e0 de grands d\u00e9fis au quotidien. Pour commencer, <strong>les nombreux virus<\/strong> et autres micro-organismes pathog\u00e8nes qui circulent mettent nos d\u00e9fenses immunitaires \u00e0 rude \u00e9preuve. <strong>Les changements constants de temp\u00e9rature<\/strong> ne simplifient pas la t\u00e2che de notre syst\u00e8me de d\u00e9fense. De plus,<strong> un mode de vie <\/strong>mauvais pour la sant\u00e9 <em>(tabagisme, consommation d\u2019alcool, manque d\u2019activit\u00e9 physique, etc.)<\/em> ainsi qu\u2019<strong>une alimentation d\u00e9s\u00e9quilibr\u00e9e<\/strong> ont un impact sur <a href=\"https:\/\/www.omni-biotic.com\/fr-fr\/sante-intestin\/intestin-centre-bien-etre\/microbiote-intestinal\/\"><strong>le microbiote intestinal<\/strong><\/a> et peuvent priver le syst\u00e8me immunitaire de substances importantes telles que <strong>la vitamine D<\/strong>, dont il a besoin pour fonctionner correctement.<\/p><p><a href=\"https:\/\/shop.omni-biotic.com\/fr-fr\/products\/omni-biotic-pro-vi-5-int-43100\"><strong>OMNi-BiOTiC\u00ae Pro-Vi 5<\/strong><\/a> est compos\u00e9 d\u2019une combinaison innovante et unique de cinq souches bact\u00e9riennes qui ont fait leurs preuves dans de nombreuses \u00e9tudes. Ce probiotique participe au <strong>maintien de l\u2019\u00e9quilibre du microbiote intestinal<\/strong> gr\u00e2ce aux 5 milliards d\u2019UFC qu\u2019il contient par portion. De plus, la formule est compl\u00e9t\u00e9e par de la vitamine D dont le r\u00f4le est central pour <strong>le fonctionnement normal du syst\u00e8me immunitaire<\/strong>.<\/p>\t\t\t\t\t\t\t\t<\/div>\n\t\t\t\t<\/div>\n\t\t\t\t\t<\/div>\n\t\t\t\t<\/div>\n\t\t<div class=\"elementor-element elementor-element-bf83a00 obcs none e-flex e-con-boxed e-con e-parent\" data-id=\"bf83a00\" data-element_type=\"container\">\n\t\t\t\t\t<div class=\"e-con-inner\">\n\t\t\t\t<div class=\"elementor-element elementor-element-b3864a9 elementor-widget elementor-widget-button\" data-id=\"b3864a9\" data-element_type=\"widget\" data-widget_type=\"button.default\">\n\t\t\t\t<div class=\"elementor-widget-container\">\n\t\t\t\t\t\t\t\t\t<div class=\"elementor-button-wrapper\">\n\t\t\t\t\t<a class=\"elementor-button elementor-button-link elementor-size-md\" href=\"https:\/\/www.omni-biotic.com\/fr-fr\/blog\/la-vitamine-d\/\">\n\t\t\t\t\t\t<span class=\"elementor-button-content-wrapper\">\n\t\t\t\t\t\t\t\t\t<span class=\"elementor-button-text\">La vitamine D et son importance pour le syst\u00e8me immunitaire<\/span>\n\t\t\t\t\t<\/span>\n\t\t\t\t\t<\/a>\n\t\t\t\t<\/div>\n\t\t\t\t\t\t\t\t<\/div>\n\t\t\t\t<\/div>\n\t\t\t\t\t<\/div>\n\t\t\t\t<\/div>\n\t\t<div class=\"elementor-element elementor-element-48fa64b obcs none e-flex e-con-boxed e-con e-parent\" data-id=\"48fa64b\" data-element_type=\"container\">\n\t\t\t\t\t<div class=\"e-con-inner\">\n\t\t\t\t<div class=\"elementor-element elementor-element-cfb6da4 elementor-widget elementor-widget-heading\" data-id=\"cfb6da4\" data-element_type=\"widget\" data-widget_type=\"heading.default\">\n\t\t\t\t<div class=\"elementor-widget-container\">\n\t\t\t\t\t<h2 class=\"elementor-heading-title elementor-size-default\">Qu'est-ce qui rend OMNi-BiOTiC\u00ae Pro-Vi 5 si particulier ?<\/h2>\t\t\t\t<\/div>\n\t\t\t\t<\/div>\n\t\t\t\t<div class=\"elementor-element elementor-element-45a8ff8 elementor-widget elementor-widget-text-editor\" data-id=\"45a8ff8\" data-element_type=\"widget\" data-widget_type=\"text-editor.default\">\n\t\t\t\t<div class=\"elementor-widget-container\">\n\t\t\t\t\t\t\t\t\t<p><strong><a href=\"https:\/\/shop.omni-biotic.com\/fr-fr\/products\/omni-biotic-pro-vi-5-int-43100\">OMNi-BiOTiC\u00ae Pro-Vi 5<\/a> : 5 bact\u00e9ries hautement actives et de la vitamine D pour le syst\u00e8me immunitaire !<\/strong><\/p><p>La particularit\u00e9 d&rsquo;OMNi-BiOTiC\u00ae Pro-Vi 5 est la combinaison unique de 5 souches bact\u00e9riennes s\u00e9lectionn\u00e9es <strong>pour leurs propri\u00e9t\u00e9s \u00e0 r\u00e9agir face aux virus<\/strong>. Chaque sachet d&rsquo;OMNi-BiOTiC\u00ae Pro-Vi 5 contient 5 milliards d\u2019UFC, des ferments lactiques scientifiquement test\u00e9s. La vitamine D est ajout\u00e9e \u00e0 cette formule car elle contribue au fonctionnement normal des d\u00e9fenses immunitaires <strong>chez les adultes et les enfants<\/strong>.<\/p><p>OMNi- BiOTiC\u00ae Pro-Vi 5 contient :<\/p><ul><li><em>Lactobacillus delbrueckii ssp. bulgaricus LB2 (LMG P-21905)<\/em><\/li><li><em>Lactobacillus rhamnosus SP1 (DSM 21690)<\/em><\/li><li><em>Lactobacillus reuteri DSM 12246<\/em><\/li><li><em>Lactobacillus rhamnosus CRL1505 (DSM 29673)<\/em><\/li><li><em>Bifidobacterium animalis ssp. lactis DSM 15954<\/em><\/li><\/ul>\t\t\t\t\t\t\t\t<\/div>\n\t\t\t\t<\/div>\n\t\t\t\t<div class=\"elementor-element elementor-element-e01d1cd elementor-widget elementor-widget-heading\" data-id=\"e01d1cd\" data-element_type=\"widget\" data-widget_type=\"heading.default\">\n\t\t\t\t<div class=\"elementor-widget-container\">\n\t\t\t\t\t<h2 class=\"elementor-heading-title elementor-size-default\">Quand utiliser OMNi-BiOTiC\u00ae Pro-Vi 5 ?<\/h2>\t\t\t\t<\/div>\n\t\t\t\t<\/div>\n\t\t\t\t<div class=\"elementor-element elementor-element-a170400 elementor-widget elementor-widget-text-editor\" data-id=\"a170400\" data-element_type=\"widget\" data-widget_type=\"text-editor.default\">\n\t\t\t\t<div class=\"elementor-widget-container\">\n\t\t\t\t\t\t\t\t\t<p>L\u2019exposition \u00e0 diff\u00e9rents virus ou germes et les variations de temp\u00e9rature sont des<strong> charges importantes<\/strong> pour notre syst\u00e8me immunitaire. Par ailleurs, une alimentation d\u00e9s\u00e9quilibr\u00e9e et pauvre en fibres alimentaires influence la composition de notre microbiote intestinal car la diversit\u00e9 bact\u00e9rienne se voit r\u00e9duite <em>(<a href=\"https:\/\/www.omni-biotic.com\/fr-fr\/sante-intestin\/intestin-centre-bien-etre\/bacteries-intestinales\/\"><strong>les bact\u00e9ries intestinales<\/strong> <\/a>se nourrissent de fibres alimentaires, c&rsquo;est pourquoi elles sont importantes pour leur d\u00e9veloppement)<\/em>. Pour finir, les courtes journ\u00e9es d\u2019hiver et les nombreuses heures pass\u00e9es au bureau privent le syst\u00e8me immunitaire de la vitamine du soleil, \u00e0 savoir la vitamine D si ch\u00e8re \u00e0 nos d\u00e9fenses.<\/p><p>L&rsquo;utilisation d&rsquo;<a href=\"https:\/\/shop.omni-biotic.com\/fr-fr\/products\/omni-biotic-pro-vi-5-int-43100\"><strong>OMNi-BiOTiC\u00ae Pro-Vi 5<\/strong><\/a> est recommand\u00e9e lorsque <strong>les d\u00e9fenses de l&rsquo;organisme sont particuli\u00e8rement sollicit\u00e9es<\/strong>. Puisqu&rsquo;il contient exclusivement des souches bact\u00e9riennes test\u00e9es scientifiquement et pr\u00e9sentes naturellement dans l&rsquo;intestin humain, OMNi-BiOTiC\u00ae Pro-Vi 5 convient \u00e9galement <strong>aux enfants<\/strong> en bas \u00e2ge ainsi que pendant la grossesse et l&rsquo;allaitement.<\/p>\t\t\t\t\t\t\t\t<\/div>\n\t\t\t\t<\/div>\n\t\t\t\t\t<\/div>\n\t\t\t\t<\/div>\n\t\t<div class=\"elementor-element elementor-element-1b70dd5 obcs none e-flex e-con-boxed e-con e-parent\" data-id=\"1b70dd5\" data-element_type=\"container\">\n\t\t\t\t\t<div class=\"e-con-inner\">\n\t\t\t\t<div class=\"elementor-element elementor-element-f37c87b elementor-widget elementor-widget-li-widgets--author-quote\" data-id=\"f37c87b\" data-element_type=\"widget\" data-widget_type=\"li-widgets--author-quote.default\">\n\t\t\t\t<div class=\"elementor-widget-container\">\n\t\t\t\t\t<div class=\"li-widgets--author-quote none\">\n        <div class=\"li-widgets--author-quote__image--wrapper\">\n        <div class=\"li-widgets--author-quote__image\">\n            <img decoding=\"async\" width=\"150\" height=\"150\" src=\"https:\/\/www.omni-biotic.com\/fr-fr\/wp-content\/uploads\/sites\/4\/2022\/12\/alina-johnston-bloggerin.jpg\" class=\"attachment-medium size-medium\" alt=\"Alina Johnston, Bloggerin\" title=\"\">        <\/div>\n    <\/div>\n        <div class=\"li-widgets--author-quote__content\">\n        <div class=\"li-widgets--author-quote__content--text\">\n            Ce n'est pas seulement depuis l\u2019\u00e9pid\u00e9mie de Covid-19 que nous le savons : se laver les mains est plus important qu'on ne le pense ! Le syst\u00e8me immunitaire est essentiel \u00e0 notre bien-\u00eatre. C'est pourquoi je le soutiens avec OMNi-BiOTiC\u00ae Pro-Vi 5.        <\/div>\n        <div class=\"li-widgets--author-quote__content--author\">\n            Alina Johnston, blogueuse        <\/div>\n            <\/div>\n        <div class=\"li-widgets--author-quote__icon\">\n        <i aria-hidden=\"true\" class=\"fas fa-quote-left\"><\/i>    <\/div>\n    <\/div>\n\t\t\t\t<\/div>\n\t\t\t\t<\/div>\n\t\t\t\t\t<\/div>\n\t\t\t\t<\/div>\n\t\t<div class=\"elementor-element elementor-element-fff3361 obcs none e-flex e-con-boxed e-con e-parent\" data-id=\"fff3361\" data-element_type=\"container\">\n\t\t\t\t\t<div class=\"e-con-inner\">\n\t\t\t\t<div class=\"elementor-element elementor-element-1b79abc elementor-widget elementor-widget-heading\" data-id=\"1b79abc\" data-element_type=\"widget\" data-widget_type=\"heading.default\">\n\t\t\t\t<div class=\"elementor-widget-container\">\n\t\t\t\t\t<h2 class=\"elementor-heading-title elementor-size-default\">Comment utiliser OMNi-BiOTiC\u00ae Pro-Vi 5 ?<\/h2>\t\t\t\t<\/div>\n\t\t\t\t<\/div>\n\t\t\t\t<div class=\"elementor-element elementor-element-bf7cd94 elementor-widget__width-initial elementor-widget elementor-widget-text-editor\" data-id=\"bf7cd94\" data-element_type=\"widget\" data-widget_type=\"text-editor.default\">\n\t\t\t\t<div class=\"elementor-widget-container\">\n\t\t\t\t\t\t\t\t\t<p>1 \u00e0 2 fois par jour, diluer un sachet d&rsquo;OMNi-BiOTiC\u00ae Pro-Vi 5 (= 2 g) dans un verre d&rsquo;eau (environ 125 ml), attendre au moins une minute pour l\u2019activation des bact\u00e9ries, m\u00e9langer \u00e0 nouveau et boire.<\/p><p>Il est recommand\u00e9 de prendre le produit de pr\u00e9f\u00e9rence \u00e0 jeun. Si vous prenez <a href=\"https:\/\/shop.omni-biotic.com\/fr-fr\/products\/omni-biotic-pro-vi-5-int-43100\"><strong>OMNi-BiOTiC\u00ae Pro-Vi 5<\/strong><\/a> deux fois par jour, il est conseill\u00e9 de l&rsquo;utiliser avant le petit-d\u00e9jeuner et avant le d\u00eener.<\/p><p><strong>Pour les enfants<\/strong>, il est recommand\u00e9 d&rsquo;utiliser un sachet d&rsquo;OMNi-BiOTiC\u00ae Pro-Vi 5 par jour.<\/p>\t\t\t\t\t\t\t\t<\/div>\n\t\t\t\t<\/div>\n\t\t\t\t<div class=\"elementor-element elementor-element-01368d9 elementor-widget elementor-widget-image\" data-id=\"01368d9\" data-element_type=\"widget\" data-widget_type=\"image.default\">\n\t\t\t\t<div class=\"elementor-widget-container\">\n\t\t\t\t\t\t\t\t\t\t\t\t\t\t\t<img decoding=\"async\" width=\"800\" height=\"258\" src=\"https:\/\/www.omni-biotic.com\/fr-fr\/wp-content\/uploads\/sites\/4\/2024\/01\/mode_emploi_probiotique-1024x330.png\" class=\"attachment-large size-large wp-image-23430\" alt=\"Probiotique flore intime : OMNi-BiOTiC\u00ae FLORA plus\" srcset=\"https:\/\/www.omni-biotic.com\/fr-fr\/wp-content\/uploads\/sites\/4\/2024\/01\/mode_emploi_probiotique-1024x330.png 1024w, https:\/\/www.omni-biotic.com\/fr-fr\/wp-content\/uploads\/sites\/4\/2024\/01\/mode_emploi_probiotique-300x97.png 300w, https:\/\/www.omni-biotic.com\/fr-fr\/wp-content\/uploads\/sites\/4\/2024\/01\/mode_emploi_probiotique-768x248.png 768w, https:\/\/www.omni-biotic.com\/fr-fr\/wp-content\/uploads\/sites\/4\/2024\/01\/mode_emploi_probiotique.png 1200w\" sizes=\"(max-width: 800px) 100vw, 800px\" title=\"\">\t\t\t\t\t\t\t\t\t\t\t\t\t\t\t<\/div>\n\t\t\t\t<\/div>\n\t\t\t\t\t<\/div>\n\t\t\t\t<\/div>\n\t\t\t\t<\/div>\n\t\t","protected":false},"excerpt":{"rendered":"<p>Immunit\u00e9 et microbiote intestinal \/ 5 souches bact\u00e9riennes hautement actives et de la vitamine D pour le syst\u00e8me immunitaire<\/p>\n","protected":false},"author":14,"featured_media":23426,"comment_status":"closed","ping_status":"closed","sticky":false,"template":"","format":"standard","meta":{"_acf_changed":false,"inline_featured_image":false,"footnotes":""},"categories":[217],"tags":[],"class_list":["post-23422","post","type-post","status-publish","format-standard","has-post-thumbnail","hentry","category-probiotiques"],"acf":[],"rank_math":{"og:title":"OMNi-BiOTiC\u00ae Pro-Vi 5 - Science et qualit\u00e9","og:desc":"OMNi-BiOTiC\u00ae Pro-Vi 5 est un probiotique de la gamme OMNi-BiOTiC\u00ae pour le syst\u00e8me immunitaire. D\u00e9couvrez le lien entre l'immunit\u00e9 et l'intestin.","og:url":"https:\/\/www.omni-biotic.com\/fr-fr\/blog\/omni-biotic-pro-vi-5\/","og:locale":"fr_FR","og:image":"https:\/\/www.omni-biotic.com\/fr-fr\/wp-content\/uploads\/sites\/4\/2024\/01\/omnibiotic_provi5_immunite.jpg","og:image:width":"1638","og:image:height":"1298"},"additional_data":{"thumbnail":"https:\/\/www.omni-biotic.com\/fr-fr\/wp-content\/uploads\/sites\/4\/2024\/01\/omnibiotic_provi5_immunite.jpg"},"blog_info":{"country":"fr-fr"},"_links":{"self":[{"href":"https:\/\/www.omni-biotic.com\/fr-fr\/wp-json\/wp\/v2\/posts\/23422","targetHints":{"allow":["GET"]}}],"collection":[{"href":"https:\/\/www.omni-biotic.com\/fr-fr\/wp-json\/wp\/v2\/posts"}],"about":[{"href":"https:\/\/www.omni-biotic.com\/fr-fr\/wp-json\/wp\/v2\/types\/post"}],"author":[{"embeddable":true,"href":"https:\/\/www.omni-biotic.com\/fr-fr\/wp-json\/wp\/v2\/users\/14"}],"replies":[{"embeddable":true,"href":"https:\/\/www.omni-biotic.com\/fr-fr\/wp-json\/wp\/v2\/comments?post=23422"}],"version-history":[{"count":7,"href":"https:\/\/www.omni-biotic.com\/fr-fr\/wp-json\/wp\/v2\/posts\/23422\/revisions"}],"predecessor-version":[{"id":23467,"href":"https:\/\/www.omni-biotic.com\/fr-fr\/wp-json\/wp\/v2\/posts\/23422\/revisions\/23467"}],"wp:featuredmedia":[{"embeddable":true,"href":"https:\/\/www.omni-biotic.com\/fr-fr\/wp-json\/wp\/v2\/media\/23426"}],"wp:attachment":[{"href":"https:\/\/www.omni-biotic.com\/fr-fr\/wp-json\/wp\/v2\/media?parent=23422"}],"wp:term":[{"taxonomy":"category","embeddable":true,"href":"https:\/\/www.omni-biotic.com\/fr-fr\/wp-json\/wp\/v2\/categories?post=23422"},{"taxonomy":"post_tag","embeddable":true,"href":"https:\/\/www.omni-biotic.com\/fr-fr\/wp-json\/wp\/v2\/tags?post=23422"}],"curies":[{"name":"wp","href":"https:\/\/api.w.org\/{rel}","templated":true}]}}