{"id":24003,"date":"2024-02-23T08:56:45Z","date_gmt":"2024-02-23T07:56:45Z","guid":{"rendered":"https:\/\/www.omni-biotic.com\/fr-fr\/?p=24003"},"modified":"2026-04-02T13:27:44Z","modified_gmt":"2026-04-02T11:27:44Z","slug":"probiotique-bebe-microbiote","status":"publish","type":"post","link":"https:\/\/www.omni-biotic.com\/fr-fr\/blog\/probiotique-bebe-microbiote\/","title":{"rendered":"Probiotique b\u00e9b\u00e9 : soutenir le microbiote d\u2019un nouveau-n\u00e9"},"content":{"rendered":"\t\t<div data-elementor-type=\"wp-post\" data-elementor-id=\"24003\" class=\"elementor elementor-24003\" data-elementor-post-type=\"post\">\n\t\t\t\t<div class=\"elementor-element elementor-element-fe1b770 obcs none e-flex e-con-boxed e-con e-parent\" data-id=\"fe1b770\" data-element_type=\"container\">\n\t\t\t\t\t<div class=\"e-con-inner\">\n\t\t\t\t<div class=\"elementor-element elementor-element-19cf05b elementor-widget elementor-widget-text-editor\" data-id=\"19cf05b\" data-element_type=\"widget\" data-widget_type=\"text-editor.default\">\n\t\t\t\t<div class=\"elementor-widget-container\">\n\t\t\t\t\t\t\t\t\t<p><strong><em>Probiotique b\u00e9b\u00e9\u00a0: pourquoi et comment soutenir le microbiote d\u2019un nouveau-n\u00e9\u00a0?<\/em><\/strong> \u00a0<\/p><p><i>Pourquoi le microbiome est d\u00e9j\u00e0 si important pour un b\u00e9b\u00e9 ? Le corps humain est peupl\u00e9 de milliards de micro-organismes et un monde bact\u00e9rien riche et diversifi\u00e9 est profitable \u00e0 la sant\u00e9 d&rsquo;un b\u00e9b\u00e9. Le microbiome se d\u00e9veloppe jusqu&rsquo;\u00e0 l&rsquo;\u00e2ge de trois ans et reste ensuite relativement stable. Il fait donc partie int\u00e9grante de l&rsquo;\u00e9cosyst\u00e8me de l&rsquo;organisme et influence fortement la digestion, les processus m\u00e9taboliques et le syst\u00e8me immunitaire. Des \u00e9tudes ont r\u00e9v\u00e9l\u00e9 la mani\u00e8re dont les bact\u00e9ries de la m\u00e8re sont transmises au nouveau-n\u00e9 et ces recherches fournissent des premi\u00e8res indications sur l&rsquo;influence du microbiote sur le syst\u00e8me de d\u00e9fense.\u00a0<\/i><\/p>\t\t\t\t\t\t\t\t<\/div>\n\t\t\t\t<\/div>\n\t\t\t\t<div class=\"elementor-element elementor-element-41b22f4 elementor-widget elementor-widget-image\" data-id=\"41b22f4\" data-element_type=\"widget\" data-widget_type=\"image.default\">\n\t\t\t\t<div class=\"elementor-widget-container\">\n\t\t\t\t\t\t\t\t\t\t\t\t\t\t\t<img fetchpriority=\"high\" decoding=\"async\" width=\"800\" height=\"531\" src=\"https:\/\/www.omni-biotic.com\/fr-fr\/wp-content\/uploads\/sites\/4\/2024\/02\/probiotique_bebe_soutenir_microbiote-1024x680.jpg\" class=\"attachment-large size-large wp-image-24007\" alt=\"Probiotique b\u00e9b\u00e9 : soutenir le microbiote d&#039;un nouveau-n\u00e9\" srcset=\"https:\/\/www.omni-biotic.com\/fr-fr\/wp-content\/uploads\/sites\/4\/2024\/02\/probiotique_bebe_soutenir_microbiote-1024x680.jpg 1024w, https:\/\/www.omni-biotic.com\/fr-fr\/wp-content\/uploads\/sites\/4\/2024\/02\/probiotique_bebe_soutenir_microbiote-300x199.jpg 300w, https:\/\/www.omni-biotic.com\/fr-fr\/wp-content\/uploads\/sites\/4\/2024\/02\/probiotique_bebe_soutenir_microbiote-768x510.jpg 768w, https:\/\/www.omni-biotic.com\/fr-fr\/wp-content\/uploads\/sites\/4\/2024\/02\/probiotique_bebe_soutenir_microbiote.jpg 1200w\" sizes=\"(max-width: 800px) 100vw, 800px\" title=\"\">\t\t\t\t\t\t\t\t\t\t\t\t\t\t\t<\/div>\n\t\t\t\t<\/div>\n\t\t\t\t<div class=\"elementor-element elementor-element-82f82fb elementor-widget elementor-widget-heading\" data-id=\"82f82fb\" data-element_type=\"widget\" data-widget_type=\"heading.default\">\n\t\t\t\t<div class=\"elementor-widget-container\">\n\t\t\t\t\t<h2 class=\"elementor-heading-title elementor-size-default\">Formation du microbiote : le r\u00f4le d\u00e9cisif du microbiome de la m\u00e8re <\/h2>\t\t\t\t<\/div>\n\t\t\t\t<\/div>\n\t\t\t\t<div class=\"elementor-element elementor-element-c94c449 elementor-widget elementor-widget-heading\" data-id=\"c94c449\" data-element_type=\"widget\" data-widget_type=\"heading.default\">\n\t\t\t\t<div class=\"elementor-widget-container\">\n\t\t\t\t\t<h4 class=\"elementor-heading-title elementor-size-default\">Lors de l'accouchement<\/h4>\t\t\t\t<\/div>\n\t\t\t\t<\/div>\n\t\t\t\t<div class=\"elementor-element elementor-element-b74bbce elementor-widget elementor-widget-text-editor\" data-id=\"b74bbce\" data-element_type=\"widget\" data-widget_type=\"text-editor.default\">\n\t\t\t\t<div class=\"elementor-widget-container\">\n\t\t\t\t\t\t\t\t\t<p>La colonisation bact\u00e9rienne de l&rsquo;intestin d&rsquo;un f\u0153tus est toujours consid\u00e9r\u00e9e comme une hypoth\u00e8se par les scientifiques. Certes, des travaux de recherche r\u00e9cents ont d\u00e9tect\u00e9 des micro-organismes dans l&rsquo;ut\u00e9rus, le cordon ombilical et le placenta, mais il n&rsquo;a pas encore \u00e9t\u00e9 possible de prouver qu&rsquo;ils colonisent l&rsquo;intestin d&rsquo;un nouveau-n\u00e9. On sait par ailleurs que <a href=\"https:\/\/www.omni-biotic.com\/fr-fr\/sante-intestin\/intestin-centre-bien-etre\/microbiome\/\"><strong>la composition du microbiome<\/strong> <\/a>de la m\u00e8re pendant et apr\u00e8s l&rsquo;accouchement est d\u00e9cisive.\u00a0<\/p><p>Lors d&rsquo;un <strong>accouchement par voie basse<\/strong>, le nouveau-n\u00e9 est en contact avec la flore bact\u00e9rienne de sa m\u00e8re notamment <strong>les bact\u00e9ries lactiques<\/strong> lors de son passage dans la voie vaginale et ces bact\u00e9ries lui sont donc transmises et colonisent son intestin. Pour les <strong>enfants n\u00e9s par c\u00e9sarienne<\/strong>, leur microbiome postnatal pr\u00e9sente moins de bact\u00e9ries utiles, telles que les lactobacilles et les bifidobact\u00e9ries, et davantage de <strong>micro-organismes provenant de l&rsquo;environnement<\/strong> de la maternit\u00e9.\u00a0<\/p><p>Un nombre r\u00e9duit de bact\u00e9ries b\u00e9n\u00e9fiques les rend plus vuln\u00e9rables <a href=\"https:\/\/www.omni-biotic.com\/fr-fr\/blog\/colique-du-nourrisson-comment-aider-votre-bebe\/\"><strong>aux coliques du nourrisson<\/strong><\/a>, aux maladies infectieuses et <a href=\"https:\/\/www.omni-biotic.com\/fr-fr\/troubles-digestifs\/allergies\/\"><strong>aux allergies<\/strong><\/a>. On tente de rem\u00e9dier \u00e0 ce probl\u00e8me en pratiquant ce que l&rsquo;on appelle le \u00ab vaginal seeding \u00bb, c&rsquo;est-\u00e0-dire en mouillant le nourrisson avec les s\u00e9cr\u00e9tions vaginales de sa m\u00e8re apr\u00e8s la c\u00e9sarienne.<\/p><p>Par ailleurs, <strong>un traitement antibiotique<\/strong> peut \u00e9galement d\u00e9s\u00e9quilibrer consid\u00e9rablement le microbiome sensible d&rsquo;un b\u00e9b\u00e9. C&rsquo;est pourquoi il est conseill\u00e9 d&rsquo;utiliser un probiotique en accompagnement d&rsquo;une antibioth\u00e9rapie pour soutenir <a href=\"https:\/\/www.omni-biotic.com\/fr-fr\/sante-intestin\/intestin-centre-bien-etre\/microbiote-intestinal\/\"><strong>la flore intestinale<\/strong><\/a>.\u00a0<\/p>\t\t\t\t\t\t\t\t<\/div>\n\t\t\t\t<\/div>\n\t\t\t\t<div class=\"elementor-element elementor-element-18ee07a elementor-widget elementor-widget-heading\" data-id=\"18ee07a\" data-element_type=\"widget\" data-widget_type=\"heading.default\">\n\t\t\t\t<div class=\"elementor-widget-container\">\n\t\t\t\t\t<h4 class=\"elementor-heading-title elementor-size-default\">Lors de l'allaitement<\/h4>\t\t\t\t<\/div>\n\t\t\t\t<\/div>\n\t\t\t\t<div class=\"elementor-element elementor-element-3a473bc elementor-widget elementor-widget-text-editor\" data-id=\"3a473bc\" data-element_type=\"widget\" data-widget_type=\"text-editor.default\">\n\t\t\t\t<div class=\"elementor-widget-container\">\n\t\t\t\t\t\t\t\t\t<p><a href=\"https:\/\/www.omni-biotic.com\/fr-fr\/blog\/le-lait-maternel-une-source-de-bienfaits-pour-votre-bebe\/\"><strong>Le lait maternel<\/strong><\/a> permet aussi de fournir des micro-organismes b\u00e9n\u00e9fiques car il contient plusieurs centaines d\u2019esp\u00e8ces bact\u00e9riennes dont des bifidobact\u00e9ries qui contribuent <strong>au bon d\u00e9veloppement du syst\u00e8me immunitaire<\/strong> de l\u2019enfant. Le premier lait jaun\u00e2tre et \u00e9pais, nomm\u00e9 <strong>colostrum<\/strong>, est particuli\u00e8rement pr\u00e9cieux car il est <strong>riche en prot\u00e9ines<\/strong> et en substances immunitaires et constitue une sorte de \u00ab premier vaccin \u00bb. De plus, la surface de<a href=\"https:\/\/www.omni-biotic.com\/fr-fr\/blog\/microbiote-cutane\/\"><strong> la peau<\/strong><\/a> du sein constitue une autre source de bact\u00e9ries.\u00a0<\/p><p>Dans l&rsquo;ensemble, on trouve chez les enfants allait\u00e9s nettement plus d&rsquo;esp\u00e8ces de bifidobact\u00e9ries utiles, qui renforcent<strong> la fonction de barri\u00e8re de la muqueuse intestinale<\/strong> et fournissent aux cellules immunitaires de l&rsquo;intestin des informations importantes pour combattre les agents pathog\u00e8nes. A titre d&rsquo;illustration, <strong>les bifidobact\u00e9ries<\/strong> ne repr\u00e9sentent que <strong>50%<\/strong> des esp\u00e8ces bact\u00e9riennes pr\u00e9sentes dans l&rsquo;intestin chez les b\u00e9b\u00e9s nourris au biberon. Si des probiotiques sont ajout\u00e9s \u00e0 cette alimentation, la proportion de bifidobact\u00e9ries augmente tout de m\u00eame \u00e0<strong> 69 %<\/strong>. Les enfants allait\u00e9s profitent d\u2019une grande proportion de bifidobact\u00e9ries car leur intestin est colonis\u00e9 <strong>\u00e0 75 % <\/strong>par ce type de bact\u00e9ries.\u00a0<\/p>\t\t\t\t\t\t\t\t<\/div>\n\t\t\t\t<\/div>\n\t\t\t\t<div class=\"elementor-element elementor-element-4812308 elementor-widget elementor-widget-infobox\" data-id=\"4812308\" data-element_type=\"widget\" data-widget_type=\"infobox.default\">\n\t\t\t\t<div class=\"elementor-widget-container\">\n\t\t\t\t\t\n<div class=\"li-widgets--infobox magenta highlights-always-magenta\">\n\n    <div class=\"li-widgets--infobox__icon\">\n        <i aria-hidden=\"true\" class=\"fas fa-info\"><\/i>    <\/div>\n    <div class=\"li-widgets--infobox__text\">\n        Un accouchement par voie basse et l'allaitement ont des effets b\u00e9n\u00e9fiques sur le monde bact\u00e9rien d'un b\u00e9b\u00e9.    <\/div>\n    <div class=\"li-widgets--infobox__text-body\">\n            <\/div>\n\n    \n<\/div>\n\t\t\t\t<\/div>\n\t\t\t\t<\/div>\n\t\t\t\t<div class=\"elementor-element elementor-element-8ee315d elementor-widget elementor-widget-image\" data-id=\"8ee315d\" data-element_type=\"widget\" data-widget_type=\"image.default\">\n\t\t\t\t<div class=\"elementor-widget-container\">\n\t\t\t\t\t\t\t\t\t\t\t\t\t\t\t<img decoding=\"async\" width=\"800\" height=\"530\" src=\"https:\/\/www.omni-biotic.com\/fr-fr\/wp-content\/uploads\/sites\/4\/2024\/02\/probiotique_bebe_soutenir_microbiote-1024x678.png\" class=\"attachment-large size-large wp-image-24022\" alt=\"\" srcset=\"https:\/\/www.omni-biotic.com\/fr-fr\/wp-content\/uploads\/sites\/4\/2024\/02\/probiotique_bebe_soutenir_microbiote-1024x678.png 1024w, https:\/\/www.omni-biotic.com\/fr-fr\/wp-content\/uploads\/sites\/4\/2024\/02\/probiotique_bebe_soutenir_microbiote-300x199.png 300w, https:\/\/www.omni-biotic.com\/fr-fr\/wp-content\/uploads\/sites\/4\/2024\/02\/probiotique_bebe_soutenir_microbiote-768x509.png 768w, https:\/\/www.omni-biotic.com\/fr-fr\/wp-content\/uploads\/sites\/4\/2024\/02\/probiotique_bebe_soutenir_microbiote.png 1200w\" sizes=\"(max-width: 800px) 100vw, 800px\" title=\"\">\t\t\t\t\t\t\t\t\t\t\t\t\t\t\t<\/div>\n\t\t\t\t<\/div>\n\t\t\t\t<div class=\"elementor-element elementor-element-7417608 elementor-widget elementor-widget-heading\" data-id=\"7417608\" data-element_type=\"widget\" data-widget_type=\"heading.default\">\n\t\t\t\t<div class=\"elementor-widget-container\">\n\t\t\t\t\t<h2 class=\"elementor-heading-title elementor-size-default\">Probiotique b\u00e9b\u00e9 : en cas de microbiote d\u00e9s\u00e9quilibr\u00e9<\/h2>\t\t\t\t<\/div>\n\t\t\t\t<\/div>\n\t\t\t\t<div class=\"elementor-element elementor-element-c474e7e elementor-widget elementor-widget-text-editor\" data-id=\"c474e7e\" data-element_type=\"widget\" data-widget_type=\"text-editor.default\">\n\t\t\t\t<div class=\"elementor-widget-container\">\n\t\t\t\t\t\t\t\t\t<p>Une (future) m\u00e8re peut avoir <strong>un microbiome d\u00e9s\u00e9quilibr\u00e9<\/strong>, se manifestant par exemple par la pr\u00e9sence d\u2019une allergie ou d\u2019une maladie auto-immune, ou<strong> un microbiome alt\u00e9r\u00e9<\/strong> \u00e0 cause du stress ou des antibiotiques. Ce monde bact\u00e9rien perturb\u00e9 peut alors <strong>se transmettre au nouveau-n\u00e9<\/strong> par les diff\u00e9rentes voies pr\u00e9cis\u00e9es ci-dessus et impacter le d\u00e9veloppement de son syst\u00e8me immunitaire. Le d\u00e9s\u00e9quilibre du microbiome est entre autres li\u00e9 \u00e0 un d\u00e9s\u00e9quilibre de cellules sp\u00e9cifiques du syst\u00e8me immunitaire, <strong>les cellules T<\/strong> (notamment les cellules Th1 et Th2). Des \u00e9tudes montrent qu&rsquo;un exc\u00e8s de cytokines associ\u00e9es aux Th1 est li\u00e9 \u00e0 des maladies comme le psoriasis ou la polyarthrite rhumato\u00efde et qu&rsquo;une surproduction de cellules Th2 peut favoriser l&rsquo;apparition de maladies allergiques comme l&rsquo;asthme ou <a href=\"https:\/\/www.omni-biotic.com\/fr-fr\/blog\/dermatite-atopique-chez-les-nourrissons-pourquoi-utiliser-des-probiotiques\/\"><strong>l&rsquo;ecz\u00e9ma<\/strong><\/a>. C&rsquo;est pourquoi il est important pour chaque (future) m\u00e8re de veiller \u00e0 <strong>avoir un microbiome sain<\/strong> afin de soutenir au mieux la colonisation bact\u00e9rienne de la flore d&rsquo;un b\u00e9b\u00e9.<\/p>\t\t\t\t\t\t\t\t<\/div>\n\t\t\t\t<\/div>\n\t\t\t\t<div class=\"elementor-element elementor-element-a1220c5 elementor-widget elementor-widget-heading\" data-id=\"a1220c5\" data-element_type=\"widget\" data-widget_type=\"heading.default\">\n\t\t\t\t<div class=\"elementor-widget-container\">\n\t\t\t\t\t<h2 class=\"elementor-heading-title elementor-size-default\">Probiotique b\u00e9b\u00e9 : quels effets sur le microbiome et le syst\u00e8me immunitaire d'un nouveau-n\u00e9 ? <\/h2>\t\t\t\t<\/div>\n\t\t\t\t<\/div>\n\t\t\t\t<div class=\"elementor-element elementor-element-633cee9 elementor-widget elementor-widget-text-editor\" data-id=\"633cee9\" data-element_type=\"widget\" data-widget_type=\"text-editor.default\">\n\t\t\t\t<div class=\"elementor-widget-container\">\n\t\t\t\t\t\t\t\t\t<p>Les effets positifs des probiotiques concernant la r\u00e9gulation d\u2019un microbiome et d\u2019un syst\u00e8me immunitaire perturb\u00e9s ont \u00e9t\u00e9 clairement d\u00e9montr\u00e9s. Dans le cadre d\u2019une \u00e9tude contr\u00f4l\u00e9e par placebo, des femmes enceintes puis leur b\u00e9b\u00e9 ont pris une fois par jour <a href=\"https:\/\/www.omni-biotic.com\/fr-fr\/sante-intestin\/intestin-centre-bien-etre\/probiotiques\/\"><strong>un probiotique multi-esp\u00e8ces<\/strong><\/a> sp\u00e9cialement con\u00e7u pour eux. Apr\u00e8s trois mois seulement, le syst\u00e8me immunitaire de 80 % des enfants qui pr\u00e9sentaient un risque d\u2019allergie <strong>\u00e9tait \u00e9quilibr\u00e9<\/strong> gr\u00e2ce \u00e0 cet apport de bact\u00e9ries probiotiques. M\u00eame apr\u00e8s la deuxi\u00e8me ann\u00e9e de vie des enfants, on a remarqu\u00e9 que cet effet pouvait \u00eatre maintenu en comparant les r\u00e9sultats au groupe placebo, alors que l&rsquo;utilisation du probiotique n\u2019a eu lieu que pendant la premi\u00e8re ann\u00e9e qui a suivi la naissance (Niers, 2009). En accord avec la m\u00e9ta-analyse actuelle sur le sujet (Panduru, 2015), il est donc <strong>recommand\u00e9 d&rsquo;utiliser des probiotiques sp\u00e9cifiques pendant les deux derniers mois de grossesse ainsi que pendant toute la premi\u00e8re ann\u00e9e de vie d\u2019un b\u00e9b\u00e9<\/strong>.<\/p><p>Une autre \u00e9tude (Kim, 2015) a analys\u00e9 les m\u00e9tabolites bact\u00e9riens (= les produits m\u00e9taboliques) dans les \u00e9chantillons de selles de ces nourrissons alors \u00e2g\u00e9s de trois mois. Il s\u2019est av\u00e9r\u00e9 que la r\u00e9duction <strong>des probl\u00e8mes allergiques<\/strong> \u00e9tait notamment due \u00e0 une <strong>colonisation bact\u00e9rienne diff\u00e9rente<\/strong> et \u00e0 la <strong>quantit\u00e9 d\u2019acides gras \u00e0 cha\u00eene courte<\/strong> (AGCC), tels que le butyrate ou l\u2019ac\u00e9tate, qui d\u00e9coule de l\u2019activit\u00e9 de certaines bact\u00e9ries. En effet, chez les enfants en bonne sant\u00e9, les taux d\u2019AGCC aux effets anti-inflammatoires \u00e9taient significativement plus \u00e9lev\u00e9s que chez les enfants allergiques.<\/p><p>Ces r\u00e9sultats soulignent l\u2019importance de maintenir un microbiote intestinal \u00e9quilibr\u00e9 pendant la grossesse ainsi que pendant les premiers mois de vie d\u2019un nouveau-n\u00e9. On favorise ainsi <strong>le bon d\u00e9veloppement du <a href=\"https:\/\/www.omni-biotic.com\/fr-fr\/blog\/le-systeme-immunitaire-et-le-microbiote-des-nourrissons\/\">syst\u00e8me immunitaire d\u2019un b\u00e9b\u00e9<\/a><\/strong>, permettant d\u2019offrir \u00e0 cet enfant une base saine pour se lancer dans une vie pleine de surprises\u00a0!<\/p>\t\t\t\t\t\t\t\t<\/div>\n\t\t\t\t<\/div>\n\t\t\t\t\t<\/div>\n\t\t\t\t<\/div>\n\t\t<div class=\"elementor-element elementor-element-935ce2b obcs none e-flex e-con-boxed e-con e-parent\" data-id=\"935ce2b\" data-element_type=\"container\">\n\t\t\t\t\t<div class=\"e-con-inner\">\n\t\t\t\t<div class=\"elementor-element elementor-element-f67a751 elementor-widget elementor-widget-button\" data-id=\"f67a751\" data-element_type=\"widget\" data-widget_type=\"button.default\">\n\t\t\t\t<div class=\"elementor-widget-container\">\n\t\t\t\t\t\t\t\t\t<div class=\"elementor-button-wrapper\">\n\t\t\t\t\t<a class=\"elementor-button elementor-button-link elementor-size-md\" href=\"https:\/\/www.omni-biotic.com\/fr-fr\/sante-intestin\/intestin-organe-influent\/grossesse-allaitement\/\">\n\t\t\t\t\t\t<span class=\"elementor-button-content-wrapper\">\n\t\t\t\t\t\t\t\t\t<span class=\"elementor-button-text\">Grossesse &amp; allaitement : en savoir plus <\/span>\n\t\t\t\t\t<\/span>\n\t\t\t\t\t<\/a>\n\t\t\t\t<\/div>\n\t\t\t\t\t\t\t\t<\/div>\n\t\t\t\t<\/div>\n\t\t\t\t\t<\/div>\n\t\t\t\t<\/div>\n\t\t\t\t<\/div>\n\t\t","protected":false},"excerpt":{"rendered":"<p>Probiotique b\u00e9b\u00e9\u00a0: pourquoi et comment soutenir le microbiote d\u2019un nouveau-n\u00e9\u00a0? Pourquoi le microbiome est d\u00e9j\u00e0 si important pour un b\u00e9b\u00e9 ? Le corps humain est peupl\u00e9 de milliards de micro-organismes et un monde bact\u00e9rien riche et diversifi\u00e9 est profitable \u00e0 la sant\u00e9 d&rsquo;un b\u00e9b\u00e9. Le microbiome se d\u00e9veloppe jusqu&rsquo;\u00e0 l&rsquo;\u00e2ge de trois ans et reste [&hellip;]<\/p>\n","protected":false},"author":14,"featured_media":24007,"comment_status":"closed","ping_status":"closed","sticky":false,"template":"","format":"standard","meta":{"_acf_changed":false,"inline_featured_image":false,"footnotes":""},"categories":[224,217],"tags":[],"class_list":["post-24003","post","type-post","status-publish","format-standard","has-post-thumbnail","hentry","category-la-sante-des-nourrissons","category-probiotiques"],"acf":[],"rank_math":{"og:title":"Probiotique b\u00e9b\u00e9 : soutenir le microbiote d'un nouveau-n\u00e9","og:desc":"Probiotique b\u00e9b\u00e9 : pourquoi et comment soutenir la flore intestinale d'un nourrisson ? Les premiers mois sont tr\u00e8s importants pour le microbiome.","og:url":"https:\/\/www.omni-biotic.com\/fr-fr\/blog\/probiotique-bebe-microbiote\/","og:locale":"fr_FR","og:image":"https:\/\/www.omni-biotic.com\/fr-fr\/wp-content\/uploads\/sites\/4\/2024\/02\/probiotique_bebe_soutenir_microbiote.jpg","og:image:width":"1200","og:image:height":"797"},"additional_data":{"thumbnail":"https:\/\/www.omni-biotic.com\/fr-fr\/wp-content\/uploads\/sites\/4\/2024\/02\/probiotique_bebe_soutenir_microbiote.jpg"},"blog_info":{"country":"fr-fr"},"_links":{"self":[{"href":"https:\/\/www.omni-biotic.com\/fr-fr\/wp-json\/wp\/v2\/posts\/24003","targetHints":{"allow":["GET"]}}],"collection":[{"href":"https:\/\/www.omni-biotic.com\/fr-fr\/wp-json\/wp\/v2\/posts"}],"about":[{"href":"https:\/\/www.omni-biotic.com\/fr-fr\/wp-json\/wp\/v2\/types\/post"}],"author":[{"embeddable":true,"href":"https:\/\/www.omni-biotic.com\/fr-fr\/wp-json\/wp\/v2\/users\/14"}],"replies":[{"embeddable":true,"href":"https:\/\/www.omni-biotic.com\/fr-fr\/wp-json\/wp\/v2\/comments?post=24003"}],"version-history":[{"count":7,"href":"https:\/\/www.omni-biotic.com\/fr-fr\/wp-json\/wp\/v2\/posts\/24003\/revisions"}],"predecessor-version":[{"id":30463,"href":"https:\/\/www.omni-biotic.com\/fr-fr\/wp-json\/wp\/v2\/posts\/24003\/revisions\/30463"}],"wp:featuredmedia":[{"embeddable":true,"href":"https:\/\/www.omni-biotic.com\/fr-fr\/wp-json\/wp\/v2\/media\/24007"}],"wp:attachment":[{"href":"https:\/\/www.omni-biotic.com\/fr-fr\/wp-json\/wp\/v2\/media?parent=24003"}],"wp:term":[{"taxonomy":"category","embeddable":true,"href":"https:\/\/www.omni-biotic.com\/fr-fr\/wp-json\/wp\/v2\/categories?post=24003"},{"taxonomy":"post_tag","embeddable":true,"href":"https:\/\/www.omni-biotic.com\/fr-fr\/wp-json\/wp\/v2\/tags?post=24003"}],"curies":[{"name":"wp","href":"https:\/\/api.w.org\/{rel}","templated":true}]}}