{"id":24216,"date":"2025-09-02T11:55:10Z","date_gmt":"2025-09-02T09:55:10Z","guid":{"rendered":"https:\/\/www.omni-biotic.com\/fr-fr\/?p=24216"},"modified":"2025-09-24T13:55:01Z","modified_gmt":"2025-09-24T11:55:01Z","slug":"omni-biotic-6-6-choses-a-savoir","status":"publish","type":"post","link":"https:\/\/www.omni-biotic.com\/fr-fr\/blog\/omni-biotic-6-6-choses-a-savoir\/","title":{"rendered":"OMNi-BiOTiC\u00ae 6 : 6 choses \u00e0 savoir"},"content":{"rendered":"\t\t<div data-elementor-type=\"wp-post\" data-elementor-id=\"24216\" class=\"elementor elementor-24216\" data-elementor-post-type=\"post\">\n\t\t\t\t<div class=\"elementor-element elementor-element-cd88bd0 obcs none e-flex e-con-boxed e-con e-parent\" data-id=\"cd88bd0\" data-element_type=\"container\">\n\t\t\t\t\t<div class=\"e-con-inner\">\n\t\t\t\t<div class=\"elementor-element elementor-element-d0b30f9 elementor-widget elementor-widget-text-editor\" data-id=\"d0b30f9\" data-element_type=\"widget\" data-widget_type=\"text-editor.default\">\n\t\t\t\t<div class=\"elementor-widget-container\">\n\t\t\t\t\t\t\t\t\t<p><em>Les <strong>bact\u00e9ries intestinales<\/strong> b\u00e9n\u00e9fiques \u00e0 l\u2019organisme ont de nombreuses fonctions importantes. Elles soutiennent <strong>la digestion<\/strong> et <strong>le syst\u00e8me immunitaire<\/strong> et ces micro-organismes ont aussi une influence sur l\u2019ensemble du corps. Il est d\u00e9sormais possible de cultiver certaines de ces bact\u00e9ries pour pouvoir les ing\u00e9rer sous la forme de compl\u00e9ments alimentaires. <\/em><\/p><p><em>Les connaissances scientifiques actuelles montrent que <strong>la combinaison<\/strong> cibl\u00e9e de plusieurs souches bact\u00e9riennes (une formulation multi-esp\u00e8ces) se r\u00e9v\u00e8le bien sup\u00e9rieure \u00e0 la prise d\u2019une\u00a0 souche unique. <\/em><\/p>\t\t\t\t\t\t\t\t<\/div>\n\t\t\t\t<\/div>\n\t\t\t\t<div class=\"elementor-element elementor-element-6549570 elementor-widget elementor-widget-heading\" data-id=\"6549570\" data-element_type=\"widget\" data-widget_type=\"heading.default\">\n\t\t\t\t<div class=\"elementor-widget-container\">\n\t\t\t\t\t<h2 class=\"elementor-heading-title elementor-size-default\">Fait 1 - Au service de votre bien-\u00eatre intestinal depuis 30 ans <\/h2>\t\t\t\t<\/div>\n\t\t\t\t<\/div>\n\t\t\t\t<div class=\"elementor-element elementor-element-7cdf69a elementor-widget elementor-widget-image\" data-id=\"7cdf69a\" data-element_type=\"widget\" data-widget_type=\"image.default\">\n\t\t\t\t<div class=\"elementor-widget-container\">\n\t\t\t\t\t\t\t\t\t\t\t\t\t\t\t<img fetchpriority=\"high\" decoding=\"async\" width=\"800\" height=\"629\" src=\"https:\/\/www.omni-biotic.com\/fr-fr\/wp-content\/uploads\/sites\/4\/2024\/02\/omni-biotic-6_probiotiques_microbiote_produit.png\" class=\"attachment-large size-large wp-image-24269\" alt=\"Probiotique OMNi-BiOTiC\u00ae 6 \u2013 Pour un intestin en forme ! Transit, digestion et microbiote.\" srcset=\"https:\/\/www.omni-biotic.com\/fr-fr\/wp-content\/uploads\/sites\/4\/2024\/02\/omni-biotic-6_probiotiques_microbiote_produit.png 801w, https:\/\/www.omni-biotic.com\/fr-fr\/wp-content\/uploads\/sites\/4\/2024\/02\/omni-biotic-6_probiotiques_microbiote_produit-300x236.png 300w, https:\/\/www.omni-biotic.com\/fr-fr\/wp-content\/uploads\/sites\/4\/2024\/02\/omni-biotic-6_probiotiques_microbiote_produit-768x604.png 768w\" sizes=\"(max-width: 800px) 100vw, 800px\" title=\"\">\t\t\t\t\t\t\t\t\t\t\t\t\t\t\t<\/div>\n\t\t\t\t<\/div>\n\t\t\t\t<div class=\"elementor-element elementor-element-52068d9 elementor-widget elementor-widget-text-editor\" data-id=\"52068d9\" data-element_type=\"widget\" data-widget_type=\"text-editor.default\">\n\t\t\t\t<div class=\"elementor-widget-container\">\n\t\t\t\t\t\t\t\t\t<p>Il y a plus de 30 ans,<a href=\"https:\/\/www.omni-biotic.com\/fr-fr\/a-propos-de-nous\/institut-allergosan\/anita-frauwallner\/\"><strong> Anita Frauwallner<\/strong><\/a> a eu la clairvoyance et l&rsquo;audace de commencer des recherches pour d\u00e9velopper un produit qui s&rsquo;av\u00e9rera r\u00e9volutionnaire et qui satisfera des millions de clients ! La premi\u00e8re formulation voit donc le jour en 1995 : <a href=\"https:\/\/shop.omni-biotic.com\/fr-fr\/products\/omni-biotic-6-int-99104\"><strong>OMNi-BiOTiC\u00ae 6<\/strong><\/a>.\u00a0<\/p><p>Nos pr\u00e9parations multi-esp\u00e8ces sont compos\u00e9es de <strong>souches bact\u00e9riennes viables<\/strong>, offrant ainsi la possibilit\u00e9 aux utilisateurs d&rsquo;ing\u00e9rer des bact\u00e9ries sp\u00e9cifiques, telles qu&rsquo;on les trouve dans l&rsquo;intestin. <a href=\"https:\/\/shop.omni-biotic.com\/fr-fr\/products\/omni-biotic-6-int-99104\"><strong>OMNi-BiOTiC\u00ae 6<\/strong><\/a> a \u00e9t\u00e9 le premier produit \u00e0 proposer une combinaison unique de souches bact\u00e9riennes dont<strong> la synergie<\/strong> est aussi <strong>b\u00e9n\u00e9fique<\/strong> au microbiote. Ces <a href=\"https:\/\/www.omni-biotic.com\/fr-fr\/blog\/sante-du-microbiote-les-bacteries-intestinales-travaillent-mieux-en-equipe\/\"><strong>bact\u00e9ries travaillent en \u00e9quipe<\/strong><\/a> de mani\u00e8re naturelle dans notre intestin.<\/p><p>Les <a href=\"https:\/\/www.omni-biotic.com\/fr-fr\/sante-intestin\/intestin-centre-bien-etre\/bacteries-intestinales\/\"><strong>bact\u00e9ries intestinales<\/strong><\/a> utilis\u00e9es participent \u00e0 la fonction de barri\u00e8re de la paroi intestinale, qui emp\u00eache les germes \u00e9trangers et les substances nocives d&rsquo;atteindre la circulation sanguine pour se r\u00e9pandre dans l&rsquo;organisme. En outre, ces micro-organismes utiles jouent un r\u00f4le dans <strong>l&rsquo;\u00e9limination des agents ind\u00e9sirables<\/strong> ainsi que dans <strong>l&rsquo;absorption et la production de vitamines et d&rsquo;oligo-\u00e9l\u00e9ments<\/strong>.\u00a0<\/p><p>Toutefois, l&rsquo;\u00e9quilibre du <a href=\"https:\/\/www.omni-biotic.com\/fr-fr\/sante-intestin\/intestin-centre-bien-etre\/microbiote-intestinal\/\"><strong>microbiote intestinal<\/strong><\/a> peut \u00eatre perturb\u00e9 par diff\u00e9rents facteurs, parmi lesquels on trouve : <strong>le stress, une alimentation \u00e9quilibr\u00e9e, les m\u00e9dicaments<\/strong> notamment <strong>les antibiotiques<\/strong>, et provoquer <strong>une dysbiose<\/strong>, c&rsquo;est-\u00e0-dire un d\u00e9s\u00e9quilibre de la flore intestinale. D\u00e8s lors, les germes \u00e9trangers peuvent se multiplier plus facilement, les substances nocives ne sont plus \u00e9limin\u00e9es correctement et les nutriments moins bien absorb\u00e9s. En r\u00e9sum\u00e9, l&rsquo;intestin ne peut plus remplir pleinement ses fonctions. C&rsquo;est pourquoi il est important de veiller au maintien de l&rsquo;\u00e9quilibre du microbiote intestinal, en lui apportant par exemple des<strong> ferments lactiques utiles<\/strong>.\u00a0<\/p>\t\t\t\t\t\t\t\t<\/div>\n\t\t\t\t<\/div>\n\t\t\t\t\t<\/div>\n\t\t\t\t<\/div>\n\t\t<div class=\"elementor-element elementor-element-e5814ad obcs none e-flex e-con-boxed e-con e-parent\" data-id=\"e5814ad\" data-element_type=\"container\">\n\t\t\t\t\t<div class=\"e-con-inner\">\n\t\t\t\t<div class=\"elementor-element elementor-element-9bff7c4 elementor-widget elementor-widget-heading\" data-id=\"9bff7c4\" data-element_type=\"widget\" data-widget_type=\"heading.default\">\n\t\t\t\t<div class=\"elementor-widget-container\">\n\t\t\t\t\t<h2 class=\"elementor-heading-title elementor-size-default\">Fait 2 - Une femme, une id\u00e9e : l'histoire d'OMNi-BiOTiC\u00ae 6 <\/h2>\t\t\t\t<\/div>\n\t\t\t\t<\/div>\n\t\t\t\t<div class=\"elementor-element elementor-element-24bc6cb elementor-widget elementor-widget-image\" data-id=\"24bc6cb\" data-element_type=\"widget\" data-widget_type=\"image.default\">\n\t\t\t\t<div class=\"elementor-widget-container\">\n\t\t\t\t\t\t\t\t\t\t\t\t\t\t\t<img decoding=\"async\" width=\"800\" height=\"534\" src=\"https:\/\/www.omni-biotic.com\/fr-fr\/wp-content\/uploads\/sites\/4\/2024\/02\/omni-biotic-6_probiotiques_microbiote_frauwallner-1024x684.jpg\" class=\"attachment-large size-large wp-image-24270\" alt=\"Probiotique OMNi-BiOTiC\u00ae 6 \u2013 Pour un intestin en forme ! Transit, digestion et microbiote.\" srcset=\"https:\/\/www.omni-biotic.com\/fr-fr\/wp-content\/uploads\/sites\/4\/2024\/02\/omni-biotic-6_probiotiques_microbiote_frauwallner-1024x684.jpg 1024w, https:\/\/www.omni-biotic.com\/fr-fr\/wp-content\/uploads\/sites\/4\/2024\/02\/omni-biotic-6_probiotiques_microbiote_frauwallner-300x200.jpg 300w, https:\/\/www.omni-biotic.com\/fr-fr\/wp-content\/uploads\/sites\/4\/2024\/02\/omni-biotic-6_probiotiques_microbiote_frauwallner-768x513.jpg 768w, https:\/\/www.omni-biotic.com\/fr-fr\/wp-content\/uploads\/sites\/4\/2024\/02\/omni-biotic-6_probiotiques_microbiote_frauwallner-1536x1025.jpg 1536w, https:\/\/www.omni-biotic.com\/fr-fr\/wp-content\/uploads\/sites\/4\/2024\/02\/omni-biotic-6_probiotiques_microbiote_frauwallner-1920x1282.jpg 1920w, https:\/\/www.omni-biotic.com\/fr-fr\/wp-content\/uploads\/sites\/4\/2024\/02\/omni-biotic-6_probiotiques_microbiote_frauwallner.jpg 2048w\" sizes=\"(max-width: 800px) 100vw, 800px\" title=\"\">\t\t\t\t\t\t\t\t\t\t\t\t\t\t\t<\/div>\n\t\t\t\t<\/div>\n\t\t\t\t<div class=\"elementor-element elementor-element-bc50ae0 elementor-widget elementor-widget-text-editor\" data-id=\"bc50ae0\" data-element_type=\"widget\" data-widget_type=\"text-editor.default\">\n\t\t\t\t<div class=\"elementor-widget-container\">\n\t\t\t\t\t\t\t\t\t<p>Cette histoire d\u00e9bute il y a plus de 30 ans lorsqu\u2019Anita Frauwallner commence \u00e0 s\u2019int\u00e9resser \u00e0 l\u2019intestin et \u00e0 ses nombreux habitants. A cette \u00e9poque, les <strong>projets de recherche<\/strong> qui \u00e9tudient le microbiote intestinal, c\u2019est-\u00e0-dire l\u2019ensemble des micro-organismes vivant dans notre intestin, n\u2019en sont qu\u2019\u00e0 <strong>leurs pr\u00e9mices<\/strong>.<\/p><p>Anita Frauwallner raconte\u00a0ses d\u00e9buts : \u00ab\u00a0<em>j\u2019ai \u00e9t\u00e9 la cible de nombreuses moqueries mais j\u2019avais compris que<strong> la flore intestinale jouait un r\u00f4le important<\/strong> et que la prise de souches bact\u00e9riennes actives et de haute qualit\u00e9 pouvait avoir des effets positifs. Ce constat a \u00e9t\u00e9 depuis prouv\u00e9 par de tr\u00e8s nombreuses \u00e9tudes<\/em>\u00a0\u00bb.<\/p>\t\t\t\t\t\t\t\t<\/div>\n\t\t\t\t<\/div>\n\t\t\t\t<div class=\"elementor-element elementor-element-64dda5f elementor-widget elementor-widget-li-widgets--author-quote\" data-id=\"64dda5f\" data-element_type=\"widget\" data-widget_type=\"li-widgets--author-quote.default\">\n\t\t\t\t<div class=\"elementor-widget-container\">\n\t\t\t\t\t<div class=\"li-widgets--author-quote magenta highlights-always-magenta\">\n        <div class=\"li-widgets--author-quote__image--wrapper\">\n        <div class=\"li-widgets--author-quote__image\">\n            <img decoding=\"async\" width=\"300\" height=\"300\" src=\"https:\/\/www.omni-biotic.com\/fr-fr\/wp-content\/uploads\/sites\/4\/2024\/02\/Anita-Frauwallner-Institut-AllergoSan-300x300.jpg\" class=\"attachment-medium size-medium\" alt=\"\" srcset=\"https:\/\/www.omni-biotic.com\/fr-fr\/wp-content\/uploads\/sites\/4\/2024\/02\/Anita-Frauwallner-Institut-AllergoSan-300x300.jpg 300w, https:\/\/www.omni-biotic.com\/fr-fr\/wp-content\/uploads\/sites\/4\/2024\/02\/Anita-Frauwallner-Institut-AllergoSan-150x150.jpg 150w, https:\/\/www.omni-biotic.com\/fr-fr\/wp-content\/uploads\/sites\/4\/2024\/02\/Anita-Frauwallner-Institut-AllergoSan-768x768.jpg 768w, https:\/\/www.omni-biotic.com\/fr-fr\/wp-content\/uploads\/sites\/4\/2024\/02\/Anita-Frauwallner-Institut-AllergoSan.jpg 1024w\" sizes=\"(max-width: 300px) 100vw, 300px\" title=\"\">        <\/div>\n    <\/div>\n        <div class=\"li-widgets--author-quote__content\">\n        <div class=\"li-widgets--author-quote__content--text\">\n            \u00ab Savoir que nos produits ont une influence positive sur le bien-\u00eatre de plus en plus de personnes nous incite, moi et toute mon \u00e9quipe, \u00e0 nous surpasser au quotidien \u00bb.        <\/div>\n        <div class=\"li-widgets--author-quote__content--author\">\n            Mag. Anita Frauwallner, PDG de l'Institut AllergoSan        <\/div>\n            <\/div>\n    <\/div>\n\t\t\t\t<\/div>\n\t\t\t\t<\/div>\n\t\t\t\t<div class=\"elementor-element elementor-element-4cd5712 elementor-widget elementor-widget-text-editor\" data-id=\"4cd5712\" data-element_type=\"widget\" data-widget_type=\"text-editor.default\">\n\t\t\t\t<div class=\"elementor-widget-container\">\n\t\t\t\t\t\t\t\t\t<p>La motivation sans faille d\u2019A. Frauwallner est port\u00e9e par sa volont\u00e9 de proposer \u00e0 tous des produits permettant de <strong>soutenir le bien-\u00eatre (intestinal) <\/strong>et cela, avec des moyens que la nature met \u00e0 notre disposition. Elle a ainsi d\u00e9velopp\u00e9 sous <a href=\"https:\/\/www.omni-biotic.com\/fr-fr\/nos-produits\/omni-biotic\/\"><strong>la marque OMNi-BiOTiC\u00ae<\/strong><\/a> de nombreux autres <strong>compl\u00e9ments alimentaires \u00e0 base de ferments lactiques<\/strong> adapt\u00e9s \u00e0 des besoins particuliers et dont la valeur ajout\u00e9e est d\u00e9montr\u00e9e gr\u00e2ce \u00e0 des \u00e9tudes scientifiques.<\/p><p><em>\u00ab\u00a0Savoir que nos produits ont une influence positive sur le bien-\u00eatre de plus en plus de personnes nous incite, moi et toute mon \u00e9quipe, \u00e0 nous surpasser au quotidien\u00a0\u00bb,<\/em> d\u00e9clare A. Frauwallner. Aujourd\u2019hui, <a href=\"https:\/\/www.omni-biotic.com\/fr-fr\/a-propos-de-nous\/institut-allergosan\/centre-de-competences\/\"><strong>l\u2019Institut AllergoSan<\/strong><\/a> est consid\u00e9r\u00e9 comme l\u2019un des <strong>principaux centres de comp\u00e9tences sur le microbiome<\/strong>. Anita Frauwallner est une sp\u00e9cialiste en sant\u00e9 intestinale de renomm\u00e9e internationale et une conf\u00e9renci\u00e8re tr\u00e8s sollicit\u00e9e. Depuis des ann\u00e9es, la marque OMNi-BiOTiC\u00ae est num\u00e9ro 1 sur le march\u00e9 allemand et autrichien des probiotiques.**<\/p>\t\t\t\t\t\t\t\t<\/div>\n\t\t\t\t<\/div>\n\t\t\t\t\t<\/div>\n\t\t\t\t<\/div>\n\t\t<div class=\"elementor-element elementor-element-7d7724a obcs none e-flex e-con-boxed e-con e-parent\" data-id=\"7d7724a\" data-element_type=\"container\">\n\t\t\t\t\t<div class=\"e-con-inner\">\n\t\t\t\t<div class=\"elementor-element elementor-element-e65f41f elementor-widget elementor-widget-heading\" data-id=\"e65f41f\" data-element_type=\"widget\" data-widget_type=\"heading.default\">\n\t\t\t\t<div class=\"elementor-widget-container\">\n\t\t\t\t\t<h2 class=\"elementor-heading-title elementor-size-default\">Fait 3 - OMNi-BiOTiC\u00ae 6 : pour un intestin en forme !<\/h2>\t\t\t\t<\/div>\n\t\t\t\t<\/div>\n\t\t\t\t<div class=\"elementor-element elementor-element-eaedd6e elementor-widget elementor-widget-text-editor\" data-id=\"eaedd6e\" data-element_type=\"widget\" data-widget_type=\"text-editor.default\">\n\t\t\t\t<div class=\"elementor-widget-container\">\n\t\t\t\t\t\t\t\t\t<p><strong>Dans notre intestin<\/strong>, des milliards de bact\u00e9ries veillent \u00e0 ce que les nutriments soient assimil\u00e9s et les toxines \u00e9limin\u00e9es. Ces <strong>micro-organismes bienveillants et importants<\/strong> sont toutefois impact\u00e9s par le stress, la fatigue, une alimentation d\u00e9s\u00e9quilibr\u00e9e et les m\u00e9dicaments et finissent par dispara\u00eetre. C\u2019est pourquoi il est b\u00e9n\u00e9fique de fournir des bact\u00e9ries utiles \u00e0 son intestin en cas de besoin.<\/p>\t\t\t\t\t\t\t\t<\/div>\n\t\t\t\t<\/div>\n\t\t\t\t<div class=\"elementor-element elementor-element-a1eac15 elementor-widget elementor-widget-heading\" data-id=\"a1eac15\" data-element_type=\"widget\" data-widget_type=\"heading.default\">\n\t\t\t\t<div class=\"elementor-widget-container\">\n\t\t\t\t\t<h3 class=\"elementor-heading-title elementor-size-default\">A qui s\u2019adresse OMNi-BiOTiC\u00ae 6 ? A toute la famille !<\/h3>\t\t\t\t<\/div>\n\t\t\t\t<\/div>\n\t\t\t\t<div class=\"elementor-element elementor-element-134780b elementor-widget elementor-widget-text-editor\" data-id=\"134780b\" data-element_type=\"widget\" data-widget_type=\"text-editor.default\">\n\t\t\t\t<div class=\"elementor-widget-container\">\n\t\t\t\t\t\t\t\t\t<p><a href=\"https:\/\/shop.omni-biotic.com\/fr-fr\/products\/omni-biotic-6-int-99104\"><strong>OMNi-BiOTiC\u00ae 6 <\/strong><\/a>est l\u2018un des produits les plus connus et appr\u00e9ci\u00e9s de la marque de probiotiques OMNi-BiOTiC\u00ae et <strong>il convient aux grands comme aux petits<\/strong>. OMNi-BiOTiC\u00ae 6 devrait \u00eatre utilis\u00e9 au quotidien, en particulier quand <a href=\"https:\/\/www.omni-biotic.com\/fr-fr\/sante-intestin\/intestin-organe-influent\/systeme-immunitaire\/\"><strong>notre syst\u00e8me immunitaire<\/strong><\/a> est mis \u00e0 rude \u00e9preuve. D\u2019une part, ces bact\u00e9ries intestinales participent aux processus permettant d\u2019emp\u00eacher les germes \u00e9trangers et les substances nocives d\u2019atteindre la circulation sanguine. D\u2019autre part, elles sont en mesure <strong>d\u2019influencer positivement les cellules immunitaires<\/strong> de l\u2019organisme dont 70 % d&rsquo;entre elles se trouvent dans l\u2019intestin.<\/p><p><a href=\"https:\/\/shop.omni-biotic.com\/fr-fr\/products\/omni-biotic-6-int-99104\"><strong>OMNi-BiOTiC\u00ae 6 <\/strong><\/a>peut \u00eatre utilis\u00e9 pendant la grossesse et administr\u00e9 aux nourrissons d\u00e8s 1 an. Les enfants entre 1 et 3 ans re\u00e7oivent la moiti\u00e9 de la dose et les enfants \u00e0 partir de 3 ans peuvent prendre la dose recommand\u00e9e pour les adultes.<\/p>\t\t\t\t\t\t\t\t<\/div>\n\t\t\t\t<\/div>\n\t\t\t\t<div class=\"elementor-element elementor-element-ab25a43 elementor-widget elementor-widget-heading\" data-id=\"ab25a43\" data-element_type=\"widget\" data-widget_type=\"heading.default\">\n\t\t\t\t<div class=\"elementor-widget-container\">\n\t\t\t\t\t<h3 class=\"elementor-heading-title elementor-size-default\">Comment utiliser OMNi-BiOTiC\u00ae 6 ? Une utilisation simple !<\/h3>\t\t\t\t<\/div>\n\t\t\t\t<\/div>\n\t\t\t\t<div class=\"elementor-element elementor-element-af54a42 elementor-widget elementor-widget-image\" data-id=\"af54a42\" data-element_type=\"widget\" data-widget_type=\"image.default\">\n\t\t\t\t<div class=\"elementor-widget-container\">\n\t\t\t\t\t\t\t\t\t\t\t\t\t\t\t<img loading=\"lazy\" decoding=\"async\" width=\"700\" height=\"500\" src=\"https:\/\/www.omni-biotic.com\/fr-fr\/wp-content\/uploads\/sites\/4\/2024\/02\/OMNi-BiOTiC-6_utilisation.gif\" class=\"attachment-large size-large wp-image-24271\" alt=\"\" title=\"\">\t\t\t\t\t\t\t\t\t\t\t\t\t\t\t<\/div>\n\t\t\t\t<\/div>\n\t\t\t\t<div class=\"elementor-element elementor-element-9a24b53 elementor-widget elementor-widget-text-editor\" data-id=\"9a24b53\" data-element_type=\"widget\" data-widget_type=\"text-editor.default\">\n\t\t\t\t<div class=\"elementor-widget-container\">\n\t\t\t\t\t\t\t\t\t<p>Nous conseillons de m\u00e9langer un sachet ou une cuill\u00e8re-mesure d\u2019<strong><a href=\"https:\/\/shop.omni-biotic.com\/fr-fr\/products\/omni-biotic-6-int-99104\">OMNi-BiOTiC\u00ae 6<\/a>\u00a0<\/strong>dans un verre d\u2019eau (environ 125 ml), une \u00e0 deux fois par jour. Attendre une minute pour permettre <strong>l\u2019activation des bact\u00e9ries<\/strong>, remuer \u00e0 nouveau et boire.<\/p><p>Il est pr\u00e9f\u00e9rable de prendre la solution \u00e0 jeun. Si vous prenez <strong><a href=\"https:\/\/shop.omni-biotic.com\/fr-fr\/products\/omni-biotic-6-int-99104\">OMNi-BiOTiC\u00ae 6<\/a>\u00a0<\/strong>deux fois par jour, nous recommandons de l\u2019utiliser avant le petit d\u00e9jeuner et avant le d\u00eener. Ce produit peut aussi \u00eatre combin\u00e9 avec une autre pr\u00e9paration \u00e0 base de ferments lactiques, dans ce cas, en prendre une le matin et l\u2019autre le soir.<\/p>\t\t\t\t\t\t\t\t<\/div>\n\t\t\t\t<\/div>\n\t\t\t\t<div class=\"elementor-element elementor-element-eb9d95b elementor-widget elementor-widget-heading\" data-id=\"eb9d95b\" data-element_type=\"widget\" data-widget_type=\"heading.default\">\n\t\t\t\t<div class=\"elementor-widget-container\">\n\t\t\t\t\t<h4 class=\"elementor-heading-title elementor-size-default\">A l\u2019attention des personnes allergiques : ce produit est exempt de prot\u00e9ines animales, de gluten, de levure et de lactose. <\/h4>\t\t\t\t<\/div>\n\t\t\t\t<\/div>\n\t\t\t\t<div class=\"elementor-element elementor-element-7b00da1 elementor-widget elementor-widget-text-editor\" data-id=\"7b00da1\" data-element_type=\"widget\" data-widget_type=\"text-editor.default\">\n\t\t\t\t<div class=\"elementor-widget-container\">\n\t\t\t\t\t\t\t\t\t<p><a href=\"https:\/\/shop.omni-biotic.com\/fr-fr\/products\/omni-biotic-6-int-99104\"><strong>OMNi-BiOTiC\u00ae 6 <\/strong><\/a>convient aux personnes allergiques au lait, aux enfants et aux femmes pendant la grossesse ou l\u2019allaitement.<\/p><p><a href=\"https:\/\/shop.omni-biotic.com\/fr-fr\/products\/omni-biotic-6-int-99104\"><strong>OMNi-BiOTiC\u00ae 6<\/strong><\/a> est compos\u00e9 d&rsquo;amidon de ma\u00efs, de maltodextrine, de fructo-oligosaccharides (FOS), d&rsquo;inuline, de polydextrose, de chlorure de potassium, de ferments lactiques, de prot\u00e9ine v\u00e9g\u00e9tale (riz), de sulfate de magn\u00e9sium, d&rsquo;enzymes (amylases) et de sulfate de mangan\u00e8se.<\/p><p>Ce produit convient aux personnes souffrant d\u2019une <strong>intol\u00e9rance au fructose<\/strong>. Dans ce cas, il est n\u00e9cessaire de prolonger le temps d\u2019activation \u00e0 au moins 30 minutes. Pendant ce laps de temps, les bact\u00e9ries m\u00e9tabolisent les fructo-oligosaccharides et donc, aucun fructose ne p\u00e9n\u00e8tre dans l\u2019intestin.<\/p>\t\t\t\t\t\t\t\t<\/div>\n\t\t\t\t<\/div>\n\t\t\t\t\t<\/div>\n\t\t\t\t<\/div>\n\t\t<div class=\"elementor-element elementor-element-ada6824 obcs none e-flex e-con-boxed e-con e-parent\" data-id=\"ada6824\" data-element_type=\"container\">\n\t\t\t\t\t<div class=\"e-con-inner\">\n\t\t\t\t<div class=\"elementor-element elementor-element-17c7a09 elementor-widget elementor-widget-heading\" data-id=\"17c7a09\" data-element_type=\"widget\" data-widget_type=\"heading.default\">\n\t\t\t\t<div class=\"elementor-widget-container\">\n\t\t\t\t\t<h2 class=\"elementor-heading-title elementor-size-default\">Fait 4 - 6 ferments lactiques pour une colonisation optimale de l\u2019intestin <\/h2>\t\t\t\t<\/div>\n\t\t\t\t<\/div>\n\t\t\t\t<div class=\"elementor-element elementor-element-3e87210 elementor-widget elementor-widget-text-editor\" data-id=\"3e87210\" data-element_type=\"widget\" data-widget_type=\"text-editor.default\">\n\t\t\t\t<div class=\"elementor-widget-container\">\n\t\t\t\t\t\t\t\t\t<p>Le probiotique multi-esp\u00e8ces <a href=\"https:\/\/shop.omni-biotic.com\/fr-fr\/products\/omni-biotic-6-int-99104\"><strong>OMNi-BiOTiC\u00ae 6 <\/strong><\/a>contient une combinaison de souches bact\u00e9riennes hautement actives qui sont <strong>pr\u00e9sentes naturellement dans l\u2019intestin<\/strong>. Celles-ci sont <strong>capables de coloniser l\u2019ensemble de l\u2019intestin<\/strong> et elles peuvent \u00e9galement transmettre leurs propri\u00e9t\u00e9s sp\u00e9cifiques \u00e0 d\u2019autres bact\u00e9ries par le biais de transferts horizontaux de g\u00e8nes.<\/p><p>Dans un seul gramme d\u2019<a href=\"https:\/\/shop.omni-biotic.com\/fr-fr\/products\/omni-biotic-6-int-99104\"><strong>OMNi-BiOTiC\u00ae 6<\/strong><\/a>, on retrouve les 6 ferments lactiques ci-dessous avec au moins<strong> 1 milliard d\u2019UFC<\/strong> (unit\u00e9 formant colonie)\u00a0:<\/p><ul><li><em>Bifidobacterium animalis<\/em> W53<\/li><li><em>Lactobacillus acidophilus<\/em> W55<\/li><li><em>Lactobacillus salivarius<\/em> W57<\/li><li><em>Enterococcus faecium<\/em> W54<\/li><li><em>Lactococcus lactis<\/em> W58<\/li><li><em>Lactobacillus casei<\/em> W56<\/li><\/ul>\t\t\t\t\t\t\t\t<\/div>\n\t\t\t\t<\/div>\n\t\t\t\t\t<\/div>\n\t\t\t\t<\/div>\n\t\t<div class=\"elementor-element elementor-element-d8b6143 obcs none e-flex e-con-boxed e-con e-parent\" data-id=\"d8b6143\" data-element_type=\"container\">\n\t\t\t\t\t<div class=\"e-con-inner\">\n\t\t\t\t<div class=\"elementor-element elementor-element-6667728 elementor-widget elementor-widget-heading\" data-id=\"6667728\" data-element_type=\"widget\" data-widget_type=\"heading.default\">\n\t\t\t\t<div class=\"elementor-widget-container\">\n\t\t\t\t\t<h2 class=\"elementor-heading-title elementor-size-default\">Fait 5 - OMNi-BiOTiC\u00ae 6 et une charte qualit\u00e9 exigeante <\/h2>\t\t\t\t<\/div>\n\t\t\t\t<\/div>\n\t\t\t\t<div class=\"elementor-element elementor-element-2265c73 elementor-widget elementor-widget-image\" data-id=\"2265c73\" data-element_type=\"widget\" data-widget_type=\"image.default\">\n\t\t\t\t<div class=\"elementor-widget-container\">\n\t\t\t\t\t\t\t\t\t\t\t\t\t\t\t<img loading=\"lazy\" decoding=\"async\" width=\"700\" height=\"500\" src=\"https:\/\/www.omni-biotic.com\/fr-fr\/wp-content\/uploads\/sites\/4\/2024\/02\/omni_biotic_6_probiotiques_charte_qualite.jpg\" class=\"attachment-large size-large wp-image-24272\" alt=\"Probiotique OMNi-BiOTiC\u00ae 6 \u2013 Pour un intestin en forme ! Transit, digestion et microbiote.\" srcset=\"https:\/\/www.omni-biotic.com\/fr-fr\/wp-content\/uploads\/sites\/4\/2024\/02\/omni_biotic_6_probiotiques_charte_qualite.jpg 700w, https:\/\/www.omni-biotic.com\/fr-fr\/wp-content\/uploads\/sites\/4\/2024\/02\/omni_biotic_6_probiotiques_charte_qualite-300x214.jpg 300w\" sizes=\"(max-width: 700px) 100vw, 700px\" title=\"\">\t\t\t\t\t\t\t\t\t\t\t\t\t\t\t<\/div>\n\t\t\t\t<\/div>\n\t\t\t\t<div class=\"elementor-element elementor-element-89ced99 elementor-widget elementor-widget-text-editor\" data-id=\"89ced99\" data-element_type=\"widget\" data-widget_type=\"text-editor.default\">\n\t\t\t\t<div class=\"elementor-widget-container\">\n\t\t\t\t\t\t\t\t\t<p><a href=\"https:\/\/www.omni-biotic.com\/fr-fr\/a-propos-de-nous\/institut-allergosan\/\"><strong>L&rsquo;Institut AllergoSan<\/strong><\/a> est le premier centre de comp\u00e9tences autrichien pour <strong>la recherche sur le microbiome<\/strong> et il mise sur <a href=\"https:\/\/www.omni-biotic.com\/fr-fr\/a-propos-de-nous\/recherche-developpement\/criteres-de-qualite\/\"><strong>une charte qualit\u00e9<\/strong><\/a> exigeante pour la fabrication de ces produits. Ces derniers sont fabriqu\u00e9s selon des <strong>crit\u00e8res stricts internationalement reconnus<\/strong> car correspondant aux r\u00e8gles de l&rsquo;OMS, de la FDA et de l&rsquo;OePROM.<\/p><p>La fabrication de nos produits est bas\u00e9e sur <strong>les normes pharmaceutiques les plus \u00e9lev\u00e9es<\/strong> (qualit\u00e9 GMP &#8211; Good Manufacturing Practice) et les connaissances scientifiques les plus r\u00e9centes sont toujours prises en compte dans le d\u00e9veloppement de nos solutions. Notre savoir-faire en mati\u00e8re de d\u00e9veloppement et de fabrication de produits reconnu \u00e0 l&rsquo;\u00e9chelle internationale englobe des aspects essentiels tels que la <strong>biodisponibilit\u00e9 des composants<\/strong> ou la <strong>capacit\u00e9 de multiplication des bact\u00e9ries<\/strong> dans l&rsquo;intestin.<\/p><p>Une attention particuli\u00e8re est \u00e9galement accord\u00e9e au transport et \u00e0 l&#8217;emballage des produits car <strong>la stabilit\u00e9 des micro-organismes doit \u00eatre garantie<\/strong> et cela, m\u00eame \u00e0 des temp\u00e9ratures \u00e9lev\u00e9es. Les produits de la marque <a href=\"https:\/\/www.omni-biotic.com\/fr-fr\/nos-produits\/omni-biotic\/\"><strong>OMNi-BiOTiC\u00ae<\/strong><\/a> sont conditionn\u00e9s en sachets ou en flacon afin de garantir un taux d&rsquo;humidit\u00e9 constant qui permet d&rsquo;une part, la r\u00e9hydratation des bact\u00e9ries au contact d&rsquo;un liquide en dehors de l&rsquo;organisme et d&rsquo;autre part, l&rsquo;activation de ces bact\u00e9ries gr\u00e2ce \u00e0 <strong>une matrice sp\u00e9ciale<\/strong>. Ces processus assurent une meilleure r\u00e9sistance aux bact\u00e9ries pour qu&rsquo;elles puissent atteindre l&rsquo;intestin sans difficult\u00e9s.\u00a0<\/p><p>Par ailleurs, pour une s\u00e9curit\u00e9 maximale, toutes les souches bact\u00e9riennes utilis\u00e9es dans <a href=\"https:\/\/shop.omni-biotic.com\/fr-fr\/products\/omni-biotic-6-int-99104\"><strong>OMNi-BiOTiC\u00ae 6<\/strong><\/a> sont conserv\u00e9es \u00e0 la DSMZ <em>(Deutsche Sammlung von Mikroorganismen und Zellkulturen)<\/em> o\u00f9 elles sont analys\u00e9es r\u00e9guli\u00e8rement pour s&rsquo;assurer qu&rsquo;elles <strong>ne peuvent pas pr\u00e9senter de modifications g\u00e9n\u00e9tiques<\/strong>.\u00a0<\/p>\t\t\t\t\t\t\t\t<\/div>\n\t\t\t\t<\/div>\n\t\t\t\t\t<\/div>\n\t\t\t\t<\/div>\n\t\t<div class=\"elementor-element elementor-element-e84d846 obcs none e-flex e-con-boxed e-con e-parent\" data-id=\"e84d846\" data-element_type=\"container\">\n\t\t\t\t\t<div class=\"e-con-inner\">\n\t\t\t\t<div class=\"elementor-element elementor-element-bbd8200 elementor-widget elementor-widget-heading\" data-id=\"bbd8200\" data-element_type=\"widget\" data-widget_type=\"heading.default\">\n\t\t\t\t<div class=\"elementor-widget-container\">\n\t\t\t\t\t<h2 class=\"elementor-heading-title elementor-size-default\">Fait 6 - Pour en savoir plus sur OMNi-BiOTiC\u00ae 6 : une \u00e9quipe \u00e0 votre \u00e9coute<\/h2>\t\t\t\t<\/div>\n\t\t\t\t<\/div>\n\t\t\t\t<div class=\"elementor-element elementor-element-2ce220f elementor-widget elementor-widget-image\" data-id=\"2ce220f\" data-element_type=\"widget\" data-widget_type=\"image.default\">\n\t\t\t\t<div class=\"elementor-widget-container\">\n\t\t\t\t\t\t\t\t\t\t\t\t\t\t\t<img loading=\"lazy\" decoding=\"async\" width=\"800\" height=\"488\" src=\"https:\/\/www.omni-biotic.com\/fr-fr\/wp-content\/uploads\/sites\/4\/2024\/02\/omni-biotic-6_probiotiques_microbiote_conseils.jpg-1024x625.png\" class=\"attachment-large size-large wp-image-24288\" alt=\"Probiotique OMNi-BiOTiC\u00ae 6 \u2013 Pour un intestin en forme ! Transit, digestion et microbiote.\" srcset=\"https:\/\/www.omni-biotic.com\/fr-fr\/wp-content\/uploads\/sites\/4\/2024\/02\/omni-biotic-6_probiotiques_microbiote_conseils.jpg-1024x625.png 1024w, https:\/\/www.omni-biotic.com\/fr-fr\/wp-content\/uploads\/sites\/4\/2024\/02\/omni-biotic-6_probiotiques_microbiote_conseils.jpg-300x183.png 300w, https:\/\/www.omni-biotic.com\/fr-fr\/wp-content\/uploads\/sites\/4\/2024\/02\/omni-biotic-6_probiotiques_microbiote_conseils.jpg-768x468.png 768w, https:\/\/www.omni-biotic.com\/fr-fr\/wp-content\/uploads\/sites\/4\/2024\/02\/omni-biotic-6_probiotiques_microbiote_conseils.jpg.png 1200w\" sizes=\"(max-width: 800px) 100vw, 800px\" title=\"\">\t\t\t\t\t\t\t\t\t\t\t\t\t\t\t<\/div>\n\t\t\t\t<\/div>\n\t\t\t\t<div class=\"elementor-element elementor-element-acb1747 elementor-widget elementor-widget-text-editor\" data-id=\"acb1747\" data-element_type=\"widget\" data-widget_type=\"text-editor.default\">\n\t\t\t\t<div class=\"elementor-widget-container\">\n\t\t\t\t\t\t\t\t\t<p>Notre <strong>\u00e9quipe d\u2019experts<\/strong>, compos\u00e9e de m\u00e9decins, de pharmaciens, de biologistes, de nutritionnistes et de microbiologistes, se tient \u00e0 votre disposition pour tout renseignement concernant nos produits dont <a href=\"https:\/\/shop.omni-biotic.com\/fr-fr\/products\/omni-biotic-6-int-99104\"><strong>OMNi-BiOTiC\u00ae 6<\/strong><\/a>, ou si vous souhaitez en savoir plus sur l\u2019intestin et ses habitants microscopiques que sont les bact\u00e9ries intestinales. <span style=\"color: var( --e-global-color-text );text-align: var(--text-align);background-color: inherit;font-family: var( --e-global-typography-text-font-family ), -apple-system,BlinkMacSystemFont,Segoe UI,Roboto,Helvetica Neue,Arial,Noto Sans,sans-serif;font-size: var( --e-global-typography-text-font-size );font-style: var( --e-global-typography-text-font-style );font-weight: var( --e-global-typography-text-font-weight );letter-spacing: var( --e-global-typography-text-letter-spacing );text-transform: var( --e-global-typography-text-text-transform )\">De plus, tous nos collaborateurs sont au fait des progr\u00e8s de la recherche et du d\u00e9veloppement de produits car <strong>des formations<\/strong> sont r\u00e9guli\u00e8rement organis\u00e9es par l&rsquo;Institut AllergoSan.\u00a0<\/span><\/p><p><span style=\"color: var( --e-global-color-text );text-align: var(--text-align);background-color: inherit;font-family: var( --e-global-typography-text-font-family ), -apple-system,BlinkMacSystemFont,Segoe UI,Roboto,Helvetica Neue,Arial,Noto Sans,sans-serif;font-size: var( --e-global-typography-text-font-size );font-style: var( --e-global-typography-text-font-style );font-weight: var( --e-global-typography-text-font-weight );letter-spacing: var( --e-global-typography-text-letter-spacing );text-transform: var( --e-global-typography-text-text-transform )\">Si vous avez des questions ou besoin de conseils, merci de nous contacter \u00e0 l&rsquo;adresse suivante : <strong>france@omni-biotic.com<\/strong><\/span><span style=\"color: var( --e-global-color-text );text-align: var(--text-align);background-color: inherit;font-family: var( --e-global-typography-text-font-family ), -apple-system,BlinkMacSystemFont,Segoe UI,Roboto,Helvetica Neue,Arial,Noto Sans,sans-serif;font-size: var( --e-global-typography-text-font-size );font-style: var( --e-global-typography-text-font-style );font-weight: var( --e-global-typography-text-font-weight );letter-spacing: var( --e-global-typography-text-letter-spacing );text-transform: var( --e-global-typography-text-text-transform )\">. Notre \u00e9quipe sera ravie de pouvoir vous aider.<\/span><\/p>\t\t\t\t\t\t\t\t<\/div>\n\t\t\t\t<\/div>\n\t\t\t\t\t<\/div>\n\t\t\t\t<\/div>\n\t\t<div class=\"elementor-element elementor-element-3cdc5d4 obcs none e-flex e-con-boxed e-con e-parent\" data-id=\"3cdc5d4\" data-element_type=\"container\">\n\t\t\t\t\t<div class=\"e-con-inner\">\n\t\t\t\t<div class=\"elementor-element elementor-element-f86009f elementor-align-left elementor-widget__width-auto elementor-widget elementor-widget-button\" data-id=\"f86009f\" data-element_type=\"widget\" data-widget_type=\"button.default\">\n\t\t\t\t<div class=\"elementor-widget-container\">\n\t\t\t\t\t\t\t\t\t<div class=\"elementor-button-wrapper\">\n\t\t\t\t\t<a class=\"elementor-button elementor-size-sm\" role=\"button\">\n\t\t\t\t\t\t<span class=\"elementor-button-content-wrapper\">\n\t\t\t\t\t\t\t\t\t<span class=\"elementor-button-text\">D\u00e9couvrir OMNi-BiOTiC\u00ae 6<\/span>\n\t\t\t\t\t<\/span>\n\t\t\t\t\t<\/a>\n\t\t\t\t<\/div>\n\t\t\t\t\t\t\t\t<\/div>\n\t\t\t\t<\/div>\n\t\t\t\t\t<\/div>\n\t\t\t\t<\/div>\n\t\t<div class=\"elementor-element elementor-element-f05d850 obcs none e-flex e-con-boxed e-con e-parent\" data-id=\"f05d850\" data-element_type=\"container\">\n\t\t\t\t\t<div class=\"e-con-inner\">\n\t\t\t\t<div class=\"elementor-element elementor-element-a737f92 elementor-widget elementor-widget-text-editor\" data-id=\"a737f92\" data-element_type=\"widget\" data-widget_type=\"text-editor.default\">\n\t\t\t\t<div class=\"elementor-widget-container\">\n\t\t\t\t\t\t\t\t\t<p>**Quelle: IQVIA PharmaTrend\u00ae, Sell-Out Umsatz 03F1-Markt, MAT 03\/2023<\/p>\t\t\t\t\t\t\t\t<\/div>\n\t\t\t\t<\/div>\n\t\t\t\t\t<\/div>\n\t\t\t\t<\/div>\n\t\t\t\t<\/div>\n\t\t","protected":false},"excerpt":{"rendered":"<p>Il y a plus de 30 ans, Anita Frauwallner a d\u00e9velopp\u00e9 le premier probiotique multi-esp\u00e8ces, sous le nom d&rsquo;OMNi-BiOTiC\u00ae 6. D\u00e9couvrez dans cet article pourquoi ce produit compte encore parmi les produits phares de l\u2019Institut AllergoSan\u00a0!<\/p>\n","protected":false},"author":14,"featured_media":24340,"comment_status":"closed","ping_status":"closed","sticky":false,"template":"","format":"standard","meta":{"_acf_changed":false,"inline_featured_image":false,"footnotes":""},"categories":[217],"tags":[],"class_list":["post-24216","post","type-post","status-publish","format-standard","has-post-thumbnail","hentry","category-probiotiques"],"acf":[],"rank_math":{"og:title":"OMNi-BiOTiC\u00ae 6 : 6 choses \u00e0 savoir sur ce probiotique","og:desc":"OMNi-BiOTiC\u00ae 6 : pour un intestin en forme ! Un probiotique pour les grands et les petits pour soutenir le microbiote. Un succ\u00e8s depuis 30 ans !","og:url":"https:\/\/www.omni-biotic.com\/fr-fr\/blog\/omni-biotic-6-6-choses-a-savoir\/","og:locale":"fr_FR","og:image":"https:\/\/www.omni-biotic.com\/fr-fr\/wp-content\/uploads\/sites\/4\/2024\/03\/omni-biotic-6_probiotiques_microbiote.jpg","og:image:width":"700","og:image:height":"497"},"additional_data":{"thumbnail":"https:\/\/www.omni-biotic.com\/fr-fr\/wp-content\/uploads\/sites\/4\/2024\/03\/omni-biotic-6_probiotiques_microbiote.jpg"},"blog_info":{"country":"fr-fr"},"_links":{"self":[{"href":"https:\/\/www.omni-biotic.com\/fr-fr\/wp-json\/wp\/v2\/posts\/24216","targetHints":{"allow":["GET"]}}],"collection":[{"href":"https:\/\/www.omni-biotic.com\/fr-fr\/wp-json\/wp\/v2\/posts"}],"about":[{"href":"https:\/\/www.omni-biotic.com\/fr-fr\/wp-json\/wp\/v2\/types\/post"}],"author":[{"embeddable":true,"href":"https:\/\/www.omni-biotic.com\/fr-fr\/wp-json\/wp\/v2\/users\/14"}],"replies":[{"embeddable":true,"href":"https:\/\/www.omni-biotic.com\/fr-fr\/wp-json\/wp\/v2\/comments?post=24216"}],"version-history":[{"count":7,"href":"https:\/\/www.omni-biotic.com\/fr-fr\/wp-json\/wp\/v2\/posts\/24216\/revisions"}],"predecessor-version":[{"id":29320,"href":"https:\/\/www.omni-biotic.com\/fr-fr\/wp-json\/wp\/v2\/posts\/24216\/revisions\/29320"}],"wp:featuredmedia":[{"embeddable":true,"href":"https:\/\/www.omni-biotic.com\/fr-fr\/wp-json\/wp\/v2\/media\/24340"}],"wp:attachment":[{"href":"https:\/\/www.omni-biotic.com\/fr-fr\/wp-json\/wp\/v2\/media?parent=24216"}],"wp:term":[{"taxonomy":"category","embeddable":true,"href":"https:\/\/www.omni-biotic.com\/fr-fr\/wp-json\/wp\/v2\/categories?post=24216"},{"taxonomy":"post_tag","embeddable":true,"href":"https:\/\/www.omni-biotic.com\/fr-fr\/wp-json\/wp\/v2\/tags?post=24216"}],"curies":[{"name":"wp","href":"https:\/\/api.w.org\/{rel}","templated":true}]}}