{"id":27237,"date":"2024-07-17T12:59:14Z","date_gmt":"2024-07-17T10:59:14Z","guid":{"rendered":"https:\/\/www.omni-biotic.com\/fr-fr\/?p=27237"},"modified":"2024-07-24T11:31:02Z","modified_gmt":"2024-07-24T09:31:02Z","slug":"vacances-en-famille-digestion","status":"publish","type":"post","link":"https:\/\/www.omni-biotic.com\/fr-fr\/blog\/vacances-en-famille-digestion\/","title":{"rendered":"Vacances en famille : les troubles digestifs chez les enfants"},"content":{"rendered":"\t\t<div data-elementor-type=\"wp-post\" data-elementor-id=\"27237\" class=\"elementor elementor-27237\" data-elementor-post-type=\"post\">\n\t\t\t\t<div class=\"elementor-element elementor-element-68dee68 obcs none e-flex e-con-boxed e-con e-parent\" data-id=\"68dee68\" data-element_type=\"container\">\n\t\t\t\t\t<div class=\"e-con-inner\">\n\t\t\t\t<div class=\"elementor-element elementor-element-6f0b844 elementor-widget elementor-widget-image\" data-id=\"6f0b844\" data-element_type=\"widget\" data-widget_type=\"image.default\">\n\t\t\t\t<div class=\"elementor-widget-container\">\n\t\t\t\t\t\t\t\t\t\t\t\t\t\t\t<img fetchpriority=\"high\" decoding=\"async\" width=\"700\" height=\"500\" src=\"https:\/\/www.omni-biotic.com\/fr-fr\/wp-content\/uploads\/sites\/4\/2024\/07\/vacances_enfants_troubles_digestifs.jpg\" class=\"attachment-large size-large wp-image-27247\" alt=\"Vacances avec des enfants et troubles digestifs\" srcset=\"https:\/\/www.omni-biotic.com\/fr-fr\/wp-content\/uploads\/sites\/4\/2024\/07\/vacances_enfants_troubles_digestifs.jpg 700w, https:\/\/www.omni-biotic.com\/fr-fr\/wp-content\/uploads\/sites\/4\/2024\/07\/vacances_enfants_troubles_digestifs-300x214.jpg 300w\" sizes=\"(max-width: 700px) 100vw, 700px\" title=\"\">\t\t\t\t\t\t\t\t\t\t\t\t\t\t\t<\/div>\n\t\t\t\t<\/div>\n\t\t\t\t\t<\/div>\n\t\t\t\t<\/div>\n\t\t<div class=\"elementor-element elementor-element-8b3d35a obcs none e-flex e-con-boxed e-con e-parent\" data-id=\"8b3d35a\" data-element_type=\"container\">\n\t\t\t\t\t<div class=\"e-con-inner\">\n\t\t\t\t<div class=\"elementor-element elementor-element-ba90006 elementor-widget elementor-widget-heading\" data-id=\"ba90006\" data-element_type=\"widget\" data-widget_type=\"heading.default\">\n\t\t\t\t<div class=\"elementor-widget-container\">\n\t\t\t\t\t<h2 class=\"elementor-heading-title elementor-size-default\">Vacances en famille : o\u00f9 partir ?<\/h2>\t\t\t\t<\/div>\n\t\t\t\t<\/div>\n\t\t\t\t<div class=\"elementor-element elementor-element-bcaef91 elementor-widget elementor-widget-text-editor\" data-id=\"bcaef91\" data-element_type=\"widget\" data-widget_type=\"text-editor.default\">\n\t\t\t\t<div class=\"elementor-widget-container\">\n\t\t\t\t\t\t\t\t\t<p>L&rsquo;\u00e9ventail des destinations et des activit\u00e9s possibles est presque illimit\u00e9. Il y a de plus en plus de choix et des <strong>vacances adapt\u00e9es \u00e0 chaque tranche d\u2019\u00e2ge<\/strong> sont m\u00eame propos\u00e9es. Certains h\u00e9bergements sont vraiment pratiques pour un s\u00e9jour avec un nourrisson car tant le couchage que la nourriture r\u00e9pondent aux besoins habituels. Des offres \u00e0 destination des plus grands permettent de soulager les parents car des <strong>activit\u00e9s sont organis\u00e9es quotidiennement<\/strong> leur laissant un peu de r\u00e9pit pour vaquer \u00e0 leurs occupations. Si vos enfants ont peur de s\u2019ennuyer, vous pouver privil\u00e9giez les endroits avec des infrastructures existantes o\u00f9 l&rsquo;offre est importante ou organiser des vacances avec une autre famille.<\/p><p>La destination peut \u00e9galement \u00eatre choisie en fonction d\u2019autres aspects. Pour <a href=\"https:\/\/www.omni-biotic.com\/fr-fr\/blog\/enfants-allergies-respiratoires\/\"><strong>les enfants allergiques<\/strong><\/a>, des vacances \u00e0 la mer ou \u00e0 la montage permettent de reposer les voies respiratoires fatigu\u00e9es.<\/p>\t\t\t\t\t\t\t\t<\/div>\n\t\t\t\t<\/div>\n\t\t\t\t<div class=\"elementor-element elementor-element-8c40e91 elementor-widget elementor-widget-image\" data-id=\"8c40e91\" data-element_type=\"widget\" data-widget_type=\"image.default\">\n\t\t\t\t<div class=\"elementor-widget-container\">\n\t\t\t\t\t\t\t\t\t\t\t\t\t\t\t<img decoding=\"async\" width=\"700\" height=\"500\" src=\"https:\/\/www.omni-biotic.com\/fr-fr\/wp-content\/uploads\/sites\/4\/2024\/07\/vacances_enfants_trousse_pharmacie.jpg\" class=\"attachment-large size-large wp-image-27243\" alt=\"Vacances avec des enfants : constipation et diarrh\u00e9e en vacances\" srcset=\"https:\/\/www.omni-biotic.com\/fr-fr\/wp-content\/uploads\/sites\/4\/2024\/07\/vacances_enfants_trousse_pharmacie.jpg 700w, https:\/\/www.omni-biotic.com\/fr-fr\/wp-content\/uploads\/sites\/4\/2024\/07\/vacances_enfants_trousse_pharmacie-300x214.jpg 300w\" sizes=\"(max-width: 700px) 100vw, 700px\" title=\"\">\t\t\t\t\t\t\t\t\t\t\t\t\t\t\t<\/div>\n\t\t\t\t<\/div>\n\t\t\t\t\t<\/div>\n\t\t\t\t<\/div>\n\t\t<div class=\"elementor-element elementor-element-6b0e3b1 obcs none e-flex e-con-boxed e-con e-parent\" data-id=\"6b0e3b1\" data-element_type=\"container\">\n\t\t\t\t\t<div class=\"e-con-inner\">\n\t\t\t\t<div class=\"elementor-element elementor-element-dd5ee1b elementor-widget elementor-widget-heading\" data-id=\"dd5ee1b\" data-element_type=\"widget\" data-widget_type=\"heading.default\">\n\t\t\t\t<div class=\"elementor-widget-container\">\n\t\t\t\t\t<h2 class=\"elementor-heading-title elementor-size-default\">Troubles digestifs en vacances<\/h2>\t\t\t\t<\/div>\n\t\t\t\t<\/div>\n\t\t\t\t<div class=\"elementor-element elementor-element-547b09c elementor-widget elementor-widget-text-editor\" data-id=\"547b09c\" data-element_type=\"widget\" data-widget_type=\"text-editor.default\">\n\t\t\t\t<div class=\"elementor-widget-container\">\n\t\t\t\t\t\t\t\t\t<p>Un long voyage, une nourriture inhabituelle, de fortes chaleurs ainsi que les nouvelles et nombreuses exp\u00e9riences sur un lieu de vacances perturbent facilement le syst\u00e8me digestif d&rsquo;un enfant. Il arrive souvent que les enfants soient <strong>g\u00ean\u00e9s d&rsquo;aller \u00e0 la selle<\/strong> pour de <strong>multiples raisons<\/strong> : un rythme journalier diff\u00e9rent, des toilettes \u00e0 partager comme au camping ou pas adapt\u00e9es, un environnement \u00e9loign\u00e9 de leur zone de confort, etc.\u00a0<\/p>\t\t\t\t\t\t\t\t<\/div>\n\t\t\t\t<\/div>\n\t\t\t\t<div class=\"elementor-element elementor-element-769d65f elementor-widget elementor-widget-heading\" data-id=\"769d65f\" data-element_type=\"widget\" data-widget_type=\"heading.default\">\n\t\t\t\t<div class=\"elementor-widget-container\">\n\t\t\t\t\t<h3 class=\"elementor-heading-title elementor-size-default\">Que faire en cas de constipation ?<\/h3>\t\t\t\t<\/div>\n\t\t\t\t<\/div>\n\t\t\t\t<div class=\"elementor-element elementor-element-d95845f elementor-widget elementor-widget-text-editor\" data-id=\"d95845f\" data-element_type=\"widget\" data-widget_type=\"text-editor.default\">\n\t\t\t\t<div class=\"elementor-widget-container\">\n\t\t\t\t\t\t\t\t\t<p>Pour commencer \u00e0 r\u00e9gler les petits probl\u00e8mes, il est n\u00e9cessaire que les enfants boivent <strong>beaucoup d\u2019eau<\/strong>, particuli\u00e8rement si les temp\u00e9ratures sont \u00e9lev\u00e9es, et qu\u2019ils <strong>bougent ou s&rsquo;activent<\/strong>, par exemple dans l\u2019eau ou \u00e0 la plage. L\u2019exercice physique favorise le bon d\u00e9roulement des processus digestifs. Un <strong>massage doux du ventre<\/strong> r\u00e9alis\u00e9 par maman ou papa peut \u00e9galement aider, masser d\u00e9licatement dans le sens des aiguilles d\u2019une montre. En compl\u00e9ment, il est possible de recourir \u00e0 des rem\u00e8des naturels. <strong>La papaye<\/strong> par exemple \u00e0 des propri\u00e9t\u00e9s digestives qui soulagent en douceur les ballonnements et la constipation. Veillez \u00e0 ce que votre enfant aille \u00e0 la selle au moins trois fois par semaine.<\/p>\t\t\t\t\t\t\t\t<\/div>\n\t\t\t\t<\/div>\n\t\t\t\t<div class=\"elementor-element elementor-element-ee2376e elementor-widget elementor-widget-button\" data-id=\"ee2376e\" data-element_type=\"widget\" data-widget_type=\"button.default\">\n\t\t\t\t<div class=\"elementor-widget-container\">\n\t\t\t\t\t\t\t\t\t<div class=\"elementor-button-wrapper\">\n\t\t\t\t\t<a class=\"elementor-button elementor-button-link elementor-size-sm\" href=\"https:\/\/www.omni-biotic.com\/fr-fr\/blog\/constipation-chez-les-enfants\/\">\n\t\t\t\t\t\t<span class=\"elementor-button-content-wrapper\">\n\t\t\t\t\t\t\t\t\t<span class=\"elementor-button-text\">En savoir plus sur la constipation chez les enfants<\/span>\n\t\t\t\t\t<\/span>\n\t\t\t\t\t<\/a>\n\t\t\t\t<\/div>\n\t\t\t\t\t\t\t\t<\/div>\n\t\t\t\t<\/div>\n\t\t\t\t<div class=\"elementor-element elementor-element-566679f elementor-widget elementor-widget-heading\" data-id=\"566679f\" data-element_type=\"widget\" data-widget_type=\"heading.default\">\n\t\t\t\t<div class=\"elementor-widget-container\">\n\t\t\t\t\t<h3 class=\"elementor-heading-title elementor-size-default\">Pr\u00e9venir la diarrh\u00e9e ou tourista<\/h3>\t\t\t\t<\/div>\n\t\t\t\t<\/div>\n\t\t\t\t<div class=\"elementor-element elementor-element-4231219 elementor-widget elementor-widget-text-editor\" data-id=\"4231219\" data-element_type=\"widget\" data-widget_type=\"text-editor.default\">\n\t\t\t\t<div class=\"elementor-widget-container\">\n\t\t\t\t\t\t\t\t\t<p>La<a href=\"https:\/\/www.omni-biotic.com\/fr-fr\/blog\/tourista-prevenir-diarrhee-voyage\/\"><strong> tourista<\/strong><\/a> ou \u00ab\u00a0diarrh\u00e9e du voyageur\u00a0\u00bb est un des sc\u00e9narios les plus d\u00e9sagr\u00e9ables en vacances car en plus de <strong>ce trouble digestif<\/strong>, les enfants ont souvent mal au ventre et de la fi\u00e8vre.<\/p><p>Dans de nombreux pays, il est conseill\u00e9 <strong>d\u2019\u00e9viter de boire de l\u2019eau du robinet<\/strong> (parfois m\u00eame pour se brosser les dents), car elle est souvent purifi\u00e9e au chlore ou regorge de germes. C\u2019est pourquoi il faut aussi parfois s\u2019abstenir d\u2019utiliser des gla\u00e7ons ou de manger des fruits et l\u00e9gumes crus fra\u00eechement lav\u00e9s. Si vous avez des doutes sur la qualit\u00e9 de l\u2019eau, il est plus <strong>s\u00fbr de boire de l\u2019eau en bouteille<\/strong> et de veiller \u00e0 ce que les l\u00e9gumes, et surtout la viande et le poisson, <strong>soient bien cuits.<\/strong><\/p><p>En outre, les sp\u00e9cialistes recommandent de pr\u00e9parer l\u2019intestin avant un voyage en utilisant <a href=\"https:\/\/www.omni-biotic.com\/fr-fr\/sante-intestin\/intestin-centre-bien-etre\/probiotiques\/\"><strong>des probiotiques sp\u00e9cifiques<\/strong><\/a>. Ces produits conviennent aussi aux enfants et peuvent \u00e9viter une tourista d\u00e9sagr\u00e9able. \u00a0<\/p>\t\t\t\t\t\t\t\t<\/div>\n\t\t\t\t<\/div>\n\t\t\t\t<div class=\"elementor-element elementor-element-177cc2c elementor-widget elementor-widget-button\" data-id=\"177cc2c\" data-element_type=\"widget\" data-widget_type=\"button.default\">\n\t\t\t\t<div class=\"elementor-widget-container\">\n\t\t\t\t\t\t\t\t\t<div class=\"elementor-button-wrapper\">\n\t\t\t\t\t<a class=\"elementor-button elementor-button-link elementor-size-sm\" href=\"https:\/\/www.omni-biotic.com\/fr-fr\/blog\/diarrhee_enfants\/\">\n\t\t\t\t\t\t<span class=\"elementor-button-content-wrapper\">\n\t\t\t\t\t\t\t\t\t<span class=\"elementor-button-text\">En savoir plus sur la diarrh\u00e9e chez les enfants<\/span>\n\t\t\t\t\t<\/span>\n\t\t\t\t\t<\/a>\n\t\t\t\t<\/div>\n\t\t\t\t\t\t\t\t<\/div>\n\t\t\t\t<\/div>\n\t\t\t\t\t<\/div>\n\t\t\t\t<\/div>\n\t\t<div class=\"elementor-element elementor-element-e5a7ffa obcs none e-flex e-con-boxed e-con e-parent\" data-id=\"e5a7ffa\" data-element_type=\"container\">\n\t\t\t\t\t<div class=\"e-con-inner\">\n\t\t\t\t<div class=\"elementor-element elementor-element-9d71961 elementor-widget elementor-widget-image\" data-id=\"9d71961\" data-element_type=\"widget\" data-widget_type=\"image.default\">\n\t\t\t\t<div class=\"elementor-widget-container\">\n\t\t\t\t\t\t\t\t\t\t\t\t\t\t\t<img decoding=\"async\" width=\"700\" height=\"500\" src=\"https:\/\/www.omni-biotic.com\/fr-fr\/wp-content\/uploads\/sites\/4\/2024\/07\/vacances_enfants_check_list.jpg\" class=\"attachment-large size-large wp-image-27242\" alt=\"Vacances avec les enfants : check list et trousse \u00e0 pharmacie\" srcset=\"https:\/\/www.omni-biotic.com\/fr-fr\/wp-content\/uploads\/sites\/4\/2024\/07\/vacances_enfants_check_list.jpg 700w, https:\/\/www.omni-biotic.com\/fr-fr\/wp-content\/uploads\/sites\/4\/2024\/07\/vacances_enfants_check_list-300x214.jpg 300w\" sizes=\"(max-width: 700px) 100vw, 700px\" title=\"\">\t\t\t\t\t\t\t\t\t\t\t\t\t\t\t<\/div>\n\t\t\t\t<\/div>\n\t\t\t\t<div class=\"elementor-element elementor-element-8a717fe elementor-widget elementor-widget-heading\" data-id=\"8a717fe\" data-element_type=\"widget\" data-widget_type=\"heading.default\">\n\t\t\t\t<div class=\"elementor-widget-container\">\n\t\t\t\t\t<h2 class=\"elementor-heading-title elementor-size-default\">Check list pour les vacances en famille<\/h2>\t\t\t\t<\/div>\n\t\t\t\t<\/div>\n\t\t\t\t<div class=\"elementor-element elementor-element-c62d27a elementor-widget elementor-widget-text-editor\" data-id=\"c62d27a\" data-element_type=\"widget\" data-widget_type=\"text-editor.default\">\n\t\t\t\t<div class=\"elementor-widget-container\">\n\t\t\t\t\t\t\t\t\t<p>Pas besoin de partir \u00e0 l&rsquo;autre bout du monde pour penser \u00e0 <strong>pr\u00e9parer une trousse \u00e0 pharmacie<\/strong>, il convient d&rsquo;en avoir une m\u00eame si les vacances vous m\u00e8nent dans une autre r\u00e9gion fran\u00e7aise ou dans un pays frontalier. En effet, quelle que soit la destination, c&rsquo;est toujours <strong>rassurant et pr\u00e9voyant<\/strong> d&rsquo;avoir plus de produits et m\u00e9dicaments sous la main que n\u00e9cessaires. En cas de besoin, cela permet d&rsquo;\u00e9viter de rechercher une pharmacie de garde ou ouverte en \u00e9t\u00e9 voire d&rsquo;\u00eatre confront\u00e9 \u00e0 la barri\u00e8re de la langue si on se trouve \u00e0 l&rsquo;\u00e9tranger.\u00a0<\/p>\t\t\t\t\t\t\t\t<\/div>\n\t\t\t\t<\/div>\n\t\t\t\t<div class=\"elementor-element elementor-element-f3a6fab elementor-widget elementor-widget-button\" data-id=\"f3a6fab\" data-element_type=\"widget\" data-widget_type=\"button.default\">\n\t\t\t\t<div class=\"elementor-widget-container\">\n\t\t\t\t\t\t\t\t\t<div class=\"elementor-button-wrapper\">\n\t\t\t\t\t<a class=\"elementor-button elementor-button-link elementor-size-sm\" href=\"https:\/\/www.omni-biotic.com\/fr-fr\/blog\/vacances-trousse-de-secours\/\">\n\t\t\t\t\t\t<span class=\"elementor-button-content-wrapper\">\n\t\t\t\t\t\t\t\t\t<span class=\"elementor-button-text\">La trousse de secours id\u00e9ale : check list vacances<\/span>\n\t\t\t\t\t<\/span>\n\t\t\t\t\t<\/a>\n\t\t\t\t<\/div>\n\t\t\t\t\t\t\t\t<\/div>\n\t\t\t\t<\/div>\n\t\t\t\t\t<\/div>\n\t\t\t\t<\/div>\n\t\t<div class=\"elementor-element elementor-element-b35247d obcs none e-flex e-con-boxed e-con e-parent\" data-id=\"b35247d\" data-element_type=\"container\">\n\t\t\t\t\t<div class=\"e-con-inner\">\n\t\t\t\t<div class=\"elementor-element elementor-element-112a50e elementor-widget-divider--view-line elementor-widget elementor-widget-divider\" data-id=\"112a50e\" data-element_type=\"widget\" data-widget_type=\"divider.default\">\n\t\t\t\t<div class=\"elementor-widget-container\">\n\t\t\t\t\t\t\t<div class=\"elementor-divider\">\n\t\t\t<span class=\"elementor-divider-separator\">\n\t\t\t\t\t\t<\/span>\n\t\t<\/div>\n\t\t\t\t\t\t<\/div>\n\t\t\t\t<\/div>\n\t\t\t\t\t<\/div>\n\t\t\t\t<\/div>\n\t\t<div class=\"elementor-element elementor-element-c54010c obcs none e-flex e-con-boxed e-con e-parent\" data-id=\"c54010c\" data-element_type=\"container\">\n\t\t\t\t\t<div class=\"e-con-inner\">\n\t\t\t\t<div class=\"elementor-element elementor-element-4677b12 elementor-widget elementor-widget-heading\" data-id=\"4677b12\" data-element_type=\"widget\" data-widget_type=\"heading.default\">\n\t\t\t\t<div class=\"elementor-widget-container\">\n\t\t\t\t\t<p class=\"elementor-heading-title elementor-size-default\">OMNi-BiOTiC\u00ae VOYAGE : pour des vacances joyeuses et l\u00e9g\u00e8res !<\/p>\t\t\t\t<\/div>\n\t\t\t\t<\/div>\n\t\t\t\t\t<\/div>\n\t\t\t\t<\/div>\n\t\t<div class=\"elementor-element elementor-element-4232c38 obcs none e-flex e-con-boxed e-con e-parent\" data-id=\"4232c38\" data-element_type=\"container\">\n\t\t\t\t\t<div class=\"e-con-inner\">\n\t\t\t\t<div class=\"elementor-element elementor-element-8715750 elementor-widget elementor-widget-image\" data-id=\"8715750\" data-element_type=\"widget\" data-widget_type=\"image.default\">\n\t\t\t\t<div class=\"elementor-widget-container\">\n\t\t\t\t\t\t\t\t\t\t\t\t\t\t\t<img loading=\"lazy\" decoding=\"async\" width=\"800\" height=\"598\" src=\"https:\/\/www.omni-biotic.com\/fr-fr\/wp-content\/uploads\/sites\/4\/2024\/07\/OB_TRAVEL_probiotiques_vacances-1024x766.jpg\" class=\"attachment-large size-large wp-image-27467\" alt=\"Probiotique pour pr\u00e9venir la tourista\" srcset=\"https:\/\/www.omni-biotic.com\/fr-fr\/wp-content\/uploads\/sites\/4\/2024\/07\/OB_TRAVEL_probiotiques_vacances-1024x766.jpg 1024w, https:\/\/www.omni-biotic.com\/fr-fr\/wp-content\/uploads\/sites\/4\/2024\/07\/OB_TRAVEL_probiotiques_vacances-300x224.jpg 300w, https:\/\/www.omni-biotic.com\/fr-fr\/wp-content\/uploads\/sites\/4\/2024\/07\/OB_TRAVEL_probiotiques_vacances-768x574.jpg 768w, https:\/\/www.omni-biotic.com\/fr-fr\/wp-content\/uploads\/sites\/4\/2024\/07\/OB_TRAVEL_probiotiques_vacances.jpg 1470w\" sizes=\"(max-width: 800px) 100vw, 800px\" title=\"\">\t\t\t\t\t\t\t\t\t\t\t\t\t\t\t<\/div>\n\t\t\t\t<\/div>\n\t\t\t\t\t<\/div>\n\t\t\t\t<\/div>\n\t\t<div class=\"elementor-element elementor-element-5d48235 obcs none e-flex e-con-boxed e-con e-parent\" data-id=\"5d48235\" data-element_type=\"container\">\n\t\t\t\t\t<div class=\"e-con-inner\">\n\t\t<div class=\"elementor-element elementor-element-c8d4d72 obcs none e-flex e-con-boxed e-con e-child\" data-id=\"c8d4d72\" data-element_type=\"container\">\n\t\t\t\t\t<div class=\"e-con-inner\">\n\t\t\t\t<div class=\"elementor-element elementor-element-dc96302 elementor-icon-list--layout-traditional elementor-list-item-link-full_width elementor-widget elementor-widget-icon-list\" data-id=\"dc96302\" data-element_type=\"widget\" data-widget_type=\"icon-list.default\">\n\t\t\t\t<div class=\"elementor-widget-container\">\n\t\t\t\t\t\t\t<ul class=\"elementor-icon-list-items\">\n\t\t\t\t\t\t\t<li class=\"elementor-icon-list-item\">\n\t\t\t\t\t\t\t\t\t\t\t<span class=\"elementor-icon-list-icon\">\n\t\t\t\t\t\t\t<i aria-hidden=\"true\" class=\"fas fa-check\"><\/i>\t\t\t\t\t\t<\/span>\n\t\t\t\t\t\t\t\t\t\t<span class=\"elementor-icon-list-text\">Un probiotique \u00e0 base de ferments lactiques <\/span>\n\t\t\t\t\t\t\t\t\t<\/li>\n\t\t\t\t\t\t<\/ul>\n\t\t\t\t\t\t<\/div>\n\t\t\t\t<\/div>\n\t\t\t\t<div class=\"elementor-element elementor-element-e52837e elementor-icon-list--layout-traditional elementor-list-item-link-full_width elementor-widget elementor-widget-icon-list\" data-id=\"e52837e\" data-element_type=\"widget\" data-widget_type=\"icon-list.default\">\n\t\t\t\t<div class=\"elementor-widget-container\">\n\t\t\t\t\t\t\t<ul class=\"elementor-icon-list-items\">\n\t\t\t\t\t\t\t<li class=\"elementor-icon-list-item\">\n\t\t\t\t\t\t\t\t\t\t\t<span class=\"elementor-icon-list-icon\">\n\t\t\t\t\t\t\t<i aria-hidden=\"true\" class=\"fas fa-check\"><\/i>\t\t\t\t\t\t<\/span>\n\t\t\t\t\t\t\t\t\t\t<span class=\"elementor-icon-list-text\">Avec 10 souches bact\u00e9riennes scientifiquement s\u00e9lectionn\u00e9es et test\u00e9es<\/span>\n\t\t\t\t\t\t\t\t\t<\/li>\n\t\t\t\t\t\t<\/ul>\n\t\t\t\t\t\t<\/div>\n\t\t\t\t<\/div>\n\t\t\t\t<div class=\"elementor-element elementor-element-b745411 elementor-icon-list--layout-traditional elementor-list-item-link-full_width elementor-widget elementor-widget-icon-list\" data-id=\"b745411\" data-element_type=\"widget\" data-widget_type=\"icon-list.default\">\n\t\t\t\t<div class=\"elementor-widget-container\">\n\t\t\t\t\t\t\t<ul class=\"elementor-icon-list-items\">\n\t\t\t\t\t\t\t<li class=\"elementor-icon-list-item\">\n\t\t\t\t\t\t\t\t\t\t\t<span class=\"elementor-icon-list-icon\">\n\t\t\t\t\t\t\t<i aria-hidden=\"true\" class=\"fas fa-check\"><\/i>\t\t\t\t\t\t<\/span>\n\t\t\t\t\t\t\t\t\t\t<span class=\"elementor-icon-list-text\">Pour pr\u00e9parer votre intestin \u00e0 certains impr\u00e9vus rencontr\u00e9s en vacances, comme les bact\u00e9ries pathog\u00e8nes \u00e0 l'origine de la tourista<\/span>\n\t\t\t\t\t\t\t\t\t<\/li>\n\t\t\t\t\t\t<\/ul>\n\t\t\t\t\t\t<\/div>\n\t\t\t\t<\/div>\n\t\t\t\t<div class=\"elementor-element elementor-element-5f560e1 elementor-icon-list--layout-traditional elementor-list-item-link-full_width elementor-widget elementor-widget-icon-list\" data-id=\"5f560e1\" data-element_type=\"widget\" data-widget_type=\"icon-list.default\">\n\t\t\t\t<div class=\"elementor-widget-container\">\n\t\t\t\t\t\t\t<ul class=\"elementor-icon-list-items\">\n\t\t\t\t\t\t\t<li class=\"elementor-icon-list-item\">\n\t\t\t\t\t\t\t\t\t\t\t<span class=\"elementor-icon-list-icon\">\n\t\t\t\t\t\t\t<i aria-hidden=\"true\" class=\"fas fa-check\"><\/i>\t\t\t\t\t\t<\/span>\n\t\t\t\t\t\t\t\t\t\t<span class=\"elementor-icon-list-text\">Des sachets individuels faciles \u00e0 prendre<\/span>\n\t\t\t\t\t\t\t\t\t<\/li>\n\t\t\t\t\t\t<\/ul>\n\t\t\t\t\t\t<\/div>\n\t\t\t\t<\/div>\n\t\t\t\t<div class=\"elementor-element elementor-element-5da5776 elementor-icon-list--layout-traditional elementor-list-item-link-full_width elementor-widget elementor-widget-icon-list\" data-id=\"5da5776\" data-element_type=\"widget\" data-widget_type=\"icon-list.default\">\n\t\t\t\t<div class=\"elementor-widget-container\">\n\t\t\t\t\t\t\t<ul class=\"elementor-icon-list-items\">\n\t\t\t\t\t\t\t<li class=\"elementor-icon-list-item\">\n\t\t\t\t\t\t\t\t\t\t\t<span class=\"elementor-icon-list-icon\">\n\t\t\t\t\t\t\t<i aria-hidden=\"true\" class=\"fas fa-check\"><\/i>\t\t\t\t\t\t<\/span>\n\t\t\t\t\t\t\t\t\t\t<span class=\"elementor-icon-list-text\">Une \u00ab assurance voyage \u00bb pour toute la famille<\/span>\n\t\t\t\t\t\t\t\t\t<\/li>\n\t\t\t\t\t\t<\/ul>\n\t\t\t\t\t\t<\/div>\n\t\t\t\t<\/div>\n\t\t\t\t\t<\/div>\n\t\t\t\t<\/div>\n\t\t\t\t\t<\/div>\n\t\t\t\t<\/div>\n\t\t<div class=\"elementor-element elementor-element-a7553ef obcs none e-flex e-con-boxed e-con e-parent\" data-id=\"a7553ef\" data-element_type=\"container\">\n\t\t\t\t\t<div class=\"e-con-inner\">\n\t\t\t\t<div class=\"elementor-element elementor-element-72e69a0 elementor-align-center elementor-widget elementor-widget-button\" data-id=\"72e69a0\" data-element_type=\"widget\" data-widget_type=\"button.default\">\n\t\t\t\t<div class=\"elementor-widget-container\">\n\t\t\t\t\t\t\t\t\t<div class=\"elementor-button-wrapper\">\n\t\t\t\t\t<a class=\"elementor-button elementor-button-link elementor-size-sm\" href=\"https:\/\/shop.omni-biotic.com\/fr-fr\/products\/omni-biotic-reise-int-99111\">\n\t\t\t\t\t\t<span class=\"elementor-button-content-wrapper\">\n\t\t\t\t\t\t\t\t\t<span class=\"elementor-button-text\">D\u00e9couvrir OMNi-BiOTiC\u00ae VOYAGE<\/span>\n\t\t\t\t\t<\/span>\n\t\t\t\t\t<\/a>\n\t\t\t\t<\/div>\n\t\t\t\t\t\t\t\t<\/div>\n\t\t\t\t<\/div>\n\t\t\t\t\t<\/div>\n\t\t\t\t<\/div>\n\t\t\t\t<\/div>\n\t\t","protected":false},"excerpt":{"rendered":"<p>Les vacances ne sont pas seulement synonymes de repos mais ce sont aussi des moments privil\u00e9gi\u00e9s \u00e0 partager et une occasion id\u00e9ale pour vivre de nouvelles exp\u00e9riences ensemble. Les troubles digestifs tels que la constipation ou la diarrh\u00e9e peuvent s\u2019inviter pendant les vacances et bouleverser un voyage pour les petits comme les grands ! Que faire et comment les pr\u00e9venir ? <\/p>\n","protected":false},"author":14,"featured_media":27247,"comment_status":"closed","ping_status":"closed","sticky":false,"template":"","format":"standard","meta":{"_acf_changed":false,"inline_featured_image":false,"footnotes":""},"categories":[218,211],"tags":[],"class_list":["post-27237","post","type-post","status-publish","format-standard","has-post-thumbnail","hentry","category-bien-etre-en-voyage","category-la-sante-des-enfants"],"acf":[],"rank_math":{"og:title":"Vacances en famille : troubles digestifs chez les enfants","og:desc":"C'est l'\u00e9t\u00e9 et les vacances en famille s'organisent. Pensez \u00e0 prendre quelques pr\u00e9cautions pour \u00e9viter certains troubles digestifs ! A lire...","og:url":"https:\/\/www.omni-biotic.com\/fr-fr\/blog\/vacances-en-famille-digestion\/","og:locale":"fr_FR","og:image":"https:\/\/www.omni-biotic.com\/fr-fr\/wp-content\/uploads\/sites\/4\/2024\/07\/vacances_enfants_troubles_digestifs.jpg","og:image:width":"700","og:image:height":"500"},"additional_data":{"thumbnail":"https:\/\/www.omni-biotic.com\/fr-fr\/wp-content\/uploads\/sites\/4\/2024\/07\/vacances_enfants_troubles_digestifs.jpg"},"blog_info":{"country":"fr-fr"},"_links":{"self":[{"href":"https:\/\/www.omni-biotic.com\/fr-fr\/wp-json\/wp\/v2\/posts\/27237","targetHints":{"allow":["GET"]}}],"collection":[{"href":"https:\/\/www.omni-biotic.com\/fr-fr\/wp-json\/wp\/v2\/posts"}],"about":[{"href":"https:\/\/www.omni-biotic.com\/fr-fr\/wp-json\/wp\/v2\/types\/post"}],"author":[{"embeddable":true,"href":"https:\/\/www.omni-biotic.com\/fr-fr\/wp-json\/wp\/v2\/users\/14"}],"replies":[{"embeddable":true,"href":"https:\/\/www.omni-biotic.com\/fr-fr\/wp-json\/wp\/v2\/comments?post=27237"}],"version-history":[{"count":7,"href":"https:\/\/www.omni-biotic.com\/fr-fr\/wp-json\/wp\/v2\/posts\/27237\/revisions"}],"predecessor-version":[{"id":27479,"href":"https:\/\/www.omni-biotic.com\/fr-fr\/wp-json\/wp\/v2\/posts\/27237\/revisions\/27479"}],"wp:featuredmedia":[{"embeddable":true,"href":"https:\/\/www.omni-biotic.com\/fr-fr\/wp-json\/wp\/v2\/media\/27247"}],"wp:attachment":[{"href":"https:\/\/www.omni-biotic.com\/fr-fr\/wp-json\/wp\/v2\/media?parent=27237"}],"wp:term":[{"taxonomy":"category","embeddable":true,"href":"https:\/\/www.omni-biotic.com\/fr-fr\/wp-json\/wp\/v2\/categories?post=27237"},{"taxonomy":"post_tag","embeddable":true,"href":"https:\/\/www.omni-biotic.com\/fr-fr\/wp-json\/wp\/v2\/tags?post=27237"}],"curies":[{"name":"wp","href":"https:\/\/api.w.org\/{rel}","templated":true}]}}