{"id":28404,"date":"2024-10-22T14:00:53Z","date_gmt":"2024-10-22T12:00:53Z","guid":{"rendered":"https:\/\/www.omni-biotic.com\/fr-fr\/?p=28404"},"modified":"2026-04-02T13:12:01Z","modified_gmt":"2026-04-02T11:12:01Z","slug":"antidepresseurs-role-probiotiques","status":"publish","type":"post","link":"https:\/\/www.omni-biotic.com\/fr-fr\/blog\/antidepresseurs-role-probiotiques\/","title":{"rendered":"Sous antid\u00e9presseurs ? Le r\u00f4le des probiotiques"},"content":{"rendered":"\t\t<div data-elementor-type=\"wp-post\" data-elementor-id=\"28404\" class=\"elementor elementor-28404\" data-elementor-post-type=\"post\">\n\t\t\t\t<div class=\"elementor-element elementor-element-a3be323 obcs none e-flex e-con-boxed e-con e-parent\" data-id=\"a3be323\" data-element_type=\"container\">\n\t\t\t\t\t<div class=\"e-con-inner\">\n\t\t\t\t<div class=\"elementor-element elementor-element-301f2a8 elementor-widget elementor-widget-text-editor\" data-id=\"301f2a8\" data-element_type=\"widget\" data-widget_type=\"text-editor.default\">\n\t\t\t\t<div class=\"elementor-widget-container\">\n\t\t\t\t\t\t\t\t\t<p>La d\u00e9pression est une maladie mentale fr\u00e9quente qui touche tous les \u00e2ges. Les diff\u00e9rentes \u00e9tudes men\u00e9es sur le territoire montrent que <strong>la sant\u00e9 mentale des Fran\u00e7ais se d\u00e9grade<\/strong>, notamment chez les jeunes (18-24 ans). La <strong>consommation d\u2019antid\u00e9presseurs<\/strong> a par ailleurs fortement <strong>augment\u00e9<\/strong> et une r\u00e9cente \u00e9tude du <em>Haut Conseil de la famille, de l\u2019enfance et de l\u2019\u00e2ge<\/em> r\u00e9v\u00e8le que cette hausse est de 62 % chez les plus jeunes (entre 2014 et 2021).<\/p>\t\t\t\t\t\t\t\t<\/div>\n\t\t\t\t<\/div>\n\t\t\t\t<div class=\"elementor-element elementor-element-446c49c elementor-widget elementor-widget-image\" data-id=\"446c49c\" data-element_type=\"widget\" data-widget_type=\"image.default\">\n\t\t\t\t<div class=\"elementor-widget-container\">\n\t\t\t\t\t\t\t\t\t\t\t\t\t\t\t<img fetchpriority=\"high\" decoding=\"async\" width=\"800\" height=\"433\" src=\"https:\/\/www.omni-biotic.com\/fr-fr\/wp-content\/uploads\/sites\/4\/2024\/10\/antidepresseurs_depression_probiotiques-1024x554.png\" class=\"attachment-large size-large wp-image-28407\" alt=\"Sous antid\u00e9presseurs ? Le r\u00f4le des probiotiques en cas de d\u00e9pression\" srcset=\"https:\/\/www.omni-biotic.com\/fr-fr\/wp-content\/uploads\/sites\/4\/2024\/10\/antidepresseurs_depression_probiotiques-1024x554.png 1024w, https:\/\/www.omni-biotic.com\/fr-fr\/wp-content\/uploads\/sites\/4\/2024\/10\/antidepresseurs_depression_probiotiques-300x162.png 300w, https:\/\/www.omni-biotic.com\/fr-fr\/wp-content\/uploads\/sites\/4\/2024\/10\/antidepresseurs_depression_probiotiques-768x415.png 768w, https:\/\/www.omni-biotic.com\/fr-fr\/wp-content\/uploads\/sites\/4\/2024\/10\/antidepresseurs_depression_probiotiques.png 1200w\" sizes=\"(max-width: 800px) 100vw, 800px\" title=\"\">\t\t\t\t\t\t\t\t\t\t\t\t\t\t\t<\/div>\n\t\t\t\t<\/div>\n\t\t\t\t<div class=\"elementor-element elementor-element-640d38a elementor-widget elementor-widget-heading\" data-id=\"640d38a\" data-element_type=\"widget\" data-widget_type=\"heading.default\">\n\t\t\t\t<div class=\"elementor-widget-container\">\n\t\t\t\t\t<h2 class=\"elementor-heading-title elementor-size-default\">D\u00e9pression, antid\u00e9presseurs : de quoi parle-t-on ? <\/h2>\t\t\t\t<\/div>\n\t\t\t\t<\/div>\n\t\t\t\t<div class=\"elementor-element elementor-element-0640173 elementor-widget elementor-widget-text-editor\" data-id=\"0640173\" data-element_type=\"widget\" data-widget_type=\"text-editor.default\">\n\t\t\t\t<div class=\"elementor-widget-container\">\n\t\t\t\t\t\t\t\t\t<p>La d\u00e9pression d\u00e9signe une <strong>maladie psychique<\/strong> qui est caract\u00e9ris\u00e9e par des perturbations de l&rsquo;humeur. Cette humeur d\u00e9pressive provoque de la tristesse, une perte de plaisir et de motivation, une baisse de l&rsquo;estime de soi, des difficult\u00e9s de concentration, etc. La d\u00e9pression est \u00e0 diff\u00e9rencier de la d\u00e9prime passag\u00e8re que l&rsquo;on peut ressentir apr\u00e8s une d\u00e9ception, un \u00e9chec ou un week-end morose. La d\u00e9pression <strong>dure dans le temps<\/strong> et <strong>perturbe le quotidien<\/strong> des personnes concern\u00e9es. Elle peut \u00e9galement entra\u00eener des sympt\u00f4mes physiques, tels que des <strong>troubles du sommeil<\/strong>, des <strong><a href=\"https:\/\/www.omni-biotic.com\/fr-fr\/submenus\/les-troubles-digestifs\/\">troubles digestifs<\/a><\/strong>, des maux de t\u00eate, de l&rsquo;agitation, etc.\u00a0<span style=\"color: var( --e-global-color-text );text-align: var(--text-align);background-color: inherit;font-family: var( --e-global-typography-text-font-family ), -apple-system,BlinkMacSystemFont,Segoe UI,Roboto,Helvetica Neue,Arial,Noto Sans,sans-serif;font-size: var( --e-global-typography-text-font-size );font-style: var( --e-global-typography-text-font-style );font-weight: var( --e-global-typography-text-font-weight );letter-spacing: var( --e-global-typography-text-letter-spacing );text-transform: var( --e-global-typography-text-text-transform )\">Il est conseill\u00e9 de consulter un m\u00e9decin lorsque vous constatez plusieurs sympt\u00f4mes li\u00e9s \u00e0 une d\u00e9pression pendant au moins deux semaines.\u00a0<\/span><\/p><p><span style=\"color: var( --e-global-color-text );text-align: var(--text-align);background-color: inherit;font-family: var( --e-global-typography-text-font-family ), -apple-system,BlinkMacSystemFont,Segoe UI,Roboto,Helvetica Neue,Arial,Noto Sans,sans-serif;font-size: var( --e-global-typography-text-font-size );font-style: var( --e-global-typography-text-font-style );font-weight: var( --e-global-typography-text-font-weight );letter-spacing: var( --e-global-typography-text-letter-spacing );text-transform: var( --e-global-typography-text-text-transform )\">C&rsquo;est aux professionnels de sant\u00e9, m\u00e9decin traitant et psychiatre, de d\u00e9finir le traitement contre la d\u00e9pression. Une <strong>psychoth\u00e9rapie<\/strong> est fortement recommand\u00e9e et elle peut \u00eatre associ\u00e9e \u00e0 la <strong>prise d&rsquo;antid\u00e9presseurs<\/strong> si les \u00e9pisodes d\u00e9pressifs sont consid\u00e9r\u00e9s comme mod\u00e9r\u00e9s ou s\u00e9v\u00e8res. Des m\u00e9dicaments antid\u00e9presseurs sont alors prescrits pour <strong>r\u00e9duire les sympt\u00f4mes de la d\u00e9pression et am\u00e9liorer l&rsquo;humeur<\/strong>. Leurs effets se font g\u00e9n\u00e9ralement ressentir quelques semaines apr\u00e8s le d\u00e9but de la prise. Ils agissent sur certains <strong>neurotransmetteurs<\/strong>, tels que la s\u00e9rotonine ou la noradr\u00e9naline, en r\u00e9gulant leurs niveaux. Diff\u00e9rentes familles d&rsquo;antid\u00e9presseurs existent en fonction de la mani\u00e8re dont ils modifient l&rsquo;\u00e9quilibre chimique du cerveau.\u00a0<\/span><\/p>\t\t\t\t\t\t\t\t<\/div>\n\t\t\t\t<\/div>\n\t\t\t\t\t<\/div>\n\t\t\t\t<\/div>\n\t\t<div class=\"elementor-element elementor-element-1691d3a obcs none e-flex e-con-boxed e-con e-parent\" data-id=\"1691d3a\" data-element_type=\"container\">\n\t\t\t\t\t<div class=\"e-con-inner\">\n\t\t\t\t<div class=\"elementor-element elementor-element-857f0b9 elementor-widget elementor-widget-heading\" data-id=\"857f0b9\" data-element_type=\"widget\" data-widget_type=\"heading.default\">\n\t\t\t\t<div class=\"elementor-widget-container\">\n\t\t\t\t\t<h2 class=\"elementor-heading-title elementor-size-default\">Le r\u00f4le des probiotiques\u00a0: les r\u00e9sultats d\u2019une nouvelle \u00e9tude<\/h2>\t\t\t\t<\/div>\n\t\t\t\t<\/div>\n\t\t\t\t<div class=\"elementor-element elementor-element-d40fc2f elementor-widget elementor-widget-heading\" data-id=\"d40fc2f\" data-element_type=\"widget\" data-widget_type=\"heading.default\">\n\t\t\t\t<div class=\"elementor-widget-container\">\n\t\t\t\t\t<h4 class=\"elementor-heading-title elementor-size-default\">D\u00e9tails de l\u2019\u00e9tude<\/h4>\t\t\t\t<\/div>\n\t\t\t\t<\/div>\n\t\t\t\t<div class=\"elementor-element elementor-element-a3f515b elementor-widget elementor-widget-text-editor\" data-id=\"a3f515b\" data-element_type=\"widget\" data-widget_type=\"text-editor.default\">\n\t\t\t\t<div class=\"elementor-widget-container\">\n\t\t\t\t\t\t\t\t\t<p>Cette \u00e9tude a \u00e9t\u00e9 men\u00e9e sur des patients hospitalis\u00e9s aux Cliniques psychiatriques universitaires de B\u00e2le\u00a0(<em>Universit\u00e4re Psychiatrische Kliniken Basel,\u00a0UPK<\/em>) et publi\u00e9e dans <em>Translational Psychiatry<\/em>, une revue m\u00e9dicale anglaise. L&rsquo;\u00e9tude a dur\u00e9 31 jours, pendant lesquels un groupe de 21 personnes a pris <a href=\"https:\/\/www.omni-biotic.com\/fr-fr\/sante-intestin\/intestin-centre-bien-etre\/probiotiques\/\"><strong>un probiotique<\/strong><\/a> alors que le second groupe, compos\u00e9 de 26 participants, s&rsquo;est vu administrer un placebo. Cette \u00e9tude est bas\u00e9e sur l&rsquo;analyse des r\u00e9sultats de ces 47 patients qui ont termin\u00e9 l&rsquo;\u00e9tude.\u00a0<\/p><p>Tous les participants <strong>prenaient des antid\u00e9presseurs<\/strong> et ils ont \u00e9t\u00e9 plac\u00e9s dans un des deux groupes de mani\u00e8re al\u00e9atoire. Diff\u00e9rents param\u00e8tres ont \u00e9t\u00e9 analys\u00e9s, les patients ont r\u00e9alis\u00e9 une s\u00e9rie de tests au d\u00e9but de l&rsquo;\u00e9tude, 31 jours plus tard, puis quatre semaines apr\u00e8s la fin de la prise du probiotique ou du placebo.\u00a0<\/p>\t\t\t\t\t\t\t\t<\/div>\n\t\t\t\t<\/div>\n\t\t\t\t<div class=\"elementor-element elementor-element-2462af7 elementor-widget elementor-widget-infobox\" data-id=\"2462af7\" data-element_type=\"widget\" data-widget_type=\"infobox.default\">\n\t\t\t\t<div class=\"elementor-widget-container\">\n\t\t\t\t\t\n<div class=\"li-widgets--infobox magenta highlights-always-magenta\">\n\n    <div class=\"li-widgets--infobox__icon\">\n        <i aria-hidden=\"true\" class=\"far fa-edit\"><\/i>    <\/div>\n    <div class=\"li-widgets--infobox__text\">\n            <\/div>\n    <div class=\"li-widgets--infobox__text-body\">\n        <p>Si tous les participants ont constat\u00e9 <strong>une r\u00e9duction des sympt\u00f4mes d\u00e9pressifs<\/strong>, ceux du groupe <strong>probiotique<\/strong>, sans savoir qu'ils appartenaient \u00e0 ce groupe, ont fait \u00e9tat d'une <strong>am\u00e9lioration encore plus significative<\/strong> par rapport au groupe placebo.<\/p>    <\/div>\n\n    \n<\/div>\n\t\t\t\t<\/div>\n\t\t\t\t<\/div>\n\t\t\t\t<div class=\"elementor-element elementor-element-e91c171 elementor-widget elementor-widget-heading\" data-id=\"e91c171\" data-element_type=\"widget\" data-widget_type=\"heading.default\">\n\t\t\t\t<div class=\"elementor-widget-container\">\n\t\t\t\t\t<h4 class=\"elementor-heading-title elementor-size-default\">Importance de l\u2019observance des traitements<\/h4>\t\t\t\t<\/div>\n\t\t\t\t<\/div>\n\t\t\t\t<div class=\"elementor-element elementor-element-9717102 elementor-widget elementor-widget-text-editor\" data-id=\"9717102\" data-element_type=\"widget\" data-widget_type=\"text-editor.default\">\n\t\t\t\t<div class=\"elementor-widget-container\">\n\t\t\t\t\t\t\t\t\t<p>Les auteurs de l&rsquo;\u00e9tude soulignent que le principal r\u00e9sultat, \u00e0 savoir une am\u00e9lioration plus marqu\u00e9e des sympt\u00f4mes d\u00e9pressifs apr\u00e8s la prise du probiotique, confirme les observations d&rsquo;une \u00e9tude ant\u00e9rieure, laquelle avait constat\u00e9 <strong>un effet positif continu des probiotiques sur les sympt\u00f4mes li\u00e9s \u00e0 la d\u00e9pression<\/strong>. Cette influence b\u00e9n\u00e9fique n&rsquo;a pas \u00e9t\u00e9 observ\u00e9e sur les \u00e9tats anxieux de patients souffrant du syndrome de l&rsquo;intestin irritable.&nbsp;<\/p>\n<p>Autre constat important \u00e0 relever dans cette \u00e9tude : les effets des probiotiques n&rsquo;\u00e9taient significatifs et accentu\u00e9s lors du suivi \u00e0 8 semaines (3<sup>e<\/sup> test) que dans le sous-groupe o\u00f9 <strong>la prise des probiotiques a \u00e9t\u00e9 rigoureusement respect\u00e9e<\/strong>, indiquant un taux de r\u00e9mission de 55 % dans le groupe probiotiques, contre 40 % dans le groupe placebo. Il est n\u00e9cessaire de souligner ici <strong>l\u2019importance de l\u2019observance<\/strong> de la&nbsp; suppl\u00e9mentation probiotique qui est aussi essentielle que pour le traitement antid\u00e9presseur.&nbsp;<\/p>\t\t\t\t\t\t\t\t<\/div>\n\t\t\t\t<\/div>\n\t\t\t\t<div class=\"elementor-element elementor-element-53bae19 elementor-widget elementor-widget-heading\" data-id=\"53bae19\" data-element_type=\"widget\" data-widget_type=\"heading.default\">\n\t\t\t\t<div class=\"elementor-widget-container\">\n\t\t\t\t\t<h4 class=\"elementor-heading-title elementor-size-default\">L\u2019effet des probiotiques sur la composition bact\u00e9rienne<\/h4>\t\t\t\t<\/div>\n\t\t\t\t<\/div>\n\t\t\t\t<div class=\"elementor-element elementor-element-7c3802d elementor-widget elementor-widget-image\" data-id=\"7c3802d\" data-element_type=\"widget\" data-widget_type=\"image.default\">\n\t\t\t\t<div class=\"elementor-widget-container\">\n\t\t\t\t\t\t\t\t\t\t\t\t\t\t\t<img decoding=\"async\" width=\"800\" height=\"466\" src=\"https:\/\/www.omni-biotic.com\/fr-fr\/wp-content\/uploads\/sites\/4\/2024\/10\/depression_probiotiques_microbiote-1024x596.png\" class=\"attachment-large size-large wp-image-28409\" alt=\"Un microbiote intestinal \u00e9quilibr\u00e9 pour soutneir l&#039;axe intestin-cerveau\" srcset=\"https:\/\/www.omni-biotic.com\/fr-fr\/wp-content\/uploads\/sites\/4\/2024\/10\/depression_probiotiques_microbiote-1024x596.png 1024w, https:\/\/www.omni-biotic.com\/fr-fr\/wp-content\/uploads\/sites\/4\/2024\/10\/depression_probiotiques_microbiote-300x175.png 300w, https:\/\/www.omni-biotic.com\/fr-fr\/wp-content\/uploads\/sites\/4\/2024\/10\/depression_probiotiques_microbiote-768x447.png 768w, https:\/\/www.omni-biotic.com\/fr-fr\/wp-content\/uploads\/sites\/4\/2024\/10\/depression_probiotiques_microbiote.png 1200w\" sizes=\"(max-width: 800px) 100vw, 800px\" title=\"\">\t\t\t\t\t\t\t\t\t\t\t\t\t\t\t<\/div>\n\t\t\t\t<\/div>\n\t\t\t\t<div class=\"elementor-element elementor-element-4d2964e elementor-widget elementor-widget-text-editor\" data-id=\"4d2964e\" data-element_type=\"widget\" data-widget_type=\"text-editor.default\">\n\t\t\t\t<div class=\"elementor-widget-container\">\n\t\t\t\t\t\t\t\t\t<p>Les chercheurs ont \u00e9galement constat\u00e9 que les patients du groupe probiotique pr\u00e9sentaient un <a href=\"https:\/\/www.omni-biotic.com\/fr-fr\/sante-intestin\/intestin-centre-bien-etre\/microbiote-intestinal\/\"><strong>microbiote intestinal<\/strong><\/a> plus sain, du moins temporairement. Les \u00e9chantillons de selles ont montr\u00e9 une <strong>augmentation des bact\u00e9ries lactiques<\/strong>, un effet qui a co\u00efncid\u00e9 avec la r\u00e9duction des sympt\u00f4mes li\u00e9s \u00e0 la d\u00e9pression.<\/p><p>Les bact\u00e9ries lactiques sont des bact\u00e9ries utiles pour le microbiote puisqu\u2019elles <strong>produisent de l\u2019acide lactique<\/strong> permettant d\u2019acidifier le milieu intestinal et de contribuer \u00e0 l&rsquo;\u00e9limination des bact\u00e9ries ind\u00e9sirables.<\/p><p>L&rsquo;\u00e9tude a \u00e9galement montr\u00e9 que les bact\u00e9ries b\u00e9n\u00e9fiques ont contribu\u00e9 \u00e0 <strong>normaliser le traitement des \u00e9motions<\/strong> dans le groupe de participants ayant re\u00e7u des probiotiques, ce qui n&rsquo;a pas \u00e9t\u00e9 constat\u00e9 dans le groupe placebo. Pour rendre cette \u00e9tude aussi objective que possible, les chercheurs ont utilis\u00e9 l&rsquo;imagerie par r\u00e9sonance magn\u00e9tique (IRM) de haute pr\u00e9cision pour d\u00e9terminer la fa\u00e7on dont certaines zones du cerveau r\u00e9agissaient \u00e0 la th\u00e9rapie probiotique. \u00a0<\/p>\t\t\t\t\t\t\t\t<\/div>\n\t\t\t\t<\/div>\n\t\t\t\t<div class=\"elementor-element elementor-element-5159522 elementor-widget elementor-widget-heading\" data-id=\"5159522\" data-element_type=\"widget\" data-widget_type=\"heading.default\">\n\t\t\t\t<div class=\"elementor-widget-container\">\n\t\t\t\t\t<h2 class=\"elementor-heading-title elementor-size-default\">Les probiotiques en compl\u00e9ment d\u2019un traitement de la d\u00e9pression<\/h2>\t\t\t\t<\/div>\n\t\t\t\t<\/div>\n\t\t\t\t<div class=\"elementor-element elementor-element-b1bb932 elementor-widget elementor-widget-text-editor\" data-id=\"b1bb932\" data-element_type=\"widget\" data-widget_type=\"text-editor.default\">\n\t\t\t\t<div class=\"elementor-widget-container\">\n\t\t\t\t\t\t\t\t\t<p>D\u2019apr\u00e8s les auteurs de cette \u00e9tude, ces r\u00e9sultats sugg\u00e8rent qu\u2019une \u00ab\u00a0<em>suppl\u00e9mentation en probiotiques\u00a0<strong>am\u00e9liore les sympt\u00f4mes de la d\u00e9pression<\/strong> et permet de maintenir des ent\u00e9rotypes sains ainsi qu\u2019<strong>une diversit\u00e9 bact\u00e9rienne<\/strong>,<strong> augmentant ainsi le nombre de bact\u00e9ries intestinales b\u00e9n\u00e9fiques<\/strong>. Au niveau du syst\u00e8me nerveux, les probiotiques modifient les pr\u00e9jug\u00e9s n\u00e9gatifs et la valence \u00e9motionnelle (*caract\u00e8re agr\u00e9able ou d\u00e9sagr\u00e9able d\u2019une \u00e9motion) en plus du traitement m\u00e9dical standard de la d\u00e9pression\u00a0\u00bb.<\/em><\/p><p>Ces conclusions doivent \u00eatre certes valid\u00e9es dans le cadre d\u2019\u00e9tudes plus longues et vastes du point de vue du nombre de participants. Cependant, ces observations mettent en \u00e9vidence <strong>le r\u00f4le de l\u2019axe intestin-cerveau dans le trouble d\u00e9pressif<\/strong> et <strong>le potentiel des approches th\u00e9rapeutiques centr\u00e9es sur le microbiome pour am\u00e9liorer l\u2019efficacit\u00e9 des traitements actuels de la d\u00e9pression<\/strong>. De plus, les probiotiques sont des compl\u00e9ments facilement disponibles, bien tol\u00e9r\u00e9s et ils ne pr\u00e9sentent pas d\u2019effets secondaires.<\/p>\t\t\t\t\t\t\t\t<\/div>\n\t\t\t\t<\/div>\n\t\t\t\t<div class=\"elementor-element elementor-element-cdfeb0c elementor-widget elementor-widget-image\" data-id=\"cdfeb0c\" data-element_type=\"widget\" data-widget_type=\"image.default\">\n\t\t\t\t<div class=\"elementor-widget-container\">\n\t\t\t\t\t\t\t\t\t\t\t\t\t\t\t<img decoding=\"async\" width=\"800\" height=\"450\" src=\"https:\/\/www.omni-biotic.com\/fr-fr\/wp-content\/uploads\/sites\/4\/2024\/10\/antidepresseurs_probiotiques_effets_positifs-1024x576.png\" class=\"attachment-large size-large wp-image-28408\" alt=\"Les effets positifs des probiotiques en compl\u00e9ment d&#039;un traitement de la d\u00e9pression\" srcset=\"https:\/\/www.omni-biotic.com\/fr-fr\/wp-content\/uploads\/sites\/4\/2024\/10\/antidepresseurs_probiotiques_effets_positifs-1024x576.png 1024w, https:\/\/www.omni-biotic.com\/fr-fr\/wp-content\/uploads\/sites\/4\/2024\/10\/antidepresseurs_probiotiques_effets_positifs-300x169.png 300w, https:\/\/www.omni-biotic.com\/fr-fr\/wp-content\/uploads\/sites\/4\/2024\/10\/antidepresseurs_probiotiques_effets_positifs-768x432.png 768w, https:\/\/www.omni-biotic.com\/fr-fr\/wp-content\/uploads\/sites\/4\/2024\/10\/antidepresseurs_probiotiques_effets_positifs.png 1080w\" sizes=\"(max-width: 800px) 100vw, 800px\" title=\"\">\t\t\t\t\t\t\t\t\t\t\t\t\t\t\t<\/div>\n\t\t\t\t<\/div>\n\t\t\t\t<div class=\"elementor-element elementor-element-5c57ba7 elementor-widget elementor-widget-text-editor\" data-id=\"5c57ba7\" data-element_type=\"widget\" data-widget_type=\"text-editor.default\">\n\t\t\t\t<div class=\"elementor-widget-container\">\n\t\t\t\t\t\t\t\t\t<p>Source : https:\/\/todayspractitioner.com\/mood-microbiome\/probiotics-boost-mood-in-people-on-antidepressants\/#.Y8EnQDu1Rbx<\/p>\t\t\t\t\t\t\t\t<\/div>\n\t\t\t\t<\/div>\n\t\t\t\t\t<\/div>\n\t\t\t\t<\/div>\n\t\t\t\t<\/div>\n\t\t","protected":false},"excerpt":{"rendered":"<p>Une nouvelle \u00e9tude montre qu\u2019une suppl\u00e9mentation en probiotiques pourrait accompagner un traitement avec des antid\u00e9presseurs pour am\u00e9liorer les sympt\u00f4mes d\u00e9pressifs. <\/p>\n","protected":false},"author":14,"featured_media":28405,"comment_status":"closed","ping_status":"closed","sticky":false,"template":"","format":"standard","meta":{"_acf_changed":false,"inline_featured_image":false,"footnotes":""},"categories":[212],"tags":[],"class_list":["post-28404","post","type-post","status-publish","format-standard","has-post-thumbnail","hentry","category-bien-etre-au-quotidien"],"acf":[],"rank_math":{"og:title":"Sous antid\u00e9presseurs ? Le r\u00f4le des probiotiques","og:desc":"Une nouvelle \u00e9tude montre qu\u2019une suppl\u00e9mentation en probiotiques pourrait accompagner un traitement avec des antid\u00e9presseurs.","og:url":"https:\/\/www.omni-biotic.com\/fr-fr\/blog\/antidepresseurs-role-probiotiques\/","og:locale":"fr_FR","og:image":"https:\/\/www.omni-biotic.com\/fr-fr\/wp-content\/uploads\/sites\/4\/2024\/10\/antidepresseurs_probiotiques.png","og:image:width":"1080","og:image:height":"1080"},"additional_data":{"thumbnail":"https:\/\/www.omni-biotic.com\/fr-fr\/wp-content\/uploads\/sites\/4\/2024\/10\/antidepresseurs_probiotiques.png"},"blog_info":{"country":"fr-fr"},"_links":{"self":[{"href":"https:\/\/www.omni-biotic.com\/fr-fr\/wp-json\/wp\/v2\/posts\/28404","targetHints":{"allow":["GET"]}}],"collection":[{"href":"https:\/\/www.omni-biotic.com\/fr-fr\/wp-json\/wp\/v2\/posts"}],"about":[{"href":"https:\/\/www.omni-biotic.com\/fr-fr\/wp-json\/wp\/v2\/types\/post"}],"author":[{"embeddable":true,"href":"https:\/\/www.omni-biotic.com\/fr-fr\/wp-json\/wp\/v2\/users\/14"}],"replies":[{"embeddable":true,"href":"https:\/\/www.omni-biotic.com\/fr-fr\/wp-json\/wp\/v2\/comments?post=28404"}],"version-history":[{"count":7,"href":"https:\/\/www.omni-biotic.com\/fr-fr\/wp-json\/wp\/v2\/posts\/28404\/revisions"}],"predecessor-version":[{"id":28537,"href":"https:\/\/www.omni-biotic.com\/fr-fr\/wp-json\/wp\/v2\/posts\/28404\/revisions\/28537"}],"wp:featuredmedia":[{"embeddable":true,"href":"https:\/\/www.omni-biotic.com\/fr-fr\/wp-json\/wp\/v2\/media\/28405"}],"wp:attachment":[{"href":"https:\/\/www.omni-biotic.com\/fr-fr\/wp-json\/wp\/v2\/media?parent=28404"}],"wp:term":[{"taxonomy":"category","embeddable":true,"href":"https:\/\/www.omni-biotic.com\/fr-fr\/wp-json\/wp\/v2\/categories?post=28404"},{"taxonomy":"post_tag","embeddable":true,"href":"https:\/\/www.omni-biotic.com\/fr-fr\/wp-json\/wp\/v2\/tags?post=28404"}],"curies":[{"name":"wp","href":"https:\/\/api.w.org\/{rel}","templated":true}]}}