{"id":29718,"date":"2026-01-30T12:11:23Z","date_gmt":"2026-01-30T11:11:23Z","guid":{"rendered":"https:\/\/www.omni-biotic.com\/fr-fr\/?p=29718"},"modified":"2026-04-02T13:09:33Z","modified_gmt":"2026-04-02T11:09:33Z","slug":"obesite-diabete-microbiote","status":"publish","type":"post","link":"https:\/\/www.omni-biotic.com\/fr-fr\/blog\/obesite-diabete-microbiote\/","title":{"rendered":"Ob\u00e9sit\u00e9, diab\u00e8te et microbiote"},"content":{"rendered":"\t\t<div data-elementor-type=\"wp-post\" data-elementor-id=\"29718\" class=\"elementor elementor-29718\" data-elementor-post-type=\"post\">\n\t\t\t\t<div class=\"elementor-element elementor-element-8e91eb2 obcs none e-flex e-con-boxed e-con e-parent\" data-id=\"8e91eb2\" data-element_type=\"container\">\n\t\t\t\t\t<div class=\"e-con-inner\">\n\t\t\t\t<div class=\"elementor-element elementor-element-d63a093 elementor-widget elementor-widget-image\" data-id=\"d63a093\" data-element_type=\"widget\" data-widget_type=\"image.default\">\n\t\t\t\t<div class=\"elementor-widget-container\">\n\t\t\t\t\t\t\t\t\t\t\t\t\t\t\t<img fetchpriority=\"high\" decoding=\"async\" width=\"700\" height=\"500\" src=\"https:\/\/www.omni-biotic.com\/fr-fr\/wp-content\/uploads\/sites\/4\/2026\/01\/obesite-diabete-et-microbiome-1.jpg\" class=\"attachment-large size-large wp-image-29730\" alt=\"Liens entre microbiome, ob\u00e9sit\u00e9 et diab\u00e8te\" srcset=\"https:\/\/www.omni-biotic.com\/fr-fr\/wp-content\/uploads\/sites\/4\/2026\/01\/obesite-diabete-et-microbiome-1.jpg 700w, https:\/\/www.omni-biotic.com\/fr-fr\/wp-content\/uploads\/sites\/4\/2026\/01\/obesite-diabete-et-microbiome-1-300x214.jpg 300w\" sizes=\"(max-width: 700px) 100vw, 700px\" title=\"\">\t\t\t\t\t\t\t\t\t\t\t\t\t\t\t<\/div>\n\t\t\t\t<\/div>\n\t\t\t\t<div class=\"elementor-element elementor-element-c571bcf elementor-widget elementor-widget-text-editor\" data-id=\"c571bcf\" data-element_type=\"widget\" data-widget_type=\"text-editor.default\">\n\t\t\t\t<div class=\"elementor-widget-container\">\n\t\t\t\t\t\t\t\t\t<p>Depuis la fin du XX si\u00e8cle, <strong>le nombre de personnes en situation de surpoids ou d\u2019ob\u00e9sit\u00e9 a augment\u00e9<\/strong>. Aborder cette question rel\u00e8ve avant tout d\u2019un enjeu de sant\u00e9 publique et doit se faire sans stigmatisation. Les connaissances m\u00e9dicales montrent que l\u2019ob\u00e9sit\u00e9 est associ\u00e9e \u00e0 des risques r\u00e9els, ce qui justifie l\u2019attention port\u00e9e par les professionnels de sant\u00e9. L\u2019objectif est de favoriser une approche bienveillante, ax\u00e9e sur la pr\u00e9vention, la sant\u00e9 et le bien-\u00eatre global.<\/p><p>Pendant longtemps, les sodas en format XL et les fast-foods du continent am\u00e9ricain ont \u00e9t\u00e9<br \/>utilis\u00e9s pour illustrer ce ph\u00e9nom\u00e8ne mais il faut se rendre \u00e0 l\u2019\u00e9vidence, tous les pays europ\u00e9ens sont d\u00e9sormais touch\u00e9s. En France, on estime que pr\u00e8s de <strong>48 % de la population<\/strong> est concern\u00e9e par le surpoids ou l\u2019ob\u00e9sit\u00e9 et on note une <strong>disparit\u00e9<\/strong> entre les <strong>r\u00e9gions<\/strong> et les <strong>classes sociales<\/strong>.<\/p><p>Par ailleurs, la pr\u00e9valence du surpoids et de l\u2019ob\u00e9sit\u00e9 chez les enfants est \u00e0 la hausse bien que la situation en France soit moins critique que chez certains de nos voisins europ\u00e9ens. <strong>15 \u00e0 20% des enfants<\/strong> seraient concern\u00e9s par ces troubles.\u00a0<\/p>\t\t\t\t\t\t\t\t<\/div>\n\t\t\t\t<\/div>\n\t\t\t\t<div class=\"elementor-element elementor-element-994e1cc elementor-widget elementor-widget-infobox\" data-id=\"994e1cc\" data-element_type=\"widget\" data-widget_type=\"infobox.default\">\n\t\t\t\t<div class=\"elementor-widget-container\">\n\t\t\t\t\t\n<div class=\"li-widgets--infobox blue highlights-always-magenta\">\n\n    <div class=\"li-widgets--infobox__icon\">\n        <i aria-hidden=\"true\" class=\"fas fa-info\"><\/i>    <\/div>\n    <div class=\"li-widgets--infobox__text\">\n        IMC    <\/div>\n    <div class=\"li-widgets--infobox__text-body\">\n        <p>L\u2019indice de masse corporelle ou IMC est utilis\u00e9 pour donner des rep\u00e8res. Cet outil a ses limites, car il ne fait pas la diff\u00e9rence entre la masse grasse ou la masse musculaire. Discutez-en avec votre m\u00e9decin traitant si vous souhaitez plus d\u2019informations.<\/p><p><strong>Calcul de l\u2019IMC<\/strong> : poids (en kg) divis\u00e9 par la taille (en m) au carr\u00e9. Par exemple, pour une personne de 65 kg mesurant 1,60 m : 65 \/ (1.60 x 1.60) = 25.4<\/p><p><em>Maigreur : moins de 18,5 \/ Poids normal : IMC de 18,5 \u00e0 24,9 \/ Surpoids : IMC de 25 \u00e0 29,9 \/ Ob\u00e9sit\u00e9 mod\u00e9r\u00e9e : IMC de 30 \u00e0 34,9 \/ Ob\u00e9sit\u00e9 s\u00e9v\u00e8re : IMC de 35 \u00e0 39.9 \/ Ob\u00e9sit\u00e9 morbide : IMC \u00e9gal ou sup\u00e9rieur \u00e0 40<\/em><\/p>    <\/div>\n\n    \n<\/div>\n\t\t\t\t<\/div>\n\t\t\t\t<\/div>\n\t\t\t\t<div class=\"elementor-element elementor-element-ad5a103 elementor-widget elementor-widget-text-editor\" data-id=\"ad5a103\" data-element_type=\"widget\" data-widget_type=\"text-editor.default\">\n\t\t\t\t<div class=\"elementor-widget-container\">\n\t\t\t\t\t\t\t\t\t<p>Les cons\u00e9quences et les pathologies associ\u00e9es \u00e0 l\u2019ob\u00e9sit\u00e9 peuvent s\u2019av\u00e9rer particuli\u00e8rement contraignantes, voire dangereuses, pour les personnes concern\u00e9es. Les personnes ayant un IMC \u00e9lev\u00e9 sont davantage expos\u00e9es au risque de d\u00e9velopper <a href=\"https:\/\/www.omni-biotic.com\/fr-fr\/blog\/syndrome-metabolique-microbiote\/\"><strong>un syndrome m\u00e9tabolique.<\/strong><\/a> Cette maladie est caract\u00e9ris\u00e9e par <strong>une surcharge pond\u00e9rale<\/strong> avec un<strong> tour de taille important<\/strong>, une <strong>hypertension art\u00e9rielle<\/strong>, un <strong>taux \u00e9lev\u00e9 de lipides et de sucres<\/strong> dans le sang.<\/p><p>Ce n&rsquo;est pas un probl\u00e8me marginal en France puisqu\u2019on estime qu\u2019<strong>une personne sur cinq est touch\u00e9e<\/strong>. Le risque de d\u00e9velopper des complications augmente avec le temps et les <strong>maladies cardiovasculaires<\/strong> ainsi que le <strong>diab\u00e8te de type 2<\/strong> sont alors plus fr\u00e9quents chez les personnes pr\u00e9sentant une ob\u00e9sit\u00e9.<\/p>\t\t\t\t\t\t\t\t<\/div>\n\t\t\t\t<\/div>\n\t\t\t\t\t<\/div>\n\t\t\t\t<\/div>\n\t\t<div class=\"elementor-element elementor-element-da4ed0f obcs none e-flex e-con-boxed e-con e-parent\" data-id=\"da4ed0f\" data-element_type=\"container\">\n\t\t\t\t\t<div class=\"e-con-inner\">\n\t\t\t\t<div class=\"elementor-element elementor-element-2ea78fb elementor-widget elementor-widget-heading\" data-id=\"2ea78fb\" data-element_type=\"widget\" data-widget_type=\"heading.default\">\n\t\t\t\t<div class=\"elementor-widget-container\">\n\t\t\t\t\t<h2 class=\"elementor-heading-title elementor-size-default\">Ob\u00e9sit\u00e9 et surpoids : une combinaison de facteurs<\/h2>\t\t\t\t<\/div>\n\t\t\t\t<\/div>\n\t\t\t\t<div class=\"elementor-element elementor-element-574873f elementor-widget elementor-widget-image\" data-id=\"574873f\" data-element_type=\"widget\" data-widget_type=\"image.default\">\n\t\t\t\t<div class=\"elementor-widget-container\">\n\t\t\t\t\t\t\t\t\t\t\t\t\t\t\t<img decoding=\"async\" width=\"700\" height=\"500\" src=\"https:\/\/www.omni-biotic.com\/fr-fr\/wp-content\/uploads\/sites\/4\/2026\/01\/obesite_diabete_metabolisme_causes.jpg\" class=\"attachment-large size-large wp-image-29731\" alt=\"Ob\u00e9sit\u00e9 et surpoids : une combinaison de facteurs\" srcset=\"https:\/\/www.omni-biotic.com\/fr-fr\/wp-content\/uploads\/sites\/4\/2026\/01\/obesite_diabete_metabolisme_causes.jpg 700w, https:\/\/www.omni-biotic.com\/fr-fr\/wp-content\/uploads\/sites\/4\/2026\/01\/obesite_diabete_metabolisme_causes-300x214.jpg 300w\" sizes=\"(max-width: 700px) 100vw, 700px\" title=\"\">\t\t\t\t\t\t\t\t\t\t\t\t\t\t\t<\/div>\n\t\t\t\t<\/div>\n\t\t\t\t<div class=\"elementor-element elementor-element-fb8443b elementor-widget elementor-widget-text-editor\" data-id=\"fb8443b\" data-element_type=\"widget\" data-widget_type=\"text-editor.default\">\n\t\t\t\t<div class=\"elementor-widget-container\">\n\t\t\t\t\t\t\t\t\t<p>Les causes les plus fr\u00e9quemment \u00e9voqu\u00e9es sont \u00e9troitement li\u00e9es \u00e0 <strong>l\u2019\u00e9volution de notre mode de vie<\/strong>. La <strong>s\u00e9dentarit\u00e9<\/strong>, renforc\u00e9e par le temps pass\u00e9 devant les \u00e9crans \u00e0 des fins professionnelles ou personnelles, r\u00e9duit les d\u00e9placements et l\u2019activit\u00e9 physique. L\u2019<strong>alimentation<\/strong> joue \u00e9galement un r\u00f4le important, notamment en raison de la consommation importante de produits ultra-transform\u00e9s et de plats pr\u00e9par\u00e9s, souvent riches en sucres, en sel et en additifs. \u00c0 cela s\u2019ajoutent des <strong>facteurs psychologiques<\/strong> tels que le stress, l\u2019anxi\u00e9t\u00e9 ou la d\u00e9pression. Enfin, de nombreuses \u00e9tudes soulignent <strong>l\u2019influence des in\u00e9galit\u00e9s sociales<\/strong> ainsi que de certaines <strong>pr\u00e9dispositions g\u00e9n\u00e9tiques<\/strong>.<\/p>\t\t\t\t\t\t\t\t<\/div>\n\t\t\t\t<\/div>\n\t\t\t\t<div class=\"elementor-element elementor-element-6e80da7 elementor-widget elementor-widget-heading\" data-id=\"6e80da7\" data-element_type=\"widget\" data-widget_type=\"heading.default\">\n\t\t\t\t<div class=\"elementor-widget-container\">\n\t\t\t\t\t<h2 class=\"elementor-heading-title elementor-size-default\">Le microbiome influence le m\u00e9tabolisme<\/h2>\t\t\t\t<\/div>\n\t\t\t\t<\/div>\n\t\t\t\t<div class=\"elementor-element elementor-element-25621c5 elementor-widget elementor-widget-text-editor\" data-id=\"25621c5\" data-element_type=\"widget\" data-widget_type=\"text-editor.default\">\n\t\t\t\t<div class=\"elementor-widget-container\">\n\t\t\t\t\t\t\t\t\t<p>Qui n\u2019a jamais entendu que les personnes en surpoids manquaient de volont\u00e9 pour perdre du poids car il leur suffisait de moins manger ? La formule \u201cbien manger et bouger\u201d fonctionne dans bien des cas, mais \u00ab <em><strong>l&rsquo;ob\u00e9sit\u00e9 est un probl\u00e8me complexe<\/strong>, il ne s&rsquo;agit pas seulement d&rsquo;un probl\u00e8me d&rsquo;\u00e9quilibre entre l&rsquo;apport et la d\u00e9pense caloriques<\/em> \u00bb, explique la Dr Vanessa Stadlbauer-K\u00f6llner, gastro-ent\u00e9rologue et h\u00e9patologue \u00e0 l&rsquo;universit\u00e9 de m\u00e9decine de Graz.<\/p><p>L&rsquo;ob\u00e9sit\u00e9 est une <strong>maladie multifactorielle<\/strong> et r\u00e9sulte de l\u2019interaction entre la pr\u00e9disposition g\u00e9n\u00e9tique, une mauvaise alimentation, le manque d&rsquo;exercice physique, le stress, les conditions environnementales et des facteurs psychologiques. C&rsquo;est du moins ce que les recherches ont d\u00e9j\u00e0 permis de d\u00e9terminer. Cependant, des \u00e9tudes sont encore en cours pour trouver un traitement efficace, adapt\u00e9 au grand public et sans effets secondaires. Et c&rsquo;est l\u00e0 que <a href=\"https:\/\/www.omni-biotic.com\/fr-fr\/sante-intestin\/intestin-centre-bien-etre\/microbiome\/\"><strong>le microbiome<\/strong><\/a> joue un r\u00f4le cl\u00e9.<\/p>\t\t\t\t\t\t\t\t<\/div>\n\t\t\t\t<\/div>\n\t\t\t\t<div class=\"elementor-element elementor-element-75dc817 elementor-widget elementor-widget-infobox\" data-id=\"75dc817\" data-element_type=\"widget\" data-widget_type=\"infobox.default\">\n\t\t\t\t<div class=\"elementor-widget-container\">\n\t\t\t\t\t\n<div class=\"li-widgets--infobox blue highlights-always-magenta\">\n\n    <div class=\"li-widgets--infobox__icon\">\n        <i aria-hidden=\"true\" class=\"fas fa-exclamation-circle\"><\/i>    <\/div>\n    <div class=\"li-widgets--infobox__text\">\n        Les aliments ultra-transform\u00e9s entra\u00eenent une augmentation de l'apport calorique.    <\/div>\n    <div class=\"li-widgets--infobox__text-body\">\n            <\/div>\n\n    \n<\/div>\n\t\t\t\t<\/div>\n\t\t\t\t<\/div>\n\t\t\t\t<div class=\"elementor-element elementor-element-8be071e elementor-widget elementor-widget-text-editor\" data-id=\"8be071e\" data-element_type=\"widget\" data-widget_type=\"text-editor.default\">\n\t\t\t\t<div class=\"elementor-widget-container\">\n\t\t\t\t\t\t\t\t\t<p>Dr Stadlbauer-K\u00f6llner \u00e9tudie depuis des ann\u00e9es les interactions entre les m\u00e9dicaments, les maladies et le microbiome intestinal et explique leur lien : \u00ab <em>Notre alimentation trop riche en sucres et en graisses modifie <strong>la diversit\u00e9 des bact\u00e9ries intestinales<\/strong> et <strong>la composition du microbiote<\/strong>, ce qui a des <strong>effets n\u00e9gatifs sur le m\u00e9tabolisme des lipides et des glucides<\/strong><\/em> (et donc sur la prise de poids). \u00bb<\/p><p>Plus pr\u00e9cis\u00e9ment, ce sont les endotoxines <em>(des toxines bact\u00e9riennes) <\/em>provenant de l&rsquo;intestin qui p\u00e9n\u00e8trent dans l&rsquo;organisme \u00e0 travers une barri\u00e8re intestinale alt\u00e9r\u00e9e, provoquant alors une augmentation de la lib\u00e9ration de cytokines <em>(messagers du syst\u00e8me immunitaire)<\/em> et donc des r\u00e9actions inflammatoires syst\u00e9miques. Une spirale qui conduit \u00e0 une r\u00e9sistance \u00e0 l&rsquo;insuline et \u00e0 une prise de poids.<\/p><p>\u00c0 l&rsquo;inverse, et cela a \u00e9galement \u00e9t\u00e9 prouv\u00e9 par des \u00e9tudes, il est possible d\u2019<strong>influencer la composition du microbiote<\/strong> en changeant son r\u00e9gime alimentaire et en pratiquant r\u00e9guli\u00e8rement une activit\u00e9 sportive.<\/p>\t\t\t\t\t\t\t\t<\/div>\n\t\t\t\t<\/div>\n\t\t\t\t\t<\/div>\n\t\t\t\t<\/div>\n\t\t<div class=\"elementor-element elementor-element-d21e7fb obcs none e-flex e-con-boxed e-con e-parent\" data-id=\"d21e7fb\" data-element_type=\"container\">\n\t\t\t\t\t<div class=\"e-con-inner\">\n\t\t\t\t<div class=\"elementor-element elementor-element-9e3a0b7 elementor-widget elementor-widget-heading\" data-id=\"9e3a0b7\" data-element_type=\"widget\" data-widget_type=\"heading.default\">\n\t\t\t\t<div class=\"elementor-widget-container\">\n\t\t\t\t\t<h2 class=\"elementor-heading-title elementor-size-default\">Produits ultra-transform\u00e9s : apport calorique plus important <\/h2>\t\t\t\t<\/div>\n\t\t\t\t<\/div>\n\t\t\t\t<div class=\"elementor-element elementor-element-1e310f6 elementor-widget elementor-widget-image\" data-id=\"1e310f6\" data-element_type=\"widget\" data-widget_type=\"image.default\">\n\t\t\t\t<div class=\"elementor-widget-container\">\n\t\t\t\t\t\t\t\t\t\t\t\t\t\t\t<img decoding=\"async\" width=\"700\" height=\"300\" src=\"https:\/\/www.omni-biotic.com\/fr-fr\/wp-content\/uploads\/sites\/4\/2026\/01\/produits_transformes_obesite.gif\" class=\"attachment-large size-large wp-image-29732\" alt=\"Produits ultra-transform\u00e9s : apport calorique plus important\" title=\"\">\t\t\t\t\t\t\t\t\t\t\t\t\t\t\t<\/div>\n\t\t\t\t<\/div>\n\t\t\t\t<div class=\"elementor-element elementor-element-a06e384 elementor-widget elementor-widget-text-editor\" data-id=\"a06e384\" data-element_type=\"widget\" data-widget_type=\"text-editor.default\">\n\t\t\t\t<div class=\"elementor-widget-container\">\n\t\t\t\t\t\t\t\t\t<p>Il faut \u00e9galement savoir qu&rsquo;en mati\u00e8re d&rsquo;alimentation, ce n&rsquo;est pas seulement le nombre de calories qui importe, mais la fa\u00e7on dont <strong>elles sont assimil\u00e9es<\/strong>.<\/p><p>Dans le cadre d&rsquo;une <strong>exp\u00e9rience<\/strong> en lien avec cet aspect, des participants en bonne sant\u00e9 ont mang\u00e9 pendant 14 jours des repas contenant les m\u00eames proportions de sucres, de glucides, de fibres, de graisses et de sel. Deux groupes ont \u00e9t\u00e9 form\u00e9s, le premier a uniquement consomm\u00e9 des <strong>aliments non transform\u00e9s<\/strong> alors que le second a re\u00e7u des<strong> plats pr\u00e9par\u00e9s<\/strong>. Les participants de ce deuxi\u00e8me groupe ont consomm\u00e9 environ <strong>500 calories de plus par jour<\/strong> et ont pris 1 kg au cours des deux semaines. Cette exp\u00e9rience montre que les aliments ultra-transform\u00e9s entra\u00eenent effectivement <strong>une augmentation de l&rsquo;apport calorique<\/strong>.<\/p><p>\u00ab <em>Les raisons de ce ph\u00e9nom\u00e8ne n&rsquo;ont pas encore \u00e9t\u00e9 \u00e9tudi\u00e9es. Notre corps \u00e9value probablement mal ces aliments transform\u00e9s ou la sati\u00e9t\u00e9 survient plus tard<\/em> \u00bb, explique Dr Stadlbauer-K\u00f6llner.<\/p>\t\t\t\t\t\t\t\t<\/div>\n\t\t\t\t<\/div>\n\t\t\t\t\t<\/div>\n\t\t\t\t<\/div>\n\t\t<div class=\"elementor-element elementor-element-3aa8a09 obcs none e-flex e-con-boxed e-con e-parent\" data-id=\"3aa8a09\" data-element_type=\"container\">\n\t\t\t\t\t<div class=\"e-con-inner\">\n\t\t\t\t<div class=\"elementor-element elementor-element-0ff4e93 elementor-widget elementor-widget-heading\" data-id=\"0ff4e93\" data-element_type=\"widget\" data-widget_type=\"heading.default\">\n\t\t\t\t<div class=\"elementor-widget-container\">\n\t\t\t\t\t<h2 class=\"elementor-heading-title elementor-size-default\">Prise de poids li\u00e9 \u00e0 la composition du microbiote<\/h2>\t\t\t\t<\/div>\n\t\t\t\t<\/div>\n\t\t\t\t<div class=\"elementor-element elementor-element-2bd2811 elementor-widget elementor-widget-text-editor\" data-id=\"2bd2811\" data-element_type=\"widget\" data-widget_type=\"text-editor.default\">\n\t\t\t\t<div class=\"elementor-widget-container\">\n\t\t\t\t\t\t\t\t\t<p>Une <strong>composition alt\u00e9r\u00e9e du microbiote peut entra\u00eener un surpoids<\/strong>, en tout cas, c\u2019est ce que r\u00e9v\u00e8le les r\u00e9sultats d\u2019une \u00e9tude men\u00e9e \u00e0 Harvard. Donnons ici le contexte de ces recherches : une cinquantaine de paires de <strong>jumeaux adultes<\/strong> ont particip\u00e9 \u00e0 une \u00e9tude pour laquelle <strong>leur microbiote a \u00e9t\u00e9 analys\u00e9<\/strong>. Au sein de ces paires de jumeaux, les deux individus diff\u00e9raient par leur IMC : l\u2019un \u00e9tait en situation de surpoids ou d\u2019ob\u00e9sit\u00e9, l\u2019autre avait un poids consid\u00e9r\u00e9 comme normal. Qu&rsquo;ont-ils d\u00e9couvert ? Les participants pr\u00e9sentant un surpoids avaient <strong>une diversit\u00e9 limit\u00e9e de <a href=\"https:\/\/www.omni-biotic.com\/fr-fr\/sante-intestin\/intestin-centre-bien-etre\/bacteries-intestinales\/\">bact\u00e9ries intestinales<\/a><\/strong> et une <strong>composition alt\u00e9r\u00e9e du microbiote<\/strong>, \u00e0 savoir un exc\u00e8s de bact\u00e9ries dites \u00ab Firmicutes \u00bb et un manque de bact\u00e9ries \u00ab Bacteroidetes \u00bb. \u00ab <em>Cela indique que le microbiome joue un r\u00f4le causal dans la prise de poids<\/em> \u00bb, explique Dr Stadlbauer-K\u00f6llner.<\/p><p>Pour approfondir cette piste, les recherches ont \u00e9t\u00e9 poursuivies et le microbiote intestinal de jumeaux dont l\u2019IMC \u00e9tait dans la norme a \u00e9t\u00e9 transplant\u00e9 \u00e0 un groupe de souris \u00e9lev\u00e9es dans un environnement st\u00e9rile, et celui des autres jumeaux, en situation de surpoids, \u00e0 un autre groupe de souris. Les deux groupes de souris ont ensuite \u00e9t\u00e9 nourris de la m\u00eame mani\u00e8re. <strong>D\u00e9couverte fondamentale<\/strong>\u00a0: les souris qui avaient re\u00e7u<strong> le microbiote de jumeaux en surpoids ont pris beaucoup plus de poids que les autres<\/strong> !<\/p>\t\t\t\t\t\t\t\t<\/div>\n\t\t\t\t<\/div>\n\t\t\t\t\t<\/div>\n\t\t\t\t<\/div>\n\t\t<div class=\"elementor-element elementor-element-5bbd7e4 obcs none e-flex e-con-boxed e-con e-parent\" data-id=\"5bbd7e4\" data-element_type=\"container\">\n\t\t\t\t\t<div class=\"e-con-inner\">\n\t\t\t\t<div class=\"elementor-element elementor-element-4bd088d elementor-widget elementor-widget-heading\" data-id=\"4bd088d\" data-element_type=\"widget\" data-widget_type=\"heading.default\">\n\t\t\t\t<div class=\"elementor-widget-container\">\n\t\t\t\t\t<h2 class=\"elementor-heading-title elementor-size-default\">Des bact\u00e9ries trop efficaces ? <\/h2>\t\t\t\t<\/div>\n\t\t\t\t<\/div>\n\t\t\t\t<div class=\"elementor-element elementor-element-36e02c7 elementor-widget elementor-widget-image\" data-id=\"36e02c7\" data-element_type=\"widget\" data-widget_type=\"image.default\">\n\t\t\t\t<div class=\"elementor-widget-container\">\n\t\t\t\t\t\t\t\t\t\t\t\t\t\t\t<img loading=\"lazy\" decoding=\"async\" width=\"700\" height=\"500\" src=\"https:\/\/www.omni-biotic.com\/fr-fr\/wp-content\/uploads\/sites\/4\/2026\/01\/microbiote_intestinal_microbiome.jpg\" class=\"attachment-large size-large wp-image-29733\" alt=\"Prise de poids li\u00e9 \u00e0 la composition du microbiote\" srcset=\"https:\/\/www.omni-biotic.com\/fr-fr\/wp-content\/uploads\/sites\/4\/2026\/01\/microbiote_intestinal_microbiome.jpg 700w, https:\/\/www.omni-biotic.com\/fr-fr\/wp-content\/uploads\/sites\/4\/2026\/01\/microbiote_intestinal_microbiome-300x214.jpg 300w\" sizes=\"(max-width: 700px) 100vw, 700px\" title=\"\">\t\t\t\t\t\t\t\t\t\t\t\t\t\t\t<\/div>\n\t\t\t\t<\/div>\n\t\t\t\t<div class=\"elementor-element elementor-element-23a3946 elementor-widget elementor-widget-text-editor\" data-id=\"23a3946\" data-element_type=\"widget\" data-widget_type=\"text-editor.default\">\n\t\t\t\t<div class=\"elementor-widget-container\">\n\t\t\t\t\t\t\t\t\t<p>Ces \u00e9tudes permettent en partie de comprendre les raisons pour lesquelles certaines personnes ne perdent que peu ou pas de poids malgr\u00e9 un changement de r\u00e9gime alimentaire. <em>\u00ab Certaines personnes ont une <strong>composition microbienne particuli\u00e8re qui facilite la prise de poids<\/strong> en cas d&rsquo;apport calorique trop important. Il y a quelques centaines ou milliers d&rsquo;ann\u00e9es, cette caract\u00e9ristique aurait constitu\u00e9e un v\u00e9ritable avantage \u00e9volutif, car cela permettait \u00e0 nos anc\u00eatres de ne pas mourir de faim, mais aujourd&rsquo;hui, \u00e0 une \u00e9poque o\u00f9 l&rsquo;alimentation est abondante, c&rsquo;est un inconv\u00e9nient. \u00bb<\/em><\/p><p>On sait que les bact\u00e9ries Firmicutes<strong> tirent de l\u2019\u00e9nergie m\u00eame \u00e0 partir de fibres alimentaires non digestibles<\/strong> car elles sont capables de les fermenter et d\u2019en produire des acides gras \u00e0 cha\u00eene courte. Les Bacteroidetes, en revanche, participent \u00e0 la d\u00e9gradation des glucides complexes non dig\u00e9r\u00e9s par l\u2019organisme, dont une partie peut ensuite \u00eatre \u00e9limin\u00e9e dans les selles. C\u2019est pourquoi, un microbiome qui pr\u00e9sente un nombre important de Firmicutes peut extraire plus d\u2019\u00e9nergie \u00e0 partir de la m\u00eame quantit\u00e9 de nourriture.<\/p><p>Ces d\u00e9couvertes soulignent <strong>le potentiel du microbiome dans la prise en charge des troubles du m\u00e9tabolisme des lipides et des glucides<\/strong>, tels que l&rsquo;ob\u00e9sit\u00e9 ou le diab\u00e8te de type 2.<\/p>\t\t\t\t\t\t\t\t<\/div>\n\t\t\t\t<\/div>\n\t\t\t\t\t<\/div>\n\t\t\t\t<\/div>\n\t\t<div class=\"elementor-element elementor-element-f410b1e obcs none e-flex e-con-boxed e-con e-parent\" data-id=\"f410b1e\" data-element_type=\"container\">\n\t\t\t\t\t<div class=\"e-con-inner\">\n\t\t\t\t<div class=\"elementor-element elementor-element-ac4e5c3 elementor-widget elementor-widget-heading\" data-id=\"ac4e5c3\" data-element_type=\"widget\" data-widget_type=\"heading.default\">\n\t\t\t\t<div class=\"elementor-widget-container\">\n\t\t\t\t\t<h2 class=\"elementor-heading-title elementor-size-default\">M\u00e9thodes pour perdre du poids : que faut-il en penser ? <\/h2>\t\t\t\t<\/div>\n\t\t\t\t<\/div>\n\t\t\t\t<div class=\"elementor-element elementor-element-0a7a422 elementor-widget elementor-widget-text-editor\" data-id=\"0a7a422\" data-element_type=\"widget\" data-widget_type=\"text-editor.default\">\n\t\t\t\t<div class=\"elementor-widget-container\">\n\t\t\t\t\t\t\t\t\t<p>Un <strong>changement de mode de vie<\/strong> est souvent n\u00e9cessaire pour avoir une bonne gestion de son poids. De nombreuses m\u00e9thodes facilitent la perte de poids sur une courte p\u00e9riode mais s\u2019av\u00e8rent peu efficaces ou difficiles \u00e0 mettre \u00e0 place sur le long terme. La <strong>th\u00e9rapie cognitivo-comportementale<\/strong> est une approche qui suscite un int\u00e9r\u00eat croissant. Elle permet d\u2019accompagner les personnes voulant perdre du poids en travaillant notamment sur les comportements alimentaires et la gestion des \u00e9motions. Cette d\u00e9marche prend du temps et demande de l\u2019investissement <em>(auto-observations et exercices) <\/em>mais donne des r\u00e9sultats int\u00e9ressants sur la dur\u00e9e.<\/p><p>Le <strong>je\u00fbne intermittent<\/strong> permet d\u2019obtenir de bons r\u00e9sultats et ses effets positifs sur la sant\u00e9, notamment sur le microbiome, ont \u00e9t\u00e9 prouv\u00e9s par des recherches mais ce type de r\u00e9gime est restrictif et peut avoir un r\u00e9el impact sur nos besoins psychologiques <em>(repas comme moment d\u00e9tente)<\/em> et sociaux <em>(invitations, d\u00e9jeuner au bureau).<\/em> \u00a0\u00a0<\/p>\t\t\t\t\t\t\t\t<\/div>\n\t\t\t\t<\/div>\n\t\t\t\t\t<\/div>\n\t\t\t\t<\/div>\n\t\t<div class=\"elementor-element elementor-element-558560e obcs none e-flex e-con-boxed e-con e-parent\" data-id=\"558560e\" data-element_type=\"container\">\n\t\t\t\t\t<div class=\"e-con-inner\">\n\t\t\t\t<div class=\"elementor-element elementor-element-42a9d71 elementor-widget elementor-widget-heading\" data-id=\"42a9d71\" data-element_type=\"widget\" data-widget_type=\"heading.default\">\n\t\t\t\t<div class=\"elementor-widget-container\">\n\t\t\t\t\t<h2 class=\"elementor-heading-title elementor-size-default\">Injections pour maigrir &amp; transplantation f\u00e9cale<\/h2>\t\t\t\t<\/div>\n\t\t\t\t<\/div>\n\t\t\t\t<div class=\"elementor-element elementor-element-9d67f29 elementor-widget elementor-widget-image\" data-id=\"9d67f29\" data-element_type=\"widget\" data-widget_type=\"image.default\">\n\t\t\t\t<div class=\"elementor-widget-container\">\n\t\t\t\t\t\t\t\t\t\t\t\t\t\t\t<img loading=\"lazy\" decoding=\"async\" width=\"700\" height=\"300\" src=\"https:\/\/www.omni-biotic.com\/fr-fr\/wp-content\/uploads\/sites\/4\/2026\/01\/injections_perdre_poids.gif\" class=\"attachment-large size-large wp-image-29734\" alt=\"m\u00e9dicaments anti ob\u00e9sit\u00e9 pour traiter le diab\u00e8te de type 2\" title=\"\">\t\t\t\t\t\t\t\t\t\t\t\t\t\t\t<\/div>\n\t\t\t\t<\/div>\n\t\t\t\t<div class=\"elementor-element elementor-element-1eb4280 elementor-widget elementor-widget-text-editor\" data-id=\"1eb4280\" data-element_type=\"widget\" data-widget_type=\"text-editor.default\">\n\t\t\t\t<div class=\"elementor-widget-container\">\n\t\t\t\t\t\t\t\t\t<p>\u00ab <em>En raison de la diminution du m\u00e9tabolisme de base, les <strong>r\u00e9sultats \u00e0 long terme sont relativement limit\u00e9s<\/strong>. Lorsqu&rsquo;une personne perd beaucoup de poids, <strong>son m\u00e9tabolisme global change<\/strong> et elle absorbe plus d&rsquo;\u00e9nergie \u00e0 partir des aliments qu&rsquo;avant sa perte de poids. C&rsquo;est <strong>le fameux effet yo-yo<\/strong>, un ph\u00e9nom\u00e8ne bien connu et document\u00e9 scientifiquement <\/em>\u00bb, explique Dr Stadlbauer-K\u00f6llner.<\/p><p>Il n\u2019est donc pas \u00e9tonnant que certaines personnes se tournent vers des m\u00e9thodes soi-disant \u00ab simples et efficaces \u00bb de perte de poids, <strong>comme les pilules ou les injections anti-ob\u00e9sit\u00e9<\/strong>, ou qu\u2019elles acceptent des interventions chirurgicales telles que le bypass gastrique, malgr\u00e9 les risques d\u2019effets secondaires et de complications graves. Il faut rappeler que ces traitements interviennent seulement une fois que le probl\u00e8me est d\u00e9j\u00e0 install\u00e9.<\/p><p>Selon l&rsquo;experte, la <strong>pr\u00e9vention au niveau social<\/strong> est donc primordiale : \u00ab <em>L&rsquo;industrie alimentaire a tout int\u00e9r\u00eat \u00e0 nous habituer \u00e0 certains aliments riches en sucres et en graisses afin que nous en ayons toujours envie <\/em>\u00bb, explique Stadlbauer-K\u00f6llner, \u00ab <em>c&rsquo;est pourquoi des mesures pr\u00e9ventives seraient tr\u00e8s, tr\u00e8s importantes.<\/em> \u00bb<\/p><p>Ces derni\u00e8res ann\u00e9es, les <strong>transplantations f\u00e9cales<\/strong> ont fait l&rsquo;objet de nombreuses discussions, m\u00ealant \u00e9tonnement et perplexit\u00e9. La m\u00e9decin y voit moins une forme de th\u00e9rapie appropri\u00e9e qu&rsquo;une occasion d&rsquo;\u00e9tudier \u00e0 nouveau les liens entre le microbiome et l&rsquo;ob\u00e9sit\u00e9 ou le diab\u00e8te.<\/p><p>Pour citer un exemple : dans le cadre d&rsquo;un travail de recherche, des diab\u00e9tiques ont re\u00e7u une greffe de selles provenant de personnes non diab\u00e9tiques et dont l\u2019IMC \u00e9tait dans la norme, les r\u00e9sultats ont montr\u00e9 <strong>une am\u00e9lioration de certains marqueurs m\u00e9taboliques<\/strong> comme la sensibilit\u00e9 \u00e0 l\u2019insuline. Dans un cas, les selles d&rsquo;une personne pr\u00e9sentant un surpoids ont \u00e9t\u00e9 transplant\u00e9es \u00e0 une personne de corpulence normale, qui a alors pris du poids (depuis, les directives sont plus strictes sur le profil des donneurs).<\/p>\t\t\t\t\t\t\t\t<\/div>\n\t\t\t\t<\/div>\n\t\t\t\t\t<\/div>\n\t\t\t\t<\/div>\n\t\t<div class=\"elementor-element elementor-element-a47c2f1 obcs none e-flex e-con-boxed e-con e-parent\" data-id=\"a47c2f1\" data-element_type=\"container\">\n\t\t\t\t\t<div class=\"e-con-inner\">\n\t\t\t\t<div class=\"elementor-element elementor-element-718a8fe elementor-widget elementor-widget-infobox\" data-id=\"718a8fe\" data-element_type=\"widget\" data-widget_type=\"infobox.default\">\n\t\t\t\t<div class=\"elementor-widget-container\">\n\t\t\t\t\t\n<div class=\"li-widgets--infobox blue highlights-always-magenta\">\n\n    <div class=\"li-widgets--infobox__icon\">\n        <i aria-hidden=\"true\" class=\"fas fa-bacteria\"><\/i>    <\/div>\n    <div class=\"li-widgets--infobox__text\">\n        Plusieurs \u00e9tudes ont d\u00e9montr\u00e9 que la prise de probiotiques sp\u00e9cifiques ont des effets positifs sur le m\u00e9tabolisme, un microbiote alt\u00e9r\u00e9 et peuvent ainsi contribuer \u00e0 la gestion du poids.     <\/div>\n    <div class=\"li-widgets--infobox__text-body\">\n            <\/div>\n\n    \n<\/div>\n\t\t\t\t<\/div>\n\t\t\t\t<\/div>\n\t\t\t\t<div class=\"elementor-element elementor-element-76e2ba5 elementor-widget elementor-widget-heading\" data-id=\"76e2ba5\" data-element_type=\"widget\" data-widget_type=\"heading.default\">\n\t\t\t\t<div class=\"elementor-widget-container\">\n\t\t\t\t\t<h2 class=\"elementor-heading-title elementor-size-default\">Option th\u00e9rapeutique : les probiotiques<\/h2>\t\t\t\t<\/div>\n\t\t\t\t<\/div>\n\t\t\t\t<div class=\"elementor-element elementor-element-40c4d5a elementor-widget elementor-widget-text-editor\" data-id=\"40c4d5a\" data-element_type=\"widget\" data-widget_type=\"text-editor.default\">\n\t\t\t\t<div class=\"elementor-widget-container\">\n\t\t\t\t\t\t\t\t\t<p>Les <strong>alt\u00e9rations du microbiome<\/strong> sont tr\u00e8s similaires dans les diff\u00e9rents tableaux cliniques li\u00e9s au syndrome m\u00e9tabolique, c\u2019est pourquoi <strong>moduler la composition du microbiome appara\u00eet comme une approche th\u00e9rapeutique int\u00e9ressante<\/strong>. Plusieurs \u00e9tudes cliniques ont montr\u00e9 que l&rsquo;administration de probiotiques sp\u00e9cifiques entra\u00eenait une tendance \u00e0 la perte de poids.<\/p><p>Par ailleurs, des effets positifs sur l&rsquo;IMC, le tour de taille, la masse grasse et le m\u00e9tabolisme des lipides et des lipides ont \u00e9t\u00e9 d\u00e9montr\u00e9s. Ces recherches ont \u00e9galement r\u00e9v\u00e9l\u00e9 que les effets \u00e9taient meilleurs lorsque la prise de probiotiques durait au moins 6 mois et que le produit avait un taux d\u2019UFC (de bact\u00e9ries) \u00e9lev\u00e9.<\/p><p>La prochaine \u00e9tape consiste \u00e0 traduire <strong>la th\u00e9orie en pratique m\u00e9dicale<\/strong>. \u00ab <em>Il faut des d\u00e9sormais des recommandations consensuelles : quelles conclusions diagnostiques peut-on tirer du microbiome ?<\/em> \u00bb, souligne Dr Stadlbauer-K\u00f6llner. La recherche doit \u00e9galement continuer \u00e0 fournir des donn\u00e9es d&rsquo;\u00e9tudes solides afin que la prise en charge ciblant le microbiote via des probiotiques pertinents sur le plan m\u00e9dical soit inscrite sur la liste des th\u00e9rapies reconnues par les organismes d&rsquo;assurance maladie et soit ainsi accessible \u00e0 tous.<\/p>\t\t\t\t\t\t\t\t<\/div>\n\t\t\t\t<\/div>\n\t\t\t\t\t<\/div>\n\t\t\t\t<\/div>\n\t\t<div class=\"elementor-element elementor-element-a82d888 obcs none e-flex e-con-boxed e-con e-parent\" data-id=\"a82d888\" data-element_type=\"container\">\n\t\t\t\t\t<div class=\"e-con-inner\">\n\t\t\t\t<div class=\"elementor-element elementor-element-29afea6 elementor-widget elementor-widget-li-widgets--author-quote\" data-id=\"29afea6\" data-element_type=\"widget\" data-widget_type=\"li-widgets--author-quote.default\">\n\t\t\t\t<div class=\"elementor-widget-container\">\n\t\t\t\t\t<div class=\"li-widgets--author-quote magenta\">\n            <div class=\"li-widgets--author-quote__image--wrapper\">\n            <div class=\"li-widgets--author-quote__image\">\n                <img loading=\"lazy\" decoding=\"async\" width=\"273\" height=\"300\" src=\"https:\/\/www.omni-biotic.com\/fr-fr\/wp-content\/uploads\/sites\/4\/2026\/01\/stadlbauerkoellner-18-273x300-1-1.jpg\" class=\"attachment-medium size-medium\" alt=\"\" title=\"\">            <\/div>\n        <\/div>\n        <div class=\"li-widgets--author-quote__content\">\n        <div class=\"li-widgets--author-quote__author\">\n            Portrait : Dr. Vanessa Stadlbauer-K\u00f6llner                    <\/div>\n        <div class=\"li-widgets--author-quote__text\">\n            La docteur Dr Vanessa Stadlbauer-K\u00f6llner, professeure agr\u00e9g\u00e9e, est m\u00e9decin sp\u00e9cialiste au service clinique de gastro-ent\u00e9rologie et d'h\u00e9patologie et directrice de l'unit\u00e9 de recherche \u00ab Transplantation Research \u00bb \u00e0 l'universit\u00e9 de m\u00e9decine de Graz.        <\/div>\n            <\/div>\n    <\/div>\n\t\t\t\t<\/div>\n\t\t\t\t<\/div>\n\t\t\t\t\t<\/div>\n\t\t\t\t<\/div>\n\t\t\t\t<\/div>\n\t\t","protected":false},"excerpt":{"rendered":"<p>L\u2019essor du mode de vie occidental s\u2019accompagne d\u2019une augmentation de troubles m\u00e9taboliques tels que l\u2019ob\u00e9sit\u00e9 ou le diab\u00e8te de type 2. Si l\u2019activit\u00e9 physique et une alimentation \u00e9quilibr\u00e9e restent des piliers de la pr\u00e9vention, leur efficacit\u00e9 \u00e0 long terme appara\u00eet souvent limit\u00e9e pour les personnes voulant perdre du poids. Ces constats invitent \u00e0 explorer d\u2019autres options th\u00e9rapeutiques. Le m\u00e9tabolisme des lipides et des glucides, et son lien \u00e9troit avec le microbiote, s\u2019impose aujourd\u2019hui comme une piste de recherche int\u00e9ressante.<\/p>\n","protected":false},"author":14,"featured_media":29730,"comment_status":"closed","ping_status":"closed","sticky":false,"template":"","format":"standard","meta":{"_acf_changed":false,"inline_featured_image":false,"footnotes":""},"categories":[214,108],"tags":[],"class_list":["post-29718","post","type-post","status-publish","format-standard","has-post-thumbnail","hentry","category-gestion-du-poids","category-actualite-de-la-recherche"],"acf":[],"rank_math":{"og:title":"Ob\u00e9sit\u00e9 & diab\u00e8te | Probiotiques cibl\u00e9s pour le bien-\u00eatre","og:desc":"Les m\u00e9thodes pour perdre du poids sont nombreuses, efficaces sur le court terme mais d\u00e9cevantes sur la dur\u00e9e. Et si des probiotiques sp\u00e9cifiques apportaient de la nouveaut\u00e9 ? Lire la suite.","og:url":"https:\/\/www.omni-biotic.com\/fr-fr\/blog\/obesite-diabete-microbiote\/","og:locale":"fr_FR","og:image":"https:\/\/www.omni-biotic.com\/fr-fr\/wp-content\/uploads\/sites\/4\/2026\/01\/obesite-diabete-et-microbiome-1.jpg","og:image:width":"700","og:image:height":"500"},"additional_data":{"thumbnail":"https:\/\/www.omni-biotic.com\/fr-fr\/wp-content\/uploads\/sites\/4\/2026\/01\/obesite-diabete-et-microbiome-1.jpg"},"blog_info":{"country":"fr-fr"},"_links":{"self":[{"href":"https:\/\/www.omni-biotic.com\/fr-fr\/wp-json\/wp\/v2\/posts\/29718","targetHints":{"allow":["GET"]}}],"collection":[{"href":"https:\/\/www.omni-biotic.com\/fr-fr\/wp-json\/wp\/v2\/posts"}],"about":[{"href":"https:\/\/www.omni-biotic.com\/fr-fr\/wp-json\/wp\/v2\/types\/post"}],"author":[{"embeddable":true,"href":"https:\/\/www.omni-biotic.com\/fr-fr\/wp-json\/wp\/v2\/users\/14"}],"replies":[{"embeddable":true,"href":"https:\/\/www.omni-biotic.com\/fr-fr\/wp-json\/wp\/v2\/comments?post=29718"}],"version-history":[{"count":7,"href":"https:\/\/www.omni-biotic.com\/fr-fr\/wp-json\/wp\/v2\/posts\/29718\/revisions"}],"predecessor-version":[{"id":30472,"href":"https:\/\/www.omni-biotic.com\/fr-fr\/wp-json\/wp\/v2\/posts\/29718\/revisions\/30472"}],"wp:featuredmedia":[{"embeddable":true,"href":"https:\/\/www.omni-biotic.com\/fr-fr\/wp-json\/wp\/v2\/media\/29730"}],"wp:attachment":[{"href":"https:\/\/www.omni-biotic.com\/fr-fr\/wp-json\/wp\/v2\/media?parent=29718"}],"wp:term":[{"taxonomy":"category","embeddable":true,"href":"https:\/\/www.omni-biotic.com\/fr-fr\/wp-json\/wp\/v2\/categories?post=29718"},{"taxonomy":"post_tag","embeddable":true,"href":"https:\/\/www.omni-biotic.com\/fr-fr\/wp-json\/wp\/v2\/tags?post=29718"}],"curies":[{"name":"wp","href":"https:\/\/api.w.org\/{rel}","templated":true}]}}