{"id":16102,"date":"2022-04-20T12:34:57Z","date_gmt":"2022-04-20T10:34:57Z","guid":{"rendered":"https:\/\/www.omni-biotic.com\/hu-hu\/a-stressz-mellekhatasai\/"},"modified":"2025-10-09T12:09:07Z","modified_gmt":"2025-10-09T10:09:07Z","slug":"a-stressz-mellekhatasai","status":"publish","type":"post","link":"https:\/\/www.omni-biotic.com\/hu-hu\/blog\/a-stressz-mellekhatasai\/","title":{"rendered":"A stressz mell\u00e9khat\u00e1sai"},"content":{"rendered":"\t\t<div data-elementor-type=\"wp-post\" data-elementor-id=\"16102\" class=\"elementor elementor-16102\" data-elementor-post-type=\"post\">\n\t\t\t\t<div class=\"elementor-element elementor-element-d690218 obcs none e-flex e-con-boxed e-con e-parent\" data-id=\"d690218\" data-element_type=\"container\">\n\t\t\t\t\t<div class=\"e-con-inner\">\n\t\t\t\t<div class=\"elementor-element elementor-element-7fea806 elementor-widget elementor-widget-text-editor\" data-id=\"7fea806\" data-element_type=\"widget\" data-widget_type=\"text-editor.default\">\n\t\t\t\t<div class=\"elementor-widget-container\">\n\t\t\t\t\t\t\t\t\t<p><span style=\"color: #b6185c\"><em>A stressz feladata, hogy felk\u00e9sz\u00edtse test\u00fcnket a fokozott figyelmet \u00e9s teljes\u00edtm\u00e9nyt ig\u00e9nyl\u0151 helyzetekre. Ezut\u00e1n egyfajta riaszt\u00e1si \u00e1llapot uralkodik a testben. Ha a stressz gyakran vagy tart\u00f3san jelentkezik, az nemcsak kellemetlen, hanem negat\u00edv hat\u00e1ssal is lehet a szervezetre. Milyen hat\u00e1ssal van eg\u00e9szs\u00e9g\u00fcnkre a kr\u00f3nikus stressz, \u00e9s milyen szerepet j\u00e1tszik ebben a b\u00e9l?<\/em><\/span><\/p>\t\t\t\t\t\t\t\t<\/div>\n\t\t\t\t<\/div>\n\t\t\t\t\t<\/div>\n\t\t\t\t<\/div>\n\t\t<div class=\"elementor-element elementor-element-74033d2 obcs none e-flex e-con-boxed e-con e-parent\" data-id=\"74033d2\" data-element_type=\"container\">\n\t\t\t\t\t<div class=\"e-con-inner\">\n\t\t\t\t<div class=\"elementor-element elementor-element-158e84c elementor-widget elementor-widget-text-editor\" data-id=\"158e84c\" data-element_type=\"widget\" data-widget_type=\"text-editor.default\">\n\t\t\t\t<div class=\"elementor-widget-container\">\n\t\t\t\t\t\t\t\t\t<p>K\u00f6zel 100 000 \u00e9vvel ezel\u0151tt a vadon \u00e9l\u0151 \u00e1llatok k\u00e9szenl\u00e9tben tartott\u00e1k \u0151seinket, ezzel stresszreakci\u00f3t v\u00e1ltottak ki a szervezetben a t\u00fal\u00e9l\u00e9s biztos\u00edt\u00e1sa \u00e9rdek\u00e9ben \u2013 \u00fcss vagy fuss reakci\u00f3nak h\u00edvjuk ezt. Ezen folyamatok a c\u00e9lja az volt az energia biztos\u00edtsa a vesz\u00e9ly el\u0151l val\u00f3 menek\u00fcl\u00e9shez vagy az ellen\u00e1ll\u00e1shoz. Hasznos funkci\u00f3. M\u00e9g ha a stressz okoz\u00f3ja ma jelent\u0151sen meg is v\u00e1ltozott, a <strong>reakci\u00f3k a testben tov\u00e1bbra is ugyanazok:<\/strong> a <strong>testh\u0151m\u00e9rs\u00e9klet<\/strong> \u00e9s a <strong>v\u00e9rnyom\u00e1s<\/strong> <strong>emelkedik<\/strong>, az<strong> izzad\u00e1s fokoz\u00f3dik<\/strong>, az <strong>izmok megfesz\u00fclnek<\/strong>. A figyelem teljes eg\u00e9sz\u00e9ben a stresszhelyzetre \u00f6sszpontosul, a test egy\u00e9b energiafogyaszt\u00f3 funkci\u00f3i \u2013 mivel evol\u00faci\u00f3s szempontb\u00f3l ezek sz\u00fcks\u00e9gtelenek, vagy \u00e9ppen akad\u00e1lyoznak az akut vesz\u00e9lyhelyzetben \u2013 elnyom\u00f3dnak. Ide tartozik az em\u00e9szt\u00e9s is!<\/p>\t\t\t\t\t\t\t\t<\/div>\n\t\t\t\t<\/div>\n\t\t\t\t\t<\/div>\n\t\t\t\t<\/div>\n\t\t<div class=\"elementor-element elementor-element-4c7dbbb obcs none e-flex e-con-boxed e-con e-parent\" data-id=\"4c7dbbb\" data-element_type=\"container\">\n\t\t\t\t\t<div class=\"e-con-inner\">\n\t\t\t\t<div class=\"elementor-element elementor-element-77f66ed elementor-widget elementor-widget-text-editor\" data-id=\"77f66ed\" data-element_type=\"widget\" data-widget_type=\"text-editor.default\">\n\t\t\t\t<div class=\"elementor-widget-container\">\n\t\t\t\t\t\t\t\t\t<p>Stressz alatt\u00a0<strong>\u00e1ltal\u00e1ban az emberek rendk\u00edv\u00fcli terhel\u00e9s\u00e9t \u00e9rtj\u00fck, ingerek vagy egy\u00e9b nyom\u00e1sok hat\u00e1s\u00e1ra<\/strong>. Ezek hat\u00e1ssal lehetnek a testre \u00e9s\/vagy a pszich\u00e9re, \u00e9rkezhetnek k\u00edv\u00fclr\u0151l vagy bel\u00fclr\u0151l. A stressz hat\u00e1sa egy\u00e9nenk\u00e9nt m\u00e1s \u00e9s m\u00e1s. Ez azt jelenti, hogy nem minden stressz ugyanakkora m\u00e9rt\u00e9k\u0171, \u00e9s<strong>\u00a0mindenki m\u00e1sk\u00e9pp \u00e9rz\u00e9keli<\/strong>. Sz\u00e1mos stresszt\u00e9nyez\u0151 l\u00e9tezik: tart\u00f3s konfliktusok, sz\u0171k hat\u00e1rid\u0151k, id\u0151hi\u00e1ny, zaj, p\u00e9nz\u00fcgyi probl\u00e9m\u00e1k, t\u00fal kev\u00e9s alv\u00e1s, de a t\u00e1rsadalmi elszigetelts\u00e9g, a perfekcionizmus, a k\u00f6vetelm\u00e9nyek hi\u00e1nya, valamint az unalom is stresszreakci\u00f3t v\u00e1lthat ki a szervezetben, ez pedig hossz\u00fa t\u00e1von eg\u00e9szs\u00e9g k\u00e1ros\u00edt\u00f3 hat\u00e1s\u00fa lehet. A stresszt azonban csak akkor \u00e9rz\u00e9kelj\u00fck kellemetlennek \u00e9s megterhel\u0151nek, ha az gyakran el\u0151fordul, vagy hossz\u00fa ideig tart, \u00e9s a feldolgoz\u00e1sa g\u00e1takba \u00fctk\u00f6zik, azaz, ha nincs megfelel\u0151 fizikai vagy pszichikai kompenz\u00e1ci\u00f3. Ez a\u00a0<strong>tart\u00f3s negat\u00edv stressz<\/strong>, amelyet technikai \u00e9rtelemben distressznek neveznek,\u00a0<strong>megbeteg\u00edthet<\/strong>, ugyanis ilyenkor a\u00a0<strong>test folyamatosan \u201e\u00e1ram alatt van\u201d, melynek k\u00f6vetkezt\u00e9ben k\u00e9ptelen regener\u00e1l\u00f3dni<\/strong>.<\/p>\t\t\t\t\t\t\t\t<\/div>\n\t\t\t\t<\/div>\n\t\t\t\t\t<\/div>\n\t\t\t\t<\/div>\n\t\t<div class=\"elementor-element elementor-element-45d4196 obcs none e-flex e-con-boxed e-con e-parent\" data-id=\"45d4196\" data-element_type=\"container\">\n\t\t\t\t\t<div class=\"e-con-inner\">\n\t\t\t\t<div class=\"elementor-element elementor-element-8094d19 elementor-widget elementor-widget-heading\" data-id=\"8094d19\" data-element_type=\"widget\" data-widget_type=\"heading.default\">\n\t\t\t\t<div class=\"elementor-widget-container\">\n\t\t\t\t\t<h3 class=\"elementor-heading-title elementor-size-default\">Stresszes szem\u00e9ly, stresszes b\u00e9l?<\/h3>\t\t\t\t<\/div>\n\t\t\t\t<\/div>\n\t\t\t\t\t<\/div>\n\t\t\t\t<\/div>\n\t\t<div class=\"elementor-element elementor-element-8466579 obcs none e-flex e-con-boxed e-con e-parent\" data-id=\"8466579\" data-element_type=\"container\">\n\t\t\t\t\t<div class=\"e-con-inner\">\n\t\t\t\t<div class=\"elementor-element elementor-element-c9b84d2 elementor-widget elementor-widget-text-editor\" data-id=\"c9b84d2\" data-element_type=\"widget\" data-widget_type=\"text-editor.default\">\n\t\t\t\t<div class=\"elementor-widget-container\">\n\t\t\t\t\t\t\t\t\t<p><strong>A stresszhelyzetre reag\u00e1lva a szervezet h\u00edrviv\u0151 anyagokat \u00e9s hormonokat<\/strong>, p\u00e9ld\u00e1ul adrenalint \u00e9s kortizolt szabad\u00edt fel, melyek \u00e1ltal\u00e1nos fesz\u00fclts\u00e9get okoznak. Ez az izmokban k\u00e9nyelmetlen fesz\u00fclts\u00e9ghez vezethet, valamint egy\u00e9b fizikai panaszokat, p\u00e9ld\u00e1ul l\u00e9gszomjat, h\u00e1nyingert, hajhull\u00e1st \u00e9s koncentr\u00e1ci\u00f3s neh\u00e9zs\u00e9geket is el\u0151id\u00e9zhet. Ezenk\u00edv\u00fcl\u00a0<strong>gyeng\u00fcl<\/strong>\u00a0az\u00a0<strong>immunrendszer<\/strong>\u00a0\u00e9s\u00a0<strong>n\u0151 a magas v\u00e9rnyom\u00e1s, a stroke \u00e9s a sz\u00edvroham kock\u00e1zata<\/strong>. A kr\u00f3nikus stressz k\u00fcl\u00f6n\u00f6sen puszt\u00edt\u00f3 hat\u00e1ssal van az em\u00e9szt\u0151rendszer\u00fcnkre: az em\u00e9szt\u0151szervek erei \u00f6sszeh\u00faz\u00f3dnak, ez pedig gyakran vezet a gyomor \u00e9s a b\u00e9l ny\u00e1lkah\u00e1rty\u00e1j\u00e1nak v\u00e9r\u00e1raml\u00e1si zavar\u00e1hoz, az\u00a0em\u00e9szt\u00e9s sztr\u00e1jkj\u00e1hoz\u00a0\u00e9s sz\u00e9les k\u00f6r\u0171 gyullad\u00e1shoz.<\/p>\t\t\t\t\t\t\t\t<\/div>\n\t\t\t\t<\/div>\n\t\t\t\t\t<\/div>\n\t\t\t\t<\/div>\n\t\t<div class=\"elementor-element elementor-element-f36d26a obcs none e-flex e-con-boxed e-con e-parent\" data-id=\"f36d26a\" data-element_type=\"container\">\n\t\t\t\t\t<div class=\"e-con-inner\">\n\t\t\t\t<div class=\"elementor-element elementor-element-4569fe8 elementor-widget elementor-widget-image\" data-id=\"4569fe8\" data-element_type=\"widget\" data-widget_type=\"image.default\">\n\t\t\t\t<div class=\"elementor-widget-container\">\n\t\t\t\t\t\t\t\t\t\t\t\t\t\t\t<img fetchpriority=\"high\" decoding=\"async\" width=\"700\" height=\"500\" src=\"https:\/\/www.omni-biotic.com\/hu-hu\/wp-content\/uploads\/sites\/7\/2022\/04\/stresszes_mindennapok.png\" class=\"attachment-large size-large wp-image-24399\" alt=\"OMNi-BiOTiC\u00ae, stressz, stresszkezel\u00e9s, stresszes mindennapok\" srcset=\"https:\/\/www.omni-biotic.com\/hu-hu\/wp-content\/uploads\/sites\/7\/2022\/04\/stresszes_mindennapok.png 700w, https:\/\/www.omni-biotic.com\/hu-hu\/wp-content\/uploads\/sites\/7\/2022\/04\/stresszes_mindennapok-300x214.png 300w\" sizes=\"(max-width: 700px) 100vw, 700px\" title=\"\">\t\t\t\t\t\t\t\t\t\t\t\t\t\t\t<\/div>\n\t\t\t\t<\/div>\n\t\t\t\t\t<\/div>\n\t\t\t\t<\/div>\n\t\t<div class=\"elementor-element elementor-element-f7638ec obcs none e-flex e-con-boxed e-con e-parent\" data-id=\"f7638ec\" data-element_type=\"container\">\n\t\t\t\t\t<div class=\"e-con-inner\">\n\t\t\t\t<div class=\"elementor-element elementor-element-0040922 elementor-widget elementor-widget-text-editor\" data-id=\"0040922\" data-element_type=\"widget\" data-widget_type=\"text-editor.default\">\n\t\t\t\t<div class=\"elementor-widget-container\">\n\t\t\t\t\t\t\t\t\t<p>Mindenki ismeri a helyzetet: fontos tal\u00e1lkoz\u00f3ja van, vagy ideges, minek hat\u00e1s\u00e1ra a gyomra m\u0171k\u00f6d\u00e9sbe lend\u00fcl. Ennek oka, hogy a belek, pontosabban a\u00a0<strong>b\u00e9lbakt\u00e9riumok<\/strong>\u00a0<strong>nagyon \u00e9rz\u00e9kenyen reag\u00e1lnak a stresszre \u00e9s az idegess\u00e9gre<\/strong>. Stressz hat\u00e1s\u00e1ra a\u00a0<strong>belekben l\u00e9v\u0151 hasznos bakt\u00e9riumok elpusztulnak<\/strong>. K\u00fcl\u00f6nb\u00f6z\u0151 biok\u00e9miai reakci\u00f3k feloldj\u00e1k a b\u00e9lny\u00e1lkah\u00e1rtya egyes sejtjei k\u00f6z\u00f6tti kapcsol\u00f3d\u00e1si pontokat, vagyis az \u00fagynevezett \u201eszoros sejtkapcsol\u00f3 strukt\u00far\u00e1kat\u201d (vagyis a tight junction-okat). Ez lehet\u0151v\u00e9 teszi, hogy a <strong>k\u00f3rokoz\u00f3k, toxinok \u00e9s bakt\u00e9riumok akad\u00e1lytalanul haladjanak \u00e1t a b\u00e9lg\u00e1ton, \u00e9s hatoljanak be a v\u00e9r\u00e1ramba<\/strong> \u2013 ilyenkor \u00e1tereszt\u0151 b\u00e9l szindr\u00f3m\u00e1r\u00f3l, vagy m\u00e1s n\u00e9ven \u201elyukas b\u00e9lr\u0151l\u201d besz\u00e9l\u00fcnk. \u00a0A b\u00e9lny\u00e1lkah\u00e1rtya ezen gyenge pontjai helytelen t\u00e1pl\u00e1l\u00e9k felv\u00e9telhez \u00e9s ennek k\u00f6vetkezt\u00e9ben t\u00e1panyaghi\u00e1nyhoz vezetnek.<strong>\u00a0K\u00f6vetkezm\u00e9nyesen kialakulhat kr\u00f3nikus f\u00e1radts\u00e1g<\/strong>,\u00a0puffad\u00e1s\u00a0\u00e9s hasi f\u00e1jdalom. Ehhez m\u00e9g a b\u00e9lizmok m\u0171k\u00f6d\u00e9si zavara is t\u00e1rsulhat, melynek k\u00f6vetkezt\u00e9ben az em\u00e9szt\u00e9s g\u00e1takba \u00fctk\u00f6zik. A fent r\u00e9szletezett k\u00e1rosod\u00e1sok k\u00f6vetkezt\u00e9ben az em\u00e9szt\u00e9s tart\u00f3san zavart szenved.<\/p>\t\t\t\t\t\t\t\t<\/div>\n\t\t\t\t<\/div>\n\t\t\t\t\t<\/div>\n\t\t\t\t<\/div>\n\t\t<div class=\"elementor-element elementor-element-623cb6a obcs none e-flex e-con-boxed e-con e-parent\" data-id=\"623cb6a\" data-element_type=\"container\">\n\t\t\t\t\t<div class=\"e-con-inner\">\n\t\t\t\t<div class=\"elementor-element elementor-element-fa1807f elementor-widget elementor-widget-text-editor\" data-id=\"fa1807f\" data-element_type=\"widget\" data-widget_type=\"text-editor.default\">\n\t\t\t\t<div class=\"elementor-widget-container\">\n\t\t\t\t\t\t\t\t\t<p>A<strong>\u00a0b\u00e9l eg\u00e9szs\u00e9ge elengedhetetlen a stresszel szembeni ellen\u00e1ll\u00e1shoz<\/strong>\u00a0\u2013 min\u00e9l \u201eeg\u00e9szs\u00e9gesebb\u201d a\u00a0b\u00e9lfl\u00f3ra, ann\u00e1l jobban m\u0171k\u00f6dik a stressz elleni v\u00e9dekez\u00e9s. A b\u00e9lbakt\u00e9riumok k\u00f6zvetlen\u00fcl hatnak az agy \u00e9s a b\u00e9l k\u00f6z\u00f6tti kapcsolatra (az \u00fagynevezett\u00a0b\u00e9l-agy tengelyen\u00a0kereszt\u00fcl), \u00e9s befoly\u00e1solj\u00e1k a stresszre adott fizikai v\u00e1laszt. A speci\u00e1lisan \u00f6sszev\u00e1logatott bakt\u00e9riumt\u00f6rzsek cs\u00f6kkenthetik a gyullad\u00e1st \u00e9s t\u00e1mogathatj\u00e1k a b\u00e9l stressz elleni v\u00e9dekez\u00e9s\u00e9t. Ezek a\u00a0probiotikumok\u00a0lactobacillusokat \u00e9s bifidobakt\u00e9riumokat tartalmaznak, melyek \u00e1lland\u00f3 lak\u00f3i az eg\u00e9szs\u00e9ges, kiegyens\u00falyozott b\u00e9lrendszernek. Amikor a szervezet tart\u00f3s stressznek van kit\u00e9ve, akkor a j\u00f3 \u00e9s a \u201erossz\u201d bakt\u00e9riumok k\u00f6z\u00f6tti egyens\u00faly felborul. Az\u00a0<strong>\u00faj bakt\u00e9rium-csapatok seg\u00edtenek kiegyenl\u00edteni a j\u00f3 \u201cb\u00e9llak\u00f3k\u201d stressz \u00e1ltal okozott hi\u00e1ny\u00e1t<\/strong>. Jav\u00edtj\u00e1k a b\u00e9lny\u00e1lkah\u00e1rtya barrier-funkci\u00f3j\u00e1t, t\u00e1mogatj\u00e1k az immunsejtek m\u0171k\u00f6d\u00e9s\u00e9t (melyek 80%-a a b\u00e9lsz\u00f6vetben tal\u00e1lhat\u00f3) \u00e9s cs\u00f6kkentik a hisztamin felszabadul\u00e1s\u00e1t.<\/p>\t\t\t\t\t\t\t\t<\/div>\n\t\t\t\t<\/div>\n\t\t\t\t\t<\/div>\n\t\t\t\t<\/div>\n\t\t<div class=\"elementor-element elementor-element-60f3d35 obcs none e-flex e-con-boxed e-con e-parent\" data-id=\"60f3d35\" data-element_type=\"container\">\n\t\t\t\t\t<div class=\"e-con-inner\">\n\t\t\t\t<div class=\"elementor-element elementor-element-55c84b9 elementor-widget elementor-widget-heading\" data-id=\"55c84b9\" data-element_type=\"widget\" data-widget_type=\"heading.default\">\n\t\t\t\t<div class=\"elementor-widget-container\">\n\t\t\t\t\t<h3 class=\"elementor-heading-title elementor-size-default\">Stresszold\u00f3 tippek a b\u00e9lnek \u00e9s a l\u00e9leknek<\/h3>\t\t\t\t<\/div>\n\t\t\t\t<\/div>\n\t\t\t\t\t<\/div>\n\t\t\t\t<\/div>\n\t\t<div class=\"elementor-element elementor-element-2d336c3 obcs none e-flex e-con-boxed e-con e-parent\" data-id=\"2d336c3\" data-element_type=\"container\">\n\t\t\t\t\t<div class=\"e-con-inner\">\n\t\t\t\t<div class=\"elementor-element elementor-element-396281b elementor-widget elementor-widget-text-editor\" data-id=\"396281b\" data-element_type=\"widget\" data-widget_type=\"text-editor.default\">\n\t\t\t\t<div class=\"elementor-widget-container\">\n\t\t\t\t\t\t\t\t\t<ul><li><strong>Szabadid\u0151<\/strong>: Olvas\u00e1s, m\u00fazeuml\u00e1togat\u00e1s, t\u00e1nc, kreativit\u00e1s \u2013 tal\u00e1ljon id\u0151t \u00f6nmag\u00e1ra \u00e9s azokra a dolgokra melyeket sz\u00edvesen csin\u00e1l.<\/li><li><strong>Di\u00e9ta<\/strong>: \u00dcgyeljen arra, hogy mit \u00e9s hogyan eszik. Pr\u00f3b\u00e1ld ki p\u00e9ld\u00e1ul, hogy a \u201estressz-csokol\u00e1d\u00e9t\u201d di\u00f3ra cser\u00e9li, fogyasszon a tart\u00f3s\u00edt\u00f3szerekkel teli k\u00e9sz\u00e9telek helyett frissen f\u0151z\u00f6tt \u00e9teleket (legyenek azok \u00e9tteremben k\u00e9sz\u00fclt \u00e9telek vagy egy kiv\u00e1lasztott bio \u00e9tel h\u00e1zhozsz\u00e1ll\u00edt\u00e1si szolg\u00e1ltat\u00e1s \u00e9telei). \u00c9lvezze tudatosan a t\u00e1pl\u00e1lkoz\u00e1st, r\u00e1gja meg alaposan \u00e9s ker\u00fclje az eg\u00e9szben val\u00f3 lenyel\u00e9s\u00e9t \u2013 ez az em\u00e9szt\u00e9snek is j\u00f3t tesz.<\/li><li><strong>T\u00e1rsas kapcsolatok<\/strong>: olyan emberekkel vegye k\u00f6r\u00fcl mag\u00e1t, akik szeretik, \u00e9s megnevettetik. A j\u00f3 \u00e9s nyugodt hangulat\u00fa besz\u00e9lget\u00e9sek felt\u00f6ltik az energiarakt\u00e1rakat.<\/li><li><strong>Testkontaktus<\/strong>: Az \u00e9rint\u00e9s \u00e9s a massz\u00e1zs nyugtat\u00f3 \u00e9s pihentet\u0151 hat\u00e1s\u00fa. A h\u00e1zi\u00e1llatok simogat\u00e1sa az idegrendszer\u00fcnkre is pozit\u00edv hat\u00e1ssal van.<\/li><li><strong>Mozg\u00e1s<\/strong>: A rendszeresen v\u00e9gzett \u00e1ll\u00f3k\u00e9pess\u00e9gi sportok, mint p\u00e9ld\u00e1ul a kocog\u00e1s, a gyalogl\u00e1s, az \u00fasz\u00e1s vagy a ker\u00e9kp\u00e1roz\u00e1s seg\u00edtenek a stressz cs\u00f6kkent\u00e9s\u00e9ben. V\u00e1lasszon olyan sport\u00e1gat, melyet igaz\u00e1n sz\u00edvesen csin\u00e1l! A testmozg\u00e1s serkenti az em\u00e9szt\u00e9st is, ez\u00e1ltal pedig seg\u00edthet a sz\u00e9kreked\u00e9sen, a puffad\u00e1son vagy a gyomor\u00e9g\u00e9sen.<\/li><li><strong>Tudatos (l\u00e9gz\u00e9si-)sz\u00fcnetek<\/strong>: M\u00e9g munka k\u00f6zben is fontos, hogy n\u00e9h\u00e1ny percet \u00f6nmag\u00e1ra sz\u00e1njon. Egy gyors ny\u00fajt\u00e1s vagy egy cs\u00e9sze tea seg\u00edt relax\u00e1lni. Pr\u00f3b\u00e1ljon meg hasfal\u00e1t mozgatva (\u201ehasi l\u00e9gz\u00e9s\u201d) m\u00e9lyen be- \u00e9s kil\u00e9legezni.<\/li><li><strong>Probiotikumok<\/strong>: A gy\u00f3gyszert\u00e1rb\u00f3l sz\u00e1rmaz\u00f3, tudom\u00e1nyosan tesztelt probiotikumok nemcsak t\u00e1mogatj\u00e1k a stresszes belek m\u0171k\u00f6d\u00e9s\u00e9t, de jav\u00edtj\u00e1k \u201cboldogs\u00e1ghormonunk\u201d, a szerotonin termel\u00e9s\u00e9t \u00e9s az alv\u00e1s min\u0151s\u00e9g\u00e9t is.<\/li><li><strong>Meleg v\u00edz<\/strong>: A meleg f\u00fcrd\u0151 a v\u00e9detts\u00e9g \u00e9rzet\u00e9t kelti, \u00e9s \u00e9rt\u00e1g\u00edt\u00f3 hat\u00e1ssal van az tart\u00f3s stressz hat\u00e1s\u00e1ra besz\u0171k\u00fclt erekre.<\/li><\/ul>\t\t\t\t\t\t\t\t<\/div>\n\t\t\t\t<\/div>\n\t\t\t\t\t<\/div>\n\t\t\t\t<\/div>\n\t\t\t\t<\/div>\n\t\t","protected":false},"excerpt":{"rendered":"<p>A stressz feladata, hogy felk\u00e9sz\u00edtse test\u00fcnket a fokozott figyelmet \u00e9s teljes\u00edtm\u00e9nyt ig\u00e9nyl\u0151 helyzetekre. Ezut\u00e1n egyfajta riaszt\u00e1si \u00e1llapot uralkodik a testben. Ha a stressz gyakran vagy tart\u00f3san jelentkezik, az nemcsak kellemetlen, hanem negat\u00edv hat\u00e1ssal is lehet a szervezetre. Milyen hat\u00e1ssal van eg\u00e9szs\u00e9g\u00fcnkre a kr\u00f3nikus stressz, \u00e9s milyen szerepet j\u00e1tszik ebben a b\u00e9l? K\u00f6zel 100 000 \u00e9vvel [&hellip;]<\/p>\n","protected":false},"author":17,"featured_media":16103,"comment_status":"closed","ping_status":"closed","sticky":false,"template":"","format":"standard","meta":{"_acf_changed":false,"inline_featured_image":false,"footnotes":""},"categories":[108],"tags":[],"class_list":["post-16102","post","type-post","status-publish","format-standard","has-post-thumbnail","hentry","category-panaszok-tanacsok"],"acf":[],"rank_math":{"og:title":"A stressz mell\u00e9khat\u00e1sai","og:desc":"Milyen hat\u00e1ssal van eg\u00e9szs\u00e9g\u00fcnkre a kr\u00f3nikus stressz, \u00e9s milyen szerepet j\u00e1tszik ebben a b\u00e9l? Tippek a stressz kezel\u00e9s\u00e9re!","og:url":"https:\/\/www.omni-biotic.com\/hu-hu\/blog\/a-stressz-mellekhatasai\/","og:locale":"hu_HU","og:image":"https:\/\/www.omni-biotic.com\/hu-hu\/wp-content\/uploads\/sites\/7\/2023\/06\/stress-frau-schrei.jpg","og:image:width":"1980","og:image:height":"1321"},"additional_data":{"thumbnail":"https:\/\/www.omni-biotic.com\/hu-hu\/wp-content\/uploads\/sites\/7\/2023\/06\/stress-frau-schrei.jpg"},"blog_info":{"country":"hu-hu"},"_links":{"self":[{"href":"https:\/\/www.omni-biotic.com\/hu-hu\/wp-json\/wp\/v2\/posts\/16102","targetHints":{"allow":["GET"]}}],"collection":[{"href":"https:\/\/www.omni-biotic.com\/hu-hu\/wp-json\/wp\/v2\/posts"}],"about":[{"href":"https:\/\/www.omni-biotic.com\/hu-hu\/wp-json\/wp\/v2\/types\/post"}],"author":[{"embeddable":true,"href":"https:\/\/www.omni-biotic.com\/hu-hu\/wp-json\/wp\/v2\/users\/17"}],"replies":[{"embeddable":true,"href":"https:\/\/www.omni-biotic.com\/hu-hu\/wp-json\/wp\/v2\/comments?post=16102"}],"version-history":[{"count":5,"href":"https:\/\/www.omni-biotic.com\/hu-hu\/wp-json\/wp\/v2\/posts\/16102\/revisions"}],"predecessor-version":[{"id":24403,"href":"https:\/\/www.omni-biotic.com\/hu-hu\/wp-json\/wp\/v2\/posts\/16102\/revisions\/24403"}],"wp:featuredmedia":[{"embeddable":true,"href":"https:\/\/www.omni-biotic.com\/hu-hu\/wp-json\/wp\/v2\/media\/16103"}],"wp:attachment":[{"href":"https:\/\/www.omni-biotic.com\/hu-hu\/wp-json\/wp\/v2\/media?parent=16102"}],"wp:term":[{"taxonomy":"category","embeddable":true,"href":"https:\/\/www.omni-biotic.com\/hu-hu\/wp-json\/wp\/v2\/categories?post=16102"},{"taxonomy":"post_tag","embeddable":true,"href":"https:\/\/www.omni-biotic.com\/hu-hu\/wp-json\/wp\/v2\/tags?post=16102"}],"curies":[{"name":"wp","href":"https:\/\/api.w.org\/{rel}","templated":true}]}}