{"id":16106,"date":"2022-04-20T12:34:06Z","date_gmt":"2022-04-20T10:34:06Z","guid":{"rendered":"https:\/\/www.omni-biotic.com\/hu-hu\/gyakori-kerdesek-es-valaszok-az-omni-biotic-rol\/"},"modified":"2024-06-27T08:35:00Z","modified_gmt":"2024-06-27T06:35:00Z","slug":"gyakori-kerdesek-es-valaszok-az-omni-biotic-rol","status":"publish","type":"post","link":"https:\/\/www.omni-biotic.com\/hu-hu\/blog\/gyakori-kerdesek-es-valaszok-az-omni-biotic-rol\/","title":{"rendered":"OMNi-BiOTiC\u00ae: Gyakori k\u00e9rd\u00e9sek \u00e9s v\u00e1laszok"},"content":{"rendered":"\t\t<div data-elementor-type=\"wp-post\" data-elementor-id=\"16106\" class=\"elementor elementor-16106\" data-elementor-post-type=\"post\">\n\t\t\t\t<div class=\"elementor-element elementor-element-d805931 obcs none e-flex e-con-boxed e-con e-parent\" data-id=\"d805931\" data-element_type=\"container\">\n\t\t\t\t\t<div class=\"e-con-inner\">\n\t\t\t\t<div class=\"elementor-element elementor-element-74a0e8c elementor-widget elementor-widget-text-editor\" data-id=\"74a0e8c\" data-element_type=\"widget\" data-widget_type=\"text-editor.default\">\n\t\t\t\t<div class=\"elementor-widget-container\">\n\t\t\t\t\t\t\t\t\t<p>Az <a href=\"https:\/\/www.omni-biotic.com\/hu\/termekeink\/omni-biotic\/\"><span style=\"color: #b6185c\"><strong>OMNi-BiOTiC\u00ae<\/strong><\/span><\/a> term\u00e9kpalett\u00e1val kapcsolatban gyakran \u00e9rkeznek hozz\u00e1nk <strong>k\u00e9rd\u00e9sek<\/strong>. Szak\u00e9rt\u0151inkkel, orvosainkkal egy\u00fcttm\u0171k\u00f6dve \u00f6sszegy\u0171jt\u00f6tt\u00fck a <strong>leggyakrabban<\/strong> <strong>felmer\u00fcl\u0151 t\u00e9mak\u00f6r\u00f6ket<\/strong>, \u00e9s ebben a bejegyz\u00e9sben \u00f6sszefoglaltuk \u0151ket.<\/p>\t\t\t\t\t\t\t\t<\/div>\n\t\t\t\t<\/div>\n\t\t\t\t\t<\/div>\n\t\t\t\t<\/div>\n\t\t<div class=\"elementor-element elementor-element-ccff7fb obcs none e-flex e-con-boxed e-con e-parent\" data-id=\"ccff7fb\" data-element_type=\"container\">\n\t\t\t\t\t<div class=\"e-con-inner\">\n\t\t\t\t<div class=\"elementor-element elementor-element-ffd296f elementor-widget elementor-widget-heading\" data-id=\"ffd296f\" data-element_type=\"widget\" data-widget_type=\"heading.default\">\n\t\t\t\t<div class=\"elementor-widget-container\">\n\t\t\t\t\t<h2 class=\"elementor-heading-title elementor-size-default\">Vannak olyan bakt\u00e9riumt\u00f6rzsek, amelyek val\u00f3ban kedvez\u0151 hat\u00e1ssal lehetnek az immunrendszeremre?<\/h2>\t\t\t\t<\/div>\n\t\t\t\t<\/div>\n\t\t\t\t\t<\/div>\n\t\t\t\t<\/div>\n\t\t<div class=\"elementor-element elementor-element-1788674 obcs none e-flex e-con-boxed e-con e-parent\" data-id=\"1788674\" data-element_type=\"container\">\n\t\t\t\t\t<div class=\"e-con-inner\">\n\t\t\t\t<div class=\"elementor-element elementor-element-a13fecd elementor-widget elementor-widget-text-editor\" data-id=\"a13fecd\" data-element_type=\"widget\" data-widget_type=\"text-editor.default\">\n\t\t\t\t<div class=\"elementor-widget-container\">\n\t\t\t\t\t\t\t\t\t<p>A szervezet b\u00e9lrendszeren kereszt\u00fcl t\u00f6rt\u00e9n\u0151 \u00e1ltal\u00e1nos <strong>er\u0151s\u00edt\u00e9s\u00e9hez<\/strong> az <a href=\"https:\/\/www.omni-biotic.com\/hu\/term%C3%A9kek\/omni-biotic-6\/\"><span style=\"color: #b6185c\"><strong>OMNi-BiOTiC\u00ae 6<\/strong><\/span><\/a> alkalmaz\u00e1s\u00e1t javasoljuk. Vigyen be <strong>napi egyszer<\/strong> vagy <strong>k\u00e9tszer<\/strong> 1 adagol\u00f3kan\u00e1lnyi mennyis\u00e9get. A kiv\u00e1lasztott bakt\u00e9riumt\u00f6rzsek stimul\u00e1lj\u00e1k az interleukin-10 termel\u00e9st \u00e9s fokozz\u00e1k a szekr\u00e9ci\u00f3s immunglobulin A (sIgA) k\u00e9pz\u0151d\u00e9s\u00e9t. Ez g\u00e1tolja az ingereket \u00e9s er\u0151s\u00edti a <strong>b\u00e9l<\/strong> \u00e1ltal\u00e1nos <strong>v\u00e9delm\u00e9t.<\/strong><\/p>\t\t\t\t\t\t\t\t<\/div>\n\t\t\t\t<\/div>\n\t\t\t\t<div class=\"elementor-element elementor-element-eca4eef elementor-align-center elementor-widget elementor-widget-button\" data-id=\"eca4eef\" data-element_type=\"widget\" data-widget_type=\"button.default\">\n\t\t\t\t<div class=\"elementor-widget-container\">\n\t\t\t\t\t\t\t\t\t<div class=\"elementor-button-wrapper\">\n\t\t\t\t\t<a class=\"elementor-button elementor-button-link elementor-size-sm\" href=\"https:\/\/www.omni-biotic.com\/hu-hu\/a-belrendszer-egeszsege\/a-bel-hataskore\/az-immunrendszer\/\">\n\t\t\t\t\t\t<span class=\"elementor-button-content-wrapper\">\n\t\t\t\t\t\t\t\t\t<span class=\"elementor-button-text\">Az immunrendszerr\u0151l<\/span>\n\t\t\t\t\t<\/span>\n\t\t\t\t\t<\/a>\n\t\t\t\t<\/div>\n\t\t\t\t\t\t\t\t<\/div>\n\t\t\t\t<\/div>\n\t\t\t\t<div class=\"elementor-element elementor-element-54252ff elementor-widget elementor-widget-heading\" data-id=\"54252ff\" data-element_type=\"widget\" data-widget_type=\"heading.default\">\n\t\t\t\t<div class=\"elementor-widget-container\">\n\t\t\t\t\t<h2 class=\"elementor-heading-title elementor-size-default\">Vannak bakt\u00e9riumt\u00f6rzsek a b\u0151r \u00e1pol\u00e1s\u00e1ra?<\/h2>\t\t\t\t<\/div>\n\t\t\t\t<\/div>\n\t\t\t\t\t<\/div>\n\t\t\t\t<\/div>\n\t\t<div class=\"elementor-element elementor-element-2462de0 obcs none e-flex e-con-boxed e-con e-parent\" data-id=\"2462de0\" data-element_type=\"container\">\n\t\t\t\t\t<div class=\"e-con-inner\">\n\t\t\t\t<div class=\"elementor-element elementor-element-62725c6 elementor-widget elementor-widget-text-editor\" data-id=\"62725c6\" data-element_type=\"widget\" data-widget_type=\"text-editor.default\">\n\t\t\t\t<div class=\"elementor-widget-container\">\n\t\t\t\t\t\t\t\t\t<p>B\u0151rprobl\u00e9m\u00e1k eset\u00e9n speci\u00e1lis <span style=\"color: #b6185c\"><strong>OMNi-BiOTiC\u00ae<\/strong><\/span> term\u00e9keket aj\u00e1nljuk. Az <span style=\"color: #b6185c\"><strong><a href=\"https:\/\/www.omni-biotic.com\/hu\/term%C3%A9kek\/omni-biotic-10-aad\/\">OMNi-BiOTiC\u00ae 10 AAD<\/a>-ben<\/strong><\/span> tal\u00e1lhat\u00f3 t\u00f6rzsek seg\u00edtenek elnyomni a nemk\u00edv\u00e1natos bakt\u00e9riumokat, az <a href=\"https:\/\/www.omni-biotic.com\/hu\/term%C3%A9kek\/omni-biotic-6\/\"><strong><span style=\"color: #b6185c\">OMNi-BiOTiC\u00ae 6<\/span><\/strong><\/a> pedig egy tiszta arck\u00e9pet biztos\u00edt. Az <strong><a href=\"https:\/\/www.omni-biotic.com\/hu\/term%C3%A9kek\/omni-biotic-stress-repair\/\"><span style=\"color: #b6185c\">OMNi-BiOTiC\u00ae STRESS Repair<\/span>\u00a0<\/a><\/strong>olyan bak\u00e9riumt\u00f6rzseket tartalmaz, amelyek az \u00e1ltal\u00e1nos irrit\u00e1ci\u00f3t ellens\u00falyozz\u00e1k.<\/p>\t\t\t\t\t\t\t\t<\/div>\n\t\t\t\t<\/div>\n\t\t\t\t<div class=\"elementor-element elementor-element-7c51d87 elementor-align-center elementor-widget elementor-widget-button\" data-id=\"7c51d87\" data-element_type=\"widget\" data-widget_type=\"button.default\">\n\t\t\t\t<div class=\"elementor-widget-container\">\n\t\t\t\t\t\t\t\t\t<div class=\"elementor-button-wrapper\">\n\t\t\t\t\t<a class=\"elementor-button elementor-button-link elementor-size-sm\" href=\"https:\/\/www.omni-biotic.com\/hu-hu\/blog\/bor-es-belflora\/\">\n\t\t\t\t\t\t<span class=\"elementor-button-content-wrapper\">\n\t\t\t\t\t\t\t\t\t<span class=\"elementor-button-text\">A b\u00e9lfl\u00f3ra eg\u00e9szs\u00e9ge<\/span>\n\t\t\t\t\t<\/span>\n\t\t\t\t\t<\/a>\n\t\t\t\t<\/div>\n\t\t\t\t\t\t\t\t<\/div>\n\t\t\t\t<\/div>\n\t\t\t\t<div class=\"elementor-element elementor-element-3552914 elementor-widget elementor-widget-heading\" data-id=\"3552914\" data-element_type=\"widget\" data-widget_type=\"heading.default\">\n\t\t\t\t<div class=\"elementor-widget-container\">\n\t\t\t\t\t<h2 class=\"elementor-heading-title elementor-size-default\">Id\u0151be telik m\u00edg a b\u00e9lrendszer hozz\u00e1szokik a hasznos bakt\u00e9riumokhoz?<\/h2>\t\t\t\t<\/div>\n\t\t\t\t<\/div>\n\t\t\t\t<div class=\"elementor-element elementor-element-4ad5516 elementor-widget elementor-widget-text-editor\" data-id=\"4ad5516\" data-element_type=\"widget\" data-widget_type=\"text-editor.default\">\n\t\t\t\t<div class=\"elementor-widget-container\">\n\t\t\t\t\t\t\t\t\t<p>Ha <a href=\"https:\/\/www.omni-biotic.com\/hu\/belbakteriumok\/\"><span style=\"color: #b6185c\"><strong>b\u00e9lfl\u00f3r\u00e1ja<\/strong><\/span><\/a> m\u00e1r eddig is heves hat\u00e1soknak volt kit\u00e9ve, aj\u00e1nlott az adagot t\u00f6bb napon kereszt\u00fcl, lassan, fokozatosan n\u00f6velni (k\u00e9shegynyi mennyis\u00e9ggel kezdve). \u00cdgy tudjuk megel\u0151zni a <span style=\"color: #b6185c\"><strong>puffad\u00e1st<\/strong><\/span> \u00e9s m\u00e1s <strong><span style=\"color: #b6185c\">em\u00e9szt\u00e9si probl\u00e9m\u00e1k<\/span><\/strong> kialakul\u00e1s\u00e1t. Ezek a panaszok azonban csak a <strong>felhaszn\u00e1l\u00f3k <\/strong>k\u00f6r\u00fclbel\u00fcl<strong> 5%-\u00e1n\u00e1l<\/strong> fordulnak el\u0151.<\/p>\t\t\t\t\t\t\t\t<\/div>\n\t\t\t\t<\/div>\n\t\t\t\t<div class=\"elementor-element elementor-element-add5268 elementor-widget elementor-widget-heading\" data-id=\"add5268\" data-element_type=\"widget\" data-widget_type=\"heading.default\">\n\t\t\t\t<div class=\"elementor-widget-container\">\n\t\t\t\t\t<h2 class=\"elementor-heading-title elementor-size-default\">Csak v\u00edzben szabad feloldani az OMNi-BiOTiC\u00ae term\u00e9keket?<\/h2>\t\t\t\t<\/div>\n\t\t\t\t<\/div>\n\t\t\t\t<div class=\"elementor-element elementor-element-49362aa elementor-widget elementor-widget-text-editor\" data-id=\"49362aa\" data-element_type=\"widget\" data-widget_type=\"text-editor.default\">\n\t\t\t\t<div class=\"elementor-widget-container\">\n\t\t\t\t\t\t\t\t\t<p><strong>PH-\u00e9rt\u00e9ke<\/strong> miatt a v\u00edz ide\u00e1lis <strong>a fagyasztva sz\u00e1r\u00edtott bakt\u00e9riumok aktiv\u00e1l\u00e1s\u00e1ra<\/strong>. Ugyanakkor a tej, joghurt vagy tea szint\u00e9n alkalmas az <a href=\"https:\/\/www.omni-biotic.com\/hu\/termekeink\/omni-biotic\/\"><strong><span style=\"color: #b6185c\">OMNi-BiOTiC\u00ae<\/span><\/strong><\/a> rehidrat\u00e1l\u00e1s\u00e1ra. K\u00e9rj\u00fck \u00fcgyeljen arra, hogy a folyad\u00e9k, amelyben az <a href=\"https:\/\/www.omni-biotic.com\/hu\/termekeink\/omni-biotic\/\"><strong><span style=\"color: #b6185c\">OMNi-BiOTiC\u00ae<\/span><\/strong><\/a>-ot feloldja,<\/p><ul><li><strong>ne <\/strong>legyen\u00a0<strong>melegebb<\/strong> <strong>40\u00b0C-n\u00e1l<\/strong><\/li><li><strong>ne<\/strong>\u00a0legyen <strong>k\u00e1v\u00e9, alkohol<\/strong> vagy m\u00e1s, nagyon <strong>savas pH-\u00e9rt\u00e9k\u0171<\/strong> folyad\u00e9k (pl. k\u00f3la, gy\u00fcm\u00f6lcslevek, ecet)<\/li><li>ha lehets\u00e9ges, <strong>ne<\/strong> legyen <strong>sz\u00e9nsavas<\/strong>.<\/li><\/ul>\t\t\t\t\t\t\t\t<\/div>\n\t\t\t\t<\/div>\n\t\t\t\t<div class=\"elementor-element elementor-element-86ca40c elementor-widget elementor-widget-image\" data-id=\"86ca40c\" data-element_type=\"widget\" data-widget_type=\"image.default\">\n\t\t\t\t<div class=\"elementor-widget-container\">\n\t\t\t\t\t\t\t\t\t\t\t\t\t\t\t<img fetchpriority=\"high\" decoding=\"async\" width=\"800\" height=\"800\" src=\"https:\/\/www.omni-biotic.com\/hu-hu\/wp-content\/uploads\/sites\/7\/2024\/02\/HU_OB_6_szerencsekerek-1024x1024.jpg\" class=\"attachment-large size-large wp-image-22677\" alt=\"omni-biotic, probiotikum, tasak, por formula, puffad\u00e1s ellen\" srcset=\"https:\/\/www.omni-biotic.com\/hu-hu\/wp-content\/uploads\/sites\/7\/2024\/02\/HU_OB_6_szerencsekerek-1024x1024.jpg 1024w, https:\/\/www.omni-biotic.com\/hu-hu\/wp-content\/uploads\/sites\/7\/2024\/02\/HU_OB_6_szerencsekerek-300x300.jpg 300w, https:\/\/www.omni-biotic.com\/hu-hu\/wp-content\/uploads\/sites\/7\/2024\/02\/HU_OB_6_szerencsekerek-150x150.jpg 150w, https:\/\/www.omni-biotic.com\/hu-hu\/wp-content\/uploads\/sites\/7\/2024\/02\/HU_OB_6_szerencsekerek-768x768.jpg 768w, https:\/\/www.omni-biotic.com\/hu-hu\/wp-content\/uploads\/sites\/7\/2024\/02\/HU_OB_6_szerencsekerek-1536x1536.jpg 1536w, https:\/\/www.omni-biotic.com\/hu-hu\/wp-content\/uploads\/sites\/7\/2024\/02\/HU_OB_6_szerencsekerek-2048x2048.jpg 2048w, https:\/\/www.omni-biotic.com\/hu-hu\/wp-content\/uploads\/sites\/7\/2024\/02\/HU_OB_6_szerencsekerek-1920x1920.jpg 1920w\" sizes=\"(max-width: 800px) 100vw, 800px\" title=\"\">\t\t\t\t\t\t\t\t\t\t\t\t\t\t\t<\/div>\n\t\t\t\t<\/div>\n\t\t\t\t<div class=\"elementor-element elementor-element-bd7fc1c elementor-widget elementor-widget-text-editor\" data-id=\"bd7fc1c\" data-element_type=\"widget\" data-widget_type=\"text-editor.default\">\n\t\t\t\t<div class=\"elementor-widget-container\">\n\t\t\t\t\t\t\t\t\t<h3><span style=\"color: #b6185c\">K\u00f6nnyen toler\u00e1lhat\u00f3 az OMNi-BiOTiC\u00ae?<\/span><\/h3><p>\u00c1ltal\u00e1noss\u00e1gban elmondhat\u00f3, hogy az OMNi-BiOTiC\u00ae <strong>nagyon j\u00f3l toler\u00e1lhat\u00f3<\/strong>, ugyanis csak olyan <strong>bakt\u00e9riumt\u00f6rzseket<\/strong> tartalmaz, amelyek term\u00e9szetes m\u00f3don megtal\u00e1lhat\u00f3k az eg\u00e9szs\u00e9ges emberi <span style=\"color: #b6185c\"><strong>b\u00e9lrendszerben<\/strong><\/span>, \u00e9s amelyeket<a href=\"https:\/\/www.omni-biotic.com\/hu\/minosegi-kriteriumok\/\"> <span style=\"color: #b6185c\"><strong>kiv\u00e1l\u00f3 min\u0151s\u00e9g\u00fck<\/strong><\/span><\/a> \u00e9s biztons\u00e1guk tekintet\u00e9ben szigor\u00faan teszteltek. Mivel azonban minden szervezet \u00e9s minden mikrobiom egyedi, el\u0151fordulhat, hogy n\u00e9melyek b\u00e9lrendszer\u00e9nek m\u00e1s bakt\u00e9riumt\u00f6rzsekre van sz\u00fcks\u00e9g\u00fck, mint amelyeket fogyasztanak. Ebben az esetben c\u00e9lszer\u0171 egy m\u00e1sik <a href=\"https:\/\/www.omni-biotic.com\/hu\/termekeink\/omni-biotic\/\"><strong><span style=\"color: #b6185c\">OMNi-BiOTiC\u00ae<\/span><\/strong><\/a> k\u00e9sz\u00edtm\u00e9nyre v\u00e1ltani.<\/p><h3><span style=\"color: #b6185c\">Mennyi ideig aj\u00e1nlott szedni az <\/span><span style=\"color: #b6185c\">OMNi-BiOTiC\u00ae <\/span><span style=\"color: #b6185c\">term\u00e9keket?<\/span><\/h3><p>Annak \u00e9rdek\u00e9ben, hogy a hat\u00e1s \u00e9rz\u00e9kelhet\u0151 legyen, az <span style=\"color: #b6185c\"><strong>OMNi-BiOTiC\u00ae<\/strong><\/span> szed\u00e9se legal\u00e1bb <strong>1 h\u00f3napon<\/strong> <strong>kereszt\u00fcl<\/strong>, vagy az orvos \u00e1ltal el\u0151\u00edrt ideig javasolt. Az, hogy mennyi ideig kell szednie az OMNi-BiOTiC\u00ae-ot, term\u00e9szetesen a <span style=\"color: #b6185c\"><strong>b\u00e9lrendszer<\/strong> <\/span>\u00e1llapot\u00e1t\u00f3l, <span style=\"color: #b6185c\"><strong>\u00e9letkort\u00f3l<\/strong> <\/span>\u00e9s <strong>\u00e9letm\u00f3dt\u00f3l<\/strong> is f\u00fcgg. Az \u00e1ltal\u00e1nos <strong>szab\u00e1ly<\/strong>: 1 h\u00f3napos OMNi-BiOTiC\u00ae k\u00fara minden \u00e9vben, amikor a b\u00e9lrendszer fokozott terhel\u00e9snek van kit\u00e9ve. Az OMNi-BiOTiC\u00ae term\u00e9kekben tal\u00e1lhat\u00f3 \u00f6sszes bakt\u00e9riumt\u00f6rzs megfelel a <strong>magas min\u0151s\u00e9gi el\u0151\u00edr\u00e1soknak<\/strong>, \u00e9s term\u00e9szetesen fordul el\u0151 az emberi szervezetben. Ez\u00e9rt a <strong>hossz\u00fa t\u00e1v\u00fa alkalmaz\u00e1suk is el\u0151ny\u00f6s.<\/strong><\/p><p><span style=\"color: #b6185c;font-size: 25px\">Alkalmasak az OMNi-BiOTiC\u00ae term\u00e9kek veget\u00e1ri\u00e1nusok vagy veg\u00e1nok sz\u00e1m\u00e1ra?<\/span><\/p><p>Igen! Az <strong><span style=\"color: #b6185c\">OMNi-BiOTiC\u00ae<\/span> term\u00e9kek<\/strong> nem tartalmaznak \u00e1llati eredet\u0171 feh\u00e9rj\u00e9t, az <span style=\"color: #b6185c\">OMNi-BiOTiC\u00ae metabolic<\/span>-ban pedig a <strong>lehet\u0151 legkevesebb<\/strong> mennyis\u00e9g\u0171 tejcukor van (kb. 4 csepp teh\u00e9ntej lakt\u00f3z tartalm\u00e1nak felel meg).<\/p>\t\t\t\t\t\t\t\t<\/div>\n\t\t\t\t<\/div>\n\t\t\t\t<div class=\"elementor-element elementor-element-f862e2b elementor-widget elementor-widget-text-editor\" data-id=\"f862e2b\" data-element_type=\"widget\" data-widget_type=\"text-editor.default\">\n\t\t\t\t<div class=\"elementor-widget-container\">\n\t\t\t\t\t\t\t\t\t<h3><span style=\"color: #b6185c\">Szedhet\u0151-e az OMNi-BiOTiC\u00ae intolerancia (hisztamin, frukt\u00f3z) eset\u00e9n is?<\/span><\/h3><p>Az OMNi-BiOTiC\u00ae term\u00e9kek k\u00fcl\u00f6nb\u00f6z\u0151 <span style=\"color: #b6185c\"><strong>\u00e9lelmi rostokat<\/strong><\/span> tartalmaznak, melyek specifikus t\u00e1pl\u00e1l\u00e9kk\u00e9nt szolg\u00e1lnak a bakt\u00e9riumoknak, bele\u00e9rtve p\u00e9ld\u00e1ul a frukto-oligoszacharidokat vagy az inulint. Az ut\u00f3bbiak a <span style=\"color: #b6185c\"><strong>b\u00e9lbakt\u00e9riumok<\/strong> <\/span>term\u00e9szetes t\u00e1panyagai, melyeket az <span style=\"color: #b6185c\"><strong>OMNi-BiOTiC\u00ae<\/strong><\/span> <strong>term\u00e9kek<\/strong> csak minim\u00e1lis mennyis\u00e9gben tartalmaznak (l\u00e9nyegesen kevesebb van benn\u00fck, mint amennyit p\u00e9ld\u00e1ul m\u00e9rhet\u0151 reakci\u00f3 kiv\u00e1lt\u00e1s\u00e1ra, a klinikai kil\u00e9gz\u00e9ses vizsg\u00e1lat sor\u00e1n haszn\u00e1lnak).<\/p><p>Ha az <strong>aktiv\u00e1l\u00e1si id\u0151t 30 percre<\/strong> hosszabb\u00edtjuk, a bakt\u00e9riumok szinte teljes m\u00e9rt\u00e9kben metaboliz\u00e1lj\u00e1k t\u00e1pl\u00e1l\u00e9kukat (= frukto-oligoszacharidokat, inulint stb.), \u00edgy ezeknek az anyagoknak legfeljebb csak egyes molekul\u00e1i jutnak el a belekig. Genetikailag is tesztelik, hogy az OMNi-BiOTiC\u00ae-ban tal\u00e1lhat\u00f3 bakt\u00e9riumok k\u00e9pesek-e <strong>hisztamin<\/strong> termel\u00e9s\u00e9re. Term\u00e9keinkhez csak olyan bakt\u00e9riumt\u00f6rzseket adunk, melyek maguk nem k\u00e9pesek hisztamint termelni, ez\u00e9rt az OMNi-BiOTiC\u00ae term\u00e9keket biztons\u00e1ggal szedhetik a <span style=\"color: #b6185c\"><strong>hisztamin intoleranci\u00e1ban<\/strong><\/span> szenved\u0151k is.<\/p>\t\t\t\t\t\t\t\t<\/div>\n\t\t\t\t<\/div>\n\t\t\t\t<div class=\"elementor-element elementor-element-96a94f4 elementor-align-center elementor-widget elementor-widget-button\" data-id=\"96a94f4\" data-element_type=\"widget\" data-widget_type=\"button.default\">\n\t\t\t\t<div class=\"elementor-widget-container\">\n\t\t\t\t\t\t\t\t\t<div class=\"elementor-button-wrapper\">\n\t\t\t\t\t<a class=\"elementor-button elementor-button-link elementor-size-sm\" href=\"https:\/\/www.omni-biotic.com\/hu-hu\/blog\/etelintolerancia-es-allergia\/\">\n\t\t\t\t\t\t<span class=\"elementor-button-content-wrapper\">\n\t\t\t\t\t\t\t\t\t<span class=\"elementor-button-text\">Az allergi\u00e1kr\u00f3l<\/span>\n\t\t\t\t\t<\/span>\n\t\t\t\t\t<\/a>\n\t\t\t\t<\/div>\n\t\t\t\t\t\t\t\t<\/div>\n\t\t\t\t<\/div>\n\t\t\t\t\t<\/div>\n\t\t\t\t<\/div>\n\t\t<div class=\"elementor-element elementor-element-2bbc450 obcs none e-flex e-con-boxed e-con e-parent\" data-id=\"2bbc450\" data-element_type=\"container\">\n\t\t\t\t\t<div class=\"e-con-inner\">\n\t\t\t\t<div class=\"elementor-element elementor-element-a9d8c90 elementor-widget elementor-widget-text-editor\" data-id=\"a9d8c90\" data-element_type=\"widget\" data-widget_type=\"text-editor.default\">\n\t\t\t\t<div class=\"elementor-widget-container\">\n\t\t\t\t\t\t\t\t\t<h3><span style=\"color: #b6185c\">Szedhetem-e az OMNi-BiOTiC\u00ae term\u00e9ket m\u00e1s \u00e9trend-kieg\u00e9sz\u00edt\u0151kkel vagy gy\u00f3gyszerekkel?<\/span><\/h3><p>Igen, ugyanis az <span style=\"color: #b6185c\"><strong>OMNi-BiOTiC\u00ae<\/strong> <\/span><strong>term\u00e9kek<\/strong> csak olyan bakt\u00e9riumt\u00f6rzseket tartalmaznak, amelyek term\u00e9szetes m\u00f3don az <strong>emberi belekben is megtal\u00e1lhat\u00f3k. <\/strong>Nem tartalmaznak k\u00e9miai hat\u00f3anyagokat, amelyek k\u00e9pesek lenn\u00e9nek k\u00f6lcs\u00f6nhat\u00e1sba l\u00e9pni m\u00e1s <span style=\"color: #b6185c\"><strong>gy\u00f3gyszerekkel<\/strong><\/span>.<\/p><h3><span style=\"color: #b6185c\">Szabad k\u00e9t OMNi-BiOTiC\u00ae term\u00e9ket kombin\u00e1lni?<\/span><\/h3><p>Igen, <strong>gond n\u00e9lk\u00fcl<\/strong> alkalmazhat reggel \u00e9s este m\u00e1s <span style=\"color: #b6185c\"><strong>OMNi-BiOTiC\u00ae <\/strong><\/span>term\u00e9ket. Azonban nem szabad egyszerre k\u00e9t k\u00fcl\u00f6nb\u00f6z\u0151 OMNi-BiOTiC\u00ae term\u00e9ket egy poh\u00e1rban feloldani, mert minden egyes bakt\u00e9riumkombin\u00e1ci\u00f3 pontosan egym\u00e1shoz van igaz\u00edtva \u00e9s kieg\u00e9sz\u00edtve a speci\u00e1lis kedvenc t\u00e1pl\u00e1l\u00e9k\u00e1val m\u00e1trix form\u00e1j\u00e1ban.<\/p><p><span style=\"color: #b6185c\"><em>Amennyiben tov\u00e1bbi k\u00e9rd\u00e9s mer\u00fclne fel a b\u00e9lrendszerrel \u00e9s annak mikroszkopikus lak\u00f3ival kapcsolatban \u2013 orvosokb\u00f3l, gy\u00f3gyszer\u00e9szekb\u0151l, biol\u00f3gusokb\u00f3l, t\u00e1pl\u00e1lkoz\u00e1si szak\u00e9rt\u0151kb\u0151l \u00e9s mikrobiol\u00f3gusokb\u00f3l \u00e1ll\u00f3, magasan k\u00e9pzett tan\u00e1csad\u00f3 csapatunk <b>sz\u00edvesen \u00e1ll rendelkez\u00e9s\u00e9re!\u00a0<\/b><\/em><\/span><\/p>\t\t\t\t\t\t\t\t<\/div>\n\t\t\t\t<\/div>\n\t\t\t\t\t<\/div>\n\t\t\t\t<\/div>\n\t\t\t\t<\/div>\n\t\t","protected":false},"excerpt":{"rendered":"<p>Az OMNi-BiOTiC\u00ae term\u00e9kpalett\u00e1val kapcsolatban gyakran \u00e9rkeznek hozz\u00e1nk k\u00e9rd\u00e9sek. Szak\u00e9rt\u0151inkkel, orvosainkkal egy\u00fcttm\u0171k\u00f6dve \u00f6sszegy\u0171jt\u00f6tt\u00fck a leggyakrabban felmer\u00fcl\u0151 t\u00e9mak\u00f6r\u00f6ket, \u00e9s ebben a bejegyz\u00e9sben \u00f6sszefoglaltuk \u0151ket. Vannak olyan bakt\u00e9riumt\u00f6rzsek, amelyek val\u00f3ban kedvez\u0151 hat\u00e1ssal lehetnek az immunrendszeremre? A szervezet b\u00e9lrendszeren kereszt\u00fcl t\u00f6rt\u00e9n\u0151 \u00e1ltal\u00e1nos er\u0151s\u00edt\u00e9s\u00e9hez az OMNi-BiOTiC\u00ae 6 alkalmaz\u00e1s\u00e1t javasoljuk. Vigyen be napi egyszer vagy k\u00e9tszer 1 adagol\u00f3kan\u00e1lnyi mennyis\u00e9get. A kiv\u00e1lasztott [&hellip;]<\/p>\n","protected":false},"author":17,"featured_media":23156,"comment_status":"closed","ping_status":"closed","sticky":false,"template":"","format":"standard","meta":{"_acf_changed":false,"inline_featured_image":false,"footnotes":""},"categories":[110],"tags":[],"class_list":["post-16106","post","type-post","status-publish","format-standard","has-post-thumbnail","hentry","category-omni-biotic"],"acf":[],"rank_math":{"og:title":"Gyakori k\u00e9rd\u00e9sek \u00e9s v\u00e1laszok - OMNi-BiOTiC\u00ae","og:desc":"K\u00e9rd\u00e9sek az OMNi-BiOTiC\u00ae probiotikumokkal kapcsolatban! \u2713 Veg\u00e1n \u2713 Glut\u00e9nmentes \u2713 \u00c9leszt\u0151mentes \u2713 P\u00e1lmaolajmentes \u2713 GMO mentes","og:url":"https:\/\/www.omni-biotic.com\/hu-hu\/blog\/gyakori-kerdesek-es-valaszok-az-omni-biotic-rol\/","og:locale":"hu_HU","og:image":"https:\/\/www.omni-biotic.com\/hu-hu\/wp-content\/uploads\/sites\/7\/2022\/04\/gyakori_kerdesek.png","og:image:width":"300","og:image:height":"200"},"additional_data":{"thumbnail":"https:\/\/www.omni-biotic.com\/hu-hu\/wp-content\/uploads\/sites\/7\/2022\/04\/gyakori_kerdesek.png"},"blog_info":{"country":"hu-hu"},"_links":{"self":[{"href":"https:\/\/www.omni-biotic.com\/hu-hu\/wp-json\/wp\/v2\/posts\/16106","targetHints":{"allow":["GET"]}}],"collection":[{"href":"https:\/\/www.omni-biotic.com\/hu-hu\/wp-json\/wp\/v2\/posts"}],"about":[{"href":"https:\/\/www.omni-biotic.com\/hu-hu\/wp-json\/wp\/v2\/types\/post"}],"author":[{"embeddable":true,"href":"https:\/\/www.omni-biotic.com\/hu-hu\/wp-json\/wp\/v2\/users\/17"}],"replies":[{"embeddable":true,"href":"https:\/\/www.omni-biotic.com\/hu-hu\/wp-json\/wp\/v2\/comments?post=16106"}],"version-history":[{"count":7,"href":"https:\/\/www.omni-biotic.com\/hu-hu\/wp-json\/wp\/v2\/posts\/16106\/revisions"}],"predecessor-version":[{"id":23157,"href":"https:\/\/www.omni-biotic.com\/hu-hu\/wp-json\/wp\/v2\/posts\/16106\/revisions\/23157"}],"wp:featuredmedia":[{"embeddable":true,"href":"https:\/\/www.omni-biotic.com\/hu-hu\/wp-json\/wp\/v2\/media\/23156"}],"wp:attachment":[{"href":"https:\/\/www.omni-biotic.com\/hu-hu\/wp-json\/wp\/v2\/media?parent=16106"}],"wp:term":[{"taxonomy":"category","embeddable":true,"href":"https:\/\/www.omni-biotic.com\/hu-hu\/wp-json\/wp\/v2\/categories?post=16106"},{"taxonomy":"post_tag","embeddable":true,"href":"https:\/\/www.omni-biotic.com\/hu-hu\/wp-json\/wp\/v2\/tags?post=16106"}],"curies":[{"name":"wp","href":"https:\/\/api.w.org\/{rel}","templated":true}]}}