{"id":16146,"date":"2022-04-20T12:19:14Z","date_gmt":"2022-04-20T10:19:14Z","guid":{"rendered":"https:\/\/www.omni-biotic.com\/hu-hu\/mitol-alakul-ki-a-visszatero-huevelyfertozes-omni-biotic-hu\/"},"modified":"2024-09-13T10:27:08Z","modified_gmt":"2024-09-13T08:27:08Z","slug":"mitol-alakul-ki-a-visszatero-holyaghurut","status":"publish","type":"post","link":"https:\/\/www.omni-biotic.com\/hu-hu\/blog\/mitol-alakul-ki-a-visszatero-holyaghurut\/","title":{"rendered":"Mit\u0151l alakul ki a visszat\u00e9r\u0151 h\u00f3lyaghurut?"},"content":{"rendered":"\t\t<div data-elementor-type=\"wp-post\" data-elementor-id=\"16146\" class=\"elementor elementor-16146\" data-elementor-post-type=\"post\">\n\t\t\t\t<div class=\"elementor-element elementor-element-22708d6 obcs none e-flex e-con-boxed e-con e-parent\" data-id=\"22708d6\" data-element_type=\"container\">\n\t\t\t\t\t<div class=\"e-con-inner\">\n\t\t\t\t<div class=\"elementor-element elementor-element-870d4e6 elementor-widget elementor-widget-text-editor\" data-id=\"870d4e6\" data-element_type=\"widget\" data-widget_type=\"text-editor.default\">\n\t\t\t\t<div class=\"elementor-widget-container\">\n\t\t\t\t\t\t\t\t\t<p><span style=\"color: #b6185c\"><em>Minden negyedik h\u00f3lyagfert\u0151z\u00e9sben szenved\u0151 h\u00f6lgy kis id\u0151 eltelt\u00e9vel \u00fajra tapasztalja a t\u00fcneteket. A kutat\u00f3k nemr\u00e9giben megtal\u00e1lt\u00e1k ennek ok\u00e1t.<\/em><\/span><\/p>\t\t\t\t\t\t\t\t<\/div>\n\t\t\t\t<\/div>\n\t\t\t\t\t<\/div>\n\t\t\t\t<\/div>\n\t\t<div class=\"elementor-element elementor-element-ec3188b obcs none e-flex e-con-boxed e-con e-parent\" data-id=\"ec3188b\" data-element_type=\"container\">\n\t\t\t\t\t<div class=\"e-con-inner\">\n\t\t\t\t<div class=\"elementor-element elementor-element-d34f9b8 elementor-widget elementor-widget-image\" data-id=\"d34f9b8\" data-element_type=\"widget\" data-widget_type=\"image.default\">\n\t\t\t\t<div class=\"elementor-widget-container\">\n\t\t\t\t\t\t\t\t\t\t\t\t\t\t\t<img fetchpriority=\"high\" decoding=\"async\" width=\"800\" height=\"534\" src=\"https:\/\/www.omni-biotic.com\/hu-hu\/wp-content\/uploads\/sites\/7\/2022\/04\/holyaghurut_ellen_probiotikum-1024x684.png\" class=\"attachment-large size-large wp-image-23206\" alt=\"visszat\u00e9r\u0151 h\u00f3lyagfert\u0151z\u00e9s, h\u00f3lyaghurut, h\u00fcvelyfert\u0151z\u00e9s, probiotikum, allergosan, omni-biotic, flora plus\" srcset=\"https:\/\/www.omni-biotic.com\/hu-hu\/wp-content\/uploads\/sites\/7\/2022\/04\/holyaghurut_ellen_probiotikum-1024x684.png 1024w, https:\/\/www.omni-biotic.com\/hu-hu\/wp-content\/uploads\/sites\/7\/2022\/04\/holyaghurut_ellen_probiotikum-300x200.png 300w, https:\/\/www.omni-biotic.com\/hu-hu\/wp-content\/uploads\/sites\/7\/2022\/04\/holyaghurut_ellen_probiotikum-768x513.png 768w, https:\/\/www.omni-biotic.com\/hu-hu\/wp-content\/uploads\/sites\/7\/2022\/04\/holyaghurut_ellen_probiotikum.png 1200w\" sizes=\"(max-width: 800px) 100vw, 800px\" title=\"\">\t\t\t\t\t\t\t\t\t\t\t\t\t\t\t<\/div>\n\t\t\t\t<\/div>\n\t\t\t\t<div class=\"elementor-element elementor-element-34e1acc elementor-widget elementor-widget-text-editor\" data-id=\"34e1acc\" data-element_type=\"widget\" data-widget_type=\"text-editor.default\">\n\t\t\t\t<div class=\"elementor-widget-container\">\n\t\t\t\t\t\t\t\t\t<p>Megterhel\u0151, amikor a h\u00f3lyag \u201eindiszkr\u00e9tt\u00e9\u201c v\u00e1lik. Folyamatosan \u00e9rezhet\u0151 lesz, \u00e9s annak ellen\u00e9re, hogy szinte \u00fcres, <strong>vizel\u00e9si ingert<\/strong> jelez, cs\u00edp \u00e9s nyom, valamint a <strong>vizel\u00e9s is f\u00e1jdalmass\u00e1<\/strong> v\u00e1lik. Igazi neh\u00e9zs\u00e9get azonban az jelent, amikor a <a href=\"https:\/\/www.omni-biotic.com\/hu-hu\/blog\/huevelyflora-es-szex-hogyan-fueggnek-oessz\/\"><span style=\"color: #b6185c\"><strong>h\u00f3lyaghurut <\/strong><\/span><\/a>\u00fajra \u00e9s \u00fajra visszat\u00e9r. M\u00edg a f\u00e9rfiak ritk\u00e1n kapj\u00e1k el ezt a betegs\u00e9get, egyes n\u0151k \u00e9vente t\u00f6bb mint hatszor is \u00e1ldozat\u00e1ul eshetnek. Minden negyedik betegnek kell azzal sz\u00e1molnia, hogy hat h\u00f3napon bel\u00fcl \u00fajabb f\u00e1jdalmas fert\u0151z\u00e9sben lesz r\u00e9sze.<\/p>\t\t\t\t\t\t\t\t<\/div>\n\t\t\t\t<\/div>\n\t\t\t\t\t<\/div>\n\t\t\t\t<\/div>\n\t\t<div class=\"elementor-element elementor-element-771fe1e obcs none e-flex e-con-boxed e-con e-parent\" data-id=\"771fe1e\" data-element_type=\"container\">\n\t\t\t\t\t<div class=\"e-con-inner\">\n\t\t\t\t<div class=\"elementor-element elementor-element-d547932 elementor-widget elementor-widget-text-editor\" data-id=\"d547932\" data-element_type=\"widget\" data-widget_type=\"text-editor.default\">\n\t\t\t\t<div class=\"elementor-widget-container\">\n\t\t\t\t\t\t\t\t\t<p>Mivel nem ismert annak oka, hogy egyes n\u0151k eset\u00e9ben mi\u00e9rt ennyire gyakori az eml\u00edtett fert\u0151z\u00e9s el\u0151fordul\u00e1sa, az orvosok ezid\u00e1ig <strong>m\u00e9g nem tudtak hat\u00e9kony megel\u0151z\u00e9si m\u00f3dszert<\/strong> k\u00edn\u00e1lni. A St. Louis-i Washington Egyetem kutat\u00f3i k\u00f6zelebb ker\u00fcltek a magyar\u00e1zathoz (Plos Pathogens, online). Eg\u00e9rk\u00eds\u00e9rletek seg\u00edts\u00e9g\u00e9vel kimutatt\u00e1k, hogy l\u00e1tsz\u00f3lag k\u00e9tf\u00e9le <span style=\"color: #b6185c\"><strong>bakt\u00e9rium t\u00edpus<\/strong><\/span> j\u00e1rul hozz\u00e1 a visszat\u00e9r\u0151 gyullad\u00e1shoz.<\/p>\t\t\t\t\t\t\t\t<\/div>\n\t\t\t\t<\/div>\n\t\t\t\t\t<\/div>\n\t\t\t\t<\/div>\n\t\t<div class=\"elementor-element elementor-element-4e3e148 obcs none e-flex e-con-boxed e-con e-parent\" data-id=\"4e3e148\" data-element_type=\"container\">\n\t\t\t\t\t<div class=\"e-con-inner\">\n\t\t\t\t<div class=\"elementor-element elementor-element-9d56bd6 elementor-widget elementor-widget-text-editor\" data-id=\"9d56bd6\" data-element_type=\"widget\" data-widget_type=\"text-editor.default\">\n\t\t\t\t<div class=\"elementor-widget-container\">\n\t\t\t\t\t\t\t\t\t<p>A h\u00fagy\u00fati fert\u0151z\u00e9sek f\u0151 oka az <a href=\"https:\/\/www.omni-biotic.com\/hu-hu\/blog\/hugyuti-fertozes-az-e-coli-szorosan-tapad-a-felueletekhez\/\"><span style=\"color: #b6185c\"><strong>Escherichia coli bakt\u00e9rium<\/strong><\/span><\/a>, amely a belekb\u0151l jut a h\u00fagyutakba. A fert\u0151z\u00e9s ut\u00e1n a mikrob\u00e1k egy r\u00e9sze bef\u00e9szkelheti mag\u00e1t a h\u00f3lyag fal\u00e1ba, \u00e9s megb\u00fajik az <a href=\"https:\/\/www.omni-biotic.com\/hu-hu\/blog\/hasmenes-es-antibiotikum\/\"><span style=\"color: #b6185c\"><strong>antibiotikumok <\/strong><\/span><\/a>\u00e9s az <a href=\"https:\/\/www.omni-biotic.com\/hu-hu\/a-belrendszer-egeszsege\/a-bel-hataskore\/az-immunrendszer\/\"><span style=\"color: #b6185c\"><strong>immunrendszer <\/strong><\/span><\/a>egy\u00e9b fegyverei sz\u00e1m\u00e1ra hozz\u00e1f\u00e9rhetetlen rejtekhelyen. Amennyiben emellett m\u00e9g a <span style=\"color: #b6185c\"><strong>Gardnerella vaginalis bakt\u00e9rium<\/strong><\/span> is bejut a h\u00f3lyagba, akkor \u2013 az orvosok magyar\u00e1zata szerint \u2013 ez aktiv\u00e1lhatja az alv\u00f3 E. Coli bakt\u00e9riumokat.<\/p>\t\t\t\t\t\t\t\t<\/div>\n\t\t\t\t<\/div>\n\t\t\t\t\t<\/div>\n\t\t\t\t<\/div>\n\t\t<div class=\"elementor-element elementor-element-a89c3c6 obcs none e-flex e-con-boxed e-con e-parent\" data-id=\"a89c3c6\" data-element_type=\"container\">\n\t\t\t\t\t<div class=\"e-con-inner\">\n\t\t\t\t<div class=\"elementor-element elementor-element-56f9e5c elementor-widget elementor-widget-heading\" data-id=\"56f9e5c\" data-element_type=\"widget\" data-widget_type=\"heading.default\">\n\t\t\t\t<div class=\"elementor-widget-container\">\n\t\t\t\t\t<h2 class=\"elementor-heading-title elementor-size-default\">A n\u0151k sokkal gyakrabban szenvednek h\u00fagy\u00fati fert\u0151z\u00e9sben<\/h2>\t\t\t\t<\/div>\n\t\t\t\t<\/div>\n\t\t\t\t\t<\/div>\n\t\t\t\t<\/div>\n\t\t<div class=\"elementor-element elementor-element-ec11782 obcs none e-flex e-con-boxed e-con e-parent\" data-id=\"ec11782\" data-element_type=\"container\">\n\t\t\t\t\t<div class=\"e-con-inner\">\n\t\t\t\t<div class=\"elementor-element elementor-element-cb72d8e elementor-widget elementor-widget-text-editor\" data-id=\"cb72d8e\" data-element_type=\"widget\" data-widget_type=\"text-editor.default\">\n\t\t\t\t<div class=\"elementor-widget-container\">\n\t\t\t\t\t\t\t\t\t<p><strong>Gardnerella<\/strong> nem telepedik meg <span style=\"color: #b6185c\"><strong>tart\u00f3san a h\u00fagyutakban<\/strong>,<\/span> \u00e9s nem okoz t\u00fcneteket ott. R\u00f6vid jelenl\u00e9te azonban elegend\u0151 a h\u00f3lyagfal sejtjeinek k\u00e1rosod\u00e1s\u00e1hoz \u00e9s a Coli-bakt\u00e9riumok fel\u00e9breszt\u00e9s\u00e9hez, melyek \u00edgy m\u00e1r <strong>ism\u00e9telten<\/strong> k\u00e9pesek lesznek <strong>gyullad\u00e1st<\/strong> okozni.<\/p><p>A fenti meg\u00e1llap\u00edt\u00e1sokra a kutat\u00f3k akkor jutottak, amikor egereket el\u0151sz\u00f6r E. <strong>Coli<\/strong>-, majd n\u00e9gy h\u00e9ttel k\u00e9s\u0151bb <strong>Gardnerella bakt\u00e9riumokkal fert\u0151zt\u00e9k<\/strong> meg. Az \u00e1llatok t\u00f6bb mint fel\u00e9n\u00e9l ekkor <strong>ism\u00e9telten<\/strong> <strong>h\u00f3lyaghurut<\/strong> jelei mutatkoztak. A k\u00e9t kontrollcsoport, akiknek az E. Coli fert\u0151z\u00e9s ut\u00e1n egy m\u00e1sik h\u00fcvelyi bakt\u00e9riumot vagy steril s\u00f3oldatot adtak, \u00f6tsz\u00f6r ritk\u00e1bban mutatott gyullad\u00e1sra utal\u00f3 jeleket.<\/p>\t\t\t\t\t\t\t\t<\/div>\n\t\t\t\t<\/div>\n\t\t\t\t\t<\/div>\n\t\t\t\t<\/div>\n\t\t<div class=\"elementor-element elementor-element-ced740c obcs none e-flex e-con-boxed e-con e-parent\" data-id=\"ced740c\" data-element_type=\"container\">\n\t\t\t\t\t<div class=\"e-con-inner\">\n\t\t\t\t<div class=\"elementor-element elementor-element-ace185f elementor-align-center elementor-widget elementor-widget-button\" data-id=\"ace185f\" data-element_type=\"widget\" data-widget_type=\"button.default\">\n\t\t\t\t<div class=\"elementor-widget-container\">\n\t\t\t\t\t\t\t\t\t<div class=\"elementor-button-wrapper\">\n\t\t\t\t\t<a class=\"elementor-button elementor-button-link elementor-size-sm\" href=\"https:\/\/www.omni-biotic.com\/hu-hu\/blog\/hugyuti-fertozes-az-e-coli-szorosan-tapad-a-felueletekhez\/\">\n\t\t\t\t\t\t<span class=\"elementor-button-content-wrapper\">\n\t\t\t\t\t\t\t\t\t<span class=\"elementor-button-text\">Az E. Coli bakt\u00e9riumr\u00f3l<\/span>\n\t\t\t\t\t<\/span>\n\t\t\t\t\t<\/a>\n\t\t\t\t<\/div>\n\t\t\t\t\t\t\t\t<\/div>\n\t\t\t\t<\/div>\n\t\t\t\t<div class=\"elementor-element elementor-element-9e6c0c3 elementor-widget elementor-widget-text-editor\" data-id=\"9e6c0c3\" data-element_type=\"widget\" data-widget_type=\"text-editor.default\">\n\t\t\t\t<div class=\"elementor-widget-container\">\n\t\t\t\t\t\t\t\t\t<p>M\u00e9g nem bizony\u00edtott, hogy a fert\u0151z\u00e9s az emberek eset\u00e9ben is ugyan\u00edgy m\u0171k\u00f6dik. Emellett sz\u00f3l azonban az a t\u00e9ny is, hogy az orvosok magasabb Gardnerella-cs\u00edra sz\u00e1mot tal\u00e1ltak a <strong>gyakorta h\u00fagy\u00fati fert\u0151z\u00e9sekben<\/strong> szenved\u0151 betegekn\u00e9l. Amennyiben a fert\u0151z\u00e9s mechanizmus\u00e1t az emberekn\u00e9l is al\u00e1t\u00e1masztj\u00e1k, akkor az ezen alapul\u00f3 \u00faj ter\u00e1pi\u00e1s megk\u00f6zel\u00edt\u00e9sek is \u201ek\u00f6nnyen elk\u00e9pzelhet\u0151kk\u00e9 v\u00e1lnak\u201d \u2013 mondja Andr\u00e9 Gessner, a Regensburgi Egyetemi K\u00f3rh\u00e1z Mikrobiol\u00f3giai \u00e9s Higi\u00e9niai Int\u00e9zet\u00e9nek igazgat\u00f3ja.<\/p><p>A n\u0151k t\u00f6bb mint fel\u00e9n\u00e9l \u00e9let\u00fckben legal\u00e1bb egyszer kialakul visszat\u00e9r\u0151 h\u00f3lyagfert\u0151z\u00e9s. Eset\u00fckben a t\u00e1rgyalt betegs\u00e9g <strong>gyakrabban<\/strong> fordul el\u0151, <strong>mint a f\u00e9rfiakn\u00e1l<\/strong>, mivel\u00a0 az E. Coli bakt\u00e9riumoknak \u2013 a n\u0151k anat\u00f3miai fel\u00e9p\u00edt\u00e9se miatt \u2013 <strong>r\u00f6videbb utat kell megtenni\u00fck, hogy el\u00e9rjenek a belekb\u0151l a h\u00f3lyagba<\/strong>.<\/p><p>Szint\u00e9n \u00e9rdekes az amerikai orvosok munk\u00e1j\u00e1ban az az alapvet\u0151 felfedez\u00e9s, hogy a <strong>fert\u0151z\u00e9seket<\/strong> <strong>m\u00e1s<\/strong>, olyan <strong>k\u00f3rokoz\u00f3k is kiv\u00e1lthatj\u00e1k<\/strong>, amelyeknek a betegs\u00e9g kezdetekor m\u00e1r nem is sz\u00fcks\u00e9ges a szervezetben jelen lenni\u00fck, \u00e9ppen ez\u00e9rt k\u00f6nny\u0171 \u0151ket figyelmen k\u00edv\u00fcl hagyni. A tanulm\u00e1ny szerz\u0151i \u00fagy v\u00e9lik, hogy a t\u00e1rgyalt mechanizmus m\u00e1s fert\u0151z\u0151 betegs\u00e9gekben is szerepet j\u00e1tszhat.<\/p>\t\t\t\t\t\t\t\t<\/div>\n\t\t\t\t<\/div>\n\t\t\t\t\t<\/div>\n\t\t\t\t<\/div>\n\t\t<div class=\"elementor-element elementor-element-daf9d26 obcs none e-flex e-con-boxed e-con e-parent\" data-id=\"daf9d26\" data-element_type=\"container\">\n\t\t\t\t\t<div class=\"e-con-inner\">\n\t\t\t\t<div class=\"elementor-element elementor-element-7deb08b elementor-widget-divider--view-line elementor-widget elementor-widget-divider\" data-id=\"7deb08b\" data-element_type=\"widget\" data-widget_type=\"divider.default\">\n\t\t\t\t<div class=\"elementor-widget-container\">\n\t\t\t\t\t\t\t<div class=\"elementor-divider\">\n\t\t\t<span class=\"elementor-divider-separator\">\n\t\t\t\t\t\t<\/span>\n\t\t<\/div>\n\t\t\t\t\t\t<\/div>\n\t\t\t\t<\/div>\n\t\t\t\t\t<\/div>\n\t\t\t\t<\/div>\n\t\t<div class=\"elementor-element elementor-element-a9c0ce1 obcs none e-flex e-con-boxed e-con e-parent\" data-id=\"a9c0ce1\" data-element_type=\"container\">\n\t\t\t\t\t<div class=\"e-con-inner\">\n\t\t\t\t<div class=\"elementor-element elementor-element-3943f1d elementor-widget elementor-widget-text-editor\" data-id=\"3943f1d\" data-element_type=\"widget\" data-widget_type=\"text-editor.default\">\n\t\t\t\t<div class=\"elementor-widget-container\">\n\t\t\t\t\t\t\t\t\t<div class=\"col-12 col-md-6 inbd-mobile-descr\"><div class=\"product-page-info\"><div class=\"for-desktops\"><div class=\"product-page-info__title mb-15 text-center text-md-left\"><h1 class=\"m-0\">OMNi-BiOTiC\u00ae FLORA plus<img decoding=\"async\" class=\"size-medium wp-image-23238 img-fluid alignright\" src=\"https:\/\/www.omni-biotic.com\/hu-hu\/wp-content\/uploads\/sites\/7\/2024\/08\/20240123_OB_FLORA_plus_28Stk_INT_3-seitig-300x300.png\" alt=\"\" width=\"300\" height=\"300\" title=\"\" srcset=\"https:\/\/www.omni-biotic.com\/hu-hu\/wp-content\/uploads\/sites\/7\/2024\/08\/20240123_OB_FLORA_plus_28Stk_INT_3-seitig-300x300.png 300w, https:\/\/www.omni-biotic.com\/hu-hu\/wp-content\/uploads\/sites\/7\/2024\/08\/20240123_OB_FLORA_plus_28Stk_INT_3-seitig-150x150.png 150w, https:\/\/www.omni-biotic.com\/hu-hu\/wp-content\/uploads\/sites\/7\/2024\/08\/20240123_OB_FLORA_plus_28Stk_INT_3-seitig.png 500w, https:\/\/www.omni-biotic.com\/hu-hu\/wp-content\/uploads\/sites\/7\/2024\/08\/elementor\/thumbs\/20240123_OB_FLORA_plus_28Stk_INT_3-seitig-qryuwdjux8owxd7szkw9yrc84jkgmi14nucvbwvk4g.png 400w\" sizes=\"(max-width: 300px) 100vw, 300px\" \/><\/h1><\/div><\/div><\/div><\/div><ul><li>A h\u00fcvelyfl\u00f3ra zavarainak di\u00e9t\u00e1s kezel\u00e9s\u00e9hez<\/li><li>Az intim ter\u00fclet viszket\u00e9se \u00e9s \u00e9g\u00e9se ellen<\/li><li>Egyszer\u0171 \u00e9s higi\u00e9nikus alkalmaz\u00e1s: keverje folyad\u00e9kba!<\/li><li>Nincs t\u00f6bb kellemetlen foly\u00e1s!<\/li><\/ul>\t\t\t\t\t\t\t\t<\/div>\n\t\t\t\t<\/div>\n\t\t\t\t\t<\/div>\n\t\t\t\t<\/div>\n\t\t<div class=\"elementor-element elementor-element-5609b18 obcs none e-flex e-con-boxed e-con e-parent\" data-id=\"5609b18\" data-element_type=\"container\">\n\t\t\t\t\t<div class=\"e-con-inner\">\n\t\t\t\t<div class=\"elementor-element elementor-element-cc74634 elementor-align-center elementor-widget elementor-widget-button\" data-id=\"cc74634\" data-element_type=\"widget\" data-widget_type=\"button.default\">\n\t\t\t\t<div class=\"elementor-widget-container\">\n\t\t\t\t\t\t\t\t\t<div class=\"elementor-button-wrapper\">\n\t\t\t\t\t<a class=\"elementor-button elementor-button-link elementor-size-sm\" href=\"https:\/\/shop.omni-biotic.com\/hu-hu\/products\/omni-biotic-flora-plus-int-99106\">\n\t\t\t\t\t\t<span class=\"elementor-button-content-wrapper\">\n\t\t\t\t\t\t\t\t\t<span class=\"elementor-button-text\">Men\u00e9zem<\/span>\n\t\t\t\t\t<\/span>\n\t\t\t\t\t<\/a>\n\t\t\t\t<\/div>\n\t\t\t\t\t\t\t\t<\/div>\n\t\t\t\t<\/div>\n\t\t\t\t\t<\/div>\n\t\t\t\t<\/div>\n\t\t\t\t<\/div>\n\t\t","protected":false},"excerpt":{"rendered":"<p>Minden negyedik h\u00f3lyagfert\u0151z\u00e9sben szenved\u0151 h\u00f6lgy kis id\u0151 eltelt\u00e9vel \u00fajra tapasztalja a t\u00fcneteket. A kutat\u00f3k nemr\u00e9giben megtal\u00e1lt\u00e1k ennek ok\u00e1t. Megterhel\u0151, amikor a h\u00f3lyag \u201eindiszkr\u00e9tt\u00e9\u201c v\u00e1lik. Folyamatosan \u00e9rezhet\u0151 lesz, \u00e9s annak ellen\u00e9re, hogy szinte \u00fcres, vizel\u00e9si ingert jelez, cs\u00edp \u00e9s nyom, valamint a vizel\u00e9s is f\u00e1jdalmass\u00e1 v\u00e1lik. Igazi neh\u00e9zs\u00e9get azonban az jelent, amikor a h\u00f3lyaghurut \u00fajra \u00e9s [&hellip;]<\/p>\n","protected":false},"author":17,"featured_media":16147,"comment_status":"closed","ping_status":"closed","sticky":false,"template":"","format":"standard","meta":{"_acf_changed":false,"inline_featured_image":false,"footnotes":""},"categories":[107],"tags":[],"class_list":["post-16146","post","type-post","status-publish","format-standard","has-post-thumbnail","hentry","category-noi-egeszseg"],"acf":[],"rank_math":{"og:title":"Mit\u0151l alakul ki a visszat\u00e9r\u0151 h\u00f3lyaghurut? | OMNi-BiOTiC","og:desc":"Sz\u00e1mos h\u00f3lyaghurutban szenved\u0151 n\u0151 r\u00f6vid id\u0151 eltelt\u00e9vel \u00fajra megfert\u0151z\u0151dik. Ennek h\u00e1tter\u00e9ben a szervezet saj\u00e1t b\u00e9lbakt\u00e9riumai \u00e1llhatnak.","og:url":"https:\/\/www.omni-biotic.com\/hu-hu\/blog\/mitol-alakul-ki-a-visszatero-holyaghurut\/","og:locale":"hu_HU","og:image":"https:\/\/www.omni-biotic.com\/hu-hu\/wp-content\/uploads\/sites\/7\/2023\/06\/holyaggyulladas-300x235-1.png","og:image:width":"300","og:image:height":"235"},"additional_data":{"thumbnail":"https:\/\/www.omni-biotic.com\/hu-hu\/wp-content\/uploads\/sites\/7\/2023\/06\/holyaggyulladas-300x235-1.png"},"blog_info":{"country":"hu-hu"},"_links":{"self":[{"href":"https:\/\/www.omni-biotic.com\/hu-hu\/wp-json\/wp\/v2\/posts\/16146","targetHints":{"allow":["GET"]}}],"collection":[{"href":"https:\/\/www.omni-biotic.com\/hu-hu\/wp-json\/wp\/v2\/posts"}],"about":[{"href":"https:\/\/www.omni-biotic.com\/hu-hu\/wp-json\/wp\/v2\/types\/post"}],"author":[{"embeddable":true,"href":"https:\/\/www.omni-biotic.com\/hu-hu\/wp-json\/wp\/v2\/users\/17"}],"replies":[{"embeddable":true,"href":"https:\/\/www.omni-biotic.com\/hu-hu\/wp-json\/wp\/v2\/comments?post=16146"}],"version-history":[{"count":7,"href":"https:\/\/www.omni-biotic.com\/hu-hu\/wp-json\/wp\/v2\/posts\/16146\/revisions"}],"predecessor-version":[{"id":23497,"href":"https:\/\/www.omni-biotic.com\/hu-hu\/wp-json\/wp\/v2\/posts\/16146\/revisions\/23497"}],"wp:featuredmedia":[{"embeddable":true,"href":"https:\/\/www.omni-biotic.com\/hu-hu\/wp-json\/wp\/v2\/media\/16147"}],"wp:attachment":[{"href":"https:\/\/www.omni-biotic.com\/hu-hu\/wp-json\/wp\/v2\/media?parent=16146"}],"wp:term":[{"taxonomy":"category","embeddable":true,"href":"https:\/\/www.omni-biotic.com\/hu-hu\/wp-json\/wp\/v2\/categories?post=16146"},{"taxonomy":"post_tag","embeddable":true,"href":"https:\/\/www.omni-biotic.com\/hu-hu\/wp-json\/wp\/v2\/tags?post=16146"}],"curies":[{"name":"wp","href":"https:\/\/api.w.org\/{rel}","templated":true}]}}