{"id":16161,"date":"2021-10-12T07:27:18Z","date_gmt":"2021-10-12T05:27:18Z","guid":{"rendered":"https:\/\/www.omni-biotic.com\/hu-hu\/amikor-a-bel-mukoedese-tesz-depressziossa\/"},"modified":"2023-12-14T11:35:22Z","modified_gmt":"2023-12-14T10:35:22Z","slug":"amikor-a-bel-tesz-depressziossa","status":"publish","type":"post","link":"https:\/\/www.omni-biotic.com\/hu-hu\/blog\/amikor-a-bel-tesz-depressziossa\/","title":{"rendered":"Amikor a b\u00e9l depresszi\u00f3ss\u00e1 tesz"},"content":{"rendered":"\t\t<div data-elementor-type=\"wp-post\" data-elementor-id=\"16161\" class=\"elementor elementor-16161\" data-elementor-post-type=\"post\">\n\t\t\t\t<div class=\"elementor-element elementor-element-15c7094 obcs none e-flex e-con-boxed e-con e-parent\" data-id=\"15c7094\" data-element_type=\"container\">\n\t\t\t\t\t<div class=\"e-con-inner\">\n\t\t\t\t<div class=\"elementor-element elementor-element-832c226 elementor-widget elementor-widget-text-editor\" data-id=\"832c226\" data-element_type=\"widget\" data-widget_type=\"text-editor.default\">\n\t\t\t\t<div class=\"elementor-widget-container\">\n\t\t\t\t\t\t\t\t\t<h2><span style=\"color: #b6185c\">A pszich\u00e9 nemcsak a gyomorra van hat\u00e1ssal, hanem a belek is befoly\u00e1solj\u00e1k a hangulatot. A b\u00e9l-agy tengely m\u0171k\u00f6d\u00e9se szak\u00e9rt\u0151 magyar\u00e1zata alapj\u00e1n.<\/span><\/h2><p>Az em\u00e9szt\u00e9s a l\u00e9lek t\u00fckre, ezt tudjuk j\u00f3l. A <a href=\"https:\/\/www.omni-biotic.com\/hu-hu\/blog\/a-stressz-mellekhatasai\/\">stressz<\/a> gyomorg\u00f6rcs\u00f6t okoz vagy <a href=\"https:\/\/www.omni-biotic.com\/hu-hu\/submenus\/belpanaszok\/\">zavart<\/a> a rendszeres b\u00e9l\u00fcr\u00edt\u00e9s sor\u00e1n. A l\u00e9lek, mint a b\u00e9l t\u00fckre? Nem hangzik ismer\u0151sen, de ez a kutat\u00e1si ter\u00fclete Peter Holzer neurogasztroenterol\u00f3gusnak, aki Ausztria egyetlen ezzel kapcsolatos tansz\u00e9k\u00e9t vezeti a Grazi Orvosi Egyetemen.<\/p><p><img fetchpriority=\"high\" decoding=\"async\" class=\" wp-image-17283 img-fluid alignright\" src=\"https:\/\/www.omni-biotic.com\/hu-hu\/wp-content\/uploads\/sites\/7\/2023\/07\/omnibiotic-depresszio-300x200.png\" alt=\"omnibiotic, b\u00e9l-aagy tengely, depresszi\u00f3 ellen, probiotikum, gy\u00f3gyszer depresszi\u00f3 ellen\" width=\"356\" height=\"237\" title=\"\" srcset=\"https:\/\/www.omni-biotic.com\/hu-hu\/wp-content\/uploads\/sites\/7\/2023\/07\/omnibiotic-depresszio-300x200.png 300w, https:\/\/www.omni-biotic.com\/hu-hu\/wp-content\/uploads\/sites\/7\/2023\/07\/omnibiotic-depresszio.png 500w\" sizes=\"(max-width: 356px) 100vw, 356px\" \/><\/p><h3><a href=\"https:\/\/www.omni-biotic.com\/hu-hu\/a-belrendszer-egeszsege\/a-bel-az-egeszseg-kozpontja\/bel-agy-tengely\/\"><span style=\"color: #b6185c\">B\u00e9l-agy tengely<\/span><\/a><\/h3><p>\u201eAz agy \u00e9s a belek kommunik\u00e1lnak egym\u00e1ssal\u201d \u2013 magyar\u00e1zza Holzer \u2013 m\u00e9ghozz\u00e1 k\u00fcl\u00f6nb\u00f6z\u0151 csatorn\u00e1kon kereszt\u00fcl. Ily m\u00f3don a <a href=\"https:\/\/www.omni-biotic.com\/hu-hu\/a-belrendszer-egeszsege\/\">b\u00e9l<\/a> egyed\u00fcl\u00e1ll\u00f3, \u00f6sszetett idegrendszerk\u00e9nt m\u0171k\u00f6dik, egy \u201eagy a hasban\u201d, amely idegp\u00e1ly\u00e1kon kereszt\u00fcl kapcsol\u00f3dik a fejben tal\u00e1lhat\u00f3 agyhoz, \u00e9s inform\u00e1ci\u00f3t tov\u00e1bb\u00edt az alhasban t\u00f6rt\u00e9ntekr\u0151l. Ugyanakkor a b\u00e9l immunrendszer\u00e9nek h\u00edrviv\u0151 anyagai \u00e9s a b\u00e9lben \u00e9l\u0151 mikroorganizmusok hormonokon kereszt\u00fcl is kommunik\u00e1lnak.<\/p><p>De a folyamat nem mindig harmonikus. Bizonyos hormonok depressz\u00edv hangulatot v\u00e1lthatnak ki, valamint a b\u00e9lgyullad\u00e1s vagy a b\u00e9lfl\u00f3ra egyens\u00faly\u00e1nak felborul\u00e1sa ugyanilyen hat\u00e1s\u00fa lehet.<\/p><blockquote><p><em>\u201eAz agy \u00e9s a belek kommunik\u00e1lnak egym\u00e1ssal.\u201d<\/em><\/p><p><em>Dr. Peter Holzer, neurogasztroenterol\u00f3gus<\/em><\/p><\/blockquote><p>Az egyir\u00e1ny\u00fa utc\u00e1t \u2013 a <a href=\"https:\/\/www.omni-biotic.com\/hu-hu\/blog\/pszihobiotikum-es-mentalis-egeszseg\/\">pszich\u00e9<\/a> befoly\u00e1solja az em\u00e9szt\u00e9st \u2013 ma m\u00e1r k\u00e9ts\u00e1vos adatforgalomk\u00e9nt \u00e9rtelmezik. \u00c9s a k\u00f6vetkezm\u00e9nyek? Mivel a <a href=\"https:\/\/www.omni-biotic.com\/hu-hu\/a-belrendszer-egeszsege\/a-bel-az-egeszseg-kozpontja\/belflora\/\">b\u00e9lfl\u00f3ra<\/a> befoly\u00e1solhat\u00f3 az \u00e9trenddel, ha a j\u00f6v\u0151ben jobban meg\u00e9rtj\u00fck a <a href=\"https:\/\/www.omni-biotic.com\/hu-hu\/a-belrendszer-egeszsege\/a-bel-az-egeszseg-kozpontja\/belmikrobiom\/\">b\u00e9lmikrobiomot<\/a>, a ment\u00e1lis eg\u00e9szs\u00e9get m\u00e1r a megfelel\u0151 t\u00e1pl\u00e1lkoz\u00e1ssal is t\u00e1mogathatjuk.<\/p><p class=\"bodytext\">FORR\u00c1S: <span style=\"color: #b6185c\"><a style=\"color: #b6185c\" href=\"https:\/\/www.msn.com\/de-at\/lifestyle\/gesundheit\/wenn-der-darm-depressiv-macht\/ar-BBJLPqd?li=BBqg9qG\" target=\"_blank\" rel=\"noopener\">https:\/\/www.msn.com\/de-at\/lifestyle\/gesundheit\/wenn-der-darm-depressiv-macht\/ar-BBJLPqd?li=BBqg9qG<\/a><\/span><\/p>\t\t\t\t\t\t\t\t<\/div>\n\t\t\t\t<\/div>\n\t\t\t\t\t<\/div>\n\t\t\t\t<\/div>\n\t\t\t\t<\/div>\n\t\t","protected":false},"excerpt":{"rendered":"<p>A pszich\u00e9 nemcsak a gyomorra van hat\u00e1ssal, hanem a belek is befoly\u00e1solj\u00e1k a hangulatot. A b\u00e9l-agy tengely m\u0171k\u00f6d\u00e9se szak\u00e9rt\u0151 magyar\u00e1zata alapj\u00e1n. Az em\u00e9szt\u00e9s a l\u00e9lek t\u00fckre, ezt tudjuk j\u00f3l. A stressz gyomorg\u00f6rcs\u00f6t okoz vagy zavart a rendszeres b\u00e9l\u00fcr\u00edt\u00e9s sor\u00e1n. A l\u00e9lek, mint a b\u00e9l t\u00fckre? Nem hangzik ismer\u0151sen, de ez a kutat\u00e1si ter\u00fclete Peter Holzer [&hellip;]<\/p>\n","protected":false},"author":17,"featured_media":17283,"comment_status":"closed","ping_status":"closed","sticky":false,"template":"","format":"standard","meta":{"_acf_changed":false,"inline_featured_image":false,"footnotes":""},"categories":[114,109],"tags":[],"class_list":["post-16161","post","type-post","status-publish","format-standard","has-post-thumbnail","hentry","category-eletmod","category-ujdonsagok-a-kutatasban"],"acf":[],"rank_math":{"og:title":"Amikor a b\u00e9l depresszi\u00f3ss\u00e1 tesz - OMNi-BiOTiC\u00ae","og:desc":"A pszich\u00e9 nemcsak a gyomorra van hat\u00e1ssal, hanem a belek is befoly\u00e1solj\u00e1k a hangulatot. Fontos tudni a b\u00e9l-agy tengely m\u0171k\u00f6d\u00e9s\u00e9r\u0151l","og:url":"https:\/\/www.omni-biotic.com\/hu-hu\/blog\/amikor-a-bel-tesz-depressziossa\/","og:locale":"hu_HU","og:image":"https:\/\/www.omni-biotic.com\/hu-hu\/wp-content\/uploads\/sites\/7\/2023\/07\/omnibiotic-depresszio.png","og:image:width":"500","og:image:height":"333"},"additional_data":{"thumbnail":"https:\/\/www.omni-biotic.com\/hu-hu\/wp-content\/uploads\/sites\/7\/2023\/07\/omnibiotic-depresszio.png"},"blog_info":{"country":"hu-hu"},"_links":{"self":[{"href":"https:\/\/www.omni-biotic.com\/hu-hu\/wp-json\/wp\/v2\/posts\/16161","targetHints":{"allow":["GET"]}}],"collection":[{"href":"https:\/\/www.omni-biotic.com\/hu-hu\/wp-json\/wp\/v2\/posts"}],"about":[{"href":"https:\/\/www.omni-biotic.com\/hu-hu\/wp-json\/wp\/v2\/types\/post"}],"author":[{"embeddable":true,"href":"https:\/\/www.omni-biotic.com\/hu-hu\/wp-json\/wp\/v2\/users\/17"}],"replies":[{"embeddable":true,"href":"https:\/\/www.omni-biotic.com\/hu-hu\/wp-json\/wp\/v2\/comments?post=16161"}],"version-history":[{"count":7,"href":"https:\/\/www.omni-biotic.com\/hu-hu\/wp-json\/wp\/v2\/posts\/16161\/revisions"}],"predecessor-version":[{"id":20040,"href":"https:\/\/www.omni-biotic.com\/hu-hu\/wp-json\/wp\/v2\/posts\/16161\/revisions\/20040"}],"wp:featuredmedia":[{"embeddable":true,"href":"https:\/\/www.omni-biotic.com\/hu-hu\/wp-json\/wp\/v2\/media\/17283"}],"wp:attachment":[{"href":"https:\/\/www.omni-biotic.com\/hu-hu\/wp-json\/wp\/v2\/media?parent=16161"}],"wp:term":[{"taxonomy":"category","embeddable":true,"href":"https:\/\/www.omni-biotic.com\/hu-hu\/wp-json\/wp\/v2\/categories?post=16161"},{"taxonomy":"post_tag","embeddable":true,"href":"https:\/\/www.omni-biotic.com\/hu-hu\/wp-json\/wp\/v2\/tags?post=16161"}],"curies":[{"name":"wp","href":"https:\/\/api.w.org\/{rel}","templated":true}]}}