{"id":16163,"date":"2022-04-20T06:34:58Z","date_gmt":"2022-04-20T04:34:58Z","guid":{"rendered":"https:\/\/www.omni-biotic.com\/hu-hu\/bakterialis-vaginozis-es-huevelygomba-tuenetek-kezeles\/"},"modified":"2024-09-13T10:24:59Z","modified_gmt":"2024-09-13T08:24:59Z","slug":"bakterialis-vaginozis-es-huevelygomba-tuenetek-kezeles","status":"publish","type":"post","link":"https:\/\/www.omni-biotic.com\/hu-hu\/blog\/bakterialis-vaginozis-es-huevelygomba-tuenetek-kezeles\/","title":{"rendered":"Bakteri\u00e1lis vagin\u00f3zis \u00e9s h\u00fcvelygomba: t\u00fcnetek, kezel\u00e9s"},"content":{"rendered":"\t\t<div data-elementor-type=\"wp-post\" data-elementor-id=\"16163\" class=\"elementor elementor-16163\" data-elementor-post-type=\"post\">\n\t\t\t\t<div class=\"elementor-element elementor-element-a9fb062 obcs none e-flex e-con-boxed e-con e-parent\" data-id=\"a9fb062\" data-element_type=\"container\">\n\t\t\t\t\t<div class=\"e-con-inner\">\n\t\t\t\t<div class=\"elementor-element elementor-element-2a7e206 elementor-widget elementor-widget-text-editor\" data-id=\"2a7e206\" data-element_type=\"widget\" data-widget_type=\"text-editor.default\">\n\t\t\t\t<div class=\"elementor-widget-container\">\n\t\t\t\t\t\t\t\t\t<p><span style=\"color: #b6185c\"><em>Egy n\u0151 h\u00fcvely\u00e9ben, pontosabban a h\u00fcvelyh\u00e1mban \u00e1tlagosan k\u00f6bmilim\u00e9terenk\u00e9nt k\u00f6r\u00fclbel\u00fcl 2 milli\u00e1rd bakt\u00e9rium tal\u00e1lhat\u00f3. Legt\u00f6bbj\u00fck tiszta tejsavbakt\u00e9rium, amelyek a h\u00fcvelyben a savas pH-\u00e9rt\u00e9k fenntart\u00e1s\u00e1val v\u00e9d\u0151pajzsot k\u00e9peznek a k\u00e1ros mikroorganizmusok ellen \u00e9s fenntartj\u00e1k a h\u00fcvelyfl\u00f3ra egyens\u00faly\u00e1t. Mi is az a bakteri\u00e1lis vagin\u00f3zis?<\/em><\/span><\/p>\t\t\t\t\t\t\t\t<\/div>\n\t\t\t\t<\/div>\n\t\t\t\t\t<\/div>\n\t\t\t\t<\/div>\n\t\t<div class=\"elementor-element elementor-element-95b3161 obcs none e-flex e-con-boxed e-con e-parent\" data-id=\"95b3161\" data-element_type=\"container\">\n\t\t\t\t\t<div class=\"e-con-inner\">\n\t\t\t\t<div class=\"elementor-element elementor-element-23550e0 elementor-widget elementor-widget-heading\" data-id=\"23550e0\" data-element_type=\"widget\" data-widget_type=\"heading.default\">\n\t\t\t\t<div class=\"elementor-widget-container\">\n\t\t\t\t\t<h2 class=\"elementor-heading-title elementor-size-default\">Mit \u00e9rt\u00fcnk a h\u00fcvelyfl\u00f3ra egyens\u00falya alatt?<\/h2>\t\t\t\t<\/div>\n\t\t\t\t<\/div>\n\t\t\t\t\t<\/div>\n\t\t\t\t<\/div>\n\t\t<div class=\"elementor-element elementor-element-5de7bb7 obcs none e-flex e-con-boxed e-con e-parent\" data-id=\"5de7bb7\" data-element_type=\"container\">\n\t\t\t\t\t<div class=\"e-con-inner\">\n\t\t\t\t<div class=\"elementor-element elementor-element-c10df55 elementor-widget elementor-widget-text-editor\" data-id=\"c10df55\" data-element_type=\"widget\" data-widget_type=\"text-editor.default\">\n\t\t\t\t<div class=\"elementor-widget-container\">\n\t\t\t\t\t\t\t\t\t<p>Az egyens\u00faly alatt a <strong><a href=\"https:\/\/www.omni-biotic.com\/hu-hu\/blog\/huevelyflora-es-huvelyszarazsag\/\">h\u00fcvely<\/a> eg\u00e9szs\u00e9ges koloniz\u00e1ci\u00f3j\u00e1t<\/strong> \u00e9rtj\u00fck. A h\u00fcvelyi ter\u00fcletet t\u00falnyom\u00f3r\u00e9szt hasznos <strong>tejsavbakt\u00e9riumok<\/strong> koloniz\u00e1lj\u00e1k, amelyek a nem k\u00edv\u00e1nt k\u00e1ros cs\u00edr\u00e1kat kord\u00e1ban tartj\u00e1k. A tejsavbakt\u00e9riumok szab\u00e1lyozz\u00e1k a pH-\u00e9rt\u00e9ket, amely eg\u00e9szs\u00e9ges h\u00fcvely eset\u00e9n a 3,8 \u2013 4,4 k\u00f6z\u00f6tti savas tartom\u00e1nyban van. A pH-\u00e9rt\u00e9k v\u00e1ltoz\u00e1sa optim\u00e1lis <strong>\u00e9letk\u00f6r\u00fclm\u00e9nyeket<\/strong> teremt a <span style=\"color: #b6185c\"><strong>k\u00e1ros gomb\u00e1k<\/strong><\/span> \u00e9s cs\u00edr\u00e1k sz\u00e1m\u00e1ra, ezzel egyidej\u0171leg a hasznos <em>laktobacillusok<\/em> sz\u00e1ma is cs\u00f6kken. \u00cdgy egyens\u00falyhi\u00e1ny (diszbi\u00f3zis) l\u00e9p fel, \u00e9s a h\u00fcvely elvesz\u00edti v\u00e9dekez\u0151k\u00e9pess\u00e9g\u00e9t. A k\u00f3rokoz\u00f3 bakt\u00e9riumok elszaporodhatnak \u00e9s t\u00f6bbek k\u00f6z\u00f6tt <strong>bakteri\u00e1lis vagin\u00f3zist<\/strong> vagy <strong>h\u00fcvelygomb\u00e1t<\/strong> okozhatnak.<\/p>\t\t\t\t\t\t\t\t<\/div>\n\t\t\t\t<\/div>\n\t\t\t\t<div class=\"elementor-element elementor-element-9e47cdb elementor-widget elementor-widget-image\" data-id=\"9e47cdb\" data-element_type=\"widget\" data-widget_type=\"image.default\">\n\t\t\t\t<div class=\"elementor-widget-container\">\n\t\t\t\t\t\t\t\t\t\t\t\t\t\t\t<img fetchpriority=\"high\" decoding=\"async\" width=\"800\" height=\"487\" src=\"https:\/\/www.omni-biotic.com\/hu-hu\/wp-content\/uploads\/sites\/7\/2022\/04\/bakterialis_vaginozis_huvelygomba.png\" class=\"attachment-large size-large wp-image-21418\" alt=\"h\u00fcvelysz\u00e1razs\u00e1g kezel\u00e9se, h\u00fcvelysz\u00e1razs\u00e1g ellen, f\u00e1jdalmas egy\u00fcttl\u00e9t, h\u00fcvelysz\u00e1razs\u00e1g oka, n\u0151i probiotikum, menstru\u00e1ci\u00f3s ciklus, h\u00fcvelysz\u00e1razs\u00e1g kezel\u00e9se otthon, h\u00fcvelyfl\u00f3ra, h\u00fcvelyi mycosis, bakteri\u00e1lis vagin\u00f3zis, h\u00fcvelyfert\u0151z\u00e9s\" srcset=\"https:\/\/www.omni-biotic.com\/hu-hu\/wp-content\/uploads\/sites\/7\/2022\/04\/bakterialis_vaginozis_huvelygomba.png 1024w, https:\/\/www.omni-biotic.com\/hu-hu\/wp-content\/uploads\/sites\/7\/2022\/04\/bakterialis_vaginozis_huvelygomba-300x183.png 300w, https:\/\/www.omni-biotic.com\/hu-hu\/wp-content\/uploads\/sites\/7\/2022\/04\/bakterialis_vaginozis_huvelygomba-768x467.png 768w\" sizes=\"(max-width: 800px) 100vw, 800px\" title=\"\">\t\t\t\t\t\t\t\t\t\t\t\t\t\t\t<\/div>\n\t\t\t\t<\/div>\n\t\t\t\t\t<\/div>\n\t\t\t\t<\/div>\n\t\t<div class=\"elementor-element elementor-element-822e7ee obcs none e-flex e-con-boxed e-con e-parent\" data-id=\"822e7ee\" data-element_type=\"container\">\n\t\t\t\t\t<div class=\"e-con-inner\">\n\t\t\t\t<div class=\"elementor-element elementor-element-c3fc05b elementor-widget elementor-widget-heading\" data-id=\"c3fc05b\" data-element_type=\"widget\" data-widget_type=\"heading.default\">\n\t\t\t\t<div class=\"elementor-widget-container\">\n\t\t\t\t\t<h2 class=\"elementor-heading-title elementor-size-default\">Mi a k\u00fcl\u00f6nbs\u00e9g a bakteri\u00e1lis vagin\u00f3zis \u00e9s a h\u00fcvelygomba k\u00f6z\u00f6tt?<\/h2>\t\t\t\t<\/div>\n\t\t\t\t<\/div>\n\t\t\t\t\t<\/div>\n\t\t\t\t<\/div>\n\t\t<div class=\"elementor-element elementor-element-b5edbfd obcs none e-flex e-con-boxed e-con e-parent\" data-id=\"b5edbfd\" data-element_type=\"container\">\n\t\t\t\t\t<div class=\"e-con-inner\">\n\t\t\t\t<div class=\"elementor-element elementor-element-f534d2e elementor-widget elementor-widget-text-editor\" data-id=\"f534d2e\" data-element_type=\"widget\" data-widget_type=\"text-editor.default\">\n\t\t\t\t<div class=\"elementor-widget-container\">\n\t\t\t\t\t\t\t\t\t<p>A<b> k\u00fcl\u00f6nbs\u00e9g nagy<\/b>: A h\u00fcvelygomba az egy <strong>fert\u0151z\u0151 betegs\u00e9g<\/strong>, a <strong>bakteri\u00e1lis vagin\u00f3zis<\/strong> pedig a term\u00e9szetes <strong>bakteri\u00e1lis koloniz\u00e1ci\u00f3<\/strong> <strong>zavara<\/strong>. A <a href=\"https:\/\/www.omni-biotic.com\/hu-hu\/blog\/belbakteriumok-fajtai-es-szerepe\/\"><strong>bakt\u00e9riumok <\/strong><\/a>olyan \u00e9l\u0151l\u00e9nyek, melyek \u00f6nmagukban is k\u00e9pesek az \u00e9letben marad\u00e1sra. A <strong>gomb\u00e1knak<\/strong> viszont gazdasejtre van sz\u00fcks\u00e9g\u00fck a szaporod\u00e1shoz \u00e9s a t\u00fal\u00e9l\u00e9shez. Ahogy a neve is mutatja, a bakteri\u00e1lis vagin\u00f3zist bakt\u00e9riumok, a h\u00fcvelygomb\u00e1t pedig gomb\u00e1k okozz\u00e1k. Mindk\u00e9t betegs\u00e9g kialakulhat, ha a <a href=\"https:\/\/www.omni-biotic.com\/hu-hu\/a-belrendszer-egeszsege\/a-bel-hataskore\/huvelyflora\/\"><strong>h\u00fcvelyfl\u00f3ra<\/strong> <\/a>zavart, \u00e9s nem \u00e1ll rendelkez\u00e9sre elegend\u0151 \u201ej\u00f3\u201d bakt\u00e9rium.<\/p>\t\t\t\t\t\t\t\t<\/div>\n\t\t\t\t<\/div>\n\t\t\t\t\t<\/div>\n\t\t\t\t<\/div>\n\t\t<div class=\"elementor-element elementor-element-4a270d6 obcs none e-flex e-con-boxed e-con e-parent\" data-id=\"4a270d6\" data-element_type=\"container\">\n\t\t\t\t\t<div class=\"e-con-inner\">\n\t\t\t\t<div class=\"elementor-element elementor-element-c77ca02 elementor-widget elementor-widget-heading\" data-id=\"c77ca02\" data-element_type=\"widget\" data-widget_type=\"heading.default\">\n\t\t\t\t<div class=\"elementor-widget-container\">\n\t\t\t\t\t<h4 class=\"elementor-heading-title elementor-size-default\">Bakteri\u00e1lis vagin\u00f3zis<\/h4>\t\t\t\t<\/div>\n\t\t\t\t<\/div>\n\t\t\t\t\t<\/div>\n\t\t\t\t<\/div>\n\t\t<div class=\"elementor-element elementor-element-db3df30 obcs none e-flex e-con-boxed e-con e-parent\" data-id=\"db3df30\" data-element_type=\"container\">\n\t\t\t\t\t<div class=\"e-con-inner\">\n\t\t\t\t<div class=\"elementor-element elementor-element-c41cf69 elementor-widget elementor-widget-text-editor\" data-id=\"c41cf69\" data-element_type=\"widget\" data-widget_type=\"text-editor.default\">\n\t\t\t\t<div class=\"elementor-widget-container\">\n\t\t\t\t\t\t\t\t\t<p>Ha a h\u00fcvely <strong>pH-\u00e9rt\u00e9ke<\/strong> zavart, vagyis nem az optim\u00e1lis savas tartom\u00e1nyban van, akkor a <strong>k\u00e1ros bakt\u00e9riumok<\/strong> behatolhatnak \u00e9s k\u00f6nnyed\u00e9n elszaporodhatnak. A rossz bakt\u00e9riumok, p\u00e9ld\u00e1ul a<em><strong> Gardnerella vaginalis<\/strong><\/em>, a bakteri\u00e1lis vagin\u00f3zis f\u0151 k\u00f3rokoz\u00f3j\u00e1nak t\u00falszaporod\u00e1sa miatt a <strong>tejsavbakt\u00e9riumok<\/strong> kiszorulnak, melynek k\u00f6vetkezt\u00e9ben m\u00e1s k\u00f3rokoz\u00f3k is akad\u00e1lytalanul elterjedhetnek a h\u00fcvelyben. Ennek el\u0151fordul\u00e1sa eset\u00e9n kellemetlen \u00e9rz\u00e9st tapasztalhatunk a nemi ter\u00fcleteken. A bakteri\u00e1lis vagin\u00f3zis tipikus t\u00fcnetei a <strong>viszket\u00e9s<\/strong> \u00e9s a<strong> halszag\u00fa, h\u00edg, feh\u00e9res-sz\u00fcrke v\u00e1lad\u00e9k <\/strong>megjelen\u00e9se. Az eml\u00edtett kellemetlen szagot aminok okozz\u00e1k, melyek a <em>Gardnerella<\/em> k\u00f3rokoz\u00f3k feh\u00e9rj\u00e9k lebont\u00e1sakor keletkeznek.<\/p>\t\t\t\t\t\t\t\t<\/div>\n\t\t\t\t<\/div>\n\t\t\t\t\t<\/div>\n\t\t\t\t<\/div>\n\t\t<div class=\"elementor-element elementor-element-074dc85 obcs none e-flex e-con-boxed e-con e-parent\" data-id=\"074dc85\" data-element_type=\"container\">\n\t\t\t\t\t<div class=\"e-con-inner\">\n\t\t\t\t<div class=\"elementor-element elementor-element-b6b3a2e elementor-widget elementor-widget-heading\" data-id=\"b6b3a2e\" data-element_type=\"widget\" data-widget_type=\"heading.default\">\n\t\t\t\t<div class=\"elementor-widget-container\">\n\t\t\t\t\t<h4 class=\"elementor-heading-title elementor-size-default\">H\u00fcvelygomba<\/h4>\t\t\t\t<\/div>\n\t\t\t\t<\/div>\n\t\t\t\t\t<\/div>\n\t\t\t\t<\/div>\n\t\t<div class=\"elementor-element elementor-element-1b6ee6d obcs none e-flex e-con-boxed e-con e-parent\" data-id=\"1b6ee6d\" data-element_type=\"container\">\n\t\t\t\t\t<div class=\"e-con-inner\">\n\t\t\t\t<div class=\"elementor-element elementor-element-023dab0 elementor-widget elementor-widget-text-editor\" data-id=\"023dab0\" data-element_type=\"widget\" data-widget_type=\"text-editor.default\">\n\t\t\t\t<div class=\"elementor-widget-container\">\n\t\t\t\t\t\t\t\t\t<p>A h\u00fcvelygomba, vagy m\u00e1s n\u00e9ven <strong>h\u00fcvelyi mycosis<\/strong>, az egyik leggyakoribb <strong>gomb\u00e1s fert\u0151z\u00e9s<\/strong> a n\u0151kn\u00e9l. \u00c9leszt\u0151 gomb\u00e1k, ezek k\u00f6z\u00f6tt is k\u00fcl\u00f6n\u00f6sen a <em><span style=\"color: #b6185c\"><strong>Candida albicans<\/strong><\/span><\/em> okozza. Becsl\u00e9sek szerint n\u00e9gyb\u0151l h\u00e1rom n\u0151n\u00e9l \u00e9let\u00fck sor\u00e1n legal\u00e1bb egyszer kialakul h\u00fcvelygomba. A fert\u0151z\u00e9s sor\u00e1n jelentkez\u0151 gyakori t\u00fcnetek: <strong>viszket\u00e9s<\/strong>, <strong>\u00e9g\u0151 \u00e9rz\u00e9s<\/strong> a h\u00fcvelyben, <strong>fokozott<\/strong>, <strong>feh\u00e9res-s\u00e1rg\u00e1s morzsal\u00e9kos foly\u00e1s<\/strong> \u00e9s<strong><a href=\"https:\/\/www.omni-biotic.com\/hu-hu\/blog\/huevelyflora-es-szex-hogyan-fueggnek-oessz\/\"> f\u00e1jdalom az egy\u00fcttl\u00e9t sor\u00e1n<\/a><\/strong>. Esetenk\u00e9nt a <strong>h\u00fagycs\u0151<\/strong> is \u00e9rintett, ilyenkor a <a href=\"https:\/\/www.omni-biotic.com\/hu-hu\/blog\/hugyuti-fertozes-az-e-coli-szorosan-tapad-a-felueletekhez\/\"><strong>vizelet\u00fcr\u00edt\u00e9s is f\u00e1jdalmas<\/strong><\/a> lehet. A bakteri\u00e1lis vagin\u00f3zissal ellent\u00e9tben a <em>laktobacillusok<\/em> (tejsavbakt\u00e9riumok) sz\u00e1ma ez esetben nem cs\u00f6kken, a v\u00e1lad\u00e9knak nincsen hal szaga, hanem olyan, mint norm\u00e1l esetben.<\/p>\t\t\t\t\t\t\t\t<\/div>\n\t\t\t\t<\/div>\n\t\t\t\t\t<\/div>\n\t\t\t\t<\/div>\n\t\t<div class=\"elementor-element elementor-element-fff8fac obcs none e-flex e-con-boxed e-con e-parent\" data-id=\"fff8fac\" data-element_type=\"container\">\n\t\t\t\t\t<div class=\"e-con-inner\">\n\t\t\t\t<div class=\"elementor-element elementor-element-a1cdf08 elementor-widget elementor-widget-heading\" data-id=\"a1cdf08\" data-element_type=\"widget\" data-widget_type=\"heading.default\">\n\t\t\t\t<div class=\"elementor-widget-container\">\n\t\t\t\t\t<h2 class=\"elementor-heading-title elementor-size-default\">A bakteri\u00e1lis vagin\u00f3zis \u00e9s a h\u00fcvelygomba t\u00fcnetei<\/h2>\t\t\t\t<\/div>\n\t\t\t\t<\/div>\n\t\t\t\t\t<\/div>\n\t\t\t\t<\/div>\n\t\t<div class=\"elementor-element elementor-element-0a907f6 obcs none e-flex e-con-boxed e-con e-parent\" data-id=\"0a907f6\" data-element_type=\"container\">\n\t\t\t\t\t<div class=\"e-con-inner\">\n\t\t\t\t<div class=\"elementor-element elementor-element-23d9403 elementor-widget elementor-widget-heading\" data-id=\"23d9403\" data-element_type=\"widget\" data-widget_type=\"heading.default\">\n\t\t\t\t<div class=\"elementor-widget-container\">\n\t\t\t\t\t<h4 class=\"elementor-heading-title elementor-size-default\">Bakteri\u00e1lis vagin\u00f3zis<\/h4>\t\t\t\t<\/div>\n\t\t\t\t<\/div>\n\t\t\t\t\t<\/div>\n\t\t\t\t<\/div>\n\t\t<div class=\"elementor-element elementor-element-e19e56b obcs none e-flex e-con-boxed e-con e-parent\" data-id=\"e19e56b\" data-element_type=\"container\">\n\t\t\t\t\t<div class=\"e-con-inner\">\n\t\t\t\t<div class=\"elementor-element elementor-element-9ace5f3 elementor-widget elementor-widget-text-editor\" data-id=\"9ace5f3\" data-element_type=\"widget\" data-widget_type=\"text-editor.default\">\n\t\t\t\t<div class=\"elementor-widget-container\">\n\t\t\t\t\t\t\t\t\t<ul><li>Halszag\u00fa foly\u00e1s<\/li><li>Feh\u00e9r-sz\u00fcrk\u00e9s, h\u00edg foly\u00e1s<\/li><li>A t\u00fcnetek s\u00falyosbod\u00e1sa szexu\u00e1lis egy\u00fcttl\u00e9t ut\u00e1n<\/li><li>Nincs duzzanat<\/li><li>Nincs kipirosod\u00e1s<\/li><li>Bakt\u00e9riumok: <em>Gardnerella Vagnalis<\/em><\/li><\/ul>\t\t\t\t\t\t\t\t<\/div>\n\t\t\t\t<\/div>\n\t\t\t\t\t<\/div>\n\t\t\t\t<\/div>\n\t\t<div class=\"elementor-element elementor-element-b7b0299 obcs none e-flex e-con-boxed e-con e-parent\" data-id=\"b7b0299\" data-element_type=\"container\">\n\t\t\t\t\t<div class=\"e-con-inner\">\n\t\t\t\t<div class=\"elementor-element elementor-element-5f5c3bb elementor-widget elementor-widget-heading\" data-id=\"5f5c3bb\" data-element_type=\"widget\" data-widget_type=\"heading.default\">\n\t\t\t\t<div class=\"elementor-widget-container\">\n\t\t\t\t\t<h4 class=\"elementor-heading-title elementor-size-default\">H\u00fcvelygomba<\/h4>\t\t\t\t<\/div>\n\t\t\t\t<\/div>\n\t\t\t\t\t<\/div>\n\t\t\t\t<\/div>\n\t\t<div class=\"elementor-element elementor-element-6931a60 obcs none e-flex e-con-boxed e-con e-parent\" data-id=\"6931a60\" data-element_type=\"container\">\n\t\t\t\t\t<div class=\"e-con-inner\">\n\t\t\t\t<div class=\"elementor-element elementor-element-2890532 elementor-widget elementor-widget-text-editor\" data-id=\"2890532\" data-element_type=\"widget\" data-widget_type=\"text-editor.default\">\n\t\t\t\t<div class=\"elementor-widget-container\">\n\t\t\t\t\t\t\t\t\t<ul><li>Norm\u00e1l szag<\/li><li>Feh\u00e9res-s\u00e1rg\u00e1s, morzsal\u00e9kos foly\u00e1s<\/li><li>F\u00e1jdalmas szexu\u00e1lis egy\u00fcttl\u00e9t<\/li><li>A szem\u00e9remajkak duzzanata<\/li><li>A h\u00fcvely kipirosodik<\/li><li>\u00c9leszt\u0151gomba: <em>Candida albicans<\/em><\/li><\/ul>\t\t\t\t\t\t\t\t<\/div>\n\t\t\t\t<\/div>\n\t\t\t\t\t<\/div>\n\t\t\t\t<\/div>\n\t\t<div class=\"elementor-element elementor-element-4f5f2f6 obcs none e-flex e-con-boxed e-con e-parent\" data-id=\"4f5f2f6\" data-element_type=\"container\">\n\t\t\t\t\t<div class=\"e-con-inner\">\n\t\t\t\t<div class=\"elementor-element elementor-element-ea5e5ff elementor-widget elementor-widget-image\" data-id=\"ea5e5ff\" data-element_type=\"widget\" data-widget_type=\"image.default\">\n\t\t\t\t<div class=\"elementor-widget-container\">\n\t\t\t\t\t\t\t\t\t\t\t\t\t\t\t<img decoding=\"async\" width=\"800\" height=\"327\" src=\"https:\/\/www.omni-biotic.com\/hu-hu\/wp-content\/uploads\/sites\/7\/2022\/04\/bakterialis_huvelyfertozes.png\" class=\"attachment-large size-large wp-image-21419\" alt=\"h\u00fcvelysz\u00e1razs\u00e1g kezel\u00e9se, h\u00fcvelysz\u00e1razs\u00e1g ellen, f\u00e1jdalmas egy\u00fcttl\u00e9t, h\u00fcvelysz\u00e1razs\u00e1g oka, n\u0151i probiotikum, menstru\u00e1ci\u00f3s ciklus, h\u00fcvelysz\u00e1razs\u00e1g kezel\u00e9se otthon, h\u00fcvelyfl\u00f3ra, h\u00fcvelyi mycosis, bakteri\u00e1lis vagin\u00f3zis, h\u00fcvelyfert\u0151z\u00e9s\" srcset=\"https:\/\/www.omni-biotic.com\/hu-hu\/wp-content\/uploads\/sites\/7\/2022\/04\/bakterialis_huvelyfertozes.png 1024w, https:\/\/www.omni-biotic.com\/hu-hu\/wp-content\/uploads\/sites\/7\/2022\/04\/bakterialis_huvelyfertozes-300x122.png 300w, https:\/\/www.omni-biotic.com\/hu-hu\/wp-content\/uploads\/sites\/7\/2022\/04\/bakterialis_huvelyfertozes-768x314.png 768w\" sizes=\"(max-width: 800px) 100vw, 800px\" title=\"\">\t\t\t\t\t\t\t\t\t\t\t\t\t\t\t<\/div>\n\t\t\t\t<\/div>\n\t\t\t\t<div class=\"elementor-element elementor-element-690f1f0 elementor-widget elementor-widget-heading\" data-id=\"690f1f0\" data-element_type=\"widget\" data-widget_type=\"heading.default\">\n\t\t\t\t<div class=\"elementor-widget-container\">\n\t\t\t\t\t<h2 class=\"elementor-heading-title elementor-size-default\">A h\u00fcvelyfl\u00f3ra egyens\u00falyhi\u00e1ny\u00e1nak okai<\/h2>\t\t\t\t<\/div>\n\t\t\t\t<\/div>\n\t\t\t\t\t<\/div>\n\t\t\t\t<\/div>\n\t\t<div class=\"elementor-element elementor-element-4c551ea obcs none e-flex e-con-boxed e-con e-parent\" data-id=\"4c551ea\" data-element_type=\"container\">\n\t\t\t\t\t<div class=\"e-con-inner\">\n\t\t\t\t<div class=\"elementor-element elementor-element-7b9e382 elementor-widget elementor-widget-text-editor\" data-id=\"7b9e382\" data-element_type=\"widget\" data-widget_type=\"text-editor.default\">\n\t\t\t\t<div class=\"elementor-widget-container\">\n\t\t\t\t\t\t\t\t\t<p>A <strong><a href=\"https:\/\/www.omni-biotic.com\/hu-hu\/blog\/huevelyflora-es-huvelyszarazsag\/\">h\u00fcvelyfl\u00f3ra<\/a> egyens\u00falyhi\u00e1ny\u00e1nak<\/strong> sz\u00e1mos oka van. A h\u00fcvely\u00fcnk nem cs\u00edramentes, hanem term\u00e9szetesen el\u0151fordul\u00f3, <strong>j\u00f3t\u00e9kony bakt\u00e9riumok<\/strong> lakj\u00e1k. A h\u00fcvelyny\u00e1lkah\u00e1rty\u00e1nak f\u0151 lak\u00f3i a <em>laktobacillusok<\/em>, melyek a h\u00fcvely sejtjeib\u0151l sz\u00e1rmaz\u00f3 <strong>cukrot<\/strong> tejsavv\u00e1 alak\u00edtj\u00e1k \u00e1t, mely hat\u00e1sra <strong>savas k\u00f6rnyezet<\/strong> j\u00f6n l\u00e9tre. Ebben a savas k\u00f6rnyezetben (pH-\u00e9rt\u00e9k 3,8 \u00e9s 4,4 k\u00f6z\u00f6tt) a k\u00f3rokoz\u00f3 cs\u00edr\u00e1k csak nehezen tudnak elszaporodni. Gyakran igen neh\u00e9z meghat\u00e1rozni, mi\u00e9rt alakul ki a h\u00fcvelyfl\u00f3ra <strong>egyens\u00falyhi\u00e1nya<\/strong>. M\u00e9gis vannak olyan okok, melyek ebben szerepet j\u00e1tszhatnak.<\/p>\t\t\t\t\t\t\t\t<\/div>\n\t\t\t\t<\/div>\n\t\t\t\t\t<\/div>\n\t\t\t\t<\/div>\n\t\t<div class=\"elementor-element elementor-element-0e6c95f obcs none e-flex e-con-boxed e-con e-parent\" data-id=\"0e6c95f\" data-element_type=\"container\">\n\t\t\t\t\t<div class=\"e-con-inner\">\n\t\t\t\t<div class=\"elementor-element elementor-element-4a9ea3d elementor-widget elementor-widget-heading\" data-id=\"4a9ea3d\" data-element_type=\"widget\" data-widget_type=\"heading.default\">\n\t\t\t\t<div class=\"elementor-widget-container\">\n\t\t\t\t\t<h4 class=\"elementor-heading-title elementor-size-default\">A hormon\u00e1lis v\u00e1ltoz\u00e1sok hat\u00e1sa?<\/h4>\t\t\t\t<\/div>\n\t\t\t\t<\/div>\n\t\t\t\t\t<\/div>\n\t\t\t\t<\/div>\n\t\t<div class=\"elementor-element elementor-element-c053a64 obcs none e-flex e-con-boxed e-con e-parent\" data-id=\"c053a64\" data-element_type=\"container\">\n\t\t\t\t\t<div class=\"e-con-inner\">\n\t\t\t\t<div class=\"elementor-element elementor-element-bf9466a elementor-widget elementor-widget-text-editor\" data-id=\"bf9466a\" data-element_type=\"widget\" data-widget_type=\"text-editor.default\">\n\t\t\t\t<div class=\"elementor-widget-container\">\n\t\t\t\t\t\t\t\t\t<p><a href=\"https:\/\/www.omni-biotic.com\/hu-hu\/blog\/belbakteriumok-es-hormonok\/\"><span style=\"color: #b6185c\"><strong>Hormon\u00e1lis v\u00e1ltoz\u00e1sok<\/strong><\/span><\/a> gyakran okozz\u00e1k a <a href=\"https:\/\/www.omni-biotic.com\/hu-hu\/blog\/mitol-alakul-ki-a-visszatero-huevelyfertozes-omni-biotic-hu\/\"><strong>h\u00fcvelyfl\u00f3ra<\/strong> <\/a>egyens\u00falyhi\u00e1ny\u00e1t. Az \u00f6sztrog\u00e9n egy fontos hormon, amely meghat\u00e1rozza a h\u00fcvelyben l\u00e9v\u0151 <em>laktobacillusok<\/em> sz\u00e1m\u00e1t. Alacsony h\u00fcvelyi <strong>\u00f6sztrog\u00e9nszint<\/strong> eset\u00e9n \u2013 p\u00e9ld\u00e1ul a menstru\u00e1ci\u00f3 alatt \u00e9s ut\u00e1n \u2013 a tejsavbakt\u00e9riumok sz\u00e1ma is cs\u00f6kkent mennyis\u00e9get mutat. Hormon\u00e1lis <a href=\"https:\/\/www.omni-biotic.com\/hu-hu\/blog\/fogamzasgatlok-es-huevelyflora\/\"><strong>fogamz\u00e1sg\u00e1tl\u00f3k<\/strong><\/a>\u00a0szint\u00e9n el\u0151seg\u00edthetik az egyens\u00falyhi\u00e1ny kialakul\u00e1s\u00e1t a nemi ter\u00fcleten.<\/p>\t\t\t\t\t\t\t\t<\/div>\n\t\t\t\t<\/div>\n\t\t\t\t\t<\/div>\n\t\t\t\t<\/div>\n\t\t<div class=\"elementor-element elementor-element-ada6ee7 obcs none e-flex e-con-boxed e-con e-parent\" data-id=\"ada6ee7\" data-element_type=\"container\">\n\t\t\t\t\t<div class=\"e-con-inner\">\n\t\t\t\t<div class=\"elementor-element elementor-element-48e8064 elementor-widget elementor-widget-heading\" data-id=\"48e8064\" data-element_type=\"widget\" data-widget_type=\"heading.default\">\n\t\t\t\t<div class=\"elementor-widget-container\">\n\t\t\t\t\t<h4 class=\"elementor-heading-title elementor-size-default\">Az antibiotikumok elpuszt\u00edtj\u00e1k a j\u00f3t\u00e9kony bakt\u00e9riumokat?<\/h4>\t\t\t\t<\/div>\n\t\t\t\t<\/div>\n\t\t\t\t\t<\/div>\n\t\t\t\t<\/div>\n\t\t<div class=\"elementor-element elementor-element-483da38 obcs none e-flex e-con-boxed e-con e-parent\" data-id=\"483da38\" data-element_type=\"container\">\n\t\t\t\t\t<div class=\"e-con-inner\">\n\t\t\t\t<div class=\"elementor-element elementor-element-3ad136a elementor-widget elementor-widget-text-editor\" data-id=\"3ad136a\" data-element_type=\"widget\" data-widget_type=\"text-editor.default\">\n\t\t\t\t<div class=\"elementor-widget-container\">\n\t\t\t\t\t\t\t\t\t<p>Egyes klinikai k\u00f3rk\u00e9pek eset\u00e9n elengedhetetlen <a href=\"https:\/\/www.omni-biotic.com\/hu-hu\/blog\/hasmenes-es-antibiotikum\/\"><strong>antibiotikumok<\/strong> <\/a>alkalmaz\u00e1sa. Mivel azonban ezek a szervezet eg\u00e9szs\u00e9ges \u00e9s hasznos cs\u00edr\u00e1it is elpuszt\u00edtj\u00e1k, k\u00e1rosak a <strong><a href=\"https:\/\/www.omni-biotic.com\/hu-hu\/a-belrendszer-egeszsege\/a-bel-az-egeszseg-kozpontja\/belflora\/\">b\u00e9lfl\u00f3ra<\/a> \u00e9s <a href=\"https:\/\/www.omni-biotic.com\/hu-hu\/blog\/huvelyszarazsag-tunetei-okai-kezelesi-lehetosegei\/\">h\u00fcvelyfl\u00f3ra<\/a><\/strong> sz\u00e1m\u00e1ra. Ez\u00e9rt az antibiotikum-ter\u00e1pia ut\u00e1n mindig aj\u00e1nlott a <a href=\"https:\/\/www.omni-biotic.com\/hu-hu\/a-belrendszer-egeszsege\/a-bel-az-egeszseg-kozpontja\/belmikrobiom\/\"><span style=\"color: #b6185c\"><strong>b\u00e9lfl\u00f3ra<\/strong><\/span><\/a>, \u00e9s a h\u00fcvelyfl\u00f3ra helyre\u00e1ll\u00edt\u00e1sa <a href=\"https:\/\/shop.omni-biotic.com\/hu-hu\/products\/omni-biotic-flora-plus-int-99106\"><span style=\"color: #b6185c\"><strong>probiotikumokkal<\/strong><\/span><\/a>.<\/p>\t\t\t\t\t\t\t\t<\/div>\n\t\t\t\t<\/div>\n\t\t\t\t\t<\/div>\n\t\t\t\t<\/div>\n\t\t<div class=\"elementor-element elementor-element-0c3e9a2 obcs none e-flex e-con-boxed e-con e-parent\" data-id=\"0c3e9a2\" data-element_type=\"container\">\n\t\t\t\t\t<div class=\"e-con-inner\">\n\t\t\t\t<div class=\"elementor-element elementor-element-889ffda elementor-widget elementor-widget-heading\" data-id=\"889ffda\" data-element_type=\"widget\" data-widget_type=\"heading.default\">\n\t\t\t\t<div class=\"elementor-widget-container\">\n\t\t\t\t\t<h4 class=\"elementor-heading-title elementor-size-default\">A t\u00falzott higi\u00e9nia befoly\u00e1solja a h\u00fcvelyi pH-t<\/h4>\t\t\t\t<\/div>\n\t\t\t\t<\/div>\n\t\t\t\t\t<\/div>\n\t\t\t\t<\/div>\n\t\t<div class=\"elementor-element elementor-element-08a8088 obcs none e-flex e-con-boxed e-con e-parent\" data-id=\"08a8088\" data-element_type=\"container\">\n\t\t\t\t\t<div class=\"e-con-inner\">\n\t\t\t\t<div class=\"elementor-element elementor-element-f66dd37 elementor-widget elementor-widget-text-editor\" data-id=\"f66dd37\" data-element_type=\"widget\" data-widget_type=\"text-editor.default\">\n\t\t\t\t<div class=\"elementor-widget-container\">\n\t\t\t\t\t\t\t\t\t<p>Term\u00e9szetesen a <strong>higi\u00e9nia<\/strong> fontos az eg\u00e9szs\u00e9g fenntart\u00e1sa szempontj\u00e1b\u00f3l, de nem szabad t\u00falz\u00e1sba vinni. Sok tusf\u00fcrd\u0151 nem alkalmas az intim ter\u00fclet tiszt\u00edt\u00e1s\u00e1ra, \u00e9s k\u00e1ros\u00edthatja a h\u00fcvely <strong>pH-\u00e9rt\u00e9k\u00e9t<\/strong>. Elegend\u0151 tiszta vizet vagy olyan<strong> pH-semleges \u00e1pol\u00f3szereket<\/strong> haszn\u00e1lni, amelyeket kifejezetten az intim ter\u00fcletek tiszt\u00e1ntart\u00e1s\u00e1ra k\u00e9sz\u00edtettek.<\/p>\t\t\t\t\t\t\t\t<\/div>\n\t\t\t\t<\/div>\n\t\t\t\t\t<\/div>\n\t\t\t\t<\/div>\n\t\t<div class=\"elementor-element elementor-element-d46a60c obcs none e-flex e-con-boxed e-con e-parent\" data-id=\"d46a60c\" data-element_type=\"container\">\n\t\t\t\t\t<div class=\"e-con-inner\">\n\t\t\t\t<div class=\"elementor-element elementor-element-bcdb76d elementor-widget elementor-widget-heading\" data-id=\"bcdb76d\" data-element_type=\"widget\" data-widget_type=\"heading.default\">\n\t\t\t\t<div class=\"elementor-widget-container\">\n\t\t\t\t\t<h4 class=\"elementor-heading-title elementor-size-default\">A szintetikus anyagb\u00f3l k\u00e9sz\u00fclt als\u00f3nem\u0171 egyens\u00falyhi\u00e1nyhoz vezethet<\/h4>\t\t\t\t<\/div>\n\t\t\t\t<\/div>\n\t\t\t\t\t<\/div>\n\t\t\t\t<\/div>\n\t\t<div class=\"elementor-element elementor-element-f7f54e9 obcs none e-flex e-con-boxed e-con e-parent\" data-id=\"f7f54e9\" data-element_type=\"container\">\n\t\t\t\t\t<div class=\"e-con-inner\">\n\t\t\t\t<div class=\"elementor-element elementor-element-3f50be6 elementor-widget elementor-widget-text-editor\" data-id=\"3f50be6\" data-element_type=\"widget\" data-widget_type=\"text-editor.default\">\n\t\t\t\t<div class=\"elementor-widget-container\">\n\t\t\t\t\t\t\t\t\t<p>Neh\u00e9z elhinni, de a <strong>nem megfelel\u0151 ruh\u00e1zat<\/strong> negat\u00edvan befoly\u00e1solhatja a h\u00fcvely eg\u00e9szs\u00e9g\u00e9t is. A szintetikus sz\u00f6vetek el\u0151seg\u00edtik a meleg, nedves k\u00f6rnyezet kialakul\u00e1s\u00e1t, melyben nemk\u00edv\u00e1natos <strong>gomb\u00e1k \u00e9s bakt\u00e9riumok<\/strong> k\u00fcl\u00f6n\u00f6sen szeretnek megtelepedni. \u00c9ppen ez\u00e9rt javasoljuk, a k\u00f6vetkez\u0151 v\u00e1s\u00e1rl\u00e1s sor\u00e1n gy\u0151z\u0151dj\u00f6n meg arr\u00f3l, hogy a kiv\u00e1lasztott feh\u00e9rnem\u0171 pamutb\u00f3l k\u00e9sz\u00fclt.<\/p>\t\t\t\t\t\t\t\t<\/div>\n\t\t\t\t<\/div>\n\t\t\t\t\t<\/div>\n\t\t\t\t<\/div>\n\t\t<div class=\"elementor-element elementor-element-8316dc8 obcs none e-flex e-con-boxed e-con e-parent\" data-id=\"8316dc8\" data-element_type=\"container\">\n\t\t\t\t\t<div class=\"e-con-inner\">\n\t\t\t\t<div class=\"elementor-element elementor-element-4682557 elementor-widget elementor-widget-heading\" data-id=\"4682557\" data-element_type=\"widget\" data-widget_type=\"heading.default\">\n\t\t\t\t<div class=\"elementor-widget-container\">\n\t\t\t\t\t<h4 class=\"elementor-heading-title elementor-size-default\">A stressz az eg\u00e9sz szervezetre kihat<\/h4>\t\t\t\t<\/div>\n\t\t\t\t<\/div>\n\t\t\t\t\t<\/div>\n\t\t\t\t<\/div>\n\t\t<div class=\"elementor-element elementor-element-d06d27d obcs none e-flex e-con-boxed e-con e-parent\" data-id=\"d06d27d\" data-element_type=\"container\">\n\t\t\t\t\t<div class=\"e-con-inner\">\n\t\t\t\t<div class=\"elementor-element elementor-element-3be8a4c elementor-widget elementor-widget-text-editor\" data-id=\"3be8a4c\" data-element_type=\"widget\" data-widget_type=\"text-editor.default\">\n\t\t\t\t<div class=\"elementor-widget-container\">\n\t\t\t\t\t\t\t\t\t<p>A <a href=\"https:\/\/www.omni-biotic.com\/hu-hu\/a-belrendszer-egeszsege\/a-bel-hataskore\/stressz-emesztes-depresszio\/\"><strong><span style=\"color: #b6185c\">stressz<\/span> <\/strong><\/a>egy j\u00f3l ismert t\u00e9nyez\u0151, amely az eg\u00e9sz szervezetre k\u00e1ros hat\u00e1ssal lehet. A <a href=\"https:\/\/www.omni-biotic.com\/hu-hu\/blog\/a-stressz-mellekhatasai\/\"><strong>stressz<\/strong> <\/a>a h\u00fcvely \u00e9s a <a href=\"https:\/\/www.omni-biotic.com\/hu-hu\/blog\/a-gyogyszerek-hatasa-a-belflorara\/\"><strong>b\u00e9lfl\u00f3ra<\/strong> <\/a>egyens\u00falyhi\u00e1ny kialakul\u00e1s\u00e1nak is oka lehet, \u00e9s ez\u00e1ltal el\u0151seg\u00edtheti a fert\u0151z\u00e9sek kialakul\u00e1s\u00e1t is. Az <a href=\"https:\/\/www.omni-biotic.com\/hu-hu\/blog\/pszichobiotikum-mentalis-egeszseg\/\"><strong>\u00e1lland\u00f3 pszich\u00e9s stressz<\/strong><\/a> teh\u00e1t val\u00f3j\u00e1ban sz\u00e1mos k\u00fcl\u00f6nb\u00f6z\u0151 betegs\u00e9g kiv\u00e1lt\u00f3 oka lehet.<\/p>\t\t\t\t\t\t\t\t<\/div>\n\t\t\t\t<\/div>\n\t\t\t\t\t<\/div>\n\t\t\t\t<\/div>\n\t\t<div class=\"elementor-element elementor-element-5236b89 obcs none e-flex e-con-boxed e-con e-parent\" data-id=\"5236b89\" data-element_type=\"container\">\n\t\t\t\t\t<div class=\"e-con-inner\">\n\t\t\t\t<div class=\"elementor-element elementor-element-f284216 elementor-widget elementor-widget-heading\" data-id=\"f284216\" data-element_type=\"widget\" data-widget_type=\"heading.default\">\n\t\t\t\t<div class=\"elementor-widget-container\">\n\t\t\t\t\t<h4 class=\"elementor-heading-title elementor-size-default\">Helytelen \u00e9trend<\/h4>\t\t\t\t<\/div>\n\t\t\t\t<\/div>\n\t\t\t\t\t<\/div>\n\t\t\t\t<\/div>\n\t\t<div class=\"elementor-element elementor-element-a131108 obcs none e-flex e-con-boxed e-con e-parent\" data-id=\"a131108\" data-element_type=\"container\">\n\t\t\t\t\t<div class=\"e-con-inner\">\n\t\t\t\t<div class=\"elementor-element elementor-element-a03487e elementor-widget elementor-widget-text-editor\" data-id=\"a03487e\" data-element_type=\"widget\" data-widget_type=\"text-editor.default\">\n\t\t\t\t<div class=\"elementor-widget-container\">\n\t\t\t\t\t\t\t\t\t<p>Az vagy, amit megeszel \u2013 ez vonatkozik a h\u00fcvelyre is. A zavart b\u00e9lfl\u00f3ra \u00edgy a h\u00fcvelyre is hat\u00e1ssal van. A cukor p\u00e9ld\u00e1ul a szervezetben l\u00e9v\u0151 k\u00e1ros mikroorganizmusok t\u00e1pl\u00e1l\u00e9ka, mely el\u0151seg\u00edti azok elszaporod\u00e1s\u00e1t.<\/p>\t\t\t\t\t\t\t\t<\/div>\n\t\t\t\t<\/div>\n\t\t\t\t<div class=\"elementor-element elementor-element-bb88746 elementor-widget elementor-widget-image\" data-id=\"bb88746\" data-element_type=\"widget\" data-widget_type=\"image.default\">\n\t\t\t\t<div class=\"elementor-widget-container\">\n\t\t\t\t\t\t\t\t\t\t\t\t\t\t\t<img decoding=\"async\" width=\"800\" height=\"462\" src=\"https:\/\/www.omni-biotic.com\/hu-hu\/wp-content\/uploads\/sites\/7\/2022\/04\/huvelyi_micosys.png\" class=\"attachment-large size-large wp-image-21421\" alt=\"h\u00fcvelysz\u00e1razs\u00e1g kezel\u00e9se, h\u00fcvelysz\u00e1razs\u00e1g ellen, f\u00e1jdalmas egy\u00fcttl\u00e9t, h\u00fcvelysz\u00e1razs\u00e1g oka, n\u0151i probiotikum, menstru\u00e1ci\u00f3s ciklus, h\u00fcvelysz\u00e1razs\u00e1g kezel\u00e9se otthon, h\u00fcvelyfl\u00f3ra, h\u00fcvelyi mycosis, bakteri\u00e1lis vagin\u00f3zis, h\u00fcvelyfert\u0151z\u00e9s\" srcset=\"https:\/\/www.omni-biotic.com\/hu-hu\/wp-content\/uploads\/sites\/7\/2022\/04\/huvelyi_micosys.png 1024w, https:\/\/www.omni-biotic.com\/hu-hu\/wp-content\/uploads\/sites\/7\/2022\/04\/huvelyi_micosys-300x173.png 300w, https:\/\/www.omni-biotic.com\/hu-hu\/wp-content\/uploads\/sites\/7\/2022\/04\/huvelyi_micosys-768x443.png 768w\" sizes=\"(max-width: 800px) 100vw, 800px\" title=\"\">\t\t\t\t\t\t\t\t\t\t\t\t\t\t\t<\/div>\n\t\t\t\t<\/div>\n\t\t\t\t\t<\/div>\n\t\t\t\t<\/div>\n\t\t<div class=\"elementor-element elementor-element-7ec5dc5 obcs none e-flex e-con-boxed e-con e-parent\" data-id=\"7ec5dc5\" data-element_type=\"container\">\n\t\t\t\t\t<div class=\"e-con-inner\">\n\t\t\t\t<div class=\"elementor-element elementor-element-dde54fd elementor-widget elementor-widget-heading\" data-id=\"dde54fd\" data-element_type=\"widget\" data-widget_type=\"heading.default\">\n\t\t\t\t<div class=\"elementor-widget-container\">\n\t\t\t\t\t<h4 class=\"elementor-heading-title elementor-size-default\">Probiotikumok a b\u00e9lfl\u00f3ra t\u00e1mogat\u00e1s\u00e1hoz<\/h4>\t\t\t\t<\/div>\n\t\t\t\t<\/div>\n\t\t\t\t\t<\/div>\n\t\t\t\t<\/div>\n\t\t<div class=\"elementor-element elementor-element-a32cb46 obcs none e-flex e-con-boxed e-con e-parent\" data-id=\"a32cb46\" data-element_type=\"container\">\n\t\t\t\t\t<div class=\"e-con-inner\">\n\t\t\t\t<div class=\"elementor-element elementor-element-74d7735 elementor-widget elementor-widget-text-editor\" data-id=\"74d7735\" data-element_type=\"widget\" data-widget_type=\"text-editor.default\">\n\t\t\t\t<div class=\"elementor-widget-container\">\n\t\t\t\t\t\t\t\t\t<p>A h\u00fcvelyfl\u00f3r\u00e1t f\u0151k\u00e9nt <em>laktobacillusok<\/em> alkotj\u00e1k. Abban az esetben, ha ezek sz\u00e1ma egy bizonyos mennyis\u00e9g al\u00e1 cs\u00f6kken, a <a href=\"https:\/\/www.omni-biotic.com\/hu-hu\/a-belrendszer-egeszsege\/a-bel-az-egeszseg-kozpontja\/belmikrobiom\/\"><span style=\"color: #b6185c\"><strong>mikrobiomban<\/strong> <\/span><\/a>egyens\u00falyhi\u00e1ny alakul ki, \u00e9s kiszolg\u00e1ltatott\u00e1 v\u00e1lik a k\u00f3rokoz\u00f3 cs\u00edr\u00e1kkal szemben. A <a href=\"https:\/\/www.omni-biotic.com\/hu-hu\/a-belrendszer-egeszsege\/a-bel-az-egeszseg-kozpontja\/probiotikum\/\"><span style=\"color: #b6185c\"><strong>probiotikumok<\/strong> <\/span><\/a>\u00e9l\u0151 bakt\u00e9riumok, amelyek egyes \u00e9telekben szint\u00e9n el\u0151fordulnak, vagy speci\u00e1lis term\u00e9kk\u00e9nt gy\u00f3gyszert\u00e1rakban is kaphat\u00f3k. Ezek a test meghat\u00e1rozott ter\u00fcleteihez speci\u00e1lisan kiv\u00e1lasztott <strong>bakt\u00e9riumt\u00f6rzseket<\/strong> tartalmaznak. A h\u00fcvelyfl\u00f3ra eset\u00e9ben \u2013 a term\u00e9szetes <span style=\"color: #b6185c\"><strong>h\u00fcvelyi mikrobiom<\/strong><\/span> meg\u0151rz\u00e9s\u00e9nek garant\u00e1l\u00e1sa \u00e9rdek\u00e9ben \u2013 c\u00e9lszer\u0171 k\u00fcl\u00f6nb\u00f6z\u0151 <em>laktobacillusokat<\/em> tartalamz\u00f3 <a href=\"https:\/\/shop.omni-biotic.com\/hu-hu\/products\/omni-biotic-flora-plus-int-99106\"><span style=\"color: #b6185c\"><strong>probiotikumot<\/strong> <\/span><\/a>alkalmazni.<\/p><p>A <span style=\"color: #b6185c\"><strong>b\u00e9lfl\u00f3ra \u00e9s a h\u00fcvelyfl\u00f3ra<\/strong><\/span> szorosan kapcsol\u00f3dik egym\u00e1shoz, \u00edgy nagy hat\u00e1ssal vannak az eg\u00e9sz szervezetre. \u00c9ppen ez\u00e9rt elengedhetetlen komolyan venni a k\u00fcl\u00f6nf\u00e9le fert\u0151z\u00e9seket, mindig \u00e9rdemes arra \u00fcgyelni, hogy csak sz\u00fcks\u00e9g eset\u00e9n szedjen <a href=\"https:\/\/www.omni-biotic.com\/hu-hu\/blog\/hasmenes-es-antibiotikum\/\"><strong>antibiotikumot<\/strong><\/a>.\u00a0A <a href=\"https:\/\/www.omni-biotic.com\/hu-hu\/belpanaszok\/hasmenes\/\"><strong>hasmen\u00e9sek<\/strong> <\/a>\u00e9s <a href=\"https:\/\/www.omni-biotic.com\/hu-hu\/belpanaszok\/szekrekedes\/\"><strong>sz\u00e9kreked\u00e9sek<\/strong> <\/a>a h\u00fcvelyre is kihat\u00e1ssal lehetnek. Mivel a b\u00e9l a h\u00fcvelyben tal\u00e1lhat\u00f3 <strong>bakt\u00e9riumok koloniz\u00e1ci\u00f3j\u00e1nak<\/strong> \u201etart\u00e1lyak\u00e9nt\u201d szolg\u00e1l, fontos tenni a <strong>b\u00e9lfl\u00f3ra<\/strong> eg\u00e9szs\u00e9g\u00e9\u00e9rt.<\/p>\t\t\t\t\t\t\t\t<\/div>\n\t\t\t\t<\/div>\n\t\t\t\t\t<\/div>\n\t\t\t\t<\/div>\n\t\t<div class=\"elementor-element elementor-element-ca82a48 obcs none e-flex e-con-boxed e-con e-parent\" data-id=\"ca82a48\" data-element_type=\"container\">\n\t\t\t\t\t<div class=\"e-con-inner\">\n\t\t\t\t<div class=\"elementor-element elementor-element-25630e7 elementor-widget-divider--view-line elementor-widget elementor-widget-divider\" data-id=\"25630e7\" data-element_type=\"widget\" data-widget_type=\"divider.default\">\n\t\t\t\t<div class=\"elementor-widget-container\">\n\t\t\t\t\t\t\t<div class=\"elementor-divider\">\n\t\t\t<span class=\"elementor-divider-separator\">\n\t\t\t\t\t\t<\/span>\n\t\t<\/div>\n\t\t\t\t\t\t<\/div>\n\t\t\t\t<\/div>\n\t\t\t\t\t<\/div>\n\t\t\t\t<\/div>\n\t\t<div class=\"elementor-element elementor-element-8bbb490 obcs none e-flex e-con-boxed e-con e-parent\" data-id=\"8bbb490\" data-element_type=\"container\">\n\t\t\t\t\t<div class=\"e-con-inner\">\n\t\t\t\t<div class=\"elementor-element elementor-element-6f8663e elementor-widget elementor-widget-text-editor\" data-id=\"6f8663e\" data-element_type=\"widget\" data-widget_type=\"text-editor.default\">\n\t\t\t\t<div class=\"elementor-widget-container\">\n\t\t\t\t\t\t\t\t\t<div class=\"col-12 col-md-6 inbd-mobile-descr\"><div class=\"product-page-info\"><div class=\"for-desktops\"><div class=\"product-page-info__title mb-15 text-center text-md-left\"><h1 class=\"m-0\">OMNi-BiOTiC\u00ae FLORA plus<img loading=\"lazy\" decoding=\"async\" class=\"size-medium wp-image-23238 img-fluid alignright\" src=\"https:\/\/www.omni-biotic.com\/hu-hu\/wp-content\/uploads\/sites\/7\/2024\/08\/20240123_OB_FLORA_plus_28Stk_INT_3-seitig-300x300.png\" alt=\"\" width=\"300\" height=\"300\" title=\"\" srcset=\"https:\/\/www.omni-biotic.com\/hu-hu\/wp-content\/uploads\/sites\/7\/2024\/08\/20240123_OB_FLORA_plus_28Stk_INT_3-seitig-300x300.png 300w, https:\/\/www.omni-biotic.com\/hu-hu\/wp-content\/uploads\/sites\/7\/2024\/08\/20240123_OB_FLORA_plus_28Stk_INT_3-seitig-150x150.png 150w, https:\/\/www.omni-biotic.com\/hu-hu\/wp-content\/uploads\/sites\/7\/2024\/08\/20240123_OB_FLORA_plus_28Stk_INT_3-seitig.png 500w, https:\/\/www.omni-biotic.com\/hu-hu\/wp-content\/uploads\/sites\/7\/2024\/08\/elementor\/thumbs\/20240123_OB_FLORA_plus_28Stk_INT_3-seitig-qryuwdjux8owxd7szkw9yrc84jkgmi14nucvbwvk4g.png 400w\" sizes=\"(max-width: 300px) 100vw, 300px\" \/><\/h1><\/div><\/div><\/div><\/div><ul><li>A h\u00fcvelyfl\u00f3ra zavarainak di\u00e9t\u00e1s kezel\u00e9s\u00e9hez<\/li><li>Az intim ter\u00fclet viszket\u00e9se \u00e9s \u00e9g\u00e9se ellen<\/li><li>Egyszer\u0171 \u00e9s higi\u00e9nikus alkalmaz\u00e1s: keverje folyad\u00e9kba!<\/li><li>Nincs t\u00f6bb kellemetlen foly\u00e1s!<\/li><\/ul>\t\t\t\t\t\t\t\t<\/div>\n\t\t\t\t<\/div>\n\t\t\t\t\t<\/div>\n\t\t\t\t<\/div>\n\t\t<div class=\"elementor-element elementor-element-e819c92 obcs none e-flex e-con-boxed e-con e-parent\" data-id=\"e819c92\" data-element_type=\"container\">\n\t\t\t\t\t<div class=\"e-con-inner\">\n\t\t\t\t<div class=\"elementor-element elementor-element-95ac696 elementor-align-center elementor-widget elementor-widget-button\" data-id=\"95ac696\" data-element_type=\"widget\" data-widget_type=\"button.default\">\n\t\t\t\t<div class=\"elementor-widget-container\">\n\t\t\t\t\t\t\t\t\t<div class=\"elementor-button-wrapper\">\n\t\t\t\t\t<a class=\"elementor-button elementor-button-link elementor-size-md\" href=\"https:\/\/shop.omni-biotic.com\/hu-hu\/products\/omni-biotic-flora-plus-int-99106\">\n\t\t\t\t\t\t<span class=\"elementor-button-content-wrapper\">\n\t\t\t\t\t\t\t\t\t<span class=\"elementor-button-text\">A h\u00fcvelyfl\u00f3ra t\u00e1mogat\u00e1sa<\/span>\n\t\t\t\t\t<\/span>\n\t\t\t\t\t<\/a>\n\t\t\t\t<\/div>\n\t\t\t\t\t\t\t\t<\/div>\n\t\t\t\t<\/div>\n\t\t\t\t\t<\/div>\n\t\t\t\t<\/div>\n\t\t\t\t<\/div>\n\t\t","protected":false},"excerpt":{"rendered":"<p>Egy n\u0151 h\u00fcvely\u00e9ben, pontosabban a h\u00fcvelyh\u00e1mban \u00e1tlagosan k\u00f6bmilim\u00e9terenk\u00e9nt k\u00f6r\u00fclbel\u00fcl 2 milli\u00e1rd bakt\u00e9rium tal\u00e1lhat\u00f3. Legt\u00f6bbj\u00fck tiszta tejsavbakt\u00e9rium, amelyek a h\u00fcvelyben a savas pH-\u00e9rt\u00e9k fenntart\u00e1s\u00e1val v\u00e9d\u0151pajzsot k\u00e9peznek a k\u00e1ros mikroorganizmusok ellen \u00e9s fenntartj\u00e1k a h\u00fcvelyfl\u00f3ra egyens\u00faly\u00e1t. Mi is az a bakteri\u00e1lis vagin\u00f3zis? Mit \u00e9rt\u00fcnk a h\u00fcvelyfl\u00f3ra egyens\u00falya alatt? Az egyens\u00faly alatt a h\u00fcvely eg\u00e9szs\u00e9ges koloniz\u00e1ci\u00f3j\u00e1t \u00e9rtj\u00fck. A [&hellip;]<\/p>\n","protected":false},"author":17,"featured_media":19934,"comment_status":"closed","ping_status":"closed","sticky":false,"template":"","format":"standard","meta":{"_acf_changed":false,"inline_featured_image":false,"footnotes":""},"categories":[107],"tags":[],"class_list":["post-16163","post","type-post","status-publish","format-standard","has-post-thumbnail","hentry","category-noi-egeszseg"],"acf":[],"rank_math":{"og:title":"Bakteri\u00e1lis vagin\u00f3zis \u00e9s h\u00fcvelygomba: t\u00fcnetek, kezel\u00e9s","og:desc":"A bakteri\u00e1lis vagin\u00f3zis \u00e9s a h\u00fcvelygomba az rendk\u00edv\u00fcl kellemetlen. H\u00fcvelygomba kezel\u00e9se: az ok \u00e1ltal\u00e1ban a h\u00fcvelyfl\u00f3ra egyens\u00faly\u00e1nak felborul\u00e1sa.","og:url":"https:\/\/www.omni-biotic.com\/hu-hu\/blog\/bakterialis-vaginozis-es-huevelygomba-tuenetek-kezeles\/","og:locale":"hu_HU","og:image":"https:\/\/www.omni-biotic.com\/hu-hu\/wp-content\/uploads\/sites\/7\/2022\/04\/bakterialis-vaginozis-huvely.png","og:image:width":"400","og:image:height":"267"},"additional_data":{"thumbnail":"https:\/\/www.omni-biotic.com\/hu-hu\/wp-content\/uploads\/sites\/7\/2022\/04\/bakterialis-vaginozis-huvely.png"},"blog_info":{"country":"hu-hu"},"_links":{"self":[{"href":"https:\/\/www.omni-biotic.com\/hu-hu\/wp-json\/wp\/v2\/posts\/16163","targetHints":{"allow":["GET"]}}],"collection":[{"href":"https:\/\/www.omni-biotic.com\/hu-hu\/wp-json\/wp\/v2\/posts"}],"about":[{"href":"https:\/\/www.omni-biotic.com\/hu-hu\/wp-json\/wp\/v2\/types\/post"}],"author":[{"embeddable":true,"href":"https:\/\/www.omni-biotic.com\/hu-hu\/wp-json\/wp\/v2\/users\/17"}],"replies":[{"embeddable":true,"href":"https:\/\/www.omni-biotic.com\/hu-hu\/wp-json\/wp\/v2\/comments?post=16163"}],"version-history":[{"count":7,"href":"https:\/\/www.omni-biotic.com\/hu-hu\/wp-json\/wp\/v2\/posts\/16163\/revisions"}],"predecessor-version":[{"id":23488,"href":"https:\/\/www.omni-biotic.com\/hu-hu\/wp-json\/wp\/v2\/posts\/16163\/revisions\/23488"}],"wp:featuredmedia":[{"embeddable":true,"href":"https:\/\/www.omni-biotic.com\/hu-hu\/wp-json\/wp\/v2\/media\/19934"}],"wp:attachment":[{"href":"https:\/\/www.omni-biotic.com\/hu-hu\/wp-json\/wp\/v2\/media?parent=16163"}],"wp:term":[{"taxonomy":"category","embeddable":true,"href":"https:\/\/www.omni-biotic.com\/hu-hu\/wp-json\/wp\/v2\/categories?post=16163"},{"taxonomy":"post_tag","embeddable":true,"href":"https:\/\/www.omni-biotic.com\/hu-hu\/wp-json\/wp\/v2\/tags?post=16163"}],"curies":[{"name":"wp","href":"https:\/\/api.w.org\/{rel}","templated":true}]}}