{"id":16167,"date":"2024-02-28T12:14:35Z","date_gmt":"2024-02-28T11:14:35Z","guid":{"rendered":"https:\/\/www.omni-biotic.com\/hu-hu\/hat-teny-az-omni-biotic-6-rol\/"},"modified":"2024-12-18T11:13:23Z","modified_gmt":"2024-12-18T10:13:23Z","slug":"hat-teny-az-omni-biotic-6-rol","status":"publish","type":"post","link":"https:\/\/www.omni-biotic.com\/hu-hu\/blog\/hat-teny-az-omni-biotic-6-rol\/","title":{"rendered":"\u00c9rdekess\u00e9gek az OMNi-BiOTiC\u00ae 6-r\u00f3l"},"content":{"rendered":"\t\t<div data-elementor-type=\"wp-post\" data-elementor-id=\"16167\" class=\"elementor elementor-16167\" data-elementor-post-type=\"post\">\n\t\t\t\t<div class=\"elementor-element elementor-element-26ec637 obcs none e-flex e-con-boxed e-con e-parent\" data-id=\"26ec637\" data-element_type=\"container\">\n\t\t\t\t\t<div class=\"e-con-inner\">\n\t\t\t\t<div class=\"elementor-element elementor-element-f294a13 elementor-widget elementor-widget-text-editor\" data-id=\"f294a13\" data-element_type=\"widget\" data-widget_type=\"text-editor.default\">\n\t\t\t\t<div class=\"elementor-widget-container\">\n\t\t\t\t\t\t\t\t\t<p><span style=\"color: #b6185c\"><em>Napjainkban a probiotikumok szerepe egyre jelent\u0151sebb\u00e9 v\u00e1lik j\u00f3ll\u00e9t\u00fcnk \u00e9s eg\u00e9szs\u00e9g\u00fcnk szemponj\u00e1tb\u00f3l. T\u00f6bb mint 25 \u00e9ve annak, hogy Anita Frauwallner kifejlesztette az els\u0151 t\u00f6bb t\u00f6rzsb\u0151l \u00e1ll\u00f3 probiotikumot, \u00e9s ezzel letette a <a href=\"https:\/\/www.omni-biotic.com\/hu\/belegeszseg\/\">b\u00e9leg\u00e9szs\u00e9g<\/a> egyik alapk\u00f6v\u00e9t. Anita Frauwallner figyelm\u00e9t, egy a mag\u00e1n\u00e9let\u00e9ben bek\u00f6vetkezett csap\u00e1s keltette fel a b\u00e9lbakt\u00e9riumok \u00e9s azok fontoss\u00e1ga ir\u00e1nt. Olvassa el bejegyz\u00e9s\u00fcnket, \u00e9s tudja meg, hogy mi\u00e9rt az <a href=\"https:\/\/shop.allergosan.com\/hu\/termek\/omni-biotic-6\/\" target=\"_blank\" rel=\"noopener\">OMNi-BiOTiC\u00ae 6<\/a> c\u00e9g\u00fcnk egyik legsikeresebb term\u00e9ke m\u00e1r hossz\u00fa \u00e9vek \u00f3ta.<\/em><\/span><\/p>\t\t\t\t\t\t\t\t<\/div>\n\t\t\t\t<\/div>\n\t\t\t\t<div class=\"elementor-element elementor-element-d8a5886 elementor-widget elementor-widget-heading\" data-id=\"d8a5886\" data-element_type=\"widget\" data-widget_type=\"heading.default\">\n\t\t\t\t<div class=\"elementor-widget-container\">\n\t\t\t\t\t<h2 class=\"elementor-heading-title elementor-size-default\">30 \u00e9ve gondoskodik b\u00e9lrendszer\u00fcnkr\u0151l<\/h2>\t\t\t\t<\/div>\n\t\t\t\t<\/div>\n\t\t\t\t<div class=\"elementor-element elementor-element-3e10c51 elementor-widget elementor-widget-image\" data-id=\"3e10c51\" data-element_type=\"widget\" data-widget_type=\"image.default\">\n\t\t\t\t<div class=\"elementor-widget-container\">\n\t\t\t\t\t\t\t\t\t\t\t\t\t\t\t<img fetchpriority=\"high\" decoding=\"async\" width=\"800\" height=\"629\" src=\"https:\/\/www.omni-biotic.com\/hu-hu\/wp-content\/uploads\/sites\/7\/2022\/04\/omni-biotic_6.png\" class=\"attachment-large size-large wp-image-21362\" alt=\"omni-biotic 6, b\u00e9lbakt\u00e9riumok, probiotikum, b\u00e9lfl\u00f3ra, m\u00e9lmikrobiom, omnibiotic\" srcset=\"https:\/\/www.omni-biotic.com\/hu-hu\/wp-content\/uploads\/sites\/7\/2022\/04\/omni-biotic_6.png 801w, https:\/\/www.omni-biotic.com\/hu-hu\/wp-content\/uploads\/sites\/7\/2022\/04\/omni-biotic_6-300x236.png 300w, https:\/\/www.omni-biotic.com\/hu-hu\/wp-content\/uploads\/sites\/7\/2022\/04\/omni-biotic_6-768x604.png 768w\" sizes=\"(max-width: 800px) 100vw, 800px\" title=\"\">\t\t\t\t\t\t\t\t\t\t\t\t\t\t\t<\/div>\n\t\t\t\t<\/div>\n\t\t\t\t\t<\/div>\n\t\t\t\t<\/div>\n\t\t<div class=\"elementor-element elementor-element-38cb048 obcs none e-flex e-con-boxed e-con e-parent\" data-id=\"38cb048\" data-element_type=\"container\">\n\t\t\t\t\t<div class=\"e-con-inner\">\n\t\t\t\t<div class=\"elementor-element elementor-element-6e9ec92 elementor-widget elementor-widget-text-editor\" data-id=\"6e9ec92\" data-element_type=\"widget\" data-widget_type=\"text-editor.default\">\n\t\t\t\t<div class=\"elementor-widget-container\">\n\t\t\t\t\t\t\t\t\t<p>Anita Frauwallner el\u0151rel\u00e1t\u00e1sa \u00e9s b\u00e1tors\u00e1ga meghat\u00e1rozta az els\u0151, t\u00f6bb fajb\u00f3l \u00e1ll\u00f3 <strong><a href=\"https:\/\/www.omni-biotic.com\/hu-hu\/a-belrendszer-egeszsege\/a-bel-az-egeszseg-kozpontja\/probiotikum\/\">probiotikum<\/a> <\/strong>\u2013 az <strong><a href=\"https:\/\/shop.allergosan.com\/hu\/termek\/omni-biotic-6\/\" target=\"_blank\" rel=\"noopener\">OMNi-BiOTiC\u00ae 6<\/a><\/strong> \u2013 l\u00e9trej\u00f6tt\u00e9t. Kutat\u00e1sait, \u00e9s a sokakat leny\u0171g\u00f6z\u0151 term\u00e9k kifejleszt\u00e9s\u00e9t 25 \u00e9vvel ezel\u0151tt kezdte meg.<\/p><p>A <strong>probiotikumok<\/strong> szed\u00e9se kiv\u00e1l\u00f3 m\u00f3dja a hasznos bakt\u00e9riumok bevitel\u00e9nek, amelyek \u00e1ltal\u00e1ban az emberi b\u00e9lrendszerben is megtal\u00e1lhat\u00f3k. Az OMNi-BiOTiC\u00ae 6 volt az els\u0151 olyan probiotikum, amely t\u00f6bb\u00e9ves kutat\u00e1s ut\u00e1n sikeresen kombin\u00e1lta az egym\u00e1st kieg\u00e9sz\u00edt\u0151 \u00e9s t\u00e1mogat\u00f3 k\u00fcl\u00f6nb\u00f6z\u0151 bakt\u00e9riumt\u00f6rzsek hat\u00e9konys\u00e1g\u00e1t. Csapatokban \u00e1lltak \u00f6ssze \u2013 ak\u00e1rcsak a t\u00f6bb sz\u00e1z m\u00e1s bakt\u00e9riumfaj, amelyek term\u00e9szetes m\u00f3don megtal\u00e1lhat\u00f3ak a beleinkben.<\/p><p><a href=\"https:\/\/www.omni-biotic.com\/hu\/belbakteriumok\/\">B\u00e9lbakt\u00e9riumaink<\/a> l\u00e9tfontoss\u00e1g\u00fa funkci\u00f3kat l\u00e1tnak el szervezet\u00fcnkben. Ezek k\u00f6z\u00e9 tartozik a b\u00e9lbarrier fel\u00e9p\u00edt\u00e9se az idegen bakt\u00e9riumokkal szemben, a k\u00e1ros anyagok \u00e9s toxinok elt\u00e1vol\u00edt\u00e1sa, valamint a l\u00e9tfontoss\u00e1g\u00fa anyagok felsz\u00edv\u00e1sa \u00e9s el\u0151\u00e1ll\u00edt\u00e1sa. Sajnos sz\u00e1mtalan olyan t\u00e9nyez\u0151 l\u00e9tezik, mely hozz\u00e1j\u00e1rulhat a hasznos bakt\u00e9riumokat b\u00e9lrendszerb\u0151l val\u00f3 ki\u0171z\u00e9s\u00e9hez (eg\u00e9szs\u00e9gtelen t\u00e1pl\u00e1lkoz\u00e1s, <a href=\"https:\/\/www.omni-biotic.com\/hu\/blog\/a-stressz-mellekhatasai\/\">stressz<\/a> \u00e9s gy\u00f3gyszerek) \u2013 ez pedig a b\u00e9lrendszerben egyens\u00falyhi\u00e1nyhoz, m\u00e1s n\u00e9ven diszbi\u00f3zishoz vezet.<\/p>\t\t\t\t\t\t\t\t<\/div>\n\t\t\t\t<\/div>\n\t\t\t\t\t<\/div>\n\t\t\t\t<\/div>\n\t\t<div class=\"elementor-element elementor-element-21d00cc obcs none e-flex e-con-boxed e-con e-parent\" data-id=\"21d00cc\" data-element_type=\"container\">\n\t\t\t\t\t<div class=\"e-con-inner\">\n\t\t\t\t<div class=\"elementor-element elementor-element-e86a26b elementor-widget elementor-widget-text-editor\" data-id=\"e86a26b\" data-element_type=\"widget\" data-widget_type=\"text-editor.default\">\n\t\t\t\t<div class=\"elementor-widget-container\">\n\t\t\t\t\t\t\t\t\t<p>Ennek k\u00f6vetkezt\u00e9ben az <strong>idegen bakt\u00e9riumok<\/strong> k\u00f6nnyebben elszaporodhatnak, \u00e9s a <strong>k\u00e1ros anyagok<\/strong>, valamint <strong>toxinok<\/strong> nem t\u00e1voznak megfelel\u0151en, melynek eredm\u00e9nyek\u00e9ppen a <strong>t\u00e1panyagok<\/strong> nem sz\u00edv\u00f3dnak fel optim\u00e1lisan. A <strong>belek<\/strong> renyh\u00e9v\u00e9 v\u00e1lnak, \u00e9s v\u00e9g\u00fcl bizonyos \u00e9teleket t\u00f6bb\u00e9 m\u00e1r nem toler\u00e1lnak. Ez\u00e9rt olyan fontos az akt\u00edv b\u00e9lbakt\u00e9riumok bevitele!<\/p>\t\t\t\t\t\t\t\t<\/div>\n\t\t\t\t<\/div>\n\t\t\t\t\t<\/div>\n\t\t\t\t<\/div>\n\t\t<div class=\"elementor-element elementor-element-eba34f2 obcs none e-flex e-con-boxed e-con e-parent\" data-id=\"eba34f2\" data-element_type=\"container\">\n\t\t\t\t\t<div class=\"e-con-inner\">\n\t\t\t\t<div class=\"elementor-element elementor-element-1150b42 elementor-widget elementor-widget-heading\" data-id=\"1150b42\" data-element_type=\"widget\" data-widget_type=\"heading.default\">\n\t\t\t\t<div class=\"elementor-widget-container\">\n\t\t\t\t\t<h2 class=\"elementor-heading-title elementor-size-default\">Egy n\u0151 \u00e9s egy \u00f6tlet<\/h2>\t\t\t\t<\/div>\n\t\t\t\t<\/div>\n\t\t\t\t\t<\/div>\n\t\t\t\t<\/div>\n\t\t<div class=\"elementor-element elementor-element-5ad0ce3 obcs none e-flex e-con-boxed e-con e-parent\" data-id=\"5ad0ce3\" data-element_type=\"container\">\n\t\t\t\t\t<div class=\"e-con-inner\">\n\t\t\t\t<div class=\"elementor-element elementor-element-a9ce6fb elementor-widget elementor-widget-image\" data-id=\"a9ce6fb\" data-element_type=\"widget\" data-widget_type=\"image.default\">\n\t\t\t\t<div class=\"elementor-widget-container\">\n\t\t\t\t\t\t\t\t\t\t\t\t\t\t\t<img decoding=\"async\" width=\"800\" height=\"534\" src=\"https:\/\/www.omni-biotic.com\/hu-hu\/wp-content\/uploads\/sites\/7\/2022\/04\/Frauwallner_omni_biotic.jpg\" class=\"attachment-large size-large wp-image-21363\" alt=\"omni-biotic 6, b\u00e9lbakt\u00e9riumok, probiotikum, b\u00e9lfl\u00f3ra, m\u00e9lmikrobiom, omnibiotic, Anita Frauwallner\" srcset=\"https:\/\/www.omni-biotic.com\/hu-hu\/wp-content\/uploads\/sites\/7\/2022\/04\/Frauwallner_omni_biotic.jpg 1024w, https:\/\/www.omni-biotic.com\/hu-hu\/wp-content\/uploads\/sites\/7\/2022\/04\/Frauwallner_omni_biotic-300x200.jpg 300w, https:\/\/www.omni-biotic.com\/hu-hu\/wp-content\/uploads\/sites\/7\/2022\/04\/Frauwallner_omni_biotic-768x513.jpg 768w\" sizes=\"(max-width: 800px) 100vw, 800px\" title=\"\">\t\t\t\t\t\t\t\t\t\t\t\t\t\t\t<\/div>\n\t\t\t\t<\/div>\n\t\t\t\t<div class=\"elementor-element elementor-element-ebdcf2a elementor-widget elementor-widget-text-editor\" data-id=\"ebdcf2a\" data-element_type=\"widget\" data-widget_type=\"text-editor.default\">\n\t\t\t\t<div class=\"elementor-widget-container\">\n\t\t\t\t\t\t\t\t\t<p>K\u00f6zel 30 \u00e9vvel ezel\u0151tt kezdett el foglalkozni Anita Frauwallner a b\u00e9lrendszer m\u0171k\u00f6d\u00e9s\u00e9vel, a benne \u00e9l\u0151 bakt\u00e9riumokkal annak k\u00f6vetkezt\u00e9ben, hogy f\u00e9rje kolorekt\u00e1lis daganat miatt fiatalon elhunyt. Akkoriban az <a href=\"https:\/\/www.omni-biotic.com\/hu\/belflora\/\">b\u00e9lfl\u00f3r\u00e1val<\/a> foglalkoz\u00f3 kutat\u00e1sok m\u00e9g gyerekcip\u0151ben j\u00e1rtak.<\/p><p>\u201cSokan g\u00fanyoltak a t\u00e1rsaim k\u00f6z\u00fcl\u201d \u2013 eml\u00e9kszik vissza Frauwallner. \u201cDe biztos voltam benne, hogy a <strong>b\u00e9lfl\u00f3ra<\/strong> kulcsfontoss\u00e1g\u00fa eg\u00e9szs\u00e9g\u00fcnk szempontj\u00e1b\u00f3l, \u00e9s hogy a j\u00f3 min\u0151s\u00e9g\u0171 probiotikumok \u00f3ri\u00e1si szerepet j\u00e1tszanak az eg\u00e9szs\u00e9g\u00fcnk fenntart\u00e1s\u00e1ban.\u201d Ma ezt m\u00e1r t\u00f6bb ezer k\u00fcl\u00f6nb\u00f6z\u0151 tanulm\u00e1ny bizony\u00edtja.<\/p><p>Anita Frauwallnert a munk\u00e1ban az a meggy\u0151z\u0151d\u00e9s motiv\u00e1lta, hogy <strong>eg\u00e9szs\u00e9g\u00fcnk alapja<\/strong> \u2013 prevencion\u00e1lisan, m\u00e9g miel\u0151tt a betegs\u00e9gek kialakulhatn\u00e1nak \u2013 meger\u0151s\u00edthet\u0151 az anyaterm\u00e9szet \u00e1ltal biztos\u00edtott term\u00e9szetes anyagok haszn\u00e1lat\u00e1val. Az elm\u00falt 25 \u00e9vben az <a href=\"https:\/\/shop.allergosan.com\/hu\/products\/omni-biotic-hu\/\" target=\"_blank\" rel=\"noopener\">OMNi-BiOTiC\u00ae<\/a> m\u00e1rka alatt nemcsak a sz\u00f3ban forg\u00f3 egy, de sz\u00e1mos kiv\u00e1l\u00f3 min\u0151s\u00e9g\u0171 <strong>probiotikum<\/strong> is napvil\u00e1got l\u00e1tott. Mind speci\u00e1lis sz\u00fcks\u00e9gleteket el\u00e9g\u00edt ki, pozit\u00edv hat\u00e1sukat pedig sz\u00e1mos tudom\u00e1nyos tanulm\u00e1ny bizony\u00edtotta. \u201eA tudat, hogy term\u00e9keink oly sok ember \u00e9letmin\u0151s\u00e9g\u00e9n jav\u00edtottak, motiv\u00e1l engem \u00e9s csapatomat nap, mint nap\u201d, vallja be Anita Frauwallner.<\/p><p>Napjainkban az <strong>Institut AllergoSan<\/strong> a vil\u00e1gszint\u0171 mikrobiom-<a href=\"https:\/\/www.omni-biotic.com\/hu\/a-mikrobiomkutatas-kompetenciakoezpontja\/\">kutat\u00e1s<\/a> egyik <strong>k\u00f6zpontja<\/strong>. Anita Frauwallner egy nemzetk\u00f6zileg elismert szaktekint\u00e9ly \u00e9s el\u0151ad\u00f3, ha a <a href=\"https:\/\/www.omni-biotic.com\/hu\/belegeszseg\/\">b\u00e9leg\u00e9szs\u00e9gr\u0151l<\/a> van sz\u00f3. Az OMNi-BiOTiC\u00ae a legkiv\u00e1l\u00f3bb probiotikus m\u00e1rka a n\u00e9met nyelvter\u00fcleten.**<\/p>\t\t\t\t\t\t\t\t<\/div>\n\t\t\t\t<\/div>\n\t\t\t\t<div class=\"elementor-element elementor-element-0f2a7fe elementor-widget elementor-widget-li-widgets--author-quote\" data-id=\"0f2a7fe\" data-element_type=\"widget\" data-widget_type=\"li-widgets--author-quote.default\">\n\t\t\t\t<div class=\"elementor-widget-container\">\n\t\t\t\t\t<div class=\"li-widgets--author-quote magenta\">\n        <div class=\"li-widgets--author-quote__image--wrapper\">\n        <div class=\"li-widgets--author-quote__image\">\n            <img decoding=\"async\" width=\"239\" height=\"300\" src=\"https:\/\/www.omni-biotic.com\/hu-hu\/wp-content\/uploads\/sites\/7\/2023\/08\/mag.-anita-frauwallner-239x300.jpg\" class=\"attachment-medium size-medium\" alt=\"b\u00e9lbaktr\u00e9iumok, probiotikum allergia kezel\u00e9se, allergia ellen, asztma ellen, omni-biotic\" srcset=\"https:\/\/www.omni-biotic.com\/hu-hu\/wp-content\/uploads\/sites\/7\/2023\/08\/mag.-anita-frauwallner-239x300.jpg 239w, https:\/\/www.omni-biotic.com\/hu-hu\/wp-content\/uploads\/sites\/7\/2023\/08\/mag.-anita-frauwallner.jpg 638w\" sizes=\"(max-width: 239px) 100vw, 239px\" title=\"\">        <\/div>\n    <\/div>\n        <div class=\"li-widgets--author-quote__content\">\n        <div class=\"li-widgets--author-quote__content--text\">\n            Az a tudat, hogy term\u00e9keink k\u00e9zzelfoghat\u00f3 min\u0151s\u00e9ge sz\u00e1mtalan ember \u00e9let\u00e9re van pozit\u00edv hat\u00e1ssal, engem \u00e9s eg\u00e9sz csapatomat minden nap cs\u00facsteljes\u00edtm\u00e9nyre sarkall.        <\/div>\n        <div class=\"li-widgets--author-quote__content--author\">\n            Anita Frauwallner, az Institut AllergoSan vez\u00e9rigazgat\u00f3ja        <\/div>\n            <\/div>\n        <div class=\"li-widgets--author-quote__icon\">\n        <i aria-hidden=\"true\" class=\"fas fa-quote-left\"><\/i>    <\/div>\n    <\/div>\n\t\t\t\t<\/div>\n\t\t\t\t<\/div>\n\t\t\t\t\t<\/div>\n\t\t\t\t<\/div>\n\t\t<div class=\"elementor-element elementor-element-6fb8d8c obcs none e-flex e-con-boxed e-con e-parent\" data-id=\"6fb8d8c\" data-element_type=\"container\">\n\t\t\t\t\t<div class=\"e-con-inner\">\n\t\t\t\t<div class=\"elementor-element elementor-element-74572de elementor-widget elementor-widget-heading\" data-id=\"74572de\" data-element_type=\"widget\" data-widget_type=\"heading.default\">\n\t\t\t\t<div class=\"elementor-widget-container\">\n\t\t\t\t\t<h2 class=\"elementor-heading-title elementor-size-default\">OMNi-BiOTiC\u00ae 6 \u2013 a b\u00e9lrendszer mindenese!<\/h2>\t\t\t\t<\/div>\n\t\t\t\t<\/div>\n\t\t\t\t\t<\/div>\n\t\t\t\t<\/div>\n\t\t<div class=\"elementor-element elementor-element-3a27379 obcs none e-flex e-con-boxed e-con e-parent\" data-id=\"3a27379\" data-element_type=\"container\">\n\t\t\t\t\t<div class=\"e-con-inner\">\n\t\t\t\t<div class=\"elementor-element elementor-element-4b5e8ad elementor-widget elementor-widget-text-editor\" data-id=\"4b5e8ad\" data-element_type=\"widget\" data-widget_type=\"text-editor.default\">\n\t\t\t\t<div class=\"elementor-widget-container\">\n\t\t\t\t\t\t\t\t\t<p>K\u00f6zel n\u00e9gymilli\u00e1rd bakt\u00e9rium felel\u0151s a l\u00e9tfontoss\u00e1g\u00fa anyagok hasznos\u00edt\u00e1s\u00e1\u00e9rt \u00e9s a m\u00e9reganyagok elt\u00e1vol\u00edt\u00e1s\u00e1\u00e9rt egy eg\u00e9szs\u00e9gesen m\u0171k\u00f6d\u0151 b\u00e9lrendszerben. A <a href=\"https:\/\/www.omni-biotic.com\/hu\/blog\/a-stressz-mellekhatasai\/\">stressz<\/a>, a gyors\u00e9telek \u00e9s a <a href=\"https:\/\/www.omni-biotic.com\/hu-hu\/blog\/a-gyogyszerek-hatasa-a-belflorara\/\"><strong>gy\u00f3gyszerek<\/strong> <\/a>azonban gyakran megtizedelik ezeket a kiemelten fontos seg\u00edt\u0151ket \u2013 ez\u00e9rt sz\u00fcks\u00e9ges a beleknek egy kis t\u00e1mogat\u00e1s.<\/p>\t\t\t\t\t\t\t\t<\/div>\n\t\t\t\t<\/div>\n\t\t\t\t\t<\/div>\n\t\t\t\t<\/div>\n\t\t<div class=\"elementor-element elementor-element-2e4846b obcs none e-flex e-con-boxed e-con e-parent\" data-id=\"2e4846b\" data-element_type=\"container\">\n\t\t\t\t\t<div class=\"e-con-inner\">\n\t\t\t\t<div class=\"elementor-element elementor-element-f722ef2 elementor-widget elementor-widget-heading\" data-id=\"f722ef2\" data-element_type=\"widget\" data-widget_type=\"heading.default\">\n\t\t\t\t<div class=\"elementor-widget-container\">\n\t\t\t\t\t<h4 class=\"elementor-heading-title elementor-size-default\">Ki alkalmazhatja az OMNi-BiOTiC\u00ae 6-ot? Az eg\u00e9sz csal\u00e1d!<\/h4>\t\t\t\t<\/div>\n\t\t\t\t<\/div>\n\t\t\t\t\t<\/div>\n\t\t\t\t<\/div>\n\t\t<div class=\"elementor-element elementor-element-bfc6cec obcs none e-flex e-con-boxed e-con e-parent\" data-id=\"bfc6cec\" data-element_type=\"container\">\n\t\t\t\t\t<div class=\"e-con-inner\">\n\t\t\t\t<div class=\"elementor-element elementor-element-e9906b4 elementor-widget elementor-widget-text-editor\" data-id=\"e9906b4\" data-element_type=\"widget\" data-widget_type=\"text-editor.default\">\n\t\t\t\t<div class=\"elementor-widget-container\">\n\t\t\t\t\t\t\t\t\t<p>Az OMNi-BiOTiC\u00ae 6 tov\u00e1bbra is az OMNi-BiOTiC\u00ae m\u00e1rka egyik legismertebb \u00e9s legkedveltebb term\u00e9ke. Ez a \u201emindenes\u201d jav\u00edtja a k\u00f6z\u00e9rzetet, ez\u00e9rt <strong>minden koroszt\u00e1ly<\/strong> sz\u00e1m\u00e1ra alkalmas, az <strong>\u00fajsz\u00fcl\u00f6tt\u0151l<\/strong> eg\u00e9szen a <strong>nagysz\u00fcl\u0151kig<\/strong>. Az<strong><a href=\"https:\/\/shop.allergosan.com\/hu\/termek\/omni-biotic-6\/\" target=\"_blank\" rel=\"noopener\"> OMNi-BiOTiC\u00ae 6-ot<\/a><\/strong> \u00e9rdemes minden nap szedni, de k\u00fcl\u00f6n\u00f6sen akkor, amikor <strong>immunrendszer\u00fcnk<\/strong> nagyfok\u00fa ig\u00e9nybev\u00e9telnek van kit\u00e9ve.<\/p><p>B\u00e9lrendszer\u00fcnk eg\u00e9szs\u00e9ge \u00e9s <strong>immunrendszer\u00fcnk<\/strong> m\u0171k\u00f6d\u00e9se k\u00f6z\u00f6tt egy\u00e9rtelm\u0171 rel\u00e1ci\u00f3 van. B\u00e9lbakt\u00e9riumaink fontos v\u00e9d\u0151g\u00e1tat k\u00e9peznek, amely megakad\u00e1lyozza, hogy idegen bakt\u00e9riumok \u00e9s anyagok ker\u00fcljenek a v\u00e9r\u00e1ramunkba. Tov\u00e1bb\u00e1<strong> az antitesteket termel\u0151 immunsejtek 70%-a a b\u00e9lben tal\u00e1lhat\u00f3<\/strong>. Az <strong>OMNi-BiOTiC\u00ae 6<\/strong> a <strong>v\u00e1rand\u00f3ss\u00e1g<\/strong> id\u0151szaka alatt is alkalmazhat\u00f3, valamint 1 \u00e9vesn\u00e9l id\u0151sebb csecsem\u0151k sz\u00e1m\u00e1ra is enged\u00e9lyezett. 1 \u00e9s 3 \u00e9ves kor k\u00f6z\u00f6tti <strong>gyermekek<\/strong> sz\u00e1m\u00e1ra a norm\u00e1l adag fele javasolt, 3 \u00e9ves kort\u00f3l pedig a norm\u00e1l feln\u0151tt adag szedhet\u0151.<\/p>\t\t\t\t\t\t\t\t<\/div>\n\t\t\t\t<\/div>\n\t\t\t\t\t<\/div>\n\t\t\t\t<\/div>\n\t\t<div class=\"elementor-element elementor-element-ebab017 obcs none e-flex e-con-boxed e-con e-parent\" data-id=\"ebab017\" data-element_type=\"container\">\n\t\t\t\t\t<div class=\"e-con-inner\">\n\t\t\t\t<div class=\"elementor-element elementor-element-da92adb elementor-widget elementor-widget-heading\" data-id=\"da92adb\" data-element_type=\"widget\" data-widget_type=\"heading.default\">\n\t\t\t\t<div class=\"elementor-widget-container\">\n\t\t\t\t\t<h4 class=\"elementor-heading-title elementor-size-default\">Hogyan kell szedni az OMNi-BiOTiC\u00ae 6-ot? Csak igya meg!<\/h4>\t\t\t\t<\/div>\n\t\t\t\t<\/div>\n\t\t\t\t\t<\/div>\n\t\t\t\t<\/div>\n\t\t<div class=\"elementor-element elementor-element-65bd70a obcs none e-flex e-con-boxed e-con e-parent\" data-id=\"65bd70a\" data-element_type=\"container\">\n\t\t\t\t\t<div class=\"e-con-inner\">\n\t\t\t\t<div class=\"elementor-element elementor-element-de5c9b8 elementor-widget elementor-widget-image\" data-id=\"de5c9b8\" data-element_type=\"widget\" data-widget_type=\"image.default\">\n\t\t\t\t<div class=\"elementor-widget-container\">\n\t\t\t\t\t\t\t\t\t\t\t\t\t\t\t<img loading=\"lazy\" decoding=\"async\" width=\"800\" height=\"258\" src=\"https:\/\/www.omni-biotic.com\/hu-hu\/wp-content\/uploads\/sites\/7\/2024\/02\/omnibiotic_alkalmazas.png\" class=\"attachment-large size-large wp-image-22670\" alt=\"omni-biotic, probiotikum, tasak, por formula, puffad\u00e1s ellen\" srcset=\"https:\/\/www.omni-biotic.com\/hu-hu\/wp-content\/uploads\/sites\/7\/2024\/02\/omnibiotic_alkalmazas.png 1024w, https:\/\/www.omni-biotic.com\/hu-hu\/wp-content\/uploads\/sites\/7\/2024\/02\/omnibiotic_alkalmazas-300x97.png 300w, https:\/\/www.omni-biotic.com\/hu-hu\/wp-content\/uploads\/sites\/7\/2024\/02\/omnibiotic_alkalmazas-768x248.png 768w\" sizes=\"(max-width: 800px) 100vw, 800px\" title=\"\">\t\t\t\t\t\t\t\t\t\t\t\t\t\t\t<\/div>\n\t\t\t\t<\/div>\n\t\t\t\t<div class=\"elementor-element elementor-element-13270b5 elementor-widget elementor-widget-text-editor\" data-id=\"13270b5\" data-element_type=\"widget\" data-widget_type=\"text-editor.default\">\n\t\t\t\t<div class=\"elementor-widget-container\">\n\t\t\t\t\t\t\t\t\t<p><strong>Naponta 1-2<\/strong> alkalommal keverjen el 1 adag OMNi-BiOTiC\u00ae 6-ot nagyj\u00e1b\u00f3l <strong>1\/8 l v\u00edzben<\/strong>. V\u00e1rjon legal\u00e1bb 1 percet, am\u00edg a bakt\u00e9riumok <strong>aktiv\u00e1l\u00f3dnak<\/strong>, keverje \u00f6ssze m\u00e9g egyszer majd igya meg! \u00c9hgyomorra javasolt bevenni. Amennyiben \u00d6n naponta k\u00e9t alkalommal szedi az OMNi-BiOTiC\u00ae 6-ot, javasoljuk, hogy ezt reggeli \u00e9s vacsora el\u0151tt tegye meg. A term\u00e9k m\u00e1s probiotikumokkal is kombin\u00e1lhat\u00f3. Ebben az esetben az egyiket reggel, a m\u00e1sikat pedig este aj\u00e1nlott alkalmazni<\/p>\t\t\t\t\t\t\t\t<\/div>\n\t\t\t\t<\/div>\n\t\t\t\t\t<\/div>\n\t\t\t\t<\/div>\n\t\t<div class=\"elementor-element elementor-element-02de02e obcs none e-flex e-con-boxed e-con e-parent\" data-id=\"02de02e\" data-element_type=\"container\">\n\t\t\t\t\t<div class=\"e-con-inner\">\n\t\t\t\t<div class=\"elementor-element elementor-element-c3be99a elementor-widget elementor-widget-heading\" data-id=\"c3be99a\" data-element_type=\"widget\" data-widget_type=\"heading.default\">\n\t\t\t\t<div class=\"elementor-widget-container\">\n\t\t\t\t\t<h4 class=\"elementor-heading-title elementor-size-default\">Term\u00e9keink mentesek \u00e1llati feh\u00e9rj\u00e9t\u0151l, glut\u00e9nt\u00f3l, \u00e9leszt\u0151t\u0151l \u00e9s lakt\u00f3zt\u00f3l!<\/h4>\t\t\t\t<\/div>\n\t\t\t\t<\/div>\n\t\t\t\t\t<\/div>\n\t\t\t\t<\/div>\n\t\t<div class=\"elementor-element elementor-element-73f0416 obcs none e-flex e-con-boxed e-con e-parent\" data-id=\"73f0416\" data-element_type=\"container\">\n\t\t\t\t\t<div class=\"e-con-inner\">\n\t\t\t\t<div class=\"elementor-element elementor-element-b99a141 elementor-widget elementor-widget-text-editor\" data-id=\"b99a141\" data-element_type=\"widget\" data-widget_type=\"text-editor.default\">\n\t\t\t\t<div class=\"elementor-widget-container\">\n\t\t\t\t\t\t\t\t\t<p>\u00c9ppen ez\u00e9rt t\u00f6k\u00e9letes a tejallergi\u00e1s szem\u00e9lyeknek, <strong>gyermekek<\/strong>, <strong>v\u00e1rand\u00f3s<\/strong> vagy szoptat\u00f3 anyuk\u00e1k sz\u00e1m\u00e1ra. Az <a href=\"https:\/\/shop.allergosan.com\/hu\/termek\/omni-biotic-6\/\" target=\"_blank\" rel=\"noopener\">OMNi-BiOTiC\u00ae 6<\/a> \u00f6sszetev\u0151i a k\u00f6vetkez\u0151k: kukoricakem\u00e9ny\u00edt\u0151, maltodextrin, fruktooligoszacharidok (FOS), inulin, polidextr\u00f3z, k\u00e1lium-klorid, bakt\u00e9riumt\u00f6rzsek, rizsfeh\u00e9rje, magn\u00e9zium-szulf\u00e1t, enzimek (amil\u00e1z) \u00e9s mang\u00e1n-szulf\u00e1t \u00e1ll.<\/p><p>Az OMNi-BiOTiC\u00ae 6 frukt\u00f3z intoler\u00e1ns egy\u00e9nek sz\u00e1m\u00e1ra is ide\u00e1lis. Csak annyit kell tenni\u00fck, hogy az <strong>aktiv\u00e1ci\u00f3s id\u0151t<\/strong> legal\u00e1bb <strong>30 perccel<\/strong> meghosszabb\u00edtj\u00e1k. Ez id\u0151 alatt a <strong>bakt\u00e9riumok<\/strong> az \u00f6sszes fruktooligoszacharidot <strong>metaboliz\u00e1lj\u00e1k<\/strong>. K\u00f6vetkez\u00e9sk\u00e9pp, nem jut frukt\u00f3z a b\u00e9lrendszerbe.<\/p>\t\t\t\t\t\t\t\t<\/div>\n\t\t\t\t<\/div>\n\t\t\t\t\t<\/div>\n\t\t\t\t<\/div>\n\t\t<div class=\"elementor-element elementor-element-2371c7d obcs none e-flex e-con-boxed e-con e-parent\" data-id=\"2371c7d\" data-element_type=\"container\">\n\t\t\t\t\t<div class=\"e-con-inner\">\n\t\t\t\t<div class=\"elementor-element elementor-element-92f6c28 elementor-widget elementor-widget-heading\" data-id=\"92f6c28\" data-element_type=\"widget\" data-widget_type=\"heading.default\">\n\t\t\t\t<div class=\"elementor-widget-container\">\n\t\t\t\t\t<h2 class=\"elementor-heading-title elementor-size-default\">6 fokozott aktivit\u00e1s\u00fa vezet\u0151 bakt\u00e9riumt\u00f6rzs az optim\u00e1lis koloniz\u00e1ci\u00f3\u00e9rt<\/h2>\t\t\t\t<\/div>\n\t\t\t\t<\/div>\n\t\t\t\t<div class=\"elementor-element elementor-element-6f60c66 elementor-widget elementor-widget-video\" data-id=\"6f60c66\" data-element_type=\"widget\" data-settings=\"{&quot;video_type&quot;:&quot;hosted&quot;,&quot;controls&quot;:&quot;yes&quot;}\" data-widget_type=\"video.default\">\n\t\t\t\t<div class=\"elementor-widget-container\">\n\t\t\t\t\t\t\t<div class=\"e-hosted-video elementor-wrapper elementor-open-inline\">\n\t\t\t\t\t<video class=\"elementor-video\" src=\"https:\/\/www.omni-biotic.com\/hu-hu\/wp-content\/uploads\/sites\/7\/2022\/04\/Omnibiotic-6.mp4\" controls=\"\" preload=\"metadata\" controlsList=\"nodownload\"><\/video>\n\t\t\t\t<\/div>\n\t\t\t\t\t\t<\/div>\n\t\t\t\t<\/div>\n\t\t\t\t\t<\/div>\n\t\t\t\t<\/div>\n\t\t<div class=\"elementor-element elementor-element-fffc60e obcs none e-flex e-con-boxed e-con e-parent\" data-id=\"fffc60e\" data-element_type=\"container\">\n\t\t\t\t\t<div class=\"e-con-inner\">\n\t\t\t\t<div class=\"elementor-element elementor-element-d435d77 elementor-widget elementor-widget-text-editor\" data-id=\"d435d77\" data-element_type=\"widget\" data-widget_type=\"text-editor.default\">\n\t\t\t\t<div class=\"elementor-widget-container\">\n\t\t\t\t\t\t\t\t\t<p>A t\u00f6bb fajb\u00f3l \u00e1ll\u00f3 probiotikus OMNi-BiOTiC\u00ae 6 vezet\u0151 bakt\u00e9riumt\u00f6rzseket tartalmaz, amelyek minden ember <strong>b\u00e9lrendszer\u00e9ben<\/strong> megtal\u00e1lhat\u00f3ak. A sz\u00f3ban forg\u00f3 <strong>bakt\u00e9riumok<\/strong> nem csak a b\u00e9lt koloniz\u00e1lj\u00e1k annak teljes hossz\u00e1ban, hanem sz\u00fcks\u00e9g eset\u00e9n horizont\u00e1lis g\u00e9ntranszfer \u00fatj\u00e1n \u00e1tadj\u00e1k k\u00fcl\u00f6nleges k\u00e9pess\u00e9geiket a t\u00f6bbi bakt\u00e9riumnak. Az OMNi-BiOTiC\u00ae 6-ban tal\u00e1lhat\u00f3 fontos \u00e9s <strong>rendk\u00edv\u00fcl akt\u00edv f\u0151 bakt\u00e9riumt\u00f6rzsek<\/strong> mindegyike megtal\u00e1lhat\u00f3 a napi adagban.<\/p><p>M\u00e1r egy gramm OMNi-BiOTiC\u00ae 6 is 6 emberi bakt\u00e9riumt\u00f6rzset tartalmaz, legal\u00e1bb 1 milli\u00e1rdos mennyis\u00e9gben:<\/p><ul><li><em>Bifidobacterium animalis W53<\/em><\/li><li><em>Lactobacillus acidophilus W55<\/em><\/li><li><em>Lactobacillus salivarius W57<\/em><\/li><li><em>Enterococcus faecium W54<\/em><\/li><li><em>Lactococcus lactis W58<\/em><\/li><li><em>Lactobacillus casei W56<\/em><\/li><\/ul>\t\t\t\t\t\t\t\t<\/div>\n\t\t\t\t<\/div>\n\t\t\t\t\t<\/div>\n\t\t\t\t<\/div>\n\t\t<div class=\"elementor-element elementor-element-af9e850 obcs none e-flex e-con-boxed e-con e-parent\" data-id=\"af9e850\" data-element_type=\"container\">\n\t\t\t\t\t<div class=\"e-con-inner\">\n\t\t\t\t<div class=\"elementor-element elementor-element-0b533ae elementor-widget elementor-widget-heading\" data-id=\"0b533ae\" data-element_type=\"widget\" data-widget_type=\"heading.default\">\n\t\t\t\t<div class=\"elementor-widget-container\">\n\t\t\t\t\t<h2 class=\"elementor-heading-title elementor-size-default\">Az OMNi-BiOTiC\u00ae 6 k\u00f6veti a legszigor\u00fabb min\u0151s\u00e9gi el\u0151\u00edr\u00e1sokat!<\/h2>\t\t\t\t<\/div>\n\t\t\t\t<\/div>\n\t\t\t\t\t<\/div>\n\t\t\t\t<\/div>\n\t\t<div class=\"elementor-element elementor-element-719a1ba obcs none e-flex e-con-boxed e-con e-parent\" data-id=\"719a1ba\" data-element_type=\"container\">\n\t\t\t\t\t<div class=\"e-con-inner\">\n\t\t\t\t<div class=\"elementor-element elementor-element-0e12b0e elementor-widget elementor-widget-text-editor\" data-id=\"0e12b0e\" data-element_type=\"widget\" data-widget_type=\"text-editor.default\">\n\t\t\t\t<div class=\"elementor-widget-container\">\n\t\t\t\t\t\t\t\t\t<p>Az <a href=\"https:\/\/www.omni-biotic.com\/hu-hu\/rolunk\/institut-allergosan\/\"><strong>Institut AllergoSan<\/strong><\/a> Ausztria vezet\u0151 k\u00f6zpontja a<a href=\"https:\/\/www.omni-biotic.com\/hu-hu\/rolunk\/institut-allergosan\/kompetenciakozpont\/\"> mikrobiom-kutat\u00e1s<\/a> ter\u00fclet\u00e9n. Term\u00e9keinek gy\u00e1rt\u00e1sa sor\u00e1n szigor\u00fa <a href=\"https:\/\/www.omni-biotic.com\/hu\/minosegi-kriteriumok\/\"><strong>min\u0151s\u00e9gi krit\u00e9riumokat<\/strong><\/a> alkalmazunk. Az Institut AllergoSan term\u00e9kei a WHO, a WGO, az FDA \u00e9s az OePROM orvosi <strong>pro- \u00e9s szinbiotikumokra<\/strong> vonatkoz\u00f3 min\u0151s\u00e9gi krit\u00e9riumai szerint k\u00e9sz\u00fclnek.<\/p>\t\t\t\t\t\t\t\t<\/div>\n\t\t\t\t<\/div>\n\t\t\t\t\t<\/div>\n\t\t\t\t<\/div>\n\t\t<div class=\"elementor-element elementor-element-d75a795 obcs none e-flex e-con-boxed e-con e-parent\" data-id=\"d75a795\" data-element_type=\"container\">\n\t\t\t\t\t<div class=\"e-con-inner\">\n\t\t\t\t<div class=\"elementor-element elementor-element-6df1216 elementor-align-center elementor-widget elementor-widget-button\" data-id=\"6df1216\" data-element_type=\"widget\" data-widget_type=\"button.default\">\n\t\t\t\t<div class=\"elementor-widget-container\">\n\t\t\t\t\t\t\t\t\t<div class=\"elementor-button-wrapper\">\n\t\t\t\t\t<a class=\"elementor-button elementor-button-link elementor-size-md\" href=\"https:\/\/www.omni-biotic.com\/hu-hu\/rolunk\/kutatas-fejlesztes\/minosegi-kriteriumok\/\">\n\t\t\t\t\t\t<span class=\"elementor-button-content-wrapper\">\n\t\t\t\t\t\t\t\t\t<span class=\"elementor-button-text\">Min\u0151s\u00e9gi krit\u00e9riumok<\/span>\n\t\t\t\t\t<\/span>\n\t\t\t\t\t<\/a>\n\t\t\t\t<\/div>\n\t\t\t\t\t\t\t\t<\/div>\n\t\t\t\t<\/div>\n\t\t\t\t\t<\/div>\n\t\t\t\t<\/div>\n\t\t<div class=\"elementor-element elementor-element-23d099e obcs none e-flex e-con-boxed e-con e-parent\" data-id=\"23d099e\" data-element_type=\"container\">\n\t\t\t\t\t<div class=\"e-con-inner\">\n\t\t\t\t<div class=\"elementor-element elementor-element-23c84b8 elementor-widget elementor-widget-text-editor\" data-id=\"23c84b8\" data-element_type=\"widget\" data-widget_type=\"text-editor.default\">\n\t\t\t\t<div class=\"elementor-widget-container\">\n\t\t\t\t\t\t\t\t\t<p>K\u00fcl\u00f6n\u00f6sen a <a href=\"https:\/\/www.omni-biotic.com\/hu\/a-mikrobiomkutatas-kompetenciakoezpontja\/\">mikrobiom-kutat\u00e1s<\/a> \u2013 azaz az emberen \u00e9s emberben \u00e9l\u0151 <strong>mikroorganizmusok<\/strong> elemz\u00e9se \u2013 ter\u00fclet\u00e9n szerzett nemzetk\u00f6zileg elismert nevet az Institut AllergoSan. Az ezen a ter\u00fcleten v\u00e9gzett sz\u00e1mtalan <a href=\"https:\/\/www.omni-biotic.com\/hu\/kutatasi-projektek\/\">kutat\u00e1si projekt<\/a> vil\u00e1gszerte nagyfok\u00fa inform\u00e1ci\u00f3cser\u00e9hez vezetett az int\u00e9zet munkat\u00e1rsai, valamint kutat\u00f3int\u00e9zetek \u00e9s egyetemek k\u00f6z\u00f6tt.<\/p><p>Az Institut AllergoSan az egyik legnagyobb osztr\u00e1k <a href=\"https:\/\/www.omni-biotic.com\/hu\/kutatasi-projektek\/\">tudom\u00e1nyos projektben<\/a>, a CBmed-ben n\u00e9gy kutat\u00e1s keret\u00e9ben is megcsillogtatta szak\u00e9rtelm\u00e9t. A projekt c\u00e9lja a k\u00fcl\u00f6nb\u00f6z\u0151 betegs\u00e9gek biomarkereinek felt\u00e9rk\u00e9pez\u00e9se. Az <strong>Institut AllergoSan<\/strong> szinbiotikumokkal t\u00e1mogatja, \u00e9s rem\u00e9li, hogy jelent\u0151s tudom\u00e1nyos hozz\u00e1j\u00e1rul\u00e1st tud ny\u00fajtani a cukorbetegs\u00e9g \u00e9s az elh\u00edz\u00e1s, a szepszis kialakul\u00e1sa, a NASH (nem alkoholos steatohepatitis) kezel\u00e9se, valamint az <a href=\"https:\/\/www.omni-biotic.com\/hu\/bel-agy-tengely\/\">agyat<\/a> \u00e9rint\u0151 betegs\u00e9gek ter\u00fclet\u00e9n.<\/p><p>A <strong>term\u00e9kek gy\u00e1rt\u00e1sa<\/strong> a legmagasabb <strong>gy\u00f3gyszeripari standard-ek <\/strong>(GMP \u2013 min\u0151s\u00e9gellen\u0151rz\u00e9s) alapj\u00e1n t\u00f6rt\u00e9nik, \u00e9s folyamatosan \u00e9p\u00edti be a <strong>leg\u00fajabb tudom\u00e1nyos eredm\u00e9nyeket<\/strong> a term\u00e9kfejleszt\u00e9sbe. A holisztikus fiziol\u00f3giai \u00e9s orvosi szempontok alapj\u00e1n kifejlesztett formul\u00e1k <strong>egyedis\u00e9g\u00fckben<\/strong> gyakran k\u00fcl\u00f6nb\u00f6znek egym\u00e1st\u00f3l.<\/p><p>A nemzetk\u00f6zileg elismert tud\u00e1s, a biol\u00f3giai hozz\u00e1f\u00e9rhet\u0151s\u00e9g, a cs\u00facsaktivit\u00e1s \u00e9s az emberi b\u00e9lrendszerben val\u00f3 szaporod\u00e1s fontoss\u00e1ga mellett az int\u00e9zet a csomagol\u00e1sra \u00e9s a term\u00e9ksz\u00e1ll\u00edt\u00e1sra is jelent\u0151s hangs\u00falyt fektet. Ennek oka, hogy a mikroorganizmusok stabilit\u00e1s\u00e1t m\u00e9g magas h\u0151m\u00e9rs\u00e9kleten is fontos biztos\u00edtani. Az OMNi-BiOTiC\u00ae m\u00e1rk\u00e1j\u00fa probiotikumokat <strong>tasakokba<\/strong> vagy \u00fcveg fiol\u00e1kba csomagolj\u00e1k, annak \u00e9rdek\u00e9ben, hogy ide\u00e1lis \u00e9s p\u00e1ratartalom-stabil k\u00f6rnyezetet biztos\u00edtsanak.<\/p><p>Ez a csomagol\u00e1si m\u00f3d nemcsak azt teszi lehet\u0151v\u00e9, hogy ezek a bakt\u00e9riumok t\u00f6k\u00e9letesen rehidrat\u00e1l\u00f3djanak a testen k\u00edv\u00fcl, hanem egy speci\u00e1lis m\u00e1trix seg\u00edts\u00e9g\u00e9vel aktiv\u00e1lj\u00e1k is \u0151ket. Ez biztos\u00edtja a <a href=\"https:\/\/www.omni-biotic.com\/hu\/belbakteriumok\/\">bakt\u00e9riumok<\/a> sz\u00e1m\u00e1ra a lehet\u0151 legjobb ellen\u00e1ll\u00f3k\u00e9pess\u00e9get a b\u00e9lrendszerbe vezet\u0151 \u00fatjuk sor\u00e1n.<\/p><p>Az OMNi-BiOTiC\u00ae 6-ban tal\u00e1lhat\u00f3 bakt\u00e9riumt\u00f6rzsek genetikailag szekven\u00e1ltak, a <strong>legmagasabb biztons\u00e1gi el\u0151\u00edr\u00e1soknak<\/strong> megfelel\u0151en teszteltek, antibiotikum-rezisztenci\u00e1t\u00f3l mentesek \u00e9s nemzetk\u00f6zileg elismert regisztr\u00e1ci\u00f3val rendelkeznek. Tov\u00e1bb\u00e1 ezeket a bakt\u00e9riumt\u00f6rzseket az amszterdami \u201cNIZO Food Research\u201d f\u00fcggetlen szervezet a legmagasabb technol\u00f3giai szabv\u00e1nyoknak megfelel\u0151en azonos\u00edtotta \u00e9s kategoriz\u00e1lta.<\/p><p>Ezenk\u00edv\u00fcl az <strong>OMNi-BiOTiC\u00ae 6-ban<\/strong> egyes\u00edtett bakt\u00e9riumt\u00f6rzseket a legmagasabb biztons\u00e1gi el\u0151\u00edr\u00e1soknak megfelel\u0151en \u0151rzik a DSMZ (N\u00e9met Mikroorganizmusok \u00e9s Sejtkult\u00far\u00e1k Gy\u0171jtem\u00e9nye)\u00a0<span style=\"color: var( --e-global-color-text );text-align: var(--text-align);background-color: inherit;font-family: var( --e-global-typography-text-font-family ), -apple-system,BlinkMacSystemFont,Segoe UI,Roboto,Helvetica Neue,Arial,Noto Sans,sans-serif;font-size: var( --e-global-typography-text-font-size );font-style: var( --e-global-typography-text-font-style );font-weight: var( --e-global-typography-text-font-weight );letter-spacing: var( --e-global-typography-text-letter-spacing );text-transform: var( --e-global-typography-text-text-transform )\">\u201e<\/span><span style=\"color: var( --e-global-color-text );text-align: var(--text-align);background-color: inherit;font-family: var( --e-global-typography-text-font-family ), -apple-system,BlinkMacSystemFont,Segoe UI,Roboto,Helvetica Neue,Arial,Noto Sans,sans-serif;font-size: var( --e-global-typography-text-font-size );font-style: var( --e-global-typography-text-font-style );font-weight: var( --e-global-typography-text-font-weight );letter-spacing: var( --e-global-typography-text-letter-spacing );text-transform: var( --e-global-typography-text-text-transform )\">sz\u00e9fj\u00e9ben\u201d. Itt rendszeresen vizsg\u00e1lj\u00e1k \u0151ket, hogy megbizonyosodjanak arr\u00f3l, hogy nem \u00e1llnak fenn genetikai mut\u00e1ci\u00f3k.<\/span><\/p>\t\t\t\t\t\t\t\t<\/div>\n\t\t\t\t<\/div>\n\t\t\t\t<div class=\"elementor-element elementor-element-779f34e elementor-widget elementor-widget-image\" data-id=\"779f34e\" data-element_type=\"widget\" data-widget_type=\"image.default\">\n\t\t\t\t<div class=\"elementor-widget-container\">\n\t\t\t\t\t\t\t\t\t\t\t\t\t\t\t<img loading=\"lazy\" decoding=\"async\" width=\"800\" height=\"800\" src=\"https:\/\/www.omni-biotic.com\/hu-hu\/wp-content\/uploads\/sites\/7\/2024\/02\/HU_OB_6_szerencsekerek-1024x1024.jpg\" class=\"attachment-large size-large wp-image-22677\" alt=\"omni-biotic, probiotikum, tasak, por formula, puffad\u00e1s ellen\" srcset=\"https:\/\/www.omni-biotic.com\/hu-hu\/wp-content\/uploads\/sites\/7\/2024\/02\/HU_OB_6_szerencsekerek-1024x1024.jpg 1024w, https:\/\/www.omni-biotic.com\/hu-hu\/wp-content\/uploads\/sites\/7\/2024\/02\/HU_OB_6_szerencsekerek-300x300.jpg 300w, https:\/\/www.omni-biotic.com\/hu-hu\/wp-content\/uploads\/sites\/7\/2024\/02\/HU_OB_6_szerencsekerek-150x150.jpg 150w, https:\/\/www.omni-biotic.com\/hu-hu\/wp-content\/uploads\/sites\/7\/2024\/02\/HU_OB_6_szerencsekerek-768x768.jpg 768w, https:\/\/www.omni-biotic.com\/hu-hu\/wp-content\/uploads\/sites\/7\/2024\/02\/HU_OB_6_szerencsekerek-1536x1536.jpg 1536w, https:\/\/www.omni-biotic.com\/hu-hu\/wp-content\/uploads\/sites\/7\/2024\/02\/HU_OB_6_szerencsekerek-2048x2048.jpg 2048w, https:\/\/www.omni-biotic.com\/hu-hu\/wp-content\/uploads\/sites\/7\/2024\/02\/HU_OB_6_szerencsekerek-1920x1920.jpg 1920w\" sizes=\"(max-width: 800px) 100vw, 800px\" title=\"\">\t\t\t\t\t\t\t\t\t\t\t\t\t\t\t<\/div>\n\t\t\t\t<\/div>\n\t\t\t\t\t<\/div>\n\t\t\t\t<\/div>\n\t\t<div class=\"elementor-element elementor-element-9613112 obcs none e-flex e-con-boxed e-con e-parent\" data-id=\"9613112\" data-element_type=\"container\">\n\t\t\t\t\t<div class=\"e-con-inner\">\n\t\t\t\t<div class=\"elementor-element elementor-element-ab5b3a3 elementor-widget elementor-widget-heading\" data-id=\"ab5b3a3\" data-element_type=\"widget\" data-widget_type=\"heading.default\">\n\t\t\t\t<div class=\"elementor-widget-container\">\n\t\t\t\t\t<h2 class=\"elementor-heading-title elementor-size-default\">Seg\u00edthet a renyhe b\u00e9lm\u0171k\u00f6d\u00e9s helyre\u00e1ll\u00edt\u00e1s\u00e1ban!<\/h2>\t\t\t\t<\/div>\n\t\t\t\t<\/div>\n\t\t\t\t\t<\/div>\n\t\t\t\t<\/div>\n\t\t<div class=\"elementor-element elementor-element-22bc0c3 obcs none e-flex e-con-boxed e-con e-parent\" data-id=\"22bc0c3\" data-element_type=\"container\">\n\t\t\t\t\t<div class=\"e-con-inner\">\n\t\t\t\t<div class=\"elementor-element elementor-element-f6ce8ef elementor-widget elementor-widget-text-editor\" data-id=\"f6ce8ef\" data-element_type=\"widget\" data-widget_type=\"text-editor.default\">\n\t\t\t\t<div class=\"elementor-widget-container\">\n\t\t\t\t\t\t\t\t\t<p>B\u00e9lbakt\u00e9riumaink k\u00fcl\u00f6nf\u00e9le fontos feladatokat l\u00e1tnak a szervezet\u00fcnkben el. Seg\u00edtenek a b\u00e9lg\u00e1t kialak\u00edt\u00e1s\u00e1ban a bakt\u00e9riumok elleni k\u00fczdelemben, k\u00f6zrem\u0171k\u00f6dnek a m\u00e9reganyagok elt\u00e1vol\u00edt\u00e1s\u00e1ban, \u00e9s seg\u00edtik szervezet\u00fcnket a l\u00e9tfontoss\u00e1g\u00fa anyagok felv\u00e9tel\u00e9ben \u00e9s el\u0151\u00e1ll\u00edt\u00e1s\u00e1ban. A\u00a0<span style=\"color: var( --e-global-color-text );text-align: var(--text-align);background-color: inherit;font-family: var( --e-global-typography-text-font-family ), -apple-system,BlinkMacSystemFont,Segoe UI,Roboto,Helvetica Neue,Arial,Noto Sans,sans-serif;font-size: var( --e-global-typography-text-font-size );font-style: var( --e-global-typography-text-font-style );font-weight: var( --e-global-typography-text-font-weight );letter-spacing: var( --e-global-typography-text-letter-spacing );text-transform: var( --e-global-typography-text-text-transform )\">\u201ej<\/span><span style=\"color: var( --e-global-color-text );text-align: var(--text-align);background-color: inherit;font-family: var( --e-global-typography-text-font-family ), -apple-system,BlinkMacSystemFont,Segoe UI,Roboto,Helvetica Neue,Arial,Noto Sans,sans-serif;font-size: var( --e-global-typography-text-font-size );font-style: var( --e-global-typography-text-font-style );font-weight: var( --e-global-typography-text-font-weight );letter-spacing: var( --e-global-typography-text-letter-spacing );text-transform: var( --e-global-typography-text-text-transform )\">\u00f3 bakt\u00e9riumok\u201d azonban kiszorulhatnak a b\u00e9lrendszerb\u0151l (t\u00f6bbek k\u00f6z\u00f6tt az eg\u00e9szs\u00e9gtelen t\u00e1pl\u00e1lkoz\u00e1s, a stressz vagy ak\u00e1r a gy\u00f3gyszerek hat\u00e1s\u00e1ra) \u2013 ennek k\u00f6vetkezt\u00e9ben diszbi\u00f3zis,\u00a0<\/span><span style=\"color: var( --e-global-color-text );text-align: var(--text-align);background-color: inherit;font-family: var( --e-global-typography-text-font-family ), -apple-system,BlinkMacSystemFont,Segoe UI,Roboto,Helvetica Neue,Arial,Noto Sans,sans-serif;font-size: var( --e-global-typography-text-font-size );font-style: var( --e-global-typography-text-font-style );font-weight: var( --e-global-typography-text-font-weight );letter-spacing: var( --e-global-typography-text-letter-spacing );text-transform: var( --e-global-typography-text-text-transform )\">\u201e<\/span><span style=\"background-color: inherit;color: var( --e-global-color-text );font-family: var( --e-global-typography-text-font-family ), -apple-system,BlinkMacSystemFont,Segoe UI,Roboto,Helvetica Neue,Arial,Noto Sans,sans-serif;font-size: var( --e-global-typography-text-font-size );font-style: var( --e-global-typography-text-font-style );font-weight: var( --e-global-typography-text-font-weight );letter-spacing: var( --e-global-typography-text-letter-spacing );text-align: var(--text-align);text-transform: var( --e-global-typography-text-text-transform )\">egyens\u00falyhi\u00e1ny\u201d alakul ki a b\u00e9lrendszerben.<\/span><\/p><p>Ennek k\u00f6vetkezm\u00e9nye, hogy az idegen bakt\u00e9riumok k\u00f6nnyebben elszaporodhatnak, a m\u00e9reganyagok m\u00e1r nem ker\u00fclnek ki\u00fcr\u00edt\u00e9sre, a belek renyh\u00e9v\u00e9 v\u00e1lnak, a t\u00e1panyagok felsz\u00edv\u00e1s\u00e1nak hat\u00e1sfoka cs\u00f6kken, s\u0151t bizonyos \u00e9telek toler\u00e1lhatatlann\u00e1 v\u00e1lnak. Ilyen esetekben a fokozott aktivit\u00e1s\u00fa b\u00e9lbakt\u00e9riumok p\u00f3tl\u00e1sa seg\u00edthet abban, hogy b\u00e9lrendszer\u00fcnk \u00fajra a r\u00e9gi ker\u00e9kv\u00e1g\u00e1sba ker\u00fclj\u00f6n.<\/p><p>*A t\u00f6bb fajb\u00f3l \u00e1ll\u00f3 probiotikus OMNi-BiOTiC\u00ae 6 \u00fagynevezett kulcsfontoss\u00e1g\u00fa bakt\u00e9riumt\u00f6rzseket tartalmaz!<\/p><p>**Quelle: IQVIA MAT 06\/2020<\/p>\t\t\t\t\t\t\t\t<\/div>\n\t\t\t\t<\/div>\n\t\t\t\t\t<\/div>\n\t\t\t\t<\/div>\n\t\t<div class=\"elementor-element elementor-element-18a252a obcs none e-flex e-con-boxed e-con e-parent\" data-id=\"18a252a\" data-element_type=\"container\">\n\t\t\t\t\t<div class=\"e-con-inner\">\n\t\t\t\t<div class=\"elementor-element elementor-element-99716a0 elementor-align-center elementor-widget elementor-widget-button\" data-id=\"99716a0\" data-element_type=\"widget\" data-widget_type=\"button.default\">\n\t\t\t\t<div class=\"elementor-widget-container\">\n\t\t\t\t\t\t\t\t\t<div class=\"elementor-button-wrapper\">\n\t\t\t\t\t<a class=\"elementor-button elementor-button-link elementor-size-md\" href=\"https:\/\/shop.omni-biotic.com\/hu-hu\/products\/omni-biotic-6-int-99104\">\n\t\t\t\t\t\t<span class=\"elementor-button-content-wrapper\">\n\t\t\t\t\t\t\t\t\t<span class=\"elementor-button-text\">A term\u00e9khez<\/span>\n\t\t\t\t\t<\/span>\n\t\t\t\t\t<\/a>\n\t\t\t\t<\/div>\n\t\t\t\t\t\t\t\t<\/div>\n\t\t\t\t<\/div>\n\t\t\t\t<div class=\"elementor-element elementor-element-9da55a2 elementor-widget elementor-widget-image\" data-id=\"9da55a2\" data-element_type=\"widget\" data-widget_type=\"image.default\">\n\t\t\t\t<div class=\"elementor-widget-container\">\n\t\t\t\t\t\t\t\t\t\t\t\t\t\t\t<img loading=\"lazy\" decoding=\"async\" width=\"800\" height=\"800\" src=\"https:\/\/www.omni-biotic.com\/hu-hu\/wp-content\/uploads\/sites\/7\/2024\/02\/omni-biotic_probiotikum-1024x1024.png\" class=\"attachment-large size-large wp-image-22668\" alt=\"omni-biotic, probiotikum, tasak, por formula, puffad\u00e1s ellen\" srcset=\"https:\/\/www.omni-biotic.com\/hu-hu\/wp-content\/uploads\/sites\/7\/2024\/02\/omni-biotic_probiotikum-1024x1024.png 1024w, https:\/\/www.omni-biotic.com\/hu-hu\/wp-content\/uploads\/sites\/7\/2024\/02\/omni-biotic_probiotikum-300x300.png 300w, https:\/\/www.omni-biotic.com\/hu-hu\/wp-content\/uploads\/sites\/7\/2024\/02\/omni-biotic_probiotikum-150x150.png 150w, https:\/\/www.omni-biotic.com\/hu-hu\/wp-content\/uploads\/sites\/7\/2024\/02\/omni-biotic_probiotikum-768x768.png 768w, https:\/\/www.omni-biotic.com\/hu-hu\/wp-content\/uploads\/sites\/7\/2024\/02\/elementor\/thumbs\/omni-biotic_probiotikum-qome7ijmkikygpsozszevz0y75ugf4gngwu7p5sgvk.png 600w, https:\/\/www.omni-biotic.com\/hu-hu\/wp-content\/uploads\/sites\/7\/2024\/02\/elementor\/thumbs\/omni-biotic_probiotikum-qome7ijlcnsiupmykw48rw6l5tmtrd8xl491jrb8ug.png 500w, https:\/\/www.omni-biotic.com\/hu-hu\/wp-content\/uploads\/sites\/7\/2024\/02\/omni-biotic_probiotikum.png 1500w\" sizes=\"(max-width: 800px) 100vw, 800px\" title=\"\">\t\t\t\t\t\t\t\t\t\t\t\t\t\t\t<\/div>\n\t\t\t\t<\/div>\n\t\t\t\t\t<\/div>\n\t\t\t\t<\/div>\n\t\t\t\t<\/div>\n\t\t","protected":false},"excerpt":{"rendered":"<p>Napjainkban a probiotikumok szerepe egyre jelent\u0151sebb\u00e9 v\u00e1lik j\u00f3ll\u00e9t\u00fcnk \u00e9s eg\u00e9szs\u00e9g\u00fcnk szemponj\u00e1tb\u00f3l. T\u00f6bb mint 25 \u00e9ve annak, hogy Anita Frauwallner kifejlesztette az els\u0151 t\u00f6bb t\u00f6rzsb\u0151l \u00e1ll\u00f3 probiotikumot, \u00e9s ezzel letette a b\u00e9leg\u00e9szs\u00e9g egyik alapk\u00f6v\u00e9t. Anita Frauwallner figyelm\u00e9t, egy a mag\u00e1n\u00e9let\u00e9ben bek\u00f6vetkezett csap\u00e1s keltette fel a b\u00e9lbakt\u00e9riumok \u00e9s azok fontoss\u00e1ga ir\u00e1nt. Olvassa el bejegyz\u00e9s\u00fcnket, \u00e9s tudja meg, [&hellip;]<\/p>\n","protected":false},"author":2,"featured_media":21376,"comment_status":"closed","ping_status":"closed","sticky":false,"template":"","format":"standard","meta":{"_acf_changed":false,"inline_featured_image":false,"footnotes":""},"categories":[115,110],"tags":[],"class_list":["post-16167","post","type-post","status-publish","format-standard","has-post-thumbnail","hentry","category-institut-allergosan","category-omni-biotic"],"acf":[],"rank_math":{"og:title":"\u00c9rdekess\u00e9gek az OMNi-BiOTiC\u00ae 6-r\u00f3l","og:desc":"Napjainkban a probiotikumok szerepe egyre jelent\u0151sebb\u00e9 v\u00e1lik j\u00f3ll\u00e9t\u00fcnk \u00e9s eg\u00e9szs\u00e9g\u00fcnk szemponj\u00e1tb\u00f3l. T\u00f6bb mint 25 \u00e9ve annak, hogy Anita Frauwallner","og:url":"https:\/\/www.omni-biotic.com\/hu-hu\/blog\/hat-teny-az-omni-biotic-6-rol\/","og:locale":"hu_HU","og:image":"https:\/\/www.omni-biotic.com\/hu-hu\/wp-content\/uploads\/sites\/7\/2022\/04\/OB_6_bakteriumok.jpg","og:image:width":"1280","og:image:height":"1920"},"additional_data":{"thumbnail":"https:\/\/www.omni-biotic.com\/hu-hu\/wp-content\/uploads\/sites\/7\/2022\/04\/OB_6_bakteriumok.jpg"},"blog_info":{"country":"hu-hu"},"_links":{"self":[{"href":"https:\/\/www.omni-biotic.com\/hu-hu\/wp-json\/wp\/v2\/posts\/16167","targetHints":{"allow":["GET"]}}],"collection":[{"href":"https:\/\/www.omni-biotic.com\/hu-hu\/wp-json\/wp\/v2\/posts"}],"about":[{"href":"https:\/\/www.omni-biotic.com\/hu-hu\/wp-json\/wp\/v2\/types\/post"}],"author":[{"embeddable":true,"href":"https:\/\/www.omni-biotic.com\/hu-hu\/wp-json\/wp\/v2\/users\/2"}],"replies":[{"embeddable":true,"href":"https:\/\/www.omni-biotic.com\/hu-hu\/wp-json\/wp\/v2\/comments?post=16167"}],"version-history":[{"count":7,"href":"https:\/\/www.omni-biotic.com\/hu-hu\/wp-json\/wp\/v2\/posts\/16167\/revisions"}],"predecessor-version":[{"id":23816,"href":"https:\/\/www.omni-biotic.com\/hu-hu\/wp-json\/wp\/v2\/posts\/16167\/revisions\/23816"}],"wp:featuredmedia":[{"embeddable":true,"href":"https:\/\/www.omni-biotic.com\/hu-hu\/wp-json\/wp\/v2\/media\/21376"}],"wp:attachment":[{"href":"https:\/\/www.omni-biotic.com\/hu-hu\/wp-json\/wp\/v2\/media?parent=16167"}],"wp:term":[{"taxonomy":"category","embeddable":true,"href":"https:\/\/www.omni-biotic.com\/hu-hu\/wp-json\/wp\/v2\/categories?post=16167"},{"taxonomy":"post_tag","embeddable":true,"href":"https:\/\/www.omni-biotic.com\/hu-hu\/wp-json\/wp\/v2\/tags?post=16167"}],"curies":[{"name":"wp","href":"https:\/\/api.w.org\/{rel}","templated":true}]}}