{"id":16186,"date":"2022-05-11T11:04:09Z","date_gmt":"2022-05-11T09:04:09Z","guid":{"rendered":"https:\/\/www.omni-biotic.com\/hu-hu\/a-turistak-multirezisztens-belbakteriumokat-visznek-haza-a-tavoli-orszagokbol\/"},"modified":"2024-02-27T15:01:36Z","modified_gmt":"2024-02-27T14:01:36Z","slug":"a-turistak-multirezisztens-belbakteriumokat-visznek-haza-a-tavoli-orszagokbol","status":"publish","type":"post","link":"https:\/\/www.omni-biotic.com\/hu-hu\/blog\/a-turistak-multirezisztens-belbakteriumokat-visznek-haza-a-tavoli-orszagokbol\/","title":{"rendered":"A turist\u00e1k multirezisztens b\u00e9lbakt\u00e9riumokat hoznak haza?"},"content":{"rendered":"\t\t<div data-elementor-type=\"wp-post\" data-elementor-id=\"16186\" class=\"elementor elementor-16186\" data-elementor-post-type=\"post\">\n\t\t\t\t<div class=\"elementor-element elementor-element-3b116ae obcs none e-flex e-con-boxed e-con e-parent\" data-id=\"3b116ae\" data-element_type=\"container\">\n\t\t\t\t\t<div class=\"e-con-inner\">\n\t\t\t\t<div class=\"elementor-element elementor-element-baf4250 elementor-widget elementor-widget-text-editor\" data-id=\"baf4250\" data-element_type=\"widget\" data-widget_type=\"text-editor.default\">\n\t\t\t\t<div class=\"elementor-widget-container\">\n\t\t\t\t\t\t\t\t\t<p><span style=\"color: #b6185c\"><em>Az antibiotikum-rezisztencia sz\u00e9les k\u00f6rben elterjedt azokban az orsz\u00e1gokban, ahol nem ellen\u0151rzik megfelel\u0151en e gy\u00f3gyszer haszn\u00e1lat\u00e1t. Glob\u00e1lis terjed\u00e9s\u00fckh\u00f6z a nemzetk\u00f6zi utaz\u00e1sok nagyban hozz\u00e1j\u00e1rulnak.<\/em><\/span><\/p>\t\t\t\t\t\t\t\t<\/div>\n\t\t\t\t<\/div>\n\t\t\t\t\t<\/div>\n\t\t\t\t<\/div>\n\t\t<div class=\"elementor-element elementor-element-c0e6d3a obcs none e-flex e-con-boxed e-con e-parent\" data-id=\"c0e6d3a\" data-element_type=\"container\">\n\t\t\t\t\t<div class=\"e-con-inner\">\n\t\t\t\t<div class=\"elementor-element elementor-element-7b41f6a elementor-widget elementor-widget-image\" data-id=\"7b41f6a\" data-element_type=\"widget\" data-widget_type=\"image.default\">\n\t\t\t\t<div class=\"elementor-widget-container\">\n\t\t\t\t\t\t\t\t\t\t\t\t\t\t\t<img fetchpriority=\"high\" decoding=\"async\" width=\"800\" height=\"470\" src=\"https:\/\/www.omni-biotic.com\/hu-hu\/wp-content\/uploads\/sites\/7\/2022\/05\/multirezisztens_bakteriumok_turistak_kozott.jpg\" class=\"attachment-large size-large wp-image-21297\" alt=\"multirezisztens bakt\u00e9riumok, utaz\u00f3k hasmen\u00e9se, antibiotikum hat\u00e1sa, hasmen\u00e9s ellen, b\u00e9lbakt\u00e9riumok\" srcset=\"https:\/\/www.omni-biotic.com\/hu-hu\/wp-content\/uploads\/sites\/7\/2022\/05\/multirezisztens_bakteriumok_turistak_kozott.jpg 1024w, https:\/\/www.omni-biotic.com\/hu-hu\/wp-content\/uploads\/sites\/7\/2022\/05\/multirezisztens_bakteriumok_turistak_kozott-300x176.jpg 300w, https:\/\/www.omni-biotic.com\/hu-hu\/wp-content\/uploads\/sites\/7\/2022\/05\/multirezisztens_bakteriumok_turistak_kozott-768x452.jpg 768w\" sizes=\"(max-width: 800px) 100vw, 800px\" title=\"\">\t\t\t\t\t\t\t\t\t\t\t\t\t\t\t<\/div>\n\t\t\t\t<\/div>\n\t\t\t\t\t<\/div>\n\t\t\t\t<\/div>\n\t\t<div class=\"elementor-element elementor-element-ec50be2 obcs none e-flex e-con-boxed e-con e-parent\" data-id=\"ec50be2\" data-element_type=\"container\">\n\t\t\t\t\t<div class=\"e-con-inner\">\n\t\t\t\t<div class=\"elementor-element elementor-element-f07e21b elementor-widget elementor-widget-text-editor\" data-id=\"f07e21b\" data-element_type=\"widget\" data-widget_type=\"text-editor.default\">\n\t\t\t\t<div class=\"elementor-widget-container\">\n\t\t\t\t\t\t\t\t\t<p>Az egzotikus orsz\u00e1gokba<strong> l\u00e1togat\u00f3k sz\u00e1zmilli\u00f3i<\/strong> vannak ez\u00e1ltal minden \u00e9vben <strong>kit\u00e9ve<\/strong> a <strong>multirezisztens<\/strong> gram-negat\u00edv <a href=\"https:\/\/www.omni-biotic.com\/hu\/belbakteriumok\/\"><strong>b\u00e9lbakt\u00e9riumoknak<\/strong><\/a>, melynek eredm\u00e9nye, hogy <strong>30-70%<\/strong>-uk hazat\u00e9r\u00e9skor ezekkel a <strong>bakt\u00e9riumokkal koloniz\u00e1l\u00f3dik<\/strong>.<\/p><p>A vesz\u00e9lyeztetett ter\u00fcleteken a koloniz\u00e1ci\u00f3 folyamata kev\u00e9ss\u00e9 dokument\u00e1lt, mivel a <a href=\"https:\/\/www.omni-biotic.com\/hu-hu\/a-belrendszer-egeszsege\/a-bel-az-egeszseg-kozpontja\/belmikrobiom\/\"><strong>mikrobiom<\/strong> <\/a>\u00f6sszet\u00e9tel\u00e9re vonatkoz\u00f3 sz\u00fcks\u00e9ges adatokat eddig \u00e1ltal\u00e1ban csak egyszer \u2013 az utaz\u00e1s el\u0151tt \u00e9s ut\u00e1n \u2013 gy\u0171jt\u00f6tt\u00e9k be.<\/p><p>Ez az els\u0151 olyan tanulm\u00e1ny, amely elemzi a <strong>turist\u00e1k<\/strong> multirezisztens bakt\u00e9riumokkal val\u00f3 <strong>koloniz\u00e1ci\u00f3j\u00e1nak pontos dinamik\u00e1j\u00e1t<\/strong>, \u00f6nk\u00e9ntes sz\u00e9kletmint\u00e1k huzamosabb id\u0151n (22 nap) kereszt\u00fcl t\u00f6rt\u00e9n\u0151 lev\u00e9tel\u00e9vel.<\/p>\t\t\t\t\t\t\t\t<\/div>\n\t\t\t\t<\/div>\n\t\t\t\t\t<\/div>\n\t\t\t\t<\/div>\n\t\t<div class=\"elementor-element elementor-element-0fdc5c4 obcs none e-flex e-con-boxed e-con e-parent\" data-id=\"0fdc5c4\" data-element_type=\"container\">\n\t\t\t\t\t<div class=\"e-con-inner\">\n\t\t\t\t<div class=\"elementor-element elementor-element-89a1eb4 elementor-widget elementor-widget-heading\" data-id=\"89a1eb4\" data-element_type=\"widget\" data-widget_type=\"heading.default\">\n\t\t\t\t<div class=\"elementor-widget-container\">\n\t\t\t\t\t<h2 class=\"elementor-heading-title elementor-size-default\">A tanulm\u00e1ny l\u00e9nyeges pontjai:<\/h2>\t\t\t\t<\/div>\n\t\t\t\t<\/div>\n\t\t\t\t\t<\/div>\n\t\t\t\t<\/div>\n\t\t<div class=\"elementor-element elementor-element-6c08256 obcs none e-flex e-con-boxed e-con e-parent\" data-id=\"6c08256\" data-element_type=\"container\">\n\t\t\t\t\t<div class=\"e-con-inner\">\n\t\t\t\t<div class=\"elementor-element elementor-element-17b3a1f elementor-widget elementor-widget-text-editor\" data-id=\"17b3a1f\" data-element_type=\"widget\" data-widget_type=\"text-editor.default\">\n\t\t\t\t<div class=\"elementor-widget-container\">\n\t\t\t\t\t\t\t\t\t<ul><li>A megtelepedett multirezisztens t\u00f6rzsek meglep\u0151en magas sz\u00e1ma, amellett, hogy felt\u00e1rja a k\u00fclf\u00f6ld\u00f6n tapasztalhat\u00f3 antibiotikum-rezisztencia terh\u00e9t, azt jelzi, hogy az <strong>utaz\u00f3k sokkal nagyobb kock\u00e1zatnak vannak kit\u00e9ve<\/strong>, mint kor\u00e1bban gondolt\u00e1k.<\/li><li>A kiterjesztett spektrum\u00fa \u03b2-laktam\u00e1zok (<strong>ESBL<\/strong>-ek) olyan <strong>enzimek<\/strong>, amelyeket gram-negat\u00edv b\u00e9lbakt\u00e9riumok, p\u00e9ld\u00e1ul az <strong><a href=\"https:\/\/www.omni-biotic.com\/hu-hu\/blog\/hugyuti-fertozes-az-e-coli-szorosan-tapad-a-felueletekhez\/\"><em>Escherichia coli<\/em><\/a><\/strong> \u00e9s a <em>Klebsiella<\/em> termelnek, \u00e9s amelyek az olyan fontos <strong>antibiotikumokat<\/strong>, mint a penicillin, a cefalosporin \u00e9s a monobakt\u00e1m <strong>hat\u00e1stalan\u00edtj\u00e1k<\/strong>.<\/li><li>Az ESBL g\u00e9njei plazmidokban (sejtorganellumok) tal\u00e1lhat\u00f3k, amelyek az azonos fajba tartoz\u00f3 bakt\u00e9riumok k\u00f6z\u00f6tt cser\u00e9l\u0151dhetnek.<\/li><li>A vizsg\u00e1latban r\u00e9szt vev\u0151 <strong>mind a 20 r\u00e9sztvev\u0151<\/strong> <strong>rendelkezett<\/strong> valamikor <strong>ESBL-g\u00e9nt<\/strong> mag\u00e1\u00e9nak tudhat\u00f3 <strong>bakt\u00e9riummal<\/strong>.<\/li><li>Amikor Eur\u00f3p\u00e1ba <strong>hazat\u00e9rtek<\/strong>, a <strong>nyaral\u00f3k 70%-a m\u00e9g mindig ESBL-pozit\u00edv<\/strong> volt.<\/li><\/ul><p>.<\/p>\t\t\t\t\t\t\t\t<\/div>\n\t\t\t\t<\/div>\n\t\t\t\t\t<\/div>\n\t\t\t\t<\/div>\n\t\t<div class=\"elementor-element elementor-element-df6e8e3 obcs none e-flex e-con-boxed e-con e-parent\" data-id=\"df6e8e3\" data-element_type=\"container\">\n\t\t\t\t\t<div class=\"e-con-inner\">\n\t\t\t\t<div class=\"elementor-element elementor-element-89c492e elementor-widget elementor-widget-heading\" data-id=\"89c492e\" data-element_type=\"widget\" data-widget_type=\"heading.default\">\n\t\t\t\t<div class=\"elementor-widget-container\">\n\t\t\t\t\t<h2 class=\"elementor-heading-title elementor-size-default\">K\u00f6vetkeztet\u00e9s<\/h2>\t\t\t\t<\/div>\n\t\t\t\t<\/div>\n\t\t\t\t\t<\/div>\n\t\t\t\t<\/div>\n\t\t<div class=\"elementor-element elementor-element-03dcf55 obcs none e-flex e-con-boxed e-con e-parent\" data-id=\"03dcf55\" data-element_type=\"container\">\n\t\t\t\t\t<div class=\"e-con-inner\">\n\t\t\t\t<div class=\"elementor-element elementor-element-470382f elementor-widget elementor-widget-text-editor\" data-id=\"470382f\" data-element_type=\"widget\" data-widget_type=\"text-editor.default\">\n\t\t\t\t<div class=\"elementor-widget-container\">\n\t\t\t\t\t\t\t\t\t<p>A tanulm\u00e1ny hangs\u00falyozza, hogy az <strong>utaz\u00f3k hasmen\u00e9se<\/strong> speci\u00e1lis <strong><a href=\"https:\/\/www.omni-biotic.com\/hu-hu\/a-belrendszer-egeszsege\/a-bel-az-egeszseg-kozpontja\/probiotikum\/\">probiotikumok<\/a> szed\u00e9s\u00e9vel megel\u0151zhet\u0151<\/strong>, illetve arra is r\u00e1vil\u00e1g\u00edt, hogy \u00e1ltal\u00e1ban v\u00e9ve \u2013 annak \u00e9rdek\u00e9ben, hogy a rezisztencia kialakul\u00e1s\u00e1t \u00e9s m\u00e1s emberekre val\u00f3 \u00e1tvitel\u00e9t minimaliz\u00e1ljuk \u2013 aj\u00e1nlott <a href=\"https:\/\/www.omni-biotic.com\/hu-hu\/blog\/mit-tesz-az-antibiotikum-a-szervezettel\/\"><strong>cs\u00f6kkenteni az antibiotikumok<\/strong> <\/a>haszn\u00e1lat\u00e1t.<\/p><p><span style=\"text-decoration: underline\">Forr\u00e1s:<\/span> Kantele A, Kuenzli E, Dunn SJ, et al. Dynamics of intestinal multidrug-resistant bacteria colonisation contracted by visitors to a high-endemic setting: a prospective, daily, real-time sampling study. Lancet Microbe 2021;2:e151-e158.<\/p>\t\t\t\t\t\t\t\t<\/div>\n\t\t\t\t<\/div>\n\t\t\t\t\t<\/div>\n\t\t\t\t<\/div>\n\t\t\t\t<\/div>\n\t\t","protected":false},"excerpt":{"rendered":"<p>Az antibiotikum-rezisztencia sz\u00e9les k\u00f6rben elterjedt azokban az orsz\u00e1gokban, ahol nem ellen\u0151rzik megfelel\u0151en e gy\u00f3gyszer haszn\u00e1lat\u00e1t. Glob\u00e1lis terjed\u00e9s\u00fckh\u00f6z a nemzetk\u00f6zi utaz\u00e1sok nagyban hozz\u00e1j\u00e1rulnak. Az egzotikus orsz\u00e1gokba l\u00e1togat\u00f3k sz\u00e1zmilli\u00f3i vannak ez\u00e1ltal minden \u00e9vben kit\u00e9ve a multirezisztens gram-negat\u00edv b\u00e9lbakt\u00e9riumoknak, melynek eredm\u00e9nye, hogy 30-70%-uk hazat\u00e9r\u00e9skor ezekkel a bakt\u00e9riumokkal koloniz\u00e1l\u00f3dik. A vesz\u00e9lyeztetett ter\u00fcleteken a koloniz\u00e1ci\u00f3 folyamata kev\u00e9ss\u00e9 dokument\u00e1lt, mivel a [&hellip;]<\/p>\n","protected":false},"author":2,"featured_media":16187,"comment_status":"closed","ping_status":"closed","sticky":false,"template":"","format":"standard","meta":{"_acf_changed":false,"inline_featured_image":false,"footnotes":""},"categories":[109],"tags":[],"class_list":["post-16186","post","type-post","status-publish","format-standard","has-post-thumbnail","hentry","category-ujdonsagok-a-kutatasban"],"acf":[],"rank_math":{"og:title":"A turist\u00e1k multirezisztens b\u00e9lbakt\u00e9riumokat hoznak haza?","og:desc":"Az utaz\u00e1s hozz\u00e1j\u00e1rul a multirezisztens b\u00e9lbakt\u00e9riumok elterjed\u00e9s\u00e9hez a turist\u00e1k k\u00f6z\u00f6tt. Egy tanulm\u00e1ny a koloniz\u00e1ci\u00f3 dinamik\u00e1j\u00e1t mutatja be.","og:url":"https:\/\/www.omni-biotic.com\/hu-hu\/blog\/a-turistak-multirezisztens-belbakteriumokat-visznek-haza-a-tavoli-orszagokbol\/","og:locale":"hu_HU","og:image":"https:\/\/www.omni-biotic.com\/hu-hu\/wp-content\/uploads\/sites\/7\/2023\/06\/studie-multiresistente-bakterien-1.jpg","og:image:width":"1200","og:image:height":"798"},"additional_data":{"thumbnail":"https:\/\/www.omni-biotic.com\/hu-hu\/wp-content\/uploads\/sites\/7\/2023\/06\/studie-multiresistente-bakterien-1.jpg"},"blog_info":{"country":"hu-hu"},"_links":{"self":[{"href":"https:\/\/www.omni-biotic.com\/hu-hu\/wp-json\/wp\/v2\/posts\/16186","targetHints":{"allow":["GET"]}}],"collection":[{"href":"https:\/\/www.omni-biotic.com\/hu-hu\/wp-json\/wp\/v2\/posts"}],"about":[{"href":"https:\/\/www.omni-biotic.com\/hu-hu\/wp-json\/wp\/v2\/types\/post"}],"author":[{"embeddable":true,"href":"https:\/\/www.omni-biotic.com\/hu-hu\/wp-json\/wp\/v2\/users\/2"}],"replies":[{"embeddable":true,"href":"https:\/\/www.omni-biotic.com\/hu-hu\/wp-json\/wp\/v2\/comments?post=16186"}],"version-history":[{"count":7,"href":"https:\/\/www.omni-biotic.com\/hu-hu\/wp-json\/wp\/v2\/posts\/16186\/revisions"}],"predecessor-version":[{"id":21311,"href":"https:\/\/www.omni-biotic.com\/hu-hu\/wp-json\/wp\/v2\/posts\/16186\/revisions\/21311"}],"wp:featuredmedia":[{"embeddable":true,"href":"https:\/\/www.omni-biotic.com\/hu-hu\/wp-json\/wp\/v2\/media\/16187"}],"wp:attachment":[{"href":"https:\/\/www.omni-biotic.com\/hu-hu\/wp-json\/wp\/v2\/media?parent=16186"}],"wp:term":[{"taxonomy":"category","embeddable":true,"href":"https:\/\/www.omni-biotic.com\/hu-hu\/wp-json\/wp\/v2\/categories?post=16186"},{"taxonomy":"post_tag","embeddable":true,"href":"https:\/\/www.omni-biotic.com\/hu-hu\/wp-json\/wp\/v2\/tags?post=16186"}],"curies":[{"name":"wp","href":"https:\/\/api.w.org\/{rel}","templated":true}]}}