{"id":16188,"date":"2022-06-28T10:44:01Z","date_gmt":"2022-06-28T08:44:01Z","guid":{"rendered":"https:\/\/www.omni-biotic.com\/hu-hu\/legyen-gondtalan-a-nyar\/"},"modified":"2024-09-13T10:32:06Z","modified_gmt":"2024-09-13T08:32:06Z","slug":"legyen-gondtalan-a-nyar","status":"publish","type":"post","link":"https:\/\/www.omni-biotic.com\/hu-hu\/blog\/legyen-gondtalan-a-nyar\/","title":{"rendered":"\u00cdgy ker\u00fclhet\u0151 el az utaz\u00f3k hasmen\u00e9se!"},"content":{"rendered":"\t\t<div data-elementor-type=\"wp-post\" data-elementor-id=\"16188\" class=\"elementor elementor-16188\" data-elementor-post-type=\"post\">\n\t\t\t\t<div class=\"elementor-element elementor-element-097f220 obcs none e-flex e-con-boxed e-con e-parent\" data-id=\"097f220\" data-element_type=\"container\">\n\t\t\t\t\t<div class=\"e-con-inner\">\n\t\t\t\t<div class=\"elementor-element elementor-element-e834bc8 elementor-widget elementor-widget-text-editor\" data-id=\"e834bc8\" data-element_type=\"widget\" data-widget_type=\"text-editor.default\">\n\t\t\t\t<div class=\"elementor-widget-container\">\n\t\t\t\t\t\t\t\t\t<p><span style=\"color: #800080\"><em>Ahhoz, hogy a n\u00e9gy \u00e9vszak k\u00f6z\u00fcl a legnaposabbat felejthetetlenn\u00e9 tegy\u00fck, csup\u00e1n \u201ecsak\u201d id\u0151re van sz\u00fcks\u00e9g\u00fcnk. Id\u0151 a szellemi kikapcsol\u00f3d\u00e1sra, id\u0151 a csal\u00e1dra, id\u0151 egy r\u00e9g\u00f3ta halogatott terv megval\u00f3s\u00edt\u00e1s\u00e1ra, id\u0151 a kedvenc hobbira, vagy egyszer\u0171en csak id\u0151 az \u00e9let sz\u00e1mtalan egy\u00e9b apr\u00f3 \u00f6r\u00f6m\u00e9re, melyek mosolyt csalnak az arcunkra.<\/em><\/span><\/p>\t\t\t\t\t\t\t\t<\/div>\n\t\t\t\t<\/div>\n\t\t\t\t\t<\/div>\n\t\t\t\t<\/div>\n\t\t<div class=\"elementor-element elementor-element-c036207 obcs none e-flex e-con-boxed e-con e-parent\" data-id=\"c036207\" data-element_type=\"container\">\n\t\t\t\t\t<div class=\"e-con-inner\">\n\t\t\t\t<div class=\"elementor-element elementor-element-856c9a1 elementor-widget elementor-widget-image\" data-id=\"856c9a1\" data-element_type=\"widget\" data-widget_type=\"image.default\">\n\t\t\t\t<div class=\"elementor-widget-container\">\n\t\t\t\t\t\t\t\t\t\t\t\t\t\t\t<img fetchpriority=\"high\" decoding=\"async\" width=\"768\" height=\"512\" src=\"https:\/\/www.omni-biotic.com\/hu-hu\/wp-content\/uploads\/sites\/7\/2022\/06\/utazok_hasmenese_ellen.jpg\" class=\"attachment-large size-large wp-image-21256\" alt=\"utaz\u00f3k hasmen\u00e9se, h\u00f3lyaghurut, felf\u00e1z\u00e1s, hasmen\u00e9s ellen\" srcset=\"https:\/\/www.omni-biotic.com\/hu-hu\/wp-content\/uploads\/sites\/7\/2022\/06\/utazok_hasmenese_ellen.jpg 768w, https:\/\/www.omni-biotic.com\/hu-hu\/wp-content\/uploads\/sites\/7\/2022\/06\/utazok_hasmenese_ellen-300x200.jpg 300w\" sizes=\"(max-width: 768px) 100vw, 768px\" title=\"\">\t\t\t\t\t\t\t\t\t\t\t\t\t\t\t<\/div>\n\t\t\t\t<\/div>\n\t\t\t\t<div class=\"elementor-element elementor-element-35dda61 elementor-widget elementor-widget-text-editor\" data-id=\"35dda61\" data-element_type=\"widget\" data-widget_type=\"text-editor.default\">\n\t\t\t\t<div class=\"elementor-widget-container\">\n\t\t\t\t\t\t\t\t\t<p>M\u00e1r a tervez\u00e9s folyamat\u00e1ban hamar r\u00e1\u00e9bred\u00fcnk, hogy milyen becses \u00e9rt\u00e9k az id\u0151. Egy hasonl\u00f3, felbecs\u00fclhetetlen \u00e9rt\u00e9k az eg\u00e9szs\u00e9g. Hogyan ker\u00fclheted a hosszantart\u00f3, utaz\u00e1skor jelentkez\u0151 panaszok okozta id\u0151vesztes\u00e9get \u00e9s hogyan j\u00e1rulhat ehhez hozz\u00e1 a b\u00e9lrendszer eg\u00e9szs\u00e9ge?<\/p>\t\t\t\t\t\t\t\t<\/div>\n\t\t\t\t<\/div>\n\t\t\t\t\t<\/div>\n\t\t\t\t<\/div>\n\t\t<div class=\"elementor-element elementor-element-9f82679 obcs none e-flex e-con-boxed e-con e-parent\" data-id=\"9f82679\" data-element_type=\"container\">\n\t\t\t\t\t<div class=\"e-con-inner\">\n\t\t\t\t<div class=\"elementor-element elementor-element-1f39db8 elementor-widget elementor-widget-text-editor\" data-id=\"1f39db8\" data-element_type=\"widget\" data-widget_type=\"text-editor.default\">\n\t\t\t\t<div class=\"elementor-widget-container\">\n\t\t\t\t\t\t\t\t\t<p>Tekints\u00fcnk r\u00f6viden vissza a 2017-es \u00e9vre. Ez a ny\u00e1r volt a harmadik legmelegebb a 1767-ben kezdett rendszeres m\u00e9r\u00e9sek \u00f3ta. A leg\u00fajabb eur\u00f3pai becsl\u00e9sek szerint id\u00e9n is forr\u00f3 szezonra sz\u00e1m\u00edthatunk.<\/p><p class=\"bodytext\">Magas h\u0151m\u00e9rs\u00e9kleten a szervezet sz\u00e1m\u00e1ra a v\u00e9lt \u00e9s val\u00f3s legfontosabb c\u00e9l a h\u0171t\u00e9s. Ezt automatikusan az izzad\u00e1s hozza l\u00e9tre, amely egy rendk\u00edv\u00fcl hat\u00e9kony mechanizmus a felesleges h\u0151 lead\u00e1s\u00e1ra \u00e9s egyben a testh\u0151m\u00e9rs\u00e9klet szab\u00e1lyoz\u00e1s\u00e1ra. Ha intenz\u00edven izzadsz, <strong>ne felejts el sokat inni<\/strong>, hiszen \u00edgy ker\u00fclheted el a kisz\u00e1rad\u00e1st.<\/p>\t\t\t\t\t\t\t\t<\/div>\n\t\t\t\t<\/div>\n\t\t\t\t\t<\/div>\n\t\t\t\t<\/div>\n\t\t<div class=\"elementor-element elementor-element-e6460c2 obcs none e-flex e-con-boxed e-con e-parent\" data-id=\"e6460c2\" data-element_type=\"container\">\n\t\t\t\t\t<div class=\"e-con-inner\">\n\t\t\t\t<div class=\"elementor-element elementor-element-88b0d4a elementor-widget elementor-widget-text-editor\" data-id=\"88b0d4a\" data-element_type=\"widget\" data-widget_type=\"text-editor.default\">\n\t\t\t\t<div class=\"elementor-widget-container\">\n\t\t\t\t\t\t\t\t\t<p class=\"bodytext\">Friss gy\u00fcm\u00f6lcs\u00f6kkel, z\u00f6lds\u00e9gekkel \u00e9s f\u0171szern\u00f6v\u00e9nyekkel tegy\u00fck v\u00e1ltozatosabb\u00e1 iv\u00f3viz\u00fcnket! Enyhe folyad\u00e9khi\u00e1ny a szervezetben a b\u0151r \u00e9s a<strong> ny\u00e1lkah\u00e1rtya kisz\u00e1rad\u00e1s\u00e1hoz vezet<\/strong>. A nagym\u00e9rt\u00e9k\u0171 kisz\u00e1rad\u00e1s pedig s\u00falyos panaszokhoz, p\u00e9ld\u00e1ul kering\u00e9si probl\u00e9m\u00e1khoz \u00e9s tudatzavarhoz, s\u0151t k\u00f3m\u00e1hoz vezethet. A belek is h\u00e1tr\u00e1nyt szenvednek a gyenge v\u00e9rkering\u00e9st\u0151l. A nem megfelel\u0151 v\u00e9rkering\u00e9s negat\u00edvan hat a fontos t\u00e1panyagok felsz\u00edv\u00f3d\u00e1s\u00e1ra, valamint az em\u00e9szt\u00e9sre. Ennek k\u00f6vetkezt\u00e9ben gyomor- vagy b\u00e9lpanaszok jelentkezhetnek.<\/p><p class=\"bodytext\">A sportol\u00f3k reg\u00e9ket tudnak err\u0151l mes\u00e9lni, ez\u00e9rt sokan t\u00e1maszkodnak <strong>probiotikumokra<\/strong>, amelyek seg\u00edtenek megbirk\u00f3zni a nagy fizikai terhel\u00e9ssel.<\/p>\t\t\t\t\t\t\t\t<\/div>\n\t\t\t\t<\/div>\n\t\t\t\t\t<\/div>\n\t\t\t\t<\/div>\n\t\t<div class=\"elementor-element elementor-element-b7628c0 obcs none e-flex e-con-boxed e-con e-parent\" data-id=\"b7628c0\" data-element_type=\"container\">\n\t\t\t\t\t<div class=\"e-con-inner\">\n\t\t\t\t<div class=\"elementor-element elementor-element-4e38013 elementor-widget elementor-widget-heading\" data-id=\"4e38013\" data-element_type=\"widget\" data-widget_type=\"heading.default\">\n\t\t\t\t<div class=\"elementor-widget-container\">\n\t\t\t\t\t<h2 class=\"elementor-heading-title elementor-size-default\">Ker\u00fcld el az utaz\u00f3k hasmen\u00e9s\u00e9t!<\/h2>\t\t\t\t<\/div>\n\t\t\t\t<\/div>\n\t\t\t\t\t<\/div>\n\t\t\t\t<\/div>\n\t\t<div class=\"elementor-element elementor-element-0f05796 obcs none e-flex e-con-boxed e-con e-parent\" data-id=\"0f05796\" data-element_type=\"container\">\n\t\t\t\t\t<div class=\"e-con-inner\">\n\t\t\t\t<div class=\"elementor-element elementor-element-83ed50c elementor-widget elementor-widget-text-editor\" data-id=\"83ed50c\" data-element_type=\"widget\" data-widget_type=\"text-editor.default\">\n\t\t\t\t<div class=\"elementor-widget-container\">\n\t\t\t\t\t\t\t\t\t<p>Sokkal mulats\u00e1gosabb persze az akt\u00edv felfriss\u00fcl\u00e9s a hideg v\u00edzben, legyen az a medence, a Balaton, vagy a tenger. A f\u00fcrd\u0151z\u00e9s azonban nem mindig marad k\u00f6vetkezm\u00e9nyek n\u00e9lk\u00fcl. <strong>Bakt\u00e9riumok, gomb\u00e1k <\/strong>\u00e9s m\u00e1s <strong>mikroorganizmusok lapulnak<\/strong> a f\u00fcrd\u0151leped\u0151kben, nyug\u00e1gyakon \u00e9s az \u00fasz\u00f3medenc\u00e9kben.<\/p>\t\t\t\t\t\t\t\t<\/div>\n\t\t\t\t<\/div>\n\t\t\t\t\t<\/div>\n\t\t\t\t<\/div>\n\t\t<div class=\"elementor-element elementor-element-3df752a obcs none e-flex e-con-boxed e-con e-parent\" data-id=\"3df752a\" data-element_type=\"container\">\n\t\t\t\t\t<div class=\"e-con-inner\">\n\t\t\t\t<div class=\"elementor-element elementor-element-78a99c8 elementor-widget elementor-widget-text-editor\" data-id=\"78a99c8\" data-element_type=\"widget\" data-widget_type=\"text-editor.default\">\n\t\t\t\t<div class=\"elementor-widget-container\">\n\t\t\t\t\t\t\t\t\t<p>Mivel a b\u0151r a v\u00edzzel t\u00f6rt\u00e9n\u0151 hosszas \u00e9rintkez\u00e9s sor\u00e1n megduzzad, a k\u00f3rokoz\u00f3 bakt\u00e9riumokkal val\u00f3 fert\u0151z\u0151d\u00e9s kock\u00e1zata megn\u0151, m\u00e9g a kl\u00f3ros v\u00edzben is. K\u00fcl\u00f6n\u00f6sen gyakran a <a href=\"https:\/\/www.omni-biotic.com\/hu-hu\/blog\/huevelyflora-es-huvelyszarazsag\/\"><strong>h\u00fcvely<\/strong> <\/a>szolg\u00e1l bel\u00e9p\u0151kapuk\u00e9nt e nemk\u00edv\u00e1natos bakt\u00e9riumok sz\u00e1m\u00e1ra. Ha t\u00fcnetek jelentkeznek, mint p\u00e9ld\u00e1ul<strong> \u00e9g\u0151 <\/strong>vagy <strong>sz\u00far\u00f3 \u00e9rz\u00e9s vizel\u00e9s k\u00f6zben<\/strong>, fokozott vizel\u00e9si inger vagy h\u00faz\u00f3 f\u00e1jdalom az alhasban, akkor <a href=\"https:\/\/www.omni-biotic.com\/hu-hu\/blog\/hugyuti-fertozes-az-e-coli-szorosan-tapad-a-felueletekhez\/\"><strong>h\u00fagy\u00fati fert\u0151z\u00e9sr\u0151l<\/strong><\/a> lehet sz\u00f3. M\u00e1sr\u00e9szt a kellemetlen, halszag\u00fa, sz\u00fcrk\u00e9sfeh\u00e9r foly\u00e1s, valamint a nedvess\u00e9g\u00e9rzet a nemi szervek ter\u00fclet\u00e9n <strong><em>bakteri\u00e1lis vagin\u00f3zisra<\/em><\/strong> utal.<\/p>\t\t\t\t\t\t\t\t<\/div>\n\t\t\t\t<\/div>\n\t\t\t\t\t<\/div>\n\t\t\t\t<\/div>\n\t\t<div class=\"elementor-element elementor-element-7e8a4c1 obcs none e-flex e-con-boxed e-con e-parent\" data-id=\"7e8a4c1\" data-element_type=\"container\">\n\t\t\t\t\t<div class=\"e-con-inner\">\n\t\t\t\t<div class=\"elementor-element elementor-element-25a1814 elementor-widget elementor-widget-text-editor\" data-id=\"25a1814\" data-element_type=\"widget\" data-widget_type=\"text-editor.default\">\n\t\t\t\t<div class=\"elementor-widget-container\">\n\t\t\t\t\t\t\t\t\t<p>Az orvosi vizeletvizsg\u00e1lat vagy a h\u00fcvelyi kenetb\u0151l vett minta gyorsan v\u00e1laszt adhat. A h\u00fcvelyfl\u00f3ra \u00e9rz\u00e9keny egyens\u00falya t\u00f6bbek k\u00f6z\u00f6tt az\u00e9rt borulhat fel, mert a idegen bakt\u00e9riumok kiszor\u00edtj\u00e1k az eg\u00e9szs\u00e9ges n\u0151i intim ter\u00fcletet ben\u00e9pes\u00edt\u0151, term\u00e9szetes v\u00e9delmet ny\u00fajt\u00f3 tejsavbakt\u00e9riumokat. Vizsg\u00e1latok kimutatt\u00e1k, hogy a h\u00fcvelyfl\u00f3ra nemcsak meger\u0151s\u00edthet\u0151, hanem speci\u00e1lis <a href=\"https:\/\/shop.omni-biotic.com\/hu-hu\/products\/omni-biotic-flora-plus-int-99106\"><strong>probiotikumok<\/strong> <\/a>szed\u00e9s\u00e9vel egyens\u00falya is vissza\u00e1ll\u00edthat\u00f3.<\/p><p>Tippek: Vigyen be b\u0151s\u00e9gesen folyad\u00e9kot, elker\u00fclve ezzel a bakt\u00e9riumok megteleped\u00e9s\u00e9t a h\u00fagycs\u0151ben. Viseljen strandcip\u0151t, gyorsan cser\u00e9lje le a nedves f\u00fcrd\u0151ruh\u00e1t sz\u00e1razra!<\/p>\t\t\t\t\t\t\t\t<\/div>\n\t\t\t\t<\/div>\n\t\t\t\t\t<\/div>\n\t\t\t\t<\/div>\n\t\t<div class=\"elementor-element elementor-element-cfc2c55 obcs none e-flex e-con-boxed e-con e-parent\" data-id=\"cfc2c55\" data-element_type=\"container\">\n\t\t\t\t\t<div class=\"e-con-inner\">\n\t\t\t\t<div class=\"elementor-element elementor-element-aff6e21 elementor-widget elementor-widget-image\" data-id=\"aff6e21\" data-element_type=\"widget\" data-widget_type=\"image.default\">\n\t\t\t\t<div class=\"elementor-widget-container\">\n\t\t\t\t\t\t\t\t\t\t\t\t\t\t\t<img decoding=\"async\" width=\"768\" height=\"436\" src=\"https:\/\/www.omni-biotic.com\/hu-hu\/wp-content\/uploads\/sites\/7\/2022\/06\/utazok_hasmenese_probiotikum.jpg\" class=\"attachment-large size-large wp-image-21257\" alt=\"utaz\u00f3k hasmen\u00e9se, h\u00f3lyaghurut, felf\u00e1z\u00e1s, hasmen\u00e9s ellen\" srcset=\"https:\/\/www.omni-biotic.com\/hu-hu\/wp-content\/uploads\/sites\/7\/2022\/06\/utazok_hasmenese_probiotikum.jpg 768w, https:\/\/www.omni-biotic.com\/hu-hu\/wp-content\/uploads\/sites\/7\/2022\/06\/utazok_hasmenese_probiotikum-300x170.jpg 300w\" sizes=\"(max-width: 768px) 100vw, 768px\" title=\"\">\t\t\t\t\t\t\t\t\t\t\t\t\t\t\t<\/div>\n\t\t\t\t<\/div>\n\t\t\t\t<div class=\"elementor-element elementor-element-3e1daba elementor-widget elementor-widget-heading\" data-id=\"3e1daba\" data-element_type=\"widget\" data-widget_type=\"heading.default\">\n\t\t\t\t<div class=\"elementor-widget-container\">\n\t\t\t\t\t<h2 class=\"elementor-heading-title elementor-size-default\">B\u0151r\u00e1pol\u00e1s ny\u00e1ron<\/h2>\t\t\t\t<\/div>\n\t\t\t\t<\/div>\n\t\t\t\t\t<\/div>\n\t\t\t\t<\/div>\n\t\t<div class=\"elementor-element elementor-element-d6ddaae obcs none e-flex e-con-boxed e-con e-parent\" data-id=\"d6ddaae\" data-element_type=\"container\">\n\t\t\t\t\t<div class=\"e-con-inner\">\n\t\t\t\t<div class=\"elementor-element elementor-element-a6b29dc elementor-widget elementor-widget-text-editor\" data-id=\"a6b29dc\" data-element_type=\"widget\" data-widget_type=\"text-editor.default\">\n\t\t\t\t<div class=\"elementor-widget-container\">\n\t\t\t\t\t\t\t\t\t<p>Ny\u00e1ron nemcsak a ny\u00e1lkah\u00e1rtya, hanem a <a href=\"https:\/\/www.omni-biotic.com\/hu-hu\/blog\/beteg-belrendszer-es-borproblemak\/\"><strong>b\u0151r<\/strong> <\/a>\u00e9s a haj is k\u00fcl\u00f6nleges figyelmet ig\u00e9nyel. A b\u0151rt\u00edpusnak \u00e9s a sug\u00e1rz\u00e1s intenzit\u00e1s\u00e1nak <strong>megfelel\u0151 f\u00e9nyv\u00e9d\u0151 kr\u00e9m<\/strong>, speci\u00e1lis <strong>ajakbalzsam<\/strong>, fejfed\u0151 \u00e9s napszem\u00fcveg egyszer\u0171en <strong>k\u00f6telez\u0151<\/strong> a nap okozta s\u00e9r\u00fcl\u00e9sek megel\u0151z\u00e9se \u00e9s a <a href=\"https:\/\/www.omni-biotic.com\/hu-hu\/blog\/mikrobiom-jelentese-daganat-es-kemoterapia-idejen-is\/\"><strong>b\u0151rr\u00e1k<\/strong> <\/a>kock\u00e1zat\u00e1nak cs\u00f6kkent\u00e9se \u00e9rdek\u00e9ben. Az UV-sug\u00e1rz\u00e1snak eszt\u00e9tikai k\u00f6vetkezm\u00e9nyei is vannak.<\/p><p>Ha hosszabb id\u0151n kereszt\u00fcl tart, a b\u0151r r\u00e1ncos, sz\u00e1raz \u00e9s repedezett, a haj pedig t\u00f6redezett\u00e9 v\u00e1lhat. Speci\u00e1lis \u00e1pol\u00f3szerek mellett a b\u0151r \u00e9s a haj bel\u00fclr\u0151l is er\u0151s\u00edthet\u0151. Sz\u00e1mos l\u00e9tfontoss\u00e1g\u00fa anyag, mint p\u00e9ld\u00e1ul a <a href=\"https:\/\/shop.omni-biotic.com\/hu-hu\/products\/meta-care-zink-plus-42709\"><strong>cink<\/strong> <\/a>\u00e9s a biotin seg\u00edt fenntartani a b\u0151r \u00e9s a haj eg\u00e9szs\u00e9g\u00e9t. A <strong>bioakt\u00edv kollag\u00e9n<\/strong> peptid bel\u00fclr\u0151l felt\u00f6lti a b\u0151rt, kisim\u00edtja a r\u00e1ncokat \u00e9s rugalmasabb\u00e1 teszi a b\u0151rt.<\/p>\t\t\t\t\t\t\t\t<\/div>\n\t\t\t\t<\/div>\n\t\t\t\t\t<\/div>\n\t\t\t\t<\/div>\n\t\t<div class=\"elementor-element elementor-element-01ce3f6 obcs none e-flex e-con-boxed e-con e-parent\" data-id=\"01ce3f6\" data-element_type=\"container\">\n\t\t\t\t\t<div class=\"e-con-inner\">\n\t\t\t\t<div class=\"elementor-element elementor-element-e72db74 elementor-widget-divider--view-line elementor-widget elementor-widget-divider\" data-id=\"e72db74\" data-element_type=\"widget\" data-widget_type=\"divider.default\">\n\t\t\t\t<div class=\"elementor-widget-container\">\n\t\t\t\t\t\t\t<div class=\"elementor-divider\">\n\t\t\t<span class=\"elementor-divider-separator\">\n\t\t\t\t\t\t<\/span>\n\t\t<\/div>\n\t\t\t\t\t\t<\/div>\n\t\t\t\t<\/div>\n\t\t\t\t\t<\/div>\n\t\t\t\t<\/div>\n\t\t<div class=\"elementor-element elementor-element-380737b obcs none e-flex e-con-boxed e-con e-parent\" data-id=\"380737b\" data-element_type=\"container\">\n\t\t\t\t\t<div class=\"e-con-inner\">\n\t\t\t\t<div class=\"elementor-element elementor-element-1f8dd6b elementor-widget elementor-widget-text-editor\" data-id=\"1f8dd6b\" data-element_type=\"widget\" data-widget_type=\"text-editor.default\">\n\t\t\t\t<div class=\"elementor-widget-container\">\n\t\t\t\t\t\t\t\t\t<div class=\"col-12 col-md-6 inbd-mobile-descr\"><div class=\"product-page-info\"><div class=\"for-desktops\"><div class=\"product-page-info__title mb-15 text-center text-md-left\"><h1><img decoding=\"async\" class=\"size-medium wp-image-23238 img-fluid alignright\" src=\"https:\/\/www.omni-biotic.com\/hu-hu\/wp-content\/uploads\/sites\/7\/2024\/08\/20240123_OB_FLORA_plus_28Stk_INT_3-seitig-300x300.png\" alt=\"\" width=\"300\" height=\"300\" title=\"\" srcset=\"https:\/\/www.omni-biotic.com\/hu-hu\/wp-content\/uploads\/sites\/7\/2024\/08\/20240123_OB_FLORA_plus_28Stk_INT_3-seitig-300x300.png 300w, https:\/\/www.omni-biotic.com\/hu-hu\/wp-content\/uploads\/sites\/7\/2024\/08\/20240123_OB_FLORA_plus_28Stk_INT_3-seitig-150x150.png 150w, https:\/\/www.omni-biotic.com\/hu-hu\/wp-content\/uploads\/sites\/7\/2024\/08\/20240123_OB_FLORA_plus_28Stk_INT_3-seitig.png 500w, https:\/\/www.omni-biotic.com\/hu-hu\/wp-content\/uploads\/sites\/7\/2024\/08\/elementor\/thumbs\/20240123_OB_FLORA_plus_28Stk_INT_3-seitig-qryuwdjux8owxd7szkw9yrc84jkgmi14nucvbwvk4g.png 400w\" sizes=\"(max-width: 300px) 100vw, 300px\" \/><\/h1><h1 class=\"m-0\">OMNi-BiOTiC\u00ae FLORA plus<\/h1><\/div><\/div><\/div><\/div><ul><li>A h\u00fcvelyfl\u00f3ra zavarainak di\u00e9t\u00e1s kezel\u00e9s\u00e9hez<\/li><li>Az intim ter\u00fclet viszket\u00e9se \u00e9s \u00e9g\u00e9se ellen<\/li><li>Egyszer\u0171 \u00e9s higi\u00e9nikus alkalmaz\u00e1s: keverje folyad\u00e9kba!<\/li><li>Nincs t\u00f6bb kellemetlen foly\u00e1s!<\/li><\/ul>\t\t\t\t\t\t\t\t<\/div>\n\t\t\t\t<\/div>\n\t\t\t\t\t<\/div>\n\t\t\t\t<\/div>\n\t\t<div class=\"elementor-element elementor-element-86a3a97 obcs none e-flex e-con-boxed e-con e-parent\" data-id=\"86a3a97\" data-element_type=\"container\">\n\t\t\t\t\t<div class=\"e-con-inner\">\n\t\t\t\t<div class=\"elementor-element elementor-element-e124a3d elementor-align-center elementor-widget elementor-widget-button\" data-id=\"e124a3d\" data-element_type=\"widget\" data-widget_type=\"button.default\">\n\t\t\t\t<div class=\"elementor-widget-container\">\n\t\t\t\t\t\t\t\t\t<div class=\"elementor-button-wrapper\">\n\t\t\t\t\t<a class=\"elementor-button elementor-button-link elementor-size-md\" href=\"https:\/\/shop.omni-biotic.com\/hu-hu\/products\/omni-biotic-flora-plus-int-99106\">\n\t\t\t\t\t\t<span class=\"elementor-button-content-wrapper\">\n\t\t\t\t\t\t\t\t\t<span class=\"elementor-button-text\">Megn\u00e9zem<\/span>\n\t\t\t\t\t<\/span>\n\t\t\t\t\t<\/a>\n\t\t\t\t<\/div>\n\t\t\t\t\t\t\t\t<\/div>\n\t\t\t\t<\/div>\n\t\t\t\t\t<\/div>\n\t\t\t\t<\/div>\n\t\t\t\t<\/div>\n\t\t","protected":false},"excerpt":{"rendered":"<p>Ahhoz, hogy a n\u00e9gy \u00e9vszak k\u00f6z\u00fcl a legnaposabbat felejthetetlenn\u00e9 tegy\u00fck, csup\u00e1n \u201ecsak\u201d id\u0151re van sz\u00fcks\u00e9g\u00fcnk. Id\u0151 a szellemi kikapcsol\u00f3d\u00e1sra, id\u0151 a csal\u00e1dra, id\u0151 egy r\u00e9g\u00f3ta halogatott terv megval\u00f3s\u00edt\u00e1s\u00e1ra, id\u0151 a kedvenc hobbira, vagy egyszer\u0171en csak id\u0151 az \u00e9let sz\u00e1mtalan egy\u00e9b apr\u00f3 \u00f6r\u00f6m\u00e9re, melyek mosolyt csalnak az arcunkra. M\u00e1r a tervez\u00e9s folyamat\u00e1ban hamar r\u00e1\u00e9bred\u00fcnk, hogy milyen [&hellip;]<\/p>\n","protected":false},"author":2,"featured_media":21257,"comment_status":"closed","ping_status":"closed","sticky":false,"template":"","format":"standard","meta":{"_acf_changed":false,"inline_featured_image":false,"footnotes":""},"categories":[107,108],"tags":[],"class_list":["post-16188","post","type-post","status-publish","format-standard","has-post-thumbnail","hentry","category-noi-egeszseg","category-panaszok-tanacsok"],"acf":[],"rank_math":{"og:title":"\u00cdgy ker\u00fclhet\u0151 el az utaz\u00f3k hasmen\u00e9se!","og:desc":"Hogyan ker\u00fclheti el a ny\u00e1ron jelentkez\u0151 bosszant\u00f3 h\u00f3lyaghurutot, az utaz\u00f3k hasmen\u00e9s\u00e9t \u00e9s hogyan seg\u00edthet ebben a b\u00e9lrendszer eg\u00e9szs\u00e9ge?","og:url":"https:\/\/www.omni-biotic.com\/hu-hu\/blog\/legyen-gondtalan-a-nyar\/","og:locale":"hu_HU","og:image":"https:\/\/www.omni-biotic.com\/hu-hu\/wp-content\/uploads\/sites\/7\/2022\/06\/utazok_hasmenese_probiotikum.jpg","og:image:width":"768","og:image:height":"436"},"additional_data":{"thumbnail":"https:\/\/www.omni-biotic.com\/hu-hu\/wp-content\/uploads\/sites\/7\/2022\/06\/utazok_hasmenese_probiotikum.jpg"},"blog_info":{"country":"hu-hu"},"_links":{"self":[{"href":"https:\/\/www.omni-biotic.com\/hu-hu\/wp-json\/wp\/v2\/posts\/16188","targetHints":{"allow":["GET"]}}],"collection":[{"href":"https:\/\/www.omni-biotic.com\/hu-hu\/wp-json\/wp\/v2\/posts"}],"about":[{"href":"https:\/\/www.omni-biotic.com\/hu-hu\/wp-json\/wp\/v2\/types\/post"}],"author":[{"embeddable":true,"href":"https:\/\/www.omni-biotic.com\/hu-hu\/wp-json\/wp\/v2\/users\/2"}],"replies":[{"embeddable":true,"href":"https:\/\/www.omni-biotic.com\/hu-hu\/wp-json\/wp\/v2\/comments?post=16188"}],"version-history":[{"count":7,"href":"https:\/\/www.omni-biotic.com\/hu-hu\/wp-json\/wp\/v2\/posts\/16188\/revisions"}],"predecessor-version":[{"id":23517,"href":"https:\/\/www.omni-biotic.com\/hu-hu\/wp-json\/wp\/v2\/posts\/16188\/revisions\/23517"}],"wp:featuredmedia":[{"embeddable":true,"href":"https:\/\/www.omni-biotic.com\/hu-hu\/wp-json\/wp\/v2\/media\/21257"}],"wp:attachment":[{"href":"https:\/\/www.omni-biotic.com\/hu-hu\/wp-json\/wp\/v2\/media?parent=16188"}],"wp:term":[{"taxonomy":"category","embeddable":true,"href":"https:\/\/www.omni-biotic.com\/hu-hu\/wp-json\/wp\/v2\/categories?post=16188"},{"taxonomy":"post_tag","embeddable":true,"href":"https:\/\/www.omni-biotic.com\/hu-hu\/wp-json\/wp\/v2\/tags?post=16188"}],"curies":[{"name":"wp","href":"https:\/\/api.w.org\/{rel}","templated":true}]}}