{"id":16190,"date":"2022-07-27T07:15:42Z","date_gmt":"2022-07-27T05:15:42Z","guid":{"rendered":"https:\/\/www.omni-biotic.com\/hu-hu\/probiotikumok-a-baba-immunrendszerenek-erositesehez\/"},"modified":"2024-02-27T10:24:11Z","modified_gmt":"2024-02-27T09:24:11Z","slug":"probiotikumok-a-baba-immunrendszerenek-erositesehez","status":"publish","type":"post","link":"https:\/\/www.omni-biotic.com\/hu-hu\/blog\/probiotikumok-a-baba-immunrendszerenek-erositesehez\/","title":{"rendered":"Probiotikum gyerekeknek az immunrendszer\u00e9rt"},"content":{"rendered":"\t\t<div data-elementor-type=\"wp-post\" data-elementor-id=\"16190\" class=\"elementor elementor-16190\" data-elementor-post-type=\"post\">\n\t\t\t\t<div class=\"elementor-element elementor-element-424f9c3 obcs none e-flex e-con-boxed e-con e-parent\" data-id=\"424f9c3\" data-element_type=\"container\">\n\t\t\t\t\t<div class=\"e-con-inner\">\n\t\t\t\t<div class=\"elementor-element elementor-element-3c5a60c elementor-widget elementor-widget-text-editor\" data-id=\"3c5a60c\" data-element_type=\"widget\" data-widget_type=\"text-editor.default\">\n\t\t\t\t<div class=\"elementor-widget-container\">\n\t\t\t\t\t\t\t\t\t<p><em><span style=\"color: #b6185c\">Felmer\u00fclt m\u00e1r benned is a k\u00e9rd\u00e9s, hogy aj\u00e1nlott vagy adhat\u00f3-e probiotikum gyerekeknek? Az \u00fajsz\u00fcl\u00f6tt az anyatejjel fontos immunanyagokat kap. Egy tanulm\u00e1ny kimutatta, hogy a baba immunrendszere m\u00e9g ink\u00e1bb meger\u0151s\u00f6dik, ha az anya probiotikumokat alkalmaz. M\u00e9g a k\u00e9s\u0151bbi elh\u00edz\u00e1st is megel\u0151zheti.\u00a0<\/span><\/em><\/p>\t\t\t\t\t\t\t\t<\/div>\n\t\t\t\t<\/div>\n\t\t\t\t\t<\/div>\n\t\t\t\t<\/div>\n\t\t<div class=\"elementor-element elementor-element-9b6c55c obcs none e-flex e-con-boxed e-con e-parent\" data-id=\"9b6c55c\" data-element_type=\"container\">\n\t\t\t\t\t<div class=\"e-con-inner\">\n\t\t\t\t<div class=\"elementor-element elementor-element-b1ab7a6 elementor-widget elementor-widget-image\" data-id=\"b1ab7a6\" data-element_type=\"widget\" data-widget_type=\"image.default\">\n\t\t\t\t<div class=\"elementor-widget-container\">\n\t\t\t\t\t\t\t\t\t\t\t\t\t\t\t<img fetchpriority=\"high\" decoding=\"async\" width=\"800\" height=\"533\" src=\"https:\/\/www.omni-biotic.com\/hu-hu\/wp-content\/uploads\/sites\/7\/2022\/07\/probiotikum-gyerekeknek_emloegyulladas-1024x682.jpg\" class=\"attachment-large size-large wp-image-21230\" alt=\"bab\u00e1k hangulata, csecsem\u0151k mikrobiomja, bab\u00e1k mikrobiomja, baba probiotikum, gyerek probiotikum, probiotikum gyerekeknek, cs\u00e1szs\u00e1rmetsz\u00e9s, term\u00e9szetes sz\u00fcl\u00e9s, anyatej, anyatejes t\u00e1pl\u00e1l\u00e9k, t\u00e1pszer, omni-biotic, Panda, anyatej, szoptat\u00e1s\" srcset=\"https:\/\/www.omni-biotic.com\/hu-hu\/wp-content\/uploads\/sites\/7\/2022\/07\/probiotikum-gyerekeknek_emloegyulladas-1024x682.jpg 1024w, https:\/\/www.omni-biotic.com\/hu-hu\/wp-content\/uploads\/sites\/7\/2022\/07\/probiotikum-gyerekeknek_emloegyulladas-300x200.jpg 300w, https:\/\/www.omni-biotic.com\/hu-hu\/wp-content\/uploads\/sites\/7\/2022\/07\/probiotikum-gyerekeknek_emloegyulladas-768x512.jpg 768w, https:\/\/www.omni-biotic.com\/hu-hu\/wp-content\/uploads\/sites\/7\/2022\/07\/probiotikum-gyerekeknek_emloegyulladas-1536x1023.jpg 1536w, https:\/\/www.omni-biotic.com\/hu-hu\/wp-content\/uploads\/sites\/7\/2022\/07\/probiotikum-gyerekeknek_emloegyulladas.jpg 1900w\" sizes=\"(max-width: 800px) 100vw, 800px\" title=\"\">\t\t\t\t\t\t\t\t\t\t\t\t\t\t\t<\/div>\n\t\t\t\t<\/div>\n\t\t\t\t<div class=\"elementor-element elementor-element-df5c66f elementor-widget elementor-widget-text-editor\" data-id=\"df5c66f\" data-element_type=\"widget\" data-widget_type=\"text-editor.default\">\n\t\t\t\t<div class=\"elementor-widget-container\">\n\t\t\t\t\t\t\t\t\t<p>Az anyatej kor\u00e1ntsem steril term\u00e9k, ahogyan azt kor\u00e1bban felt\u00e9telezt\u00e9k. \u00c9ppen ellenkez\u0151leg, tele van <strong>eg\u00e9szs\u00e9gmeg\u0151rz\u0151 mikroorganizmusokkal<\/strong>. Vizsg\u00e1latok sor\u00e1n k\u00fcl\u00f6nb\u00f6z\u0151 bakt\u00e9riumt\u00f6rzseket mutattak ki az \u201e\u00e9let ned\u0171j\u00e9ben\u201d. A kutat\u00e1sok szerint ezek az apr\u00f3 \u00e9l\u0151l\u00e9nyek igen fontos szerepet j\u00e1tszanak: nemcsak a <strong>baba<\/strong> <strong>em\u00e9szt\u0151rendszer\u00e9ben<\/strong> <strong>telepednek meg<\/strong>, hanem hozz\u00e1j\u00e1rulnak az <strong>immunrendszer er\u0151s\u00f6d\u00e9s\u00e9hez <\/strong>is.<\/p>\t\t\t\t\t\t\t\t<\/div>\n\t\t\t\t<\/div>\n\t\t\t\t\t<\/div>\n\t\t\t\t<\/div>\n\t\t<div class=\"elementor-element elementor-element-f925703 obcs none e-flex e-con-boxed e-con e-parent\" data-id=\"f925703\" data-element_type=\"container\">\n\t\t\t\t\t<div class=\"e-con-inner\">\n\t\t\t\t<div class=\"elementor-element elementor-element-721d5ad elementor-widget elementor-widget-text-editor\" data-id=\"721d5ad\" data-element_type=\"widget\" data-widget_type=\"text-editor.default\">\n\t\t\t\t<div class=\"elementor-widget-container\">\n\t\t\t\t\t\t\t\t\t<p>A terhess\u00e9g utols\u00f3 napjaiban \u00e9s a <a href=\"https:\/\/www.omni-biotic.com\/hu-hu\/blog\/superfood-anyatej\/\"><strong>szoptat\u00e1s alatt<\/strong><\/a> az anya b\u00e9lrendszer\u00e9b\u0151l sz\u00e1rmaz\u00f3 bakt\u00e9riumok egy r\u00e9sze az em\u00e9szt\u0151rendszer monocit\u00e1in kereszt\u00fcl (a feh\u00e9rv\u00e9rsejtek egy csoportj\u00e1n, azaz az emberi immunrendszer v\u00e9delmi sereg\u00e9n kereszt\u00fcl) jut be az eml\u0151mirigyekbe. A gyermek \u00edgy nemcsak az anya antitestjeit veszi fel az anyatejjel, hanem a <a href=\"https:\/\/www.omni-biotic.com\/hu-hu\/blog\/belbakteriumok-fajtai-es-szerepe\/\"><strong>b\u00e9lbakt\u00e9riumokat<\/strong> <\/a>is. \u00c9sszer\u0171nek t\u0171nik a k\u00f6vetkeztet\u00e9s, hogy az <strong>anyai b\u00e9lfl\u00f3ra<\/strong> <strong>c\u00e9lzott d\u00fas\u00edt\u00e1sa<\/strong> <em>bifidobakt\u00e9riumokkal<\/em> \u00e9s <em>laktobacillusokkal <\/em>nemcsak mag\u00e1ra a terhes vagy szoptat\u00f3 n\u0151re, hanem <strong>a gyermek\u00e9re is pozit\u00edv hat\u00e1ssal lehet.<\/strong><\/p>\t\t\t\t\t\t\t\t<\/div>\n\t\t\t\t<\/div>\n\t\t\t\t\t<\/div>\n\t\t\t\t<\/div>\n\t\t<div class=\"elementor-element elementor-element-ceb0ac6 obcs none e-flex e-con-boxed e-con e-parent\" data-id=\"ceb0ac6\" data-element_type=\"container\">\n\t\t\t\t\t<div class=\"e-con-inner\">\n\t\t\t\t<div class=\"elementor-element elementor-element-2280195 elementor-widget elementor-widget-heading\" data-id=\"2280195\" data-element_type=\"widget\" data-widget_type=\"heading.default\">\n\t\t\t\t<div class=\"elementor-widget-container\">\n\t\t\t\t\t<h2 class=\"elementor-heading-title elementor-size-default\">V\u00e9delem eml\u0151mirigy-gyullad\u00e1s ellen<\/h2>\t\t\t\t<\/div>\n\t\t\t\t<\/div>\n\t\t\t\t\t<\/div>\n\t\t\t\t<\/div>\n\t\t<div class=\"elementor-element elementor-element-46b9adc obcs none e-flex e-con-boxed e-con e-parent\" data-id=\"46b9adc\" data-element_type=\"container\">\n\t\t\t\t\t<div class=\"e-con-inner\">\n\t\t\t\t<div class=\"elementor-element elementor-element-7300727 elementor-widget elementor-widget-text-editor\" data-id=\"7300727\" data-element_type=\"widget\" data-widget_type=\"text-editor.default\">\n\t\t\t\t<div class=\"elementor-widget-container\">\n\t\t\t\t\t\t\t\t\t<p class=\"bodytext\">Sajnos nem minden any\u00e1nak van optim\u00e1lis b\u00e9lrendszeri koloniz\u00e1ci\u00f3ja. Ha az anya b\u00e9lrendszer\u00e9ben diszbi\u00f3zis, azaz k\u00e1ros bakt\u00e9riumok feleslege van, eml\u0151mirigy-gyullad\u00e1s alakulhat ki. E betegs\u00e9g miatt sok h\u00f6lgynek<strong> meg kell szak\u00edtani a szoptat\u00e1st,<\/strong> t\u00f6bbek k\u00f6z\u00f6tt az\u00e9rt, mert a gyullad\u00e1st okoz\u00f3 bakt\u00e9riumok a gyermekre is \u00e1tterjedhetnek.<\/p><p class=\"bodytext\">A gyakran f\u00e1jdalmas betegs\u00e9get <a href=\"https:\/\/www.omni-biotic.com\/hu-hu\/blog\/mit-tesz-az-antibiotikum-a-szervezettel\/\"><strong>antibiotikumokkal<\/strong><\/a>, helyi ter\u00e1pi\u00e1s szerekkel vagy prolaktin-g\u00e1tl\u00f3kkal kezelik. A probiotikumok szoptat\u00e1si id\u0151szakban t\u00f6rt\u00e9n\u0151 ad\u00e1sa egyr\u00e9szt a b\u00e9lfl\u00f3ra kiegyens\u00falyoz\u00e1s\u00e1val megel\u0151zheti a gyullad\u00e1st, m\u00e1sr\u00e9szt megakad\u00e1lyozhatja vagy legal\u00e1bbis korl\u00e1tozhatja a k\u00e1ros k\u00f3rokoz\u00f3k \u00e1tvitel\u00e9t eml\u0151mirigyen kereszt\u00fcl a csecsem\u0151re.<\/p>\t\t\t\t\t\t\t\t<\/div>\n\t\t\t\t<\/div>\n\t\t\t\t\t<\/div>\n\t\t\t\t<\/div>\n\t\t<div class=\"elementor-element elementor-element-ae1a76d obcs none e-flex e-con-boxed e-con e-parent\" data-id=\"ae1a76d\" data-element_type=\"container\">\n\t\t\t\t\t<div class=\"e-con-inner\">\n\t\t\t\t<div class=\"elementor-element elementor-element-6729ba8 elementor-widget elementor-widget-heading\" data-id=\"6729ba8\" data-element_type=\"widget\" data-widget_type=\"heading.default\">\n\t\t\t\t<div class=\"elementor-widget-container\">\n\t\t\t\t\t<h2 class=\"elementor-heading-title elementor-size-default\">Probiotikum gyerekeknek \u00e9s az any\u00e1nak<\/h2>\t\t\t\t<\/div>\n\t\t\t\t<\/div>\n\t\t\t\t\t<\/div>\n\t\t\t\t<\/div>\n\t\t<div class=\"elementor-element elementor-element-35a2573 obcs none e-flex e-con-boxed e-con e-parent\" data-id=\"35a2573\" data-element_type=\"container\">\n\t\t\t\t\t<div class=\"e-con-inner\">\n\t\t\t\t<div class=\"elementor-element elementor-element-dadd9b6 elementor-widget elementor-widget-text-editor\" data-id=\"dadd9b6\" data-element_type=\"widget\" data-widget_type=\"text-editor.default\">\n\t\t\t\t<div class=\"elementor-widget-container\">\n\t\t\t\t\t\t\t\t\t<p class=\"bodytext\">A v\u00e9ny n\u00e9lk\u00fcl kaphat\u00f3 <strong>probiotikumok<\/strong> bevitele \u00e9sszer\u0171 m\u00f3dja annak, hogy mind a v\u00e1rand\u00f3s n\u0151t \u00e9s a majdani anyuk\u00e1t, mind pedig a szoptat\u00e1s ideje alatt a csecsem\u0151t megv\u00e9dj\u00fck a gyullad\u00e1sos folyamatokt\u00f3l \u00e9s a nem k\u00edv\u00e1nt k\u00f3rokoz\u00f3k \u00e1tvitel\u00e9t\u0151l. A term\u00e9kek <strong><em>bifidobakt\u00e9riumokat <\/em><\/strong>\u00e9s <strong><em>lactobacillusokat<\/em><\/strong>tartalmaznak.<\/p><p class=\"bodytext\">Ezek hasonl\u00edtanak az anyatej j\u00f3t\u00e9kony bakt\u00e9riumtelepeire, \u00e9s el\u0151seg\u00edtik az \u00fagynevezett Th1 \u00e9s Th2 sejtek k\u00f6z\u00f6tti <strong>immunol\u00f3giai egyens\u00falyt<\/strong>. A Th1 sejtek szab\u00e1lyozz\u00e1k a gyullad\u00e1sos folyamatokat a szervezetben, \u00e9s t\u00f6bbek k\u00f6z\u00f6tt a k\u00f3rokoz\u00f3k elleni v\u00e9dekez\u00e9s\u00e9rt felel\u0151sek. A Th2-sejtek seg\u00edtenek a B-limfocit\u00e1k kialakul\u00e1s\u00e1ban, amelyek viszont <strong>fontosak az antitestek termel\u00e9s\u00e9hez<\/strong>.<\/p>\t\t\t\t\t\t\t\t<\/div>\n\t\t\t\t<\/div>\n\t\t\t\t\t<\/div>\n\t\t\t\t<\/div>\n\t\t<div class=\"elementor-element elementor-element-c8b6069 obcs none e-flex e-con-boxed e-con e-parent\" data-id=\"c8b6069\" data-element_type=\"container\">\n\t\t\t\t\t<div class=\"e-con-inner\">\n\t\t\t\t<div class=\"elementor-element elementor-element-a419286 elementor-widget elementor-widget-heading\" data-id=\"a419286\" data-element_type=\"widget\" data-widget_type=\"heading.default\">\n\t\t\t\t<div class=\"elementor-widget-container\">\n\t\t\t\t\t<h2 class=\"elementor-heading-title elementor-size-default\">Az anyatej m\u00e1r a kezdetekt\u0151l v\u00e9di a bab\u00e1t<\/h2>\t\t\t\t<\/div>\n\t\t\t\t<\/div>\n\t\t\t\t\t<\/div>\n\t\t\t\t<\/div>\n\t\t<div class=\"elementor-element elementor-element-1ee64f1 obcs none e-flex e-con-boxed e-con e-parent\" data-id=\"1ee64f1\" data-element_type=\"container\">\n\t\t\t\t\t<div class=\"e-con-inner\">\n\t\t\t\t<div class=\"elementor-element elementor-element-92bef4a elementor-widget elementor-widget-text-editor\" data-id=\"92bef4a\" data-element_type=\"widget\" data-widget_type=\"text-editor.default\">\n\t\t\t\t<div class=\"elementor-widget-container\">\n\t\t\t\t\t\t\t\t\t<p class=\"bodytext\">Ha az anya b\u00e9lfl\u00f3r\u00e1ja \u00e9s \u00edgy az anyatej is \u201efel\u00e9l\u00e9nk\u00fcl\u201d eg\u00e9szs\u00e9gfejleszt\u0151 bakt\u00e9riumokkal, akkor annak <strong>v\u00e9d\u0151 hat\u00e1sa<\/strong> van a szoptatott gyermekre. Cs\u00f6kken a k\u00e9s\u0151bbi elh\u00edz\u00e1s kock\u00e1zata, el\u0151seg\u00edti<strong> a gyermek immunrendszer\u00e9nek er\u0151s\u00edt\u00e9s\u00e9t<\/strong>, \u00e9s cs\u00f6kkenti a betegs\u00e9gek, k\u00fcl\u00f6n\u00f6sen a fert\u0151z\u00e9sek \u00e9s az <a href=\"https:\/\/www.omni-biotic.com\/hu-hu\/blog\/allergia-kezelese\/\"><strong>allergi\u00e1k<\/strong> <\/a>val\u00f3sz\u00edn\u0171s\u00e9g\u00e9t.<\/p><p class=\"bodytext\">A szoptat\u00e1s \u2013 d\u00fas\u00edt\u00e1ssal vagy an\u00e9lk\u00fcl \u2013 szint\u00e9n pozit\u00edv hat\u00e1ssal van a baba <strong>agy\u00e1nak fejl\u0151d\u00e9s\u00e9re<\/strong>. V\u00e9g\u00fcl pedig hozz\u00e1j\u00e1rul az anya \u00e9s a baba k\u00f6z\u00f6tti k\u00f6t\u0151d\u00e9shez, mivel a szoptat\u00e1s sor\u00e1n az anya \u00e9s a gyermek oxitocint szabad\u00edt fel. Ez a hormon, amely bizalmat \u00e9s biztons\u00e1got teremt.<\/p>\t\t\t\t\t\t\t\t<\/div>\n\t\t\t\t<\/div>\n\t\t\t\t\t<\/div>\n\t\t\t\t<\/div>\n\t\t<div class=\"elementor-element elementor-element-22ed41e obcs none e-flex e-con-boxed e-con e-parent\" data-id=\"22ed41e\" data-element_type=\"container\">\n\t\t\t\t\t<div class=\"e-con-inner\">\n\t\t\t\t<div class=\"elementor-element elementor-element-bb88cf4 elementor-align-center elementor-widget elementor-widget-button\" data-id=\"bb88cf4\" data-element_type=\"widget\" data-widget_type=\"button.default\">\n\t\t\t\t<div class=\"elementor-widget-container\">\n\t\t\t\t\t\t\t\t\t<div class=\"elementor-button-wrapper\">\n\t\t\t\t\t<a class=\"elementor-button elementor-button-link elementor-size-md\" href=\"https:\/\/www.omni-biotic.com\/hu-hu\/blog\/superfood-anyatej\/\">\n\t\t\t\t\t\t<span class=\"elementor-button-content-wrapper\">\n\t\t\t\t\t\t\t\t\t<span class=\"elementor-button-text\">MI\u00e9rt hasznos az anyatej?<\/span>\n\t\t\t\t\t<\/span>\n\t\t\t\t\t<\/a>\n\t\t\t\t<\/div>\n\t\t\t\t\t\t\t\t<\/div>\n\t\t\t\t<\/div>\n\t\t\t\t\t<\/div>\n\t\t\t\t<\/div>\n\t\t\t\t<\/div>\n\t\t","protected":false},"excerpt":{"rendered":"<p>Felmer\u00fclt m\u00e1r benned is a k\u00e9rd\u00e9s, hogy aj\u00e1nlott vagy adhat\u00f3-e probiotikum gyerekeknek? Az \u00fajsz\u00fcl\u00f6tt az anyatejjel fontos immunanyagokat kap. Egy tanulm\u00e1ny kimutatta, hogy a baba immunrendszere m\u00e9g ink\u00e1bb meger\u0151s\u00f6dik, ha az anya probiotikumokat alkalmaz. M\u00e9g a k\u00e9s\u0151bbi elh\u00edz\u00e1st is megel\u0151zheti.\u00a0 Az anyatej kor\u00e1ntsem steril term\u00e9k, ahogyan azt kor\u00e1bban felt\u00e9telezt\u00e9k. \u00c9ppen ellenkez\u0151leg, tele van eg\u00e9szs\u00e9gmeg\u0151rz\u0151 mikroorganizmusokkal. [&hellip;]<\/p>\n","protected":false},"author":2,"featured_media":21223,"comment_status":"closed","ping_status":"closed","sticky":false,"template":"","format":"standard","meta":{"_acf_changed":false,"inline_featured_image":false,"footnotes":""},"categories":[113],"tags":[],"class_list":["post-16190","post","type-post","status-publish","format-standard","has-post-thumbnail","hentry","category-anya-gyermek"],"acf":[],"rank_math":{"og:title":"Probiotikum gyerekeknek az immunrendszer\u00e9rt?","og:desc":"Probiotikum gyerekeknek? Az \u00fajsz\u00fcl\u00f6tt az anyatejjel fontos immunanyagokat kap. Az immunrendszer er\u0151s\u00f6dik, ha az anya probiotikumokat szed.","og:url":"https:\/\/www.omni-biotic.com\/hu-hu\/blog\/probiotikumok-a-baba-immunrendszerenek-erositesehez\/","og:locale":"hu_HU","og:image":"https:\/\/www.omni-biotic.com\/hu-hu\/wp-content\/uploads\/sites\/7\/2022\/07\/probiotikum_gyerekeknek.jpg","og:image:width":"600","og:image:height":"400"},"additional_data":{"thumbnail":"https:\/\/www.omni-biotic.com\/hu-hu\/wp-content\/uploads\/sites\/7\/2022\/07\/probiotikum_gyerekeknek.jpg"},"blog_info":{"country":"hu-hu"},"_links":{"self":[{"href":"https:\/\/www.omni-biotic.com\/hu-hu\/wp-json\/wp\/v2\/posts\/16190","targetHints":{"allow":["GET"]}}],"collection":[{"href":"https:\/\/www.omni-biotic.com\/hu-hu\/wp-json\/wp\/v2\/posts"}],"about":[{"href":"https:\/\/www.omni-biotic.com\/hu-hu\/wp-json\/wp\/v2\/types\/post"}],"author":[{"embeddable":true,"href":"https:\/\/www.omni-biotic.com\/hu-hu\/wp-json\/wp\/v2\/users\/2"}],"replies":[{"embeddable":true,"href":"https:\/\/www.omni-biotic.com\/hu-hu\/wp-json\/wp\/v2\/comments?post=16190"}],"version-history":[{"count":7,"href":"https:\/\/www.omni-biotic.com\/hu-hu\/wp-json\/wp\/v2\/posts\/16190\/revisions"}],"predecessor-version":[{"id":21243,"href":"https:\/\/www.omni-biotic.com\/hu-hu\/wp-json\/wp\/v2\/posts\/16190\/revisions\/21243"}],"wp:featuredmedia":[{"embeddable":true,"href":"https:\/\/www.omni-biotic.com\/hu-hu\/wp-json\/wp\/v2\/media\/21223"}],"wp:attachment":[{"href":"https:\/\/www.omni-biotic.com\/hu-hu\/wp-json\/wp\/v2\/media?parent=16190"}],"wp:term":[{"taxonomy":"category","embeddable":true,"href":"https:\/\/www.omni-biotic.com\/hu-hu\/wp-json\/wp\/v2\/categories?post=16190"},{"taxonomy":"post_tag","embeddable":true,"href":"https:\/\/www.omni-biotic.com\/hu-hu\/wp-json\/wp\/v2\/tags?post=16190"}],"curies":[{"name":"wp","href":"https:\/\/api.w.org\/{rel}","templated":true}]}}