{"id":16193,"date":"2022-07-27T08:56:28Z","date_gmt":"2022-07-27T06:56:28Z","guid":{"rendered":"https:\/\/www.omni-biotic.com\/hu-hu\/a-belflora-erositese-a-szueletestol-pillanatatol-kezdve\/"},"modified":"2024-06-05T13:08:45Z","modified_gmt":"2024-06-05T11:08:45Z","slug":"a-belflora-erositese-a-szueletestol-pillanatatol-kezdve","status":"publish","type":"post","link":"https:\/\/www.omni-biotic.com\/hu-hu\/blog\/a-belflora-erositese-a-szueletestol-pillanatatol-kezdve\/","title":{"rendered":"Allergia kezel\u00e9se gyerekekn\u00e9l"},"content":{"rendered":"\t\t<div data-elementor-type=\"wp-post\" data-elementor-id=\"16193\" class=\"elementor elementor-16193\" data-elementor-post-type=\"post\">\n\t\t\t\t<div class=\"elementor-element elementor-element-f74338f obcs none e-flex e-con-boxed e-con e-parent\" data-id=\"f74338f\" data-element_type=\"container\">\n\t\t\t\t\t<div class=\"e-con-inner\">\n\t\t\t\t<div class=\"elementor-element elementor-element-f4ff32a elementor-widget elementor-widget-text-editor\" data-id=\"f4ff32a\" data-element_type=\"widget\" data-widget_type=\"text-editor.default\">\n\t\t\t\t<div class=\"elementor-widget-container\">\n\t\t\t\t\t\t\t\t\t<p>Az allergia kezel\u00e9se igen nagy kih\u00edv\u00e1s el\u00e9 \u00e1ll\u00edtja a sz\u00fcl\u0151ket. Mi is lehet tenni? Hogyan tud seg\u00edteni gyermek\u00e9n? Err\u0151l olvashat az al\u00e1bbiakban.<\/p><p>Az <strong>allergia kock\u00e1zata<\/strong> er\u0151sen f\u00fcgg a <strong>g\u00e9nekt\u0151l<\/strong>. Ha a csal\u00e1dban m\u00e1r el\u0151fordult t\u00fal\u00e9rz\u00e9kenys\u00e9g olyan k\u00f6rnyezeti anyagokkal szemben, mint a pollen, az \u00e1llati sz\u0151r vagy egy bizonyos \u00e9lelmiszer, akkor nagy a val\u00f3sz\u00edn\u0171s\u00e9ge, hogy az <strong>ut\u00f3dokn\u00e1l is kialakul<\/strong> az allergia. Ha <strong>mindk\u00e9t sz\u00fcl\u0151 \u00e9rintett<\/strong>, akkor ennek az \u00fagynevezett at\u00f3pi\u00e1s betegs\u00e9gnek a val\u00f3sz\u00edn\u0171s\u00e9ge ak\u00e1r 60-80% is lehet.<\/p>\t\t\t\t\t\t\t\t<\/div>\n\t\t\t\t<\/div>\n\t\t\t\t\t<\/div>\n\t\t\t\t<\/div>\n\t\t<div class=\"elementor-element elementor-element-7a22c1b obcs none e-flex e-con-boxed e-con e-parent\" data-id=\"7a22c1b\" data-element_type=\"container\">\n\t\t\t\t\t<div class=\"e-con-inner\">\n\t\t\t\t<div class=\"elementor-element elementor-element-d8235dc elementor-widget elementor-widget-image\" data-id=\"d8235dc\" data-element_type=\"widget\" data-widget_type=\"image.default\">\n\t\t\t\t<div class=\"elementor-widget-container\">\n\t\t\t\t\t\t\t\t\t\t\t\t\t\t\t<img fetchpriority=\"high\" decoding=\"async\" width=\"800\" height=\"442\" src=\"https:\/\/www.omni-biotic.com\/hu-hu\/wp-content\/uploads\/sites\/7\/2022\/07\/allergia_ellen_gyerekek.png\" class=\"attachment-large size-large wp-image-21205\" alt=\"allergia ellen, pollen, vir\u00e1gz\u00e1s, omni-biotic, probiotikum, allergia\" srcset=\"https:\/\/www.omni-biotic.com\/hu-hu\/wp-content\/uploads\/sites\/7\/2022\/07\/allergia_ellen_gyerekek.png 1024w, https:\/\/www.omni-biotic.com\/hu-hu\/wp-content\/uploads\/sites\/7\/2022\/07\/allergia_ellen_gyerekek-300x166.png 300w, https:\/\/www.omni-biotic.com\/hu-hu\/wp-content\/uploads\/sites\/7\/2022\/07\/allergia_ellen_gyerekek-768x425.png 768w\" sizes=\"(max-width: 800px) 100vw, 800px\" title=\"\">\t\t\t\t\t\t\t\t\t\t\t\t\t\t\t<\/div>\n\t\t\t\t<\/div>\n\t\t\t\t<div class=\"elementor-element elementor-element-eb4b1a7 elementor-widget elementor-widget-text-editor\" data-id=\"eb4b1a7\" data-element_type=\"widget\" data-widget_type=\"text-editor.default\">\n\t\t\t\t<div class=\"elementor-widget-container\">\n\t\t\t\t\t\t\t\t\t<p>Az eg\u00e9szs\u00e9ges <a href=\"https:\/\/www.omni-biotic.com\/hu-hu\/a-belrendszer-egeszsege\/a-bel-az-egeszseg-kozpontja\/belflora\/\"><strong>b\u00e9lfl\u00f3ra<\/strong> <\/a>azonban jelent\u0151sen cs\u00f6kkentheti a kock\u00e1zatot, mivel az antitesteket termel\u0151 immunsejtek 70%-a a b\u00e9lben tal\u00e1lhat\u00f3. M\u00e1ra bebizonyosodott, hogy az allergi\u00e1s gyermekek <strong>sz\u00e9klet\u00e9ben<\/strong> <strong>t\u00f6bb <em>clostridia<\/em><\/strong> (\u201erossz\u201d bakt\u00e9rium) \u00e9s <strong>kevesebb \u201ej\u00f3\u201d <em>bifidobakt\u00e9rium<\/em><\/strong> tal\u00e1lhat\u00f3.<\/p><p>Az any\u00e1k m\u00e1r a terhess\u00e9g alatt <a href=\"https:\/\/shop.omni-biotic.com\/hu-hu\/products\/omni-biotic-panda-int-99108\"><strong>probiotikumokkal<\/strong> <\/a>biztos\u00edthatj\u00e1k saj\u00e1t <strong>b\u00e9lrendszer\u00fck<\/strong> <strong>nagyobb egyens\u00faly\u00e1t<\/strong>, \u00e9s \u00edgy hozz\u00e1j\u00e1rulhatnak gyermek\u00fck <strong><a href=\"https:\/\/www.omni-biotic.com\/hu-hu\/blog\/gyermekek-es-az-immunrendszer\/\">immunrendszer\u00e9nek er\u0151s\u00edt\u00e9s\u00e9hez<\/a>.<\/strong> Az anyam\u00e9hben a <strong>csecsem\u0151k em\u00e9szt\u0151rendszere steril<\/strong>, de m\u00e1r a sz\u00fclet\u00e9skor megkezd\u0151dik a baba b\u00e9lrendszer\u00e9nek k\u00fcl\u00f6nb\u00f6z\u0151 bakt\u00e9riumokkal val\u00f3 ben\u00e9pes\u00edt\u00e9se. Az \u00e9p v\u00e9delmi rendszer alapjait az \u00e9let els\u0151 heteiben \u00e9p\u00edtik fel.<\/p>\t\t\t\t\t\t\t\t<\/div>\n\t\t\t\t<\/div>\n\t\t\t\t\t<\/div>\n\t\t\t\t<\/div>\n\t\t<div class=\"elementor-element elementor-element-0407f26 obcs none e-flex e-con-boxed e-con e-parent\" data-id=\"0407f26\" data-element_type=\"container\">\n\t\t\t\t\t<div class=\"e-con-inner\">\n\t\t\t\t<div class=\"elementor-element elementor-element-aab5f39 elementor-widget elementor-widget-heading\" data-id=\"aab5f39\" data-element_type=\"widget\" data-widget_type=\"heading.default\">\n\t\t\t\t<div class=\"elementor-widget-container\">\n\t\t\t\t\t<h2 class=\"elementor-heading-title elementor-size-default\">J\u00f3val kisebb az allergia kock\u00e1zata?<\/h2>\t\t\t\t<\/div>\n\t\t\t\t<\/div>\n\t\t\t\t\t<\/div>\n\t\t\t\t<\/div>\n\t\t<div class=\"elementor-element elementor-element-932bcee obcs none e-flex e-con-boxed e-con e-parent\" data-id=\"932bcee\" data-element_type=\"container\">\n\t\t\t\t\t<div class=\"e-con-inner\">\n\t\t\t\t<div class=\"elementor-element elementor-element-1d9bce1 elementor-widget elementor-widget-text-editor\" data-id=\"1d9bce1\" data-element_type=\"widget\" data-widget_type=\"text-editor.default\">\n\t\t\t\t<div class=\"elementor-widget-container\">\n\t\t\t\t\t\t\t\t\t<p>A <strong>PandA kutat\u00e1s<\/strong> (\u201eProbiotics and Allergy\u201c) meger\u0151s\u00edti a <strong>probiotikumok alkalmaz\u00e1s\u00e1nak<\/strong> pozit\u00edv hat\u00e1s\u00e1t a <strong>gyermekek allergia-ellen\u00e1ll\u00f3s\u00e1g\u00e1ra.<\/strong> Ebbe a vizsg\u00e1latba mintegy <strong>160 allergi\u00e1ra hajlamos<\/strong> <strong>csecsem\u0151t<\/strong> vontak be, akiket anyjukkal egy\u00fctt k\u00e9t csoportba osztottak. A n\u0151k egy csoportja a terhess\u00e9g <strong>utols\u00f3 hat het\u00e9ben minden nap <a href=\"https:\/\/shop.omni-biotic.com\/hu-hu\/products\/omni-biotic-panda-int-99108\">probiotikumot<\/a> szedett<\/strong>, \u00e9s ezt adt\u00e1k gyermek\u00fcknek is minden nap az <strong>els\u0151 \u00e9let\u00e9vben<\/strong>.<\/p><p>A m\u00e1sik csoport azonban placeb\u00f3t fogyasztott ez id\u0151 alatt. A <strong>probiotikumos csoport<\/strong> egy\u00e9rtelm\u0171en jobb eredm\u00e9nyeket mutatott. A <strong>gyermekek mind\u00f6ssze 10%-\u00e1n\u00e1l<\/strong> alakult ki az els\u0151 sz\u00fclet\u00e9snap el\u0151tt <strong>at\u00f3pi\u00e1s vagy asztm\u00e1s betegs\u00e9g<\/strong>. Ezzel szemben a placebocsoportban minden m\u00e1sodik gyermek \u00e9rintett volt (50%). A <strong>pozit\u00edv hat\u00e1s m\u00e9g k\u00e9t \u00e9v eltelt\u00e9vel is megmaradt<\/strong> a probiotikumos csoportba tartoz\u00f3 gyermekekn\u00e9l, b\u00e1r a gyerekek id\u0151k\u00f6zben m\u00e1r nem kaptak k\u00e9sz\u00edtm\u00e9nyt.<\/p>\t\t\t\t\t\t\t\t<\/div>\n\t\t\t\t<\/div>\n\t\t\t\t\t<\/div>\n\t\t\t\t<\/div>\n\t\t<div class=\"elementor-element elementor-element-e0524d4 obcs none e-flex e-con-boxed e-con e-parent\" data-id=\"e0524d4\" data-element_type=\"container\">\n\t\t\t\t\t<div class=\"e-con-inner\">\n\t\t\t\t<div class=\"elementor-element elementor-element-374f93b elementor-widget elementor-widget-infobox\" data-id=\"374f93b\" data-element_type=\"widget\" data-widget_type=\"infobox.default\">\n\t\t\t\t<div class=\"elementor-widget-container\">\n\t\t\t\t\t\n<div class=\"li-widgets--infobox yellow highlights-always-magenta\">\n\n    <div class=\"li-widgets--infobox__icon\">\n        <i aria-hidden=\"true\" class=\"fas fa-quote-right\"><\/i>    <\/div>\n    <div class=\"li-widgets--infobox__text\">\n        Az eg\u00e9szs\u00e9ges b\u00e9lfl\u00f3ra jelent\u0151sen cs\u00f6kkentheti az allergia kialakul\u00e1s\u00e1nak kock\u00e1zat\u00e1t.    <\/div>\n    <div class=\"li-widgets--infobox__text-body\">\n            <\/div>\n\n    \n<\/div>\n\t\t\t\t<\/div>\n\t\t\t\t<\/div>\n\t\t\t\t\t<\/div>\n\t\t\t\t<\/div>\n\t\t<div class=\"elementor-element elementor-element-de94e61 obcs none e-flex e-con-boxed e-con e-parent\" data-id=\"de94e61\" data-element_type=\"container\">\n\t\t\t\t\t<div class=\"e-con-inner\">\n\t\t\t\t<div class=\"elementor-element elementor-element-36fca0e elementor-widget elementor-widget-heading\" data-id=\"36fca0e\" data-element_type=\"widget\" data-widget_type=\"heading.default\">\n\t\t\t\t<div class=\"elementor-widget-container\">\n\t\t\t\t\t<h2 class=\"elementor-heading-title elementor-size-default\">Mi er\u0151s\u00edti a csecsem\u0151 immunrendszer\u00e9t?<\/h2>\t\t\t\t<\/div>\n\t\t\t\t<\/div>\n\t\t\t\t\t<\/div>\n\t\t\t\t<\/div>\n\t\t<div class=\"elementor-element elementor-element-71ab379 obcs none e-flex e-con-boxed e-con e-parent\" data-id=\"71ab379\" data-element_type=\"container\">\n\t\t\t\t\t<div class=\"e-con-inner\">\n\t\t\t\t<div class=\"elementor-element elementor-element-a669ffe elementor-widget elementor-widget-text-editor\" data-id=\"a669ffe\" data-element_type=\"widget\" data-widget_type=\"text-editor.default\">\n\t\t\t\t<div class=\"elementor-widget-container\">\n\t\t\t\t\t\t\t\t\t<p>De <strong>m\u00e1s t\u00e9nyez\u0151k<\/strong> is befoly\u00e1solhatj\u00e1k az <strong>anyam\u00e9hben<\/strong> fejl\u0151d\u0151 gyermekek allergiakock\u00e1zat\u00e1t. Az \u00e9trendnek a lehet\u0151 <strong>legv\u00e1ltozatosabbnak, <a href=\"https:\/\/www.omni-biotic.com\/hu-hu\/blog\/meta-care-taplalek-kiegeszitoek\/\">vitaminokban<\/a> \u00e9s \u00e1sv\u00e1nyi anyagokban gazdagnak<\/strong> kell lennie, mert a baba azt fogyasztja, amit az \u00e9desanyja. A <strong>nikotinfogyaszt\u00e1s<\/strong> vagy a <strong>f\u00fcst\u00f6s helyis\u00e9gekben val\u00f3 gyakori tart\u00f3zkod\u00e1s<\/strong> el\u0151seg\u00edtheti a gyermek allergia\u00e9rz\u00e9kenys\u00e9g\u00e9t. A baba sz\u00fclet\u00e9si m\u00f3dja is szerepet j\u00e1tszik. <a href=\"https:\/\/www.omni-biotic.com\/hu-hu\/blog\/csaszarmetszes-vagy-termeszetes-szueles-a-baba-belmikrobiomja\/\"><strong>Cs\u00e1sz\u00e1rmetsz\u00e9s<\/strong> <\/a>eset\u00e9n a csecsem\u0151nek nincs kapcsolata az anyai <a href=\"https:\/\/www.omni-biotic.com\/hu-hu\/a-belrendszer-egeszsege\/a-bel-hataskore\/huvelyflora\/\"><strong>h\u00fcvelyfl\u00f3r\u00e1val<\/strong><\/a>. K\u00fcl\u00f6n\u00f6sen ezeknek az <strong>\u00fajsz\u00fcl\u00f6tteknek<\/strong> aj\u00e1nlott a <strong>b\u00e9lfl\u00f3ra fel\u00e9p\u00edt\u00e9se<\/strong> \u00e9s a b\u00e9l lak\u00f3i k\u00f6z\u00f6tti kiegyens\u00falyozott kapcsolat el\u0151seg\u00edt\u00e9se.<\/p>\t\t\t\t\t\t\t\t<\/div>\n\t\t\t\t<\/div>\n\t\t\t\t\t<\/div>\n\t\t\t\t<\/div>\n\t\t<div class=\"elementor-element elementor-element-b96f567 obcs none e-flex e-con-boxed e-con e-parent\" data-id=\"b96f567\" data-element_type=\"container\">\n\t\t\t\t\t<div class=\"e-con-inner\">\n\t\t\t\t<div class=\"elementor-element elementor-element-da41438 elementor-align-center elementor-widget elementor-widget-button\" data-id=\"da41438\" data-element_type=\"widget\" data-widget_type=\"button.default\">\n\t\t\t\t<div class=\"elementor-widget-container\">\n\t\t\t\t\t\t\t\t\t<div class=\"elementor-button-wrapper\">\n\t\t\t\t\t<a class=\"elementor-button elementor-button-link elementor-size-lg\" href=\"https:\/\/www.omni-biotic.com\/hu-hu\/blog\/superfood-anyatej\/\">\n\t\t\t\t\t\t<span class=\"elementor-button-content-wrapper\">\n\t\t\t\t\t\t\t\t\t<span class=\"elementor-button-text\">Az anyatej egy igazi csodaszer?<\/span>\n\t\t\t\t\t<\/span>\n\t\t\t\t\t<\/a>\n\t\t\t\t<\/div>\n\t\t\t\t\t\t\t\t<\/div>\n\t\t\t\t<\/div>\n\t\t\t\t\t<\/div>\n\t\t\t\t<\/div>\n\t\t\t\t<\/div>\n\t\t","protected":false},"excerpt":{"rendered":"<p>Az allergia kezel\u00e9se igen nagy kih\u00edv\u00e1s el\u00e9 \u00e1ll\u00edtja a sz\u00fcl\u0151ket. Mi is lehet tenni? Hogyan tud seg\u00edteni gyermek\u00e9n? Err\u0151l olvashat az al\u00e1bbiakban. Az allergia kock\u00e1zata er\u0151sen f\u00fcgg a g\u00e9nekt\u0151l. Ha a csal\u00e1dban m\u00e1r el\u0151fordult t\u00fal\u00e9rz\u00e9kenys\u00e9g olyan k\u00f6rnyezeti anyagokkal szemben, mint a pollen, az \u00e1llati sz\u0151r vagy egy bizonyos \u00e9lelmiszer, akkor nagy a val\u00f3sz\u00edn\u0171s\u00e9ge, hogy az [&hellip;]<\/p>\n","protected":false},"author":2,"featured_media":21216,"comment_status":"closed","ping_status":"closed","sticky":false,"template":"","format":"standard","meta":{"_acf_changed":false,"inline_featured_image":false,"footnotes":""},"categories":[113],"tags":[],"class_list":["post-16193","post","type-post","status-publish","format-standard","has-post-thumbnail","hentry","category-anya-gyermek"],"acf":[],"rank_math":{"og:title":"Az allergia kezel\u00e9se gyerekekn\u00e9l - OMNi-BiOTiC\u00ae","og:desc":"Az allergia kialakul\u00e1sa f\u00fcgg a g\u00e9nekt\u0151l. Az eg\u00e9szs\u00e9ges b\u00e9lfl\u00f3ra cs\u00f6kkentheti az allergia kialakul\u00e1s\u00e1nak kock\u00e1zat\u00e1t. Allergia kezel\u00e9se? Hogyan?","og:url":"https:\/\/www.omni-biotic.com\/hu-hu\/blog\/a-belflora-erositese-a-szueletestol-pillanatatol-kezdve\/","og:locale":"hu_HU","og:image":"https:\/\/www.omni-biotic.com\/hu-hu\/wp-content\/uploads\/sites\/7\/2022\/07\/allergia_gyerekeknel.png","og:image:width":"600","og:image:height":"400"},"additional_data":{"thumbnail":"https:\/\/www.omni-biotic.com\/hu-hu\/wp-content\/uploads\/sites\/7\/2022\/07\/allergia_gyerekeknel.png"},"blog_info":{"country":"hu-hu"},"_links":{"self":[{"href":"https:\/\/www.omni-biotic.com\/hu-hu\/wp-json\/wp\/v2\/posts\/16193","targetHints":{"allow":["GET"]}}],"collection":[{"href":"https:\/\/www.omni-biotic.com\/hu-hu\/wp-json\/wp\/v2\/posts"}],"about":[{"href":"https:\/\/www.omni-biotic.com\/hu-hu\/wp-json\/wp\/v2\/types\/post"}],"author":[{"embeddable":true,"href":"https:\/\/www.omni-biotic.com\/hu-hu\/wp-json\/wp\/v2\/users\/2"}],"replies":[{"embeddable":true,"href":"https:\/\/www.omni-biotic.com\/hu-hu\/wp-json\/wp\/v2\/comments?post=16193"}],"version-history":[{"count":7,"href":"https:\/\/www.omni-biotic.com\/hu-hu\/wp-json\/wp\/v2\/posts\/16193\/revisions"}],"predecessor-version":[{"id":22785,"href":"https:\/\/www.omni-biotic.com\/hu-hu\/wp-json\/wp\/v2\/posts\/16193\/revisions\/22785"}],"wp:featuredmedia":[{"embeddable":true,"href":"https:\/\/www.omni-biotic.com\/hu-hu\/wp-json\/wp\/v2\/media\/21216"}],"wp:attachment":[{"href":"https:\/\/www.omni-biotic.com\/hu-hu\/wp-json\/wp\/v2\/media?parent=16193"}],"wp:term":[{"taxonomy":"category","embeddable":true,"href":"https:\/\/www.omni-biotic.com\/hu-hu\/wp-json\/wp\/v2\/categories?post=16193"},{"taxonomy":"post_tag","embeddable":true,"href":"https:\/\/www.omni-biotic.com\/hu-hu\/wp-json\/wp\/v2\/tags?post=16193"}],"curies":[{"name":"wp","href":"https:\/\/api.w.org\/{rel}","templated":true}]}}