{"id":16196,"date":"2022-07-27T10:34:24Z","date_gmt":"2022-07-27T08:34:24Z","guid":{"rendered":"https:\/\/www.omni-biotic.com\/hu-hu\/superfood-anyatej\/"},"modified":"2024-02-23T11:38:25Z","modified_gmt":"2024-02-23T10:38:25Z","slug":"superfood-anyatej","status":"publish","type":"post","link":"https:\/\/www.omni-biotic.com\/hu-hu\/blog\/superfood-anyatej\/","title":{"rendered":"Mit is tartalmaz az anyatej?"},"content":{"rendered":"\t\t<div data-elementor-type=\"wp-post\" data-elementor-id=\"16196\" class=\"elementor elementor-16196\" data-elementor-post-type=\"post\">\n\t\t\t\t<div class=\"elementor-element elementor-element-8a35ce3 obcs none e-flex e-con-boxed e-con e-parent\" data-id=\"8a35ce3\" data-element_type=\"container\">\n\t\t\t\t\t<div class=\"e-con-inner\">\n\t\t\t\t<div class=\"elementor-element elementor-element-1081af1 elementor-widget elementor-widget-text-editor\" data-id=\"1081af1\" data-element_type=\"widget\" data-widget_type=\"text-editor.default\">\n\t\t\t\t<div class=\"elementor-widget-container\">\n\t\t\t\t\t\t\t\t\t<p><em><span style=\"color: #b6185c\">Az anyatej sokkal t\u00f6bb, mint egyszer\u0171 b\u00e9bi\u00e9tel! Nemr\u00e9giben kimutatt\u00e1k, hogy sz\u00e1mos anyagcserebetegs\u00e9g (pl. allergia, cukorbetegs\u00e9g vagy elh\u00edz\u00e1s) kiv\u00e1lt\u00f3ja a b\u00e9l rossz, eg\u00e9szs\u00e9gtelen b\u00e9lbakt\u00e9riumokkal val\u00f3 megteleped\u00e9se. Ezek a betegs\u00e9gek a b\u00e9l rendellenes megteleped\u00e9se miatt a k\u00f6vetkez\u0151 gener\u00e1ci\u00f3ra is \u00e1t\u00f6r\u00f6kl\u0151dhetnek. Egy \u00f6rd\u00f6gi k\u00f6r kezd\u0151dik. Ebben a folyamatban kulcsszerepet j\u00e1tszanak a r\u00f6vid sz\u00e9nl\u00e1nc\u00fa zs\u00edrsavak, amelyeket bizonyos hasznos b\u00e9lbakt\u00e9riumok termelnek.<\/span><\/em><\/p>\t\t\t\t\t\t\t\t<\/div>\n\t\t\t\t<\/div>\n\t\t\t\t<div class=\"elementor-element elementor-element-29b2fec elementor-widget elementor-widget-image\" data-id=\"29b2fec\" data-element_type=\"widget\" data-widget_type=\"image.default\">\n\t\t\t\t<div class=\"elementor-widget-container\">\n\t\t\t\t\t\t\t\t\t\t\t\t\t\t\t<img fetchpriority=\"high\" decoding=\"async\" width=\"800\" height=\"571\" src=\"https:\/\/www.omni-biotic.com\/hu-hu\/wp-content\/uploads\/sites\/7\/2022\/07\/anyatej_ob_panda.jpg\" class=\"attachment-large size-large wp-image-21195\" alt=\"cs\u00e1szs\u00e1rmetsz\u00e9s, term\u00e9szetes sz\u00fcl\u00e9s, anyatej, anyatejes t\u00e1pl\u00e1l\u00e9k, t\u00e1pszer, omni-biotic, Panda, anyatej, szoptat\u00e1s\" srcset=\"https:\/\/www.omni-biotic.com\/hu-hu\/wp-content\/uploads\/sites\/7\/2022\/07\/anyatej_ob_panda.jpg 1024w, https:\/\/www.omni-biotic.com\/hu-hu\/wp-content\/uploads\/sites\/7\/2022\/07\/anyatej_ob_panda-300x214.jpg 300w, https:\/\/www.omni-biotic.com\/hu-hu\/wp-content\/uploads\/sites\/7\/2022\/07\/anyatej_ob_panda-768x548.jpg 768w\" sizes=\"(max-width: 800px) 100vw, 800px\" title=\"\">\t\t\t\t\t\t\t\t\t\t\t\t\t\t\t<\/div>\n\t\t\t\t<\/div>\n\t\t\t\t\t<\/div>\n\t\t\t\t<\/div>\n\t\t<div class=\"elementor-element elementor-element-d4f995a obcs none e-flex e-con-boxed e-con e-parent\" data-id=\"d4f995a\" data-element_type=\"container\">\n\t\t\t\t\t<div class=\"e-con-inner\">\n\t\t\t\t<div class=\"elementor-element elementor-element-fbf8c9c elementor-widget elementor-widget-text-editor\" data-id=\"fbf8c9c\" data-element_type=\"widget\" data-widget_type=\"text-editor.default\">\n\t\t\t\t<div class=\"elementor-widget-container\">\n\t\t\t\t\t\t\t\t\t<p>A kiv\u00e1lasztott <a href=\"https:\/\/www.omni-biotic.com\/hu-hu\/a-belrendszer-egeszsege\/a-bel-az-egeszseg-kozpontja\/probiotikum\/\"><strong>probiotikus<\/strong> <\/a>bakt\u00e9riumt\u00f6rzsek el\u0151nyei <a href=\"https:\/\/www.omni-biotic.com\/hu-hu\/blog\/a-belflora-erositese-a-szueletestol-pillanatatol-kezdve\/\"><strong>a gyermekkori allergi\u00e1k<\/strong><\/a> eset\u00e9ben m\u00e1r \u00e9vek \u00f3ta ismertek, \u00e9s sz\u00e1mos tudom\u00e1nyos vizsg\u00e1lat is meger\u0151s\u00edtette \u0151ket (Niers 2009, Kim 2015). Az ez\u00e9rt felel\u0151s hat\u00e1smechanizmus el\u0151seg\u00edti az <strong><a href=\"https:\/\/www.omni-biotic.com\/hu-hu\/blog\/gyermekek-es-az-immunrendszer\/\">immunrendszer\u00fcnk<\/a> <\/strong>sz\u00e1m\u00e1ra fontos sejtek (TH1 \u00e9s TH2 sejtek) kiegyens\u00falyozott \u00e9r\u00e9s\u00e9t.<\/p>\t\t\t\t\t\t\t\t<\/div>\n\t\t\t\t<\/div>\n\t\t\t\t\t<\/div>\n\t\t\t\t<\/div>\n\t\t<div class=\"elementor-element elementor-element-69f6657 obcs none e-flex e-con-boxed e-con e-parent\" data-id=\"69f6657\" data-element_type=\"container\">\n\t\t\t\t\t<div class=\"e-con-inner\">\n\t\t\t\t<div class=\"elementor-element elementor-element-0c74000 elementor-widget elementor-widget-text-editor\" data-id=\"0c74000\" data-element_type=\"widget\" data-widget_type=\"text-editor.default\">\n\t\t\t\t<div class=\"elementor-widget-container\">\n\t\t\t\t\t\t\t\t\t<p>A jelenlegi kutat\u00e1si eredm\u00e9nyek m\u00e1r bizony\u00edtj\u00e1k (Soderborg 2016), hogy az elh\u00edz\u00e1s \u00e9s <strong>a cukorbetegs\u00e9g \u00e1tad\u00e1sa az any\u00e1r\u00f3l a gyermekre az SCFA-kon (= r\u00f6vid sz\u00e9nl\u00e1nc\u00fa zs\u00edrsavak) kereszt\u00fcl t\u00f6rt\u00e9nik.<\/strong> Ezek akkor keletkeznek, amikor bizonyos b\u00e9lbakt\u00e9riumok em\u00e9szthetetlen sz\u00e9nhidr\u00e1tokat erjesztenek. Ezt k\u00f6vet\u0151en a r\u00f6vid sz\u00e9nl\u00e1nc\u00fa zs\u00edrsavak (f\u0151k\u00e9nt acet\u00e1t, propion\u00e1t \u00e9s butir\u00e1t, \u00e1ltal\u00e1ban 3:1:1 ar\u00e1nyban) felsz\u00edv\u00f3dnak szervezet\u00fcnkben, szab\u00e1lyozz\u00e1k immunrendszer\u00fcnket \u00e9s sz\u00e1mos anyagcsere-folyamatot, p\u00e9ld\u00e1ul a szervezet saj\u00e1t zs\u00edrsav- (lipogenezis) vagy gl\u00fck\u00f3zk\u00e9pz\u00e9s\u00e9t (gl\u00fckogenezis).<\/p><p>A r\u00f6vid sz\u00e9nl\u00e1nc\u00fa zs\u00edrsavak az energiatermel\u00e9shez \u00e9s a koleszterinszint\u00e9zis szab\u00e1lyoz\u00e1s\u00e1hoz is elengedhetetlenek a <a href=\"https:\/\/www.omni-biotic.com\/hu-hu\/blog\/majcirrozis\/\"><strong>m\u00e1jban<\/strong><\/a>. Emellett meghat\u00e1rozz\u00e1k \u00e9trend\u00fcnk \u00e9rt\u00e9k\u00e9t, mivel a r\u00f6vid sz\u00e9nl\u00e1nc\u00fa zs\u00edrsavak befoly\u00e1solj\u00e1k a j\u00f3llakotts\u00e1gi hormonokat, \u00e9s ez\u00e1ltal az elfogyasztott \u00e9tel mennyis\u00e9g\u00e9t.<\/p>\t\t\t\t\t\t\t\t<\/div>\n\t\t\t\t<\/div>\n\t\t\t\t<div class=\"elementor-element elementor-element-df38bfc elementor-widget elementor-widget-heading\" data-id=\"df38bfc\" data-element_type=\"widget\" data-widget_type=\"heading.default\">\n\t\t\t\t<div class=\"elementor-widget-container\">\n\t\t\t\t\t<h2 class=\"elementor-heading-title elementor-size-default\">Az any\u00e1k bakt\u00e9riumokat adnak \u00e1t a (sz\u00fcletend\u0151) gyermeknek<\/h2>\t\t\t\t<\/div>\n\t\t\t\t<\/div>\n\t\t\t\t\t<\/div>\n\t\t\t\t<\/div>\n\t\t<div class=\"elementor-element elementor-element-7ac6ce2 obcs none e-flex e-con-boxed e-con e-parent\" data-id=\"7ac6ce2\" data-element_type=\"container\">\n\t\t\t\t\t<div class=\"e-con-inner\">\n\t\t\t\t<div class=\"elementor-element elementor-element-27d50bd elementor-widget elementor-widget-text-editor\" data-id=\"27d50bd\" data-element_type=\"widget\" data-widget_type=\"text-editor.default\">\n\t\t\t\t<div class=\"elementor-widget-container\">\n\t\t\t\t\t\t\t\t\t<p>Az any\u00e1k megosztj\u00e1k <a href=\"https:\/\/www.omni-biotic.com\/hu-hu\/a-belrendszer-egeszsege\/a-bel-az-egeszseg-kozpontja\/belbakteriumok\/\"><strong>bakt\u00e9riumaikat<\/strong> <\/a>(\u00e9s k\u00fcl\u00f6n\u00f6sen anyagcsereterm\u00e9keiket, p\u00e9ld\u00e1ul a r\u00f6vid sz\u00e9nl\u00e1nc\u00fa zs\u00edrsavakat) a magzattal az anyam\u00e9hben \u00e9s a <strong><a href=\"https:\/\/www.omni-biotic.com\/hu-hu\/blog\/csaszarmetszes-vagy-termeszetes-szueles-a-baba-belmikrobiomja\/\">sz\u00fcl\u00e9s<\/a> <\/strong>sor\u00e1n (<strong><a href=\"https:\/\/www.omni-biotic.com\/hu-hu\/a-belrendszer-egeszsege\/a-bel-hataskore\/huvelyflora\/\">h\u00fcvely<\/a><\/strong>-, \u00e9s <strong><a href=\"https:\/\/www.omni-biotic.com\/hu-hu\/a-belrendszer-egeszsege\/a-bel-az-egeszseg-kozpontja\/belflora\/\">b\u00e9lfl\u00f3r\u00e1t<\/a> <\/strong>h\u00fcvelyi sz\u00fcl\u00e9s eset\u00e9n; <strong><a href=\"https:\/\/www.omni-biotic.com\/hu-hu\/blog\/bor-mikrobiom-es-a-belbakteriumok\/\">b\u0151rfl\u00f3r\u00e1t<\/a> <\/strong>cs\u00e1sz\u00e1rmetsz\u00e9s eset\u00e9n). Az anyai bakt\u00e9riumok a <strong>szoptat\u00e1s sor\u00e1n is \u00e1tker\u00fclnek a gyermekhez.<\/strong> A sz\u00fclet\u00e9s ut\u00e1ni els\u0151 napokban az anyatej kev\u00e9sb\u00e9 a gyermek t\u00e1pl\u00e1l\u00e1s\u00e1ra, mint ink\u00e1bb <strong>a b\u00e9lbakt\u00e9riumok szab\u00e1lyoz\u00e1s\u00e1ra<\/strong> szolg\u00e1l.<\/p><p>Az anyatej t\u00f6bb mint<strong> 200 k\u00fcl\u00f6nb\u00f6z\u0151 cukormolekul\u00e1t<\/strong> tartalmaz. Maga az \u00fajsz\u00fcl\u00f6tt m\u00e9g nem k\u00e9pes ezeket a cukrokat megem\u00e9szteni \u00e9s t\u00e1pl\u00e1l\u00e9kk\u00e9nt felhaszn\u00e1lni, de a bakt\u00e9riumok ezeket a cukormolekul\u00e1kat t\u00e1pl\u00e1l\u00e9kk\u00e9nt vagy szubsztr\u00e1tk\u00e9nt hasznos\u00edtj\u00e1k (Autran 2016). Ezek a <strong>cukrok<\/strong> teh\u00e1t el\u0151seg\u00edtik az \u00fajsz\u00fcl\u00f6tt addig szinte cs\u00edramentes b\u00e9lrendszer\u00e9nek megteleped\u00e9s\u00e9t bakt\u00e9riumokkal.<\/p><p>Emellett <strong>a szoptat\u00e1s sor\u00e1n v\u00e1ltozik az anyatej \u00f6sszet\u00e9tele<\/strong>, \u00e9s \u00edgy a csecsem\u0151 b\u00e9lrendszer\u00e9nek bakt\u00e9riumkoloniz\u00e1ci\u00f3ja is. Bizonyos cukormolekul\u00e1k, az oligoszacharidok k\u00e9pesek magukhoz k\u00f6tni a potenci\u00e1lisan k\u00e1ros, k\u00f3rokoz\u00f3 bakt\u00e9riumokat, \u00e9s \u00edgy biztos\u00edtj\u00e1k, hogy a <strong>k\u00f3rokoz\u00f3k t\u00e1voznak<\/strong> a baba b\u00e9lrendszer\u00e9b\u0151l.<\/p>\t\t\t\t\t\t\t\t<\/div>\n\t\t\t\t<\/div>\n\t\t\t\t\t<\/div>\n\t\t\t\t<\/div>\n\t\t<div class=\"elementor-element elementor-element-5f3a142 obcs none e-flex e-con-boxed e-con e-parent\" data-id=\"5f3a142\" data-element_type=\"container\">\n\t\t\t\t\t<div class=\"e-con-inner\">\n\t\t\t\t<div class=\"elementor-element elementor-element-e647f2e elementor-widget elementor-widget-text-editor\" data-id=\"e647f2e\" data-element_type=\"widget\" data-widget_type=\"text-editor.default\">\n\t\t\t\t<div class=\"elementor-widget-container\">\n\t\t\t\t\t\t\t\t\t<p>Amint az m\u00e1r r\u00e9g\u00f3ta ismert, az anyatej el\u0151seg\u00edti a gyermek <a href=\"https:\/\/www.omni-biotic.com\/hu-hu\/blog\/probiotikumok-a-baba-immunrendszerenek-erositesehez\/\"><strong>immunrendszer\u00e9nek<\/strong> <\/a>fejl\u0151d\u00e9s\u00e9t. K\u00f6zvetlen\u00fcl a sz\u00fclet\u00e9s ut\u00e1n k\u00fcl\u00f6n\u00f6sen nagy ar\u00e1nyban tartalmaz bioakt\u00edv feh\u00e9rj\u00e9ket, \u00e9s \u00edgy egyfajta helyettes\u00edt\u0151 immunit\u00e1st jelent az \u00fajsz\u00fcl\u00f6tt sz\u00e1m\u00e1ra, am\u00edg k\u00f6r\u00fclbel\u00fcl egy h\u00f3nap eltelt\u00e9vel \u00e1tveszi a k\u00f3rokoz\u00f3k elleni v\u00e9dekez\u00e9st. Ekkor a tejben l\u00e9v\u0151<strong> anyai antitestek sz\u00e1ma is cs\u00f6kken<\/strong>, k\u00f6r\u00fclbel\u00fcl 90 sz\u00e1zal\u00e9kkal. A cukormolekul\u00e1k v\u00e1ltozatoss\u00e1ga is l\u00e9nyegesen cs\u00f6kken. Ugyanakkor azonban az anyatej zs\u00edrtartalma megn\u0151, \u00e9s \u00edgy el\u0151seg\u00edti a baba n\u00f6veked\u00e9s\u00e9t.<\/p>\t\t\t\t\t\t\t\t<\/div>\n\t\t\t\t<\/div>\n\t\t\t\t\t<\/div>\n\t\t\t\t<\/div>\n\t\t<div class=\"elementor-element elementor-element-05d33ff obcs none e-flex e-con-boxed e-con e-parent\" data-id=\"05d33ff\" data-element_type=\"container\">\n\t\t\t\t\t<div class=\"e-con-inner\">\n\t\t\t\t<div class=\"elementor-element elementor-element-9e985b1 elementor-widget elementor-widget-heading\" data-id=\"9e985b1\" data-element_type=\"widget\" data-widget_type=\"heading.default\">\n\t\t\t\t<div class=\"elementor-widget-container\">\n\t\t\t\t\t<h2 class=\"elementor-heading-title elementor-size-default\">Probiotikumok any\u00e1nak \u00e9s gyermeknek?<\/h2>\t\t\t\t<\/div>\n\t\t\t\t<\/div>\n\t\t\t\t\t<\/div>\n\t\t\t\t<\/div>\n\t\t<div class=\"elementor-element elementor-element-0332d51 obcs none e-flex e-con-boxed e-con e-parent\" data-id=\"0332d51\" data-element_type=\"container\">\n\t\t\t\t\t<div class=\"e-con-inner\">\n\t\t\t\t<div class=\"elementor-element elementor-element-2702347 elementor-widget elementor-widget-text-editor\" data-id=\"2702347\" data-element_type=\"widget\" data-widget_type=\"text-editor.default\">\n\t\t\t\t<div class=\"elementor-widget-container\">\n\t\t\t\t\t\t\t\t\t<p>Az anya kiegyens\u00falyozott <a href=\"https:\/\/www.omni-biotic.com\/hu-hu\/a-belrendszer-egeszsege\/a-bel-az-egeszseg-kozpontja\/belflora\/\"><strong>b\u00e9lfl\u00f3r\u00e1ja <\/strong><\/a>a <a href=\"https:\/\/www.omni-biotic.com\/hu-hu\/a-belrendszer-egeszsege\/a-bel-hataskore\/terhesseg-szoptatas\/\"><strong>terhess\u00e9g <\/strong><\/a>\u00e9s a szoptat\u00e1s alatt is elengedhetetlen a gyermek fejl\u0151d\u00e9s\u00e9hez. Az anya b\u00e9lrendszere hat\u00e1rozza meg a k\u00f6vetkez\u0151 gener\u00e1ci\u00f3 eg\u00e9szs\u00e9g\u00e9nek ir\u00e1ny\u00e1t a kiegyens\u00falyozott, <a href=\"https:\/\/www.omni-biotic.com\/hu-hu\/blog\/allergia-kezelese\/\"><strong>rostban <\/strong><strong>gazdag \u00e9trenddel<\/strong><\/a> vagy a kifejezetten erre a c\u00e9lra kiv\u00e1lasztott <strong>probiotikumokkal<\/strong>.<\/p><p>Ha az anya j\u00f3t\u00e9kony bakt\u00e9riumai nem is tudnak megfelel\u0151en \u00e1tker\u00fclni a gyermek b\u00e9lrendszer\u00e9be (pl. <a href=\"https:\/\/www.omni-biotic.com\/hu-hu\/blog\/csaszarmetszes-vagy-termeszetes-szueles-a-baba-belmikrobiomja\/\"><strong>cs\u00e1sz\u00e1rmetsz\u00e9ses <\/strong><\/a>sz\u00fcl\u00e9s eset\u00e9n, vagy ha a bab\u00e1t csak cumis\u00fcvegb\u0151l t\u00e1pl\u00e1lj\u00e1k, mert az anya nem tud vagy nem akar szoptatni), az \u00fajsz\u00fcl\u00f6tt immunrendszer\u00e9t speci\u00e1lisan a gyermek ig\u00e9nyeihez igaz\u00edtott hum\u00e1n cs\u00edrat\u00f6rzseket tartalmaz\u00f3 <strong>probiotikumokkal<\/strong> lehet a megfelel\u0151 ir\u00e1nyba terelni. A gyermek immunrendszer\u00e9nek nincs m\u00e1sodik es\u00e9lye!<\/p>\t\t\t\t\t\t\t\t<\/div>\n\t\t\t\t<\/div>\n\t\t\t\t\t<\/div>\n\t\t\t\t<\/div>\n\t\t<div class=\"elementor-element elementor-element-7012ec0 obcs none e-flex e-con-boxed e-con e-parent\" data-id=\"7012ec0\" data-element_type=\"container\">\n\t\t\t\t\t<div class=\"e-con-inner\">\n\t\t\t\t<div class=\"elementor-element elementor-element-3c3bf8a elementor-widget-divider--view-line elementor-widget elementor-widget-divider\" data-id=\"3c3bf8a\" data-element_type=\"widget\" data-widget_type=\"divider.default\">\n\t\t\t\t<div class=\"elementor-widget-container\">\n\t\t\t\t\t\t\t<div class=\"elementor-divider\">\n\t\t\t<span class=\"elementor-divider-separator\">\n\t\t\t\t\t\t<\/span>\n\t\t<\/div>\n\t\t\t\t\t\t<\/div>\n\t\t\t\t<\/div>\n\t\t\t\t\t<\/div>\n\t\t\t\t<\/div>\n\t\t<div class=\"elementor-element elementor-element-7a0f5f1 obcs none e-flex e-con-boxed e-con e-parent\" data-id=\"7a0f5f1\" data-element_type=\"container\">\n\t\t\t\t\t<div class=\"e-con-inner\">\n\t\t\t\t<div class=\"elementor-element elementor-element-bcace4a elementor-widget-divider--view-line elementor-widget elementor-widget-divider\" data-id=\"bcace4a\" data-element_type=\"widget\" data-widget_type=\"divider.default\">\n\t\t\t\t<div class=\"elementor-widget-container\">\n\t\t\t\t\t\t\t<div class=\"elementor-divider\">\n\t\t\t<span class=\"elementor-divider-separator\">\n\t\t\t\t\t\t<\/span>\n\t\t<\/div>\n\t\t\t\t\t\t<\/div>\n\t\t\t\t<\/div>\n\t\t\t\t\t<\/div>\n\t\t\t\t<\/div>\n\t\t<div class=\"elementor-element elementor-element-6c67f15 obcs none e-flex e-con-boxed e-con e-parent\" data-id=\"6c67f15\" data-element_type=\"container\">\n\t\t\t\t\t<div class=\"e-con-inner\">\n\t\t\t\t<div class=\"elementor-element elementor-element-d9657a5 elementor-widget elementor-widget-heading\" data-id=\"d9657a5\" data-element_type=\"widget\" data-widget_type=\"heading.default\">\n\t\t\t\t<div class=\"elementor-widget-container\">\n\t\t\t\t\t<h2 class=\"elementor-heading-title elementor-size-default\">OMNi-BiOTiC\u00ae PANDA<\/h2>\t\t\t\t<\/div>\n\t\t\t\t<\/div>\n\t\t\t\t\t<\/div>\n\t\t\t\t<\/div>\n\t\t<div class=\"elementor-element elementor-element-f77d4ed obcs none e-flex e-con-boxed e-con e-parent\" data-id=\"f77d4ed\" data-element_type=\"container\">\n\t\t\t\t\t<div class=\"e-con-inner\">\n\t\t\t\t<div class=\"elementor-element elementor-element-9984dba elementor-widget elementor-widget-text-editor\" data-id=\"9984dba\" data-element_type=\"widget\" data-widget_type=\"text-editor.default\">\n\t\t\t\t<div class=\"elementor-widget-container\">\n\t\t\t\t\t\t\t\t\t<ul><li>Di\u00e9tamenedzsment a TH1 \u00e9s TH2 sejtek k\u00f6z\u00f6tti immunol\u00f3giai egyens\u00falyhi\u00e1ny kezel\u00e9s\u00e9re<\/li><li>Probiotikum n\u0151knek a terhess\u00e9g alatt<\/li><li>Probiotikum gyerekeknek a sz\u00fclet\u00e9s pillanat\u00e1t\u00f3l kezdve<\/li><li>Szab\u00e1lyozza a baba immunrendszer\u00e9t<\/li><\/ul>\t\t\t\t\t\t\t\t<\/div>\n\t\t\t\t<\/div>\n\t\t\t\t\t<\/div>\n\t\t\t\t<\/div>\n\t\t<div class=\"elementor-element elementor-element-fb3579b obcs none e-flex e-con-boxed e-con e-parent\" data-id=\"fb3579b\" data-element_type=\"container\">\n\t\t\t\t\t<div class=\"e-con-inner\">\n\t\t\t\t<div class=\"elementor-element elementor-element-9cbbebf elementor-widget elementor-widget-image\" data-id=\"9cbbebf\" data-element_type=\"widget\" data-widget_type=\"image.default\">\n\t\t\t\t<div class=\"elementor-widget-container\">\n\t\t\t\t\t\t\t\t\t\t\t\t\t\t\t<img decoding=\"async\" width=\"800\" height=\"571\" src=\"https:\/\/www.omni-biotic.com\/hu-hu\/wp-content\/uploads\/sites\/7\/2022\/08\/ob-flora-panda-1.jpg\" class=\"attachment-large size-large wp-image-9640\" alt=\"\" srcset=\"https:\/\/www.omni-biotic.com\/hu-hu\/wp-content\/uploads\/sites\/7\/2022\/08\/ob-flora-panda-1.jpg 800w, https:\/\/www.omni-biotic.com\/hu-hu\/wp-content\/uploads\/sites\/7\/2022\/08\/ob-flora-panda-1-300x214.jpg 300w, https:\/\/www.omni-biotic.com\/hu-hu\/wp-content\/uploads\/sites\/7\/2022\/08\/ob-flora-panda-1-768x548.jpg 768w\" sizes=\"(max-width: 800px) 100vw, 800px\" title=\"\">\t\t\t\t\t\t\t\t\t\t\t\t\t\t\t<\/div>\n\t\t\t\t<\/div>\n\t\t\t\t\t<\/div>\n\t\t\t\t<\/div>\n\t\t<div class=\"elementor-element elementor-element-e8698e8 obcs none e-flex e-con-boxed e-con e-parent\" data-id=\"e8698e8\" data-element_type=\"container\">\n\t\t\t\t\t<div class=\"e-con-inner\">\n\t\t\t\t<div class=\"elementor-element elementor-element-3a3c42d elementor-align-center elementor-widget elementor-widget-button\" data-id=\"3a3c42d\" data-element_type=\"widget\" data-widget_type=\"button.default\">\n\t\t\t\t<div class=\"elementor-widget-container\">\n\t\t\t\t\t\t\t\t\t<div class=\"elementor-button-wrapper\">\n\t\t\t\t\t<a class=\"elementor-button elementor-button-link elementor-size-md\" href=\"https:\/\/shop.omni-biotic.com\/hu-hu\/products\/omni-biotic-panda-int-99108\">\n\t\t\t\t\t\t<span class=\"elementor-button-content-wrapper\">\n\t\t\t\t\t\t\t\t\t<span class=\"elementor-button-text\">J\u00f3 kezd\u00e9s a bab\u00e1nak!<\/span>\n\t\t\t\t\t<\/span>\n\t\t\t\t\t<\/a>\n\t\t\t\t<\/div>\n\t\t\t\t\t\t\t\t<\/div>\n\t\t\t\t<\/div>\n\t\t\t\t\t<\/div>\n\t\t\t\t<\/div>\n\t\t\t\t<\/div>\n\t\t","protected":false},"excerpt":{"rendered":"<p>Az anyatej sokkal t\u00f6bb, mint egyszer\u0171 b\u00e9bi\u00e9tel! Nemr\u00e9giben kimutatt\u00e1k, hogy sz\u00e1mos anyagcserebetegs\u00e9g (pl. allergia, cukorbetegs\u00e9g vagy elh\u00edz\u00e1s) kiv\u00e1lt\u00f3ja a b\u00e9l rossz, eg\u00e9szs\u00e9gtelen b\u00e9lbakt\u00e9riumokkal val\u00f3 megteleped\u00e9se. Ezek a betegs\u00e9gek a b\u00e9l rendellenes megteleped\u00e9se miatt a k\u00f6vetkez\u0151 gener\u00e1ci\u00f3ra is \u00e1t\u00f6r\u00f6kl\u0151dhetnek. Egy \u00f6rd\u00f6gi k\u00f6r kezd\u0151dik. Ebben a folyamatban kulcsszerepet j\u00e1tszanak a r\u00f6vid sz\u00e9nl\u00e1nc\u00fa zs\u00edrsavak, amelyeket bizonyos hasznos b\u00e9lbakt\u00e9riumok [&hellip;]<\/p>\n","protected":false},"author":2,"featured_media":19724,"comment_status":"closed","ping_status":"closed","sticky":false,"template":"","format":"standard","meta":{"_acf_changed":false,"inline_featured_image":false,"footnotes":""},"categories":[113],"tags":[],"class_list":["post-16196","post","type-post","status-publish","format-standard","has-post-thumbnail","hentry","category-anya-gyermek"],"acf":[],"rank_math":{"og:title":"Mit is tartalmaz anyatej? A j\u00f3t\u00e9kony b\u00e9lbakt\u00e9riumokr\u00f3l","og:desc":"Az anyatej sokkal t\u00f6bb, mint egyszer\u0171 b\u00e9bi\u00e9tel! Az any\u00e1k az anyam\u00e9hben, a sz\u00fcl\u00e9s \u00e9s a szoptat\u00e1s sor\u00e1n megosztj\u00e1k bab\u00e1jukkal a bakt\u00e9riumokat.","og:url":"https:\/\/www.omni-biotic.com\/hu-hu\/blog\/superfood-anyatej\/","og:locale":"hu_HU","og:image":"https:\/\/www.omni-biotic.com\/hu-hu\/wp-content\/uploads\/sites\/7\/2022\/07\/anyatej.jpg","og:image:width":"400","og:image:height":"279"},"additional_data":{"thumbnail":"https:\/\/www.omni-biotic.com\/hu-hu\/wp-content\/uploads\/sites\/7\/2022\/07\/anyatej.jpg"},"blog_info":{"country":"hu-hu"},"_links":{"self":[{"href":"https:\/\/www.omni-biotic.com\/hu-hu\/wp-json\/wp\/v2\/posts\/16196","targetHints":{"allow":["GET"]}}],"collection":[{"href":"https:\/\/www.omni-biotic.com\/hu-hu\/wp-json\/wp\/v2\/posts"}],"about":[{"href":"https:\/\/www.omni-biotic.com\/hu-hu\/wp-json\/wp\/v2\/types\/post"}],"author":[{"embeddable":true,"href":"https:\/\/www.omni-biotic.com\/hu-hu\/wp-json\/wp\/v2\/users\/2"}],"replies":[{"embeddable":true,"href":"https:\/\/www.omni-biotic.com\/hu-hu\/wp-json\/wp\/v2\/comments?post=16196"}],"version-history":[{"count":7,"href":"https:\/\/www.omni-biotic.com\/hu-hu\/wp-json\/wp\/v2\/posts\/16196\/revisions"}],"predecessor-version":[{"id":21200,"href":"https:\/\/www.omni-biotic.com\/hu-hu\/wp-json\/wp\/v2\/posts\/16196\/revisions\/21200"}],"wp:featuredmedia":[{"embeddable":true,"href":"https:\/\/www.omni-biotic.com\/hu-hu\/wp-json\/wp\/v2\/media\/19724"}],"wp:attachment":[{"href":"https:\/\/www.omni-biotic.com\/hu-hu\/wp-json\/wp\/v2\/media?parent=16196"}],"wp:term":[{"taxonomy":"category","embeddable":true,"href":"https:\/\/www.omni-biotic.com\/hu-hu\/wp-json\/wp\/v2\/categories?post=16196"},{"taxonomy":"post_tag","embeddable":true,"href":"https:\/\/www.omni-biotic.com\/hu-hu\/wp-json\/wp\/v2\/tags?post=16196"}],"curies":[{"name":"wp","href":"https:\/\/api.w.org\/{rel}","templated":true}]}}