{"id":16199,"date":"2022-08-02T12:00:53Z","date_gmt":"2022-08-02T10:00:53Z","guid":{"rendered":"https:\/\/www.omni-biotic.com\/hu-hu\/probiotikum-kutyaknak-es-macskaknak\/"},"modified":"2024-07-19T11:21:10Z","modified_gmt":"2024-07-19T09:21:10Z","slug":"probiotikum-kutyaknak-es-macskaknak","status":"publish","type":"post","link":"https:\/\/www.omni-biotic.com\/hu-hu\/blog\/probiotikum-kutyaknak-es-macskaknak\/","title":{"rendered":"Kuty\u00e1k \u00e9s macsk\u00e1k b\u00e9lfl\u00f3r\u00e1ja"},"content":{"rendered":"\t\t<div data-elementor-type=\"wp-post\" data-elementor-id=\"16199\" class=\"elementor elementor-16199\" data-elementor-post-type=\"post\">\n\t\t\t\t<div class=\"elementor-element elementor-element-2beedbd obcs none e-flex e-con-boxed e-con e-parent\" data-id=\"2beedbd\" data-element_type=\"container\">\n\t\t\t\t\t<div class=\"e-con-inner\">\n\t\t\t\t<div class=\"elementor-element elementor-element-b39a205 elementor-widget elementor-widget-text-editor\" data-id=\"b39a205\" data-element_type=\"widget\" data-widget_type=\"text-editor.default\">\n\t\t\t\t<div class=\"elementor-widget-container\">\n\t\t\t\t\t\t\t\t\t<p><span style=\"color: #800080\"><em>Mint minden eml\u0151snek, a kuty\u00e1knak \u00e9s a macsk\u00e1knak is van b\u00e9lfl\u00f3r\u00e1ja. Az \u00e1llatok b\u00e9lfl\u00f3r\u00e1j\u00e1nak kutat\u00e1sa azonban \u2013 az <a href=\"https:\/\/www.omni-biotic.com\/hu-hu\/a-belrendszer-egeszsege\/a-bel-az-egeszseg-kozpontja\/belflora\/\">ember\u00e9vel<\/a> ellent\u00e9tben \u2013 m\u00e9g gyerekcip\u0151ben j\u00e1r. A tudom\u00e1nyos vizsg\u00e1latok azonban m\u00e1r egy\u00e9rtelm\u0171 \u00f6sszef\u00fcgg\u00e9seket mutatnak az \u00e1llati b\u00e9lfl\u00f3ra zavara (= diszbi\u00f3zis) \u00e9s a k\u00fcl\u00f6nb\u00f6z\u0151 k\u00f3rk\u00e9pek, p\u00e9ld\u00e1ul hasmen\u00e9s, kr\u00f3nikus gyullad\u00e1sos b\u00e9lbetegs\u00e9gek vagy b\u0151rgyullad\u00e1s kialakul\u00e1sa k\u00f6z\u00f6tt.<\/em><\/span><\/p>\t\t\t\t\t\t\t\t<\/div>\n\t\t\t\t<\/div>\n\t\t\t\t\t<\/div>\n\t\t\t\t<\/div>\n\t\t<div class=\"elementor-element elementor-element-c22109f obcs none e-flex e-con-boxed e-con e-parent\" data-id=\"c22109f\" data-element_type=\"container\">\n\t\t\t\t\t<div class=\"e-con-inner\">\n\t\t\t\t<div class=\"elementor-element elementor-element-46ad320 elementor-widget elementor-widget-text-editor\" data-id=\"46ad320\" data-element_type=\"widget\" data-widget_type=\"text-editor.default\">\n\t\t\t\t<div class=\"elementor-widget-container\">\n\t\t\t\t\t\t\t\t\t<p>Ismer\u0151sen hangzik? Nem csoda, hiszen az emberi \u00e9s az \u00e1llati b\u00e9lfl\u00f3ra hasonl\u00f3s\u00e1gokat mutat. Ez arra enged k\u00f6vetkeztetni, hogy az \u00e1llatokn\u00e1l is kialakulhatnak az ember\u00e9hez hasonl\u00f3 t\u00fcnetek a zavart b\u00e9lfl\u00f3ra miatt. A macsk\u00e1k \u00e9s kuty\u00e1k probiotikummal \u00e9s prebiotikumokkal t\u00f6rt\u00e9n\u0151 ter\u00e1pi\u00e1ja fontos szerepet j\u00e1tszik az \u00e1llatok eg\u00e9szs\u00e9g\u00e9nek meg\u0151rz\u00e9s\u00e9ben.<\/p>\t\t\t\t\t\t\t\t<\/div>\n\t\t\t\t<\/div>\n\t\t\t\t\t<\/div>\n\t\t\t\t<\/div>\n\t\t<div class=\"elementor-element elementor-element-62da874 obcs none e-flex e-con-boxed e-con e-parent\" data-id=\"62da874\" data-element_type=\"container\">\n\t\t\t\t\t<div class=\"e-con-inner\">\n\t\t\t\t<div class=\"elementor-element elementor-element-74246b8 elementor-widget elementor-widget-text-editor\" data-id=\"74246b8\" data-element_type=\"widget\" data-widget_type=\"text-editor.default\">\n\t\t\t\t<div class=\"elementor-widget-container\">\n\t\t\t\t\t\t\t\t\t<p>Ha megn\u00e9zz\u00fck a b\u00e9lfl\u00f3ra hozz\u00e1vet\u0151leges \u00f6sszet\u00e9tel\u00e9t, azt l\u00e1tjuk, hogy az emberekben \u00e9s az \u00e1llatokban nagyr\u00e9szt ugyanazok a f\u0151bb bakt\u00e9riumt\u00f6rzsek vannak jelen hasonl\u00f3 ar\u00e1nyban. \u201e\u00c9rdekes, hogy a <strong>kuty\u00e1k sokkal t\u00f6bb bakt\u00e9riumot vesznek fel a gazd\u00e1ikt\u00f3l<\/strong>, mint az emberek a kuty\u00e1ikt\u00f3l\u201d \u2013 magyar\u00e1zza Dr. Nina Machac \u00e1llatorvos. Ennek oka az, hogy a h\u00e1zias\u00edt\u00e1s miatt sok macska \u00e9s kutya hasonl\u00f3 vagy ak\u00e1r ugyanolyan t\u00e1pl\u00e1l\u00e9kot fogyaszt, mint gazd\u00e1ja. P\u00e9ld\u00e1ul ha magas sz\u00e9nhidr\u00e1ttartalm\u00fa \u00e9telt kap, vagy ha rendszeresen az asztalr\u00f3l etetik.<\/p><p><strong>A t\u00e1pl\u00e1l\u00e9kfelv\u00e9tel hat\u00e1ssal van a mikrobiom fel\u00e9p\u00fcl\u00e9s\u00e9re<\/strong>, \u00e9s ez magyar\u00e1zat arra, mi\u00e9rt hasonl\u00f3 a macsk\u00e1k \u00e9s kuty\u00e1k b\u00e9lfl\u00f3r\u00e1ja. A h\u00e1zi\u00e1llat \u00e9s gazd\u00e1ja \u00e9letm\u00f3dj\u00e1nak hasonl\u00f3s\u00e1ga mellesleg egy m\u00e1sik hat\u00e1st is kiv\u00e1lt: az emberek \u00e9s az \u00e1llatok betegs\u00e9gei is hasonl\u00edtanak egym\u00e1sra, \u00edgy az elh\u00edz\u00e1s, az allergia (k\u00fcl\u00f6n\u00f6sen a b\u0151r allergi\u00e1ja), a cukorbetegs\u00e9g \u00e9s a r\u00e1k is egyre gyakrabban beker\u00fcl az \u00e1llatorvosi rendel\u0151kbe.<\/p>\t\t\t\t\t\t\t\t<\/div>\n\t\t\t\t<\/div>\n\t\t\t\t\t<\/div>\n\t\t\t\t<\/div>\n\t\t<div class=\"elementor-element elementor-element-814cb84 obcs none e-flex e-con-boxed e-con e-parent\" data-id=\"814cb84\" data-element_type=\"container\">\n\t\t\t\t\t<div class=\"e-con-inner\">\n\t\t\t\t<div class=\"elementor-element elementor-element-fa2a6fd elementor-widget elementor-widget-heading\" data-id=\"fa2a6fd\" data-element_type=\"widget\" data-widget_type=\"heading.default\">\n\t\t\t\t<div class=\"elementor-widget-container\">\n\t\t\t\t\t<h2 class=\"elementor-heading-title elementor-size-default\">Az \u00e1llati b\u00e9lfl\u00f3ra feladata<\/h2>\t\t\t\t<\/div>\n\t\t\t\t<\/div>\n\t\t\t\t<div class=\"elementor-element elementor-element-9b0a71a elementor-widget elementor-widget-image\" data-id=\"9b0a71a\" data-element_type=\"widget\" data-widget_type=\"image.default\">\n\t\t\t\t<div class=\"elementor-widget-container\">\n\t\t\t\t\t\t\t\t\t\t\t\t\t\t\t<img fetchpriority=\"high\" decoding=\"async\" width=\"800\" height=\"534\" src=\"https:\/\/www.omni-biotic.com\/hu-hu\/wp-content\/uploads\/sites\/7\/2022\/08\/kutya_probiotikum.jpg\" class=\"attachment-large size-large wp-image-21171\" alt=\"kutya probiotikum, macska probiotikum, omni-biotic, kutya hasmen\u00e9s, hasmen\u00e9s ellen\" srcset=\"https:\/\/www.omni-biotic.com\/hu-hu\/wp-content\/uploads\/sites\/7\/2022\/08\/kutya_probiotikum.jpg 1000w, https:\/\/www.omni-biotic.com\/hu-hu\/wp-content\/uploads\/sites\/7\/2022\/08\/kutya_probiotikum-300x200.jpg 300w, https:\/\/www.omni-biotic.com\/hu-hu\/wp-content\/uploads\/sites\/7\/2022\/08\/kutya_probiotikum-768x512.jpg 768w\" sizes=\"(max-width: 800px) 100vw, 800px\" title=\"\">\t\t\t\t\t\t\t\t\t\t\t\t\t\t\t<\/div>\n\t\t\t\t<\/div>\n\t\t\t\t\t<\/div>\n\t\t\t\t<\/div>\n\t\t<div class=\"elementor-element elementor-element-a30943b obcs none e-flex e-con-boxed e-con e-parent\" data-id=\"a30943b\" data-element_type=\"container\">\n\t\t\t\t\t<div class=\"e-con-inner\">\n\t\t\t\t<div class=\"elementor-element elementor-element-1514d0d elementor-widget elementor-widget-text-editor\" data-id=\"1514d0d\" data-element_type=\"widget\" data-widget_type=\"text-editor.default\">\n\t\t\t\t<div class=\"elementor-widget-container\">\n\t\t\t\t\t\t\t\t\t<p>A b\u00e9lfl\u00f3r\u00e1nak az eml\u0151s\u00f6k eg\u00e9szs\u00e9g\u00e9re gyakorolt hat\u00e1s\u00e1t sokan m\u00e9g mindig nagyon al\u00e1becs\u00fclik. A t\u00e1pl\u00e1l\u00e9k felhaszn\u00e1l\u00e1sa \u00e9s az em\u00e9szthetetlen salakanyagok kiv\u00e1laszt\u00e1sa mellett <strong>a b\u00e9l<\/strong> alapvet\u0151 <strong>szerepet j\u00e1tszik<\/strong> az <strong>\u00e1llatok immunrendszer\u00e9nek m\u0171k\u00f6d\u00e9s\u00e9ben<\/strong> is. \u201eA t\u00e1pl\u00e1l\u00e9kkal egy\u00fctt<strong> toxinok, bakt\u00e9riumok, v\u00edrusok, gomb\u00e1k \u00e9s parazit\u00e1k is \u00e1thaladnak a beleken<\/strong>, \u00edgy az \u00e1llatok az emberhez k\u00e9pest l\u00e9nyegesen nagyobb terhel\u00e9snek vannak kit\u00e9ve a nemk\u00edv\u00e1natos anyagok tekintet\u00e9ben \u2013 gondoljunk csak arra, hogy a kuty\u00e1k milyen \u00e9rdekes dolgokba dugj\u00e1k bele az orrukat, \u00e9s mit hoz haza a macska a term\u00e9szetb\u0151l\u201d \u2013 osztja meg tapasztalatait Dr. Machac.<\/p><p>A szervezet v\u00e9delme \u00e9rdek\u00e9ben a <strong>b\u00e9lfl\u00f3ra immunol\u00f3giailag hat\u00e9kony g\u00e1tat k\u00e9pez<\/strong> az idegen anyagokkal szemben. A szervezet immunsejtjeinek 50-80%-a (fajt\u00f3l f\u00fcgg\u0151en) ott tal\u00e1lhat\u00f3. A b\u00e9lny\u00e1lkah\u00e1rtya hatalmas fel\u00fclete, amely messze meghaladja a t\u00fcd\u0151 \u00e9s a b\u0151r fel\u00fclet\u00e9t, h\u00e1romszor annyi plazmasejtet tartalmaz, mint a csontvel\u0151, a l\u00e9p \u00e9s a nyirokcsom\u00f3k egy\u00fcttv\u00e9ve, \u00edgy ez a legnagyobb immunol\u00f3giai szerv a szervezetben.<\/p>\t\t\t\t\t\t\t\t<\/div>\n\t\t\t\t<\/div>\n\t\t\t\t\t<\/div>\n\t\t\t\t<\/div>\n\t\t<div class=\"elementor-element elementor-element-25d57f2 obcs none e-flex e-con-boxed e-con e-parent\" data-id=\"25d57f2\" data-element_type=\"container\">\n\t\t\t\t\t<div class=\"e-con-inner\">\n\t\t\t\t<div class=\"elementor-element elementor-element-d75ce5d elementor-widget elementor-widget-text-editor\" data-id=\"d75ce5d\" data-element_type=\"widget\" data-widget_type=\"text-editor.default\">\n\t\t\t\t<div class=\"elementor-widget-container\">\n\t\t\t\t\t\t\t\t\t<p>A k\u00fcl\u00f6nb\u00f6z\u0151 idegen anyagokkal val\u00f3 intenz\u00edv \u00e9rintkez\u00e9s miatt a b\u00e9lrendszer az eml\u0151s\u00f6k immunrendszer\u00e9nek legfontosabb r\u00e9sze. A beleket a v\u00e9delemben a b\u00e9llumenben tal\u00e1lhat\u00f3 vagy a b\u00e9lny\u00e1lkah\u00e1rty\u00e1hoz tapad\u00f3 bakt\u00e9riumok trilli\u00f3i seg\u00edtik. Az emberhez hasonl\u00f3an ez a mikrobi\u00e1lis t\u00f6meg t\u00f6bbek k\u00f6z\u00f6tt <strong>vitaminokat, esszenci\u00e1lis aminosavakat, hormonokat, enzimeket, antibiotikusan akt\u00edv anyagokat <\/strong>\u00e9s<strong> r\u00f6vid sz\u00e9nl\u00e1nc\u00fa zs\u00edrsavakat termel<\/strong>, amelyek a b\u00e9lny\u00e1lkah\u00e1rtya sejtjeinek ell\u00e1t\u00e1s\u00e1t szolg\u00e1lj\u00e1k.<\/p><p>Az emberrel ellent\u00e9tben, ahol a napi energiasz\u00fcks\u00e9glet jelent\u0151s r\u00e9sz\u00e9t a mikrobiom \u00e1ll\u00edtja el\u0151, a kuty\u00e1k \u00e9s macsk\u00e1k nem f\u00fcggnek a b\u00e9lben t\u00f6rt\u00e9n\u0151 energiatermel\u00e9st\u0151l.<\/p>\t\t\t\t\t\t\t\t<\/div>\n\t\t\t\t<\/div>\n\t\t\t\t\t<\/div>\n\t\t\t\t<\/div>\n\t\t<div class=\"elementor-element elementor-element-893ce55 obcs none e-flex e-con-boxed e-con e-parent\" data-id=\"893ce55\" data-element_type=\"container\">\n\t\t\t\t\t<div class=\"e-con-inner\">\n\t\t\t\t<div class=\"elementor-element elementor-element-45cdf62 elementor-widget elementor-widget-heading\" data-id=\"45cdf62\" data-element_type=\"widget\" data-widget_type=\"heading.default\">\n\t\t\t\t<div class=\"elementor-widget-container\">\n\t\t\t\t\t<h2 class=\"elementor-heading-title elementor-size-default\">Az \u00e1llati b\u00e9lfl\u00f3r\u00e1t k\u00e1ros\u00edt\u00f3 hat\u00e1sok<\/h2>\t\t\t\t<\/div>\n\t\t\t\t<\/div>\n\t\t\t\t\t<\/div>\n\t\t\t\t<\/div>\n\t\t<div class=\"elementor-element elementor-element-7322955 obcs none e-flex e-con-boxed e-con e-parent\" data-id=\"7322955\" data-element_type=\"container\">\n\t\t\t\t\t<div class=\"e-con-inner\">\n\t\t\t\t<div class=\"elementor-element elementor-element-b906126 elementor-widget elementor-widget-text-editor\" data-id=\"b906126\" data-element_type=\"widget\" data-widget_type=\"text-editor.default\">\n\t\t\t\t<div class=\"elementor-widget-container\">\n\t\t\t\t\t\t\t\t\t<p>A modern laborat\u00f3riumi vizsg\u00e1latok kimutatt\u00e1k, hogy a<strong> b\u00e9lfl\u00f3ra zavarai<\/strong> nagym\u00e9rt\u00e9kben felel\u0151sek a k\u00fcl\u00f6nb\u00f6z\u0151 rendelleness\u00e9gek\u00e9rt \u00e9s betegs\u00e9gek\u00e9rt. Em\u00e9szt\u00e9si probl\u00e9m\u00e1k, \u00e1tereszt\u0151 b\u00e9l szindr\u00f3ma \u00e9s (kr\u00f3nikus) gyullad\u00e1sos b\u00e9lbetegs\u00e9gek mellett az allergi\u00e1k, p\u00e9ld\u00e1ul a b\u0151rgyullad\u00e1s \u00e9s az intoleranci\u00e1k is innen erednek.<\/p>\t\t\t\t\t\t\t\t<\/div>\n\t\t\t\t<\/div>\n\t\t\t\t\t<\/div>\n\t\t\t\t<\/div>\n\t\t<div class=\"elementor-element elementor-element-50e7f57 obcs none e-flex e-con-boxed e-con e-parent\" data-id=\"50e7f57\" data-element_type=\"container\">\n\t\t\t\t\t<div class=\"e-con-inner\">\n\t\t\t\t<div class=\"elementor-element elementor-element-ab54fa4 elementor-widget elementor-widget-text-editor\" data-id=\"ab54fa4\" data-element_type=\"widget\" data-widget_type=\"text-editor.default\">\n\t\t\t\t<div class=\"elementor-widget-container\">\n\t\t\t\t\t\t\t\t\t<p>Nemcsak az emberek \u00e9s az \u00e1llatok <strong>b\u00e9lfl\u00f3r\u00e1j\u00e1nak \u00f6sszet\u00e9tele<\/strong> hasonl\u00edt nagym\u00e9rt\u00e9kben, hanem azok a t\u00e9nyez\u0151k is, amelyek negat\u00edvan hatnak a <strong>mikrobiomra<\/strong>, \u00e9s jelent\u0151sen megzavarj\u00e1k annak \u00f6sszet\u00e9tel\u00e9t: \u201eK\u00fcl\u00f6n\u00f6sen a <strong>stressz, <\/strong>a <strong>gy\u00f3gyszerek, <\/strong>p\u00e9ld\u00e1ul az<strong> antibiotikumok<\/strong> vagy a takarm\u00e1nyoz\u00e1s megv\u00e1ltoztat\u00e1sa vezet az \u00e1llatok mikrobiomj\u00e1nak m\u00f3dosul\u00e1s\u00e1hoz \u2013 \u00e9s ez gyakran akut hasmen\u00e9sben nyilv\u00e1nul meg\u201d \u2013 tudatja az \u00e1llatorvos.<\/p><p>A t<strong>akarm\u00e1nyoz\u00e1si hib\u00e1k<\/strong> (hideg, romlott, magas cukor- vagy zs\u00edrtartalm\u00fa takarm\u00e1ny) azonban gyakran vezetnek <strong>em\u00e9szt\u00e9si probl\u00e9m\u00e1khoz<\/strong>, ak\u00e1rcsak a parazit\u00e1k, v\u00edrusok vagy k\u00e1ros bakt\u00e9riumok okozta fert\u0151z\u00e9sek, amelyek k\u00f6nnyen megtelepednek a b\u00e9lben, k\u00fcl\u00f6n\u00f6sen, ha a b\u00e9lfl\u00f3ra egyens\u00falya felborul.<\/p><p>A kr\u00f3nikus hasmen\u00e9s gyakran az \u00e1llati mikrobiom zavart \u00f6sszet\u00e9tel\u00e9vel is \u00f6sszef\u00fcgg\u00e9sbe hozhat\u00f3, \u00e9s olyan betegs\u00e9gekre utalhat, mint a gyullad\u00e1sos b\u00e9lbetegs\u00e9gek, a zavarokra nagyon \u00e9rz\u00e9keny irrit\u00e1bilis b\u00e9l, takarm\u00e1ny-intolerancia, <strong>daganatok<\/strong> vagy az <strong>em\u00e9szt\u0151enzimek<\/strong> <strong>hi\u00e1nya<\/strong>. A legt\u00f6bb hasmen\u00e9s \u00e1rtalmatlan, \u00e9s r\u00f6vid id\u0151n bel\u00fcl elm\u00falik, de vannak olyan figyelmeztet\u0151 jelek, amelyek miatt s\u00fcrg\u0151s \u00e1llatorvosi kezel\u00e9sre van sz\u00fcks\u00e9g.<\/p>\t\t\t\t\t\t\t\t<\/div>\n\t\t\t\t<\/div>\n\t\t\t\t\t<\/div>\n\t\t\t\t<\/div>\n\t\t<div class=\"elementor-element elementor-element-9e57806 obcs none e-flex e-con-boxed e-con e-parent\" data-id=\"9e57806\" data-element_type=\"container\">\n\t\t\t\t\t<div class=\"e-con-inner\">\n\t\t\t\t<div class=\"elementor-element elementor-element-0416e56 elementor-widget elementor-widget-heading\" data-id=\"0416e56\" data-element_type=\"widget\" data-widget_type=\"heading.default\">\n\t\t\t\t<div class=\"elementor-widget-container\">\n\t\t\t\t\t<h2 class=\"elementor-heading-title elementor-size-default\">Probiotikum kuty\u00e1nak \u00e9s macsk\u00e1nak?<\/h2>\t\t\t\t<\/div>\n\t\t\t\t<\/div>\n\t\t\t\t\t<\/div>\n\t\t\t\t<\/div>\n\t\t<div class=\"elementor-element elementor-element-b84b152 obcs none e-flex e-con-boxed e-con e-parent\" data-id=\"b84b152\" data-element_type=\"container\">\n\t\t\t\t\t<div class=\"e-con-inner\">\n\t\t\t\t<div class=\"elementor-element elementor-element-20f94dc elementor-widget elementor-widget-image\" data-id=\"20f94dc\" data-element_type=\"widget\" data-widget_type=\"image.default\">\n\t\t\t\t<div class=\"elementor-widget-container\">\n\t\t\t\t\t\t\t\t\t\t\t\t\t\t\t<img decoding=\"async\" width=\"800\" height=\"534\" src=\"https:\/\/www.omni-biotic.com\/hu-hu\/wp-content\/uploads\/sites\/7\/2022\/08\/macska_probiotikum.png\" class=\"attachment-large size-large wp-image-21170\" alt=\"kutya probiotikum, macska probiotikum, omni-biotic, kutya hasmen\u00e9s, hasmen\u00e9s ellen\" srcset=\"https:\/\/www.omni-biotic.com\/hu-hu\/wp-content\/uploads\/sites\/7\/2022\/08\/macska_probiotikum.png 1024w, https:\/\/www.omni-biotic.com\/hu-hu\/wp-content\/uploads\/sites\/7\/2022\/08\/macska_probiotikum-300x200.png 300w, https:\/\/www.omni-biotic.com\/hu-hu\/wp-content\/uploads\/sites\/7\/2022\/08\/macska_probiotikum-768x512.png 768w\" sizes=\"(max-width: 800px) 100vw, 800px\" title=\"\">\t\t\t\t\t\t\t\t\t\t\t\t\t\t\t<\/div>\n\t\t\t\t<\/div>\n\t\t\t\t<div class=\"elementor-element elementor-element-b6f65b2 elementor-widget elementor-widget-text-editor\" data-id=\"b6f65b2\" data-element_type=\"widget\" data-widget_type=\"text-editor.default\">\n\t\t\t\t<div class=\"elementor-widget-container\">\n\t\t\t\t\t\t\t\t\t<p>A probiotikumok \u00e9sszer\u0171, kellemetlen hat\u00e1sok n\u00e9lk\u00fcli int\u00e9zked\u00e9st jelentenek a b\u00e9l k\u00fcl\u00f6nb\u00f6z\u0151 betegs\u00e9gei eset\u00e9n, \u00e9s mind ter\u00e1pi\u00e1ra, mind megel\u0151z\u00e9sre alkalmasak. Ez nemcsak az emberi \u00e9s az \u00e1llati mikrobiom k\u00f6z\u00f6tti nagyfok\u00fa hasonl\u00f3s\u00e1gokb\u00f3l der\u00fcl ki, hanem sz\u00e1mos tanulm\u00e1ny is egy\u00e9rtelm\u0171en meger\u0151s\u00edti. Az \u00e1llatok sz\u00e1m\u00e1ra is fontos, hogy olyan probiotikus bakt\u00e9riumt\u00f6rzseket kapjanak, amelyek alkalmaz\u00e1sa igazoltan biztons\u00e1gos, \u00e9s amelyek eg\u00e9szs\u00e9get el\u0151seg\u00edt\u0151 hat\u00e1sa minden k\u00e9ts\u00e9get kiz\u00e1r\u00f3.<\/p><p>Az egyik ilyen bakt\u00e9riumt\u00f6rzs az <em>Enterococcus faecium<\/em> NCIMB 10415. Ez a probiotikus t\u00f6rzs egyike azoknak a tejsavbakt\u00e9riumoknak, amelyek <strong>lehet\u0151v\u00e9 teszik az eg\u00e9szs\u00e9ges mikrobiom kialakul\u00e1s\u00e1t<\/strong>. Az emberi \u00e9s \u00e1llati mikrobiom hasonl\u00f3s\u00e1ga miatt ez a kiv\u00e1l\u00f3 min\u0151s\u00e9g\u0171 bakt\u00e9riumt\u00f6rzs felhaszn\u00e1lhat\u00f3 embereken \u00e9s \u00e1llatokon.<\/p><p>Az <em><strong>Enterococcus faecium<\/strong><\/em> NCIMB 10415-tel v\u00e9gzett vizsg\u00e1latok meger\u0151s\u00edtik pozit\u00edv tulajdons\u00e1gait. A b\u00e9l pH-\u00e9rt\u00e9ke cs\u00f6kken (\u00edgy ide\u00e1lis k\u00f6rnyezetet teremt a teljes eg\u00e9szs\u00e9get el\u0151seg\u00edt\u0151 <strong>b\u00e9lfl\u00f3ra<\/strong> sz\u00e1m\u00e1ra), \u00e9s a k\u00f3rokoz\u00f3 bakt\u00e9riumok (pl. <em>enterotoxikus Escherichia coli<\/em> (ETEC), <em>szalmonella<\/em>, <em>shigella<\/em> \u00e9s <em>clostridia<\/em>) s<strong>zaporod\u00e1s\u00e1t drasztikusan akad\u00e1lyozza.<\/strong> A vizsg\u00e1latok <strong>a hasmen\u00e9s jelent\u0151s cs\u00f6kken\u00e9s\u00e9t \u00e9s a t\u00fcnetek gyorsabb megsz\u0171n\u00e9s\u00e9t is kimutatt\u00e1k.<\/strong><\/p>\t\t\t\t\t\t\t\t<\/div>\n\t\t\t\t<\/div>\n\t\t\t\t\t<\/div>\n\t\t\t\t<\/div>\n\t\t<div class=\"elementor-element elementor-element-67902e2 obcs none e-flex e-con-boxed e-con e-parent\" data-id=\"67902e2\" data-element_type=\"container\">\n\t\t\t\t\t<div class=\"e-con-inner\">\n\t\t\t\t<div class=\"elementor-element elementor-element-0298076 elementor-widget elementor-widget-text-editor\" data-id=\"0298076\" data-element_type=\"widget\" data-widget_type=\"text-editor.default\">\n\t\t\t\t<div class=\"elementor-widget-container\">\n\t\t\t\t\t\t\t\t\t<p>Egy m\u00e1sik bakt\u00e9riumt\u00f6rzs, amelynek \u00f3ri\u00e1si jelent\u0151s\u00e9ge van az \u00e1llatok sz\u00e1m\u00e1ra, a <em>Lactobacillus acidophilus<\/em> CECT 4529: ez <strong>az egyik legfontosabb b\u00e9lbakt\u00e9rium<\/strong>, amely a kuty\u00e1k \u00e9s macsk\u00e1k term\u00e9szetes b\u00e9lfl\u00f3r\u00e1j\u00e1ban megtal\u00e1lhat\u00f3. A gyomor- \u00e9s epesavakkal szembeni <strong>ellen\u00e1ll\u00f3 k\u00e9pess\u00e9ge<\/strong>, valamint a b\u00e9lny\u00e1lkah\u00e1rty\u00e1n val\u00f3 megtapad\u00e1s \u00e9s az antimikrobi\u00e1lis anyagok el\u0151\u00e1ll\u00edt\u00e1s\u00e1nak k\u00e9pess\u00e9ge az alapja az \u00e1llati eg\u00e9szs\u00e9gre gyakorolt el\u0151nyeinek.<\/p><p>A vizsg\u00e1latok azt is bizony\u00edtj\u00e1k, hogy k\u00e9pes egyens\u00falyba hozni az egyens\u00faly\u00e1b\u00f3l kibillent b\u00e9lfl\u00f3r\u00e1t \u00e9s kiszor\u00edtani a bakt\u00e9riumokat. Ez k\u00fcl\u00f6n\u00f6sen a sz\u00e9klet \u00e1llag\u00e1nak javul\u00e1s\u00e1ban mutatkozik meg, ami az \u00fcr\u00fcl\u00e9k v\u00edztartalm\u00e1nak cs\u00f6kken\u00e9s\u00e9nek k\u00f6sz\u00f6nhet\u0151. \u00cdgy hasmen\u00e9s eset\u00e9n (stresszhelyzetben vagy antibiotikumok ad\u00e1sa eset\u00e9n megel\u0151z\u0151 jelleggel is) alkalmaz\u00e1sa macsk\u00e1k \u00e9s kuty\u00e1k sz\u00e1m\u00e1ra egyar\u00e1nt aj\u00e1nlott.<\/p><p>Ezenk\u00edv\u00fcl k\u00fcl\u00f6nb\u00f6z\u0151 takarm\u00e1nyoz\u00e1si vizsg\u00e1latokban kimutatt\u00e1k <strong>az immunv\u00e1lasz javul\u00e1s\u00e1t<\/strong>, a sz\u00e9rumkoleszterinszint cs\u00f6kken\u00e9s\u00e9t, a lakt\u00f3z-anyagcsere javul\u00e1s\u00e1t \u00e9s a fert\u0151z\u00e9sek ar\u00e1ny\u00e1nak cs\u00f6kken\u00e9s\u00e9t.<\/p><p>Ezeket az eredm\u00e9nyeket t\u00f6bb \u00e1tfog\u00f3 \u00e1ttekint\u00e9s foglalja \u00f6ssze, amelyek t\u00fckr\u00f6zik a kuty\u00e1k \u00e9s macsk\u00e1k probiotikumair\u00f3l sz\u00f3l\u00f3 ismeretek jelenlegi \u00e1ll\u00e1s\u00e1t: \u201eCsak\u00fagy, mint az emberekn\u00e9l, a speci\u00e1lisan kiv\u00e1lasztott probiotikus bakt\u00e9riumt\u00f6rzsek nem csak az em\u00e9szt\u0151rendszerre hatnak, hanem az eg\u00e9sz szervezet profit\u00e1l bel\u0151l\u00fck: a vizsg\u00e1latok kimutatt\u00e1k, hogy a probiotikumok \u00e1llatokn\u00e1l pozit\u00edv hat\u00e1ssal vannak az <strong>immunrendszerre<\/strong>, az <strong>anyagcser\u00e9re<\/strong> \u00e9s a <strong>gyullad\u00e1sra<\/strong>\u201d \u2013 foglalja \u00f6ssze Dr. Machac.<\/p>\t\t\t\t\t\t\t\t<\/div>\n\t\t\t\t<\/div>\n\t\t\t\t\t<\/div>\n\t\t\t\t<\/div>\n\t\t<div class=\"elementor-element elementor-element-1a0f0f5 obcs none e-flex e-con-boxed e-con e-parent\" data-id=\"1a0f0f5\" data-element_type=\"container\">\n\t\t\t\t\t<div class=\"e-con-inner\">\n\t\t\t\t<div class=\"elementor-element elementor-element-9b893b4 elementor-widget elementor-widget-heading\" data-id=\"9b893b4\" data-element_type=\"widget\" data-widget_type=\"heading.default\">\n\t\t\t\t<div class=\"elementor-widget-container\">\n\t\t\t\t\t<h2 class=\"elementor-heading-title elementor-size-default\">A prebiotikumok ell\u00e1tj\u00e1k az \u00e1llati b\u00e9lfl\u00f3r\u00e1t<\/h2>\t\t\t\t<\/div>\n\t\t\t\t<\/div>\n\t\t\t\t\t<\/div>\n\t\t\t\t<\/div>\n\t\t<div class=\"elementor-element elementor-element-ac25d82 obcs none e-flex e-con-boxed e-con e-parent\" data-id=\"ac25d82\" data-element_type=\"container\">\n\t\t\t\t\t<div class=\"e-con-inner\">\n\t\t\t\t<div class=\"elementor-element elementor-element-86f02a5 elementor-widget elementor-widget-text-editor\" data-id=\"86f02a5\" data-element_type=\"widget\" data-widget_type=\"text-editor.default\">\n\t\t\t\t<div class=\"elementor-widget-container\">\n\t\t\t\t\t\t\t\t\t<p>Az emberhez hasonl\u00f3an az \u00e1llati mikrobiom nagy r\u00e9sz\u00e9t anaerob b\u00e9lbakt\u00e9riumok alkotj\u00e1k (ezek nem t\u0171rik az oxig\u00e9nt), amelyek speci\u00e1lis <a href=\"https:\/\/www.omni-biotic.com\/hu-hu\/a-belrendszer-egeszsege\/a-bel-az-egeszseg-kozpontja\/prebiotikum\/\"><strong>prebiotikumokkal<\/strong> <\/a>t\u00e1pl\u00e1lhat\u00f3k. A prebiotikumok olyan <strong>em\u00e9szthetetlen sz\u00e9nhidr\u00e1t-vegy\u00fcletek<\/strong> (ismertebb nev\u00fck\u00f6n <strong>\u00e9lelmi rostok<\/strong>), amelyek a b\u00e9lbakt\u00e9riumok sz\u00e1m\u00e1ra energiaszubsztr\u00e1tk\u00e9nt \u00e1llnak rendelkez\u00e9sre. Bizonyos \u00e9lelmi rostok kifejezetten <strong>befoly\u00e1solj\u00e1k a b\u00e9lfl\u00f3ra \u00f6sszet\u00e9tel\u00e9t \u00e9s aktivit\u00e1s\u00e1t<\/strong>, \u00e9s serkentik bizonyos probiotikus bakt\u00e9riumfajok n\u00f6veked\u00e9s\u00e9t a b\u00e9lben.<\/p><p>Ezeknek az \u00e9lelmi rostoknak a b\u00e9lbakt\u00e9riumok \u00e1ltali erjeszt\u00e9se sor\u00e1n t\u00f6bbek k\u00f6z\u00f6tt <strong>r\u00f6vid sz\u00e9nl\u00e1nc\u00fa zs\u00edrsavak keletkeznek<\/strong>, amelyek k\u00f6zvetlen szerepet j\u00e1tszanak az <strong>immunv\u00e9delemben<\/strong>: Ennek oka, hogy a r\u00f6vid sz\u00e9nl\u00e1nc\u00fa zs\u00edrsavak serkentik a ny\u00e1lkatermel\u00e9st. Ez a fontos ny\u00e1lkar\u00e9teg v\u00e9delmet ny\u00fajt a b\u00e9lny\u00e1lkah\u00e1rtya sejtjei felett, hogy megakad\u00e1lyozza a k\u00e1ros anyagok \u00e9s bakt\u00e9riumok bejut\u00e1s\u00e1t a szervezetbe a b\u00e9lb\u0151l.<\/p>\t\t\t\t\t\t\t\t<\/div>\n\t\t\t\t<\/div>\n\t\t\t\t\t<\/div>\n\t\t\t\t<\/div>\n\t\t<div class=\"elementor-element elementor-element-ecd8715 obcs none e-flex e-con-boxed e-con e-parent\" data-id=\"ecd8715\" data-element_type=\"container\">\n\t\t\t\t\t<div class=\"e-con-inner\">\n\t\t\t\t<div class=\"elementor-element elementor-element-de2f44d elementor-widget elementor-widget-text-editor\" data-id=\"de2f44d\" data-element_type=\"widget\" data-widget_type=\"text-editor.default\">\n\t\t\t\t<div class=\"elementor-widget-container\">\n\t\t\t\t\t\t\t\t\t<p>A mann\u00f3z-oligoszacharidok (MOS) k\u00fcl\u00f6n\u00f6sen alkalmasak \u00e1llatok sz\u00e1m\u00e1ra: ezek \u00f6sszetett sz\u00e9nhidr\u00e1tvegy\u00fcletek, amelyek t\u00e1pl\u00e1l\u00e9kk\u00e9nt \u00e9s energiaszubsztr\u00e1tk\u00e9nt szolg\u00e1lnak a fontos b\u00e9lbakt\u00e9riumok (p\u00e9ld\u00e1ul a laktobacillusok vagy a bifidobakt\u00e9riumok) sz\u00e1m\u00e1ra, \u00e9s \u00edgy hozz\u00e1j\u00e1rulnak a szaporod\u00e1sukhoz.<\/p><p>Tov\u00e1bb\u00e1 meg\u00e1llap\u00edtott\u00e1k, hogy a MOS pozit\u00edv hat\u00e1ssal van az anyagcser\u00e9re: p\u00e9ld\u00e1ul kuty\u00e1kn\u00e1l kimutatt\u00e1k az \u00f6sszkoleszterin \u00e9s az LDL-koleszterin koncentr\u00e1ci\u00f3j\u00e1nak jelent\u0151s cs\u00f6kken\u00e9s\u00e9t. A MOS t\u00e1mogatja az \u00e1llatok immunrendszer\u00e9nek v\u00e1lasz\u00e1t.<\/p>\t\t\t\t\t\t\t\t<\/div>\n\t\t\t\t<\/div>\n\t\t\t\t\t<\/div>\n\t\t\t\t<\/div>\n\t\t<div class=\"elementor-element elementor-element-c4e09a3 obcs none e-flex e-con-boxed e-con e-parent\" data-id=\"c4e09a3\" data-element_type=\"container\">\n\t\t\t\t\t<div class=\"e-con-inner\">\n\t\t\t\t<div class=\"elementor-element elementor-element-855844e elementor-widget elementor-widget-text-editor\" data-id=\"855844e\" data-element_type=\"widget\" data-widget_type=\"text-editor.default\">\n\t\t\t\t<div class=\"elementor-widget-container\">\n\t\t\t\t\t\t\t\t\t<p>K\u00fcl\u00f6n\u00f6sen figyelemre m\u00e9lt\u00f3 a MOS szerepe a k\u00f3rokoz\u00f3 cs\u00edr\u00e1k elleni k\u00fczdelemben. Fontos tudni, hogy a k\u00fcl\u00f6nb\u00f6z\u0151 <em>Escherichia coli<\/em> \u00e9s <em>Salmonella<\/em> t\u00f6rzsek nagy affinit\u00e1ssal vannaka MOS molekul\u00e1k ir\u00e1nt \u2013 ezek a cs\u00edr\u00e1k gyakorlatilag vonzz\u00e1k a MOS-t. Ez <strong>blokkolja<\/strong> e k\u00e1ros betolakod\u00f3k membr\u00e1nj\u00e1n azokat a dokkol\u00f3helyeket, amelyekkel a k\u00f3rokoz\u00f3k norm\u00e1lis esetben a b\u00e9lfalhoz tapadn\u00e1nak. Mivel azonban a dokkol\u00f3helyeket m\u00e1r blokkolja a MOS, az E. coli, a szalmonella \u00e9s t\u00e1rsai <strong>nem tudnak t\u00f6bb\u00e9 a b\u00e9lfalhoz kapcsol\u00f3dni<\/strong>, hanem egyszer\u0171en <strong>kiv\u00e1laszt\u00f3dnak a b\u00e9lb\u0151l.<\/strong><\/p>\t\t\t\t\t\t\t\t<\/div>\n\t\t\t\t<\/div>\n\t\t\t\t\t<\/div>\n\t\t\t\t<\/div>\n\t\t<div class=\"elementor-element elementor-element-aa4b60a obcs none e-flex e-con-boxed e-con e-parent\" data-id=\"aa4b60a\" data-element_type=\"container\">\n\t\t\t\t\t<div class=\"e-con-inner\">\n\t\t\t\t<div class=\"elementor-element elementor-element-ad1555a elementor-widget elementor-widget-text-editor\" data-id=\"ad1555a\" data-element_type=\"widget\" data-widget_type=\"text-editor.default\">\n\t\t\t\t<div class=\"elementor-widget-container\">\n\t\t\t\t\t\t\t\t\t<p>Az \u00e1llati mikrobiommal kapcsolatos jelenlegi vizsg\u00e1latok azt mutatj\u00e1k, hogy \u2013 az emberhez hasonl\u00f3an \u2013 <strong>a b\u00e9l az eg\u00e9szs\u00e9g k\u00f6zpontja,<\/strong> \u00e9s<strong> a b\u00e9lfl\u00f3ra stabiliz\u00e1lhat\u00f3<\/strong> vagy \u00f6sszet\u00e9tele egy\u00e9rtelm\u0171en jav\u00edthat\u00f3 a<strong> pro- \u00e9s prebiotikumok c\u00e9lzott alkalmaz\u00e1s\u00e1val<\/strong>. Dr. Machac ezt fontos megk\u00f6zel\u00edt\u00e9snek tartja a gyakorlat sz\u00e1m\u00e1ra.<\/p>\t\t\t\t\t\t\t\t<\/div>\n\t\t\t\t<\/div>\n\t\t\t\t\t<\/div>\n\t\t\t\t<\/div>\n\t\t<div class=\"elementor-element elementor-element-359c329 obcs none e-flex e-con-boxed e-con e-parent\" data-id=\"359c329\" data-element_type=\"container\">\n\t\t\t\t\t<div class=\"e-con-inner\">\n\t\t\t\t<div class=\"elementor-element elementor-element-cb0549e elementor-widget elementor-widget-li-widgets--author-quote\" data-id=\"cb0549e\" data-element_type=\"widget\" data-widget_type=\"li-widgets--author-quote.default\">\n\t\t\t\t<div class=\"elementor-widget-container\">\n\t\t\t\t\t<div class=\"li-widgets--author-quote green\">\n        <div class=\"li-widgets--author-quote__content\">\n        <div class=\"li-widgets--author-quote__content--text\">\n            \u201eA probiotikus bakt\u00e9riumok prebiotikus \u00e9lelmi rostokkal kombin\u00e1lva \u00edg\u00e9retes megk\u00f6zel\u00edt\u00e9st jelentenek az \u00e1llati betegs\u00e9gek term\u00e9szetes \u00e9s biztons\u00e1gos kezel\u00e9s\u00e9re \u2013 mind az em\u00e9szt\u0151rendszerben, mind az eg\u00e9sz szervezetben.\u201d        <\/div>\n        <div class=\"li-widgets--author-quote__content--author\">\n            Dr. Nina Machac, \u00e1llatorvos        <\/div>\n            <\/div>\n    <\/div>\n\t\t\t\t<\/div>\n\t\t\t\t<\/div>\n\t\t\t\t\t<\/div>\n\t\t\t\t<\/div>\n\t\t<div class=\"elementor-element elementor-element-08a037d obcs none e-flex e-con-boxed e-con e-parent\" data-id=\"08a037d\" data-element_type=\"container\">\n\t\t\t\t\t<div class=\"e-con-inner\">\n\t\t\t\t<div class=\"elementor-element elementor-element-c2ee978 elementor-widget elementor-widget-heading\" data-id=\"c2ee978\" data-element_type=\"widget\" data-widget_type=\"heading.default\">\n\t\t\t\t<div class=\"elementor-widget-container\">\n\t\t\t\t\t<h2 class=\"elementor-heading-title elementor-size-default\">Hasmen\u00e9s h\u00e1zi\u00e1llatokn\u00e1l \u2013 t\u00f6bbnyire \u00e1rtalmatlan, n\u00e9ha riaszt\u00f3<\/h2>\t\t\t\t<\/div>\n\t\t\t\t<\/div>\n\t\t\t\t\t<\/div>\n\t\t\t\t<\/div>\n\t\t<div class=\"elementor-element elementor-element-9a4a82a obcs none e-flex e-con-boxed e-con e-parent\" data-id=\"9a4a82a\" data-element_type=\"container\">\n\t\t\t\t\t<div class=\"e-con-inner\">\n\t\t\t\t<div class=\"elementor-element elementor-element-543d950 elementor-widget elementor-widget-text-editor\" data-id=\"543d950\" data-element_type=\"widget\" data-widget_type=\"text-editor.default\">\n\t\t\t\t<div class=\"elementor-widget-container\">\n\t\t\t\t\t\t\t\t\t<p>A hasmen\u00e9s gyakran mag\u00e1t\u00f3l elm\u00falik, \u00e9s megsz\u0171nik, amint a kiv\u00e1lt\u00f3 okot (legyen az egy nem kompatibilis \u00e9lelmiszer vagy egy idegen cs\u00edra) a fokozott b\u00e9lmozg\u00e1ssal elt\u00e1vol\u00edtott\u00e1k. Vannak azonban egy\u00e9rtelm\u0171 figyelmeztet\u0151 jelek, amelyek s\u00falyos betegs\u00e9gre utalnak.<\/p><p><strong>Ha h\u00e1zi\u00e1llat\u00e1nak hasmen\u00e9se van, \u00e9s az al\u00e1bbi jellemz\u0151k vagy viselked\u00e9sform\u00e1k b\u00e1rmelyik\u00e9t mutatja, mindenk\u00e9ppen sz\u00fcks\u00e9ges az \u00e1llatorvos felkeres\u00e9se:<\/strong><\/p>\t\t\t\t\t\t\t\t<\/div>\n\t\t\t\t<\/div>\n\t\t\t\t\t<\/div>\n\t\t\t\t<\/div>\n\t\t<div class=\"elementor-element elementor-element-9e93910 obcs none e-flex e-con-boxed e-con e-parent\" data-id=\"9e93910\" data-element_type=\"container\">\n\t\t\t\t\t<div class=\"e-con-inner\">\n\t\t\t\t<div class=\"elementor-element elementor-element-83a38b8 elementor-widget elementor-widget-text-editor\" data-id=\"83a38b8\" data-element_type=\"widget\" data-widget_type=\"text-editor.default\">\n\t\t\t\t<div class=\"elementor-widget-container\">\n\t\t\t\t\t\t\t\t\t<ul><li>Az \u00e1llat 3 h\u00f3naposn\u00e1l fiatalabb.<\/li><li>Az \u00e1llat s\u00falya 5 kg-n\u00e1l kisebb.<\/li><li>A sz\u00e9klet \u00e9s\/vagy a h\u00e1ny\u00e1s fekete sz\u00edn\u0171 (ez v\u00e9rz\u00e9sre utal).<\/li><li>A panaszok 2 napn\u00e1l tov\u00e1bb tartanak, \u00e9szrevehet\u0151 javul\u00e1s n\u00e9lk\u00fcl.<\/li><li>Az \u00e1llat tompa \u00e9s er\u0151tlen.<\/li><li>Az \u00e9telt nem fogyasztja.<\/li><li>Az \u00e1llat f\u00e1jdalomra utal\u00f3 jeleket mutat:<ul><li>Nem tud mozdulatlanul egy helyben fek\u00fcdni (\u00e1lland\u00f3 helyzet-, \u00e9s helyv\u00e1ltoztat\u00e1s).<\/li><li>A has felfel\u00e9 h\u00faz\u00f3dik (\u201cbeh\u00faz\u00f3dik\u201d).<\/li><li>A h\u00e1t \u201ckem\u00e9ny\u201d (feszes testtart\u00e1s).<\/li><li>Visszavonul vagy elrejt\u0151zik (mintha \u201cl\u00e1thatatlann\u00e1\u201d akarn\u00e1 tenni mag\u00e1t).<\/li><li>Hirtelen agresszi\u00f3 vagy v\u00e9dekez\u0151 reakci\u00f3k l\u00e9pnek fel (szokatlan morg\u00e1s\/vicsorg\u00e1s, harap\u00e1s).<\/li><\/ul><\/li><\/ul>\t\t\t\t\t\t\t\t<\/div>\n\t\t\t\t<\/div>\n\t\t\t\t\t<\/div>\n\t\t\t\t<\/div>\n\t\t<div class=\"elementor-element elementor-element-fe9b186 obcs none e-flex e-con-boxed e-con e-parent\" data-id=\"fe9b186\" data-element_type=\"container\">\n\t\t\t\t\t<div class=\"e-con-inner\">\n\t\t\t\t<div class=\"elementor-element elementor-element-8048b9f elementor-widget-divider--view-line elementor-widget elementor-widget-divider\" data-id=\"8048b9f\" data-element_type=\"widget\" data-widget_type=\"divider.default\">\n\t\t\t\t<div class=\"elementor-widget-container\">\n\t\t\t\t\t\t\t<div class=\"elementor-divider\">\n\t\t\t<span class=\"elementor-divider-separator\">\n\t\t\t\t\t\t<\/span>\n\t\t<\/div>\n\t\t\t\t\t\t<\/div>\n\t\t\t\t<\/div>\n\t\t\t\t\t<\/div>\n\t\t\t\t<\/div>\n\t\t<div class=\"elementor-element elementor-element-2b76d6a obcs none e-flex e-con-boxed e-con e-parent\" data-id=\"2b76d6a\" data-element_type=\"container\">\n\t\t\t\t\t<div class=\"e-con-inner\">\n\t\t\t\t<div class=\"elementor-element elementor-element-a8bb0b9 elementor-widget elementor-widget-heading\" data-id=\"a8bb0b9\" data-element_type=\"widget\" data-widget_type=\"heading.default\">\n\t\t\t\t<div class=\"elementor-widget-container\">\n\t\t\t\t\t<h2 class=\"elementor-heading-title elementor-size-default\">OMNi-BiOTiC\u00ae CAT &amp; DOG<\/h2>\t\t\t\t<\/div>\n\t\t\t\t<\/div>\n\t\t\t\t\t<\/div>\n\t\t\t\t<\/div>\n\t\t<div class=\"elementor-element elementor-element-f8428e3 obcs none e-flex e-con-boxed e-con e-parent\" data-id=\"f8428e3\" data-element_type=\"container\">\n\t\t\t\t\t<div class=\"e-con-inner\">\n\t\t\t\t<div class=\"elementor-element elementor-element-7d950be elementor-widget elementor-widget-text-editor\" data-id=\"7d950be\" data-element_type=\"widget\" data-widget_type=\"text-editor.default\">\n\t\t\t\t<div class=\"elementor-widget-container\">\n\t\t\t\t\t\t\t\t\t<h4 class=\"inbd product-page-info_subtitle\">\u00c1llatian j\u00f3 zsigerek\u00e9rt!<\/h4><ul><li>Probiotikus t\u00e1pl\u00e1l\u00e9k-kieg\u00e9sz\u00edt\u0151 kuty\u00e1nak \u00e9s macsk\u00e1nak.<\/li><li>K\u00e9t speci\u00e1lis, \u00e1llatok sz\u00e1m\u00e1ra alkalmas bakt\u00e9riumt\u00f6rzzsel.<\/li><li>Nedves \u00e9s sz\u00e1raz t\u00e1pokkal keverve egyar\u00e1nt alkalmazhat\u00f3.<\/li><li>\u00a0Az \u00e1llati b\u00e9lfl\u00f3ra helyre\u00e1ll\u00edt\u00e1sa<\/li><\/ul>\t\t\t\t\t\t\t\t<\/div>\n\t\t\t\t<\/div>\n\t\t\t\t<div class=\"elementor-element elementor-element-d038b93 elementor-widget elementor-widget-image\" data-id=\"d038b93\" data-element_type=\"widget\" data-widget_type=\"image.default\">\n\t\t\t\t<div class=\"elementor-widget-container\">\n\t\t\t\t\t\t\t\t\t\t\t\t\t\t\t<img decoding=\"async\" width=\"800\" height=\"1000\" src=\"https:\/\/www.omni-biotic.com\/hu-hu\/wp-content\/uploads\/sites\/7\/2022\/08\/omnibiotic_cat_dog_probiotikum_kutyanak.jpg\" class=\"attachment-large size-large wp-image-21169\" alt=\"kutya probiotikum, macska probiotikum, omni-biotic, kutya hasmen\u00e9s, hasmen\u00e9s ellen\" srcset=\"https:\/\/www.omni-biotic.com\/hu-hu\/wp-content\/uploads\/sites\/7\/2022\/08\/omnibiotic_cat_dog_probiotikum_kutyanak.jpg 819w, https:\/\/www.omni-biotic.com\/hu-hu\/wp-content\/uploads\/sites\/7\/2022\/08\/omnibiotic_cat_dog_probiotikum_kutyanak-240x300.jpg 240w, https:\/\/www.omni-biotic.com\/hu-hu\/wp-content\/uploads\/sites\/7\/2022\/08\/omnibiotic_cat_dog_probiotikum_kutyanak-768x960.jpg 768w\" sizes=\"(max-width: 800px) 100vw, 800px\" title=\"\">\t\t\t\t\t\t\t\t\t\t\t\t\t\t\t<\/div>\n\t\t\t\t<\/div>\n\t\t\t\t\t<\/div>\n\t\t\t\t<\/div>\n\t\t<div class=\"elementor-element elementor-element-bd098f6 obcs none e-flex e-con-boxed e-con e-parent\" data-id=\"bd098f6\" data-element_type=\"container\">\n\t\t\t\t\t<div class=\"e-con-inner\">\n\t\t\t\t<div class=\"elementor-element elementor-element-1b9d89f elementor-align-center elementor-widget elementor-widget-button\" data-id=\"1b9d89f\" data-element_type=\"widget\" data-widget_type=\"button.default\">\n\t\t\t\t<div class=\"elementor-widget-container\">\n\t\t\t\t\t\t\t\t\t<div class=\"elementor-button-wrapper\">\n\t\t\t\t\t<a class=\"elementor-button elementor-button-link elementor-size-md\" href=\"https:\/\/shop.omni-biotic.com\/hu-hu\/products\/omni-biotic-cat-dog-int-99118\">\n\t\t\t\t\t\t<span class=\"elementor-button-content-wrapper\">\n\t\t\t\t\t\t\t\t\t<span class=\"elementor-button-text\">Hogyan seg\u00edthetek kedvencemen?<\/span>\n\t\t\t\t\t<\/span>\n\t\t\t\t\t<\/a>\n\t\t\t\t<\/div>\n\t\t\t\t\t\t\t\t<\/div>\n\t\t\t\t<\/div>\n\t\t\t\t\t<\/div>\n\t\t\t\t<\/div>\n\t\t\t\t<\/div>\n\t\t","protected":false},"excerpt":{"rendered":"<p>Mint minden eml\u0151snek, a kuty\u00e1knak \u00e9s a macsk\u00e1knak is van b\u00e9lfl\u00f3r\u00e1ja. Az \u00e1llatok b\u00e9lfl\u00f3r\u00e1j\u00e1nak kutat\u00e1sa azonban \u2013 az ember\u00e9vel ellent\u00e9tben \u2013 m\u00e9g gyerekcip\u0151ben j\u00e1r. A tudom\u00e1nyos vizsg\u00e1latok azonban m\u00e1r egy\u00e9rtelm\u0171 \u00f6sszef\u00fcgg\u00e9seket mutatnak az \u00e1llati b\u00e9lfl\u00f3ra zavara (= diszbi\u00f3zis) \u00e9s a k\u00fcl\u00f6nb\u00f6z\u0151 k\u00f3rk\u00e9pek, p\u00e9ld\u00e1ul hasmen\u00e9s, kr\u00f3nikus gyullad\u00e1sos b\u00e9lbetegs\u00e9gek vagy b\u0151rgyullad\u00e1s kialakul\u00e1sa k\u00f6z\u00f6tt. Ismer\u0151sen hangzik? Nem csoda, [&hellip;]<\/p>\n","protected":false},"author":2,"featured_media":21169,"comment_status":"closed","ping_status":"closed","sticky":false,"template":"","format":"standard","meta":{"_acf_changed":false,"inline_featured_image":false,"footnotes":""},"categories":[119,108],"tags":[],"class_list":["post-16199","post","type-post","status-publish","format-standard","has-post-thumbnail","hentry","category-allatok-egeszsege","category-panaszok-tanacsok"],"acf":[],"rank_math":{"og:title":"Probiotikum kuty\u00e1nak \u00e9s macsk\u00e1nak - OMNi-BiOTiC\u00ae","og:desc":"A macsk\u00e1knak \u00e9s a kuty\u00e1knak is van mikrobiomjuk. A b\u00e9lfl\u00f3ra hat\u00e1s\u00e1t az eml\u0151s\u00f6k eg\u00e9szs\u00e9g\u00e9re sokan m\u00e9g mindig nagyon al\u00e1becs\u00fclik.","og:url":"https:\/\/www.omni-biotic.com\/hu-hu\/blog\/probiotikum-kutyaknak-es-macskaknak\/","og:locale":"hu_HU","og:image":"https:\/\/www.omni-biotic.com\/hu-hu\/wp-content\/uploads\/sites\/7\/2022\/08\/omnibiotic_cat_dog_probiotikum_kutyanak.jpg","og:image:width":"819","og:image:height":"1024"},"additional_data":{"thumbnail":"https:\/\/www.omni-biotic.com\/hu-hu\/wp-content\/uploads\/sites\/7\/2022\/08\/omnibiotic_cat_dog_probiotikum_kutyanak.jpg"},"blog_info":{"country":"hu-hu"},"_links":{"self":[{"href":"https:\/\/www.omni-biotic.com\/hu-hu\/wp-json\/wp\/v2\/posts\/16199","targetHints":{"allow":["GET"]}}],"collection":[{"href":"https:\/\/www.omni-biotic.com\/hu-hu\/wp-json\/wp\/v2\/posts"}],"about":[{"href":"https:\/\/www.omni-biotic.com\/hu-hu\/wp-json\/wp\/v2\/types\/post"}],"author":[{"embeddable":true,"href":"https:\/\/www.omni-biotic.com\/hu-hu\/wp-json\/wp\/v2\/users\/2"}],"replies":[{"embeddable":true,"href":"https:\/\/www.omni-biotic.com\/hu-hu\/wp-json\/wp\/v2\/comments?post=16199"}],"version-history":[{"count":7,"href":"https:\/\/www.omni-biotic.com\/hu-hu\/wp-json\/wp\/v2\/posts\/16199\/revisions"}],"predecessor-version":[{"id":23197,"href":"https:\/\/www.omni-biotic.com\/hu-hu\/wp-json\/wp\/v2\/posts\/16199\/revisions\/23197"}],"wp:featuredmedia":[{"embeddable":true,"href":"https:\/\/www.omni-biotic.com\/hu-hu\/wp-json\/wp\/v2\/media\/21169"}],"wp:attachment":[{"href":"https:\/\/www.omni-biotic.com\/hu-hu\/wp-json\/wp\/v2\/media?parent=16199"}],"wp:term":[{"taxonomy":"category","embeddable":true,"href":"https:\/\/www.omni-biotic.com\/hu-hu\/wp-json\/wp\/v2\/categories?post=16199"},{"taxonomy":"post_tag","embeddable":true,"href":"https:\/\/www.omni-biotic.com\/hu-hu\/wp-json\/wp\/v2\/tags?post=16199"}],"curies":[{"name":"wp","href":"https:\/\/api.w.org\/{rel}","templated":true}]}}