{"id":16205,"date":"2022-08-04T07:46:19Z","date_gmt":"2022-08-04T05:46:19Z","guid":{"rendered":"https:\/\/www.omni-biotic.com\/hu-hu\/csaszarmetszes-vagy-termeszetes-szueles-a-baba-belmikrobiomja\/"},"modified":"2024-02-23T09:00:48Z","modified_gmt":"2024-02-23T08:00:48Z","slug":"csaszarmetszes-vagy-termeszetes-szueles-a-baba-belmikrobiomja","status":"publish","type":"post","link":"https:\/\/www.omni-biotic.com\/hu-hu\/blog\/csaszarmetszes-vagy-termeszetes-szueles-a-baba-belmikrobiomja\/","title":{"rendered":"Cs\u00e1sz\u00e1rmetsz\u00e9s vagy term\u00e9szetes sz\u00fcl\u00e9s?"},"content":{"rendered":"\t\t<div data-elementor-type=\"wp-post\" data-elementor-id=\"16205\" class=\"elementor elementor-16205\" data-elementor-post-type=\"post\">\n\t\t\t\t<div class=\"elementor-element elementor-element-c472ca1 obcs none e-flex e-con-boxed e-con e-parent\" data-id=\"c472ca1\" data-element_type=\"container\">\n\t\t\t\t\t<div class=\"e-con-inner\">\n\t\t\t\t<div class=\"elementor-element elementor-element-ee00799 elementor-widget elementor-widget-text-editor\" data-id=\"ee00799\" data-element_type=\"widget\" data-widget_type=\"text-editor.default\">\n\t\t\t\t<div class=\"elementor-widget-container\">\n\t\t\t\t\t\t\t\t\t<p><span style=\"color: #800080\"><em>Alighanem minden leend\u0151 anyuka \u00e9s apuka izgatottan v\u00e1rja a pocaklak\u00f3 sz\u00fclet\u00e9s\u00e9t. Nem \u0151k az egyetlenek! Bar\u00e1ts\u00e1gos mikroorganizmusok seregei alig v\u00e1rj\u00e1k, hogy az \u00faj f\u00f6ldlak\u00f3 test\u00e9nek minden szeglet\u00e9t ben\u00e9pes\u00edts\u00e9k.<\/em><\/span><\/p><p>Az emberi testet <strong>bakt\u00e9riumcs\u00edr\u00e1k<\/strong> n\u00e9pes\u00edtik be. \u00c9s ez j\u00f3 dolog, mert min\u00e9l sz\u00ednesebb \u00e9s b\u0151s\u00e9gesebb a bakt\u00e9riumvil\u00e1g, ann\u00e1l t\u00f6bb el\u0151nyt \u00e9lvez a baba szervezete. A <a href=\"https:\/\/www.omni-biotic.com\/hu-hu\/a-belrendszer-egeszsege\/a-bel-az-egeszseg-kozpontja\/belmikrobiom\/\"><strong>mikrobiom<\/strong><\/a>, mint egy ujjlenyomat, h\u00e1rom\u00e9ves korig \u00e9p\u00fcl fel, \u00e9s ut\u00e1na viszonylag stabil marad. Saj\u00e1t teste \u00f6kosziszt\u00e9m\u00e1j\u00e1nak r\u00e9szek\u00e9nt eg\u00e9sz \u00e9let\u00e9ben ir\u00e1ny\u00edtja a baba <strong>em\u00e9szt\u00e9s\u00e9t<\/strong>, <strong>anyagcser\u00e9j\u00e9t<\/strong> \u00e9s <a href=\"https:\/\/www.omni-biotic.com\/hu-hu\/blog\/gyermekek-es-az-immunrendszer\/\"><strong>immunrendszer\u00e9t.<\/strong><\/a><\/p>\t\t\t\t\t\t\t\t<\/div>\n\t\t\t\t<\/div>\n\t\t\t\t<div class=\"elementor-element elementor-element-30499a8 elementor-widget elementor-widget-image\" data-id=\"30499a8\" data-element_type=\"widget\" data-widget_type=\"image.default\">\n\t\t\t\t<div class=\"elementor-widget-container\">\n\t\t\t\t\t\t\t\t\t\t\t\t\t\t\t<img fetchpriority=\"high\" decoding=\"async\" width=\"768\" height=\"512\" src=\"https:\/\/www.omni-biotic.com\/hu-hu\/wp-content\/uploads\/sites\/7\/2022\/08\/termeszetes_szules_anyatej.jpg\" class=\"attachment-large size-large wp-image-21128\" alt=\"cs\u00e1szs\u00e1rmetsz\u00e9s, term\u00e9szetes sz\u00fcl\u00e9s, anyatej, anyatejes t\u00e1pl\u00e1l\u00e9k, t\u00e1pszer, omni-biotic, Panda\" srcset=\"https:\/\/www.omni-biotic.com\/hu-hu\/wp-content\/uploads\/sites\/7\/2022\/08\/termeszetes_szules_anyatej.jpg 768w, https:\/\/www.omni-biotic.com\/hu-hu\/wp-content\/uploads\/sites\/7\/2022\/08\/termeszetes_szules_anyatej-300x200.jpg 300w\" sizes=\"(max-width: 768px) 100vw, 768px\" title=\"\">\t\t\t\t\t\t\t\t\t\t\t\t\t\t\t<\/div>\n\t\t\t\t<\/div>\n\t\t\t\t\t<\/div>\n\t\t\t\t<\/div>\n\t\t<div class=\"elementor-element elementor-element-cb37edc obcs none e-flex e-con-boxed e-con e-parent\" data-id=\"cb37edc\" data-element_type=\"container\">\n\t\t\t\t\t<div class=\"e-con-inner\">\n\t\t\t\t<div class=\"elementor-element elementor-element-7e220dd elementor-widget elementor-widget-heading\" data-id=\"7e220dd\" data-element_type=\"widget\" data-widget_type=\"heading.default\">\n\t\t\t\t<div class=\"elementor-widget-container\">\n\t\t\t\t\t<h2 class=\"elementor-heading-title elementor-size-default\">Term\u00e9szetes bakteri\u00e1lis koloniz\u00e1ci\u00f3<\/h2>\t\t\t\t<\/div>\n\t\t\t\t<\/div>\n\t\t\t\t\t<\/div>\n\t\t\t\t<\/div>\n\t\t<div class=\"elementor-element elementor-element-4498565 obcs none e-flex e-con-boxed e-con e-parent\" data-id=\"4498565\" data-element_type=\"container\">\n\t\t\t\t\t<div class=\"e-con-inner\">\n\t\t\t\t<div class=\"elementor-element elementor-element-910bff8 elementor-widget elementor-widget-text-editor\" data-id=\"910bff8\" data-element_type=\"widget\" data-widget_type=\"text-editor.default\">\n\t\t\t\t<div class=\"elementor-widget-container\">\n\t\t\t\t\t\t\t\t\t<p>A kutat\u00e1sok jelenleg azt vizsg\u00e1lj\u00e1k, hogy a <a href=\"https:\/\/www.omni-biotic.com\/hu-hu\/blog\/belbakteriumok-fajtai-es-szerepe\/\"><strong>b\u00e9lbakt\u00e9riumok<\/strong> <\/a>milyen m\u00e9rt\u00e9kben ker\u00fclnek \u00e1t az any\u00e1r\u00f3l a gyermekre m\u00e1r a <a href=\"https:\/\/www.omni-biotic.com\/hu-hu\/a-belrendszer-egeszsege\/a-bel-hataskore\/terhesseg-szoptatas\/\"><strong>terhess\u00e9g<\/strong> <\/a>alatt a m\u00e9hlep\u00e9nyen \u00e9s a magzatv\u00edzen kereszt\u00fcl. Egy\u00e9rtelm\u0171 bizony\u00edt\u00e9k van arra, hogy azokn\u00e1l a gyermekekn\u00e9l kisebb val\u00f3sz\u00edn\u0171s\u00e9ggel alakul ki k\u00e9s\u0151bb <em><strong>neurodermatitisz<\/strong>,<\/em> akiknek az \u00e9desanyja <a href=\"https:\/\/shop.omni-biotic.com\/hu-hu\/products\/omni-biotic-panda-int-99108\"><strong>probiotikumokat<\/strong> <\/a>szed a v\u00e1rand\u00f3ss\u00e1g utols\u00f3 h\u00f3napjaiban, \u00e9s akik megkapj\u00e1k ugyanezeket a j\u00f3t\u00e9kony bakt\u00e9riumokat az \u00e9let els\u0151 \u00e9v\u00e9ben.<\/p><p>A bakt\u00e9riumok els\u0151 jelent\u0151s <strong>megteleped\u00e9se<\/strong> a sz\u00fclet\u00e9skor t\u00f6rt\u00e9nik. Amikor a baba \u00e1thalad a <strong>sz\u00fcl\u0151csatorn\u00e1n<\/strong>, els\u0151sorban az <strong>anya tejsav-bakt\u00e9riumaival<\/strong>\u00a0\u00e9rintkezik. M\u00e1s a helyzet a cs\u00e1sz\u00e1rmetsz\u00e9ssel sz\u00fclt gyermekek eset\u00e9ben. El\u0151sz\u00f6r a leveg\u0151ben \u00e9s az anya b\u0151r\u00e9n tal\u00e1lhat\u00f3 bakt\u00e9riumokkal tal\u00e1lkoznak. A v\u00e9d\u0151 <em>laktobacillusok<\/em> \u00e9s <em>bifidobakt\u00e9riumok<\/em> popul\u00e1ci\u00f3ja a b\u00e9lben ennek megfelel\u0151en alacsonyabb a cs\u00e1sz\u00e1rmetsz\u00e9ssel sz\u00fcletett gyermekekn\u00e9l. Ez viszont fog\u00e9konyabb\u00e1 teszi \u0151ket a h\u00e1rom h\u00f3napos <a href=\"https:\/\/www.omni-biotic.com\/hu-hu\/blog\/harom-honapos-kolika-mi-segit-siro-hasfajos-baban\/\"><strong>k\u00f3lik\u00e1ra<\/strong><\/a>, a <strong>fert\u0151z\u0151 betegs\u00e9gekre<\/strong> \u00e9s az <a href=\"https:\/\/www.omni-biotic.com\/hu-hu\/blog\/a-belflora-erositese-a-szueletestol-pillanatatol-kezdve\/\"><strong>allergi\u00e1ra<\/strong><\/a>.<\/p><p>A<strong> Vaginal Seeding <\/strong>\u2013 a baba cs\u00e1sz\u00e1rmetsz\u00e9s ut\u00e1ni benedves\u00edt\u00e9se az anya h\u00fcvelyv\u00e1lad\u00e9k\u00e1val \u2013 a probl\u00e9ma kezel\u00e9s\u00e9re szolg\u00e1l. Az <a href=\"https:\/\/www.omni-biotic.com\/hu-hu\/blog\/antibiotikumok-gyerekeknek\/\"><strong>antibiotikumos<\/strong> <\/a>kezel\u00e9s is jelent\u0151sen felbor\u00edthatja a baba \u00e9rz\u00e9keny bakt\u00e9riumvil\u00e1g\u00e1t, ez\u00e9rt a baba b\u00e9lrendszer\u00e9nek t\u00e1mogat\u00e1sa \u00e9rdek\u00e9ben megfelel\u0151 probiotikumokkal kell kieg\u00e9sz\u00edteni.<\/p>\t\t\t\t\t\t\t\t<\/div>\n\t\t\t\t<\/div>\n\t\t\t\t\t<\/div>\n\t\t\t\t<\/div>\n\t\t<div class=\"elementor-element elementor-element-2ac9915 obcs none e-flex e-con-boxed e-con e-parent\" data-id=\"2ac9915\" data-element_type=\"container\">\n\t\t\t\t\t<div class=\"e-con-inner\">\n\t\t\t\t<div class=\"elementor-element elementor-element-4f8d905 elementor-widget elementor-widget-text-editor\" data-id=\"4f8d905\" data-element_type=\"widget\" data-widget_type=\"text-editor.default\">\n\t\t\t\t<div class=\"elementor-widget-container\">\n\t\t\t\t\t\t\t\t\t<p>A term\u00e9szetes sz\u00fcl\u00e9s \u00e9s a szoptat\u00e1s kedvez\u0151en hat a baba bakt\u00e9riumvil\u00e1g\u00e1ra.<\/p>\t\t\t\t\t\t\t\t<\/div>\n\t\t\t\t<\/div>\n\t\t\t\t\t<\/div>\n\t\t\t\t<\/div>\n\t\t<div class=\"elementor-element elementor-element-0f7a4fc obcs none e-flex e-con-boxed e-con e-parent\" data-id=\"0f7a4fc\" data-element_type=\"container\">\n\t\t\t\t\t<div class=\"e-con-inner\">\n\t\t\t\t<div class=\"elementor-element elementor-element-74a4075 elementor-widget elementor-widget-heading\" data-id=\"74a4075\" data-element_type=\"widget\" data-widget_type=\"heading.default\">\n\t\t\t\t<div class=\"elementor-widget-container\">\n\t\t\t\t\t<h2 class=\"elementor-heading-title elementor-size-default\">Anyatej: a feh\u00e9r var\u00e1zsital<\/h2>\t\t\t\t<\/div>\n\t\t\t\t<\/div>\n\t\t\t\t\t<\/div>\n\t\t\t\t<\/div>\n\t\t<div class=\"elementor-element elementor-element-4e2207e obcs none e-flex e-con-boxed e-con e-parent\" data-id=\"4e2207e\" data-element_type=\"container\">\n\t\t\t\t\t<div class=\"e-con-inner\">\n\t\t\t\t<div class=\"elementor-element elementor-element-fe0a1bf elementor-widget elementor-widget-image\" data-id=\"fe0a1bf\" data-element_type=\"widget\" data-widget_type=\"image.default\">\n\t\t\t\t<div class=\"elementor-widget-container\">\n\t\t\t\t\t\t\t\t\t\t\t\t\t\t\t<img decoding=\"async\" width=\"800\" height=\"534\" src=\"https:\/\/www.omni-biotic.com\/hu-hu\/wp-content\/uploads\/sites\/7\/2022\/08\/anyatejes_taplalas.jpg\" class=\"attachment-large size-large wp-image-21127\" alt=\"cs\u00e1szs\u00e1rmetsz\u00e9s, term\u00e9szetes sz\u00fcl\u00e9s, anyatej, anyatejes t\u00e1pl\u00e1l\u00e9k, t\u00e1pszer, omni-biotic, Panda\" srcset=\"https:\/\/www.omni-biotic.com\/hu-hu\/wp-content\/uploads\/sites\/7\/2022\/08\/anyatejes_taplalas.jpg 1024w, https:\/\/www.omni-biotic.com\/hu-hu\/wp-content\/uploads\/sites\/7\/2022\/08\/anyatejes_taplalas-300x200.jpg 300w, https:\/\/www.omni-biotic.com\/hu-hu\/wp-content\/uploads\/sites\/7\/2022\/08\/anyatejes_taplalas-768x512.jpg 768w\" sizes=\"(max-width: 800px) 100vw, 800px\" title=\"\">\t\t\t\t\t\t\t\t\t\t\t\t\t\t\t<\/div>\n\t\t\t\t<\/div>\n\t\t\t\t<div class=\"elementor-element elementor-element-c45e569 elementor-widget elementor-widget-text-editor\" data-id=\"c45e569\" data-element_type=\"widget\" data-widget_type=\"text-editor.default\">\n\t\t\t\t<div class=\"elementor-widget-container\">\n\t\t\t\t\t\t\t\t\t<p>Minden egyes \u00e9rint\u00e9ssel <strong>a baba \u00faj mikrob\u00e1kat ismer meg<\/strong>. Min\u00e9l t\u00f6bb, ann\u00e1l jobb \u00e9s ann\u00e1l el\u0151ny\u00f6sebb az eg\u00e9szs\u00e9g\u00e9re. A <strong>szoptat\u00e1s<\/strong> nemcsak a testi \u00e9rint\u00e9st teszi lehet\u0151v\u00e9, hanem a csecsem\u0151 mikrobi\u00e1lis koloniz\u00e1ci\u00f3ja szempontj\u00e1b\u00f3l is \u00e9sszer\u0171.<\/p><p>A probiotikus t\u00e1pszerrel ellent\u00e9tben, amelyet \u00e1ltal\u00e1ban csak egy bakt\u00e9riumt\u00f6rzzsel eg\u00e9sz\u00edtenek ki, az <a href=\"https:\/\/www.omni-biotic.com\/hu-hu\/blog\/superfood-anyatej\/\"><strong>anyatej<\/strong> <\/a>t\u00f6bb sz\u00e1z hasznos bakt\u00e9riumt\u00f6rzset tartalmaz. A szoptatott csecsem\u0151k b\u00e9lrendszer\u00e9ben l\u00e9v\u0151 j\u00f3t\u00e9kony bakt\u00e9riumok mintegy <strong>30%-a<\/strong> k\u00f6zvetlen\u00fcl az <strong>anyatejb\u0151l sz\u00e1rmazik<\/strong>!<\/p><p>K\u00fcl\u00f6n\u00f6sen \u00e9rt\u00e9kes a s\u00e1rg\u00e1s, kr\u00e9mszer\u0171 els\u0151 tej, az \u00fagynevezett kolosztrum, amely \u2013 tele <strong>immunv\u00e9d\u0151 anyagokkal<\/strong> \u00e9s feh\u00e9rj\u00e9kkel \u2013 egyfajta els\u0151 olt\u00f3anyag a csecsem\u0151 sz\u00e1m\u00e1ra. A szoptatott gyermekekben l\u00e9nyegesen t\u00f6bb j\u00f3t\u00e9kony bifidobakt\u00e9riumt\u00f6rzs van, amelyek er\u0151s\u00edtik a b\u00e9lny\u00e1lkah\u00e1rtya barrier funkci\u00f3j\u00e1t, \u00e9s a b\u00e9lben l\u00e9v\u0151 immunsejtek sz\u00e1m\u00e1ra fontos inform\u00e1ci\u00f3kat szolg\u00e1ltatnak a k\u00f3rokoz\u00f3k elleni k\u00fczdelemben.<\/p><p>A term\u00e9szetes folyamatokat kieg\u00e9sz\u00edtve az any\u00e1nak \u00e9s a gyermeknek sz\u00e1nt t\u00f6bb t\u00f6rzsb\u0151l \u00e1ll\u00f3 probiotikum olyan kezd\u0151csomagot jelent, amely egy eg\u00e9sz \u00e9leten \u00e1t boldogan tartja a <strong>mikrobiomot<\/strong>.<\/p>\t\t\t\t\t\t\t\t<\/div>\n\t\t\t\t<\/div>\n\t\t\t\t\t<\/div>\n\t\t\t\t<\/div>\n\t\t<div class=\"elementor-element elementor-element-479e745 obcs none e-flex e-con-boxed e-con e-parent\" data-id=\"479e745\" data-element_type=\"container\">\n\t\t\t\t\t<div class=\"e-con-inner\">\n\t\t\t\t<div class=\"elementor-element elementor-element-80ae75e elementor-align-center elementor-widget elementor-widget-button\" data-id=\"80ae75e\" data-element_type=\"widget\" data-widget_type=\"button.default\">\n\t\t\t\t<div class=\"elementor-widget-container\">\n\t\t\t\t\t\t\t\t\t<div class=\"elementor-button-wrapper\">\n\t\t\t\t\t<a class=\"elementor-button elementor-button-link elementor-size-md\" href=\"https:\/\/www.omni-biotic.com\/hu-hu\/blog\/superfood-anyatej\/\">\n\t\t\t\t\t\t<span class=\"elementor-button-content-wrapper\">\n\t\t\t\t\t\t\t\t\t<span class=\"elementor-button-text\">Milyen j\u00f3t\u00e9kony hat\u00e1sa van az anyatejnek?<\/span>\n\t\t\t\t\t<\/span>\n\t\t\t\t\t<\/a>\n\t\t\t\t<\/div>\n\t\t\t\t\t\t\t\t<\/div>\n\t\t\t\t<\/div>\n\t\t\t\t\t<\/div>\n\t\t\t\t<\/div>\n\t\t\t\t<\/div>\n\t\t","protected":false},"excerpt":{"rendered":"<p>Alighanem minden leend\u0151 anyuka \u00e9s apuka izgatottan v\u00e1rja a pocaklak\u00f3 sz\u00fclet\u00e9s\u00e9t. Nem \u0151k az egyetlenek! Bar\u00e1ts\u00e1gos mikroorganizmusok seregei alig v\u00e1rj\u00e1k, hogy az \u00faj f\u00f6ldlak\u00f3 test\u00e9nek minden szeglet\u00e9t ben\u00e9pes\u00edts\u00e9k. Az emberi testet bakt\u00e9riumcs\u00edr\u00e1k n\u00e9pes\u00edtik be. \u00c9s ez j\u00f3 dolog, mert min\u00e9l sz\u00ednesebb \u00e9s b\u0151s\u00e9gesebb a bakt\u00e9riumvil\u00e1g, ann\u00e1l t\u00f6bb el\u0151nyt \u00e9lvez a baba szervezete. A mikrobiom, mint [&hellip;]<\/p>\n","protected":false},"author":2,"featured_media":21128,"comment_status":"closed","ping_status":"closed","sticky":false,"template":"","format":"standard","meta":{"_acf_changed":false,"inline_featured_image":false,"footnotes":""},"categories":[113],"tags":[],"class_list":["post-16205","post","type-post","status-publish","format-standard","has-post-thumbnail","hentry","category-anya-gyermek"],"acf":[],"rank_math":{"og:title":"Cs\u00e1sz\u00e1rmetsz\u00e9s vagy term\u00e9szetes sz\u00fcl\u00e9s: a baba b\u00e9lmikrobiomja","og:desc":"A mikrobiom a sz\u00fclet\u00e9skor j\u00f6n l\u00e9tre, \u00e9s nagyban f\u00fcgg att\u00f3l, hogy term\u00e9szetes vagy cs\u00e1sz\u00e1rmetsz\u00e9ses sz\u00fcl\u00e9sr\u0151l van-e sz\u00f3.","og:url":"https:\/\/www.omni-biotic.com\/hu-hu\/blog\/csaszarmetszes-vagy-termeszetes-szueles-a-baba-belmikrobiomja\/","og:locale":"hu_HU","og:image":"https:\/\/www.omni-biotic.com\/hu-hu\/wp-content\/uploads\/sites\/7\/2022\/08\/termeszetes_szules_anyatej.jpg","og:image:width":"768","og:image:height":"512"},"additional_data":{"thumbnail":"https:\/\/www.omni-biotic.com\/hu-hu\/wp-content\/uploads\/sites\/7\/2022\/08\/termeszetes_szules_anyatej.jpg"},"blog_info":{"country":"hu-hu"},"_links":{"self":[{"href":"https:\/\/www.omni-biotic.com\/hu-hu\/wp-json\/wp\/v2\/posts\/16205","targetHints":{"allow":["GET"]}}],"collection":[{"href":"https:\/\/www.omni-biotic.com\/hu-hu\/wp-json\/wp\/v2\/posts"}],"about":[{"href":"https:\/\/www.omni-biotic.com\/hu-hu\/wp-json\/wp\/v2\/types\/post"}],"author":[{"embeddable":true,"href":"https:\/\/www.omni-biotic.com\/hu-hu\/wp-json\/wp\/v2\/users\/2"}],"replies":[{"embeddable":true,"href":"https:\/\/www.omni-biotic.com\/hu-hu\/wp-json\/wp\/v2\/comments?post=16205"}],"version-history":[{"count":7,"href":"https:\/\/www.omni-biotic.com\/hu-hu\/wp-json\/wp\/v2\/posts\/16205\/revisions"}],"predecessor-version":[{"id":21147,"href":"https:\/\/www.omni-biotic.com\/hu-hu\/wp-json\/wp\/v2\/posts\/16205\/revisions\/21147"}],"wp:featuredmedia":[{"embeddable":true,"href":"https:\/\/www.omni-biotic.com\/hu-hu\/wp-json\/wp\/v2\/media\/21128"}],"wp:attachment":[{"href":"https:\/\/www.omni-biotic.com\/hu-hu\/wp-json\/wp\/v2\/media?parent=16205"}],"wp:term":[{"taxonomy":"category","embeddable":true,"href":"https:\/\/www.omni-biotic.com\/hu-hu\/wp-json\/wp\/v2\/categories?post=16205"},{"taxonomy":"post_tag","embeddable":true,"href":"https:\/\/www.omni-biotic.com\/hu-hu\/wp-json\/wp\/v2\/tags?post=16205"}],"curies":[{"name":"wp","href":"https:\/\/api.w.org\/{rel}","templated":true}]}}