{"id":16207,"date":"2022-08-11T06:57:38Z","date_gmt":"2022-08-11T04:57:38Z","guid":{"rendered":"https:\/\/www.omni-biotic.com\/hu-hu\/a-bel-szerepe-az-allergia-kezeleseben\/"},"modified":"2024-02-22T10:51:40Z","modified_gmt":"2024-02-22T09:51:40Z","slug":"a-bel-szerepe-az-allergia-kezeleseben","status":"publish","type":"post","link":"https:\/\/www.omni-biotic.com\/hu-hu\/blog\/a-bel-szerepe-az-allergia-kezeleseben\/","title":{"rendered":"A b\u00e9l szerepe az allergi\u00e1s t\u00fcnetek kezel\u00e9s\u00e9ben"},"content":{"rendered":"\t\t<div data-elementor-type=\"wp-post\" data-elementor-id=\"16207\" class=\"elementor elementor-16207\" data-elementor-post-type=\"post\">\n\t\t\t\t<div class=\"elementor-element elementor-element-6d50503 obcs none e-flex e-con-boxed e-con e-parent\" data-id=\"6d50503\" data-element_type=\"container\">\n\t\t\t\t\t<div class=\"e-con-inner\">\n\t\t\t\t<div class=\"elementor-element elementor-element-93a8f71 elementor-widget elementor-widget-text-editor\" data-id=\"93a8f71\" data-element_type=\"widget\" data-widget_type=\"text-editor.default\">\n\t\t\t\t<div class=\"elementor-widget-container\">\n\t\t\t\t\t\t\t\t\t<p><span style=\"color: #800080\"><em>V\u00e9gre melegebb van, tov\u00e1bb van vil\u00e1gos, z\u00f6ldebb a f\u0171 \u00e9s lassan minden vir\u00e1gba borul. Sajnos az allergi\u00e1sok sz\u00e1m\u00e1ra az \u00e9v ezen id\u0151szaka egy \u00fajabb r\u00e9m\u00e1lom kezdet\u00e9t jelenti. A t\u00fcssz\u00f6g\u00e9s, a szipog\u00e1s, a k\u00f6h\u00f6g\u00e9s \u00e9s a k\u00f6nnyez\u0151 szemek szinte elker\u00fclhetetlennek t\u0171nnek, ahogy a k\u00fcl\u00f6nb\u00f6z\u0151 n\u00f6v\u00e9nyek, bokrok vir\u00e1gba borulnak. Sokan annyira szenvednek, hogy k\u00e9ptelenek elhagyni otthonukat. B\u00e9lrendszer\u00fcnk fontos szerepet j\u00e1tszik az allergi\u00e1s t\u00fcnetek lek\u00fczd\u00e9s\u00e9ben \u2013 de mi a b\u00e9lrendszer funkci\u00f3ja?<\/em><\/span><\/p>\t\t\t\t\t\t\t\t<\/div>\n\t\t\t\t<\/div>\n\t\t\t\t\t<\/div>\n\t\t\t\t<\/div>\n\t\t<div class=\"elementor-element elementor-element-344c33e obcs none e-flex e-con-boxed e-con e-parent\" data-id=\"344c33e\" data-element_type=\"container\">\n\t\t\t\t\t<div class=\"e-con-inner\">\n\t\t\t\t<div class=\"elementor-element elementor-element-421a932 elementor-widget elementor-widget-heading\" data-id=\"421a932\" data-element_type=\"widget\" data-widget_type=\"heading.default\">\n\t\t\t\t<div class=\"elementor-widget-container\">\n\t\t\t\t\t<h2 class=\"elementor-heading-title elementor-size-default\">Hogyan alakul ki az allergia?<\/h2>\t\t\t\t<\/div>\n\t\t\t\t<\/div>\n\t\t\t\t\t<\/div>\n\t\t\t\t<\/div>\n\t\t<div class=\"elementor-element elementor-element-2bbd8ae obcs none e-flex e-con-boxed e-con e-parent\" data-id=\"2bbd8ae\" data-element_type=\"container\">\n\t\t\t\t\t<div class=\"e-con-inner\">\n\t\t\t\t<div class=\"elementor-element elementor-element-c7576f6 elementor-widget elementor-widget-text-editor\" data-id=\"c7576f6\" data-element_type=\"widget\" data-widget_type=\"text-editor.default\">\n\t\t\t\t<div class=\"elementor-widget-container\">\n\t\t\t\t\t\t\t\t\t<p>Az <a href=\"https:\/\/www.omni-biotic.com\/hu-hu\/belpanaszok\/allergia\/\"><strong>allergia<\/strong> <\/a>a szervezet sz\u00e1m\u00e1ra idegen anyagokkal szembeni immunreakci\u00f3, mint p\u00e9ld\u00e1ul a <strong>pollen<\/strong>, az <strong>\u00e1llati sz\u0151r<\/strong> vagy a <strong>rovarm\u00e9reg<\/strong>. Egy \u00e1rtalmatlan anyagot t\u00e9vesen vesz\u00e9lyesnek min\u0151s\u00edt, \u00e9s fokozott <strong>antitesttermel\u00e9s<\/strong> indul be. A fokozott antitesttermel\u00e9s hat\u00e1s\u00e1ra a szervezet \u00e9rz\u00e9kenny\u00e9 v\u00e1lik az adott anyaggal szemben.<\/p><p>Az allerg\u00e9nnel val\u00f3 \u00e9rintkez\u00e9skor ez az allerg\u00e9n ellenanyag k\u00f6zvet\u00edti a hisztamin felszabadul\u00e1s\u00e1t, amely a tipikus allergi\u00e1s t\u00fcnetek\u00e9rt felel. Ha az allergi\u00e1s reakci\u00f3 a t\u00fcnetekkel egy\u00fctt jelentkezik, akkor <strong>az allerg\u00e9n <\/strong>m\u00e1r <strong>\u00e1tjutott a b\u00e9lny\u00e1lkah\u00e1rty\u00e1n<\/strong>. Ez akkor t\u00f6rt\u00e9nik, amikor a test ny\u00e1lkah\u00e1rty\u00e1i k\u00e1rosodnak. Az \u00fagynevezett <a href=\"https:\/\/www.omni-biotic.com\/hu-hu\/belpanaszok\/atereszto-bel-szindroma\/\"><strong>sziv\u00e1rg\u00f3 b\u00e9l<\/strong><\/a> r\u00e9v\u00e9n az \u00e9tellel bevitt anyagok k\u00f6zvetlen\u00fcl a v\u00e9r\u00e1ramba jutnak. Ez bizonyos anyagok t\u00falterhel\u00e9s\u00e9hez vezet, ami viszont az <a href=\"https:\/\/www.omni-biotic.com\/hu-hu\/a-belrendszer-egeszsege\/a-bel-hataskore\/az-immunrendszer\/\"><strong>immunrendszer<\/strong> <\/a>fokozott reakci\u00f3j\u00e1t okozza. Ennek k\u00f6vetkezm\u00e9nye allergia vagy \u00e9telintolerancia.<\/p>\t\t\t\t\t\t\t\t<\/div>\n\t\t\t\t<\/div>\n\t\t\t\t\t<\/div>\n\t\t\t\t<\/div>\n\t\t<div class=\"elementor-element elementor-element-09d6862 obcs none e-flex e-con-boxed e-con e-parent\" data-id=\"09d6862\" data-element_type=\"container\">\n\t\t\t\t\t<div class=\"e-con-inner\">\n\t\t\t\t<div class=\"elementor-element elementor-element-d3bc1e1 elementor-widget elementor-widget-heading\" data-id=\"d3bc1e1\" data-element_type=\"widget\" data-widget_type=\"heading.default\">\n\t\t\t\t<div class=\"elementor-widget-container\">\n\t\t\t\t\t<h2 class=\"elementor-heading-title elementor-size-default\">Az allergi\u00e1sok b\u00e9lrendszere<\/h2>\t\t\t\t<\/div>\n\t\t\t\t<\/div>\n\t\t\t\t\t<\/div>\n\t\t\t\t<\/div>\n\t\t<div class=\"elementor-element elementor-element-d76b87e obcs none e-flex e-con-boxed e-con e-parent\" data-id=\"d76b87e\" data-element_type=\"container\">\n\t\t\t\t\t<div class=\"e-con-inner\">\n\t\t\t\t<div class=\"elementor-element elementor-element-b0c7db3 elementor-widget elementor-widget-image\" data-id=\"b0c7db3\" data-element_type=\"widget\" data-widget_type=\"image.default\">\n\t\t\t\t<div class=\"elementor-widget-container\">\n\t\t\t\t\t\t\t\t\t\t\t\t\t\t\t<img fetchpriority=\"high\" decoding=\"async\" width=\"800\" height=\"473\" src=\"https:\/\/www.omni-biotic.com\/hu-hu\/wp-content\/uploads\/sites\/7\/2022\/08\/allergia_pollen.png\" class=\"attachment-large size-large wp-image-21106\" alt=\"allergia ellen, allergia, allergi\u00e1s t\u00fcnetek\" srcset=\"https:\/\/www.omni-biotic.com\/hu-hu\/wp-content\/uploads\/sites\/7\/2022\/08\/allergia_pollen.png 1024w, https:\/\/www.omni-biotic.com\/hu-hu\/wp-content\/uploads\/sites\/7\/2022\/08\/allergia_pollen-300x178.png 300w, https:\/\/www.omni-biotic.com\/hu-hu\/wp-content\/uploads\/sites\/7\/2022\/08\/allergia_pollen-768x455.png 768w\" sizes=\"(max-width: 800px) 100vw, 800px\" title=\"\">\t\t\t\t\t\t\t\t\t\t\t\t\t\t\t<\/div>\n\t\t\t\t<\/div>\n\t\t\t\t<div class=\"elementor-element elementor-element-06a70ca elementor-widget elementor-widget-text-editor\" data-id=\"06a70ca\" data-element_type=\"widget\" data-widget_type=\"text-editor.default\">\n\t\t\t\t<div class=\"elementor-widget-container\">\n\t\t\t\t\t\t\t\t\t<p>A <a href=\"https:\/\/www.omni-biotic.com\/hu-hu\/a-belrendszer-egeszsege\/\"><strong>b\u00e9l<\/strong> <\/a>koloniz\u00e1ci\u00f3ja a sz\u00fclet\u00e9skor kezd\u0151dik. Els\u0151sorban a <a href=\"https:\/\/www.omni-biotic.com\/hu-hu\/blog\/csaszarmetszes-vagy-termeszetes-szueles-a-baba-belmikrobiomja\/\"><strong>sz\u00fcl\u00e9s<\/strong> <\/a>m\u00f3dja van jelent\u0151s hat\u00e1ssal a b\u00e9lfl\u00f3r\u00e1ra. Amikor a gyermek <strong>h\u00fcvelyi \u00faton<\/strong>, azaz term\u00e9szetes m\u00f3don sz\u00fcletik, a baba <a href=\"https:\/\/www.omni-biotic.com\/hu-hu\/a-belrendszer-egeszsege\/a-bel-az-egeszseg-kozpontja\/belmikrobiom\/\"><strong>mikrobiomja<\/strong> <\/a>a h\u00fcvelyi bakt\u00e9riumokkal, az anya \u00fagynevezett <a href=\"https:\/\/www.omni-biotic.com\/hu-hu\/a-belrendszer-egeszsege\/a-bel-hataskore\/huvelyflora\/\"><strong>h\u00fcvelyfl\u00f3r\u00e1j\u00e1val<\/strong> <\/a>tal\u00e1lkozik. Ha a gyermek <a href=\"https:\/\/www.omni-biotic.com\/hu-hu\/blog\/csaszarmetszes-vagy-termeszetes-szueles-a-baba-belmikrobiomja\/\"><strong>cs\u00e1sz\u00e1rmetsz\u00e9ssel<\/strong> <\/a>sz\u00fcletik, a kezdeti koloniz\u00e1ci\u00f3t els\u0151sorban az anya <a href=\"https:\/\/www.omni-biotic.com\/hu-hu\/blog\/bor-mikrobiom-es-a-belbakteriumok\/\"><strong>b\u0151rbakt\u00e9riumai<\/strong> <\/a>\u00e9s a k\u00f6rnyezetb\u0151l sz\u00e1rmaz\u00f3 bakt\u00e9riumok v\u00e9gzik, ami negat\u00edv hat\u00e1ssal lehet az <a href=\"https:\/\/www.omni-biotic.com\/hu-hu\/blog\/hogyan-lehet-hatni-az-ujszulott-hangulatara\/\"><strong>\u00fajsz\u00fcl\u00f6tt<\/strong> <\/a><strong>b\u00e9lfl\u00f3r\u00e1j\u00e1nak<\/strong> v\u00e1ltozatoss\u00e1g\u00e1ra (=\u00f6sszet\u00e9tel\u00e9re).<\/p><p>Tanulm\u00e1nyok azt bizony\u00edtj\u00e1k, hogy a <a href=\"https:\/\/www.omni-biotic.com\/hu-hu\/a-belrendszer-egeszsege\/a-bel-az-egeszseg-kozpontja\/belflora\/\"><strong>b\u00e9lfl\u00f3ra<\/strong> <\/a>fokozott mikrobi\u00e1lis diverzit\u00e1sa az allergi\u00e1s betegs\u00e9gek alacsonyabb kock\u00e1zat\u00e1val j\u00e1r egy\u00fctt. A sz\u00fclet\u00e9s ut\u00e1ni els\u0151 h\u00f3napok d\u00f6nt\u0151 fontoss\u00e1g\u00faak a gyermek <strong>b\u00e9lfl\u00f3r\u00e1j\u00e1nak<\/strong> <strong>kialakul\u00e1sa<\/strong> szempontj\u00e1b\u00f3l. K\u00fcl\u00f6n\u00f6sen ebben az id\u0151szakban fontos az allergi\u00e1s betegs\u00e9gek megel\u0151z\u00e9se: az <a href=\"https:\/\/www.omni-biotic.com\/hu-hu\/blog\/superfood-anyatej\/\"><strong>anyatej<\/strong> <\/a>fontoss\u00e1ga el\u0151t\u00e9rbe ker\u00fcl. Az anyatej t\u00f6bb mint 200 k\u00fcl\u00f6nb\u00f6z\u0151 cukormolekul\u00e1t tartalmaz, \u00edgy az \u00f6sszes eml\u0151s teje k\u00f6z\u00fcl ez a leg\u00f6sszetettebb anyatej.<\/p><p>Feladatuk, hogy a sz\u00fclet\u00e9s ut\u00e1ni els\u0151 id\u0151szakban kifejezetten az anyatejben tal\u00e1lhat\u00f3 cukormolekul\u00e1kkal <strong>el\u0151seg\u00edts\u00e9k az eg\u00e9szs\u00e9ges bakt\u00e9riumkoloniz\u00e1ci\u00f3t<\/strong>. Az anyatejben tal\u00e1lhat\u00f3 <em>immunglobulin A<\/em> a fert\u0151z\u00e9sek elleni v\u00e9delmet szolg\u00e1lja, \u00edgy a gyermek <strong>immunv\u00e9delm\u00e9nek<\/strong> fontos feh\u00e9rj\u00e9je.<\/p>\t\t\t\t\t\t\t\t<\/div>\n\t\t\t\t<\/div>\n\t\t\t\t\t<\/div>\n\t\t\t\t<\/div>\n\t\t<div class=\"elementor-element elementor-element-37bb5fd obcs none e-flex e-con-boxed e-con e-parent\" data-id=\"37bb5fd\" data-element_type=\"container\">\n\t\t\t\t\t<div class=\"e-con-inner\">\n\t\t\t\t<div class=\"elementor-element elementor-element-d2df01f elementor-widget elementor-widget-heading\" data-id=\"d2df01f\" data-element_type=\"widget\" data-widget_type=\"heading.default\">\n\t\t\t\t<div class=\"elementor-widget-container\">\n\t\t\t\t\t<h2 class=\"elementor-heading-title elementor-size-default\">Az allergia kiv\u00e1lt\u00f3 okai<\/h2>\t\t\t\t<\/div>\n\t\t\t\t<\/div>\n\t\t\t\t\t<\/div>\n\t\t\t\t<\/div>\n\t\t<div class=\"elementor-element elementor-element-be7cc28 obcs none e-flex e-con-boxed e-con e-parent\" data-id=\"be7cc28\" data-element_type=\"container\">\n\t\t\t\t\t<div class=\"e-con-inner\">\n\t\t\t\t<div class=\"elementor-element elementor-element-d704dec elementor-widget elementor-widget-text-editor\" data-id=\"d704dec\" data-element_type=\"widget\" data-widget_type=\"text-editor.default\">\n\t\t\t\t<div class=\"elementor-widget-container\">\n\t\t\t\t\t\t\t\t\t<p>Az <a href=\"https:\/\/www.omni-biotic.com\/hu-hu\/blog\/a-bel-szerepe-az-allergia-kezeleseben\/\"><strong>allergia<\/strong> <\/a>kiv\u00e1lt\u00f3 oka szerte\u00e1gaz\u00f3 lehet. K\u00fcl\u00f6nb\u00f6z\u0151 elm\u00e9letek l\u00e9teznek, de nincsenek teljesen megalapozott felismer\u00e9sek. Allergi\u00e1s reakci\u00f3 alapvet\u0151en csak akkor k\u00f6vetkezik be, ha az <strong>immunrendszer kor\u00e1bban m\u00e1r kapcsolatba ker\u00fclt egy idegen anyaggal<\/strong>. A legt\u00f6bb esetben az els\u0151 \u00e9rintkez\u00e9skor nincs reakci\u00f3, a t\u00fcnetek csak az \u00fajabb \u00e9rintkez\u00e9skor jelentkeznek.<\/p><p>Egy k\u00e9rd\u00e9sben azonban a szakemberek egyet\u00e9rtenek: a <strong>genetika<\/strong> nagy szerepet j\u00e1tszik az allergia kialakul\u00e1s\u00e1ban. Azokn\u00e1l a gyermekekn\u00e9l, akiknek a sz\u00fclei is allergi\u00e1sak, nagyobb a kialakul\u00e1s kock\u00e1zata. Hasonl\u00f3k\u00e9ppen, min\u00e9l t\u00f6bbsz\u00f6r \u00e9s hosszabb ideig \u00e9rintkezik az adott szem\u00e9ly egy lehets\u00e9ges allerg\u00e9nnel, ann\u00e1l val\u00f3sz\u00edn\u0171bb, hogy allergi\u00e1s reakci\u00f3 alakul ki n\u00e1la.<\/p><p>A <strong>t\u00falzott higi\u00e9nia gyermekkorban<\/strong> az allergi\u00e1k kialakul\u00e1s\u00e1nak kock\u00e1zat\u00e1t n\u00f6veli. Vizsg\u00e1latok kimutatt\u00e1k, hogy azokn\u00e1l a gyerekekn\u00e9l, akik farmon n\u0151ttek fel, kisebb val\u00f3sz\u00edn\u0171s\u00e9ggel alakul ki allergia \u00e9s asztma, mint a v\u00e1rosi gyerekekn\u00e9l.<\/p>\t\t\t\t\t\t\t\t<\/div>\n\t\t\t\t<\/div>\n\t\t\t\t\t<\/div>\n\t\t\t\t<\/div>\n\t\t<div class=\"elementor-element elementor-element-88e4158 obcs none e-flex e-con-boxed e-con e-parent\" data-id=\"88e4158\" data-element_type=\"container\">\n\t\t\t\t\t<div class=\"e-con-inner\">\n\t\t\t\t<div class=\"elementor-element elementor-element-d404e54 elementor-widget elementor-widget-text-editor\" data-id=\"d404e54\" data-element_type=\"widget\" data-widget_type=\"text-editor.default\">\n\t\t\t\t<div class=\"elementor-widget-container\">\n\t\t\t\t\t\t\t\t\t<p>Egyre kevesebb a term\u00e9szetes \u00e9l\u0151hely. Napjainkban az emberek t\u00f6bbs\u00e9ge nagyv\u00e1rosokban \u00e9l, \u00e9s \u00e1lland\u00f3 <a href=\"https:\/\/www.omni-biotic.com\/hu-hu\/a-belrendszer-egeszsege\/a-bel-hataskore\/stressz-emesztes-depresszio\/\"><strong>stressznek<\/strong> <\/a>vannak kit\u00e9ve, ami t\u00falterheli az <a href=\"https:\/\/www.omni-biotic.com\/hu-hu\/a-belrendszer-egeszsege\/a-bel-hataskore\/az-immunrendszer\/\"><strong>immunrendszert<\/strong><\/a>, \u00e9s allergi\u00e1t id\u00e9z el\u0151.<\/p><p>Ilyenek p\u00e9ld\u00e1ul:<\/p><ul><li>L\u00e9gszennyez\u00e9s, pl. g\u00e9pkocsi- \u00e9s ipari kipufog\u00f3g\u00e1zok<\/li><li>T\u00e1pl\u00e1lkoz\u00e1s, pl. bizonyos feldolgozott \u00e9lelmiszerek<\/li><li>A lak\u00f3t\u00e9r szennyez\u00e9se, pl. <a href=\"https:\/\/www.omni-biotic.com\/hu-hu\/blog\/a-dohanyzas-gyulladasos-folyamatokat-valt-ki-a-belekben\/\"><strong>doh\u00e1nyf\u00fcst<\/strong><\/a>, vegyi anyagok a h\u00e1ztart\u00e1sban, pen\u00e9szgomba<\/li><li>Munka<\/li><\/ul><p>A munkahelyi allergi\u00e1k is egyre gyakrabban fordulnak el\u0151. A szervezet a munkahelyi k\u00f6rnyezetben l\u00e9v\u0151 bizonyos anyagokra allergi\u00e1s reakci\u00f3kkal kezd reag\u00e1lni. Ilyen allergia b\u00e1rkin\u00e9l, b\u00e1rmely munkak\u00f6rben kialakulhat. Ilyen p\u00e9ld\u00e1ul p\u00e9kk\u00e9nt a lisztporra val\u00f3 allergia, vagy ha a fodr\u00e1sz bizonyos fest\u00e9kekre vagy hajsamponokra mutat allergi\u00e1s reakci\u00f3t.<\/p>\t\t\t\t\t\t\t\t<\/div>\n\t\t\t\t<\/div>\n\t\t\t\t\t<\/div>\n\t\t\t\t<\/div>\n\t\t<div class=\"elementor-element elementor-element-0b9ce1b obcs none e-flex e-con-boxed e-con e-parent\" data-id=\"0b9ce1b\" data-element_type=\"container\">\n\t\t\t\t\t<div class=\"e-con-inner\">\n\t\t\t\t<div class=\"elementor-element elementor-element-072f9cc elementor-widget elementor-widget-heading\" data-id=\"072f9cc\" data-element_type=\"widget\" data-widget_type=\"heading.default\">\n\t\t\t\t<div class=\"elementor-widget-container\">\n\t\t\t\t\t<h2 class=\"elementor-heading-title elementor-size-default\">Mit tehetek az allergia ellen?<\/h2>\t\t\t\t<\/div>\n\t\t\t\t<\/div>\n\t\t\t\t<div class=\"elementor-element elementor-element-ffee1bc elementor-widget elementor-widget-image\" data-id=\"ffee1bc\" data-element_type=\"widget\" data-widget_type=\"image.default\">\n\t\t\t\t<div class=\"elementor-widget-container\">\n\t\t\t\t\t\t\t\t\t\t\t\t\t\t\t<img decoding=\"async\" width=\"800\" height=\"422\" src=\"https:\/\/www.omni-biotic.com\/hu-hu\/wp-content\/uploads\/sites\/7\/2022\/08\/allergie_pollen_ellen.png\" class=\"attachment-large size-large wp-image-21107\" alt=\"allergia ellen, allergia, allergi\u00e1s t\u00fcnetek\" srcset=\"https:\/\/www.omni-biotic.com\/hu-hu\/wp-content\/uploads\/sites\/7\/2022\/08\/allergie_pollen_ellen.png 1024w, https:\/\/www.omni-biotic.com\/hu-hu\/wp-content\/uploads\/sites\/7\/2022\/08\/allergie_pollen_ellen-300x158.png 300w, https:\/\/www.omni-biotic.com\/hu-hu\/wp-content\/uploads\/sites\/7\/2022\/08\/allergie_pollen_ellen-768x405.png 768w\" sizes=\"(max-width: 800px) 100vw, 800px\" title=\"\">\t\t\t\t\t\t\t\t\t\t\t\t\t\t\t<\/div>\n\t\t\t\t<\/div>\n\t\t\t\t\t<\/div>\n\t\t\t\t<\/div>\n\t\t<div class=\"elementor-element elementor-element-1a2b91e obcs none e-flex e-con-boxed e-con e-parent\" data-id=\"1a2b91e\" data-element_type=\"container\">\n\t\t\t\t\t<div class=\"e-con-inner\">\n\t\t\t\t<div class=\"elementor-element elementor-element-1e954b5 elementor-widget elementor-widget-text-editor\" data-id=\"1e954b5\" data-element_type=\"widget\" data-widget_type=\"text-editor.default\">\n\t\t\t\t<div class=\"elementor-widget-container\">\n\t\t\t\t\t\t\t\t\t<p>A <strong>ny\u00e1lkah\u00e1rty\u00e1k v\u00e9delme \u00e9s meger\u0151s\u00edt\u00e9se<\/strong> az allergiav\u00e9delem l\u00e9nyege, mivel minden allergi\u00e1t kiv\u00e1lt\u00f3 anyagot ezen a g\u00e1ton kereszt\u00fcl h\u00e1r\u00edtunk el. Az allergia kezel\u00e9s\u00e9nek egyik m\u00f3dja a t\u00fcnetorient\u00e1lt ter\u00e1pi\u00e1s megk\u00f6zel\u00edt\u00e9s, amelyben az allergia hat\u00e1sait kezelik. A duzzanat \u00e9s a hisztamin felszabadul\u00e1s\u00e1nak cs\u00f6kkent\u00e9s\u00e9re cseppeket, sprayket \u00e9s tablett\u00e1kat haszn\u00e1lnak.<\/p><p>Ez az elj\u00e1r\u00e1s azonban <strong>nem orvosolja az allergia kiv\u00e1lt\u00f3 ok\u00e1t<\/strong>, csup\u00e1n a t\u00fcnetek r\u00f6vid t\u00e1v\u00fa <strong>kezel\u00e9s\u00e9re<\/strong> \u00e9s <strong>enyh\u00edt\u00e9s\u00e9re<\/strong> szolg\u00e1l. Egy m\u00e1sik megk\u00f6zel\u00edt\u00e9s a deszenzibiliz\u00e1ci\u00f3. A szervezet fokozatosan hozz\u00e1szokik egy bizonyos allergi\u00e1t kiv\u00e1lt\u00f3 anyaghoz, \u00e9s id\u0151vel kialakul a tolerancia. Ez egy hosszadalmas folyamat, nincs garancia az allergia elm\u00fal\u00e1s\u00e1ra, \u00e9s nem ny\u00fajt v\u00e9delmet az \u00faj allergi\u00e1k ellen sem.<\/p><p>Egy bev\u00e1lt m\u00f3dszer a ny\u00e1lkah\u00e1rty\u00e1k meger\u0151s\u00edt\u00e9se. Ezek az allergi\u00e1sokn\u00e1l m\u00e1r nem \u00e9pek, \u00e9s k\u00f6zrej\u00e1tszanak az allergia kialakul\u00e1s\u00e1ban. Ez a ter\u00e1piaforma az allergia forr\u00e1s\u00e1t kezeli, \u00e9s k\u00fcl\u00f6n\u00f6sen <strong>el\u0151ny\u00f6s<\/strong> azoknak, akik t\u00f6bb anyagra is allergi\u00e1sak vagy intoler\u00e1nsak. A j\u00f3l m\u0171k\u00f6d\u0151 <a href=\"https:\/\/www.omni-biotic.com\/hu-hu\/a-belrendszer-egeszsege\/a-bel-az-egeszseg-kozpontja\/belflora\/\"><strong>b\u00e9lfl\u00f3ra<\/strong> <\/a>ebben is d\u00f6nt\u0151 szerepet j\u00e1tszik. A <a href=\"https:\/\/www.omni-biotic.com\/hu-hu\/a-belrendszer-egeszsege\/a-bel-az-egeszseg-kozpontja\/probiotikum\/\"><strong>probiotikumok<\/strong> <\/a>seg\u00edtik az eg\u00e9szs\u00e9ges <a href=\"https:\/\/www.omni-biotic.com\/hu-hu\/a-belrendszer-egeszsege\/a-bel-az-egeszseg-kozpontja\/belmikrobiom\/\"><strong>b\u00e9lmikrobiom<\/strong> <\/a>fenntart\u00e1s\u00e1t, ami viszont pozit\u00edv hat\u00e1ssal van a b\u00e9lny\u00e1lkah\u00e1rtya meger\u0151s\u00edt\u00e9s\u00e9re.<\/p><p>Anita Frauwallner b\u00e9leg\u00e9szs\u00e9g\u00fcgyi-szak\u00e9rt\u0151 szerint a k\u00f6vetkez\u0151 pontok is nagyon megfontoland\u00f3ak:<\/p>\t\t\t\t\t\t\t\t<\/div>\n\t\t\t\t<\/div>\n\t\t\t\t\t<\/div>\n\t\t\t\t<\/div>\n\t\t<div class=\"elementor-element elementor-element-23b7106 obcs none e-flex e-con-boxed e-con e-parent\" data-id=\"23b7106\" data-element_type=\"container\">\n\t\t\t\t\t<div class=\"e-con-inner\">\n\t\t\t\t<div class=\"elementor-element elementor-element-491d278 elementor-widget elementor-widget-text-editor\" data-id=\"491d278\" data-element_type=\"widget\" data-widget_type=\"text-editor.default\">\n\t\t\t\t<div class=\"elementor-widget-container\">\n\t\t\t\t\t\t\t\t\t<ul><li>Igyekezzen <strong>cs\u00f6kkenteni a <a href=\"https:\/\/www.omni-biotic.com\/hu-hu\/blog\/a-stressz-mellekhatasai\/\">stresszt<\/a><\/strong>, \u00e9s ez\u00e1ltal helyre\u00e1ll\u00edtani az emiatt begyulladt b\u00e9lny\u00e1lkah\u00e1rty\u00e1t. Ez a megfelel\u0151, gyullad\u00e1scs\u00f6kkent\u0151 b\u00e9lbakt\u00e9riumok szed\u00e9s\u00e9vel m\u0171k\u00f6dik, amelyek a <a href=\"https:\/\/www.omni-biotic.com\/hu-hu\/termekek\/\"><strong>probiotikumokban<\/strong> <\/a>tal\u00e1lhat\u00f3k.<\/li><li>N\u00f6velje az <strong>ellen\u00e1ll\u00f3k\u00e9pess\u00e9g\u00e9t<\/strong>! A pollenszezonban pr\u00f3b\u00e1lja meg cs\u00f6kkenteni a meger\u0151ltet\u0151 fizikai aktivit\u00e1st, \u00e9s helyette ink\u00e1bb az er\u0151s <strong>b\u00e9lny\u00e1lkah\u00e1rtya fel\u00e9p\u00edt\u00e9s\u00e9re<\/strong> \u00f6sszpontos\u00edtson. Ebben seg\u00edtenek a j\u00f3 b\u00e9lbakt\u00e9riumok, amelyeket hat vezet\u0151 bakt\u00e9riumt\u00f6rzs kombin\u00e1ci\u00f3j\u00e1t tartalmaz\u00f3 <strong>probiotikum<\/strong> form\u00e1j\u00e1ban lehet bevenni. Ezek a teljes b\u00e9lrendszert ben\u00e9pes\u00edtik.<\/li><li>\u00c1ll\u00edtsa le a <strong>hisztamin k\u00e9pz\u0151d\u00e9s\u00e9t<\/strong> a b\u00e9lben: A <a href=\"https:\/\/shop.omni-biotic.com\/hu-hu\/products\/meta-care-zink-plus-42709\"><strong>cink<\/strong> <\/a>itt kiv\u00e1l\u00f3 seg\u00edts\u00e9g! \u00c1ltal\u00e1noss\u00e1gban a <a href=\"https:\/\/shop.omni-biotic.com\/hu-hu\/products\/meta-care-b-complex-42720\"><strong>B-vitaminok<\/strong><\/a>, aminosavak \u00e9s k\u00fcl\u00f6nb\u00f6z\u0151 nyomelemek sz\u00fcks\u00e9gesek az \u00e9p b\u00e9lny\u00e1lkah\u00e1rtya k\u00e9pz\u0151d\u00e9s\u00e9hez.<\/li><\/ul>\t\t\t\t\t\t\t\t<\/div>\n\t\t\t\t<\/div>\n\t\t\t\t\t<\/div>\n\t\t\t\t<\/div>\n\t\t<div class=\"elementor-element elementor-element-bff3289 obcs none e-flex e-con-boxed e-con e-parent\" data-id=\"bff3289\" data-element_type=\"container\">\n\t\t\t\t\t<div class=\"e-con-inner\">\n\t\t\t\t<div class=\"elementor-element elementor-element-49ebc15 elementor-widget elementor-widget-text-editor\" data-id=\"49ebc15\" data-element_type=\"widget\" data-widget_type=\"text-editor.default\">\n\t\t\t\t<div class=\"elementor-widget-container\">\n\t\t\t\t\t\t\t\t\t<p>A gyermekek \u00e9s allergia kapcsolata fontos t\u00e9ma a sz\u00fcl\u0151k sz\u00e1m\u00e1ra. Az allergia egyre gyakoribb\u00e1 v\u00e1lik a gyermekek k\u00f6r\u00e9ben, k\u00fcl\u00f6n\u00f6sen az \u00e9telallergi\u00e1k ter\u00e9n. Fontos felismerni az allergi\u00e1s reakci\u00f3k jeleit, \u00e9s id\u0151ben kezelni azokat. Az allergia okainak felt\u00e9rk\u00e9pez\u00e9se \u00e9s megfelel\u0151 kezel\u00e9se kulcsfontoss\u00e1g\u00fa a gyermekek eg\u00e9szs\u00e9g\u00e9nek meg\u0151rz\u00e9s\u00e9ben.<\/p>\t\t\t\t\t\t\t\t<\/div>\n\t\t\t\t<\/div>\n\t\t\t\t\t<\/div>\n\t\t\t\t<\/div>\n\t\t<div class=\"elementor-element elementor-element-157e7c1 obcs none e-flex e-con-boxed e-con e-parent\" data-id=\"157e7c1\" data-element_type=\"container\">\n\t\t\t\t\t<div class=\"e-con-inner\">\n\t\t\t\t<div class=\"elementor-element elementor-element-cd1889a elementor-align-center elementor-widget elementor-widget-button\" data-id=\"cd1889a\" data-element_type=\"widget\" data-widget_type=\"button.default\">\n\t\t\t\t<div class=\"elementor-widget-container\">\n\t\t\t\t\t\t\t\t\t<div class=\"elementor-button-wrapper\">\n\t\t\t\t\t<a class=\"elementor-button elementor-button-link elementor-size-md\" href=\"https:\/\/www.omni-biotic.com\/hu-hu\/blog\/etelintolerancia-es-allergia\/\">\n\t\t\t\t\t\t<span class=\"elementor-button-content-wrapper\">\n\t\t\t\t\t\t\t\t\t<span class=\"elementor-button-text\">Allergia vagy intolerancia?<\/span>\n\t\t\t\t\t<\/span>\n\t\t\t\t\t<\/a>\n\t\t\t\t<\/div>\n\t\t\t\t\t\t\t\t<\/div>\n\t\t\t\t<\/div>\n\t\t\t\t\t<\/div>\n\t\t\t\t<\/div>\n\t\t\t\t<\/div>\n\t\t","protected":false},"excerpt":{"rendered":"<p>V\u00e9gre melegebb van, tov\u00e1bb van vil\u00e1gos, z\u00f6ldebb a f\u0171 \u00e9s lassan minden vir\u00e1gba borul. Sajnos az allergi\u00e1sok sz\u00e1m\u00e1ra az \u00e9v ezen id\u0151szaka egy \u00fajabb r\u00e9m\u00e1lom kezdet\u00e9t jelenti. A t\u00fcssz\u00f6g\u00e9s, a szipog\u00e1s, a k\u00f6h\u00f6g\u00e9s \u00e9s a k\u00f6nnyez\u0151 szemek szinte elker\u00fclhetetlennek t\u0171nnek, ahogy a k\u00fcl\u00f6nb\u00f6z\u0151 n\u00f6v\u00e9nyek, bokrok vir\u00e1gba borulnak. Sokan annyira szenvednek, hogy k\u00e9ptelenek elhagyni otthonukat. B\u00e9lrendszer\u00fcnk [&hellip;]<\/p>\n","protected":false},"author":2,"featured_media":21106,"comment_status":"closed","ping_status":"closed","sticky":false,"template":"","format":"standard","meta":{"_acf_changed":false,"inline_featured_image":false,"footnotes":""},"categories":[108],"tags":[],"class_list":["post-16207","post","type-post","status-publish","format-standard","has-post-thumbnail","hentry","category-panaszok-tanacsok"],"acf":[],"rank_math":{"og:title":"A b\u00e9l szerepe az allergi\u00e1s t\u00fcnetek kezel\u00e9s\u00e9ben - OMNi-BiOTiC","og:desc":"Allergia kezel\u00e9si m\u00f3dszerek. A b\u00e9lrendszer\u00fcnk fontos szerepet j\u00e1tszik az allergi\u00e1s t\u00fcnetek lek\u00fczd\u00e9s\u00e9ben. De mi a b\u00e9lrendszer funkci\u00f3ja?","og:url":"https:\/\/www.omni-biotic.com\/hu-hu\/blog\/a-bel-szerepe-az-allergia-kezeleseben\/","og:locale":"hu_HU","og:image":"https:\/\/www.omni-biotic.com\/hu-hu\/wp-content\/uploads\/sites\/7\/2022\/08\/allergia_pollen.png","og:image:width":"1024","og:image:height":"606"},"additional_data":{"thumbnail":"https:\/\/www.omni-biotic.com\/hu-hu\/wp-content\/uploads\/sites\/7\/2022\/08\/allergia_pollen.png"},"blog_info":{"country":"hu-hu"},"_links":{"self":[{"href":"https:\/\/www.omni-biotic.com\/hu-hu\/wp-json\/wp\/v2\/posts\/16207","targetHints":{"allow":["GET"]}}],"collection":[{"href":"https:\/\/www.omni-biotic.com\/hu-hu\/wp-json\/wp\/v2\/posts"}],"about":[{"href":"https:\/\/www.omni-biotic.com\/hu-hu\/wp-json\/wp\/v2\/types\/post"}],"author":[{"embeddable":true,"href":"https:\/\/www.omni-biotic.com\/hu-hu\/wp-json\/wp\/v2\/users\/2"}],"replies":[{"embeddable":true,"href":"https:\/\/www.omni-biotic.com\/hu-hu\/wp-json\/wp\/v2\/comments?post=16207"}],"version-history":[{"count":7,"href":"https:\/\/www.omni-biotic.com\/hu-hu\/wp-json\/wp\/v2\/posts\/16207\/revisions"}],"predecessor-version":[{"id":21117,"href":"https:\/\/www.omni-biotic.com\/hu-hu\/wp-json\/wp\/v2\/posts\/16207\/revisions\/21117"}],"wp:featuredmedia":[{"embeddable":true,"href":"https:\/\/www.omni-biotic.com\/hu-hu\/wp-json\/wp\/v2\/media\/21106"}],"wp:attachment":[{"href":"https:\/\/www.omni-biotic.com\/hu-hu\/wp-json\/wp\/v2\/media?parent=16207"}],"wp:term":[{"taxonomy":"category","embeddable":true,"href":"https:\/\/www.omni-biotic.com\/hu-hu\/wp-json\/wp\/v2\/categories?post=16207"},{"taxonomy":"post_tag","embeddable":true,"href":"https:\/\/www.omni-biotic.com\/hu-hu\/wp-json\/wp\/v2\/tags?post=16207"}],"curies":[{"name":"wp","href":"https:\/\/api.w.org\/{rel}","templated":true}]}}