{"id":16214,"date":"2022-06-09T12:29:11Z","date_gmt":"2022-06-09T10:29:11Z","guid":{"rendered":"https:\/\/www.omni-biotic.com\/hu-hu\/harom-honapos-kolika-mi-segit-siro-hasfajos-baban\/"},"modified":"2024-02-27T12:55:15Z","modified_gmt":"2024-02-27T11:55:15Z","slug":"harom-honapos-kolika-mi-segit-siro-hasfajos-baban","status":"publish","type":"post","link":"https:\/\/www.omni-biotic.com\/hu-hu\/blog\/harom-honapos-kolika-mi-segit-siro-hasfajos-baban\/","title":{"rendered":"K\u00f3lika \u2013 Mit kell tudni a csecsem\u0151kori hasf\u00e1j\u00e1sr\u00f3l?"},"content":{"rendered":"\t\t<div data-elementor-type=\"wp-post\" data-elementor-id=\"16214\" class=\"elementor elementor-16214\" data-elementor-post-type=\"post\">\n\t\t\t\t<div class=\"elementor-element elementor-element-7105872 obcs none e-flex e-con-boxed e-con e-parent\" data-id=\"7105872\" data-element_type=\"container\">\n\t\t\t\t\t<div class=\"e-con-inner\">\n\t\t\t\t<div class=\"elementor-element elementor-element-2a61b69 elementor-widget elementor-widget-text-editor\" data-id=\"2a61b69\" data-element_type=\"widget\" data-widget_type=\"text-editor.default\">\n\t\t\t\t<div class=\"elementor-widget-container\">\n\t\t\t\t\t\t\t\t\t<p><span style=\"color: #b6185c\"><em>Hogyan nyilv\u00e1nul meg a k\u00f3lika, \u00e9s miben k\u00fcl\u00f6nb\u00f6znek ezek a f\u00e1jdalomrohamok a szok\u00e1sos s\u00edr\u00e1st\u00f3l? Mit tehetek, hogy seg\u00edtsek a bab\u00e1mon?<\/em><\/span><\/p>\t\t\t\t\t\t\t\t<\/div>\n\t\t\t\t<\/div>\n\t\t\t\t\t<\/div>\n\t\t\t\t<\/div>\n\t\t<div class=\"elementor-element elementor-element-5d134d9 obcs none e-flex e-con-boxed e-con e-parent\" data-id=\"5d134d9\" data-element_type=\"container\">\n\t\t\t\t\t<div class=\"e-con-inner\">\n\t\t\t\t<div class=\"elementor-element elementor-element-d04ecad elementor-widget elementor-widget-text-editor\" data-id=\"d04ecad\" data-element_type=\"widget\" data-widget_type=\"text-editor.default\">\n\t\t\t\t<div class=\"elementor-widget-container\">\n\t\t\t\t\t\t\t\t\t<p>A k\u00f3lika kifejez\u00e9ssel illetik azt a <strong>puffad\u00e1st<\/strong>, amely a sz\u00fclet\u00e9s ut\u00e1ni els\u0151<strong> 14 h\u00e9ten jelentkezik<\/strong>, \u00e9s intenz\u00edv <strong>s\u00edr\u00e1si rohamokat<\/strong> okoz. A sz\u00fcl\u0151k \u00f3r\u00e1kon \u00e1t ringatj\u00e1k gyermek\u00fcket, sokszor tan\u00e1cstalanok \u00e9s a legsz\u00edvesebben egy\u00fctt s\u00edrn\u00e1nak vel\u00fck. A f\u00e1jdalommal s\u00fajtott kicsiket neh\u00e9z megnyugtatni, nagy sz\u00fcks\u00e9g\u00fck van sz\u00fcleik jelenl\u00e9t\u00e9re.<\/p>\t\t\t\t\t\t\t\t<\/div>\n\t\t\t\t<\/div>\n\t\t\t\t<div class=\"elementor-element elementor-element-aaea6ab elementor-widget elementor-widget-image\" data-id=\"aaea6ab\" data-element_type=\"widget\" data-widget_type=\"image.default\">\n\t\t\t\t<div class=\"elementor-widget-container\">\n\t\t\t\t\t\t\t\t\t\t\t\t\t\t\t<img fetchpriority=\"high\" decoding=\"async\" width=\"800\" height=\"484\" src=\"https:\/\/www.omni-biotic.com\/hu-hu\/wp-content\/uploads\/sites\/7\/2022\/06\/kolika_kezelese.png\" class=\"attachment-large size-large wp-image-21276\" alt=\"k\u00f3lika, csecsem\u0151kori hasf\u00e1j\u00e1s, k\u00f3lik\u00e1s, kolika baba, kolika hasfajas, probiotikum gyerekeknek, baba probiotikum\" srcset=\"https:\/\/www.omni-biotic.com\/hu-hu\/wp-content\/uploads\/sites\/7\/2022\/06\/kolika_kezelese.png 1024w, https:\/\/www.omni-biotic.com\/hu-hu\/wp-content\/uploads\/sites\/7\/2022\/06\/kolika_kezelese-300x181.png 300w, https:\/\/www.omni-biotic.com\/hu-hu\/wp-content\/uploads\/sites\/7\/2022\/06\/kolika_kezelese-768x464.png 768w\" sizes=\"(max-width: 800px) 100vw, 800px\" title=\"\">\t\t\t\t\t\t\t\t\t\t\t\t\t\t\t<\/div>\n\t\t\t\t<\/div>\n\t\t\t\t\t<\/div>\n\t\t\t\t<\/div>\n\t\t<div class=\"elementor-element elementor-element-2ace8b4 obcs none e-flex e-con-boxed e-con e-parent\" data-id=\"2ace8b4\" data-element_type=\"container\">\n\t\t\t\t\t<div class=\"e-con-inner\">\n\t\t\t\t<div class=\"elementor-element elementor-element-4c599d9 elementor-widget elementor-widget-heading\" data-id=\"4c599d9\" data-element_type=\"widget\" data-widget_type=\"heading.default\">\n\t\t\t\t<div class=\"elementor-widget-container\">\n\t\t\t\t\t<h2 class=\"elementor-heading-title elementor-size-default\">A k\u00f3lika felismer\u00e9se<\/h2>\t\t\t\t<\/div>\n\t\t\t\t<\/div>\n\t\t\t\t\t<\/div>\n\t\t\t\t<\/div>\n\t\t<div class=\"elementor-element elementor-element-2e747d9 obcs none e-flex e-con-boxed e-con e-parent\" data-id=\"2e747d9\" data-element_type=\"container\">\n\t\t\t\t\t<div class=\"e-con-inner\">\n\t\t\t\t<div class=\"elementor-element elementor-element-3b78e2e elementor-widget elementor-widget-text-editor\" data-id=\"3b78e2e\" data-element_type=\"widget\" data-widget_type=\"text-editor.default\">\n\t\t\t\t<div class=\"elementor-widget-container\">\n\t\t\t\t\t\t\t\t\t<p>A k\u00f3lika igen f\u00e1jdalmas a bab\u00e1k sz\u00e1m\u00e1ra. Fontos megk\u00fcl\u00f6nb\u00f6ztetni \u0151ket a csecsem\u0151kre jellemz\u0151 \u00e1rtalmatlan s\u00edr\u00e1st\u00f3l, melyek \u00e1ltal\u00e1ban este 5 \u00e9s 20 \u00f3ra k\u00f6z\u00f6tt kezd\u0151dnek. A kicsiket neh\u00e9z megnyugtatni, a szoptat\u00e1s \u00e9s a meleg f\u00fcrd\u0151 is csak r\u00f6vid ideig hat. Ha a baba azonban igazi k\u00f3lik\u00e1ban szenved, k\u00f6nnyen felismerhet\u0151, hogy nincs j\u00f3l.<\/p><p>A feje kipirosodhat, az arcb\u0151re rendk\u00edv\u00fcl s\u00e1padt lehet, valamint izzads\u00e1gcseppek is lehetnek a szeme k\u00f6z\u00f6tt, illetve a homlok\u00e1n. A hasa <strong>puffadt<\/strong> \u00e9s <strong>kem\u00e9ny<\/strong> \u2013 az orvosok ezt az \u00e1llapotot \u201e<strong>dob hasnak<\/strong>\u201d nevezik. A klasszikus k\u00f3lik\u00e1hoz hozz\u00e1tartoznak a \u201er\u00e1ngat\u00f3z\u00f3 mozg\u00e1sok\u201d, melyek a nap sor\u00e1n a nyugalmi id\u0151szakokkal felv\u00e1ltva jelentkeznek.<\/p>\t\t\t\t\t\t\t\t<\/div>\n\t\t\t\t<\/div>\n\t\t\t\t\t<\/div>\n\t\t\t\t<\/div>\n\t\t<div class=\"elementor-element elementor-element-237ddb0 obcs none e-flex e-con-boxed e-con e-parent\" data-id=\"237ddb0\" data-element_type=\"container\">\n\t\t\t\t\t<div class=\"e-con-inner\">\n\t\t\t\t<div class=\"elementor-element elementor-element-09eb246 elementor-widget elementor-widget-infobox\" data-id=\"09eb246\" data-element_type=\"widget\" data-widget_type=\"infobox.default\">\n\t\t\t\t<div class=\"elementor-widget-container\">\n\t\t\t\t\t\n<div class=\"li-widgets--infobox yellow highlights-always-magenta\">\n\n    <div class=\"li-widgets--infobox__icon\">\n        <i aria-hidden=\"true\" class=\"fas fa-quote-right\"><\/i>    <\/div>\n    <div class=\"li-widgets--infobox__text\">\n        A k\u00f3lika igen f\u00e1jdalmas a bab\u00e1k sz\u00e1m\u00e1ra. Fontos megk\u00fcl\u00f6nb\u00f6ztetni \u0151ket a csecsem\u0151kre jellemz\u0151 \u00e1rtalmatlan s\u00edr\u00e1st\u00f3l.    <\/div>\n    <div class=\"li-widgets--infobox__text-body\">\n            <\/div>\n\n    \n<\/div>\n\t\t\t\t<\/div>\n\t\t\t\t<\/div>\n\t\t\t\t\t<\/div>\n\t\t\t\t<\/div>\n\t\t<div class=\"elementor-element elementor-element-bb1c7fb obcs none e-flex e-con-boxed e-con e-parent\" data-id=\"bb1c7fb\" data-element_type=\"container\">\n\t\t\t\t\t<div class=\"e-con-inner\">\n\t\t\t\t<div class=\"elementor-element elementor-element-447a6a1 elementor-widget elementor-widget-heading\" data-id=\"447a6a1\" data-element_type=\"widget\" data-widget_type=\"heading.default\">\n\t\t\t\t<div class=\"elementor-widget-container\">\n\t\t\t\t\t<h2 class=\"elementor-heading-title elementor-size-default\">Mi seg\u00edt a k\u00f3lika eset\u00e9n?<\/h2>\t\t\t\t<\/div>\n\t\t\t\t<\/div>\n\t\t\t\t\t<\/div>\n\t\t\t\t<\/div>\n\t\t<div class=\"elementor-element elementor-element-1c1462e obcs none e-flex e-con-boxed e-con e-parent\" data-id=\"1c1462e\" data-element_type=\"container\">\n\t\t\t\t\t<div class=\"e-con-inner\">\n\t\t\t\t<div class=\"elementor-element elementor-element-24e1516 elementor-widget elementor-widget-text-editor\" data-id=\"24e1516\" data-element_type=\"widget\" data-widget_type=\"text-editor.default\">\n\t\t\t\t<div class=\"elementor-widget-container\">\n\t\t\t\t\t\t\t\t\t<p>Az igazi k\u00f3lika eset\u00e9ben \u00fagy t\u0171nhet, senki \u00e9s semmi nem tud enyh\u00fcl\u00e9st hozni a bab\u00e1nak. A ringat\u00e1s, a simogat\u00e1s sem seg\u00edt sokat. Pr\u00f3b\u00e1ld meg \u00fagy tartani a csecsem\u0151t, hogy a <strong>hasizmai ellazuljanak<\/strong>, pl. tartsd a v\u00e1lladon, enyh\u00e9n l\u00f3g\u00f3 fejjel \u00e9s szabadon mozg\u00f3 l\u00e1bakkal, picit g\u00f6rbe h\u00e1ttal. A <strong>rep\u00fcl\u0151 tart\u00e1s<\/strong> szint\u00e9n bev\u00e1lt m\u00f3dszer: ehhez a bab\u00e1t hason fekv\u0151 helyzetbe kell fektetni az egyik alkaron, t\u00e1maszd meg a fej\u00e9t a kezeddel, \u00e9s tartsd szorosan a testedhez.<\/p><p>A <strong>rendszeres szoptat\u00e1s<\/strong>, azaz a h\u00e1rom \u00f3r\u00e1nk\u00e9nti etet\u00e9s betart\u00e1sa seg\u00edthet a megel\u0151z\u00e9sben. Hogy mi\u00e9rt? K\u00f6r\u00fclbel\u00fcl ennyi id\u0151be telik, am\u00edg az <strong>anyatej<\/strong> teljesen megem\u00e9szt\u0151dik. Kellemetlens\u00e9get okozhat minden friss korty, melyet a baba az em\u00e9szt\u00e9si folyamat k\u00f6zben fogyaszt. A szoptat\u00e1s l\u00e9gk\u00f6re is nagyon fontos. Gy\u0151z\u0151dj meg arr\u00f3l, hogy nyugodt k\u00f6rnyezetben van, a t\u00fal sok <a href=\"https:\/\/www.omni-biotic.com\/hu-hu\/blog\/emesztesi-panasz-gyerekeknel\/\"><strong>stressz<\/strong> <\/a>ugyanis szab\u00e1lytalan l\u00e9gz\u00e9st okoz iv\u00e1s k\u00f6zben, \u00e9s ez\u00e1ltal fokozza a leveg\u0151 nyel\u00e9s\u00e9t. Az <strong>\u00e9desk\u00f6m\u00e9ny<\/strong> tea a <a href=\"https:\/\/www.omni-biotic.com\/hu-hu\/belpanaszok\/haspuffadas\/\"><strong>puffad\u00e1s<\/strong> <\/a>ellen is nagyon j\u00f3 hat\u00e1ssal van.<\/p>\t\t\t\t\t\t\t\t<\/div>\n\t\t\t\t<\/div>\n\t\t\t\t\t<\/div>\n\t\t\t\t<\/div>\n\t\t<div class=\"elementor-element elementor-element-b3008a3 obcs none e-flex e-con-boxed e-con e-parent\" data-id=\"b3008a3\" data-element_type=\"container\">\n\t\t\t\t\t<div class=\"e-con-inner\">\n\t\t\t\t<div class=\"elementor-element elementor-element-5deec09 elementor-widget elementor-widget-text-editor\" data-id=\"5deec09\" data-element_type=\"widget\" data-widget_type=\"text-editor.default\">\n\t\t\t\t<div class=\"elementor-widget-container\">\n\t\t\t\t\t\t\t\t\t<p>Ha \u00e9szreveszed, hogy gyermekednek f\u00e1jdalmai vannak, pr\u00f3b\u00e1ld megvigasztalni a kicsit. Sok csecsem\u0151 sz\u00e1m\u00e1ra a gyeng\u00e9d <strong>gyomormassz\u00e1zs<\/strong> is el\u0151ny\u00f6s. Az anya meleg keze vagy egy forr\u00f3 vizes palack seg\u00edthet a bab\u00e1nak egy kicsit megnyugodni. Az anya sz\u00e1m\u00e1ra em\u00e9szt\u00e9si <strong>probl\u00e9m\u00e1kat okoz\u00f3 \u00e9telek ker\u00fcl\u00e9se<\/strong> szint\u00e9n seg\u00edt a csecsem\u0151k g\u00e1zmentes\u00edt\u00e9s\u00e9ben.<\/p><p>Ha szoptat\u00f3 anyak\u00e9nt te is <a href=\"https:\/\/www.omni-biotic.com\/hu\/blog\/has-puffadas-es-ami-valoban-segit\/\"><strong>g\u00e1zk\u00e9pz\u0151d\u00e9st<\/strong><\/a> tapasztalsz, pl. ha teh\u00e9ntejet vagy \u00e9leszt\u0151vel k\u00e9sz\u00fclt term\u00e9keket fogyaszt, akkor t\u00f6bb mint val\u00f3sz\u00edn\u0171, hogy az \u00fajsz\u00fcl\u00f6tt is hasonl\u00f3 m\u00f3don reag\u00e1l az eml\u00edtett \u00e9lelmiszerekre. A mott\u00f3hoz h\u0171en: Ha te j\u00f3l vagy, a bab\u00e1d is j\u00f3l van! Amint egy friss tanulm\u00e1ny kimutatta, speci\u00e1lis <a href=\"https:\/\/www.omni-biotic.com\/hu-hu\/a-belrendszer-egeszsege\/a-bel-az-egeszseg-kozpontja\/probiotikum\/\"><strong>probiotikumok<\/strong> <\/a>szed\u00e9se megel\u0151zheti a k\u00f3lik\u00e1t!<\/p>\t\t\t\t\t\t\t\t<\/div>\n\t\t\t\t<\/div>\n\t\t\t\t\t<\/div>\n\t\t\t\t<\/div>\n\t\t<div class=\"elementor-element elementor-element-c63a29f obcs none e-flex e-con-boxed e-con e-parent\" data-id=\"c63a29f\" data-element_type=\"container\">\n\t\t\t\t\t<div class=\"e-con-inner\">\n\t\t\t\t<div class=\"elementor-element elementor-element-902f6f3 elementor-widget elementor-widget-heading\" data-id=\"902f6f3\" data-element_type=\"widget\" data-widget_type=\"heading.default\">\n\t\t\t\t<div class=\"elementor-widget-container\">\n\t\t\t\t\t<h2 class=\"elementor-heading-title elementor-size-default\">Hogyan ker\u00fcl a leveg\u0151 a baba pocakj\u00e1ba?<\/h2>\t\t\t\t<\/div>\n\t\t\t\t<\/div>\n\t\t\t\t<div class=\"elementor-element elementor-element-ccee404 elementor-widget elementor-widget-image\" data-id=\"ccee404\" data-element_type=\"widget\" data-widget_type=\"image.default\">\n\t\t\t\t<div class=\"elementor-widget-container\">\n\t\t\t\t\t\t\t\t\t\t\t\t\t\t\t<img decoding=\"async\" width=\"800\" height=\"525\" src=\"https:\/\/www.omni-biotic.com\/hu-hu\/wp-content\/uploads\/sites\/7\/2022\/06\/kolika_ellen_hasfajas.png\" class=\"attachment-large size-large wp-image-21269\" alt=\"k\u00f3lika, csecsem\u0151kori hasf\u00e1j\u00e1s, k\u00f3lik\u00e1s, kolika baba, kolika hasfajas, probiotikum gyerekeknek, baba probiotikum\" srcset=\"https:\/\/www.omni-biotic.com\/hu-hu\/wp-content\/uploads\/sites\/7\/2022\/06\/kolika_ellen_hasfajas.png 1024w, https:\/\/www.omni-biotic.com\/hu-hu\/wp-content\/uploads\/sites\/7\/2022\/06\/kolika_ellen_hasfajas-300x197.png 300w, https:\/\/www.omni-biotic.com\/hu-hu\/wp-content\/uploads\/sites\/7\/2022\/06\/kolika_ellen_hasfajas-768x504.png 768w\" sizes=\"(max-width: 800px) 100vw, 800px\" title=\"\">\t\t\t\t\t\t\t\t\t\t\t\t\t\t\t<\/div>\n\t\t\t\t<\/div>\n\t\t\t\t\t<\/div>\n\t\t\t\t<\/div>\n\t\t<div class=\"elementor-element elementor-element-b31bdfd obcs none e-flex e-con-boxed e-con e-parent\" data-id=\"b31bdfd\" data-element_type=\"container\">\n\t\t\t\t\t<div class=\"e-con-inner\">\n\t\t\t\t<div class=\"elementor-element elementor-element-f014da6 elementor-widget elementor-widget-text-editor\" data-id=\"f014da6\" data-element_type=\"widget\" data-widget_type=\"text-editor.default\">\n\t\t\t\t<div class=\"elementor-widget-container\">\n\t\t\t\t\t\t\t\t\t<p>A belekben \u00e9l\u0151 bakt\u00e9riumok, az em\u00e9szt\u00e9s sor\u00e1n <strong>g\u00e1zokat<\/strong> termelnek. Ilyenek p\u00e9ld\u00e1ul a met\u00e1n, a sz\u00e9n-dioxid, a hidrog\u00e9n, a nitrog\u00e9n \u00e9s az oxig\u00e9n. Kis mennyis\u00e9gben ezek egy\u00e1ltal\u00e1n nem vesz\u00e9lyesek sz\u00e1munkra. A legrosszabb esetben hagyniuk kell a <strong>b\u00e9lszeleket t\u00e1vozni<\/strong>, \u00e9s helyre\u00e1ll az egyens\u00faly a <a href=\"https:\/\/www.omni-biotic.com\/hu-hu\/a-belrendszer-egeszsege\/\"><strong>gyomor-b\u00e9l traktusban<\/strong><\/a>. De a bab\u00e1kn\u00e1l ez bonyolultabb.<\/p><p>A csecsem\u0151 pocakja m\u00e9g <strong>\u00e9retlen<\/strong>, ez\u00e9rt \u00fajra \u00e9s \u00fajra alkalmazkodnia kell. El\u0151sz\u00f6r a k\u00f6ld\u00f6kzsin\u00f3ron kereszt\u00fcl t\u00f6rt\u00e9n\u0151 t\u00e1pl\u00e1l\u00e1s, majd az <strong>anyatej<\/strong> vagy b\u00e9bi\u00e9tel, ezut\u00e1n pedig a szil\u00e1rd t\u00e1pl\u00e1l\u00e9k. Ez t\u00falterhelheti a gyomorban l\u00e9v\u0151 b\u00e9lbakt\u00e9riumokat, melyek ennek hat\u00e1s\u00e1ra a szok\u00e1sosn\u00e1l t\u00f6bb g\u00e1zt termelhetnek. Ez okozza az olyan tipikus t\u00fcneteket is, mint a <strong>ny\u00f6gd\u00e9csel\u00e9s, hascsikar\u00e1s<\/strong>. Az els\u0151 h\u00e1rom-\u00f6t h\u00f3napban nem ritka az \u00e9retlen em\u00e9szt\u0151rendszer miatt jelentkez\u0151 puffad\u00e1s.<\/p>\t\t\t\t\t\t\t\t<\/div>\n\t\t\t\t<\/div>\n\t\t\t\t\t<\/div>\n\t\t\t\t<\/div>\n\t\t<div class=\"elementor-element elementor-element-a5d9644 obcs none e-flex e-con-boxed e-con e-parent\" data-id=\"a5d9644\" data-element_type=\"container\">\n\t\t\t\t\t<div class=\"e-con-inner\">\n\t\t\t\t<div class=\"elementor-element elementor-element-6659e5f elementor-widget elementor-widget-heading\" data-id=\"6659e5f\" data-element_type=\"widget\" data-widget_type=\"heading.default\">\n\t\t\t\t<div class=\"elementor-widget-container\">\n\t\t\t\t\t<h2 class=\"elementor-heading-title elementor-size-default\">A baba b\u00e9lfl\u00f3r\u00e1ja<\/h2>\t\t\t\t<\/div>\n\t\t\t\t<\/div>\n\t\t\t\t\t<\/div>\n\t\t\t\t<\/div>\n\t\t<div class=\"elementor-element elementor-element-9130ab9 obcs none e-flex e-con-boxed e-con e-parent\" data-id=\"9130ab9\" data-element_type=\"container\">\n\t\t\t\t\t<div class=\"e-con-inner\">\n\t\t\t\t<div class=\"elementor-element elementor-element-f9a00bf elementor-widget elementor-widget-text-editor\" data-id=\"f9a00bf\" data-element_type=\"widget\" data-widget_type=\"text-editor.default\">\n\t\t\t\t<div class=\"elementor-widget-container\">\n\t\t\t\t\t\t\t\t\t<p>A <strong>b\u00e9l<\/strong> megfelel\u0151 <a href=\"https:\/\/shop.omni-biotic.com\/hu-hu\/products\/omni-biotic-panda-int-99108\"><strong>bakt\u00e9riumokkal<\/strong> <\/a>t\u00f6rt\u00e9n\u0151 <strong>ben\u00e9pes\u00edt\u00e9se<\/strong> a gyermek em\u00e9szt\u00e9s\u00e9ben \u00e9s a t\u00e1panyagok felsz\u00edv\u00f3d\u00e1s\u00e1ban is k\u00f6zponti szerepet j\u00e1tszik. A klinikai vizsg\u00e1latok azt mutatj\u00e1k, hogy a csecsem\u0151k pocakja a megfelel\u0151 <strong>probiotikus bakt\u00e9riumok<\/strong> bevitele \u00e1ltal fontos t\u00e1mogat\u00e1st kap: K\u00f6r\u00fclbel\u00fcl minden harmadik gyermek szenved a k\u00f3lik\u00e1t\u00f3l, mely nemcsak az \u00fajsz\u00fcl\u00f6tt sz\u00e1m\u00e1ra f\u00e1jdalmas \u00e9s kimer\u00edt\u0151, hanem a sz\u00fcl\u0151k idegrendszer\u00e9re is hatalmas terhet r\u00f3.<\/p><p>Egy tanulm\u00e1ny kimutatta, hogy speci\u00e1lis <strong>probiotikus bakt\u00e9riumok bevitel\u00e9vel<\/strong> a csecsem\u0151k<strong> 82%-\u00e1n\u00e1l<\/strong> egy\u00e9rtelm\u0171en javulhat a k\u00f3lika. A v\u00e1rand\u00f3s anya em\u00e9szt\u00e9se is felborul a terhess\u00e9g alatt: a <strong>hormon\u00e1lis v\u00e1ltoz\u00e1sok<\/strong> \u00e9s a gyermek n\u00f6vekv\u0151 m\u00e9rete gyakran olyan t\u00fcneteket okoz, mint a <a href=\"https:\/\/www.omni-biotic.com\/hu-hu\/blog\/gyomoreges-a-terhesseg-alatt\/\"><strong>gyomor\u00e9g\u00e9s<\/strong><\/a>, <strong><a href=\"https:\/\/www.omni-biotic.com\/hu\/szekrekedes\/\">sz\u00e9kreked\u00e9s<\/a>, <a href=\"https:\/\/www.omni-biotic.com\/hu\/blog\/has-puffadas-es-ami-valoban-segit\/\">puffad\u00e1s<\/a><\/strong> vagy gyomorhurut \u2013 ezek ronthatj\u00e1k a <a href=\"https:\/\/www.omni-biotic.com\/hu-hu\/a-belrendszer-egeszsege\/a-bel-hataskore\/terhesseg-szoptatas\/\"><strong>terhess\u00e9g \u00f6r\u00f6m\u00e9t<\/strong><\/a>. A term\u00e9szet szel\u00edd seg\u00edts\u00e9g\u00e9vel, pl. a <strong>papaya gy\u00fcm\u00f6lccsel<\/strong> vagy a <strong>zab<\/strong> \u00e9s a papaya kombin\u00e1ci\u00f3j\u00e1val finoman szab\u00e1lyozhat\u00f3 az anya em\u00e9szt\u00e9se.<\/p>\t\t\t\t\t\t\t\t<\/div>\n\t\t\t\t<\/div>\n\t\t\t\t\t<\/div>\n\t\t\t\t<\/div>\n\t\t\t\t<\/div>\n\t\t","protected":false},"excerpt":{"rendered":"<p>Hogyan nyilv\u00e1nul meg a k\u00f3lika, \u00e9s miben k\u00fcl\u00f6nb\u00f6znek ezek a f\u00e1jdalomrohamok a szok\u00e1sos s\u00edr\u00e1st\u00f3l? Mit tehetek, hogy seg\u00edtsek a bab\u00e1mon? A k\u00f3lika kifejez\u00e9ssel illetik azt a puffad\u00e1st, amely a sz\u00fclet\u00e9s ut\u00e1ni els\u0151 14 h\u00e9ten jelentkezik, \u00e9s intenz\u00edv s\u00edr\u00e1si rohamokat okoz. A sz\u00fcl\u0151k \u00f3r\u00e1kon \u00e1t ringatj\u00e1k gyermek\u00fcket, sokszor tan\u00e1cstalanok \u00e9s a legsz\u00edvesebben egy\u00fctt s\u00edrn\u00e1nak vel\u00fck. A [&hellip;]<\/p>\n","protected":false},"author":2,"featured_media":21269,"comment_status":"closed","ping_status":"closed","sticky":false,"template":"","format":"standard","meta":{"_acf_changed":false,"inline_featured_image":false,"footnotes":""},"categories":[113],"tags":[],"class_list":["post-16214","post","type-post","status-publish","format-standard","has-post-thumbnail","hentry","category-anya-gyermek"],"acf":[],"rank_math":{"og:title":"K\u00f3lika \u2013 Mit kell tudni a csecsem\u0151kori hasf\u00e1j\u00e1sr\u00f3l?","og:desc":"A k\u00f3lika olyan puffad\u00e1s, amely a csecsem\u0151kn\u00e9l az \u00e9let els\u0151 14 het\u00e9ben jelentkezik, \u00e9s nagyon f\u00e1jdalmas. Probiotikumok seg\u00edthetnek!","og:url":"https:\/\/www.omni-biotic.com\/hu-hu\/blog\/harom-honapos-kolika-mi-segit-siro-hasfajos-baban\/","og:locale":"hu_HU","og:image":"https:\/\/www.omni-biotic.com\/hu-hu\/wp-content\/uploads\/sites\/7\/2022\/06\/kolika_ellen_hasfajas.png","og:image:width":"1024","og:image:height":"672"},"additional_data":{"thumbnail":"https:\/\/www.omni-biotic.com\/hu-hu\/wp-content\/uploads\/sites\/7\/2022\/06\/kolika_ellen_hasfajas.png"},"blog_info":{"country":"hu-hu"},"_links":{"self":[{"href":"https:\/\/www.omni-biotic.com\/hu-hu\/wp-json\/wp\/v2\/posts\/16214","targetHints":{"allow":["GET"]}}],"collection":[{"href":"https:\/\/www.omni-biotic.com\/hu-hu\/wp-json\/wp\/v2\/posts"}],"about":[{"href":"https:\/\/www.omni-biotic.com\/hu-hu\/wp-json\/wp\/v2\/types\/post"}],"author":[{"embeddable":true,"href":"https:\/\/www.omni-biotic.com\/hu-hu\/wp-json\/wp\/v2\/users\/2"}],"replies":[{"embeddable":true,"href":"https:\/\/www.omni-biotic.com\/hu-hu\/wp-json\/wp\/v2\/comments?post=16214"}],"version-history":[{"count":7,"href":"https:\/\/www.omni-biotic.com\/hu-hu\/wp-json\/wp\/v2\/posts\/16214\/revisions"}],"predecessor-version":[{"id":21291,"href":"https:\/\/www.omni-biotic.com\/hu-hu\/wp-json\/wp\/v2\/posts\/16214\/revisions\/21291"}],"wp:featuredmedia":[{"embeddable":true,"href":"https:\/\/www.omni-biotic.com\/hu-hu\/wp-json\/wp\/v2\/media\/21269"}],"wp:attachment":[{"href":"https:\/\/www.omni-biotic.com\/hu-hu\/wp-json\/wp\/v2\/media?parent=16214"}],"wp:term":[{"taxonomy":"category","embeddable":true,"href":"https:\/\/www.omni-biotic.com\/hu-hu\/wp-json\/wp\/v2\/categories?post=16214"},{"taxonomy":"post_tag","embeddable":true,"href":"https:\/\/www.omni-biotic.com\/hu-hu\/wp-json\/wp\/v2\/tags?post=16214"}],"curies":[{"name":"wp","href":"https:\/\/api.w.org\/{rel}","templated":true}]}}