{"id":16222,"date":"2022-09-21T08:56:05Z","date_gmt":"2022-09-21T06:56:05Z","guid":{"rendered":"https:\/\/www.omni-biotic.com\/hu-hu\/igy-fokozzak-a-probiotikumok-az-agy-teljesitokepesseget\/"},"modified":"2024-02-13T10:18:49Z","modified_gmt":"2024-02-13T09:18:49Z","slug":"probiotikumok-hatasa-az-agyra","status":"publish","type":"post","link":"https:\/\/www.omni-biotic.com\/hu-hu\/blog\/probiotikumok-hatasa-az-agyra\/","title":{"rendered":"Milyen hat\u00e1sa van a probiotikumoknak az agy teljes\u00edtm\u00e9ny\u00e9re?"},"content":{"rendered":"\t\t<div data-elementor-type=\"wp-post\" data-elementor-id=\"16222\" class=\"elementor elementor-16222\" data-elementor-post-type=\"post\">\n\t\t\t\t<div class=\"elementor-element elementor-element-6d08a7b obcs none e-flex e-con-boxed e-con e-parent\" data-id=\"6d08a7b\" data-element_type=\"container\">\n\t\t\t\t\t<div class=\"e-con-inner\">\n\t\t\t\t<div class=\"elementor-element elementor-element-2ed3d1a elementor-widget elementor-widget-text-editor\" data-id=\"2ed3d1a\" data-element_type=\"widget\" data-widget_type=\"text-editor.default\">\n\t\t\t\t<div class=\"elementor-widget-container\">\n\t\t\t\t\t\t\t\t\t<p class=\"bodytext\"><span style=\"color: #800080\"><i class=\"text-primary\">A <a href=\"https:\/\/www.omni-biotic.com\/hu-hu\/a-belrendszer-egeszsege\/bel-az-egeszseg-kozpontja\/bel-agy-tengely\/\">b\u00e9l-agy tengely<\/a> egyre ink\u00e1bb a tudom\u00e1nyos \u00e9rdekl\u0151d\u00e9s k\u00f6z\u00e9ppontj\u00e1ba ker\u00fcl: az agy \u00e9s az em\u00e9szt\u0151rendszer k\u00f6z\u00f6tt folyamatos biok\u00e9miai \u00e9s idegi inform\u00e1ci\u00f3csere zajlik, ami sokf\u00e9lek\u00e9ppen hat r\u00e1nk. A jelenlegi tanulm\u00e1nyok meggy\u0151z\u0151en bizony\u00edtj\u00e1k, hogy az agy sz\u00e1mos k\u00fcl\u00f6nb\u00f6z\u0151 funkci\u00f3ja er\u0151s\u00edthet\u0151 a tudom\u00e1nyosan \u00f6ssze\u00e1ll\u00edtott, t\u00f6bbt\u00f6rzs\u0171 <a href=\"https:\/\/www.omni-biotic.com\/hu-hu\/a-belrendszer-egeszsege\/bel-az-egeszseg-kozpontja\/probiotikum\/\"><strong>probiotikumok<\/strong> <\/a>seg\u00edts\u00e9g\u00e9vel.<\/i><\/span><\/p><p class=\"bodytext\">A b\u00e9l \u00e9s az agy k\u00f6z\u00f6tti kommunik\u00e1ci\u00f3 k\u00fcl\u00f6nb\u00f6z\u0151 csatorn\u00e1kon zajlik, p\u00e9ld\u00e1ul <strong><a href=\"https:\/\/www.omni-biotic.com\/hu-hu\/a-belrendszer-egeszsege\/bel-az-egeszseg-kozpontja\/belmikrobiom\/\">b\u00e9lmikrob\u00e1kon<\/a>, <a href=\"https:\/\/www.omni-biotic.com\/hu-hu\/blog\/belbakteriumok-es-hormonok\/\">hormonokon<\/a><\/strong>, h\u00edrviv\u0151 anyagokon vagy \u00e9rz\u00e9kel\u0151 neuronokon kereszt\u00fcl. A b\u00e9l-agy tengelyen kereszt\u00fcl az em\u00e9szt\u0151rendszer nemcsak az \u00e9hs\u00e9get \u00e9s az \u00e9tv\u00e1gyat szab\u00e1lyozza, hanem befoly\u00e1solja a <strong><a href=\"https:\/\/www.omni-biotic.com\/hu-hu\/blog\/hogyan-lehet-hatni-az-ujszulott-hangulatara\/\">hangulatot<\/a><\/strong>, az <strong><a href=\"https:\/\/www.omni-biotic.com\/hu-hu\/a-belrendszer-egeszsege\/a-bel-hataskore\/stressz-emesztes-depresszio\/\">\u00e9rzelmeket<\/a><\/strong> \u00e9s a kognit\u00edv folyamatokat is. Ez\u00e9rt gyakran el\u0151fordul, hogy ha a k\u00e9t szerv k\u00f6z\u00fcl az egyikben probl\u00e9ma van, a m\u00e1sik is s\u00falyosan megs\u00ednyli azt. B\u00e1r a pontos m\u00f6g\u00f6ttes molekul\u00e1ris mechanizmus m\u00e9g mindig nem teljesen tiszt\u00e1zott, kimutatt\u00e1k, hogy a b\u00e9lbakt\u00e9riumok ir\u00e1ny\u00edtj\u00e1k az <a href=\"https:\/\/www.omni-biotic.com\/hu-hu\/blog\/pszichobiotikum-mentalis-egeszseg\/\">\u00e9rzelmi<\/a> viselked\u00e9st, a kognit\u00edv d\u00f6nt\u00e9shozatali folyamatokat, de a f\u00e1jdalom\u00e9rz\u00e9kel\u00e9st \u00e9s a <strong><a href=\"https:\/\/www.omni-biotic.com\/hu-hu\/blog\/a-stressz-mellekhatasai\/\">stressz\u00e9rz\u00e9kenys\u00e9get<\/a><\/strong> is.<\/p><p class=\"bodytext\">A b\u00e9lmikrobiom \u00e9s a viselked\u00e9s k\u00f6z\u00f6tti kapcsolatra utal\u00f3 sz\u00e1mos eddigi jel csak eg\u00e9rmodellek eredm\u00e9nyein alapul. Csup\u00e1n n\u00e9h\u00e1ny vizsg\u00e1latot v\u00e9geztek embereken <i class=\"text-primary\">\u2013<\/i> de ezeket kifejezetten az <a href=\"https:\/\/www.omni-biotic.com\/hu-hu\/rolunk\/az-omni-biotic-markarol\/\">OMNi-BiOTiC\u00ae<\/a>-kal egy\u00fcttm\u0171k\u00f6dve. A k\u00f6zelm\u00faltban k\u00f6zz\u00e9tett tanulm\u00e1nyok rendk\u00edv\u00fcl pozit\u00edv \u00e9s egyben megd\u00f6bbent\u0151 eredm\u00e9nyekr\u0151l sz\u00e1molnak be.<\/p>\t\t\t\t\t\t\t\t<\/div>\n\t\t\t\t<\/div>\n\t\t\t\t<div class=\"elementor-element elementor-element-e82c120 elementor-widget elementor-widget-image\" data-id=\"e82c120\" data-element_type=\"widget\" data-widget_type=\"image.default\">\n\t\t\t\t<div class=\"elementor-widget-container\">\n\t\t\t\t\t\t\t\t\t\t\t\t\t\t\t<img fetchpriority=\"high\" decoding=\"async\" width=\"212\" height=\"300\" src=\"https:\/\/www.omni-biotic.com\/hu-hu\/wp-content\/uploads\/sites\/7\/2022\/09\/bel-maj-agy-tengely.jpg\" class=\"attachment-large size-large wp-image-19642\" alt=\"bel-agy-tengely, agy, agym\u0171k\u00f6d\u00e9s, agym\u0171k\u00f6d\u00e9s serkent\u00e9se, depresszi\u00f3, depresszi\u00f3s hangulat, depresszio, depreszi\u00f3 t\u00fcnetei, depresszi\u00f3 teszt, depresszi\u00f3 jelei, depresszi\u00f3 ellen, sz\u00fcl\u00e9s ut\u00e1ni depresszi\u00f3, s\u00falyos depresszi\u00f3 t\u00fcnetei, bipol\u00e1ris depresszi\u00f3, legjobb antidepressz\u00e1ns gy\u00f3gyszer, szorong\u00e1sos depresszi\u00f3 t\u00fcnetei\" title=\"\">\t\t\t\t\t\t\t\t\t\t\t\t\t\t\t<\/div>\n\t\t\t\t<\/div>\n\t\t<div class=\"elementor-element elementor-element-977d37c obcs none e-flex e-con-boxed e-con e-child\" data-id=\"977d37c\" data-element_type=\"container\">\n\t\t\t\t\t<div class=\"e-con-inner\">\n\t\t\t\t<div class=\"elementor-element elementor-element-a7e3501 elementor-widget elementor-widget-heading\" data-id=\"a7e3501\" data-element_type=\"widget\" data-widget_type=\"heading.default\">\n\t\t\t\t<div class=\"elementor-widget-container\">\n\t\t\t\t\t<h2 class=\"elementor-heading-title elementor-size-default\">B\u00e9l-agy tengely<\/h2>\t\t\t\t<\/div>\n\t\t\t\t<\/div>\n\t\t\t\t\t<\/div>\n\t\t\t\t<\/div>\n\t\t<div class=\"elementor-element elementor-element-3334dd9 obcs none e-flex e-con-boxed e-con e-child\" data-id=\"3334dd9\" data-element_type=\"container\">\n\t\t\t\t\t<div class=\"e-con-inner\">\n\t\t\t\t<div class=\"elementor-element elementor-element-7b38e65 elementor-widget elementor-widget-text-editor\" data-id=\"7b38e65\" data-element_type=\"widget\" data-widget_type=\"text-editor.default\">\n\t\t\t\t<div class=\"elementor-widget-container\">\n\t\t\t\t\t\t\t\t\t<p class=\"bodytext\">Sz\u00e1mos helyzetben az emberek a meg\u00e9rz\u00e9seikre hagyatkoznak, \u00e9s a racion\u00e1lis megfontol\u00e1sok helyett ink\u00e1bb <strong>intuit\u00edv d\u00f6nt\u00e9seket hoznak<\/strong>. Val\u00f3j\u00e1ban a b\u00e9lben \u00e9l\u0151 mikroorganizmusok, amelyeket kifejezetten <strong><a href=\"https:\/\/www.omni-biotic.com\/hu-hu\/a-belrendszer-egeszsege\/bel-az-egeszseg-kozpontja\/probiotikum\/\">probiotikum<\/a><\/strong> form\u00e1j\u00e1ban kapunk, nagy hat\u00e1ssal lehetnek r\u00e1nk, amint azt a Grazi Orvosi Egyetem (MedUni Graz) nemr\u00e9giben megjelent kiadv\u00e1nya t\u00e1rgyalja. Egy alapos vizsg\u00e1lat sor\u00e1n fiatal, eg\u00e9szs\u00e9ges szem\u00e9lyeket h\u00e1rom csoportra osztottak, nevezetesen a probiotikumokat szed\u0151kre, a placeb\u00f3t fogyaszt\u00f3kra \u00e9s a kontrollcsoportra.<\/p><p class=\"bodytext\">Ez ut\u00f3bbiba olyan szem\u00e9lyeket is bevontak, akik nem kaptak semmilyen k\u00e9sz\u00edtm\u00e9nyt, hogy \u00edgy az esetleges placebohat\u00e1sokat felder\u00edts\u00e9k. Az eg\u00e9szs\u00e9ges alanyok, akik mindannyian vizsgaid\u0151szakban voltak, n\u00e9gy h\u00e9ten kereszt\u00fcl egy speci\u00e1lis, t\u00f6bb fajb\u00f3l \u00e1ll\u00f3 probiotikumot kaptak, amely <strong>kilenc t\u00f6rzset tartalmazott<\/strong>, bev\u00e1lt kombin\u00e1ci\u00f3ban. A probiotikumfogyaszt\u00e1s megkezd\u00e9se el\u0151tt \u00e9s befejez\u00e9se ut\u00e1n a r\u00e9sztvev\u0151k funkcion\u00e1lis m\u00e1gneses rezonancia k\u00e9palkot\u00e1s (fMRI) sor\u00e1n \u00e9rzelem- \u00e9s koncentr\u00e1ci\u00f3s <strong>teszteket v\u00e9geztek<\/strong>. Az agyr\u00f3l k\u00e9sz\u00fclt val\u00f3s idej\u0171 k\u00e9pek seg\u00edts\u00e9g\u00e9vel l\u00e1that\u00f3v\u00e1 v\u00e1lnak a v\u00e9r\u00e1raml\u00e1s v\u00e1ltoz\u00e1sai az agy k\u00fcl\u00f6nb\u00f6z\u0151 ter\u00fcletein, \u00e9s \u00edgy k\u00f6vetkeztet\u00e9seket lehet levonni az agym\u0171k\u00f6d\u00e9sre vonatkoz\u00f3an. Ezek az akt\u00edv idegsejtek energiaig\u00e9ny\u00e9re vezethet\u0151k vissza, mivel t\u00f6bb oxig\u00e9nre, \u00e9s \u00edgy t\u00f6bb v\u00e9rre van sz\u00fcks\u00e9g\u00fck.<\/p>\t\t\t\t\t\t\t\t<\/div>\n\t\t\t\t<\/div>\n\t\t<div class=\"elementor-element elementor-element-1c58777 obcs none e-flex e-con-boxed e-con e-child\" data-id=\"1c58777\" data-element_type=\"container\">\n\t\t\t\t\t<div class=\"e-con-inner\">\n\t\t\t\t<div class=\"elementor-element elementor-element-c101db4 elementor-widget elementor-widget-image\" data-id=\"c101db4\" data-element_type=\"widget\" data-widget_type=\"image.default\">\n\t\t\t\t<div class=\"elementor-widget-container\">\n\t\t\t\t\t\t\t\t\t\t\t\t\t\t\t<img decoding=\"async\" width=\"400\" height=\"254\" src=\"https:\/\/www.omni-biotic.com\/hu-hu\/wp-content\/uploads\/sites\/7\/2022\/09\/bel-agy-tengely.jpg\" class=\"attachment-medium_large size-medium_large wp-image-19639\" alt=\"bel-agy-tengely, agy, agym\u0171k\u00f6d\u00e9s, agym\u0171k\u00f6d\u00e9s serkent\u00e9se, depresszi\u00f3, depresszi\u00f3s hangulat, depresszio, depreszi\u00f3 t\u00fcnetei, depresszi\u00f3 teszt, depresszi\u00f3 jelei, depresszi\u00f3 ellen, sz\u00fcl\u00e9s ut\u00e1ni depresszi\u00f3, s\u00falyos depresszi\u00f3 t\u00fcnetei, bipol\u00e1ris depresszi\u00f3, legjobb antidepressz\u00e1ns gy\u00f3gyszer, szorong\u00e1sos depresszi\u00f3 t\u00fcnetei\" srcset=\"https:\/\/www.omni-biotic.com\/hu-hu\/wp-content\/uploads\/sites\/7\/2022\/09\/bel-agy-tengely.jpg 400w, https:\/\/www.omni-biotic.com\/hu-hu\/wp-content\/uploads\/sites\/7\/2022\/09\/bel-agy-tengely-300x191.jpg 300w\" sizes=\"(max-width: 400px) 100vw, 400px\" title=\"\">\t\t\t\t\t\t\t\t\t\t\t\t\t\t\t<\/div>\n\t\t\t\t<\/div>\n\t\t\t\t\t<\/div>\n\t\t\t\t<\/div>\n\t\t\t\t\t<\/div>\n\t\t\t\t<\/div>\n\t\t<div class=\"elementor-element elementor-element-6923034 obcs none e-flex e-con-boxed e-con e-child\" data-id=\"6923034\" data-element_type=\"container\">\n\t\t\t\t\t<div class=\"e-con-inner\">\n\t\t\t\t<div class=\"elementor-element elementor-element-dd3dd06 elementor-widget elementor-widget-heading\" data-id=\"dd3dd06\" data-element_type=\"widget\" data-widget_type=\"heading.default\">\n\t\t\t\t<div class=\"elementor-widget-container\">\n\t\t\t\t\t<h2 class=\"elementor-heading-title elementor-size-default\">M\u00e9rhet\u0151 v\u00e1ltoz\u00e1sok<\/h2>\t\t\t\t<\/div>\n\t\t\t\t<\/div>\n\t\t\t\t\t<\/div>\n\t\t\t\t<\/div>\n\t\t\t\t\t<\/div>\n\t\t\t\t<\/div>\n\t\t<div class=\"elementor-element elementor-element-bfacda3 obcs none e-flex e-con-boxed e-con e-parent\" data-id=\"bfacda3\" data-element_type=\"container\">\n\t\t\t\t\t<div class=\"e-con-inner\">\n\t\t\t\t<div class=\"elementor-element elementor-element-8a23ad0 elementor-widget elementor-widget-text-editor\" data-id=\"8a23ad0\" data-element_type=\"widget\" data-widget_type=\"text-editor.default\">\n\t\t\t\t<div class=\"elementor-widget-container\">\n\t\t\t\t\t\t\t\t\t<p class=\"bodytext\">Az \u00fagynevezett PANAS-score inform\u00e1ci\u00f3t ny\u00fajt arr\u00f3l, hogy a vizsg\u00e1lt szem\u00e9lyek hogyan <strong>reag\u00e1lnak<\/strong> (pozit\u00edvan vagy negat\u00edvan) <strong>a k\u00f6rnyezeti ingerekre<\/strong> (itt az fMRI-ben megjelen\u0151 k\u00e9pekre). A vizsg\u00e1lat eredm\u00e9nyei egy\u00e9rtelm\u0171en kimutatt\u00e1k, hogy a pozit\u00edv \u00e9rzelmek jelent\u0151sen er\u0151s\u00f6dtek, \u00e9s \u00edgy <strong>javultak<\/strong> a probiotikumos csoportban. A LEIDEN-index \u00e9rt\u00e9kel\u00e9se, amelyet a<strong> <a href=\"https:\/\/www.omni-biotic.com\/hu-hu\/blog\/emesztes-depresszio-szorongas\/\">depresszi\u00f3<\/a><\/strong> s\u00falyoss\u00e1g\u00e1nak meghat\u00e1roz\u00e1s\u00e1ra haszn\u00e1lnak, szint\u00e9n egy\u00e9rtelm\u0171 javul\u00e1st mutatott a probiotikum alkalmaz\u00e1sa r\u00e9v\u00e9n. Jelent\u0151sen cs\u00f6kkent a depresszi\u00f3s hangulatra val\u00f3 hajlam, amely <a href=\"https:\/\/www.omni-biotic.com\/hu-hu\/blog\/probiotikum-alvaszavar-ellen\/\"><strong>stresszes<\/strong><\/a> id\u0151szakok sor\u00e1n jelentkezhet. K\u00fcl\u00f6n\u00f6sen a rem\u00e9nytelens\u00e9g tekintet\u00e9ben tapasztaltak javul\u00f3 eredm\u00e9nyeket, ami a tapasztalatok szerint ak\u00e1r a betegs\u00e9gre val\u00f3 hajlamot is cs\u00f6kkentheti.<\/p><p class=\"bodytext\">A kellemetlen ingerk\u00e9peket tartalmaz\u00f3 felismer\u00e9si feladatokban egy\u00e9rtelm\u0171 k\u00fcl\u00f6nbs\u00e9g mutatkozott a placebo- vagy kontrollcsoport tagjai \u00e9s a probiotikumos csoport boldogabb r\u00e9sztvev\u0151i k\u00f6z\u00f6tt \u2013\u00a0\u00a0sz\u00f3 szerint: a funkcion\u00e1lis MRI-elemz\u00e9s kimutatta, hogy az agy bizonyos r\u00e9gi\u00f3i er\u0151sebb v\u00e9rell\u00e1t\u00e1ssal rendelkeztek, \u00e9s \u00edgy jobban aktiv\u00e1l\u00f3dtak. A mem\u00f3ri\u00e1\u00e9rt, a jobb motoros k\u00e9pess\u00e9gek\u00e9rt \u00e9s a nagyobb figyelem\u00e9rt felel\u0151s agyi r\u00e9gi\u00f3k aktiv\u00e1l\u00f3dtak. Ez<strong> a felismer\u00e9si ar\u00e1nyban is megmutatkozott<\/strong>. M\u00edg a kontroll- vagy placebocsoport az \u00fajra bemutatott k\u00e9pek kevesebb mint 70%-\u00e1t ismerte fel, addig a probiotikus csoport a k\u00e9pek t\u00f6bb mint 85%-\u00e1t is azonos\u00edtotta.<\/p><p class=\"bodytext\">Tov\u00e1bb\u00e1 az \u00e9rzelmi d\u00f6nt\u00e9shozatali folyamatokat is vizsg\u00e1lt\u00e1k. Itt is jelent\u0151s pozit\u00edv hat\u00e1s mutatkozott: a probiotikus csoportba tartoz\u00f3 r\u00e9sztvev\u0151k <strong>magas koncentr\u00e1ci\u00f3val rendelkeztek<\/strong>, \u00edgy magabiztosabbak voltak d\u00f6nt\u00e9shozatal eset\u00e9n.<\/p><p class=\"bodytext\">Ez a vizsg\u00e1lat egy\u00e9rtelm\u0171 bizony\u00edt\u00e9kot jelent arra, hogy ennek a k\u00fcl\u00f6nleges, t\u00f6bb fajb\u00f3l \u00e1ll\u00f3 <a href=\"https:\/\/www.omni-biotic.com\/hu-hu\/termekek\/\"><strong>probiotikumnak<\/strong> <\/a>a bead\u00e1sa javul\u00e1st eredm\u00e9nyezett a koncentr\u00e1ci\u00f3ban \u00e9s a mem\u00f3ri\u00e1ban, valamint pozit\u00edv \u00e9rzelmi benyom\u00e1sokhoz vezetett, \u00e9s hogy a probiotikumot alkalmaz\u00f3k magabiztosabbak voltak d\u00f6nt\u00e9seikben.<\/p>\t\t\t\t\t\t\t\t<\/div>\n\t\t\t\t<\/div>\n\t\t\t\t<div class=\"elementor-element elementor-element-71eb1df elementor-widget elementor-widget-heading\" data-id=\"71eb1df\" data-element_type=\"widget\" data-widget_type=\"heading.default\">\n\t\t\t\t<div class=\"elementor-widget-container\">\n\t\t\t\t\t<h2 class=\"elementor-heading-title elementor-size-default\">Ment\u00e1lis betegs\u00e9gek<\/h2>\t\t\t\t<\/div>\n\t\t\t\t<\/div>\n\t\t\t\t\t<\/div>\n\t\t\t\t<\/div>\n\t\t<div class=\"elementor-element elementor-element-3dd691f obcs none e-flex e-con-boxed e-con e-parent\" data-id=\"3dd691f\" data-element_type=\"container\">\n\t\t\t\t\t<div class=\"e-con-inner\">\n\t\t\t\t<div class=\"elementor-element elementor-element-e92ee7e elementor-widget elementor-widget-text-editor\" data-id=\"e92ee7e\" data-element_type=\"widget\" data-widget_type=\"text-editor.default\">\n\t\t\t\t<div class=\"elementor-widget-container\">\n\t\t\t\t\t\t\t\t\t<p>Felgyorsult vil\u00e1gunkban, stresszes t\u00e1rsadalmunkban egyre n\u0151 a <strong><a href=\"https:\/\/www.omni-biotic.com\/hu-hu\/blog\/pszichobiotikum-mentalis-egeszseg\/\">ment\u00e1lis<\/a> <a href=\"https:\/\/www.omni-biotic.com\/hu-hu\/blog\/pszichobiotikum-mentalis-egeszseg\/\">megbeteged\u00e9sek<\/a><\/strong> sz\u00e1ma. N\u00e9met nyelvter\u00fcleten az emberek 3-6,5%-\u00e1n\u00e1l alakul ki \u00e9let\u00fck sor\u00e1n bipol\u00e1ris zavar, \u00e9s ez a betegs\u00e9g f\u0151k\u00e9nt fiatal korban l\u00e9p fel: az \u00e9rintettek 60%-a sz\u00e1molt be arr\u00f3l, hogy <strong>az els\u0151 t\u00fcnetek m\u00e1r 18 \u00e9ves kor el\u0151tt jelentkeztek<\/strong>. A dr\u00e1mai dolog az, hogy a <strong><a href=\"https:\/\/www.omni-biotic.com\/hu-hu\/a-belrendszer-egeszsege\/a-bel-hataskore\/stressz-emesztes-depresszio\/\">depresszi\u00f3s<\/a><\/strong> f\u00e1zisok alatt a betegeknek mem\u00f3riazavarral \u00e9s koncentr\u00e1ci\u00f3s probl\u00e9m\u00e1kkal is meg kell k\u00fczdeni\u00fck. \u00c9s m\u00e9g akkor is, ha t\u00f6bb pszichotr\u00f3p gy\u00f3gyszer bevitele remisszi\u00f3hoz vezet. Ha a bipol\u00e1ris zavar t\u00fcnetei enyh\u00fclnek, ez nem jelenti a kognit\u00edv funkci\u00f3k javul\u00e1s\u00e1t. Ez azt jelenti, hogy a ment\u00e1lis stabilit\u00e1s ellen\u00e9re az oktat\u00e1sba vagy a munka vil\u00e1g\u00e1ba val\u00f3 (\u00fajra)bel\u00e9p\u00e9s neh\u00e9z, ami <strong>nagym\u00e9rt\u00e9kben befoly\u00e1solja a betegek \u00f6nbecs\u00fcl\u00e9s\u00e9t<\/strong>.<\/p>\t\t\t\t\t\t\t\t<\/div>\n\t\t\t\t<\/div>\n\t\t\t\t\t<\/div>\n\t\t\t\t<\/div>\n\t\t<div class=\"elementor-element elementor-element-ef204ef obcs none e-flex e-con-boxed e-con e-parent\" data-id=\"ef204ef\" data-element_type=\"container\">\n\t\t\t\t\t<div class=\"e-con-inner\">\n\t\t\t\t<div class=\"elementor-element elementor-element-16774d0 elementor-widget elementor-widget-heading\" data-id=\"16774d0\" data-element_type=\"widget\" data-widget_type=\"heading.default\">\n\t\t\t\t<div class=\"elementor-widget-container\">\n\t\t\t\t\t<h2 class=\"elementor-heading-title elementor-size-default\">Beteg pszich\u00e9 = beteg b\u00e9lrendszer?<\/h2>\t\t\t\t<\/div>\n\t\t\t\t<\/div>\n\t\t\t\t\t<\/div>\n\t\t\t\t<\/div>\n\t\t<div class=\"elementor-element elementor-element-0147fb9 obcs none e-flex e-con-boxed e-con e-parent\" data-id=\"0147fb9\" data-element_type=\"container\">\n\t\t\t\t\t<div class=\"e-con-inner\">\n\t\t\t\t<div class=\"elementor-element elementor-element-ea3e629 elementor-widget elementor-widget-text-editor\" data-id=\"ea3e629\" data-element_type=\"widget\" data-widget_type=\"text-editor.default\">\n\t\t\t\t<div class=\"elementor-widget-container\">\n\t\t\t\t\t\t\t\t\t<p>Vizsg\u00e1latok kimutatt\u00e1k, hogy a ment\u00e1lis betegs\u00e9gben szenved\u0151k <a href=\"https:\/\/www.omni-biotic.com\/hu-hu\/a-belrendszer-egeszsege\/a-bel-az-egeszseg-kozpontja\/belflora\/\"><strong>b\u00e9lfl\u00f3r\u00e1ja<\/strong> <\/a>nagyban elt\u00e9r az eg\u00e9szs\u00e9ges szem\u00e9lyek\u00e9t\u0151l. Ez\u00e9rt az<a href=\"https:\/\/www.omni-biotic.com\/hu-hu\/rolunk\/institut-allergosan\/\"><strong> Institut AllergoSan<\/strong><\/a> nyolc \u00e9vvel ezel\u0151tt kifejlesztett egy t\u00f6bb fajb\u00f3l \u00e1ll\u00f3 probiotikumot, amely kifejezetten a b\u00e9l-agy tengelyre hat, \u00e9s mind az \u00e9rzelmek jav\u00edt\u00e1s\u00e1ra, mind mag\u00e1ra a mem\u00f3riateljes\u00edtm\u00e9nyre hat\u00e1ssal van. Ezt a grazi Orvosi Egyetem (MedUni Graz) 20 bipol\u00e1ris zavarban szenved\u0151 p\u00e1cienssel v\u00e9gzett k\u00eds\u00e9rlet sor\u00e1n vizsg\u00e1lt\u00e1k. E c\u00e9lb\u00f3l a vizsg\u00e1latban r\u00e9sztvev\u0151k h\u00e1rom h\u00f3napon kereszt\u00fcl naponta, <strong>kilenc speci\u00e1lisan kombin\u00e1lt bakt\u00e9riumt\u00f6rzset tartalmaz\u00f3 probiotikumot kaptak<\/strong>. A ter\u00e1pia kezdet\u00e9n, az els\u0151, illetve a harmadik h\u00f3nap ut\u00e1n t\u00f6bb tesztet is v\u00e9geztek a kognit\u00edv funkci\u00f3k ki\u00e9rt\u00e9kel\u00e9s\u00e9re.<\/p>\t\t\t\t\t\t\t\t<\/div>\n\t\t\t\t<\/div>\n\t\t\t\t\t<\/div>\n\t\t\t\t<\/div>\n\t\t<div class=\"elementor-element elementor-element-2838bdb obcs none e-flex e-con-boxed e-con e-parent\" data-id=\"2838bdb\" data-element_type=\"container\">\n\t\t\t\t\t<div class=\"e-con-inner\">\n\t\t\t\t<div class=\"elementor-element elementor-element-76fe5c1 elementor-widget elementor-widget-heading\" data-id=\"76fe5c1\" data-element_type=\"widget\" data-widget_type=\"heading.default\">\n\t\t\t\t<div class=\"elementor-widget-container\">\n\t\t\t\t\t<h2 class=\"elementor-heading-title elementor-size-default\">A b\u00e9l az agynak: koncentr\u00e1lj!<\/h2>\t\t\t\t<\/div>\n\t\t\t\t<\/div>\n\t\t\t\t\t<\/div>\n\t\t\t\t<\/div>\n\t\t<div class=\"elementor-element elementor-element-00a04eb obcs none e-flex e-con-boxed e-con e-parent\" data-id=\"00a04eb\" data-element_type=\"container\">\n\t\t\t\t\t<div class=\"e-con-inner\">\n\t\t\t\t<div class=\"elementor-element elementor-element-72a2e43 elementor-widget elementor-widget-text-editor\" data-id=\"72a2e43\" data-element_type=\"widget\" data-widget_type=\"text-editor.default\">\n\t\t\t\t<div class=\"elementor-widget-container\">\n\t\t\t\t\t\t\t\t\t<p class=\"bodytext\">Az \u00fagynevezett sz\u00e1mjegy-szimb\u00f3lum tesztben az 1-9 sz\u00e1mokhoz k\u00fcl\u00f6nb\u00f6z\u0151 szimb\u00f3lumokat rendelnek. Ezeket a szimb\u00f3lumokat azt\u00e1n 90 m\u00e1sodperc alatt a lehet\u0151 legt\u00f6bb sz\u00e1mhoz kell hozz\u00e1rendelni, ami a tesztalanyokt\u00f3l <strong>reakci\u00f3sebess\u00e9get, tart\u00f3s koncentr\u00e1ci\u00f3t \u00e9s vizu\u00e1lis t\u00e9rl\u00e1t\u00e1st<\/strong> is ig\u00e9nyel. M\u00e1r a n\u00e9gy hetes probiotikus ter\u00e1pia ut\u00e1n is jelent\u0151s javul\u00e1s volt megfigyelhet\u0151 a mem\u00f3riateljes\u00edtm\u00e9nyre vonatkoz\u00f3an, a koncentr\u00e1ci\u00f3 \u00e9s a feldolgoz\u00e1si sebess\u00e9g tekintet\u00e9ben, ami a k\u00f6vetkez\u0151 k\u00e9t h\u00f3nap sor\u00e1n tov\u00e1bb javult.<\/p><p class=\"bodytext\">Ezen k\u00edv\u00fcl a vizsg\u00e1lati szem\u00e9lyek kit\u00f6lt\u00f6tt\u00e9k a Trail-Making tesztet, amely a vizu\u00e1lis \u00e9s motoros feldolgoz\u00e1si sebess\u00e9gr\u0151l ny\u00fajt inform\u00e1ci\u00f3t. Ez a teszt a kognit\u00edv rugalmass\u00e1gban is szembet\u0171n\u0151 javul\u00e1st mutatott, m\u00e1r 1 h\u00f3napnyi <a href=\"https:\/\/shop.omni-biotic.com\/hu-hu\/collections\/probiotika\"><strong>probiotikum<\/strong> <\/a>bevitele ut\u00e1n, ami d\u00f6nt\u0151 fontoss\u00e1g\u00fa a <strong>c\u00e9lzott cselekv\u00e9sir\u00e1ny\u00edt\u00e1s<\/strong> szempontj\u00e1b\u00f3l. Az eredm\u00e9ny itt is tov\u00e1bb javult a k\u00f6vetkez\u0151 h\u00f3napokban. Ez sok <strong>ment\u00e1lisan instabil<\/strong> vagy <strong>depresszi\u00f3s<\/strong> <strong>betegnek<\/strong> ad rem\u00e9nyt, mert a tanulm\u00e1ny egy\u00e9rtelm\u0171en kimutatta, hogy a gyenge mem\u00f3riateljes\u00edtm\u00e9ny jav\u00edthat\u00f3 a vizsg\u00e1lt probiotikummal.<\/p>\t\t\t\t\t\t\t\t<\/div>\n\t\t\t\t<\/div>\n\t\t\t\t\t<\/div>\n\t\t\t\t<\/div>\n\t\t<div class=\"elementor-element elementor-element-a5615af obcs none e-flex e-con-boxed e-con e-parent\" data-id=\"a5615af\" data-element_type=\"container\">\n\t\t\t\t\t<div class=\"e-con-inner\">\n\t\t\t\t<div class=\"elementor-element elementor-element-1542f29 elementor-widget elementor-widget-heading\" data-id=\"1542f29\" data-element_type=\"widget\" data-widget_type=\"heading.default\">\n\t\t\t\t<div class=\"elementor-widget-container\">\n\t\t\t\t\t<h2 class=\"elementor-heading-title elementor-size-default\">Probiotikum ment\u00e1lis betegs\u00e9gre?<\/h2>\t\t\t\t<\/div>\n\t\t\t\t<\/div>\n\t\t\t\t\t<\/div>\n\t\t\t\t<\/div>\n\t\t<div class=\"elementor-element elementor-element-0dedd7e obcs none e-flex e-con-boxed e-con e-parent\" data-id=\"0dedd7e\" data-element_type=\"container\">\n\t\t\t\t\t<div class=\"e-con-inner\">\n\t\t\t\t<div class=\"elementor-element elementor-element-a230cee elementor-widget elementor-widget-text-editor\" data-id=\"a230cee\" data-element_type=\"widget\" data-widget_type=\"text-editor.default\">\n\t\t\t\t<div class=\"elementor-widget-container\">\n\t\t\t\t\t\t\t\t\t<p>A probiotikumok bead\u00e1sa ut\u00e1n eg\u00e9szs\u00e9ges alanyokn\u00e1l az agyban l\u00e1that\u00f3 v\u00e1ltoz\u00e1sok m\u00e1r most is leny\u0171g\u00f6z\u0151ek. A bipol\u00e1ris zavarban szenved\u0151 betegekn\u00e9l tapasztalt rendk\u00edv\u00fcl pozit\u00edv eredm\u00e9nyek alapj\u00e1n elmondhat\u00f3, hogy a speci\u00e1lisan kombin\u00e1lt, t\u00f6bb fajb\u00f3l \u00e1ll\u00f3 <strong>probiotikumokban rejl\u0151 lehet\u0151s\u00e9g a ment\u00e1lis betegs\u00e9gek kezel\u00e9s\u00e9re m\u00e9g nagyobb<\/strong>, <strong>mint kor\u00e1bban gondolt\u00e1k<\/strong>. Az agy k\u00fcl\u00f6nb\u00f6z\u0151 ter\u00fcletei pozit\u00edvan befoly\u00e1solhat\u00f3k \u2013 nemk\u00edv\u00e1natos mell\u00e9khat\u00e1sok n\u00e9lk\u00fcl \u2013, \u00e9s az \u00e9rintettek \u00edgy sikeres, eg\u00e9szs\u00e9ges \u00e9letet folytathatnak.<\/p>\t\t\t\t\t\t\t\t<\/div>\n\t\t\t\t<\/div>\n\t\t\t\t<div class=\"elementor-element elementor-element-f962d48 elementor-widget elementor-widget-li-widgets--author-quote\" data-id=\"f962d48\" data-element_type=\"widget\" data-widget_type=\"li-widgets--author-quote.default\">\n\t\t\t\t<div class=\"elementor-widget-container\">\n\t\t\t\t\t<div class=\"li-widgets--author-quote blue\">\n            <div class=\"li-widgets--author-quote__image--wrapper\">\n            <div class=\"li-widgets--author-quote__image\">\n                <img decoding=\"async\" width=\"191\" height=\"193\" src=\"https:\/\/www.omni-biotic.com\/hu-hu\/wp-content\/uploads\/sites\/7\/2022\/09\/grumet-be-agy-tengely.ng_.png\" class=\"attachment-medium size-medium\" alt=\"\" title=\"\">            <\/div>\n        <\/div>\n        <div class=\"li-widgets--author-quote__content\">\n        <div class=\"li-widgets--author-quote__author\">\n            Dr. Lukas Grumet                            <span class=\"li-widgets--author-quote__author--position\">\n            molekul\u00e1ris biol\u00f3gus \u00e9s a b\u00e9lrendszer eg\u00e9szs\u00e9g\u00e9nek szak\u00e9rt\u0151je        <\/span>\n                    <\/div>\n        <div class=\"li-widgets--author-quote__text\">\n                    <\/div>\n            <\/div>\n            <div class=\"li-widgets--author-quote__icon\">\n            <i aria-hidden=\"true\" class=\"fas fa-quote-left\"><\/i>        <\/div>\n    <\/div>\n\t\t\t\t<\/div>\n\t\t\t\t<\/div>\n\t\t\t\t\t<\/div>\n\t\t\t\t<\/div>\n\t\t\t\t<\/div>\n\t\t","protected":false},"excerpt":{"rendered":"<p>A b\u00e9l-agy tengely egyre ink\u00e1bb a tudom\u00e1nyos \u00e9rdekl\u0151d\u00e9s k\u00f6z\u00e9ppontj\u00e1ba ker\u00fcl: az agy \u00e9s az em\u00e9szt\u0151rendszer k\u00f6z\u00f6tt folyamatos biok\u00e9miai \u00e9s idegi inform\u00e1ci\u00f3csere zajlik, ami sokf\u00e9lek\u00e9ppen hat r\u00e1nk. A jelenlegi tanulm\u00e1nyok meggy\u0151z\u0151en bizony\u00edtj\u00e1k, hogy az agy sz\u00e1mos k\u00fcl\u00f6nb\u00f6z\u0151 funkci\u00f3ja er\u0151s\u00edthet\u0151 a tudom\u00e1nyosan \u00f6ssze\u00e1ll\u00edtott, t\u00f6bbt\u00f6rzs\u0171 probiotikumok seg\u00edts\u00e9g\u00e9vel. A b\u00e9l \u00e9s az agy k\u00f6z\u00f6tti kommunik\u00e1ci\u00f3 k\u00fcl\u00f6nb\u00f6z\u0151 csatorn\u00e1kon zajlik, p\u00e9ld\u00e1ul [&hellip;]<\/p>\n","protected":false},"author":2,"featured_media":19639,"comment_status":"closed","ping_status":"closed","sticky":false,"template":"","format":"standard","meta":{"_acf_changed":false,"inline_featured_image":false,"footnotes":""},"categories":[115,108,109],"tags":[],"class_list":["post-16222","post","type-post","status-publish","format-standard","has-post-thumbnail","hentry","category-institut-allergosan","category-panaszok-tanacsok","category-ujdonsagok-a-kutatasban"],"acf":[],"rank_math":{"og:title":"Milyen hat\u00e1sa van a probiotikumoknak az agy teljes\u00edtm\u00e9ny\u00e9re?","og:desc":"A b\u00e9l-agy tengely a tudom\u00e1nyos \u00e9rdekl\u0151d\u00e9s k\u00f6z\u00e9ppontj\u00e1ba ker\u00fclt. A leg\u00fajabb tanulm\u00e1nyok a probiotikumok agyra gyakorolt hat\u00e1s\u00e1t vizsg\u00e1lt\u00e1k.","og:url":"https:\/\/www.omni-biotic.com\/hu-hu\/blog\/probiotikumok-hatasa-az-agyra\/","og:locale":"hu_HU","og:image":"https:\/\/www.omni-biotic.com\/hu-hu\/wp-content\/uploads\/sites\/7\/2022\/09\/bel-agy-tengely.jpg","og:image:width":"400","og:image:height":"254"},"additional_data":{"thumbnail":"https:\/\/www.omni-biotic.com\/hu-hu\/wp-content\/uploads\/sites\/7\/2022\/09\/bel-agy-tengely.jpg"},"blog_info":{"country":"hu-hu"},"_links":{"self":[{"href":"https:\/\/www.omni-biotic.com\/hu-hu\/wp-json\/wp\/v2\/posts\/16222","targetHints":{"allow":["GET"]}}],"collection":[{"href":"https:\/\/www.omni-biotic.com\/hu-hu\/wp-json\/wp\/v2\/posts"}],"about":[{"href":"https:\/\/www.omni-biotic.com\/hu-hu\/wp-json\/wp\/v2\/types\/post"}],"author":[{"embeddable":true,"href":"https:\/\/www.omni-biotic.com\/hu-hu\/wp-json\/wp\/v2\/users\/2"}],"replies":[{"embeddable":true,"href":"https:\/\/www.omni-biotic.com\/hu-hu\/wp-json\/wp\/v2\/comments?post=16222"}],"version-history":[{"count":7,"href":"https:\/\/www.omni-biotic.com\/hu-hu\/wp-json\/wp\/v2\/posts\/16222\/revisions"}],"predecessor-version":[{"id":20832,"href":"https:\/\/www.omni-biotic.com\/hu-hu\/wp-json\/wp\/v2\/posts\/16222\/revisions\/20832"}],"wp:featuredmedia":[{"embeddable":true,"href":"https:\/\/www.omni-biotic.com\/hu-hu\/wp-json\/wp\/v2\/media\/19639"}],"wp:attachment":[{"href":"https:\/\/www.omni-biotic.com\/hu-hu\/wp-json\/wp\/v2\/media?parent=16222"}],"wp:term":[{"taxonomy":"category","embeddable":true,"href":"https:\/\/www.omni-biotic.com\/hu-hu\/wp-json\/wp\/v2\/categories?post=16222"},{"taxonomy":"post_tag","embeddable":true,"href":"https:\/\/www.omni-biotic.com\/hu-hu\/wp-json\/wp\/v2\/tags?post=16222"}],"curies":[{"name":"wp","href":"https:\/\/api.w.org\/{rel}","templated":true}]}}