{"id":16228,"date":"2022-10-28T08:18:12Z","date_gmt":"2022-10-28T06:18:12Z","guid":{"rendered":"https:\/\/www.omni-biotic.com\/hu-hu\/hizas-az-antibiotikum-miatt\/"},"modified":"2024-02-09T12:17:03Z","modified_gmt":"2024-02-09T11:17:03Z","slug":"hizas-az-antibiotikum-miatt","status":"publish","type":"post","link":"https:\/\/www.omni-biotic.com\/hu-hu\/blog\/hizas-az-antibiotikum-miatt\/","title":{"rendered":"H\u00edz\u00e1s az antibiotikum miatt?"},"content":{"rendered":"\t\t<div data-elementor-type=\"wp-post\" data-elementor-id=\"16228\" class=\"elementor elementor-16228\" data-elementor-post-type=\"post\">\n\t\t\t\t<div class=\"elementor-element elementor-element-fc14b66 obcs none e-flex e-con-boxed e-con e-parent\" data-id=\"fc14b66\" data-element_type=\"container\">\n\t\t\t\t\t<div class=\"e-con-inner\">\n\t\t\t\t<div class=\"elementor-element elementor-element-582ef39 elementor-widget elementor-widget-text-editor\" data-id=\"582ef39\" data-element_type=\"widget\" data-widget_type=\"text-editor.default\">\n\t\t\t\t<div class=\"elementor-widget-container\">\n\t\t\t\t\t\t\t\t\t<p><span style=\"color: #800080\"><em>H\u00edz\u00e1st tapasztal az antibiotikum alkalmaz\u00e1sa \u00f3ta? Az <strong><a href=\"https:\/\/www.omni-biotic.com\/hu-hu\/blog\/antibiotikum-hatasa-a-szervezetre\/\">antibiotikum<\/a><\/strong> a bakteri\u00e1lis fert\u0151z\u00e9s lek\u00fczd\u00e9s\u00e9re szolg\u00e1l, \u00e9s ma m\u00e1r a leggyakrabban fel\u00edrt gy\u00f3gyszerek k\u00f6z\u00e9 tartozik. B\u00e1r sz\u00e1mos vesz\u00e9lyes betegs\u00e9get eredm\u00e9nyesen lehet vel\u00fck kezelni, ezeknek a gy\u00f3gyszereknek gyakran vannak nem k\u00edv\u00e1nt mell\u00e9khat\u00e1sai. Kihatnak a b\u00e9lrendszer <a href=\"https:\/\/www.omni-biotic.com\/hu-hu\/a-belrendszer-egeszsege\/a-bel-az-egeszseg-kozpontja\/belmikrobiom\/\"><strong>mikrobiomj\u00e1ra<\/strong><\/a>, \u00e9s ahogyan a vizsg\u00e1latok kimutatt\u00e1k, ezt a m\u00e9rleg\u00fcnk is jelzi.<\/em><\/span><\/p>\t\t\t\t\t\t\t\t<\/div>\n\t\t\t\t<\/div>\n\t\t\t\t\t<\/div>\n\t\t\t\t<\/div>\n\t\t<div class=\"elementor-element elementor-element-03d63e6 obcs none e-flex e-con-boxed e-con e-parent\" data-id=\"03d63e6\" data-element_type=\"container\">\n\t\t\t\t\t<div class=\"e-con-inner\">\n\t\t\t\t<div class=\"elementor-element elementor-element-43c0adb elementor-widget elementor-widget-image\" data-id=\"43c0adb\" data-element_type=\"widget\" data-widget_type=\"image.default\">\n\t\t\t\t<div class=\"elementor-widget-container\">\n\t\t\t\t\t\t\t\t\t\t\t\t\t\t\t<img fetchpriority=\"high\" decoding=\"async\" width=\"700\" height=\"500\" src=\"https:\/\/www.omni-biotic.com\/hu-hu\/wp-content\/uploads\/sites\/7\/2022\/10\/hizas_az_antibiotikum_miatt.jpg\" class=\"attachment-large size-large wp-image-20751\" alt=\"h\u00edz\u00e1s antibiotikum miatt, probiotikum, probiotikum antibiotikum mell\u00e9, h\u00edz\u00e1s ellen, fogy\u00e1s, s\u00falygyarapod\u00e1s, firmicutes bakt\u00e9rium\" srcset=\"https:\/\/www.omni-biotic.com\/hu-hu\/wp-content\/uploads\/sites\/7\/2022\/10\/hizas_az_antibiotikum_miatt.jpg 700w, https:\/\/www.omni-biotic.com\/hu-hu\/wp-content\/uploads\/sites\/7\/2022\/10\/hizas_az_antibiotikum_miatt-300x214.jpg 300w\" sizes=\"(max-width: 700px) 100vw, 700px\" title=\"\">\t\t\t\t\t\t\t\t\t\t\t\t\t\t\t<\/div>\n\t\t\t\t<\/div>\n\t\t\t\t\t<\/div>\n\t\t\t\t<\/div>\n\t\t<div class=\"elementor-element elementor-element-d26dd1e obcs none e-flex e-con-boxed e-con e-parent\" data-id=\"d26dd1e\" data-element_type=\"container\">\n\t\t\t\t\t<div class=\"e-con-inner\">\n\t\t\t\t<div class=\"elementor-element elementor-element-8eae432 elementor-widget elementor-widget-heading\" data-id=\"8eae432\" data-element_type=\"widget\" data-widget_type=\"heading.default\">\n\t\t\t\t<div class=\"elementor-widget-container\">\n\t\t\t\t\t<h2 class=\"elementor-heading-title elementor-size-default\">Mit kell tudni az antibiotikumr\u00f3l?<\/h2>\t\t\t\t<\/div>\n\t\t\t\t<\/div>\n\t\t\t\t\t<\/div>\n\t\t\t\t<\/div>\n\t\t<div class=\"elementor-element elementor-element-866a97c obcs none e-flex e-con-boxed e-con e-parent\" data-id=\"866a97c\" data-element_type=\"container\">\n\t\t\t\t\t<div class=\"e-con-inner\">\n\t\t\t\t<div class=\"elementor-element elementor-element-f74f822 elementor-widget elementor-widget-text-editor\" data-id=\"f74f822\" data-element_type=\"widget\" data-widget_type=\"text-editor.default\">\n\t\t\t\t<div class=\"elementor-widget-container\">\n\t\t\t\t\t\t\t\t\t<p>Az antibiotikumok olyan gy\u00f3gyszerek, amelyek bakt\u00e9riumok ellen hatnak, \u00e9s \u00edgy <strong>bakteri\u00e1lis fert\u0151z\u00e9sek kezel\u00e9s\u00e9re<\/strong> szolg\u00e1lnak. A vesz\u00e9lyes k\u00f3rokoz\u00f3k elt\u00e1vol\u00edt\u00e1sa mellett ezek a gy\u00f3gyszerek a szervezet saj\u00e1t <strong>j\u00f3t\u00e9kony <a href=\"https:\/\/www.omni-biotic.com\/hu-hu\/blog\/belbakteriumok-fajtai-es-szerepe\/\">b\u00e9lbakt\u00e9riumait<\/a> is kiirtj\u00e1k<\/strong>. Ennek k\u00f6vetkezt\u00e9ben nem k\u00edv\u00e1nt mell\u00e9khat\u00e1sok, p\u00e9ld\u00e1ul<strong> hasf\u00e1j\u00e1s, <a href=\"https:\/\/www.omni-biotic.com\/hu-hu\/belpanaszok\/hasmenes\/\">hasmen\u00e9s<\/a> <\/strong>\u00e9s<a href=\"https:\/\/www.omni-biotic.com\/hu-hu\/blog\/bakterialis-vaginozis-es-huevelygomba-tuenetek-kezeles\/\"><strong> gomb\u00e1s fert\u0151z\u00e9sek<\/strong><\/a> (az ut\u00f3bbi n\u0151kn\u00e9l gyakrabban fordul el\u0151) jelentkezhetnek. Valamint e gy\u00f3gyszerek t\u00fal gyakori alkalmaz\u00e1sa n\u00f6veli az <strong>antibiotikum-rezisztencia kock\u00e1zat\u00e1t<\/strong>. Ez azt jelenti, hogy az antibiotikumok elvesz\u00edtik hat\u00e9konys\u00e1gukat bizonyos bakt\u00e9riumokkal szemben, \u00e9s \u00edgy esetenk\u00e9nt m\u00e1r nem tudnak seg\u00edteni betegs\u00e9gek lek\u00fczd\u00e9s\u00e9ben.<\/p>\t\t\t\t\t\t\t\t<\/div>\n\t\t\t\t<\/div>\n\t\t\t\t<div class=\"elementor-element elementor-element-e199344 elementor-widget elementor-widget-heading\" data-id=\"e199344\" data-element_type=\"widget\" data-widget_type=\"heading.default\">\n\t\t\t\t<div class=\"elementor-widget-container\">\n\t\t\t\t\t<h2 class=\"elementor-heading-title elementor-size-default\">H\u00edz\u00e1s \u00e9s s\u00falygyarapod\u00e1s az antibiotikumok miatt?<\/h2>\t\t\t\t<\/div>\n\t\t\t\t<\/div>\n\t\t\t\t<div class=\"elementor-element elementor-element-2dee5c2 elementor-widget elementor-widget-text-editor\" data-id=\"2dee5c2\" data-element_type=\"widget\" data-widget_type=\"text-editor.default\">\n\t\t\t\t<div class=\"elementor-widget-container\">\n\t\t\t\t\t\t\t\t\t<p>A term\u00e9szetes<a href=\"https:\/\/www.omni-biotic.com\/hu\/belflora\/\"><strong>\u00a0b\u00e9lfl\u00f3ra<\/strong><\/a> nem kiz\u00e1r\u00f3lag az eg\u00e9szs\u00e9g szempontj\u00e1b\u00f3l fontos, hanem \u00fagy t\u0171nik, hogy a <strong>tests\u00falyra<\/strong> is hat\u00e1ssal van. A <a href=\"https:\/\/www.omni-biotic.com\/hu-hu\/a-belrendszer-egeszsege\/a-bel-az-egeszseg-kozpontja\/belmikrobiom\/\"><strong>b\u00e9lmikrobiom<\/strong> <\/a>egyens\u00falya azonban <strong>felbillenhet<\/strong> az antibiotikumok alkalmaz\u00e1sa k\u00f6vetkezt\u00e9ben. Egy kutat\u00f3csoport meg\u00e1llap\u00edtotta, hogy m\u00e9g hat h\u00f3nappal az antibiotikum ter\u00e1pia ut\u00e1n is <strong>kilenc gyakori bakt\u00e9riumfaj hi\u00e1nyzott<\/strong> a b\u00e9lfl\u00f3r\u00e1b\u00f3l. A mikrobi\u00e1lis v\u00e1ltoz\u00e1s miatt <strong>s\u00falygyarapod\u00e1s is bek\u00f6vetkezhet<\/strong>.<\/p><p>Vizsg\u00e1latok sor\u00e1n kider\u00fclt, hogy a szem\u00e9lyekn\u00e9l, akik antibiotikumot kaptak, gyakrabban jelentkezett s\u00falygyarapod\u00e1s, mint azokn\u00e1l, akiket nem kezeltek. Hasonl\u00f3 jelens\u00e9get figyeltek meg a gyermekekn\u00e9l is. Azok a <strong><a href=\"https:\/\/www.omni-biotic.com\/hu-hu\/blog\/antibiotikumok-gyerekeknek\/\">gyermekek<\/a><\/strong>, akik \u00e9let\u00fck els\u0151 6 h\u00f3napj\u00e1ban antibiotikumos kezel\u00e9sben r\u00e9szes\u00fcltek, nagyobb m\u00e9rt\u00e9kben h\u00edztak, mint azon t\u00e1rsaik, akik nem r\u00e9szes\u00fcltek kezel\u00e9sben.<\/p><p>\u00dagy t\u0171nik azonban, hogy ezeknek a gy\u00f3gyszereknek a szed\u00e9se nem csak a szervezet saj\u00e1t <strong>b\u00e9lmikrobiom<\/strong>j\u00e1ra van hat\u00e1ssal. Egy vizsg\u00e1lat kimutatta, amely sor\u00e1n t\u00f6bb mint 400 anya \u00e9s gyermek p\u00e1rost vizsg\u00e1ltak, hogy antibiotikum szed\u00e9se a sz\u00fcl\u00e9s el\u0151tt \u00e9s k\u00f6zvetlen\u00fcl a sz\u00fcl\u00e9s ut\u00e1n val\u00f3sz\u00edn\u0171bb\u00e9 teszi, hogy ezek a gyermekek k\u00e9s\u0151bb t\u00fals\u00falyosak lesznek.<\/p>\t\t\t\t\t\t\t\t<\/div>\n\t\t\t\t<\/div>\n\t\t\t\t<div class=\"elementor-element elementor-element-75f4f2b elementor-widget elementor-widget-heading\" data-id=\"75f4f2b\" data-element_type=\"widget\" data-widget_type=\"heading.default\">\n\t\t\t\t<div class=\"elementor-widget-container\">\n\t\t\t\t\t<h2 class=\"elementor-heading-title elementor-size-default\">Mi\u00e9rt k\u00f6v\u00e9r\u00edthet a b\u00e9lfl\u00f3ra?<\/h2>\t\t\t\t<\/div>\n\t\t\t\t<\/div>\n\t\t\t\t\t<\/div>\n\t\t\t\t<\/div>\n\t\t<div class=\"elementor-element elementor-element-5f335e8 obcs none e-flex e-con-boxed e-con e-parent\" data-id=\"5f335e8\" data-element_type=\"container\">\n\t\t\t\t\t<div class=\"e-con-inner\">\n\t\t<div class=\"elementor-element elementor-element-ada7ba3 obcs none e-flex e-con-boxed e-con e-child\" data-id=\"ada7ba3\" data-element_type=\"container\">\n\t\t\t\t\t<div class=\"e-con-inner\">\n\t\t\t\t<div class=\"elementor-element elementor-element-d9a3364 elementor-widget elementor-widget-text-editor\" data-id=\"d9a3364\" data-element_type=\"widget\" data-widget_type=\"text-editor.default\">\n\t\t\t\t<div class=\"elementor-widget-container\">\n\t\t\t\t\t\t\t\t\t<p>Az emberi <a href=\"https:\/\/www.omni-biotic.com\/hu-hu\/a-belrendszer-egeszsege\/a-bel-az-egeszseg-kozpontja\/belflora\/\"><strong>b\u00e9lfl\u00f3r\u00e1t<\/strong> <\/a>ide\u00e1lis esetben ben\u00e9pes\u00edt\u0151 fajok nagy v\u00e1ltozatoss\u00e1ga k\u00f6z\u00f6tt a <em><strong>Firmicutes<\/strong><\/em> \u00e9s a <em><strong>Bacteroidetes<\/strong> <\/em>csoportba tartoz\u00f3 bakt\u00e9riumok tal\u00e1lhat\u00f3k. M\u00edg a <em>Firmicutesek<\/em> sok energi\u00e1t nyerhetnek a t\u00e9nylegesen em\u00e9szthetetlen \u00e9lelmi rostokb\u00f3l, addig a Bacteroidetesek a felesleges sz\u00e9nhidr\u00e1tokat k\u00f6zvetlen\u00fcl a b\u00e9lben kapszul\u00e1zz\u00e1k be, hogy azok a sz\u00e9klettel egy\u00fctt <strong>t\u00e1vozhassanak a szervezetb\u0151l<\/strong>. A vizsg\u00e1latok azt mutatj\u00e1k, hogy a t\u00fals\u00falyos emberek b\u00e9lrendszer\u00e9ben t\u00f6bb <em>firmicutes<\/em> tal\u00e1lhat\u00f3, mint a norm\u00e1l tests\u00faly\u00faak\u00e9ban. A bakt\u00e9riumok e k\u00e9t csoportj\u00e1nak ar\u00e1nya teh\u00e1t k\u00f6zvetlen\u00fcl \u00f6sszef\u00fcgg az emberi testt\u00f6meggel.<\/p><p>Antibiotikum ter\u00e1pia ut\u00e1n a b\u00e9lfl\u00f3ra diszbi\u00f3zisa (egyens\u00falyhi\u00e1nya) l\u00e9phet fel a b\u00e9lben, ami szint\u00e9n eltolhatja ezt az ar\u00e1nyt a <em>Firmicutes<\/em> jav\u00e1ra. Ha ez a helyzet, akkor a szigor\u00fa di\u00e9ta \u00e9s testmozg\u00e1s ellen\u00e9re is el\u0151fordulhat s\u00falygyarapod\u00e1s vagy legal\u00e1bbis nem t\u00f6rt\u00e9nik fogy\u00e1s.<\/p>\t\t\t\t\t\t\t\t<\/div>\n\t\t\t\t<\/div>\n\t\t\t\t\t<\/div>\n\t\t\t\t<\/div>\n\t\t\t\t<div class=\"elementor-element elementor-element-976d271 elementor-widget elementor-widget-image\" data-id=\"976d271\" data-element_type=\"widget\" data-widget_type=\"image.default\">\n\t\t\t\t<div class=\"elementor-widget-container\">\n\t\t\t\t\t\t\t\t\t\t\t\t\t\t\t<img decoding=\"async\" width=\"700\" height=\"500\" src=\"https:\/\/www.omni-biotic.com\/hu-hu\/wp-content\/uploads\/sites\/7\/2022\/10\/antibiotikum_mellekhatas_hizas.jpg\" class=\"attachment-large size-large wp-image-20752\" alt=\"h\u00edz\u00e1s antibiotikum miatt, probiotikum, probiotikum antibiotikum mell\u00e9, h\u00edz\u00e1s ellen, fogy\u00e1s, s\u00falygyarapod\u00e1s, firmicutes bakt\u00e9rium\" srcset=\"https:\/\/www.omni-biotic.com\/hu-hu\/wp-content\/uploads\/sites\/7\/2022\/10\/antibiotikum_mellekhatas_hizas.jpg 700w, https:\/\/www.omni-biotic.com\/hu-hu\/wp-content\/uploads\/sites\/7\/2022\/10\/antibiotikum_mellekhatas_hizas-300x214.jpg 300w\" sizes=\"(max-width: 700px) 100vw, 700px\" title=\"\">\t\t\t\t\t\t\t\t\t\t\t\t\t\t\t<\/div>\n\t\t\t\t<\/div>\n\t\t\t\t\t<\/div>\n\t\t\t\t<\/div>\n\t\t<div class=\"elementor-element elementor-element-f1d6559 obcs none e-flex e-con-boxed e-con e-parent\" data-id=\"f1d6559\" data-element_type=\"container\">\n\t\t\t\t\t<div class=\"e-con-inner\">\n\t\t\t\t<div class=\"elementor-element elementor-element-c67abcc elementor-widget elementor-widget-heading\" data-id=\"c67abcc\" data-element_type=\"widget\" data-widget_type=\"heading.default\">\n\t\t\t\t<div class=\"elementor-widget-container\">\n\t\t\t\t\t<h2 class=\"elementor-heading-title elementor-size-default\">V\u00e9dje b\u00e9lrendszer\u00e9t antibiotikum ter\u00e1pia alatt is!<\/h2>\t\t\t\t<\/div>\n\t\t\t\t<\/div>\n\t\t\t\t\t<\/div>\n\t\t\t\t<\/div>\n\t\t<div class=\"elementor-element elementor-element-2443661 obcs none e-flex e-con-boxed e-con e-parent\" data-id=\"2443661\" data-element_type=\"container\">\n\t\t\t\t\t<div class=\"e-con-inner\">\n\t\t\t\t<div class=\"elementor-element elementor-element-8c69b9d elementor-widget elementor-widget-text-editor\" data-id=\"8c69b9d\" data-element_type=\"widget\" data-widget_type=\"text-editor.default\">\n\t\t\t\t<div class=\"elementor-widget-container\">\n\t\t\t\t\t\t\t\t\t<p>Bizonyos betegs\u00e9gek eset\u00e9ben az antibiotikum az egyetlen ter\u00e1pi\u00e1s lehet\u0151s\u00e9g, \u00e9s a marad\u00e9k expoz\u00edci\u00f3 (pl. szennyezett \u00e9lelmiszerek r\u00e9v\u00e9n) nem mindig ker\u00fclhet\u0151 el teljesen. A b\u00e9lfl\u00f3ra diszbi\u00f3zis\u00e1nak elker\u00fcl\u00e9se \u00e9rdek\u00e9ben ez\u00e9rt hasznos lehet a szervezet saj\u00e1t b\u00e9lbakt\u00e9riumainak <strong>er\u0151s\u00edt\u00e9se <a href=\"https:\/\/www.omni-biotic.com\/hu-hu\/a-belrendszer-egeszsege\/a-bel-az-egeszseg-kozpontja\/probiotikum\/\">probiotikumokkal<\/a>.<\/strong> Tanulm\u00e1nyok azt mutatj\u00e1k, hogy az orvosilag relev\u00e1ns probiotikumok haszn\u00e1lata \u00f6sszef\u00fcgg a fogy\u00e1ssal, \u00e9s <strong>megel\u0151zheti<\/strong> az antibiotikumok<strong> nemk\u00edv\u00e1natos mell\u00e9khat\u00e1sait<\/strong> a b\u00e9lfl\u00f3r\u00e1ra.<\/p>\t\t\t\t\t\t\t\t<\/div>\n\t\t\t\t<\/div>\n\t\t\t\t\t<\/div>\n\t\t\t\t<\/div>\n\t\t\t\t<\/div>\n\t\t","protected":false},"excerpt":{"rendered":"<p>H\u00edz\u00e1st tapasztal az antibiotikum alkalmaz\u00e1sa \u00f3ta? Az antibiotikum a bakteri\u00e1lis fert\u0151z\u00e9s lek\u00fczd\u00e9s\u00e9re szolg\u00e1l, \u00e9s ma m\u00e1r a leggyakrabban fel\u00edrt gy\u00f3gyszerek k\u00f6z\u00e9 tartozik. B\u00e1r sz\u00e1mos vesz\u00e9lyes betegs\u00e9get eredm\u00e9nyesen lehet vel\u00fck kezelni, ezeknek a gy\u00f3gyszereknek gyakran vannak nem k\u00edv\u00e1nt mell\u00e9khat\u00e1sai. Kihatnak a b\u00e9lrendszer mikrobiomj\u00e1ra, \u00e9s ahogyan a vizsg\u00e1latok kimutatt\u00e1k, ezt a m\u00e9rleg\u00fcnk is jelzi. Mit kell tudni [&hellip;]<\/p>\n","protected":false},"author":2,"featured_media":20751,"comment_status":"closed","ping_status":"closed","sticky":false,"template":"","format":"standard","meta":{"_acf_changed":false,"inline_featured_image":false,"footnotes":""},"categories":[108,109],"tags":[],"class_list":["post-16228","post","type-post","status-publish","format-standard","has-post-thumbnail","hentry","category-panaszok-tanacsok","category-ujdonsagok-a-kutatasban"],"acf":[],"rank_math":{"og:title":"H\u00edz\u00e1s az antibiotikum miatt? - OMNi-BiOTiC\u00ae","og:desc":"Az antibiotikumok seg\u00edtenek a bakteri\u00e1lis fert\u0151z\u00e9sek lek\u00fczd\u00e9s\u00e9ben, de a b\u00e9lfl\u00f3r\u00e1t gyeng\u00edtik. Ez h\u00edz\u00e1shoz is vezethet.","og:url":"https:\/\/www.omni-biotic.com\/hu-hu\/blog\/hizas-az-antibiotikum-miatt\/","og:locale":"hu_HU","og:image":"https:\/\/www.omni-biotic.com\/hu-hu\/wp-content\/uploads\/sites\/7\/2022\/10\/hizas_az_antibiotikum_miatt.jpg","og:image:width":"700","og:image:height":"500"},"additional_data":{"thumbnail":"https:\/\/www.omni-biotic.com\/hu-hu\/wp-content\/uploads\/sites\/7\/2022\/10\/hizas_az_antibiotikum_miatt.jpg"},"blog_info":{"country":"hu-hu"},"_links":{"self":[{"href":"https:\/\/www.omni-biotic.com\/hu-hu\/wp-json\/wp\/v2\/posts\/16228","targetHints":{"allow":["GET"]}}],"collection":[{"href":"https:\/\/www.omni-biotic.com\/hu-hu\/wp-json\/wp\/v2\/posts"}],"about":[{"href":"https:\/\/www.omni-biotic.com\/hu-hu\/wp-json\/wp\/v2\/types\/post"}],"author":[{"embeddable":true,"href":"https:\/\/www.omni-biotic.com\/hu-hu\/wp-json\/wp\/v2\/users\/2"}],"replies":[{"embeddable":true,"href":"https:\/\/www.omni-biotic.com\/hu-hu\/wp-json\/wp\/v2\/comments?post=16228"}],"version-history":[{"count":7,"href":"https:\/\/www.omni-biotic.com\/hu-hu\/wp-json\/wp\/v2\/posts\/16228\/revisions"}],"predecessor-version":[{"id":20773,"href":"https:\/\/www.omni-biotic.com\/hu-hu\/wp-json\/wp\/v2\/posts\/16228\/revisions\/20773"}],"wp:featuredmedia":[{"embeddable":true,"href":"https:\/\/www.omni-biotic.com\/hu-hu\/wp-json\/wp\/v2\/media\/20751"}],"wp:attachment":[{"href":"https:\/\/www.omni-biotic.com\/hu-hu\/wp-json\/wp\/v2\/media?parent=16228"}],"wp:term":[{"taxonomy":"category","embeddable":true,"href":"https:\/\/www.omni-biotic.com\/hu-hu\/wp-json\/wp\/v2\/categories?post=16228"},{"taxonomy":"post_tag","embeddable":true,"href":"https:\/\/www.omni-biotic.com\/hu-hu\/wp-json\/wp\/v2\/tags?post=16228"}],"curies":[{"name":"wp","href":"https:\/\/api.w.org\/{rel}","templated":true}]}}