{"id":16232,"date":"2022-11-08T13:33:27Z","date_gmt":"2022-11-08T12:33:27Z","guid":{"rendered":"https:\/\/www.omni-biotic.com\/hu-hu\/mit-tesz-az-antibiotikum-a-szervezettel\/"},"modified":"2024-02-07T12:52:38Z","modified_gmt":"2024-02-07T11:52:38Z","slug":"mit-tesz-az-antibiotikum-a-szervezettel","status":"publish","type":"post","link":"https:\/\/www.omni-biotic.com\/hu-hu\/blog\/mit-tesz-az-antibiotikum-a-szervezettel\/","title":{"rendered":"Mit tesz az antibiotikum a szervezettel?"},"content":{"rendered":"\t\t<div data-elementor-type=\"wp-post\" data-elementor-id=\"16232\" class=\"elementor elementor-16232\" data-elementor-post-type=\"post\">\n\t\t\t\t<div class=\"elementor-element elementor-element-0fcd4ce obcs none e-flex e-con-boxed e-con e-parent\" data-id=\"0fcd4ce\" data-element_type=\"container\">\n\t\t\t\t\t<div class=\"e-con-inner\">\n\t\t\t\t<div class=\"elementor-element elementor-element-e86a2ec elementor-widget elementor-widget-text-editor\" data-id=\"e86a2ec\" data-element_type=\"widget\" data-widget_type=\"text-editor.default\">\n\t\t\t\t<div class=\"elementor-widget-container\">\n\t\t\t\t\t\t\t\t\t<p><span style=\"color: #993366\"><em>Az antibiotikummal \u2013 Alexander Fleming kutat\u00f3 v\u00e9letlenszer\u0171 felfedez\u00e9s\u00e9nek k\u00f6sz\u00f6nhet\u0151en \u2013 sz\u00e1mos, kor\u00e1bban gy\u00f3gy\u00edthatatlan betegs\u00e9g kezelhet\u0151v\u00e9 v\u00e1lt. Az antibiotikumokat azonban ma m\u00e1r gyakran t\u00fal gyakran \u00e9s t\u00fal kor\u00e1n \u00edrj\u00e1k fel. Ebben a cikkben megtudhatja, milyen nemk\u00edv\u00e1natos mell\u00e9khat\u00e1sai lehetnek ezeknek a gy\u00f3gyszereknek.<\/em><\/span><\/p><p>Az antibiotikumok olyan <strong>gy\u00f3gyszerek<\/strong>, amelyek els\u0151sorban a <strong>bakt\u00e9riumok ellen<\/strong> hatnak. Bakt\u00e9riumt\u00edpust\u00f3l f\u00fcgg\u0151en ezek a mikroorganizmusok lehetnek j\u00f3indulat\u00faak vagy rosszindulat\u00faak, \u00e9s legrosszabb esetben megbeteged\u00e9seket okozhatnak a szervezetben. Ha ez ut\u00f3bbi a helyzet, az antibiotikumok seg\u00edthetnek az emberi szervezetnek lek\u00fczdeni a bakt\u00e9riumokat. Sz\u00e1mos tanulm\u00e1ny azonban azt mutatja, hogy az antibiotikumok nem k\u00edv\u00e1nt mell\u00e9khat\u00e1sokkal is j\u00e1rhatnak, a <a href=\"https:\/\/www.omni-biotic.com\/hu-hu\/blog\/hasmenes-es-antibiotikum\/\">hasmen\u00e9st\u0151l<\/a> az <a href=\"https:\/\/www.omni-biotic.com\/hu-hu\/belpanaszok\/allergia\/\">allergi\u00e1ig<\/a>.<\/p>\t\t\t\t\t\t\t\t<\/div>\n\t\t\t\t<\/div>\n\t\t\t\t\t<\/div>\n\t\t\t\t<\/div>\n\t\t<div class=\"elementor-element elementor-element-920d372 obcs none e-flex e-con-boxed e-con e-parent\" data-id=\"920d372\" data-element_type=\"container\">\n\t\t\t\t\t<div class=\"e-con-inner\">\n\t\t\t\t<div class=\"elementor-element elementor-element-5747b04 elementor-widget elementor-widget-heading\" data-id=\"5747b04\" data-element_type=\"widget\" data-widget_type=\"heading.default\">\n\t\t\t\t<div class=\"elementor-widget-container\">\n\t\t\t\t\t<h2 class=\"elementor-heading-title elementor-size-default\">Antibiotikum \u00e9s a b\u00e9lfl\u00f3ra<\/h2>\t\t\t\t<\/div>\n\t\t\t\t<\/div>\n\t\t\t\t<div class=\"elementor-element elementor-element-3147c75 elementor-widget elementor-widget-image\" data-id=\"3147c75\" data-element_type=\"widget\" data-widget_type=\"image.default\">\n\t\t\t\t<div class=\"elementor-widget-container\">\n\t\t\t\t\t\t\t\t\t\t\t\t\t\t\t<img fetchpriority=\"high\" decoding=\"async\" width=\"700\" height=\"500\" src=\"https:\/\/www.omni-biotic.com\/hu-hu\/wp-content\/uploads\/sites\/7\/2022\/11\/mikrobiom_antibiotikum_probiotikum.jpg\" class=\"attachment-large size-large wp-image-20703\" alt=\"antibiotikum hat\u00e1sa a szervezetre, antibiotikum mell\u00e9khat\u00e1sm antibiotikum gyerekeknek, probiotikum antibiotikumhoz, omni-biotic\" srcset=\"https:\/\/www.omni-biotic.com\/hu-hu\/wp-content\/uploads\/sites\/7\/2022\/11\/mikrobiom_antibiotikum_probiotikum.jpg 700w, https:\/\/www.omni-biotic.com\/hu-hu\/wp-content\/uploads\/sites\/7\/2022\/11\/mikrobiom_antibiotikum_probiotikum-300x214.jpg 300w\" sizes=\"(max-width: 700px) 100vw, 700px\" title=\"\">\t\t\t\t\t\t\t\t\t\t\t\t\t\t\t<\/div>\n\t\t\t\t<\/div>\n\t\t\t\t<div class=\"elementor-element elementor-element-6ee3195 elementor-widget elementor-widget-text-editor\" data-id=\"6ee3195\" data-element_type=\"widget\" data-widget_type=\"text-editor.default\">\n\t\t\t\t<div class=\"elementor-widget-container\">\n\t\t\t\t\t\t\t\t\t<p>Az antibiotikumok t\u00f6bbek k\u00f6z\u00f6tt megzavarj\u00e1k a b\u00e9lfl\u00f3r\u00e1t, amely sz\u00e1mos j\u00f3t\u00e9kony bakt\u00e9riumnak ad otthont. Egy nemr\u00e9giben k\u00e9sz\u00fclt tanulm\u00e1nyban kimutatt\u00e1k, hogy a k\u00f3rokoz\u00f3 cs\u00edr\u00e1k sz\u00e1ma eg\u00e9szs\u00e9ges \u00f6nk\u00e9ntesek <a href=\"https:\/\/www.omni-biotic.com\/hu-hu\/a-belrendszer-egeszsege\/\">b\u00e9lrendszer\u00e9ben<\/a> n\u00e9gynapos <a href=\"https:\/\/www.omni-biotic.com\/hu-hu\/blog\/hizas-az-antibiotikum-miatt\/\">antibiotikumos<\/a> kezel\u00e9s ut\u00e1n megn\u00f6vekedett. A szerz\u0151k szerint ez magyar\u00e1zatot ad arra, hogy mi\u00e9rt okozhatnak fert\u0151z\u00e9st a Clostridium difficile (CDI), egy nem teljesen \u00e1rtalmatlan bakt\u00e9riummal.<\/p>\t\t\t\t\t\t\t\t<\/div>\n\t\t\t\t<\/div>\n\t\t\t\t\t<\/div>\n\t\t\t\t<\/div>\n\t\t<div class=\"elementor-element elementor-element-6e7c913 obcs none e-flex e-con-boxed e-con e-parent\" data-id=\"6e7c913\" data-element_type=\"container\">\n\t\t\t\t\t<div class=\"e-con-inner\">\n\t\t\t\t<div class=\"elementor-element elementor-element-7f5cf04 elementor-widget elementor-widget-heading\" data-id=\"7f5cf04\" data-element_type=\"widget\" data-widget_type=\"heading.default\">\n\t\t\t\t<div class=\"elementor-widget-container\">\n\t\t\t\t\t<h2 class=\"elementor-heading-title elementor-size-default\">Mennyi ideig jelentkezhetnek a mell\u00e9khat\u00e1sok?<\/h2>\t\t\t\t<\/div>\n\t\t\t\t<\/div>\n\t\t\t\t\t<\/div>\n\t\t\t\t<\/div>\n\t\t<div class=\"elementor-element elementor-element-39629ad obcs none e-flex e-con-boxed e-con e-parent\" data-id=\"39629ad\" data-element_type=\"container\">\n\t\t\t\t\t<div class=\"e-con-inner\">\n\t\t\t\t<div class=\"elementor-element elementor-element-d684690 elementor-widget elementor-widget-text-editor\" data-id=\"d684690\" data-element_type=\"widget\" data-widget_type=\"text-editor.default\">\n\t\t\t\t<div class=\"elementor-widget-container\">\n\t\t\t\t\t\t\t\t\t<p>A fent eml\u00edtett vizsg\u00e1latban a szem\u00e9lyek <a href=\"https:\/\/www.omni-biotic.com\/hu\/belflora\/\">b\u00e9lfl\u00f3r\u00e1ja<\/a> m\u00e1r m\u00e1sf\u00e9l h\u00f3nappal az antibiotikum ter\u00e1pia ut\u00e1n nagyr\u00e9szt helyre\u00e1llt, de m\u00e9g hat h\u00f3nappal k\u00e9s\u0151bb is hi\u00e1nyzott kilenc gyakori \u00e9s a b\u00e9lfl\u00f3ra norm\u00e1lis m\u0171k\u00f6d\u00e9s\u00e9hez <strong>n\u00e9lk\u00fcl\u00f6zhetetlen bakt\u00e9riumt\u00f6rzs<\/strong>. Emellett a kutat\u00f3k a jelenl\u00e9v\u0151 bakt\u00e9riumokban megn\u00f6vekedett rezisztenciag\u00e9neket tal\u00e1ltak, amelyek k\u00e9pesek az antibiotikumok hat\u00e1s\u00e1t gyeng\u00edteni vagy ak\u00e1r meg is sz\u00fcntetni.<\/p><p>Ha a <a href=\"https:\/\/www.omni-biotic.com\/hu-hu\/blog\/hugyuti-fertozes-az-e-coli-szorosan-tapad-a-felueletekhez\/\">vizeletben<\/a> bakt\u00e9riumokat mutatnak ki, az orvosok gyakran \u00edrnak fel antibiotikumot. Norma Jung, a DGI (N\u00e9met Infektol\u00f3giai T\u00e1rsas\u00e1g) tan\u00e1csad\u00f3 test\u00fclet\u00e9nek tagja szerint azonban a vizeletben l\u00e9v\u0151 bakt\u00e9riumoknak k\u00fcl\u00f6nb\u00f6z\u0151 okai lehetnek, \u00e9s a n\u0151kn\u00e9l gyakoribbak, mint a f\u00e9rfiakn\u00e1l. Csak akkor szabad egy kezel\u00e9st elkezdeni, ha a h\u00fagy\u00fati fert\u0151z\u00e9s tipikus t\u00fcnetei jelentkeznek. M\u00e9g fenn\u00e1ll\u00f3 <a href=\"https:\/\/www.omni-biotic.com\/hu-hu\/blog\/mitol-alakul-ki-a-visszatero-huevelyfertozes-omni-biotic-hu\/\">h\u00f3lyaghurut<\/a> eset\u00e9n is figyelembe kell venni a betegs\u00e9g s\u00falyoss\u00e1g\u00e1t. Egy tanulm\u00e1ny kimutatta, hogy a sz\u00f6v\u0151dm\u00e9nymentes<a href=\"https:\/\/www.omni-biotic.com\/hu-hu\/blog\/bakterialis-vaginozis-es-huevelygomba-tuenetek-kezeles\/\"> h\u00fagy\u00fati fert\u0151z\u00e9sben<\/a> szenved\u0151 n\u0151k mintegy k\u00e9tharmada antibiotikumok alkalmaz\u00e1sa n\u00e9lk\u00fcl is meggy\u00f3gyul.<\/p>\t\t\t\t\t\t\t\t<\/div>\n\t\t\t\t<\/div>\n\t\t\t\t\t<\/div>\n\t\t\t\t<\/div>\n\t\t<div class=\"elementor-element elementor-element-0dceeab obcs none e-flex e-con-boxed e-con e-parent\" data-id=\"0dceeab\" data-element_type=\"container\">\n\t\t\t\t\t<div class=\"e-con-inner\">\n\t\t\t\t<div class=\"elementor-element elementor-element-5e489ca elementor-widget elementor-widget-heading\" data-id=\"5e489ca\" data-element_type=\"widget\" data-widget_type=\"heading.default\">\n\t\t\t\t<div class=\"elementor-widget-container\">\n\t\t\t\t\t<h2 class=\"elementor-heading-title elementor-size-default\">Allergia az antibiotikum miatt<\/h2>\t\t\t\t<\/div>\n\t\t\t\t<\/div>\n\t\t\t\t\t<\/div>\n\t\t\t\t<\/div>\n\t\t<div class=\"elementor-element elementor-element-18c1ff6 obcs none e-flex e-con-boxed e-con e-parent\" data-id=\"18c1ff6\" data-element_type=\"container\">\n\t\t\t\t\t<div class=\"e-con-inner\">\n\t\t\t\t<div class=\"elementor-element elementor-element-3feb69e elementor-widget elementor-widget-text-editor\" data-id=\"3feb69e\" data-element_type=\"widget\" data-widget_type=\"text-editor.default\">\n\t\t\t\t<div class=\"elementor-widget-container\">\n\t\t\t\t\t\t\t\t\t<p>Az antibiotikum ter\u00e1pi\u00e1t <a href=\"https:\/\/www.omni-biotic.com\/hu-hu\/blog\/antibiotikumok-gyerekeknek\/\">gyermekek<\/a> \u00e9s k\u00fcl\u00f6n\u00f6sen csecsem\u0151k eset\u00e9ben is<strong> j\u00f3l meg kell fontolni<\/strong>. Egy nemr\u00e9giben k\u00f6zz\u00e9tett tanulm\u00e1ny szerint azokn\u00e1l a gyermekekn\u00e9l, akik \u00e9let\u00fck els\u0151 hat h\u00f3napj\u00e1ban antibiotikumot vagy savblokkol\u00f3t kaptak, k\u00f6r\u00fclbel\u00fcl k\u00e9tszer nagyobb val\u00f3sz\u00edn\u0171s\u00e9ggel alakult ki <a href=\"https:\/\/www.omni-biotic.com\/hu-hu\/blog\/a-belflora-erositese-a-szueletestol-pillanatatol-kezdve\/\">allergia<\/a>, mint azokn\u00e1l a gyermekekn\u00e9l, akik nem kaptak ilyen gy\u00f3gyszert.<\/p><p>A nagyszab\u00e1s\u00fa vizsg\u00e1lat sor\u00e1n k\u00f6zel 800.000 gyermeket figyeltek meg a sz\u00fclet\u00e9s ut\u00e1ni 35. napt\u00f3l kezdve az \u00f3vod\u00e1s korig. A szakemberek ki tudt\u00e1k mutatni, hogy egy\u00e9rtelm\u0171 \u00f6sszef\u00fcgg\u00e9s van az antibiotikumok valamint savblokkol\u00f3k haszn\u00e1lata \u00e9s az allergia k\u00f6z\u00f6tt. Ha a csecsem\u0151k fert\u0151z\u00e9sben szenvednek, ellen\u0151rizni kell, hogy annak bakteri\u00e1lis oka van-e. Ha ez a helyzet, azt is tiszt\u00e1zni kell, hogy val\u00f3ban sz\u00fcks\u00e9ges-e antibiotikumot alkalmazni.<\/p>\t\t\t\t\t\t\t\t<\/div>\n\t\t\t\t<\/div>\n\t\t\t\t<div class=\"elementor-element elementor-element-e067442 elementor-widget elementor-widget-heading\" data-id=\"e067442\" data-element_type=\"widget\" data-widget_type=\"heading.default\">\n\t\t\t\t<div class=\"elementor-widget-container\">\n\t\t\t\t\t<h2 class=\"elementor-heading-title elementor-size-default\">Antibiotikum rezisztencia<\/h2>\t\t\t\t<\/div>\n\t\t\t\t<\/div>\n\t\t\t\t\t<\/div>\n\t\t\t\t<\/div>\n\t\t<div class=\"elementor-element elementor-element-ccc48cc obcs none e-flex e-con-boxed e-con e-parent\" data-id=\"ccc48cc\" data-element_type=\"container\">\n\t\t\t\t\t<div class=\"e-con-inner\">\n\t\t\t\t<div class=\"elementor-element elementor-element-4651eae elementor-widget elementor-widget-text-editor\" data-id=\"4651eae\" data-element_type=\"widget\" data-widget_type=\"text-editor.default\">\n\t\t\t\t<div class=\"elementor-widget-container\">\n\t\t\t\t\t\t\t\t\t<p>A <strong>sz\u00e9les k\u00f6r\u0171 alkalmaz\u00e1s<\/strong> vezetett ahhoz, hogy a bakt\u00e9riumok \u00e9rz\u00e9ketlenn\u00e9 v\u00e1ltak a k\u00fcl\u00f6nb\u00f6z\u0151 hat\u00f3anyagokkal szemben. Ez viszont megnehez\u00edti a fert\u0151z\u0151 betegs\u00e9gek sikeres kezel\u00e9s\u00e9t. Min\u00e9l t\u00f6bb ellen\u00e1ll\u00f3 bakt\u00e9rium fejl\u0151dik ki, ez ann\u00e1l nehezebb\u00e9 v\u00e1lik. K\u00fcl\u00f6n\u00f6sen a k\u00f3rh\u00e1zakban jelentenek nagy kih\u00edv\u00e1st ezek az \u00fagynevezett multirezisztens bakt\u00e9riumok. Ausztr\u00e1l tud\u00f3sok p\u00e9ld\u00e1ul a <em>Staphylococcus epidermidisre<\/em> figyelmeztetnek, amely m\u00e1r k\u00e9t leggyakrabban haszn\u00e1lt antibiotikummal szemben is ellen\u00e1ll\u00f3, \u00e1ltal\u00e1ban kombin\u00e1ltan. Ez <strong>s\u00falyos fert\u0151z\u00e9seket<\/strong> okozhat, amelyek ak\u00e1r hal\u00e1los kimenetel\u0171ek is lehetnek.<\/p><p>Ez a bakt\u00e9rium, amely az MRSA bakt\u00e9riummal rokon, az emberi b\u0151r\u00f6n tal\u00e1lhat\u00f3. Ez azonban fert\u0151z\u00e9sekhez vezethet, k\u00fcl\u00f6n\u00f6sen id\u0151s emberekn\u00e9l vagy olyan betegekn\u00e9l, akiknek prot\u00e9ziseket \u00fcltettek be. A tud\u00f3sok becsl\u00e9se szerint a k\u00f3rokoz\u00f3 az intenz\u00edv oszt\u00e1lyokon k\u00fcl\u00f6n\u00f6sen gyakori antibiotikum alkalmaz\u00e1sa miatt terjed. Ez\u00e9rt \u00fagy t\u0171nik, hogy az a gyakorlat, hogy a rezisztencia elker\u00fcl\u00e9se \u00e9rdek\u00e9ben egyszerre t\u00f6bb gy\u00f3gyszert alkalmaznak, nem m\u0171k\u00f6dik. Az Eg\u00e9szs\u00e9g\u00fcgyi Vil\u00e1gszervezet (WHO) is r\u00e9g\u00f3ta <strong>\u00f3va int<\/strong> az antibiotikumok t\u00falzott haszn\u00e1lat\u00e1t\u00f3l.<\/p>\t\t\t\t\t\t\t\t<\/div>\n\t\t\t\t<\/div>\n\t\t\t\t\t<\/div>\n\t\t\t\t<\/div>\n\t\t<div class=\"elementor-element elementor-element-0ff88df obcs none e-flex e-con-boxed e-con e-parent\" data-id=\"0ff88df\" data-element_type=\"container\">\n\t\t\t\t\t<div class=\"e-con-inner\">\n\t\t\t\t<div class=\"elementor-element elementor-element-5e4eab8 elementor-widget elementor-widget-image\" data-id=\"5e4eab8\" data-element_type=\"widget\" data-widget_type=\"image.default\">\n\t\t\t\t<div class=\"elementor-widget-container\">\n\t\t\t\t\t\t\t\t\t\t\t\t\t\t\t<img decoding=\"async\" width=\"700\" height=\"500\" src=\"https:\/\/www.omni-biotic.com\/hu-hu\/wp-content\/uploads\/sites\/7\/2022\/11\/antibiotikum_probiotikum_hasmenes-kezeles.jpg\" class=\"attachment-large size-large wp-image-20702\" alt=\"antibiotikum hat\u00e1sa a szervezetre, antibiotikum mell\u00e9khat\u00e1sm antibiotikum gyerekeknek, probiotikum antibiotikumhoz, omni-biotic\" srcset=\"https:\/\/www.omni-biotic.com\/hu-hu\/wp-content\/uploads\/sites\/7\/2022\/11\/antibiotikum_probiotikum_hasmenes-kezeles.jpg 700w, https:\/\/www.omni-biotic.com\/hu-hu\/wp-content\/uploads\/sites\/7\/2022\/11\/antibiotikum_probiotikum_hasmenes-kezeles-300x214.jpg 300w\" sizes=\"(max-width: 700px) 100vw, 700px\" title=\"\">\t\t\t\t\t\t\t\t\t\t\t\t\t\t\t<\/div>\n\t\t\t\t<\/div>\n\t\t\t\t<div class=\"elementor-element elementor-element-762595e elementor-widget elementor-widget-heading\" data-id=\"762595e\" data-element_type=\"widget\" data-widget_type=\"heading.default\">\n\t\t\t\t<div class=\"elementor-widget-container\">\n\t\t\t\t\t<h2 class=\"elementor-heading-title elementor-size-default\">Mit tegy\u00fcnk, ha sz\u00fcks\u00e9ges az antibiotikum ter\u00e1pia?<\/h2>\t\t\t\t<\/div>\n\t\t\t\t<\/div>\n\t\t\t\t\t<\/div>\n\t\t\t\t<\/div>\n\t\t<div class=\"elementor-element elementor-element-6bd09f1 obcs none e-flex e-con-boxed e-con e-parent\" data-id=\"6bd09f1\" data-element_type=\"container\">\n\t\t\t\t\t<div class=\"e-con-inner\">\n\t\t\t\t<div class=\"elementor-element elementor-element-a44262f elementor-widget elementor-widget-text-editor\" data-id=\"a44262f\" data-element_type=\"widget\" data-widget_type=\"text-editor.default\">\n\t\t\t\t<div class=\"elementor-widget-container\">\n\t\t\t\t\t\t\t\t\t<p>Term\u00e9szetesen vannak olyan betegs\u00e9gek, amelyekn\u00e9l antibiotikumos kezel\u00e9sre van sz\u00fcks\u00e9g. Ebben az esetben \u00e9rdemes a b\u00e9lrendszert elegend\u0151 mennyis\u00e9g\u0171 <a href=\"https:\/\/www.omni-biotic.com\/hu-hu\/blog\/belbakteriumok-fajtai-es-szerepe\/\">hasznos bakt\u00e9riummal<\/a> ell\u00e1tni, p\u00e9ld\u00e1ul <strong>szinbiotikumok<\/strong> form\u00e1j\u00e1ban. Ez az\u00e9rt j\u00f3 \u00f6tlet, mert az antibiotikum nemcsak a <strong>k\u00f3rokoz\u00f3kat puszt\u00edtja<\/strong> el, hanem a <strong>j\u00f3t\u00e9kony b\u00e9lbakt\u00e9riumok <\/strong>eg\u00e9sz<strong> t\u00f6rzseit<\/strong> is. A <a href=\"https:\/\/www.omni-biotic.com\/hu-hu\/a-belrendszer-egeszsege\/a-bel-az-egeszseg-kozpontja\/probiotikum\/\">probiotikumok <\/a>szed\u00e9s\u00e9vel a szervezet <strong>ut\u00e1np\u00f3tl\u00e1st<\/strong> kap az emberi b\u00e9lben <strong>term\u00e9szetesen el\u0151fordul\u00f3<\/strong> bakt\u00e9riumok form\u00e1j\u00e1ban, amelyek a <a href=\"https:\/\/www.omni-biotic.com\/hu-hu\/a-belrendszer-egeszsege\/\">b\u00e9lben<\/a> is megtelepedhetnek \u00e9s elszaporodhatnak.<\/p>\t\t\t\t\t\t\t\t<\/div>\n\t\t\t\t<\/div>\n\t\t\t\t\t<\/div>\n\t\t\t\t<\/div>\n\t\t\t\t<\/div>\n\t\t","protected":false},"excerpt":{"rendered":"<p>Az antibiotikummal \u2013 Alexander Fleming kutat\u00f3 v\u00e9letlenszer\u0171 felfedez\u00e9s\u00e9nek k\u00f6sz\u00f6nhet\u0151en \u2013 sz\u00e1mos, kor\u00e1bban gy\u00f3gy\u00edthatatlan betegs\u00e9g kezelhet\u0151v\u00e9 v\u00e1lt. Az antibiotikumokat azonban ma m\u00e1r gyakran t\u00fal gyakran \u00e9s t\u00fal kor\u00e1n \u00edrj\u00e1k fel. Ebben a cikkben megtudhatja, milyen nemk\u00edv\u00e1natos mell\u00e9khat\u00e1sai lehetnek ezeknek a gy\u00f3gyszereknek. Az antibiotikumok olyan gy\u00f3gyszerek, amelyek els\u0151sorban a bakt\u00e9riumok ellen hatnak. Bakt\u00e9riumt\u00edpust\u00f3l f\u00fcgg\u0151en ezek a mikroorganizmusok [&hellip;]<\/p>\n","protected":false},"author":2,"featured_media":20702,"comment_status":"closed","ping_status":"closed","sticky":false,"template":"","format":"standard","meta":{"_acf_changed":false,"inline_featured_image":false,"footnotes":""},"categories":[108],"tags":[],"class_list":["post-16232","post","type-post","status-publish","format-standard","has-post-thumbnail","hentry","category-panaszok-tanacsok"],"acf":[],"rank_math":{"og:title":"Mit tesz az antibiotikum a szervezettel? - OMNi-BiOTiC\u00ae","og:desc":"Az antibiotikumot (t\u00fal) gyakran fel\u00edrj\u00e1k. Ez olyan mell\u00e9khat\u00e1sokhoz vezethet, mint a hasmen\u00e9s, az allergia \u00e9s a vesz\u00e9lyes rezisztencia.","og:url":"https:\/\/www.omni-biotic.com\/hu-hu\/blog\/mit-tesz-az-antibiotikum-a-szervezettel\/","og:locale":"hu_HU","og:image":"https:\/\/www.omni-biotic.com\/hu-hu\/wp-content\/uploads\/sites\/7\/2022\/11\/antibiotikum_probiotikum_hasmenes-kezeles.jpg","og:image:width":"700","og:image:height":"500"},"additional_data":{"thumbnail":"https:\/\/www.omni-biotic.com\/hu-hu\/wp-content\/uploads\/sites\/7\/2022\/11\/antibiotikum_probiotikum_hasmenes-kezeles.jpg"},"blog_info":{"country":"hu-hu"},"_links":{"self":[{"href":"https:\/\/www.omni-biotic.com\/hu-hu\/wp-json\/wp\/v2\/posts\/16232","targetHints":{"allow":["GET"]}}],"collection":[{"href":"https:\/\/www.omni-biotic.com\/hu-hu\/wp-json\/wp\/v2\/posts"}],"about":[{"href":"https:\/\/www.omni-biotic.com\/hu-hu\/wp-json\/wp\/v2\/types\/post"}],"author":[{"embeddable":true,"href":"https:\/\/www.omni-biotic.com\/hu-hu\/wp-json\/wp\/v2\/users\/2"}],"replies":[{"embeddable":true,"href":"https:\/\/www.omni-biotic.com\/hu-hu\/wp-json\/wp\/v2\/comments?post=16232"}],"version-history":[{"count":7,"href":"https:\/\/www.omni-biotic.com\/hu-hu\/wp-json\/wp\/v2\/posts\/16232\/revisions"}],"predecessor-version":[{"id":20707,"href":"https:\/\/www.omni-biotic.com\/hu-hu\/wp-json\/wp\/v2\/posts\/16232\/revisions\/20707"}],"wp:featuredmedia":[{"embeddable":true,"href":"https:\/\/www.omni-biotic.com\/hu-hu\/wp-json\/wp\/v2\/media\/20702"}],"wp:attachment":[{"href":"https:\/\/www.omni-biotic.com\/hu-hu\/wp-json\/wp\/v2\/media?parent=16232"}],"wp:term":[{"taxonomy":"category","embeddable":true,"href":"https:\/\/www.omni-biotic.com\/hu-hu\/wp-json\/wp\/v2\/categories?post=16232"},{"taxonomy":"post_tag","embeddable":true,"href":"https:\/\/www.omni-biotic.com\/hu-hu\/wp-json\/wp\/v2\/tags?post=16232"}],"curies":[{"name":"wp","href":"https:\/\/api.w.org\/{rel}","templated":true}]}}