{"id":16247,"date":"2024-01-18T08:46:53Z","date_gmt":"2024-01-18T07:46:53Z","guid":{"rendered":"https:\/\/www.omni-biotic.com\/hu-hu\/a-gyogyszerek-hatasa-a-belflorara\/"},"modified":"2024-06-11T10:15:02Z","modified_gmt":"2024-06-11T08:15:02Z","slug":"a-gyogyszerek-hatasa-a-belflorara","status":"publish","type":"post","link":"https:\/\/www.omni-biotic.com\/hu-hu\/blog\/a-gyogyszerek-hatasa-a-belflorara\/","title":{"rendered":"A gy\u00f3gyszerek hat\u00e1sa a b\u00e9lfl\u00f3r\u00e1ra"},"content":{"rendered":"\t\t<div data-elementor-type=\"wp-post\" data-elementor-id=\"16247\" class=\"elementor elementor-16247\" data-elementor-post-type=\"post\">\n\t\t\t\t<div class=\"elementor-element elementor-element-89227c7 obcs none e-flex e-con-boxed e-con e-parent\" data-id=\"89227c7\" data-element_type=\"container\">\n\t\t\t\t\t<div class=\"e-con-inner\">\n\t\t\t\t<div class=\"elementor-element elementor-element-84988f2 elementor-widget elementor-widget-text-editor\" data-id=\"84988f2\" data-element_type=\"widget\" data-widget_type=\"text-editor.default\">\n\t\t\t\t<div class=\"elementor-widget-container\">\n\t\t\t\t\t\t\t\t\t<p><span style=\"color: #800080\"><i>A gy\u00f3gyszerek negat\u00edv hat\u00e1ssal vannak a <a href=\"https:\/\/www.omni-biotic.com\/hu-hu\/a-belrendszer-egeszsege\/a-bel-az-egeszseg-kozpontja\/belmikrobiom\/\"><strong>mikrobiomra<\/strong><\/a>. Azonban a b\u00e9lbakt\u00e9riumok szerepet j\u00e1tszanak a gy\u00f3gyszerek hat\u00e9konys\u00e1g\u00e1nak kialakul\u00e1s\u00e1ban. Ez a k\u00f6lcs\u00f6nhat\u00e1s foglalkoztatja a kutat\u00f3kat.<\/i><\/span><\/p>\t\t\t\t\t\t\t\t<\/div>\n\t\t\t\t<\/div>\n\t\t\t\t\t<\/div>\n\t\t\t\t<\/div>\n\t\t<div class=\"elementor-element elementor-element-5a0dfe8 obcs none e-flex e-con-boxed e-con e-parent\" data-id=\"5a0dfe8\" data-element_type=\"container\">\n\t\t\t\t\t<div class=\"e-con-inner\">\n\t\t\t\t<div class=\"elementor-element elementor-element-fc8d2f6 elementor-widget elementor-widget-heading\" data-id=\"fc8d2f6\" data-element_type=\"widget\" data-widget_type=\"heading.default\">\n\t\t\t\t<div class=\"elementor-widget-container\">\n\t\t\t\t\t<h2 class=\"elementor-heading-title elementor-size-default\">Irrit\u00e1lt b\u00e9lny\u00e1lkah\u00e1rtya a gy\u00f3gyszerek miatt<\/h2>\t\t\t\t<\/div>\n\t\t\t\t<\/div>\n\t\t\t\t\t<\/div>\n\t\t\t\t<\/div>\n\t\t<div class=\"elementor-element elementor-element-c09d245 obcs none e-flex e-con-boxed e-con e-parent\" data-id=\"c09d245\" data-element_type=\"container\">\n\t\t\t\t\t<div class=\"e-con-inner\">\n\t\t\t\t<div class=\"elementor-element elementor-element-9c9035a elementor-widget elementor-widget-text-editor\" data-id=\"9c9035a\" data-element_type=\"widget\" data-widget_type=\"text-editor.default\">\n\t\t\t\t<div class=\"elementor-widget-container\">\n\t\t\t\t\t\t\t\t\t<p class=\"bodytext\">A b\u00e9lben sz\u00e1mos k\u00fcl\u00f6nb\u00f6z\u0151 bakt\u00e9rium \u00e9s mikroorganizmus, a <strong>mikrobiom<\/strong>\u00a0\u00e9l. Az apr\u00f3 kis <a href=\"https:\/\/www.omni-biotic.com\/hu-hu\/blog\/belbakteriumok-fajtai-es-szerepe\/\"><strong>b\u00e9lbakt\u00e9riumaink<\/strong> <\/a>kiegyens\u00falyozott \u00f6sszet\u00e9tele sz\u00f3 szerint biztos\u00edtja a kellemes k\u00f6z\u00e9rzetet, hiszen <a href=\"https:\/\/www.omni-biotic.com\/hu-hu\/a-belrendszer-egeszsege\/a-bel-az-egeszseg-kozpontja\/belflora\/\"><strong>b\u00e9lfl\u00f3r\u00e1nk<\/strong> <\/a>k\u00f6zponti szerepet j\u00e1tszik az eg\u00e9sz szervezetben zajl\u00f3 k\u00fcl\u00f6nb\u00f6z\u0151 folyamatok lebonyol\u00edt\u00e1s\u00e1ban \u00e9s eg\u00e9szs\u00e9g\u00fcnk fenntart\u00e1s\u00e1ban.<\/p><p class=\"bodytext\">Egy ideje m\u00e1r ismert, hogy a k\u00fcl\u00f6nb\u00f6z\u0151 gy\u00f3gyszerek, p\u00e9ld\u00e1ul az <a href=\"https:\/\/www.omni-biotic.com\/hu-hu\/blog\/mit-tesz-az-antibiotikum-a-szervezettel\/\"><strong>antibiotikumok<\/strong> <\/a>\u00e9s egyes f\u00e1jdalomcsillap\u00edt\u00f3k irrit\u00e1lj\u00e1k a gyomor- \u00e9s a b\u00e9lny\u00e1lkah\u00e1rty\u00e1t, valamint jelent\u0151sen megv\u00e1ltoztatj\u00e1k a mikrobiom \u00f6sszet\u00e9tel\u00e9t. Ez\u00e9rt ezeket a gy\u00f3gyszereket sok\u00e1ig protonpumpa-g\u00e1tl\u00f3kkal egy\u00fctt \u00edrt\u00e1k fel, amelyet a k\u00f6znyelvben gyomorv\u00e9d\u0151nek neveznek. Id\u0151k\u00f6zben azonban kider\u00fclt, hogy az ilyen gy\u00f3gyszerek a <a href=\"https:\/\/www.omni-biotic.com\/hu-hu\/a-belrendszer-egeszsege\/a-bel-az-egeszseg-kozpontja\/belflora\/\"><strong>b\u00e9lfl\u00f3r\u00e1ra<\/strong><\/a> is hat\u00e1ssal vannak.<\/p>\t\t\t\t\t\t\t\t<\/div>\n\t\t\t\t<\/div>\n\t\t\t\t\t<\/div>\n\t\t\t\t<\/div>\n\t\t<div class=\"elementor-element elementor-element-1d00b6a obcs none e-flex e-con-boxed e-con e-parent\" data-id=\"1d00b6a\" data-element_type=\"container\">\n\t\t\t\t\t<div class=\"e-con-inner\">\n\t\t\t\t<div class=\"elementor-element elementor-element-1f44709 elementor-widget elementor-widget-heading\" data-id=\"1f44709\" data-element_type=\"widget\" data-widget_type=\"heading.default\">\n\t\t\t\t<div class=\"elementor-widget-container\">\n\t\t\t\t\t<h2 class=\"elementor-heading-title elementor-size-default\">S\u00e9r\u00fclt b\u00e9lg\u00e1t<\/h2>\t\t\t\t<\/div>\n\t\t\t\t<\/div>\n\t\t\t\t\t<\/div>\n\t\t\t\t<\/div>\n\t\t<div class=\"elementor-element elementor-element-d01cb90 obcs none e-flex e-con-boxed e-con e-parent\" data-id=\"d01cb90\" data-element_type=\"container\">\n\t\t\t\t\t<div class=\"e-con-inner\">\n\t\t\t\t<div class=\"elementor-element elementor-element-2f4e5ce elementor-widget elementor-widget-image\" data-id=\"2f4e5ce\" data-element_type=\"widget\" data-widget_type=\"image.default\">\n\t\t\t\t<div class=\"elementor-widget-container\">\n\t\t\t\t\t\t\t\t\t\t\t\t\t\t\t<img fetchpriority=\"high\" decoding=\"async\" width=\"800\" height=\"520\" src=\"https:\/\/www.omni-biotic.com\/hu-hu\/wp-content\/uploads\/sites\/7\/2023\/01\/belflora_gyogyszerek_omnibiotic.png\" class=\"attachment-large size-large wp-image-22834\" alt=\"mikrobiom, mikrobi\u00f3ta,, gy\u00f3gyszerek hat\u00e1sa, antibiotikum mell\u00e9khat\u00e1sa\" srcset=\"https:\/\/www.omni-biotic.com\/hu-hu\/wp-content\/uploads\/sites\/7\/2023\/01\/belflora_gyogyszerek_omnibiotic.png 1024w, https:\/\/www.omni-biotic.com\/hu-hu\/wp-content\/uploads\/sites\/7\/2023\/01\/belflora_gyogyszerek_omnibiotic-300x195.png 300w, https:\/\/www.omni-biotic.com\/hu-hu\/wp-content\/uploads\/sites\/7\/2023\/01\/belflora_gyogyszerek_omnibiotic-768x500.png 768w\" sizes=\"(max-width: 800px) 100vw, 800px\" title=\"\">\t\t\t\t\t\t\t\t\t\t\t\t\t\t\t<\/div>\n\t\t\t\t<\/div>\n\t\t\t\t<div class=\"elementor-element elementor-element-60c921d elementor-widget elementor-widget-text-editor\" data-id=\"60c921d\" data-element_type=\"widget\" data-widget_type=\"text-editor.default\">\n\t\t\t\t<div class=\"elementor-widget-container\">\n\t\t\t\t\t\t\t\t\t<p class=\"bodytext\">Azonban sz\u00e1mos m\u00e1s<strong> gy\u00f3gyszer is hat\u00e1ssal van<\/strong> a mikrobiom \u00f6sszet\u00e9tel\u00e9re \u00e9s m\u0171k\u00f6d\u00e9s\u00e9re. A lista hossz\u00fa: a <a href=\"https:\/\/www.omni-biotic.com\/hu-hu\/blog\/fogamzasgatlok-es-huevelyflora\/\"><strong>fogamz\u00e1sg\u00e1tl\u00f3 tabletta<\/strong><\/a> \u00e9s m\u00e1s <strong>hormonk\u00e9sz\u00edtm\u00e9nyek, antihisztaminok, sz\u00e1mos v\u00e9rcukor-, v\u00e9rnyom\u00e1s- \u00e9s koleszterinszint-cs\u00f6kkent\u0151 gy\u00f3gyszer, kortizon <\/strong>\u00e9s<strong> antidepressz\u00e1nsok<\/strong> szerepelnek k\u00f6zt\u00fck. Ezek mind olyan gy\u00f3gyszerek, amelyeket gyakran \u00edrnak fel orvosok. Egy nemr\u00e9giben k\u00e9sz\u00fclt tanulm\u00e1ny becsl\u00e9se szerint az \u00f6sszes gy\u00f3gyszer legal\u00e1bb 25%-a jelent\u0151s hat\u00e1ssal van a <strong>mikrobiot\u00e1ra<\/strong>.<\/p><p class=\"bodytext\">\u201eA bakt\u00e9riumok n\u00f6veked\u00e9s\u00e9n \u00e9s m\u0171k\u00f6d\u00e9s\u00e9n k\u00edv\u00fcl a gy\u00f3gyszerek hat\u00e1ssal vannak a b\u00e9lg\u00e1tra, a b\u00e9lmotilit\u00e1sra, azaz a b\u00e9l izommozg\u00e1s\u00e1ra, valamint a b\u00e9l immunrendszer\u00e9re is. Hogy ez j\u00f3 vagy rossz-e a betegek sz\u00e1m\u00e1ra, azt minden egyes esetben meg kell vizsg\u00e1lni\u201d \u2013 magyar\u00e1zza Dr. Vanessa Stadlbauer-K\u00f6llner, a Grazi Orvosi Egyetem Gasztroenterol\u00f3giai \u00e9s Hepatol\u00f3giai Oszt\u00e1ly\u00e1nak szakorvosa.<\/p>\t\t\t\t\t\t\t\t<\/div>\n\t\t\t\t<\/div>\n\t\t\t\t\t<\/div>\n\t\t\t\t<\/div>\n\t\t<div class=\"elementor-element elementor-element-c636a3d obcs none e-flex e-con-boxed e-con e-parent\" data-id=\"c636a3d\" data-element_type=\"container\">\n\t\t\t\t\t<div class=\"e-con-inner\">\n\t\t\t\t<div class=\"elementor-element elementor-element-e08a41a elementor-widget elementor-widget-heading\" data-id=\"e08a41a\" data-element_type=\"widget\" data-widget_type=\"heading.default\">\n\t\t\t\t<div class=\"elementor-widget-container\">\n\t\t\t\t\t<h2 class=\"elementor-heading-title elementor-size-default\">Mikrobiom<\/h2>\t\t\t\t<\/div>\n\t\t\t\t<\/div>\n\t\t\t\t\t<\/div>\n\t\t\t\t<\/div>\n\t\t<div class=\"elementor-element elementor-element-ed23272 obcs none e-flex e-con-boxed e-con e-parent\" data-id=\"ed23272\" data-element_type=\"container\">\n\t\t\t\t\t<div class=\"e-con-inner\">\n\t\t\t\t<div class=\"elementor-element elementor-element-14015e0 elementor-widget elementor-widget-text-editor\" data-id=\"14015e0\" data-element_type=\"widget\" data-widget_type=\"text-editor.default\">\n\t\t\t\t<div class=\"elementor-widget-container\">\n\t\t\t\t\t\t\t\t\t<p class=\"bodytext\">Az antibiotikumokr\u00f3l r\u00e9g\u00f3ta ismert, hogy cs\u00f6kkentik a mikrobiom biodiverzit\u00e1s\u00e1t, azaz a k\u00fcl\u00f6nb\u00f6z\u0151 fajok sz\u00e1m\u00e1t. Ez a b\u00e9lmikrobiom <strong>ellen\u00e1ll\u00f3k\u00e9pess\u00e9g\u00e9nek cs\u00f6kken\u00e9s\u00e9t<\/strong> okozhatja. Ez\u00e9rt k\u00fcl\u00f6nb\u00f6z\u0151 k\u00e1ros hat\u00e1sok k\u00f6vetkezt\u00e9ben kibillenthet\u0151 egyens\u00faly\u00e1b\u00f3l.<\/p><p class=\"bodytext\">\u201e\u00cdgy a patog\u00e9n \u2013 azaz k\u00e1ros \u2013 bakt\u00e9riumok jobb \u00e9letk\u00f6r\u00fclm\u00e9nyeket tal\u00e1lnak \u00e9s elszaporodnak. Ezt k\u00f6vet\u0151en <strong>a b\u00e9lg\u00e1t is k\u00e1rosodhat<\/strong>. A bakteri\u00e1lis term\u00e9kek \u00edgy beker\u00fclhetnek a kering\u00e9sbe, \u00e9s <strong>gyullad\u00e1sos reakci\u00f3t v\u00e1lthatnak ki<\/strong> a szervezetben\u201d \u2013 magyar\u00e1zza a szak\u00e9rt\u0151.<\/p>\t\t\t\t\t\t\t\t<\/div>\n\t\t\t\t<\/div>\n\t\t\t\t\t<\/div>\n\t\t\t\t<\/div>\n\t\t<div class=\"elementor-element elementor-element-0387cb8 obcs none e-flex e-con-boxed e-con e-parent\" data-id=\"0387cb8\" data-element_type=\"container\">\n\t\t\t\t\t<div class=\"e-con-inner\">\n\t\t\t\t<div class=\"elementor-element elementor-element-43f0bac elementor-widget elementor-widget-text-editor\" data-id=\"43f0bac\" data-element_type=\"widget\" data-widget_type=\"text-editor.default\">\n\t\t\t\t<div class=\"elementor-widget-container\">\n\t\t\t\t\t\t\t\t\t<p>Az, hogy a <strong>mikrobiom<\/strong> egyens\u00falyzavar\u00e1t mennyire lehet gy\u00f3gyszeres kezel\u00e9s alatt vagy ut\u00e1n t\u00e1pl\u00e1lkoz\u00e1ssal ellens\u00falyozni, tudom\u00e1nyosan m\u00e9g nem bizony\u00edtott. Mindazon\u00e1ltal: \u201eAlapvet\u0151en a t\u00e1pl\u00e1lkoz\u00e1s a legfontosabb befoly\u00e1sol\u00f3 t\u00e9nyez\u0151 a b\u00e9lmikrobiom \u00f6sszet\u00e9tel\u00e9re vonatkoz\u00f3an, \u00e9s a <strong>megfelel\u0151 \u00e9trend k\u00f6vet\u00e9se<\/strong> hozz\u00e1j\u00e1rul a b\u00e9lmikrobiom v\u00e1ltozatoss\u00e1g\u00e1hoz\u201d \u2013 mondja Dr. Vanessa Stadlbauer-K\u00f6llner.<\/p>\t\t\t\t\t\t\t\t<\/div>\n\t\t\t\t<\/div>\n\t\t\t\t<div class=\"elementor-element elementor-element-c8494da elementor-widget elementor-widget-li-widgets--author-quote\" data-id=\"c8494da\" data-element_type=\"widget\" data-widget_type=\"li-widgets--author-quote.default\">\n\t\t\t\t<div class=\"elementor-widget-container\">\n\t\t\t\t\t<div class=\"li-widgets--author-quote blue\">\n        <div class=\"li-widgets--author-quote__image--wrapper\">\n        <div class=\"li-widgets--author-quote__image\">\n            <img decoding=\"async\" width=\"273\" height=\"300\" src=\"https:\/\/www.omni-biotic.com\/hu-hu\/wp-content\/uploads\/sites\/7\/2023\/01\/omni-biotic_belflorapg-1.jpg\" class=\"attachment-medium size-medium\" alt=\"\" title=\"\">        <\/div>\n    <\/div>\n        <div class=\"li-widgets--author-quote__content\">\n        <div class=\"li-widgets--author-quote__content--text\">\n            A bakt\u00e9riumok n\u00f6veked\u00e9s\u00e9n \u00e9s m\u0171k\u00f6d\u00e9s\u00e9n k\u00edv\u00fcl a gy\u00f3gyszerek hat\u00e1ssal lehetnek a b\u00e9lg\u00e1tra, a b\u00e9lmotilit\u00e1sra, azaz a b\u00e9l izommozg\u00e1s\u00e1ra, valamint a b\u00e9l immunrendszer\u00e9re is.        <\/div>\n        <div class=\"li-widgets--author-quote__content--author\">\n            Dr. Vanessa Stadlbauer-K\u00f6llner        <\/div>\n            <\/div>\n        <div class=\"li-widgets--author-quote__icon\">\n        <i aria-hidden=\"true\" class=\"fas fa-quote-left\"><\/i>    <\/div>\n    <\/div>\n\t\t\t\t<\/div>\n\t\t\t\t<\/div>\n\t\t\t\t\t<\/div>\n\t\t\t\t<\/div>\n\t\t<div class=\"elementor-element elementor-element-a83b25e obcs none e-flex e-con-boxed e-con e-parent\" data-id=\"a83b25e\" data-element_type=\"container\">\n\t\t\t\t\t<div class=\"e-con-inner\">\n\t\t\t\t<div class=\"elementor-element elementor-element-b72fcf9 elementor-widget elementor-widget-heading\" data-id=\"b72fcf9\" data-element_type=\"widget\" data-widget_type=\"heading.default\">\n\t\t\t\t<div class=\"elementor-widget-container\">\n\t\t\t\t\t<h2 class=\"elementor-heading-title elementor-size-default\">Nagyobb fert\u0151z\u00e9svesz\u00e9ly<\/h2>\t\t\t\t<\/div>\n\t\t\t\t<\/div>\n\t\t\t\t\t<\/div>\n\t\t\t\t<\/div>\n\t\t<div class=\"elementor-element elementor-element-1ebf58f obcs none e-flex e-con-boxed e-con e-parent\" data-id=\"1ebf58f\" data-element_type=\"container\">\n\t\t\t\t\t<div class=\"e-con-inner\">\n\t\t\t\t<div class=\"elementor-element elementor-element-eaa2f28 elementor-widget elementor-widget-text-editor\" data-id=\"eaa2f28\" data-element_type=\"widget\" data-widget_type=\"text-editor.default\">\n\t\t\t\t<div class=\"elementor-widget-container\">\n\t\t\t\t\t\t\t\t\t<p>Ma m\u00e1r bizony\u00edtottnak tekinthet\u0151, hogy a <strong>mikrobiom<\/strong> cs\u00f6kkent diverzit\u00e1sa negat\u00edv hat\u00e1ssal lehet arra a betegs\u00e9gre vagy \u00e1llapotra, amelyre a gy\u00f3gyszert szedik. \u201e<strong>A <a href=\"https:\/\/www.omni-biotic.com\/hu-hu\/a-belrendszer-egeszsege\/a-bel-az-egeszseg-kozpontja\/belmikrobiom\/\">mikrobiom<\/a> cs\u00f6kkent v\u00e1ltozatoss\u00e1ga p\u00e9ld\u00e1ul vesz\u00e9lyes bakt\u00e9riumok elszaporod\u00e1s\u00e1hoz vezethet<\/strong>. Ilyen p\u00e9ld\u00e1ul a <strong><em>Clostridium difficile<\/em> fert\u0151z\u00e9s<\/strong>, amely az antibiotikum ter\u00e1pia alatt vagy ut\u00e1n l\u00e9phet fel, \u00e9s vesz\u00e9lyforr\u00e1st jelenthet. M\u00e1s gy\u00f3gyszerek eset\u00e9ben a v\u00e1ltoz\u00e1sok kev\u00e9sb\u00e9 nyilv\u00e1nval\u00f3ak. A mikrobiom, a gy\u00f3gyszerek \u00e9s a betegs\u00e9gek k\u00f6z\u00f6tti k\u00f6lcs\u00f6nhat\u00e1sok meg\u00e9rt\u00e9s\u00e9hez m\u00e9g intenz\u00edv kutat\u00f3munk\u00e1ra van sz\u00fcks\u00e9g\u201d \u2013 hangs\u00falyozza Stadlbauer-K\u00f6llner.<\/p>\t\t\t\t\t\t\t\t<\/div>\n\t\t\t\t<\/div>\n\t\t\t\t\t<\/div>\n\t\t\t\t<\/div>\n\t\t<div class=\"elementor-element elementor-element-53895ee obcs none e-flex e-con-boxed e-con e-parent\" data-id=\"53895ee\" data-element_type=\"container\">\n\t\t\t\t\t<div class=\"e-con-inner\">\n\t\t\t\t<div class=\"elementor-element elementor-element-81ed830 elementor-widget elementor-widget-heading\" data-id=\"81ed830\" data-element_type=\"widget\" data-widget_type=\"heading.default\">\n\t\t\t\t<div class=\"elementor-widget-container\">\n\t\t\t\t\t<h2 class=\"elementor-heading-title elementor-size-default\">Probiotikumok \u00e9s antibiotikumok<\/h2>\t\t\t\t<\/div>\n\t\t\t\t<\/div>\n\t\t<div class=\"elementor-element elementor-element-e6583c8 obcs none e-flex e-con-boxed e-con e-child\" data-id=\"e6583c8\" data-element_type=\"container\">\n\t\t\t\t\t<div class=\"e-con-inner\">\n\t\t\t\t<div class=\"elementor-element elementor-element-1ee2335 elementor-widget elementor-widget-image\" data-id=\"1ee2335\" data-element_type=\"widget\" data-widget_type=\"image.default\">\n\t\t\t\t<div class=\"elementor-widget-container\">\n\t\t\t\t\t\t\t\t\t\t\t\t\t\t\t<img decoding=\"async\" width=\"800\" height=\"531\" src=\"https:\/\/www.omni-biotic.com\/hu-hu\/wp-content\/uploads\/sites\/7\/2023\/01\/gyogyszerek_mellekhatasa_probiotikum.png\" class=\"attachment-large size-large wp-image-22835\" alt=\"mikrobiom, mikrobi\u00f3ta,, gy\u00f3gyszerek hat\u00e1sa, antibiotikum mell\u00e9khat\u00e1sa, omni-biotic, probiotikum\" srcset=\"https:\/\/www.omni-biotic.com\/hu-hu\/wp-content\/uploads\/sites\/7\/2023\/01\/gyogyszerek_mellekhatasa_probiotikum.png 1024w, https:\/\/www.omni-biotic.com\/hu-hu\/wp-content\/uploads\/sites\/7\/2023\/01\/gyogyszerek_mellekhatasa_probiotikum-300x199.png 300w, https:\/\/www.omni-biotic.com\/hu-hu\/wp-content\/uploads\/sites\/7\/2023\/01\/gyogyszerek_mellekhatasa_probiotikum-768x510.png 768w\" sizes=\"(max-width: 800px) 100vw, 800px\" title=\"\">\t\t\t\t\t\t\t\t\t\t\t\t\t\t\t<\/div>\n\t\t\t\t<\/div>\n\t\t\t\t\t<\/div>\n\t\t\t\t<\/div>\n\t\t\t\t\t<\/div>\n\t\t\t\t<\/div>\n\t\t<div class=\"elementor-element elementor-element-4192192 obcs none e-flex e-con-boxed e-con e-parent\" data-id=\"4192192\" data-element_type=\"container\">\n\t\t\t\t\t<div class=\"e-con-inner\">\n\t\t\t\t<div class=\"elementor-element elementor-element-23cbbe4 elementor-widget elementor-widget-text-editor\" data-id=\"23cbbe4\" data-element_type=\"widget\" data-widget_type=\"text-editor.default\">\n\t\t\t\t<div class=\"elementor-widget-container\">\n\t\t\t\t\t\t\t\t\t<p>A szak\u00e9rt\u0151 szerint ugyanakkor m\u00e1r elegend\u0151 tudom\u00e1nyos adat \u00e1ll rendelkez\u00e9sre ahhoz, hogy az antibiotikumhoz javasolj\u00e1k a <strong><a href=\"https:\/\/www.omni-biotic.com\/hu-hu\/a-belrendszer-egeszsege\/a-bel-az-egeszseg-kozpontja\/probiotikum\/\">probiotikumokkal<\/a><\/strong> val\u00f3 megel\u0151z\u0151 kezel\u00e9st. Ide\u00e1lis esetben a probiotikus k\u00e9sz\u00edtm\u00e9ny szed\u00e9s\u00e9t az antibiotikum ter\u00e1pia els\u0151 napj\u00e1n, de legk\u00e9s\u0151bb k\u00e9t nappal annak megkezd\u00e9se ut\u00e1n \u00e9rdemes elkezdeni.<\/p><p>\u201eEz 60%-kal cs\u00f6kkentheti a <em><strong>Clostridium difficile<\/strong> <\/em>fert\u0151z\u00e9s kock\u00e1zat\u00e1t. Az antibiotikum alkalmaz\u00e1sa ut\u00e1n m\u00e1r k\u00e9s\u0151! Ezt a Cell c\u00edm\u0171 foly\u00f3iratban, 2018. szeptember elej\u00e9n megjelent tanulm\u00e1nyban fejtegett\u00e9k. Ha a probiotikumokkal val\u00f3 profilaxist csak az antibiotikum ter\u00e1pia ut\u00e1n kezdj\u00fck el, a b\u00e9lmikrobiom regener\u00e1l\u00f3d\u00e1sa nem gyorsul fel, s\u0151t, esetleg lassul.\u201d<\/p>\t\t\t\t\t\t\t\t<\/div>\n\t\t\t\t<\/div>\n\t\t\t\t\t<\/div>\n\t\t\t\t<\/div>\n\t\t<div class=\"elementor-element elementor-element-0fe7cbb obcs none e-flex e-con-boxed e-con e-parent\" data-id=\"0fe7cbb\" data-element_type=\"container\">\n\t\t\t\t\t<div class=\"e-con-inner\">\n\t\t\t\t<div class=\"elementor-element elementor-element-e7f0f72 elementor-widget elementor-widget-text-editor\" data-id=\"e7f0f72\" data-element_type=\"widget\" data-widget_type=\"text-editor.default\">\n\t\t\t\t<div class=\"elementor-widget-container\">\n\t\t\t\t\t\t\t\t\t<p>\u201eA neves Cochrane-csoport tavalyi nagyszab\u00e1s\u00fa metaanal\u00edzise kimutatta, hogy a probiotikumok \u2013 antibiotikumok szed\u00e9se mellett \u2013 hat\u00e9konyan megel\u0151zik a <strong><em>Clostridium difficile<\/em><\/strong> fert\u0151z\u00e9st. Egy m\u00e1sik New York-i elemz\u00e9s kimutatta, hogy a klinikai hat\u00e1s akkor a leger\u0151sebb, ha a <a href=\"https:\/\/shop.omni-biotic.com\/hu-hu\/products\/omni-biotic-10-aad-int-99103\"><strong>probiotikumot<\/strong> <\/a>legk\u00e9s\u0151bb k\u00e9t nappal az els\u0151 antibiotikum bev\u00e9tele ut\u00e1n kezdik el alkalmazni\u201d \u2013 magyar\u00e1zza a szak\u00e9rt\u0151.<\/p>\t\t\t\t\t\t\t\t<\/div>\n\t\t\t\t<\/div>\n\t\t\t\t\t<\/div>\n\t\t\t\t<\/div>\n\t\t<div class=\"elementor-element elementor-element-a0f7c38 obcs none e-flex e-con-boxed e-con e-parent\" data-id=\"a0f7c38\" data-element_type=\"container\">\n\t\t\t\t\t<div class=\"e-con-inner\">\n\t\t\t\t<div class=\"elementor-element elementor-element-35c382d elementor-widget elementor-widget-text-editor\" data-id=\"35c382d\" data-element_type=\"widget\" data-widget_type=\"text-editor.default\">\n\t\t\t\t<div class=\"elementor-widget-container\">\n\t\t\t\t\t\t\t\t\t<div class=\"omnibiotic_quote text-center\"><p class=\"bodytext\">De nem minden probiotikum egyforma: neh\u00e9z meghat\u00e1rozni, hogy a jelenleg kaphat\u00f3 term\u00e9kek k\u00f6z\u00fcl melyik bizonyul a leghat\u00e9konyabbnak. Van azonban n\u00e9h\u00e1ny <a href=\"https:\/\/www.omni-biotic.com\/hu-hu\/rolunk\/kutatas-fejlesztes\/minosegi-kriteriumok\/\"><strong>min\u0151s\u00e9gi krit\u00e9rium<\/strong><\/a>, amelyre \u00e9rdemes odafigyelni: \u201eMindenk\u00e9ppen aj\u00e1nlott olyan k\u00e9sz\u00edtm\u00e9nyt v\u00e1lasztani, amely t\u00f6bb, magas bakt\u00e9riumsz\u00e1m\u00fa t\u00f6rzsb\u0151l \u00e1ll, \u00e9s amelynek hat\u00e9konys\u00e1ga m\u00e1r bizony\u00edtott\u201d \u2013 javasolja az orvos. Valamint az antibiotikumot \u00e9s a probiotikumot nem szabad egyszerre, hanem id\u0151eltol\u00f3d\u00e1ssal \u00e9rdemes szedni, k\u00fcl\u00f6nben a probiotikus bakt\u00e9riumokat az antibiotikum azonnal elpuszt\u00edtja.<\/p><p>\u00a0<\/p><\/div><p>*Prof. Dr. Vanessa Stadlbauer-K\u00f6llner, a Grazi Orvosi Egyetem Gasztroenterol\u00f3giai \u00e9s Hepatol\u00f3giai Klinikai Oszt\u00e1ly\u00e1nak szakorvosa.<\/p>\t\t\t\t\t\t\t\t<\/div>\n\t\t\t\t<\/div>\n\t\t\t\t\t<\/div>\n\t\t\t\t<\/div>\n\t\t<div class=\"elementor-element elementor-element-5c8361a obcs none e-flex e-con-boxed e-con e-parent\" data-id=\"5c8361a\" data-element_type=\"container\">\n\t\t\t\t\t<div class=\"e-con-inner\">\n\t\t\t\t<div class=\"elementor-element elementor-element-e70b0b9 elementor-widget-divider--view-line elementor-widget elementor-widget-divider\" data-id=\"e70b0b9\" data-element_type=\"widget\" data-widget_type=\"divider.default\">\n\t\t\t\t<div class=\"elementor-widget-container\">\n\t\t\t\t\t\t\t<div class=\"elementor-divider\">\n\t\t\t<span class=\"elementor-divider-separator\">\n\t\t\t\t\t\t<\/span>\n\t\t<\/div>\n\t\t\t\t\t\t<\/div>\n\t\t\t\t<\/div>\n\t\t\t\t\t<\/div>\n\t\t\t\t<\/div>\n\t\t<div class=\"elementor-element elementor-element-042b021 obcs none e-flex e-con-boxed e-con e-parent\" data-id=\"042b021\" data-element_type=\"container\">\n\t\t\t\t\t<div class=\"e-con-inner\">\n\t\t\t\t<div class=\"elementor-element elementor-element-5acc961 elementor-widget elementor-widget-heading\" data-id=\"5acc961\" data-element_type=\"widget\" data-widget_type=\"heading.default\">\n\t\t\t\t<div class=\"elementor-widget-container\">\n\t\t\t\t\t<h2 class=\"elementor-heading-title elementor-size-default\">Mik azok a probiotikumok?<\/h2>\t\t\t\t<\/div>\n\t\t\t\t<\/div>\n\t\t\t\t\t<\/div>\n\t\t\t\t<\/div>\n\t\t<div class=\"elementor-element elementor-element-0fcc420 obcs none e-flex e-con-boxed e-con e-parent\" data-id=\"0fcc420\" data-element_type=\"container\">\n\t\t\t\t\t<div class=\"e-con-inner\">\n\t\t\t\t<div class=\"elementor-element elementor-element-e7b2c00 elementor-widget elementor-widget-image\" data-id=\"e7b2c00\" data-element_type=\"widget\" data-widget_type=\"image.default\">\n\t\t\t\t<div class=\"elementor-widget-container\">\n\t\t\t\t\t\t\t\t\t\t\t\t\t\t\t<img loading=\"lazy\" decoding=\"async\" width=\"400\" height=\"209\" src=\"https:\/\/www.omni-biotic.com\/hu-hu\/wp-content\/uploads\/sites\/7\/2023\/11\/omni-biotic-termekekjpg.jpg\" class=\"attachment-large size-large wp-image-19530\" alt=\"omni-biotic, omni biotic, omni-biotic flora, stress repair,\" srcset=\"https:\/\/www.omni-biotic.com\/hu-hu\/wp-content\/uploads\/sites\/7\/2023\/11\/omni-biotic-termekekjpg.jpg 400w, https:\/\/www.omni-biotic.com\/hu-hu\/wp-content\/uploads\/sites\/7\/2023\/11\/omni-biotic-termekekjpg-300x157.jpg 300w\" sizes=\"(max-width: 400px) 100vw, 400px\" title=\"\">\t\t\t\t\t\t\t\t\t\t\t\t\t\t\t<\/div>\n\t\t\t\t<\/div>\n\t\t\t\t<div class=\"elementor-element elementor-element-356cf47 elementor-widget elementor-widget-text-editor\" data-id=\"356cf47\" data-element_type=\"widget\" data-widget_type=\"text-editor.default\">\n\t\t\t\t<div class=\"elementor-widget-container\">\n\t\t\t\t\t\t\t\t\t<p class=\"bodytext\">A probiotikumok olyan j\u00f3t\u00e9kony mikroorganizmusok, f\u0151k\u00e9nt <strong>bakt\u00e9riumok, amelyek eg\u00e9szs\u00e9gfejleszt\u0151 hat\u00e1ssal vannak a b\u00e9lrendszerre<\/strong>. Ezek k\u00f6z\u00e9 tartoznak a <a href=\"https:\/\/www.omni-biotic.com\/hu-hu\/blog\/belbakteriumok-fajtai-es-szerepe\/\">bifidobakt\u00e9riumok<\/a> \u00e9s a tejsavbakt\u00e9riumok (laktobacillusok). Ezek a bakt\u00e9riumok seg\u00edthetnek elpuszt\u00edtani a k\u00e1ros mikroorganizmusokat. Olyan fontos anyagokat termelnek, mint a K-vitamin \u00e9s a vajsav, \u00e9s befoly\u00e1solj\u00e1k a b\u00e9lrendszer immunrendszer\u00e9t \u00e9s a b\u00e9lg\u00e1tat. <strong>A hasznos <a href=\"https:\/\/www.omni-biotic.com\/hu\/belbakteriumok\/\">b\u00e9lbakt\u00e9riumoknak<\/a> ellen\u00e1ll\u00f3nak kell lenni\u00fck a gyomorsavval szemben, hogy el tudjanak jutni a b\u00e9lbe.<\/strong> \u00c1ltal\u00e1ban nem telepednek meg tart\u00f3san, akkor fejtik ki hat\u00e1sukat, ha rendszeresen szedik \u0151ket. Egyes probiotikumok eset\u00e9ben azonban bizony\u00edtott a tart\u00f3s megteleped\u00e9s a b\u00e9lben.<\/p><p class=\"bodytext\">Ilyen hasznos speci\u00e1lisan kombin\u00e1lt probiotikus bakt\u00e9riumok k\u00fcl\u00f6nb\u00f6z\u0151 alkalmaz\u00e1si ter\u00fcletekhez kaphat\u00f3k a gy\u00f3gyszert\u00e1rakban.\u00a0Ezekre a probiotikumokra szigor\u00fa jogi el\u0151\u00edr\u00e1sok vonatkoznak, amelyek szerint a bakt\u00e9riumsz\u00e1mnak \u00e9s a k\u00fcl\u00f6nb\u00f6z\u0151 bakt\u00e9riumt\u00f6rzsek \u00f6sszet\u00e9tel\u00e9nek \u00e1lland\u00f3nak kell lennie.<\/p>\t\t\t\t\t\t\t\t<\/div>\n\t\t\t\t<\/div>\n\t\t\t\t\t<\/div>\n\t\t\t\t<\/div>\n\t\t<div class=\"elementor-element elementor-element-2d46e96 obcs none e-flex e-con-boxed e-con e-parent\" data-id=\"2d46e96\" data-element_type=\"container\">\n\t\t\t\t\t<div class=\"e-con-inner\">\n\t\t\t\t\t<\/div>\n\t\t\t\t<\/div>\n\t\t\t\t<\/div>\n\t\t","protected":false},"excerpt":{"rendered":"<p>A gy\u00f3gyszerek negat\u00edv hat\u00e1ssal vannak a mikrobiomra. Azonban a b\u00e9lbakt\u00e9riumok szerepet j\u00e1tszanak a gy\u00f3gyszerek hat\u00e9konys\u00e1g\u00e1nak kialakul\u00e1s\u00e1ban. Ez a k\u00f6lcs\u00f6nhat\u00e1s foglalkoztatja a kutat\u00f3kat. Irrit\u00e1lt b\u00e9lny\u00e1lkah\u00e1rtya a gy\u00f3gyszerek miatt A b\u00e9lben sz\u00e1mos k\u00fcl\u00f6nb\u00f6z\u0151 bakt\u00e9rium \u00e9s mikroorganizmus, a mikrobiom\u00a0\u00e9l. Az apr\u00f3 kis b\u00e9lbakt\u00e9riumaink kiegyens\u00falyozott \u00f6sszet\u00e9tele sz\u00f3 szerint biztos\u00edtja a kellemes k\u00f6z\u00e9rzetet, hiszen b\u00e9lfl\u00f3r\u00e1nk k\u00f6zponti szerepet j\u00e1tszik az eg\u00e9sz [&hellip;]<\/p>\n","protected":false},"author":2,"featured_media":22835,"comment_status":"closed","ping_status":"closed","sticky":false,"template":"","format":"standard","meta":{"_acf_changed":false,"inline_featured_image":false,"footnotes":""},"categories":[108,109],"tags":[],"class_list":["post-16247","post","type-post","status-publish","format-standard","has-post-thumbnail","hentry","category-panaszok-tanacsok","category-ujdonsagok-a-kutatasban"],"acf":[],"rank_math":{"og:title":"A gy\u00f3gyszerek hat\u00e1sa a b\u00e9lfl\u00f3r\u00e1ra - OMNi-BiOTiC\u00ae","og:desc":"A gy\u00f3gyszerek negat\u00edv hat\u00e1ssal vannak a mikrobiomra. Ezzel szemben a b\u00e9lbakt\u00e9riumok seg\u00edthetnek fokozni a gy\u00f3gyszerek hat\u00e9konys\u00e1g\u00e1t.","og:url":"https:\/\/www.omni-biotic.com\/hu-hu\/blog\/a-gyogyszerek-hatasa-a-belflorara\/","og:locale":"hu_HU","og:image":"https:\/\/www.omni-biotic.com\/hu-hu\/wp-content\/uploads\/sites\/7\/2023\/01\/gyogyszerek_mellekhatasa_probiotikum.png","og:image:width":"1024","og:image:height":"680"},"additional_data":{"thumbnail":"https:\/\/www.omni-biotic.com\/hu-hu\/wp-content\/uploads\/sites\/7\/2023\/01\/gyogyszerek_mellekhatasa_probiotikum.png"},"blog_info":{"country":"hu-hu"},"_links":{"self":[{"href":"https:\/\/www.omni-biotic.com\/hu-hu\/wp-json\/wp\/v2\/posts\/16247","targetHints":{"allow":["GET"]}}],"collection":[{"href":"https:\/\/www.omni-biotic.com\/hu-hu\/wp-json\/wp\/v2\/posts"}],"about":[{"href":"https:\/\/www.omni-biotic.com\/hu-hu\/wp-json\/wp\/v2\/types\/post"}],"author":[{"embeddable":true,"href":"https:\/\/www.omni-biotic.com\/hu-hu\/wp-json\/wp\/v2\/users\/2"}],"replies":[{"embeddable":true,"href":"https:\/\/www.omni-biotic.com\/hu-hu\/wp-json\/wp\/v2\/comments?post=16247"}],"version-history":[{"count":8,"href":"https:\/\/www.omni-biotic.com\/hu-hu\/wp-json\/wp\/v2\/posts\/16247\/revisions"}],"predecessor-version":[{"id":23476,"href":"https:\/\/www.omni-biotic.com\/hu-hu\/wp-json\/wp\/v2\/posts\/16247\/revisions\/23476"}],"wp:featuredmedia":[{"embeddable":true,"href":"https:\/\/www.omni-biotic.com\/hu-hu\/wp-json\/wp\/v2\/media\/22835"}],"wp:attachment":[{"href":"https:\/\/www.omni-biotic.com\/hu-hu\/wp-json\/wp\/v2\/media?parent=16247"}],"wp:term":[{"taxonomy":"category","embeddable":true,"href":"https:\/\/www.omni-biotic.com\/hu-hu\/wp-json\/wp\/v2\/categories?post=16247"},{"taxonomy":"post_tag","embeddable":true,"href":"https:\/\/www.omni-biotic.com\/hu-hu\/wp-json\/wp\/v2\/tags?post=16247"}],"curies":[{"name":"wp","href":"https:\/\/api.w.org\/{rel}","templated":true}]}}