{"id":16255,"date":"2023-03-01T10:25:32Z","date_gmt":"2023-03-01T09:25:32Z","guid":{"rendered":"https:\/\/www.omni-biotic.com\/hu-hu\/pszihobiotikum-es-mentalis-egeszseg\/"},"modified":"2024-02-06T13:27:18Z","modified_gmt":"2024-02-06T12:27:18Z","slug":"pszichobiotikum-mentalis-egeszseg","status":"publish","type":"post","link":"https:\/\/www.omni-biotic.com\/hu-hu\/blog\/pszichobiotikum-mentalis-egeszseg\/","title":{"rendered":"Pszichobiotikum \u00e9s ment\u00e1lis eg\u00e9szs\u00e9g"},"content":{"rendered":"\t\t<div data-elementor-type=\"wp-post\" data-elementor-id=\"16255\" class=\"elementor elementor-16255\" data-elementor-post-type=\"post\">\n\t\t\t\t<div class=\"elementor-element elementor-element-d06b4f0 obcs none e-flex e-con-boxed e-con e-parent\" data-id=\"d06b4f0\" data-element_type=\"container\">\n\t\t\t\t\t<div class=\"e-con-inner\">\n\t\t\t\t<div class=\"elementor-element elementor-element-8e5907c elementor-widget elementor-widget-text-editor\" data-id=\"8e5907c\" data-element_type=\"widget\" data-widget_type=\"text-editor.default\">\n\t\t\t\t<div class=\"elementor-widget-container\">\n\t\t\t\t\t\t\t\t\t<p><em>A pszichobiotikumok viszonylag \u00faj kutat\u00e1si ter\u00fcletet jelentenek a ment\u00e1lis eg\u00e9szs\u00e9g vil\u00e1g\u00e1ban, de egyre ismeretebb\u00e9 v\u00e1lnak, mint az \u00e1ltal\u00e1nos eg\u00e9szs\u00e9g \u00e9s j\u00f3l\u00e9t fontos r\u00e9szei. Ebben a cikkben megvizsg\u00e1ljuk a b\u00e9lrendszer \u00e9s a ment\u00e1lis eg\u00e9szs\u00e9g k\u00f6z\u00f6tti kapcsolatot, a pszichobiotikumok szerep\u00e9t a ment\u00e1lis j\u00f3l\u00e9t el\u0151seg\u00edt\u00e9s\u00e9ben, a ment\u00e1lis betegs\u00e9gek enyh\u00edt\u00e9s\u00e9ben \u00e9s azt, hogy hogyan alkalmazhatod ezeket a j\u00f3t\u00e9kony bakt\u00e9riumokat a mindennapjaid sor\u00e1n.<\/em><\/p>\t\t\t\t\t\t\t\t<\/div>\n\t\t\t\t<\/div>\n\t\t\t\t\t<\/div>\n\t\t\t\t<\/div>\n\t\t<div class=\"elementor-element elementor-element-01e20a7 obcs none e-flex e-con-boxed e-con e-parent\" data-id=\"01e20a7\" data-element_type=\"container\">\n\t\t\t\t\t<div class=\"e-con-inner\">\n\t\t\t\t<div class=\"elementor-element elementor-element-5e6f401 elementor-widget elementor-widget-heading\" data-id=\"5e6f401\" data-element_type=\"widget\" data-widget_type=\"heading.default\">\n\t\t\t\t<div class=\"elementor-widget-container\">\n\t\t\t\t\t<h2 class=\"elementor-heading-title elementor-size-default\">Mi az a pszichobiotikum?<\/h2>\t\t\t\t<\/div>\n\t\t\t\t<\/div>\n\t\t\t\t\t<\/div>\n\t\t\t\t<\/div>\n\t\t<div class=\"elementor-element elementor-element-cc57e63 obcs none e-flex e-con-boxed e-con e-parent\" data-id=\"cc57e63\" data-element_type=\"container\">\n\t\t\t\t\t<div class=\"e-con-inner\">\n\t\t\t\t<div class=\"elementor-element elementor-element-a816547 elementor-widget elementor-widget-text-editor\" data-id=\"a816547\" data-element_type=\"widget\" data-widget_type=\"text-editor.default\">\n\t\t\t\t<div class=\"elementor-widget-container\">\n\t\t\t\t\t\t\t\t\t<p>A pszichobiotikumok olyan <a href=\"https:\/\/www.omni-biotic.com\/hu-hu\/blog\/belbakteriumok-fajtai-es-szerepe\/\">\u00e9l\u0151 bakt\u00e9riumok<\/a>, amelyek pozit\u00edv hat\u00e1ssal vannak a ment\u00e1lis eg\u00e9szs\u00e9gre \u00e9s enyh\u00edtik a ment\u00e1lis betegs\u00e9gek t\u00fcneteit. Ezek a bakt\u00e9riumok megtal\u00e1lhat\u00f3k a <a href=\"https:\/\/www.omni-biotic.com\/hu-hu\/a-belrendszer-egeszsege\/\">b\u00e9lrendszerben<\/a> \u00e9s bizonyos \u00e9telekben, p\u00e9ld\u00e1ul az erjesztett term\u00e9kekben, mint a joghurt \u00e9s a savany\u00fa k\u00e1poszta, de nagy mennyis\u00e9gben megtal\u00e1lhat\u00f3k <a href=\"https:\/\/www.omni-biotic.com\/hu-hu\/a-belrendszer-egeszsege\/bel-az-egeszseg-kozpontja\/probiotikum\/\">probiotikus<\/a> term\u00e9kekben, p\u00e9ld\u00e1ul t\u00e1pl\u00e1l\u00e9k-kieg\u00e9sz\u00edt\u0151kben \u00e9s speci\u00e1lis gy\u00f3gy\u00e1szati c\u00e9lokra sz\u00e1nt \u00e9lelmiszerekben is. Szab\u00e1lyozz\u00e1k a <a href=\"https:\/\/www.omni-biotic.com\/hu-hu\/a-belrendszer-egeszsege\/a-bel-az-egeszseg-kozpontja\/bel-agy-tengely\/\">b\u00e9l-agy tengelyt<\/a>, a b\u00e9l \u00e9s az agy k\u00f6z\u00f6tti kommunik\u00e1ci\u00f3s csatorn\u00e1t, \u00e9s hozz\u00e1j\u00e1rulnak a boldogs\u00e1g, a nyugalom \u00e9s az \u00e1ltal\u00e1nos j\u00f3l\u00e9t \u00e9rz\u00e9s\u00e9nek el\u0151seg\u00edt\u00e9s\u00e9hez.<\/p>\t\t\t\t\t\t\t\t<\/div>\n\t\t\t\t<\/div>\n\t\t\t\t\t<\/div>\n\t\t\t\t<\/div>\n\t\t<div class=\"elementor-element elementor-element-b3cb7cf obcs none e-flex e-con-boxed e-con e-parent\" data-id=\"b3cb7cf\" data-element_type=\"container\">\n\t\t\t\t\t<div class=\"e-con-inner\">\n\t\t\t\t<div class=\"elementor-element elementor-element-f11deea elementor-widget elementor-widget-heading\" data-id=\"f11deea\" data-element_type=\"widget\" data-widget_type=\"heading.default\">\n\t\t\t\t<div class=\"elementor-widget-container\">\n\t\t\t\t\t<h2 class=\"elementor-heading-title elementor-size-default\">Mi az a b\u00e9l-agy tengely?<\/h2>\t\t\t\t<\/div>\n\t\t\t\t<\/div>\n\t\t\t\t\t<\/div>\n\t\t\t\t<\/div>\n\t\t<div class=\"elementor-element elementor-element-72377e1 obcs none e-flex e-con-boxed e-con e-parent\" data-id=\"72377e1\" data-element_type=\"container\">\n\t\t\t\t\t<div class=\"e-con-inner\">\n\t\t\t\t<div class=\"elementor-element elementor-element-7285ca1 elementor-widget elementor-widget-image\" data-id=\"7285ca1\" data-element_type=\"widget\" data-widget_type=\"image.default\">\n\t\t\t\t<div class=\"elementor-widget-container\">\n\t\t\t\t\t\t\t\t\t\t\t\t\t\t\t<img fetchpriority=\"high\" decoding=\"async\" width=\"800\" height=\"800\" src=\"https:\/\/www.omni-biotic.com\/hu-hu\/wp-content\/uploads\/sites\/7\/2023\/06\/omnibiotik-pszihobiotikum.png\" class=\"attachment-large size-large wp-image-16258\" alt=\"ment\u00e1lis eg\u00e9szs\u00e9g, pszihobiotikum, omnibiotic, b\u00e9l agy tengely er\u0151s\u00edt\u00e9se, pszihobiotikum v\u00e9lem\u00e9nyek, hisztamin termel\u0151 bakt\u00e9rium\" srcset=\"https:\/\/www.omni-biotic.com\/hu-hu\/wp-content\/uploads\/sites\/7\/2023\/06\/omnibiotik-pszihobiotikum.png 1024w, https:\/\/www.omni-biotic.com\/hu-hu\/wp-content\/uploads\/sites\/7\/2023\/06\/omnibiotik-pszihobiotikum-300x300.png 300w, https:\/\/www.omni-biotic.com\/hu-hu\/wp-content\/uploads\/sites\/7\/2023\/06\/omnibiotik-pszihobiotikum-150x150.png 150w, https:\/\/www.omni-biotic.com\/hu-hu\/wp-content\/uploads\/sites\/7\/2023\/06\/omnibiotik-pszihobiotikum-768x768.png 768w\" sizes=\"(max-width: 800px) 100vw, 800px\" title=\"\">\t\t\t\t\t\t\t\t\t\t\t\t\t\t\t<\/div>\n\t\t\t\t<\/div>\n\t\t\t\t<div class=\"elementor-element elementor-element-0157563 elementor-widget elementor-widget-text-editor\" data-id=\"0157563\" data-element_type=\"widget\" data-widget_type=\"text-editor.default\">\n\t\t\t\t<div class=\"elementor-widget-container\">\n\t\t\t\t\t\t\t\t\t<p>A <a href=\"https:\/\/www.omni-biotic.com\/hu-hu\/a-belrendszer-egeszsege\/bel-az-egeszseg-kozpontja\/bel-agy-tengely\/\">b\u00e9l-agy tengely<\/a> az idegek, <a href=\"https:\/\/www.omni-biotic.com\/hu-hu\/blog\/belbakteriumok-es-hormonok\/\">hormonok<\/a> \u00e9s jelz\u0151molekul\u00e1k \u00f6sszetett h\u00e1l\u00f3zata, amely \u00f6sszek\u00f6ti az em\u00e9szt\u0151rendszert a k\u00f6zponti idegrendszerrel. A <a href=\"https:\/\/www.omni-biotic.com\/hu-hu\/a-belrendszer-egeszsege\/\">b\u00e9lrendszer\u00fcnkben<\/a> tal\u00e1lhat\u00f3 bakt\u00e9riumok kulcsszerepet j\u00e1tszanak ebben a kommunik\u00e1ci\u00f3s \u00fatvonalban, mivel k\u00fcl\u00f6nb\u00f6z\u0151, az agyra hat\u00f3 jelz\u0151molekul\u00e1kat termelnek \u00e9s reag\u00e1lnak r\u00e1juk. Ez azt jelenti, hogy <a href=\"https:\/\/www.omni-biotic.com\/hu-hu\/a-belrendszer-egeszsege\/a-bel-az-egeszseg-kozpontja\/belmikrobiom\/\">b\u00e9lmikrobiomunk<\/a> \u00e1llapota jelent\u0151s hat\u00e1ssal lehet ment\u00e1lis eg\u00e9szs\u00e9g\u00fcnkre.<\/p>\t\t\t\t\t\t\t\t<\/div>\n\t\t\t\t<\/div>\n\t\t\t\t\t<\/div>\n\t\t\t\t<\/div>\n\t\t<div class=\"elementor-element elementor-element-361ca1e obcs none e-flex e-con-boxed e-con e-parent\" data-id=\"361ca1e\" data-element_type=\"container\">\n\t\t\t\t\t<div class=\"e-con-inner\">\n\t\t\t\t<div class=\"elementor-element elementor-element-a5252c3 elementor-widget elementor-widget-heading\" data-id=\"a5252c3\" data-element_type=\"widget\" data-widget_type=\"heading.default\">\n\t\t\t\t<div class=\"elementor-widget-container\">\n\t\t\t\t\t<h2 class=\"elementor-heading-title elementor-size-default\">Milyen el\u0151ny\u00f6kkel j\u00e1r a pszichobiotikumok alkalmaz\u00e1sa?<\/h2>\t\t\t\t<\/div>\n\t\t\t\t<\/div>\n\t\t\t\t\t<\/div>\n\t\t\t\t<\/div>\n\t\t<div class=\"elementor-element elementor-element-1139c2b obcs none e-flex e-con-boxed e-con e-parent\" data-id=\"1139c2b\" data-element_type=\"container\">\n\t\t\t\t\t<div class=\"e-con-inner\">\n\t\t\t\t<div class=\"elementor-element elementor-element-e86b821 elementor-widget elementor-widget-text-editor\" data-id=\"e86b821\" data-element_type=\"widget\" data-widget_type=\"text-editor.default\">\n\t\t\t\t<div class=\"elementor-widget-container\">\n\t\t\t\t\t\t\t\t\t<p>Vizsg\u00e1latok bizony\u00edtott\u00e1k, hogy a pszichobiotikumok beiktat\u00e1sa a napi rutinba sz\u00e1mos el\u0151nnyel j\u00e1rhat a ment\u00e1lis eg\u00e9szs\u00e9gre n\u00e9zve, t\u00f6bbek k\u00f6z\u00f6tt:<\/p><ul><li style=\"text-align: left\">Jobb hangulat \u00e9s j\u00f3 k\u00f6z\u00e9rzet<\/li><li>Fokozott kognit\u00edv funkci\u00f3k<\/li><li>Hat\u00e9konyabb stresszkezel\u00e9s<\/li><li>Az em\u00e9szt\u0151rendszer eg\u00e9szs\u00e9g\u00e9nek t\u00e1mogat\u00e1sa<\/li><li>Kiegyens\u00falyozott <a href=\"https:\/\/www.omni-biotic.com\/hu-hu\/a-belrendszer-egeszsege\/a-bel-hataskore\/az-immunrendszer\/\">immunrendszer<\/a><\/li><\/ul>\t\t\t\t\t\t\t\t<\/div>\n\t\t\t\t<\/div>\n\t\t\t\t\t<\/div>\n\t\t\t\t<\/div>\n\t\t<div class=\"elementor-element elementor-element-adf8896 obcs none e-flex e-con-boxed e-con e-parent\" data-id=\"adf8896\" data-element_type=\"container\">\n\t\t\t\t\t<div class=\"e-con-inner\">\n\t\t\t\t<div class=\"elementor-element elementor-element-81eafdc elementor-widget elementor-widget-heading\" data-id=\"81eafdc\" data-element_type=\"widget\" data-widget_type=\"heading.default\">\n\t\t\t\t<div class=\"elementor-widget-container\">\n\t\t\t\t\t<h2 class=\"elementor-heading-title elementor-size-default\">Pszichobiotikus bakt\u00e9riumok<\/h2>\t\t\t\t<\/div>\n\t\t\t\t<\/div>\n\t\t\t\t\t<\/div>\n\t\t\t\t<\/div>\n\t\t<div class=\"elementor-element elementor-element-f406c37 obcs none e-flex e-con-boxed e-con e-parent\" data-id=\"f406c37\" data-element_type=\"container\">\n\t\t\t\t\t<div class=\"e-con-inner\">\n\t\t\t\t<div class=\"elementor-element elementor-element-6fc451f elementor-widget elementor-widget-text-editor\" data-id=\"6fc451f\" data-element_type=\"widget\" data-widget_type=\"text-editor.default\">\n\t\t\t\t<div class=\"elementor-widget-container\">\n\t\t\t\t\t\t\t\t\t<p>A pszichobiotikus bakt\u00e9riumoknak sz\u00e1mos k\u00fcl\u00f6nb\u00f6z\u0151 t\u00f6rzse l\u00e9tezik, mindegyiknek megvannak a maga saj\u00e1tos j\u00f3t\u00e9kony hat\u00e1sa. A legink\u00e1bb vizsg\u00e1lt t\u00f6rzsek k\u00f6z\u00fcl n\u00e9h\u00e1ny a Lactobacillus \u00e9s a Bifidobacterium fajokhoz tartozik. Az optim\u00e1lis eredm\u00e9nyek biztos\u00edt\u00e1sa \u00e9rdek\u00e9ben fontos, hogy olyan kiv\u00e1l\u00f3 min\u0151s\u00e9g\u0171 pszichobiotikus \u00e9trend-kieg\u00e9sz\u00edt\u0151t v\u00e1lasszon, amely a j\u00f3t\u00e9kony t\u00f6rzsek kever\u00e9k\u00e9t tartalmazza.<\/p><p>Fontos megjegyezni, hogy nem minden probiotikus t\u00e1pl\u00e1l\u00e9k-kieg\u00e9sz\u00edt\u0151 egyforma. Olyan term\u00e9ket keressen, amely a pszichobiotikus t\u00f6rzsek sz\u00e9les v\u00e1laszt\u00e9k\u00e1t tartalmazza, \u00e9s gy\u0151z\u0151dj\u00f6n meg r\u00f3la, hogy min\u0151s\u00e9g\u00e9t \u00e9s tisztas\u00e1g\u00e1t tesztelt\u00e9k. A pszichobiotikus \u00e9trend-kieg\u00e9sz\u00edt\u0151 kiv\u00e1laszt\u00e1sakor fontos figyelembe venni a form\u00e1t. A por alak\u00fa pszichobiotikumok a legjobb v\u00e1laszt\u00e1snak sz\u00e1m\u00edtanak, mivel a bakt\u00e9riumokat a testen k\u00edv\u00fcl, semleges k\u00f6zegben lehet aktiv\u00e1lni, \u00edgy biztos\u00edtva a jobb t\u00fal\u00e9l\u00e9st a gyomorban \u00e9s a b\u00e9lben val\u00f3 koloniz\u00e1ci\u00f3t. Ezen k\u00edv\u00fcl a por alak\u00fa probiotikumok k\u00f6nnyen beilleszthet\u0151k a napi rutinba, \u00e9s hozz\u00e1adhat\u00f3k turmixokhoz, zabk\u00e1s\u00e1hoz, levesekhez vagy m\u00e1s \u00e9telekhez is.<\/p>\t\t\t\t\t\t\t\t<\/div>\n\t\t\t\t<\/div>\n\t\t\t\t\t<\/div>\n\t\t\t\t<\/div>\n\t\t<div class=\"elementor-element elementor-element-8c85790 obcs none e-flex e-con-boxed e-con e-parent\" data-id=\"8c85790\" data-element_type=\"container\">\n\t\t\t\t\t<div class=\"e-con-inner\">\n\t\t\t\t<div class=\"elementor-element elementor-element-96610c9 elementor-widget elementor-widget-heading\" data-id=\"96610c9\" data-element_type=\"widget\" data-widget_type=\"heading.default\">\n\t\t\t\t<div class=\"elementor-widget-container\">\n\t\t\t\t\t<h2 class=\"elementor-heading-title elementor-size-default\">Hasznos tippek a ment\u00e1lis eg\u00e9szs\u00e9g jav\u00edt\u00e1s\u00e1hoz:<\/h2>\t\t\t\t<\/div>\n\t\t\t\t<\/div>\n\t\t\t\t\t<\/div>\n\t\t\t\t<\/div>\n\t\t<div class=\"elementor-element elementor-element-3168392 obcs none e-flex e-con-boxed e-con e-parent\" data-id=\"3168392\" data-element_type=\"container\">\n\t\t\t\t\t<div class=\"e-con-inner\">\n\t\t\t\t<div class=\"elementor-element elementor-element-3930336 elementor-widget elementor-widget-text-editor\" data-id=\"3930336\" data-element_type=\"widget\" data-widget_type=\"text-editor.default\">\n\t\t\t\t<div class=\"elementor-widget-container\">\n\t\t\t\t\t\t\t\t\t<ul><li>Rendszeres testmozg\u00e1s: A testmozg\u00e1s bizony\u00edtottan az egyik leghat\u00e9konyabb m\u00f3dja a ment\u00e1lis eg\u00e9szs\u00e9g jav\u00edt\u00e1s\u00e1nak. T\u00f6rekedjen arra, hogy a h\u00e9t legt\u00f6bb napj\u00e1n legal\u00e1bb 30 perc m\u00e9rs\u00e9kelt testmozg\u00e1st v\u00e9gezzen, p\u00e9ld\u00e1ul temp\u00f3s s\u00e9t\u00e1t.<\/li><li>Aludjon eleget: Az <a href=\"https:\/\/www.omni-biotic.com\/hu-hu\/blog\/probiotikum-alvaszavar-ellen\/\">alv\u00e1shi\u00e1ny<\/a> komoly hat\u00e1ssal lehet a ment\u00e1lis eg\u00e9szs\u00e9gre. T\u00f6rekedjen arra, hogy minden \u00e9jszaka legal\u00e1bb 7 \u00f3r\u00e1t aludjon.<\/li><li>Kiegyens\u00falyozott t\u00e1pl\u00e1lkoz\u00e1s: A friss, feldolgozatlan \u00e9lelmiszerekben gazdag \u00e9trend jav\u00edthatja a ment\u00e1lis eg\u00e9szs\u00e9get. Fontolja meg, hogy t\u00f6bb gy\u00fcm\u00f6lcs\u00f6t, z\u00f6lds\u00e9get \u00e9s erjesztett \u00e9lelmiszert \u00e9p\u00edtsen be az \u00e9trendj\u00e9be.<\/li><li>Kapcsol\u00f3djon m\u00e1sokkal: A bar\u00e1tokkal \u00e9s a csal\u00e1ddal val\u00f3 egy\u00fcttl\u00e9t, illetve a k\u00f6z\u00f6ss\u00e9gi tev\u00e9kenys\u00e9gekben val\u00f3 r\u00e9szv\u00e9tel jav\u00edthatja a ment\u00e1lis eg\u00e9szs\u00e9get \u00e9s fokozhatja a hangulatot.<\/li><li>Alkalmazzon pszichobiotikus \u00e9trend-kieg\u00e9sz\u00edt\u0151t: Ha ezeket a j\u00f3t\u00e9kony bakt\u00e9riumokat be\u00e9p\u00edti a napi rutinj\u00e1ba, t\u00e1mogathatja a b\u00e9l-agy tengelyt, \u00e9s jav\u00edthatja \u00e1ltal\u00e1nos ment\u00e1lis eg\u00e9szs\u00e9g\u00e9t \u00e9s j\u00f3l\u00e9t\u00e9t.<\/li><\/ul>\t\t\t\t\t\t\t\t<\/div>\n\t\t\t\t<\/div>\n\t\t\t\t\t<\/div>\n\t\t\t\t<\/div>\n\t\t\t\t<\/div>\n\t\t","protected":false},"excerpt":{"rendered":"<p>A pszichobiotikumok viszonylag \u00faj kutat\u00e1si ter\u00fcletet jelentenek a ment\u00e1lis eg\u00e9szs\u00e9g vil\u00e1g\u00e1ban, de egyre ismeretebb\u00e9 v\u00e1lnak, mint az \u00e1ltal\u00e1nos eg\u00e9szs\u00e9g \u00e9s j\u00f3l\u00e9t fontos r\u00e9szei. Ebben a cikkben megvizsg\u00e1ljuk a b\u00e9lrendszer \u00e9s a ment\u00e1lis eg\u00e9szs\u00e9g k\u00f6z\u00f6tti kapcsolatot, a pszichobiotikumok szerep\u00e9t a ment\u00e1lis j\u00f3l\u00e9t el\u0151seg\u00edt\u00e9s\u00e9ben, a ment\u00e1lis betegs\u00e9gek enyh\u00edt\u00e9s\u00e9ben \u00e9s azt, hogy hogyan alkalmazhatod ezeket a j\u00f3t\u00e9kony bakt\u00e9riumokat [&hellip;]<\/p>\n","protected":false},"author":2,"featured_media":19519,"comment_status":"closed","ping_status":"closed","sticky":false,"template":"","format":"standard","meta":{"_acf_changed":false,"inline_featured_image":false,"footnotes":""},"categories":[109],"tags":[],"class_list":["post-16255","post","type-post","status-publish","format-standard","has-post-thumbnail","hentry","category-ujdonsagok-a-kutatasban"],"acf":[],"rank_math":{"og:title":"Pszichobiotikum \u00e9s ment\u00e1lis eg\u00e9szs\u00e9g - OMNi-BiOTiC\u00ae","og:desc":"A pszichobiotikumok \u00faj kutat\u00e1si ter\u00fcletet jelentenek a ment\u00e1lis eg\u00e9szs\u00e9g vil\u00e1g\u00e1ban. Hogyan j\u00e1rulnak hozz\u00e1 az eg\u00e9szs\u00e9gi \u00e1llapot jav\u00edt\u00e1s\u00e1hoz?","og:url":"https:\/\/www.omni-biotic.com\/hu-hu\/blog\/pszichobiotikum-mentalis-egeszseg\/","og:locale":"hu_HU","og:image":"https:\/\/www.omni-biotic.com\/hu-hu\/wp-content\/uploads\/sites\/7\/2023\/03\/mentalis-egeszseg-pszichobiotikum.png","og:image:width":"400","og:image:height":"400"},"additional_data":{"thumbnail":"https:\/\/www.omni-biotic.com\/hu-hu\/wp-content\/uploads\/sites\/7\/2023\/03\/mentalis-egeszseg-pszichobiotikum.png"},"blog_info":{"country":"hu-hu"},"_links":{"self":[{"href":"https:\/\/www.omni-biotic.com\/hu-hu\/wp-json\/wp\/v2\/posts\/16255","targetHints":{"allow":["GET"]}}],"collection":[{"href":"https:\/\/www.omni-biotic.com\/hu-hu\/wp-json\/wp\/v2\/posts"}],"about":[{"href":"https:\/\/www.omni-biotic.com\/hu-hu\/wp-json\/wp\/v2\/types\/post"}],"author":[{"embeddable":true,"href":"https:\/\/www.omni-biotic.com\/hu-hu\/wp-json\/wp\/v2\/users\/2"}],"replies":[{"embeddable":true,"href":"https:\/\/www.omni-biotic.com\/hu-hu\/wp-json\/wp\/v2\/comments?post=16255"}],"version-history":[{"count":7,"href":"https:\/\/www.omni-biotic.com\/hu-hu\/wp-json\/wp\/v2\/posts\/16255\/revisions"}],"predecessor-version":[{"id":20625,"href":"https:\/\/www.omni-biotic.com\/hu-hu\/wp-json\/wp\/v2\/posts\/16255\/revisions\/20625"}],"wp:featuredmedia":[{"embeddable":true,"href":"https:\/\/www.omni-biotic.com\/hu-hu\/wp-json\/wp\/v2\/media\/19519"}],"wp:attachment":[{"href":"https:\/\/www.omni-biotic.com\/hu-hu\/wp-json\/wp\/v2\/media?parent=16255"}],"wp:term":[{"taxonomy":"category","embeddable":true,"href":"https:\/\/www.omni-biotic.com\/hu-hu\/wp-json\/wp\/v2\/categories?post=16255"},{"taxonomy":"post_tag","embeddable":true,"href":"https:\/\/www.omni-biotic.com\/hu-hu\/wp-json\/wp\/v2\/tags?post=16255"}],"curies":[{"name":"wp","href":"https:\/\/api.w.org\/{rel}","templated":true}]}}