{"id":16262,"date":"2023-03-22T10:07:10Z","date_gmt":"2023-03-22T09:07:10Z","guid":{"rendered":"https:\/\/www.omni-biotic.com\/hu-hu\/fokozza-az-anyagcseret-es-fogyjon-ezzel-a-7-truekkel-mukoedik\/"},"modified":"2024-02-07T12:54:00Z","modified_gmt":"2024-02-07T11:54:00Z","slug":"fokozza-az-anyagcseret-es-fogyjon-ezzel-a-7-truekkel-mukoedik","status":"publish","type":"post","link":"https:\/\/www.omni-biotic.com\/hu-hu\/blog\/fokozza-az-anyagcseret-es-fogyjon-ezzel-a-7-truekkel-mukoedik\/","title":{"rendered":"Serkentsd az anyagcser\u00e9t \u00e9s fogyj: 7 tipp\u00fcnk van!"},"content":{"rendered":"\t\t<div data-elementor-type=\"wp-post\" data-elementor-id=\"16262\" class=\"elementor elementor-16262\" data-elementor-post-type=\"post\">\n\t\t\t\t<div class=\"elementor-element elementor-element-13c17e1 obcs none e-flex e-con-boxed e-con e-parent\" data-id=\"13c17e1\" data-element_type=\"container\">\n\t\t\t\t\t<div class=\"e-con-inner\">\n\t\t\t\t<div class=\"elementor-element elementor-element-25ed05c elementor-widget elementor-widget-text-editor\" data-id=\"25ed05c\" data-element_type=\"widget\" data-widget_type=\"text-editor.default\">\n\t\t\t\t<div class=\"elementor-widget-container\">\n\t\t\t\t\t\t\t\t\t<p><em><span style=\"color: #993366\">Az \u00e1lland\u00f3 fogy\u00f3k\u00fara \u00e9s di\u00e9ta nemcsak bosszant\u00f3 \u00e9s kimer\u00edt\u0151, de m\u00e9g az anyagcser\u00e9t is lass\u00edtja. Akt\u00edv anyagcser\u00e9vel a fogy\u00e1s sokkal k\u00f6nnyebb, \u00e9s term\u00e9szetesen gyorsabban is m\u0171k\u00f6dik. Az eg\u00e9szs\u00e9gtelen \u00e9letm\u00f3ddal \u00f6sszef\u00fcgg\u0151 szok\u00e1sok azonban lelass\u00edthatj\u00e1k az anyagcser\u00e9nket, s\u0151t m\u00e9g plusz kil\u00f3k is jelentkezhetnek<\/span><\/em><\/p>\t\t\t\t\t\t\t\t<\/div>\n\t\t\t\t<\/div>\n\t\t\t\t\t<\/div>\n\t\t\t\t<\/div>\n\t\t<div class=\"elementor-element elementor-element-f1374bf obcs none e-flex e-con-boxed e-con e-parent\" data-id=\"f1374bf\" data-element_type=\"container\">\n\t\t\t\t\t<div class=\"e-con-inner\">\n\t\t\t\t<div class=\"elementor-element elementor-element-eb1d4bb elementor-widget elementor-widget-heading\" data-id=\"eb1d4bb\" data-element_type=\"widget\" data-widget_type=\"heading.default\">\n\t\t\t\t<div class=\"elementor-widget-container\">\n\t\t\t\t\t<h2 class=\"elementor-heading-title elementor-size-default\">Hogyan m\u0171k\u00f6dik az anyagcser\u00e9nk?<\/h2>\t\t\t\t<\/div>\n\t\t\t\t<\/div>\n\t\t\t\t\t<\/div>\n\t\t\t\t<\/div>\n\t\t<div class=\"elementor-element elementor-element-900db2e obcs none e-flex e-con-boxed e-con e-parent\" data-id=\"900db2e\" data-element_type=\"container\">\n\t\t\t\t\t<div class=\"e-con-inner\">\n\t\t\t\t<div class=\"elementor-element elementor-element-3fb3919 elementor-widget elementor-widget-image\" data-id=\"3fb3919\" data-element_type=\"widget\" data-widget_type=\"image.default\">\n\t\t\t\t<div class=\"elementor-widget-container\">\n\t\t\t\t\t\t\t\t\t\t\t\t\t\t\t<img fetchpriority=\"high\" decoding=\"async\" width=\"768\" height=\"512\" src=\"https:\/\/www.omni-biotic.com\/hu-hu\/wp-content\/uploads\/sites\/7\/2023\/06\/omnibiotic-fogyas.jpg\" class=\"attachment-large size-large wp-image-16263\" alt=\"omni-biotic fogy\u00e1s mozg\u00e1s bakt\u00e9riumok b\u00e9lfl\u00f3ra em\u00e9szt\u00e9s anyagcsere,\" srcset=\"https:\/\/www.omni-biotic.com\/hu-hu\/wp-content\/uploads\/sites\/7\/2023\/06\/omnibiotic-fogyas.jpg 768w, https:\/\/www.omni-biotic.com\/hu-hu\/wp-content\/uploads\/sites\/7\/2023\/06\/omnibiotic-fogyas-300x200.jpg 300w\" sizes=\"(max-width: 768px) 100vw, 768px\" title=\"\">\t\t\t\t\t\t\t\t\t\t\t\t\t\t\t<\/div>\n\t\t\t\t<\/div>\n\t\t\t\t<div class=\"elementor-element elementor-element-fb7500d elementor-widget elementor-widget-text-editor\" data-id=\"fb7500d\" data-element_type=\"widget\" data-widget_type=\"text-editor.default\">\n\t\t\t\t<div class=\"elementor-widget-container\">\n\t\t\t\t\t\t\t\t\t<p>Az <strong>em\u00e9szt\u00e9s<\/strong> fontos r\u00e9sze az <strong>anyagcser\u00e9nek<\/strong>, ez \u00fagymond az el\u0151k\u00e9sz\u00edt\u0151 szakasz. Az anyagcsere mag\u00e1ban foglalja a sejtjeinkben zajl\u00f3 \u00f6sszes <strong>biok\u00e9miai folyamatot<\/strong>. Ide tartoznak az olyan feladatok, mint a t\u00e1panyagok kivon\u00e1sa a t\u00e1pl\u00e1l\u00e9kb\u00f3l, az energia biztos\u00edt\u00e1sa, amikor a szervezetnek sz\u00fcks\u00e9ge van r\u00e1, vagy a salakanyagok elt\u00e1vol\u00edt\u00e1sa a szervezetb\u0151l.<\/p><p>A <strong>metabolizmus<\/strong> t\u00f6bb anyagcsere-folyamatb\u00f3l \u00e1ll: gl\u00fck\u00f3z-, feh\u00e9rje- \u00e9s zs\u00edranyagcsere. Ha minden anyagcsere-folyamat optim\u00e1lisan m\u0171k\u00f6dik, k\u00f6nnyebb lefogyni \u00e9s hossz\u00fa t\u00e1von megtartani a tests\u00falyt. Ha fokozni szeretn\u00e9d az anyagcser\u00e9det, l\u00e9nyeges k\u00fcl\u00f6nbs\u00e9get kell tenni a katabolikus \u00e9s az anabolikus anyagcsere k\u00f6z\u00f6tt, amelyekben a h\u00e1rom kor\u00e1bban eml\u00edtett anyagcsere tal\u00e1lhat\u00f3 meg.<\/p>\t\t\t\t\t\t\t\t<\/div>\n\t\t\t\t<\/div>\n\t\t\t\t\t<\/div>\n\t\t\t\t<\/div>\n\t\t<div class=\"elementor-element elementor-element-d573c56 obcs none e-flex e-con-boxed e-con e-parent\" data-id=\"d573c56\" data-element_type=\"container\">\n\t\t\t\t\t<div class=\"e-con-inner\">\n\t\t\t\t<div class=\"elementor-element elementor-element-c5c7ec0 elementor-widget elementor-widget-heading\" data-id=\"c5c7ec0\" data-element_type=\"widget\" data-widget_type=\"heading.default\">\n\t\t\t\t<div class=\"elementor-widget-container\">\n\t\t\t\t\t<h2 class=\"elementor-heading-title elementor-size-default\">Katabolikus \u00e9s anabolikus anyagcsere<\/h2>\t\t\t\t<\/div>\n\t\t\t\t<\/div>\n\t\t\t\t\t<\/div>\n\t\t\t\t<\/div>\n\t\t<div class=\"elementor-element elementor-element-306e56e obcs none e-flex e-con-boxed e-con e-parent\" data-id=\"306e56e\" data-element_type=\"container\">\n\t\t\t\t\t<div class=\"e-con-inner\">\n\t\t\t\t<div class=\"elementor-element elementor-element-f33e6c3 elementor-widget elementor-widget-text-editor\" data-id=\"f33e6c3\" data-element_type=\"widget\" data-widget_type=\"text-editor.default\">\n\t\t\t\t<div class=\"elementor-widget-container\">\n\t\t\t\t\t\t\t\t\t<p>Anyagcsere zavar feln\u0151ttkorban sajnos gyakran el\u0151fordul. Ez a k\u00e9t fent eml\u00edtett folyamat soha nem fut egyszerre, hanem mindig egym\u00e1s k\u00f6vetve. A hormonok \u00e9s az enzimek gondoskodnak a biztons\u00e1gos folyamatr\u00f3l.<\/p>\t\t\t\t\t\t\t\t<\/div>\n\t\t\t\t<\/div>\n\t\t\t\t\t<\/div>\n\t\t\t\t<\/div>\n\t\t<div class=\"elementor-element elementor-element-94f464e obcs none e-flex e-con-boxed e-con e-parent\" data-id=\"94f464e\" data-element_type=\"container\">\n\t\t\t\t\t<div class=\"e-con-inner\">\n\t\t\t\t<div class=\"elementor-element elementor-element-f466764 elementor-widget elementor-widget-heading\" data-id=\"f466764\" data-element_type=\"widget\" data-widget_type=\"heading.default\">\n\t\t\t\t<div class=\"elementor-widget-container\">\n\t\t\t\t\t<h3 class=\"elementor-heading-title elementor-size-default\">Katabolizmus<\/h3>\t\t\t\t<\/div>\n\t\t\t\t<\/div>\n\t\t\t\t\t<\/div>\n\t\t\t\t<\/div>\n\t\t<div class=\"elementor-element elementor-element-e2c0328 obcs none e-flex e-con-boxed e-con e-parent\" data-id=\"e2c0328\" data-element_type=\"container\">\n\t\t\t\t\t<div class=\"e-con-inner\">\n\t\t\t\t<div class=\"elementor-element elementor-element-3e07caa elementor-widget elementor-widget-text-editor\" data-id=\"3e07caa\" data-element_type=\"widget\" data-widget_type=\"text-editor.default\">\n\t\t\t\t<div class=\"elementor-widget-container\">\n\t\t\t\t\t\t\t\t\t<p>A katabolizmus a lebont\u00f3 anyagcsere. Ennek sor\u00e1n a bevitt t\u00e1pl\u00e1l\u00e9k molekul\u00e1kra \u00e9s k\u00e9miai vegy\u00fcletekre bomlik, \u00e9s energi\u00e1t nyerr\u00fcnk bel\u0151le. Itt p\u00e9ld\u00e1ul a feh\u00e9rj\u00e9ket aminosavakk\u00e1, a sz\u00e9nhidr\u00e1tok pedig egyszer\u0171 cukrokk\u00e1 alakulnak \u00e1t. A felesleges energia, amelyre a szervezetnek m\u00e1r nincs sz\u00fcks\u00e9ge az \u00e9letfunkci\u00f3khoz, elrakt\u00e1roz\u00f3dik, \u00e9s a zs\u00edr- vagy izomsejtekben t\u00e1rol\u00f3dik.<\/p>\t\t\t\t\t\t\t\t<\/div>\n\t\t\t\t<\/div>\n\t\t\t\t\t<\/div>\n\t\t\t\t<\/div>\n\t\t<div class=\"elementor-element elementor-element-c34f6f6 obcs none e-flex e-con-boxed e-con e-parent\" data-id=\"c34f6f6\" data-element_type=\"container\">\n\t\t\t\t\t<div class=\"e-con-inner\">\n\t\t\t\t<div class=\"elementor-element elementor-element-f4768dc elementor-widget elementor-widget-heading\" data-id=\"f4768dc\" data-element_type=\"widget\" data-widget_type=\"heading.default\">\n\t\t\t\t<div class=\"elementor-widget-container\">\n\t\t\t\t\t<h3 class=\"elementor-heading-title elementor-size-default\">Anabolizmus<\/h3>\t\t\t\t<\/div>\n\t\t\t\t<\/div>\n\t\t\t\t\t<\/div>\n\t\t\t\t<\/div>\n\t\t<div class=\"elementor-element elementor-element-1c6b747 obcs none e-flex e-con-boxed e-con e-parent\" data-id=\"1c6b747\" data-element_type=\"container\">\n\t\t\t\t\t<div class=\"e-con-inner\">\n\t\t\t\t<div class=\"elementor-element elementor-element-0a63e6b elementor-widget elementor-widget-text-editor\" data-id=\"0a63e6b\" data-element_type=\"widget\" data-widget_type=\"text-editor.default\">\n\t\t\t\t<div class=\"elementor-widget-container\">\n\t\t\t\t\t\t\t\t\t<p>Az anabolizmus az \u00e9p\u00edt\u0151 anyagcsere, amely a sejtek fel\u00e9p\u00edt\u00e9s\u00e9t \u00e9s jav\u00edt\u00e1s\u00e1t biztos\u00edtja. Az el\u0151zetesen lebontott aminosavak, zs\u00edrsavak \u00e9s gl\u00fck\u00f3z visszaalakulnak nagyobb \u00f6sszetev\u0151kk\u00e9, p\u00e9ld\u00e1ul feh\u00e9rj\u00e9kk\u00e9, zs\u00edrokk\u00e1 \u00e9s \u00f6sszetett sz\u00e9nhidr\u00e1tokk\u00e1, \u00e9s m\u00e1s funkci\u00f3kra, p\u00e9ld\u00e1ul izom\u00e9p\u00edt\u00e9sre, sebgy\u00f3gyul\u00e1sra, v\u00e9rk\u00e9pz\u00e9sre vagy \u00e1ltal\u00e1nos sejtmeg\u00faj\u00edt\u00e1sra haszn\u00e1lhat\u00f3k fel.<\/p>\t\t\t\t\t\t\t\t<\/div>\n\t\t\t\t<\/div>\n\t\t\t\t\t<\/div>\n\t\t\t\t<\/div>\n\t\t<div class=\"elementor-element elementor-element-3f4e4c8 obcs none e-flex e-con-boxed e-con e-parent\" data-id=\"3f4e4c8\" data-element_type=\"container\">\n\t\t\t\t\t<div class=\"e-con-inner\">\n\t\t\t\t<div class=\"elementor-element elementor-element-52ca090 elementor-widget elementor-widget-heading\" data-id=\"52ca090\" data-element_type=\"widget\" data-widget_type=\"heading.default\">\n\t\t\t\t<div class=\"elementor-widget-container\">\n\t\t\t\t\t<h3 class=\"elementor-heading-title elementor-size-default\">K\u00f6v\u00e9rre koplalhatom magam?<\/h3>\t\t\t\t<\/div>\n\t\t\t\t<\/div>\n\t\t\t\t\t<\/div>\n\t\t\t\t<\/div>\n\t\t<div class=\"elementor-element elementor-element-18d3384 obcs none e-flex e-con-boxed e-con e-parent\" data-id=\"18d3384\" data-element_type=\"container\">\n\t\t\t\t\t<div class=\"e-con-inner\">\n\t\t\t\t<div class=\"elementor-element elementor-element-613a448 elementor-widget elementor-widget-image\" data-id=\"613a448\" data-element_type=\"widget\" data-widget_type=\"image.default\">\n\t\t\t\t<div class=\"elementor-widget-container\">\n\t\t\t\t\t\t\t\t\t\t\t\t\t\t\t<img decoding=\"async\" width=\"768\" height=\"512\" src=\"https:\/\/www.omni-biotic.com\/hu-hu\/wp-content\/uploads\/sites\/7\/2023\/03\/alvas-emesztes-fogyas-omnibiotic.jpg\" class=\"attachment-large size-large wp-image-20599\" alt=\"fogy\u00e1s, fogy\u00e1s hasr\u00f3l, fogy\u00e1s gyorsan, fogy\u00f3k\u00far\u00e1s tea, almaecet, gyors fogy\u00e1s, fogy\u00e1s tippek,\" srcset=\"https:\/\/www.omni-biotic.com\/hu-hu\/wp-content\/uploads\/sites\/7\/2023\/03\/alvas-emesztes-fogyas-omnibiotic.jpg 768w, https:\/\/www.omni-biotic.com\/hu-hu\/wp-content\/uploads\/sites\/7\/2023\/03\/alvas-emesztes-fogyas-omnibiotic-300x200.jpg 300w\" sizes=\"(max-width: 768px) 100vw, 768px\" title=\"\">\t\t\t\t\t\t\t\t\t\t\t\t\t\t\t<\/div>\n\t\t\t\t<\/div>\n\t\t\t\t<div class=\"elementor-element elementor-element-c1fc118 elementor-widget elementor-widget-text-editor\" data-id=\"c1fc118\" data-element_type=\"widget\" data-widget_type=\"text-editor.default\">\n\t\t\t\t<div class=\"elementor-widget-container\">\n\t\t\t\t\t\t\t\t\t<p>Az emberek az\u00e9rt kezdenek el di\u00e9t\u00e1zni, hogy min\u00e9l<strong> r\u00f6videbb id\u0151 alatt sokat fogyjanak. <\/strong>Ez id\u0151 alatt \u00e1ltal\u00e1ban nagyon <strong>egyoldal\u00faan t\u00e1pl\u00e1lkoznak<\/strong>, \u00e9s napokig vagy ak\u00e1r hetekig negat\u00edv <strong>energiaegyens\u00falyban<\/strong> vannak. Ez azt jelenti, hogy kevesebb t\u00e1pl\u00e1l\u00e9kot fogyasztunk, mint amennyire a szervezetnek sz\u00fcks\u00e9ge van az alapvet\u0151 funkci\u00f3k fenntart\u00e1s\u00e1hoz.<\/p><p>Ez a negat\u00edv energiaegyens\u00faly, m\u00e1s n\u00e9ven <strong>kal\u00f3riadeficit<\/strong> kezdetben optim\u00e1lisnak t\u0171nik, mivel az eredm\u00e9nyt nagyon gyorsan l\u00e1tjuk a t\u00fck\u00f6rben vagy a m\u00e9rlegen. Azonban <strong>els\u0151sorban vizet vesz\u00edt\u00fcnk \u00e9s nem felesleges kil\u00f3kat<\/strong> \u2013 de ezt sokan nem tudj\u00e1k! Ez a k\u00e9nyszer\u00fczemm\u00f3d m\u00e1r h\u00e1rom nap ut\u00e1n legal\u00e1bb 500 kilokal\u00f3ria kal\u00f3riadeficit ut\u00e1n kezd\u0151dik.<\/p><p>A t\u00e1pl\u00e1l\u00e9kkal bevitt kal\u00f3ri\u00e1k hi\u00e1ny\u00e1nak kompenz\u00e1l\u00e1s\u00e1ra els\u0151sorban izomt\u00f6meget vesz\u00edt\u00fcnk, \u00edgy az energiafogyaszt\u00e1s cs\u00f6kken. A zs\u00edr is fogy, de a rem\u00e9ltn\u00e9l kisebb m\u00e9rt\u00e9kben. A zs\u00edrcs\u00f6kken\u00e9s id\u0151vel egyre lassabb\u00e1 v\u00e1lik, mert az alapanyagcsere lelassul, \u00e9s v\u00e9g\u00fcl nyugalmi \u00e1llapotban kevesebb kal\u00f3ri\u00e1t \u00e9get\u00fcnk, mint kor\u00e1bban. Ekkor nem seg\u00edt az sem, ha feh\u00e9rj\u00e9ben gazdag \u00e9trendet k\u00f6vetsz \u00e9s sokat sportolsz. Az \u00e9hez\u00e9ses anyagcser\u00e9n\u00e9l f\u0151leg az <strong>izomzat \u00e9p\u00fcl le<\/strong>.<\/p><p>A m\u00e1sik ok, ami\u00e9rt a legt\u00f6bb ember gyorsan fogy a gy\u00f3gyb\u00f6jt vagy a k\u00fcl\u00f6nb\u00f6z\u0151 gy\u00fcm\u00f6lcsl\u00e9 k\u00far\u00e1k els\u0151 napjaiban, az az, hogy a szervezet az elej\u00e9n sok <strong>vizet v\u00e1laszt ki<\/strong>. Sajnos az alapanyagcsere-r\u00e1ta m\u00e9g sok\u00e1ig <strong>alacsony<\/strong> marad a di\u00e9ta ut\u00e1n is. A szervezet gyorsan megpr\u00f3b\u00e1lja \u00fajra felhalmozni a zs\u00edrtartal\u00e9kokat, hogy k\u00e9szen \u00e1lljunk a k\u00f6vetkez\u0151 \u00e9hs\u00e9ges id\u0151szakra. Minden di\u00e9ta, amit tartunk, hat\u00e1ssal van az anyagcser\u00e9nkre. Min\u00e9l t\u00f6bb di\u00e9t\u00e1t k\u00f6vet\u00fcnk, ann\u00e1l nagyobbak lesznek a <strong>zs\u00edrlerak\u00f3d\u00e1sok<\/strong>, \u00e9s ann\u00e1l jobban cs\u00f6kken az alapanyagcsere. \u00cdgy sokan nehezen vagy egy\u00e1ltal\u00e1n nem tudnak lefogyni.<\/p>\t\t\t\t\t\t\t\t<\/div>\n\t\t\t\t<\/div>\n\t\t\t\t\t<\/div>\n\t\t\t\t<\/div>\n\t\t<div class=\"elementor-element elementor-element-fc0d30f obcs none e-flex e-con-boxed e-con e-parent\" data-id=\"fc0d30f\" data-element_type=\"container\">\n\t\t\t\t\t<div class=\"e-con-inner\">\n\t\t\t\t<div class=\"elementor-element elementor-element-44ce46c elementor-widget elementor-widget-heading\" data-id=\"44ce46c\" data-element_type=\"widget\" data-widget_type=\"heading.default\">\n\t\t\t\t<div class=\"elementor-widget-container\">\n\t\t\t\t\t<h2 class=\"elementor-heading-title elementor-size-default\">Fogy\u00e1s akt\u00edv anyagcser\u00e9vel \u2013 7 tr\u00fckk<\/h2>\t\t\t\t<\/div>\n\t\t\t\t<\/div>\n\t\t\t\t\t<\/div>\n\t\t\t\t<\/div>\n\t\t<div class=\"elementor-element elementor-element-b0e4e8a obcs none e-flex e-con-boxed e-con e-parent\" data-id=\"b0e4e8a\" data-element_type=\"container\">\n\t\t\t\t\t<div class=\"e-con-inner\">\n\t\t\t\t<div class=\"elementor-element elementor-element-93b7131 elementor-widget elementor-widget-text-editor\" data-id=\"93b7131\" data-element_type=\"widget\" data-widget_type=\"text-editor.default\">\n\t\t\t\t<div class=\"elementor-widget-container\">\n\t\t\t\t\t\t\t\t\t<p>Az anyagcsere zavar kezel\u00e9se nagy kih\u00edv\u00e1snak t\u0171nhet. Hogy az anyagcsere ne lassuljon le, hanem akt\u00edv legyen, k\u00f6vesd a k\u00f6vetkez\u0151 a tippeket.<\/p>\t\t\t\t\t\t\t\t<\/div>\n\t\t\t\t<\/div>\n\t\t\t\t\t<\/div>\n\t\t\t\t<\/div>\n\t\t<div class=\"elementor-element elementor-element-f8d6546 obcs none e-flex e-con-boxed e-con e-parent\" data-id=\"f8d6546\" data-element_type=\"container\">\n\t\t\t\t\t<div class=\"e-con-inner\">\n\t\t\t\t<div class=\"elementor-element elementor-element-3d48a28 elementor-widget elementor-widget-image\" data-id=\"3d48a28\" data-element_type=\"widget\" data-widget_type=\"image.default\">\n\t\t\t\t<div class=\"elementor-widget-container\">\n\t\t\t\t\t\t\t\t\t\t\t\t\t\t\t<img decoding=\"async\" width=\"768\" height=\"513\" src=\"https:\/\/www.omni-biotic.com\/hu-hu\/wp-content\/uploads\/sites\/7\/2023\/03\/omni-biotic-anyagcsere.jpg\" class=\"attachment-large size-large wp-image-20600\" alt=\"fogy\u00e1s, fogy\u00e1s hasr\u00f3l, fogy\u00e1s gyorsan, fogy\u00f3k\u00far\u00e1s tea, almaecet, gyors fogy\u00e1s, fogy\u00e1s tippek,\" srcset=\"https:\/\/www.omni-biotic.com\/hu-hu\/wp-content\/uploads\/sites\/7\/2023\/03\/omni-biotic-anyagcsere.jpg 768w, https:\/\/www.omni-biotic.com\/hu-hu\/wp-content\/uploads\/sites\/7\/2023\/03\/omni-biotic-anyagcsere-300x200.jpg 300w\" sizes=\"(max-width: 768px) 100vw, 768px\" title=\"\">\t\t\t\t\t\t\t\t\t\t\t\t\t\t\t<\/div>\n\t\t\t\t<\/div>\n\t\t\t\t<div class=\"elementor-element elementor-element-6489a90 elementor-widget elementor-widget-text-editor\" data-id=\"6489a90\" data-element_type=\"widget\" data-widget_type=\"text-editor.default\">\n\t\t\t\t<div class=\"elementor-widget-container\">\n\t\t\t\t\t\t\t\t\t<p><strong>1. Felejtsd el az egyoldal\u00fa, \u00e9hez\u00e9ses di\u00e9t\u00e1kat!<\/strong><\/p><p>Ahogy fentebb m\u00e1r le\u00edrtuk, az egyoldal\u00fa, nagyon szigor\u00fa kal\u00f3riamennyis\u00e9get el\u0151\u00edr\u00f3 di\u00e9t\u00e1k nem alkalmasak arra, hogy k\u00f6zelebb vigyenek a k\u00edv\u00e1nt tests\u00faly el\u00e9r\u00e9s\u00e9hez. Nem a s\u00falyveszt\u00e9s az els\u0151dleges c\u00e9l, hanem a zs\u00edr cs\u00f6kkent\u00e9se. \u00c9s hogy ezt hogyan \u00e9rheted el, a k\u00f6vetkez\u0151 bekezd\u00e9sben megtudhatod.<\/p><p><strong>2. Sportolj!<\/strong><\/p><p>A szervezet\u00fcnknek minden nap sok <strong>energi\u00e1ra<\/strong> van sz\u00fcks\u00e9ge a t\u00fal\u00e9l\u00e9shez. Ezt az energi\u00e1t alapanyagcser\u00e9nek nevezz\u00fck. Ha a nap folyam\u00e1n t\u00f6bb energi\u00e1t (t\u00e1pl\u00e1l\u00e9kot) juttatunk szervezet\u00fcnkbe, mint amennyit elfogyasztunk, akkor ez az energia a zs\u00edrsz\u00f6vetben \u00e9s az izomsejtekben rakt\u00e1roz\u00f3dik el. Ha sportolsz vagy sokat mozogsz a mindennapokban, a szervezeted c\u00e9lzottan ig\u00e9nybe tudja venni a<strong> t\u00e1rolt energi\u00e1t<\/strong>.\u00a0<\/p><p>Ez\u00e9rt a kal\u00f3ria\u00e9get\u00e9s legjobb m\u00f3dja a rendszeres testmozg\u00e1s. De nem minden sport egyforma. A hossz\u00fa t\u00e1v\u00fa fogy\u00e1s \u00e9rdek\u00e9ben az <strong>er\u0151nl\u00e9ti \u00e9s \u00e1ll\u00f3k\u00e9pess\u00e9gi edz\u00e9s kombin\u00e1ci\u00f3ja<\/strong> aj\u00e1nlott. Az er\u0151nl\u00e9ti edz\u00e9s a leghat\u00e9konyabb m\u00f3dja az anyagcsere akt\u00edvan tart\u00e1s\u00e1nak. Nem kiz\u00e1r\u00f3lag edz\u00e9s k\u00f6zben \u00e9getsz energi\u00e1t, hanem ut\u00e1na is, amikor pihensz, k\u00f6sz\u00f6nhet\u0151en a fel\u00e9p\u00edtett izomt\u00f6megnek.<\/p><p><strong>3. V\u00e1lassz anyagcsere gyors\u00edt\u00f3 \u00e9teleket!<\/strong><\/p><p>Igen, az anyagcser\u00e9t \u00e9telekkel is fel lehet p\u00f6rgetni! Ak\u00e1r n\u00e9h\u00e1ny \u00f3r\u00e1ra is. Ezt az \u00e9telek <strong>termikus hat\u00e1s\u00e1nak<\/strong> nevezik, \u00e9s ez az a t\u00f6bbletenergia, amelyet a szervezetnek az \u00e9tel megem\u00e9szt\u00e9s\u00e9re kell ford\u00edtania. De vannak olyan egyedi \u00e9lelmiszerek is, amelyek fokozz\u00e1k az anyagcser\u00e9t. P\u00e9ld\u00e1ul a <strong>feh\u00e9rj\u00e9k<\/strong>. A zs\u00edrral \u00e9s a sz\u00e9nhidr\u00e1tokkal ellent\u00e9tben a feh\u00e9rj\u00e9ben gazdag \u00e9telek em\u00e9szt\u00e9st seg\u00edt\u0151 hat\u00e1st v\u00e1ltanak ki.\u00a0<\/p><p>Ennek oka, hogy a szervezetnek sok energi\u00e1t kell ford\u00edtania a f<strong>eh\u00e9rje megem\u00e9szt\u00e9s\u00e9hez<\/strong> \u00e9s aminosavakk\u00e1 bont\u00e1s\u00e1ra. A feh\u00e9rj\u00e9k emellett tov\u00e1bb j\u00f3llakottan tartanak, \u00e9s megakad\u00e1lyozz\u00e1k a fal\u00e1nks\u00e1g ir\u00e1nti v\u00e1gyat! De a <a href=\"https:\/\/www.omni-biotic.com\/hu-hu\/blog\/mi-toertenik-ha-nem-fogyasztok-rostokat\/\"><strong>rosttartalm\u00fa \u00e9telek<\/strong><\/a> is igazi anyagcsere gyors\u00edt\u00f3k! Ezek k\u00f6z\u00e9 tartoznak a <strong>teljes ki\u0151rl\u00e9s\u0171 gabon\u00e1b\u00f3l<\/strong> k\u00e9sz\u00fclt term\u00e9kek, a zabkorpa, a h\u00fcvelyesek \u00e9s a z\u00f6lds\u00e9gek.<\/p><p><strong>4. Vigy\u00e9l be elegend\u0151 folyad\u00e9kot!<\/strong><\/p><p>A <strong>v\u00edz<\/strong> \u00e9rt\u00e9kes elix\u00edr szervezet\u00fcnk sz\u00e1m\u00e1ra. Seg\u00edt minden fontos feladat\u00e1nak ell\u00e1t\u00e1s\u00e1ban, \u00e9s k\u00fcl\u00f6n\u00f6sen l\u00e9nyeges az em\u00e9szt\u00e9s szempontj\u00e1b\u00f3l. Naponta k\u00f6r\u00fclbel\u00fcl 1,5 liter vizet aj\u00e1nlott bevinni. Tanulm\u00e1nyok szerint m\u00e1r 500 milliliter v\u00edz 24 sz\u00e1zal\u00e9kkal n\u00f6veli az energiafogyaszt\u00e1st a k\u00f6vetkez\u0151 60 percben. A cukros italok helyett is aj\u00e1nlott vizet inni. \u00cdgy automatikusan kevesebb kal\u00f3ri\u00e1t fogyasztasz, \u00e9s k\u00f6nnyebben tudod tartani a tests\u00falyt.<\/p><p><strong>5. Aludj eleget!<\/strong><\/p><p>Az alv\u00e1s nagyon fontos az anyagcsere szempontj\u00e1b\u00f3l, k\u00fcl\u00f6n\u00f6sen a m\u00e9ly alv\u00e1s az els\u0151 h\u00e1rom \u00f3r\u00e1ban. A zavart vagy a t\u00fal r\u00f6vid alv\u00e1s <strong>elh\u00edz\u00e1shoz<\/strong> vezethet, \u00e9s \u00e1ltal\u00e1ban negat\u00edv hat\u00e1ssal van az anyagcser\u00e9re. Az elegend\u0151 alv\u00e1s a sportol\u00f3k sz\u00e1m\u00e1ra is nagyon fontos, mivel a sportol\u00e1s sor\u00e1n haszn\u00e1lt izmok alv\u00e1s k\u00f6zben regener\u00e1l\u00f3dnak. Amit sokan nem tudnak, hogy a rossz vagy kev\u00e9s alv\u00e1s n\u00f6veli az \u00e9hs\u00e9ghormon, a ghrelin szintj\u00e9t, ugyanakkor cs\u00f6kkenti a j\u00f3llakotts\u00e1g \u00e9rz\u00e9s\u00e9t l\u00e9trehoz\u00f3 hormon, a leptin szintj\u00e9t. Ez gyakran azt eredm\u00e9nyezi, hogy az alv\u00e1shi\u00e1nyt\u00f3l szenved\u0151 szem\u00e9lyek \u00e9hesebbek \u00e9s nehezebben fogynak.<\/p><p><strong>6. Ker\u00fcld a stresszt!<\/strong><\/p><p>A <strong>stressz<\/strong> b\u00e9n\u00edtja az anyagcser\u00e9t! A relax\u00e1ci\u00f3 \u00e9s a <a href=\"https:\/\/www.omni-biotic.com\/hu-hu\/a-belrendszer-egeszsege\/a-bel-hataskore\/stressz-emesztes-depresszio\/\"><strong>stresszcs\u00f6kkent\u00e9s<\/strong><\/a> ugyanolyan fontos a s\u00falycs\u00f6kken\u00e9shez, mint a sport \u00e9s a t\u00e1pl\u00e1lkoz\u00e1s. Az \u00e1lland\u00f3 stressz a <strong>kortizol<\/strong> nev\u0171 stresszhormon t\u00falzott m\u00e9rt\u00e9k\u0171 felszabadul\u00e1s\u00e1hoz vezet. A szervezet erre v\u00e9dekez\u0151 magatart\u00e1ssal reag\u00e1l, amelyben cs\u00f6kkenti a zs\u00edranyagcser\u00e9t, a regener\u00e1ci\u00f3s folyamatok m\u00e1r nem teljes m\u00e9rt\u00e9kben mennek v\u00e9gbe, \u00e9s a v\u00edz elrakt\u00e1roz\u00f3dik. A stressz gyakran alv\u00e1szavart is okoz, ami viszont n\u00f6veli a kortizon felszabadul\u00e1s\u00e1t.<\/p><p><strong>7. Alkalmazz megfelel\u0151, j\u00f3t\u00e9kony bakt\u00e9riumokat!<\/strong><\/p><p>Hallott\u00e1l m\u00e1r az \u00fagynevezett hizlal\u00f3 \u00e9s az alakform\u00e1l\u00f3 bakt\u00e9riumokr\u00f3l? Sz\u00e1mos tanulm\u00e1ny igazolja, hogy a t\u00fals\u00falyos emberek <a href=\"https:\/\/www.omni-biotic.com\/hu-hu\/a-belrendszer-egeszsege\/a-bel-az-egeszseg-kozpontja\/belflora\/\"><strong>b\u00e9lfl\u00f3r\u00e1j\u00e1nak<\/strong><\/a> \u00f6sszet\u00e9tele \u00e1ltal\u00e1ban elt\u00e9r a norm\u00e1l tests\u00faly\u00faak\u00e9t\u00f3l. Az ilyen t\u00edpus\u00fa bakt\u00e9riumok k\u00f6z\u00f6tti egyens\u00falyhi\u00e1ny teh\u00e1t felel\u0151s lehet a makacs elh\u00edz\u00e1s\u00e9rt. Ez megmagyar\u00e1zza azt is, hogy mi\u00e9rt van sokak sz\u00e1m\u00e1ra minden \u00e9vben napirenden a di\u00e9ta \u00e9s mi\u00e9rt vezet szinte mindig ugyanahhoz az eredm\u00e9nyhez.<\/p><p>Miut\u00e1n az izzaszt\u00f3 testmozg\u00e1ssal ledolgozott n\u00e9h\u00e1ny centim\u00e9ter der\u00e9kk\u00f6rfogat, a m\u00e9rleg mutat\u00f3ja a <strong>joj\u00f3-effektus<\/strong> miatt r\u00f6viddel k\u00e9s\u0151bb gyorsan \u00fajra felfel\u00e9 megy. Sokaknak pedig egy\u00e1ltal\u00e1n semmi sem mozdul lefel\u00e9, csup\u00e1n csak a j\u00f3ked\u00fck cs\u00f6kken. A b\u00e9lben l\u00e9v\u0151 \u201chizlal\u00f3 bakt\u00e9riumok\u201d t\u00fals\u00falya nagym\u00e9rt\u00e9kben felel\u0151s ez\u00e9rt. A b\u00e9lben \u00e1ltal\u00e1ban firmicutes \u00e9s bacteroidetes bakt\u00e9riumok vannak jelen kiegyens\u00falyozott ar\u00e1nyban. Vizsg\u00e1latok azonban kimutatt\u00e1k, hogy a t\u00fals\u00falyos emberekn\u00e9l egy\u00e9rtelm\u0171en a firmicute-ok vannak t\u00fals\u00falyban.<\/p>\t\t\t\t\t\t\t\t<\/div>\n\t\t\t\t<\/div>\n\t\t\t\t\t<\/div>\n\t\t\t\t<\/div>\n\t\t\t\t<\/div>\n\t\t","protected":false},"excerpt":{"rendered":"<p>Az \u00e1lland\u00f3 fogy\u00f3k\u00fara \u00e9s di\u00e9ta nemcsak bosszant\u00f3 \u00e9s kimer\u00edt\u0151, de m\u00e9g az anyagcser\u00e9t is lass\u00edtja. Akt\u00edv anyagcser\u00e9vel a fogy\u00e1s sokkal k\u00f6nnyebb, \u00e9s term\u00e9szetesen gyorsabban is m\u0171k\u00f6dik. Az eg\u00e9szs\u00e9gtelen \u00e9letm\u00f3ddal \u00f6sszef\u00fcgg\u0151 szok\u00e1sok azonban lelass\u00edthatj\u00e1k az anyagcser\u00e9nket, s\u0151t m\u00e9g plusz kil\u00f3k is jelentkezhetnek Hogyan m\u0171k\u00f6dik az anyagcser\u00e9nk? Az em\u00e9szt\u00e9s fontos r\u00e9sze az anyagcser\u00e9nek, ez \u00fagymond az el\u0151k\u00e9sz\u00edt\u0151 [&hellip;]<\/p>\n","protected":false},"author":2,"featured_media":16263,"comment_status":"closed","ping_status":"closed","sticky":false,"template":"","format":"standard","meta":{"_acf_changed":false,"inline_featured_image":false,"footnotes":""},"categories":[108],"tags":[],"class_list":["post-16262","post","type-post","status-publish","format-standard","has-post-thumbnail","hentry","category-panaszok-tanacsok"],"acf":[],"rank_math":{"og:title":"Serkentsd az anyagcser\u00e9t \u00e9s fogyj: 7 tipp\u00fcnk van! - OMNi-BiOTiC","og:desc":"Anyagcsere zavar \u00e9s anyagcsere betegs\u00e9gek feln\u0151tt korban gyakran jelentkeznek. Hogyan serkenthetem az anyagcser\u00e9met? Hogyan tudok fogyni?","og:url":"https:\/\/www.omni-biotic.com\/hu-hu\/blog\/fokozza-az-anyagcseret-es-fogyjon-ezzel-a-7-truekkel-mukoedik\/","og:locale":"hu_HU","og:image":"https:\/\/www.omni-biotic.com\/hu-hu\/wp-content\/uploads\/sites\/7\/2023\/06\/omnibiotic-fogyas.jpg","og:image:width":"768","og:image:height":"512"},"additional_data":{"thumbnail":"https:\/\/www.omni-biotic.com\/hu-hu\/wp-content\/uploads\/sites\/7\/2023\/06\/omnibiotic-fogyas.jpg"},"blog_info":{"country":"hu-hu"},"_links":{"self":[{"href":"https:\/\/www.omni-biotic.com\/hu-hu\/wp-json\/wp\/v2\/posts\/16262","targetHints":{"allow":["GET"]}}],"collection":[{"href":"https:\/\/www.omni-biotic.com\/hu-hu\/wp-json\/wp\/v2\/posts"}],"about":[{"href":"https:\/\/www.omni-biotic.com\/hu-hu\/wp-json\/wp\/v2\/types\/post"}],"author":[{"embeddable":true,"href":"https:\/\/www.omni-biotic.com\/hu-hu\/wp-json\/wp\/v2\/users\/2"}],"replies":[{"embeddable":true,"href":"https:\/\/www.omni-biotic.com\/hu-hu\/wp-json\/wp\/v2\/comments?post=16262"}],"version-history":[{"count":7,"href":"https:\/\/www.omni-biotic.com\/hu-hu\/wp-json\/wp\/v2\/posts\/16262\/revisions"}],"predecessor-version":[{"id":20708,"href":"https:\/\/www.omni-biotic.com\/hu-hu\/wp-json\/wp\/v2\/posts\/16262\/revisions\/20708"}],"wp:featuredmedia":[{"embeddable":true,"href":"https:\/\/www.omni-biotic.com\/hu-hu\/wp-json\/wp\/v2\/media\/16263"}],"wp:attachment":[{"href":"https:\/\/www.omni-biotic.com\/hu-hu\/wp-json\/wp\/v2\/media?parent=16262"}],"wp:term":[{"taxonomy":"category","embeddable":true,"href":"https:\/\/www.omni-biotic.com\/hu-hu\/wp-json\/wp\/v2\/categories?post=16262"},{"taxonomy":"post_tag","embeddable":true,"href":"https:\/\/www.omni-biotic.com\/hu-hu\/wp-json\/wp\/v2\/tags?post=16262"}],"curies":[{"name":"wp","href":"https:\/\/api.w.org\/{rel}","templated":true}]}}