{"id":16265,"date":"2023-03-29T09:08:03Z","date_gmt":"2023-03-29T07:08:03Z","guid":{"rendered":"https:\/\/www.omni-biotic.com\/hu-hu\/aktiv-belbakteriumokkal-a-virusok-ellen\/"},"modified":"2024-02-06T12:37:50Z","modified_gmt":"2024-02-06T11:37:50Z","slug":"belbakteriumokkal-virusok-ellen","status":"publish","type":"post","link":"https:\/\/www.omni-biotic.com\/hu-hu\/blog\/belbakteriumokkal-virusok-ellen\/","title":{"rendered":"Akt\u00edv b\u00e9lbakt\u00e9riumokkal a v\u00edrusok ellen"},"content":{"rendered":"\t\t<div data-elementor-type=\"wp-post\" data-elementor-id=\"16265\" class=\"elementor elementor-16265\" data-elementor-post-type=\"post\">\n\t\t\t\t<div class=\"elementor-element elementor-element-ee8822e obcs none e-flex e-con-boxed e-con e-parent\" data-id=\"ee8822e\" data-element_type=\"container\">\n\t\t\t\t\t<div class=\"e-con-inner\">\n\t\t\t\t<div class=\"elementor-element elementor-element-5a18e35 elementor-widget elementor-widget-text-editor\" data-id=\"5a18e35\" data-element_type=\"widget\" data-widget_type=\"text-editor.default\">\n\t\t\t\t<div class=\"elementor-widget-container\">\n\t\t\t\t\t\t\t\t\t<p><span style=\"color: #800080\"><em>A <strong>probiotikus <a href=\"https:\/\/www.omni-biotic.com\/hu-hu\/blog\/belbakteriumok-fajtai-es-szerepe\/\">bakt\u00e9riumok<\/a><\/strong> fontos szerepet j\u00e1tszanak a <a href=\"https:\/\/www.omni-biotic.com\/hu-hu\/blog\/\"><strong>b\u00e9lg\u00e1t<\/strong><\/a> eg\u00e9szs\u00e9g\u00e9nek meg\u0151rz\u00e9s\u00e9ben \u00e9s k\u00e9pesek pozit\u00edvan hatni a szervezet saj\u00e1t immunsejtjeire is. Emellett speci\u00e1lis mechanizmusokat hoznak l\u00e9tre a nemk\u00edv\u00e1natos betolakod\u00f3k, pl. a v\u00edrusok hat\u00e1stalan\u00edt\u00e1s\u00e1ra<\/em><\/span><span style=\"color: #800080\"><em>.<\/em><\/span><\/p>\t\t\t\t\t\t\t\t<\/div>\n\t\t\t\t<\/div>\n\t\t\t\t\t<\/div>\n\t\t\t\t<\/div>\n\t\t<div class=\"elementor-element elementor-element-af60e0c obcs none e-flex e-con-boxed e-con e-parent\" data-id=\"af60e0c\" data-element_type=\"container\">\n\t\t\t\t\t<div class=\"e-con-inner\">\n\t\t\t\t<div class=\"elementor-element elementor-element-40682ad elementor-widget elementor-widget-heading\" data-id=\"40682ad\" data-element_type=\"widget\" data-widget_type=\"heading.default\">\n\t\t\t\t<div class=\"elementor-widget-container\">\n\t\t\t\t\t<h2 class=\"elementor-heading-title elementor-size-default\">A v\u00edrusok elleni v\u00e9dekez\u00e9si mechanizmusok<\/h2>\t\t\t\t<\/div>\n\t\t\t\t<\/div>\n\t\t\t\t\t<\/div>\n\t\t\t\t<\/div>\n\t\t<div class=\"elementor-element elementor-element-a1a783c obcs none e-flex e-con-boxed e-con e-parent\" data-id=\"a1a783c\" data-element_type=\"container\">\n\t\t\t\t\t<div class=\"e-con-inner\">\n\t\t\t\t<div class=\"elementor-element elementor-element-a48d1d3 elementor-widget elementor-widget-image\" data-id=\"a48d1d3\" data-element_type=\"widget\" data-widget_type=\"image.default\">\n\t\t\t\t<div class=\"elementor-widget-container\">\n\t\t\t\t\t\t\t\t\t\t\t\t\t\t\t<img fetchpriority=\"high\" decoding=\"async\" width=\"800\" height=\"534\" src=\"https:\/\/www.omni-biotic.com\/hu-hu\/wp-content\/uploads\/sites\/7\/2023\/03\/bakteriumok_a_virus_ellen.jpg\" class=\"attachment-large size-large wp-image-20591\" alt=\"b\u00e9lbakt\u00e9rium, probiotikus bakt\u00e9rium, v\u00e9delmi mechanizmus, bakt\u00e9rium vagy v\u00edrus, b\u00e9lbakt\u00e9rium, probiotkum, b\u00e9l-agy tengely, bakt\u00e9rium \u00e9s v\u00edrus\" srcset=\"https:\/\/www.omni-biotic.com\/hu-hu\/wp-content\/uploads\/sites\/7\/2023\/03\/bakteriumok_a_virus_ellen.jpg 1000w, https:\/\/www.omni-biotic.com\/hu-hu\/wp-content\/uploads\/sites\/7\/2023\/03\/bakteriumok_a_virus_ellen-300x200.jpg 300w, https:\/\/www.omni-biotic.com\/hu-hu\/wp-content\/uploads\/sites\/7\/2023\/03\/bakteriumok_a_virus_ellen-768x512.jpg 768w\" sizes=\"(max-width: 800px) 100vw, 800px\" title=\"\">\t\t\t\t\t\t\t\t\t\t\t\t\t\t\t<\/div>\n\t\t\t\t<\/div>\n\t\t\t\t\t<\/div>\n\t\t\t\t<\/div>\n\t\t<div class=\"elementor-element elementor-element-ff64c5e obcs none e-flex e-con-boxed e-con e-parent\" data-id=\"ff64c5e\" data-element_type=\"container\">\n\t\t\t\t\t<div class=\"e-con-inner\">\n\t\t\t\t<div class=\"elementor-element elementor-element-ab91fd9 elementor-widget elementor-widget-text-editor\" data-id=\"ab91fd9\" data-element_type=\"widget\" data-widget_type=\"text-editor.default\">\n\t\t\t\t<div class=\"elementor-widget-container\">\n\t\t\t\t\t\t\t\t\t<p>Ennek sor\u00e1n a b\u00e9lben l\u00e9v\u0151 seg\u00edt\u0151t\u00e1rsaink k\u00fcl\u00f6nb\u00f6z\u0151 tulajdons\u00e1gaikat haszn\u00e1lj\u00e1k fel, \u00e9s t\u00f6bbek k\u00f6z\u00f6tt a k\u00f6vetkez\u0151 m\u00f3don k\u00e9pesek felvenni a harcot a v\u00edrusokkal szemben:<\/p><ol><li><strong>Csapd\u00e1z\u00e1si mechanizmus<\/strong> (Trapping mechanizmus): Bizonyos bakt\u00e9riumt\u00f6rzsek k\u00e9pesek a v\u00edrusokat a <strong>sejtfelsz\u00edn\u00fckh\u00f6z k\u00f6tni<\/strong> \u00e9s itt \u201ctartani\u201d \u0151ket.<\/li><li><strong>V\u00edrusellenes anyagok<\/strong> <strong>akt\u00edv felszabadul\u00e1sa<\/strong>: Bizonyos bakt\u00e9riumt\u00f6rzsek k\u00e9pesek \u00fagynevezett <em>bakteriocint<\/em> termelni. Ezek az anyagok (pl. hidrog\u00e9n-peroxid vagy lakt\u00e1t) <strong>korl\u00e1tozhatj\u00e1k<\/strong> a v\u00edrusok szaporod\u00e1s\u00e1t, vagy <strong>megzavarhatj\u00e1k<\/strong> a v\u00edrus \u00e9s a c\u00e9lsejt <strong>k\u00f6lcs\u00f6nhat\u00e1s\u00e1t<\/strong>.<\/li><li><strong>A receptorok blokkol\u00e1sa a v\u00edrus sejtbe jut\u00e1s\u00e1nak megakad\u00e1lyoz\u00e1s\u00e1ra:<\/strong> A sejtek (pl. a b\u00e9lny\u00e1lkah\u00e1rtya sejtjei) felsz\u00edn\u00e9n k\u00fcl\u00f6nb\u00f6z\u0151 t\u00edpus\u00fa receptorok tal\u00e1lhat\u00f3k. Bizonyos anyagok vagy v\u00edrusok k\u00f6t\u0151dhetnek ezekhez a receptorokhoz, \u00e9s reakci\u00f3t v\u00e1lthatnak ki a sejtekben, illetve bejuthatnak azokba. Ezeket a receptorokat az teszi k\u00fcl\u00f6nlegess\u00e9, hogy nagyon specifikus k\u00f6t\u0151d\u00e9si pontokkal rendelkeznek. Nem minden anyag tud k\u00f6t\u0151dni a receptorhoz. \u00cdgy a k\u00e9t komponensnek t\u00f6k\u00e9letesen kell illeszkednie egym\u00e1shoz \u2013 mint kulcs a z\u00e1rba. Bizonyos <strong><a href=\"https:\/\/www.omni-biotic.com\/hu\/belbakteriumok\/\">bakt\u00e9riumok<\/a><\/strong> k\u00e9pesek <strong>beter\u00edteni a b\u00e9lny\u00e1lkah\u00e1rtya<\/strong> sejtjeinek felsz\u00edn\u00e9t, \u00edgy a k\u00fcl\u00f6nb\u00f6z\u0151 v\u00edrusoknak m\u00e1r nincs lehet\u0151s\u00e9g\u00fck a receptorokhoz kapcsol\u00f3dni \u00e9s a sejtbe jutni.<\/li><li><strong>A fal\u00f3sejtek aktiv\u00e1l\u00e1sa<\/strong>: A probiotikus bakt\u00e9riumok k\u00e9pesek aktiv\u00e1lni a fal\u00f3sejteket (m\u00e1s n\u00e9ven makrof\u00e1gokat), amelyek feladata a <strong>szervezet kitiszt\u00edt\u00e1sa<\/strong> a k\u00fcl\u00f6nb\u00f6z\u0151 k\u00e1ros anyagokt\u00f3l. A fal\u00f3sejtek t\u00f6bbek k\u00f6z\u00f6tt felsz\u00edvj\u00e1k a v\u00edrusokat, majd lebontj\u00e1k azokat.<\/li><\/ol>\t\t\t\t\t\t\t\t<\/div>\n\t\t\t\t<\/div>\n\t\t\t\t\t<\/div>\n\t\t\t\t<\/div>\n\t\t<div class=\"elementor-element elementor-element-47032e3 obcs none e-flex e-con-boxed e-con e-parent\" data-id=\"47032e3\" data-element_type=\"container\">\n\t\t\t\t\t<div class=\"e-con-inner\">\n\t\t\t\t<div class=\"elementor-element elementor-element-71f2ecb elementor-widget elementor-widget-heading\" data-id=\"71f2ecb\" data-element_type=\"widget\" data-widget_type=\"heading.default\">\n\t\t\t\t<div class=\"elementor-widget-container\">\n\t\t\t\t\t<h2 class=\"elementor-heading-title elementor-size-default\">A probiotikum fegyver a v\u00edrusok ellen<\/h2>\t\t\t\t<\/div>\n\t\t\t\t<\/div>\n\t\t\t\t\t<\/div>\n\t\t\t\t<\/div>\n\t\t<div class=\"elementor-element elementor-element-8ad8886 obcs none e-flex e-con-boxed e-con e-parent\" data-id=\"8ad8886\" data-element_type=\"container\">\n\t\t\t\t\t<div class=\"e-con-inner\">\n\t\t\t\t<div class=\"elementor-element elementor-element-b5ac062 elementor-widget elementor-widget-text-editor\" data-id=\"b5ac062\" data-element_type=\"widget\" data-widget_type=\"text-editor.default\">\n\t\t\t\t<div class=\"elementor-widget-container\">\n\t\t\t\t\t\t\t\t\t<p>A bakt\u00e9riumok ak\u00e1r sz\u00e1zszor nagyobbak, mint a v\u00edrusok, ez\u00e9rt k\u00e9pesek felvenni vel\u00fck a harcot, \u00e9s megv\u00e9dik szervezet\u00fcnket a betegs\u00e9gekt\u0151l.<\/p><ul><li>A <strong>probiotikus bakt\u00e9riumok<\/strong> a felsz\u00edn\u00fckh\u00f6z k\u00f6tik a v\u00edrusokat, \u00e9s \u00edgy megakad\u00e1lyozz\u00e1k a szervezet sejtjeinek megfert\u0151z\u0151d\u00e9s\u00e9t.<\/li><li>A mikroorganizmusok olyan <strong>anyagokat termelnek<\/strong>, amelyek k\u00e9pesek elpuszt\u00edtani a v\u00edrusokat.<\/li><li>A<strong> <a href=\"https:\/\/www.omni-biotic.com\/hu-hu\/blog\/igy-fokozzak-a-probiotikumok-az-agy-teljesitokepesseget\/\">probiotikus bakt\u00e9riumok<\/a><\/strong> blokkolj\u00e1k a v\u00edrusok <strong>k\u00f6t\u0151d\u00e9si pontjait<\/strong>, \u00e9s \u00edgy megakad\u00e1lyozz\u00e1k a szervezet sejtjeinek megfert\u0151z\u0151d\u00e9s\u00e9t.<\/li><li>A <strong>b\u00e9lben l\u00e9v\u0151 ny\u00e1lkar\u00e9teg<\/strong> megnehez\u00edti a v\u00edrusok mozg\u00e1s\u00e1t. Ezenk\u00edv\u00fcl a ny\u00e1lka olyan anyagokat tartalmaz, amelyek inaktiv\u00e1lj\u00e1k a v\u00edrusokat.<\/li><li>A probiotikus bakt\u00e9riumok \u00e9l\u00e9nk\u00edtik az immunrendszert, \u00e9s \u00edgy n\u00f6velik a v\u00edrusokkal szembeni ellen\u00e1ll\u00f3 k\u00e9pess\u00e9get.<\/li><\/ul>\t\t\t\t\t\t\t\t<\/div>\n\t\t\t\t<\/div>\n\t\t\t\t\t<\/div>\n\t\t\t\t<\/div>\n\t\t<div class=\"elementor-element elementor-element-5e808f2 obcs none e-flex e-con-boxed e-con e-parent\" data-id=\"5e808f2\" data-element_type=\"container\">\n\t\t\t\t\t<div class=\"e-con-inner\">\n\t\t\t\t<div class=\"elementor-element elementor-element-aa358ef elementor-widget-divider--view-line elementor-widget elementor-widget-divider\" data-id=\"aa358ef\" data-element_type=\"widget\" data-widget_type=\"divider.default\">\n\t\t\t\t<div class=\"elementor-widget-container\">\n\t\t\t\t\t\t\t<div class=\"elementor-divider\">\n\t\t\t<span class=\"elementor-divider-separator\">\n\t\t\t\t\t\t<\/span>\n\t\t<\/div>\n\t\t\t\t\t\t<\/div>\n\t\t\t\t<\/div>\n\t\t\t\t\t<\/div>\n\t\t\t\t<\/div>\n\t\t<div class=\"elementor-element elementor-element-858d92a obcs none e-flex e-con-boxed e-con e-parent\" data-id=\"858d92a\" data-element_type=\"container\">\n\t\t\t\t\t<div class=\"e-con-inner\">\n\t\t\t\t<div class=\"elementor-element elementor-element-eaeb0bd elementor-widget elementor-widget-text-editor\" data-id=\"eaeb0bd\" data-element_type=\"widget\" data-widget_type=\"text-editor.default\">\n\t\t\t\t<div class=\"elementor-widget-container\">\n\t\t\t\t\t\t\t\t\t<p><strong><a class=\"button button_size_2 button_dark button_js\" href=\"https:\/\/www.omni-biotic.com\/hu\/term\u00e9kek\/omni-biotic-pro-vi-5\/\"><span class=\"button_label\">OMNi-BiOTiC Pro-Vi 5<img decoding=\"async\" class=\"size-medium wp-image-16268 img-fluid alignright\" src=\"https:\/\/www.omni-biotic.com\/hu-hu\/wp-content\/uploads\/sites\/7\/2023\/06\/provi5-276x300.png\" alt=\"omni-biotic, v\u00edrus ellen, bakt\u00e9riumok, b\u00e9lbakt\u00e9rium, probiotikum, bakt\u00e9riumt\u00f6rzsek\" width=\"276\" height=\"300\" title=\"\" srcset=\"https:\/\/www.omni-biotic.com\/hu-hu\/wp-content\/uploads\/sites\/7\/2023\/06\/provi5-276x300.png 276w, https:\/\/www.omni-biotic.com\/hu-hu\/wp-content\/uploads\/sites\/7\/2023\/06\/provi5.png 368w\" sizes=\"(max-width: 276px) 100vw, 276px\" \/><\/span><\/a><\/strong><\/p><p>\u00a0<\/p><ul><li><p class=\"inbd product-page-info_subtitle\">5 bakt\u00e9rium + D-vitamin az immunrendszer\u00e9rt.<\/p><\/li><li><p class=\"inbd product-page-info_subtitle\">Amikor a szervezet v\u00e9dekez\u0151k\u00e9pess\u00e9ge fokozott ig\u00e9nybev\u00e9telnek van kit\u00e9ve.<\/p><\/li><\/ul>\t\t\t\t\t\t\t\t<\/div>\n\t\t\t\t<\/div>\n\t\t\t\t\t<\/div>\n\t\t\t\t<\/div>\n\t\t<div class=\"elementor-element elementor-element-bcd37a7 obcs none e-flex e-con-boxed e-con e-parent\" data-id=\"bcd37a7\" data-element_type=\"container\">\n\t\t\t\t\t<div class=\"e-con-inner\">\n\t\t\t\t<div class=\"elementor-element elementor-element-3cd038f elementor-align-center elementor-widget elementor-widget-button\" data-id=\"3cd038f\" data-element_type=\"widget\" data-widget_type=\"button.default\">\n\t\t\t\t<div class=\"elementor-widget-container\">\n\t\t\t\t\t\t\t\t\t<div class=\"elementor-button-wrapper\">\n\t\t\t\t\t<a class=\"elementor-button elementor-button-link elementor-size-md\" href=\"https:\/\/shop.omni-biotic.com\/hu-hu\/products\/omni-biotic-pro-vi-5-int-43100\">\n\t\t\t\t\t\t<span class=\"elementor-button-content-wrapper\">\n\t\t\t\t\t\t\t\t\t<span class=\"elementor-button-text\">Kattints ide<\/span>\n\t\t\t\t\t<\/span>\n\t\t\t\t\t<\/a>\n\t\t\t\t<\/div>\n\t\t\t\t\t\t\t\t<\/div>\n\t\t\t\t<\/div>\n\t\t\t\t\t<\/div>\n\t\t\t\t<\/div>\n\t\t\t\t<\/div>\n\t\t","protected":false},"excerpt":{"rendered":"<p>A probiotikus bakt\u00e9riumok fontos szerepet j\u00e1tszanak a b\u00e9lg\u00e1t eg\u00e9szs\u00e9g\u00e9nek meg\u0151rz\u00e9s\u00e9ben \u00e9s k\u00e9pesek pozit\u00edvan hatni a szervezet saj\u00e1t immunsejtjeire is. Emellett speci\u00e1lis mechanizmusokat hoznak l\u00e9tre a nemk\u00edv\u00e1natos betolakod\u00f3k, pl. a v\u00edrusok hat\u00e1stalan\u00edt\u00e1s\u00e1ra. A v\u00edrusok elleni v\u00e9dekez\u00e9si mechanizmusok Ennek sor\u00e1n a b\u00e9lben l\u00e9v\u0151 seg\u00edt\u0151t\u00e1rsaink k\u00fcl\u00f6nb\u00f6z\u0151 tulajdons\u00e1gaikat haszn\u00e1lj\u00e1k fel, \u00e9s t\u00f6bbek k\u00f6z\u00f6tt a k\u00f6vetkez\u0151 m\u00f3don k\u00e9pesek felvenni a [&hellip;]<\/p>\n","protected":false},"author":17,"featured_media":16266,"comment_status":"closed","ping_status":"closed","sticky":false,"template":"","format":"standard","meta":{"_acf_changed":false,"inline_featured_image":false,"footnotes":""},"categories":[109],"tags":[],"class_list":["post-16265","post","type-post","status-publish","format-standard","has-post-thumbnail","hentry","category-ujdonsagok-a-kutatasban"],"acf":[],"rank_math":{"og:title":"Akt\u00edv b\u00e9lbakt\u00e9riumokkal a v\u00edrusok ellen - OMNi-BiOTiC\u00ae","og:desc":"A b\u00e9lfl\u00f3ra fel\u00e9p\u00edt\u00e9se fontos az immunrendszer m\u0171k\u00f6d\u00e9s\u00e9hez. Hogyan v\u00e9dekezik a b\u00e9lrendszer a v\u00edrusok ellen? A b\u00e9lbakt\u00e9riumokr\u00f3l b\u0151vebben!","og:url":"https:\/\/www.omni-biotic.com\/hu-hu\/blog\/belbakteriumokkal-virusok-ellen\/","og:locale":"hu_HU","og:image":"https:\/\/www.omni-biotic.com\/hu-hu\/wp-content\/uploads\/sites\/7\/2023\/06\/belbakteriumok-es-virusok.jpg","og:image:width":"400","og:image:height":"250"},"additional_data":{"thumbnail":"https:\/\/www.omni-biotic.com\/hu-hu\/wp-content\/uploads\/sites\/7\/2023\/06\/belbakteriumok-es-virusok.jpg"},"blog_info":{"country":"hu-hu"},"_links":{"self":[{"href":"https:\/\/www.omni-biotic.com\/hu-hu\/wp-json\/wp\/v2\/posts\/16265","targetHints":{"allow":["GET"]}}],"collection":[{"href":"https:\/\/www.omni-biotic.com\/hu-hu\/wp-json\/wp\/v2\/posts"}],"about":[{"href":"https:\/\/www.omni-biotic.com\/hu-hu\/wp-json\/wp\/v2\/types\/post"}],"author":[{"embeddable":true,"href":"https:\/\/www.omni-biotic.com\/hu-hu\/wp-json\/wp\/v2\/users\/17"}],"replies":[{"embeddable":true,"href":"https:\/\/www.omni-biotic.com\/hu-hu\/wp-json\/wp\/v2\/comments?post=16265"}],"version-history":[{"count":7,"href":"https:\/\/www.omni-biotic.com\/hu-hu\/wp-json\/wp\/v2\/posts\/16265\/revisions"}],"predecessor-version":[{"id":20595,"href":"https:\/\/www.omni-biotic.com\/hu-hu\/wp-json\/wp\/v2\/posts\/16265\/revisions\/20595"}],"wp:featuredmedia":[{"embeddable":true,"href":"https:\/\/www.omni-biotic.com\/hu-hu\/wp-json\/wp\/v2\/media\/16266"}],"wp:attachment":[{"href":"https:\/\/www.omni-biotic.com\/hu-hu\/wp-json\/wp\/v2\/media?parent=16265"}],"wp:term":[{"taxonomy":"category","embeddable":true,"href":"https:\/\/www.omni-biotic.com\/hu-hu\/wp-json\/wp\/v2\/categories?post=16265"},{"taxonomy":"post_tag","embeddable":true,"href":"https:\/\/www.omni-biotic.com\/hu-hu\/wp-json\/wp\/v2\/tags?post=16265"}],"curies":[{"name":"wp","href":"https:\/\/api.w.org\/{rel}","templated":true}]}}