{"id":16269,"date":"2023-04-06T08:23:13Z","date_gmt":"2023-04-06T06:23:13Z","guid":{"rendered":"https:\/\/www.omni-biotic.com\/hu-hu\/belbakteriumok-fajtai-es-szerepe\/"},"modified":"2024-02-06T10:34:42Z","modified_gmt":"2024-02-06T09:34:42Z","slug":"belbakteriumok-fajtai-es-szerepe","status":"publish","type":"post","link":"https:\/\/www.omni-biotic.com\/hu-hu\/blog\/belbakteriumok-fajtai-es-szerepe\/","title":{"rendered":"A b\u00e9lbakt\u00e9riumok fajt\u00e1i \u00e9s szerepe"},"content":{"rendered":"\t\t<div data-elementor-type=\"wp-post\" data-elementor-id=\"16269\" class=\"elementor elementor-16269\" data-elementor-post-type=\"post\">\n\t\t\t\t<div class=\"elementor-element elementor-element-c64bd6f obcs none e-flex e-con-boxed e-con e-parent\" data-id=\"c64bd6f\" data-element_type=\"container\">\n\t\t\t\t\t<div class=\"e-con-inner\">\n\t\t\t\t<div class=\"elementor-element elementor-element-1f178f3 elementor-widget elementor-widget-text-editor\" data-id=\"1f178f3\" data-element_type=\"widget\" data-widget_type=\"text-editor.default\">\n\t\t\t\t<div class=\"elementor-widget-container\">\n\t\t\t\t\t\t\t\t\t<p><em><span style=\"color: #800080\">A bakt\u00e9riumok harmonikus \u00f6sszj\u00e1t\u00e9ka a b\u00e9lben kiegyens\u00falyozatlann\u00e1 v\u00e1lhat a helytelen t\u00e1pl\u00e1lkoz\u00e1s, a k\u00fcl\u00f6nb\u00f6z\u0151 gy\u00f3gyszerek, de a stressz miatt is. \u00c9s pontosan ezek a v\u00e1ltoz\u00e1sok vezetnek ahhoz, hogy a k\u00e1ros bakt\u00e9riumok el tudnak terjedni, a j\u00f3t\u00e9kony \u00e9s hasznos bakt\u00e9riumok pedig kiszorulnak. De mely bakt\u00e9riumok hasznosak a szervezet sz\u00e1m\u00e1ra, \u00e9s melyek vezethetnek betegs\u00e9gekhez?<\/span><\/em><\/p>\t\t\t\t\t\t\t\t<\/div>\n\t\t\t\t<\/div>\n\t\t\t\t\t<\/div>\n\t\t\t\t<\/div>\n\t\t<div class=\"elementor-element elementor-element-6bda438 obcs none e-flex e-con-boxed e-con e-parent\" data-id=\"6bda438\" data-element_type=\"container\">\n\t\t\t\t\t<div class=\"e-con-inner\">\n\t\t\t\t<div class=\"elementor-element elementor-element-16910dc elementor-widget elementor-widget-heading\" data-id=\"16910dc\" data-element_type=\"widget\" data-widget_type=\"heading.default\">\n\t\t\t\t<div class=\"elementor-widget-container\">\n\t\t\t\t\t<h2 class=\"elementor-heading-title elementor-size-default\">A b\u00e9lbakt\u00e9riumok az immunrendszer v\u00e9delmez\u0151i<\/h2>\t\t\t\t<\/div>\n\t\t\t\t<\/div>\n\t\t\t\t\t<\/div>\n\t\t\t\t<\/div>\n\t\t<div class=\"elementor-element elementor-element-ca90f4c obcs none e-flex e-con-boxed e-con e-parent\" data-id=\"ca90f4c\" data-element_type=\"container\">\n\t\t\t\t\t<div class=\"e-con-inner\">\n\t\t\t\t<div class=\"elementor-element elementor-element-4f29f2b elementor-widget elementor-widget-text-editor\" data-id=\"4f29f2b\" data-element_type=\"widget\" data-widget_type=\"text-editor.default\">\n\t\t\t\t<div class=\"elementor-widget-container\">\n\t\t\t\t\t\t\t\t\t<p class=\"bodytext\">Dr. Jessica Younes (PhD), amszterdami probiotikum-kutat\u00f3 a k\u00f6vetkez\u0151ket mes\u00e9li. \u201eMin\u00e9l t\u00f6bbet tudn\u00e1nk \u00e9s tanuln\u00e1nk a <strong>j\u00f3t\u00e9kony bakt\u00e9riumokr\u00f3l<\/strong>, ann\u00e1l jobb strat\u00e9gi\u00e1kat tudn\u00e1nk kidolgozni az eg\u00e9szs\u00e9g t\u00e1mogat\u00e1s\u00e1ra. Ezek a j\u00f3t\u00e9kony b\u00e9lbakt\u00e9riumok seg\u00edtik az <strong>em\u00e9szt\u00e9st<\/strong>, <strong>vitaminokat <\/strong>\u00e9s<strong> hormonokat is termelnek\u201d<\/strong>. A <em>Bacteroidetes<\/em> t\u00f6rzsbe tartoz\u00f3 bakt\u00e9riumok hat\u00e9konyak a biotin-vitamin bioszint\u00e9zis\u00e9ben. A <strong>biotin<\/strong> hat\u00e1ssal van az energia-anyagcser\u00e9re, az idegrendszerre, a pszich\u00e9re, a <a href=\"https:\/\/www.omni-biotic.com\/hu-hu\/blog\/bor-mikrobiom-es-a-belbakteriumok\/\"><strong>b\u0151rre<\/strong><\/a>, a haj min\u0151s\u00e9g\u00e9re \u00e9s a ny\u00e1lkah\u00e1rty\u00e1ra. Szint\u00e9n a <strong>Bacteroidetes<\/strong> t\u00f6rzsbe tartoz\u00f3 <em>Prevotella<\/em> nemzets\u00e9g viszont sok B1-vitamint (tiamin) termel, amely az energia-anyagcsere, az idegrendszer \u00e9s a pszich\u00e9, valamint a sz\u00edvm\u0171k\u00f6d\u00e9s norm\u00e1l m\u0171k\u00f6d\u00e9s\u00e9hez elengedhetetlen.<\/p><p class=\"bodytext\">De mit\u0151l lesznek egyes bakt\u00e9riumok \u201ek\u00e1rosak\u201d? &#8222;A mai napig nem tiszt\u00e1zott a tud\u00f3sok sz\u00e1m\u00e1ra, hogy az azonos nemzets\u00e9ghez tartoz\u00f3 egyes bakt\u00e9riumok (pl. <a href=\"https:\/\/www.omni-biotic.com\/hu-hu\/blog\/hugyuti-fertozes-az-e-coli-szorosan-tapad-a-felueletekhez\/\"><strong>E. coli<\/strong><\/a>) mi\u00e9rt okoznak probl\u00e9m\u00e1t a b\u00e9lrendszerben. Ha a <a href=\"https:\/\/www.omni-biotic.com\/hu-hu\/a-belrendszer-egeszsege\/a-bel-az-egeszseg-kozpontja\/belflora\/\"><strong>bakt\u00e9riumfl\u00f3ra<\/strong> <\/a>egyens\u00falya felborul, a k\u00e1rt\u00e9kony \u00e9s k\u00f3rokoz\u00f3 bakt\u00e9riumok nagym\u00e9rt\u00e9kben elszaporodhatnak, kiszor\u00edtva ezzel az eg\u00e9szs\u00e9get el\u0151seg\u00edt\u0151, j\u00f3t\u00e9kony bakt\u00e9riumokat. \u201eEkkor jelentkeznek em\u00e9szt\u00e9si probl\u00e9m\u00e1k\u201d &#8211; mondja Dr. Younes. Ha a b\u00e9lbakt\u00e9riumok sokf\u00e9les\u00e9g\u00e9t alaposan megvizsg\u00e1ljuk, akkor r\u00e1j\u00f6v\u00fcnk, hogy a kis b\u00e9lbakt\u00e9riumok t\u00f6bbs\u00e9ge nagyon hasznos az em\u00e9szt\u00e9s \u00e9s az eg\u00e9szs\u00e9g szempontj\u00e1b\u00f3l.<\/p>\t\t\t\t\t\t\t\t<\/div>\n\t\t\t\t<\/div>\n\t\t\t\t\t<\/div>\n\t\t\t\t<\/div>\n\t\t<div class=\"elementor-element elementor-element-e075331 obcs none e-flex e-con-boxed e-con e-parent\" data-id=\"e075331\" data-element_type=\"container\">\n\t\t\t\t\t<div class=\"e-con-inner\">\n\t\t\t\t<div class=\"elementor-element elementor-element-379c449 elementor-widget elementor-widget-li-widgets--author-quote\" data-id=\"379c449\" data-element_type=\"widget\" data-widget_type=\"li-widgets--author-quote.default\">\n\t\t\t\t<div class=\"elementor-widget-container\">\n\t\t\t\t\t<div class=\"li-widgets--author-quote magenta\">\n        <div class=\"li-widgets--author-quote__image--wrapper\">\n        <div class=\"li-widgets--author-quote__image\">\n            <img fetchpriority=\"high\" decoding=\"async\" width=\"221\" height=\"300\" src=\"https:\/\/www.omni-biotic.com\/hu-hu\/wp-content\/uploads\/sites\/7\/2023\/06\/dr-jessica-younes-phd-amszterdami-probiotikum-kutato.jpg\" class=\"attachment-medium size-medium\" alt=\"probiotikum \u00e9s prebiotikum szerepe fajt\u00e1ji, b\u00e9lbakt\u00e9riumok\" title=\"\">        <\/div>\n    <\/div>\n        <div class=\"li-widgets--author-quote__content\">\n        <div class=\"li-widgets--author-quote__content--text\">\n            Min\u00e9l t\u00f6bbet tudunk \u00e9s tanulunk a j\u00f3t\u00e9kony bakt\u00e9riumokr\u00f3l, ann\u00e1l hat\u00e9konyabb strat\u00e9gi\u00e1t tudunk kidolgozni eg\u00e9szs\u00e9g\u00fcnk t\u00e1mogat\u00e1s\u00e1ra.        <\/div>\n        <div class=\"li-widgets--author-quote__content--author\">\n            Dr. Jessica Younes (PhD), amszterdami probiotikum-kutat\u00f3        <\/div>\n            <\/div>\n        <div class=\"li-widgets--author-quote__icon\">\n        <i aria-hidden=\"true\" class=\"fas fa-quote-left\"><\/i>    <\/div>\n    <\/div>\n\t\t\t\t<\/div>\n\t\t\t\t<\/div>\n\t\t\t\t\t<\/div>\n\t\t\t\t<\/div>\n\t\t<div class=\"elementor-element elementor-element-82e8378 obcs none e-flex e-con-boxed e-con e-parent\" data-id=\"82e8378\" data-element_type=\"container\">\n\t\t\t\t\t<div class=\"e-con-inner\">\n\t\t\t\t<div class=\"elementor-element elementor-element-f704b59 elementor-widget elementor-widget-heading\" data-id=\"f704b59\" data-element_type=\"widget\" data-widget_type=\"heading.default\">\n\t\t\t\t<div class=\"elementor-widget-container\">\n\t\t\t\t\t<h2 class=\"elementor-heading-title elementor-size-default\">Clostridium difficile<\/h2>\t\t\t\t<\/div>\n\t\t\t\t<\/div>\n\t\t\t\t\t<\/div>\n\t\t\t\t<\/div>\n\t\t<div class=\"elementor-element elementor-element-2e1cda9 obcs none e-flex e-con-boxed e-con e-parent\" data-id=\"2e1cda9\" data-element_type=\"container\">\n\t\t\t\t\t<div class=\"e-con-inner\">\n\t\t\t\t<div class=\"elementor-element elementor-element-e818647 elementor-widget elementor-widget-text-editor\" data-id=\"e818647\" data-element_type=\"widget\" data-widget_type=\"text-editor.default\">\n\t\t\t\t<div class=\"elementor-widget-container\">\n\t\t\t\t\t\t\t\t\t<p class=\"bodytext\">A bakt\u00e9riumok egy harmadik csoportja azonban speci\u00e1lis k\u00f6r\u00fclm\u00e9nyek k\u00f6z\u00f6tt okozhat probl\u00e9m\u00e1t, mivel \u201emegfert\u0151zi\u201d a <strong>b\u00e9lny\u00e1lkah\u00e1rty\u00e1t<\/strong>, \u00e9s ezut\u00e1n t\u00f6bbek k\u00f6z\u00f6tt <a href=\"https:\/\/www.omni-biotic.com\/hu-hu\/belpanaszok\/hasmenes\/\"><strong>hasmen\u00e9ses<\/strong> <\/a>betegs\u00e9geket v\u00e1lthat ki. A \u201efert\u0151z\u00e9st\u201d vagy k\u00edv\u00fclr\u0151l \u00e9rkez\u0151 idegen bakt\u00e9riumok okozz\u00e1k, vagy olyan bakt\u00e9riumok, amelyek norm\u00e1lis esetben b\u00e9k\u00e9sen \u00e9lnek a b\u00e9lben, \u00e9s csak akkor okoznak probl\u00e9m\u00e1t, ha a b\u00e9l <strong>egyens\u00falya felborul<\/strong>, p\u00e9ld\u00e1ul <strong><a href=\"https:\/\/www.omni-biotic.com\/hu\/blog\/mit-tesz-az-antibiotikum-a-szervezettel\/\">antibiotikum<\/a><\/strong> ter\u00e1pia ut\u00e1n.<\/p><p class=\"bodytext\">A <em><strong>Clostridium difficile<\/strong><\/em> (<em>C. difficile<\/em>) bakt\u00e9rium \u00e1ltal\u00e1ban nem \u00e9r el nagy koncentr\u00e1ci\u00f3t a b\u00e9lben, \u00e9s \u00e1rtalmatlan. A legfontosabb, hogy a t\u00f6bbi j\u00f3 <a href=\"https:\/\/www.omni-biotic.com\/hu\/blog\/bakteriumok-szuperhosoek-a-belrendszeruenkben\/\">bakt\u00e9rium<\/a> kord\u00e1ban tartja. Az antibiotikumos kezel\u00e9s ut\u00e1n a <em>C. difficile<\/em>-t kontroll\u00e1l\u00f3 bakt\u00e9riumok maguk is megtizedel\u0151dnek, \u00e9s a k\u00e1rt\u00e9kony bakt\u00e9rium az antibiotikum elhagy\u00e1sa ut\u00e1n k\u00fcl\u00f6n\u00f6sen gyorsan elszaporodhat, \u00e9s hatalmas k\u00e1rokat okozhat a b\u00e9lben, mivel a <em>C. difficile<\/em> k\u00fcl\u00f6nb\u00f6z\u0151 toxinokat termel.<\/p>\t\t\t\t\t\t\t\t<\/div>\n\t\t\t\t<\/div>\n\t\t\t\t\t<\/div>\n\t\t\t\t<\/div>\n\t\t<div class=\"elementor-element elementor-element-f4664cb obcs none e-flex e-con-boxed e-con e-parent\" data-id=\"f4664cb\" data-element_type=\"container\">\n\t\t\t\t\t<div class=\"e-con-inner\">\n\t\t\t\t<div class=\"elementor-element elementor-element-ec917af elementor-widget elementor-widget-text-editor\" data-id=\"ec917af\" data-element_type=\"widget\" data-widget_type=\"text-editor.default\">\n\t\t\t\t<div class=\"elementor-widget-container\">\n\t\t\t\t\t\t\t\t\t<p>Az \u00fagynevezett A-toxin <strong>gyullad\u00e1st<\/strong> okoz a b\u00e9lben, \u00e9s b\u00e9lbe t\u00f6rt\u00e9n\u0151 fokozott folyad\u00e9k\u00fcr\u00edt\u00e9shez vezet (= foly\u00e9kony sz\u00e9klet vagy hasmen\u00e9s). A B-toxin azonban sokkal <strong>vesz\u00e9lyesebb<\/strong>, mert nagy ar\u00e1nyban puszt\u00edtja a b\u00e9lny\u00e1lkah\u00e1rtya sejtjeit. Sok esetben a <em>C. difficile<\/em> fert\u0151z\u00e9s nemcsak <a href=\"https:\/\/www.omni-biotic.com\/hu-hu\/belpanaszok\/hasmenes\/\"><strong>hasmen\u00e9shez<\/strong><\/a>, hanem a v\u00e9gb\u00e9lgyullad\u00e1shoz, \u00fagynevezett pszeudomembran\u00f3zus kolitiszhez vezet.<\/p><p>Alapos higi\u00e9nia ellen\u00e9re a <em>C. difficile<\/em> fert\u0151z\u00e9seket nem lehet elker\u00fclni, mivel ez a cs\u00edra sp\u00f3r\u00e1k k\u00e9pz\u0151d\u00e9s\u00e9vel szaporodik. Ezek a sp\u00f3r\u00e1k ellen\u00e1llnak a fert\u0151tlen\u00edt\u0151szereknek, a h\u0151nek, a savnak \u00e9s az alkoholnak is. \u00c9ppen ez\u00e9rt rendk\u00edv\u00fcl fontos az <strong>antibiotikum ter\u00e1pia<\/strong> alatt \u00e9s ut\u00e1n a b\u00e9lrendszer t\u00e1mogat\u00e1sa speci\u00e1lisan kifejlesztett <strong><a href=\"https:\/\/www.omni-biotic.com\/hu\/blog\/a-probiotikumok-jelentosege-antibiotikum-kezeles-alatt\/\">probiotikumokkal<\/a>,<\/strong> amelyek az antibiotikumok \u00e1ltal kiv\u00e1ltott <strong><a href=\"https:\/\/www.omni-biotic.com\/hu\/hasmenes\/\">hasmen\u00e9st<\/a><\/strong> megf\u00e9kezik, \u00e9s k\u00fcl\u00f6n\u00f6sen hat\u00e1sosak a hasmen\u00e9st kiv\u00e1lt\u00f3 <em>C. difficile<\/em> bakt\u00e9rium \u00e9s annak toxinjai ellen.<\/p>\t\t\t\t\t\t\t\t<\/div>\n\t\t\t\t<\/div>\n\t\t\t\t\t<\/div>\n\t\t\t\t<\/div>\n\t\t<div class=\"elementor-element elementor-element-f9a419a obcs none e-flex e-con-boxed e-con e-parent\" data-id=\"f9a419a\" data-element_type=\"container\">\n\t\t\t\t\t<div class=\"e-con-inner\">\n\t\t\t\t<div class=\"elementor-element elementor-element-6fab76f elementor-widget elementor-widget-heading\" data-id=\"6fab76f\" data-element_type=\"widget\" data-widget_type=\"heading.default\">\n\t\t\t\t<div class=\"elementor-widget-container\">\n\t\t\t\t\t<h2 class=\"elementor-heading-title elementor-size-default\">\u00c9l\u0151fl\u00f3r\u00e1s probiotikumok<\/h2>\t\t\t\t<\/div>\n\t\t\t\t<\/div>\n\t\t\t\t\t<\/div>\n\t\t\t\t<\/div>\n\t\t<div class=\"elementor-element elementor-element-7eb311f obcs none e-flex e-con-boxed e-con e-parent\" data-id=\"7eb311f\" data-element_type=\"container\">\n\t\t\t\t\t<div class=\"e-con-inner\">\n\t\t\t\t<div class=\"elementor-element elementor-element-c1c67ae elementor-widget elementor-widget-text-editor\" data-id=\"c1c67ae\" data-element_type=\"widget\" data-widget_type=\"text-editor.default\">\n\t\t\t\t<div class=\"elementor-widget-container\">\n\t\t\t\t\t\t\t\t\t<div id=\"c6244\" class=\"csc-default\"><div class=\"csc-textpic csc-textpic-center csc-textpic-above\"><div class=\"csc-textpic-text\"><p class=\"bodytext\">A tud\u00f3sok egyet\u00e9rtenek abban, hogy rendk\u00edv\u00fcl fontos optim\u00e1lis \u00e1llapotban tartani a <a href=\"https:\/\/www.omni-biotic.com\/hu-hu\/a-belrendszer-egeszsege\/a-bel-az-egeszseg-kozpontja\/belmikrobiom\/\"><strong>b\u00e9lmikrobi\u00f3t\u00e1t<\/strong><\/a>. Abb\u00f3l az okb\u00f3l kifoly\u00f3lag, hogy a <strong>j\u00f3t\u00e9kony bakt\u00e9riumok<\/strong> el\u00e9g er\u0151sek legyenek a k\u00e1ros bakt\u00e9riumok elleni k\u00fczdelemhez \u00e9s azok kiszor\u00edt\u00e1s\u00e1hoz. A vastagb\u00e9lben l\u00e9v\u0151 bakt\u00e9riumok a t\u00e1pl\u00e1l\u00e9kkal bevitt sz\u00e9nhidr\u00e1tokb\u00f3l r\u00f6vid sz\u00e9nl\u00e1nc\u00fa zs\u00edrsavakat, p\u00e9ld\u00e1ul tej-, ecet- \u00e9s vajsavat <strong>termelnek<\/strong>.<\/p><p class=\"bodytext\">Ezek fontos energiaforr\u00e1sk\u00e9nt szolg\u00e1lnak a b\u00e9lny\u00e1lkah\u00e1rtya sejtjei sz\u00e1m\u00e1ra, cs\u00f6kkentik a gyullad\u00e1st, valamint el\u0151seg\u00edtik a b\u00e9lperisztaltik\u00e1t \u00e9s az em\u00e9szt\u00e9st. A <a href=\"https:\/\/www.omni-biotic.com\/hu\/belflora\/\">b\u00e9lfl\u00f3ra<\/a> \u201ek\u00edv\u00fclr\u0151l\u201d, azaz az \u00e9lelmiszereken kereszt\u00fcl t\u00f6rt\u00e9n\u0151 pozit\u00edv befoly\u00e1sol\u00e1s\u00e1nak gondolata m\u00e1r a m\u00falt sz\u00e1zad elej\u00e9n felmer\u00fclt.<\/p><p class=\"bodytext\">A b\u00e9lben l\u00e9v\u0151 j\u00f3t\u00e9kony bakt\u00e9riumok akkor szaporodnak el optim\u00e1lisan, ha olyan t\u00e1pl\u00e1l\u00e9kot kapnak, amely sz\u00e1mukra k\u00fcl\u00f6n\u00f6sen alkalmas; ez a <a href=\"https:\/\/www.omni-biotic.com\/hu-hu\/a-belrendszer-egeszsege\/a-bel-az-egeszseg-kozpontja\/prebiotikum\/\"><strong>prebiotikumok<\/strong> <\/a>feladata.<\/p><\/div><\/div><\/div><div id=\"c6246\" class=\"csc-default\"><p class=\"bodytext\">Ilja Iljics Metschnikoff (1845-1916) orosz kutat\u00f3 a bolg\u00e1r lakoss\u00e1g magas \u00e9letkor\u00e1t a t\u00e1pl\u00e1lkoz\u00e1si szok\u00e1saiknak tulajdon\u00edtotta. Az \u00e9trendj\u00fckben sok joghurt \u00e9s m\u00e1s savany\u00edtott vagy erjesztett \u00e9tel szerepelt. M\u00e1r akkor is gyan\u00edtott\u00e1k, hogy a <strong>tejsavk\u00e9pz\u0151 bakt\u00e9riumok<\/strong> (bolg\u00e1r bacillus) rendszeres fogyaszt\u00e1sa pozit\u00edv hat\u00e1ssal van az eg\u00e9szs\u00e9gre. 1908-ban <strong>Ilja Iljics Metschnikoff elnyerte az orvosi Nobel-d\u00edjat<\/strong> az immunit\u00e1s ter\u00fclet\u00e9n v\u00e9gzett munk\u00e1j\u00e1\u00e9rt.<\/p><p class=\"bodytext\">Ennek ellen\u00e9re m\u00e9g hossz\u00fa \u00fat vezetett od\u00e1ig, hogy tudom\u00e1nyos k\u00f6r\u00f6kben elismerj\u00e9k a probiotikus \u00e9telek \u00e9s k\u00fcl\u00f6n\u00f6sen az eg\u00e9szs\u00e9get el\u0151seg\u00edt\u0151 b\u00e9lbakt\u00e9riumok pozit\u00edv hat\u00e1sait. Az olyan tejsavas term\u00e9kekben, mint a joghurt, az \u00edr\u00f3 vagy a savany\u00fa k\u00e1poszta, megtal\u00e1lhat\u00f3 \u00e9l\u0151 bakt\u00e9riumokat <strong>probiotikus<\/strong> bakt\u00e9riumoknak neveznek. Az<strong> \u00e9l\u0151 bakt\u00e9riumkult\u00far\u00e1k<\/strong>, l\u00e9nyeg\u00e9ben <em>laktobacilusok <\/em>\u00e9s <em>bifidobakt\u00e9riumok<\/em>, amelyeket az \u00e9telekhez adva erjesztenek, majd eg\u00e9szs\u00e9gjav\u00edt\u00f3 hat\u00e1st fejtenek ki.<\/p><p>Dr. Younes hangs\u00falyozza, hogy minden <a href=\"https:\/\/www.omni-biotic.com\/hu-hu\/termekek\/\"><strong>probiotikus bakt\u00e9rium<\/strong><\/a> nagyon speci\u00e1lis k\u00e9pess\u00e9ggel rendelkezik: \u201eEgyesek k\u00fcl\u00f6n\u00f6sen nagy mennyis\u00e9g\u0171 tejsavat vagy vitaminokat termelnek a b\u00e9lben, m\u00e1sok j\u00f3l g\u00e1tolj\u00e1k a rossz bakt\u00e9riumok elszaporod\u00e1s\u00e1t, megint m\u00e1sok pedig lend\u00fcletbe hozz\u00e1k az immunrendszert. A <strong>tejsav <\/strong>t\u00f6bbek k\u00f6z\u00f6tt<strong> szab\u00e1lyozza a sz\u00e9klet m\u0171k\u00f6d\u00e9s\u00e9t \u00e9s megv\u00e1ltoztatja a b\u00e9l pH-\u00e9rt\u00e9k\u00e9t<\/strong>, \u00edgy a k\u00f3rokoz\u00f3 bakt\u00e9riumok nem tudnak tov\u00e1bb hat\u00e9konyan szaporodni; k\u00f6vetkez\u00e9sk\u00e9ppen a probiotikumok hasmen\u00e9s \u00e9s <a href=\"https:\/\/www.omni-biotic.com\/hu-hu\/belpanaszok\/szekrekedes\/\"><strong>sz\u00e9kreked\u00e9s<\/strong> <\/a>eset\u00e9n egyar\u00e1nt alkalmazhat\u00f3k.\u201d<\/p><p>A j\u00f3 hat\u00e1s el\u0151felt\u00e9tele azonban, hogy a probiotikus bakt\u00e9riumok \u00e9lve \u00e9s megfelel\u0151 sz\u00e1mban jussanak el a b\u00e9lbe. Ez\u00e9rt c\u00e9lszer\u0171 olyan standardiz\u00e1lt, tudom\u00e1nyosan tesztelt bakt\u00e9riumk\u00e9sz\u00edtm\u00e9nyeket szedni, amelyek olyan speci\u00e1lis, robusztus bakt\u00e9riumt\u00f6rzseket tartalmaznak, amelyek k\u00e9pesek t\u00fal\u00e9lni a gyomor-b\u00e9lrendszer em\u00e9szt\u0151nedveinek t\u00e1mad\u00e1s\u00e1t, \u00e9s k\u00e9pesek megtelepedni a b\u00e9lben.<\/p><\/div>\t\t\t\t\t\t\t\t<\/div>\n\t\t\t\t<\/div>\n\t\t\t\t\t<\/div>\n\t\t\t\t<\/div>\n\t\t<div class=\"elementor-element elementor-element-e133b3d obcs none e-flex e-con-boxed e-con e-parent\" data-id=\"e133b3d\" data-element_type=\"container\">\n\t\t\t\t\t<div class=\"e-con-inner\">\n\t\t\t\t<div class=\"elementor-element elementor-element-3347eda elementor-widget elementor-widget-heading\" data-id=\"3347eda\" data-element_type=\"widget\" data-widget_type=\"heading.default\">\n\t\t\t\t<div class=\"elementor-widget-container\">\n\t\t\t\t\t<h2 class=\"elementor-heading-title elementor-size-default\">A prebiotikum feladata \u00e9s hat\u00e1sa<\/h2>\t\t\t\t<\/div>\n\t\t\t\t<\/div>\n\t\t\t\t\t<\/div>\n\t\t\t\t<\/div>\n\t\t<div class=\"elementor-element elementor-element-61067ed obcs none e-flex e-con-boxed e-con e-parent\" data-id=\"61067ed\" data-element_type=\"container\">\n\t\t\t\t\t<div class=\"e-con-inner\">\n\t\t\t\t<div class=\"elementor-element elementor-element-acaa241 elementor-widget elementor-widget-image\" data-id=\"acaa241\" data-element_type=\"widget\" data-widget_type=\"image.default\">\n\t\t\t\t<div class=\"elementor-widget-container\">\n\t\t\t\t\t\t\t\t\t\t\t\t\t\t\t<img decoding=\"async\" width=\"800\" height=\"556\" src=\"https:\/\/www.omni-biotic.com\/hu-hu\/wp-content\/uploads\/sites\/7\/2023\/06\/clostridium-difficile-bakterium.jpg\" class=\"attachment-large size-large wp-image-16272\" alt=\"b\u00e9lbakt\u00e9rium, em\u00e9szt\u00e9s serkent\u00e9se, probiotikum, prebiotikum, legjobb probiotikum, omni-biotic, b\u00e9lbakt\u00e9riumok helyre\u00e1ll\u00edt\u00e1sa, b\u00e9lbakt\u00e9riumok, b\u00e9lbakt\u00e9riumok t\u00fcnetei, b\u00e9lfl\u00f3ra, mikrobiom, b\u00e9lmikrobiom\" srcset=\"https:\/\/www.omni-biotic.com\/hu-hu\/wp-content\/uploads\/sites\/7\/2023\/06\/clostridium-difficile-bakterium.jpg 960w, https:\/\/www.omni-biotic.com\/hu-hu\/wp-content\/uploads\/sites\/7\/2023\/06\/clostridium-difficile-bakterium-300x208.jpg 300w, https:\/\/www.omni-biotic.com\/hu-hu\/wp-content\/uploads\/sites\/7\/2023\/06\/clostridium-difficile-bakterium-768x534.jpg 768w\" sizes=\"(max-width: 800px) 100vw, 800px\" title=\"\">\t\t\t\t\t\t\t\t\t\t\t\t\t\t\t<\/div>\n\t\t\t\t<\/div>\n\t\t\t\t<div class=\"elementor-element elementor-element-325a667 elementor-widget elementor-widget-text-editor\" data-id=\"325a667\" data-element_type=\"widget\" data-widget_type=\"text-editor.default\">\n\t\t\t\t<div class=\"elementor-widget-container\">\n\t\t\t\t\t\t\t\t\t<div id=\"c6247\" class=\"csc-default\"><div class=\"csc-textpic csc-textpic-center csc-textpic-above\"><div class=\"csc-textpic-text\"><p class=\"bodytext\">A j\u00f3t\u00e9kony b\u00e9lbakt\u00e9riumok akkor szaporodnak el optim\u00e1lisan, ha olyan t\u00e1pl\u00e1l\u00e9kot kapnak, amely kifejezetten sz\u00e1mukra alkalmas; ez a <a href=\"https:\/\/www.omni-biotic.com\/hu\/probiotikum-es-prebiotikum\/\"><strong>prebiotikum<\/strong><\/a> feladata. A prebiotikum biztos\u00edtja, hogy a kis b\u00e9lbakt\u00e9riumok elszaporodjanak, otthon \u00e9rezz\u00e9k magukat, \u00e9s \u00edgy optim\u00e1lisan tudj\u00e1k <strong>szab\u00e1lyozni az em\u00e9szt\u00e9st<\/strong>.<\/p><p class=\"bodytext\">A prebiotikumok <strong>el\u0151seg\u00edtik<\/strong> a j\u00f3t\u00e9kony b\u00e9lbakt\u00e9riumok <strong>n\u00f6veked\u00e9s\u00e9t<\/strong>. A <strong>rostban gazdag<\/strong>, term\u00e9szetes prebiotikumokat tartalmaz\u00f3 \u00e9telek fogyaszt\u00e1sa beind\u00edtja a b\u00e9lm\u0171k\u00f6d\u00e9st. A prebiotikumok f\u0151k\u00e9nt a hagym\u00e1ban, a sal\u00e1taf\u00e9l\u00e9kben, az artics\u00f3k\u00e1ban, a sp\u00e1rg\u00e1ban, a cik\u00f3ri\u00e1ban, a rozsban, a b\u00faz\u00e1ban, a zabban, a ban\u00e1nban \u00e9s az alm\u00e1ban lelhet\u0151k fel. Tov\u00e1bbi l\u00e9nyeges forr\u00e1s a rezisztens kem\u00e9ny\u00edt\u0151, valamint a galakto- \u00e9s fruktooligoszacharidok, amelyeket a b\u00e9lbakt\u00e9riumok r\u00f6vid sz\u00e9nl\u00e1nc\u00fa zs\u00edrsavakk\u00e1 bontanak le.<\/p><p class=\"bodytext\">Ezek a r\u00f6vid sz\u00e9nl\u00e1nc\u00fa zs\u00edrsavak test\u00fcnk teljesen m\u00e1s r\u00e9szeiben is fontos szerepet j\u00e1tszanak: a butir\u00e1t nemcsak a b\u00e9lg\u00e1tunk sz\u00e1m\u00e1ra elengedhetetlen energiadonor, hanem az \u00fagynevezett mikroglia sejtek sz\u00e1m\u00e1ra is n\u00e9lk\u00fcl\u00f6zhetetlen \u201et\u00e1panyag\u201d. Ezek agyunk immunsejtjei, amelyek bizonyos \u00e9rtelemben agyunk \u201eszem\u00e9tlerak\u00f3j\u00e1t\u201d is jelentik, amelyek k\u00e9pesek elt\u00e1vol\u00edtani a <strong>m\u00e9reganyagokat<\/strong> a k\u00f6zpontunkb\u00f3l. Ha a beleink m\u0171k\u00f6dnek, akkor az agyunk is j\u00f3l m\u0171k\u00f6dik (gondolkod\u00e1s, \u00e9rzelmek kezel\u00e9se).<\/p><p class=\"bodytext\">Dr. Younes hangs\u00falyozza, hogy \u00e9rdemes egyszerre szedni probiotikumokat, prebiotikumokat \u00e9s\/vagy \u00e9lelmi rostokat, mivel ezek ide\u00e1lisan kieg\u00e9sz\u00edtik egym\u00e1st. \u201eA prebiotikum optim\u00e1lis t\u00e1pl\u00e1l\u00e9kforr\u00e1s a b\u00e9lbakt\u00e9riumok sz\u00e1m\u00e1ra, \u00e9s <strong>serkenti a j\u00f3t\u00e9kony bakt\u00e9riumok n\u00f6veked\u00e9s\u00e9t<\/strong>. Az \u00e9lelmi rostokat a b\u00e9lrendszer\u00fcnk nem em\u00e9szti meg, de a bakt\u00e9riumok maguk is k\u00e9pesek anyagcser\u00e9re, \u00e9s m\u00e1s, sz\u00e1munkra, emberek sz\u00e1m\u00e1ra n\u00e9lk\u00fcl\u00f6zhetetlen, pozit\u00edv tulajdons\u00e1ggal rendelkez\u0151 anyagot is el\u0151\u00e1ll\u00edtanak bel\u0151l\u00fck. A probiotikumok \u00e9s prebiotikumok t\u00f6k\u00e9letes kombin\u00e1ci\u00f3j\u00e1nak egyik legjobb p\u00e9ld\u00e1ja az anyatej. A szoptatott gyermek az anyatejjel egy\u00fctt kapja a j\u00f3t\u00e9kony bakt\u00e9riumokat \u00e9s a galaktooligoszacharidokat, ami a baba optim\u00e1lis fejl\u0151d\u00e9s\u00e9t seg\u00edti.\u201d<\/p><p class=\"bodytext\">B\u00e9lrendszer\u00fcnk \u00e9s k\u00fcl\u00f6n\u00f6sen a benne \u00e9l\u0151 b\u00e9lbakt\u00e9riumok n\u00e9lk\u00fcl\u00f6zhetetlenek az eg\u00e9szs\u00e9g\u00fcnkh\u00f6z &#8211; de ha a b\u00e9lrendszer m\u0171k\u00f6d\u00e9se k\u00e1rosodik, mert el\u0171zt\u00fck bel\u0151le a bakt\u00e9riumokat, akkor sz\u00e1mos betegs\u00e9g kialakul\u00e1s\u00e1\u00e9rt is felel\u0151sek. \u00c9vezredek \u00f3ta ismert: <em>A b\u00e9l az ember sz\u00e1m\u00e1ra az, ami a gy\u00f6k\u00e9r a f\u00e1nak.<\/em> Ezt \u00fajra tudatos\u00edtanunk kell magunkban. Vigy\u00e1zzunk eg\u00e9szs\u00e9gk\u00f6zpontunkra, hogy az benn\u00fcnket seg\u00edtsen!<\/p><\/div><\/div><\/div>\t\t\t\t\t\t\t\t<\/div>\n\t\t\t\t<\/div>\n\t\t\t\t\t<\/div>\n\t\t\t\t<\/div>\n\t\t<div class=\"elementor-element elementor-element-a0effcd obcs none e-flex e-con-boxed e-con e-parent\" data-id=\"a0effcd\" data-element_type=\"container\">\n\t\t\t\t\t<div class=\"e-con-inner\">\n\t\t\t\t<div class=\"elementor-element elementor-element-4370339 elementor-widget elementor-widget-heading\" data-id=\"4370339\" data-element_type=\"widget\" data-widget_type=\"heading.default\">\n\t\t\t\t<div class=\"elementor-widget-container\">\n\t\t\t\t\t<h2 class=\"elementor-heading-title elementor-size-default\">Hasznos b\u00e9lbakt\u00e9riumok<\/h2>\t\t\t\t<\/div>\n\t\t\t\t<\/div>\n\t\t\t\t\t<\/div>\n\t\t\t\t<\/div>\n\t\t<div class=\"elementor-element elementor-element-6ca6dc0 obcs none e-flex e-con-boxed e-con e-parent\" data-id=\"6ca6dc0\" data-element_type=\"container\">\n\t\t\t\t\t<div class=\"e-con-inner\">\n\t\t\t\t<div class=\"elementor-element elementor-element-8ccb898 elementor-widget elementor-widget-image\" data-id=\"8ccb898\" data-element_type=\"widget\" data-widget_type=\"image.default\">\n\t\t\t\t<div class=\"elementor-widget-container\">\n\t\t\t\t\t\t\t\t\t\t\t\t\t\t\t<img decoding=\"async\" width=\"800\" height=\"600\" src=\"https:\/\/www.omni-biotic.com\/hu-hu\/wp-content\/uploads\/sites\/7\/2023\/06\/belbakterium-omni-biotic-4-960x720-1.jpg\" class=\"attachment-large size-large wp-image-16273\" alt=\"b\u00e9lbakt\u00e9rium, probiotikum hat\u00e1sa, legjobb probiotikum, mi az a prebiotikum, b\u00e9lbakt\u00e9riumok helyre\u00e1ll\u00edt\u00e1sa, b\u00e9lbakt\u00e9riumok, b\u00e9lbakt\u00e9riumok t\u00fcnetei, b\u00e9lfl\u00f3ra, mikrobiom, b\u00e9lmikrobiom\" srcset=\"https:\/\/www.omni-biotic.com\/hu-hu\/wp-content\/uploads\/sites\/7\/2023\/06\/belbakterium-omni-biotic-4-960x720-1.jpg 960w, https:\/\/www.omni-biotic.com\/hu-hu\/wp-content\/uploads\/sites\/7\/2023\/06\/belbakterium-omni-biotic-4-960x720-1-300x225.jpg 300w, https:\/\/www.omni-biotic.com\/hu-hu\/wp-content\/uploads\/sites\/7\/2023\/06\/belbakterium-omni-biotic-4-960x720-1-768x576.jpg 768w\" sizes=\"(max-width: 800px) 100vw, 800px\" title=\"\">\t\t\t\t\t\t\t\t\t\t\t\t\t\t\t<\/div>\n\t\t\t\t<\/div>\n\t\t\t\t<div class=\"elementor-element elementor-element-1c26206 elementor-widget elementor-widget-text-editor\" data-id=\"1c26206\" data-element_type=\"widget\" data-widget_type=\"text-editor.default\">\n\t\t\t\t<div class=\"elementor-widget-container\">\n\t\t\t\t\t\t\t\t\t<p><strong>Lactobacillus<\/strong><\/p><p><em>Alactobaccilus<\/em> a <em><strong>Firmicutes<\/strong> <\/em>t\u00f6rzsbe tartozik; a kifejez\u00e9s a latin <em>lactis<\/em> (= tej) sz\u00f3b\u00f3l sz\u00e1rmazik. T\u00f6bb mint 50 ismert faj termel tejsavat a b\u00e9lben, \u00e9s \u00edgy savas k\u00f6rnyezetet hoz l\u00e9tre, amely v\u00e9delmet ny\u00fajt sz\u00e1mos k\u00e1ros \u00e9s betegs\u00e9get okoz\u00f3 bakt\u00e9riummal szemben- Ez\u00e9rt is nevezik \u0151ket tejsavbakt\u00e9riumoknak. A legt\u00f6bb tejsavbakt\u00e9rium m\u00e1s anyagokat is termel, p\u00e9ld\u00e1ul hidrog\u00e9n-peroxidot, amely szint\u00e9n a k\u00f3rokoz\u00f3k elleni v\u00e9dekez\u00e9st seg\u00edti.<\/p>\t\t\t\t\t\t\t\t<\/div>\n\t\t\t\t<\/div>\n\t\t\t\t\t<\/div>\n\t\t\t\t<\/div>\n\t\t<div class=\"elementor-element elementor-element-37aa22d obcs none e-flex e-con-boxed e-con e-parent\" data-id=\"37aa22d\" data-element_type=\"container\">\n\t\t\t\t\t<div class=\"e-con-inner\">\n\t\t\t\t<div class=\"elementor-element elementor-element-137e52c elementor-widget elementor-widget-text-editor\" data-id=\"137e52c\" data-element_type=\"widget\" data-widget_type=\"text-editor.default\">\n\t\t\t\t<div class=\"elementor-widget-container\">\n\t\t\t\t\t\t\t\t\t<p><strong>Bifidobakt\u00e9rium<\/strong><\/p><p>A <em>bifidobakt\u00e9rium<\/em> az <em><strong>Actinobacteria<\/strong> <\/em>t\u00f6rzsbe tartozik; neve a latin <em>bifidus<\/em> (= has\u00edtott, villa alak\u00fa) sz\u00f3b\u00f3l sz\u00e1rmazik. Tejsavtermel\u00e9ssel v\u00e9dekeznek a nemk\u00edv\u00e1natos betolakod\u00f3k ellen, emellett l\u00e9tfontoss\u00e1g\u00fa vitaminokat \u00e9s enzimeket termelnek. K\u00fcl\u00f6n\u00f6sen fontosak az immunrendszer korai fejl\u0151d\u00e9s\u00e9hez: a szoptatott csecsem\u0151k term\u00e9szetes b\u00e9lfl\u00f3r\u00e1ja k\u00f6r\u00fclbel\u00fcl 90%-ban <em>bifidobakt\u00e9riumokb\u00f3l<\/em> \u00e1ll.<\/p>\t\t\t\t\t\t\t\t<\/div>\n\t\t\t\t<\/div>\n\t\t\t\t\t<\/div>\n\t\t\t\t<\/div>\n\t\t<div class=\"elementor-element elementor-element-3d58bed obcs none e-flex e-con-boxed e-con e-parent\" data-id=\"3d58bed\" data-element_type=\"container\">\n\t\t\t\t\t<div class=\"e-con-inner\">\n\t\t\t\t<div class=\"elementor-element elementor-element-4d39807 elementor-widget elementor-widget-heading\" data-id=\"4d39807\" data-element_type=\"widget\" data-widget_type=\"heading.default\">\n\t\t\t\t<div class=\"elementor-widget-container\">\n\t\t\t\t\t<h2 class=\"elementor-heading-title elementor-size-default\">Patog\u00e9n vagyis k\u00f3rokoz\u00f3 bakt\u00e9riumok<\/h2>\t\t\t\t<\/div>\n\t\t\t\t<\/div>\n\t\t\t\t\t<\/div>\n\t\t\t\t<\/div>\n\t\t<div class=\"elementor-element elementor-element-1c6e68c obcs none e-flex e-con-boxed e-con e-parent\" data-id=\"1c6e68c\" data-element_type=\"container\">\n\t\t\t\t\t<div class=\"e-con-inner\">\n\t\t\t\t<div class=\"elementor-element elementor-element-d853b7b elementor-widget elementor-widget-text-editor\" data-id=\"d853b7b\" data-element_type=\"widget\" data-widget_type=\"text-editor.default\">\n\t\t\t\t<div class=\"elementor-widget-container\">\n\t\t\t\t\t\t\t\t\t<p><strong>Clostridium difficile<\/strong><\/p><p>A <em>Firmicutes<\/em> bakt\u00e9riumfajb\u00f3l; a g\u00f6r\u00f6g <em>kloster<\/em> (= ors\u00f3) sz\u00f3b\u00f3l; a latin <em>difficile<\/em> (= neh\u00e9z) sz\u00f3b\u00f3l ered. A <em>C. difficile<\/em> k\u00fcl\u00f6n\u00f6sen gyakori a k\u00f3rh\u00e1zakban; a k\u00f3rh\u00e1zban kezelt betegek mintegy 20-40%-a koloniz\u00e1l\u00f3dik ezzel a bakt\u00e9riummal. A <em>C. difficile<\/em> elszaporod\u00e1sa a b\u00e9lben gyakran s\u00falyos hasmen\u00e9shez \u00e9s ak\u00e1r komoly b\u00e9lgyullad\u00e1shoz is vezet.<\/p>\t\t\t\t\t\t\t\t<\/div>\n\t\t\t\t<\/div>\n\t\t\t\t\t<\/div>\n\t\t\t\t<\/div>\n\t\t<div class=\"elementor-element elementor-element-97334aa obcs none e-flex e-con-boxed e-con e-parent\" data-id=\"97334aa\" data-element_type=\"container\">\n\t\t\t\t\t<div class=\"e-con-inner\">\n\t\t\t\t<div class=\"elementor-element elementor-element-5954d38 elementor-widget elementor-widget-text-editor\" data-id=\"5954d38\" data-element_type=\"widget\" data-widget_type=\"text-editor.default\">\n\t\t\t\t<div class=\"elementor-widget-container\">\n\t\t\t\t\t\t\t\t\t<p><strong>Staphylococcusok<\/strong><\/p><p>A <em>Firmicutes<\/em> t\u00f6rzsb\u0151l, az \u00f3g\u00f6r\u00f6g <em>staphyle<\/em> &#8211; (= sz\u0151l\u0151) \u00e9s <em>kokkos<\/em> (= gabona, mag) sz\u00f3b\u00f3l ered. A <em>Staphylococcusok<\/em> k\u00fcl\u00f6nb\u00f6z\u0151 t\u00edpus\u00fa fert\u0151z\u00e9sek okoz\u00f3i lehetnek, \u00e9s alapjaiban egym\u00e1st\u00f3l elt\u00e9r\u0151, k\u00fcl\u00f6nb\u00f6z\u0151 t\u00fcneteket v\u00e1ltanak ki. A b\u0151rirrit\u00e1ci\u00f3n k\u00edv\u00fcl gyakran okoznak \u00e9telm\u00e9rgez\u00e9st, amely olyan t\u00fcnetekkel j\u00e1r, mint hasi f\u00e1jdalom, h\u00e1nyinger, h\u00e1ny\u00e1s, gyomorg\u00f6rcs vagy hasmen\u00e9s. A legrosszabb esetben a bakt\u00e9riumok a v\u00e9r\u00e1ramba ker\u00fclhetnek \u00e9s \u00e1tvehetik az ir\u00e1ny\u00edt\u00e1st.<\/p><p style=\"font-weight: 400\">Ezt v\u00e9rm\u00e9rgez\u00e9snek vagy szepszisnek nevezik. A vesemedence akut gyullad\u00e1sa eset\u00e9n a f\u0151 t\u00fcnetek az oldalf\u00e1jdalom \u00e9s a l\u00e1z; h\u00e1nyinger \u00e9s h\u00e1ny\u00e1s is el\u0151fordulhat.<\/p>\t\t\t\t\t\t\t\t<\/div>\n\t\t\t\t<\/div>\n\t\t\t\t<div class=\"elementor-element elementor-element-1dd2efd elementor-widget-divider--view-line elementor-widget elementor-widget-divider\" data-id=\"1dd2efd\" data-element_type=\"widget\" data-widget_type=\"divider.default\">\n\t\t\t\t<div class=\"elementor-widget-container\">\n\t\t\t\t\t\t\t<div class=\"elementor-divider\">\n\t\t\t<span class=\"elementor-divider-separator\">\n\t\t\t\t\t\t<\/span>\n\t\t<\/div>\n\t\t\t\t\t\t<\/div>\n\t\t\t\t<\/div>\n\t\t\t\t\t<\/div>\n\t\t\t\t<\/div>\n\t\t<div class=\"elementor-element elementor-element-569c06e obcs none e-flex e-con-boxed e-con e-parent\" data-id=\"569c06e\" data-element_type=\"container\">\n\t\t\t\t\t<div class=\"e-con-inner\">\n\t\t\t\t<div class=\"elementor-element elementor-element-b793a78 elementor-widget elementor-widget-text-editor\" data-id=\"b793a78\" data-element_type=\"widget\" data-widget_type=\"text-editor.default\">\n\t\t\t\t<div class=\"elementor-widget-container\">\n\t\t\t\t\t\t\t\t\t<div class=\"col-12 col-md-6 inbd-mobile-descr\"><div class=\"product-page-info\"><div class=\"for-desktops\"><div class=\"product-page-info__title mb-15 text-center text-md-left\"><h3 class=\"m-0\"><strong>OMNi-BiOTiC\u00ae FLORA plus+<\/strong><\/h3><p class=\"m-0\"><img loading=\"lazy\" decoding=\"async\" class=\"img-fluid alignright wp-image-19184 size-medium\" src=\"https:\/\/www.omni-biotic.com\/hu-hu\/wp-content\/uploads\/sites\/7\/2022\/04\/flora-plus-276x300.png\" alt=\"h\u00fcvelyfert\u0151z\u00e9s, n\u0151i probiotikum, h\u00fcvelysz\u00e1razs\u00e1g, h\u00fcvelyfl\u00f3ra, h\u00fcvelyfl\u00f3ra helyre\u00e1ll\u00edt\u00f3, h\u00fcvelyfl\u00f3ra helyre\u00e1ll\u00edt\u00e1sa, legjobb h\u00fcvelyfl\u00f3ra helyre\u00e1ll\u00edt\u00f3, h\u00fcvelyfl\u00f3ra helyre\u00e1ll\u00edt\u00e1sa antibiotikum ut\u00e1n, probiotikum h\u00fcvelyfl\u00f3ra, h\u00fcvelyfl\u00f3ra helyre\u00e1ll\u00edt\u00e1s, h\u00fcvelyfl\u00f3ra probiotikum, antibiotikum ut\u00e1n h\u00fcvelyfl\u00f3ra helyre\u00e1ll\u00edt\u00e1sa, huvely flora helyreallitasa, huvelyflora helyreallitas, huvelyflora helyreallitasa, huvelyflora helyreallito, h\u00fcvely flora, h\u00fcvelyfl\u00f3ra felborul\u00e1sa t\u00fcnetek\" width=\"276\" height=\"300\" title=\"\" srcset=\"https:\/\/www.omni-biotic.com\/hu-hu\/wp-content\/uploads\/sites\/7\/2022\/04\/flora-plus-276x300.png 276w, https:\/\/www.omni-biotic.com\/hu-hu\/wp-content\/uploads\/sites\/7\/2022\/04\/flora-plus.png 368w\" sizes=\"(max-width: 276px) 100vw, 276px\" \/><\/p><\/div><\/div><\/div><\/div><ul><li>A h\u00fcvelyfl\u00f3ra zavarainak di\u00e9t\u00e1s kezel\u00e9s\u00e9hez<\/li><li>Az intim ter\u00fclet viszket\u00e9se \u00e9s \u00e9g\u00e9se ellen<\/li><li>Egyszer\u0171 \u00e9s higi\u00e9nikus alkalmaz\u00e1s: keverje folyad\u00e9kba!<\/li><li>Nincs t\u00f6bb kellemetlen foly\u00e1s!<\/li><\/ul>\t\t\t\t\t\t\t\t<\/div>\n\t\t\t\t<\/div>\n\t\t\t\t\t<\/div>\n\t\t\t\t<\/div>\n\t\t<div class=\"elementor-element elementor-element-ac25a00 obcs none e-flex e-con-boxed e-con e-parent\" data-id=\"ac25a00\" data-element_type=\"container\">\n\t\t\t\t\t<div class=\"e-con-inner\">\n\t\t\t\t<div class=\"elementor-element elementor-element-fa3370d elementor-align-center elementor-widget elementor-widget-button\" data-id=\"fa3370d\" data-element_type=\"widget\" data-widget_type=\"button.default\">\n\t\t\t\t<div class=\"elementor-widget-container\">\n\t\t\t\t\t\t\t\t\t<div class=\"elementor-button-wrapper\">\n\t\t\t\t\t<a class=\"elementor-button elementor-button-link elementor-size-md\" href=\"https:\/\/shop.omni-biotic.com\/hu-hu\/products\/omni-biotic-flora-plus-int-99106\">\n\t\t\t\t\t\t<span class=\"elementor-button-content-wrapper\">\n\t\t\t\t\t\t\t\t\t<span class=\"elementor-button-text\">Kattints ide<\/span>\n\t\t\t\t\t<\/span>\n\t\t\t\t\t<\/a>\n\t\t\t\t<\/div>\n\t\t\t\t\t\t\t\t<\/div>\n\t\t\t\t<\/div>\n\t\t\t\t\t<\/div>\n\t\t\t\t<\/div>\n\t\t\t\t<\/div>\n\t\t","protected":false},"excerpt":{"rendered":"<p>A bakt\u00e9riumok harmonikus \u00f6sszj\u00e1t\u00e9ka a b\u00e9lben kiegyens\u00falyozatlann\u00e1 v\u00e1lhat a helytelen t\u00e1pl\u00e1lkoz\u00e1s, a k\u00fcl\u00f6nb\u00f6z\u0151 gy\u00f3gyszerek, de a stressz miatt is. \u00c9s pontosan ezek a v\u00e1ltoz\u00e1sok vezetnek ahhoz, hogy a k\u00e1ros bakt\u00e9riumok el tudnak terjedni, a j\u00f3t\u00e9kony \u00e9s hasznos bakt\u00e9riumok pedig kiszorulnak. De mely bakt\u00e9riumok hasznosak a szervezet sz\u00e1m\u00e1ra, \u00e9s melyek vezethetnek betegs\u00e9gekhez? A b\u00e9lbakt\u00e9riumok az immunrendszer [&hellip;]<\/p>\n","protected":false},"author":2,"featured_media":19509,"comment_status":"closed","ping_status":"closed","sticky":false,"template":"","format":"standard","meta":{"_acf_changed":false,"inline_featured_image":false,"footnotes":""},"categories":[108,109],"tags":[],"class_list":["post-16269","post","type-post","status-publish","format-standard","has-post-thumbnail","hentry","category-panaszok-tanacsok","category-ujdonsagok-a-kutatasban"],"acf":[],"rank_math":{"og:title":"A b\u00e9lbakt\u00e9riumok fajt\u00e1i \u00e9s szerepe - OMNi-BiOTiC\u00ae","og:desc":"A b\u00e9lbakt\u00e9riumok \u00f6sszj\u00e1t\u00e9ka kiegyens\u00falyozatlann\u00e1 v\u00e1lhat az eg\u00e9szs\u00e9gtelen t\u00e1pl\u00e1lkoz\u00e1s, a k\u00fcl\u00f6nb\u00f6z\u0151 gy\u00f3gyszerek, de a stressz miatt is.","og:url":"https:\/\/www.omni-biotic.com\/hu-hu\/blog\/belbakteriumok-fajtai-es-szerepe\/","og:locale":"hu_HU","og:image":"https:\/\/www.omni-biotic.com\/hu-hu\/wp-content\/uploads\/sites\/7\/2023\/04\/belbakteriumok-fajtai-akkermansiajpg.jpg","og:image:width":"400","og:image:height":"300"},"additional_data":{"thumbnail":"https:\/\/www.omni-biotic.com\/hu-hu\/wp-content\/uploads\/sites\/7\/2023\/04\/belbakteriumok-fajtai-akkermansiajpg.jpg"},"blog_info":{"country":"hu-hu"},"_links":{"self":[{"href":"https:\/\/www.omni-biotic.com\/hu-hu\/wp-json\/wp\/v2\/posts\/16269","targetHints":{"allow":["GET"]}}],"collection":[{"href":"https:\/\/www.omni-biotic.com\/hu-hu\/wp-json\/wp\/v2\/posts"}],"about":[{"href":"https:\/\/www.omni-biotic.com\/hu-hu\/wp-json\/wp\/v2\/types\/post"}],"author":[{"embeddable":true,"href":"https:\/\/www.omni-biotic.com\/hu-hu\/wp-json\/wp\/v2\/users\/2"}],"replies":[{"embeddable":true,"href":"https:\/\/www.omni-biotic.com\/hu-hu\/wp-json\/wp\/v2\/comments?post=16269"}],"version-history":[{"count":7,"href":"https:\/\/www.omni-biotic.com\/hu-hu\/wp-json\/wp\/v2\/posts\/16269\/revisions"}],"predecessor-version":[{"id":20578,"href":"https:\/\/www.omni-biotic.com\/hu-hu\/wp-json\/wp\/v2\/posts\/16269\/revisions\/20578"}],"wp:featuredmedia":[{"embeddable":true,"href":"https:\/\/www.omni-biotic.com\/hu-hu\/wp-json\/wp\/v2\/media\/19509"}],"wp:attachment":[{"href":"https:\/\/www.omni-biotic.com\/hu-hu\/wp-json\/wp\/v2\/media?parent=16269"}],"wp:term":[{"taxonomy":"category","embeddable":true,"href":"https:\/\/www.omni-biotic.com\/hu-hu\/wp-json\/wp\/v2\/categories?post=16269"},{"taxonomy":"post_tag","embeddable":true,"href":"https:\/\/www.omni-biotic.com\/hu-hu\/wp-json\/wp\/v2\/tags?post=16269"}],"curies":[{"name":"wp","href":"https:\/\/api.w.org\/{rel}","templated":true}]}}