{"id":16274,"date":"2023-04-11T09:07:26Z","date_gmt":"2023-04-11T07:07:26Z","guid":{"rendered":"https:\/\/www.omni-biotic.com\/hu-hu\/tavaszi-lenduelet-a-belendszernek\/"},"modified":"2024-02-06T09:45:17Z","modified_gmt":"2024-02-06T08:45:17Z","slug":"tavaszi-lenduelet-a-belendszernek","status":"publish","type":"post","link":"https:\/\/www.omni-biotic.com\/hu-hu\/blog\/tavaszi-lenduelet-a-belendszernek\/","title":{"rendered":"Tavaszi lend\u00fclet a b\u00e9lendszernek?"},"content":{"rendered":"\t\t<div data-elementor-type=\"wp-post\" data-elementor-id=\"16274\" class=\"elementor elementor-16274\" data-elementor-post-type=\"post\">\n\t\t\t\t<div class=\"elementor-element elementor-element-71bf74b obcs none e-flex e-con-boxed e-con e-parent\" data-id=\"71bf74b\" data-element_type=\"container\">\n\t\t\t\t\t<div class=\"e-con-inner\">\n\t\t\t\t<div class=\"elementor-element elementor-element-a9bd7fe elementor-widget elementor-widget-text-editor\" data-id=\"a9bd7fe\" data-element_type=\"widget\" data-widget_type=\"text-editor.default\">\n\t\t\t\t<div class=\"elementor-widget-container\">\n\t\t\t\t\t\t\t\t\t<p><span style=\"color: #800080\"><em>V\u00e9gre itt a tavasz! A hideg, s\u00f6t\u00e9t t\u00e9li h\u00f3napok ut\u00e1n \u00f6r\u00fcl\u00fcnk a melegnek, a naps\u00fct\u00e9snek, \u00e9s legnagyobb \u00f6r\u00f6m\u00fcnkre a n\u00f6v\u00e9ny- \u00e9s \u00e1llatvil\u00e1g is \u00e9bredezik. A term\u00e9szet \u00fajra megmutatja erej\u00e9t. Sokak sz\u00e1m\u00e1ra a tavasz az \u00fajrakezd\u00e9s idej\u00e9t is jelk\u00e9pezi. Ahhoz, hogy ez optim\u00e1lisan siker\u00fclj\u00f6n, fontos megszabadulni a felesleges ballasztokt\u00f3l, \u00e9s kell\u0151 t\u00e1maszt \u00e9s lend\u00fcletet adni a szervezetnek.<\/em><\/span><\/p>\t\t\t\t\t\t\t\t<\/div>\n\t\t\t\t<\/div>\n\t\t\t\t\t<\/div>\n\t\t\t\t<\/div>\n\t\t<div class=\"elementor-element elementor-element-e113e2a obcs none e-flex e-con-boxed e-con e-parent\" data-id=\"e113e2a\" data-element_type=\"container\">\n\t\t\t\t\t<div class=\"e-con-inner\">\n\t\t\t\t<div class=\"elementor-element elementor-element-d33df75 elementor-widget elementor-widget-text-editor\" data-id=\"d33df75\" data-element_type=\"widget\" data-widget_type=\"text-editor.default\">\n\t\t\t\t<div class=\"elementor-widget-container\">\n\t\t\t\t\t\t\t\t\t<p>Kezdj\u00fck a rossz h\u00edrrel. Ha m\u00e1s ir\u00e1nyt szeretne adni az \u00e9let\u00e9nek, mindenk\u00e9ppen ki kell l\u00e9pni a szem\u00e9lyes komfortz\u00f3n\u00e1b\u00f3l. Ez \u00e1tmenetileg egy kis kih\u00edv\u00e1s lehet, k\u00fcl\u00f6n\u00f6sen, ha esz\u00e9be jutnak a r\u00e9gi szok\u00e1sai \u00e9s azok k\u00e9nyelme. Azonban igenis k\u00e9pesek vagyunk \u00faj szok\u00e1sok elsaj\u00e1t\u00edt\u00e1s\u00e1ra m\u00e9g akkor is, ha teljesen \u00faj tev\u00e9kenys\u00e9gekr\u0151l van sz\u00f3. A <em>University College London<\/em> tanulm\u00e1nya szerint \u00e1tlagosan 66 napba telik, mire egy \u00faj viselked\u00e9s automatiz\u00e1l\u00f3dik.<\/p>\t\t\t\t\t\t\t\t<\/div>\n\t\t\t\t<\/div>\n\t\t\t\t\t<\/div>\n\t\t\t\t<\/div>\n\t\t<div class=\"elementor-element elementor-element-db5e769 obcs none e-flex e-con-boxed e-con e-parent\" data-id=\"db5e769\" data-element_type=\"container\">\n\t\t\t\t\t<div class=\"e-con-inner\">\n\t\t\t\t<div class=\"elementor-element elementor-element-c196b59 elementor-widget elementor-widget-heading\" data-id=\"c196b59\" data-element_type=\"widget\" data-widget_type=\"heading.default\">\n\t\t\t\t<div class=\"elementor-widget-container\">\n\t\t\t\t\t<h2 class=\"elementor-heading-title elementor-size-default\">Legyen eg\u00e9szs\u00e9ges a b\u00e9lrendszere id\u00e9n tavasszal!<\/h2>\t\t\t\t<\/div>\n\t\t\t\t<\/div>\n\t\t\t\t\t<\/div>\n\t\t\t\t<\/div>\n\t\t<div class=\"elementor-element elementor-element-a412833 obcs none e-flex e-con-boxed e-con e-parent\" data-id=\"a412833\" data-element_type=\"container\">\n\t\t\t\t\t<div class=\"e-con-inner\">\n\t\t\t\t<div class=\"elementor-element elementor-element-fbb3ac3 elementor-widget elementor-widget-text-editor\" data-id=\"fbb3ac3\" data-element_type=\"widget\" data-widget_type=\"text-editor.default\">\n\t\t\t\t<div class=\"elementor-widget-container\">\n\t\t\t\t\t\t\t\t\t<p>A nagyb\u00f6jt ide\u00e1lis id\u0151szak arra, hogy \u00faj fogadalmakat tegy\u00fcnk. Sokan \u00fagy d\u00f6ntenek, hogy 40 napig elhagynak bizonyos \u00e9teleket az \u00e9trendj\u00fckb\u0151l, p\u00e9ld\u00e1ul a csokol\u00e1d\u00e9t, a h\u00fast vagy az alkoholt. Ennek a <strong>tudatos lemond\u00e1snak<\/strong> sz\u00e1mos pozit\u00edv hat\u00e1sa van.<\/p><p>Az elhat\u00e1roz\u00e1s betart\u00e1sa \u00e9s a kit\u0171z\u00f6tt c\u00e9l el\u00e9r\u00e9se b\u00fcszk\u00e9v\u00e9 \u00e9s boldogg\u00e1 tesz minket, \u00e9s a l\u00e9lek fel\u00fcd\u00edt\u00e9se mellett pedig a test\u00fcnknek tesz j\u00f3t, ha kevesebb cukrot visz\u00fcnk be, \u00edgy megszabadulhatunk a ballasztokt\u00f3l. Hiszen nemcsak sok h\u00e1ztart\u00e1sban jelzi a hagyom\u00e1nyos tavaszi nagytakar\u00edt\u00e1s az \u00faj \u00e9v <em>helyes<\/em> kezd\u00e9s\u00e9t, hanem egyre k\u00f6zkedveltebb a szervezet t\u00e1mogat\u00e1sa is a tavaszi k\u00far\u00e1val. Saj\u00e1t h\u00e1zunk kitakar\u00edt\u00e1s\u00e1hoz hasonl\u00f3an a szervezetet is megtiszt\u00edtjuk a k\u00e1ros anyagokt\u00f3l, savakt\u00f3l \u00e9s salakanyagokt\u00f3l.<\/p>\t\t\t\t\t\t\t\t<\/div>\n\t\t\t\t<\/div>\n\t\t\t\t<div class=\"elementor-element elementor-element-4757b47 elementor-widget elementor-widget-text-editor\" data-id=\"4757b47\" data-element_type=\"widget\" data-widget_type=\"text-editor.default\">\n\t\t\t\t<div class=\"elementor-widget-container\">\n\t\t\t\t\t\t\t\t\t<p style=\"text-align: center\"><span style=\"color: #800080\"><em>A b\u00e9lrendszer \u00e9s k\u00fcl\u00f6n\u00f6sen a mikrobiom eg\u00e9szs\u00e9g\u00e9nek meg\u0151rz\u00e9se elengedhetetlen az er\u0151s immunrendszer fenntart\u00e1s\u00e1hoz.<\/em><\/span><\/p>\t\t\t\t\t\t\t\t<\/div>\n\t\t\t\t<\/div>\n\t\t\t\t\t<\/div>\n\t\t\t\t<\/div>\n\t\t<div class=\"elementor-element elementor-element-a1fa71b obcs none e-flex e-con-boxed e-con e-parent\" data-id=\"a1fa71b\" data-element_type=\"container\">\n\t\t\t\t\t<div class=\"e-con-inner\">\n\t\t\t\t<div class=\"elementor-element elementor-element-df82003 elementor-widget elementor-widget-text-editor\" data-id=\"df82003\" data-element_type=\"widget\" data-widget_type=\"text-editor.default\">\n\t\t\t\t<div class=\"elementor-widget-container\">\n\t\t\t\t\t\t\t\t\t<p>A szervezet<strong> t\u00falsavasod\u00e1sa<\/strong>, amely gyakran a kar\u00e1csonyi, szilveszteri \u00e9s farsangi id\u0151szak \u00e9des, alkoholos \u00e9s h\u00fasos k\u00eds\u00e9rt\u00e9seinek k\u00f6vetkezm\u00e9nye, kr\u00f3nikus f\u00e1radts\u00e1g, pattan\u00e1sos b\u0151r \u00e9s cellulitisz, fejf\u00e1j\u00e1s vagy em\u00e9szt\u00e9si probl\u00e9m\u00e1k, p\u00e9ld\u00e1ul <a href=\"https:\/\/www.omni-biotic.com\/hu-hu\/belpanaszok\/haspuffadas\/\"><strong>puffad\u00e1s<\/strong> <\/a>form\u00e1j\u00e1ban jelentkezik. Ez ut\u00f3bbiakat szint\u00e9n a r\u00e9gi, erjed\u0151 <strong>\u00e9telmarad\u00e9kok okozz\u00e1k<\/strong>, amelyek felhalmoz\u00f3dtak a<a href=\"https:\/\/www.omni-biotic.com\/hu\/belegeszseg\/\"><strong> belekben<\/strong>,<\/a> k\u00fcl\u00f6n\u00f6sen az \u00fcnnepek alatt.<\/p><p>A cukor, a feh\u00e9r liszt el\u0151seg\u00edtik a <strong>rothaszt\u00f3 bakt\u00e9riumok<\/strong> elszaporod\u00e1s\u00e1t, ugyanakkor a hasznos, j\u00f3t\u00e9kony <strong><a href=\"https:\/\/www.omni-biotic.com\/hu\/belbakteriumok\/\">b\u00e9lbakt\u00e9riumok<\/a> <\/strong>kiszorulnak vagy elpusztulnak az \u00e9lelmi rostok alul-ell\u00e1totts\u00e1ga vagy a gy\u00f3gyszerek (pl. <strong><a href=\"https:\/\/www.omni-biotic.com\/hu\/blog\/a-gyogyszerek-hatasa-a-belflorara\/\">antibiotikumok<\/a><\/strong>) szed\u00e9se miatt. A sav-b\u00e1zis egyens\u00faly kiegyens\u00falyoz\u00e1sa l\u00fagos \u00e9telekkel vagy gy\u00f3gyn\u00f6v\u00e9nyekkel, valamint a <strong>c\u00e9lzott tiszt\u00edt\u00e1s<\/strong> \u00e9s karbantart\u00e1s hat\u00e1s\u00e1ra a b\u00e9lrendszer \u00faj er\u0151re kap, hogy lend\u00fcletesen induljon a tavasz.<\/p>\t\t\t\t\t\t\t\t<\/div>\n\t\t\t\t<\/div>\n\t\t\t\t<div class=\"elementor-element elementor-element-b90c47c elementor-widget elementor-widget-image\" data-id=\"b90c47c\" data-element_type=\"widget\" data-widget_type=\"image.default\">\n\t\t\t\t<div class=\"elementor-widget-container\">\n\t\t\t\t\t\t\t\t\t\t\t\t\t\t\t<img fetchpriority=\"high\" decoding=\"async\" width=\"800\" height=\"555\" src=\"https:\/\/www.omni-biotic.com\/hu-hu\/wp-content\/uploads\/sites\/7\/2023\/06\/egeszseges-belrendszer-omni-biotic.jpg\" class=\"attachment-large size-large wp-image-16275\" alt=\"b\u00e9lrendszer, ballaszt, v\u00e9delmi rendszer, b\u00e9lbakt\u00e9riumok, antibiotikum, immunrendszer er\u0151s\u00edt\u00e9se, sz\u00e9nan\u00e1tha ellen, b\u00e9ltiszt\u00edt\u00e1s, tavasz, blog\" srcset=\"https:\/\/www.omni-biotic.com\/hu-hu\/wp-content\/uploads\/sites\/7\/2023\/06\/egeszseges-belrendszer-omni-biotic.jpg 960w, https:\/\/www.omni-biotic.com\/hu-hu\/wp-content\/uploads\/sites\/7\/2023\/06\/egeszseges-belrendszer-omni-biotic-300x208.jpg 300w, https:\/\/www.omni-biotic.com\/hu-hu\/wp-content\/uploads\/sites\/7\/2023\/06\/egeszseges-belrendszer-omni-biotic-768x533.jpg 768w\" sizes=\"(max-width: 800px) 100vw, 800px\" title=\"\">\t\t\t\t\t\t\t\t\t\t\t\t\t\t\t<\/div>\n\t\t\t\t<\/div>\n\t\t\t\t\t<\/div>\n\t\t\t\t<\/div>\n\t\t<div class=\"elementor-element elementor-element-4fb0189 obcs none e-flex e-con-boxed e-con e-parent\" data-id=\"4fb0189\" data-element_type=\"container\">\n\t\t\t\t\t<div class=\"e-con-inner\">\n\t\t\t\t<div class=\"elementor-element elementor-element-579743d elementor-widget elementor-widget-heading\" data-id=\"579743d\" data-element_type=\"widget\" data-widget_type=\"heading.default\">\n\t\t\t\t<div class=\"elementor-widget-container\">\n\t\t\t\t\t<h2 class=\"elementor-heading-title elementor-size-default\">Megfelel\u0151 t\u00e1pl\u00e1lkoz\u00e1s a b\u00e9lrendszer t\u00e1mogat\u00e1s\u00e1hoz<\/h2>\t\t\t\t<\/div>\n\t\t\t\t<\/div>\n\t\t\t\t\t<\/div>\n\t\t\t\t<\/div>\n\t\t<div class=\"elementor-element elementor-element-2772c99 obcs none e-flex e-con-boxed e-con e-parent\" data-id=\"2772c99\" data-element_type=\"container\">\n\t\t\t\t\t<div class=\"e-con-inner\">\n\t\t\t\t<div class=\"elementor-element elementor-element-bb94677 elementor-widget elementor-widget-text-editor\" data-id=\"bb94677\" data-element_type=\"widget\" data-widget_type=\"text-editor.default\">\n\t\t\t\t<div class=\"elementor-widget-container\">\n\t\t\t\t\t\t\t\t\t<p>Sokaknak k\u00fcl\u00f6n\u00f6sen neh\u00e9z betartaniuk az eg\u00e9szs\u00e9gesebb t\u00e1pl\u00e1lkoz\u00e1sra vonatkoz\u00f3 elhat\u00e1roz\u00e1sukat, mert a mindennapokban gyakran nem jut id\u0151 a<strong> friss, sz\u00ednes \u00e9telek<\/strong> elk\u00e9sz\u00edt\u00e9s\u00e9re. Legal\u00e1bbis ez az \u00e9rz\u00e9s\u00fcnk, amikor korog a gyomrunk \u00e9s a csokihoz ny\u00falunk. Pedig az eg\u00e9szs\u00e9ges \u00e9s mindenekel\u0151tt b\u00e9lbar\u00e1t t\u00e1pl\u00e1lkoz\u00e1s egy kis tervez\u00e9ssel \u00e9s el\u0151k\u00e9sz\u00edt\u00e9ssel k\u00f6nnyen megval\u00f3s\u00edthat\u00f3, \u00e9s gyorsan j\u00f3 szok\u00e1ss\u00e1 v\u00e1lhat: <em>Meal-Prep<\/em> a neve a jelenlegi trendnek, ami nem m\u00e1s, mint a j\u00f3l ismert <strong>el\u0151f\u0151z\u00e9s<\/strong> vagy az <strong>\u00e9telek el\u0151k\u00e9sz\u00edt\u00e9se<\/strong> az elk\u00f6vetkez\u0151 napokra.<\/p><p>Ez n\u00e9h\u00e1ny egyszer\u0171 tippel megval\u00f3s\u00edthat\u00f3 \u00e9s az eg\u00e9sz csal\u00e1d eg\u00e9szs\u00e9g\u00e9nek j\u00f3t tesznek a kiv\u00e1l\u00f3 min\u0151s\u00e9g\u0171 alapanyagokb\u00f3l, h\u00e1zilag elk\u00e9sz\u00edtett \u00e9telek.<\/p><ul><li><strong>Ne terhelje t\u00fal mag\u00e1t!<\/strong> Eleinte csak heti k\u00e9t-h\u00e1rom napra k\u00e9sz\u00edtsen \u00e9telt, vagy ny\u00faljon az elk\u00e9sz\u00edtett reggelihez, ha a d\u00e9lel\u0151ttjei \u00e1ltal\u00e1ban mozgalmasak.<\/li><li><strong>Tervezze meg a f\u0151z\u00e9st!<\/strong> Gondolja \u00e1t, hogy mit szeretne f\u0151zni, h\u00e1ny napra, milyen \u00e9lelmiszerekre van sz\u00fcks\u00e9g hozz\u00e1!<\/li><li><strong>Haszn\u00e1ljon bev\u00e1s\u00e1rl\u00f3list\u00e1t<\/strong>, \u00e9s sz\u00e1njon id\u0151t a f\u0151z\u00e9sre, pl. alkalmas lehet a szombat d\u00e9lut\u00e1n!<\/li><li>Ha az \u00e9tel b\u0151s\u00e9ges, \u00e9s h\u00e1rom napn\u00e1l tov\u00e1bb is elegend\u0151, <strong>fagyassza le<\/strong> az \u00e9teleket, hogy biztos\u00edtsa azok eltarthat\u00f3s\u00e1g\u00e1t!<\/li><\/ul>\t\t\t\t\t\t\t\t<\/div>\n\t\t\t\t<\/div>\n\t\t\t\t\t<\/div>\n\t\t\t\t<\/div>\n\t\t<div class=\"elementor-element elementor-element-2908988 obcs none e-flex e-con-boxed e-con e-parent\" data-id=\"2908988\" data-element_type=\"container\">\n\t\t\t\t\t<div class=\"e-con-inner\">\n\t\t\t\t<div class=\"elementor-element elementor-element-33fe0e8 elementor-widget elementor-widget-heading\" data-id=\"33fe0e8\" data-element_type=\"widget\" data-widget_type=\"heading.default\">\n\t\t\t\t<div class=\"elementor-widget-container\">\n\t\t\t\t\t<h2 class=\"elementor-heading-title elementor-size-default\">Er\u0151s b\u00e9lfl\u00f3ra a sz\u00e9nan\u00e1tha ellen<\/h2>\t\t\t\t<\/div>\n\t\t\t\t<\/div>\n\t\t\t\t\t<\/div>\n\t\t\t\t<\/div>\n\t\t<div class=\"elementor-element elementor-element-74d366f obcs none e-flex e-con-boxed e-con e-parent\" data-id=\"74d366f\" data-element_type=\"container\">\n\t\t\t\t\t<div class=\"e-con-inner\">\n\t\t\t\t<div class=\"elementor-element elementor-element-dc953db elementor-widget elementor-widget-text-editor\" data-id=\"dc953db\" data-element_type=\"widget\" data-widget_type=\"text-editor.default\">\n\t\t\t\t<div class=\"elementor-widget-container\">\n\t\t\t\t\t\t\t\t\t<p>Sokan kihaszn\u00e1lj\u00e1k a melegebb h\u0151m\u00e9rs\u00e9kletet \u00e9s a hosszabb nappalokat arra, hogy a szabadban mozogjanak, \u00e9s ezzel jelent\u0151sen hozz\u00e1j\u00e1rulnak test\u00fck eg\u00e9szs\u00e9g\u00e9hez. Nem kell mindig izzaszt\u00f3 sportot \u0171zni, egy s\u00e9ta az erd\u0151ben vagy a mindennapi \u00fatvonalak ker\u00e9kp\u00e1rral val\u00f3 megt\u00e9tele is \u00e9rt\u00e9kes ellens\u00falyt jelent a t\u00falnyom\u00f3r\u00e9szt \u00fcl\u0151, z\u00e1rt t\u00e9rben v\u00e9gzett munk\u00e1hoz. K\u00fcl\u00f6n\u00f6sen az \u00e1tmeneti id\u0151szak\u00e1ban gyakori a megf\u00e1z\u00e1sos t\u00fcnetek jelentkez\u00e9se, \u00e9s ennek t\u00f6bb oka is lehet.<\/p><p>Az er\u0151s napsugarakt\u00f3l gyorsan megizzadunk, a m\u00e9g hideg sz\u00e9l viszont gyorsan leh\u0171ti a testet. Ha ehhez hozz\u00e1vessz\u00fck, hogy t\u00fal v\u00e9kony ruh\u00e1ban vagyunk kint, ezek a h\u0151m\u00e9rs\u00e9klet-ingadoz\u00e1sok gyorsan megf\u00e1z\u00e1shoz vezethetnek. A m\u00e1sik oka a kor\u00e1n vir\u00e1gz\u00f3 cserj\u00e9k, p\u00e9ld\u00e1ul a mogyor\u00f3 \u00e9s az \u00e9ger, amelyek <strong>pollenje<\/strong> az id\u0151j\u00e1r\u00e1st\u00f3l f\u00fcgg\u0151en m\u00e1r febru\u00e1r els\u0151 napjaiban a leveg\u0151ben kavaroghat, \u00e9s az <strong><a href=\"https:\/\/www.omni-biotic.com\/hu\/allergia\/\">allergiaszezon<\/a>\u00a0kezdet\u00e9t<\/strong> jelzi. Mindk\u00e9t esetben a k\u00e1rosodott <a href=\"https:\/\/www.omni-biotic.com\/hu-hu\/a-belrendszer-egeszsege\/a-bel-hataskore\/az-immunrendszer\/\"><strong>immunrendszer <\/strong><\/a>j\u00e1tszik szerepet, ez pedig szorosan kapcsol\u00f3dik a <strong>b\u00e9lrendszerhez<\/strong>, mivel a szervezet immunsejtjeinek t\u00f6bb mint <strong>k\u00e9tharmada<\/strong> itt tal\u00e1lhat\u00f3.<\/p><p>A b\u00e9lrendszer \u00e9s k\u00fcl\u00f6n\u00f6sen a <a href=\"https:\/\/www.omni-biotic.com\/hu-hu\/a-belrendszer-egeszsege\/a-bel-az-egeszseg-kozpontja\/belmikrobiom\/\"><strong>mikrobiom<\/strong> <\/a>eg\u00e9szs\u00e9g\u00e9nek fenntart\u00e1sa d\u00f6nt\u0151 fontoss\u00e1g\u00fa az er\u0151s immunrendszer szempontj\u00e1b\u00f3l. A b\u00e9lfl\u00f3ra ugyanis felel\u0151s a k\u00f3rokoz\u00f3k elleni <strong>v\u00e9dekez\u00e9s\u00e9rt<\/strong> \u00e9s az idegen anyagok <strong>ki\u00fcr\u00edt\u00e9s\u00e9\u00e9rt<\/strong>, s\u0151t immunrendszer\u00fcnk sejtjeinek eg\u00e9sz \u00e9leten \u00e1t tart\u00f3 edz\u0151partnerek\u00e9nt szolg\u00e1l. Tanulm\u00e1nyok azt is kimutatt\u00e1k, hogy a <strong><a href=\"https:\/\/www.omni-biotic.com\/hu\/belflora\/\">b\u00e9lfl\u00f3ra<\/a><\/strong> fokozott v\u00e1ltozatoss\u00e1ga (megn\u00f6vekedett mikrobi\u00e1lis diverzit\u00e1s) az allergi\u00e1s betegs\u00e9gek alacsonyabb kock\u00e1zat\u00e1val j\u00e1r Hozd mozg\u00e1sba nemcsak \u00f6nmagad, hanem a b\u00e9lfl\u00f3r\u00e1dat is \u2013 a megfelel\u0151 \u00e9trenddel \u00e9s j\u00f3 min\u0151s\u00e9g\u0171 <a href=\"https:\/\/www.omni-biotic.com\/hu-hu\/termekek\/\"><strong>probiotikumokkal<\/strong><\/a>.<\/p>\t\t\t\t\t\t\t\t<\/div>\n\t\t\t\t<\/div>\n\t\t\t\t\t<\/div>\n\t\t\t\t<\/div>\n\t\t<div class=\"elementor-element elementor-element-82bc9a6 obcs none e-flex e-con-boxed e-con e-parent\" data-id=\"82bc9a6\" data-element_type=\"container\">\n\t\t\t\t\t<div class=\"e-con-inner\">\n\t\t\t\t<div class=\"elementor-element elementor-element-49b87dc elementor-align-center elementor-widget elementor-widget-button\" data-id=\"49b87dc\" data-element_type=\"widget\" data-widget_type=\"button.default\">\n\t\t\t\t<div class=\"elementor-widget-container\">\n\t\t\t\t\t\t\t\t\t<div class=\"elementor-button-wrapper\">\n\t\t\t\t\t<a class=\"elementor-button elementor-button-link elementor-size-lg\" href=\"https:\/\/www.omni-biotic.com\/hu-hu\/belpanaszok\/allergia\/\">\n\t\t\t\t\t\t<span class=\"elementor-button-content-wrapper\">\n\t\t\t\t\t\t\t\t\t<span class=\"elementor-button-text\">Mit tehetek az allergia ellen?<\/span>\n\t\t\t\t\t<\/span>\n\t\t\t\t\t<\/a>\n\t\t\t\t<\/div>\n\t\t\t\t\t\t\t\t<\/div>\n\t\t\t\t<\/div>\n\t\t\t\t\t<\/div>\n\t\t\t\t<\/div>\n\t\t\t\t<\/div>\n\t\t","protected":false},"excerpt":{"rendered":"<p>V\u00e9gre itt a tavasz! A hideg, s\u00f6t\u00e9t t\u00e9li h\u00f3napok ut\u00e1n \u00f6r\u00fcl\u00fcnk a melegnek, a naps\u00fct\u00e9snek, \u00e9s legnagyobb \u00f6r\u00f6m\u00fcnkre a n\u00f6v\u00e9ny- \u00e9s \u00e1llatvil\u00e1g is \u00e9bredezik. A term\u00e9szet \u00fajra megmutatja erej\u00e9t. Sokak sz\u00e1m\u00e1ra a tavasz az \u00fajrakezd\u00e9s idej\u00e9t is jelk\u00e9pezi. Ahhoz, hogy ez optim\u00e1lisan siker\u00fclj\u00f6n, fontos megszabadulni a felesleges ballasztokt\u00f3l, \u00e9s kell\u0151 t\u00e1maszt \u00e9s lend\u00fcletet adni a [&hellip;]<\/p>\n","protected":false},"author":2,"featured_media":16275,"comment_status":"closed","ping_status":"closed","sticky":false,"template":"","format":"standard","meta":{"_acf_changed":false,"inline_featured_image":false,"footnotes":""},"categories":[116,117],"tags":[],"class_list":["post-16274","post","type-post","status-publish","format-standard","has-post-thumbnail","hentry","category-fozes-probiotikumokkal","category-taplalkozas-receptek"],"acf":[],"rank_math":{"og:title":"Tavaszi lend\u00fclet a b\u00e9lendszernek? - OMNi-BiOTiC\u00ae","og:desc":"A b\u00e9lrendszer eg\u00e9szs\u00e9g\u00e9nek meg\u0151rz\u00e9se elengedhetetlen az er\u0151s immunrendszer fenntart\u00e1s\u00e1hoz k\u00fcl\u00f6n\u00f6sen a tavaszi napokon. A b\u00e9ltiszt\u00edt\u00e1sr\u00f3l.","og:url":"https:\/\/www.omni-biotic.com\/hu-hu\/blog\/tavaszi-lenduelet-a-belendszernek\/","og:locale":"hu_HU","og:image":"https:\/\/www.omni-biotic.com\/hu-hu\/wp-content\/uploads\/sites\/7\/2023\/06\/egeszseges-belrendszer-omni-biotic.jpg","og:image:width":"960","og:image:height":"666"},"additional_data":{"thumbnail":"https:\/\/www.omni-biotic.com\/hu-hu\/wp-content\/uploads\/sites\/7\/2023\/06\/egeszseges-belrendszer-omni-biotic.jpg"},"blog_info":{"country":"hu-hu"},"_links":{"self":[{"href":"https:\/\/www.omni-biotic.com\/hu-hu\/wp-json\/wp\/v2\/posts\/16274","targetHints":{"allow":["GET"]}}],"collection":[{"href":"https:\/\/www.omni-biotic.com\/hu-hu\/wp-json\/wp\/v2\/posts"}],"about":[{"href":"https:\/\/www.omni-biotic.com\/hu-hu\/wp-json\/wp\/v2\/types\/post"}],"author":[{"embeddable":true,"href":"https:\/\/www.omni-biotic.com\/hu-hu\/wp-json\/wp\/v2\/users\/2"}],"replies":[{"embeddable":true,"href":"https:\/\/www.omni-biotic.com\/hu-hu\/wp-json\/wp\/v2\/comments?post=16274"}],"version-history":[{"count":7,"href":"https:\/\/www.omni-biotic.com\/hu-hu\/wp-json\/wp\/v2\/posts\/16274\/revisions"}],"predecessor-version":[{"id":20549,"href":"https:\/\/www.omni-biotic.com\/hu-hu\/wp-json\/wp\/v2\/posts\/16274\/revisions\/20549"}],"wp:featuredmedia":[{"embeddable":true,"href":"https:\/\/www.omni-biotic.com\/hu-hu\/wp-json\/wp\/v2\/media\/16275"}],"wp:attachment":[{"href":"https:\/\/www.omni-biotic.com\/hu-hu\/wp-json\/wp\/v2\/media?parent=16274"}],"wp:term":[{"taxonomy":"category","embeddable":true,"href":"https:\/\/www.omni-biotic.com\/hu-hu\/wp-json\/wp\/v2\/categories?post=16274"},{"taxonomy":"post_tag","embeddable":true,"href":"https:\/\/www.omni-biotic.com\/hu-hu\/wp-json\/wp\/v2\/tags?post=16274"}],"curies":[{"name":"wp","href":"https:\/\/api.w.org\/{rel}","templated":true}]}}