{"id":16277,"date":"2023-04-25T10:51:35Z","date_gmt":"2023-04-25T08:51:35Z","guid":{"rendered":"https:\/\/www.omni-biotic.com\/hu-hu\/a-huevelyflora-az-elet-soran\/"},"modified":"2024-09-13T10:31:01Z","modified_gmt":"2024-09-13T08:31:01Z","slug":"huevelyflora-es-huvelyszarazsag","status":"publish","type":"post","link":"https:\/\/www.omni-biotic.com\/hu-hu\/blog\/huevelyflora-es-huvelyszarazsag\/","title":{"rendered":"Mikor eg\u00e9szs\u00e9ges a h\u00fcvelyfl\u00f3ra"},"content":{"rendered":"\t\t<div data-elementor-type=\"wp-post\" data-elementor-id=\"16277\" class=\"elementor elementor-16277\" data-elementor-post-type=\"post\">\n\t\t\t\t<div class=\"elementor-element elementor-element-37ed1a8 obcs none e-flex e-con-boxed e-con e-parent\" data-id=\"37ed1a8\" data-element_type=\"container\">\n\t\t\t\t\t<div class=\"e-con-inner\">\n\t\t\t\t<div class=\"elementor-element elementor-element-a5118d4 elementor-widget elementor-widget-text-editor\" data-id=\"a5118d4\" data-element_type=\"widget\" data-widget_type=\"text-editor.default\">\n\t\t\t\t<div class=\"elementor-widget-container\">\n\t\t\t\t\t\t\t\t\t<p><span style=\"color: #800080\"><em>Szinte minden n\u0151 \u00e9lete sor\u00e1n legal\u00e1bb egyszer tapasztal h\u00fcvelyfert\u0151z\u00e9st. Nem ritka, hogy ez a t\u00fcnetekkel egy\u00fctt visszat\u00e9r\u0151 vagy ak\u00e1r kr\u00f3nikus betegs\u00e9gg\u00e9 alakul. Ez korl\u00e1tozott \u00e9letmin\u0151s\u00e9get, n\u00e9ha a libid\u00f3 elveszt\u00e9s\u00e9t vagy ak\u00e1r medd\u0151s\u00e9get is jelenthet. A h\u00fcvelyfl\u00f3ra optim\u00e1lis \u00f6sszet\u00e9tele ez\u00e9rt d\u00f6nt\u0151 el\u0151felt\u00e9tel a n\u0151 \u00e9letmin\u0151s\u00e9g\u00e9nek \u00e9s eg\u00e9szs\u00e9g\u00e9nek fenntart\u00e1s\u00e1ban. A mindent eld\u00f6nt\u0151 h\u00fcvelymikrobiom azonban k\u00fcl\u00f6nb\u00f6z\u0151 hat\u00e1snak \u00e9s v\u00e1ltoz\u00e1snak van kit\u00e9ve a sz\u00fclet\u00e9s pillanat\u00e1t\u00f3l kezdve az id\u0151skorig.<\/em><\/span><\/p>\t\t\t\t\t\t\t\t<\/div>\n\t\t\t\t<\/div>\n\t\t\t\t<div class=\"elementor-element elementor-element-22da58c elementor-widget elementor-widget-image\" data-id=\"22da58c\" data-element_type=\"widget\" data-widget_type=\"image.default\">\n\t\t\t\t<div class=\"elementor-widget-container\">\n\t\t\t\t\t\t\t\t\t\t\t\t\t\t\t<img fetchpriority=\"high\" decoding=\"async\" width=\"800\" height=\"530\" src=\"https:\/\/www.omni-biotic.com\/hu-hu\/wp-content\/uploads\/sites\/7\/2023\/04\/huevelyflora.jpg\" class=\"attachment-large size-large wp-image-20472\" alt=\"h\u00fcvelysz\u00e1razs\u00e1g kezel\u00e9se, h\u00fcvelysz\u00e1razs\u00e1g ellen, f\u00e1jdalmas egy\u00fcttl\u00e9t, h\u00fcvelysz\u00e1razs\u00e1g oka, n\u0151i probiotikum, menstru\u00e1ci\u00f3s ciklus, h\u00fcvelysz\u00e1razs\u00e1g kezel\u00e9se otthon, h\u00fcvelyfl\u00f3ra\" srcset=\"https:\/\/www.omni-biotic.com\/hu-hu\/wp-content\/uploads\/sites\/7\/2023\/04\/huevelyflora.jpg 1024w, https:\/\/www.omni-biotic.com\/hu-hu\/wp-content\/uploads\/sites\/7\/2023\/04\/huevelyflora-300x199.jpg 300w, https:\/\/www.omni-biotic.com\/hu-hu\/wp-content\/uploads\/sites\/7\/2023\/04\/huevelyflora-768x509.jpg 768w\" sizes=\"(max-width: 800px) 100vw, 800px\" title=\"\">\t\t\t\t\t\t\t\t\t\t\t\t\t\t\t<\/div>\n\t\t\t\t<\/div>\n\t\t\t\t\t<\/div>\n\t\t\t\t<\/div>\n\t\t<div class=\"elementor-element elementor-element-f214366 obcs none e-flex e-con-boxed e-con e-parent\" data-id=\"f214366\" data-element_type=\"container\">\n\t\t\t\t\t<div class=\"e-con-inner\">\n\t\t\t\t\t<\/div>\n\t\t\t\t<\/div>\n\t\t<div class=\"elementor-element elementor-element-b4e82ff obcs none e-flex e-con-boxed e-con e-parent\" data-id=\"b4e82ff\" data-element_type=\"container\">\n\t\t\t\t\t<div class=\"e-con-inner\">\n\t\t\t\t<div class=\"elementor-element elementor-element-7d1eb39 elementor-widget elementor-widget-text-editor\" data-id=\"7d1eb39\" data-element_type=\"widget\" data-widget_type=\"text-editor.default\">\n\t\t\t\t<div class=\"elementor-widget-container\">\n\t\t\t\t\t\t\t\t\t<p>Az eg\u00e9szs\u00e9ges <a href=\"https:\/\/www.omni-biotic.com\/hu-hu\/a-belrendszer-egeszsege\/a-bel-hataskore\/huvelyflora\/\"><strong>h\u00fcvelyi mikrobiom<\/strong><\/a> nagyr\u00e9szt a <em>Lactobacillus<\/em> nemzets\u00e9ghez tartoz\u00f3 bakt\u00e9riumokb\u00f3l \u00e1ll, \u00e9s fontos v\u00e9d\u0151pajzsk\u00e9nt m\u0171k\u00f6dik az intim ter\u00fclet fert\u0151z\u00e9seivel szemben, p\u00e9ld\u00e1ul a <strong>bakteri\u00e1lis vagin\u00f3zis<\/strong> (bakteri\u00e1lis h\u00fcvelyi fert\u0151z\u00e9s), a h\u00fcvelygomba vagy a <a href=\"https:\/\/www.omni-biotic.com\/hu-hu\/blog\/mitol-alakul-ki-a-visszatero-huevelyfertozes-omni-biotic-hu\/\"><strong>h\u00fagy\u00fati fert\u0151z\u00e9sek<\/strong><\/a> ellen. A<em><strong> lactobacillus<\/strong><\/em> megnehez\u00edti a k\u00f3rokoz\u00f3 bakt\u00e9riumok megteleped\u00e9s\u00e9t: a h\u00fcvelyfl\u00f3ra bakt\u00e9riumai a glikog\u00e9nt, a sz\u00e9nhidr\u00e1tok rakt\u00e1roz\u00e1si form\u00e1j\u00e1t tejsavv\u00e1 alak\u00edtj\u00e1k . Ez\u00e9rt is nevezik \u0151ket tejsavbakt\u00e9riumoknak.<\/p><p>Ez a folyamat a h\u00fcvelyben a 3,8-4,4-es savas pH-\u00e9rt\u00e9k fenntart\u00e1sa szempontj\u00e1b\u00f3l l\u00e9nyeges, \u00e9s olyan k\u00f6rnyezetet teremt, amely <strong>megakad\u00e1lyozza a k\u00f3rokoz\u00f3 bakt\u00e9riumok szaporod\u00e1s\u00e1t<\/strong>. A h\u00fcvelyfl\u00f3ra fel\u00e9p\u00fcl\u00e9se m\u00e1r a sz\u00fclet\u00e9s pillanat\u00e1val kezd\u0151dik a b\u00e9lbakt\u00e9riumok seg\u00edts\u00e9g\u00e9vel. Az, hogy a n\u0151i nemi szerveket olyan <strong>gyakran<\/strong> t\u00e1madj\u00e1k meg gomb\u00e1k \u00e9s k\u00e1ros bakt\u00e9riumok, szint\u00e9n a n\u0151i anat\u00f3mi\u00e1val f\u00fcgg \u00f6ssze. A n\u0151i nemi szerv az egyetlen olyan emberi szerv, amely <strong>k\u00f6zvetlen kapcsolatban<\/strong> \u00e1ll a k\u00fclvil\u00e1ggal. M\u00edg a beleinket a z\u00e1r\u00f3izom v\u00e9di, a h\u00fcvely ezzel szemben m\u00e9lyen a testbe ny\u00edlik.<\/p><p>\u201eEz k\u00fcl\u00f6nleges v\u00e9delmi funkci\u00f3kat ig\u00e9nyel. A h\u00fcvely felsz\u00edn\u00e9t h\u00e1rom k\u00fcl\u00f6nb\u00f6z\u0151 r\u00e9teg v\u00e9di: a felsz\u00ednen a tejsavbakt\u00e9riumok v\u00e9delme r\u00e9v\u00e9n, maga a sz\u00f6vet \u00e9s a felsz\u00edn m\u00f6g\u00f6tt az immunrendszer. A <a href=\"https:\/\/www.omni-biotic.com\/hu-hu\/a-belrendszer-egeszsege\/a-bel-az-egeszseg-kozpontja\/belmikrobiom\/\"><strong>mikrobiom<\/strong> <\/a>\u00e9s az <a href=\"https:\/\/www.omni-biotic.com\/hu-hu\/a-belrendszer-egeszsege\/a-bel-hataskore\/az-immunrendszer\/\"><strong>immunrendszer<\/strong> <\/a>szorosan egy\u00fcttm\u0171k\u00f6dik ebben a folyamatban\u201d \u2013 magyar\u00e1zza Dr. Taran\u00e9 Probst lipcsei n\u0151gy\u00f3gy\u00e1sz. Ami teh\u00e1t a b\u00e9lrendszerrel kapcsolatban m\u00e1r ismert \u00e9s bizony\u00edtott, az a h\u00fcvelyre is ugyan\u00fagy \u00e9rv\u00e9nyes.<\/p>\t\t\t\t\t\t\t\t<\/div>\n\t\t\t\t<\/div>\n\t\t\t\t\t<\/div>\n\t\t\t\t<\/div>\n\t\t<div class=\"elementor-element elementor-element-193936b obcs none e-flex e-con-boxed e-con e-parent\" data-id=\"193936b\" data-element_type=\"container\">\n\t\t\t\t\t<div class=\"e-con-inner\">\n\t\t\t\t<div class=\"elementor-element elementor-element-4909536 elementor-widget elementor-widget-heading\" data-id=\"4909536\" data-element_type=\"widget\" data-widget_type=\"heading.default\">\n\t\t\t\t<div class=\"elementor-widget-container\">\n\t\t\t\t\t<h2 class=\"elementor-heading-title elementor-size-default\">V\u00e9d\u0151pajzs az \u00e9let els\u0151 napj\u00e1t\u00f3l kezdve<\/h2>\t\t\t\t<\/div>\n\t\t\t\t<\/div>\n\t\t\t\t\t<\/div>\n\t\t\t\t<\/div>\n\t\t<div class=\"elementor-element elementor-element-8bf6a24 obcs none e-flex e-con-boxed e-con e-parent\" data-id=\"8bf6a24\" data-element_type=\"container\">\n\t\t\t\t\t<div class=\"e-con-inner\">\n\t\t\t\t<div class=\"elementor-element elementor-element-fb080f6 elementor-widget elementor-widget-text-editor\" data-id=\"fb080f6\" data-element_type=\"widget\" data-widget_type=\"text-editor.default\">\n\t\t\t\t<div class=\"elementor-widget-container\">\n\t\t\t\t\t\t\t\t\t<p>A <strong>h\u00fcvelyfl\u00f3ra<\/strong> fel\u00e9p\u00fcl\u00e9se a sz\u00fclet\u00e9st\u0151l kezd\u0151dik a <a href=\"https:\/\/www.omni-biotic.com\/hu-hu\/a-belrendszer-egeszsege\/a-bel-az-egeszseg-kozpontja\/belbakteriumok\/\"><strong>b\u00e9lbakt\u00e9riumok<\/strong> <\/a>seg\u00edts\u00e9g\u00e9vel. Ha keresztmetszetben megn\u00e9zz\u00fck a n\u0151i medenc\u00e9t, l\u00e1thatjuk, hogy a v\u00e9gb\u00e9l, a h\u00fcvelyi ter\u00fclet \u00e9s a h\u00fagyutak nem \u201es\u0171r\u0171\u201d, z\u00e1rt rendszerek, hanem <strong>ny\u00edl\u00e1sokba<\/strong> ny\u00falnak. Az an\u00e1lis \u00e9s a h\u00fcvelyi ter\u00fclet k\u00f6z\u00f6tt egy ny\u00e1lka\u00fat h\u00faz\u00f3dik. Ezen a fiziol\u00f3giai transzport\u00faton kereszt\u00fcl a <strong>laktobacillusok<\/strong> a v\u00e9gb\u00e9lb\u0151l, amely a j\u00f3t\u00e9kony tejsavbakt\u00e9riumok rezervo\u00e1rjak\u00e9nt szolg\u00e1l, a h\u00fcvelybe sz\u00e1ll\u00edt\u00f3dnak.<\/p><p>A b\u00e9l- \u00e9s h\u00fcvelyfl\u00f3ra k\u00f6z\u00f6tti szoros kapcsolat magyar\u00e1zza, hogy a b\u00e9lfl\u00f3r\u00e1t zavar\u00f3 t\u00e9nyez\u0151k mi\u00e9rt hatnak negat\u00edvan a h\u00fcvelyfl\u00f3r\u00e1ra is, valamint, hogy az eg\u00e9szs\u00e9ges h\u00fcvelyfl\u00f3r\u00e1t mi\u00e9rt tudj\u00e1k a <strong>probiotikumok<\/strong> tart\u00f3san t\u00e1mogatni sz\u00e1jon \u00e1t t\u00f6rt\u00e9n\u0151 alkalmaz\u00e1s sor\u00e1n, pl. v\u00edzben feloldva.<\/p>\t\t\t\t\t\t\t\t<\/div>\n\t\t\t\t<\/div>\n\t\t\t\t\t<\/div>\n\t\t\t\t<\/div>\n\t\t<div class=\"elementor-element elementor-element-7e4685d obcs none e-flex e-con-boxed e-con e-parent\" data-id=\"7e4685d\" data-element_type=\"container\">\n\t\t\t\t\t<div class=\"e-con-inner\">\n\t\t\t\t<div class=\"elementor-element elementor-element-b3d5ec0 elementor-widget elementor-widget-heading\" data-id=\"b3d5ec0\" data-element_type=\"widget\" data-widget_type=\"heading.default\">\n\t\t\t\t<div class=\"elementor-widget-container\">\n\t\t\t\t\t<h2 class=\"elementor-heading-title elementor-size-default\">Cs\u00e1sz\u00e1rmetsz\u00e9s \u2013 mi\u00e9rt kedvez\u0151tlen a mikrobiom sz\u00e1m\u00e1ra?<\/h2>\t\t\t\t<\/div>\n\t\t\t\t<\/div>\n\t\t\t\t\t<\/div>\n\t\t\t\t<\/div>\n\t\t<div class=\"elementor-element elementor-element-73fb09a obcs none e-flex e-con-boxed e-con e-parent\" data-id=\"73fb09a\" data-element_type=\"container\">\n\t\t\t\t\t<div class=\"e-con-inner\">\n\t\t\t\t<div class=\"elementor-element elementor-element-fac0fd3 elementor-widget elementor-widget-text-editor\" data-id=\"fac0fd3\" data-element_type=\"widget\" data-widget_type=\"text-editor.default\">\n\t\t\t\t<div class=\"elementor-widget-container\">\n\t\t\t\t\t\t\t\t\t<p>Az, hogy a <a href=\"https:\/\/www.omni-biotic.com\/hu-hu\/blog\/hogyan-lehet-hatni-az-ujszulott-hangulatara\/\"><strong>gyermek b\u00e9lfl\u00f3r\u00e1ja<\/strong><\/a>, majd a h\u00fcvelyfl\u00f3ra \u00e9s az <a href=\"https:\/\/www.omni-biotic.com\/hu-hu\/blog\/gyermekek-es-az-immunrendszer\/\"><strong>immunrendszer<\/strong> <\/a>hogyan fejl\u0151dik, t\u00f6bbek k\u00f6z\u00f6tt a <a href=\"https:\/\/www.omni-biotic.com\/hu-hu\/blog\/csaszarmetszes-vagy-termeszetes-szueles-a-baba-belmikrobiomja\/\"><strong>sz\u00fclet\u00e9si m\u00f3dt\u00f3l<\/strong> <\/a>f\u00fcgg<strong>.<\/strong> Ha a gyermekek nem term\u00e9szetes \u00faton sz\u00fcletnek, \u00e9s nem a sz\u00fcl\u0151csatorn\u00e1n kereszt\u00fcl j\u00f6nnek vil\u00e1gra, nem \u00e9rintkeznek az anya h\u00fcvelyi mikrobiomj\u00e1val. Term\u00e9szetesen a cs\u00e1sz\u00e1rmetsz\u00e9sre sz\u00fcks\u00e9g lehet az anya eg\u00e9szs\u00e9g\u00e9nek v\u00e9delme \u00e9s a gyermek biztons\u00e1ga \u00e9rdek\u00e9ben. Nem k\u00e9rd\u00e9s, hogy ez a sz\u00fcl\u00e9si m\u00f3d sok \u00e9letet ment meg.<\/p><p>Ugyanakkor n\u00f6vekv\u0151 tendencia mutatkozik a k\u00edv\u00e1nt cs\u00e1sz\u00e1rmetsz\u00e9sek fel\u00e9, ahol a term\u00e9szetes sz\u00fcl\u00e9s \u00f6tlet\u00e9t kezdetekt\u0151l fogva elvetik. N\u00e9metorsz\u00e1gban a gyermekek mintegy 30 %-a cs\u00e1sz\u00e1rmetsz\u00e9ssel j\u00f6n vil\u00e1gra.\u201eNem felejtkezhet\u00fcnk el az any\u00e1t \u00e9r\u0151 stresszr\u0151l, a sebr\u0151l, a m\u0171t\u00e9ttel j\u00e1r\u00f3 kellemetlens\u00e9gekr\u0151l \u00e9s az altat\u00e1sr\u00f3l, viszont a <strong>cs\u00e1sz\u00e1rmetsz\u00e9s<\/strong> sor\u00e1n szinte egy\u00e1ltal\u00e1n nem jutnak \u00e1t a bab\u00e1ra a rendk\u00edv\u00fcl fontos \u00e9s <strong>j\u00f3t\u00e9kony bakt\u00e9riumok<\/strong>. Ez bizony\u00edthat\u00f3 p\u00e9ld\u00e1ul azzal is, hogy a cs\u00e1sz\u00e1rmetsz\u00e9ssel sz\u00fcletett gyermekek b\u00e9lrendszer\u00e9ben t\u00f6bb b\u0151rbakt\u00e9riumot tal\u00e1lunk.<\/p><p>Bizonyos cs\u00edr\u00e1k hi\u00e1nya, amelyeknek az lenne a feladata, hogy immunrendszer\u00fcnket toler\u00e1nss\u00e1 tegy\u00e9k bizonyos bakt\u00e9riumokkal szemben, az immunrendszer t\u00falreag\u00e1l\u00e1s\u00e1t okozza, ami <strong>b\u0151rbetegs\u00e9gekhez<\/strong> pl. <a href=\"https:\/\/www.omni-biotic.com\/hu-hu\/blog\/bor-es-belflora\/\"><strong>neurodermitiszhez<\/strong> <\/a>\u00e9s <a href=\"https:\/\/www.omni-biotic.com\/hu-hu\/belpanaszok\/allergia\/\"><strong>allergi\u00e1hoz<\/strong><\/a>.\u201d Probst szerint, ha az anya antibiotikumokat kap \u2013 ahogy az a cs\u00e1sz\u00e1rmetsz\u00e9ses sz\u00fcl\u00e9sn\u00e9l szok\u00e1sos -, a megv\u00e1ltozott mikrobiom az anyatejen kereszt\u00fcl \u00e1tjut a baba szervezet\u00e9be.<\/p>\t\t\t\t\t\t\t\t<\/div>\n\t\t\t\t<\/div>\n\t\t\t\t\t<\/div>\n\t\t\t\t<\/div>\n\t\t<div class=\"elementor-element elementor-element-9e7e079 obcs none e-flex e-con-boxed e-con e-parent\" data-id=\"9e7e079\" data-element_type=\"container\">\n\t\t\t\t\t<div class=\"e-con-inner\">\n\t\t\t\t\t<\/div>\n\t\t\t\t<\/div>\n\t\t<div class=\"elementor-element elementor-element-8d100fd obcs none e-flex e-con-boxed e-con e-parent\" data-id=\"8d100fd\" data-element_type=\"container\">\n\t\t\t\t\t<div class=\"e-con-inner\">\n\t\t\t\t<div class=\"elementor-element elementor-element-12ff809 elementor-widget elementor-widget-heading\" data-id=\"12ff809\" data-element_type=\"widget\" data-widget_type=\"heading.default\">\n\t\t\t\t<div class=\"elementor-widget-container\">\n\t\t\t\t\t<h2 class=\"elementor-heading-title elementor-size-default\">A hormon\u00e1lis fejl\u0151d\u00e9s megv\u00e1ltoztatja a h\u00fcvelyny\u00e1lkah\u00e1rty\u00e1t<\/h2>\t\t\t\t<\/div>\n\t\t\t\t<\/div>\n\t\t\t\t\t<\/div>\n\t\t\t\t<\/div>\n\t\t<div class=\"elementor-element elementor-element-a47ae36 obcs none e-flex e-con-boxed e-con e-parent\" data-id=\"a47ae36\" data-element_type=\"container\">\n\t\t\t\t\t<div class=\"e-con-inner\">\n\t\t\t\t<div class=\"elementor-element elementor-element-79a68c2 elementor-widget elementor-widget-text-editor\" data-id=\"79a68c2\" data-element_type=\"widget\" data-widget_type=\"text-editor.default\">\n\t\t\t\t<div class=\"elementor-widget-container\">\n\t\t\t\t\t\t\t\t\t<p>A pubert\u00e1s kor \u00e9s \u00edgy a term\u00e9keny id\u0151szak kezdet\u00e9vel a <strong>h\u00fcvelyny\u00e1lkah\u00e1rtya<\/strong> t\u00f6bb sejtr\u00e9teget \u00e9p\u00edt fel, \u00e9s \u00edgy vastagabb\u00e1 \u00e9s er\u0151sebb\u00e9 v\u00e1lik. A term\u00e9szet vel\u00fcnk egy\u00fctt gondolkodik. Mivel a n\u0151knek \u00e9let\u00fck els\u0151 fel\u00e9ben t\u00f6bb szexu\u00e1lis egy\u00fcttl\u00e9t\u00fck van, \u00e9s ebben az \u00e9letszakaszban er\u0151sebb v\u00e9delemre van sz\u00fcks\u00e9g\u00fck mint a nemi \u00e9retts\u00e9g el\u0151tt, a ny\u00e1lkah\u00e1rtya meger\u0151s\u00f6dik. A <strong>tejsav-bakt\u00e9riumokat<\/strong> is arra \u00f6szt\u00f6nzik, hogy <strong>fokozz\u00e1k aktivit\u00e1sukat<\/strong> a v\u00e9d\u0151pajzs meger\u0151s\u00edt\u00e9se \u00e9rdek\u00e9ben.<\/p><p>\u201eAz \u00f6sztrog\u00e9n hat\u00e1s\u00e1ra a pubert\u00e1skor sor\u00e1n t\u00f6bb glikog\u00e9n rakt\u00e1roz\u00f3dik el, ami viszont kedvez\u0151en hat a tejsavtermel\u00e9sre. Amikor azonban egy n\u0151nek cs\u00f6kken az \u00f6sztrog\u00e9nszintje \u2013 p\u00e9ld\u00e1ul a <a href=\"https:\/\/www.omni-biotic.com\/hu-hu\/blog\/mi-az-a-menopauza\/\"><strong>menopauza<\/strong> <\/a>idej\u00e9n -, kevesebb <strong>glikog\u00e9nt<\/strong> rakt\u00e1roz el. Ennek eredm\u00e9nyek\u00e9nt kevesebb j\u00f3 bakt\u00e9rium marad a h\u00fcvelyben. Ez megfigyelhet\u0151 azokn\u00e1l a betegekn\u00e9l, akiknek n\u0151gy\u00f3gy\u00e1szati daganatuk van \u00e9s anti-hormonter\u00e1pi\u00e1t kapnak.<\/p><p>Az alacsony hormonszint miatt megv\u00e1ltozik a b\u0151r \u00e9s a ny\u00e1lkah\u00e1rtya a szervezetben. V\u00e9konyabb\u00e1 v\u00e1lnak, ami a h\u00fcvelyi ny\u00e1lkah\u00e1rty\u00e1ra is vonatkozik. A mikroorganizmusokon kereszt\u00fcli szimbi\u00f3zis is cs\u00f6kken\u201d \u2013 mutat r\u00e1 a probl\u00e9m\u00e1ra Probst. A h\u00fcvelyfl\u00f3ra elt\u00e9r\u0151 \u00f6sszet\u00e9tele a k\u00fcl\u00f6nb\u00f6z\u0151 \u00e9letszakaszokban teh\u00e1t els\u0151sorban a hormonhat\u00e1soknak tulajdon\u00edthat\u00f3.<\/p>\t\t\t\t\t\t\t\t<\/div>\n\t\t\t\t<\/div>\n\t\t\t\t\t<\/div>\n\t\t\t\t<\/div>\n\t\t<div class=\"elementor-element elementor-element-f2ab89b obcs none e-flex e-con-boxed e-con e-parent\" data-id=\"f2ab89b\" data-element_type=\"container\">\n\t\t\t\t\t<div class=\"e-con-inner\">\n\t\t\t\t<div class=\"elementor-element elementor-element-6951d9d elementor-widget elementor-widget-image\" data-id=\"6951d9d\" data-element_type=\"widget\" data-widget_type=\"image.default\">\n\t\t\t\t<div class=\"elementor-widget-container\">\n\t\t\t\t\t\t\t\t\t\t\t\t\t\t\t<img decoding=\"async\" width=\"692\" height=\"394\" src=\"https:\/\/www.omni-biotic.com\/hu-hu\/wp-content\/uploads\/sites\/7\/2023\/10\/huvelyszarazsage-kezelese.png\" class=\"attachment-large size-large wp-image-20338\" alt=\"h\u00fcvelysz\u00e1razs\u00e1g kezel\u00e9se, h\u00fcvelysz\u00e1razs\u00e1g ellen, f\u00e1jdalmas egy\u00fcttl\u00e9t, h\u00fcvelysz\u00e1razs\u00e1g oka, n\u0151i probiotikum, menstru\u00e1ci\u00f3s ciklus, h\u00fcvelysz\u00e1razs\u00e1g kezel\u00e9se otthon, h\u00fcvelyfl\u00f3ra\" srcset=\"https:\/\/www.omni-biotic.com\/hu-hu\/wp-content\/uploads\/sites\/7\/2023\/10\/huvelyszarazsage-kezelese.png 692w, https:\/\/www.omni-biotic.com\/hu-hu\/wp-content\/uploads\/sites\/7\/2023\/10\/huvelyszarazsage-kezelese-300x171.png 300w\" sizes=\"(max-width: 692px) 100vw, 692px\" title=\"\">\t\t\t\t\t\t\t\t\t\t\t\t\t\t\t<\/div>\n\t\t\t\t<\/div>\n\t\t\t\t<div class=\"elementor-element elementor-element-ff15467 elementor-widget elementor-widget-heading\" data-id=\"ff15467\" data-element_type=\"widget\" data-widget_type=\"heading.default\">\n\t\t\t\t<div class=\"elementor-widget-container\">\n\t\t\t\t\t<h2 class=\"elementor-heading-title elementor-size-default\">A h\u00fcvelyfert\u0151z\u00e9s megel\u0151z\u00e9se<\/h2>\t\t\t\t<\/div>\n\t\t\t\t<\/div>\n\t\t\t\t\t<\/div>\n\t\t\t\t<\/div>\n\t\t<div class=\"elementor-element elementor-element-280440f obcs none e-flex e-con-boxed e-con e-parent\" data-id=\"280440f\" data-element_type=\"container\">\n\t\t\t\t\t<div class=\"e-con-inner\">\n\t\t\t\t<div class=\"elementor-element elementor-element-2cc7f12 elementor-widget elementor-widget-text-editor\" data-id=\"2cc7f12\" data-element_type=\"widget\" data-widget_type=\"text-editor.default\">\n\t\t\t\t<div class=\"elementor-widget-container\">\n\t\t\t\t\t\t\t\t\t<p>A gomb\u00e1k vagy bakt\u00e9riumok \u00e1ltal okozott h\u00fcvelyi fert\u0151z\u00e9sek azonban nem csak s\u00falyos betegs\u00e9gek sor\u00e1n fordulnak el\u0151. Val\u00f3j\u00e1ban szinte minden n\u0151 tud mes\u00e9lni err\u0151l, ugyanis \u00e9let\u00fck sor\u00e1n a n\u0151k 70-75% tapasztal legal\u00e1bb egyszer h\u00fcvelyi gomb\u00e1s fert\u0151z\u00e9st, bakteri\u00e1lis vagin\u00f3zist pedig a n\u0151k 5%-\u00e1n\u00e1l lehet kimutatni (azok k\u00f6z\u00fcl akik elmennek sz\u0171r\u0151vizsg\u00e1latra). Ez a terhess\u00e9g alatt drasztikusan 7-22%-ra n\u0151.<\/p><p>Sz\u00e1mos kiv\u00e1lt\u00f3 ok megnevezhet\u0151. <a href=\"https:\/\/www.omni-biotic.com\/hu-hu\/blog\/a-stressz-mellekhatasai\/\"><strong>Stressz<\/strong><\/a>, immungyenges\u00e9g, t\u00falzott h\u00fcvely\u00f6bl\u00edt\u00e9s \u00e9s szappanhaszn\u00e1lat, szexu\u00e1lis egy\u00fcttl\u00e9t (k\u00fcl\u00f6nb\u00f6z\u0151 partnerekkel), hormon\u00e1lis v\u00e1ltoz\u00e1sok vagy cukorbetegs\u00e9g. Ezek mind a h\u00fcvelyfl\u00f3ra egyens\u00faly\u00e1nak felborul\u00e1s\u00e1hoz vezetnek, melynek k\u00f6vetkezt\u00e9ben a tejsavbakt\u00e9riumok sz\u00e1ma cs\u00f6kken.<\/p><p>Az egyik leggyakoribb ok azonban az antibiotikumok alkalmaz\u00e1sa lehet, amely <em>Gardnerella vaginalis, Prevotella<\/em> vagy <em>Mycoplasma<\/em> \u00e1ltal kiv\u00e1ltott bakteri\u00e1lis vagin\u00f3zist eredm\u00e9nyez. Itt kezd\u0151dik az \u00f6rd\u00f6gi k\u00f6r, mert a bakteri\u00e1lis vagin\u00f3zist gyakran <a href=\"https:\/\/www.omni-biotic.com\/hu-hu\/blog\/hasmenes-es-antibiotikum\/\"><strong>antibiotikumokkal<\/strong> <\/a>kezelik, \u00e9s a bakt\u00e9riumok mellett a j\u00f3t\u00e9kony tejsavbakt\u00e9riumok sz\u00e1ma is nagym\u00e9rt\u00e9kben cs\u00f6kken. Ez megk\u00f6nny\u00edti a k\u00f3rokoz\u00f3k \u00fajb\u00f3li megteleped\u00e9s\u00e9t, mivel az intim ter\u00fclet v\u00e9d\u0151pajzsa massz\u00edvan s\u00e9r\u00fcl.<\/p><p>Ez\u00e9rt nem meglep\u0151, hogy sok n\u0151nek visszat\u00e9r\u0151 panaszokkal kell megk\u00fczdenie az intim ter\u00fcleten: a bakteri\u00e1lis vagin\u00f3zissal diagnosztiz\u00e1lt n\u0151k 60%-a legk\u00e9s\u0151bb hat h\u00f3nap letelt\u00e9vel \u00fajra a t\u00fcnetekt\u0151l szenved. A <a href=\"https:\/\/www.omni-biotic.com\/hu-hu\/blog\/hugyuti-fertozes-az-e-coli-szorosan-tapad-a-felueletekhez\/\"><strong>h\u00fagy\u00fati fert\u0151z\u00e9sek<\/strong><\/a> (h\u00f3lyaghurut) a n\u0151k 25 %-\u00e1n\u00e1l ism\u00e9telten jelentkeznek, \u00e9s gyakran kr\u00f3nikus panaszokk\u00e1 alakulnak. A k\u00f3rokoz\u00f3 bakt\u00e9riumok rendk\u00edv\u00fcl kreat\u00edvak, ha saj\u00e1t t\u00fal\u00e9l\u00e9s\u00fckr\u0151l van sz\u00f3: a h\u00fcvely ny\u00e1lkah\u00e1rty\u00e1j\u00e1t gyakran \u00fagynevezett bior\u00e9teg bor\u00edtja.<\/p><p>Ebben a v\u00e9kony ny\u00e1lkar\u00e9tegben, amelyet maguk a k\u00f3rokoz\u00f3 cs\u00edr\u00e1k k\u00e9peznek, a k\u00f3rokoz\u00f3k nagyobb sz\u00e1mban vannak jelen, ugyanakkor j\u00f3l v\u00e9dettek a szervezet saj\u00e1t immunrendszer\u00e9vel \u00e9s az antibiotikumokkal szemben. A bior\u00e9teg kialakul\u00e1sa k\u00f6vetkez\u00e9sk\u00e9ppen kedvez a h\u00fcvelyi fert\u0151z\u00e9sek ki\u00fajul\u00e1s\u00e1nak. A<strong> visszat\u00e9r\u0151<\/strong> h\u00f3lyagfert\u0151z\u00e9sek\u00e9rt k\u00e9tf\u00e9le bakt\u00e9rium felel\u0151s, nevezetesen az Escherichia coli \u00e9s a Gardnerella vaginalis. A k\u00f3rokoz\u00f3 bakt\u00e9riumok rendk\u00edv\u00fcl kreat\u00edvak, ha saj\u00e1t t\u00fal\u00e9l\u00e9s\u00fckr\u0151l van sz\u00f3: a h\u00fcvelyny\u00e1lkah\u00e1rty\u00e1t gyakran \u00fagynevezett bior\u00e9teg bor\u00edtja.<\/p><p>Az el\u0151bbiek a h\u00fcvelyen kereszt\u00fcl jutnak be a h\u00fagyutakba, \u00e9s bef\u00e9szkelik magukat a h\u00f3lyag fal\u00e1ba. Ott olyan j\u00f3l elrejt\u0151znek, hogy sem az antibiotikumok nem k\u00e9pesek megt\u00e1madni \u0151ket, sem a szervezet saj\u00e1t v\u00e9dekez\u0151 rendszere nem k\u00e9pes felismerni \u0151ket. Ha a <em>Gardnerella vaginalis<\/em> nev\u0171 cs\u00edra ker\u00fcl a szervezetbe, az <a href=\"https:\/\/www.omni-biotic.com\/hu-hu\/blog\/hugyuti-fertozes-az-e-coli-szorosan-tapad-a-felueletekhez\/\"><strong><em>E. coli bakt\u00e9riumok<\/em><\/strong><\/a> ism\u00e9t aktiv\u00e1l\u00f3dnak, \u00e9s gyullad\u00e1st v\u00e1ltanak ki a h\u00fagyutakban.<\/p>\t\t\t\t\t\t\t\t<\/div>\n\t\t\t\t<\/div>\n\t\t\t\t\t<\/div>\n\t\t\t\t<\/div>\n\t\t<div class=\"elementor-element elementor-element-de56d56 obcs none e-flex e-con-boxed e-con e-parent\" data-id=\"de56d56\" data-element_type=\"container\">\n\t\t\t\t\t<div class=\"e-con-inner\">\n\t\t\t\t<div class=\"elementor-element elementor-element-ad996fb elementor-widget elementor-widget-heading\" data-id=\"ad996fb\" data-element_type=\"widget\" data-widget_type=\"heading.default\">\n\t\t\t\t<div class=\"elementor-widget-container\">\n\t\t\t\t\t<h2 class=\"elementor-heading-title elementor-size-default\">A visszat\u00e9r\u0151 h\u00f3lyaghurut kezel\u00e9se probiotikummal<\/h2>\t\t\t\t<\/div>\n\t\t\t\t<\/div>\n\t\t\t\t\t<\/div>\n\t\t\t\t<\/div>\n\t\t<div class=\"elementor-element elementor-element-fd09f21 obcs none e-flex e-con-boxed e-con e-parent\" data-id=\"fd09f21\" data-element_type=\"container\">\n\t\t\t\t\t<div class=\"e-con-inner\">\n\t\t\t\t<div class=\"elementor-element elementor-element-93fc3b8 elementor-widget elementor-widget-text-editor\" data-id=\"93fc3b8\" data-element_type=\"widget\" data-widget_type=\"text-editor.default\">\n\t\t\t\t<div class=\"elementor-widget-container\">\n\t\t\t\t\t\t\t\t\t<p>De hogyan t\u00f6rhetik meg a n\u0151k a fert\u0151z\u00e9sek k\u00f6rforg\u00e1s\u00e1t? Ma m\u00e1r j\u00f3l ismert \u00e9s elfogadott t\u00e9ny, hogy a<strong> probiotikumok<\/strong> h\u00fcvelyfl\u00f3ra helyre\u00e1ll\u00edt\u00f3 hat\u00e1st v\u00e1lthatnak ki. Egy tudom\u00e1nyos tanulm\u00e1ny keret\u00e9ben azt vizsg\u00e1lt\u00e1k, hogy egy t\u00f6bb fajb\u00f3l \u00e1ll\u00f3 probiotikum milyen hat\u00e1ssal van a h\u00fcvelyfl\u00f3r\u00e1ra, mik\u00f6zben a betegeket bakteri\u00e1lis vagin\u00f3zis miatt antibiotikummal kezelt\u00e9k.<\/p><p>N\u00e9gy h\u00e9t eltelt\u00e9vel olyan eredm\u00e9ny sz\u00fcletett, amely sok r\u00e9g\u00f3ta szenved\u0151nek rem\u00e9nyt ad. A placeb\u00f3t kap\u00f3 n\u0151k 38%-\u00e1n\u00e1l tov\u00e1bbra is jelentkeztek a <strong>bakteri\u00e1lis vagin\u00f3zis<\/strong> t\u00fcnetei \u2013 az antibiotikumos kezel\u00e9s ellen\u00e9re. A probiotikumos csoportban ezzel szemben egyetlen n\u0151nek sem kellett visszat\u00e9r\u0151 fert\u0151z\u00e9ssel k\u00fczdenie. Kit\u00f6r\u00e9s az \u00f6rd\u00f6gi k\u00f6rb\u0151l a jobb \u00e9letmin\u0151s\u00e9g\u00e9rt!<\/p>\t\t\t\t\t\t\t\t<\/div>\n\t\t\t\t<\/div>\n\t\t\t\t\t<\/div>\n\t\t\t\t<\/div>\n\t\t<div class=\"elementor-element elementor-element-0c52d45 obcs none e-flex e-con-boxed e-con e-parent\" data-id=\"0c52d45\" data-element_type=\"container\">\n\t\t\t\t\t<div class=\"e-con-inner\">\n\t\t\t\t<div class=\"elementor-element elementor-element-0829a19 elementor-widget elementor-widget-heading\" data-id=\"0829a19\" data-element_type=\"widget\" data-widget_type=\"heading.default\">\n\t\t\t\t<div class=\"elementor-widget-container\">\n\t\t\t\t\t<h2 class=\"elementor-heading-title elementor-size-default\">A gyermekv\u00e1llal\u00e1si kedv \u00e9s a h\u00fcvelyfl\u00f3ra \u2013 mi az \u00f6sszef\u00fcgg\u00e9s?<\/h2>\t\t\t\t<\/div>\n\t\t\t\t<\/div>\n\t\t\t\t\t<\/div>\n\t\t\t\t<\/div>\n\t\t<div class=\"elementor-element elementor-element-fc1c321 obcs none e-flex e-con-boxed e-con e-parent\" data-id=\"fc1c321\" data-element_type=\"container\">\n\t\t\t\t\t<div class=\"e-con-inner\">\n\t\t\t\t<div class=\"elementor-element elementor-element-3c122d0 elementor-widget elementor-widget-text-editor\" data-id=\"3c122d0\" data-element_type=\"widget\" data-widget_type=\"text-editor.default\">\n\t\t\t\t<div class=\"elementor-widget-container\">\n\t\t\t\t\t\t\t\t\t<p>A bakteri\u00e1lis koloniz\u00e1ci\u00f3 az \u00faj \u00e9let kialakul\u00e1s\u00e1ban is alapvet\u0151 szerepet j\u00e1tszik. Sok\u00e1ig azt felt\u00e9telezt\u00e9k, hogy a n\u0151i nemi szerveket \u201ecsak\u201d a h\u00fcvelyben koloniz\u00e1lj\u00e1k <a href=\"https:\/\/www.omni-biotic.com\/hu-hu\/a-belrendszer-egeszsege\/a-bel-az-egeszseg-kozpontja\/probiotikum\/\"><strong>probiotikus bakt\u00e9riumok<\/strong><\/a>. De felfedezt\u00e9k, hogy a m\u00e9h is tartalmaz mikrobiomot. Egyre t\u00f6bb bizony\u00edt\u00e9k van arra, hogy ez a mikrobiom szerepet j\u00e1tszhat abban, hogy a petesejt <strong>be\u00e1gyaz\u00f3dik-e a m\u00e9hbe<\/strong> vagy sem. S\u0151t, a hasznos bakt\u00e9riumok sz\u00e1ma nagyban hozz\u00e1j\u00e1rul a terhess\u00e9g fennmarad\u00e1s\u00e1hoz vagy a vet\u00e9l\u00e9s elker\u00fcl\u00e9s\u00e9hez.<\/p><p>A terhess\u00e9g idej\u00e9n a h\u00fcvelyt t\u00falnyom\u00f3r\u00e9szt j\u00f3 (tejsavas) bakt\u00e9riumoknak kell ben\u00e9pes\u00edteni\u00fck, hogy k\u00e9pes legyen elh\u00e1r\u00edtani a k\u00f3rokoz\u00f3 bakt\u00e9riumokat. Ahhoz azonban, hogy egy\u00e1ltal\u00e1n teherbe essenek, egyre t\u00f6bb p\u00e1rnak kell seg\u00edts\u00e9get k\u00e9rnie <strong>mesters\u00e9ges megterm\u00e9keny\u00edt\u00e9s<\/strong> form\u00e1j\u00e1ban, \u00e9s ez a tendencia m\u00e9g mindig n\u00f6vekv\u0151ben van. Ez\u00e9rt vizsg\u00e1lt\u00e1k, hogy a m\u00e9hben l\u00e9v\u0151 mikrobiom \u00f6sszet\u00e9tele milyen hat\u00e1ssal van a be\u00fcltet\u00e9s sikeress\u00e9g\u00e9re a mesters\u00e9ges megterm\u00e9keny\u00edt\u00e9s sor\u00e1n.<\/p><p>Kimutatt\u00e1k, hogy a nem <em>laktobacillusok<\/em> \u00e1ltal domin\u00e1lt m\u00e9h-mikrobiom a reprodukt\u00edv funkci\u00f3kra gyakorolt negat\u00edv hat\u00e1sokkal korrel\u00e1l, \u00e9s ez\u00e9rt ezt a be\u00fcltet\u00e9s sikertelens\u00e9g\u00e9nek \u00e9s a terhess\u00e9g elveszt\u00e9s\u00e9nek lehets\u00e9ges okak\u00e9nt kell figyelembe venni. Egy m\u00e1sik tanulm\u00e1ny az <em>Ureaplasma parvum<\/em> nev\u0171 h\u00fcvelyi bakt\u00e9riummal foglalkozott. Ha a h\u00fcvelymikrobiomot t\u00falszapor\u00edtja ez a cs\u00edra, az t\u00f6bbek k\u00f6z\u00f6tt a medd\u0151s\u00e9ggel \u00e9s a sz\u00fcl\u00e9s k\u00f6r\u00fcli betegs\u00e9gekkel j\u00e1r egy\u00fctt.<\/p><p>A vizsg\u00e1lat sor\u00e1n 80 medd\u0151 h\u00f6lgy h\u00fcvelyfl\u00f3r\u00e1j\u00e1t elemezt\u00e9k egy t\u00f6bb fajb\u00f3l \u00e1ll\u00f3 <a href=\"https:\/\/shop.omni-biotic.com\/hu-hu\/collections\/omni-biotic\"><strong>probiotikum<\/strong> <\/a>n\u00e9gy h\u00e9tig tart\u00f3 alkalmaz\u00e1sa el\u0151tt \u00e9s ut\u00e1n. A <a href=\"https:\/\/shop.omni-biotic.com\/hu-hu\/products\/omni-biotic-flora-plus-int-99106\"><strong>probiotikumot<\/strong> <\/a>kap\u00f3 n\u0151kn\u00e9l a cs\u00edra alig volt kimutathat\u00f3, szemben a placebocsoporttal, ahol az Ureaplasma parvummal val\u00f3 koloniz\u00e1ci\u00f3 jelent\u0151sen megn\u0151tt. A k\u00f3rokoz\u00f3 cs\u00edr\u00e1kat teh\u00e1t megfelel\u0151 <a href=\"https:\/\/www.omni-biotic.com\/hu-hu\/a-belrendszer-egeszsege\/a-bel-az-egeszseg-kozpontja\/probiotikum\/\"><strong>probiotikummal<\/strong> <\/a>elnyomj\u00e1k, illetve a h\u00fcvelyfl\u00f3ra \u00f6sszet\u00e9tele jelent\u0151sen javul \u2013 ez egy egyszer\u0171 m\u00f3dja a sikertelen gyermekv\u00e1llal\u00e1si kedv\u0171 n\u0151k t\u00e1mogat\u00e1s\u00e1nak.<\/p>\t\t\t\t\t\t\t\t<\/div>\n\t\t\t\t<\/div>\n\t\t\t\t<div class=\"elementor-element elementor-element-9cfb3c9 elementor-widget elementor-widget-image\" data-id=\"9cfb3c9\" data-element_type=\"widget\" data-widget_type=\"image.default\">\n\t\t\t\t<div class=\"elementor-widget-container\">\n\t\t\t\t\t\t\t\t\t\t\t\t\t\t\t<img decoding=\"async\" width=\"768\" height=\"512\" src=\"https:\/\/www.omni-biotic.com\/hu-hu\/wp-content\/uploads\/sites\/7\/2023\/04\/huvelyfertozes-ellen.jpg\" class=\"attachment-large size-large wp-image-20474\" alt=\"h\u00fcvelyfert\u0151z\u00e9s ellen, h\u00fcvelysz\u00e1razs\u00e1g, n\u0151i probiotikum, visszat\u00e9r\u0151 h\u00f3lyaghurut, visszat\u00e9r\u0151 h\u00fcvelyfert\u0151z\u00e9s ellen, h\u00fcvelyfl\u00f3ra, h\u00fcvelyfl\u00f3ra helyre\u00e1ll\u00edt\u00f3, h\u00fcvelyfl\u00f3ra helyre\u00e1ll\u00edt\u00e1sa, legjobb h\u00fcvelyfl\u00f3ra helyre\u00e1ll\u00edt\u00f3, h\u00fcvelyfl\u00f3ra helyre\u00e1ll\u00edt\u00e1sa antibiotikum ut\u00e1n, probiotikum h\u00fcvelyfl\u00f3ra, h\u00fcvelyfl\u00f3ra helyre\u00e1ll\u00edt\u00e1s, h\u00fcvelyfl\u00f3ra probiotikum, antibiotikum ut\u00e1n h\u00fcvelyfl\u00f3ra helyre\u00e1ll\u00edt\u00e1sa, huvely flora helyreallitasa, huvelyflora helyreallitas, huvelyflora helyreallitasa, huvelyflora helyreallito, h\u00fcvely flora, h\u00fcvelyfl\u00f3ra felborul\u00e1sa t\u00fcnetek\" srcset=\"https:\/\/www.omni-biotic.com\/hu-hu\/wp-content\/uploads\/sites\/7\/2023\/04\/huvelyfertozes-ellen.jpg 768w, https:\/\/www.omni-biotic.com\/hu-hu\/wp-content\/uploads\/sites\/7\/2023\/04\/huvelyfertozes-ellen-300x200.jpg 300w\" sizes=\"(max-width: 768px) 100vw, 768px\" title=\"\">\t\t\t\t\t\t\t\t\t\t\t\t\t\t\t<\/div>\n\t\t\t\t<\/div>\n\t\t\t\t\t<\/div>\n\t\t\t\t<\/div>\n\t\t<div class=\"elementor-element elementor-element-42a3416 obcs none e-flex e-con-boxed e-con e-parent\" data-id=\"42a3416\" data-element_type=\"container\">\n\t\t\t\t\t<div class=\"e-con-inner\">\n\t\t\t\t<div class=\"elementor-element elementor-element-ea52a46 elementor-widget elementor-widget-heading\" data-id=\"ea52a46\" data-element_type=\"widget\" data-widget_type=\"heading.default\">\n\t\t\t\t<div class=\"elementor-widget-container\">\n\t\t\t\t\t<h2 class=\"elementor-heading-title elementor-size-default\">Milyen hat\u00e1ssal van a menopauza a n\u0151i mikrobiomra?<\/h2>\t\t\t\t<\/div>\n\t\t\t\t<\/div>\n\t\t\t\t\t<\/div>\n\t\t\t\t<\/div>\n\t\t<div class=\"elementor-element elementor-element-ebe0a1d obcs none e-flex e-con-boxed e-con e-parent\" data-id=\"ebe0a1d\" data-element_type=\"container\">\n\t\t\t\t\t<div class=\"e-con-inner\">\n\t\t\t\t<div class=\"elementor-element elementor-element-7243a10 elementor-widget elementor-widget-text-editor\" data-id=\"7243a10\" data-element_type=\"widget\" data-widget_type=\"text-editor.default\">\n\t\t\t\t<div class=\"elementor-widget-container\">\n\t\t\t\t\t\t\t\t\t<p>\u00c9let\u00fck sor\u00e1n a n\u0151k sz\u00e1m\u00e1ra az egyik legkomolyabb v\u00e1ltoz\u00e1s a <a href=\"https:\/\/www.omni-biotic.com\/hu-hu\/blog\/mi-az-a-menopauza\/\"><strong>menopauza<\/strong><\/a>. Ebben az \u00e9letszakaszban az \u00f6sztrog\u00e9nek, androg\u00e9nek \u00e9s s\u00e1rgatesthormonok lecs\u00f6kkent termel\u00e9se \u00e9szrevehet\u0151 ment\u00e1lis \u00e9s fizikai t\u00fcneteket v\u00e1ltanak ki. Ezek lehetnek p\u00e9ld\u00e1ul h\u0151hull\u00e1mok, <a href=\"https:\/\/www.omni-biotic.com\/hu-hu\/blog\/probiotikum-alvaszavar-ellen\/\"><strong>alv\u00e1szavarok<\/strong> <\/a>vagy a libid\u00f3 elveszt\u00e9se. A menopauza azonban nem hagyja \u00e9rintetlen\u00fcl a <a href=\"https:\/\/www.omni-biotic.com\/hu-hu\/a-belrendszer-egeszsege\/a-bel-az-egeszseg-kozpontja\/belflora\/\"><strong>b\u00e9lfl\u00f3r\u00e1t<\/strong> <\/a>sem. A b\u00e9lbakt\u00e9riumok \u00f6sszet\u00e9tele er\u0151sen f\u00fcgg a k\u00f6rnyezeti hat\u00e1sokt\u00f3l, a t\u00e1pl\u00e1lkoz\u00e1st\u00f3l, a stressz m\u00e9rt\u00e9k\u00e9t\u0151l, az antibiotikumok \u00e9s a hormonbevitelt\u0151l.<\/p><p>\u201e\u00cdgy a b\u00e9lfl\u00f3ra egyens\u00falya gyakran a legdinamikusabb \u00e9letszakaszokban (gyermekkor, pubert\u00e1s, \u00f6reged\u00e9si folyamat sor\u00e1n) borul fel. Id\u0151s korban mindenekel\u0151tt a <strong>mikrobiom \u00f6sszet\u00e9tele<\/strong> v\u00e1ltozik. A bakt\u00e9riumok sz\u00e1ma egyszer\u0171en cs\u00f6kken\u201d \u2013 monja Dr. Probst. A menopauza sor\u00e1n az \u00f6sztrog\u00e9n mellett a progeszteron, vagyis a menstru\u00e1ci\u00f3s ciklust \u00e9s a terhess\u00e9get szab\u00e1lyoz\u00f3 hormon mennyis\u00e9ge is cs\u00f6kken. A cs\u00f6kkent progeszteronszint a b\u00e9lg\u00e1t m\u0171k\u00f6d\u00e9s\u00e9re is hat\u00e1ssal van, \u00e9s k\u00e1ros\u00edthatja azt.<\/p><blockquote><p>A h\u00fcvelyfl\u00f3ra teh\u00e1t minden n\u0151 \u00e9letmin\u0151s\u00e9g\u00e9t befoly\u00e1solja a sz\u00fclet\u00e9st\u0151l az id\u0151skorig \u2013 ez\u00e9rt fontos, hogy j\u00f3l vigy\u00e1zzunk r\u00e1!<\/p><\/blockquote><p>Emellett tanulm\u00e1nyok kimutatt\u00e1k, hogy a menopauza ut\u00e1n romlik a <em>Firmicutes Bacteroidetes<\/em> ar\u00e1ny. Ezek a megfigyel\u00e9sek egybeesnek sok n\u0151 n\u00f6vekv\u0151 testt\u00f6meg-index\u00e9vel ebben az \u00e9letszakaszban, mivel a <em>Firmicutes<\/em> bakt\u00e9riumokat a b\u00e9lben a<\/p><p>\u201eh\u00edz\u00f3knak\u201d tekintik. A <a href=\"https:\/\/www.omni-biotic.com\/hu-hu\/a-belrendszer-egeszsege\/a-bel-az-egeszseg-kozpontja\/belmikrobiom\/\"><strong>b\u00e9lmikrobiom<\/strong> <\/a>m\u00e1sik v\u00e1ltoz\u00e1sa, amely a <a href=\"https:\/\/www.omni-biotic.com\/hu-hu\/blog\/mi-az-a-menopauza\/\"><strong>menopauza<\/strong> <\/a>sor\u00e1n nyilv\u00e1nval\u00f3v\u00e1 v\u00e1lik, a r\u00f6vid sz\u00e9nl\u00e1nc\u00fa zs\u00edrsavak termel\u00e9s\u00e9nek cs\u00f6kken\u00e9se, amelyek r\u00e9szt vesznek az \u00e9tv\u00e1gy \u00e9s az energiaanyagcsere szab\u00e1lyoz\u00e1s\u00e1ban. Azonban nemcsak a b\u00e9lbakt\u00e9riumaink, hanem a h\u00fcvelyfl\u00f3ra bakt\u00e9rium-\u00f6sszet\u00e9tele is v\u00e1ltozik az \u00e9let sor\u00e1n.<\/p><p>A menopauza el\u0151tti id\u0151szakban az <a href=\"https:\/\/www.omni-biotic.com\/hu-hu\/a-belrendszer-egeszsege\/a-bel-hataskore\/huvelyflora\/\"><strong>eg\u00e9szs\u00e9ges h\u00fcvelyfl\u00f3r\u00e1t<\/strong><\/a> f\u0151k\u00e9nt <em>laktobacillusok<\/em> koloniz\u00e1lj\u00e1k. A menopauza be\u00e1llta \u00e9s az \u00f6sztrog\u00e9nszint cs\u00f6kken\u00e9se ut\u00e1n a glikog\u00e9n mennyis\u00e9ge cs\u00f6kken, ami viszont negat\u00edv hat\u00e1ssal van a <em>laktobacillusok<\/em> n\u00f6veked\u00e9s\u00e9re \u00e9s a tejsavtermel\u00e9sre. Ennek k\u00f6vetkezt\u00e9ben a h\u00fcvely pH-\u00e9rt\u00e9ke is kiss\u00e9 megemelkedik. A v\u00e9d\u0151 tejsavbakt\u00e9riumok sz\u00e1m\u00e1nak cs\u00f6kken\u00e9se megk\u00f6nny\u00edti a k\u00f3rokoz\u00f3 bakt\u00e9riumok terjed\u00e9s\u00e9t a h\u00fcvelyfl\u00f3r\u00e1ban. Az urogenit\u00e1lis ter\u00fcleten t\u00fcnetek jelentkezhetnek, pl. viszket\u00e9s, fokozott vizel\u00e9s vagy h\u00fcvelysz\u00e1razs\u00e1g.<\/p><p>Itt is j\u00f3 \u00f6tlet a h\u00fcvelyfl\u00f3ra t\u00e1mogat\u00e1sa probiotikumokkal \u00e9s a fontos <em>laktobacillusok<\/em> p\u00f3tl\u00e1sa. Probst n\u0151gy\u00f3gy\u00e1sz is ezt tan\u00e1csolja a menopauz\u00e1ban l\u00e9v\u0151 p\u00e1cienseinek. \u201eHa p\u00e9ld\u00e1ul <a href=\"https:\/\/www.omni-biotic.com\/hu-hu\/blog\/huvelyszarazsag-tunetei-okai-kezelesi-lehetosegei\/\"><strong>a h\u00fcvely nagyon sz\u00e1raz<\/strong><\/a>, ez gyakran a b\u00e9lrendszerre is igaz, \u00e9s akkor \u00e1ltal\u00e1ban cs\u00f6kken az immunv\u00e9delem. De ha a n\u0151k <a href=\"https:\/\/shop.omni-biotic.com\/hu-hu\/products\/omni-biotic-flora-plus-int-99106\"><strong>probiotikumokat<\/strong> <\/a>szednek, a helyzet gyakran egy h\u00e9ten bel\u00fcl javul\u201d. A h\u00fcvelyfl\u00f3ra minden n\u0151 \u00e9letmin\u0151s\u00e9g\u00e9re hat\u00e1ssal van a sz\u00fclet\u00e9st\u0151l az id\u0151skorig. Fontos, hogy j\u00f3l vigy\u00e1zzunk r\u00e1!<\/p>\t\t\t\t\t\t\t\t<\/div>\n\t\t\t\t<\/div>\n\t\t\t\t\t<\/div>\n\t\t\t\t<\/div>\n\t\t<div class=\"elementor-element elementor-element-d5b6f46 obcs none e-flex e-con-boxed e-con e-parent\" data-id=\"d5b6f46\" data-element_type=\"container\">\n\t\t\t\t\t<div class=\"e-con-inner\">\n\t\t\t\t<div class=\"elementor-element elementor-element-f036dd6 elementor-widget elementor-widget-li-widgets--author-quote\" data-id=\"f036dd6\" data-element_type=\"widget\" data-widget_type=\"li-widgets--author-quote.default\">\n\t\t\t\t<div class=\"elementor-widget-container\">\n\t\t\t\t\t<div class=\"li-widgets--author-quote magenta\">\n            <div class=\"li-widgets--author-quote__image--wrapper\">\n            <div class=\"li-widgets--author-quote__image\">\n                <img loading=\"lazy\" decoding=\"async\" width=\"300\" height=\"300\" src=\"https:\/\/www.omni-biotic.com\/hu-hu\/wp-content\/uploads\/sites\/7\/2023\/04\/huvelyszarazsag-300x300.jpg\" class=\"attachment-medium size-medium\" alt=\"\" srcset=\"https:\/\/www.omni-biotic.com\/hu-hu\/wp-content\/uploads\/sites\/7\/2023\/04\/huvelyszarazsag-300x300.jpg 300w, https:\/\/www.omni-biotic.com\/hu-hu\/wp-content\/uploads\/sites\/7\/2023\/04\/huvelyszarazsag-150x150.jpg 150w, https:\/\/www.omni-biotic.com\/hu-hu\/wp-content\/uploads\/sites\/7\/2023\/04\/huvelyszarazsag.jpg 500w\" sizes=\"(max-width: 300px) 100vw, 300px\" title=\"\">            <\/div>\n        <\/div>\n        <div class=\"li-widgets--author-quote__content\">\n        <div class=\"li-widgets--author-quote__author\">\n            Dr. Taran\u00e9 Probst                    <\/div>\n        <div class=\"li-widgets--author-quote__text\">\n            A Hannoveri Orvostudom\u00e1nyi Egyetemen v\u00e9gezte tanulm\u00e1nyait, \u00e9s 2014 \u00f3ta gyakorl\u00f3 szakorvos Lipcs\u00e9ben.        <\/div>\n            <\/div>\n            <div class=\"li-widgets--author-quote__icon\">\n            <i aria-hidden=\"true\" class=\"fas fa-quote-left\"><\/i>        <\/div>\n    <\/div>\n\t\t\t\t<\/div>\n\t\t\t\t<\/div>\n\t\t\t\t\t<\/div>\n\t\t\t\t<\/div>\n\t\t<div class=\"elementor-element elementor-element-0ec06bf obcs none e-flex e-con-boxed e-con e-parent\" data-id=\"0ec06bf\" data-element_type=\"container\">\n\t\t\t\t\t<div class=\"e-con-inner\">\n\t\t\t\t<div class=\"elementor-element elementor-element-5c65f64 elementor-widget-divider--view-line elementor-widget elementor-widget-divider\" data-id=\"5c65f64\" data-element_type=\"widget\" data-widget_type=\"divider.default\">\n\t\t\t\t<div class=\"elementor-widget-container\">\n\t\t\t\t\t\t\t<div class=\"elementor-divider\">\n\t\t\t<span class=\"elementor-divider-separator\">\n\t\t\t\t\t\t<\/span>\n\t\t<\/div>\n\t\t\t\t\t\t<\/div>\n\t\t\t\t<\/div>\n\t\t\t\t\t<\/div>\n\t\t\t\t<\/div>\n\t\t<div class=\"elementor-element elementor-element-3cb240f obcs none e-flex e-con-boxed e-con e-parent\" data-id=\"3cb240f\" data-element_type=\"container\">\n\t\t\t\t\t<div class=\"e-con-inner\">\n\t\t\t\t<div class=\"elementor-element elementor-element-dd33bcb elementor-widget elementor-widget-text-editor\" data-id=\"dd33bcb\" data-element_type=\"widget\" data-widget_type=\"text-editor.default\">\n\t\t\t\t<div class=\"elementor-widget-container\">\n\t\t\t\t\t\t\t\t\t<div class=\"col-12 col-md-6 inbd-mobile-descr\"><div class=\"product-page-info\"><div class=\"for-desktops\"><div class=\"product-page-info__title mb-15 text-center text-md-left\"><h1><img loading=\"lazy\" decoding=\"async\" class=\"size-medium wp-image-23238 img-fluid alignright\" src=\"https:\/\/www.omni-biotic.com\/hu-hu\/wp-content\/uploads\/sites\/7\/2024\/08\/20240123_OB_FLORA_plus_28Stk_INT_3-seitig-300x300.png\" alt=\"\" width=\"300\" height=\"300\" title=\"\" srcset=\"https:\/\/www.omni-biotic.com\/hu-hu\/wp-content\/uploads\/sites\/7\/2024\/08\/20240123_OB_FLORA_plus_28Stk_INT_3-seitig-300x300.png 300w, https:\/\/www.omni-biotic.com\/hu-hu\/wp-content\/uploads\/sites\/7\/2024\/08\/20240123_OB_FLORA_plus_28Stk_INT_3-seitig-150x150.png 150w, https:\/\/www.omni-biotic.com\/hu-hu\/wp-content\/uploads\/sites\/7\/2024\/08\/20240123_OB_FLORA_plus_28Stk_INT_3-seitig.png 500w, https:\/\/www.omni-biotic.com\/hu-hu\/wp-content\/uploads\/sites\/7\/2024\/08\/elementor\/thumbs\/20240123_OB_FLORA_plus_28Stk_INT_3-seitig-qryuwdjux8owxd7szkw9yrc84jkgmi14nucvbwvk4g.png 400w\" sizes=\"(max-width: 300px) 100vw, 300px\" \/><\/h1><h1 class=\"m-0\">OMNi-BiOTiC\u00ae FLORA plus<\/h1><\/div><\/div><\/div><\/div><ul><li>A h\u00fcvelyfl\u00f3ra zavarainak di\u00e9t\u00e1s kezel\u00e9s\u00e9hez<\/li><li>Az intim ter\u00fclet viszket\u00e9se \u00e9s \u00e9g\u00e9se ellen<\/li><li>Egyszer\u0171 \u00e9s higi\u00e9nikus alkalmaz\u00e1s: keverje folyad\u00e9kba!<\/li><li>Nincs t\u00f6bb kellemetlen foly\u00e1s!<\/li><\/ul>\t\t\t\t\t\t\t\t<\/div>\n\t\t\t\t<\/div>\n\t\t\t\t\t<\/div>\n\t\t\t\t<\/div>\n\t\t<div class=\"elementor-element elementor-element-839b5c8 obcs none e-flex e-con-boxed e-con e-parent\" data-id=\"839b5c8\" data-element_type=\"container\">\n\t\t\t\t\t<div class=\"e-con-inner\">\n\t\t\t\t<div class=\"elementor-element elementor-element-9d75769 elementor-align-center elementor-widget elementor-widget-button\" data-id=\"9d75769\" data-element_type=\"widget\" data-widget_type=\"button.default\">\n\t\t\t\t<div class=\"elementor-widget-container\">\n\t\t\t\t\t\t\t\t\t<div class=\"elementor-button-wrapper\">\n\t\t\t\t\t<a class=\"elementor-button elementor-button-link elementor-size-sm\" href=\"https:\/\/shop.omni-biotic.com\/hu-hu\/products\/omni-biotic-flora-plus-int-99106\">\n\t\t\t\t\t\t<span class=\"elementor-button-content-wrapper\">\n\t\t\t\t\t\t\t\t\t<span class=\"elementor-button-text\">Megn\u00e9zem<\/span>\n\t\t\t\t\t<\/span>\n\t\t\t\t\t<\/a>\n\t\t\t\t<\/div>\n\t\t\t\t\t\t\t\t<\/div>\n\t\t\t\t<\/div>\n\t\t\t\t\t<\/div>\n\t\t\t\t<\/div>\n\t\t\t\t<\/div>\n\t\t","protected":false},"excerpt":{"rendered":"<p>Szinte minden n\u0151 \u00e9lete sor\u00e1n legal\u00e1bb egyszer tapasztal h\u00fcvelyfert\u0151z\u00e9st. Nem ritka, hogy ez a t\u00fcnetekkel egy\u00fctt visszat\u00e9r\u0151 vagy ak\u00e1r kr\u00f3nikus betegs\u00e9gg\u00e9 alakul. Ez korl\u00e1tozott \u00e9letmin\u0151s\u00e9get, n\u00e9ha a libid\u00f3 elveszt\u00e9s\u00e9t vagy ak\u00e1r medd\u0151s\u00e9get is jelenthet. A h\u00fcvelyfl\u00f3ra optim\u00e1lis \u00f6sszet\u00e9tele ez\u00e9rt d\u00f6nt\u0151 el\u0151felt\u00e9tel a n\u0151 \u00e9letmin\u0151s\u00e9g\u00e9nek \u00e9s eg\u00e9szs\u00e9g\u00e9nek fenntart\u00e1s\u00e1ban. A mindent eld\u00f6nt\u0151 h\u00fcvelymikrobiom azonban k\u00fcl\u00f6nb\u00f6z\u0151 hat\u00e1snak \u00e9s [&hellip;]<\/p>\n","protected":false},"author":17,"featured_media":19506,"comment_status":"closed","ping_status":"closed","sticky":false,"template":"","format":"standard","meta":{"_acf_changed":false,"inline_featured_image":false,"footnotes":""},"categories":[107],"tags":[],"class_list":["post-16277","post","type-post","status-publish","format-standard","has-post-thumbnail","hentry","category-noi-egeszseg"],"acf":[],"rank_math":{"og:title":"Mikor eg\u00e9szs\u00e9ges a h\u00fcvelyfl\u00f3ra - OMNi-BiOTiC\u00ae","og:desc":"A h\u00fcvelyfl\u00f3ra a korral v\u00e1ltozik, fontos szerepet j\u00e1tszik a h\u00fcvelysz\u00e1razs\u00e1g \u00e9s a fert\u0151z\u00e9sek kialakul\u00e1s\u00e1ban \u00e9s hat\u00e1ssal van a gyermekv\u00e1llal\u00e1sra.","og:url":"https:\/\/www.omni-biotic.com\/hu-hu\/blog\/huevelyflora-es-huvelyszarazsag\/","og:locale":"hu_HU","og:image":"https:\/\/www.omni-biotic.com\/hu-hu\/wp-content\/uploads\/sites\/7\/2023\/04\/huvelyfora-helyreallitojpg.jpg","og:image:width":"400","og:image:height":"267"},"additional_data":{"thumbnail":"https:\/\/www.omni-biotic.com\/hu-hu\/wp-content\/uploads\/sites\/7\/2023\/04\/huvelyfora-helyreallitojpg.jpg"},"blog_info":{"country":"hu-hu"},"_links":{"self":[{"href":"https:\/\/www.omni-biotic.com\/hu-hu\/wp-json\/wp\/v2\/posts\/16277","targetHints":{"allow":["GET"]}}],"collection":[{"href":"https:\/\/www.omni-biotic.com\/hu-hu\/wp-json\/wp\/v2\/posts"}],"about":[{"href":"https:\/\/www.omni-biotic.com\/hu-hu\/wp-json\/wp\/v2\/types\/post"}],"author":[{"embeddable":true,"href":"https:\/\/www.omni-biotic.com\/hu-hu\/wp-json\/wp\/v2\/users\/17"}],"replies":[{"embeddable":true,"href":"https:\/\/www.omni-biotic.com\/hu-hu\/wp-json\/wp\/v2\/comments?post=16277"}],"version-history":[{"count":8,"href":"https:\/\/www.omni-biotic.com\/hu-hu\/wp-json\/wp\/v2\/posts\/16277\/revisions"}],"predecessor-version":[{"id":23518,"href":"https:\/\/www.omni-biotic.com\/hu-hu\/wp-json\/wp\/v2\/posts\/16277\/revisions\/23518"}],"wp:featuredmedia":[{"embeddable":true,"href":"https:\/\/www.omni-biotic.com\/hu-hu\/wp-json\/wp\/v2\/media\/19506"}],"wp:attachment":[{"href":"https:\/\/www.omni-biotic.com\/hu-hu\/wp-json\/wp\/v2\/media?parent=16277"}],"wp:term":[{"taxonomy":"category","embeddable":true,"href":"https:\/\/www.omni-biotic.com\/hu-hu\/wp-json\/wp\/v2\/categories?post=16277"},{"taxonomy":"post_tag","embeddable":true,"href":"https:\/\/www.omni-biotic.com\/hu-hu\/wp-json\/wp\/v2\/tags?post=16277"}],"curies":[{"name":"wp","href":"https:\/\/api.w.org\/{rel}","templated":true}]}}