{"id":16285,"date":"2023-06-14T12:32:45Z","date_gmt":"2023-06-14T10:32:45Z","guid":{"rendered":"https:\/\/www.omni-biotic.com\/hu-hu\/chron-betegseg-milyen-tuenetei-vannak\/"},"modified":"2024-02-27T13:38:54Z","modified_gmt":"2024-02-27T12:38:54Z","slug":"crohn-betegseg-tuenetei","status":"publish","type":"post","link":"https:\/\/www.omni-biotic.com\/hu-hu\/blog\/crohn-betegseg-tuenetei\/","title":{"rendered":"Crohn-betegs\u00e9g \u2013 Milyen t\u00fcnetei vannak?"},"content":{"rendered":"\t\t<div data-elementor-type=\"wp-post\" data-elementor-id=\"16285\" class=\"elementor elementor-16285\" data-elementor-post-type=\"post\">\n\t\t\t\t<div class=\"elementor-element elementor-element-75786e4 obcs none e-flex e-con-boxed e-con e-parent\" data-id=\"75786e4\" data-element_type=\"container\">\n\t\t\t\t\t<div class=\"e-con-inner\">\n\t\t\t\t<div class=\"elementor-element elementor-element-ee11cda elementor-widget elementor-widget-text-editor\" data-id=\"ee11cda\" data-element_type=\"widget\" data-widget_type=\"text-editor.default\">\n\t\t\t\t<div class=\"elementor-widget-container\">\n\t\t\t\t\t\t\t\t\t<p><span style=\"color: #800080\"><em>A hosszan tart\u00f3 hasmen\u00e9s, a hasi g\u00f6rcs\u00f6k, a h\u00e1nyinger, az \u00e9tv\u00e1gytalans\u00e1g, valamint az ezzel j\u00e1r\u00f3 fogy\u00e1s \u00e9s t\u00e1panyaghi\u00e1ny olyan t\u00fcnetek, amelyek gyakoriak a Crohn-betegs\u00e9gben szenved\u0151kn\u00e9l! A Crohn-betegs\u00e9g, latinul Morbus Crohn, egy kr\u00f3nikus gyullad\u00e1sos b\u00e9lbetegs\u00e9g (IBD), amely gyullad\u00e1st okoz az em\u00e9szt\u0151rendszer egyes r\u00e9szeiben. A betegs\u00e9g szakaszosan jelentkezik, \u00e9s az eg\u00e9sz gyomor-b\u00e9l traktust \u00e9rintheti a sz\u00e1jt\u00f3l a v\u00e9gb\u00e9lny\u00edl\u00e1sig. A v\u00e9konyb\u00e9l v\u00e9ge (ileum) \u00e9s a vastagb\u00e9l fels\u0151 szakasza (colon) k\u00fcl\u00f6n\u00f6sen gyakran \u00e9rintett.<\/em><\/span><\/p>\t\t\t\t\t\t\t\t<\/div>\n\t\t\t\t<\/div>\n\t\t\t\t\t<\/div>\n\t\t\t\t<\/div>\n\t\t<div class=\"elementor-element elementor-element-72a72bd obcs none e-flex e-con-boxed e-con e-parent\" data-id=\"72a72bd\" data-element_type=\"container\">\n\t\t\t\t\t<div class=\"e-con-inner\">\n\t\t\t\t<div class=\"elementor-element elementor-element-4268110 elementor-widget elementor-widget-heading\" data-id=\"4268110\" data-element_type=\"widget\" data-widget_type=\"heading.default\">\n\t\t\t\t<div class=\"elementor-widget-container\">\n\t\t\t\t\t<h2 class=\"elementor-heading-title elementor-size-default\">Mi a Crohn-betegs\u00e9g, \u00e9s milyen t\u00fcnetei vannak a kr\u00f3nikus gyullad\u00e1sos b\u00e9lbetegs\u00e9gnek (IBD)?<\/h2>\t\t\t\t<\/div>\n\t\t\t\t<\/div>\n\t\t\t\t\t<\/div>\n\t\t\t\t<\/div>\n\t\t<div class=\"elementor-element elementor-element-c8ce8fb obcs none e-flex e-con-boxed e-con e-parent\" data-id=\"c8ce8fb\" data-element_type=\"container\">\n\t\t\t\t\t<div class=\"e-con-inner\">\n\t\t\t\t<div class=\"elementor-element elementor-element-5f0bb69 elementor-widget elementor-widget-text-editor\" data-id=\"5f0bb69\" data-element_type=\"widget\" data-widget_type=\"text-editor.default\">\n\t\t\t\t<div class=\"elementor-widget-container\">\n\t\t\t\t\t\t\t\t\t<p>A Crohn-betegs\u00e9g <a href=\"https:\/\/www.omni-biotic.com\/hu\/kronikus-gyulladasos-belbetegsegek\/\">kr\u00f3nikus gyullad\u00e1sos b\u00e9lbetegs\u00e9g<\/a> (IBD), amely az eg\u00e9sz gyomor-b\u00e9l traktust \u00e9rintheti. Nev\u00e9t Burrill Bernard Crohn amerikai orvosr\u00f3l kapta, aki els\u0151k\u00e9nt hat\u00e1rozta meg a betegs\u00e9get.<\/p><p>Az els\u0151 t\u00fcnetek megjelen\u00e9s\u00e9nek ideje \u00e1ltal\u00e1ban 15 \u00e9s 35 \u00e9let\u00e9v k\u00f6z\u00f6tt van. A Crohn-betegs\u00e9g kialakul\u00e1s\u00e1nak ok\u00e1t m\u00e9g mindig nem ismerj\u00fck teljesen. Felt\u00e9telez\u00e9sek szerint t\u00f6bb t\u00e9nyez\u0151 is vezethet a kialakul\u00e1s\u00e1hoz. A <strong>genetikai hajlam<\/strong>, a megv\u00e1ltozott<strong> b\u00e9lmikrobiom<\/strong> (<a href=\"https:\/\/www.omni-biotic.com\/hu\/belflora\/\">b\u00e9lfl\u00f3ra<\/a>) \u00e9s <strong>k\u00fcls\u0151 t\u00e9nyez\u0151k<\/strong> (fert\u0151z\u00e9sek, stressz, \u00e9trend\u2026) kedveznek a Crohn-betegs\u00e9g t\u00fcneteinek kialakul\u00e1s\u00e1nak. A pszich\u00e9 is nagy szerepet j\u00e1tszik abban, hogy a Crohn-k\u00f3r milyen m\u00e9rt\u00e9kben alakul ki. Nem csoda, hiszen ment\u00e1lis \u00e1llapotunk szorosan \u00f6sszef\u00fcgg a b\u00e9lrendszer\u00fcnk eg\u00e9szs\u00e9g\u00e9vel! A <a href=\"https:\/\/www.omni-biotic.com\/hu-hu\/a-belrendszer-egeszsege\/a-bel-az-egeszseg-kozpontja\/bel-agy-tengely\/\">b\u00e9l-agy tengelyen<\/a> kereszt\u00fcl folyamatos kommunik\u00e1ci\u00f3 zajlik! A m\u00faltban a betegs\u00e9get autoimmun betegs\u00e9geknek tulajdon\u00edtott\u00e1k, de a leg\u00fajabb kutat\u00e1sok kimutatt\u00e1k, hogy ez nem \u00edgy van.<\/p><p>Az\u00e9rt nevezik immunrendszerrel \u00f6sszef\u00fcgg\u0151 betegs\u00e9gnek, mert az immunrendszer reakci\u00f3j\u00e1t nem maga a szervezet v\u00e1ltja ki! M\u00e1s sz\u00f3val, a b\u00e9lny\u00e1lkah\u00e1rtya g\u00e1tj\u00e1nak s\u00e9r\u00fcl\u00e9se nagyban felel\u0151s az\u00e9rt, hogy idegen anyagok jutnak be a szervezetbe, ami az em\u00e9szt\u0151rendszer hosszan tart\u00f3 gyullad\u00e1sos \u00e1llapot\u00e1t okozza.<\/p>\t\t\t\t\t\t\t\t<\/div>\n\t\t\t\t<\/div>\n\t\t\t\t<div class=\"elementor-element elementor-element-be8b127 elementor-widget elementor-widget-image\" data-id=\"be8b127\" data-element_type=\"widget\" data-widget_type=\"image.default\">\n\t\t\t\t<div class=\"elementor-widget-container\">\n\t\t\t\t\t\t\t\t\t\t\t\t\t\t\t<img fetchpriority=\"high\" decoding=\"async\" width=\"768\" height=\"442\" src=\"https:\/\/www.omni-biotic.com\/hu-hu\/wp-content\/uploads\/sites\/7\/2023\/06\/crohn-betegseg-tunetei-768x442-1.png\" class=\"attachment-large size-large wp-image-20407\" alt=\"crohn-betegs\u00e9g, crohn betegs\u00e9g, crohn betegs\u00e9g t\u00fcnetei, crohn betegs\u00e9g di\u00e9ta, crohn betegs\u00e9g kezel\u00e9se, crohn betegs\u00e9g lelki okai\" srcset=\"https:\/\/www.omni-biotic.com\/hu-hu\/wp-content\/uploads\/sites\/7\/2023\/06\/crohn-betegseg-tunetei-768x442-1.png 768w, https:\/\/www.omni-biotic.com\/hu-hu\/wp-content\/uploads\/sites\/7\/2023\/06\/crohn-betegseg-tunetei-768x442-1-300x173.png 300w\" sizes=\"(max-width: 768px) 100vw, 768px\" title=\"\">\t\t\t\t\t\t\t\t\t\t\t\t\t\t\t<\/div>\n\t\t\t\t<\/div>\n\t\t\t\t\t<\/div>\n\t\t\t\t<\/div>\n\t\t<div class=\"elementor-element elementor-element-ccb1b28 obcs none e-flex e-con-boxed e-con e-parent\" data-id=\"ccb1b28\" data-element_type=\"container\">\n\t\t\t\t\t<div class=\"e-con-inner\">\n\t\t\t\t<div class=\"elementor-element elementor-element-6fde39f elementor-widget elementor-widget-heading\" data-id=\"6fde39f\" data-element_type=\"widget\" data-widget_type=\"heading.default\">\n\t\t\t\t<div class=\"elementor-widget-container\">\n\t\t\t\t\t<h2 class=\"elementor-heading-title elementor-size-default\">Crohn-betegs\u00e9g t\u00fcnetei \u00e9s t\u00e1rsbetegs\u00e9gek<\/h2>\t\t\t\t<\/div>\n\t\t\t\t<\/div>\n\t\t\t\t\t<\/div>\n\t\t\t\t<\/div>\n\t\t<div class=\"elementor-element elementor-element-d291e87 obcs none e-flex e-con-boxed e-con e-parent\" data-id=\"d291e87\" data-element_type=\"container\">\n\t\t\t\t\t<div class=\"e-con-inner\">\n\t\t\t\t<div class=\"elementor-element elementor-element-bc7fe0a elementor-widget elementor-widget-text-editor\" data-id=\"bc7fe0a\" data-element_type=\"widget\" data-widget_type=\"text-editor.default\">\n\t\t\t\t<div class=\"elementor-widget-container\">\n\t\t\t\t\t\t\t\t\t<p>Valamennyi kr\u00f3nikus gyullad\u00e1sos b\u00e9lbetegs\u00e9g hasonl\u00f3 t\u00fcnetekkel j\u00e1r, p\u00e9ld\u00e1ul <a href=\"https:\/\/www.omni-biotic.com\/hu-hu\/belpanaszok\/hasmenes\/\">hasmen\u00e9ssel<\/a>, s\u00falyos hasi f\u00e1jdalommal \u00e9s id\u0151szakos lefoly\u00e1ssal. A Crohn-betegs\u00e9g t\u00fcnetei a kezdeti szakaszban \u00e1ltal\u00e1ban \u00e9szrevehetetlenek. Ezek egy\u00e9nenk\u00e9nt nagyon elt\u00e9r\u0151ek, t\u00f6bbek k\u00f6z\u00f6tt att\u00f3l f\u00fcgg\u0151en, hogy a gyullad\u00e1s az em\u00e9szt\u0151rendszer melyik szakasz\u00e1ban uralkodik el.<\/p><p>A fek\u00e9lyes vastagb\u00e9lgyullad\u00e1s (colitis ulcerosa) sor\u00e1n \u201ccsak\u201d a ny\u00e1lkah\u00e1rtya felsz\u00edni r\u00e9tegei gyulladnak be, a Crohn-betegs\u00e9g eset\u00e9n a gyullad\u00e1sos folyamat a b\u00e9lfal m\u00e9lyebb r\u00e9tegeire is \u00e1tterjed. A gyullad\u00e1s a k\u00f6rnyez\u0151 strukt\u00far\u00e1kat is \u00e9rintheti. Ha az akut gyullad\u00e1st nem kezelik megfelel\u0151en (c\u00e9lzott gy\u00f3gyszeres kezel\u00e9ssel), \u00e9letvesz\u00e9lyes sz\u00f6v\u0151dm\u00e9nyek l\u00e9phetnek fel. B\u00e9lfek\u00e9ly, t\u00e1panyaghi\u00e1ny (k\u00fcl\u00f6n\u00f6sen vas- \u00e9s B12-vitaminhi\u00e1ny), b\u00e9lsz\u0171k\u00fclet eg\u00e9szen b\u00e9lelz\u00e1r\u00f3d\u00e1sig, sz\u0171k\u00fcletek, b\u00e9lperfor\u00e1ci\u00f3, bakteri\u00e1lis fert\u0151z\u00e9sek, b\u00e9lr\u00e1k stb.<\/p><p>A betegs\u00e9g lefoly\u00e1sa sor\u00e1n a b\u00e9l minden egyes \u00fajabb rohamn\u00e1l egyre jobban k\u00e1rosodik, \u00edgy a <strong>betegek ak\u00e1r 70%-\u00e1t is meg kell m\u0171teni<\/strong>! Em\u00e9szt\u0151rendszeren k\u00edv\u00fcli k\u00eds\u00e9r\u0151betegs\u00e9gek is fell\u00e9phetnek a Crohn-betegs\u00e9gn\u00e9l. Szemgyullad\u00e1s, \u00edz\u00fcleti f\u00e1jdalom \u00e9s gyullad\u00e1s, f\u00e1rad\u00e9konys\u00e1g, <a href=\"https:\/\/www.omni-biotic.com\/hu-hu\/blog\/bor-mikrobiom-es-a-belbakteriumok\/\">b\u0151rbetegs\u00e9gek<\/a> stb.<\/p>\t\t\t\t\t\t\t\t<\/div>\n\t\t\t\t<\/div>\n\t\t\t\t\t<\/div>\n\t\t\t\t<\/div>\n\t\t<div class=\"elementor-element elementor-element-bf20087 obcs none e-flex e-con-boxed e-con e-parent\" data-id=\"bf20087\" data-element_type=\"container\">\n\t\t\t\t\t<div class=\"e-con-inner\">\n\t\t\t\t<div class=\"elementor-element elementor-element-b250ddc elementor-widget elementor-widget-heading\" data-id=\"b250ddc\" data-element_type=\"widget\" data-widget_type=\"heading.default\">\n\t\t\t\t<div class=\"elementor-widget-container\">\n\t\t\t\t\t<h2 class=\"elementor-heading-title elementor-size-default\">Crohn-betegs\u00e9g kezel\u00e9se<\/h2>\t\t\t\t<\/div>\n\t\t\t\t<\/div>\n\t\t\t\t\t<\/div>\n\t\t\t\t<\/div>\n\t\t<div class=\"elementor-element elementor-element-117d469 obcs none e-flex e-con-boxed e-con e-parent\" data-id=\"117d469\" data-element_type=\"container\">\n\t\t\t\t\t<div class=\"e-con-inner\">\n\t\t\t\t<div class=\"elementor-element elementor-element-4d4f19d elementor-widget elementor-widget-text-editor\" data-id=\"4d4f19d\" data-element_type=\"widget\" data-widget_type=\"text-editor.default\">\n\t\t\t\t<div class=\"elementor-widget-container\">\n\t\t\t\t\t\t\t\t\t<p>A szteroid- \u00e9s kortikoszteroid-csoportba tartoz\u00f3 hat\u00f3anyagokkal, aminoszalicil\u00e1tokkal, immunszuppressz\u00e1nsokkal \u00e9s TNF-alfa-blokkol\u00f3kkal t\u00f6rt\u00e9n\u0151 c\u00e9lzott kezel\u00e9s mellett egy\u00e9b t\u00e1mogat\u00f3 int\u00e9zked\u00e9sek is fontos szerepet j\u00e1tszanak a gyullad\u00e1sos folyamat megf\u00e9kez\u00e9s\u00e9ben. \u00cdgy a kezel\u00e9s fontos r\u00e9sze a t\u00e1pl\u00e1lkoz\u00e1s. Ez a betegs\u00e9g f\u00e1zis\u00e1t\u00f3l f\u00fcgg, \u00e9s minden egyes beteghez egyedileg kell igaz\u00edtani.<\/p><p>A t\u00fcnetmentes id\u0151szakokban (remisszi\u00f3s f\u00e1zis) gyullad\u00e1scs\u00f6kkent\u0151 \u00e9trend k\u00f6vet\u00e9se, vagyis k\u00f6nny\u0171 \u00e9lelek, rostok (gy\u00fcm\u00f6lcs\u00f6k \u00e9s z\u00f6lds\u00e9gek fogyaszt\u00e1sa, valamint probiotikus <a href=\"https:\/\/www.omni-biotic.com\/hu-hu\/blog\/belbakteriumok-fajtai-es-szerepe\/\">b\u00e9lbakt\u00e9riumok<\/a> c\u00e9lzott p\u00f3tl\u00e1sa kedvez\u0151en hat az \u00e9rz\u00e9keny <a href=\"https:\/\/www.omni-biotic.com\/hu-hu\/a-belrendszer-egeszsege\/\">b\u00e9lrendszerre<\/a>, \u00e9s k\u00e9sleltetheti a k\u00f6vetkez\u0151 esetet. Ker\u00fclje a <a href=\"https:\/\/www.omni-biotic.com\/hu-hu\/belpanaszok\/haspuffadas\/\">puffaszt\u00f3<\/a> \u00e9s magas rosttartalm\u00fa \u00e9teleket az akut f\u00e1zisban! Sok betegn\u00e9l jelentkezik (\u00e1ltal\u00e1ban \u00e1tmeneti) \u00e9telintolerancia \u00e9s t\u00e1panyaghi\u00e1ny! <a href=\"https:\/\/www.omni-biotic.com\/hu-hu\/belpanaszok\/hasmenes\/\">Hasmen\u00e9s<\/a> \u00e9s a gyulladt b\u00e9lfal miatt a szervezet nem tud elegend\u0151 l\u00e9tfontoss\u00e1g\u00fa vitamint, \u00e1sv\u00e1nyi anyagot \u00e9s nyomelemet felvenni, mely kedvez az idegen anyagok &#8222;bejut\u00e1s\u00e1nak&#8221;. Ez\u00e9rt fontos a belek tehermentes\u00edt\u00e9se, valamint az elektrolitok \u00e9s a l\u00e9tfontoss\u00e1g\u00fa anyagok megfelel\u0151 ell\u00e1t\u00e1s\u00e1nak biztos\u00edt\u00e1sa!<\/p><p>A Crohn-betegs\u00e9get eset\u00e9n seg\u00edthet tov\u00e1bb\u00e1 a kikapcsol\u00f3d\u00e1s \u00e9s a testmozg\u00e1s. A leg\u00fajabb kutat\u00e1sok azt mutatj\u00e1k, hogy a b\u00e9lrendszer\u00fcnk szoros kapcsolatban \u00e1ll az agyunkkal, \u00e9s a b\u00e9l-agy tengelyen kereszt\u00fcl akt\u00edv k\u00f6lcs\u00f6nhat\u00e1sban vannak. A b\u00e9lb\u0151l sz\u00e1rmaz\u00f3 inform\u00e1ci\u00f3k az idegp\u00e1ly\u00e1kon kereszt\u00fcl jutnak el az agyba. Mag\u00e1ra a kommunik\u00e1ci\u00f3ra nincs tudatos befoly\u00e1sunk, de t\u00e1mogathatjuk azt, hiszen <a href=\"https:\/\/www.omni-biotic.com\/hu-hu\/a-belrendszer-egeszsege\/a-bel-az-egeszseg-kozpontja\/belmikrobiom\/\">b\u00e9lmikrobiomunk<\/a> jelleg\u00e9t\u0151l \u00e9s \u00f6sszet\u00e9tel\u00e9t\u0151l f\u00fcgg, hogy a kommunik\u00e1ci\u00f3 &#8222;pozit\u00edv&#8221; vagy &#8222;negat\u00edv&#8221; lesz.<\/p><p>A belek a sz\u00f3 szerint a stresszre \u00e9s a negat\u00edv \u00e9rzelmekre (harag, d\u00fch,&#8230;) reag\u00e1lnak. Ez viszont bizony\u00edthat\u00f3an gyeng\u00edti <a href=\"https:\/\/www.omni-biotic.com\/hu-hu\/a-belrendszer-egeszsege\/a-bel-hataskore\/az-immunrendszer\/\">immunrendszer\u00fcnket<\/a>, el\u0151seg\u00edti a gyullad\u00e1st, \u00e9s nagyban befoly\u00e1solja a betegs\u00e9gek kialakul\u00e1s\u00e1t \u00e9s lefoly\u00e1s\u00e1t! A Crohn-betegek sz\u00e1m\u00e1ra aj\u00e1nlott a relax\u00e1ci\u00f3s gyakorlatok \u00e9s a m\u00e9rs\u00e9kelt testmozg\u00e1s be\u00e9p\u00edt\u00e9se a mindennapokba. Ezek cs\u00f6kkentik a stresszt \u00e9s a fesz\u00fclts\u00e9get, \u00e9s pozit\u00edvan befoly\u00e1solhatj\u00e1k a betegs\u00e9g lefoly\u00e1s\u00e1t.<\/p>\t\t\t\t\t\t\t\t<\/div>\n\t\t\t\t<\/div>\n\t\t\t\t<div class=\"elementor-element elementor-element-8fba741 elementor-widget elementor-widget-image\" data-id=\"8fba741\" data-element_type=\"widget\" data-widget_type=\"image.default\">\n\t\t\t\t<div class=\"elementor-widget-container\">\n\t\t\t\t\t\t\t\t\t\t\t\t\t\t\t<img decoding=\"async\" width=\"768\" height=\"478\" src=\"https:\/\/www.omni-biotic.com\/hu-hu\/wp-content\/uploads\/sites\/7\/2023\/06\/belgyulladas-crohn-betegseg-768x478-1.png\" class=\"attachment-large size-large wp-image-20418\" alt=\"crohn-betegs\u00e9g, crohn betegs\u00e9g, crohn betegs\u00e9g t\u00fcnetei, crohn betegs\u00e9g di\u00e9ta, crohn betegs\u00e9g kezel\u00e9se, crohn betegs\u00e9g lelki okai\" srcset=\"https:\/\/www.omni-biotic.com\/hu-hu\/wp-content\/uploads\/sites\/7\/2023\/06\/belgyulladas-crohn-betegseg-768x478-1.png 768w, https:\/\/www.omni-biotic.com\/hu-hu\/wp-content\/uploads\/sites\/7\/2023\/06\/belgyulladas-crohn-betegseg-768x478-1-300x187.png 300w\" sizes=\"(max-width: 768px) 100vw, 768px\" title=\"\">\t\t\t\t\t\t\t\t\t\t\t\t\t\t\t<\/div>\n\t\t\t\t<\/div>\n\t\t\t\t\t<\/div>\n\t\t\t\t<\/div>\n\t\t<div class=\"elementor-element elementor-element-31278ed obcs none e-flex e-con-boxed e-con e-parent\" data-id=\"31278ed\" data-element_type=\"container\">\n\t\t\t\t\t<div class=\"e-con-inner\">\n\t\t\t\t<div class=\"elementor-element elementor-element-6f48a66 elementor-widget elementor-widget-heading\" data-id=\"6f48a66\" data-element_type=\"widget\" data-widget_type=\"heading.default\">\n\t\t\t\t<div class=\"elementor-widget-container\">\n\t\t\t\t\t<h2 class=\"elementor-heading-title elementor-size-default\">Crohn-betegs\u00e9g \u00e9s a b\u00e9lmikrobiom<\/h2>\t\t\t\t<\/div>\n\t\t\t\t<\/div>\n\t\t\t\t\t<\/div>\n\t\t\t\t<\/div>\n\t\t<div class=\"elementor-element elementor-element-b6fb1a2 obcs none e-flex e-con-boxed e-con e-parent\" data-id=\"b6fb1a2\" data-element_type=\"container\">\n\t\t\t\t\t<div class=\"e-con-inner\">\n\t\t\t\t<div class=\"elementor-element elementor-element-3908db4 elementor-widget elementor-widget-text-editor\" data-id=\"3908db4\" data-element_type=\"widget\" data-widget_type=\"text-editor.default\">\n\t\t\t\t<div class=\"elementor-widget-container\">\n\t\t\t\t\t\t\t\t\t<p>Sz\u00e1mos tudom\u00e1nyos vizsg\u00e1lat igazolja, hogy a Crohn-betegek <a href=\"https:\/\/www.omni-biotic.com\/hu\/belflora\/\">b\u00e9lfl\u00f3r\u00e1ja<\/a> m\u00e1r a betegs\u00e9g kezdet\u00e9n v\u00e1ltoz\u00e1st mutat. A j\u00f3t\u00e9kony \u00e9s a patog\u00e9n, k\u00e1ros b\u00e9lbakt\u00e9riumok k\u00f6z\u00f6tti egyens\u00falyhi\u00e1ny (diszbi\u00f3zis) \u00e9s a b\u00e9lny\u00e1lkah\u00e1rtya term\u00e9szetes g\u00e1tj\u00e1nak ezzel \u00f6sszef\u00fcgg\u0151 zavara kedvez a <a href=\"https:\/\/www.omni-biotic.com\/hu\/kronikus-gyulladasos-belbetegsegek\/\">kr\u00f3nikus gyullad\u00e1sos b\u00e9lbetegs\u00e9g (IBD)<\/a> kialakul\u00e1s\u00e1nak. Az eg\u00e9szs\u00e9get t\u00e1mogat\u00f3 <a href=\"https:\/\/www.omni-biotic.com\/hu-hu\/a-belrendszer-egeszsege\/a-bel-az-egeszseg-kozpontja\/probiotikum\/\">bakt\u00e9riumt\u00f6rzsek<\/a> sz\u00e1m\u00e1nak cs\u00f6kken\u00e9se azt is jelenti, hogy kevesebb r\u00f6vid sz\u00e9nl\u00e1nc\u00fa zs\u00edrsav termel\u0151dik, mivel ezek a b\u00e9lben az \u00e9lelmi rostok bakteri\u00e1lis ferment\u00e1ci\u00f3ja sor\u00e1n keletkeznek.<\/p><p>A r\u00f6vid sz\u00e9nl\u00e1nc\u00fa zs\u00edrsavak (ecetsav, propionsav \u00e9s vajsav) n\u00e9lk\u00fcl\u00f6zhetetlenek az energiatermel\u00e9shez \u00e9s a b\u00e9lbarrier meger\u0151s\u00edt\u00e9s\u00e9hez, valamint a <a href=\"https:\/\/www.omni-biotic.com\/hu-hu\/a-belrendszer-egeszsege\/a-bel-az-egeszseg-kozpontja\/bel-agy-tengely\/\">b\u00e9l-agy tengelyen<\/a> kereszt\u00fcl befoly\u00e1solj\u00e1k a kommunik\u00e1ci\u00f3t. Bebizonyosodott, hogy a Crohn-betegekn\u00e9l jelent\u0151sen kevesebb, a vajsav termel\u00e9s\u00e9\u00e9rt felel\u0151s bakt\u00e9riumt\u00f6rzs van jelen. A vajsav funkci\u00f3ja nemcsak az energiatermel\u00e9s, hanem nagym\u00e9rt\u00e9kben felel\u0151s a gyullad\u00e1s elleni v\u00e9delem\u00e9rt is, ami cs\u00f6kkentheti a b\u00e9lr\u00e1k kialakul\u00e1s\u00e1nak kock\u00e1zat\u00e1t.<\/p><p>Ez j\u00f3l mutatja, hogy milyen fontos a b\u00e9lmikrobiom norm\u00e1l m\u0171k\u00f6d\u00e9se az immunrendszer szempontj\u00e1b\u00f3l is. A <strong><a href=\"https:\/\/www.omni-biotic.com\/hu-hu\/blog\/a-gyogyszerek-hatasa-a-belflorara\/\">gy\u00f3gyszerek<\/a>, <\/strong>a<strong> stressz <\/strong>\u00e9s az<strong> eg\u00e9szs\u00e9gtelen t\u00e1pl\u00e1lkoz\u00e1s<\/strong> el\u0151seg\u00edtik a b\u00e9lbakt\u00e9riumok egyens\u00faly\u00e1nak felborul\u00e1s\u00e1t, \u00e9s \u00edgy nagyban befoly\u00e1solj\u00e1k a Crohn-betegs\u00e9g lefoly\u00e1s\u00e1t.<\/p><p>A kutat\u00e1sok azt mutatj\u00e1k, hogy a speci\u00e1lisan kifejlesztett, t\u00f6bb fajb\u00f3l \u00e1ll\u00f3 <a href=\"https:\/\/www.omni-biotic.com\/hu-hu\/a-belrendszer-egeszsege\/a-bel-az-egeszseg-kozpontja\/probiotikum\/\">probiotikumok<\/a> alkalmaz\u00e1sa t\u00f6bb szempontb\u00f3l is t\u00e1mogatja a <a href=\"https:\/\/www.omni-biotic.com\/hu-hu\/a-belrendszer-egeszsege\/a-bel-az-egeszseg-kozpontja\/belflora\/\">b\u00e9lfl\u00f3r\u00e1t<\/a>. Mind a kommenz\u00e1lis b\u00e9lbakt\u00e9riumok sz\u00e1ma, mind a v\u00e1ltozatoss\u00e1guk elengedhetetlen az eg\u00e9szs\u00e9ges b\u00e9lfl\u00f3ra fenntart\u00e1s\u00e1hoz \u00e9s a szervezet <a href=\"https:\/\/www.omni-biotic.com\/hu-hu\/a-belrendszer-egeszsege\/a-bel-hataskore\/az-immunrendszer\/\">immunrendszer\u00e9nek<\/a> t\u00e1mogat\u00e1s\u00e1hoz.<\/p>\t\t\t\t\t\t\t\t<\/div>\n\t\t\t\t<\/div>\n\t\t\t\t\t<\/div>\n\t\t\t\t<\/div>\n\t\t<div class=\"elementor-element elementor-element-0aefd43 obcs none e-flex e-con-boxed e-con e-parent\" data-id=\"0aefd43\" data-element_type=\"container\">\n\t\t\t\t\t<div class=\"e-con-inner\">\n\t\t\t\t<div class=\"elementor-element elementor-element-4a5ea14 elementor-widget elementor-widget-heading\" data-id=\"4a5ea14\" data-element_type=\"widget\" data-widget_type=\"heading.default\">\n\t\t\t\t<div class=\"elementor-widget-container\">\n\t\t\t\t\t<h2 class=\"elementor-heading-title elementor-size-default\">Bizonyos probiotikus bakt\u00e9riumok:<\/h2>\t\t\t\t<\/div>\n\t\t\t\t<\/div>\n\t\t\t\t\t<\/div>\n\t\t\t\t<\/div>\n\t\t<div class=\"elementor-element elementor-element-a9cb7a0 obcs none e-flex e-con-boxed e-con e-parent\" data-id=\"a9cb7a0\" data-element_type=\"container\">\n\t\t\t\t\t<div class=\"e-con-inner\">\n\t\t\t\t<div class=\"elementor-element elementor-element-5fbb163 elementor-widget elementor-widget-text-editor\" data-id=\"5fbb163\" data-element_type=\"widget\" data-widget_type=\"text-editor.default\">\n\t\t\t\t<div class=\"elementor-widget-container\">\n\t\t\t\t\t\t\t\t\t<ul><li>gyullad\u00e1scs\u00f6kkent\u0151 hat\u00e1s\u00faak<\/li><li>megg\u00e1tolj\u00e1k \u00e9s lek\u00fczdik a k\u00f3rokoz\u00f3 bakt\u00e9riumokat<\/li><li>er\u0151s\u00edti a b\u00e9lbarriert \u00e9s az immunrendszert<\/li><li>az em\u00e9szt\u00e9si zavarokat enyh\u00edtik<\/li><li>cs\u00f6kkentik a f\u00e1jdalom\u00e9rzetet<\/li><\/ul>\t\t\t\t\t\t\t\t<\/div>\n\t\t\t\t<\/div>\n\t\t\t\t\t<\/div>\n\t\t\t\t<\/div>\n\t\t<div class=\"elementor-element elementor-element-c0a69c1 obcs none e-flex e-con-boxed e-con e-parent\" data-id=\"c0a69c1\" data-element_type=\"container\">\n\t\t\t\t\t<div class=\"e-con-inner\">\n\t\t\t\t<div class=\"elementor-element elementor-element-6299314 elementor-align-center elementor-widget elementor-widget-button\" data-id=\"6299314\" data-element_type=\"widget\" data-widget_type=\"button.default\">\n\t\t\t\t<div class=\"elementor-widget-container\">\n\t\t\t\t\t\t\t\t\t<div class=\"elementor-button-wrapper\">\n\t\t\t\t\t<a class=\"elementor-button elementor-button-link elementor-size-md\" href=\"https:\/\/shop.omni-biotic.com\/hu-hu\/collections\/alle-produkte\">\n\t\t\t\t\t\t<span class=\"elementor-button-content-wrapper\">\n\t\t\t\t\t\t\t\t\t<span class=\"elementor-button-text\">Megn\u00e9zem<\/span>\n\t\t\t\t\t<\/span>\n\t\t\t\t\t<\/a>\n\t\t\t\t<\/div>\n\t\t\t\t\t\t\t\t<\/div>\n\t\t\t\t<\/div>\n\t\t\t\t<div class=\"elementor-element elementor-element-757e176 elementor-widget elementor-widget-heading\" data-id=\"757e176\" data-element_type=\"widget\" data-widget_type=\"heading.default\">\n\t\t\t\t<div class=\"elementor-widget-container\">\n\t\t\t\t\t<h2 class=\"elementor-heading-title elementor-size-default\">A szerz\u0151r\u0151l<\/h2>\t\t\t\t<\/div>\n\t\t\t\t<\/div>\n\t\t\t\t\t<\/div>\n\t\t\t\t<\/div>\n\t\t<div class=\"elementor-element elementor-element-872d5c3 obcs none e-flex e-con-boxed e-con e-parent\" data-id=\"872d5c3\" data-element_type=\"container\">\n\t\t\t\t\t<div class=\"e-con-inner\">\n\t\t\t\t<div class=\"elementor-element elementor-element-3a921e7 elementor-widget elementor-widget-li-widgets--author-quote\" data-id=\"3a921e7\" data-element_type=\"widget\" data-widget_type=\"li-widgets--author-quote.default\">\n\t\t\t\t<div class=\"elementor-widget-container\">\n\t\t\t\t\t<div class=\"li-widgets--author-quote green\">\n        <div class=\"li-widgets--author-quote__image--wrapper\">\n        <div class=\"li-widgets--author-quote__image\">\n            <img decoding=\"async\" width=\"204\" height=\"300\" src=\"https:\/\/www.omni-biotic.com\/hu-hu\/wp-content\/uploads\/sites\/7\/2023\/06\/giebler-204x300.png\" class=\"attachment-medium size-medium\" alt=\"crohn-betegs\u00e9g, crohn betegs\u00e9g, crohn betegs\u00e9g t\u00fcnetei, crohn betegs\u00e9g di\u00e9ta, crohn betegs\u00e9g kezel\u00e9se, crohn betegs\u00e9g lelki okai\" srcset=\"https:\/\/www.omni-biotic.com\/hu-hu\/wp-content\/uploads\/sites\/7\/2023\/06\/giebler-204x300.png 204w, https:\/\/www.omni-biotic.com\/hu-hu\/wp-content\/uploads\/sites\/7\/2023\/06\/giebler.png 675w\" sizes=\"(max-width: 204px) 100vw, 204px\" title=\"\">        <\/div>\n    <\/div>\n        <div class=\"li-widgets--author-quote__content\">\n        <div class=\"li-widgets--author-quote__content--text\">\n            Katrin Griebler vagyok, gy\u00f3gyszeripari kereskedelmi asszisztens, egy fi\u00fa \u00e9desanyja, valamint egy\u00a0 kutya \u00e9s egy macska gazd\u00e1ja. Szenved\u00e9lyem \u00e9s hivat\u00e1som az emberek holisztikus j\u00f3ll\u00e9t\u00e9nek t\u00e1mogat\u00e1sa.\n\nMint b\u00e9lrendszeri tan\u00e1csad\u00f3, relax\u00e1ci\u00f3s \u00e9s tudatoss\u00e1gi tr\u00e9ner, fontos sz\u00e1momra,\n(\u00fajra)megismertetni az embereket a leg\u00e9rt\u00e9kesebb kincs\u00fckkel, a testi, lelki \u00e9s szellemi eg\u00e9szs\u00e9g\u00fckkel!        <\/div>\n        <div class=\"li-widgets--author-quote__content--author\">\n                    <\/div>\n            <\/div>\n        <div class=\"li-widgets--author-quote__icon\">\n        <i aria-hidden=\"true\" class=\"fas fa-quote-left\"><\/i>    <\/div>\n    <\/div>\n\t\t\t\t<\/div>\n\t\t\t\t<\/div>\n\t\t\t\t\t<\/div>\n\t\t\t\t<\/div>\n\t\t\t\t<\/div>\n\t\t","protected":false},"excerpt":{"rendered":"<p>A hosszan tart\u00f3 hasmen\u00e9s, a hasi g\u00f6rcs\u00f6k, a h\u00e1nyinger, az \u00e9tv\u00e1gytalans\u00e1g, valamint az ezzel j\u00e1r\u00f3 fogy\u00e1s \u00e9s t\u00e1panyaghi\u00e1ny olyan t\u00fcnetek, amelyek gyakoriak a Crohn-betegs\u00e9gben szenved\u0151kn\u00e9l! A Crohn-betegs\u00e9g, latinul Morbus Crohn, egy kr\u00f3nikus gyullad\u00e1sos b\u00e9lbetegs\u00e9g (IBD), amely gyullad\u00e1st okoz az em\u00e9szt\u0151rendszer egyes r\u00e9szeiben. A betegs\u00e9g szakaszosan jelentkezik, \u00e9s az eg\u00e9sz gyomor-b\u00e9l traktust \u00e9rintheti a sz\u00e1jt\u00f3l a [&hellip;]<\/p>\n","protected":false},"author":2,"featured_media":20418,"comment_status":"closed","ping_status":"closed","sticky":false,"template":"","format":"standard","meta":{"_acf_changed":false,"inline_featured_image":false,"footnotes":""},"categories":[109],"tags":[],"class_list":["post-16285","post","type-post","status-publish","format-standard","has-post-thumbnail","hentry","category-ujdonsagok-a-kutatasban"],"acf":[],"rank_math":{"og:title":"Crohn-betegs\u00e9g \u2013 Milyen t\u00fcnetei vannak? - OMNi-BiOTiC\u00ae","og:desc":"Hasmen\u00e9s, hasi g\u00f6rcs\u00f6k, h\u00e1nyinger, \u00e9tv\u00e1gytalans\u00e1g, valamint az ezzel j\u00e1r\u00f3 fogy\u00e1s \u00e9s t\u00e1panyaghi\u00e1ny. Hogyan kezelhet\u0151 a Crohn-betegs\u00e9g?","og:url":"https:\/\/www.omni-biotic.com\/hu-hu\/blog\/crohn-betegseg-tuenetei\/","og:locale":"hu_HU","og:image":"https:\/\/www.omni-biotic.com\/hu-hu\/wp-content\/uploads\/sites\/7\/2023\/06\/belgyulladas-crohn-betegseg-768x478-1.png","og:image:width":"768","og:image:height":"478"},"additional_data":{"thumbnail":"https:\/\/www.omni-biotic.com\/hu-hu\/wp-content\/uploads\/sites\/7\/2023\/06\/belgyulladas-crohn-betegseg-768x478-1.png"},"blog_info":{"country":"hu-hu"},"_links":{"self":[{"href":"https:\/\/www.omni-biotic.com\/hu-hu\/wp-json\/wp\/v2\/posts\/16285","targetHints":{"allow":["GET"]}}],"collection":[{"href":"https:\/\/www.omni-biotic.com\/hu-hu\/wp-json\/wp\/v2\/posts"}],"about":[{"href":"https:\/\/www.omni-biotic.com\/hu-hu\/wp-json\/wp\/v2\/types\/post"}],"author":[{"embeddable":true,"href":"https:\/\/www.omni-biotic.com\/hu-hu\/wp-json\/wp\/v2\/users\/2"}],"replies":[{"embeddable":true,"href":"https:\/\/www.omni-biotic.com\/hu-hu\/wp-json\/wp\/v2\/comments?post=16285"}],"version-history":[{"count":7,"href":"https:\/\/www.omni-biotic.com\/hu-hu\/wp-json\/wp\/v2\/posts\/16285\/revisions"}],"predecessor-version":[{"id":21292,"href":"https:\/\/www.omni-biotic.com\/hu-hu\/wp-json\/wp\/v2\/posts\/16285\/revisions\/21292"}],"wp:featuredmedia":[{"embeddable":true,"href":"https:\/\/www.omni-biotic.com\/hu-hu\/wp-json\/wp\/v2\/media\/20418"}],"wp:attachment":[{"href":"https:\/\/www.omni-biotic.com\/hu-hu\/wp-json\/wp\/v2\/media?parent=16285"}],"wp:term":[{"taxonomy":"category","embeddable":true,"href":"https:\/\/www.omni-biotic.com\/hu-hu\/wp-json\/wp\/v2\/categories?post=16285"},{"taxonomy":"post_tag","embeddable":true,"href":"https:\/\/www.omni-biotic.com\/hu-hu\/wp-json\/wp\/v2\/tags?post=16285"}],"curies":[{"name":"wp","href":"https:\/\/api.w.org\/{rel}","templated":true}]}}