{"id":18925,"date":"2023-10-06T10:13:44Z","date_gmt":"2023-10-06T08:13:44Z","guid":{"rendered":"https:\/\/www.omni-biotic.com\/hu-hu\/?p=18925"},"modified":"2024-01-30T12:49:27Z","modified_gmt":"2024-01-30T11:49:27Z","slug":"etkezes-vastagbeltukrozes-elott-es-utan","status":"publish","type":"post","link":"https:\/\/www.omni-biotic.com\/hu-hu\/blog\/etkezes-vastagbeltukrozes-elott-es-utan\/","title":{"rendered":"\u00c9tkez\u00e9s vastagb\u00e9lt\u00fckr\u00f6z\u00e9s el\u0151tt \u00e9s ut\u00e1n"},"content":{"rendered":"\t\t<div data-elementor-type=\"wp-post\" data-elementor-id=\"18925\" class=\"elementor elementor-18925\" data-elementor-post-type=\"post\">\n\t\t\t\t<div class=\"elementor-element elementor-element-d9cbf32 obcs none e-flex e-con-boxed e-con e-parent\" data-id=\"d9cbf32\" data-element_type=\"container\">\n\t\t\t\t\t<div class=\"e-con-inner\">\n\t\t\t\t<div class=\"elementor-element elementor-element-e1c2a3f elementor-widget elementor-widget-text-editor\" data-id=\"e1c2a3f\" data-element_type=\"widget\" data-widget_type=\"text-editor.default\">\n\t\t\t\t<div class=\"elementor-widget-container\">\n\t\t\t\t\t\t\t\t\t<p><span style=\"color: #800080\"><em>A vastagb\u00e9lt\u00fckr\u00f6z\u00e9s (szaknyelven kolonoszk\u00f3pia) az egyik legfontosabb sz\u0171r\u0151vizsg\u00e1lat a b\u00e9lrendszer\u00fcnk eg\u00e9szs\u00e9g\u00e9nek meg\u0151rz\u00e9se \u00e9s a sz\u00f6veti elv\u00e1ltoz\u00e1sok, pl. a vastagb\u00e9lr\u00e1k id\u0151ben t\u00f6rt\u00e9n\u0151 felismer\u00e9se \u00e9rdek\u00e9ben. B\u00e1r a kolonoszk\u00f3pia technikai \u00e9s tudom\u00e1nyos fejleszt\u00e9se nagy l\u00e9pt\u00e9kben halad el\u0151re, sokan m\u00e9g mindig idegenkednek az \u00f6nmag\u00e1ban \u00e1rtalmatlan vizsg\u00e1latt\u00f3l. A szem\u00e9lyesen megtapasztalt vagy a csal\u00e1dtagok \u00e9s bar\u00e1tok \u00e1ltal jelzett em\u00e9szt\u00e9si probl\u00e9m\u00e1k gyakran okot adnak arra, hogy ne v\u00e9geztess\u00e9k el a vastagb\u00e9lt\u00fckr\u00f6z\u00e9st. A kolonoszk\u00f3pia nem csak a<strong> <a style=\"color: #800080\" href=\"https:\/\/www.omni-biotic.com\/hu-hu\/belpanaszok\/\">b\u00e9lbetegs\u00e9gek<\/a><\/strong> korai felismer\u00e9s\u00e9t szolg\u00e1lja, hanem a<strong> <a style=\"color: #800080\" href=\"https:\/\/www.omni-biotic.com\/hu-hu\/a-belrendszer-egeszsege\/\">b\u00e9l<\/a> <\/strong>ehhez kapcsol\u00f3d\u00f3 sz\u00fcks\u00e9ges ki\u00fcr\u00edt\u00e9se, a b\u00e9ltiszt\u00edt\u00e1s is nagy eg\u00e9szs\u00e9g\u00fcgyi el\u0151ny\u00f6kkel j\u00e1rhat.<\/em><\/span><\/p>\t\t\t\t\t\t\t\t<\/div>\n\t\t\t\t<\/div>\n\t\t\t\t\t<\/div>\n\t\t\t\t<\/div>\n\t\t<div class=\"elementor-element elementor-element-a638c13 obcs none e-flex e-con-boxed e-con e-parent\" data-id=\"a638c13\" data-element_type=\"container\">\n\t\t\t\t\t<div class=\"e-con-inner\">\n\t\t\t\t<div class=\"elementor-element elementor-element-8f09483 elementor-widget elementor-widget-text-editor\" data-id=\"8f09483\" data-element_type=\"widget\" data-widget_type=\"text-editor.default\">\n\t\t\t\t<div class=\"elementor-widget-container\">\n\t\t\t\t\t\t\t\t\t<p>A <strong>kolonoszk\u00f3pia<\/strong> sz\u00f3 a \u201ecolon\u201d (= a vastagb\u00e9l k\u00f6z\u00e9ps\u0151 szakasza) \u00e9s a \u201eskopie\u201d (= megn\u00e9zni, megvizsg\u00e1lni) szavakb\u00f3l ered. A kolonoszk\u00f3pia t\u00f6rt\u00e9nete az 1960-as \u00e9vekben kezd\u0151d\u00f6tt, ugyanis ekkor a Toki\u00f3i Egyetemen kifejlesztettek egy k\u00e9sz\u00fcl\u00e9ket, amellyel a beleket bel\u00fclr\u0151l lehetett megtekinteni.<\/p><p>A vastagb\u00e9lt\u00fckr\u00f6z\u00e9s sor\u00e1n <strong><a href=\"https:\/\/www.omni-biotic.com\/hu-hu\/belpanaszok\/kronikus-gyulladasos-belbetegsegek-ibd\/\">gyullad\u00e1sok<\/a><\/strong>, polipok \u00e9s sz\u00f6veti elv\u00e1ltoz\u00e1sok, bele\u00e9rtve a vastagb\u00e9lr\u00e1kot is, korai st\u00e1diumban kimutathat\u00f3k \u00e9s felder\u00edthet\u0151k.<\/p><p>K\u00f6zel 50 \u00e9vvel ezel\u0151tt Peter Deyhle sv\u00e1jci gasztroenterol\u00f3gus fejlesztett ki egy elj\u00e1r\u00e1st a <strong>b\u00e9lpolipok elt\u00e1vol\u00edt\u00e1s\u00e1ra<\/strong> vastagb\u00e9lt\u00fckr\u00f6z\u00e9s sor\u00e1n. Ez a <strong>sz\u0171r\u0151vizsg\u00e1lat<\/strong> ma m\u00e1r minden 50 \u00e9v k\u00f6r\u00fcli szem\u00e9ly sz\u00e1m\u00e1ra aj\u00e1nlott, hogy alaposan \u00e1tn\u00e9zz\u00e9k a <strong>vastagbelet<\/strong> \u00e9s a <strong>v\u00e9konyb\u00e9l<\/strong> utols\u00f3 centim\u00e9tereit is.<\/p><p>A <a href=\"https:\/\/www.omni-biotic.com\/hu-hu\/blog\/a-gyogyszerek-hatasa-a-belflorara\/\"><strong>gy\u00f3gyszerek<\/strong><\/a>, az <strong>iparilag el\u0151\u00e1ll\u00edtott \u00e9lelmiszerek<\/strong> \u00e9s a stresszes<strong> k\u00f6rnyezeti hat\u00e1sok<\/strong>, de a <strong>genetikai<\/strong> <strong>hajlam<\/strong> is vezethet k\u00fcl\u00f6nb\u00f6z\u0151 <strong><a href=\"https:\/\/www.omni-biotic.com\/hu-hu\/belpanaszok\/\">panaszokhoz<\/a><\/strong>. A vastagb\u00e9lt\u00fckr\u00f6z\u00e9s sor\u00e1n az orvos nemcsak a teljes vastagbelet vizsg\u00e1lhatja, hanem sz\u00f6vetmint\u00e1t is vehet, \u00e9s kisebb beavatkoz\u00e1sokat is v\u00e9gezhet.<\/p>\t\t\t\t\t\t\t\t<\/div>\n\t\t\t\t<\/div>\n\t\t\t\t\t<\/div>\n\t\t\t\t<\/div>\n\t\t<div class=\"elementor-element elementor-element-807b932 obcs none e-flex e-con-boxed e-con e-parent\" data-id=\"807b932\" data-element_type=\"container\">\n\t\t\t\t\t<div class=\"e-con-inner\">\n\t\t\t\t<div class=\"elementor-element elementor-element-c931c8e elementor-widget elementor-widget-heading\" data-id=\"c931c8e\" data-element_type=\"widget\" data-widget_type=\"heading.default\">\n\t\t\t\t<div class=\"elementor-widget-container\">\n\t\t\t\t\t<h2 class=\"elementor-heading-title elementor-size-default\">Mi\u00e9rt olyan fontos a vastagb\u00e9lt\u00fckr\u00f6z\u00e9s?<\/h2>\t\t\t\t<\/div>\n\t\t\t\t<\/div>\n\t\t\t\t\t<\/div>\n\t\t\t\t<\/div>\n\t\t<div class=\"elementor-element elementor-element-54622b2 obcs none e-flex e-con-boxed e-con e-parent\" data-id=\"54622b2\" data-element_type=\"container\">\n\t\t\t\t\t<div class=\"e-con-inner\">\n\t\t\t\t<div class=\"elementor-element elementor-element-d5b7e9b elementor-widget elementor-widget-text-editor\" data-id=\"d5b7e9b\" data-element_type=\"widget\" data-widget_type=\"text-editor.default\">\n\t\t\t\t<div class=\"elementor-widget-container\">\n\t\t\t\t\t\t\t\t\t<p>A vastagb\u00e9lt\u00fckr\u00f6z\u00e9s seg\u00edts\u00e9g\u00e9vel korai st\u00e1diumban kimutathat\u00f3k <strong>gyullad\u00e1sok<\/strong>, <strong>polipok<\/strong> \u00e9s <strong>sz\u00f6veti elv\u00e1ltoz\u00e1sok<\/strong>, bele\u00e9rtve a vastagb\u00e9lr\u00e1kot is. Ennek ellen\u00e9re m\u00e9g mindig sokan \u00f3dzkodnak ett\u0151l a fontos megel\u0151z\u0151 vizsg\u00e1latt\u00f3l. Jelenleg csak az emberek mintegy 40%-a \u00e9l a lehet\u0151s\u00e9ggel. Ez a f\u00e9lelem azonban alaptalan, mivel a kolonoszk\u00f3pi\u00e1t csak speci\u00e1lis k\u00e9pzetts\u00e9ggel rendelkez\u0151 eg\u00e9szs\u00e9g\u00fcgyi szakember, \u00e1ltal\u00e1ban gasztroenterol\u00f3gus v\u00e9gzi.<\/p><p>\u00c1ltal\u00e1noss\u00e1gban elmondhat\u00f3, hogy a vastagb\u00e9lt\u00fckr\u00f6z\u00e9s egy <strong>biztons\u00e1gos<\/strong> \u00e9s <strong>f\u00e1jdalommentes<\/strong> elj\u00e1r\u00e1s, amely nagyon alacsony sz\u00f6v\u0151dm\u00e9nyvesz\u00e9llyel j\u00e1r \u00e9s <strong>kevesebb mint f\u00e9l \u00f3r\u00e1t<\/strong> vesz ig\u00e9nybe. Alternat\u00edv megold\u00e1sk\u00e9nt lehet\u0151s\u00e9g van b\u00e9lvizsg\u00e1lat\u00e1ra kapszul\u00e1s endoszk\u00f3pi\u00e1val (ez egy be\u00e9p\u00edtett kamer\u00e1val ell\u00e1tott kis kapszula) vagy a b\u00e9l k\u00edv\u00fclr\u0151l t\u00f6rt\u00e9n\u0151 megtekint\u00e9s\u00e9re sz\u00e1m\u00edt\u00f3g\u00e9pes tomogr\u00e1fia (CT) vagy m\u00e1gneses rezonanci\u00e1s k\u00e9palkot\u00e1s (MRI) seg\u00edts\u00e9g\u00e9vel. Ezek az alternat\u00edv\u00e1k azonban <strong>k\u00f6lts\u00e9gesebbek<\/strong> \u00e9s\/vagy <strong>id\u0151ig\u00e9nyesebbek<\/strong>. A sz\u00f6vetmintav\u00e9telhez vagy a polipok elt\u00e1vol\u00edt\u00e1s\u00e1hoz is szint\u00e9n vastagb\u00e9lt\u00fckr\u00f6z\u00e9st v\u00e9geznek. A kolonoszk\u00f3pia \u00fagymond hat\u00e9kony 2 az 1-ben vizsg\u00e1lat.<\/p>\t\t\t\t\t\t\t\t<\/div>\n\t\t\t\t<\/div>\n\t\t\t\t\t<\/div>\n\t\t\t\t<\/div>\n\t\t<div class=\"elementor-element elementor-element-6abf847 obcs none e-flex e-con-boxed e-con e-parent\" data-id=\"6abf847\" data-element_type=\"container\">\n\t\t\t\t\t<div class=\"e-con-inner\">\n\t\t\t\t<div class=\"elementor-element elementor-element-cb9babb elementor-widget elementor-widget-heading\" data-id=\"cb9babb\" data-element_type=\"widget\" data-widget_type=\"heading.default\">\n\t\t\t\t<div class=\"elementor-widget-container\">\n\t\t\t\t\t<h2 class=\"elementor-heading-title elementor-size-default\">\u00c9tkez\u00e9s vastagb\u00e9lt\u00fckr\u00f6z\u00e9s el\u0151tt \u00e9s ut\u00e1n<\/h2>\t\t\t\t<\/div>\n\t\t\t\t<\/div>\n\t\t\t\t<div class=\"elementor-element elementor-element-477d6e9 elementor-widget elementor-widget-image\" data-id=\"477d6e9\" data-element_type=\"widget\" data-widget_type=\"image.default\">\n\t\t\t\t<div class=\"elementor-widget-container\">\n\t\t\t\t\t\t\t\t\t\t\t\t\t\t\t<img fetchpriority=\"high\" decoding=\"async\" width=\"768\" height=\"510\" src=\"https:\/\/www.omni-biotic.com\/hu-hu\/wp-content\/uploads\/sites\/7\/2023\/10\/vastagbeltukrozes-102022-1-768x510-1.jpg\" class=\"attachment-large size-large wp-image-18904\" alt=\"vastgab\u00e9lt\u00fckr\u00f6z\u00e9s, omni-biotic, probiotikum, vastagb\u00e9lt\u00fckr\u00f6z\u00e9s menete, polip elt\u00e1vol\u00edt\u00e1sa, divertikulum, diverticulitis\" srcset=\"https:\/\/www.omni-biotic.com\/hu-hu\/wp-content\/uploads\/sites\/7\/2023\/10\/vastagbeltukrozes-102022-1-768x510-1.jpg 768w, https:\/\/www.omni-biotic.com\/hu-hu\/wp-content\/uploads\/sites\/7\/2023\/10\/vastagbeltukrozes-102022-1-768x510-1-300x199.jpg 300w\" sizes=\"(max-width: 768px) 100vw, 768px\" title=\"\">\t\t\t\t\t\t\t\t\t\t\t\t\t\t\t<\/div>\n\t\t\t\t<\/div>\n\t\t\t\t\t<\/div>\n\t\t\t\t<\/div>\n\t\t<div class=\"elementor-element elementor-element-1837db4 obcs none e-flex e-con-boxed e-con e-parent\" data-id=\"1837db4\" data-element_type=\"container\">\n\t\t\t\t\t<div class=\"e-con-inner\">\n\t\t\t\t<div class=\"elementor-element elementor-element-bb2601b elementor-widget elementor-widget-text-editor\" data-id=\"bb2601b\" data-element_type=\"widget\" data-widget_type=\"text-editor.default\">\n\t\t\t\t<div class=\"elementor-widget-container\">\n\t\t\t\t\t\t\t\t\t<p>Hogy tiszta r\u00e1l\u00e1t\u00e1sunk legyen a <a href=\"https:\/\/www.omni-biotic.com\/hu-hu\/a-belrendszer-egeszsege\/\"><strong>b\u00e9lre<\/strong><\/a>, teljesen ki kell \u00fcr\u00edteni. Ehhez egyr\u00e9szt r\u00f6vid <strong>b\u00f6jtre<\/strong> van sz\u00fcks\u00e9g, ami, mint k\u00e9s\u0151bb megtudjuk, sz\u00e1mos el\u0151nnyel j\u00e1rhat: 24 \u00f3r\u00e1val a vizsg\u00e1lat el\u0151tt nem szabad nehezen em\u00e9szthet\u0151 \u00e9telt fogyasztani. \u00c9rdemes odafigyelni, hogy az utols\u00f3 szil\u00e1rd \u00e9tkez\u00e9s a vastagb\u00e9lt\u00fckr\u00f6z\u00e9s el\u0151tti napon az eb\u00e9d legyen. Ett\u0151l kezdve csak <strong>h\u00faslevest<\/strong>, <strong>te\u00e1t<\/strong> \u00e9s <strong>vizet<\/strong> fogyaszthatunk. K\u00fcl\u00f6n\u00f6sen a <strong>gabonaf\u00e9l\u00e9ket<\/strong> tartalmaz\u00f3 \u00e9teleket kell ker\u00fclni n\u00e9h\u00e1ny nappal a vizsg\u00e1lat el\u0151tt, mivel ezek hajlamosak megtapadni a b\u00e9lfalon. \u00c1ltal\u00e1nos <a href=\"https:\/\/www.omni-biotic.com\/hu-hu\/belpanaszok\/\"><strong>b\u00e9lpanaszok<\/strong><\/a> eset\u00e9n \u00e9rdemes lehet m\u00e9g kor\u00e1bban elkezdeni a r\u00f6vid t\u00e1v\u00fa <strong>t\u00e1pl\u00e1lkoz\u00e1si szok\u00e1sok megv\u00e1ltoztat\u00e1s\u00e1t<\/strong>.<\/p><p>Emellett egy alapos <strong>b\u00e9ltiszt\u00edt\u00e1s<\/strong> is sz\u00fcks\u00e9ges. Ez fontos, mert a b\u00e9l csak akkor vizsg\u00e1lhat\u00f3 meg alaposan, ha teljesen \u00fcres. Erre a c\u00e9lra egy <strong>hashajt\u00f3<\/strong> szert alkalmaznak. Itt is vannak fejleszt\u00e9sek: \u201eHa visszagondolok a 30 \u00e9vvel ezel\u0151tti id\u0151kre, az embereknek kora reggel vagy az \u00e9jszaka k\u00f6zep\u00e9n kellett j\u00f6nni\u00fck a k\u00f3rh\u00e1zba \u00e9s hat liter vizes oldatot kellett meginniuk. Ma ez k\u00e9t napra elosztva k\u00f6r\u00fclbel\u00fcl k\u00e9t literre korl\u00e1toz\u00f3dik. L\u00e9nyegesen kellemesebb\u201d &#8211; magyar\u00e1zza Prof. Dr. med. Joachim Labenz belgy\u00f3gy\u00e1sz.<\/p><p>A hashajt\u00f3k mennyis\u00e9g\u00e9nek jelent\u0151s cs\u00f6kken\u00e9se n\u00f6velte a <strong>betegek bizalm\u00e1t<\/strong>. \u201eSzem\u00e9ly szerint \u00fagy \u00e9rzem, hogy ez egy\u00e9rtelm\u0171 el\u0151rel\u00e9p\u00e9s, r\u00e1ad\u00e1sul most m\u00e1r sokkal t\u00f6bb orvosunk van, akik kiv\u00e1l\u00f3an k\u00e9pzettek, <strong>sok\u00e9ves tapasztalattal<\/strong> rendelkeznek, ami nagym\u00e9rt\u00e9kben hozz\u00e1j\u00e1rult a sz\u00f6v\u0151dm\u00e9nyek kock\u00e1zat\u00e1nak cs\u00f6kken\u00e9s\u00e9hez.\u201d<\/p><p>Term\u00e9szetesen <strong>a felk\u00e9sz\u00fcl\u00e9s a vastagb\u00e9lt\u00fckr\u00f6z\u00e9sre<\/strong> szoros egy\u00fcttm\u0171k\u00f6d\u00e9sben t\u00f6rt\u00e9nik a kezel\u0151orvossal. Az orvost akkor is t\u00e1j\u00e9koztatni kell, ha a beteg rendszeresen <strong>gy\u00f3gyszert<\/strong> szed, mert a hashajt\u00f3 befoly\u00e1solhatja annak hat\u00e1s\u00e1t. Egyes, pl. v\u00e9rh\u00edg\u00edt\u00f3 hat\u00e1s\u00fa gy\u00f3gyszerek szed\u00e9s\u00e9t a vastagb\u00e9lt\u00fckr\u00f6z\u00e9s el\u0151tt esetenk\u00e9nt sz\u00fcneteltetni kell.<\/p><p>Ha teh\u00e1t m\u00e9rlegeli a vastagb\u00e9lt\u00fckr\u00f6z\u00e9s el\u0151nyeit \u00e9s lehets\u00e9ges h\u00e1tr\u00e1nyait, <strong>a felk\u00e9sz\u00fcl\u00e9s nem jelent nagy kih\u00edv\u00e1st<\/strong>.<\/p>\t\t\t\t\t\t\t\t<\/div>\n\t\t\t\t<\/div>\n\t\t\t\t<div class=\"elementor-element elementor-element-88d6aa6 elementor-widget elementor-widget-heading\" data-id=\"88d6aa6\" data-element_type=\"widget\" data-widget_type=\"heading.default\">\n\t\t\t\t<div class=\"elementor-widget-container\">\n\t\t\t\t\t<h2 class=\"elementor-heading-title elementor-size-default\">A vastagb\u00e9lt\u00fckr\u00f6z\u00e9s vizsg\u00e1lat menete \u2013 folyamatos fejl\u0151d\u00e9s<\/h2>\t\t\t\t<\/div>\n\t\t\t\t<\/div>\n\t\t\t\t\t<\/div>\n\t\t\t\t<\/div>\n\t\t<div class=\"elementor-element elementor-element-e9e97c5 obcs none e-flex e-con-boxed e-con e-parent\" data-id=\"e9e97c5\" data-element_type=\"container\">\n\t\t\t\t\t<div class=\"e-con-inner\">\n\t\t<div class=\"elementor-element elementor-element-30028cd obcs none e-flex e-con-boxed e-con e-child\" data-id=\"30028cd\" data-element_type=\"container\">\n\t\t\t\t\t<div class=\"e-con-inner\">\n\t\t\t\t<div class=\"elementor-element elementor-element-c856b71 elementor-widget elementor-widget-text-editor\" data-id=\"c856b71\" data-element_type=\"widget\" data-widget_type=\"text-editor.default\">\n\t\t\t\t<div class=\"elementor-widget-container\">\n\t\t\t\t\t\t\t\t\t<p>A vastagb\u00e9lt\u00fckr\u00f6z\u00e9shez a szem\u00e9lyt k\u00e9nyelmes oldalfekv\u00e9sbe helyezik, majd a v\u00e9kony, hajl\u00e9kony cs\u0151h\u00f6z hasonl\u00f3 <strong>kolonoszk\u00f3pot<\/strong> egy s\u00edkos\u00edt\u00f3 anyag seg\u00edts\u00e9g\u00e9vel bevezetnek a v\u00e9gb\u00e9lny\u00edl\u00e1sba. A <strong>b\u00e9lr\u00e1ncok kisim\u00edt\u00e1sa<\/strong> \u00e9rdek\u00e9ben leveg\u0151t f\u00fajnak a b\u00e9lbe, hogy a legkisebb elv\u00e1ltoz\u00e1sok is k\u00f6nnyebben \u00e9szrevehet\u0151k legyenek. Ezen a ter\u00fcleten sz\u00e1mos orvos, mint Prof. Dr. med. Labenz, szint\u00e9n progressz\u00edv alternat\u00edv\u00e1t alkalmaz. A vastagb\u00e9lt\u00fckr\u00f6z\u00e9s \u00e1ltal\u00e1ban teljesen <strong>f\u00e1jdalommentes<\/strong>. Sokak sz\u00e1m\u00e1ra azonban kellemesebb, ha nincsenek tudatukn\u00e1l a vizsg\u00e1lat sor\u00e1n.<\/p><p>A vizsg\u00e1land\u00f3 szem\u00e9ly bizonyos fok\u00fa <strong>mozdulatlans\u00e1ga<\/strong> az orvos sz\u00e1m\u00e1ra is <strong>el\u0151ny\u00f6s<\/strong>, mivel az \u00f6nk\u00e9ntelen vagy hirtelen mozdulatok kisebb s\u00e9r\u00fcl\u00e9sekhez vezethetnek. Ez\u00e9rt a kolonoszk\u00f3pi\u00e1t ma m\u00e1r \u00e1ltal\u00e1ban <strong>enyhe nyugtat\u00e1ssal<\/strong> v\u00e9gzik.\u00a0<span style=\"color: var( --e-global-color-text );text-align: var(--text-align);background-color: inherit;font-family: var( --e-global-typography-text-font-family ), -apple-system,BlinkMacSystemFont,Segoe UI,Roboto,Helvetica Neue,Arial,Noto Sans,sans-serif;font-size: var( --e-global-typography-text-font-size );font-style: var( --e-global-typography-text-font-style );font-weight: var( --e-global-typography-text-font-weight );letter-spacing: var( --e-global-typography-text-letter-spacing );text-transform: var( --e-global-typography-text-text-transform )\">\u201e<\/span><span style=\"color: var( --e-global-color-text );text-align: var(--text-align);background-color: inherit;font-family: var( --e-global-typography-text-font-family ), -apple-system,BlinkMacSystemFont,Segoe UI,Roboto,Helvetica Neue,Arial,Noto Sans,sans-serif;font-size: var( --e-global-typography-text-font-size );font-style: var( --e-global-typography-text-font-style );font-weight: var( --e-global-typography-text-font-weight );letter-spacing: var( --e-global-typography-text-letter-spacing );text-transform: var( --e-global-typography-text-text-transform )\">Ez azt jelenti, hogy maga a vizsg\u00e1lat <\/span><strong style=\"color: var( --e-global-color-text );text-align: var(--text-align);background-color: inherit;font-family: var( --e-global-typography-text-font-family ), -apple-system,BlinkMacSystemFont,Segoe UI,Roboto,Helvetica Neue,Arial,Noto Sans,sans-serif;font-size: var( --e-global-typography-text-font-size );font-style: var( --e-global-typography-text-font-style );letter-spacing: var( --e-global-typography-text-letter-spacing );text-transform: var( --e-global-typography-text-text-transform )\">nem kellemetlen<\/strong><span style=\"color: var( --e-global-color-text );text-align: var(--text-align);background-color: inherit;font-family: var( --e-global-typography-text-font-family ), -apple-system,BlinkMacSystemFont,Segoe UI,Roboto,Helvetica Neue,Arial,Noto Sans,sans-serif;font-size: var( --e-global-typography-text-font-size );font-style: var( --e-global-typography-text-font-style );font-weight: var( --e-global-typography-text-font-weight );letter-spacing: var( --e-global-typography-text-letter-spacing );text-transform: var( --e-global-typography-text-text-transform )\"> a beteg sz\u00e1m\u00e1ra\u201d<\/span><span style=\"color: var( --e-global-color-text );text-align: var(--text-align);background-color: inherit;font-family: var( --e-global-typography-text-font-family ), -apple-system,BlinkMacSystemFont,Segoe UI,Roboto,Helvetica Neue,Arial,Noto Sans,sans-serif;font-size: var( --e-global-typography-text-font-size );font-style: var( --e-global-typography-text-font-style );font-weight: var( --e-global-typography-text-font-weight );letter-spacing: var( --e-global-typography-text-letter-spacing );text-transform: var( --e-global-typography-text-text-transform )\">\u00a0&#8211; teszi hozz\u00e1 Prof. Labenz gasztroenterol\u00f3gus. Egy m\u00e1sik fejleszt\u00e9s, amely k\u00e9nyelmesebb\u00e9 teszi a vizsg\u00e1latot a p\u00e1ciens sz\u00e1m\u00e1ra, a CO2 alkalmaz\u00e1sa a szobai leveg\u0151 helyett. A szervezet sokkal gyorsabban bontja le a CO2-t. Ez\u00e9rt az embereknek a vizsg\u00e1lat ut\u00e1n m\u00e1r nincs olyan <\/span><a style=\"text-align: var(--text-align);font-family: var( --e-global-typography-text-font-family ), -apple-system,BlinkMacSystemFont,Segoe UI,Roboto,Helvetica Neue,Arial,Noto Sans,sans-serif;font-size: var( --e-global-typography-text-font-size );font-style: var( --e-global-typography-text-font-style );font-weight: var( --e-global-typography-text-font-weight );letter-spacing: var( --e-global-typography-text-letter-spacing );text-transform: var( --e-global-typography-text-text-transform )\" href=\"https:\/\/www.omni-biotic.com\/hu-hu\/belpanaszok\/haspuffadas\/\"><strong>puffadt<\/strong> <\/a><span style=\"color: var( --e-global-color-text );text-align: var(--text-align);background-color: inherit;font-family: var( --e-global-typography-text-font-family ), -apple-system,BlinkMacSystemFont,Segoe UI,Roboto,Helvetica Neue,Arial,Noto Sans,sans-serif;font-size: var( --e-global-typography-text-font-size );font-style: var( --e-global-typography-text-font-style );font-weight: var( --e-global-typography-text-font-weight );letter-spacing: var( --e-global-typography-text-letter-spacing );text-transform: var( --e-global-typography-text-text-transform )\">hasuk, amit sokan nagyon kellemetlennek tal\u00e1lnak. A CO2 felhaszn\u00e1l\u00e1s\u00e1nak k\u00f6sz\u00f6nhet\u0151en ez jelent\u0151sen cs\u00f6kkenthet\u0151.&#8221;<\/span><\/p>\t\t\t\t\t\t\t\t<\/div>\n\t\t\t\t<\/div>\n\t\t\t\t\t<\/div>\n\t\t\t\t<\/div>\n\t\t\t\t\t<\/div>\n\t\t\t\t<\/div>\n\t\t<div class=\"elementor-element elementor-element-55a6a20 obcs none e-flex e-con-boxed e-con e-parent\" data-id=\"55a6a20\" data-element_type=\"container\">\n\t\t\t\t\t<div class=\"e-con-inner\">\n\t\t\t\t<div class=\"elementor-element elementor-element-f47d45c elementor-widget elementor-widget-heading\" data-id=\"f47d45c\" data-element_type=\"widget\" data-widget_type=\"heading.default\">\n\t\t\t\t<div class=\"elementor-widget-container\">\n\t\t\t\t\t<h2 class=\"elementor-heading-title elementor-size-default\">High-tech seg\u00edts\u00e9g az \u00e1tfog\u00f3 vizsg\u00e1lathoz<\/h2>\t\t\t\t<\/div>\n\t\t\t\t<\/div>\n\t\t\t\t\t<\/div>\n\t\t\t\t<\/div>\n\t\t<div class=\"elementor-element elementor-element-d7c8d31 obcs none e-flex e-con-boxed e-con e-parent\" data-id=\"d7c8d31\" data-element_type=\"container\">\n\t\t\t\t\t<div class=\"e-con-inner\">\n\t\t\t\t<div class=\"elementor-element elementor-element-6f64b9a elementor-widget elementor-widget-text-editor\" data-id=\"6f64b9a\" data-element_type=\"widget\" data-widget_type=\"text-editor.default\">\n\t\t\t\t<div class=\"elementor-widget-container\">\n\t\t\t\t\t\t\t\t\t<p>Ezut\u00e1n a kolonoszk\u00f3pot, amely t\u00f6bbek k\u00f6z\u00f6tt vil\u00e1g\u00edt \u00e9s a videofelv\u00e9telt k\u00e9sz\u00edt, nagyon \u00f3vatosan <strong>v\u00e9gigvezetik a teljes vastagb\u00e9len<\/strong>. Az orvos egy monitoron kereszt\u00fcl mindent l\u00e1t, \u00e9s \u00e1tvizsg\u00e1lja a <strong>b\u00e9l teljes bels\u0151 fal\u00e1t<\/strong>. A vizsg\u00e1lat ut\u00e1n a b\u00e9lny\u00e1lkah\u00e1rtya a r\u00f6gz\u00edtett k\u00e9pek seg\u00edts\u00e9g\u00e9vel m\u00e9g pontosabban elemezhet\u0151. Ha a <strong>b\u00e9lfalban<\/strong> b\u00e1rmilyen rendelleness\u00e9get \u00e9szlel, az orvos azonnal <strong>mint\u00e1t vehet<\/strong> egy apr\u00f3 csipesz seg\u00edts\u00e9g\u00e9vel, \u00e9s azt laborat\u00f3riumban megvizsg\u00e1lhatja.<\/p><p>K\u00fcl\u00f6n\u00f6sen az \u00fagynevezett <strong>polipok<\/strong> felder\u00edt\u00e9se a vastagb\u00e9lt\u00fckr\u00f6z\u00e9s k\u00f6zponti feladata. \u00d6nmagukban ezek a <strong>ny\u00e1lkah\u00e1rtya-kin\u00f6v\u00e9sek<\/strong> a vastagb\u00e9lben <strong>\u00e1rtalmatlanok<\/strong>, de <strong>vastagb\u00e9lr\u00e1k alakulhat ki bel\u0151l\u00fck<\/strong>. Ez\u00e9rt <strong>c\u00e9lszer\u0171<\/strong> id\u0151ben elt\u00e1vol\u00edtani \u0151ket. &#8222;Nagy el\u0151rel\u00e9p\u00e9st \u00e9rt\u00fcnk el a polipok felismer\u00e9s\u00e9ben, egyr\u00e9szt a jobb technol\u00f3gia, m\u00e1sr\u00e9szt a vizsg\u00e1l\u00f3csoport n\u00f6vekv\u0151 tapasztalata r\u00e9v\u00e9n. A k\u00f6zelj\u00f6v\u0151ben a <strong>mesters\u00e9ges intelligencia<\/strong> is seg\u00edts\u00e9g\u00fcnkre lesz. G\u00e9pek \u00e9s programok, amelyek seg\u00edtenek az orvosoknak a nagyon kicsi polipok felismer\u00e9s\u00e9ben. Ez n\u00f6veli az id\u0151ben felismert \u00e9s megel\u0151z\u00e9sk\u00e9pp elt\u00e1vol\u00edtott polipok sz\u00e1m\u00e1t.<\/p><p>A polipok elt\u00e1vol\u00edt\u00e1sakor m\u00e9g a m\u0171t\u00e9t ut\u00e1ni v\u00e9rz\u00e9s minim\u00e1lis kock\u00e1zata sem jelent probl\u00e9m\u00e1t, mivel <strong>a v\u00e9rz\u00e9s igen k\u00f6nnyen el\u00e1ll\u00edthat\u00f3<\/strong>.&#8221; Ebb\u0151l a c\u00e9lb\u00f3l a kolonoszk\u00f3p egy csatorn\u00e1n kereszt\u00fcl kis hurkokat tartalmaz, amelyeket a polipok k\u00f6r\u00e9 vezetnek, \u00e9s <strong>lev\u00e1lasztj\u00e1k<\/strong> a kin\u00f6v\u00e9seket. Ez is \u00e1ltal\u00e1ban teljesen f\u00e1jdalommentes. Maga a vastagb\u00e9lt\u00fckr\u00f6z\u00e9s kevesebb mint f\u00e9l \u00f3r\u00e1t vesz ig\u00e9nybe, \u00e9s <strong>j\u00e1r\u00f3beteg<\/strong>-ell\u00e1t\u00e1s keret\u00e9ben t\u00f6rt\u00e9nik. A vizsg\u00e1lat befejez\u00e9se ut\u00e1n a cs\u00f6vet ism\u00e9t \u00f3vatosan elt\u00e1vol\u00edtj\u00e1k, \u00e9s azonnal lehet \u00e9tkezni, valamint folytatni a szok\u00e1sos mindennapi \u00e9letet. Aj\u00e1nlott egy ismer\u0151s szem\u00e9ly k\u00eds\u00e9ret\u00e9ben t\u00e1vozni, mivel a k\u00f6nny\u0171 nyugtat\u00e1s miatt j\u00e1rm\u0171vet (aut\u00f3, motorker\u00e9kp\u00e1r, ker\u00e9kp\u00e1r) vezetni nem szabad.<\/p>\t\t\t\t\t\t\t\t<\/div>\n\t\t\t\t<\/div>\n\t\t\t\t\t<\/div>\n\t\t\t\t<\/div>\n\t\t<div class=\"elementor-element elementor-element-9dd3078 obcs none e-flex e-con-boxed e-con e-parent\" data-id=\"9dd3078\" data-element_type=\"container\">\n\t\t\t\t\t<div class=\"e-con-inner\">\n\t\t\t\t<div class=\"elementor-element elementor-element-ac329a1 elementor-widget elementor-widget-heading\" data-id=\"ac329a1\" data-element_type=\"widget\" data-widget_type=\"heading.default\">\n\t\t\t\t<div class=\"elementor-widget-container\">\n\t\t\t\t\t<h2 class=\"elementor-heading-title elementor-size-default\">Mi az \u00f6sszef\u00fcgg\u00e9s a vastagb\u00e9lt\u00fckr\u00f6z\u00e9s \u00e9s a mikrobiom k\u00f6z\u00f6tt?<\/h2>\t\t\t\t<\/div>\n\t\t\t\t<\/div>\n\t\t\t\t<div class=\"elementor-element elementor-element-cc9b5d8 elementor-widget elementor-widget-image\" data-id=\"cc9b5d8\" data-element_type=\"widget\" data-widget_type=\"image.default\">\n\t\t\t\t<div class=\"elementor-widget-container\">\n\t\t\t\t\t\t\t\t\t\t\t\t\t\t\t<img decoding=\"async\" width=\"800\" height=\"480\" src=\"https:\/\/www.omni-biotic.com\/hu-hu\/wp-content\/uploads\/sites\/7\/2023\/10\/kolonoszkopia-1024x614-1.png\" class=\"attachment-large size-large wp-image-20358\" alt=\"vastgab\u00e9lt\u00fckr\u00f6z\u00e9s, omni-biotic, probiotikum, vastagb\u00e9lt\u00fckr\u00f6z\u00e9s menete, polip elt\u00e1vol\u00edt\u00e1sa, divertikulum, diverticulitis\" srcset=\"https:\/\/www.omni-biotic.com\/hu-hu\/wp-content\/uploads\/sites\/7\/2023\/10\/kolonoszkopia-1024x614-1.png 1024w, https:\/\/www.omni-biotic.com\/hu-hu\/wp-content\/uploads\/sites\/7\/2023\/10\/kolonoszkopia-1024x614-1-300x180.png 300w, https:\/\/www.omni-biotic.com\/hu-hu\/wp-content\/uploads\/sites\/7\/2023\/10\/kolonoszkopia-1024x614-1-768x461.png 768w\" sizes=\"(max-width: 800px) 100vw, 800px\" title=\"\">\t\t\t\t\t\t\t\t\t\t\t\t\t\t\t<\/div>\n\t\t\t\t<\/div>\n\t\t\t\t\t<\/div>\n\t\t\t\t<\/div>\n\t\t<div class=\"elementor-element elementor-element-1988ef1 obcs none e-flex e-con-boxed e-con e-parent\" data-id=\"1988ef1\" data-element_type=\"container\">\n\t\t\t\t\t<div class=\"e-con-inner\">\n\t\t\t\t<div class=\"elementor-element elementor-element-9a400ce elementor-widget elementor-widget-text-editor\" data-id=\"9a400ce\" data-element_type=\"widget\" data-widget_type=\"text-editor.default\">\n\t\t\t\t<div class=\"elementor-widget-container\">\n\t\t\t\t\t\t\t\t\t<p>A <strong>b\u00e9ltiszt\u00edt\u00e1s<\/strong> \u00e1tmenetileg a term\u00e9szetes <strong>b\u00e9lfl\u00f3ra<\/strong> nagym\u00e9rt\u00e9k\u0171 megv\u00e1ltoz\u00e1s\u00e1hoz vezet. Ami\u00f3ta a tudom\u00e1ny t\u00f6bbet tud az emberi <a href=\"https:\/\/www.omni-biotic.com\/hu-hu\/a-belrendszer-egeszsege\/a-bel-az-egeszseg-kozpontja\/belmikrobiom\/\"><strong>mikrobiom<\/strong> <\/a>k\u00f6zponti szerep\u00e9r\u0151l \u00e9s \u00e9rz\u00e9kenys\u00e9g\u00e9r\u0151l, a hashajt\u00f3kat egyre visszafogottabban alkalmazz\u00e1k. Mindazon\u00e1ltal a b\u00e9lfl\u00f3ra a vastagb\u00e9lt\u00fckr\u00f6z\u00e9s el\u0151k\u00e9sz\u00edt\u00e9se sor\u00e1n megtizedel\u0151dik: Az em\u00e9szt\u00e9s\u00fcnk\u00e9rt \u00e9s <a href=\"https:\/\/www.omni-biotic.com\/hu-hu\/a-belrendszer-egeszsege\/a-bel-hataskore\/az-immunrendszer\/\"><strong>immunrendszer\u00fcnk\u00e9rt<\/strong> <\/a>felel\u0151s <a href=\"https:\/\/www.omni-biotic.com\/hu-hu\/a-belrendszer-egeszsege\/a-bel-az-egeszseg-kozpontja\/belbakteriumok\/\"><strong>bakt\u00e9riumok<\/strong> <\/a>egy fontos r\u00e9sze \u00e1tmenetileg elv\u00e9sz, az em\u00e9szt\u00e9s nem m\u0171k\u00f6dik megfelel\u0151en, \u00e9s a j\u00f3t\u00e9kony bakt\u00e9riumok hi\u00e1nya k\u00f6vetkezt\u00e9ben elszaporodhatnak a rothaszt\u00f3 bakt\u00e9riumok a <a href=\"https:\/\/www.omni-biotic.com\/hu-hu\/a-belrendszer-egeszsege\/\"><strong>b\u00e9lben<\/strong><\/a>.<\/p><p>A vastagb\u00e9lt\u00fckr\u00f6z\u00e9s ut\u00e1n ak\u00e1r hetekig, h\u00f3napokig is eltarthat, am\u00edg a b\u00e9lfl\u00f3ra helyre\u00e1ll. A mikrobiom eml\u00edtett v\u00e1ltoz\u00e1sa a betegek ak\u00e1r 80%-\u00e1n\u00e1l \u00e9szrevehet\u0151 a vastagb\u00e9lt\u00fckr\u00f6z\u00e9s ut\u00e1n. Csaknem fel\u00fckn\u00e9l jelentkezik <a href=\"https:\/\/www.omni-biotic.com\/hu-hu\/belpanaszok\/haspuffadas\/\"><strong>puffad\u00e1s<\/strong><\/a>, majd <a href=\"https:\/\/www.omni-biotic.com\/hu-hu\/belpanaszok\/hasmenes\/\"><strong>hasmen\u00e9s<\/strong><\/a>, <a href=\"https:\/\/www.omni-biotic.com\/hu-hu\/belpanaszok\/\">hasi f\u00e1jdalom<\/a> \u00e9s <a href=\"https:\/\/www.omni-biotic.com\/hu-hu\/belpanaszok\/szekrekedes\/\"><strong>sz\u00e9kreked\u00e9s<\/strong><\/a>. \u00c9ppen ezek az ut\u00f3hat\u00e1sok az okai annak, hogy sokan elutas\u00edtj\u00e1k az \u00fajabb vastagb\u00e9lt\u00fckr\u00f6z\u00e9st, vagy nem mennek el sz\u0171r\u0151vizsg\u00e1latra, miut\u00e1n a csal\u00e1dtagok \u00e9s a bar\u00e1tok r\u00e9szletesen besz\u00e1molnak negat\u00edv tapasztalataikr\u00f3l.<\/p>\t\t\t\t\t\t\t\t<\/div>\n\t\t\t\t<\/div>\n\t\t\t\t\t<\/div>\n\t\t\t\t<\/div>\n\t\t<div class=\"elementor-element elementor-element-1ed5db3 obcs none e-flex e-con-boxed e-con e-parent\" data-id=\"1ed5db3\" data-element_type=\"container\">\n\t\t\t\t\t<div class=\"e-con-inner\">\n\t\t\t\t<div class=\"elementor-element elementor-element-ccc386f elementor-widget elementor-widget-heading\" data-id=\"ccc386f\" data-element_type=\"widget\" data-widget_type=\"heading.default\">\n\t\t\t\t<div class=\"elementor-widget-container\">\n\t\t\t\t\t<h2 class=\"elementor-heading-title elementor-size-default\">Vastagb\u00e9lt\u00fckr\u00f6z\u00e9s: A b\u00e9l eg\u00e9szs\u00e9g\u00e9nek t\u00e1mogat\u00e1s\u00e1\u00e9rt?<\/h2>\t\t\t\t<\/div>\n\t\t\t\t<\/div>\n\t\t\t\t\t<\/div>\n\t\t\t\t<\/div>\n\t\t<div class=\"elementor-element elementor-element-9e0622b obcs none e-flex e-con-boxed e-con e-parent\" data-id=\"9e0622b\" data-element_type=\"container\">\n\t\t\t\t\t<div class=\"e-con-inner\">\n\t\t\t\t<div class=\"elementor-element elementor-element-4c50f2a elementor-widget elementor-widget-text-editor\" data-id=\"4c50f2a\" data-element_type=\"widget\" data-widget_type=\"text-editor.default\">\n\t\t\t\t<div class=\"elementor-widget-container\">\n\t\t\t\t\t\t\t\t\t<p>A vastagb\u00e9lt\u00fckr\u00f6z\u00e9s azonban nemcsak a belek legfontosabb sz\u0171r\u0151vizsg\u00e1lata: az el\u0151k\u00e9sz\u00edt\u0151 int\u00e9zked\u00e9sek sokak sz\u00e1m\u00e1ra fontos eg\u00e9szs\u00e9g\u00fcgyi el\u0151ny\u00f6kkel is j\u00e1rhatnak. Ennek oka, hogy a b\u00e9lben vannak olyan pontok, p\u00e9ld\u00e1ul a <a href=\"https:\/\/www.omni-biotic.com\/hu-hu\/blog\/vastagbel-divertikel-okai-es-kezelese\/\"><strong>divertikulumok<\/strong> <\/a>(megjegyz\u00e9s: a b\u00e9l k\u00fcls\u0151 kit\u00fcremked\u00e9sei, a polipok ellent\u00e9te) vagy a vakb\u00e9ln\u00e9l, ahol a sz\u00e9klet hetekig, s\u0151t h\u00f3napokig felhalmoz\u00f3dhat, rothadhat, \u00e9s megterhelheti a beleket, \u00edgy egyben az eg\u00e9sz szervezetet is.<\/p><p>Ezek az em\u00e9szt\u00e9si maradv\u00e1nyok is ki\u00fcr\u00fclnek a b\u00e9lmos\u00e1s sor\u00e1n. &#8222;Megfigyel\u00e9sem alapj\u00e1n azokn\u00e1l a betegekn\u00e9l, ahol vastagb\u00e9l-divertikulum alakult ki, gyakran j\u00f3t tesz a <strong>felk\u00e9sz\u00fcl\u00e9s<\/strong> a kolonoszk\u00f3pi\u00e1ra.&#8221; Vannak olyan betegeim, akik \u00e9vente k\u00e9tszer &#8211; vastagb\u00e9lt\u00fckr\u00f6z\u00e9s n\u00e9lk\u00fcl &#8211; \u00f6nk\u00e9nt megteszik ezt, ugyanis ut\u00e1na arr\u00f3l sz\u00e1molnak be, hogy hetekig vagy ak\u00e1r h\u00f3napokig sokkal jobban \u00e9rzik magukat&#8221; &#8211; magyar\u00e1zza a szak\u00e9rt\u0151.<\/p>\t\t\t\t\t\t\t\t<\/div>\n\t\t\t\t<\/div>\n\t\t\t\t\t<\/div>\n\t\t\t\t<\/div>\n\t\t<div class=\"elementor-element elementor-element-6c2ca34 obcs none e-flex e-con-boxed e-con e-parent\" data-id=\"6c2ca34\" data-element_type=\"container\">\n\t\t\t\t\t<div class=\"e-con-inner\">\n\t\t\t\t<div class=\"elementor-element elementor-element-ffa1b35 elementor-widget elementor-widget-heading\" data-id=\"ffa1b35\" data-element_type=\"widget\" data-widget_type=\"heading.default\">\n\t\t\t\t<div class=\"elementor-widget-container\">\n\t\t\t\t\t<h2 class=\"elementor-heading-title elementor-size-default\">Probiotikumok - \u00fajabb fejleszt\u00e9s a vastagb\u00e9lt\u00fckr\u00f6z\u00e9s hat\u00e9konys\u00e1g\u00e1\u00e9rt?<\/h2>\t\t\t\t<\/div>\n\t\t\t\t<\/div>\n\t\t\t\t\t<\/div>\n\t\t\t\t<\/div>\n\t\t<div class=\"elementor-element elementor-element-31d263e obcs none e-flex e-con-boxed e-con e-parent\" data-id=\"31d263e\" data-element_type=\"container\">\n\t\t\t\t\t<div class=\"e-con-inner\">\n\t\t\t\t<div class=\"elementor-element elementor-element-2447e40 elementor-widget elementor-widget-text-editor\" data-id=\"2447e40\" data-element_type=\"widget\" data-widget_type=\"text-editor.default\">\n\t\t\t\t<div class=\"elementor-widget-container\">\n\t\t\t\t\t\t\t\t\t<p>Prof. Dr. med. Labenz sz\u00e1m\u00e1ra is rendk\u00edv\u00fcl fontos a vastagb\u00e9lt\u00fckr\u00f6z\u00e9s el\u0151k\u00e9sz\u00edt\u00e9se, a <a href=\"https:\/\/www.omni-biotic.com\/hu-hu\/a-belrendszer-egeszsege\/a-bel-az-egeszseg-kozpontja\/belflora\/\"><strong>b\u00e9lfl\u00f3ra<\/strong> <\/a>\u00e9s a b\u00e9lpanaszok k\u00f6z\u00f6tti kapcsolat. Ez\u00e9rt v\u00e9geztek klinikai vizsg\u00e1latot. &#8222;Egy\u00e9rtelm\u0171, hogy a vastagb\u00e9ltiszt\u00edt\u00e1s hat\u00e1ssal van a mikrobiomra. \u00dagy t\u0171nik, \u00e9rdemes alkalmazni <a href=\"https:\/\/www.omni-biotic.com\/hu-hu\/a-belrendszer-egeszsege\/a-bel-az-egeszseg-kozpontja\/probiotikum\/\"><strong>probiotikumot<\/strong> <\/a>vastagb\u00e9lt\u00fckr\u00f6z\u00e9s ut\u00e1n, a <strong>b\u00e9lmikrobiom diverzit\u00e1s\u00e1nak, min\u0151s\u00e9g\u00e9nek<\/strong> n\u00f6vel\u00e9se \u00e9rdek\u00e9ben. Ez\u00e9rt n\u00e9gy h\u00e9ten kereszt\u00fcl figyelt\u00fck a betegek panaszait a kolonoszk\u00f3pia ut\u00e1n, \u00e9s hogy ezek k\u00fcl\u00f6nb\u00f6znek-e a placebo, illetve a probiotikum alkalmaz\u00e1sa alatt. A b\u00e9lfl\u00f3ra \u00f6sszet\u00e9tel\u00e9t pedig modern m\u00f3dszerekkel vizsg\u00e1ltuk, hogy meg\u00e1llap\u00edtsuk, van-e hat\u00e1sa a probiotikumnak a mikrobiom diverzit\u00e1s\u00e1ra, azaz <strong>sokf\u00e9les\u00e9g\u00e9re<\/strong>.<\/p><p>&#8222;Ezt a mikrobiom min\u0151s\u00e9gi jellemz\u0151j\u00e9nek tekintik: min\u00e9l v\u00e1ltozatosabb, ann\u00e1l eg\u00e9szs\u00e9gesebb az ember.&#8221; A mostani tanulm\u00e1ny [1] eredm\u00e9nyei arra k\u00e9sztetnek, hogy felfigyelj\u00fcnk r\u00e1: A probiotikus csoportban az \u00fagynevezett alfa-diverzit\u00e1s, azaz az adott beteg b\u00e9lrendszer\u00e9ben l\u00e9v\u0151 mikrobiom sokf\u00e9les\u00e9ge egy\u00e9rtelm\u0171en magasabb volt, mint a placebocsoportban. Figyelemre m\u00e9lt\u00f3 volt az alkalmazott <strong>probiotikumban<\/strong> tal\u00e1lhat\u00f3 egyik bakt\u00e9riumt\u00f6rzs megn\u00f6vekedett el\u0151fordul\u00e1sa.<\/p><blockquote><p>Ha valaki a vastagb\u00e9lt\u00fckr\u00f6z\u00e9s ut\u00e1n saj\u00e1t mag\u00e1nak akar kedv\u00e9ben j\u00e1rni: szedjen n\u00e9gy h\u00e9tig egy speci\u00e1lis <strong>probiotikumot<\/strong>, ez t\u00e1mogatni fogja a b\u00e9lrendszer\u00e9t \u00e9s a mikrobiomj\u00e1t.<\/p><\/blockquote><p>Ami k\u00fcl\u00f6n\u00f6sen \u00e9rdekes mindazok sz\u00e1m\u00e1ra, akik eddig az em\u00e9szt\u00e9si panaszok miatt \u00f3dzkodtak a vastagb\u00e9lt\u00fckr\u00f6z\u00e9st\u0151l A probiotikum szed\u00e9se k\u00f6vetkezt\u00e9ben cs\u00f6kkent a <a href=\"https:\/\/www.omni-biotic.com\/hu-hu\/belpanaszok\/szekrekedes\/\"><strong>sz\u00e9kreked\u00e9ssel<\/strong><\/a> j\u00e1r\u00f3 napok sz\u00e1ma. Tov\u00e1bb\u00e1 l\u00e9nyegesen kevesebb napon jelentkezett em\u00e9szt\u00e9si panasz, p\u00e9ld\u00e1ul hasmen\u00e9s vagy puffad\u00e1s. &#8222;Ha valaki a vastagb\u00e9lt\u00fckr\u00f6z\u00e9s ut\u00e1n saj\u00e1t mag\u00e1nak akar kedv\u00e9ben j\u00e1rni: szedjen n\u00e9gy h\u00e9tig egy speci\u00e1lis probiotikumot, ez t\u00e1mogatni fogja a b\u00e9lrendszer\u00e9t \u00e9s a mikrobiomj\u00e1t. \u00c9n mindenk\u00e9ppen ezt a k\u00f6vetkeztet\u00e9st vonn\u00e1m le a tanulm\u00e1ny adataib\u00f3l&#8221; &#8211; \u00f6sszegzi pozit\u00edvan Labenz professzor.<\/p><p><strong>\u00a0<\/strong><\/p><p><strong>Forr\u00e1s:<\/strong><\/p><p>[1] Labenz, J. et al. Ein Multispezies-Probiotikum zeigt einen positiven Effekt auf das intestinale Mikrobiom und reduziert Darmsymptome nach einer oralen Darmlavage zur Vorsorge-Koloskopie: randomisierte, doppelblinde, plazebokontrollierte Multicenterstudie (COLONIZE). Z Gastroenterol. 60(08): 643\u2013643 (2022) DOI 10.1055\/s-0042-1755100<\/p><p><strong>Szem\u00e9lyle\u00edr\u00e1s:<\/strong><\/p><p>Dr. Joachim Labenz professzor: az I. Orvosi Klinika emeritus igazgat\u00f3ja: gasztroenterol\u00f3giai \u00e9s hepatol\u00f3giai Diakonie Klinikum Jung-Stilling mag\u00e1npraxis Siegenben (N\u00e9metorsz\u00e1g).<\/p><hr \/><hr \/>\t\t\t\t\t\t\t\t<\/div>\n\t\t\t\t<\/div>\n\t\t\t\t\t<\/div>\n\t\t\t\t<\/div>\n\t\t<div class=\"elementor-element elementor-element-90ad62b obcs none e-flex e-con-boxed e-con e-parent\" data-id=\"90ad62b\" data-element_type=\"container\">\n\t\t\t\t\t<div class=\"e-con-inner\">\n\t\t\t\t<div class=\"elementor-element elementor-element-bcecdb0 elementor-widget elementor-widget-text-editor\" data-id=\"bcecdb0\" data-element_type=\"widget\" data-widget_type=\"text-editor.default\">\n\t\t\t\t<div class=\"elementor-widget-container\">\n\t\t\t\t\t\t\t\t\t<div class=\"product-page-info__title mb-15 text-center text-md-left\"><h1 class=\"m-0\">OMNi-BiOTiC\u00ae COLONIZE<\/h1><ul><li class=\"m-0\">Kieg\u00e9sz\u00edti a b\u00e9lfl\u00f3r\u00e1t a vastagb\u00e9lt\u00fckr\u00f6z\u00e9s ut\u00e1n<\/li><li class=\"m-0\">Az emberi b\u00e9lrendszerben term\u00e9szetesen el\u0151fordul\u00f3 bakt\u00e9riumok 6 tudom\u00e1nyosan kombin\u00e1lt t\u00f6rzs\u00e9vel<\/li><li class=\"m-0\">K\u00fcl\u00f6n\u00f6sen magas d\u00f3zissal: egy napi adagban 18 milli\u00e1rd bakt\u00e9rium van<\/li><\/ul><\/div><p>\u00a0<\/p>\t\t\t\t\t\t\t\t<\/div>\n\t\t\t\t<\/div>\n\t\t\t\t\t<\/div>\n\t\t\t\t<\/div>\n\t\t<div class=\"elementor-element elementor-element-4f1b39c obcs none e-flex e-con-boxed e-con e-parent\" data-id=\"4f1b39c\" data-element_type=\"container\">\n\t\t\t\t\t<div class=\"e-con-inner\">\n\t\t\t\t<div class=\"elementor-element elementor-element-6b6ecb8 elementor-widget elementor-widget-image\" data-id=\"6b6ecb8\" data-element_type=\"widget\" data-widget_type=\"image.default\">\n\t\t\t\t<div class=\"elementor-widget-container\">\n\t\t\t\t\t\t\t\t\t\t\t\t\t\t\t<img decoding=\"async\" width=\"625\" height=\"484\" src=\"https:\/\/www.omni-biotic.com\/hu-hu\/wp-content\/uploads\/sites\/7\/2023\/10\/omni-biotic-colonize-vastagbeltukrozes_1.png\" class=\"attachment-large size-large wp-image-19763\" alt=\"vastgab\u00e9lt\u00fckr\u00f6z\u00e9s, omni-biotic, probiotikum, vastagb\u00e9lt\u00fckr\u00f6z\u00e9s menete, polip elt\u00e1vol\u00edt\u00e1sa, divertikulum, diverticulitis\" srcset=\"https:\/\/www.omni-biotic.com\/hu-hu\/wp-content\/uploads\/sites\/7\/2023\/10\/omni-biotic-colonize-vastagbeltukrozes_1.png 625w, https:\/\/www.omni-biotic.com\/hu-hu\/wp-content\/uploads\/sites\/7\/2023\/10\/omni-biotic-colonize-vastagbeltukrozes_1-300x232.png 300w\" sizes=\"(max-width: 625px) 100vw, 625px\" title=\"\">\t\t\t\t\t\t\t\t\t\t\t\t\t\t\t<\/div>\n\t\t\t\t<\/div>\n\t\t\t\t\t<\/div>\n\t\t\t\t<\/div>\n\t\t<div class=\"elementor-element elementor-element-61f8cb2 obcs none e-flex e-con-boxed e-con e-parent\" data-id=\"61f8cb2\" data-element_type=\"container\">\n\t\t\t\t\t<div class=\"e-con-inner\">\n\t\t\t\t<div class=\"elementor-element elementor-element-48df352 elementor-align-center elementor-widget elementor-widget-button\" data-id=\"48df352\" data-element_type=\"widget\" data-widget_type=\"button.default\">\n\t\t\t\t<div class=\"elementor-widget-container\">\n\t\t\t\t\t\t\t\t\t<div class=\"elementor-button-wrapper\">\n\t\t\t\t\t<a class=\"elementor-button elementor-button-link elementor-size-lg\" href=\"https:\/\/shop.omni-biotic.com\/hu-hu\/products\/omni-biotic-colonize-int-99127\">\n\t\t\t\t\t\t<span class=\"elementor-button-content-wrapper\">\n\t\t\t\t\t\t\t\t\t<span class=\"elementor-button-text\">Megn\u00e9zem<\/span>\n\t\t\t\t\t<\/span>\n\t\t\t\t\t<\/a>\n\t\t\t\t<\/div>\n\t\t\t\t\t\t\t\t<\/div>\n\t\t\t\t<\/div>\n\t\t\t\t\t<\/div>\n\t\t\t\t<\/div>\n\t\t\t\t<\/div>\n\t\t","protected":false},"excerpt":{"rendered":"<p>A vastagb\u00e9lt\u00fckr\u00f6z\u00e9s (szaknyelven kolonoszk\u00f3pia) az egyik legfontosabb sz\u0171r\u0151vizsg\u00e1lat a b\u00e9lrendszer\u00fcnk eg\u00e9szs\u00e9g\u00e9nek meg\u0151rz\u00e9se \u00e9s a sz\u00f6veti elv\u00e1ltoz\u00e1sok, pl. a vastagb\u00e9lr\u00e1k id\u0151ben t\u00f6rt\u00e9n\u0151 felismer\u00e9se \u00e9rdek\u00e9ben. B\u00e1r a kolonoszk\u00f3pia technikai \u00e9s tudom\u00e1nyos fejleszt\u00e9se nagy l\u00e9pt\u00e9kben halad el\u0151re, sokan m\u00e9g mindig idegenkednek az \u00f6nmag\u00e1ban \u00e1rtalmatlan vizsg\u00e1latt\u00f3l. A szem\u00e9lyesen megtapasztalt vagy a csal\u00e1dtagok \u00e9s bar\u00e1tok \u00e1ltal jelzett em\u00e9szt\u00e9si probl\u00e9m\u00e1k gyakran [&hellip;]<\/p>\n","protected":false},"author":19,"featured_media":18907,"comment_status":"closed","ping_status":"closed","sticky":false,"template":"","format":"standard","meta":{"_acf_changed":false,"inline_featured_image":false,"footnotes":""},"categories":[108],"tags":[],"class_list":["post-18925","post","type-post","status-publish","format-standard","has-post-thumbnail","hentry","category-panaszok-tanacsok"],"acf":[],"rank_math":{"og:title":"\u00c9tkez\u00e9s vastagb\u00e9lt\u00fckr\u00f6z\u00e9s el\u0151tt \u00e9s ut\u00e1n - OMNi-BiOTiC\u00ae","og:desc":"Mit jelent a vastagb\u00e9lt\u00fckr\u00f6z\u00e9s \u00e9s mi\u00e9rt fontos ez a sz\u0171r\u0151vizsg\u00e1lat? Mi az \u00f6sszef\u00fcgg\u00e9s a kolonoszk\u00f3pia \u00e9s a mikrobiom k\u00f6z\u00f6tt? Olvasson a t\u00e9m\u00e1ban!","og:url":"https:\/\/www.omni-biotic.com\/hu-hu\/blog\/etkezes-vastagbeltukrozes-elott-es-utan\/","og:locale":"hu_HU","og:image":"https:\/\/www.omni-biotic.com\/hu-hu\/wp-content\/uploads\/sites\/7\/2023\/10\/Vastagbeltukrozes-102022.jpg","og:image:width":"800","og:image:height":"503"},"additional_data":{"thumbnail":"https:\/\/www.omni-biotic.com\/hu-hu\/wp-content\/uploads\/sites\/7\/2023\/10\/Vastagbeltukrozes-102022.jpg"},"blog_info":{"country":"hu-hu"},"_links":{"self":[{"href":"https:\/\/www.omni-biotic.com\/hu-hu\/wp-json\/wp\/v2\/posts\/18925","targetHints":{"allow":["GET"]}}],"collection":[{"href":"https:\/\/www.omni-biotic.com\/hu-hu\/wp-json\/wp\/v2\/posts"}],"about":[{"href":"https:\/\/www.omni-biotic.com\/hu-hu\/wp-json\/wp\/v2\/types\/post"}],"author":[{"embeddable":true,"href":"https:\/\/www.omni-biotic.com\/hu-hu\/wp-json\/wp\/v2\/users\/19"}],"replies":[{"embeddable":true,"href":"https:\/\/www.omni-biotic.com\/hu-hu\/wp-json\/wp\/v2\/comments?post=18925"}],"version-history":[{"count":7,"href":"https:\/\/www.omni-biotic.com\/hu-hu\/wp-json\/wp\/v2\/posts\/18925\/revisions"}],"predecessor-version":[{"id":20385,"href":"https:\/\/www.omni-biotic.com\/hu-hu\/wp-json\/wp\/v2\/posts\/18925\/revisions\/20385"}],"wp:featuredmedia":[{"embeddable":true,"href":"https:\/\/www.omni-biotic.com\/hu-hu\/wp-json\/wp\/v2\/media\/18907"}],"wp:attachment":[{"href":"https:\/\/www.omni-biotic.com\/hu-hu\/wp-json\/wp\/v2\/media?parent=18925"}],"wp:term":[{"taxonomy":"category","embeddable":true,"href":"https:\/\/www.omni-biotic.com\/hu-hu\/wp-json\/wp\/v2\/categories?post=18925"},{"taxonomy":"post_tag","embeddable":true,"href":"https:\/\/www.omni-biotic.com\/hu-hu\/wp-json\/wp\/v2\/tags?post=18925"}],"curies":[{"name":"wp","href":"https:\/\/api.w.org\/{rel}","templated":true}]}}