{"id":19050,"date":"2023-10-17T13:34:58Z","date_gmt":"2023-10-17T11:34:58Z","guid":{"rendered":"https:\/\/www.omni-biotic.com\/hu-hu\/?p=19050"},"modified":"2024-01-30T11:25:32Z","modified_gmt":"2024-01-30T10:25:32Z","slug":"probiotikum-alvaszavar-ellen","status":"publish","type":"post","link":"https:\/\/www.omni-biotic.com\/hu-hu\/blog\/probiotikum-alvaszavar-ellen\/","title":{"rendered":"Probiotikumok alkalmaz\u00e1sa alv\u00e1szavar eset\u00e9n?"},"content":{"rendered":"\t\t<div data-elementor-type=\"wp-post\" data-elementor-id=\"19050\" class=\"elementor elementor-19050\" data-elementor-post-type=\"post\">\n\t\t\t\t<div class=\"elementor-element elementor-element-367335a obcs none e-flex e-con-boxed e-con e-parent\" data-id=\"367335a\" data-element_type=\"container\">\n\t\t\t\t\t<div class=\"e-con-inner\">\n\t\t\t\t<div class=\"elementor-element elementor-element-6274e9b elementor-widget elementor-widget-text-editor\" data-id=\"6274e9b\" data-element_type=\"widget\" data-widget_type=\"text-editor.default\">\n\t\t\t\t<div class=\"elementor-widget-container\">\n\t\t\t\t\t\t\t\t\t<div class=\"section mcb-section equal-height-wrap wso-chapter-4 \"><div class=\"section_wrapper mcb-section-inner\"><div class=\"wrap mcb-wrap one valign-top clearfix\"><div class=\"mcb-wrap-inner\"><div class=\"column mcb-column one column_column \"><div class=\"column_attr clearfix\"><p><em>A megfelel\u0151 mennyis\u00e9g\u0171 \u00e9s min\u0151s\u00e9g\u0171 alv\u00e1s alapvet\u0151 fontoss\u00e1g\u00fa mind j\u00f3ll\u00e9t\u00fcnk, teljes\u00edtm\u00e9ny\u00fcnk, mind az emberi eg\u00e9szs\u00e9g sz\u00e1mos aspektusa szempontj\u00e1b\u00f3l. A kr\u00f3nikus alv\u00e1shi\u00e1ny \u00e9s alv\u00e1szavar, amely a nyugati t\u00e1rsadalmak k\u00f6zel 50%-\u00e1n\u00e1l fordul el\u0151 az \u00e9letm\u00f3d, a munkahelyi stressz, aggodalom, szorong\u00e1s, ment\u00e1lis probl\u00e9m\u00e1k, gy\u00f3gyszerek mell\u00e9khat\u00e1sai vagy egy\u00e9b t\u00e9nyez\u0151k miatt, betegs\u00e9gek kialakul\u00e1s\u00e1t okozza vagy seg\u00edti el\u0151.<\/em><\/p><\/div><\/div><\/div><\/div><\/div><\/div>\t\t\t\t\t\t\t\t<\/div>\n\t\t\t\t<\/div>\n\t\t\t\t\t<\/div>\n\t\t\t\t<\/div>\n\t\t<div class=\"elementor-element elementor-element-3683d34 obcs none e-flex e-con-boxed e-con e-parent\" data-id=\"3683d34\" data-element_type=\"container\">\n\t\t\t\t\t<div class=\"e-con-inner\">\n\t\t\t\t<div class=\"elementor-element elementor-element-9a1e52b elementor-widget elementor-widget-text-editor\" data-id=\"9a1e52b\" data-element_type=\"widget\" data-widget_type=\"text-editor.default\">\n\t\t\t\t<div class=\"elementor-widget-container\">\n\t\t\t\t\t\t\t\t\t<p>A <strong>hossz\u00fa t\u00e1v\u00fa alv\u00e1shi\u00e1ny<\/strong> drasztikusan n\u00f6veli a 2-es t\u00edpus\u00fa cukorbetegs\u00e9g, a sz\u00edv- \u00e9s \u00e9rrendszeri probl\u00e9m\u00e1k, az elh\u00edz\u00e1s vagy a magas v\u00e9rnyom\u00e1s kialakul\u00e1s\u00e1nak kock\u00e1zat\u00e1t.<\/p><p>A <strong>cirkadi\u00e1n ritmust<\/strong> \u00e9s \u00edgy az alv\u00e1st is \u00f6sszetett mechanizmusok szab\u00e1lyozz\u00e1k, amelyeket endog\u00e9n hormonok, a f\u00e9ny-s\u00f6t\u00e9t f\u00e1zisok, de a b\u00e9l-agy tengely is szab\u00e1lyoz. A probiotikumok a <strong><a href=\"https:\/\/www.omni-biotic.com\/hu-hu\/a-belrendszer-egeszsege\/a-bel-az-egeszseg-kozpontja\/bel-agy-tengely\/\">b\u00e9l-agy tengelyen<\/a> <\/strong>kereszt\u00fcl k\u00e9pesek hat\u00e1ssal lenni az alv\u00e1sra, p\u00e9ld\u00e1ul a b\u00e9lrendszeri diszbi\u00f3zis szab\u00e1lyoz\u00e1s\u00e1val.<\/p>\t\t\t\t\t\t\t\t<\/div>\n\t\t\t\t<\/div>\n\t\t\t\t\t<\/div>\n\t\t\t\t<\/div>\n\t\t<div class=\"elementor-element elementor-element-c865435 obcs none e-flex e-con-boxed e-con e-parent\" data-id=\"c865435\" data-element_type=\"container\">\n\t\t\t\t\t<div class=\"e-con-inner\">\n\t\t\t\t<div class=\"elementor-element elementor-element-30d4500 elementor-widget elementor-widget-image\" data-id=\"30d4500\" data-element_type=\"widget\" data-widget_type=\"image.default\">\n\t\t\t\t<div class=\"elementor-widget-container\">\n\t\t\t\t\t\t\t\t\t\t\t\t\t\t\t<img fetchpriority=\"high\" decoding=\"async\" width=\"800\" height=\"359\" src=\"https:\/\/www.omni-biotic.com\/hu-hu\/wp-content\/uploads\/sites\/7\/2023\/10\/stressz-alvasi-zavarok-1024x460-1.png\" class=\"attachment-large size-large wp-image-20348\" alt=\"probiotikum stresskezel\u00e9sre, mikrobiom, b\u00e9lrendszer, alv\u00e1szavar\" srcset=\"https:\/\/www.omni-biotic.com\/hu-hu\/wp-content\/uploads\/sites\/7\/2023\/10\/stressz-alvasi-zavarok-1024x460-1.png 1024w, https:\/\/www.omni-biotic.com\/hu-hu\/wp-content\/uploads\/sites\/7\/2023\/10\/stressz-alvasi-zavarok-1024x460-1-300x135.png 300w, https:\/\/www.omni-biotic.com\/hu-hu\/wp-content\/uploads\/sites\/7\/2023\/10\/stressz-alvasi-zavarok-1024x460-1-768x345.png 768w\" sizes=\"(max-width: 800px) 100vw, 800px\" title=\"\">\t\t\t\t\t\t\t\t\t\t\t\t\t\t\t<\/div>\n\t\t\t\t<\/div>\n\t\t\t\t<div class=\"elementor-element elementor-element-9cee0ec elementor-widget elementor-widget-heading\" data-id=\"9cee0ec\" data-element_type=\"widget\" data-widget_type=\"heading.default\">\n\t\t\t\t<div class=\"elementor-widget-container\">\n\t\t\t\t\t<h2 class=\"elementor-heading-title elementor-size-default\">A cirkadi\u00e1n ritmus<\/h2>\t\t\t\t<\/div>\n\t\t\t\t<\/div>\n\t\t\t\t\t<\/div>\n\t\t\t\t<\/div>\n\t\t<div class=\"elementor-element elementor-element-916ae4a obcs none e-flex e-con-boxed e-con e-parent\" data-id=\"916ae4a\" data-element_type=\"container\">\n\t\t\t\t\t<div class=\"e-con-inner\">\n\t\t\t\t<div class=\"elementor-element elementor-element-9bc1e2a elementor-widget elementor-widget-text-editor\" data-id=\"9bc1e2a\" data-element_type=\"widget\" data-widget_type=\"text-editor.default\">\n\t\t\t\t<div class=\"elementor-widget-container\">\n\t\t\t\t\t\t\t\t\t<p>A f\u00e9ny intenzit\u00e1s\u00e1nak k\u00fcl\u00f6nb\u00f6z\u0151 f\u00e1zisai, amelyeknek a <strong>nappal \u00e9s az \u00e9jszaka v\u00e1ltakoz\u00e1sa<\/strong> miatt vagyunk kit\u00e9ve a nap 24 \u00f3r\u00e1j\u00e1ban, folyamatosan hatnak a <strong>hipotalamuszra<\/strong>, az agyunk egyik r\u00e9gi\u00f3j\u00e1ban tal\u00e1lhat\u00f3 k\u00f6zpontra. Ennek a magasabb szint\u0171 k\u00f6zpontnak az inform\u00e1ci\u00f3i a <strong>hormonok<\/strong> \u00e9s m\u00e1s h\u00edrviv\u0151 anyagok termel\u00e9s\u00e9n kereszt\u00fcl jutnak el az alacsonyabb szint\u0171 k\u00f6zpontokhoz, \u00edgy szinkroniz\u00e1lj\u00e1k az &#8222;\u00f3r\u00e1kat&#8221; az eg\u00e9sz testben. Ha ezt a ritmust <strong>megzavarja<\/strong> az \u00e9jszakai munka, a jetlag, az aszinkron t\u00e1pl\u00e1l\u00e9kfelv\u00e9tel vagy a diszbiotikus b\u00e9lrendszeri koloniz\u00e1ci\u00f3, az <strong>alv\u00e1sunk<\/strong>, az <strong>eg\u00e9szs\u00e9g\u00fcnk<\/strong> \u00e9s a <strong>mikrobiomunk<\/strong> is szenved.<\/p>\t\t\t\t\t\t\t\t<\/div>\n\t\t\t\t<\/div>\n\t\t\t\t\t<\/div>\n\t\t\t\t<\/div>\n\t\t<div class=\"elementor-element elementor-element-339f5fb obcs none e-flex e-con-boxed e-con e-parent\" data-id=\"339f5fb\" data-element_type=\"container\">\n\t\t\t\t\t<div class=\"e-con-inner\">\n\t\t\t\t<div class=\"elementor-element elementor-element-b0e3a3e elementor-widget elementor-widget-heading\" data-id=\"b0e3a3e\" data-element_type=\"widget\" data-widget_type=\"heading.default\">\n\t\t\t\t<div class=\"elementor-widget-container\">\n\t\t\t\t\t<h2 class=\"elementor-heading-title elementor-size-default\">A b\u00e9l-agy tengely \u00e9s a mikrobiom szerepe<\/h2>\t\t\t\t<\/div>\n\t\t\t\t<\/div>\n\t\t\t\t\t<\/div>\n\t\t\t\t<\/div>\n\t\t<div class=\"elementor-element elementor-element-b3d05cc obcs none e-flex e-con-boxed e-con e-parent\" data-id=\"b3d05cc\" data-element_type=\"container\">\n\t\t\t\t\t<div class=\"e-con-inner\">\n\t\t\t\t<div class=\"elementor-element elementor-element-a1530ae elementor-widget elementor-widget-text-editor\" data-id=\"a1530ae\" data-element_type=\"widget\" data-widget_type=\"text-editor.default\">\n\t\t\t\t<div class=\"elementor-widget-container\">\n\t\t\t\t\t\t\t\t\t<p>A b\u00e9l-agy tengely kutat\u00e1sa mintegy f\u00e9l \u00e9vtizede \u00e1ll a tudom\u00e1ny k\u00f6z\u00e9ppontj\u00e1ban. Ma m\u00e1r <strong>h\u00e1rom f\u0151 &#8222;pill\u00e9rr\u0151l&#8221;<\/strong> tudunk, amelyeken kereszt\u00fcl a b\u00e9l a maga bakt\u00e9riumaival \u00e9s egy\u00e9b mikroorganizmusaival k\u00f6lcs\u00f6n\u00f6sen kommunik\u00e1l az aggyal.<\/p><p>A <strong>nervus vagus<\/strong> &#8211; mint els\u0151 pill\u00e9r &#8211; afferens \u00e9s efferens neuron\u00e1lis p\u00e1ly\u00e1kon kereszt\u00fcl k\u00f6zvet\u00edt\u0151 szerepet t\u00f6lt be. Az inform\u00e1ci\u00f3\u00e1tvitelben szerepet j\u00e1tszanak a neurotranszmitterek (pl. GABA \u00e9s szerotonin), amelyeket bizonyos bakt\u00e9riumok k\u00f6zvetlen\u00fcl is k\u00e9pesek el\u0151\u00e1ll\u00edtani.<\/p><p>A m\u00e1sodik pill\u00e9r az <a href=\"https:\/\/www.omni-biotic.com\/hu-hu\/a-belrendszer-egeszsege\/a-bel-hataskore\/az-immunrendszer\/\"><strong>immunrendszer.<\/strong><\/a> A neuroinflamm\u00e1ci\u00f3 befoly\u00e1solja a <strong><a href=\"https:\/\/www.omni-biotic.com\/hu-hu\/a-belrendszer-egeszsege\/a-bel-az-egeszseg-kozpontja\/belmikrobiom\/\">b\u00e9lmikrobiom<\/a> <\/strong>diverzit\u00e1s\u00e1t \u00e9s \u00f6sszet\u00e9tel\u00e9t. A b\u00e9lben l\u00e9v\u0151 mikroorganizmusok viszont szab\u00e1lyozz\u00e1k az immunsejtek fejl\u0151d\u00e9s\u00e9t \u00e9s \u00e9r\u00e9s\u00e9t, eg\u00e9szen az agyban l\u00e9v\u0151 specializ\u00e1lt v\u00e9dekez\u0151 sejtekig (mikroglia).<\/p><p>Harmadik pill\u00e9rk\u00e9nt a <strong>neuroendokrin hormonok<\/strong> befoly\u00e1solj\u00e1k az em\u00e9szt\u0151rendszer\u00fcnk k\u00f6z\u00f6ss\u00e9g\u00e9t. A bakteri\u00e1lis metabolitok (anyagcsere-term\u00e9kek) viszont k\u00f6zvetlen\u00fcl vagy el\u0151anyagk\u00e9nt hatnak az emberi g\u00e9nkifejez\u0151d\u00e9sre \u00e9s hormontermel\u00e9sre. A kutat\u00f3knak nemr\u00e9giben siker\u00fclt kimutatniuk egy modellben a <strong><a href=\"https:\/\/www.omni-biotic.com\/hu-hu\/a-belrendszer-egeszsege\/a-bel-az-egeszseg-kozpontja\/prebiotikum\/\">prebiotikus<\/a> <\/strong>anyagok hat\u00e1s\u00e1t a cirkadi\u00e1n ritmusra.<\/p><p>Egy flavonoid (n\u00f6v\u00e9nyi anyag) t\u00f6rt\u00e9n\u0151 \u00e9tellel t\u00f6rt\u00e9n\u0151 bevitele mind a mikrobi\u00e1lis \u00f6sszet\u00e9telben, mind a mikroorganizmusok \u00e1ltal termelt <strong>anyagcsere-term\u00e9kek<\/strong> tekintet\u00e9ben v\u00e1ltoz\u00e1st eredm\u00e9nyezett. A cirkadi\u00e1n ritmus, amely kor\u00e1bban zavart volt az \u00e1llatokn\u00e1l, normaliz\u00e1l\u00f3dott.<\/p>\t\t\t\t\t\t\t\t<\/div>\n\t\t\t\t<\/div>\n\t\t\t\t\t<\/div>\n\t\t\t\t<\/div>\n\t\t<div class=\"elementor-element elementor-element-ce96f4e obcs none e-flex e-con-boxed e-con e-parent\" data-id=\"ce96f4e\" data-element_type=\"container\">\n\t\t\t\t\t<div class=\"e-con-inner\">\n\t\t\t\t<div class=\"elementor-element elementor-element-8e1ab8b elementor-widget elementor-widget-heading\" data-id=\"8e1ab8b\" data-element_type=\"widget\" data-widget_type=\"heading.default\">\n\t\t\t\t<div class=\"elementor-widget-container\">\n\t\t\t\t\t<h2 class=\"elementor-heading-title elementor-size-default\">Probiotikum: fenntarthat\u00f3 seg\u00edts\u00e9g alv\u00e1szavar eset\u00e9n<\/h2>\t\t\t\t<\/div>\n\t\t\t\t<\/div>\n\t\t\t\t\t<\/div>\n\t\t\t\t<\/div>\n\t\t<div class=\"elementor-element elementor-element-918a06d obcs none e-flex e-con-boxed e-con e-parent\" data-id=\"918a06d\" data-element_type=\"container\">\n\t\t\t\t\t<div class=\"e-con-inner\">\n\t\t\t\t<div class=\"elementor-element elementor-element-d9ca247 elementor-widget elementor-widget-text-editor\" data-id=\"d9ca247\" data-element_type=\"widget\" data-widget_type=\"text-editor.default\">\n\t\t\t\t<div class=\"elementor-widget-container\">\n\t\t\t\t\t\t\t\t\t<p>Att\u00f3l f\u00fcgg\u0151en, hogy mivel t\u00e1pl\u00e1ljuk bakt\u00e9riumainkat, <strong>anyagcsereterm\u00e9keik<\/strong> eg\u00e9szs\u00e9gfejleszt\u0151 hat\u00e1ssal vannak r\u00e1nk. Sz\u00e1mos tanulm\u00e1ny sor\u00e1n vizsg\u00e1lt\u00e1k a bakt\u00e9riumok \u00f6sszet\u00e9tele \u00e9s az alv\u00e1s k\u00f6z\u00f6tti <strong>k\u00f6lcs\u00f6n\u00f6nhat\u00e1st<\/strong>, illetve az \u00e9jszakai alv\u00e1szavar hat\u00e1s\u00e1t a bakt\u00e9riumok koloniz\u00e1ci\u00f3j\u00e1ra. E kutat\u00e1s olyan felismer\u00e9seket hozott, amelyeknek k\u00f6sz\u00f6nhet\u0151en ma m\u00e1r tudjuk, hogy a b\u00e9lben l\u00e9v\u0151<strong> mikrobi\u00e1lis zavarok<\/strong> n\u00f6velik a b\u00e9lg\u00e1t <a href=\"https:\/\/www.omni-biotic.com\/hu-hu\/belpanaszok\/atereszto-bel-szindroma\/\">\u00e1tereszt\u0151k\u00e9pess\u00e9g\u00e9t<\/a> \u00e9s <a href=\"https:\/\/www.omni-biotic.com\/hu-hu\/belpanaszok\/kronikus-gyulladasos-belbetegsegek-ibd\/\">kr\u00f3nikus gyullad\u00e1st<\/a> v\u00e1lthatnak ki. A le\u00edrt p\u00e1ly\u00e1kon kereszt\u00fcl az aggyal val\u00f3 akt\u00edv kommunik\u00e1ci\u00f3 negat\u00edvan hat az alv\u00e1sra.<\/p>\t\t\t\t\t\t\t\t<\/div>\n\t\t\t\t<\/div>\n\t\t\t\t\t<\/div>\n\t\t\t\t<\/div>\n\t\t<div class=\"elementor-element elementor-element-5e1420e obcs none e-flex e-con-boxed e-con e-parent\" data-id=\"5e1420e\" data-element_type=\"container\">\n\t\t\t\t\t<div class=\"e-con-inner\">\n\t\t\t\t<div class=\"elementor-element elementor-element-6f7c16b elementor-widget elementor-widget-image\" data-id=\"6f7c16b\" data-element_type=\"widget\" data-widget_type=\"image.default\">\n\t\t\t\t<div class=\"elementor-widget-container\">\n\t\t\t\t\t\t\t\t\t\t\t\t\t\t\t<img decoding=\"async\" width=\"800\" height=\"457\" src=\"https:\/\/www.omni-biotic.com\/hu-hu\/wp-content\/uploads\/sites\/7\/2023\/10\/alvasi-zavarok-probiotikum-1024x585-1.png\" class=\"attachment-large size-large wp-image-20349\" alt=\"\" srcset=\"https:\/\/www.omni-biotic.com\/hu-hu\/wp-content\/uploads\/sites\/7\/2023\/10\/alvasi-zavarok-probiotikum-1024x585-1.png 1024w, https:\/\/www.omni-biotic.com\/hu-hu\/wp-content\/uploads\/sites\/7\/2023\/10\/alvasi-zavarok-probiotikum-1024x585-1-300x171.png 300w, https:\/\/www.omni-biotic.com\/hu-hu\/wp-content\/uploads\/sites\/7\/2023\/10\/alvasi-zavarok-probiotikum-1024x585-1-768x439.png 768w\" sizes=\"(max-width: 800px) 100vw, 800px\" title=\"\">\t\t\t\t\t\t\t\t\t\t\t\t\t\t\t<\/div>\n\t\t\t\t<\/div>\n\t\t\t\t<div class=\"elementor-element elementor-element-612e6f9 elementor-widget elementor-widget-heading\" data-id=\"612e6f9\" data-element_type=\"widget\" data-widget_type=\"heading.default\">\n\t\t\t\t<div class=\"elementor-widget-container\">\n\t\t\t\t\t<h4 class=\"elementor-heading-title elementor-size-default\">A mikrobiom a kr\u00f3nikus alv\u00e1szavarok fontos ter\u00e1pi\u00e1s c\u00e9lpontja lehet a j\u00f6v\u0151ben.<\/h4>\t\t\t\t<\/div>\n\t\t\t\t<\/div>\n\t\t\t\t\t<\/div>\n\t\t\t\t<\/div>\n\t\t<div class=\"elementor-element elementor-element-fbff2d4 obcs none e-flex e-con-boxed e-con e-parent\" data-id=\"fbff2d4\" data-element_type=\"container\">\n\t\t\t\t\t<div class=\"e-con-inner\">\n\t\t\t\t<div class=\"elementor-element elementor-element-3c0dcbf elementor-widget elementor-widget-text-editor\" data-id=\"3c0dcbf\" data-element_type=\"widget\" data-widget_type=\"text-editor.default\">\n\t\t\t\t<div class=\"elementor-widget-container\">\n\t\t\t\t\t\t\t\t\t<p>Egy vizsg\u00e1lat sor\u00e1n, amelyben a tesztalanyok n\u00e9gy h\u00e9ten kereszt\u00fcl <strong>t\u00f6bbfaj\u00fa probiotikumot<\/strong> szedtek, a tud\u00f3sok kimutatt\u00e1k, hogy a probiotikum <strong>pozit\u00edvan<\/strong> hatott a <strong>mem\u00f3riateljes\u00edtm\u00e9nyre<\/strong>, ritk\u00e1bban fordult el\u0151 <strong>rossz hangulat<\/strong> \u00e9s <strong>szorong\u00e1s<\/strong>, \u00e9s megv\u00e1ltozott bizonyos agyi ter\u00fcletek aktivit\u00e1sa. Egy m\u00e1sik vizsg\u00e1lat sor\u00e1n k\u00f6zel 10 000 r\u00e9sztvev\u0151, akik a koronav\u00edrus j\u00e1rv\u00e1ny sor\u00e1n nagy <strong>stressznek<\/strong> voltak kit\u00e9ve, k\u00e9t h\u00e9ten kereszt\u00fcl naponta t\u00f6bb fajb\u00f3l \u00e1ll\u00f3 probiotikumot is szedtek. A kutat\u00f3k jelent\u0151s javul\u00e1st tapasztaltak az <strong>alv\u00e1smin\u0151s\u00e9g<\/strong>, a <strong>vitalit\u00e1s<\/strong>, a <strong>ment\u00e1lis<\/strong> <strong>eg\u00e9szs\u00e9g<\/strong>, a <strong>teljes\u00edtm\u00e9ny<\/strong> \u00e9s a <strong>stresszel<\/strong> szembeni ellen\u00e1ll\u00f3 k\u00e9pess\u00e9g ter\u00e9n.<\/p><p>M\u00e1r <strong>k\u00e9thetes<\/strong> alkalmaz\u00e1sa is pozit\u00edvan hatott az alv\u00e1s min\u0151s\u00e9g\u00e9re. A mikrobiom a kr\u00f3nikus alv\u00e1szavar fontos ter\u00e1pi\u00e1s c\u00e9lpontj\u00e1t jelenti a j\u00f6v\u0151ben. Az orvosilag relev\u00e1ns, j\u00f3 min\u0151s\u00e9g\u0171 <strong>probiotikum<\/strong>\u00a0alkalmaz\u00e1sa hat\u00e9kony ter\u00e1pi\u00e1s beavatkoz\u00e1si eszk\u00f6z, amellyel fenntarthat\u00f3an cs\u00f6kkenthet\u0151k az eg\u00e9szs\u00e9g\u00fcgyi rendszer k\u00f6lts\u00e9gei is a kialakul\u00f3 m\u00e1sodlagos betegs\u00e9gek miatt.<\/p><p>V\u00e9g\u00fcl, de nem utols\u00f3sorban, a klinikai vizsg\u00e1latok leg\u00fajabb eredm\u00e9nyei azt bizony\u00edtj\u00e1k, hogy a <strong>b\u00e9l \u00e9s az agy<\/strong> \u00f6sszetett, folyamatos <strong>k\u00f6lcs\u00f6nhat\u00e1sban<\/strong> \u00e1ll. A b\u00e1rmelyik oldalon fell\u00e9p\u0151 zavar kibillenti a rendszert az <strong>egyens\u00faly\u00e1b\u00f3l<\/strong>. Egy rendk\u00edv\u00fcl hat\u00e9kony, orvosilag relev\u00e1ns <a href=\"https:\/\/www.omni-biotic.com\/hu-hu\/a-belrendszer-egeszsege\/a-bel-az-egeszseg-kozpontja\/probiotikum\/\"><strong>probiotikum<\/strong> <\/a>szed\u00e9se bizony\u00edtottan befoly\u00e1solja az agyi aktivit\u00e1st.<\/p><p>\u00a0<\/p><hr \/><hr \/><h1>\u00a0<\/h1><h1 class=\"m-0\">META-CARE\u00ae Nyugodt alv\u00e1s<img decoding=\"async\" class=\"size-medium wp-image-19486 img-fluid alignright\" src=\"https:\/\/www.omni-biotic.com\/hu-hu\/wp-content\/uploads\/sites\/7\/2023\/11\/META-CARE-Nyudogt-alvas-229x300.png\" alt=\"probiotikum stresskezel\u00e9sre, mikrobiom, b\u00e9lrendszer, alv\u00e1szavar, alvas zavar, alv\u00e1s zavar, alv\u00e1szavar kezel\u00e9se, \u00e1lmatlans\u00e1g okai, alvaszavar, alv\u00e1szavarok, almatlansag okai\" width=\"229\" height=\"300\" title=\"\" srcset=\"https:\/\/www.omni-biotic.com\/hu-hu\/wp-content\/uploads\/sites\/7\/2023\/11\/META-CARE-Nyudogt-alvas-229x300.png 229w, https:\/\/www.omni-biotic.com\/hu-hu\/wp-content\/uploads\/sites\/7\/2023\/11\/META-CARE-Nyudogt-alvas.png 705w\" sizes=\"(max-width: 229px) 100vw, 229px\" \/><\/h1><p>A regener\u00e1l\u00f3 alv\u00e1s\u00e9rt<\/p><ul><li>5 hagyom\u00e1nyosan bev\u00e1lt n\u00f6v\u00e9nyi anyag egyed\u00fcl\u00e1ll\u00f3 kombin\u00e1ci\u00f3ja<\/li><li>A melatonin &#8222;alv\u00e1shormonnal&#8221; kieg\u00e9sz\u00edtve ler\u00f6vid\u00edti az elalv\u00e1shoz sz\u00fcks\u00e9ges id\u0151t.<\/li><li>Mesters\u00e9ges adal\u00e9kanyagokt\u00f3l mentes<\/li><\/ul>\t\t\t\t\t\t\t\t<\/div>\n\t\t\t\t<\/div>\n\t\t\t\t<div class=\"elementor-element elementor-element-5469383 elementor-align-center elementor-widget elementor-widget-button\" data-id=\"5469383\" data-element_type=\"widget\" data-widget_type=\"button.default\">\n\t\t\t\t<div class=\"elementor-widget-container\">\n\t\t\t\t\t\t\t\t\t<div class=\"elementor-button-wrapper\">\n\t\t\t\t\t<a class=\"elementor-button elementor-button-link elementor-size-lg\" href=\"https:\/\/shop.omni-biotic.com\/hu-hu\/products\/meta-care-schlaf-ruhig-42723\">\n\t\t\t\t\t\t<span class=\"elementor-button-content-wrapper\">\n\t\t\t\t\t\t\t\t\t<span class=\"elementor-button-text\">Megn\u00e9zem<\/span>\n\t\t\t\t\t<\/span>\n\t\t\t\t\t<\/a>\n\t\t\t\t<\/div>\n\t\t\t\t\t\t\t\t<\/div>\n\t\t\t\t<\/div>\n\t\t\t\t\t<\/div>\n\t\t\t\t<\/div>\n\t\t<div class=\"elementor-element elementor-element-d8ea824 obcs none e-flex e-con-boxed e-con e-parent\" data-id=\"d8ea824\" data-element_type=\"container\">\n\t\t\t\t\t<div class=\"e-con-inner\">\n\t\t\t\t\t<\/div>\n\t\t\t\t<\/div>\n\t\t\t\t<\/div>\n\t\t","protected":false},"excerpt":{"rendered":"<p>Milyen hat\u00e1ssal van a b\u00e9lrendszer m\u0171k\u00f6d\u00e9se az alv\u00e1s min\u0151s\u00e9g\u00e9re? Olvasson hasznos inform\u00e1ci\u00f3kat a b\u00e9l eg\u00e9szs\u00e9g\u00e9r\u0151l!<\/p>\n","protected":false},"author":19,"featured_media":19103,"comment_status":"closed","ping_status":"closed","sticky":false,"template":"","format":"standard","meta":{"_acf_changed":false,"inline_featured_image":false,"footnotes":""},"categories":[114],"tags":[],"class_list":["post-19050","post","type-post","status-publish","format-standard","has-post-thumbnail","hentry","category-eletmod"],"acf":[],"rank_math":{"og:title":"Probiotikumok alkalmaz\u00e1sa alv\u00e1szavar eset\u00e9n? - OMNi-BiOTiC\u00ae","og:desc":"Az alv\u00e1shi\u00e1ny n\u00f6veli a sz\u00edv- \u00e9s \u00e9rrendszeri probl\u00e9m\u00e1k, a magas v\u00e9rnyom\u00e1s kialakul\u00e1s\u00e1nak kock\u00e1zat\u00e1t. Mit tegy\u00fcnk alv\u00e1szavar eset\u00e9n?","og:url":"https:\/\/www.omni-biotic.com\/hu-hu\/blog\/probiotikum-alvaszavar-ellen\/","og:locale":"hu_HU","og:image":"https:\/\/www.omni-biotic.com\/hu-hu\/wp-content\/uploads\/sites\/7\/2023\/10\/alvaszavar-stressz-miatt.jpg","og:image:width":"400","og:image:height":"300"},"additional_data":{"thumbnail":"https:\/\/www.omni-biotic.com\/hu-hu\/wp-content\/uploads\/sites\/7\/2023\/10\/alvaszavar-stressz-miatt.jpg"},"blog_info":{"country":"hu-hu"},"_links":{"self":[{"href":"https:\/\/www.omni-biotic.com\/hu-hu\/wp-json\/wp\/v2\/posts\/19050","targetHints":{"allow":["GET"]}}],"collection":[{"href":"https:\/\/www.omni-biotic.com\/hu-hu\/wp-json\/wp\/v2\/posts"}],"about":[{"href":"https:\/\/www.omni-biotic.com\/hu-hu\/wp-json\/wp\/v2\/types\/post"}],"author":[{"embeddable":true,"href":"https:\/\/www.omni-biotic.com\/hu-hu\/wp-json\/wp\/v2\/users\/19"}],"replies":[{"embeddable":true,"href":"https:\/\/www.omni-biotic.com\/hu-hu\/wp-json\/wp\/v2\/comments?post=19050"}],"version-history":[{"count":7,"href":"https:\/\/www.omni-biotic.com\/hu-hu\/wp-json\/wp\/v2\/posts\/19050\/revisions"}],"predecessor-version":[{"id":20353,"href":"https:\/\/www.omni-biotic.com\/hu-hu\/wp-json\/wp\/v2\/posts\/19050\/revisions\/20353"}],"wp:featuredmedia":[{"embeddable":true,"href":"https:\/\/www.omni-biotic.com\/hu-hu\/wp-json\/wp\/v2\/media\/19103"}],"wp:attachment":[{"href":"https:\/\/www.omni-biotic.com\/hu-hu\/wp-json\/wp\/v2\/media?parent=19050"}],"wp:term":[{"taxonomy":"category","embeddable":true,"href":"https:\/\/www.omni-biotic.com\/hu-hu\/wp-json\/wp\/v2\/categories?post=19050"},{"taxonomy":"post_tag","embeddable":true,"href":"https:\/\/www.omni-biotic.com\/hu-hu\/wp-json\/wp\/v2\/tags?post=19050"}],"curies":[{"name":"wp","href":"https:\/\/api.w.org\/{rel}","templated":true}]}}