{"id":19147,"date":"2023-10-18T10:17:21Z","date_gmt":"2023-10-18T08:17:21Z","guid":{"rendered":"https:\/\/www.omni-biotic.com\/hu-hu\/?p=19147"},"modified":"2024-01-30T11:17:36Z","modified_gmt":"2024-01-30T10:17:36Z","slug":"hogyan-lehet-hatni-az-ujszulott-hangulatara","status":"publish","type":"post","link":"https:\/\/www.omni-biotic.com\/hu-hu\/blog\/hogyan-lehet-hatni-az-ujszulott-hangulatara\/","title":{"rendered":"Hogyan lehet hatni az \u00fajsz\u00fcl\u00f6tt hangulat\u00e1ra?"},"content":{"rendered":"\t\t<div data-elementor-type=\"wp-post\" data-elementor-id=\"19147\" class=\"elementor elementor-19147\" data-elementor-post-type=\"post\">\n\t\t\t\t<div class=\"elementor-element elementor-element-3db485d obcs none e-flex e-con-boxed e-con e-parent\" data-id=\"3db485d\" data-element_type=\"container\">\n\t\t\t\t\t<div class=\"e-con-inner\">\n\t\t\t\t<div class=\"elementor-element elementor-element-28b04ad elementor-widget elementor-widget-image\" data-id=\"28b04ad\" data-element_type=\"widget\" data-widget_type=\"image.default\">\n\t\t\t\t<div class=\"elementor-widget-container\">\n\t\t\t\t\t\t\t\t\t\t\t\t\t\t\t<img fetchpriority=\"high\" decoding=\"async\" width=\"768\" height=\"425\" src=\"https:\/\/www.omni-biotic.com\/hu-hu\/wp-content\/uploads\/sites\/7\/2023\/10\/ujszulott-hangulata-baba-probiotikum1024x566-768x425.png\" class=\"attachment-medium_large size-medium_large wp-image-20344\" alt=\"bab\u00e1k hangulata, csecsem\u0151k mikrobiomja, bab\u00e1k mikrobiomja, baba probiotikum, gyerek probiotikum\" srcset=\"https:\/\/www.omni-biotic.com\/hu-hu\/wp-content\/uploads\/sites\/7\/2023\/10\/ujszulott-hangulata-baba-probiotikum1024x566-768x425.png 768w, https:\/\/www.omni-biotic.com\/hu-hu\/wp-content\/uploads\/sites\/7\/2023\/10\/ujszulott-hangulata-baba-probiotikum1024x566-300x166.png 300w, https:\/\/www.omni-biotic.com\/hu-hu\/wp-content\/uploads\/sites\/7\/2023\/10\/ujszulott-hangulata-baba-probiotikum1024x566.png 1024w\" sizes=\"(max-width: 768px) 100vw, 768px\" title=\"\">\t\t\t\t\t\t\t\t\t\t\t\t\t\t\t<\/div>\n\t\t\t\t<\/div>\n\t\t\t\t<div class=\"elementor-element elementor-element-1aaed1e elementor-widget elementor-widget-spacer\" data-id=\"1aaed1e\" data-element_type=\"widget\" data-widget_type=\"spacer.default\">\n\t\t\t\t<div class=\"elementor-widget-container\">\n\t\t\t\t\t\t\t<div class=\"elementor-spacer\">\n\t\t\t<div class=\"elementor-spacer-inner\"><\/div>\n\t\t<\/div>\n\t\t\t\t\t\t<\/div>\n\t\t\t\t<\/div>\n\t\t\t\t<div class=\"elementor-element elementor-element-c7ded5a elementor-widget elementor-widget-text-editor\" data-id=\"c7ded5a\" data-element_type=\"widget\" data-widget_type=\"text-editor.default\">\n\t\t\t\t<div class=\"elementor-widget-container\">\n\t\t\t\t\t\t\t\t\t<p><em>A <a href=\"https:\/\/www.omni-biotic.com\/hu-hu\/a-belrendszer-egeszsege\/a-bel-az-egeszseg-kozpontja\/belflora\/\"><strong>b\u00e9lfl\u00f3ra<\/strong> <\/a>jelent\u0151s\u00e9ge az <strong>\u00fajsz\u00fcl\u00f6ttek j\u00f3ll\u00e9t\u00e9re<\/strong> n\u00e9zve m\u00e1r ismert kor\u00e1bbi vizsg\u00e1latokb\u00f3l. A leg\u00fajabb eredm\u00e9ny azonban egy \u00fatt\u00f6r\u0151 longitudin\u00e1lis kutat\u00e1sb\u00f3l sz\u00e1rmazik, amely nemcsak meger\u0151s\u00edti, hanem ki is terjeszti, hogy <strong>a csecsem\u0151 pocakj\u00e1ban<\/strong> l\u00e9v\u0151 <a href=\"https:\/\/www.omni-biotic.com\/hu-hu\/a-belrendszer-egeszsege\/a-bel-az-egeszseg-kozpontja\/belmikrobiom\/\"><strong>b\u00e9lmikrobiom<\/strong> <\/a>hogyan befoly\u00e1solja a bab\u00e1k <strong>temperamentum\u00e1t<\/strong>.<\/em><\/p>\t\t\t\t\t\t\t\t<\/div>\n\t\t\t\t<\/div>\n\t\t\t\t<div class=\"elementor-element elementor-element-30ad25d elementor-widget elementor-widget-heading\" data-id=\"30ad25d\" data-element_type=\"widget\" data-widget_type=\"heading.default\">\n\t\t\t\t<div class=\"elementor-widget-container\">\n\t\t\t\t\t<h2 class=\"elementor-heading-title elementor-size-default\">\u00daj t\u00e1vlatok az \u00fatt\u00f6r\u0151 tanulm\u00e1nynak k\u00f6sz\u00f6nhet\u0151en<\/h2>\t\t\t\t<\/div>\n\t\t\t\t<\/div>\n\t\t\t\t\t<\/div>\n\t\t\t\t<\/div>\n\t\t<div class=\"elementor-element elementor-element-cad7016 obcs none e-flex e-con-boxed e-con e-parent\" data-id=\"cad7016\" data-element_type=\"container\">\n\t\t\t\t\t<div class=\"e-con-inner\">\n\t\t\t\t<div class=\"elementor-element elementor-element-c854049 elementor-widget elementor-widget-text-editor\" data-id=\"c854049\" data-element_type=\"widget\" data-widget_type=\"text-editor.default\">\n\t\t\t\t<div class=\"elementor-widget-container\">\n\t\t\t\t\t\t\t\t\t<p>Ez a tanulm\u00e1ny el\u0151sz\u00f6r alkalmazott longitudin\u00e1lis kohorszot a <strong><a href=\"https:\/\/www.omni-biotic.com\/hu-hu\/a-belrendszer-egeszsege\/a-bel-az-egeszseg-kozpontja\/belmikrobiom\/\">b\u00e9lmikrobiom<\/a> v\u00e1ltoz\u00e1sai<\/strong> \u00e9s a <strong>kisgyermekek temperamentuma<\/strong> k\u00f6z\u00f6tti lehets\u00e9ges <strong>ok-okozati \u00f6sszef\u00fcgg\u00e9sek<\/strong> vizsg\u00e1lat\u00e1ra az \u00e9let els\u0151 k\u00e9t \u00e9v\u00e9ben. A kutat\u00f3k line\u00e1ris regresszi\u00f3s elemz\u00e9sekkel \u00e9s t\u00f6bbr\u00e9teg\u0171 mikrobiom-asszoci\u00e1ci\u00f3s elemz\u00e9ssel r\u00e9szletesen megvizsg\u00e1lt\u00e1k a b\u00e9lmikrobiom \u00e9s a fiatal alanyok m\u00e9rhet\u0151 temperamentuma k\u00f6z\u00f6tti kapcsolat id\u0151beli alakul\u00e1s\u00e1t.<\/p>\t\t\t\t\t\t\t\t<\/div>\n\t\t\t\t<\/div>\n\t\t\t\t\t<\/div>\n\t\t\t\t<\/div>\n\t\t<div class=\"elementor-element elementor-element-28b2ed1 obcs none e-flex e-con-boxed e-con e-parent\" data-id=\"28b2ed1\" data-element_type=\"container\">\n\t\t\t\t\t<div class=\"e-con-inner\">\n\t\t\t\t<div class=\"elementor-element elementor-element-0a6bd69 elementor-widget elementor-widget-heading\" data-id=\"0a6bd69\" data-element_type=\"widget\" data-widget_type=\"heading.default\">\n\t\t\t\t<div class=\"elementor-widget-container\">\n\t\t\t\t\t<h2 class=\"elementor-heading-title elementor-size-default\">A kapcsolat \u00e1ttekint\u00e9se<\/h2>\t\t\t\t<\/div>\n\t\t\t\t<\/div>\n\t\t\t\t<div class=\"elementor-element elementor-element-468488c elementor-widget elementor-widget-text-editor\" data-id=\"468488c\" data-element_type=\"widget\" data-widget_type=\"text-editor.default\">\n\t\t\t\t<div class=\"elementor-widget-container\">\n\t\t\t\t\t\t\t\t\t<p>A vizsg\u00e1latban \u00f6sszesen <strong>41 csecsem\u0151t<\/strong> (25 l\u00e1nyt \u00e9s 16 fi\u00fat) elemeztek <strong>142 sz\u00e9kletminta<\/strong> seg\u00edts\u00e9g\u00e9vel. Az eredm\u00e9nyek azt mutatt\u00e1k, hogy a b\u00e9lben l\u00e9v\u0151 mikrobi\u00e1lis diverzit\u00e1s, amelyet a Shannon-index \u00e9s a Chao-1 index seg\u00edts\u00e9g\u00e9vel m\u00e9rtek, negat\u00edvan korrel\u00e1ci\u00f3ba ker\u00fclt a sz\u00fclet\u00e9skori &#8222;rosszkedv&#8221; dimenzi\u00f3val. M\u00e1s sz\u00f3val, a sz\u00fclet\u00e9skori b\u00e9lfl\u00f3ra nagyobb v\u00e1ltozatoss\u00e1ga miatt az \u00fajsz\u00fcl\u00f6ttek<strong> kev\u00e9sb\u00e9 voltak <\/strong>&#8222;<strong>lehangoltak<\/strong>&#8221; az \u00e9let els\u0151 napjaiban. Amikor a Shannon- \u00e9s Chao-1-index 6 h\u00f3nap ut\u00e1n magasabb volt, a gyerekek magasabb pontsz\u00e1mot mutattak a &#8222;<strong>lelkesed\u00e9s\/extrovert\u00e1lts\u00e1g<\/strong>&#8221; dimenzi\u00f3ban. V\u00e9g\u00fcl, a magasabb Shannon- \u00e9s Chao-1-index pontsz\u00e1mok 2 \u00e9ves korban \u00f6sszef\u00fcgg\u00e9sbe ker\u00fcltek az &#8222;<strong>aranyoss\u00e1g<\/strong>&#8221; dimenzi\u00f3 magasabb pontsz\u00e1maival.<\/p>\t\t\t\t\t\t\t\t<\/div>\n\t\t\t\t<\/div>\n\t\t\t\t\t<\/div>\n\t\t\t\t<\/div>\n\t\t<div class=\"elementor-element elementor-element-636db81 obcs none e-flex e-con-boxed e-con e-parent\" data-id=\"636db81\" data-element_type=\"container\">\n\t\t\t\t\t<div class=\"e-con-inner\">\n\t\t\t\t<div class=\"elementor-element elementor-element-92834fb elementor-widget elementor-widget-heading\" data-id=\"92834fb\" data-element_type=\"widget\" data-widget_type=\"heading.default\">\n\t\t\t\t<div class=\"elementor-widget-container\">\n\t\t\t\t\t<h2 class=\"elementor-heading-title elementor-size-default\">\u00cdzel\u00edt\u0151 a j\u00f6v\u0151beli fejl\u0151d\u00e9sr\u0151l<\/h2>\t\t\t\t<\/div>\n\t\t\t\t<\/div>\n\t\t\t\t\t<\/div>\n\t\t\t\t<\/div>\n\t\t<div class=\"elementor-element elementor-element-eb1b5af obcs none e-flex e-con-boxed e-con e-parent\" data-id=\"eb1b5af\" data-element_type=\"container\">\n\t\t\t\t\t<div class=\"e-con-inner\">\n\t\t\t\t<div class=\"elementor-element elementor-element-70f7e53 elementor-widget elementor-widget-text-editor\" data-id=\"70f7e53\" data-element_type=\"widget\" data-widget_type=\"text-editor.default\">\n\t\t\t\t<div class=\"elementor-widget-container\">\n\t\t\t\t\t\t\t\t\t<p>Ennek az \u00fatt\u00f6r\u0151 <strong>tanulm\u00e1nynak<\/strong> az eredm\u00e9nye els\u0151 alkalommal er\u0151s\u00edti meg a kor\u00e1bban csak sejtett kapcsolatot a <a href=\"https:\/\/www.omni-biotic.com\/hu-hu\/blog\/csaszarmetszes-vagy-termeszetes-szueles-a-baba-belmikrobiomja\/\"><strong>b\u00e9lmikrobiom<\/strong> <\/a>sokf\u00e9les\u00e9g\u00e9ben \u00e9s \u00f6sszet\u00e9tel\u00e9ben bek\u00f6vetkez\u0151 v\u00e1ltoz\u00e1sok \u00e9s a kisgyermekek temperamentuma k\u00f6z\u00f6tt az els\u0151 k\u00e9t \u00e9let\u00e9vben. A kutat\u00e1s azt mutatja, hogy a sz\u00fclet\u00e9skor a <em>Bacteroides<\/em> \u00e9s a <em>Bifidobacterium<\/em> nemzets\u00e9gek fajai \u00e1ltal domin\u00e1lt mikrobi\u00e1lis k\u00f6z\u00f6ss\u00e9g, valamint a <a href=\"https:\/\/www.omni-biotic.com\/hu-hu\/a-belrendszer-egeszsege\/a-bel-az-egeszseg-kozpontja\/belmikrobiom\/\"><strong>b\u00e9lmikrobiom<\/strong> <\/a>diverzit\u00e1sa a k\u00fcl\u00f6nb\u00f6z\u0151 id\u0151pontokban hozz\u00e1j\u00e1rul a vizsg\u00e1lt gyermekek pozit\u00edv hangulat\u00e1nak kialakul\u00e1s\u00e1hoz. Ez a tanulm\u00e1ny azt is hangs\u00falyozza, hogy a b\u00e9lmikrobiom <strong><a href=\"https:\/\/www.omni-biotic.com\/hu-hu\/a-belrendszer-egeszsege\/a-bel-hataskore\/terhesseg-szoptatas\/\">sz\u00fclet\u00e9skori<\/a><\/strong> \u00f6sszet\u00e9tel\u00e9nek fontos szerepe van a csecsem\u0151k k\u00e9s\u0151bbi temperamentum\u00e1nak kialakul\u00e1s\u00e1ban.<\/p>\t\t\t\t\t\t\t\t<\/div>\n\t\t\t\t<\/div>\n\t\t\t\t\t<\/div>\n\t\t\t\t<\/div>\n\t\t<div class=\"elementor-element elementor-element-1df4c0b obcs none e-flex e-con-boxed e-con e-parent\" data-id=\"1df4c0b\" data-element_type=\"container\">\n\t\t\t\t\t<div class=\"e-con-inner\">\n\t\t\t\t<div class=\"elementor-element elementor-element-8ffd594 elementor-widget elementor-widget-text-editor\" data-id=\"8ffd594\" data-element_type=\"widget\" data-widget_type=\"text-editor.default\">\n\t\t\t\t<div class=\"elementor-widget-container\">\n\t\t\t\t\t\t\t\t\t<p>Az eredeti forr\u00e1shoz: <a href=\"https:\/\/www.sciencedirect.com\/science\/article\/abs\/pii\/S0165032723005372\" target=\"_blank\" rel=\"noopener\">Kattintson ide<\/a><\/p>\t\t\t\t\t\t\t\t<\/div>\n\t\t\t\t<\/div>\n\t\t\t\t\t<\/div>\n\t\t\t\t<\/div>\n\t\t\t\t<\/div>\n\t\t","protected":false},"excerpt":{"rendered":"<p>A b\u00e9lmikrobiom sokf\u00e9les\u00e9ge hat\u00e1ssal van az \u00fajsz\u00fcl\u00f6tt temperamentum\u00e1ra \u00e9s hangulat\u00e1ra. Hogyan lehets\u00e9ges ez? Olvasson tov\u00e1bb! <\/p>\n","protected":false},"author":19,"featured_media":19499,"comment_status":"closed","ping_status":"closed","sticky":false,"template":"","format":"standard","meta":{"_acf_changed":false,"inline_featured_image":false,"footnotes":""},"categories":[113],"tags":[],"class_list":["post-19147","post","type-post","status-publish","format-standard","has-post-thumbnail","hentry","category-anya-gyermek"],"acf":[],"rank_math":[],"additional_data":{"thumbnail":"https:\/\/www.omni-biotic.com\/hu-hu\/wp-content\/uploads\/sites\/7\/2023\/10\/baba-probiotikum.jpg"},"blog_info":{"country":"hu-hu"},"_links":{"self":[{"href":"https:\/\/www.omni-biotic.com\/hu-hu\/wp-json\/wp\/v2\/posts\/19147","targetHints":{"allow":["GET"]}}],"collection":[{"href":"https:\/\/www.omni-biotic.com\/hu-hu\/wp-json\/wp\/v2\/posts"}],"about":[{"href":"https:\/\/www.omni-biotic.com\/hu-hu\/wp-json\/wp\/v2\/types\/post"}],"author":[{"embeddable":true,"href":"https:\/\/www.omni-biotic.com\/hu-hu\/wp-json\/wp\/v2\/users\/19"}],"replies":[{"embeddable":true,"href":"https:\/\/www.omni-biotic.com\/hu-hu\/wp-json\/wp\/v2\/comments?post=19147"}],"version-history":[{"count":7,"href":"https:\/\/www.omni-biotic.com\/hu-hu\/wp-json\/wp\/v2\/posts\/19147\/revisions"}],"predecessor-version":[{"id":20347,"href":"https:\/\/www.omni-biotic.com\/hu-hu\/wp-json\/wp\/v2\/posts\/19147\/revisions\/20347"}],"wp:featuredmedia":[{"embeddable":true,"href":"https:\/\/www.omni-biotic.com\/hu-hu\/wp-json\/wp\/v2\/media\/19499"}],"wp:attachment":[{"href":"https:\/\/www.omni-biotic.com\/hu-hu\/wp-json\/wp\/v2\/media?parent=19147"}],"wp:term":[{"taxonomy":"category","embeddable":true,"href":"https:\/\/www.omni-biotic.com\/hu-hu\/wp-json\/wp\/v2\/categories?post=19147"},{"taxonomy":"post_tag","embeddable":true,"href":"https:\/\/www.omni-biotic.com\/hu-hu\/wp-json\/wp\/v2\/tags?post=19147"}],"curies":[{"name":"wp","href":"https:\/\/api.w.org\/{rel}","templated":true}]}}