{"id":20033,"date":"2024-01-16T13:53:49Z","date_gmt":"2024-01-16T12:53:49Z","guid":{"rendered":"https:\/\/www.omni-biotic.com\/hu-hu\/?p=20033"},"modified":"2024-01-25T08:39:42Z","modified_gmt":"2024-01-25T07:39:42Z","slug":"mi-az-a-menopauza","status":"publish","type":"post","link":"https:\/\/www.omni-biotic.com\/hu-hu\/blog\/mi-az-a-menopauza\/","title":{"rendered":"Mi az a menopauza?"},"content":{"rendered":"\t\t<div data-elementor-type=\"wp-post\" data-elementor-id=\"20033\" class=\"elementor elementor-20033\" data-elementor-post-type=\"post\">\n\t\t\t\t<div class=\"elementor-element elementor-element-4b8eb46 obcs none e-flex e-con-boxed e-con e-parent\" data-id=\"4b8eb46\" data-element_type=\"container\">\n\t\t\t\t\t<div class=\"e-con-inner\">\n\t\t\t\t<div class=\"elementor-element elementor-element-9d42fb2 elementor-widget elementor-widget-text-editor\" data-id=\"9d42fb2\" data-element_type=\"widget\" data-widget_type=\"text-editor.default\">\n\t\t\t\t<div class=\"elementor-widget-container\">\n\t\t\t\t\t\t\t\t\t<p><em style=\"font-family: 'Source Sans 3';text-align: var(--text-align);background-color: inherit;font-size: var( --e-global-typography-text-font-size );font-weight: var( --e-global-typography-text-font-weight );letter-spacing: var( --e-global-typography-text-letter-spacing );text-transform: var( --e-global-typography-text-text-transform );color: var(--e-global-color-6b2effc) !important\"><span style=\"color: #800080\">A v\u00e1ltoz\u00f3kor vagy m\u00e1sn\u00e9ven menopauza az utols\u00f3 menstru\u00e1ci\u00f3 el\u0151tti \u00e9s ut\u00e1ni hormon\u00e1lis v\u00e1ltoz\u00e1s id\u0151szaka. A menopauza minden n\u0151 \u00e9let\u00e9ben egy k\u00fcl\u00f6nleges id\u0151szak, amely \u00e1ltal\u00e1ban 45 \u00e9s 55 \u00e9ves kor k\u00f6z\u00f6tt jelentkezik.<\/span><\/em><span id=\"elementor-toc__heading-anchor-0\" class=\"elementor-menu-anchor \" style=\"font-family: 'Source Sans 3'\"><\/span><\/p><h3 style=\"margin-bottom: 0.5em;font-family: 'Source Sans 3'\"><span style=\"color: #800080\">Hogyan hat a v\u00e1ltoz\u00f3kor a szervezetre?<\/span><span id=\"elementor-toc__heading-anchor-1\" class=\"elementor-menu-anchor \" style=\"font-family: 'Source Sans 3'\"><\/span><\/h3><p style=\"margin-bottom: 0.5em;font-family: 'Source Sans 3'\">A menopauza sor\u00e1n a n\u0151k elvesz\u00edtik a term\u00e9szetes \u00faton t\u00f6rt\u00e9n\u0151 teherbees\u00e9si k\u00e9pess\u00e9g\u00fcket. A petef\u00e9szkek m\u00e1r nem termelnek petesejtet, <strong>\u00f6sztrog\u00e9nt<\/strong> vagy <strong>progeszteront<\/strong>. Ezek azok a hormonok, amelyek a menstru\u00e1ci\u00f3s ciklus szempontj\u00e1b\u00f3l kulcsfontoss\u00e1g\u00faak. \u00cdgy ebben a szakaszban a menstru\u00e1ci\u00f3 is le\u00e1ll. Akkor besz\u00e9lhet\u00fcnk menopauz\u00e1r\u00f3l, ha egy n\u0151nek t\u00f6bb mint egy \u00e9ve nem volt menstru\u00e1ci\u00f3ja.<\/p><p style=\"margin-bottom: 0.5em;font-family: 'Source Sans 3'\">Addig a n\u0151kn\u00e9l a hormonszint instabil, a perimenopauza t\u00fcnetei mutatkoznak. A perimenopauza a menstru\u00e1ci\u00f3 elmarad\u00e1sa el\u0151tti r\u00f6vid id\u0151szak. A premenopauza azonban a perimenopauza el\u0151tt k\u00f6vetkezik be. Ez az a szakasz, amikor a petef\u00e9szkek lassabban m\u0171k\u00f6dnek, \u00e9s a <a href=\"https:\/\/www.omni-biotic.com\/hu-hu\/blog\/belbakteriumok-es-hormonok\/\"><strong>hormontermel\u00e9s<\/strong> <\/a>cs\u00f6kken.<\/p><p>A term\u00e9kenys\u00e9g cs\u00f6kken, \u00e9s megjelennek az els\u0151 jelek, p\u00e9ld\u00e1ul a <strong>rendszertelen<\/strong>, <strong>er\u0151s<\/strong> \u00e9s hossz\u00fa menstru\u00e1ci\u00f3, valamint a menstru\u00e1ci\u00f3 el\u0151tti fokozott panaszok. A <strong>posztmenopauza<\/strong> a menopauza utols\u00f3 szakasza, amely pontosan egy \u00e9vvel az utols\u00f3 menstru\u00e1ci\u00f3 ut\u00e1n kezd\u0151dik. Az \u00f6sztrog\u00e9n- \u00e9s progeszterontermel\u00e9s most \u00e9rte el a legalacsonyabb pontot. A menopauza \u00faj szakasza tov\u00e1bbi t\u00fcnetekkel j\u00e1r, p\u00e9ld\u00e1ul sz\u00e1raz <strong><a href=\"https:\/\/www.omni-biotic.com\/hu-hu\/blog\/bor-mikrobiom-es-a-belbakteriumok\/\">b\u0151rrel<\/a><\/strong> \u00e9s ny\u00e1lkah\u00e1rty\u00e1val, h\u00e1t- \u00e9s \u00edz\u00fcleti f\u00e1jdalmakkal. Gyakran kialakul <strong>csontritkul\u00e1s<\/strong>, ami a csontsz\u00f6vet leboml\u00e1s\u00e1t okozza, \u00e9s \u00edgy a csontok k\u00f6nnyebben elt\u00f6rnek. A f\u00e9rfi nemi hormon, a <strong>tesztoszteron<\/strong> t\u00falzott mennyis\u00e9ge miatt a n\u0151k gyakran hajhull\u00e1st vagy<strong> arcsz\u0151rzet n\u00f6veked\u00e9s\u00e9t<\/strong> tapasztalj\u00e1k.<\/p>\t\t\t\t\t\t\t\t<\/div>\n\t\t\t\t<\/div>\n\t\t\t\t<div class=\"elementor-element elementor-element-c4b421a elementor-widget elementor-widget-image\" data-id=\"c4b421a\" data-element_type=\"widget\" data-widget_type=\"image.default\">\n\t\t\t\t<div class=\"elementor-widget-container\">\n\t\t\t\t\t\t\t\t\t\t\t\t\t\t\t<img fetchpriority=\"high\" decoding=\"async\" width=\"768\" height=\"512\" src=\"https:\/\/www.omni-biotic.com\/hu-hu\/wp-content\/uploads\/sites\/7\/2024\/01\/menopauza-huvelyszarazsag.png\" class=\"attachment-large size-large wp-image-20128\" alt=\"menopauza, h\u00fcvelysz\u00e1razs\u00e1g, libid\u00f3, libid\u00f3 cs\u00f6kken\u00e9se,\" srcset=\"https:\/\/www.omni-biotic.com\/hu-hu\/wp-content\/uploads\/sites\/7\/2024\/01\/menopauza-huvelyszarazsag.png 768w, https:\/\/www.omni-biotic.com\/hu-hu\/wp-content\/uploads\/sites\/7\/2024\/01\/menopauza-huvelyszarazsag-300x200.png 300w\" sizes=\"(max-width: 768px) 100vw, 768px\" title=\"\">\t\t\t\t\t\t\t\t\t\t\t\t\t\t\t<\/div>\n\t\t\t\t<\/div>\n\t\t\t\t<div class=\"elementor-element elementor-element-a1fb64e elementor-widget elementor-widget-text-editor\" data-id=\"a1fb64e\" data-element_type=\"widget\" data-widget_type=\"text-editor.default\">\n\t\t\t\t<div class=\"elementor-widget-container\">\n\t\t\t\t\t\t\t\t\t<h2 style=\"margin-bottom: 0.5em;font-family: 'Source Sans 3'\"><span style=\"color: #800080\">A menopauza t\u00fcnetei<\/span><\/h2><p>A menopauza egy <strong>\u00faj \u00e9letszakasz<\/strong> kezdet\u00e9t jelenti a n\u0151k \u00e9let\u00e9ben. Sokuk sz\u00e1m\u00e1ra a menopauza t\u00fcnetmentes, \u00e9s ezt a korszakot nagyon pozit\u00edvan \u00e9lik meg. A mai 50 \u00e9ves n\u0151 jellemvon\u00e1saiban sokat v\u00e1ltozott a kor\u00e1bbiakhoz k\u00e9pest. Nem f\u00e9l besz\u00e9lni a probl\u00e9m\u00e1ir\u00f3l, a neh\u00e9zs\u00e9geir\u0151l \u00e9s a kellemetlen t\u00e9m\u00e1kat is felv\u00e1llalja. A harmadik \u00e9letszakasz <strong>t\u00f6bb figyelmet ig\u00e9nyel a testnek \u00e9s a l\u00e9leknek<\/strong>, de ennek ellen\u00e9re is ez egy kiteljesedett \u00e9letszakasz, amelynek sz\u00e1mos el\u0151nye van. A menopauza sor\u00e1n jelentkez\u0151 t\u00fcnetek szem\u00e9lyenk\u00e9nt elt\u00e9r\u0151ek. Sokan szinte nem is tapasztalnak t\u00fcneteket<\/p><h4><span style=\"font-weight: bolder;color: var(--e-global-color-6b2effc) !important\">H\u0151hull\u00e1mok<\/span><\/h4><p style=\"line-height: 1.4;font-family: 'Source Sans 3'\">A menopauza egyik leggyakoribb jele a <strong>h\u0151hull\u00e1mok<\/strong> megjelen\u00e9se. Hirtelen \u00e9s gyakran ok n\u00e9lk\u00fcl jelentkeznek. <strong>Izzad\u00e1s<\/strong>, kipirult arc \u00e9s sz\u00edvdobog\u00e1s vagy szapora sz\u00edvver\u00e9s tapasztalhat\u00f3. \u00c1ltal\u00e1ban h\u00e1rom \u00e9s hat perc k\u00f6z\u00f6tt tartanak, \u00e9s egy \u00f3ra alatt t\u00f6bbsz\u00f6r is el\u0151fordulhatnak. Az intenzit\u00e1s \u00e9s a gyakoris\u00e1g k\u00f6zvetlen\u00fcl a menopauza k\u00f6r\u00fcli id\u0151szakban n\u00f6vekszik. Kiv\u00e1lt\u00f3 okok lehetnek p\u00e9ld\u00e1ul forr\u00f3 italok, de az alkohol is.<\/p><h4 style=\"margin-bottom: 0.5em;font-family: 'Source Sans 3'\"><span style=\"font-weight: bolder;color: var(--e-global-color-6b2effc) !important\">Gyakori hangulatingadoz\u00e1s<\/span><\/h4><p style=\"line-height: 1.4;font-family: 'Source Sans 3'\">Az \u00f6sztrog\u00e9nhi\u00e1ny a pszich\u00e9re is hat\u00e1ssal lehet, \u00e9s ingerl\u00e9kenys\u00e9get, idegess\u00e9get, <strong>hangulatingadoz\u00e1st<\/strong> \u00e9s depressz\u00edv hangulatot okozhat. Szorong\u00e1sos zavarok is el\u0151fordulhatnak el\u0151sz\u00f6r ebben az id\u0151szakban. K\u00fcl\u00f6n\u00f6sen vesz\u00e9lyeztetettek azok a n\u0151k, akik kor\u00e1bban is k\u00fczd\u00f6ttek pszich\u00e9s vagy hasonl\u00f3 probl\u00e9m\u00e1kkal. A feled\u00e9kenys\u00e9g \u00e9s a koncentr\u00e1ci\u00f3s probl\u00e9m\u00e1k, bele\u00e9rtve a teljes\u00edtm\u00e9nycs\u00f6kken\u00e9st is, szint\u00e9n egy\u00fcttj\u00e1rhatnak a menopauz\u00e1val.<\/p><h4 style=\"margin-bottom: 0.5em;font-family: 'Source Sans 3'\"><span style=\"font-weight: bolder;color: var(--e-global-color-6b2effc) !important\">Alv\u00e1szavarok<\/span><\/h4><p style=\"line-height: 1.4;font-family: 'Source Sans 3'\">Az \u00e9jszakai h\u0151hull\u00e1mok megzavarhatj\u00e1k az\u00a0 alv\u00f3k\u00e9pess\u00e9get \u00e9s az alv\u00e1s min\u0151s\u00e9g\u00e9t. Az alv\u00e1sritmus is fokozatosan megv\u00e1ltozhat a hormon\u00e1lis v\u00e1ltoz\u00e1sok miatt. Az \u00e9rintett n\u0151k gyakran ok n\u00e9lk\u00fcl \u00e9brednek fel \u00e9jszak\u00e1nk\u00e9nt, \u00e9s a felkel\u00e9s ut\u00e1ni pihents\u00e9g\u00e9rzet az id\u0151 m\u00fal\u00e1s\u00e1val cs\u00f6kken.<\/p>\t\t\t\t\t\t\t\t<\/div>\n\t\t\t\t<\/div>\n\t\t\t\t<div class=\"elementor-element elementor-element-cc82ae7 elementor-widget elementor-widget-image\" data-id=\"cc82ae7\" data-element_type=\"widget\" data-widget_type=\"image.default\">\n\t\t\t\t<div class=\"elementor-widget-container\">\n\t\t\t\t\t\t\t\t\t\t\t\t\t\t\t<img decoding=\"async\" width=\"768\" height=\"512\" src=\"https:\/\/www.omni-biotic.com\/hu-hu\/wp-content\/uploads\/sites\/7\/2024\/01\/alvaszavar-menopauza.png\" class=\"attachment-large size-large wp-image-20129\" alt=\"alv\u00e1szavar, alv\u00e1szavar ellen, menopauza\" srcset=\"https:\/\/www.omni-biotic.com\/hu-hu\/wp-content\/uploads\/sites\/7\/2024\/01\/alvaszavar-menopauza.png 768w, https:\/\/www.omni-biotic.com\/hu-hu\/wp-content\/uploads\/sites\/7\/2024\/01\/alvaszavar-menopauza-300x200.png 300w\" sizes=\"(max-width: 768px) 100vw, 768px\" title=\"\">\t\t\t\t\t\t\t\t\t\t\t\t\t\t\t<\/div>\n\t\t\t\t<\/div>\n\t\t\t\t<div class=\"elementor-element elementor-element-27f2b7f elementor-widget elementor-widget-text-editor\" data-id=\"27f2b7f\" data-element_type=\"widget\" data-widget_type=\"text-editor.default\">\n\t\t\t\t<div class=\"elementor-widget-container\">\n\t\t\t\t\t\t\t\t\t<h4 style=\"margin-bottom: 0.5em;font-family: 'Source Sans 3'\"><span style=\"font-weight: bolder;color: var(--e-global-color-6b2effc) !important\">Hajhull\u00e1s \u00e9s fokozott sz\u0151rn\u00f6veked\u00e9s az arcon<\/span><\/h4><p style=\"line-height: 1.4;font-family: 'Source Sans 3'\">Az <strong>androg\u00e9nek<\/strong> (=term\u00e9szetes hormonok, amelyek a f\u00e9rfi nemi jellegzetess\u00e9gek kialakul\u00e1s\u00e1t szab\u00e1lyozz\u00e1k) feleslege a n\u0151kn\u00e9l a menopauza idej\u00e9n hormon\u00e1lis egyens\u00falyhi\u00e1nyhoz vezet. Mivel az \u00f6sztrog\u00e9n \u00e9s a gesztag\u00e9nek termel\u00e9se cs\u00f6kken, az androg\u00e9ntermel\u00e9s t\u00fals\u00falyba ker\u00fcl, ami hajhull\u00e1shoz, megv\u00e1ltozott sz\u0151rn\u00f6veked\u00e9shez (szak\u00e1ll vagy mellsz\u0151rzet) \u00e9s b\u0151rhib\u00e1khoz vezethet.<\/p><h4 style=\"margin-bottom: 0.5em;font-family: 'Source Sans 3'\"><span style=\"font-weight: bolder;color: var(--e-global-color-6b2effc) !important\">S\u00falyn\u00f6veked\u00e9s<\/span><\/h4><p style=\"line-height: 1.4;font-family: 'Source Sans 3'\">A menopauza az energiafogyaszt\u00e1sra \u00e9s a <strong>zs\u00edreloszl\u00e1sra<\/strong> is hat\u00e1ssal van a szervezetben. Ez \u00e1ltal\u00e1ban s\u00falygyarapod\u00e1shoz \u00e9s a testalkat megv\u00e1ltoz\u00e1s\u00e1hoz vezet. A testzs\u00edr egyre ink\u00e1bb a hasi ter\u00fcleten t\u00e1rol\u00f3dik. Az \u00e9rintett n\u0151k arra panaszkodnak, hogy cs\u00f6kkentett kal\u00f3riabevitel mellett is megtartj\u00e1k a s\u00falyukat, vagy ak\u00e1r h\u00edznak is.<\/p><h4 style=\"margin-bottom: 0.5em;font-family: 'Source Sans 3'\"><span style=\"font-weight: bolder;color: var(--e-global-color-6b2effc) !important\">Sz\u00e1raz ny\u00e1lkah\u00e1rty\u00e1k<\/span><\/h4><p style=\"line-height: 1.4;font-family: 'Source Sans 3'\">Az \u00e9rintett n\u0151kn\u00e9l ez az id\u0151szak gyakori a spont\u00e1n vizel\u00e9si ingerrel, esetleg kontroll\u00e1latlan vizeletveszt\u00e9ssel, valamint a libid\u00f3 \u00e9s a szexu\u00e1lis izgalom cs\u00f6kken\u00e9s\u00e9vel j\u00e1r. A sz\u00e1j \u00e9s a szem ny\u00e1lkah\u00e1rty\u00e1ja is egyre sz\u00e1razabb\u00e1 v\u00e1lik ebben az id\u0151szakban, de ez nem a hormon\u00e1lis v\u00e1ltoz\u00e1sok k\u00f6vetkezm\u00e9nye, ez\u00e9rt hormonter\u00e1pi\u00e1val nem jav\u00edthat\u00f3. A posztmenopauz\u00e1ban a b\u0151r \u00e9s a ny\u00e1lkah\u00e1rty\u00e1k id\u0151vel elv\u00e9konyodnak \u00e9s vesz\u00edtenek rugalmass\u00e1gukb\u00f3l.<\/p><h2 style=\"margin-bottom: 0.5em;font-family: 'Source Sans 3'\"><span style=\"color: #800080\">A h\u00fcvelyfl\u00f3ra a menopauza idej\u00e9n<\/span><\/h2><p style=\"line-height: 1.4;font-family: 'Source Sans 3'\">A <a href=\"https:\/\/www.omni-biotic.com\/hu-hu\/a-belrendszer-egeszsege\/a-bel-hataskore\/huvelyflora\/\"><strong>h\u00fcvelyfl\u00f3ra<\/strong> <\/a>felel\u0151s a szervezetben l\u00e9v\u0151 k\u00e1ros anyagok vagy k\u00f3rokoz\u00f3 cs\u00edr\u00e1k elleni v\u00e9dekez\u00e9s\u00e9rt. V\u00e9d\u0151pajzsk\u00e9nt szolg\u00e1l, \u00e9s csak akkor m\u0171k\u00f6d\u0151k\u00e9pes, ha a ny\u00e1lkah\u00e1rtya \u00e9p, \u00e9s elegend\u0151 eg\u00e9szs\u00e9gv\u00e9d\u0151 bakt\u00e9rium, p\u00e9ld\u00e1ul laktobacillusok vannak jelen. A diszbi\u00f3zis, azaz a h\u00fcvelyfl\u00f3ra egyens\u00falyhi\u00e1nya sz\u00e1mos betegs\u00e9ggel hozhat\u00f3 \u00f6sszef\u00fcgg\u00e9sbe. A k\u00fcl\u00f6nb\u00f6z\u0151 esszenci\u00e1lis bakt\u00e9riumok optim\u00e1lis \u00f6sszet\u00e9tele ez\u00e9rt nagy jelent\u0151s\u00e9ggel b\u00edr a n\u0151 \u00e9letmin\u0151s\u00e9ge szempontj\u00e1b\u00f3l.<\/p><p style=\"line-height: 1.4;font-family: 'Source Sans 3'\">A h\u00fcvely mikrobiomj\u00e1ban a tejsavbakt\u00e9riumok, az \u00fagynevezett laktobacillusok domin\u00e1lnak, \u00e9s nagy jelent\u0151s\u00e9ggel b\u00edrnak az immunv\u00e1lasz szab\u00e1lyoz\u00e1s\u00e1ban \u00e9s a fert\u0151z\u00e9sek elleni v\u00e9delemben. A nemi \u00e9letkorban l\u00e9v\u0151 n\u0151kn\u00e9l a h\u00fcvelyfl\u00f3ra eg\u00e9szs\u00e9get el\u0151seg\u00edt\u0151 laktobacilusokkal val\u00f3 koloniz\u00e1ci\u00f3j\u00e1t a nemi hormon, az \u00f6sztrog\u00e9n szab\u00e1lyozza. A laktobacillusok tejsavat termelnek, ami fontos a 3,8-4,4 k\u00f6z\u00f6tti savas pH-\u00e9rt\u00e9k fenntart\u00e1s\u00e1hoz, hogy megakad\u00e1lyozz\u00e1k a k\u00f3rokoz\u00f3 bakt\u00e9riumok terjed\u00e9s\u00e9t.<\/p><p>Ahogy \u00f6regsz\u00fcnk a menopauza el\u0151rehaladt\u00e1val nemcsak a <a href=\"https:\/\/www.omni-biotic.com\/hu-hu\/blog\/idoskori-belflora\/\"><strong>b\u00e9lfl\u00f3r\u00e1nk<\/strong> <\/a>v\u00e1ltozik, hanem a <a href=\"https:\/\/www.omni-biotic.com\/hu-hu\/a-belrendszer-egeszsege\/a-bel-hataskore\/huvelyflora\/\"><strong>h\u00fcvelymikrobiom<\/strong> <\/a>is. A menopauza el\u0151tti id\u0151szakban a <a href=\"https:\/\/www.omni-biotic.com\/hu-hu\/a-belrendszer-egeszsege\/a-bel-hataskore\/huvelyflora\/\"><strong>h\u00fcvelyfl\u00f3r\u00e1t<\/strong> <\/a>f\u0151k\u00e9nt <strong>laktobacillusok<\/strong> koloniz\u00e1lj\u00e1k. A menopauza be\u00e1llta ut\u00e1n, mint m\u00e1r eml\u00edtett\u00fck, az <strong>\u00f6sztrog\u00e9nszint cs\u00f6kken<\/strong>, ami viszont a h\u00fcvely pH-\u00e9rt\u00e9k\u00e9nek enyhe emelked\u00e9s\u00e9t okozza. Az alacsony \u00f6sztrog\u00e9nszint a glikog\u00e9n mennyis\u00e9g\u00e9t is cs\u00f6kkenti. Ez negat\u00edv hat\u00e1ssal van a h\u00fcvelyfl\u00f3r\u00e1ban l\u00e9v\u0151 laktobacillusok n\u00f6veked\u00e9s\u00e9re. Ez a h\u00fcvelyfl\u00f3ra egyens\u00falyhi\u00e1ny\u00e1t eredm\u00e9nyezi, ami k\u00f3rokoz\u00f3 bakt\u00e9riumokkal, p\u00e9ld\u00e1ul Proteobacteriumokkal, Streptococcusokkal \u00e9s Anerococcusokkal val\u00f3 helytelen koloniz\u00e1ci\u00f3t okozhat.<\/p>\t\t\t\t\t\t\t\t<\/div>\n\t\t\t\t<\/div>\n\t\t<div class=\"elementor-element elementor-element-2ad19f2 obcs none e-flex e-con-boxed e-con e-child\" data-id=\"2ad19f2\" data-element_type=\"container\">\n\t\t\t\t\t<div class=\"e-con-inner\">\n\t\t\t\t<div class=\"elementor-element elementor-element-ada82ec elementor-widget elementor-widget-image\" data-id=\"ada82ec\" data-element_type=\"widget\" data-widget_type=\"image.default\">\n\t\t\t\t<div class=\"elementor-widget-container\">\n\t\t\t\t\t\t\t\t\t\t\t\t\t\t\t<img decoding=\"async\" width=\"768\" height=\"432\" src=\"https:\/\/www.omni-biotic.com\/hu-hu\/wp-content\/uploads\/sites\/7\/2024\/01\/szexualitas-menopauza.png\" class=\"attachment-large size-large wp-image-20130\" alt=\"menopauza, szex, szexualit\u00e1s, v\u00e1gy, libid\u00f3 cs\u00f6kken\u00e9se, h\u00fcvelysz\u00e1razs\u00e1g, h\u00fcvely, h\u00fcvelyfl\u00f3ra, laktobacillus\" srcset=\"https:\/\/www.omni-biotic.com\/hu-hu\/wp-content\/uploads\/sites\/7\/2024\/01\/szexualitas-menopauza.png 768w, https:\/\/www.omni-biotic.com\/hu-hu\/wp-content\/uploads\/sites\/7\/2024\/01\/szexualitas-menopauza-300x169.png 300w\" sizes=\"(max-width: 768px) 100vw, 768px\" title=\"\">\t\t\t\t\t\t\t\t\t\t\t\t\t\t\t<\/div>\n\t\t\t\t<\/div>\n\t\t\t\t<div class=\"elementor-element elementor-element-ad2af67 elementor-widget elementor-widget-text-editor\" data-id=\"ad2af67\" data-element_type=\"widget\" data-widget_type=\"text-editor.default\">\n\t\t\t\t<div class=\"elementor-widget-container\">\n\t\t\t\t\t\t\t\t\t<h2><span style=\"color: #800080\">Szexualit\u00e1s<\/span><\/h2><p>Szexualit\u00e1s a menopauza idej\u00e9n.<\/p><p>A tabukat egyre ink\u00e1bb led\u00f6nti a t\u00e1rsadalom, \u00e9s a menopauza alatti szexualit\u00e1s t\u00e9m\u00e1ja m\u00e1r nem csak a n\u0151k k\u00f6r\u00e9ben n\u00e9pszer\u0171. A menopauza izgalmas id\u0151szak, a n\u0151i test v\u00e1ltoz\u00e1son megy \u00e1t mind fizikailag, mind ment\u00e1lisan. A menopauz\u00e1val elvesz\u00edtik a havi menstru\u00e1ci\u00f3t \u00e9s ez\u00e1ltal a term\u00e9kenys\u00e9g\u00e9t is.<\/p><p>A menopauza<strong>\u00a0a szerelmi \u00e9letre is nagy hat\u00e1ssal van<\/strong>. Ezek a hat\u00e1sok n\u0151nk\u00e9nt elt\u00e9r\u0151ek. Egyesekn\u00e9l cs\u00f6kken, m\u00e1sokn\u00e1l n\u0151 a szexu\u00e1lis v\u00e1gy. A szex \u00faj \u00e9rtelmet nyer a menopauza alatt. A kapcsolat megv\u00e1ltozik, \u00e9s a preferenci\u00e1k \u00e9s az izgalom is v\u00e1ltozhat az id\u0151 m\u00fal\u00e1s\u00e1val. Sok n\u0151 van, aki \u00fajra felfedezi \u00f6nmag\u00e1t \u00e9s n\u0151iess\u00e9g\u00e9t, \u00e9s szexualit\u00e1s \u00e9rtelemben sz\u00e1rnyal. M\u00e1sok viszont a fizikai v\u00e1ltoz\u00e1sok miatt k\u00e9nyelmetlen\u00fcl \u00e9rzik magukat \u00e9s elvesz\u00edtik a szex ir\u00e1nti v\u00e1gyukat.<\/p><p>A\u00a0<a href=\"https:\/\/www.omni-biotic.com\/hu-hu\/blog\/huvelyszarazsag-tunetei-okai-kezelesi-lehetosegei\/\"><strong>h\u00fcvelysz\u00e1razs\u00e1g<\/strong>\u00a0<\/a>probl\u00e9ma a menopauza idej\u00e9n.\u00a0<strong>F\u00e1jdalmas az egy\u00fcttl\u00e9t<\/strong>, valamint\u00a0<strong>a sz\u00e1raz h\u00fcvely viszket \u00e9s \u00e9get<\/strong>, ami nagyon kellemetlen az \u00e9rintett n\u0151k sz\u00e1m\u00e1ra. A h\u00fcvelysorvad\u00e1st (h\u00fcvelysz\u00e1razs\u00e1got) a menopauza okozta \u00f6sztrog\u00e9nhi\u00e1ny v\u00e1ltja ki. A h\u00fcvelyben l\u00e9v\u0151 mirigyek \u00e1ltal termelt ny\u00e1lka norm\u00e1lis esetben hidrat\u00e1ltan tartja a h\u00fcvelyt, \u00e9s optim\u00e1lis k\u00f6rnyezetet biztos\u00edt.<\/p><p>A sorvad\u00e1ssal a g\u00e1tv\u00e9d\u0151 funkci\u00f3 is elv\u00e9sz, \u00e9s kedvez a fert\u0151z\u00e9seket kiv\u00e1lt\u00f3 k\u00f3rokoz\u00f3 bakt\u00e9riumok behatol\u00e1s\u00e1nak. Vannak nagyszer\u0171 megold\u00e1sok, amelyek akut m\u00f3don seg\u00edthetnek a h\u00fcvelysz\u00e1razs\u00e1g ellen, mint p\u00e9ld\u00e1ul a mesters\u00e9ges s\u00edkos\u00edt\u00f3k vagy speci\u00e1lis hidrat\u00e1l\u00f3 g\u00e9lek. Kifejezetten a h\u00fcvelyfl\u00f3ra sz\u00e1m\u00e1ra kifejlesztett, kiv\u00e1l\u00f3 min\u0151s\u00e9g\u0171\u00a0<a href=\"https:\/\/shop.omni-biotic.com\/hu-hu\/products\/omni-biotic-flora-plus-int-99106\"><strong>probiotikumok<\/strong>\u00a0<\/a>sz\u00e1jon \u00e1t t\u00f6rt\u00e9n\u0151 alkalmaz\u00e1sa hosszabb t\u00e1von is hat\u00e1sosnak bizonyult.<\/p><p>Minden n\u0151 a saj\u00e1t \u00fatj\u00e1t j\u00e1rja be a menopauza idej\u00e9n. Mint sok m\u00e1s emberi folyamat, ez is kin\u00e9l lassabban, kin\u00e9l gyorsabban halad, a fizikai \u00e9s szellemi aktivit\u00e1st\u00f3l \u00e9s az eg\u00e9szs\u00e9ges t\u00e1pl\u00e1lkoz\u00e1st\u00f3l f\u00fcgg\u0151en. Min\u00e9l ny\u00edltabban besz\u00e9l\u00fcnk a v\u00e1ltoz\u00e1sokr\u00f3l, ann\u00e1l nagyobb nagyobb es\u00e9llyel tapasztalunk elfogad\u00e1st \u00e9s j\u00f3ll\u00e9tet.<\/p>\t\t\t\t\t\t\t\t<\/div>\n\t\t\t\t<\/div>\n\t\t\t\t\t<\/div>\n\t\t\t\t<\/div>\n\t\t\t\t\t<\/div>\n\t\t\t\t<\/div>\n\t\t\t\t<\/div>\n\t\t","protected":false},"excerpt":{"rendered":"<p>A v\u00e1ltoz\u00f3kor vagy m\u00e1sn\u00e9ven menopauza az utols\u00f3 menstru\u00e1ci\u00f3 el\u0151tti \u00e9s ut\u00e1ni hormon\u00e1lis v\u00e1ltoz\u00e1s id\u0151szaka. A menopauza minden n\u0151 \u00e9let\u00e9ben egy k\u00fcl\u00f6nleges id\u0151szak, amely \u00e1ltal\u00e1ban 45 \u00e9s 55 \u00e9ves kor k\u00f6z\u00f6tt jelentkezik. Hogyan hat a v\u00e1ltoz\u00f3kor a szervezetre? A menopauza sor\u00e1n a n\u0151k elvesz\u00edtik a term\u00e9szetes \u00faton t\u00f6rt\u00e9n\u0151 teherbees\u00e9si k\u00e9pess\u00e9g\u00fcket. A petef\u00e9szkek m\u00e1r nem termelnek petesejtet, [&hellip;]<\/p>\n","protected":false},"author":19,"featured_media":20130,"comment_status":"closed","ping_status":"closed","sticky":false,"template":"","format":"standard","meta":{"_acf_changed":false,"inline_featured_image":false,"footnotes":""},"categories":[107],"tags":[],"class_list":["post-20033","post","type-post","status-publish","format-standard","has-post-thumbnail","hentry","category-noi-egeszseg"],"acf":[],"rank_math":{"og:title":"Mi az a menopauza? - OMNi-BiOTiC\u00ae","og:desc":"A v\u00e1ltoz\u00f3kor vagy menopauza az utols\u00f3 menstru\u00e1ci\u00f3 el\u0151tti \u00e9s ut\u00e1ni hormon\u00e1lis v\u00e1ltoz\u00e1s id\u0151szaka. Milyen t\u00fcnetei vannak? Hogyan kezd\u0151dik?","og:url":"https:\/\/www.omni-biotic.com\/hu-hu\/blog\/mi-az-a-menopauza\/","og:locale":"hu_HU","og:image":"https:\/\/www.omni-biotic.com\/hu-hu\/wp-content\/uploads\/sites\/7\/2024\/01\/szexualitas-menopauza.png","og:image:width":"768","og:image:height":"432"},"additional_data":{"thumbnail":"https:\/\/www.omni-biotic.com\/hu-hu\/wp-content\/uploads\/sites\/7\/2024\/01\/szexualitas-menopauza.png"},"blog_info":{"country":"hu-hu"},"_links":{"self":[{"href":"https:\/\/www.omni-biotic.com\/hu-hu\/wp-json\/wp\/v2\/posts\/20033","targetHints":{"allow":["GET"]}}],"collection":[{"href":"https:\/\/www.omni-biotic.com\/hu-hu\/wp-json\/wp\/v2\/posts"}],"about":[{"href":"https:\/\/www.omni-biotic.com\/hu-hu\/wp-json\/wp\/v2\/types\/post"}],"author":[{"embeddable":true,"href":"https:\/\/www.omni-biotic.com\/hu-hu\/wp-json\/wp\/v2\/users\/19"}],"replies":[{"embeddable":true,"href":"https:\/\/www.omni-biotic.com\/hu-hu\/wp-json\/wp\/v2\/comments?post=20033"}],"version-history":[{"count":8,"href":"https:\/\/www.omni-biotic.com\/hu-hu\/wp-json\/wp\/v2\/posts\/20033\/revisions"}],"predecessor-version":[{"id":23475,"href":"https:\/\/www.omni-biotic.com\/hu-hu\/wp-json\/wp\/v2\/posts\/20033\/revisions\/23475"}],"wp:featuredmedia":[{"embeddable":true,"href":"https:\/\/www.omni-biotic.com\/hu-hu\/wp-json\/wp\/v2\/media\/20130"}],"wp:attachment":[{"href":"https:\/\/www.omni-biotic.com\/hu-hu\/wp-json\/wp\/v2\/media?parent=20033"}],"wp:term":[{"taxonomy":"category","embeddable":true,"href":"https:\/\/www.omni-biotic.com\/hu-hu\/wp-json\/wp\/v2\/categories?post=20033"},{"taxonomy":"post_tag","embeddable":true,"href":"https:\/\/www.omni-biotic.com\/hu-hu\/wp-json\/wp\/v2\/tags?post=20033"}],"curies":[{"name":"wp","href":"https:\/\/api.w.org\/{rel}","templated":true}]}}