{"id":21015,"date":"2024-02-22T09:15:55Z","date_gmt":"2024-02-22T08:15:55Z","guid":{"rendered":"https:\/\/www.omni-biotic.com\/hu-hu\/?p=21015"},"modified":"2024-02-22T09:15:57Z","modified_gmt":"2024-02-22T08:15:57Z","slug":"a-beltol-fugg-a-termekenyseg","status":"publish","type":"post","link":"https:\/\/www.omni-biotic.com\/hu-hu\/blog\/a-beltol-fugg-a-termekenyseg\/","title":{"rendered":"A b\u00e9l eg\u00e9szs\u00e9g\u00e9t\u0151l f\u00fcgg a term\u00e9kenys\u00e9g?"},"content":{"rendered":"\t\t<div data-elementor-type=\"wp-post\" data-elementor-id=\"21015\" class=\"elementor elementor-21015\" data-elementor-post-type=\"post\">\n\t\t\t\t<div class=\"elementor-element elementor-element-eed9ecc obcs none e-flex e-con-boxed e-con e-parent\" data-id=\"eed9ecc\" data-element_type=\"container\">\n\t\t\t\t\t<div class=\"e-con-inner\">\n\t\t\t\t<div class=\"elementor-element elementor-element-5f7d964 elementor-widget elementor-widget-image\" data-id=\"5f7d964\" data-element_type=\"widget\" data-widget_type=\"image.default\">\n\t\t\t\t<div class=\"elementor-widget-container\">\n\t\t\t\t\t\t\t\t\t\t\t\t\t\t\t<img fetchpriority=\"high\" decoding=\"async\" width=\"700\" height=\"500\" src=\"https:\/\/www.omni-biotic.com\/hu-hu\/wp-content\/uploads\/sites\/7\/2024\/02\/PCOS-fruchtbarkeit-darm.png\" class=\"attachment-large size-large wp-image-21016\" alt=\"\" srcset=\"https:\/\/www.omni-biotic.com\/hu-hu\/wp-content\/uploads\/sites\/7\/2024\/02\/PCOS-fruchtbarkeit-darm.png 700w, https:\/\/www.omni-biotic.com\/hu-hu\/wp-content\/uploads\/sites\/7\/2024\/02\/PCOS-fruchtbarkeit-darm-300x214.png 300w\" sizes=\"(max-width: 700px) 100vw, 700px\" title=\"\">\t\t\t\t\t\t\t\t\t\t\t\t\t\t\t<\/div>\n\t\t\t\t<\/div>\n\t\t\t\t<div class=\"elementor-element elementor-element-d6b644c elementor-widget elementor-widget-heading\" data-id=\"d6b644c\" data-element_type=\"widget\" data-widget_type=\"heading.default\">\n\t\t\t\t<div class=\"elementor-widget-container\">\n\t\t\t\t\t<h2 class=\"elementor-heading-title elementor-size-default\">Bakt\u00e9riumok v\u00e1ltozatoss\u00e1ga a b\u00e9lben: szembet\u0171n\u0151en cs\u00f6kkent<\/h2>\t\t\t\t<\/div>\n\t\t\t\t<\/div>\n\t\t\t\t<div class=\"elementor-element elementor-element-666a77d elementor-widget elementor-widget-text-editor\" data-id=\"666a77d\" data-element_type=\"widget\" data-widget_type=\"text-editor.default\">\n\t\t\t\t<div class=\"elementor-widget-container\">\n\t\t\t\t\t\t\t\t\t<p>A <a href=\"https:\/\/www.omni-biotic.com\/hu-hu\/blog\/pcos-kezelese-es-tunetei\/\"><strong>policiszt\u00e1s ov\u00e1rium szindr\u00f3m\u00e1ban (PCOS)<\/strong><\/a> szenved\u0151 betegekn\u00e9l csak nemr\u00e9giben fedezt\u00e9k fel, hogy a <strong>b\u00e9lrendszer bakt\u00e9riumdiverzit\u00e1sa<\/strong> felt\u0171n\u0151en <strong>lecs\u00f6kkent<\/strong>, \u00e9s alig maradt el\u00e9g j\u00f3t\u00e9kony bakt\u00e9riumt\u00f6rzs\u00fck. Egy <strong><a href=\"https:\/\/shop.omni-biotic.com\/hu-hu\/products\/meta-care-vitamin-d3-plus-42722\">D-vitaminnal<\/a> <\/strong>kombin\u00e1lt, <a href=\"https:\/\/www.omni-biotic.com\/hu-hu\/a-belrendszer-egeszsege\/a-bel-az-egeszseg-kozpontja\/probiotikum\/\"><strong>t\u00f6bb fajb\u00f3l \u00e1ll\u00f3 probiotikummal<\/strong><\/a> v\u00e9gzett <strong>vizsg\u00e1lat sor\u00e1n elemezt\u00e9k az \u00e9rintetteket<\/strong>, hogy kider\u00edts\u00e9k, mik\u00e9nt lehet a mikrobiomra c\u00e9lzottan hatni.<\/p><p>Vil\u00e1gszerte a n\u0151k mintegy <strong>20-30 %-\u00e1nak<\/strong> van <strong>genetikai hajlama a PCOS-re<\/strong>, de m\u00e9g a <strong>f\u00e9rfiak<\/strong> is \u00e9rintettek. A <strong>t\u00fcnetek nagyon elt\u00e9r\u0151ek<\/strong>. Egyesekn\u00e9l er\u0151sebb, t\u00f6bb sz\u0151rzet jelenik meg a testen, de ezzel egyidej\u0171leg hajhull\u00e1s tapasztalhat\u00f3. M\u00e1sokn\u00e1l <strong>cikluszavarok<\/strong> l\u00e9pnek fel vagy kis <strong>ciszt\u00e1k<\/strong> alakulnak ki a petef\u00e9szkekben.<\/p><p>A szindr\u00f3m\u00e1t els\u0151sorban az \u00fagynevezett <strong>rotterdami krit\u00e9riumok<\/strong> alapj\u00e1n hat\u00e1rozz\u00e1k meg, amelyek szerint a 3 komponensb\u0151l legal\u00e1bb 2 fenn\u00e1ll\u00e1sa felt\u00e9tel a diagn\u00f3zis fel\u00e1ll\u00edt\u00e1s\u00e1hoz.<\/p><p>A <strong>f\u00e9rfi fenot\u00edpus<\/strong> gyakran m\u00e1r korai \u00e9letkorban is <strong>hajlamos a hajhull\u00e1sra<\/strong> \u00e9s <strong>kopaszod\u00e1sra. <\/strong>Zs\u00edros b\u0151rre \u00e9s akn\u00e9 is gyakran tapasztalhat\u00f3.<\/p><p>Egy nemzetk\u00f6zi genetikai vizsg\u00e1lat, amelyen f\u00e9lmilli\u00f3 ember vett r\u00e9szt,\u00a0kimutatta, hogy mintegy <strong>30 g\u00e9n<\/strong> <strong>j\u00e1rul hozz\u00e1<\/strong> ehhez a szindr\u00f3m\u00e1hoz, k\u00f6zt\u00fck az <strong>inzulinanyagcsere<\/strong> fontos<strong>\u00a0g\u00e9njei<\/strong>. Felt\u00e9telezik, hogy a PCOS-ben el\u0151fordul\u00f3 fokozott inzulin \u00e9s inzulinrezisztencia egykor <strong>evol\u00faci\u00f3s szempontb\u00f3l<\/strong> fontos volt, hogy min\u00e9l gyorsabban tudjunk nagy mennyis\u00e9g\u0171 energi\u00e1t rakt\u00e1rozni, \u00e9s \u00edgy az emberek k\u00f6nnyebben \u00e1tv\u00e9szelj\u00e9k az \u00e9hez\u00e9ses id\u0151szakokat.<\/p><p>Hasonl\u00f3k\u00e9ppen, a PCOS-n\u0151k <strong>szab\u00e1lytalan ciklusa<\/strong> feltehet\u0151en <strong>megakad\u00e1lyozta<\/strong> a gyorsan egym\u00e1sut\u00e1n bek\u00f6vetkez\u0151 <strong>terhess\u00e9geket<\/strong>, \u00e9s \u00edgy val\u00f3j\u00e1ban t\u00fal\u00e9l\u00e9si el\u0151ny\u00f6ket biztos\u00edtott.<\/p><p><strong>A PCOS<\/strong> teh\u00e1t \u00f6nmag\u00e1ban <strong>nem betegs\u00e9g<\/strong>, hanem egy <strong>evol\u00faci\u00f3s term\u00e9szetes v\u00e1ltozat<\/strong>, amely az iparosod\u00e1s el\u0151tti id\u0151kben meglehet\u0151sen adapt\u00edv volt.<\/p>\t\t\t\t\t\t\t\t<\/div>\n\t\t\t\t<\/div>\n\t\t\t\t<div class=\"elementor-element elementor-element-21727b2 elementor-widget elementor-widget-image\" data-id=\"21727b2\" data-element_type=\"widget\" data-widget_type=\"image.default\">\n\t\t\t\t<div class=\"elementor-widget-container\">\n\t\t\t\t\t\t\t\t\t\t\t\t\t\t\t<img decoding=\"async\" width=\"700\" height=\"500\" src=\"https:\/\/www.omni-biotic.com\/hu-hu\/wp-content\/uploads\/sites\/7\/2024\/02\/pcos_kezelesi_lehetoeseg.png\" class=\"attachment-large size-large wp-image-21066\" alt=\"term\u00e9kenys\u00e9g, h\u00fcvelysz\u00e1razs\u00e1g, PCOS, metaformin intolerancia, omni-biotic, flora plus, gyermekv\u00e1gy\" srcset=\"https:\/\/www.omni-biotic.com\/hu-hu\/wp-content\/uploads\/sites\/7\/2024\/02\/pcos_kezelesi_lehetoeseg.png 700w, https:\/\/www.omni-biotic.com\/hu-hu\/wp-content\/uploads\/sites\/7\/2024\/02\/pcos_kezelesi_lehetoeseg-300x214.png 300w\" sizes=\"(max-width: 700px) 100vw, 700px\" title=\"\">\t\t\t\t\t\t\t\t\t\t\t\t\t\t\t<\/div>\n\t\t\t\t<\/div>\n\t\t\t\t<div class=\"elementor-element elementor-element-a3374fc elementor-widget elementor-widget-heading\" data-id=\"a3374fc\" data-element_type=\"widget\" data-widget_type=\"heading.default\">\n\t\t\t\t<div class=\"elementor-widget-container\">\n\t\t\t\t\t<h2 class=\"elementor-heading-title elementor-size-default\">Hogyan kezelhet\u0151 a PCOS?<\/h2>\t\t\t\t<\/div>\n\t\t\t\t<\/div>\n\t\t\t\t<div class=\"elementor-element elementor-element-da0d14b elementor-widget elementor-widget-text-editor\" data-id=\"da0d14b\" data-element_type=\"widget\" data-widget_type=\"text-editor.default\">\n\t\t\t\t<div class=\"elementor-widget-container\">\n\t\t\t\t\t\t\t\t\t<p>A <strong>ter\u00e1pia legelterjedtebb form\u00e1ja<\/strong> a fogamz\u00e1sg\u00e1tl\u00f3 tabletta. A <strong>metformin (off-label<\/strong>), a cukorbetegs\u00e9g kezel\u00e9s\u00e9re szolg\u00e1l\u00f3 gy\u00f3gyszer, egy nem hormon\u00e1lis alap\u00fa PCOS kezel\u00e9si lehet\u0151s\u00e9g, amelynek bizonyos el\u0151nyei vannak, mivel fiatal \u00e9s id\u0151sebb n\u0151k, valamint gyermekek kezel\u00e9s\u00e9re is hasznos. Ugyanakkor az <strong>inzulinszintet<\/strong> \u00e9s az <em>Inzulinszer\u0171 N\u00f6veked\u00e9si Faktor-1<\/em> (IGF-1)\u00a0hat\u00e1s\u00e1t is <strong>cs\u00f6kkenti<\/strong>. A <strong>mell\u00e9khat\u00e1sok<\/strong> azonban magasak, \u00e9s a fogamz\u00e1sg\u00e1tl\u00f3 tablett\u00e1val ellent\u00e9tben a metformin a beteg <strong>mikrobiomj\u00e1nak<\/strong> <strong>\u00f6sszet\u00e9tel\u00e9t<\/strong> is megv\u00e1ltoztatja.<\/p><p>A PCOS <strong>teljesen \u00faj \u00e9s innovat\u00edv alternat\u00edv kezel\u00e9si m\u00f3djak\u00e9nt<\/strong> Obermayer-Pietsch professzor az els\u0151, aki a probiotikumokat <strong>alacsony sz\u00e9nhidr\u00e1ttartalm\u00fa \u00e9trenddel<\/strong> kombin\u00e1lva aj\u00e1nlja. A D-vitaminnal kombin\u00e1lt, t\u00f6bb fajb\u00f3l \u00e1ll\u00f3 probiotikummal v\u00e9gzett PCOS-vizsg\u00e1lat <strong>el\u0151zetes adatai<\/strong> m\u00e1r kimutatt\u00e1k, hogy az <strong>indik\u00e1ci\u00f3-specifikus probiotikum j\u00f3l toler\u00e1lhat\u00f3<\/strong>, mivel az eg\u00e9szs\u00e9ges b\u00e9lfl\u00f3ra kialak\u00edt\u00e1s\u00e1t is seg\u00edti.<\/p><p>Ezenk\u00edv\u00fcl a probiotikumok k\u00fcl\u00f6n\u00f6sen hat\u00e1sosnak bizonyultak a metformin intoleranci\u00e1ban szenved\u0151k sz\u00e1m\u00e1ra. \u00c9s v\u00e9g\u00fcl, k\u00fcl\u00f6n\u00f6sen a <strong>reprodukci\u00f3ra gyakorolt hat\u00e1s abb\u00f3l<\/strong> ismerhet\u0151 fel, hogy a vizsg\u00e1lat keret\u00e9ben <strong>m\u00e1r 6 nagyon v\u00e1rt gyermek is sz\u00fcletett<\/strong>.<\/p>\t\t\t\t\t\t\t\t<\/div>\n\t\t\t\t<\/div>\n\t\t\t\t<div class=\"elementor-element elementor-element-44ae707 elementor-widget elementor-widget-image\" data-id=\"44ae707\" data-element_type=\"widget\" data-widget_type=\"image.default\">\n\t\t\t\t<div class=\"elementor-widget-container\">\n\t\t\t\t\t\t\t\t\t\t\t\t\t\t\t<img decoding=\"async\" width=\"700\" height=\"500\" src=\"https:\/\/www.omni-biotic.com\/hu-hu\/wp-content\/uploads\/sites\/7\/2024\/02\/belmikrobiom_flora_plus.gif\" class=\"attachment-large size-large wp-image-21067\" alt=\"term\u00e9kenys\u00e9g, h\u00fcvelysz\u00e1razs\u00e1g, PCOS, metaformin intolerancia, omni-biotic, flora plus, gyermekv\u00e1gy\" title=\"\">\t\t\t\t\t\t\t\t\t\t\t\t\t\t\t<\/div>\n\t\t\t\t<\/div>\n\t\t\t\t<div class=\"elementor-element elementor-element-409db1b elementor-widget elementor-widget-heading\" data-id=\"409db1b\" data-element_type=\"widget\" data-widget_type=\"heading.default\">\n\t\t\t\t<div class=\"elementor-widget-container\">\n\t\t\t\t\t<h2 class=\"elementor-heading-title elementor-size-default\">Term\u00e9kenys\u00e9g: Kapcsolat a mikrobiom \u00e9s a hormonrendszer k\u00f6z\u00f6tt<\/h2>\t\t\t\t<\/div>\n\t\t\t\t<\/div>\n\t\t\t\t<div class=\"elementor-element elementor-element-e5594bc elementor-widget elementor-widget-text-editor\" data-id=\"e5594bc\" data-element_type=\"widget\" data-widget_type=\"text-editor.default\">\n\t\t\t\t<div class=\"elementor-widget-container\">\n\t\t\t\t\t\t\t\t\t<p>Emellett \u00faj tanulm\u00e1nyok eg\u00e9sz sora vizsg\u00e1lja a mikrobiom \u00e9s a <strong><a href=\"https:\/\/www.omni-biotic.com\/hu-hu\/blog\/belbakteriumok-es-hormonok\/\">hormonrendszer<\/a><\/strong> k\u00f6z\u00f6tti kapcsolatot t\u00f6bb szinten is. Ezek a tanulm\u00e1nyok a <a href=\"https:\/\/www.omni-biotic.com\/hu-hu\/a-belrendszer-egeszsege\/a-bel-az-egeszseg-kozpontja\/belmikrobiom\/\"><strong>mikrobiom<\/strong><\/a> <strong>fontoss\u00e1g\u00e1t hangs\u00falyozz\u00e1k<\/strong> a <b>teherbees\u00e9s <\/b>\u00e9s az energia-anyagcsere <strong>szempontj\u00e1b\u00f3l<\/strong> is.<\/p><p>Eddig \u00fagy tartott\u00e1k, hogy a csontok, az izmok, a mirigyek, a m\u00e1j \u00e9s a belek egyed\u00fcl m\u0171k\u00f6dnek. A <strong>test<\/strong> azonban <strong>egy olyan rendszer<\/strong>, amelyben <strong>minden szerv hat\u00e1ssal van<\/strong> egym\u00e1sra. P\u00e9ld\u00e1ul a b\u00e9lmikrobiom \u00e1ltal termelt butir\u00e1tra (vajsavra) van sz\u00fcks\u00e9g\u00fcnk ahhoz, hogy a csontokat \u00e9p\u00edt\u0151 parathormon teljes m\u00e9rt\u00e9kben m\u0171k\u00f6d\u0151k\u00e9pes legyen.<\/p><p>A probiotikum t\u00e9mak\u00f6r\u00e9t <strong>Obermayer-Pietsch professzor<\/strong> azzal z\u00e1rta, hogy besz\u00e1molt egy t\u00f6bb fajb\u00f3l \u00e1ll\u00f3 probiotikummal v\u00e9gzett klinikai vizsg\u00e1latr\u00f3l, amelyet transznem\u0171 n\u0151k\u00f6n v\u00e9geztek, \u00e9s amelyben kimutatt\u00e1k, hogy ez a <strong>sz\u00e1jon \u00e1t bevitt probiotikum<\/strong> <strong>t\u00fal\u00e9li<\/strong> a <strong>b\u00e9lj\u00e1ratot<\/strong>, megtelepszik az em\u00e9szt\u0151rendszerben, \u00e9s onnan sikeresen ben\u00e9pes\u00edti a <strong><a href=\"https:\/\/www.omni-biotic.com\/hu-hu\/a-belrendszer-egeszsege\/a-bel-hataskore\/huvelyflora\/\">h\u00fcvelyny\u00e1lkah\u00e1rty\u00e1t<\/a>.<\/strong><\/p><p>Tov\u00e1bbi\u00a0 adatok azt is kimutatt\u00e1k, hogy a mikrobiom <a href=\"https:\/\/www.omni-biotic.com\/hu-hu\/blog\/pszichobiotikum-mentalis-egeszseg\/\"><strong>alapvet\u0151 hat\u00e1ssal van a pszich\u00e9re<\/strong><\/a>. Ennek megfelel\u0151en Grazban kutat\u00e1sok folynak <strong>pszichobiotikumok<\/strong>\u00a0kifejleszt\u00e9s\u00e9re, amelyek olyan probiotikumok, amelyeknek egy\u00e9rtelm\u0171 el\u0151nye az emberi pszich\u00e9re gyakorolt pozit\u00edv hat\u00e1s.<\/p><p>Obermayer-Pietsch professzor v\u00e9g\u00fcl hangs\u00falyozta, hogy a <strong>hormonok<\/strong> \u00e9s az <strong>anyagcsere<\/strong> k\u00f6z\u00f6tti <strong>kapcsolat \u00e9rt\u00e9kel\u00e9s\u00e9n\u00e9l<\/strong> k\u00fcl\u00f6n\u00f6sen fontos, hogy a lehet\u0151<strong> legt\u00f6bb befoly\u00e1sol\u00f3 t\u00e9nyez\u0151<\/strong>t figyelembe <strong>vegy\u00fck<\/strong>, p\u00e9ld\u00e1ul az \u00e9trend t\u00edpus\u00e1t, hogy az <strong><a href=\"https:\/\/www.omni-biotic.com\/hu-hu\/steps\/spezifische-ballaststoffe\/\">rostban gazdag<\/a><\/strong>, veget\u00e1ri\u00e1nus vagy h\u00fas alap\u00fa, az ett\u0151l f\u00fcgg\u0151 b\u00e9lfl\u00f3ra \u00f6sszet\u00e9tel\u00e9t, valamint az egy\u00e9b k\u00f6rnyezeti felt\u00e9teleket, p\u00e9ld\u00e1ul a <strong><a href=\"https:\/\/www.omni-biotic.com\/hu-hu\/blog\/alvaszavar-stressz-miatt\/\">munkahelyi stresszt<\/a><\/strong> \u00e9s a ment\u00e1lis t\u00falterhelts\u00e9get.<\/p><p>A probiotikus beavatkoz\u00e1sok alkalmaz\u00e1sakor az els\u0151dleges c\u00e9l annak kutat\u00e1sa, hogy a <strong>k\u00fcl\u00f6nb\u00f6z\u0151 bakt\u00e9riumt\u00f6rzsek<\/strong> hogyan hatnak a vizsg\u00e1latban r\u00e9sztvev\u0151kre, hogy v\u00e9g\u00fcl k\u00e9pesek legy\u00fcnk a <strong>szem\u00e9lyre szabott orvosl\u00e1s<\/strong> alkalmaz\u00e1s\u00e1ra, amely mag\u00e1ban foglalja az ember \u00e9s a mikrob\u00e1k k\u00f6z\u00f6tti sokr\u00e9t\u0171 kapcsolatr\u00f3l sz\u00f3l\u00f3 \u00f6sszes \u00faj ismeretet.<\/p>\t\t\t\t\t\t\t\t<\/div>\n\t\t\t\t<\/div>\n\t\t\t\t\t<\/div>\n\t\t\t\t<\/div>\n\t\t\t\t<\/div>\n\t\t","protected":false},"excerpt":{"rendered":"<p>Bakt\u00e9riumok v\u00e1ltozatoss\u00e1ga a b\u00e9lben: szembet\u0171n\u0151en cs\u00f6kkent A policiszt\u00e1s ov\u00e1rium szindr\u00f3m\u00e1ban (PCOS) szenved\u0151 betegekn\u00e9l csak nemr\u00e9giben fedezt\u00e9k fel, hogy a b\u00e9lrendszer bakt\u00e9riumdiverzit\u00e1sa felt\u0171n\u0151en lecs\u00f6kkent, \u00e9s alig maradt el\u00e9g j\u00f3t\u00e9kony bakt\u00e9riumt\u00f6rzs\u00fck. Egy D-vitaminnal kombin\u00e1lt, t\u00f6bb fajb\u00f3l \u00e1ll\u00f3 probiotikummal v\u00e9gzett vizsg\u00e1lat sor\u00e1n elemezt\u00e9k az \u00e9rintetteket, hogy kider\u00edts\u00e9k, mik\u00e9nt lehet a mikrobiomra c\u00e9lzottan hatni. Vil\u00e1gszerte a n\u0151k mintegy 20-30 [&hellip;]<\/p>\n","protected":false},"author":19,"featured_media":21029,"comment_status":"closed","ping_status":"closed","sticky":false,"template":"","format":"standard","meta":{"_acf_changed":false,"inline_featured_image":false,"footnotes":""},"categories":[107],"tags":[],"class_list":["post-21015","post","type-post","status-publish","format-standard","has-post-thumbnail","hentry","category-noi-egeszseg"],"acf":[],"rank_math":{"og:title":"A b\u00e9l eg\u00e9szs\u00e9g\u00e9t\u0151l f\u00fcgg a term\u00e9kenys\u00e9g?","og:desc":"A probiotikumok hat\u00e1sosnak t\u0171nnek a metformin intoleranci\u00e1ban szenved\u0151knek. A term\u00e9kenys\u00e9gre is hatnak: a vizsg\u00e1lat sor\u00e1n 6 baba is sz\u00fcletett.","og:url":"https:\/\/www.omni-biotic.com\/hu-hu\/blog\/a-beltol-fugg-a-termekenyseg\/","og:locale":"hu_HU","og:image":"https:\/\/www.omni-biotic.com\/hu-hu\/wp-content\/uploads\/sites\/7\/2024\/02\/PCOS_termekenyseg_belrendszer.png","og:image:width":"700","og:image:height":"500"},"additional_data":{"thumbnail":"https:\/\/www.omni-biotic.com\/hu-hu\/wp-content\/uploads\/sites\/7\/2024\/02\/PCOS_termekenyseg_belrendszer.png"},"blog_info":{"country":"hu-hu"},"_links":{"self":[{"href":"https:\/\/www.omni-biotic.com\/hu-hu\/wp-json\/wp\/v2\/posts\/21015","targetHints":{"allow":["GET"]}}],"collection":[{"href":"https:\/\/www.omni-biotic.com\/hu-hu\/wp-json\/wp\/v2\/posts"}],"about":[{"href":"https:\/\/www.omni-biotic.com\/hu-hu\/wp-json\/wp\/v2\/types\/post"}],"author":[{"embeddable":true,"href":"https:\/\/www.omni-biotic.com\/hu-hu\/wp-json\/wp\/v2\/users\/19"}],"replies":[{"embeddable":true,"href":"https:\/\/www.omni-biotic.com\/hu-hu\/wp-json\/wp\/v2\/comments?post=21015"}],"version-history":[{"count":8,"href":"https:\/\/www.omni-biotic.com\/hu-hu\/wp-json\/wp\/v2\/posts\/21015\/revisions"}],"predecessor-version":[{"id":23481,"href":"https:\/\/www.omni-biotic.com\/hu-hu\/wp-json\/wp\/v2\/posts\/21015\/revisions\/23481"}],"wp:featuredmedia":[{"embeddable":true,"href":"https:\/\/www.omni-biotic.com\/hu-hu\/wp-json\/wp\/v2\/media\/21029"}],"wp:attachment":[{"href":"https:\/\/www.omni-biotic.com\/hu-hu\/wp-json\/wp\/v2\/media?parent=21015"}],"wp:term":[{"taxonomy":"category","embeddable":true,"href":"https:\/\/www.omni-biotic.com\/hu-hu\/wp-json\/wp\/v2\/categories?post=21015"},{"taxonomy":"post_tag","embeddable":true,"href":"https:\/\/www.omni-biotic.com\/hu-hu\/wp-json\/wp\/v2\/tags?post=21015"}],"curies":[{"name":"wp","href":"https:\/\/api.w.org\/{rel}","templated":true}]}}