{"id":21390,"date":"2024-03-19T11:39:11Z","date_gmt":"2024-03-19T10:39:11Z","guid":{"rendered":"https:\/\/www.omni-biotic.com\/hu-hu\/?p=21390"},"modified":"2024-05-08T12:39:32Z","modified_gmt":"2024-05-08T10:39:32Z","slug":"meregtelenites","status":"publish","type":"post","link":"https:\/\/www.omni-biotic.com\/hu-hu\/blog\/meregtelenites\/","title":{"rendered":"M\u00e9regtelen\u00edt\u00e9s: mi\u00e9rt lehet hasznos a b\u00f6jt?"},"content":{"rendered":"\t\t<div data-elementor-type=\"wp-post\" data-elementor-id=\"21390\" class=\"elementor elementor-21390\" data-elementor-post-type=\"post\">\n\t\t\t\t<div class=\"elementor-element elementor-element-7d8d841 obcs none e-flex e-con-boxed e-con e-parent\" data-id=\"7d8d841\" data-element_type=\"container\">\n\t\t\t\t\t<div class=\"e-con-inner\">\n\t\t\t\t<div class=\"elementor-element elementor-element-2bda794 elementor-widget elementor-widget-image\" data-id=\"2bda794\" data-element_type=\"widget\" data-widget_type=\"image.default\">\n\t\t\t\t<div class=\"elementor-widget-container\">\n\t\t\t\t\t\t\t\t\t\t\t\t\t\t\t<img fetchpriority=\"high\" decoding=\"async\" width=\"700\" height=\"500\" src=\"https:\/\/www.omni-biotic.com\/hu-hu\/wp-content\/uploads\/sites\/7\/2024\/03\/meregtelenites.jpg\" class=\"attachment-large size-large wp-image-21658\" alt=\"b\u00e9ltiszt\u00edt\u00e1s, m\u00e9regtelen\u00edt\u00e9s, omni-biotic, b\u00f6jt, meregtelenites beltisztitas, bojtoles hatasai\" srcset=\"https:\/\/www.omni-biotic.com\/hu-hu\/wp-content\/uploads\/sites\/7\/2024\/03\/meregtelenites.jpg 700w, https:\/\/www.omni-biotic.com\/hu-hu\/wp-content\/uploads\/sites\/7\/2024\/03\/meregtelenites-300x214.jpg 300w\" sizes=\"(max-width: 700px) 100vw, 700px\" title=\"\">\t\t\t\t\t\t\t\t\t\t\t\t\t\t\t<\/div>\n\t\t\t\t<\/div>\n\t\t\t\t<div class=\"elementor-element elementor-element-fe36f72 elementor-widget elementor-widget-text-editor\" data-id=\"fe36f72\" data-element_type=\"widget\" data-widget_type=\"text-editor.default\">\n\t\t\t\t<div class=\"elementor-widget-container\">\n\t\t\t\t\t\t\t\t\t<p><b><em><strong>M\u00e9regtelen\u00edt\u00e9s: Hogy a b\u00e9l megszabaduljon a felesleges terhekt\u0151l.<\/strong><\/em><\/b><\/p>\t\t\t\t\t\t\t\t<\/div>\n\t\t\t\t<\/div>\n\t\t\t\t<div class=\"elementor-element elementor-element-f793902 elementor-widget elementor-widget-text-editor\" data-id=\"f793902\" data-element_type=\"widget\" data-widget_type=\"text-editor.default\">\n\t\t\t\t<div class=\"elementor-widget-container\">\n\t\t\t\t\t\t\t\t\t<p>A (ter\u00e1pi\u00e1s) b\u00f6jt \u00e9vezredek \u00f3ta <strong>bev\u00e1lt m\u00f3dszer<\/strong> sz\u00e1mos kult\u00far\u00e1ban a <strong>test<\/strong>\u00a0<strong>megtiszt\u00edt\u00e1s\u00e1ra<\/strong> \u00e9s meger\u0151s\u00edt\u00e9s\u00e9re <strong>fizikailag, ment\u00e1lisan \u00e9s spiritu\u00e1lisan<\/strong>, valamint a <strong>test \u00f6ngy\u00f3gy\u00edt\u00f3 er\u0151inek<\/strong> <strong>aktiv\u00e1l\u00e1s\u00e1ra<\/strong>. A sz\u00f3 legszorosabb \u00e9rtelm\u00e9ben a <strong>ballasztok levet\u00e9s\u00e9r\u0151l<\/strong> van sz\u00f3, hiszen a b\u00f6jt m\u00e9regtelen\u00edt\u00e9st jelent, azaz a szervezet megszabad\u00edt\u00e1s\u00e1t k\u00fcl\u00f6nb\u00f6z\u0151 k\u00e1ros anyagokt\u00f3l.<\/p><p>A b\u00f6jt ism\u00e9t nagy divat lett, k\u00fcl\u00f6n\u00f6sen az id\u0151szakos b\u00f6jt, amely hatalmas lend\u00fcletet adott ennek a hagyom\u00e1nyos gy\u00f3gym\u00f3dnak. Sz\u00e1mos tanulm\u00e1ny is vizsg\u00e1lja a b\u00f6jt eg\u00e9szs\u00e9gfejleszt\u0151 hat\u00e1s\u00e1t, \u00e9s igazolja a <a href=\"https:\/\/www.omni-biotic.com\/hu-hu\/a-belrendszer-egeszsege\/\"><strong>b\u00e9lrendszer eg\u00e9szs\u00e9g\u00e9re<\/strong><\/a> gyakorolt <strong>pozit\u00edv hat\u00e1s\u00e1t.<\/strong> Az em\u00e9szt\u0151rendszer ugyanis tehermentes\u00fcl, \u00e9s \u00e9ppen ekkor aj\u00e1nlott a c\u00e9lzott b\u00e9ltiszt\u00edt\u00e1s, hogy a b\u00e9lrendszerben kialakult elv\u00e1ltoz\u00e1sokat helyre\u00e1ll\u00edtsuk, \u00e9s a b\u00e9lrendszer m\u0171k\u00f6d\u00e9s\u00e9t t\u00e1mogassuk.<\/p>\t\t\t\t\t\t\t\t<\/div>\n\t\t\t\t<\/div>\n\t\t\t\t<div class=\"elementor-element elementor-element-34f52a1 elementor-widget elementor-widget-heading\" data-id=\"34f52a1\" data-element_type=\"widget\" data-widget_type=\"heading.default\">\n\t\t\t\t<div class=\"elementor-widget-container\">\n\t\t\t\t\t<h2 class=\"elementor-heading-title elementor-size-default\">Mit okoznak a k\u00e1ros anyagok a szervezetben?<\/h2>\t\t\t\t<\/div>\n\t\t\t\t<\/div>\n\t\t\t\t<div class=\"elementor-element elementor-element-19dbe3b elementor-widget elementor-widget-text-editor\" data-id=\"19dbe3b\" data-element_type=\"widget\" data-widget_type=\"text-editor.default\">\n\t\t\t\t<div class=\"elementor-widget-container\">\n\t\t\t\t\t\t\t\t\t<p>A <strong>feldolgozott<\/strong>, k\u00fcl\u00f6nf\u00e9le <strong>adal\u00e9kanyagokkal ell\u00e1tott k\u00e9sz\u00e9telekt\u0151l kezdve, a<\/strong>\u00a0<strong>gy\u00f3gyszereken \u00e1t a<\/strong>\u00a0<strong>tusf\u00fcrd\u0151kig<\/strong>, <strong>fogkr\u00e9mekig:<\/strong> a vegyi anyagok sz\u00e9les sk\u00e1l\u00e1j\u00e1nak vagyunk manaps\u00e1g kit\u00e9ve. Ezek a b\u0151r\u00f6n, a t\u00fcd\u0151n \u00e9s a beleken kereszt\u00fcl jutnak be szervezet\u00fcnkbe; \u00e9s min\u00e9l t\u00f6bb ilyen <strong>idegen r\u00e9szecsk\u00e9t vesz\u00fcnk fel<\/strong>, ann\u00e1l <strong>nagyobb <a href=\"https:\/\/www.omni-biotic.com\/hu-hu\/blog\/a-stressz-mellekhatasai\/\">stresszt<\/a><\/strong> jelentenek sz\u00e1munkra,\u00a0 k\u00fcl\u00f6n\u00f6sen a <a href=\"https:\/\/www.omni-biotic.com\/hu-hu\/blog\/majcirrozis\/\"><strong>m\u00e9regtelen\u00edt\u0151 szerveink<\/strong><\/a> sz\u00e1m\u00e1ra.<\/p>\t\t\t\t\t\t\t\t<\/div>\n\t\t\t\t<\/div>\n\t\t\t\t<div class=\"elementor-element elementor-element-bb36412 elementor-widget elementor-widget-infobox\" data-id=\"bb36412\" data-element_type=\"widget\" data-widget_type=\"infobox.default\">\n\t\t\t\t<div class=\"elementor-widget-container\">\n\t\t\t\t\t\n<div class=\"li-widgets--infobox blue highlights-always-magenta\">\n\n    <div class=\"li-widgets--infobox__icon\">\n        <i aria-hidden=\"true\" class=\"fas fa-info\"><\/i>    <\/div>\n    <div class=\"li-widgets--infobox__text\">\n        A c\u00e9lzott b\u00e9ltiszt\u00edt\u00e1s ide\u00e1lis a b\u00e9lmikrobiom helyre\u00e1ll\u00edt\u00e1s\u00e1ra \u00e9s egy\u00fattal a b\u00e9lny\u00e1lkah\u00e1rtya regener\u00e1l\u00e1s\u00e1ra.    <\/div>\n    <div class=\"li-widgets--infobox__text-body\">\n            <\/div>\n\n    \n<\/div>\n\t\t\t\t<\/div>\n\t\t\t\t<\/div>\n\t\t\t\t<div class=\"elementor-element elementor-element-6812ed9 elementor-widget elementor-widget-text-editor\" data-id=\"6812ed9\" data-element_type=\"widget\" data-widget_type=\"text-editor.default\">\n\t\t\t\t<div class=\"elementor-widget-container\">\n\t\t\t\t\t\t\t\t\t<p>Hossz\u00fa t\u00e1von a k\u00e1ros anyagok \u00e9s toxinok megzavarhatj\u00e1k a <a href=\"https:\/\/www.omni-biotic.com\/hu-hu\/blog\/belbakteriumok-fajtai-es-szerepe\/\">b\u00e9lrendszer bakt\u00e9riumrendszer\u00e9t<\/a>, ha id\u0151vel elpusztul a hasznos b\u00e9lbakt\u00e9riumok nagy r\u00e9sze stressz \u00e9s a terhel\u00e9s hat\u00e1s\u00e1ra, ami a b\u00e9lben hib\u00e1s koloniz\u00e1ci\u00f3hoz, diszbi\u00f3zis kialakul\u00e1s\u00e1hoz vezet.<\/p><p><strong>Dr. Michaela E. Detzel<\/strong> vegy\u00e9sz, term\u00e9szetgy\u00f3gy\u00e1sz \u00e9s a b\u00e9ltiszt\u00edt\u00e1s ismer\u0151je mes\u00e9lni, milyen <strong>k\u00f6vetkezm\u00e9nyek l\u00e9phetnek fel<\/strong>: \u201eHa a b\u00e9lbakt\u00e9riumok k\u00f6z\u00f6tti egyens\u00faly m\u00e1r nem tarthat\u00f3 fenn, az a b\u00e9l <strong>fokozott \u00e1tereszt\u0151k\u00e9pess\u00e9ghez<\/strong> vezethet. Ez azt jelenti, hogy a b\u00e9lny\u00e1lkah\u00e1rtya <strong>lyukacsoss\u00e1<\/strong> v\u00e1lik, ami egy hib\u00e1s sz\u0171r\u0151rendszert eredm\u00e9nyez: <a href=\"https:\/\/www.omni-biotic.com\/hu-hu\/belpanaszok\/atereszto-bel-szindroma\/\"><strong>\u00e1tereszt\u0151 b\u00e9l szindr\u00f3m\u00e1t<\/strong><\/a>. Ilyenkor a b\u00e9lb\u0151l olyan anyagok jutnak a v\u00e9rbe &#8211; \u00edgy a szervezet eg\u00e9sz\u00e9be -, amelyek norm\u00e1lis esetben nem ker\u00fcln\u00e9nek be.&#8221;<\/p><p>Ennek pedig <strong>messzemen\u0151 k\u00f6vetkezm\u00e9nyei<\/strong> lehetnek. A kezdetben enyhe <strong>gyullad\u00e1sok<\/strong> (\u201ecsendes gyullad\u00e1sok&#8221;) elterjedhetnek, \u00e9s <a href=\"https:\/\/www.omni-biotic.com\/hu-hu\/blog\/pszichobiotikum-mentalis-egeszseg\/\"><strong>ment\u00e1lis kimer\u00fclts\u00e9ghez<\/strong><\/a>, <a href=\"https:\/\/www.omni-biotic.com\/hu-hu\/blog\/beteg-belrendszer-es-borproblemak\/\"><strong>b\u0151rprobl\u00e9m\u00e1khoz<\/strong><\/a>, <strong>s\u00falygyarapod\u00e1shoz<\/strong> vagy ak\u00e1r <a href=\"https:\/\/www.omni-biotic.com\/hu-hu\/blog\/crohn-betegseg-tuenetei\/\">Crohn-betegs\u00e9ghez<\/a> \u00e9s egy\u00e9b autoimmun betegs\u00e9ghez vezethetnek.<\/p>\t\t\t\t\t\t\t\t<\/div>\n\t\t\t\t<\/div>\n\t\t\t\t<div class=\"elementor-element elementor-element-801514a elementor-widget elementor-widget-heading\" data-id=\"801514a\" data-element_type=\"widget\" data-widget_type=\"heading.default\">\n\t\t\t\t<div class=\"elementor-widget-container\">\n\t\t\t\t\t<h2 class=\"elementor-heading-title elementor-size-default\">B\u00f6jt \u00e9s b\u00e9ltiszt\u00edt\u00e1s:\negy hat\u00e9kony m\u00f3dszer<\/h2>\t\t\t\t<\/div>\n\t\t\t\t<\/div>\n\t\t\t\t<div class=\"elementor-element elementor-element-c021245 elementor-widget elementor-widget-image\" data-id=\"c021245\" data-element_type=\"widget\" data-widget_type=\"image.default\">\n\t\t\t\t<div class=\"elementor-widget-container\">\n\t\t\t\t\t\t\t\t\t\t\t\t\t\t\t<img decoding=\"async\" width=\"700\" height=\"500\" src=\"https:\/\/www.omni-biotic.com\/hu-hu\/wp-content\/uploads\/sites\/7\/2024\/03\/beltisztitas_meregtelenites.jpg\" class=\"attachment-large size-large wp-image-21659\" alt=\"b\u00e9ltiszt\u00edt\u00e1s, m\u00e9regtelen\u00edt\u00e9s, omni-biotic, b\u00f6jt, meregtelenites beltisztitas, bojtoles hatasai\" srcset=\"https:\/\/www.omni-biotic.com\/hu-hu\/wp-content\/uploads\/sites\/7\/2024\/03\/beltisztitas_meregtelenites.jpg 700w, https:\/\/www.omni-biotic.com\/hu-hu\/wp-content\/uploads\/sites\/7\/2024\/03\/beltisztitas_meregtelenites-300x214.jpg 300w\" sizes=\"(max-width: 700px) 100vw, 700px\" title=\"\">\t\t\t\t\t\t\t\t\t\t\t\t\t\t\t<\/div>\n\t\t\t\t<\/div>\n\t\t\t\t<div class=\"elementor-element elementor-element-8511bb8 elementor-widget elementor-widget-text-editor\" data-id=\"8511bb8\" data-element_type=\"widget\" data-widget_type=\"text-editor.default\">\n\t\t\t\t<div class=\"elementor-widget-container\">\n\t\t\t\t\t\t\t\t\t<p>De hogyan tudjuk a legjobban <strong>t\u00e1mogatni<\/strong> <strong>szervezet\u00fcnket<\/strong> a <strong>k\u00e1ros anyagok \u00e9s m\u00e9reganyagok<\/strong> <strong>ki\u00fcr\u00edt\u00e9s\u00e9ben<\/strong>, \u00e9s hogyan seg\u00edthet\u00fcnk b\u00e9lrendszer\u00fcnknek? A b\u00f6jt \u00e9s a b\u00e9ltiszt\u00edt\u00e1s kombin\u00e1ci\u00f3ja rendk\u00edv\u00fcl hat\u00e9kony ter\u00e1pi\u00e1nak bizonyult Detzel sz\u00e1m\u00e1ra, aki a Frankfurt am Main k\u00f6zel\u00e9ben vitalM.E.D. rendel\u0151ben \u00fagynevezett <strong>b\u00f6jtbe integr\u00e1lt b\u00e9ltiszt\u00edt\u00e1st<\/strong> javasol az \u00e9rdekl\u0151d\u0151knek: \u201eA <strong>(ter\u00e1pi\u00e1s) b\u00f6jt\u00f6l\u00e9ssel<\/strong> a szil\u00e1rd t\u00e1pl\u00e1l\u00e9k bevitel\u00e9nek mell\u0151z\u00e9s\u00e9vel a legintenz\u00edvebb m\u00f3don <strong>tehermentes\u00edthetj\u00fck<\/strong> az <strong>em\u00e9szt\u0151rendszert<\/strong>. <strong>Em\u00e9szt\u0151- \u00e9s anyagcsere-szerveinket<\/strong> \u00fagymond <strong>szabads\u00e1gra<\/strong> k\u00fcldj\u00fck\u201d.<\/p><p>A <strong>c\u00e9lzott b\u00e9ltiszt\u00edt\u00e1s<\/strong> ide\u00e1lis lehet\u0151s\u00e9get teremt a <a href=\"https:\/\/www.omni-biotic.com\/hu-hu\/a-belrendszer-egeszsege\/a-bel-az-egeszseg-kozpontja\/belmikrobiom\/\"><strong>b\u00e9lmikrobiom meger\u0151s\u00edt\u00e9s\u00e9re<\/strong><\/a> \u00e9s a <strong>b\u00e9lny\u00e1lkah\u00e1rtya egyidej\u0171 regener\u00e1l\u00e1s\u00e1ra<\/strong>. Detzel ebben a k\u00f6lcs\u00f6nhat\u00e1sban l\u00e1tja a nagy lehet\u0151s\u00e9get: \u201eAz em\u00e9szt\u0151szervek tehermentes\u00fclnek, a m\u00e9regtelen\u00edt\u00e9s \u00e9l\u00e9nk\u00fcl, az anyagcsere szab\u00e1lyoz\u00f3dik, a gyullad\u00e1s cs\u00f6kken, \u00e9s <a href=\"https:\/\/www.omni-biotic.com\/hu-hu\/a-belrendszer-egeszsege\/a-bel-hataskore\/az-immunrendszer\/\">ennek k\u00f6vetkezt\u00e9ben az immunrendszer jelent\u0151sen meger\u0151s\u00f6dik<\/a>.<\/p>\t\t\t\t\t\t\t\t<\/div>\n\t\t\t\t<\/div>\n\t\t\t\t\t<\/div>\n\t\t\t\t<\/div>\n\t\t<div class=\"elementor-element elementor-element-a9c0121 obcs none e-flex e-con-boxed e-con e-parent\" data-id=\"a9c0121\" data-element_type=\"container\">\n\t\t\t\t\t<div class=\"e-con-inner\">\n\t\t\t\t<div class=\"elementor-element elementor-element-0a83130 elementor-widget elementor-widget-li-widgets--author-quote\" data-id=\"0a83130\" data-element_type=\"widget\" data-widget_type=\"li-widgets--author-quote.default\">\n\t\t\t\t<div class=\"elementor-widget-container\">\n\t\t\t\t\t<div class=\"li-widgets--author-quote yellow\">\n            <div class=\"li-widgets--author-quote__image--wrapper\">\n            <div class=\"li-widgets--author-quote__image\">\n                <img decoding=\"async\" width=\"300\" height=\"244\" src=\"https:\/\/www.omni-biotic.com\/hu-hu\/wp-content\/uploads\/sites\/7\/2024\/03\/boejt-300x244.jpg\" class=\"attachment-medium size-medium\" alt=\"b\u00e9ltiszt\u00edt\u00e1s, m\u00e9regtelen\u00edt\u00e9s, omni-biotic, b\u00f6jt, meregtelenites beltisztitas\" srcset=\"https:\/\/www.omni-biotic.com\/hu-hu\/wp-content\/uploads\/sites\/7\/2024\/03\/boejt-300x244.jpg 300w, https:\/\/www.omni-biotic.com\/hu-hu\/wp-content\/uploads\/sites\/7\/2024\/03\/boejt-768x624.jpg 768w, https:\/\/www.omni-biotic.com\/hu-hu\/wp-content\/uploads\/sites\/7\/2024\/03\/boejt.jpg 800w\" sizes=\"(max-width: 300px) 100vw, 300px\" title=\"\">            <\/div>\n        <\/div>\n        <div class=\"li-widgets--author-quote__content\">\n        <div class=\"li-widgets--author-quote__author\">\n            Dr. rer. nat. Michaela E. Detzel                            <span class=\"li-widgets--author-quote__author--position\">\n            A szak\u00e9rt\u0151 portr\u00e9ja        <\/span>\n                    <\/div>\n        <div class=\"li-widgets--author-quote__text\">\n            Michaela E. Detzel vegy\u00e9sz, term\u00e9szetgy\u00f3gy\u00e1sz, keresett el\u0151ad\u00f3 a komplementer orvosl\u00e1s t\u00e9mak\u00f6r\u00e9ben. A vitalM.E.D. praxist 2012 \u00f3ta vezeti Frankfurt am Main k\u00f6zel\u00e9ben. Szakter\u00fclete a funkcion\u00e1lis orvosl\u00e1s, bele\u00e9rtve a b\u00e9ltiszt\u00edt\u00e1st, a m\u00e9regtelen\u00edt\u00e9st \u00e9s a sejtregener\u00e1ci\u00f3t. P\u00e1cienseinek szem\u00e9lyre szabott koncepci\u00f3t k\u00edn\u00e1l a b\u00f6jtbe integr\u00e1lt b\u00e9lter\u00e1pi\u00e1ra.        <\/div>\n            <\/div>\n    <\/div>\n\t\t\t\t<\/div>\n\t\t\t\t<\/div>\n\t\t\t\t\t<\/div>\n\t\t\t\t<\/div>\n\t\t\t\t<\/div>\n\t\t","protected":false},"excerpt":{"rendered":"<p>M\u00e9regtelen\u00edt\u00e9s: Hogy a b\u00e9l megszabaduljon a felesleges terhekt\u0151l. A (ter\u00e1pi\u00e1s) b\u00f6jt \u00e9vezredek \u00f3ta bev\u00e1lt m\u00f3dszer sz\u00e1mos kult\u00far\u00e1ban a test\u00a0megtiszt\u00edt\u00e1s\u00e1ra \u00e9s meger\u0151s\u00edt\u00e9s\u00e9re fizikailag, ment\u00e1lisan \u00e9s spiritu\u00e1lisan, valamint a test \u00f6ngy\u00f3gy\u00edt\u00f3 er\u0151inek aktiv\u00e1l\u00e1s\u00e1ra. A sz\u00f3 legszorosabb \u00e9rtelm\u00e9ben a ballasztok levet\u00e9s\u00e9r\u0151l van sz\u00f3, hiszen a b\u00f6jt m\u00e9regtelen\u00edt\u00e9st jelent, azaz a szervezet megszabad\u00edt\u00e1s\u00e1t k\u00fcl\u00f6nb\u00f6z\u0151 k\u00e1ros anyagokt\u00f3l. A b\u00f6jt ism\u00e9t [&hellip;]<\/p>\n","protected":false},"author":19,"featured_media":21658,"comment_status":"closed","ping_status":"closed","sticky":false,"template":"","format":"standard","meta":{"_acf_changed":false,"inline_featured_image":false,"footnotes":""},"categories":[117],"tags":[],"class_list":["post-21390","post","type-post","status-publish","format-standard","has-post-thumbnail","hentry","category-taplalkozas-receptek"],"acf":[],"rank_math":{"og:title":"M\u00e9regtelen\u00edt\u00e9s: Mi\u00e9rt tiszt\u00edtsuk meg a beleket?","og:desc":"A m\u00e9regtelen\u00edt\u00e9s \u00e9vezredek \u00f3ta bev\u00e1lt m\u00f3dszer a test meger\u0151s\u00edt\u00e9s\u00e9re fizikailag, ment\u00e1lisan \u00e9s spiritu\u00e1lisan.","og:url":"https:\/\/www.omni-biotic.com\/hu-hu\/blog\/meregtelenites\/","og:locale":"hu_HU","og:image":"https:\/\/www.omni-biotic.com\/hu-hu\/wp-content\/uploads\/sites\/7\/2024\/03\/meregtelenites.jpg","og:image:width":"700","og:image:height":"500"},"additional_data":{"thumbnail":"https:\/\/www.omni-biotic.com\/hu-hu\/wp-content\/uploads\/sites\/7\/2024\/03\/meregtelenites.jpg"},"blog_info":{"country":"hu-hu"},"_links":{"self":[{"href":"https:\/\/www.omni-biotic.com\/hu-hu\/wp-json\/wp\/v2\/posts\/21390","targetHints":{"allow":["GET"]}}],"collection":[{"href":"https:\/\/www.omni-biotic.com\/hu-hu\/wp-json\/wp\/v2\/posts"}],"about":[{"href":"https:\/\/www.omni-biotic.com\/hu-hu\/wp-json\/wp\/v2\/types\/post"}],"author":[{"embeddable":true,"href":"https:\/\/www.omni-biotic.com\/hu-hu\/wp-json\/wp\/v2\/users\/19"}],"replies":[{"embeddable":true,"href":"https:\/\/www.omni-biotic.com\/hu-hu\/wp-json\/wp\/v2\/comments?post=21390"}],"version-history":[{"count":7,"href":"https:\/\/www.omni-biotic.com\/hu-hu\/wp-json\/wp\/v2\/posts\/21390\/revisions"}],"predecessor-version":[{"id":22579,"href":"https:\/\/www.omni-biotic.com\/hu-hu\/wp-json\/wp\/v2\/posts\/21390\/revisions\/22579"}],"wp:featuredmedia":[{"embeddable":true,"href":"https:\/\/www.omni-biotic.com\/hu-hu\/wp-json\/wp\/v2\/media\/21658"}],"wp:attachment":[{"href":"https:\/\/www.omni-biotic.com\/hu-hu\/wp-json\/wp\/v2\/media?parent=21390"}],"wp:term":[{"taxonomy":"category","embeddable":true,"href":"https:\/\/www.omni-biotic.com\/hu-hu\/wp-json\/wp\/v2\/categories?post=21390"},{"taxonomy":"post_tag","embeddable":true,"href":"https:\/\/www.omni-biotic.com\/hu-hu\/wp-json\/wp\/v2\/tags?post=21390"}],"curies":[{"name":"wp","href":"https:\/\/api.w.org\/{rel}","templated":true}]}}