{"id":22965,"date":"2024-06-21T09:12:59Z","date_gmt":"2024-06-21T07:12:59Z","guid":{"rendered":"https:\/\/www.omni-biotic.com\/hu-hu\/?p=22965"},"modified":"2024-06-21T09:13:42Z","modified_gmt":"2024-06-21T07:13:42Z","slug":"tejsavas-kezeles-a-termekenysegert","status":"publish","type":"post","link":"https:\/\/www.omni-biotic.com\/hu-hu\/blog\/tejsavas-kezeles-a-termekenysegert\/","title":{"rendered":"Tejsavas kezel\u00e9s a term\u00e9kenys\u00e9g\u00e9rt"},"content":{"rendered":"\t\t<div data-elementor-type=\"wp-post\" data-elementor-id=\"22965\" class=\"elementor elementor-22965\" data-elementor-post-type=\"post\">\n\t\t\t\t<div class=\"elementor-element elementor-element-87a4227 obcs none e-flex e-con-boxed e-con e-parent\" data-id=\"87a4227\" data-element_type=\"container\">\n\t\t\t\t\t<div class=\"e-con-inner\">\n\t\t\t\t<div class=\"elementor-element elementor-element-600e87a elementor-widget elementor-widget-image\" data-id=\"600e87a\" data-element_type=\"widget\" data-widget_type=\"image.default\">\n\t\t\t\t<div class=\"elementor-widget-container\">\n\t\t\t\t\t\t\t\t\t\t\t\t\t\t\t<img fetchpriority=\"high\" decoding=\"async\" width=\"700\" height=\"500\" src=\"https:\/\/www.omni-biotic.com\/hu-hu\/wp-content\/uploads\/sites\/7\/2024\/06\/huevelyflora_laktobacillus.jpg\" class=\"attachment-large size-large wp-image-23011\" alt=\"h\u00fcvelyfl\u00f3ra er\u0151s\u00edt\u00e9se, omni-biotic, probiotikum, n\u0151i probiotikum, tejsavbakt\u00e9rium, term\u00e9kenys\u00e9g\" srcset=\"https:\/\/www.omni-biotic.com\/hu-hu\/wp-content\/uploads\/sites\/7\/2024\/06\/huevelyflora_laktobacillus.jpg 700w, https:\/\/www.omni-biotic.com\/hu-hu\/wp-content\/uploads\/sites\/7\/2024\/06\/huevelyflora_laktobacillus-300x214.jpg 300w\" sizes=\"(max-width: 700px) 100vw, 700px\" title=\"\">\t\t\t\t\t\t\t\t\t\t\t\t\t\t\t<\/div>\n\t\t\t\t<\/div>\n\t\t\t\t<div class=\"elementor-element elementor-element-8d4328d elementor-widget elementor-widget-text-editor\" data-id=\"8d4328d\" data-element_type=\"widget\" data-widget_type=\"text-editor.default\">\n\t\t\t\t<div class=\"elementor-widget-container\">\n\t\t\t\t\t\t\t\t\t<p>A <strong>h\u00fcvelyfl\u00f3r\u00e1ban a tejsavbakt\u00e9riumok<\/strong> (lactobacillusok) <strong>domin\u00e1lnak<\/strong>, amelyek &#8211; mint a nev\u00fck is mutatja &#8211; tejsavat (lakt\u00e1t) termelnek, ami savas\u00edtja a h\u00fcvelyi k\u00f6rnyezetet. Ez az\u00e9rt is rendk\u00edv\u00fcl fontos, mert a savas k\u00f6rnyezet v\u00e9d\u0151pajzsk\u00e9nt szolg\u00e1l a k\u00f3rokoz\u00f3 bakt\u00e9riumok \u00e9s gomb\u00e1k elszaporod\u00e1sa ellen.<\/p>\t\t\t\t\t\t\t\t<\/div>\n\t\t\t\t<\/div>\n\t\t\t\t\t<\/div>\n\t\t\t\t<\/div>\n\t\t<div class=\"elementor-element elementor-element-1f8b738 obcs none e-flex e-con-boxed e-con e-parent\" data-id=\"1f8b738\" data-element_type=\"container\">\n\t\t\t\t\t<div class=\"e-con-inner\">\n\t\t\t\t<div class=\"elementor-element elementor-element-edd4df4 elementor-widget elementor-widget-heading\" data-id=\"edd4df4\" data-element_type=\"widget\" data-widget_type=\"heading.default\">\n\t\t\t\t<div class=\"elementor-widget-container\">\n\t\t\t\t\t<h2 class=\"elementor-heading-title elementor-size-default\">Mely lactobacillust\u00f6rzsek fontosak az eg\u00e9szs\u00e9ges h\u00fcvelyfl\u00f3r\u00e1hoz?<\/h2>\t\t\t\t<\/div>\n\t\t\t\t<\/div>\n\t\t\t\t<div class=\"elementor-element elementor-element-296185b elementor-widget elementor-widget-text-editor\" data-id=\"296185b\" data-element_type=\"widget\" data-widget_type=\"text-editor.default\">\n\t\t\t\t<div class=\"elementor-widget-container\">\n\t\t\t\t\t\t\t\t\t<p>Egy vizsg\u00e1lat sor\u00e1n 126 eg\u00e9szs\u00e9ges (h\u00fcvelyi fert\u0151z\u00e9ssel nem rendelkez\u0151) n\u0151 Lactobacillus-domin\u00e1ns fl\u00f3r\u00e1j\u00e1t elemezt\u00e9k. A leggyakrabban el\u0151fordul\u00f3 fajok a <em>Lactobacillus crispatus<\/em> \u00e9s a <em>Lactobacillus gasseri<\/em>, majd a <em>Lactobacillus jensenii<\/em> \u00e9s a <em>Lactobacillus rhamnosus<\/em> voltak. Tov\u00e1bbi vizsg\u00e1latok azt mutatj\u00e1k, hogy a fent eml\u00edtett tejsavbakt\u00e9riumok v\u00e9dekez\u0151 anyagok (hidrog\u00e9n-peroxid, bakteriocinok stb.) termel\u00e9s\u00e9vel k\u00e9pesek <strong>a k\u00f3rokoz\u00f3kat elt\u00e1vol\u00edtani<\/strong>, ami nagyban hozz\u00e1j\u00e1rul <strong>az<\/strong> <strong>eg\u00e9szs\u00e9ges h\u00fcvelyfl\u00f3ra fenntart\u00e1s\u00e1hoz.<\/strong><\/p>\t\t\t\t\t\t\t\t<\/div>\n\t\t\t\t<\/div>\n\t\t\t\t<div class=\"elementor-element elementor-element-8339e28 elementor-widget elementor-widget-heading\" data-id=\"8339e28\" data-element_type=\"widget\" data-widget_type=\"heading.default\">\n\t\t\t\t<div class=\"elementor-widget-container\">\n\t\t\t\t\t<h2 class=\"elementor-heading-title elementor-size-default\">Tejsavbakt\u00e9riumok a sikeres mesters\u00e9ges megterm\u00e9keny\u00edt\u00e9shez<\/h2>\t\t\t\t<\/div>\n\t\t\t\t<\/div>\n\t\t\t\t<div class=\"elementor-element elementor-element-09ad094 elementor-widget elementor-widget-text-editor\" data-id=\"09ad094\" data-element_type=\"widget\" data-widget_type=\"text-editor.default\">\n\t\t\t\t<div class=\"elementor-widget-container\">\n\t\t\t\t\t\t\t\t\t<p>A <strong>m\u00e9hny\u00e1lkah\u00e1rtya<\/strong> is bakt\u00e9riumokkal van tele. Tanulm\u00e1nyok szerint <strong>a bakteri\u00e1lis koloniz\u00e1ci\u00f3 k\u00e1rosod\u00e1sa<\/strong> akad\u00e1lyozhatja <strong>a megterm\u00e9keny\u00edtett petesejt be\u00e1gyaz\u00f3d\u00e1s\u00e1t<\/strong>. Egy spanyol kutat\u00f3csoport azt is kimutatta, hogy az els\u0151 IVF-kezel\u00e9s (mesters\u00e9ges megterm\u00e9keny\u00edt\u00e9s) a Lactobacillus-domin\u00e1ns h\u00fcvelyfl\u00f3r\u00e1val rendelkez\u0151 n\u0151kn\u00e9l m\u00e1r 60,7%-ban sikeres volt &#8211; de csak 23,1%-ban a Lactobacillus-cs\u00f6kkent h\u00fcvelyfl\u00f3r\u00e1n\u00e1l.<\/p>\t\t\t\t\t\t\t\t<\/div>\n\t\t\t\t<\/div>\n\t\t\t\t\t<\/div>\n\t\t\t\t<\/div>\n\t\t<div class=\"elementor-element elementor-element-2745638 obcs none e-flex e-con-boxed e-con e-parent\" data-id=\"2745638\" data-element_type=\"container\">\n\t\t\t\t\t<div class=\"e-con-inner\">\n\t\t\t\t<div class=\"elementor-element elementor-element-68c0ef4 elementor-widget elementor-widget-image\" data-id=\"68c0ef4\" data-element_type=\"widget\" data-widget_type=\"image.default\">\n\t\t\t\t<div class=\"elementor-widget-container\">\n\t\t\t\t\t\t\t\t\t\t\t\t\t\t\t<img decoding=\"async\" width=\"700\" height=\"500\" src=\"https:\/\/www.omni-biotic.com\/hu-hu\/wp-content\/uploads\/sites\/7\/2024\/06\/termekenyseg_meddoeseg.jpg\" class=\"attachment-large size-large wp-image-23012\" alt=\"h\u00fcvelyfl\u00f3ra er\u0151s\u00edt\u00e9se, omni-biotic, probiotikum, n\u0151i probiotikum, tejsavbakt\u00e9rium, term\u00e9kenys\u00e9g, medd\u0151s\u00e9g\" srcset=\"https:\/\/www.omni-biotic.com\/hu-hu\/wp-content\/uploads\/sites\/7\/2024\/06\/termekenyseg_meddoeseg.jpg 700w, https:\/\/www.omni-biotic.com\/hu-hu\/wp-content\/uploads\/sites\/7\/2024\/06\/termekenyseg_meddoeseg-300x214.jpg 300w\" sizes=\"(max-width: 700px) 100vw, 700px\" title=\"\">\t\t\t\t\t\t\t\t\t\t\t\t\t\t\t<\/div>\n\t\t\t\t<\/div>\n\t\t\t\t<div class=\"elementor-element elementor-element-d60b013 elementor-widget elementor-widget-heading\" data-id=\"d60b013\" data-element_type=\"widget\" data-widget_type=\"heading.default\">\n\t\t\t\t<div class=\"elementor-widget-container\">\n\t\t\t\t\t<h2 class=\"elementor-heading-title elementor-size-default\">Mi\u00e9rt lehet kevesebb tejsavbakt\u00e9rium a h\u00fcvelyben?<\/h2>\t\t\t\t<\/div>\n\t\t\t\t<\/div>\n\t\t\t\t<div class=\"elementor-element elementor-element-7087d59 elementor-widget elementor-widget-text-editor\" data-id=\"7087d59\" data-element_type=\"widget\" data-widget_type=\"text-editor.default\">\n\t\t\t\t<div class=\"elementor-widget-container\">\n\t\t\t\t\t\t\t\t\t<p>A h\u00fcvelyben l\u00e9v\u0151 <em>lactobacillusok<\/em> cs\u00f6kken\u00e9s\u00e9nek sz\u00e1mos oka lehet. A k\u00fcl\u00f6nb\u00f6z\u0151 bakt\u00e9riumfajok egyens\u00falya kulcsfontoss\u00e1g\u00fa az optim\u00e1lis v\u00e9delemhez. Ez az egyens\u00faly azonban nagyon \u00e9rz\u00e9keny: ha egyszer kibillen az egyens\u00falyb\u00f3l, a panaszok \u00fajra \u00e9s \u00fajra jelentkezhetnek, mivel az olyan bakt\u00e9riumok, mint k\u00fcl\u00f6n\u00f6sen a <em>Gardnerella vaginalis<\/em>, bior\u00e9teget k\u00e9peznek, amely megtapad a h\u00fcvelyben, \u00e9s megv\u00e9di a bakt\u00e9riumokat az <a href=\"https:\/\/www.omni-biotic.com\/hu-hu\/blog\/mit-tesz-az-antibiotikum-a-szervezettel\/\"><strong>antibiotikumokt\u00f3l<\/strong><\/a>. Ez\u00e9rt nem meglep\u0151, hogy a n\u0151k 60%-a hat h\u00f3nappal <strong>a <a href=\"https:\/\/www.omni-biotic.com\/hu-hu\/blog\/bakterialis-vaginozis-es-huevelygomba-tuenetek-kezeles\/\">bakteri\u00e1lis vagin\u00f3zis<\/a> ut\u00e1n<\/strong> ism\u00e9t ugyanazokat a t\u00fcneteket tapasztalja.<\/p><p>Minden n\u0151 <a href=\"https:\/\/www.omni-biotic.com\/hu-hu\/blog\/huevelyflora-es-huvelyszarazsag\/\"><strong>h\u00fcvelyfl\u00f3r\u00e1ja<\/strong><\/a> egyedi, ez\u00e9rt egyes szem\u00e9lyek hajlamosabbak a fert\u0151z\u00e9sekre, m\u00edg m\u00e1soknak soha nem volt panaszuk az intim ter\u00fclet\u00fck\u00f6n. Vannak olyan behat\u00e1sok, amelyek megbonthatj\u00e1k az intim ter\u00fclet egyens\u00faly\u00e1t:<\/p>\t\t\t\t\t\t\t\t<\/div>\n\t\t\t\t<\/div>\n\t\t\t\t<div class=\"elementor-element elementor-element-f5938ea elementor-widget elementor-widget-text-editor\" data-id=\"f5938ea\" data-element_type=\"widget\" data-widget_type=\"text-editor.default\">\n\t\t\t\t<div class=\"elementor-widget-container\">\n\t\t\t\t\t\t\t\t\t<ul><li><p>A <strong>stressz<\/strong> az egyik legnagyobb mutat\u00f3, amely kibillentheti a h\u00fcvely egyens\u00faly\u00e1t. Ez megk\u00f6nny\u00edti a k\u00f3rokoz\u00f3 bakt\u00e9riumok elszaporod\u00e1s\u00e1t \u00e9s k\u00fcl\u00f6nb\u00f6z\u0151 fert\u0151z\u00e9sek kialakul\u00e1s\u00e1t.<\/p><\/li><li><p>A megfelel\u0151 <strong>higi\u00e9nia<\/strong> nagyon fontos az intim ter\u00fcleten! A higi\u00e9ni\u00e1t nem szabad t\u00falz\u00e1sba vinni, mert a h\u00fcvely \u00e9rt\u00e9kes pH-\u00e9rt\u00e9ke kibillenthet\u0151 az egyens\u00faly\u00e1b\u00f3l. A tiszt\u00edt\u00e1st csak tiszta v\u00edzzel szabad v\u00e9gezni, hacsak nem speci\u00e1lis, az intim ter\u00fcletre sz\u00e1nt term\u00e9keket haszn\u00e1lunk.<\/p><\/li><li><p>A <a href=\"https:\/\/www.omni-biotic.com\/hu-hu\/blog\/belbakteriumok-es-hormonok\/\"><strong>hormonok<\/strong> <\/a>szint\u00e9n gyakran okai a h\u00fcvelyfl\u00f3ra v\u00e1ltoz\u00e1s\u00e1nak. Ez gyakran a <a href=\"https:\/\/www.omni-biotic.com\/hu-hu\/a-belrendszer-egeszsege\/a-bel-hataskore\/terhesseg-szoptatas\/\"><strong>terhess\u00e9g<\/strong><\/a>, a <a href=\"https:\/\/www.omni-biotic.com\/hu-hu\/blog\/mi-az-a-menopauza\/\"><strong>menopauza<\/strong> <\/a>vagy a menstru\u00e1ci\u00f3 alatt t\u00f6rt\u00e9nik. Ennek oka, hogy az \u00f6sztrog\u00e9n hormon hat\u00e1rozza meg a h\u00fcvelyben l\u00e9v\u0151 lactobacillusok sz\u00e1m\u00e1t is; amikor az \u00f6sztrog\u00e9nszint cs\u00f6kken, a tejsavbakt\u00e9riumok sz\u00e1ma is cs\u00f6kken.<\/p><\/li><li>Az <strong>antibiotikumok<\/strong> nemcsak a b\u00e9lben l\u00e9v\u0151 bakt\u00e9riumokat puszt\u00edtj\u00e1k el, hanem a h\u00fcvelyfl\u00f3r\u00e1t is. Ez\u00e9rt van \u00e9rtelme minden antibiotikum-k\u00fara ut\u00e1n <strong>probiotikumokkal<\/strong> t\u00e1mogatni nemcsak a <strong><a href=\"https:\/\/www.omni-biotic.com\/hu-hu\/a-belrendszer-egeszsege\/a-bel-az-egeszseg-kozpontja\/belflora\/\">b\u00e9lfl\u00f3r\u00e1t<\/a><\/strong>, hanem a h\u00fcvelyfl\u00f3r\u00e1t is.<\/li><\/ul>\t\t\t\t\t\t\t\t<\/div>\n\t\t\t\t<\/div>\n\t\t\t\t<div class=\"elementor-element elementor-element-e1e526c elementor-widget elementor-widget-text-editor\" data-id=\"e1e526c\" data-element_type=\"widget\" data-widget_type=\"text-editor.default\">\n\t\t\t\t<div class=\"elementor-widget-container\">\n\t\t\t\t\t\t\t\t\t<p>Ismert, hogy <strong>az ism\u00e9telt \u00e9s\/vagy rosszul kezelt h\u00fcvelyi fert\u0151z\u00e9sekre<\/strong> hajlamos n\u0151kn\u00e9l <strong>nagyobb a kock\u00e1zata a m\u00e9hny\u00e1lkah\u00e1rtya \u00e9s a petevezet\u00e9kek fert\u0151z\u00e9s\u00e9nek<\/strong> a h\u00fcvelyb\u0151l felsz\u00e1ll\u00f3 bakt\u00e9riumok miatt.<\/p>\t\t\t\t\t\t\t\t<\/div>\n\t\t\t\t<\/div>\n\t\t\t\t\t<\/div>\n\t\t\t\t<\/div>\n\t\t<div class=\"elementor-element elementor-element-1ae0724 obcs none e-flex e-con-boxed e-con e-parent\" data-id=\"1ae0724\" data-element_type=\"container\">\n\t\t\t\t\t<div class=\"e-con-inner\">\n\t\t\t\t<div class=\"elementor-element elementor-element-0d07cb9 elementor-widget elementor-widget-heading\" data-id=\"0d07cb9\" data-element_type=\"widget\" data-widget_type=\"heading.default\">\n\t\t\t\t<div class=\"elementor-widget-container\">\n\t\t\t\t\t<h2 class=\"elementor-heading-title elementor-size-default\">Diagn\u00f3zis: Endometri\u00f3zis<\/h2>\t\t\t\t<\/div>\n\t\t\t\t<\/div>\n\t\t\t\t<div class=\"elementor-element elementor-element-e0e791e elementor-widget elementor-widget-text-editor\" data-id=\"e0e791e\" data-element_type=\"widget\" data-widget_type=\"text-editor.default\">\n\t\t\t\t<div class=\"elementor-widget-container\">\n\t\t\t\t\t\t\t\t\t<p>A m\u00e9hny\u00e1lkah\u00e1rtya fert\u0151z\u00e9seit, az \u00fagynevezett endometritiszt a <em>klam\u00eddi\u00e1k<\/em>, a <em>staphylococcusok<\/em> \u00e9s a <em>streptococcusok<\/em> v\u00e1ltj\u00e1k ki. Az endometri\u00f3zis <strong>terhess\u00e9gi neh\u00e9zs\u00e9gekkel<\/strong> \u00e9s a <strong>vet\u00e9l\u00e9s<\/strong> <strong>nagyobb kock\u00e1zat\u00e1va<\/strong>l j\u00e1r.<\/p><p>Az endometri\u00f3zis <a href=\"https:\/\/www.omni-biotic.com\/hu-hu\/blog\/hasmenes-es-antibiotikum\/\"><strong>antibiotikumokkal<\/strong><\/a> kezelhet\u0151. Az antibiotikumok azonban nemcsak a fent eml\u00edtett k\u00f3rokoz\u00f3kat puszt\u00edtj\u00e1k el, hanem a h\u00fcvelyben l\u00e9v\u0151 fontos <strong>v\u00e9d\u0151pajzsunkat<\/strong>, a tejsavbakt\u00e9riumokat is. Ez <strong>ism\u00e9tl\u0151d\u0151 t\u00fcnetekhez<\/strong> vezethet, ami negat\u00edv hat\u00e1ssal lehet a term\u00e9kenys\u00e9gre. A savas h\u00fcvelyfl\u00f3ra ez\u00e9rt elengedhetetlen ahhoz, hogy <strong>megt\u00f6rj\u00fck<\/strong> ezt az \u00f6rd\u00f6gi k\u00f6rt.<\/p>\t\t\t\t\t\t\t\t<\/div>\n\t\t\t\t<\/div>\n\t\t\t\t\t<\/div>\n\t\t\t\t<\/div>\n\t\t<div class=\"elementor-element elementor-element-4309369 obcs none e-flex e-con-boxed e-con e-parent\" data-id=\"4309369\" data-element_type=\"container\">\n\t\t\t\t\t<div class=\"e-con-inner\">\n\t\t\t\t<div class=\"elementor-element elementor-element-36941b3 elementor-widget elementor-widget-heading\" data-id=\"36941b3\" data-element_type=\"widget\" data-widget_type=\"heading.default\">\n\t\t\t\t<div class=\"elementor-widget-container\">\n\t\t\t\t\t<h2 class=\"elementor-heading-title elementor-size-default\">Tejsavas kezel\u00e9s probiotikumokkal egy eg\u00e9szs\u00e9ges h\u00fcvelyfl\u00f3ra fel\u00e9p\u00edt\u00e9s\u00e9hez<\/h2>\t\t\t\t<\/div>\n\t\t\t\t<\/div>\n\t\t\t\t<div class=\"elementor-element elementor-element-0f3094f elementor-widget elementor-widget-image\" data-id=\"0f3094f\" data-element_type=\"widget\" data-widget_type=\"image.default\">\n\t\t\t\t<div class=\"elementor-widget-container\">\n\t\t\t\t\t\t\t\t\t\t\t\t\t\t\t<img decoding=\"async\" width=\"700\" height=\"500\" src=\"https:\/\/www.omni-biotic.com\/hu-hu\/wp-content\/uploads\/sites\/7\/2024\/06\/noi_probiotikum_huvelyszarazsagjpg.jpg\" class=\"attachment-large size-large wp-image-23013\" alt=\"h\u00fcvelyfl\u00f3ra er\u0151s\u00edt\u00e9se, omni-biotic, probiotikum, n\u0151i probiotikum, tejsavbakt\u00e9rium, term\u00e9kenys\u00e9g, medd\u0151s\u00e9g\" srcset=\"https:\/\/www.omni-biotic.com\/hu-hu\/wp-content\/uploads\/sites\/7\/2024\/06\/noi_probiotikum_huvelyszarazsagjpg.jpg 700w, https:\/\/www.omni-biotic.com\/hu-hu\/wp-content\/uploads\/sites\/7\/2024\/06\/noi_probiotikum_huvelyszarazsagjpg-300x214.jpg 300w\" sizes=\"(max-width: 700px) 100vw, 700px\" title=\"\">\t\t\t\t\t\t\t\t\t\t\t\t\t\t\t<\/div>\n\t\t\t\t<\/div>\n\t\t\t\t<div class=\"elementor-element elementor-element-d16bddd elementor-widget elementor-widget-text-editor\" data-id=\"d16bddd\" data-element_type=\"widget\" data-widget_type=\"text-editor.default\">\n\t\t\t\t<div class=\"elementor-widget-container\">\n\t\t\t\t\t\t\t\t\t<p>A n\u0151gy\u00f3gy\u00e1szat jelenleg a <strong>h\u00fcvelyi \u00e9s endometri\u00e1lis mikrobiomnak<\/strong> a n\u0151k <a href=\"https:\/\/www.omni-biotic.com\/hu-hu\/blog\/a-beltol-fugg-a-termekenyseg\/\"><strong>term\u00e9kenys\u00e9g\u00e9re<\/strong><\/a>, valamint az in vitro megterm\u00e9keny\u00edt\u00e9s (IVF) sikeress\u00e9gi ar\u00e1ny\u00e1ra gyakorolt hat\u00e1s\u00e1ra \u00f6sszpontos\u00edt.<\/p><p>A <a href=\"https:\/\/shop.omni-biotic.com\/hu-hu\/products\/omni-biotic-flora-plus-int-99106\"><strong>probiotikumok<\/strong><\/a> alkalmaz\u00e1sa a h\u00fcvelyfl\u00f3ra negat\u00edv v\u00e1ltoz\u00e1sainak \u00e9s a <a href=\"https:\/\/www.omni-biotic.com\/hu-hu\/blog\/hugyuti-fertozes-az-e-coli-szorosan-tapad-a-felueletekhez\/\"><strong>h\u00fagy\u00fati<\/strong><\/a> \u00e9s h\u00fcvelyfert\u0151z\u00e9sek kezel\u00e9s\u00e9ben \u00e9s megel\u0151z\u00e9s\u00e9ben az elm\u00falt \u00e9vekben bizony\u00edtotta l\u00e9tjogosults\u00e1g\u00e1t. Mindenekel\u0151tt a <strong>probiotikus bakt\u00e9riumok<\/strong> k\u00e9nyelmes <strong>sz\u00e1jon \u00e1t t\u00f6rt\u00e9n\u0151 bevitele<\/strong> sok n\u0151 sz\u00e1m\u00e1ra jelent el\u0151nyt.<\/p><p>Ez is kedvez a h\u00fcvely term\u00e9szetes koloniz\u00e1ci\u00f3j\u00e1nak a megfelel\u0151 mikrob\u00e1kkal. H\u00fcvelykapszul\u00e1k bead\u00e1s\u00e1val ellent\u00e9tben ezeknek a probiotikus bakt\u00e9riumoknak a beleken kereszt\u00fcl t\u00f6rt\u00e9n\u0151 v\u00e1ndorl\u00e1sa a b\u00e9lben egy dep\u00f3 kialakul\u00e1s\u00e1t eredm\u00e9nyezi, ami a h\u00fcvely \u00e1lland\u00f3 koloniz\u00e1ci\u00f3j\u00e1nak tartal\u00e9k\u00e1t k\u00e9pezi.<\/p><p>A <a href=\"https:\/\/www.omni-biotic.com\/hu-hu\/rolunk\/institut-allergosan\/kompetenciakozpont\/\"><strong>mikrobiom-kutat\u00e1s<\/strong><\/a> m\u00e9g gyerekcip\u0151ben j\u00e1r, \u00e9s m\u00e9g nem bizony\u00edtott egy\u00e9rtelm\u0171en, hogy a <em>lactobacillusok<\/em> pontosan milyen hat\u00e1ssal vannak a term\u00e9kenys\u00e9gre. A probiotikus ter\u00e1pia, mint a <strong>term\u00e9kenys\u00e9g jav\u00edt\u00e1s\u00e1nak<\/strong> \u00faj megk\u00f6zel\u00edt\u00e9se azonban <strong>hatalmas lehet\u0151s\u00e9geket rejt mag\u00e1ban<\/strong>. A <a href=\"https:\/\/www.omni-biotic.com\/hu-hu\/a-belrendszer-egeszsege\/a-bel-az-egeszseg-kozpontja\/probiotikum\/\"><strong>probiotikumok<\/strong><\/a> felhaszn\u00e1lhat\u00f3k a term\u00e9kenys\u00e9gi kezel\u00e9s r\u00e9szek\u00e9nt, \u00e9s seg\u00edthetnek az eg\u00e9szs\u00e9ges <a href=\"https:\/\/www.omni-biotic.com\/hu-hu\/a-belrendszer-egeszsege\/a-bel-hataskore\/huvelyflora\/\"><strong>h\u00fcvelyfl\u00f3ra<\/strong><\/a> fenntart\u00e1s\u00e1ban. Az alkalmaz\u00e1s id\u0151tartama legal\u00e1bb 3 h\u00f3nap.<\/p>\t\t\t\t\t\t\t\t<\/div>\n\t\t\t\t<\/div>\n\t\t\t\t<div class=\"elementor-element elementor-element-15a55f9 elementor-widget elementor-widget-heading\" data-id=\"15a55f9\" data-element_type=\"widget\" data-widget_type=\"heading.default\">\n\t\t\t\t<div class=\"elementor-widget-container\">\n\t\t\t\t\t<h3 class=\"elementor-heading-title elementor-size-default\">Hogyan ker\u00fclnek a sz\u00e1jon \u00e1t bevitt bakt\u00e9riumok a h\u00fcvelybe?<\/h3>\t\t\t\t<\/div>\n\t\t\t\t<\/div>\n\t\t\t\t<div class=\"elementor-element elementor-element-113775a elementor-widget elementor-widget-text-editor\" data-id=\"113775a\" data-element_type=\"widget\" data-widget_type=\"text-editor.default\">\n\t\t\t\t<div class=\"elementor-widget-container\">\n\t\t\t\t\t\t\t\t\t<p>A <a href=\"https:\/\/www.omni-biotic.com\/hu-hu\/blog\/huevelyflora-es-huvelyszarazsag\/\"><strong>h\u00fcvelyfl\u00f3ra<\/strong><\/a> a sz\u00fclet\u00e9st\u0151l kezdve a j\u00f3t\u00e9kony bakt\u00e9riumok<strong> sz\u00e1jon \u00e1t t\u00f6rt\u00e9n\u0151 bevitel\u00e9vel \u00e9p\u00fcl fel<\/strong>. Ezek a fontos szimbiont\u00e1k pontosan ismerik rendeltet\u00e9si hely\u00fcket az emberi szervezetben, \u00e9s nagyon r\u00f6vid id\u0151n bel\u00fcl megtal\u00e1lj\u00e1k a hely\u00fcket. De hogyan ker\u00fclnek a bakt\u00e9riumok a b\u00e9lb\u0151l a h\u00fcvelyi ter\u00fcletre?<\/p><p>Ezt a n\u0151i anat\u00f3mi\u00e1val magyar\u00e1zhatjuk: Az an\u00e1lis ter\u00fclet, a h\u00fcvelyi ter\u00fclet \u00e9s a h\u00fagyutak nem sz\u0171k, z\u00e1rt rendszerek, hanem ny\u00edl\u00e1saik vannak. A v\u00e9gb\u00e9l- \u00e9s a h\u00fcvelyi ter\u00fclet k\u00f6z\u00f6tt \u201eny\u00e1lka\u00fat\u201c helyezkedik el: A <strong><em>lactobacillusok<\/em><\/strong> ezen a fiziol\u00f3giai \u00fatvonalon kereszt\u00fcl folyamatosan <strong>v\u00e1ndorolnak el\u0151re a v\u00e9gb\u00e9lb\u0151l,<\/strong> amely a j\u00f3t\u00e9kony tejsavbakt\u00e9riumok rezervo\u00e1rjak\u00e9nt szolg\u00e1l, a <strong>h\u00fcvelybe<\/strong>.<\/p>\t\t\t\t\t\t\t\t<\/div>\n\t\t\t\t<\/div>\n\t\t\t\t\t<\/div>\n\t\t\t\t<\/div>\n\t\t\t\t<\/div>\n\t\t","protected":false},"excerpt":{"rendered":"<p>A h\u00fcvelyfl\u00f3r\u00e1ban a tejsavbakt\u00e9riumok (lactobacillusok) domin\u00e1lnak, amelyek &#8211; mint a nev\u00fck is mutatja &#8211; tejsavat (lakt\u00e1t) termelnek, ami savas\u00edtja a h\u00fcvelyi k\u00f6rnyezetet. Ez az\u00e9rt is rendk\u00edv\u00fcl fontos, mert a savas k\u00f6rnyezet v\u00e9d\u0151pajzsk\u00e9nt szolg\u00e1l a k\u00f3rokoz\u00f3 bakt\u00e9riumok \u00e9s gomb\u00e1k elszaporod\u00e1sa ellen. Mely lactobacillust\u00f6rzsek fontosak az eg\u00e9szs\u00e9ges h\u00fcvelyfl\u00f3r\u00e1hoz? Egy vizsg\u00e1lat sor\u00e1n 126 eg\u00e9szs\u00e9ges (h\u00fcvelyi fert\u0151z\u00e9ssel nem rendelkez\u0151) [&hellip;]<\/p>\n","protected":false},"author":19,"featured_media":23011,"comment_status":"closed","ping_status":"closed","sticky":false,"template":"","format":"standard","meta":{"_acf_changed":false,"inline_featured_image":false,"footnotes":""},"categories":[107],"tags":[],"class_list":["post-22965","post","type-post","status-publish","format-standard","has-post-thumbnail","hentry","category-noi-egeszseg"],"acf":[],"rank_math":{"og:title":"Tejsavas kezel\u00e9s a term\u00e9kenys\u00e9g\u00e9rt - OMNi-BiOTiC\u00ae","og:desc":"A probiotikumok felhaszn\u00e1lhat\u00f3k a term\u00e9kenys\u00e9gi kezel\u00e9s r\u00e9szek\u00e9nt, \u00e9s seg\u00edthetnek az eg\u00e9szs\u00e9ges h\u00fcvelyfl\u00f3ra fenntart\u00e1s\u00e1ban.","og:url":"https:\/\/www.omni-biotic.com\/hu-hu\/blog\/tejsavas-kezeles-a-termekenysegert\/","og:locale":"hu_HU","og:image":"https:\/\/www.omni-biotic.com\/hu-hu\/wp-content\/uploads\/sites\/7\/2024\/06\/huevelyflora_laktobacillus.jpg","og:image:width":"700","og:image:height":"500"},"additional_data":{"thumbnail":"https:\/\/www.omni-biotic.com\/hu-hu\/wp-content\/uploads\/sites\/7\/2024\/06\/huevelyflora_laktobacillus.jpg"},"blog_info":{"country":"hu-hu"},"_links":{"self":[{"href":"https:\/\/www.omni-biotic.com\/hu-hu\/wp-json\/wp\/v2\/posts\/22965","targetHints":{"allow":["GET"]}}],"collection":[{"href":"https:\/\/www.omni-biotic.com\/hu-hu\/wp-json\/wp\/v2\/posts"}],"about":[{"href":"https:\/\/www.omni-biotic.com\/hu-hu\/wp-json\/wp\/v2\/types\/post"}],"author":[{"embeddable":true,"href":"https:\/\/www.omni-biotic.com\/hu-hu\/wp-json\/wp\/v2\/users\/19"}],"replies":[{"embeddable":true,"href":"https:\/\/www.omni-biotic.com\/hu-hu\/wp-json\/wp\/v2\/comments?post=22965"}],"version-history":[{"count":8,"href":"https:\/\/www.omni-biotic.com\/hu-hu\/wp-json\/wp\/v2\/posts\/22965\/revisions"}],"predecessor-version":[{"id":23530,"href":"https:\/\/www.omni-biotic.com\/hu-hu\/wp-json\/wp\/v2\/posts\/22965\/revisions\/23530"}],"wp:featuredmedia":[{"embeddable":true,"href":"https:\/\/www.omni-biotic.com\/hu-hu\/wp-json\/wp\/v2\/media\/23011"}],"wp:attachment":[{"href":"https:\/\/www.omni-biotic.com\/hu-hu\/wp-json\/wp\/v2\/media?parent=22965"}],"wp:term":[{"taxonomy":"category","embeddable":true,"href":"https:\/\/www.omni-biotic.com\/hu-hu\/wp-json\/wp\/v2\/categories?post=22965"},{"taxonomy":"post_tag","embeddable":true,"href":"https:\/\/www.omni-biotic.com\/hu-hu\/wp-json\/wp\/v2\/tags?post=22965"}],"curies":[{"name":"wp","href":"https:\/\/api.w.org\/{rel}","templated":true}]}}