{"id":23452,"date":"2024-09-18T13:43:54Z","date_gmt":"2024-09-18T11:43:54Z","guid":{"rendered":"https:\/\/www.omni-biotic.com\/hu-hu\/?p=23452"},"modified":"2024-09-18T13:44:27Z","modified_gmt":"2024-09-18T11:44:27Z","slug":"meddoseg-a-huvelyflora-szerepe","status":"publish","type":"post","link":"https:\/\/www.omni-biotic.com\/hu-hu\/blog\/meddoseg-a-huvelyflora-szerepe\/","title":{"rendered":"Medd\u0151s\u00e9g: a h\u00fcvelyfl\u00f3ra szerepe"},"content":{"rendered":"\t\t<div data-elementor-type=\"wp-post\" data-elementor-id=\"23452\" class=\"elementor elementor-23452\" data-elementor-post-type=\"post\">\n\t\t\t\t<div class=\"elementor-element elementor-element-2b9176b obcs none e-flex e-con-boxed e-con e-parent\" data-id=\"2b9176b\" data-element_type=\"container\">\n\t\t\t\t\t<div class=\"e-con-inner\">\n\t\t\t\t<div class=\"elementor-element elementor-element-26bc7c8 elementor-widget elementor-widget-image\" data-id=\"26bc7c8\" data-element_type=\"widget\" data-widget_type=\"image.default\">\n\t\t\t\t<div class=\"elementor-widget-container\">\n\t\t\t\t\t\t\t\t\t\t\t\t\t\t\t<img fetchpriority=\"high\" decoding=\"async\" width=\"700\" height=\"500\" src=\"https:\/\/www.omni-biotic.com\/hu-hu\/wp-content\/uploads\/sites\/7\/2024\/09\/meddoeseg_noi_probiotikum.jpg\" class=\"attachment-large size-large wp-image-23549\" alt=\"omni-biotic flora plus, h\u00fcvelysz\u00e1razs\u00e1g, h\u00fcvelygomba, probiotikumok, candida, h\u00fcvelyfl\u00f3ra helyre\u00e1ll\u00edt\u00f3, probiotikum n\u0151knek, medd\u0151s\u00e9g, h\u00fagy\u00fati fert\u0151z\u00e9s, h\u00fcvelymikorbiom, h\u00fcvelyfl\u00f3ra\" srcset=\"https:\/\/www.omni-biotic.com\/hu-hu\/wp-content\/uploads\/sites\/7\/2024\/09\/meddoeseg_noi_probiotikum.jpg 700w, https:\/\/www.omni-biotic.com\/hu-hu\/wp-content\/uploads\/sites\/7\/2024\/09\/meddoeseg_noi_probiotikum-300x214.jpg 300w\" sizes=\"(max-width: 700px) 100vw, 700px\" title=\"\">\t\t\t\t\t\t\t\t\t\t\t\t\t\t\t<\/div>\n\t\t\t\t<\/div>\n\t\t\t\t<div class=\"elementor-element elementor-element-e8e981c elementor-widget elementor-widget-text-editor\" data-id=\"e8e981c\" data-element_type=\"widget\" data-widget_type=\"text-editor.default\">\n\t\t\t\t<div class=\"elementor-widget-container\">\n\t\t\t\t\t\t\t\t\t<p>Jelenlegi vizsg\u00e1lati eredm\u00e9nyek alapj\u00e1n arra mernek k\u00f6vetkeztetni, hogy a <strong><a href=\"https:\/\/www.omni-biotic.com\/hu-hu\/a-belrendszer-egeszsege\/a-bel-hataskore\/huvelyflora\/\">h\u00fcvelyfl\u00f3ra \u00f6sszet\u00e9tele<\/a> <\/strong>a <strong>megmagyar\u00e1zhatatlan medd\u0151s\u00e9g<\/strong> egy lehets\u00e9ges kiv\u00e1lt\u00f3 oka lehet. Tudom\u00e1nyos vizsg\u00e1latok kimutatt\u00e1k: a terhes \u00e9s nem terhes n\u0151k h\u00fcvelymikrobiomja \u00f6sszet\u00e9telben \u00e9s stabilit\u00e1sban k\u00fcl\u00f6nb\u00f6zik. Ez arra utal, hogy a h\u00fcvelyfl\u00f3ra hat\u00e1ssal van a term\u00e9kenys\u00e9gre \u00e9s a gyermekv\u00e1llal\u00e1sra.<\/p>\t\t\t\t\t\t\t\t<\/div>\n\t\t\t\t<\/div>\n\t\t\t\t\t<\/div>\n\t\t\t\t<\/div>\n\t\t<div class=\"elementor-element elementor-element-c016a29 obcs none e-flex e-con-boxed e-con e-parent\" data-id=\"c016a29\" data-element_type=\"container\">\n\t\t\t\t\t<div class=\"e-con-inner\">\n\t\t\t\t<div class=\"elementor-element elementor-element-8842bc5 elementor-widget elementor-widget-heading\" data-id=\"8842bc5\" data-element_type=\"widget\" data-widget_type=\"heading.default\">\n\t\t\t\t<div class=\"elementor-widget-container\">\n\t\t\t\t\t<h2 class=\"elementor-heading-title elementor-size-default\">Milyen az eg\u00e9szs\u00e9ges h\u00fcvelyfl\u00f3ra?<\/h2>\t\t\t\t<\/div>\n\t\t\t\t<\/div>\n\t\t\t\t<div class=\"elementor-element elementor-element-206776d elementor-widget elementor-widget-text-editor\" data-id=\"206776d\" data-element_type=\"widget\" data-widget_type=\"text-editor.default\">\n\t\t\t\t<div class=\"elementor-widget-container\">\n\t\t\t\t\t\t\t\t\t<p>A h\u00fcvelymikrobiom k\u00f6r\u00fclbel\u00fcl 250 k\u00fcl\u00f6nb\u00f6z\u0151 bakt\u00e9riumfajb\u00f3l \u00e1ll. Az eg\u00e9szs\u00e9ges h\u00fcvelyfl\u00f3r\u00e1ban a laktobacillusok domin\u00e1lnak. Ezek a tejsavbakt\u00e9riumok biztos\u00edtj\u00e1k a h\u00fcvely savas pH-\u00e9rt\u00e9k\u00e9t, amelyben a k\u00f3rokoz\u00f3 bakt\u00e9riumok \u00e9s gomb\u00e1k nem tudnak elszaporodni. Ez\u00e9rt fontos v\u00e9d\u0151pajzsk\u00e9nt m\u0171k\u00f6dik az intim ter\u00fclet fert\u0151z\u00e9sei, p\u00e9ld\u00e1ul a <strong>h\u00fagy\u00fati fert\u0151z\u00e9sek<\/strong>, a <a href=\"https:\/\/www.omni-biotic.com\/hu-hu\/blog\/bakterialis-vaginozis-es-huevelygomba-tuenetek-kezeles\/\"><strong>h\u00fcvelygomba<\/strong> vagy a <strong>bakteri\u00e1lis vagin\u00f3zis<\/strong><\/a> ellen.<\/p><p>A h\u00fcvelyfl\u00f3ra bakt\u00e9riumegyens\u00falya azonban instabill\u00e1 v\u00e1lhat. Ennek oka lehetnek a hormon\u00e1lis v\u00e1ltoz\u00e1sok \u00e9s a legyeng\u00fclt immunrendszer. Tov\u00e1bb\u00e1 az antibiotikumok teljesen felbor\u00edthatj\u00e1k a h\u00fcvelyfl\u00f3ra egyens\u00faly\u00e1t.<\/p>\t\t\t\t\t\t\t\t<\/div>\n\t\t\t\t<\/div>\n\t\t\t\t\t<\/div>\n\t\t\t\t<\/div>\n\t\t<div class=\"elementor-element elementor-element-7cb6fe9 obcs none e-flex e-con-boxed e-con e-parent\" data-id=\"7cb6fe9\" data-element_type=\"container\">\n\t\t\t\t\t<div class=\"e-con-inner\">\n\t\t\t\t<div class=\"elementor-element elementor-element-acf8f78 elementor-widget elementor-widget-image\" data-id=\"acf8f78\" data-element_type=\"widget\" data-widget_type=\"image.default\">\n\t\t\t\t<div class=\"elementor-widget-container\">\n\t\t\t\t\t\t\t\t\t\t\t\t\t\t\t<img decoding=\"async\" width=\"700\" height=\"500\" src=\"https:\/\/www.omni-biotic.com\/hu-hu\/wp-content\/uploads\/sites\/7\/2024\/09\/meddoeseg_gyermekvagy_probiotikum.jpg\" class=\"attachment-large size-large wp-image-23550\" alt=\"omni-biotic flora plus, h\u00fcvelysz\u00e1razs\u00e1g, h\u00fcvelygomba, probiotikumok, candida, h\u00fcvelyfl\u00f3ra helyre\u00e1ll\u00edt\u00f3, probiotikum n\u0151knek, medd\u0151s\u00e9g, h\u00fagy\u00fati fert\u0151z\u00e9s\" srcset=\"https:\/\/www.omni-biotic.com\/hu-hu\/wp-content\/uploads\/sites\/7\/2024\/09\/meddoeseg_gyermekvagy_probiotikum.jpg 700w, https:\/\/www.omni-biotic.com\/hu-hu\/wp-content\/uploads\/sites\/7\/2024\/09\/meddoeseg_gyermekvagy_probiotikum-300x214.jpg 300w\" sizes=\"(max-width: 700px) 100vw, 700px\" title=\"\">\t\t\t\t\t\t\t\t\t\t\t\t\t\t\t<\/div>\n\t\t\t\t<\/div>\n\t\t\t\t<div class=\"elementor-element elementor-element-1183958 elementor-widget elementor-widget-heading\" data-id=\"1183958\" data-element_type=\"widget\" data-widget_type=\"heading.default\">\n\t\t\t\t<div class=\"elementor-widget-container\">\n\t\t\t\t\t<h2 class=\"elementor-heading-title elementor-size-default\">Mi az \u00f6sszef\u00fcgg\u00e9s a term\u00e9kenys\u00e9g \u00e9s a h\u00fcvelyfl\u00f3ra k\u00f6z\u00f6tt?<\/h2>\t\t\t\t<\/div>\n\t\t\t\t<\/div>\n\t\t\t\t<div class=\"elementor-element elementor-element-bad0b20 elementor-widget elementor-widget-text-editor\" data-id=\"bad0b20\" data-element_type=\"widget\" data-widget_type=\"text-editor.default\">\n\t\t\t\t<div class=\"elementor-widget-container\">\n\t\t\t\t\t\t\t\t\t<p>A h\u00fcvelyi diszbi\u00f3zis, azaz <strong>a h\u00fcvelyfl\u00f3ra egyens\u00falyhi\u00e1nya<\/strong>, amelyet a <strong><em>laktobacillusok <\/em>cs\u00f6kkent<\/strong> <strong>jelenl\u00e9te<\/strong> \u00e9s az ehhez kapcsol\u00f3d\u00f3 anaerob bakt\u00e9riumok t\u00falszaporod\u00e1sa okoz, t\u00f6bbek k\u00f6z\u00f6tt <strong>negat\u00edv hat\u00e1ssal<\/strong> lehet a <strong>reprodukci\u00f3s k\u00e9pess\u00e9gre<\/strong>. Az <strong><em>Ureaplasma parvum<\/em> <\/strong>bakt\u00e9riummal val\u00f3 h\u00fcvelyi koloniz\u00e1ci\u00f3 p\u00e9ld\u00e1ul <strong>medd\u0151s\u00e9ggel<\/strong> \u00e9s <strong>perinat\u00e1lis betegs\u00e9gekkel<\/strong> hozhat\u00f3 \u00f6sszef\u00fcgg\u00e9sbe.<\/p>\t\t\t\t\t\t\t\t<\/div>\n\t\t\t\t<\/div>\n\t\t\t\t<div class=\"elementor-element elementor-element-e31c9c9 elementor-widget elementor-widget-heading\" data-id=\"e31c9c9\" data-element_type=\"widget\" data-widget_type=\"heading.default\">\n\t\t\t\t<div class=\"elementor-widget-container\">\n\t\t\t\t\t<h3 class=\"elementor-heading-title elementor-size-default\">Gyakran al\u00e1becs\u00fclik a m\u00e9hny\u00e1lkah\u00e1rtya szerep\u00e9t<\/h3>\t\t\t\t<\/div>\n\t\t\t\t<\/div>\n\t\t\t\t<div class=\"elementor-element elementor-element-8201a1b elementor-widget elementor-widget-text-editor\" data-id=\"8201a1b\" data-element_type=\"widget\" data-widget_type=\"text-editor.default\">\n\t\t\t\t<div class=\"elementor-widget-container\">\n\t\t\t\t\t\t\t\t\t<p>A <strong>m\u00e9hny\u00e1lkah\u00e1rtya<\/strong> <strong>sem steril<\/strong>, de olyan bakt\u00e9riumok telepednek meg benne, amelyek jelent\u0151s hat\u00e1ssal vannak a n\u0151 term\u00e9kenys\u00e9g\u00e9re. A <strong>k\u00e1rosodott bakteri\u00e1lis koloniz\u00e1ci\u00f3<\/strong> <strong>akad\u00e1lyozhatja a megterm\u00e9keny\u00edtett petesejt be\u00e1gyaz\u00f3d\u00e1s\u00e1t<\/strong>.<\/p><p>Egy tanulm\u00e1ny kimutatta, hogy a vizsg\u00e1lt eg\u00e9szs\u00e9ges n\u0151k t\u00f6bbs\u00e9g\u00e9nek <strong>mikrobiomja<\/strong> t\u00f6bb mint 90%-ban Laktobacillusokb\u00f3l \u00e1llt. A m\u00e9hben Lactobacillusok \u00e1ltal domin\u00e1lt mikrobiom eset\u00e9n <strong>az embri\u00f3k 60,7%-\u00e1t sikeresen be\u00fcltett\u00e9k az els\u0151 mesters\u00e9ges megterm\u00e9keny\u00edt\u00e9s sor\u00e1n<\/strong>, m\u00edg a mikrobiomok eset\u00e9n, amelyben <strong>kevesebb volt a Laktobacillus<\/strong>, ez az ar\u00e1ny <strong>csak 23,1%<\/strong> volt.<\/p><p>A <strong>sikeres terhess\u00e9gek<\/strong> ar\u00e1nya 70,6 %-r\u00f3l <strong>33,3%<\/strong>-ra, az <strong>\u00e9lve sz\u00fclet\u00e9sek<\/strong> ar\u00e1nya pedig 58,8 %-r\u00f3l <strong>6,7%<\/strong>-ra cs\u00f6kkent a Laktobacillusok hi\u00e1nya eset\u00e9n<\/p>\t\t\t\t\t\t\t\t<\/div>\n\t\t\t\t<\/div>\n\t\t\t\t\t<\/div>\n\t\t\t\t<\/div>\n\t\t<div class=\"elementor-element elementor-element-22204b1 obcs none e-flex e-con-boxed e-con e-parent\" data-id=\"22204b1\" data-element_type=\"container\">\n\t\t\t\t\t<div class=\"e-con-inner\">\n\t\t\t\t<div class=\"elementor-element elementor-element-d7fa0db elementor-widget elementor-widget-image\" data-id=\"d7fa0db\" data-element_type=\"widget\" data-widget_type=\"image.default\">\n\t\t\t\t<div class=\"elementor-widget-container\">\n\t\t\t\t\t\t\t\t\t\t\t\t\t\t\t<img decoding=\"async\" width=\"700\" height=\"500\" src=\"https:\/\/www.omni-biotic.com\/hu-hu\/wp-content\/uploads\/sites\/7\/2024\/09\/probiotika-harnwegsinfekte-fruchtbarkeit.gif\" class=\"attachment-large size-large wp-image-23455\" alt=\"omni-biotic flora plus, h\u00fcvelysz\u00e1razs\u00e1g, h\u00fcvelygomba, probiotikumok, candida, h\u00fcvelyfl\u00f3ra helyre\u00e1ll\u00edt\u00f3, probiotikum n\u0151knek, medd\u0151s\u00e9g, h\u00fagy\u00fati fert\u0151z\u00e9s\" title=\"\">\t\t\t\t\t\t\t\t\t\t\t\t\t\t\t<\/div>\n\t\t\t\t<\/div>\n\t\t\t\t<div class=\"elementor-element elementor-element-7a795d1 elementor-widget elementor-widget-heading\" data-id=\"7a795d1\" data-element_type=\"widget\" data-widget_type=\"heading.default\">\n\t\t\t\t<div class=\"elementor-widget-container\">\n\t\t\t\t\t<h2 class=\"elementor-heading-title elementor-size-default\">Probiotikum visszat\u00e9r\u0151 fert\u0151z\u00e9sre<\/h2>\t\t\t\t<\/div>\n\t\t\t\t<\/div>\n\t\t\t\t<div class=\"elementor-element elementor-element-1afc876 elementor-widget elementor-widget-text-editor\" data-id=\"1afc876\" data-element_type=\"widget\" data-widget_type=\"text-editor.default\">\n\t\t\t\t<div class=\"elementor-widget-container\">\n\t\t\t\t\t\t\t\t\t<p>Az ut\u00f3bbi \u00e9vekben egyre nagyobb jelent\u0151s\u00e9get kapott a<strong> probiotikumok<\/strong> alkalmaz\u00e1sa a <strong>h\u00fcvelyfl\u00f3ra negat\u00edv v\u00e1ltoz\u00e1sainak<\/strong> \u00e9s a <strong>h\u00fagy\u00fati<\/strong> \u00e9s <strong>h\u00fcvelyi traktus<\/strong> <strong><a href=\"https:\/\/www.omni-biotic.com\/hu-hu\/blog\/mitol-alakul-ki-a-visszatero-holyaghurut\/\">visszat\u00e9r\u0151 fert\u0151z\u00e9seinek<\/a> ter\u00e1pi\u00e1s<\/strong> \u00e9s\/vagy <strong>megel\u0151z\u0151 int\u00e9zked\u00e9sek\u00e9nt<\/strong>.<\/p><p>A mikrobiom-kutat\u00e1snak k\u00f6sz\u00f6nhet\u0151en az is bebizonyosodott, hogy az indik\u00e1ci\u00f3-specifikus, t\u00f6bb fajb\u00f3l \u00e1ll\u00f3 <a href=\"https:\/\/www.omni-biotic.com\/hu-hu\/blog\/melyik-probiotikumot-valasszam\/\"><strong>probiotikumokat<\/strong> <\/a>ide\u00e1lis esetben <strong>sz\u00e1jon \u00e1t kell szedni<\/strong>. Ez a term\u00e9szetes m\u00f3dja a h\u00fcvely koloniz\u00e1ci\u00f3j\u00e1nak. A <strong>k\u00edv\u00e1nt Laktobacillusok<\/strong> a b\u00e9lb\u0151l ny\u00e1lk\u00e1s \u00faton v\u00e1ndorolnak a h\u00fcvelybe. A h\u00fcvelykapszul\u00e1kkal ellent\u00e9tben a sz\u00e1jon \u00e1t t\u00f6rt\u00e9n\u0151 bevitel olyan dep\u00f3t hoz l\u00e9tre a <strong>b\u00e9lben<\/strong>, amelyb\u0151l a tejsavbakt\u00e9riumok <strong>tart\u00f3san a h\u00fcvelybe v\u00e1ndorolhatnak<\/strong>.<\/p>\t\t\t\t\t\t\t\t<\/div>\n\t\t\t\t<\/div>\n\t\t\t\t<div class=\"elementor-element elementor-element-8e0ad7d elementor-widget elementor-widget-heading\" data-id=\"8e0ad7d\" data-element_type=\"widget\" data-widget_type=\"heading.default\">\n\t\t\t\t<div class=\"elementor-widget-container\">\n\t\t\t\t\t<h2 class=\"elementor-heading-title elementor-size-default\">N\u00f6velhet\u0151-e a term\u00e9kenys\u00e9g t\u00f6bb t\u00f6rzs\u0171 probiotikumokkal?<\/h2>\t\t\t\t<\/div>\n\t\t\t\t<\/div>\n\t\t\t\t<div class=\"elementor-element elementor-element-8fffc63 elementor-widget elementor-widget-text-editor\" data-id=\"8fffc63\" data-element_type=\"widget\" data-widget_type=\"text-editor.default\">\n\t\t\t\t<div class=\"elementor-widget-container\">\n\t\t\t\t\t\t\t\t\t<p>Egy <strong>tanulm\u00e1ny<\/strong> kimutatta, hogy a t\u00f6bb t\u00f6rzs\u0171 probiotikum szed\u00e9se hat\u00e1ssal lehet az <strong><em>Ureaplasma parvum<\/em><\/strong> h\u00fcvelyi koloniz\u00e1ci\u00f3j\u00e1ra. M\u00edg a placeb\u00f3t kap\u00f3 csoportban n\u0151tt ennek a k\u00f3rokoz\u00f3nak a sz\u00e1ma, addig a probiotikumos csoportban alig volt erre utal\u00f3 jel. Ennek megfelel\u0151en a probiotikum alkalmaz\u00e1sa optim\u00e1lis lehet az eg\u00e9szs\u00e9ges h\u00fcvelymikrobiom fel\u00e9p\u00edt\u00e9s\u00e9re \u00e9s fenntart\u00e1s\u00e1ra, valamint <strong>lehet\u0151s\u00e9get<\/strong> jelent a n\u0151k t\u00e1mogat\u00f3 kezel\u00e9s\u00e9re is, amennyiben eddig <a href=\"https:\/\/www.omni-biotic.com\/hu-hu\/blog\/tejsavas-kezeles-a-termekenysegert\/\"><strong>sikertelen volt a teherbees\u00e9s<\/strong><\/a>.<\/p>\t\t\t\t\t\t\t\t<\/div>\n\t\t\t\t<\/div>\n\t\t\t\t\t<\/div>\n\t\t\t\t<\/div>\n\t\t<div class=\"elementor-element elementor-element-4b5ce03 obcs none e-flex e-con-boxed e-con e-parent\" data-id=\"4b5ce03\" data-element_type=\"container\">\n\t\t\t\t\t<div class=\"e-con-inner\">\n\t\t\t\t<div class=\"elementor-element elementor-element-c00bb45 elementor-button-info elementor-align-center elementor-widget elementor-widget-button\" data-id=\"c00bb45\" data-element_type=\"widget\" data-widget_type=\"button.default\">\n\t\t\t\t<div class=\"elementor-widget-container\">\n\t\t\t\t\t\t\t\t\t<div class=\"elementor-button-wrapper\">\n\t\t\t\t\t<a class=\"elementor-button elementor-button-link elementor-size-sm\" href=\"https:\/\/www.omni-biotic.com\/hu-hu\/blog\/tejsavas-kezeles-a-termekenysegert\/\">\n\t\t\t\t\t\t<span class=\"elementor-button-content-wrapper\">\n\t\t\t\t\t\t\t\t\t<span class=\"elementor-button-text\">Tov\u00e1bb a term\u00e9kenys\u00e9gr\u0151l<\/span>\n\t\t\t\t\t<\/span>\n\t\t\t\t\t<\/a>\n\t\t\t\t<\/div>\n\t\t\t\t\t\t\t\t<\/div>\n\t\t\t\t<\/div>\n\t\t\t\t\t<\/div>\n\t\t\t\t<\/div>\n\t\t\t\t<\/div>\n\t\t","protected":false},"excerpt":{"rendered":"<p>A terhes n\u0151k h\u00fcvelyfl\u00f3r\u00e1ja \u00f6sszet\u00e9telben megv\u00e1ltozik. \u00cdgy a h\u00fcvelyfl\u00f3ra hat\u00e1ssal van a term\u00e9kenys\u00e9gre \u00e9s a gyermekv\u00e1llal\u00e1sra.<\/p>\n","protected":false},"author":19,"featured_media":23549,"comment_status":"closed","ping_status":"closed","sticky":false,"template":"","format":"standard","meta":{"_acf_changed":false,"inline_featured_image":false,"footnotes":""},"categories":[107,113],"tags":[],"class_list":["post-23452","post","type-post","status-publish","format-standard","has-post-thumbnail","hentry","category-noi-egeszseg","category-anya-gyermek"],"acf":[],"rank_math":{"og:title":"Medd\u0151s\u00e9g: a h\u00fcvelyfl\u00f3ra szerepe - OMNi-BiOTiC\u00ae","og:desc":"Medd\u0151s\u00e9g: A terhes n\u0151k h\u00fcvelyfl\u00f3r\u00e1ja \u00f6sszet\u00e9telben megv\u00e1ltozik. \u00cdgy a h\u00fcvelyfl\u00f3ra hat\u00e1ssal van a term\u00e9kenys\u00e9gre \u00e9s a gyermekv\u00e1llal\u00e1sra.","og:url":"https:\/\/www.omni-biotic.com\/hu-hu\/blog\/meddoseg-a-huvelyflora-szerepe\/","og:locale":"hu_HU","og:image":"https:\/\/www.omni-biotic.com\/hu-hu\/wp-content\/uploads\/sites\/7\/2024\/09\/meddoeseg_noi_probiotikum.jpg","og:image:width":"700","og:image:height":"500"},"additional_data":{"thumbnail":"https:\/\/www.omni-biotic.com\/hu-hu\/wp-content\/uploads\/sites\/7\/2024\/09\/meddoeseg_noi_probiotikum.jpg"},"blog_info":{"country":"hu-hu"},"_links":{"self":[{"href":"https:\/\/www.omni-biotic.com\/hu-hu\/wp-json\/wp\/v2\/posts\/23452","targetHints":{"allow":["GET"]}}],"collection":[{"href":"https:\/\/www.omni-biotic.com\/hu-hu\/wp-json\/wp\/v2\/posts"}],"about":[{"href":"https:\/\/www.omni-biotic.com\/hu-hu\/wp-json\/wp\/v2\/types\/post"}],"author":[{"embeddable":true,"href":"https:\/\/www.omni-biotic.com\/hu-hu\/wp-json\/wp\/v2\/users\/19"}],"replies":[{"embeddable":true,"href":"https:\/\/www.omni-biotic.com\/hu-hu\/wp-json\/wp\/v2\/comments?post=23452"}],"version-history":[{"count":7,"href":"https:\/\/www.omni-biotic.com\/hu-hu\/wp-json\/wp\/v2\/posts\/23452\/revisions"}],"predecessor-version":[{"id":23563,"href":"https:\/\/www.omni-biotic.com\/hu-hu\/wp-json\/wp\/v2\/posts\/23452\/revisions\/23563"}],"wp:featuredmedia":[{"embeddable":true,"href":"https:\/\/www.omni-biotic.com\/hu-hu\/wp-json\/wp\/v2\/media\/23549"}],"wp:attachment":[{"href":"https:\/\/www.omni-biotic.com\/hu-hu\/wp-json\/wp\/v2\/media?parent=23452"}],"wp:term":[{"taxonomy":"category","embeddable":true,"href":"https:\/\/www.omni-biotic.com\/hu-hu\/wp-json\/wp\/v2\/categories?post=23452"},{"taxonomy":"post_tag","embeddable":true,"href":"https:\/\/www.omni-biotic.com\/hu-hu\/wp-json\/wp\/v2\/tags?post=23452"}],"curies":[{"name":"wp","href":"https:\/\/api.w.org\/{rel}","templated":true}]}}