{"id":23569,"date":"2024-09-19T11:40:52Z","date_gmt":"2024-09-19T09:40:52Z","guid":{"rendered":"https:\/\/www.omni-biotic.com\/hu-hu\/?p=23569"},"modified":"2025-07-09T10:49:26Z","modified_gmt":"2025-07-09T08:49:26Z","slug":"papaja-a-szekrekedes-ellen","status":"publish","type":"post","link":"https:\/\/www.omni-biotic.com\/hu-hu\/blog\/papaja-a-szekrekedes-ellen\/","title":{"rendered":"Papaja: tippek sz\u00e9kreked\u00e9s ellen"},"content":{"rendered":"\t\t<div data-elementor-type=\"wp-post\" data-elementor-id=\"23569\" class=\"elementor elementor-23569\" data-elementor-post-type=\"post\">\n\t\t\t\t<div class=\"elementor-element elementor-element-d60c7d2 obcs none e-flex e-con-boxed e-con e-parent\" data-id=\"d60c7d2\" data-element_type=\"container\">\n\t\t\t\t\t<div class=\"e-con-inner\">\n\t\t\t\t<div class=\"elementor-element elementor-element-0787453 elementor-widget elementor-widget-text-editor\" data-id=\"0787453\" data-element_type=\"widget\" data-widget_type=\"text-editor.default\">\n\t\t\t\t<div class=\"elementor-widget-container\">\n\t\t\t\t\t\t\t\t\t<p><em>Ismeri ezt az \u00e9rz\u00e9st? Egy csal\u00e1di vagy sz\u00fclet\u00e9snapi \u00fcnnepen finomakat evett, de a k\u00f6vetkez\u0151 napokban nem tud kimenni a mosd\u00f3ba. Vagy tal\u00e1n egy stresszes id\u0151szak alatt teljesen felborult az em\u00e9szt\u00e9se \u00e9s sz\u00e9kreked\u00e9s, puffad\u00e1s vagy hasmen\u00e9s gy\u00f6tri? Nincs egyed\u00fcl, a lakoss\u00e1g k\u00f6r\u00fclbel\u00fcl 20%-a szenved sz\u00e9kreked\u00e9st\u0151l, de a n\u0151k gyakrabban, mint a f\u00e9rfiak. Mi\u00e9rt is alakul ki ez az em\u00e9szt\u00e9si zavar?<\/em><\/p>\t\t\t\t\t\t\t\t<\/div>\n\t\t\t\t<\/div>\n\t\t\t\t<div class=\"elementor-element elementor-element-ea6ca82 elementor-widget elementor-widget-image\" data-id=\"ea6ca82\" data-element_type=\"widget\" data-widget_type=\"image.default\">\n\t\t\t\t<div class=\"elementor-widget-container\">\n\t\t\t\t\t\t\t\t\t\t\t\t\t\t\t<img fetchpriority=\"high\" decoding=\"async\" width=\"700\" height=\"500\" src=\"https:\/\/www.omni-biotic.com\/hu-hu\/wp-content\/uploads\/sites\/7\/2024\/09\/szorulas_ellen_szekrekedes-1.jpg\" class=\"attachment-large size-large wp-image-23576\" alt=\"\" srcset=\"https:\/\/www.omni-biotic.com\/hu-hu\/wp-content\/uploads\/sites\/7\/2024\/09\/szorulas_ellen_szekrekedes-1.jpg 700w, https:\/\/www.omni-biotic.com\/hu-hu\/wp-content\/uploads\/sites\/7\/2024\/09\/szorulas_ellen_szekrekedes-1-300x214.jpg 300w\" sizes=\"(max-width: 700px) 100vw, 700px\" title=\"\">\t\t\t\t\t\t\t\t\t\t\t\t\t\t\t<\/div>\n\t\t\t\t<\/div>\n\t\t\t\t\t<\/div>\n\t\t\t\t<\/div>\n\t\t<div class=\"elementor-element elementor-element-4df172b obcs none e-flex e-con-boxed e-con e-parent\" data-id=\"4df172b\" data-element_type=\"container\">\n\t\t\t\t\t<div class=\"e-con-inner\">\n\t\t\t\t<div class=\"elementor-element elementor-element-37e0489 elementor-widget elementor-widget-text-editor\" data-id=\"37e0489\" data-element_type=\"widget\" data-widget_type=\"text-editor.default\">\n\t\t\t\t<div class=\"elementor-widget-container\">\n\t\t\t\t\t\t\t\t\t<p>Az orvostudom\u00e1ny <strong>sz\u00e9kreked\u00e9sr\u0151l<\/strong> akkor besz\u00e9l, ha a sz\u00e9klet\u00fcr\u00edt\u00e9s k\u00fczdelmes, hetente h\u00e1romn\u00e1l kevesebbszer fordul el\u0151, \u00e9s a b\u00e9lben val\u00f3 hossz\u00fa tart\u00f3zkod\u00e1si id\u0151 miatt a sz\u00e9klet kem\u00e9ny \u00e9s darabos. Ha a t\u00fcnetek h\u00e1rom h\u00f3napn\u00e1l tov\u00e1bb tartanak, akkor <strong>kr\u00f3nikus sz\u00e9kreked\u00e9sr\u0151l<\/strong> besz\u00e9l\u00fcnk. R\u00f6viden a sz\u00e9kreked\u00e9st az jellemzi, hogy a sz\u00e9klet\u00fcr\u00edt\u00e9s ritk\u00e1bb \u00e9s nehezebb a szok\u00e1sosn\u00e1l. Gyakran puffad\u00e1s \u00e9s\/vagy hasi f\u00e1jdalom k\u00eds\u00e9ri.<\/p>\t\t\t\t\t\t\t\t<\/div>\n\t\t\t\t<\/div>\n\t\t\t\t\t<\/div>\n\t\t\t\t<\/div>\n\t\t<div class=\"elementor-element elementor-element-d8969e7 obcs none e-flex e-con-boxed e-con e-parent\" data-id=\"d8969e7\" data-element_type=\"container\">\n\t\t\t\t\t<div class=\"e-con-inner\">\n\t\t\t\t<div class=\"elementor-element elementor-element-70b59a5 elementor-widget elementor-widget-heading\" data-id=\"70b59a5\" data-element_type=\"widget\" data-widget_type=\"heading.default\">\n\t\t\t\t<div class=\"elementor-widget-container\">\n\t\t\t\t\t<h2 class=\"elementor-heading-title elementor-size-default\">Honnan j\u00f6n a hirtelen sz\u00e9kredek\u00e9s?<\/h2>\t\t\t\t<\/div>\n\t\t\t\t<\/div>\n\t\t\t\t\t<\/div>\n\t\t\t\t<\/div>\n\t\t<div class=\"elementor-element elementor-element-6ffeb5f obcs none e-flex e-con-boxed e-con e-parent\" data-id=\"6ffeb5f\" data-element_type=\"container\">\n\t\t\t\t\t<div class=\"e-con-inner\">\n\t\t\t\t<div class=\"elementor-element elementor-element-9509acd elementor-widget elementor-widget-text-editor\" data-id=\"9509acd\" data-element_type=\"widget\" data-widget_type=\"text-editor.default\">\n\t\t\t\t<div class=\"elementor-widget-container\">\n\t\t\t\t\t\t\t\t\t<p>Az egyik leggyakoribb kiv\u00e1lt\u00f3 ok az <strong>\u00e9letm\u00f3d<\/strong> lehet. A helyes t\u00e1pl\u00e1lkoz\u00e1si szok\u00e1sok a j\u00f3 b\u00e9lm\u0171k\u00f6d\u00e9s z\u00e1loga, ez\u00e9rt aligha meglep\u0151, hogy az em\u00e9szt\u00e9s <strong>\u00fcnnepek<\/strong> <strong>ut\u00e1n<\/strong>, <strong>nyaral\u00e1skor<\/strong> vagy <strong>hossz\u00fa stresszes id\u0151szakok<\/strong> alatt sztr\u00e1jkol. A <a href=\"https:\/\/www.omni-biotic.com\/hu-hu\/blog\/miert-fontosak-a-rostok\/\"><strong>rostszeg\u00e9ny t\u00e1pl\u00e1lkoz\u00e1s<\/strong><\/a> \u00e9s <strong>az elegend\u0151 mennyis\u00e9g\u0171 folyad\u00e9kbevitel hi\u00e1nya<\/strong>, valamint a <strong>mozg\u00e1shi\u00e1ny<\/strong> vagy az \u00e1gyhoz k\u00f6t\u00f6tts\u00e9g is lehets\u00e9ges oka lehet ennek a probl\u00e9m\u00e1nak.<\/p>\t\t\t\t\t\t\t\t<\/div>\n\t\t\t\t<\/div>\n\t\t\t\t\t<\/div>\n\t\t\t\t<\/div>\n\t\t<div class=\"elementor-element elementor-element-a9b2609 obcs none e-flex e-con-boxed e-con e-parent\" data-id=\"a9b2609\" data-element_type=\"container\">\n\t\t\t\t\t<div class=\"e-con-inner\">\n\t\t\t\t<div class=\"elementor-element elementor-element-774f859 elementor-widget elementor-widget-text-editor\" data-id=\"774f859\" data-element_type=\"widget\" data-widget_type=\"text-editor.default\">\n\t\t\t\t<div class=\"elementor-widget-container\">\n\t\t\t\t\t\t\t\t\t<p>A stresszes munkanapok, amelyek a term\u00e9szetes sz\u00e9kel\u00e9si inger elfojt\u00e1s\u00e1hoz vezetnek, szint\u00e9n el\u0151seg\u00edthetik a sz\u00e9kreked\u00e9st, ez vonatkozik bizonyos <a href=\"https:\/\/www.omni-biotic.com\/hu-hu\/blog\/a-gyogyszerek-hatasa-a-belflorara\/\"><strong>gy\u00f3gyszerekre<\/strong> <\/a>is, mint p\u00e9ld\u00e1ul a <a href=\"https:\/\/www.omni-biotic.com\/hu-hu\/blog\/fogamzasgatlok-es-huevelyflora\/\"><strong>hormon\u00e1lis fogamz\u00e1sg\u00e1tl\u00f3k<\/strong><\/a>, a vasp\u00f3tl\u00f3k, az antidepressz\u00e1nsok, a magas v\u00e9rnyom\u00e1s elleni gy\u00f3gyszerek \u00e9s az er\u0151s f\u00e1jdalomcsillap\u00edt\u00f3k. Sz\u00e9kreked\u00e9st okozhatnak azok a betegs\u00e9gek is, amelyek elektrolit-egyens\u00falyzavart okoznak (pl. hipokalaemia, hiperkalc\u00e9mia), neurol\u00f3giai jelleg\u0171ek (pl. <a href=\"https:\/\/www.omni-biotic.com\/hu-hu\/blog\/probiotikum-a-parkinson-kor-eseten\/\"><strong>parkinson-k\u00f3r<\/strong><\/a>, szkler\u00f3zis multiplex), zavarj\u00e1k a cukoranyagcser\u00e9t vagy a hormonanyagcser\u00e9re hatnak (pl. pajzsmirigy-alulm\u0171k\u00f6d\u00e9s).<\/p>\t\t\t\t\t\t\t\t<\/div>\n\t\t\t\t<\/div>\n\t\t\t\t\t<\/div>\n\t\t\t\t<\/div>\n\t\t<div class=\"elementor-element elementor-element-de67b89 obcs none e-flex e-con-boxed e-con e-parent\" data-id=\"de67b89\" data-element_type=\"container\">\n\t\t\t\t\t<div class=\"e-con-inner\">\n\t\t\t\t<div class=\"elementor-element elementor-element-cba0424 elementor-widget elementor-widget-text-editor\" data-id=\"cba0424\" data-element_type=\"widget\" data-widget_type=\"text-editor.default\">\n\t\t\t\t<div class=\"elementor-widget-container\">\n\t\t\t\t\t\t\t\t\t<p>A <a href=\"https:\/\/www.omni-biotic.com\/hu-hu\/a-belrendszer-egeszsege\/a-bel-hataskore\/terhesseg-szoptatas\/\"><strong>terhess\u00e9g<\/strong> <\/a>a hormonh\u00e1ztart\u00e1st is megv\u00e1ltoztatja, ez\u00e9rt sok kismama k\u00fczd <a href=\"https:\/\/www.omni-biotic.com\/hu-hu\/belpanaszok\/szekrekedes\/\"><strong>sz\u00e9kreked\u00e9ssel<\/strong><\/a>. Term\u00e9szetesen a sz\u00e9kreked\u00e9s okai gyakran k\u00f6zvetlen\u00fcl a b\u00e9lben keresend\u0151k. P\u00e9ld\u00e1ul a b\u00e9lcsatorn\u00e1ban kialakult sz\u0171k\u00fcletek (pl. <a href=\"https:\/\/www.omni-biotic.com\/hu-hu\/blog\/vastagbel-divertikel-okai-es-kezelese\/\"><strong>divertikulitis<\/strong><\/a>, <a href=\"https:\/\/www.omni-biotic.com\/hu-hu\/blog\/crohn-betegseg-tuenetei\/\"><strong>Crohn-betegs\u00e9g<\/strong><\/a>, <a href=\"https:\/\/www.omni-biotic.com\/hu-hu\/blog\/mikrobiom-jelentese-daganat-es-kemoterapia-idejen-is\/\"><strong>daganatok<\/strong><\/a>) vagy funkcion\u00e1lis zavarok (pl. <a href=\"https:\/\/www.omni-biotic.com\/hu-hu\/belpanaszok\/irritabilis-bel-szindroma\/\"><strong>irrit\u00e1bilis b\u00e9l szindr\u00f3ma<\/strong><\/a>) megzavarhatj\u00e1k a b\u00e9lmozg\u00e1st. Ez azt jelenti, hogy a beleket k\u00f6r\u00fclvev\u0151 izmok csak lassan vagy egy\u00e1ltal\u00e1n nem m\u0171k\u00f6dnek, \u00edgy a t\u00e1pl\u00e1l\u00e9k egyszer\u0171en nem jut tov\u00e1bb. A b\u00e9lbakt\u00e9riumok \u00f6sszet\u00e9tel\u00e9nek megv\u00e1ltoz\u00e1sa szint\u00e9n sz\u00e9kreked\u00e9shez vezethet.<\/p>\t\t\t\t\t\t\t\t<\/div>\n\t\t\t\t<\/div>\n\t\t\t\t\t<\/div>\n\t\t\t\t<\/div>\n\t\t<div class=\"elementor-element elementor-element-e97c2e1 obcs none e-flex e-con-boxed e-con e-parent\" data-id=\"e97c2e1\" data-element_type=\"container\">\n\t\t\t\t\t<div class=\"e-con-inner\">\n\t\t\t\t<div class=\"elementor-element elementor-element-1cce82a elementor-align-center elementor-widget elementor-widget-button\" data-id=\"1cce82a\" data-element_type=\"widget\" data-widget_type=\"button.default\">\n\t\t\t\t<div class=\"elementor-widget-container\">\n\t\t\t\t\t\t\t\t\t<div class=\"elementor-button-wrapper\">\n\t\t\t\t\t<a class=\"elementor-button elementor-button-link elementor-size-sm\" href=\"https:\/\/www.omni-biotic.com\/hu-hu\/belpanaszok\/szekrekedes\/\">\n\t\t\t\t\t\t<span class=\"elementor-button-content-wrapper\">\n\t\t\t\t\t\t\t\t\t<span class=\"elementor-button-text\">A sz\u00e9kreked\u00e9sr\u0151l<\/span>\n\t\t\t\t\t<\/span>\n\t\t\t\t\t<\/a>\n\t\t\t\t<\/div>\n\t\t\t\t\t\t\t\t<\/div>\n\t\t\t\t<\/div>\n\t\t\t\t\t<\/div>\n\t\t\t\t<\/div>\n\t\t<div class=\"elementor-element elementor-element-b007962 obcs none e-flex e-con-boxed e-con e-parent\" data-id=\"b007962\" data-element_type=\"container\">\n\t\t\t\t\t<div class=\"e-con-inner\">\n\t\t\t\t<div class=\"elementor-element elementor-element-32ccb03 elementor-widget elementor-widget-heading\" data-id=\"32ccb03\" data-element_type=\"widget\" data-widget_type=\"heading.default\">\n\t\t\t\t<div class=\"elementor-widget-container\">\n\t\t\t\t\t<h2 class=\"elementor-heading-title elementor-size-default\">Term\u00e9szetes seg\u00edts\u00e9g sz\u00e9kreked\u00e9s ellen probiotikummal<\/h2>\t\t\t\t<\/div>\n\t\t\t\t<\/div>\n\t\t\t\t\t<\/div>\n\t\t\t\t<\/div>\n\t\t<div class=\"elementor-element elementor-element-63dee20 obcs none e-flex e-con-boxed e-con e-parent\" data-id=\"63dee20\" data-element_type=\"container\">\n\t\t\t\t\t<div class=\"e-con-inner\">\n\t\t\t\t<div class=\"elementor-element elementor-element-f85d49e elementor-widget elementor-widget-text-editor\" data-id=\"f85d49e\" data-element_type=\"widget\" data-widget_type=\"text-editor.default\">\n\t\t\t\t<div class=\"elementor-widget-container\">\n\t\t\t\t\t\t\t\t\t<p>A b\u00e9lm\u0171k\u00f6d\u00e9s megk\u00f6nny\u00edt\u00e9se \u00e9rdek\u00e9ben a kiegyens\u00falyozott, sok rostot \u00e9s elegend\u0151 folyad\u00e9kot tartalmaz\u00f3 \u00e9trend mellett elegend\u0151 pihen\u0151id\u0151t is be kell \u00e9p\u00edteni a napi rutinba. Id\u0151t kell sz\u00e1nni az \u00e9tkez\u00e9sre, tudatosan r\u00e1gni \u00e9s <strong>\u201emegtan\u00edtani\u201d a szervezetet a rendszeres sz\u00e9klet\u00fcr\u00edt\u00e9sre.<\/strong><\/p><p>Ha a t\u00fcnetek nem enyh\u00fclnek, vagy gyakran visszat\u00e9rnek, mindenk\u00e9ppen forduljon orvoshoz, hogy tiszt\u00e1zza az okokat. A hashajt\u00f3k haszn\u00e1lat\u00e1val kapcsolatban \u00f3vatoss\u00e1gra intj\u00fck: b\u00e1r akut esetekben alkalmasak, nem jelentenek tart\u00f3s megold\u00e1st: rendszeres haszn\u00e1latuk f\u00fcgg\u0151s\u00e9ghez vezethet.<\/p>\t\t\t\t\t\t\t\t<\/div>\n\t\t\t\t<\/div>\n\t\t\t\t\t<\/div>\n\t\t\t\t<\/div>\n\t\t<div class=\"elementor-element elementor-element-db5ae89 obcs none e-flex e-con-boxed e-con e-parent\" data-id=\"db5ae89\" data-element_type=\"container\">\n\t\t\t\t\t<div class=\"e-con-inner\">\n\t\t\t\t<div class=\"elementor-element elementor-element-a8c17b9 elementor-widget elementor-widget-text-editor\" data-id=\"a8c17b9\" data-element_type=\"widget\" data-widget_type=\"text-editor.default\">\n\t\t\t\t<div class=\"elementor-widget-container\">\n\t\t\t\t\t\t\t\t\t<p>N\u00e9h\u00e1ny otthoni gy\u00f3gym\u00f3d is seg\u00edthet, pl. egy <strong>hasi massz\u00e1zs<\/strong> vagy h\u0151p\u00e1rn\u00e1k haszn\u00e1lata. A <strong>lenmag<\/strong> \u00e9s a <strong>psyllium h\u00e9j<\/strong> a magas rost- \u00e9s ny\u00e1lkatartalomnak k\u00f6sz\u00f6nhet\u0151en el\u0151seg\u00edti a b\u00e9lmozg\u00e1st, n\u00f6veli a sz\u00e9klet mennyis\u00e9g\u00e9t \u00e9s <strong>megk\u00f6nny\u00edtik a sz\u00e9klet \u00e1tjut\u00e1s\u00e1t<\/strong> a beleken. A rostoknak van egy m\u00e1sik fontos funkci\u00f3ja is: t\u00e1pl\u00e1l\u00e9kforr\u00e1sk\u00e9nt szolg\u00e1lnak a vastagb\u00e9lben l\u00e9v\u0151 bakt\u00e9riumaink sz\u00e1m\u00e1ra \u00e9s azok erjesztik. Ez\u00e1ltal anyagcsere-term\u00e9kek keletkeznek, p\u00e9ld\u00e1ul r\u00f6vid sz\u00e9nl\u00e1nc\u00fa zs\u00edrsavak. A b\u00e9lny\u00e1lkah\u00e1rtya \u00e9s a m\u00e1jsejtek energiaforr\u00e1sa, ez\u00e9rt az em\u00e9szt\u00e9s szempontj\u00e1b\u00f3l is fontosak.<\/p>\t\t\t\t\t\t\t\t<\/div>\n\t\t\t\t<\/div>\n\t\t\t\t<div class=\"elementor-element elementor-element-2df2656 elementor-align-center elementor-widget elementor-widget-button\" data-id=\"2df2656\" data-element_type=\"widget\" data-widget_type=\"button.default\">\n\t\t\t\t<div class=\"elementor-widget-container\">\n\t\t\t\t\t\t\t\t\t<div class=\"elementor-button-wrapper\">\n\t\t\t\t\t<a class=\"elementor-button elementor-button-link elementor-size-sm\" href=\"https:\/\/www.omni-biotic.com\/hu-hu\/blog\/melyik-probiotikumot-valasszam\/\">\n\t\t\t\t\t\t<span class=\"elementor-button-content-wrapper\">\n\t\t\t\t\t\t\t\t\t<span class=\"elementor-button-text\">Tov\u00e1bb a probiotikumokr\u00f3l<\/span>\n\t\t\t\t\t<\/span>\n\t\t\t\t\t<\/a>\n\t\t\t\t<\/div>\n\t\t\t\t\t\t\t\t<\/div>\n\t\t\t\t<\/div>\n\t\t\t\t\t<\/div>\n\t\t\t\t<\/div>\n\t\t<div class=\"elementor-element elementor-element-5e0a4fd obcs none e-flex e-con-boxed e-con e-parent\" data-id=\"5e0a4fd\" data-element_type=\"container\">\n\t\t\t\t\t<div class=\"e-con-inner\">\n\t\t\t\t<div class=\"elementor-element elementor-element-41d9ad9 elementor-widget elementor-widget-heading\" data-id=\"41d9ad9\" data-element_type=\"widget\" data-widget_type=\"heading.default\">\n\t\t\t\t<div class=\"elementor-widget-container\">\n\t\t\t\t\t<h2 class=\"elementor-heading-title elementor-size-default\">A papaya gy\u00fcm\u00f6lcs<\/h2>\t\t\t\t<\/div>\n\t\t\t\t<\/div>\n\t\t\t\t<div class=\"elementor-element elementor-element-0ad5d97 elementor-widget elementor-widget-image\" data-id=\"0ad5d97\" data-element_type=\"widget\" data-widget_type=\"image.default\">\n\t\t\t\t<div class=\"elementor-widget-container\">\n\t\t\t\t\t\t\t\t\t\t\t\t\t\t\t<img decoding=\"async\" width=\"700\" height=\"500\" src=\"https:\/\/www.omni-biotic.com\/hu-hu\/wp-content\/uploads\/sites\/7\/2024\/09\/papaja_szekrekedes_ellen.jpg\" class=\"attachment-large size-large wp-image-23574\" alt=\"papaja, sz\u00e9kreked\u00e9s ellen, puffad\u00e1s, hasmen\u00e9s, probiotikum sz\u00e9kreked\u00e9s, papaya\" srcset=\"https:\/\/www.omni-biotic.com\/hu-hu\/wp-content\/uploads\/sites\/7\/2024\/09\/papaja_szekrekedes_ellen.jpg 700w, https:\/\/www.omni-biotic.com\/hu-hu\/wp-content\/uploads\/sites\/7\/2024\/09\/papaja_szekrekedes_ellen-300x214.jpg 300w\" sizes=\"(max-width: 700px) 100vw, 700px\" title=\"\">\t\t\t\t\t\t\t\t\t\t\t\t\t\t\t<\/div>\n\t\t\t\t<\/div>\n\t\t\t\t\t<\/div>\n\t\t\t\t<\/div>\n\t\t<div class=\"elementor-element elementor-element-2086c33 obcs none e-flex e-con-boxed e-con e-parent\" data-id=\"2086c33\" data-element_type=\"container\">\n\t\t\t\t\t<div class=\"e-con-inner\">\n\t\t\t\t<div class=\"elementor-element elementor-element-3006af8 elementor-widget elementor-widget-text-editor\" data-id=\"3006af8\" data-element_type=\"widget\" data-widget_type=\"text-editor.default\">\n\t\t\t\t<div class=\"elementor-widget-container\">\n\t\t\t\t\t\t\t\t\t<p>A papaja egy igazi <strong>f\u0151nyerem\u00e9ny az em\u00e9szt\u00e9s<\/strong> szempontj\u00e1b\u00f3l. Nemcsak egy nagyon l\u00fagos, vitaminokban \u00e9s \u00e1sv\u00e1nyi anyagokban gazdag gy\u00fcm\u00f6lcs, hanem a papain enzimet is tartalmazza. Nem csoda, hogy a papaja mindig is nagy becsben \u00e1llt a tr\u00f3pusi orsz\u00e1gokban! A <strong>papain<\/strong> egy \u00fagynevezett proteolitikus enzim, amely k\u00e9pes lebontani a feh\u00e9rj\u00e9ket, \u00e9s \u00edgy el\u0151seg\u00edti azok hasznosul\u00e1s\u00e1t, em\u00e9szt\u00e9s\u00e9t. Az enzim aktivit\u00e1sa fokozhat\u00f3 \u00e9s a gy\u00fcm\u00f6lcs ereje megsokszorozhat\u00f3 egy magas potenci\u00e1l-tartalm\u00fa <strong>papaja-koncentr\u00e1tumban<\/strong>, speci\u00e1lis szabadalmaztatott el\u0151\u00e1ll\u00edt\u00e1si form\u00e1k seg\u00edts\u00e9g\u00e9vel.<\/p>\t\t\t\t\t\t\t\t<\/div>\n\t\t\t\t<\/div>\n\t\t\t\t\t<\/div>\n\t\t\t\t<\/div>\n\t\t<div class=\"elementor-element elementor-element-f4c0e23 obcs none e-flex e-con-boxed e-con e-parent\" data-id=\"f4c0e23\" data-element_type=\"container\">\n\t\t\t\t\t<div class=\"e-con-inner\">\n\t\t\t\t<div class=\"elementor-element elementor-element-c10fb8a elementor-widget elementor-widget-text-editor\" data-id=\"c10fb8a\" data-element_type=\"widget\" data-widget_type=\"text-editor.default\">\n\t\t\t\t<div class=\"elementor-widget-container\">\n\t\t\t\t\t\t\t\t\t<p>E <a href=\"https:\/\/shop.omni-biotic.com\/hu-hu\/collections\/caricol\"><strong>speci\u00e1lis k\u00e9sz\u00edtm\u00e9ny<\/strong><\/a> kiv\u00e1l\u00f3 hat\u00e1s\u00e1t m\u00e1r sz\u00e1mos tudom\u00e1nyos vizsg\u00e1lat bizony\u00edtotta. A sz\u00e9kreked\u00e9s enyh\u00fcl, \u00e9s minden, amit ki kell \u00fcr\u00edteni, t\u00e1vozik. A papaja \u00e9rt\u00e9kes \u00f6sszetev\u0151i emellett fontos t\u00e1pl\u00e1l\u00e9kforr\u00e1sk\u00e9nt szolg\u00e1lnak <strong>b\u00e9lbakt\u00e9riumaink<\/strong> sz\u00e1m\u00e1ra, ami er\u0151s\u00edti \u0151ket, \u00edgy k\u00f6nnyebben bet\u00f6ltik fontos feladataikat. \u00c1ltal\u00e1noss\u00e1gban elmondhat\u00f3, hogy a kiegyens\u00falyozott koloniz\u00e1ci\u00f3 k\u00e9pezi a m\u0171k\u00f6d\u0151 em\u00e9szt\u0151rendszer alapj\u00e1t. A zavart <a href=\"https:\/\/www.omni-biotic.com\/hu-hu\/a-belrendszer-egeszsege\/a-bel-az-egeszseg-kozpontja\/belflora\/\"><strong>b\u00e9lfl\u00f3ra<\/strong> <\/a>regener\u00e1l\u00f3d\u00e1sa azonban id\u0151be telik. A papaja gyorsan term\u00e9szetes lend\u00fcletet ad \u00e9s a term\u00e9szet erej\u00e9vel t\u00e1mogatja a b\u00e9lrendszert, mint az eg\u00e9szs\u00e9g k\u00f6zpontj\u00e1t.<\/p>\t\t\t\t\t\t\t\t<\/div>\n\t\t\t\t<\/div>\n\t\t\t\t\t<\/div>\n\t\t\t\t<\/div>\n\t\t<div class=\"elementor-element elementor-element-03971fc obcs none e-flex e-con-boxed e-con e-parent\" data-id=\"03971fc\" data-element_type=\"container\">\n\t\t\t\t\t<div class=\"e-con-inner\">\n\t\t\t\t<div class=\"elementor-element elementor-element-6edf092 elementor-widget-divider--view-line elementor-widget elementor-widget-divider\" data-id=\"6edf092\" data-element_type=\"widget\" data-widget_type=\"divider.default\">\n\t\t\t\t<div class=\"elementor-widget-container\">\n\t\t\t\t\t\t\t<div class=\"elementor-divider\">\n\t\t\t<span class=\"elementor-divider-separator\">\n\t\t\t\t\t\t<\/span>\n\t\t<\/div>\n\t\t\t\t\t\t<\/div>\n\t\t\t\t<\/div>\n\t\t\t\t\t<\/div>\n\t\t\t\t<\/div>\n\t\t<div class=\"elementor-element elementor-element-f505d8c obcs none e-flex e-con-boxed e-con e-parent\" data-id=\"f505d8c\" data-element_type=\"container\">\n\t\t\t\t\t<div class=\"e-con-inner\">\n\t\t\t\t<div class=\"elementor-element elementor-element-d7df3c9 elementor-widget-divider--view-line elementor-widget elementor-widget-divider\" data-id=\"d7df3c9\" data-element_type=\"widget\" data-widget_type=\"divider.default\">\n\t\t\t\t<div class=\"elementor-widget-container\">\n\t\t\t\t\t\t\t<div class=\"elementor-divider\">\n\t\t\t<span class=\"elementor-divider-separator\">\n\t\t\t\t\t\t<\/span>\n\t\t<\/div>\n\t\t\t\t\t\t<\/div>\n\t\t\t\t<\/div>\n\t\t\t\t<div class=\"elementor-element elementor-element-2cf2b59 elementor-widget elementor-widget-text-editor\" data-id=\"2cf2b59\" data-element_type=\"widget\" data-widget_type=\"text-editor.default\">\n\t\t\t\t<div class=\"elementor-widget-container\">\n\t\t\t\t\t\t\t\t\t<h1 class=\"m-0\">Caricol\u00ae<\/h1><h5 class=\"inbd product-page-info_subtitle\">J\u00f3ll\u00e9t a b\u00e9lben a papaja erej\u00e9vel!<\/h5>\t\t\t\t\t\t\t\t<\/div>\n\t\t\t\t<\/div>\n\t\t\t\t<div class=\"elementor-element elementor-element-1bbb270 elementor-widget elementor-widget-image\" data-id=\"1bbb270\" data-element_type=\"widget\" data-widget_type=\"image.default\">\n\t\t\t\t<div class=\"elementor-widget-container\">\n\t\t\t\t\t\t\t\t\t\t\t\t\t\t\t<img decoding=\"async\" width=\"800\" height=\"533\" src=\"https:\/\/www.omni-biotic.com\/hu-hu\/wp-content\/uploads\/sites\/7\/2022\/08\/20211209-caricol-09-1.jpg\" class=\"attachment-large size-large wp-image-9889\" alt=\"Caricol\u00ae Bl\u00e4hungen, Verdauung, Bl\u00e4hbauch\" srcset=\"https:\/\/www.omni-biotic.com\/hu-hu\/wp-content\/uploads\/sites\/7\/2022\/08\/20211209-caricol-09-1.jpg 900w, https:\/\/www.omni-biotic.com\/hu-hu\/wp-content\/uploads\/sites\/7\/2022\/08\/20211209-caricol-09-1-300x200.jpg 300w, https:\/\/www.omni-biotic.com\/hu-hu\/wp-content\/uploads\/sites\/7\/2022\/08\/20211209-caricol-09-1-768x512.jpg 768w\" sizes=\"(max-width: 800px) 100vw, 800px\" title=\"\">\t\t\t\t\t\t\t\t\t\t\t\t\t\t\t<\/div>\n\t\t\t\t<\/div>\n\t\t\t\t\t<\/div>\n\t\t\t\t<\/div>\n\t\t<div class=\"elementor-element elementor-element-2592ffc obcs none e-flex e-con-boxed e-con e-parent\" data-id=\"2592ffc\" data-element_type=\"container\">\n\t\t\t\t\t<div class=\"e-con-inner\">\n\t\t\t\t<div class=\"elementor-element elementor-element-22558ef elementor-align-center elementor-widget elementor-widget-button\" data-id=\"22558ef\" data-element_type=\"widget\" data-widget_type=\"button.default\">\n\t\t\t\t<div class=\"elementor-widget-container\">\n\t\t\t\t\t\t\t\t\t<div class=\"elementor-button-wrapper\">\n\t\t\t\t\t<a class=\"elementor-button elementor-button-link elementor-size-sm\" href=\"https:\/\/shop.omni-biotic.com\/hu-hu\/collections\/caricol\">\n\t\t\t\t\t\t<span class=\"elementor-button-content-wrapper\">\n\t\t\t\t\t\t\t\t\t<span class=\"elementor-button-text\">\u00c9rdekel<\/span>\n\t\t\t\t\t<\/span>\n\t\t\t\t\t<\/a>\n\t\t\t\t<\/div>\n\t\t\t\t\t\t\t\t<\/div>\n\t\t\t\t<\/div>\n\t\t\t\t\t<\/div>\n\t\t\t\t<\/div>\n\t\t\t\t<\/div>\n\t\t","protected":false},"excerpt":{"rendered":"<p>A papaja \u00e9rt\u00e9kes \u00f6sszetev\u0151i fontos t\u00e1pl\u00e1l\u00e9kforr\u00e1sk\u00e9nt szolg\u00e1lnak b\u00e9lbakt\u00e9riumaink sz\u00e1m\u00e1ra \u00e9s r\u00e1ad\u00e1sul a sz\u00e9kreked\u00e9s enyh\u00fclhet.<\/p>\n","protected":false},"author":19,"featured_media":23574,"comment_status":"closed","ping_status":"closed","sticky":false,"template":"","format":"standard","meta":{"_acf_changed":false,"inline_featured_image":false,"footnotes":""},"categories":[108],"tags":[],"class_list":["post-23569","post","type-post","status-publish","format-standard","has-post-thumbnail","hentry","category-panaszok-tanacsok"],"acf":[],"rank_math":{"og:title":"Papaja: tippek sz\u00e9kreked\u00e9s ellen","og:desc":"A papaja \u00e9rt\u00e9kes \u00f6sszetev\u0151i fontos t\u00e1pl\u00e1l\u00e9kforr\u00e1sk\u00e9nt szolg\u00e1lnak b\u00e9lbakt\u00e9riumaink sz\u00e1m\u00e1ra \u00e9s r\u00e1ad\u00e1sul a sz\u00e9kreked\u00e9s enyh\u00fclhet.","og:url":"https:\/\/www.omni-biotic.com\/hu-hu\/blog\/papaja-a-szekrekedes-ellen\/","og:locale":"hu_HU","og:image":"https:\/\/www.omni-biotic.com\/hu-hu\/wp-content\/uploads\/sites\/7\/2024\/09\/papaja_szekrekedes_ellen.jpg","og:image:width":"700","og:image:height":"500"},"additional_data":{"thumbnail":"https:\/\/www.omni-biotic.com\/hu-hu\/wp-content\/uploads\/sites\/7\/2024\/09\/papaja_szekrekedes_ellen.jpg"},"blog_info":{"country":"hu-hu"},"_links":{"self":[{"href":"https:\/\/www.omni-biotic.com\/hu-hu\/wp-json\/wp\/v2\/posts\/23569","targetHints":{"allow":["GET"]}}],"collection":[{"href":"https:\/\/www.omni-biotic.com\/hu-hu\/wp-json\/wp\/v2\/posts"}],"about":[{"href":"https:\/\/www.omni-biotic.com\/hu-hu\/wp-json\/wp\/v2\/types\/post"}],"author":[{"embeddable":true,"href":"https:\/\/www.omni-biotic.com\/hu-hu\/wp-json\/wp\/v2\/users\/19"}],"replies":[{"embeddable":true,"href":"https:\/\/www.omni-biotic.com\/hu-hu\/wp-json\/wp\/v2\/comments?post=23569"}],"version-history":[{"count":7,"href":"https:\/\/www.omni-biotic.com\/hu-hu\/wp-json\/wp\/v2\/posts\/23569\/revisions"}],"predecessor-version":[{"id":24024,"href":"https:\/\/www.omni-biotic.com\/hu-hu\/wp-json\/wp\/v2\/posts\/23569\/revisions\/24024"}],"wp:featuredmedia":[{"embeddable":true,"href":"https:\/\/www.omni-biotic.com\/hu-hu\/wp-json\/wp\/v2\/media\/23574"}],"wp:attachment":[{"href":"https:\/\/www.omni-biotic.com\/hu-hu\/wp-json\/wp\/v2\/media?parent=23569"}],"wp:term":[{"taxonomy":"category","embeddable":true,"href":"https:\/\/www.omni-biotic.com\/hu-hu\/wp-json\/wp\/v2\/categories?post=23569"},{"taxonomy":"post_tag","embeddable":true,"href":"https:\/\/www.omni-biotic.com\/hu-hu\/wp-json\/wp\/v2\/tags?post=23569"}],"curies":[{"name":"wp","href":"https:\/\/api.w.org\/{rel}","templated":true}]}}