{"id":23595,"date":"2024-09-25T14:38:19Z","date_gmt":"2024-09-25T12:38:19Z","guid":{"rendered":"https:\/\/www.omni-biotic.com\/hu-hu\/?p=23595"},"modified":"2024-09-25T14:39:08Z","modified_gmt":"2024-09-25T12:39:08Z","slug":"az-endometriozis-kezelese","status":"publish","type":"post","link":"https:\/\/www.omni-biotic.com\/hu-hu\/blog\/az-endometriozis-kezelese\/","title":{"rendered":"Az endometri\u00f3zis kezel\u00e9se \u00e9s t\u00fcnetei"},"content":{"rendered":"\t\t<div data-elementor-type=\"wp-post\" data-elementor-id=\"23595\" class=\"elementor elementor-23595\" data-elementor-post-type=\"post\">\n\t\t\t\t<div class=\"elementor-element elementor-element-66304e5 obcs none e-flex e-con-boxed e-con e-parent\" data-id=\"66304e5\" data-element_type=\"container\">\n\t\t\t\t\t<div class=\"e-con-inner\">\n\t\t\t\t<div class=\"elementor-element elementor-element-90f969d elementor-widget elementor-widget-image\" data-id=\"90f969d\" data-element_type=\"widget\" data-widget_type=\"image.default\">\n\t\t\t\t<div class=\"elementor-widget-container\">\n\t\t\t\t\t\t\t\t\t\t\t\t\t\t\t<img fetchpriority=\"high\" decoding=\"async\" width=\"700\" height=\"500\" src=\"https:\/\/www.omni-biotic.com\/hu-hu\/wp-content\/uploads\/sites\/7\/2024\/09\/endometriozis_fajdalom.jpg\" class=\"attachment-large size-large wp-image-23668\" alt=\"endometri\u00f3zis, f\u00e1jdalom, probiotikum, omni-biotic\" srcset=\"https:\/\/www.omni-biotic.com\/hu-hu\/wp-content\/uploads\/sites\/7\/2024\/09\/endometriozis_fajdalom.jpg 700w, https:\/\/www.omni-biotic.com\/hu-hu\/wp-content\/uploads\/sites\/7\/2024\/09\/endometriozis_fajdalom-300x214.jpg 300w\" sizes=\"(max-width: 700px) 100vw, 700px\" title=\"\">\t\t\t\t\t\t\t\t\t\t\t\t\t\t\t<\/div>\n\t\t\t\t<\/div>\n\t\t\t\t<div class=\"elementor-element elementor-element-66b1b72 elementor-widget elementor-widget-heading\" data-id=\"66b1b72\" data-element_type=\"widget\" data-widget_type=\"heading.default\">\n\t\t\t\t<div class=\"elementor-widget-container\">\n\t\t\t\t\t<h2 class=\"elementor-heading-title elementor-size-default\">Mi is az endometri\u00f3zis?<\/h2>\t\t\t\t<\/div>\n\t\t\t\t<\/div>\n\t\t\t\t<div class=\"elementor-element elementor-element-74d46f0 elementor-widget elementor-widget-text-editor\" data-id=\"74d46f0\" data-element_type=\"widget\" data-widget_type=\"text-editor.default\">\n\t\t\t\t<div class=\"elementor-widget-container\">\n\t\t\t\t\t\t\t\t\t<p>B\u00e1r a t\u00e1rsadalom sz\u00e1m\u00e1ra meglehet\u0151sen ismeretlen, az endometri\u00f3zis az egyik <strong>leggyakoribb n\u0151gy\u00f3gy\u00e1szati betegs\u00e9g,<\/strong> a reprodukt\u00edv korban l\u00e9v\u0151 n\u0151k mintegy 10%-a \u00e9rintett. Endometri\u00f3zis eset\u00e9n m\u00e9hny\u00e1lkah\u00e1rty\u00e1hoz hasonl\u00f3 sz\u00f6vet (= endometrium) jelenik meg a m\u00e9h\u00fcregen k\u00edv\u00fcli helyeken.<\/p><p>Gyakran \u00e9rinti az alhasi \u00e9s kismedencei ter\u00fcletet, a <strong>petef\u00e9szket<\/strong> \u00e9s a <strong>petevezet\u00e9ket<\/strong>, valamint a <strong>beleket<\/strong>. Ritka eseteben ezek a sejtek t\u00e1voli szervekbe, p\u00e9ld\u00e1ul a t\u00fcd\u0151be is elv\u00e1ndorolnak. A m\u00e9hny\u00e1lkah\u00e1rty\u00e1hoz hasonl\u00f3an a rendellenes elhelyezked\u00e9s\u0171 m\u00e9hny\u00e1lkah\u00e1rtya is <strong>n\u00f6vekedik<\/strong> \u00e9s <strong>v\u00e9rezhet<\/strong>\u00a0a menstru\u00e1ci\u00f3s ciklus alatt, helyi <strong>gyullad\u00e1sos reakci\u00f3kat<\/strong> v\u00e1ltva ki. Ennek k\u00f6vetkezt\u00e9ben az \u00e9rintettek k\u00fcl\u00f6n\u00f6sen a menstru\u00e1ci\u00f3 idej\u00e9n s\u00falyos, <strong>g\u00f6rcsszer\u0171 f\u00e1jdalmat tapasztalnak<\/strong>. Az endometri\u00f3zis teh\u00e1t egy olyan betegs\u00e9g, amelyet a <strong>hormonok<\/strong>, k\u00fcl\u00f6n\u00f6sen a n\u0151i nemi hormon, az <strong>\u00f6sztrog\u00e9n<\/strong> <strong>ir\u00e1ny\u00edt<\/strong>.<\/p>\t\t\t\t\t\t\t\t<\/div>\n\t\t\t\t<\/div>\n\t\t\t\t\t<\/div>\n\t\t\t\t<\/div>\n\t\t<div class=\"elementor-element elementor-element-4438b10 obcs none e-flex e-con-boxed e-con e-parent\" data-id=\"4438b10\" data-element_type=\"container\">\n\t\t\t\t\t<div class=\"e-con-inner\">\n\t\t\t\t<div class=\"elementor-element elementor-element-8892bcf elementor-widget elementor-widget-heading\" data-id=\"8892bcf\" data-element_type=\"widget\" data-widget_type=\"heading.default\">\n\t\t\t\t<div class=\"elementor-widget-container\">\n\t\t\t\t\t<h2 class=\"elementor-heading-title elementor-size-default\">Az endometri\u00f3zis t\u00fcnetei<\/h2>\t\t\t\t<\/div>\n\t\t\t\t<\/div>\n\t\t\t\t<div class=\"elementor-element elementor-element-e9e0944 elementor-widget elementor-widget-text-editor\" data-id=\"e9e0944\" data-element_type=\"widget\" data-widget_type=\"text-editor.default\">\n\t\t\t\t<div class=\"elementor-widget-container\">\n\t\t\t\t\t\t\t\t\t<p>A k\u00fcl\u00f6nb\u00f6z\u0151 <strong>megjelen\u00e9si helyek<\/strong> \u00e9s form\u00e1k miatt<strong> a t\u00fcnetek nagyon heterog\u00e9nek.<\/strong> A f\u0151 t\u00fcnet az <strong>er\u0151s menstru\u00e1ci\u00f3s f\u00e1jdalom<\/strong>. Az \u00e9rintettek azonban gyakran panaszkodnak a ciklus folyam\u00e1n fell\u00e9p\u0151 hasi f\u00e1jdalomra, illetve a <strong>szexu\u00e1lis egy\u00fcttl\u00e9t sor\u00e1n<\/strong> tapasztalt f\u00e1jdalomra. Tov\u00e1bb\u00e1 jelentkezhet <strong>vizel\u00e9skor<\/strong> vagy <strong>sz\u00e9kel\u00e9skor<\/strong> is. Egy\u00e9b probl\u00e9m\u00e1k k\u00f6z\u00e9 tartoznak a <strong>ciklikus gyomor-b\u00e9lrendszeri panaszok,<\/strong>\u00a0pl. <a href=\"https:\/\/www.omni-biotic.com\/hu-hu\/belpanaszok\/hasmenes\/\"><strong>hasmen\u00e9s<\/strong><\/a>, <a href=\"https:\/\/www.omni-biotic.com\/hu-hu\/belpanaszok\/szekrekedes\/\"><strong>sz\u00e9kreked\u00e9s<\/strong> <\/a>\u00e9s <a href=\"https:\/\/www.omni-biotic.com\/hu-hu\/belpanaszok\/haspuffadas\/\"><strong>has<\/strong><\/a><a href=\"https:\/\/www.omni-biotic.com\/hu-hu\/belpanaszok\/haspuffadas\/\"><strong>puffad\u00e1s<\/strong><\/a>.<\/p><p>A felpuffadt has k\u00fcl\u00f6n\u00f6sen kellemetlen az \u00e9rintettek sz\u00e1m\u00e1ra. Az alhasi r\u00e9sz n\u00e9h\u00e1ny \u00f3r\u00e1ra, de ak\u00e1r napokig vagy hetekig is felpuffadhat, ami <strong>f\u00e1jdalommal<\/strong> \u00e9s <strong>nyom\u00f3 \u00e9rz\u00e9ssel<\/strong> j\u00e1r a hasi \u00e9s a h\u00e1ti ter\u00fcleten. Olykor <strong>szervi k\u00e1rosod\u00e1s<\/strong> is bek\u00f6vetkezhet a rendellenes elhelyezked\u00e9s\u0171 m\u00e9hny\u00e1lkah\u00e1rtya-ben\u00f6v\u00e9sek miatt. Emellett sokaknak <a href=\"https:\/\/www.omni-biotic.com\/hu-hu\/blog\/tejsavas-kezeles-a-termekenysegert\/\"><strong>neh\u00e9zs\u00e9get okoz a teherbees\u00e9s,<\/strong><\/a> ami szint\u00e9n nagy szenved\u00e9st jelenthet.<\/p>\t\t\t\t\t\t\t\t<\/div>\n\t\t\t\t<\/div>\n\t\t\t\t\t<\/div>\n\t\t\t\t<\/div>\n\t\t<div class=\"elementor-element elementor-element-305aa09 obcs none e-flex e-con-boxed e-con e-parent\" data-id=\"305aa09\" data-element_type=\"container\">\n\t\t\t\t\t<div class=\"e-con-inner\">\n\t\t\t\t<div class=\"elementor-element elementor-element-6e51379 elementor-widget elementor-widget-image\" data-id=\"6e51379\" data-element_type=\"widget\" data-widget_type=\"image.default\">\n\t\t\t\t<div class=\"elementor-widget-container\">\n\t\t\t\t\t\t\t\t\t\t\t\t\t\t\t<img decoding=\"async\" width=\"700\" height=\"500\" src=\"https:\/\/www.omni-biotic.com\/hu-hu\/wp-content\/uploads\/sites\/7\/2024\/09\/endometriozis_tuenetek.jpg\" class=\"attachment-large size-large wp-image-23667\" alt=\"endometri\u00f3zis, f\u00e1jdalom, probiotikum, omni-biotic\" srcset=\"https:\/\/www.omni-biotic.com\/hu-hu\/wp-content\/uploads\/sites\/7\/2024\/09\/endometriozis_tuenetek.jpg 700w, https:\/\/www.omni-biotic.com\/hu-hu\/wp-content\/uploads\/sites\/7\/2024\/09\/endometriozis_tuenetek-300x214.jpg 300w\" sizes=\"(max-width: 700px) 100vw, 700px\" title=\"\">\t\t\t\t\t\t\t\t\t\t\t\t\t\t\t<\/div>\n\t\t\t\t<\/div>\n\t\t\t\t<div class=\"elementor-element elementor-element-9ace958 elementor-widget elementor-widget-heading\" data-id=\"9ace958\" data-element_type=\"widget\" data-widget_type=\"heading.default\">\n\t\t\t\t<div class=\"elementor-widget-container\">\n\t\t\t\t\t<h2 class=\"elementor-heading-title elementor-size-default\">Hogyan ismerhet\u0151 fel az endometri\u00f3zis?<\/h2>\t\t\t\t<\/div>\n\t\t\t\t<\/div>\n\t\t\t\t<div class=\"elementor-element elementor-element-a00bcea elementor-widget elementor-widget-text-editor\" data-id=\"a00bcea\" data-element_type=\"widget\" data-widget_type=\"text-editor.default\">\n\t\t\t\t<div class=\"elementor-widget-container\">\n\t\t\t\t\t\t\t\t\t<p><em><strong>Prof. Dr. med. Sylvia Mechsner:<\/strong><\/em> Az endometri\u00f3zissal k\u00e9t f\u0151 \u201eprobl\u00e9ma\u201d van. El\u0151sz\u00f6r is, f\u00e1jdalommal j\u00e1r, \u00e9s k\u00fcl\u00f6nb\u00f6z\u0151 f\u00e1jdalomjelens\u00e9geken kereszt\u00fcl \u00e9rz\u00e9kelhet\u0151. M\u00e1sr\u00e9szt sajnos gyakran a <a href=\"https:\/\/www.omni-biotic.com\/hu-hu\/blog\/meddoseg-a-huvelyflora-szerepe\/\"><strong>beteljes\u00fcletlen gyermekv\u00e1llal\u00e1si v\u00e1gy<\/strong><\/a> az, ami miatt az emberek el\u0151sz\u00f6r az endometri\u00f3zisra gondolnak.<\/p><p>Mivel azonban a fiatal n\u0151k 80%-a szenved menstru\u00e1ci\u00f3s f\u00e1jdalomt\u00f3l, de nem az \u00f6sszes n\u0151 80%-a k\u00fczd endometri\u00f3zissal, <strong>fontos meghat\u00e1rozni,<\/strong> hogy mi is az, ami <strong>val\u00f3ban menstru\u00e1ci\u00f3s f\u00e1jdalomnak<\/strong> min\u0151s\u00fcl. Gyakran nem lehet helyesen \u00e9rz\u00e9kelni vagy kategoriz\u00e1lni, hogy a f\u00e1jdalom m\u00e9g \u201enorm\u00e1lis-e\u201d vagy m\u00e1r val\u00f3ban k\u00f3ros. Ennek eredm\u00e9nyek\u00e9nt sok n\u0151, aki val\u00f3ban <strong>er\u0151s menstru\u00e1ci\u00f3s f\u00e1jdalmat tapasztal, azt gondolja, hogy az \u201enorm\u00e1lis\u201d, \u00e9s nem besz\u00e9l r\u00f3la.<\/strong><\/p><p>Nem \u201enorm\u00e1lis\u201d, hogy a f\u00e1jdalom miatt \u00e1gyban feksz\u00fcnk, t\u00f6bb f\u00e1jdalomcsillap\u00edt\u00f3t is bevesz\u00fcnk, \u00e9s m\u00e9gsem \u00e9rz\u00fcnk javul\u00e1st. <strong>Vegetat\u00edv mell\u00e9khat\u00e1sok<\/strong> is el\u0151fordulhatnak: Hasmen\u00e9s, h\u00e1nyinger, h\u00e1ny\u00e1s, \u00f6sszees\u00e9sre val\u00f3 hajlam &#8211; ezek szint\u00e9n <strong>nem min\u0151s\u00fclnek \u201enorm\u00e1lisnak\u201d.<\/strong><\/p><p>A Prof. Dr. Sylvia Mechsnerrel k\u00e9sz\u00fclt teljes interj\u00fat az endometri\u00f3zis t\u00e9m\u00e1j\u00e1ban itt tekintheti meg:<\/p><p>A felv\u00e9tel jelenleg n\u00e9met nyelven el\u00e9rhet\u0151.<\/p>\t\t\t\t\t\t\t\t<\/div>\n\t\t\t\t<\/div>\n\t\t\t\t<div class=\"elementor-element elementor-element-02b35e7 elementor-widget elementor-widget-video\" data-id=\"02b35e7\" data-element_type=\"widget\" data-settings=\"{&quot;youtube_url&quot;:&quot;https:\\\/\\\/youtu.be\\\/BrRwJC1npSQ?si=XSqM4i4VuVrzozOq&quot;,&quot;video_type&quot;:&quot;youtube&quot;,&quot;controls&quot;:&quot;yes&quot;}\" data-widget_type=\"video.default\">\n\t\t\t\t<div class=\"elementor-widget-container\">\n\t\t\t\t\t\t\t<div class=\"elementor-wrapper elementor-open-inline\">\n\t\t\t<div class=\"elementor-video\"><\/div>\t\t<\/div>\n\t\t\t\t\t\t<\/div>\n\t\t\t\t<\/div>\n\t\t\t\t\t<\/div>\n\t\t\t\t<\/div>\n\t\t<div class=\"elementor-element elementor-element-b91ea1f obcs none e-flex e-con-boxed e-con e-parent\" data-id=\"b91ea1f\" data-element_type=\"container\">\n\t\t\t\t\t<div class=\"e-con-inner\">\n\t\t\t\t<div class=\"elementor-element elementor-element-1e5527c elementor-widget elementor-widget-heading\" data-id=\"1e5527c\" data-element_type=\"widget\" data-widget_type=\"heading.default\">\n\t\t\t\t<div class=\"elementor-widget-container\">\n\t\t\t\t\t<h2 class=\"elementor-heading-title elementor-size-default\">Az endomteri\u00f3zis kezel\u00e9se<\/h2>\t\t\t\t<\/div>\n\t\t\t\t<\/div>\n\t\t\t\t<div class=\"elementor-element elementor-element-4bf333d elementor-widget elementor-widget-text-editor\" data-id=\"4bf333d\" data-element_type=\"widget\" data-widget_type=\"text-editor.default\">\n\t\t\t\t<div class=\"elementor-widget-container\">\n\t\t\t\t\t\t\t\t\t<p>Az endometri\u00f3zis egyel\u0151re <strong>nem gy\u00f3gy\u00edthat\u00f3 teljes m\u00e9rt\u00e9kben<\/strong>. Mindazon\u00e1ltal k\u00fcl\u00f6nb\u00f6z\u0151 kezel\u00e9si lehet\u0151s\u00e9gek \u00e1llnak rendelkez\u00e9sre <strong>a f\u00e1jdalom enyh\u00edt\u00e9s\u00e9re<\/strong> \u00e9s a <strong>betegs\u00e9g el\u0151rehalad\u00e1s\u00e1nak k\u00e9sleltet\u00e9s\u00e9re.<\/strong> A kezel\u00e9s a t\u00fcnetek m\u00e9rt\u00e9k\u00e9t\u0151l \u00e9s a rendellenes elhelyezked\u00e9s\u0171 m\u00e9hny\u00e1lkah\u00e1rtya lokaliz\u00e1ci\u00f3j\u00e1t\u00f3l f\u00fcgg. A <strong>hormon\u00e1lis, gy\u00f3gyszeres kezel\u00e9s<\/strong> c\u00e9lja az \u00f6sztrog\u00e9ntermel\u00e9s elnyom\u00e1sa a rendellenes elhelyezked\u00e9s\u0171 m\u00e9hny\u00e1lkah\u00e1rtya n\u00f6veked\u00e9s\u00e9nek meg\u00e1ll\u00edt\u00e1sa \u00e9rdek\u00e9ben. Erre a c\u00e9lra gyakran <strong>fogamz\u00e1sg\u00e1tl\u00f3 tablett\u00e1t<\/strong> vagy m\u00e1s <strong>hormonk\u00e9sz\u00edtm\u00e9nyeket<\/strong> \u00edrnak fel.<\/p><p>A bev\u00e1lt, <strong>gyullad\u00e1scs\u00f6kkent\u0151 f\u00e1jdalomcsillap\u00edt\u00f3k<\/strong> szint\u00e9n seg\u00edtenek a f\u00e1jdalom enyh\u00edt\u00e9s\u00e9ben. Haszn\u00e1latukat azonban mindig a kezel\u0151orvossal kell egyeztetni. S\u00falyos esetekben vagy <a href=\"https:\/\/www.omni-biotic.com\/hu-hu\/blog\/meddoseg-a-huvelyflora-szerepe\/\"><strong>medd\u0151s\u00e9g<\/strong><\/a> eset\u00e9n gyakran m\u0171t\u00e9ti beavatkoz\u00e1s sz\u00fcks\u00e9ges a rendellenes elhelyezked\u00e9s\u0171 m\u00e9hny\u00e1lkah\u00e1rtya elt\u00e1vol\u00edt\u00e1s\u00e1ra. A beavatkoz\u00e1st \u00e1ltal\u00e1ban <strong>hast\u00fckr\u00f6z\u00e9s (laparoszk\u00f3pia)<\/strong> keret\u00e9ben v\u00e9gzik. B\u00e1r a siker es\u00e9lye itt a legnagyobb, a m\u0171t\u00e9t nem minden betegn\u00e9l vezet hossz\u00fa t\u00e1v\u00fa javul\u00e1shoz, mivel egy id\u0151 ut\u00e1n \u00fajabb rendellenes elhelyezked\u00e9s\u0171 m\u00e9hny\u00e1lkah\u00e1rtya alakulhat ki. Ez\u00e9rt gyakran egy <strong>kombin\u00e1lt ter\u00e1pia javasolt.<\/strong><\/p>\t\t\t\t\t\t\t\t<\/div>\n\t\t\t\t<\/div>\n\t\t\t\t<div class=\"elementor-element elementor-element-4c2b743 elementor-widget elementor-widget-li-widgets--author-quote\" data-id=\"4c2b743\" data-element_type=\"widget\" data-widget_type=\"li-widgets--author-quote.default\">\n\t\t\t\t<div class=\"elementor-widget-container\">\n\t\t\t\t\t<div class=\"li-widgets--author-quote blue\">\n        <div class=\"li-widgets--author-quote__image--wrapper\">\n        <div class=\"li-widgets--author-quote__image\">\n            <img decoding=\"async\" width=\"225\" height=\"300\" src=\"https:\/\/www.omni-biotic.com\/hu-hu\/wp-content\/uploads\/sites\/7\/2024\/09\/endometriozis_probiotikum-225x300.jpg\" class=\"attachment-medium size-medium\" alt=\"endometri\u00f3zis, f\u00e1jdalom, probiotikum, omni-biotic\" srcset=\"https:\/\/www.omni-biotic.com\/hu-hu\/wp-content\/uploads\/sites\/7\/2024\/09\/endometriozis_probiotikum-225x300.jpg 225w, https:\/\/www.omni-biotic.com\/hu-hu\/wp-content\/uploads\/sites\/7\/2024\/09\/endometriozis_probiotikum.jpg 480w\" sizes=\"(max-width: 225px) 100vw, 225px\" title=\"\">        <\/div>\n    <\/div>\n        <div class=\"li-widgets--author-quote__content\">\n        <div class=\"li-widgets--author-quote__content--text\">\n            Az endometri\u00f3zis a legnagyobb gyenges\u00e9gem, de egyben a legnagyobb er\u0151ss\u00e9gem is. Megfogalmazhattam, mi az igaz\u00e1n fontos az \u00e9letben. Sz\u00e1molnunk kell azzal, hogy minden nap er\u0151s f\u00e1jdalmakkal \u00e9bredhet\u00fcnk. Sok \u00e9ven \u00e1t s\u00falyos em\u00e9szt\u00e9si probl\u00e9m\u00e1kkal k\u00fczd\u00f6ttem, minden nap hasmen\u00e9sem volt. A j\u00f3 min\u0151s\u00e9g\u0171 probiotikumok szed\u00e9s\u00e9vel h\u00f3napr\u00f3l h\u00f3napra enyh\u00fcltek a t\u00fcnetek. A diagn\u00f3zis er\u0151ss\u00e9 is tett, mert megtan\u00edtott k\u00fczdeni. Harcolni magam\u00e9rt \u00e9s az \u00f6sszes t\u00f6bbi n\u0151\u00e9rt, akiknek ezzel a betegs\u00e9ggel kell szemben\u00e9zni\u00fck.        <\/div>\n        <div class=\"li-widgets--author-quote__content--author\">\n            Anne-Catrin Roth, az Institut AllergoSan gy\u00f3gyszeripai k\u00e9pvisel\u0151je        <\/div>\n            <\/div>\n    <\/div>\n\t\t\t\t<\/div>\n\t\t\t\t<\/div>\n\t\t\t\t<div class=\"elementor-element elementor-element-b550036 elementor-widget elementor-widget-text-editor\" data-id=\"b550036\" data-element_type=\"widget\" data-widget_type=\"text-editor.default\">\n\t\t\t\t<div class=\"elementor-widget-container\">\n\t\t\t\t\t\t\t\t\t<p>A hagyom\u00e1nyos orvosi kezel\u00e9sek t\u00e1mogat\u00e1s\u00e1nak is sz\u00e1mos m\u00f3dja van. P\u00e9ld\u00e1ul a <strong>relax\u00e1ci\u00f3s gyakorlatok,<\/strong> a mozg\u00e1s \u00e9s a sport, valamint a bev\u00e1lt h\u00e1zi gy\u00f3gym\u00f3dok, p\u00e9ld\u00e1ul a <strong>melegvizes palackok<\/strong> \u00e9rezhet\u0151 f\u00e1jdalomcsillap\u00edt\u00e1st biztos\u00edthatnak. Az endometri\u00f3zis eset\u00e9n <strong>fontos szerepet j\u00e1tszik<\/strong> a <strong>t\u00e1pl\u00e1lkoz\u00e1s<\/strong> is. Sokan nemcsak er\u0151s menstru\u00e1ci\u00f3s f\u00e1jdalomt\u00f3l, hanem a mindennapi \u00e9let\u00fcket megnehez\u00edt\u0151 gyomor-b\u00e9lrendszeri panaszokt\u00f3l is szenvednek. <strong>Antioxid\u00e1ns<\/strong> \u00e9s <strong>gyullad\u00e1scs\u00f6kkent\u0151<\/strong> \u00e9trend k\u00f6vet\u00e9se cs\u00f6kkentheti mind a<a href=\"https:\/\/www.omni-biotic.com\/hu-hu\/belpanaszok\/\"><strong> b\u00e9lrendszeri panaszokat,<\/strong><\/a> mind a f\u00e1jdalom intenzit\u00e1s\u00e1t.<\/p>\t\t\t\t\t\t\t\t<\/div>\n\t\t\t\t<\/div>\n\t\t\t\t\t<\/div>\n\t\t\t\t<\/div>\n\t\t<div class=\"elementor-element elementor-element-c1a98c9 obcs none e-flex e-con-boxed e-con e-parent\" data-id=\"c1a98c9\" data-element_type=\"container\">\n\t\t\t\t\t<div class=\"e-con-inner\">\n\t\t\t\t<div class=\"elementor-element elementor-element-e85b682 elementor-widget elementor-widget-heading\" data-id=\"e85b682\" data-element_type=\"widget\" data-widget_type=\"heading.default\">\n\t\t\t\t<div class=\"elementor-widget-container\">\n\t\t\t\t\t<h2 class=\"elementor-heading-title elementor-size-default\">Milyen szerepet j\u00e1tszik a mikrobiom az endometri\u00f3zisn\u00e1l?<\/h2>\t\t\t\t<\/div>\n\t\t\t\t<\/div>\n\t\t\t\t<div class=\"elementor-element elementor-element-3f43122 elementor-widget elementor-widget-text-editor\" data-id=\"3f43122\" data-element_type=\"widget\" data-widget_type=\"text-editor.default\">\n\t\t\t\t<div class=\"elementor-widget-container\">\n\t\t\t\t\t\t\t\t\t<p>A leg\u00fajabb tanulm\u00e1nyok kimutatt\u00e1k, hogy mind a <a href=\"https:\/\/www.omni-biotic.com\/hu-hu\/a-belrendszer-egeszsege\/a-bel-hataskore\/huvelyflora\/\"><strong>h\u00fcvelyi<\/strong><\/a>, mind a <a href=\"https:\/\/www.omni-biotic.com\/hu-hu\/a-belrendszer-egeszsege\/a-bel-az-egeszseg-kozpontja\/belflora\/\"><strong>b\u00e9lrendszeri mikrobiom<\/strong><\/a> megv\u00e1ltozhat endometri\u00f3zis eset\u00e9n. A mikrobiom t\u00f6bb szinten is fontos lehet. A <strong>zavart h\u00fcvelyfl\u00f3ra<\/strong> p\u00e9ld\u00e1ul<strong> fert\u0151z\u00e9sekhez \u00e9s gyullad\u00e1sokhoz<\/strong> vezethet. A b\u00e9lbakt\u00e9riumok a gyullad\u00e1sos betegs\u00e9gek eset\u00e9n is meghat\u00e1roz\u00f3 szerepet j\u00e1tszanak. Ugyanakkor a b\u00e9lfl\u00f3ra szab\u00e1lyozza a kering\u0151 \u00f6sztrog\u00e9n el\u00e9rhet\u0151s\u00e9g\u00e9t. Mivel az endometri\u00f3zis egy \u00f6sztrog\u00e9nvez\u00e9relt, kr\u00f3nikus gyullad\u00e1sos betegs\u00e9g, a b\u00e9lrendszerben kialakul\u00f3 diszbi\u00f3zis, azaz a negat\u00edvan megv\u00e1ltozott b\u00e9lfl\u00f3ra d\u00f6nt\u0151 szerepet j\u00e1tszhat annak kialakul\u00e1s\u00e1ban \u00e9s progresszi\u00f3j\u00e1ban.<\/p>\t\t\t\t\t\t\t\t<\/div>\n\t\t\t\t<\/div>\n\t\t\t\t<div class=\"elementor-element elementor-element-5c8b9d1 elementor-widget elementor-widget-heading\" data-id=\"5c8b9d1\" data-element_type=\"widget\" data-widget_type=\"heading.default\">\n\t\t\t\t<div class=\"elementor-widget-container\">\n\t\t\t\t\t<h2 class=\"elementor-heading-title elementor-size-default\">Hogyan lehet er\u0151s\u00edteni a mikrobiomot?<\/h2>\t\t\t\t<\/div>\n\t\t\t\t<\/div>\n\t\t\t\t<div class=\"elementor-element elementor-element-932511e elementor-widget elementor-widget-text-editor\" data-id=\"932511e\" data-element_type=\"widget\" data-widget_type=\"text-editor.default\">\n\t\t\t\t<div class=\"elementor-widget-container\">\n\t\t\t\t\t\t\t\t\t<p>Ez\u00e9rt m\u00e9g fontosabb, hogy e betegs\u00e9g eset\u00e9n is <strong>fel\u00e9p\u00edts\u00fcnk egy eg\u00e9szs\u00e9ges b\u00e9lfl\u00f3r\u00e1t<\/strong>. Az eg\u00e9szs\u00e9ges \u00e9s kiegyens\u00falyozott t\u00e1pl\u00e1lkoz\u00e1s el\u0151seg\u00edtheti a j\u00f3 b\u00e9lbakt\u00e9riumok n\u00f6veked\u00e9s\u00e9t. Vannak m\u00e1r pozit\u00edv tapasztalatok a speci\u00e1lisan kifejlesztett, t\u00f6bbt\u00f6rzs\u0171 <a href=\"https:\/\/www.omni-biotic.com\/hu-hu\/blog\/probiotikum-noknek\/\"><strong>probiotikumok<\/strong> <\/a>alkalmaz\u00e1s\u00e1val is. A kiv\u00e1lasztott gyullad\u00e1scs\u00f6kkent\u0151 bakt\u00e9riumt\u00f6rzsek kombin\u00e1ci\u00f3ja er\u0151s\u00edtheti a b\u00e9lg\u00e1tat \u00e9s \u00edgy ellens\u00falyozhatja a gyullad\u00e1sos folyamatokat. A <a href=\"https:\/\/www.omni-biotic.com\/hu-hu\/a-belrendszer-egeszsege\/a-bel-hataskore\/huvelyflora\/\"><strong>h\u00fcvelyfl\u00f3r\u00e1t<\/strong> <\/a>is \u00e9rdemes t\u00f6bbt\u00f6rzs\u0171 probiotikumokkal <strong>er\u0151s\u00edteni<\/strong>, mivel a <strong>laktobacillusok (tejsavbakt\u00e9riumok)<\/strong>\u00a0\u00e1ltal domin\u00e1lt h\u00fcvelyfl\u00f3ra v\u00e9delmet ny\u00fajthat a fert\u0151z\u00e9sek \u00e9s a gyullad\u00e1sos reakci\u00f3k ellen.<\/p>\t\t\t\t\t\t\t\t<\/div>\n\t\t\t\t<\/div>\n\t\t\t\t\t<\/div>\n\t\t\t\t<\/div>\n\t\t\t\t<\/div>\n\t\t","protected":false},"excerpt":{"rendered":"<p>Az endometri\u00f3zis t\u00fcnete az er\u0151s menstru\u00e1ci\u00f3s f\u00e1jdalom, a szexu\u00e1lis egy\u00fcttl\u00e9t sor\u00e1n tapasztalt f\u00e1jdalom. Jelentkezhet vizel\u00e9skor vagy sz\u00e9kel\u00e9skor is.<\/p>\n","protected":false},"author":19,"featured_media":23668,"comment_status":"closed","ping_status":"closed","sticky":false,"template":"","format":"standard","meta":{"_acf_changed":false,"inline_featured_image":false,"footnotes":""},"categories":[1,107],"tags":[],"class_list":["post-23595","post","type-post","status-publish","format-standard","has-post-thumbnail","hentry","category-allgemein","category-noi-egeszseg"],"acf":[],"rank_math":{"og:title":"Az endometri\u00f3zis kezel\u00e9se \u00e9s t\u00fcnetei - OMNi-BiOTiC\u00ae","og:desc":"Az endometri\u00f3zis t\u00fcnete az er\u0151s menstru\u00e1ci\u00f3s f\u00e1jdalom, a szexu\u00e1lis egy\u00fcttl\u00e9t sor\u00e1n tapasztalt f\u00e1jdalom. Jelentkezhet vizel\u00e9skor vagy sz\u00e9kel\u00e9skor is.","og:url":"https:\/\/www.omni-biotic.com\/hu-hu\/blog\/az-endometriozis-kezelese\/","og:locale":"hu_HU","og:image":"https:\/\/www.omni-biotic.com\/hu-hu\/wp-content\/uploads\/sites\/7\/2024\/09\/endometriozis_fajdalom.jpg","og:image:width":"700","og:image:height":"500"},"additional_data":{"thumbnail":"https:\/\/www.omni-biotic.com\/hu-hu\/wp-content\/uploads\/sites\/7\/2024\/09\/endometriozis_fajdalom.jpg"},"blog_info":{"country":"hu-hu"},"_links":{"self":[{"href":"https:\/\/www.omni-biotic.com\/hu-hu\/wp-json\/wp\/v2\/posts\/23595","targetHints":{"allow":["GET"]}}],"collection":[{"href":"https:\/\/www.omni-biotic.com\/hu-hu\/wp-json\/wp\/v2\/posts"}],"about":[{"href":"https:\/\/www.omni-biotic.com\/hu-hu\/wp-json\/wp\/v2\/types\/post"}],"author":[{"embeddable":true,"href":"https:\/\/www.omni-biotic.com\/hu-hu\/wp-json\/wp\/v2\/users\/19"}],"replies":[{"embeddable":true,"href":"https:\/\/www.omni-biotic.com\/hu-hu\/wp-json\/wp\/v2\/comments?post=23595"}],"version-history":[{"count":7,"href":"https:\/\/www.omni-biotic.com\/hu-hu\/wp-json\/wp\/v2\/posts\/23595\/revisions"}],"predecessor-version":[{"id":23677,"href":"https:\/\/www.omni-biotic.com\/hu-hu\/wp-json\/wp\/v2\/posts\/23595\/revisions\/23677"}],"wp:featuredmedia":[{"embeddable":true,"href":"https:\/\/www.omni-biotic.com\/hu-hu\/wp-json\/wp\/v2\/media\/23668"}],"wp:attachment":[{"href":"https:\/\/www.omni-biotic.com\/hu-hu\/wp-json\/wp\/v2\/media?parent=23595"}],"wp:term":[{"taxonomy":"category","embeddable":true,"href":"https:\/\/www.omni-biotic.com\/hu-hu\/wp-json\/wp\/v2\/categories?post=23595"},{"taxonomy":"post_tag","embeddable":true,"href":"https:\/\/www.omni-biotic.com\/hu-hu\/wp-json\/wp\/v2\/tags?post=23595"}],"curies":[{"name":"wp","href":"https:\/\/api.w.org\/{rel}","templated":true}]}}