{"id":23830,"date":"2025-01-30T11:35:45Z","date_gmt":"2025-01-30T10:35:45Z","guid":{"rendered":"https:\/\/www.omni-biotic.com\/hu-hu\/?p=23830"},"modified":"2025-04-15T10:50:19Z","modified_gmt":"2025-04-15T08:50:19Z","slug":"kortizol-es-stressz","status":"publish","type":"post","link":"https:\/\/www.omni-biotic.com\/hu-hu\/blog\/kortizol-es-stressz\/","title":{"rendered":"Magas kortizolszint: hogyan szab\u00e1lyozzuk?"},"content":{"rendered":"\t\t<div data-elementor-type=\"wp-post\" data-elementor-id=\"23830\" class=\"elementor elementor-23830\" data-elementor-post-type=\"post\">\n\t\t\t\t<div class=\"elementor-element elementor-element-e6ca052 obcs none e-flex e-con-boxed e-con e-parent\" data-id=\"e6ca052\" data-element_type=\"container\">\n\t\t\t\t\t<div class=\"e-con-inner\">\n\t\t\t\t<div class=\"elementor-element elementor-element-13e328f elementor-widget elementor-widget-text-editor\" data-id=\"13e328f\" data-element_type=\"widget\" data-widget_type=\"text-editor.default\">\n\t\t\t\t<div class=\"elementor-widget-container\">\n\t\t\t\t\t\t\t\t\t<p>A kortizol, k\u00f6zismertebb nev\u00e9n a <strong>\u201estresszhormon\u201d<\/strong>, alapvet\u0151 szerepet j\u00e1tszik a szervezet sz\u00e1mos fontos funkci\u00f3j\u00e1nak fenntart\u00e1s\u00e1ban. Ez a hormon kis mennyis\u00e9gben folyamatosan termel\u0151dik, hogy fenntartsa a test egyens\u00faly\u00e1t (homeoszt\u00e1zis\u00e1t). Stresszhelyzetekben a mell\u00e9kvesek\u00e9reg \u00e1ltal kiv\u00e1lasztott kortizol k\u00fcl\u00f6n\u00f6sen akt\u00edv, de emellett sz\u00e1mos l\u00e9tfontoss\u00e1g\u00fa folyamatban is k\u00f6zrem\u0171k\u00f6dik a szervezet optim\u00e1lis m\u0171k\u00f6d\u00e9s\u00e9nek biztos\u00edt\u00e1s\u00e1\u00e9rt. Ebben a cikkben k\u00f6rbej\u00e1rjuk t\u00e9m\u00e1t: mi is pontosan a kortizol, hogyan hat a szervezetre, mik\u00e9nt cs\u00f6kkenthet\u0151 a kortizolszint, \u00e9s hogyan lehet tesztekkel kimutatni az emelkedett szintet a szervezetben.<\/p>\t\t\t\t\t\t\t\t<\/div>\n\t\t\t\t<\/div>\n\t\t\t\t\t<\/div>\n\t\t\t\t<\/div>\n\t\t<div class=\"elementor-element elementor-element-46e032a obcs none e-flex e-con-boxed e-con e-parent\" data-id=\"46e032a\" data-element_type=\"container\">\n\t\t\t\t\t<div class=\"e-con-inner\">\n\t\t\t\t<div class=\"elementor-element elementor-element-0746309 elementor-widget elementor-widget-heading\" data-id=\"0746309\" data-element_type=\"widget\" data-widget_type=\"heading.default\">\n\t\t\t\t<div class=\"elementor-widget-container\">\n\t\t\t\t\t<h2 class=\"elementor-heading-title elementor-size-default\">Kortizol = stresszhormon? Mi a kortizol?<\/h2>\t\t\t\t<\/div>\n\t\t\t\t<\/div>\n\t\t\t\t\t<\/div>\n\t\t\t\t<\/div>\n\t\t<div class=\"elementor-element elementor-element-7aa6c0e obcs none e-flex e-con-boxed e-con e-parent\" data-id=\"7aa6c0e\" data-element_type=\"container\">\n\t\t\t\t\t<div class=\"e-con-inner\">\n\t\t\t\t<div class=\"elementor-element elementor-element-169ad09 elementor-widget elementor-widget-image\" data-id=\"169ad09\" data-element_type=\"widget\" data-widget_type=\"image.default\">\n\t\t\t\t<div class=\"elementor-widget-container\">\n\t\t\t\t\t\t\t\t\t\t\t\t\t\t\t<img fetchpriority=\"high\" decoding=\"async\" width=\"800\" height=\"671\" src=\"https:\/\/www.omni-biotic.com\/hu-hu\/wp-content\/uploads\/sites\/7\/2025\/01\/kortizol_stressz_hormon.png\" class=\"attachment-large size-large wp-image-23836\" alt=\"korizol szint, kortizol, omni-biotic, probiotikum, kortizol szint m\u00e9r\u00e9se otthon, korizol cs\u00f6kkent\u00e9se\" srcset=\"https:\/\/www.omni-biotic.com\/hu-hu\/wp-content\/uploads\/sites\/7\/2025\/01\/kortizol_stressz_hormon.png 940w, https:\/\/www.omni-biotic.com\/hu-hu\/wp-content\/uploads\/sites\/7\/2025\/01\/kortizol_stressz_hormon-300x251.png 300w, https:\/\/www.omni-biotic.com\/hu-hu\/wp-content\/uploads\/sites\/7\/2025\/01\/kortizol_stressz_hormon-768x644.png 768w\" sizes=\"(max-width: 800px) 100vw, 800px\" title=\"\">\t\t\t\t\t\t\t\t\t\t\t\t\t\t\t<\/div>\n\t\t\t\t<\/div>\n\t\t\t\t\t<\/div>\n\t\t\t\t<\/div>\n\t\t<div class=\"elementor-element elementor-element-ed64317 obcs none e-flex e-con-boxed e-con e-parent\" data-id=\"ed64317\" data-element_type=\"container\">\n\t\t\t\t\t<div class=\"e-con-inner\">\n\t\t\t\t<div class=\"elementor-element elementor-element-d5f50cd elementor-widget elementor-widget-text-editor\" data-id=\"d5f50cd\" data-element_type=\"widget\" data-widget_type=\"text-editor.default\">\n\t\t\t\t<div class=\"elementor-widget-container\">\n\t\t\t\t\t\t\t\t\t<p>A kortizol egy hormon, amelyet a mell\u00e9kves\u00e9k, a ves\u00e9k felett elhelyezked\u0151 kis mirigyek v\u00e1lasztanak ki. Ez a hormon az endokrin rendszer r\u00e9sze, \u00e9s kulcsszerepet j\u00e1tszik sz\u00e1mos testi funkci\u00f3 szab\u00e1lyoz\u00e1s\u00e1ban, t\u00f6bbek k\u00f6z\u00f6tt:<\/p>\t\t\t\t\t\t\t\t<\/div>\n\t\t\t\t<\/div>\n\t\t\t\t\t<\/div>\n\t\t\t\t<\/div>\n\t\t<div class=\"elementor-element elementor-element-c22e5cf obcs none e-flex e-con-boxed e-con e-parent\" data-id=\"c22e5cf\" data-element_type=\"container\">\n\t\t\t\t\t<div class=\"e-con-inner\">\n\t\t\t\t<div class=\"elementor-element elementor-element-2519dcb elementor-widget elementor-widget-text-editor\" data-id=\"2519dcb\" data-element_type=\"widget\" data-widget_type=\"text-editor.default\">\n\t\t\t\t<div class=\"elementor-widget-container\">\n\t\t\t\t\t\t\t\t\t<ul><li><strong>Stresszv\u00e1lasz:<\/strong> Amikor <strong>stresszes helyzetbe<\/strong> ker\u00fclsz, a szervezet beind\u00edtja a <strong>\u201ek\u00fczdj vagy menek\u00fclj\u201d<\/strong> mechanizmust, amely megemeli a kortizolszintet. Ez n\u00f6veli az energi\u00e1t \u00e9s a koncentr\u00e1ci\u00f3t, hogy sikeresen megk\u00fczdj a kih\u00edv\u00e1sokkal.<\/li><li><strong>V\u00e9rcukorszint szab\u00e1lyoz\u00e1sa:<\/strong> A kortizol seg\u00edt fenntartani a stabil v\u00e9rcukorszintet az\u00e1ltal, hogy el\u0151seg\u00edti a gl\u00fck\u00f3z termel\u00e9s\u00e9t a m\u00e1jban.<\/li><li><strong>Immunrendszer:<\/strong> A kortizol gyullad\u00e1scs\u00f6kkent\u0151 tulajdons\u00e1gokkal rendelkezik \u00e9s seg\u00edt szab\u00e1lyozni a szervezet immunv\u00e1lasz\u00e1t.<\/li><li><strong>V\u00e9rnyom\u00e1s-szab\u00e1lyoz\u00e1s:<\/strong> A kortizolszint hat\u00e1ssal van a v\u00e9rnyom\u00e1sra, ami elengedhetetlen a sz\u00edv- \u00e9s \u00e9rrendszer megfelel\u0151 m\u0171k\u00f6d\u00e9s\u00e9hez.<\/li><\/ul>\t\t\t\t\t\t\t\t<\/div>\n\t\t\t\t<\/div>\n\t\t\t\t\t<\/div>\n\t\t\t\t<\/div>\n\t\t<div class=\"elementor-element elementor-element-eeace34 obcs none e-flex e-con-boxed e-con e-parent\" data-id=\"eeace34\" data-element_type=\"container\">\n\t\t\t\t\t<div class=\"e-con-inner\">\n\t\t\t\t<div class=\"elementor-element elementor-element-2abc5b1 elementor-widget elementor-widget-text-editor\" data-id=\"2abc5b1\" data-element_type=\"widget\" data-widget_type=\"text-editor.default\">\n\t\t\t\t<div class=\"elementor-widget-container\">\n\t\t\t\t\t\t\t\t\t<div class=\"flex-shrink-0 flex flex-col relative items-end\"><div><div class=\"pt-0\"><div class=\"gizmo-bot-avatar flex h-8 w-8 items-center justify-center overflow-hidden rounded-full\"><div class=\"relative p-1 rounded-sm flex items-center justify-center bg-token-main-surface-primary text-token-text-primary h-8 w-8\">A <strong>kortizoltermel\u00e9st<\/strong>\u00a0az <strong>agyalapi mirigy <\/strong>\u00e9s a <strong>hipotalamusz<\/strong> szab\u00e1lyozza, amelyek az agy kulcsfontoss\u00e1g\u00fa r\u00e9szei a<strong> hormon\u00e1lis egyens\u00faly<\/strong> fenntart\u00e1s\u00e1\u00e9rt. Amikor a szervezet stresszhelyzetbe ker\u00fcl, a hipotalamusz CRH-t (kortikotropin-felszabad\u00edt\u00f3 hormont) v\u00e1laszt ki, amely serkenti az agyalapi mirigyet az ACTH (adrenokortikotrop hormon) kiv\u00e1laszt\u00e1s\u00e1ra. Az ACTH ezt k\u00f6vet\u0151en serkenti a mell\u00e9kves\u00e9ket a kortizol termel\u00e9s\u00e9nek megkezd\u00e9s\u00e9re.<\/div><\/div><\/div><\/div><\/div><div class=\"group\/conversation-turn relative flex w-full min-w-0 flex-col agent-turn\"><div class=\"flex-col gap-1 md:gap-3\"><div class=\"flex max-w-full flex-col flex-grow\"><div class=\"min-h-8 text-message flex w-full flex-col items-end gap-2 whitespace-normal break-words text-start [.text-message+&amp;]:mt-5\" dir=\"auto\" data-message-author-role=\"assistant\" data-message-id=\"219aed50-44f5-4538-afa6-60beff949933\" data-message-model-slug=\"gpt-4o\"><div class=\"flex w-full flex-col gap-1 empty:hidden first:pt-[3px]\"><div class=\"markdown prose w-full break-words dark:prose-invert light\"><p>A kortizolszint term\u00e9szetes m\u00f3don v\u00e1ltozik a nap folyam\u00e1n: <strong>reggel a legmagasabb,<\/strong> hogy seg\u00edtse a testet az \u201e\u00e9bred\u00e9sben\u201d \u00e9s a napra val\u00f3 felk\u00e9sz\u00fcl\u00e9sben. Napk\u00f6zben fokozatosan cs\u00f6kken, <strong>este<\/strong> \u00e9ri el a<strong> legalacsonyabb szintet,<\/strong> amikor a test az alv\u00e1sra k\u00e9sz\u00fcl.<\/p><\/div><\/div><\/div><\/div><\/div><\/div>\t\t\t\t\t\t\t\t<\/div>\n\t\t\t\t<\/div>\n\t\t\t\t\t<\/div>\n\t\t\t\t<\/div>\n\t\t<div class=\"elementor-element elementor-element-fb19d8e obcs none e-flex e-con-boxed e-con e-parent\" data-id=\"fb19d8e\" data-element_type=\"container\">\n\t\t\t\t\t<div class=\"e-con-inner\">\n\t\t\t\t<div class=\"elementor-element elementor-element-e4a455c elementor-widget elementor-widget-heading\" data-id=\"e4a455c\" data-element_type=\"widget\" data-widget_type=\"heading.default\">\n\t\t\t\t<div class=\"elementor-widget-container\">\n\t\t\t\t\t<h2 class=\"elementor-heading-title elementor-size-default\">A magas kortizolszint t\u00fcnetei a szervezetben<\/h2>\t\t\t\t<\/div>\n\t\t\t\t<\/div>\n\t\t\t\t\t<\/div>\n\t\t\t\t<\/div>\n\t\t<div class=\"elementor-element elementor-element-c2b4588 obcs none e-flex e-con-boxed e-con e-parent\" data-id=\"c2b4588\" data-element_type=\"container\">\n\t\t\t\t\t<div class=\"e-con-inner\">\n\t\t\t\t<div class=\"elementor-element elementor-element-cdf8dc5 elementor-widget elementor-widget-image\" data-id=\"cdf8dc5\" data-element_type=\"widget\" data-widget_type=\"image.default\">\n\t\t\t\t<div class=\"elementor-widget-container\">\n\t\t\t\t\t\t\t\t\t\t\t\t\t\t\t<img decoding=\"async\" width=\"700\" height=\"200\" src=\"https:\/\/www.omni-biotic.com\/hu-hu\/wp-content\/uploads\/sites\/7\/2025\/01\/stressz_tunetek.gif\" class=\"attachment-large size-large wp-image-23840\" alt=\"korizol szint, kortizol, omni-biotic, probiotikum, kortizol szint m\u00e9r\u00e9se otthon, korizol cs\u00f6kkent\u00e9se\" title=\"\">\t\t\t\t\t\t\t\t\t\t\t\t\t\t\t<\/div>\n\t\t\t\t<\/div>\n\t\t\t\t\t<\/div>\n\t\t\t\t<\/div>\n\t\t<div class=\"elementor-element elementor-element-13cbe31 obcs none e-flex e-con-boxed e-con e-parent\" data-id=\"13cbe31\" data-element_type=\"container\">\n\t\t\t\t\t<div class=\"e-con-inner\">\n\t\t\t\t<div class=\"elementor-element elementor-element-833250e elementor-widget elementor-widget-text-editor\" data-id=\"833250e\" data-element_type=\"widget\" data-widget_type=\"text-editor.default\">\n\t\t\t\t<div class=\"elementor-widget-container\">\n\t\t\t\t\t\t\t\t\t<p>B\u00e1r a kortizol elengedhetetlen a t\u00fal\u00e9l\u00e9shez, <strong>a tart\u00f3san megemelkedett szintje negat\u00edv hat\u00e1ssal lehet<\/strong> az eg\u00e9szs\u00e9gre. A <a href=\"https:\/\/www.omni-biotic.com\/hu-hu\/a-belrendszer-egeszsege\/a-bel-hataskore\/stressz-emesztes-depresszio\/\"><strong>kr\u00f3nikus stressz<\/strong><\/a> a kortizolszint folyamatos emelked\u00e9s\u00e9hez vezethet, ami k\u00fcl\u00f6nb\u00f6z\u0151 probl\u00e9m\u00e1kat okozhat. A leggyakoribb t\u00fcnetek a k\u00f6vetkez\u0151k:<\/p>\t\t\t\t\t\t\t\t<\/div>\n\t\t\t\t<\/div>\n\t\t\t\t\t<\/div>\n\t\t\t\t<\/div>\n\t\t<div class=\"elementor-element elementor-element-76f2ca7 obcs none e-flex e-con-boxed e-con e-parent\" data-id=\"76f2ca7\" data-element_type=\"container\">\n\t\t\t\t\t<div class=\"e-con-inner\">\n\t\t\t\t<div class=\"elementor-element elementor-element-c696050 elementor-widget elementor-widget-text-editor\" data-id=\"c696050\" data-element_type=\"widget\" data-widget_type=\"text-editor.default\">\n\t\t\t\t<div class=\"elementor-widget-container\">\n\t\t\t\t\t\t\t\t\t<ul><li><strong>S\u00falygyarapod\u00e1s,<\/strong> k\u00fcl\u00f6n\u00f6sen a hasi ter\u00fcleten (\u00fagynevezett kortizolhas): A kortizol el\u0151seg\u00edti a zs\u00edrrakt\u00e1roz\u00e1st, k\u00fcl\u00f6n\u00f6sen a hasi ter\u00fcleten, amelyet zsigeri zs\u00edrnak neveznek. Emellett izomveszt\u00e9st \u00e9s v\u00edzvisszatart\u00e1st is okozhat.<\/li><li><strong>V\u00e9kony b\u0151r \u00e9s k\u00f6nny\u0171 v\u00e9ral\u00e1fut\u00e1sok:<\/strong> A kortizol gyeng\u00edti a b\u0151rt, megk\u00f6nny\u00edtve a v\u00e9ral\u00e1fut\u00e1sok kialakul\u00e1s\u00e1t \u00e9s a sebek lassabb gy\u00f3gyul\u00e1s\u00e1t.<\/li><li><strong>F\u00e1radts\u00e1g \u00e9s gyenges\u00e9g:<\/strong> A kortizol hossz\u00fa t\u00e1von f\u00e1radts\u00e1got okozhat, mivel a t\u00falzott kortizoltermel\u00e9s kimer\u00edti a szervezet energiatartal\u00e9kait.<\/li><li><strong><a href=\"https:\/\/www.omni-biotic.com\/hu-hu\/blog\/alvaszavar-stressz-miatt\/\">Alv\u00e1szavarok<\/a> (\u00e1lmatlans\u00e1g):<\/strong> A magas kortizolszint megzavarhatja az alv\u00e1si ciklust, \u00e1lmatlans\u00e1got vagy elalv\u00e1si neh\u00e9zs\u00e9geket okozva. A kortizolnak norm\u00e1l esetben reggel kellene a legmagasabbnak lennie, majd este cs\u00f6kkennie, de egyens\u00falyzavar eset\u00e9n \u00e9jszaka is megemelkedhet.<\/li><li><strong>Hangulatingadoz\u00e1sok, szorong\u00e1s \u00e9s ingerl\u00e9kenys\u00e9g:<\/strong> A kortizol k\u00f6zvetlen\u00fcl befoly\u00e1solhatja a hangulatot, fokozott szorong\u00e1st, ingerl\u00e9kenys\u00e9get vagy ak\u00e1r <strong><a href=\"https:\/\/www.omni-biotic.com\/hu-hu\/blog\/emesztes-depresszio-szorongas\/\">depresszi\u00f3t<\/a><\/strong> okozva.<\/li><li><strong>Megemelkedett v\u00e9rnyom\u00e1s:<\/strong> A kortizol n\u00e1trium-visszatart\u00e1st okozhat a szervezetben, ami v\u00e9rnyom\u00e1s-emelked\u00e9shez vezethet.<\/li><li><strong>Emelkedett v\u00e9rcukorszint:<\/strong> Ez n\u00f6velheti az inzulinrezisztencia \u00e9s a 2-es t\u00edpus\u00fa cukorbetegs\u00e9g kock\u00e1zat\u00e1t.<\/li><li><strong>Cs\u00f6kkent immunit\u00e1s:<\/strong> A kortizol elnyomja az immunrendszert, ami miatt gyakrabban betegedhet\u00fcnk meg, vagy fog\u00e9konyabb\u00e1 v\u00e1lhatunk fert\u0151z\u00e9sekre.<\/li><li><strong>Izomveszt\u00e9s \u00e9s gyenges\u00e9g:<\/strong> A kortizol feh\u00e9rjebont\u00e1st id\u00e9z el\u0151, ami izomt\u00f6meg-cs\u00f6kken\u00e9shez \u00e9s \u00e1ltal\u00e1nos gyenges\u00e9g\u00e9rzethez vezethet.<\/li><\/ul>\t\t\t\t\t\t\t\t<\/div>\n\t\t\t\t<\/div>\n\t\t\t\t\t<\/div>\n\t\t\t\t<\/div>\n\t\t<div class=\"elementor-element elementor-element-ee83bad obcs none e-flex e-con-boxed e-con e-parent\" data-id=\"ee83bad\" data-element_type=\"container\">\n\t\t\t\t\t<div class=\"e-con-inner\">\n\t\t\t\t<div class=\"elementor-element elementor-element-c48f795 elementor-widget elementor-widget-infobox\" data-id=\"c48f795\" data-element_type=\"widget\" data-widget_type=\"infobox.default\">\n\t\t\t\t<div class=\"elementor-widget-container\">\n\t\t\t\t\t\n<div class=\"li-widgets--infobox blue highlights-always-magenta\">\n\n    <div class=\"li-widgets--infobox__icon\">\n        <i aria-hidden=\"true\" class=\"fas fa-info\"><\/i>    <\/div>\n    <div class=\"li-widgets--infobox__text\">\n            <\/div>\n    <div class=\"li-widgets--infobox__text-body\">\n        <p>A kortizol l\u00e9tfontoss\u00e1g\u00fa hormon a szervezet megfelel\u0151 m\u0171k\u00f6d\u00e9s\u00e9hez, k\u00fcl\u00f6n\u00f6sen stresszes helyzetekben. Ugyanakkor <strong>a tart\u00f3san magas kortizolszint negat\u00edv hat\u00e1ssal lehet a testi \u00e9s lelki eg\u00e9szs\u00e9gre.<\/strong> A stresszkezel\u00e9s \u00e9s az eg\u00e9szs\u00e9ges \u00e9letm\u00f3d fenntart\u00e1sa kulcsfontoss\u00e1g\u00fa a kortizolszint optimaliz\u00e1l\u00e1s\u00e1ban \u00e9s az \u00e1ltal\u00e1nos j\u00f3ll\u00e9t biztos\u00edt\u00e1s\u00e1ban.<\/p>    <\/div>\n\n    \n<\/div>\n\t\t\t\t<\/div>\n\t\t\t\t<\/div>\n\t\t\t\t\t<\/div>\n\t\t\t\t<\/div>\n\t\t<div class=\"elementor-element elementor-element-b8f7cdd obcs none e-flex e-con-boxed e-con e-parent\" data-id=\"b8f7cdd\" data-element_type=\"container\">\n\t\t\t\t\t<div class=\"e-con-inner\">\n\t\t\t\t<div class=\"elementor-element elementor-element-e120916 elementor-widget elementor-widget-text-editor\" data-id=\"e120916\" data-element_type=\"widget\" data-widget_type=\"text-editor.default\">\n\t\t\t\t<div class=\"elementor-widget-container\">\n\t\t\t\t\t\t\t\t\t<p>A tart\u00f3san magas kortizolszint eg\u00e9szs\u00e9g\u00fcgyi kock\u00e1zatai: Ha a kortizol hossz\u00fa t\u00e1von megemelkedett, s\u00falyosabb eg\u00e9szs\u00e9g\u00fcgyi probl\u00e9m\u00e1khoz vezethet, p\u00e9ld\u00e1ul:<\/p>\t\t\t\t\t\t\t\t<\/div>\n\t\t\t\t<\/div>\n\t\t\t\t\t<\/div>\n\t\t\t\t<\/div>\n\t\t<div class=\"elementor-element elementor-element-d3d10c6 obcs none e-flex e-con-boxed e-con e-parent\" data-id=\"d3d10c6\" data-element_type=\"container\">\n\t\t\t\t\t<div class=\"e-con-inner\">\n\t\t\t\t<div class=\"elementor-element elementor-element-83a0a34 elementor-widget elementor-widget-text-editor\" data-id=\"83a0a34\" data-element_type=\"widget\" data-widget_type=\"text-editor.default\">\n\t\t\t\t<div class=\"elementor-widget-container\">\n\t\t\t\t\t\t\t\t\t<div class=\"flex-shrink-0 flex flex-col relative items-end\"><div><div class=\"pt-0\"><div class=\"gizmo-bot-avatar flex h-8 w-8 items-center justify-center overflow-hidden rounded-full\"><ul><li class=\"relative p-1 rounded-sm flex items-center justify-center bg-token-main-surface-primary text-token-text-primary h-8 w-8\"><strong>Cushing-szindr\u00f3ma:<\/strong> Ez az \u00e1llapot a t\u00falzott kortizoltermel\u00e9s k\u00f6vetkezm\u00e9nye, amely elh\u00edz\u00e1st, magas v\u00e9rnyom\u00e1st, cukorbetegs\u00e9get \u00e9s csontritkul\u00e1st okozhat.<\/li><li class=\"relative p-1 rounded-sm flex items-center justify-center bg-token-main-surface-primary text-token-text-primary h-8 w-8\"><strong>Sz\u00edv- \u00e9s \u00e9rrendszeri betegs\u00e9gek:<\/strong> A magas kortizolszint n\u00f6veli a sz\u00edvbetegs\u00e9gek kock\u00e1zat\u00e1t, k\u00fcl\u00f6n\u00f6sen, ha magas v\u00e9rnyom\u00e1s vagy v\u00e9rcukorszint is jelen van.<\/li><li class=\"relative p-1 rounded-sm flex items-center justify-center bg-token-main-surface-primary text-token-text-primary h-8 w-8\"><strong>Cs\u00f6kkent csonts\u0171r\u0171s\u00e9g:<\/strong> A kortizol gyeng\u00edti a csontokat, ami csontritkul\u00e1shoz vezethet.<\/li><\/ul><\/div><\/div><\/div><\/div><div class=\"group\/conversation-turn relative flex w-full min-w-0 flex-col agent-turn\"><div class=\"flex-col gap-1 md:gap-3\"><div class=\"flex max-w-full flex-col flex-grow\"><div class=\"min-h-8 text-message flex w-full flex-col items-end gap-2 whitespace-normal break-words text-start [.text-message+&amp;]:mt-5\" dir=\"auto\" data-message-author-role=\"assistant\" data-message-id=\"114d57a3-ba70-49a9-9135-415d8a90dd58\" data-message-model-slug=\"gpt-4o\"><div class=\"flex w-full flex-col gap-1 empty:hidden first:pt-[3px]\"><div class=\"markdown prose w-full break-words dark:prose-invert light\">\u00a0<\/div><\/div><\/div><\/div><\/div><\/div>\t\t\t\t\t\t\t\t<\/div>\n\t\t\t\t<\/div>\n\t\t\t\t\t<\/div>\n\t\t\t\t<\/div>\n\t\t<div class=\"elementor-element elementor-element-840ff7e obcs none e-flex e-con-boxed e-con e-parent\" data-id=\"840ff7e\" data-element_type=\"container\">\n\t\t\t\t\t<div class=\"e-con-inner\">\n\t\t\t\t<div class=\"elementor-element elementor-element-f6bbeea elementor-widget elementor-widget-heading\" data-id=\"f6bbeea\" data-element_type=\"widget\" data-widget_type=\"heading.default\">\n\t\t\t\t<div class=\"elementor-widget-container\">\n\t\t\t\t\t<h2 class=\"elementor-heading-title elementor-size-default\">Kortizolteszt: Megemelkedett a kortizolszintem?<\/h2>\t\t\t\t<\/div>\n\t\t\t\t<\/div>\n\t\t\t\t\t<\/div>\n\t\t\t\t<\/div>\n\t\t<div class=\"elementor-element elementor-element-ecb9427 obcs none e-flex e-con-boxed e-con e-parent\" data-id=\"ecb9427\" data-element_type=\"container\">\n\t\t\t\t\t<div class=\"e-con-inner\">\n\t\t\t\t<div class=\"elementor-element elementor-element-e81213a elementor-widget elementor-widget-image\" data-id=\"e81213a\" data-element_type=\"widget\" data-widget_type=\"image.default\">\n\t\t\t\t<div class=\"elementor-widget-container\">\n\t\t\t\t\t\t\t\t\t\t\t\t\t\t\t<img decoding=\"async\" width=\"800\" height=\"671\" src=\"https:\/\/www.omni-biotic.com\/hu-hu\/wp-content\/uploads\/sites\/7\/2025\/01\/kortizolszint_vizsgalat.png\" class=\"attachment-large size-large wp-image-23844\" alt=\"korizol szint, kortizol, omni-biotic, probiotikum, kortizol szint m\u00e9r\u00e9se otthon, korizol cs\u00f6kkent\u00e9se, stressz, stresszkezel\u00e9s\" srcset=\"https:\/\/www.omni-biotic.com\/hu-hu\/wp-content\/uploads\/sites\/7\/2025\/01\/kortizolszint_vizsgalat.png 940w, https:\/\/www.omni-biotic.com\/hu-hu\/wp-content\/uploads\/sites\/7\/2025\/01\/kortizolszint_vizsgalat-300x251.png 300w, https:\/\/www.omni-biotic.com\/hu-hu\/wp-content\/uploads\/sites\/7\/2025\/01\/kortizolszint_vizsgalat-768x644.png 768w\" sizes=\"(max-width: 800px) 100vw, 800px\" title=\"\">\t\t\t\t\t\t\t\t\t\t\t\t\t\t\t<\/div>\n\t\t\t\t<\/div>\n\t\t\t\t\t<\/div>\n\t\t\t\t<\/div>\n\t\t<div class=\"elementor-element elementor-element-7c07333 obcs none e-flex e-con-boxed e-con e-parent\" data-id=\"7c07333\" data-element_type=\"container\">\n\t\t\t\t\t<div class=\"e-con-inner\">\n\t\t\t\t<div class=\"elementor-element elementor-element-21448af elementor-widget elementor-widget-text-editor\" data-id=\"21448af\" data-element_type=\"widget\" data-widget_type=\"text-editor.default\">\n\t\t\t\t<div class=\"elementor-widget-container\">\n\t\t\t\t\t\t\t\t\t<p>Ha gyan\u00edtja, hogy magas a kortizolszintje, a legjobb m\u00f3dja ennek meger\u0151s\u00edt\u00e9s\u00e9re, ha orvosi teszt seg\u00edts\u00e9g\u00e9vel megm\u00e9reti a kortizolszintj\u00e9t. T\u00f6bb m\u00f3dszer is l\u00e9tezik ennek ellen\u0151rz\u00e9s\u00e9re a szervezetben:<\/p><div class=\"flex-shrink-0 flex flex-col relative items-end\"><div><div class=\"pt-0\"><div class=\"gizmo-bot-avatar flex h-8 w-8 items-center justify-center overflow-hidden rounded-full\"><ul><li class=\"relative p-1 rounded-sm flex items-center justify-center bg-token-main-surface-primary text-token-text-primary h-8 w-8\"><strong>Ny\u00e1lteszt:<\/strong> Ez az egyik legpontosabb m\u00f3dszer a kortizolszint m\u00e9r\u00e9s\u00e9re. A tesztet \u00e1ltal\u00e1ban naponta n\u00e9gyszer v\u00e9gzik el (reggel, d\u00e9lben, este \u00e9s lefekv\u00e9skor), mivel a kortizolszint a nap folyam\u00e1n sokat v\u00e1ltozik. \u00cdgy meg\u00e1llap\u00edthat\u00f3, ha a kortizolszint akkor is magas, amikor alacsonynak kellene lennie (p\u00e9ld\u00e1ul este).<\/li><li class=\"relative p-1 rounded-sm flex items-center justify-center bg-token-main-surface-primary text-token-text-primary h-8 w-8\"><strong>V\u00e9rv\u00e9tel:<\/strong> Az orvos v\u00e9rmint\u00e1t vehet a kortizolszint ellen\u0151rz\u00e9s\u00e9re. A v\u00e9rtesztet \u00e1ltal\u00e1ban reggel v\u00e9gzik, amikor a kortizolszint a legmagasabb. Ha a kortizolszint jelent\u0151sen magasabb a norm\u00e1lisn\u00e1l, az probl\u00e9m\u00e1t jelezhet.<\/li><li class=\"relative p-1 rounded-sm flex items-center justify-center bg-token-main-surface-primary text-token-text-primary h-8 w-8\"><strong>Vizeletvizsg\u00e1lat:<\/strong> Egy 24 \u00f3r\u00e1s vizeletvizsg\u00e1lat is elv\u00e9gezhet\u0151, amely megm\u00e9ri a kortizol mennyis\u00e9g\u00e9t, amelyet a szervezet egy nap alatt kiv\u00e1laszt. Ez \u00e1tfog\u00f3 k\u00e9pet ad arr\u00f3l, hogy mennyi kortizolt termel a szervezet 24 \u00f3ra alatt.<\/li><li class=\"relative p-1 rounded-sm flex items-center justify-center bg-token-main-surface-primary text-token-text-primary h-8 w-8\"><strong>Dexametazon-szuppresszi\u00f3s teszt:<\/strong> Enn\u00e9l a tesztn\u00e9l egy kis adag szintetikus kortikoszteroidot (dexametazont) kap, amely norm\u00e1lis esetben cs\u00f6kkenti a kortizolszintet. Ha a kortizolszint tov\u00e1bbra is magas marad, az arra utalhat, hogy probl\u00e9ma van a kortizolszab\u00e1lyoz\u00e1ssal.<\/li><\/ul><\/div><\/div><\/div><\/div><div class=\"group\/conversation-turn relative flex w-full min-w-0 flex-col agent-turn\"><div class=\"flex-col gap-1 md:gap-3\"><div class=\"flex max-w-full flex-col flex-grow\"><div class=\"min-h-8 text-message flex w-full flex-col items-end gap-2 whitespace-normal break-words text-start [.text-message+&amp;]:mt-5\" dir=\"auto\" data-message-author-role=\"assistant\" data-message-id=\"57f5db7e-2b41-42e8-8cc6-d3d36564c91e\" data-message-model-slug=\"gpt-4o\"><div class=\"flex w-full flex-col gap-1 empty:hidden first:pt-[3px]\"><div class=\"markdown prose w-full break-words dark:prose-invert light\">\u00a0<\/div><\/div><\/div><\/div><\/div><\/div>\t\t\t\t\t\t\t\t<\/div>\n\t\t\t\t<\/div>\n\t\t\t\t\t<\/div>\n\t\t\t\t<\/div>\n\t\t<div class=\"elementor-element elementor-element-2163010 obcs none e-flex e-con-boxed e-con e-parent\" data-id=\"2163010\" data-element_type=\"container\">\n\t\t\t\t\t<div class=\"e-con-inner\">\n\t\t\t\t<div class=\"elementor-element elementor-element-a401f2e elementor-widget elementor-widget-heading\" data-id=\"a401f2e\" data-element_type=\"widget\" data-widget_type=\"heading.default\">\n\t\t\t\t<div class=\"elementor-widget-container\">\n\t\t\t\t\t<h2 class=\"elementor-heading-title elementor-size-default\">\nHogyan cs\u00f6kkenthet\u0151 a kortizolszint?<\/h2>\t\t\t\t<\/div>\n\t\t\t\t<\/div>\n\t\t\t\t\t<\/div>\n\t\t\t\t<\/div>\n\t\t<div class=\"elementor-element elementor-element-693003e obcs none e-flex e-con-boxed e-con e-parent\" data-id=\"693003e\" data-element_type=\"container\">\n\t\t\t\t\t<div class=\"e-con-inner\">\n\t\t\t\t<div class=\"elementor-element elementor-element-966d025 elementor-widget elementor-widget-text-editor\" data-id=\"966d025\" data-element_type=\"widget\" data-widget_type=\"text-editor.default\">\n\t\t\t\t<div class=\"elementor-widget-container\">\n\t\t\t\t\t\t\t\t\t<p>A kortizolszint cs\u00f6kkent\u00e9se \u00e9rdek\u00e9ben fontos, hogy a <strong>stresszkezel\u00e9sre<\/strong> helyezz\u00fck a hangs\u00falyt. A rendszeres testmozg\u00e1s, k\u00fcl\u00f6n\u00f6sen <strong>a m\u00e9rs\u00e9kelt intenzit\u00e1s\u00fa mozg\u00e1s,<\/strong> seg\u00edt a kortizolszint cs\u00f6kkent\u00e9s\u00e9ben \u00e9s jav\u00edtja a hangulatot. Az <strong>antioxid\u00e1nsokban, omega-3 zs\u00edrsavakban \u00e9s vitaminokban (k\u00fcl\u00f6n\u00f6sen C- \u00e9s B-vitaminokban) gazdag t\u00e1pl\u00e1lkoz\u00e1s<\/strong> t\u00e1mogatja a szervezet stresszel val\u00f3 megk\u00fczd\u00e9s\u00e9t, \u00e9s el\u0151seg\u00edti a mell\u00e9kvese megfelel\u0151 m\u0171k\u00f6d\u00e9s\u00e9t.<\/p><p>Az <strong>elegend\u0151 alv\u00e1s<\/strong> pedig elengedhetetlen a megfelel\u0151 kortizolszint fenntart\u00e1s\u00e1hoz. Aj\u00e1nlott legal\u00e1bb a napi 7 \u00f3ra alv\u00e1s. Bizony\u00edtott, hogy <strong>egyes probiotikumok seg\u00edthetnek enyh\u00edteni a stressz negat\u00edv hat\u00e1sait a szervezetre.<\/strong> A probiotikumok j\u00f3t\u00e9kony hat\u00e1ssal vannak a<a href=\"https:\/\/www.omni-biotic.com\/hu-hu\/a-belrendszer-egeszsege\/a-bel-az-egeszseg-kozpontja\/belmikrobiom\/\"><strong> b\u00e9lmikrobiom<\/strong> <\/a>eg\u00e9szs\u00e9g\u00e9re, \u00e9s a leg\u00fajabb kutat\u00e1sok szerint az agyra \u00e9s a hangulatra is hat\u00e1ssal lehetnek. Ezt a b\u00e9l \u00e9s az agy k\u00f6z\u00f6tti kapcsolatot \u201e<a href=\"https:\/\/www.omni-biotic.com\/hu-hu\/a-belrendszer-egeszsege\/a-bel-az-egeszseg-kozpontja\/bel-agy-tengely\/\"><strong>b\u00e9l-agy tengelynek<\/strong><\/a>\u201d nevezik. A b\u00e9lfl\u00f3ra \u00e1llapota k\u00f6zvetlen\u00fcl befoly\u00e1solhatja a <strong>ment\u00e1lis eg\u00e9szs\u00e9get<\/strong> \u00e9s a <strong>stresszkezel\u00e9st.<\/strong><\/p>\t\t\t\t\t\t\t\t<\/div>\n\t\t\t\t<\/div>\n\t\t\t\t<div class=\"elementor-element elementor-element-048b86f elementor-widget elementor-widget-infobox\" data-id=\"048b86f\" data-element_type=\"widget\" data-widget_type=\"infobox.default\">\n\t\t\t\t<div class=\"elementor-widget-container\">\n\t\t\t\t\t\n<div class=\"li-widgets--infobox blue highlights-always-magenta\">\n\n    <div class=\"li-widgets--infobox__icon\">\n        <i aria-hidden=\"true\" class=\"fas fa-bacterium\"><\/i>    <\/div>\n    <div class=\"li-widgets--infobox__text\">\n            <\/div>\n    <div class=\"li-widgets--infobox__text-body\">\n        <p>A <strong>speci\u00e1lisan kifejlesztett probiotikumok<\/strong> seg\u00edthetnek cs\u00f6kkenteni a magas kortizolszintet, k\u00fcl\u00f6n\u00f6sen, ha ez a szint<strong> kr\u00f3nikus stressz<\/strong> hat\u00e1s\u00e1ra emelkedett. *Kett\u0151s vak, placebo-kontroll\u00e1lt, randomiz\u00e1lt klinikai vizsg\u00e1latok m\u00e1r bizony\u00edtj\u00e1k, hogy a <strong><a href=\"https:\/\/www.omni-biotic.com\/hu-hu\/blog\/melyik-probiotikumot-valasszam\/\">probiotikumok<\/a> k\u00e9pesek cs\u00f6kkenteni a kortizolszintet.<\/strong><\/p>    <\/div>\n\n    \n<\/div>\n\t\t\t\t<\/div>\n\t\t\t\t<\/div>\n\t\t\t\t\t<\/div>\n\t\t\t\t<\/div>\n\t\t<div class=\"elementor-element elementor-element-8664a60 obcs none e-flex e-con-boxed e-con e-parent\" data-id=\"8664a60\" data-element_type=\"container\">\n\t\t\t\t\t<div class=\"e-con-inner\">\n\t\t\t\t<div class=\"elementor-element elementor-element-85adb56 elementor-widget elementor-widget-image\" data-id=\"85adb56\" data-element_type=\"widget\" data-widget_type=\"image.default\">\n\t\t\t\t<div class=\"elementor-widget-container\">\n\t\t\t\t\t\t\t\t\t\t\t\t\t\t\t<img loading=\"lazy\" decoding=\"async\" width=\"800\" height=\"530\" src=\"https:\/\/www.omni-biotic.com\/hu-hu\/wp-content\/uploads\/sites\/7\/2025\/01\/cortizol_stressz_hormon.png\" class=\"attachment-large size-large wp-image-23860\" alt=\"korizol szint, kortizol, omni-biotic, probiotikum, kortizol szint m\u00e9r\u00e9se otthon, korizol cs\u00f6kkent\u00e9se, stressz, stresszkezel\u00e9s\" srcset=\"https:\/\/www.omni-biotic.com\/hu-hu\/wp-content\/uploads\/sites\/7\/2025\/01\/cortizol_stressz_hormon.png 1024w, https:\/\/www.omni-biotic.com\/hu-hu\/wp-content\/uploads\/sites\/7\/2025\/01\/cortizol_stressz_hormon-300x199.png 300w, https:\/\/www.omni-biotic.com\/hu-hu\/wp-content\/uploads\/sites\/7\/2025\/01\/cortizol_stressz_hormon-768x509.png 768w\" sizes=\"(max-width: 800px) 100vw, 800px\" title=\"\">\t\t\t\t\t\t\t\t\t\t\t\t\t\t\t<\/div>\n\t\t\t\t<\/div>\n\t\t\t\t\t<\/div>\n\t\t\t\t<\/div>\n\t\t<div class=\"elementor-element elementor-element-fddc8d1 obcs none e-flex e-con-boxed e-con e-parent\" data-id=\"fddc8d1\" data-element_type=\"container\">\n\t\t\t\t\t<div class=\"e-con-inner\">\n\t\t\t\t<div class=\"elementor-element elementor-element-32c1041 elementor-widget elementor-widget-heading\" data-id=\"32c1041\" data-element_type=\"widget\" data-widget_type=\"heading.default\">\n\t\t\t\t<div class=\"elementor-widget-container\">\n\t\t\t\t\t<h2 class=\"elementor-heading-title elementor-size-default\">Hogyan cs\u00f6kkenthetik a t\u00f6bbt\u00f6rzs\u0171 probiotikumok a kortizolszintet?<\/h2>\t\t\t\t<\/div>\n\t\t\t\t<\/div>\n\t\t\t\t\t<\/div>\n\t\t\t\t<\/div>\n\t\t<div class=\"elementor-element elementor-element-f0e2280 obcs none e-flex e-con-boxed e-con e-parent\" data-id=\"f0e2280\" data-element_type=\"container\">\n\t\t\t\t\t<div class=\"e-con-inner\">\n\t\t\t\t<div class=\"elementor-element elementor-element-5c390bb elementor-widget elementor-widget-text-editor\" data-id=\"5c390bb\" data-element_type=\"widget\" data-widget_type=\"text-editor.default\">\n\t\t\t\t<div class=\"elementor-widget-container\">\n\t\t\t\t\t\t\t\t\t<p>A <strong>b\u00e9l <\/strong>\u00e9s az<strong> agy <\/strong>a<strong> vagus ideg <\/strong>(bolyg\u00f3 ideg), az immunrendszer \u00e9s a hormon\u00e1lis jelek r\u00e9v\u00e9n kapcsol\u00f3dik egym\u00e1shoz. Ez az \u00f6sszetett kommunik\u00e1ci\u00f3s rendszer lehet\u0151v\u00e9 teszi, hogy a <strong>b\u00e9lbakt\u00e9riumok<\/strong> (probiotikumok) befoly\u00e1solj\u00e1k az agym\u0171k\u00f6d\u00e9st \u00e9s a stresszszab\u00e1lyoz\u00e1st. A probiotikumok serkenthetik ezt a kommunik\u00e1ci\u00f3s csatorn\u00e1t a b\u00e9l \u00e9s az agy k\u00f6z\u00f6tt. A vagus ideg aktiv\u00e1l\u00e1sa cs\u00f6kkentheti a kortizolszintet \u00e9s enyh\u00edtheti a stresszv\u00e1laszt.<\/p>\t\t\t\t\t\t\t\t<\/div>\n\t\t\t\t<\/div>\n\t\t\t\t\t<\/div>\n\t\t\t\t<\/div>\n\t\t<div class=\"elementor-element elementor-element-38939a0 obcs none e-flex e-con-boxed e-con e-parent\" data-id=\"38939a0\" data-element_type=\"container\">\n\t\t\t\t\t<div class=\"e-con-inner\">\n\t\t\t\t<div class=\"elementor-element elementor-element-c01d228 elementor-widget elementor-widget-heading\" data-id=\"c01d228\" data-element_type=\"widget\" data-widget_type=\"heading.default\">\n\t\t\t\t<div class=\"elementor-widget-container\">\n\t\t\t\t\t<h5 class=\"elementor-heading-title elementor-size-default\">Gyullad\u00e1scs\u00f6kkent\u00e9s<\/h5>\t\t\t\t<\/div>\n\t\t\t\t<\/div>\n\t\t\t\t\t<\/div>\n\t\t\t\t<\/div>\n\t\t<div class=\"elementor-element elementor-element-c71da27 obcs none e-flex e-con-boxed e-con e-parent\" data-id=\"c71da27\" data-element_type=\"container\">\n\t\t\t\t\t<div class=\"e-con-inner\">\n\t\t\t\t<div class=\"elementor-element elementor-element-d870c02 elementor-widget elementor-widget-text-editor\" data-id=\"d870c02\" data-element_type=\"widget\" data-widget_type=\"text-editor.default\">\n\t\t\t\t<div class=\"elementor-widget-container\">\n\t\t\t\t\t\t\t\t\t<p>A<strong> kr\u00f3nikus stressz<\/strong> \u00e9s az emelkedett kortizolszint fokozott gyullad\u00e1shoz vezethet a szervezetben. Ez a gyullad\u00e1s tov\u00e1bb s\u00falyosb\u00edthatja \u00e9s hozz\u00e1j\u00e1rulhat a kortizol termel\u00e9s\u00e9hez, mint az immunv\u00e1lasz r\u00e9sze. A probiotikumok seg\u00edthetnek cs\u00f6kkenteni a gyullad\u00e1st az\u00e1ltal, hogy <strong>gyullad\u00e1scs\u00f6kkent\u0151 immunglobulinokat termelnek,<\/strong> megel\u0151zik a patog\u00e9n mikroorganizmusok elszaporod\u00e1s\u00e1t, \u00e9s helyre\u00e1ll\u00edtj\u00e1k a b\u00e9lmikrobiom egyens\u00faly\u00e1t.<\/p>\t\t\t\t\t\t\t\t<\/div>\n\t\t\t\t<\/div>\n\t\t\t\t\t<\/div>\n\t\t\t\t<\/div>\n\t\t<div class=\"elementor-element elementor-element-ccdbfe7 obcs none e-flex e-con-boxed e-con e-parent\" data-id=\"ccdbfe7\" data-element_type=\"container\">\n\t\t\t\t\t<div class=\"e-con-inner\">\n\t\t\t\t<div class=\"elementor-element elementor-element-2ab06c9 elementor-widget elementor-widget-heading\" data-id=\"2ab06c9\" data-element_type=\"widget\" data-widget_type=\"heading.default\">\n\t\t\t\t<div class=\"elementor-widget-container\">\n\t\t\t\t\t<h5 class=\"elementor-heading-title elementor-size-default\">A b\u00e9lg\u00e1t er\u0151s\u00edt\u00e9se<\/h5>\t\t\t\t<\/div>\n\t\t\t\t<\/div>\n\t\t\t\t\t<\/div>\n\t\t\t\t<\/div>\n\t\t<div class=\"elementor-element elementor-element-f4847e6 obcs none e-flex e-con-boxed e-con e-parent\" data-id=\"f4847e6\" data-element_type=\"container\">\n\t\t\t\t\t<div class=\"e-con-inner\">\n\t\t\t\t<div class=\"elementor-element elementor-element-a39c685 elementor-widget elementor-widget-text-editor\" data-id=\"a39c685\" data-element_type=\"widget\" data-widget_type=\"text-editor.default\">\n\t\t\t\t<div class=\"elementor-widget-container\">\n\t\t\t\t\t\t\t\t\t<p>Az eg\u00e9szs\u00e9ges b\u00e9lg\u00e1t megakad\u00e1lyozza, hogy k\u00e1ros anyagok jussanak a b\u00e9lb\u0151l a v\u00e9r\u00e1ramba, ez\u00e1ltal megel\u0151zve a gyullad\u00e1st \u00e9s stresszreakci\u00f3kat. Az \u201e<a href=\"https:\/\/www.omni-biotic.com\/hu-hu\/blog\/atereszto-bel-szindroma-mi-valtja-ki\/\"><strong>\u00e1tereszt\u0151 b\u00e9l<\/strong><\/a>\u201d (sziv\u00e1rg\u00f3 b\u00e9l) \u00e1llapot fokozhatja a gyullad\u00e1st \u00e9s a stresszt, ami a kortizolszint emelked\u00e9s\u00e9hez vezethet. A probiotikumok seg\u00edthetnek meger\u0151s\u00edteni a b\u00e9lg\u00e1tat, \u00edgy cs\u00f6kkenthetik a stresszreakci\u00f3k kialakul\u00e1s\u00e1nak kock\u00e1zat\u00e1t.<\/p><ul><li><strong>A b\u00e9lg\u00e1t er\u0151s\u00edt\u00e9se:<\/strong> a probiotikumok t\u00e1mogatj\u00e1k a b\u00e9lny\u00e1lkah\u00e1rtya eg\u00e9szs\u00e9g\u00e9t, \u00e9s seg\u00edtenek helyre\u00e1ll\u00edtani a b\u00e9l term\u00e9szetes v\u00e9delmi funkci\u00f3j\u00e1t, minimaliz\u00e1lva a m\u00e9reganyagok \u00e9s a bakt\u00e9riumok behatol\u00e1s\u00e1t, amelyek gyullad\u00e1st v\u00e1lthatnak ki \u00e9s n\u00f6velhetik a kortizolszintet.<\/li><\/ul>\t\t\t\t\t\t\t\t<\/div>\n\t\t\t\t<\/div>\n\t\t\t\t\t<\/div>\n\t\t\t\t<\/div>\n\t\t<div class=\"elementor-element elementor-element-3a574c7 obcs none e-flex e-con-boxed e-con e-parent\" data-id=\"3a574c7\" data-element_type=\"container\">\n\t\t\t\t\t<div class=\"e-con-inner\">\n\t\t\t\t<div class=\"elementor-element elementor-element-5f0a09d elementor-widget elementor-widget-heading\" data-id=\"5f0a09d\" data-element_type=\"widget\" data-widget_type=\"heading.default\">\n\t\t\t\t<div class=\"elementor-widget-container\">\n\t\t\t\t\t<h5 class=\"elementor-heading-title elementor-size-default\">Neurotranszmitterek termel\u00e9se<\/h5>\t\t\t\t<\/div>\n\t\t\t\t<\/div>\n\t\t\t\t\t<\/div>\n\t\t\t\t<\/div>\n\t\t<div class=\"elementor-element elementor-element-d3feda0 obcs none e-flex e-con-boxed e-con e-parent\" data-id=\"d3feda0\" data-element_type=\"container\">\n\t\t\t\t\t<div class=\"e-con-inner\">\n\t\t\t\t<div class=\"elementor-element elementor-element-3940618 elementor-widget elementor-widget-text-editor\" data-id=\"3940618\" data-element_type=\"widget\" data-widget_type=\"text-editor.default\">\n\t\t\t\t<div class=\"elementor-widget-container\">\n\t\t\t\t\t\t\t\t\t<p>A probiotikumok t\u00e1mogatj\u00e1k a hangulatot \u00e9s a ment\u00e1lis eg\u00e9szs\u00e9get befoly\u00e1sol\u00f3 fontos neurotranszmitterek (inger\u00fclet\u00e1tviv\u0151 anyagok), mint p\u00e9ld\u00e1ul a <strong>szerotonin<\/strong>, a dopamin \u00e9s a GABA (nem feh\u00e9rje gamma-aminovajsav) termel\u00e9s\u00e9t. Ezek a neurotranszmitterek kulcsszerepet j\u00e1tszanak a stressz \u00e9s az \u00e9rzelmek szab\u00e1lyoz\u00e1s\u00e1ban.<\/p><ul><li>Szerotonin \u00e9s GABA: A probiotikumok \u00e1ltal t\u00e1mogatott eg\u00e9szs\u00e9ges b\u00e9lmikrobiom n\u00f6veli a szerotonin \u00e9s a GABA termel\u00e9s\u00e9t, amelyekr\u0151l ismert, hogy cs\u00f6kkentik a stresszt \u00e9s a szorong\u00e1st. A jobb hangulat \u00e9s stresszkezel\u00e9s a kortizoltermel\u00e9st szab\u00e1lyoz\u00f3 HPA (hipotalamusz-hipof\u00edzis-mell\u00e9kvese) tengely\u00e9nek aktiv\u00e1l\u00f3d\u00e1s\u00e1nak cs\u00f6kken\u00e9s\u00e9hez vezet.<\/li><\/ul>\t\t\t\t\t\t\t\t<\/div>\n\t\t\t\t<\/div>\n\t\t\t\t\t<\/div>\n\t\t\t\t<\/div>\n\t\t<div class=\"elementor-element elementor-element-274b406 obcs none e-flex e-con-boxed e-con e-parent\" data-id=\"274b406\" data-element_type=\"container\">\n\t\t\t\t\t<div class=\"e-con-inner\">\n\t\t\t\t<div class=\"elementor-element elementor-element-80e83dc elementor-widget elementor-widget-heading\" data-id=\"80e83dc\" data-element_type=\"widget\" data-widget_type=\"heading.default\">\n\t\t\t\t<div class=\"elementor-widget-container\">\n\t\t\t\t\t<h5 class=\"elementor-heading-title elementor-size-default\">A hangulat jav\u00edt\u00e1sa \u00e9s a szorong\u00e1s cs\u00f6kkent\u00e9se<\/h5>\t\t\t\t<\/div>\n\t\t\t\t<\/div>\n\t\t\t\t\t<\/div>\n\t\t\t\t<\/div>\n\t\t<div class=\"elementor-element elementor-element-27c353b obcs none e-flex e-con-boxed e-con e-parent\" data-id=\"27c353b\" data-element_type=\"container\">\n\t\t\t\t\t<div class=\"e-con-inner\">\n\t\t\t\t<div class=\"elementor-element elementor-element-2efcf47 elementor-widget elementor-widget-text-editor\" data-id=\"2efcf47\" data-element_type=\"widget\" data-widget_type=\"text-editor.default\">\n\t\t\t\t<div class=\"elementor-widget-container\">\n\t\t\t\t\t\t\t\t\t<p>A probiotikumok k\u00f6zvetlen\u00fcl cs\u00f6kkenthetik a szorong\u00e1s \u00e9s a depresszi\u00f3 t\u00fcneteit, ezzel seg\u00edtve a stressz hat\u00e9konyabb kezel\u00e9s\u00e9t. Kutat\u00e1sok szerint <strong>a szorong\u00e1s cs\u00f6kkent\u00e9se \u00e9s a hangulat jav\u00edt\u00e1sa probiotikumokkal alacsonyabb stresszv\u00e1laszt \u00e9s kevesebb kortizoltermel\u00e9st eredm\u00e9nyez.<\/strong><\/p>\t\t\t\t\t\t\t\t<\/div>\n\t\t\t\t<\/div>\n\t\t\t\t\t<\/div>\n\t\t\t\t<\/div>\n\t\t<div class=\"elementor-element elementor-element-601f7f6 obcs none e-flex e-con-boxed e-con e-parent\" data-id=\"601f7f6\" data-element_type=\"container\">\n\t\t\t\t\t<div class=\"e-con-inner\">\n\t\t\t\t<div class=\"elementor-element elementor-element-0e459ae elementor-widget elementor-widget-text-editor\" data-id=\"0e459ae\" data-element_type=\"widget\" data-widget_type=\"text-editor.default\">\n\t\t\t\t<div class=\"elementor-widget-container\">\n\t\t\t\t\t\t\t\t\t<div class=\"flex-shrink-0 flex flex-col relative items-end\"><div><div class=\"pt-0\"><div class=\"gizmo-bot-avatar flex h-8 w-8 items-center justify-center overflow-hidden rounded-full\"><div class=\"relative p-1 rounded-sm flex items-center justify-center bg-token-main-surface-primary text-token-text-primary h-8 w-8\">Tanulm\u00e1nyok: Klinikai kutat\u00e1sok azt mutatj\u00e1k, hogy a c\u00e9lzott probiotikus t\u00f6rzsek, mint p\u00e9ld\u00e1ul a Lactobacillus \u00e9s a Bifidobacterium kombin\u00e1ci\u00f3ja, cs\u00f6kkentheti a kortizolszintet stresszes egy\u00e9nekn\u00e9l. A kutat\u00e1sban r\u00e9szt vev\u0151k jobb ment\u00e1lis \u00e1llapotr\u00f3l, <strong>cs\u00f6kkent szorong\u00e1sr\u00f3l<\/strong> \u00e9s jobb alv\u00e1smin\u0151s\u00e9gr\u0151l sz\u00e1moltak be, amelyek mind olyan t\u00e9nyez\u0151k, amelyek alacsonyabb kortizolszinttel kapcsolhat\u00f3k \u00f6ssze. Egy\u00e9b kutat\u00e1sok szerint a probiotikumok k\u00e9pesek cs\u00f6kkenteni a kortizolszintet depresszi\u00f3val k\u00fczd\u0151 betegek eset\u00e9ben, akik k\u00e9ts\u00e9gtelen\u00fcl kr\u00f3nikusan stresszes \u00e1llapotban vannak.<\/div><\/div><\/div><\/div><\/div>\t\t\t\t\t\t\t\t<\/div>\n\t\t\t\t<\/div>\n\t\t\t\t\t<\/div>\n\t\t\t\t<\/div>\n\t\t<div class=\"elementor-element elementor-element-ccff87a obcs none e-flex e-con-boxed e-con e-parent\" data-id=\"ccff87a\" data-element_type=\"container\">\n\t\t\t\t\t<div class=\"e-con-inner\">\n\t\t\t\t<div class=\"elementor-element elementor-element-bf4b34b elementor-widget elementor-widget-image\" data-id=\"bf4b34b\" data-element_type=\"widget\" data-widget_type=\"image.default\">\n\t\t\t\t<div class=\"elementor-widget-container\">\n\t\t\t\t\t\t\t\t\t\t\t\t\t\t\t<img loading=\"lazy\" decoding=\"async\" width=\"700\" height=\"200\" src=\"https:\/\/www.omni-biotic.com\/hu-hu\/wp-content\/uploads\/sites\/7\/2025\/01\/bel_agy_tengely_stressz_kortizol.gif\" class=\"attachment-large size-large wp-image-23867\" alt=\"korizol szint, kortizol, omni-biotic, probiotikum, kortizol szint m\u00e9r\u00e9se otthon, korizol cs\u00f6kkent\u00e9se, stressz, stresszkezel\u00e9s\" title=\"\">\t\t\t\t\t\t\t\t\t\t\t\t\t\t\t<\/div>\n\t\t\t\t<\/div>\n\t\t\t\t\t<\/div>\n\t\t\t\t<\/div>\n\t\t<div class=\"elementor-element elementor-element-398ed12 obcs none e-flex e-con-boxed e-con e-parent\" data-id=\"398ed12\" data-element_type=\"container\">\n\t\t\t\t\t<div class=\"e-con-inner\">\n\t\t\t\t<div class=\"elementor-element elementor-element-8087ad5 elementor-widget elementor-widget-heading\" data-id=\"8087ad5\" data-element_type=\"widget\" data-widget_type=\"heading.default\">\n\t\t\t\t<div class=\"elementor-widget-container\">\n\t\t\t\t\t<h4 class=\"elementor-heading-title elementor-size-default\">Mely probiotikus t\u00f6rzsek a leghat\u00e9konyabbak a stressz ellen \u00e9s a kortizol cs\u00f6kkent\u00e9s\u00e9re?<\/h4>\t\t\t\t<\/div>\n\t\t\t\t<\/div>\n\t\t\t\t\t<\/div>\n\t\t\t\t<\/div>\n\t\t<div class=\"elementor-element elementor-element-f405e3a obcs none e-flex e-con-boxed e-con e-parent\" data-id=\"f405e3a\" data-element_type=\"container\">\n\t\t\t\t\t<div class=\"e-con-inner\">\n\t\t\t\t<div class=\"elementor-element elementor-element-f13884b elementor-widget elementor-widget-text-editor\" data-id=\"f13884b\" data-element_type=\"widget\" data-widget_type=\"text-editor.default\">\n\t\t\t\t<div class=\"elementor-widget-container\">\n\t\t\t\t\t\t\t\t\t<div class=\"flex-shrink-0 flex flex-col relative items-end\"><div><div class=\"pt-0\"><div class=\"gizmo-bot-avatar flex h-8 w-8 items-center justify-center overflow-hidden rounded-full\"><div class=\"relative p-1 rounded-sm flex items-center justify-center bg-token-main-surface-primary text-token-text-primary h-8 w-8\">Nem minden probiotikumnak van ugyanolyan hat\u00e1sa a szervezetben a stresszel val\u00f3 megk\u00fczd\u00e9sre. Ami igaz\u00e1n fontos, az az <strong>egyes bakt\u00e9riumt\u00f6rzsek kombin\u00e1ci\u00f3ja<\/strong> \u00e9s azok <strong>k\u00f6lcs\u00f6nhat\u00e1sa<\/strong>. M\u00edg a kor\u00e1bbi kutat\u00e1sok els\u0151sorban az egyes mikroorganizmusok eg\u00e9szs\u00e9gre gyakorolt hat\u00e1s\u00e1ra \u00f6sszpontos\u00edtottak, a <em>King&#8217;s College London<\/em> leg\u00fajabb \u00e9s eddigi leg\u00e1tfog\u00f3bb tanulm\u00e1nya azt mutatja, hogy a mikroorganizmusok csapatmunk\u00e1ja sokkal hat\u00e9konyabb, mint egyetlen bakt\u00e9riumt\u00f6rzs egy\u00e9ni hat\u00e1sa. Val\u00f3j\u00e1ban a b\u00e9lbakt\u00e9riumok csapatk\u00e9nt jobban m\u0171k\u00f6dnek. Amennyiben tan\u00e1csra lenne sz\u00fcks\u00e9ge a probiotikumok kiv\u00e1laszt\u00e1sakor, forduljon tan\u00e1csad\u00f3 csapatunkhoz.<\/div><\/div><\/div><\/div><\/div>\t\t\t\t\t\t\t\t<\/div>\n\t\t\t\t<\/div>\n\t\t\t\t\t<\/div>\n\t\t\t\t<\/div>\n\t\t<div class=\"elementor-element elementor-element-5e1c6be obcs none e-flex e-con-boxed e-con e-parent\" data-id=\"5e1c6be\" data-element_type=\"container\">\n\t\t\t\t\t<div class=\"e-con-inner\">\n\t\t\t\t<div class=\"elementor-element elementor-element-3cbb0b2 elementor-widget elementor-widget-button\" data-id=\"3cbb0b2\" data-element_type=\"widget\" data-widget_type=\"button.default\">\n\t\t\t\t<div class=\"elementor-widget-container\">\n\t\t\t\t\t\t\t\t\t<div class=\"elementor-button-wrapper\">\n\t\t\t\t\t<a class=\"elementor-button elementor-button-link elementor-size-sm\" href=\"https:\/\/www.omni-biotic.com\/hu-hu\/rolunk\/institut-allergosan\/kapcsolat\/\">\n\t\t\t\t\t\t<span class=\"elementor-button-content-wrapper\">\n\t\t\t\t\t\t\t\t\t<span class=\"elementor-button-text\">Kapcsolat<\/span>\n\t\t\t\t\t<\/span>\n\t\t\t\t\t<\/a>\n\t\t\t\t<\/div>\n\t\t\t\t\t\t\t\t<\/div>\n\t\t\t\t<\/div>\n\t\t\t\t\t<\/div>\n\t\t\t\t<\/div>\n\t\t<div class=\"elementor-element elementor-element-9135f3e obcs none e-flex e-con-boxed e-con e-parent\" data-id=\"9135f3e\" data-element_type=\"container\">\n\t\t\t\t\t<div class=\"e-con-inner\">\n\t\t\t\t<div class=\"elementor-element elementor-element-2cd4313 elementor-widget elementor-widget-heading\" data-id=\"2cd4313\" data-element_type=\"widget\" data-widget_type=\"heading.default\">\n\t\t\t\t<div class=\"elementor-widget-container\">\n\t\t\t\t\t<h4 class=\"elementor-heading-title elementor-size-default\">Mikor \u00e9s hogyan szedj\u00fcnk probiotikumokat a kortizolszint cs\u00f6kkent\u00e9s\u00e9re?<\/h4>\t\t\t\t<\/div>\n\t\t\t\t<\/div>\n\t\t\t\t\t<\/div>\n\t\t\t\t<\/div>\n\t\t<div class=\"elementor-element elementor-element-57a290b obcs none e-flex e-con-boxed e-con e-parent\" data-id=\"57a290b\" data-element_type=\"container\">\n\t\t\t\t\t<div class=\"e-con-inner\">\n\t\t\t\t<div class=\"elementor-element elementor-element-430ed9a elementor-widget elementor-widget-text-editor\" data-id=\"430ed9a\" data-element_type=\"widget\" data-widget_type=\"text-editor.default\">\n\t\t\t\t<div class=\"elementor-widget-container\">\n\t\t\t\t\t\t\t\t\t<p>Ha \u00fagy d\u00f6nt, hogy <strong>probiotikumokkal t\u00e1mogatja a stresszkezel\u00e9st,<\/strong> fontos, hogy olyan t\u00e1pl\u00e1l\u00e9k-kieg\u00e9sz\u00edt\u0151ket v\u00e1lasszon, amelyek <strong>pszichobiotikus hat\u00e1sokkal<\/strong> \u00f6sszef\u00fcgg\u00e9sbe hozhat\u00f3 t\u00f6rzseket tartalmaznak. T\u00f6rekedjen olyan <strong>kiv\u00e1l\u00f3 min\u0151s\u00e9g\u0171 probiotikumok szed\u00e9s\u00e9re,<\/strong> amelyek hat\u00e9konys\u00e1g\u00e1t tudom\u00e1nyos kutat\u00e1sok al\u00e1t\u00e1masztj\u00e1k. A probiotikumok <strong>szed\u00e9se legal\u00e1bb 4-6 h\u00e9tig aj\u00e1nlott<\/strong> ahhoz, hogy \u00e9szrevehet\u0151 eredm\u00e9nyeket tapasztaljon, de ez minden szem\u00e9ly eset\u00e9ben egyedi lehet.<\/p><p>Emellett fontos, hogy a probiotikumokat <strong>eg\u00e9szs\u00e9ges, prebiotikumokban gazdag \u00e9trenddel kombin\u00e1lja, amelyek el\u0151seg\u00edtik a j\u00f3 bakt\u00e9riumok n\u00f6veked\u00e9s\u00e9t.<\/strong> A <a href=\"https:\/\/www.omni-biotic.com\/hu-hu\/harom-lepes-az-altalanos-jolletert\/\"><strong>prebiotikumok<\/strong> <\/a>megtal\u00e1lhat\u00f3k a t\u00e1pl\u00e1l\u00e9kban, de t\u00e1pl\u00e1l\u00e9k-kieg\u00e9sz\u00edt\u0151k form\u00e1j\u00e1ban is el\u00e9rhet\u0151k. Ha folyamatos stresszt \u00e9rez, vagy megemelkedett kortizolszintre gyanakszik a szervezet\u00e9ben, mindenk\u00e9ppen konzult\u00e1ljon orvos\u00e1val. A megfelel\u0151 diagn\u00f3zis \u00e9s kezel\u00e9s seg\u00edthet megel\u0151zni a hossz\u00fa t\u00e1v\u00fa eg\u00e9szs\u00e9g\u00fcgyi probl\u00e9m\u00e1kat.<\/p>\t\t\t\t\t\t\t\t<\/div>\n\t\t\t\t<\/div>\n\t\t\t\t\t<\/div>\n\t\t\t\t<\/div>\n\t\t<div class=\"elementor-element elementor-element-7780c3e obcs none e-flex e-con-boxed e-con e-parent\" data-id=\"7780c3e\" data-element_type=\"container\">\n\t\t\t\t\t<div class=\"e-con-inner\">\n\t\t\t\t<div class=\"elementor-element elementor-element-3f62ad1 elementor-widget elementor-widget-text-editor\" data-id=\"3f62ad1\" data-element_type=\"widget\" data-widget_type=\"text-editor.default\">\n\t\t\t\t<div class=\"elementor-widget-container\">\n\t\t\t\t\t\t\t\t\t<p><b>Forr\u00e1s:<\/b>\u00a0https:\/\/www.sciencedirect.com\/science\/article\/abs\/pii\/S1756464618306170<\/p>\t\t\t\t\t\t\t\t<\/div>\n\t\t\t\t<\/div>\n\t\t\t\t\t<\/div>\n\t\t\t\t<\/div>\n\t\t\t\t<\/div>\n\t\t","protected":false},"excerpt":{"rendered":"<p>A kortizol, k\u00f6zismertebb nev\u00e9n a \u201estresszhormon\u201d, alapvet\u0151 szerepet j\u00e1tszik a szervezet sz\u00e1mos fontos funkci\u00f3j\u00e1nak fenntart\u00e1s\u00e1ban. Ez a hormon kis mennyis\u00e9gben folyamatosan termel\u0151dik, hogy fenntartsa a test egyens\u00faly\u00e1t (homeoszt\u00e1zis\u00e1t). Stresszhelyzetekben a mell\u00e9kvesek\u00e9reg \u00e1ltal kiv\u00e1lasztott kortizol k\u00fcl\u00f6n\u00f6sen akt\u00edv, de emellett sz\u00e1mos l\u00e9tfontoss\u00e1g\u00fa folyamatban is k\u00f6zrem\u0171k\u00f6dik a szervezet optim\u00e1lis m\u0171k\u00f6d\u00e9s\u00e9nek biztos\u00edt\u00e1s\u00e1\u00e9rt. Ebben a cikkben k\u00f6rbej\u00e1rjuk t\u00e9m\u00e1t: mi is [&hellip;]<\/p>\n","protected":false},"author":19,"featured_media":23844,"comment_status":"closed","ping_status":"closed","sticky":false,"template":"","format":"standard","meta":{"_acf_changed":false,"inline_featured_image":false,"footnotes":""},"categories":[1,114],"tags":[],"class_list":["post-23830","post","type-post","status-publish","format-standard","has-post-thumbnail","hentry","category-allgemein","category-eletmod"],"acf":[],"rank_math":{"og:title":"Magas kortizolszint: hogyan szab\u00e1lyozzuk?","og:desc":"Mi a kortizol, hogyan hat a szervezetre, mik\u00e9nt cs\u00f6kkenthet\u0151 a kortizolszint? Hogyan lehet tesztekkel kimutatni az emelkedett szintet?","og:url":"https:\/\/www.omni-biotic.com\/hu-hu\/blog\/kortizol-es-stressz\/","og:locale":"hu_HU","og:image":"https:\/\/www.omni-biotic.com\/hu-hu\/wp-content\/uploads\/sites\/7\/2025\/01\/kortizolszint_vizsgalat.png","og:image:width":"940","og:image:height":"788"},"additional_data":{"thumbnail":"https:\/\/www.omni-biotic.com\/hu-hu\/wp-content\/uploads\/sites\/7\/2025\/01\/kortizolszint_vizsgalat.png"},"blog_info":{"country":"hu-hu"},"_links":{"self":[{"href":"https:\/\/www.omni-biotic.com\/hu-hu\/wp-json\/wp\/v2\/posts\/23830","targetHints":{"allow":["GET"]}}],"collection":[{"href":"https:\/\/www.omni-biotic.com\/hu-hu\/wp-json\/wp\/v2\/posts"}],"about":[{"href":"https:\/\/www.omni-biotic.com\/hu-hu\/wp-json\/wp\/v2\/types\/post"}],"author":[{"embeddable":true,"href":"https:\/\/www.omni-biotic.com\/hu-hu\/wp-json\/wp\/v2\/users\/19"}],"replies":[{"embeddable":true,"href":"https:\/\/www.omni-biotic.com\/hu-hu\/wp-json\/wp\/v2\/comments?post=23830"}],"version-history":[{"count":7,"href":"https:\/\/www.omni-biotic.com\/hu-hu\/wp-json\/wp\/v2\/posts\/23830\/revisions"}],"predecessor-version":[{"id":23987,"href":"https:\/\/www.omni-biotic.com\/hu-hu\/wp-json\/wp\/v2\/posts\/23830\/revisions\/23987"}],"wp:featuredmedia":[{"embeddable":true,"href":"https:\/\/www.omni-biotic.com\/hu-hu\/wp-json\/wp\/v2\/media\/23844"}],"wp:attachment":[{"href":"https:\/\/www.omni-biotic.com\/hu-hu\/wp-json\/wp\/v2\/media?parent=23830"}],"wp:term":[{"taxonomy":"category","embeddable":true,"href":"https:\/\/www.omni-biotic.com\/hu-hu\/wp-json\/wp\/v2\/categories?post=23830"},{"taxonomy":"post_tag","embeddable":true,"href":"https:\/\/www.omni-biotic.com\/hu-hu\/wp-json\/wp\/v2\/tags?post=23830"}],"curies":[{"name":"wp","href":"https:\/\/api.w.org\/{rel}","templated":true}]}}