{"id":16488,"date":"2025-08-28T14:49:00Z","date_gmt":"2025-08-28T12:49:00Z","guid":{"rendered":"https:\/\/www.omni-biotic.com\/it-it\/6-fatti-su-omni-biotic-6\/"},"modified":"2025-08-29T12:23:17Z","modified_gmt":"2025-08-29T10:23:17Z","slug":"6-fatti-su-omni-biotic-6","status":"publish","type":"post","link":"https:\/\/www.omni-biotic.com\/it-it\/blog\/6-fatti-su-omni-biotic-6\/","title":{"rendered":"6 fatti su OMNi-BiOTiC\u00ae6"},"content":{"rendered":"\t\t<div data-elementor-type=\"wp-post\" data-elementor-id=\"16488\" class=\"elementor elementor-16488\" data-elementor-post-type=\"post\">\n\t\t\t\t<div class=\"elementor-element elementor-element-5725ddb obcs none e-flex e-con-boxed e-con e-parent\" data-id=\"5725ddb\" data-element_type=\"container\">\n\t\t\t\t\t<div class=\"e-con-inner\">\n\t\t\t\t<div class=\"elementor-element elementor-element-998d585 elementor-widget elementor-widget-heading\" data-id=\"998d585\" data-element_type=\"widget\" data-widget_type=\"heading.default\">\n\t\t\t\t<div class=\"elementor-widget-container\">\n\t\t\t\t\t<h2 class=\"elementor-heading-title elementor-size-default\">1: Da 30 anni al servizio del vostro benessere quotidiano<\/h2>\t\t\t\t<\/div>\n\t\t\t\t<\/div>\n\t\t\t\t<div class=\"elementor-element elementor-element-8204f51 elementor-widget elementor-widget-image\" data-id=\"8204f51\" data-element_type=\"widget\" data-widget_type=\"image.default\">\n\t\t\t\t<div class=\"elementor-widget-container\">\n\t\t\t\t\t\t\t\t\t\t\t\t\t\t\t<img fetchpriority=\"high\" decoding=\"async\" width=\"800\" height=\"800\" src=\"https:\/\/www.omni-biotic.com\/it-it\/wp-content\/uploads\/sites\/5\/2025\/08\/omni-biotic-6-glas-inhalt-it.webp\" class=\"attachment-large size-large wp-image-35603\" alt=\"omni-biotic-6\" srcset=\"https:\/\/www.omni-biotic.com\/it-it\/wp-content\/uploads\/sites\/5\/2025\/08\/omni-biotic-6-glas-inhalt-it.webp 1000w, https:\/\/www.omni-biotic.com\/it-it\/wp-content\/uploads\/sites\/5\/2025\/08\/omni-biotic-6-glas-inhalt-it-300x300.webp 300w, https:\/\/www.omni-biotic.com\/it-it\/wp-content\/uploads\/sites\/5\/2025\/08\/omni-biotic-6-glas-inhalt-it-150x150.webp 150w, https:\/\/www.omni-biotic.com\/it-it\/wp-content\/uploads\/sites\/5\/2025\/08\/omni-biotic-6-glas-inhalt-it-768x768.webp 768w\" sizes=\"(max-width: 800px) 100vw, 800px\" \/>\t\t\t\t\t\t\t\t\t\t\t\t\t\t\t<\/div>\n\t\t\t\t<\/div>\n\t\t\t\t<div class=\"elementor-element elementor-element-e87aa20 elementor-widget elementor-widget-text-editor\" data-id=\"e87aa20\" data-element_type=\"widget\" data-widget_type=\"text-editor.default\">\n\t\t\t\t<div class=\"elementor-widget-container\">\n\t\t\t\t\t\t\t\t\t<p>La <strong>lungimiranza<\/strong> e il <strong>coraggio<\/strong> della Prof.ssa <strong><a href=\"https:\/\/www.omni-biotic.com\/it\/dott-ssa-anita-frauwallner\/\">Anita Frauwallner<\/a><\/strong> sono racchiuse all\u2019interno del primo probiotico multispecie:\u00a0<a href=\"https:\/\/www.omni-biotic.com\/it\/prodotti\/omni-biotic-6\/\"><strong>OMNi-BiOTiC\u00ae 6<\/strong><\/a>. <strong>Trenta<\/strong> anni fa furono condotti i primi studi che portarono allo sviluppo di questo <a href=\"https:\/\/www.omni-biotic.com\/it\/intestino-e-salute\/probiotici-prebiotici\/\"><strong>probiotico<\/strong><\/a> rivoluzionario che \u00e8 riuscito a soddisfare milioni di clienti.<\/p><p>L\u2019assunzione di <strong>probiotici<\/strong> permette di arricchire il microbiota intestinale di batteri benefici di origine umana, ovvero di batteri che sono, o dovrebbero essere, alla base di\u00a0<strong>intestino<\/strong> sano. OMNi-BiOTiC\u00ae 6 \u00e8 stato il primo probiotico a contenere, dopo anni di ricerca, una combinazione di diversi ceppi batterici in grado di completarsi e rafforzarsi a vicenda. Essi sono stati selezionati appositamente per formare una squadra, proprio come fanno le centinaia di specie di batteri naturalmente presenti nel nostro intestino.<\/p><p>I <strong><a href=\"https:\/\/www.omni-biotic.com\/it\/intestino-e-salute\/il-miracolo-intestino\/\">batteri intestinali<\/a><\/strong> svolgono funzioni vitali: proteggono la barriera intestinale da germi estranei, eliminano le <strong>tossine<\/strong>, assorbono e producono sostanze fondamentali per l\u2019organismo. Tuttavia, diversi fattori potrebbero distruggere l\u2019equilibrio di questi importanti batteri (per es. stress, farmaci, abitudini alimentari scorrette), provocando uno <strong>\u201csquilibrio\u201d<\/strong> intestinale o <strong>disbiosi<\/strong>.<\/p><p>Di conseguenza, i microbi patogeni possono prendere il sopravvento e riprodursi velocemente, l\u2019organismo non \u00e8 pi\u00f9 in grado di eliminare correttamente le <strong>sostanze nocive<\/strong> e di assorbire i <strong>nutrienti<\/strong> in modo ottimale. Questo riduce la <strong>motilit\u00e0 intestinale<\/strong> e potrebbe causare l\u2019insorgenza di\u00a0<strong>intolleranze<\/strong> <strong>alimentari.\u00a0<\/strong><\/p>\t\t\t\t\t\t\t\t<\/div>\n\t\t\t\t<\/div>\n\t\t\t\t\t<\/div>\n\t\t\t\t<\/div>\n\t\t<div class=\"elementor-element elementor-element-a102c8c obcs none e-flex e-con-boxed e-con e-parent\" data-id=\"a102c8c\" data-element_type=\"container\">\n\t\t\t\t\t<div class=\"e-con-inner\">\n\t\t<div class=\"elementor-element elementor-element-d051b46 e-con-full obcs none e-flex e-con e-child\" data-id=\"d051b46\" data-element_type=\"container\">\n\t\t\t\t<div class=\"elementor-element elementor-element-69f0e3b elementor-widget elementor-widget-heading\" data-id=\"69f0e3b\" data-element_type=\"widget\" data-widget_type=\"heading.default\">\n\t\t\t\t<div class=\"elementor-widget-container\">\n\t\t\t\t\t<h2 class=\"elementor-heading-title elementor-size-default\">2: Una donna, un\u2019idea \u2013 La storia di OMNi-BiOTiC\u00ae 6 <\/h2>\t\t\t\t<\/div>\n\t\t\t\t<\/div>\n\t\t\t\t<\/div>\n\t\t\t\t<div class=\"elementor-element elementor-element-8453935 elementor-widget elementor-widget-image\" data-id=\"8453935\" data-element_type=\"widget\" data-widget_type=\"image.default\">\n\t\t\t\t<div class=\"elementor-widget-container\">\n\t\t\t\t\t\t\t\t\t\t\t\t\t\t\t<img decoding=\"async\" width=\"800\" height=\"534\" src=\"https:\/\/www.omni-biotic.com\/it-it\/wp-content\/uploads\/sites\/5\/2025\/08\/2-anita-frauwallner-omni-biotic-6-c-institut-allergosan-jungwirth-rgb-scaled-1-scaled-1-1024x684.jpg\" class=\"attachment-large size-large wp-image-35593\" alt=\"\" srcset=\"https:\/\/www.omni-biotic.com\/it-it\/wp-content\/uploads\/sites\/5\/2025\/08\/2-anita-frauwallner-omni-biotic-6-c-institut-allergosan-jungwirth-rgb-scaled-1-scaled-1-1024x684.jpg 1024w, https:\/\/www.omni-biotic.com\/it-it\/wp-content\/uploads\/sites\/5\/2025\/08\/2-anita-frauwallner-omni-biotic-6-c-institut-allergosan-jungwirth-rgb-scaled-1-scaled-1-300x200.jpg 300w, https:\/\/www.omni-biotic.com\/it-it\/wp-content\/uploads\/sites\/5\/2025\/08\/2-anita-frauwallner-omni-biotic-6-c-institut-allergosan-jungwirth-rgb-scaled-1-scaled-1-768x513.jpg 768w, https:\/\/www.omni-biotic.com\/it-it\/wp-content\/uploads\/sites\/5\/2025\/08\/2-anita-frauwallner-omni-biotic-6-c-institut-allergosan-jungwirth-rgb-scaled-1-scaled-1-1536x1025.jpg 1536w, https:\/\/www.omni-biotic.com\/it-it\/wp-content\/uploads\/sites\/5\/2025\/08\/2-anita-frauwallner-omni-biotic-6-c-institut-allergosan-jungwirth-rgb-scaled-1-scaled-1-1920x1282.jpg 1920w, https:\/\/www.omni-biotic.com\/it-it\/wp-content\/uploads\/sites\/5\/2025\/08\/2-anita-frauwallner-omni-biotic-6-c-institut-allergosan-jungwirth-rgb-scaled-1-scaled-1.jpg 2048w\" sizes=\"(max-width: 800px) 100vw, 800px\" \/>\t\t\t\t\t\t\t\t\t\t\t\t\t\t\t<\/div>\n\t\t\t\t<\/div>\n\t\t\t\t<div class=\"elementor-element elementor-element-d7e61f6 elementor-widget elementor-widget-li-widgets--author-quote\" data-id=\"d7e61f6\" data-element_type=\"widget\" data-widget_type=\"li-widgets--author-quote.default\">\n\t\t\t\t<div class=\"elementor-widget-container\">\n\t\t\t\t\t<div class=\"li-widgets--author-quote magenta highlights-always-magenta\">\n        <div class=\"li-widgets--author-quote__image--wrapper\">\n        <div class=\"li-widgets--author-quote__image\">\n            <img decoding=\"async\" width=\"300\" height=\"300\" src=\"https:\/\/www.omni-biotic.com\/it-it\/wp-content\/uploads\/sites\/5\/2025\/08\/Anita-Frauwallner-Institut-AllergoSan-300x300.jpg\" class=\"attachment-medium size-medium\" alt=\"\" srcset=\"https:\/\/www.omni-biotic.com\/it-it\/wp-content\/uploads\/sites\/5\/2025\/08\/Anita-Frauwallner-Institut-AllergoSan-300x300.jpg 300w, https:\/\/www.omni-biotic.com\/it-it\/wp-content\/uploads\/sites\/5\/2025\/08\/Anita-Frauwallner-Institut-AllergoSan-150x150.jpg 150w, https:\/\/www.omni-biotic.com\/it-it\/wp-content\/uploads\/sites\/5\/2025\/08\/Anita-Frauwallner-Institut-AllergoSan-768x768.jpg 768w, https:\/\/www.omni-biotic.com\/it-it\/wp-content\/uploads\/sites\/5\/2025\/08\/Anita-Frauwallner-Institut-AllergoSan.jpg 1024w\" sizes=\"(max-width: 300px) 100vw, 300px\" \/>        <\/div>\n    <\/div>\n        <div class=\"li-widgets--author-quote__content\">\n        <div class=\"li-widgets--author-quote__content--text\">\n            La consapevolezza che la qualit\u00e0 percepibile dei nostri prodotti influenzi positivamente la qualit\u00e0 della vita di innumerevoli persone sprona me e tutto il mio team a dare il massimo ogni giorno.        <\/div>\n        <div class=\"li-widgets--author-quote__content--author\">\n            Prof.ssa Anita Frauwallner, CEO Institut AllergoSan        <\/div>\n            <\/div>\n    <\/div>\n\t\t\t\t<\/div>\n\t\t\t\t<\/div>\n\t\t\t\t<div class=\"elementor-element elementor-element-7ca4c04 elementor-widget elementor-widget-text-editor\" data-id=\"7ca4c04\" data-element_type=\"widget\" data-widget_type=\"text-editor.default\">\n\t\t\t\t<div class=\"elementor-widget-container\">\n\t\t\t\t\t\t\t\t\t<p>Ormai trent\u2019anni fa, dopo la perdita di suo marito che mor\u00ec di cancro al colon a soli 40 anni, la <a href=\"https:\/\/www.omni-biotic.com\/it\/dott-ssa-anita-frauwallner\/\"><strong>Prof<\/strong><strong>.ss<\/strong><strong>a Anita Frauwallner <\/strong><\/a>inizi\u00f2 a occuparsi di intestino e dell\u2019insieme dei microrganismi che lo popolano. All\u2019epoca, la <strong><a href=\"https:\/\/www.omni-biotic.com\/it\/ricerca-sviluppo\/\">ricerca sul microbiota intestinale<\/a><\/strong> (comunemente detto flora batterica) stava muovendo i primi passi. \u201cSono stata derisa da pi\u00f9 parti\u201d, racconta la Prof.ssa Frauwallner, \u201cma avevo capito l\u2019importanza che una<strong>\u00a0flora intestinale<\/strong> sana ha per la nostra salute ed ero convinta che l\u2019assunzione di <a href=\"https:\/\/www.omni-biotic.com\/it\/intestino-e-salute\/probiotici-prebiotici\/\"><strong>probiotici<\/strong><\/a> di alta qualit\u00e0 potesse creare un valore aggiunto enorme. Un\u2019ipotesi che nel frattempo \u00e8 stata confermata da migliaia di studi.\u201d<\/p><p>A motivare fortemente la Prof.ssa Frauwallner \u00e8 stato l\u2019obiettivo di rafforzare il <strong>centro della salute<\/strong> dell\u2019organismo umano attraverso i mezzi che la natura ci ha messo a disposizione. Nel corso degli ultimi trenta anni sono usciti sul mercato numerosi <a href=\"https:\/\/www.omni-biotic.com\/it\/intestino-e-salute\/probiotici-prebiotici\/\"><strong>probiotici<\/strong><\/a> di altissima qualit\u00e0 a marchio <a href=\"https:\/\/www.omni-biotic.com\/it\/i-nostri-prodotti\/omni-biotic\/\"><strong>OMNi-BiOTiC\u00ae<\/strong><\/a>, appositamente sviluppati per soddisfare diverse esigenze e i cui effetti benefici sono stati comprovati da studi scientifici. \u201cSapere che la qualit\u00e0 dei nostri prodotti aiuta innumerevoli persone a riconquistare la propria gioia di vivere ci sprona ogni giorno a dare il meglio\u201d, afferma la Prof.ssa Frauwallner, esperta accreditata sulla scena internazionale, oltre che relatrice molto richiesta quando si tratta di <strong><a href=\"https:\/\/www.omni-biotic.com\/it\/intestino-e-salute\/\">salute intestinale<\/a><\/strong>. Il marchio <strong>OMNi-BiOTiC\u00ae<\/strong> rappresenta inoltre il numero 1 nel mercato dei probiotici in Austria e Germania e il numero 3 a livello mondiale. Oggi, l\u2019<strong><a href=\"https:\/\/www.allergosan.com\/at\/\" rel=\"noopener\">Institut AllergoSan<\/a><\/strong> \u00e8 uno dei <strong>centri di competenza<\/strong> leader a livello internazionale nel settore della <a href=\"https:\/\/www.omni-biotic.com\/it\/ricerca-sviluppo\/\"><strong>ricerca sul microbiota<\/strong><\/a>.**<span style=\"color: #800080\">\u00a0<\/span><\/p>\t\t\t\t\t\t\t\t<\/div>\n\t\t\t\t<\/div>\n\t\t\t\t<div class=\"elementor-element elementor-element-91ed845 elementor-widget elementor-widget-heading\" data-id=\"91ed845\" data-element_type=\"widget\" data-widget_type=\"heading.default\">\n\t\t\t\t<div class=\"elementor-widget-container\">\n\t\t\t\t\t<h2 class=\"elementor-heading-title elementor-size-default\">3: OMNi-BiOTiC\u00ae 6 - il multispecie versatile per l\u2019intestino<\/h2>\t\t\t\t<\/div>\n\t\t\t\t<\/div>\n\t\t\t\t<div class=\"elementor-element elementor-element-6b1582d elementor-widget elementor-widget-text-editor\" data-id=\"6b1582d\" data-element_type=\"widget\" data-widget_type=\"text-editor.default\">\n\t\t\t\t<div class=\"elementor-widget-container\">\n\t\t\t\t\t\t\t\t\t<p>Un intestino sano \u00e8 popolato da miliardi di batteri che si occupano del corretto assorbimento di importanti nutrimenti e dell\u2019eliminazione di sostanze potenzialmente nocive. Tuttavia, questi preziosi aiutanti possono essere decimati da fattori come lo\u00a0<strong>stress<\/strong>, il\u00a0<strong>fast-food<\/strong>\u00a0e l\u2019assunzione di\u00a0<strong>farmaci<\/strong>, motivo per cui \u00e8 necessario ripristinare l\u2019<strong>equilibrio intestinale\u00a0<\/strong>di partenza.<\/p>\t\t\t\t\t\t\t\t<\/div>\n\t\t\t\t<\/div>\n\t\t\t\t<div class=\"elementor-element elementor-element-9fb426c elementor-widget elementor-widget-heading\" data-id=\"9fb426c\" data-element_type=\"widget\" data-widget_type=\"heading.default\">\n\t\t\t\t<div class=\"elementor-widget-container\">\n\t\t\t\t\t<h3 class=\"elementor-heading-title elementor-size-default\">OMNi-BiOTiC\u00ae 6 per tutta la famiglia<\/h3>\t\t\t\t<\/div>\n\t\t\t\t<\/div>\n\t\t\t\t<div class=\"elementor-element elementor-element-f976d81 elementor-widget elementor-widget-text-editor\" data-id=\"f976d81\" data-element_type=\"widget\" data-widget_type=\"text-editor.default\">\n\t\t\t\t<div class=\"elementor-widget-container\">\n\t\t\t\t\t\t\t\t\t<p><a href=\"https:\/\/shop.allergosan.com\/it\/prodotto\/omni-biotic-6\/\" rel=\"noopener\"><strong>OMNi-BiOTiC\u00ae 6<\/strong><\/a> resta uno dei prodotti pi\u00f9 conosciuti e amati del nostro marchio di <strong><a href=\"https:\/\/www.omni-biotic.com\/it\/ricerca-sviluppo\/criteri-qualitativi\/\">qualit\u00e0<\/a><\/strong>. Si tratta di un vero e proprio probiotico versatile adatto a tutte le fasce di et\u00e0. Si consiglia di assumere <a href=\"https:\/\/shop.allergosan.com\/it\/prodotto\/omni-biotic-6\/\" rel=\"noopener\"><strong>OMNi-BiOTiC\u00ae 6<\/strong><\/a> tutti i giorni, specialmente nei periodi in cui il <a href=\"https:\/\/www.omni-biotic.com\/it\/intestino-e-salute\/sistema-immunitario-2\/\"><strong>sistema immunitario<\/strong><\/a> \u00e8 chiamato a dare il meglio di s\u00e9. I nostri batteri probiotici aiutano a rafforzare la barriera intestinale, un\u2019importante barriera protettiva, la quale impedisce a germi patogeni e tossine di entrare nel sangue. Va inoltre sottolineato il 70% di tutte le cellule immunitarie, che producono anticorpi, si trova nell&#8217;intestino.\u00a0<\/p><p>OMNi-BiOTiC\u00ae 6 \u00e8 indicato anche per le donne in gravidanza e pu\u00f2 essere somministrato ai bambini a partire dal primo anno di vita. Per i bambini di et\u00e0 compresa tra 1-3 anni si consiglia di dimezzare la dose, mentre <strong>a partire dai 3 anni<\/strong> si pu\u00f2 somministrare gi\u00e0 la dose prevista per gli adulti.<\/p>\t\t\t\t\t\t\t\t<\/div>\n\t\t\t\t<\/div>\n\t\t\t\t<div class=\"elementor-element elementor-element-b18dc89 elementor-widget elementor-widget-heading\" data-id=\"b18dc89\" data-element_type=\"widget\" data-widget_type=\"heading.default\">\n\t\t\t\t<div class=\"elementor-widget-container\">\n\t\t\t\t\t<h3 class=\"elementor-heading-title elementor-size-default\">Come si assume OMNi-BiOTiC\u00ae 6?<\/h3>\t\t\t\t<\/div>\n\t\t\t\t<\/div>\n\t\t\t\t<div class=\"elementor-element elementor-element-ae8e16d elementor-widget elementor-widget-image\" data-id=\"ae8e16d\" data-element_type=\"widget\" data-widget_type=\"image.default\">\n\t\t\t\t<div class=\"elementor-widget-container\">\n\t\t\t\t\t\t\t\t\t\t\t\t\t\t\t<img loading=\"lazy\" decoding=\"async\" width=\"700\" height=\"500\" src=\"https:\/\/www.omni-biotic.com\/it-it\/wp-content\/uploads\/sites\/5\/2025\/08\/OMNi-BiOTiC-6-in-der-Anwendung.gif\" class=\"attachment-large size-large wp-image-35595\" alt=\"\" \/>\t\t\t\t\t\t\t\t\t\t\t\t\t\t\t<\/div>\n\t\t\t\t<\/div>\n\t\t\t\t<div class=\"elementor-element elementor-element-b3cd049 elementor-widget elementor-widget-text-editor\" data-id=\"b3cd049\" data-element_type=\"widget\" data-widget_type=\"text-editor.default\">\n\t\t\t\t<div class=\"elementor-widget-container\">\n\t\t\t\t\t\t\t\t\t<p>Si consiglia di assumere OMNi-BiOTiC\u00ae 6 <strong>1 \u2013 2 volte al giorno<\/strong>, preferibilmente a stomaco vuoto. Sciogliere il contenuto di un misurino raso di OMNi-BiOTiC\u00ae 6 (= 2 g) o di una bustina (= 3 g) in circa <strong>125 ml d\u2019acqua,<\/strong>\u00a0attendere almeno 1 minuto (<strong>tempo di attivazione<\/strong>), quindi mescolare di nuovo e bere. Se si prende OMNi-BiOTiC \u00ae 6 due volte al giorno, si raccomanda di farlo al mattino prima di colazione e alla sera prima di cena. Questo probiotico pu\u00f2 essere tranquillamente combinato con altri <a href=\"https:\/\/www.omni-biotic.com\/it\/intestino-e-salute\/probiotici-prebiotici\/\"><strong>probiotici<\/strong><\/a><strong>: <\/strong>in questo caso si consiglia di assumerne uno al mattino e l\u2019altro alla sera.<\/p>\t\t\t\t\t\t\t\t<\/div>\n\t\t\t\t<\/div>\n\t\t\t\t<div class=\"elementor-element elementor-element-b71edb0 elementor-widget elementor-widget-heading\" data-id=\"b71edb0\" data-element_type=\"widget\" data-widget_type=\"heading.default\">\n\t\t\t\t<div class=\"elementor-widget-container\">\n\t\t\t\t\t<h3 class=\"elementor-heading-title elementor-size-default\">Senza proteine animali, glutine, lievito e lattosio<\/h3>\t\t\t\t<\/div>\n\t\t\t\t<\/div>\n\t\t\t\t<div class=\"elementor-element elementor-element-dab70be elementor-widget elementor-widget-text-editor\" data-id=\"dab70be\" data-element_type=\"widget\" data-widget_type=\"text-editor.default\">\n\t\t\t\t<div class=\"elementor-widget-container\">\n\t\t\t\t\t\t\t\t\t<p>Il multi-specie \u201cversatile\u201d per l\u2019intestino <strong>OMNi-BiOTiC\u00ae 6<\/strong> non contiene proteine animali, glutine, lievito e lattosio. \u00c8 quindi adatto per i soggetti allergici al lattosio, bambini, donne in gravidanza o in allattamento. <a href=\"https:\/\/shop.omni-biotic.com\/it-it\/products\/omni-biotic-6-it-99104\"><strong>OMNi-BiOTiC\u00ae 6<\/strong><\/a> \u00e8 a base di amido di mais, maltodestrina, frutto-oligosaccaridi (FOS), inulina, polidestrosio, cloruro di potassio, fermenti lattici probiotici, proteine di riso, solfato di magnesio, enzimi (amilasi), solfato di manganesio.<\/p><p>Anche i soggetti intolleranti al fruttosio possono assumere OMNi-BiOTiC\u00ae 6: baster\u00e0 prolungare il <strong>tempo di attivazione<\/strong> e attendere almeno <strong>30 minuti<\/strong>. In questo lasso di tempo, i <a href=\"https:\/\/www.omni-biotic.com\/it\/intestino-e-salute\/probiotici-prebiotici\/\"><strong>batteri<\/strong><\/a> sono in grado di <strong>scomporre<\/strong> tutti i frutto-oligosaccaridi presenti e non si corre quindi il rischio che il fruttosio raggiunga l\u2019intestino.<\/p>\t\t\t\t\t\t\t\t<\/div>\n\t\t\t\t<\/div>\n\t\t\t\t<div class=\"elementor-element elementor-element-144b834 elementor-widget elementor-widget-heading\" data-id=\"144b834\" data-element_type=\"widget\" data-widget_type=\"heading.default\">\n\t\t\t\t<div class=\"elementor-widget-container\">\n\t\t\t\t\t<h2 class=\"elementor-heading-title elementor-size-default\">4: Sei ceppi batterici altamente attivi per una colonizzazione ottimale dell\u2019intestino<\/h2>\t\t\t\t<\/div>\n\t\t\t\t<\/div>\n\t\t\t\t<div class=\"elementor-element elementor-element-7a6128c elementor-widget elementor-widget-text-editor\" data-id=\"7a6128c\" data-element_type=\"widget\" data-widget_type=\"text-editor.default\">\n\t\t\t\t<div class=\"elementor-widget-container\">\n\t\t\t\t\t\t\t\t\t<p>Il <strong><a href=\"https:\/\/www.omni-biotic.com\/it\/intestino-e-salute\/probiotici-prebiotici\/\">probiotico<\/a> <\/strong>multi-specie OMNi-BiOTiC\u00ae 6 contiene i ceppi di batteri naturalmente presenti nell\u2019<a href=\"https:\/\/www.omni-biotic.com\/it\/intestino-e-salute\/\"><strong>intestino<\/strong><\/a> di ognuno di noi. Essi non sono solo in grado di colonizzare l\u2019intestino in tutta la sua superficie, bens\u00ec di trasmettere agli altri <a href=\"https:\/\/www.omni-biotic.com\/it\/intestino-e-salute\/il-miracolo-intestino\/\"><strong>batteri <\/strong><\/a>le loro speciali propriet\u00e0 attraverso un trasferimento orizzontale dei geni, apportando una serie di benefici all\u2019organismo. \u00c8 sufficiente la dose giornaliera prevista per assumere i <strong>ceppi batterici altamente attivi<\/strong> presenti nei prodotti OMNi-BiOTiC\u00ae 6.<\/p><p>Un solo grammo di OMNi-BiOTiC\u00ae 6 contiene 6 ceppi batterici umani con almeno 1 miliardo di fermenti lattici probiotici:<\/p><ul><li>Bifidobacterium animalis W53<\/li><li>Lactobacillus acidophilus W55<\/li><li>Lactobacillus salivarius W57<\/li><li>Enterococcus faecium W54<\/li><li>Lactococcus lactis W58<\/li><li>Lactobacillus casei W56<\/li><\/ul>\t\t\t\t\t\t\t\t<\/div>\n\t\t\t\t<\/div>\n\t\t\t\t<div class=\"elementor-element elementor-element-a43adba elementor-widget elementor-widget-heading\" data-id=\"a43adba\" data-element_type=\"widget\" data-widget_type=\"heading.default\">\n\t\t\t\t<div class=\"elementor-widget-container\">\n\t\t\t\t\t<h2 class=\"elementor-heading-title elementor-size-default\">5: OMNi-BiOTiC\u00ae 6 \u00e8 stato sviluppato secondo i pi\u00f9 severi criteri di qualit\u00e0<\/h2>\t\t\t\t<\/div>\n\t\t\t\t<\/div>\n\t\t\t\t<div class=\"elementor-element elementor-element-9051bf0 elementor-widget elementor-widget-image\" data-id=\"9051bf0\" data-element_type=\"widget\" data-widget_type=\"image.default\">\n\t\t\t\t<div class=\"elementor-widget-container\">\n\t\t\t\t\t\t\t\t\t\t\t\t\t\t\t<img loading=\"lazy\" decoding=\"async\" width=\"700\" height=\"500\" src=\"https:\/\/www.omni-biotic.com\/it-it\/wp-content\/uploads\/sites\/5\/2025\/08\/qualitaetskriterien-omni-biotic-produktion.jpg\" class=\"attachment-large size-large wp-image-35596\" alt=\"\" srcset=\"https:\/\/www.omni-biotic.com\/it-it\/wp-content\/uploads\/sites\/5\/2025\/08\/qualitaetskriterien-omni-biotic-produktion.jpg 700w, https:\/\/www.omni-biotic.com\/it-it\/wp-content\/uploads\/sites\/5\/2025\/08\/qualitaetskriterien-omni-biotic-produktion-300x214.jpg 300w\" sizes=\"(max-width: 700px) 100vw, 700px\" \/>\t\t\t\t\t\t\t\t\t\t\t\t\t\t\t<\/div>\n\t\t\t\t<\/div>\n\t\t\t\t<div class=\"elementor-element elementor-element-201a71f elementor-widget elementor-widget-text-editor\" data-id=\"201a71f\" data-element_type=\"widget\" data-widget_type=\"text-editor.default\">\n\t\t\t\t<div class=\"elementor-widget-container\">\n\t\t\t\t\t\t\t\t\t<p>L\u2019<a href=\"https:\/\/www.omni-biotic.com\/it\/institut-allergosan-chi-siamo\/\"><strong>Institut AllergoSan<\/strong><\/a> rappresenta un centro di competenza leader nel campo della <strong><a href=\"https:\/\/www.omni-biotic.com\/it\/ricerca-sviluppo\/\">ricerca sul microbiota<\/a><\/strong> e attento ai rigorosi criteri qualitativi previsti. I prodotti dell\u2019Institut AllergoSan vengono sviluppati secondo i <a href=\"https:\/\/www.omni-biotic.com\/it\/ricerca-sviluppo\/criteri-qualitativi\/\"><strong>criteri di qualit\u00e0<\/strong>\u00a0<\/a> di <strong><a href=\"https:\/\/www.omni-biotic.com\/it\/intestino-e-salute\/probiotici-prebiotici\/\"> probiotici e prebiotici<\/a> <\/strong>rilevanti dal punto di vista medico, compilati secondo le linee guida dell\u2019Organizzazione Mondiale della Sanit\u00e0 (OMS), della Food And Drug Administration (FDA), dell\u2019Organizzazione Mondiale di Gastroenterologia (WGO) e della Societ\u00e0 Austriaca per la Medicina Probiotica (OePROM).<\/p><p style=\"text-align: center\"><a class=\"button button_size_2 button_dark button_js\" href=\"https:\/\/www.omni-biotic.com\/it\/ricerca-sviluppo\/criteri-qualitativi\/\"><span class=\"button_label\"><strong>Leggi i criteri di qualit\u00e0<\/strong><\/span><\/a><\/p><p>L\u2019Institut AllergoSan gode di fama internazionale, specialmente nel settore della <a href=\"https:\/\/www.omni-biotic.com\/it\/ricerca-sviluppo\/\"><strong>ricerca sul microbiota<\/strong><\/a>, ossia sull\u2019insieme dei <strong>microrganismi<\/strong> presenti nel corpo umano. I diversi <a href=\"https:\/\/www.omni-biotic.com\/it\/ricerca-sviluppo\/\"><strong>progetti di ricerca<\/strong><\/a> realizzati in questo campo permettono di mantenere un intenso scambio di informazioni tra i dipendenti dell\u2019azienda, i centri di ricerca di numerosi Paesi e le loro universit\u00e0.<\/p><p>Grazie a quattro studi condotti nell\u2019ambito di uno dei pi\u00f9 grandi <a href=\"https:\/\/www.omni-biotic.com\/it\/ricerca-sviluppo\/\"><strong>progetti di ricerca<\/strong><\/a> austriaci (CBmed), l\u2019Institut AllergoSan ha potuto dimostrare la sua eccellenza. La ricerca mira a trovare biomarcatori utili allo studio di diverse malattie e l\u2019<strong><a href=\"https:\/\/www.omni-biotic.com\/it\/institut-allergosan-chi-siamo\/\">Institut AllergoSan<\/a>\u00a0<\/strong>apporta il proprio contributo attraverso i suoi <strong><a href=\"https:\/\/www.omni-biotic.com\/it\/intestino-e-salute\/probiotici-prebiotici\/\">probiotici e prebiotici<\/a> <\/strong>e studi sul loro impiego in presenza di patologie quali diabete, obesit\u00e0, sipsi, steatosi epatica non alcolica (NASH) e malattie neurologiche.<\/p><p>La fase di <strong>produzione <\/strong>avviene nel rispetto dei pi\u00f9 rigorosi standard farmaceutici (le GMP, ossia le norme di buona fabbricazione per garantire la massima qualit\u00e0), tenendo in considerazione tutte le pi\u00f9 <strong>recenti scoperte scientifiche<\/strong>. I preparati, sviluppati sulla base di fattori fisiologici e olistici, si distinguono spesso per la loro <strong>unicit\u00e0<\/strong>. Oltre al know-how internazionale, che comprende importanti aspetti come la biodisponibilit\u00e0, la massima attivit\u00e0 e la capacit\u00e0 dei batteri di moltiplicarsi nell\u2019intestino, si d\u00e0 valore anche al trasporto e all\u2019imballaggio dei prodotti. Questo perch\u00e9 la stabilit\u00e0 dei microrganismi deve essere garantita anche ad alte temperature. I <a href=\"https:\/\/www.omni-biotic.com\/it\/intestino-e-salute\/probiotici-prebiotici\/\"><strong>probiotici<\/strong> <\/a>\u00a0a marchio <a href=\"https:\/\/shop.allergosan.com\/it\/\" rel=\"noopener\">OMNi-BiOTiC\u00ae<\/a> vengono infatti confezionati sotto forma di <strong>bustine<\/strong> o in barattolo per garantire un livello di umidit\u00e0 costante in grado di permettere sia la reidtratazione dei batteri al di fuori dell\u2019organismo sia la loro attivazione grazie a una speciale matrice. Ci\u00f2 conferisce ai batteri la massima resistenza durante il loro viaggio verso l\u2019intestino.<\/p><p>I ceppi batterici presenti all\u2019interno di <a href=\"https:\/\/shop.allergosan.com\/it\/prodotto\/omni-biotic-6\/\" rel=\"noopener\">OMNi-BiOTiC\u00ae 6<\/a> sono stati sequenziati grazie alla genetica molecolare e verificati secondo i pi\u00f9 severi <strong>standard di sicurezza<\/strong>. Inoltre, sono stati identificati e categorizzati presso l\u2019organizzazione indipendente NIZO Food Research di Amsterdam in linea con rigorosi standard tecnologici.<\/p><p>Tutti i ceppi batterici contenuti all\u2019interno di <a href=\"https:\/\/www.omni-biotic.com\/it\/prodotti\/omni-biotic-6\/\"><strong>OMNi-BiOTiC\u00ae 6<\/strong><\/a> sono custoditi in una \u201ccassaforte\u201d della DSMZ (raccolta tedesca di microrganismi e colture cellulari) per garantirne la massima sicurezza e vengono monitorati continuamente per escludere eventuali modifiche genetiche.<\/p>\t\t\t\t\t\t\t\t<\/div>\n\t\t\t\t<\/div>\n\t\t\t\t<div class=\"elementor-element elementor-element-2c08651 elementor-widget elementor-widget-heading\" data-id=\"2c08651\" data-element_type=\"widget\" data-widget_type=\"heading.default\">\n\t\t\t\t<div class=\"elementor-widget-container\">\n\t\t\t\t\t<h2 class=\"elementor-heading-title elementor-size-default\">6: OMNi-BiOTiC\u00ae 6 nella tua farmacia specializzata<\/h2>\t\t\t\t<\/div>\n\t\t\t\t<\/div>\n\t\t\t\t<div class=\"elementor-element elementor-element-411169c elementor-widget elementor-widget-image\" data-id=\"411169c\" data-element_type=\"widget\" data-widget_type=\"image.default\">\n\t\t\t\t<div class=\"elementor-widget-container\">\n\t\t\t\t\t\t\t\t\t\t\t\t\t\t\t\t<a href=\"https:\/\/itprom.it\/\" rel=\"noopener\">\n\t\t\t\t\t\t\t<img loading=\"lazy\" decoding=\"async\" width=\"800\" height=\"534\" src=\"https:\/\/www.omni-biotic.com\/it-it\/wp-content\/uploads\/sites\/5\/2023\/08\/20221125-pk-itprom-rom-176-bea-1-1024x683.jpg\" class=\"attachment-large size-large wp-image-20285\" alt=\"itprom-roma\" srcset=\"https:\/\/www.omni-biotic.com\/it-it\/wp-content\/uploads\/sites\/5\/2023\/08\/20221125-pk-itprom-rom-176-bea-1-1024x683.jpg 1024w, https:\/\/www.omni-biotic.com\/it-it\/wp-content\/uploads\/sites\/5\/2023\/08\/20221125-pk-itprom-rom-176-bea-1-300x200.jpg 300w, https:\/\/www.omni-biotic.com\/it-it\/wp-content\/uploads\/sites\/5\/2023\/08\/20221125-pk-itprom-rom-176-bea-1-768x512.jpg 768w, https:\/\/www.omni-biotic.com\/it-it\/wp-content\/uploads\/sites\/5\/2023\/08\/20221125-pk-itprom-rom-176-bea-1-1536x1024.jpg 1536w, https:\/\/www.omni-biotic.com\/it-it\/wp-content\/uploads\/sites\/5\/2023\/08\/20221125-pk-itprom-rom-176-bea-1.jpg 1920w\" sizes=\"(max-width: 800px) 100vw, 800px\" \/>\t\t\t\t\t\t\t\t<\/a>\n\t\t\t\t\t\t\t\t\t\t\t\t\t\t\t<\/div>\n\t\t\t\t<\/div>\n\t\t\t\t<div class=\"elementor-element elementor-element-0ffb038 elementor-widget elementor-widget-text-editor\" data-id=\"0ffb038\" data-element_type=\"widget\" data-widget_type=\"text-editor.default\">\n\t\t\t\t<div class=\"elementor-widget-container\">\n\t\t\t\t\t\t\t\t\t<p>Per far s\u00ec che ogni consumatore ottenga il probiotico pi\u00f9 rispondente alle proprie esigenze, \u00e8 decisiva la consulenza da parte di esperti della salute. L\u2019Institut AllergoSan dispone di numerosi addetti con background medico-scientifico e arruola formatori d\u2019alta caratura per la preparazione e l\u2019aggiornamento di farmacisti, medici e terapeuti, affinch\u00e9 queste figure professionali chiave possano restare sempre al corrente degli ultimi sviluppi.<\/p><p>Come in tutti gli altri reparti dell\u2019azienda, anche in questo campo vigono criteri di qualit\u00e0 altissimi. Lo attesta un\u2019indagine di mercato commissionata come ogni anno dall\u2019Associazione austriaca dei farmacisti (\u00d6sterreichischer Apothekerverband) alla IQVIA, centro leader internazionale di analisi di dati provenienti dal mercato della salute, sulle principali aziende operanti nel campo della salute e sulle loro offerte alle farmacie.<\/p><p>\u201cSi tratta di un chiaro segnale del fatto che l\u2019aggiornamento in materia di microbioma \u00e8 molto apprezzato dagli esperti della salute. Altrettanto importante \u00e8 lo scambio a livello scientifico e proprio per questo guardo con interesse alle stimolanti attivit\u00e0 dell\u2019Associazione Italiana di Medicina Probiotica\u201d, ha dichiarato la fondatrice e CEO dell\u2019Institut AllergoSan, Prof.ssa Anita Frauwallner.<\/p><p>Dopo Germania e Austria, l\u2019Institut AllergoSan si fa promotore anche in Italia di un autorevole consenso internazionale dedicato alla ricerca sul microbioma intestinale. Dal 2022 infatti, l\u2019Institut AllergoSan porta a battesimo l&#8217;Associazione Italiana di Medicina Probiotica (ItPROM) che ha debuttato a Roma con un simposio internazionale Roma il 25 Novembre 2022.<\/p><p>La ItPROM si aggiunge cos\u00ec all\u2019Associazione Austriaca di Medicina Probiotica (OePROM) e all\u2019Associazione Tedesca di Medicina Probiotica (DePROM) dove i pi\u00f9 eminenti ricercatori dei due Paesi sono votati allo studio del microbioma umano e delle variet\u00e0 batteriche che lo compongono.<\/p><p>*Il probiotico multi-specie OMNi-BiOTiC\u00ae 6 contiene i cosiddetti \u201cceppi batterici\u201d<\/p><p>**Fonte: IQVIA MAT 06\/2020<\/p>\t\t\t\t\t\t\t\t<\/div>\n\t\t\t\t<\/div>\n\t\t\t\t\t<\/div>\n\t\t\t\t<\/div>\n\t\t\t\t<\/div>\n\t\t","protected":false},"excerpt":{"rendered":"<p>I batteri intestinali benefici svolgono diverse funzioni importanti. Non solo supportano la digestione e il sistema immunitario, ma hanno anche un impatto sull&#8217;intero organismo. Che fortuna che oggi possiamo assumerli facilmente sotto forma di colture di batteri benefici. Recenti scoperte scientifiche dimostrano che la combinazione mirata di diversi ceppi batterici, una cosiddetta formulazione multispecie, \u00e8 spesso di granlunga superiore rispetto all&#8217;assunzione di un singolo ceppo batterico (probiotici monospecie). Perch\u00e9 OMNi-BiOTiC\u00ae 6 \u00e8 ancora oggi uno dei bestseller dell&#8217;Institut AllergoSan? Continua a leggere per scoprirlo!<\/p>\n","protected":false},"author":2,"featured_media":16489,"comment_status":"closed","ping_status":"closed","sticky":false,"template":"","format":"standard","meta":{"_acf_changed":false,"inline_featured_image":false,"footnotes":""},"categories":[109],"tags":[],"class_list":["post-16488","post","type-post","status-publish","format-standard","has-post-thumbnail","hentry","category-institut-allergosan"],"acf":[],"rank_math":{"og:title":"6 fatti su OMNi-BiOTiC\u00ae6 - OMNi-BiOTiC\u00ae 6 ceppi batterici","og:desc":"OMNi-BiOTiC\u00ae 6 \u00e8 il primo probiotico multispecie formulato dalla Prof.ssa Anita Frauwallner e adatto a tutta la famiglia. Scopri come \u00e8 nato e come si assume.","og:url":"https:\/\/www.omni-biotic.com\/it-it\/blog\/6-fatti-su-omni-biotic-6\/","og:locale":"it_IT","og:image":"https:\/\/www.omni-biotic.com\/it-it\/wp-content\/uploads\/sites\/5\/2023\/06\/2-anita-frauwallner-omni-biotic-6-c-institut-allergosan-jungwirth-rgb-scaled-1-scaled-1-1024x684.jpg","og:image:width":"800","og:image:height":"534"},"additional_data":{"thumbnail":"https:\/\/www.omni-biotic.com\/it-it\/wp-content\/uploads\/sites\/5\/2023\/06\/2-anita-frauwallner-omni-biotic-6-c-institut-allergosan-jungwirth-rgb-scaled-1-scaled-1.jpg"},"blog_info":{"country":"it-it"},"_links":{"self":[{"href":"https:\/\/www.omni-biotic.com\/it-it\/wp-json\/wp\/v2\/posts\/16488","targetHints":{"allow":["GET"]}}],"collection":[{"href":"https:\/\/www.omni-biotic.com\/it-it\/wp-json\/wp\/v2\/posts"}],"about":[{"href":"https:\/\/www.omni-biotic.com\/it-it\/wp-json\/wp\/v2\/types\/post"}],"author":[{"embeddable":true,"href":"https:\/\/www.omni-biotic.com\/it-it\/wp-json\/wp\/v2\/users\/2"}],"replies":[{"embeddable":true,"href":"https:\/\/www.omni-biotic.com\/it-it\/wp-json\/wp\/v2\/comments?post=16488"}],"version-history":[{"count":7,"href":"https:\/\/www.omni-biotic.com\/it-it\/wp-json\/wp\/v2\/posts\/16488\/revisions"}],"predecessor-version":[{"id":35613,"href":"https:\/\/www.omni-biotic.com\/it-it\/wp-json\/wp\/v2\/posts\/16488\/revisions\/35613"}],"wp:featuredmedia":[{"embeddable":true,"href":"https:\/\/www.omni-biotic.com\/it-it\/wp-json\/wp\/v2\/media\/16489"}],"wp:attachment":[{"href":"https:\/\/www.omni-biotic.com\/it-it\/wp-json\/wp\/v2\/media?parent=16488"}],"wp:term":[{"taxonomy":"category","embeddable":true,"href":"https:\/\/www.omni-biotic.com\/it-it\/wp-json\/wp\/v2\/categories?post=16488"},{"taxonomy":"post_tag","embeddable":true,"href":"https:\/\/www.omni-biotic.com\/it-it\/wp-json\/wp\/v2\/tags?post=16488"}],"curies":[{"name":"wp","href":"https:\/\/api.w.org\/{rel}","templated":true}]}}