{"id":16504,"date":"2021-03-16T13:54:12Z","date_gmt":"2021-03-16T12:54:12Z","guid":{"rendered":"https:\/\/www.omni-biotic.com\/it-it\/covid-19-e-flora-batterica\/"},"modified":"2023-12-12T09:47:12Z","modified_gmt":"2023-12-12T08:47:12Z","slug":"covid-19-e-flora-batterica","status":"publish","type":"post","link":"https:\/\/www.omni-biotic.com\/it-it\/blog\/covid-19-e-flora-batterica\/","title":{"rendered":"Covid-19 e flora batterica"},"content":{"rendered":"\t\t<div data-elementor-type=\"wp-post\" data-elementor-id=\"16504\" class=\"elementor elementor-16504\" data-elementor-post-type=\"post\">\n\t\t\t\t<div class=\"elementor-element elementor-element-deccb89 obcs none e-flex e-con-boxed e-con e-parent\" data-id=\"deccb89\" data-element_type=\"container\">\n\t\t\t\t\t<div class=\"e-con-inner\">\n\t\t\t\t<div class=\"elementor-element elementor-element-7f99edc elementor-widget elementor-widget-heading\" data-id=\"7f99edc\" data-element_type=\"widget\" data-widget_type=\"heading.default\">\n\t\t\t\t<div class=\"elementor-widget-container\">\n\t\t\t\t\t<h2 class=\"elementor-heading-title elementor-size-default\">Uno Studio della Chinese University di Hongkong<\/h2>\t\t\t\t<\/div>\n\t\t\t\t<\/div>\n\t\t\t\t<div class=\"elementor-element elementor-element-116d9cd elementor-widget elementor-widget-image\" data-id=\"116d9cd\" data-element_type=\"widget\" data-widget_type=\"image.default\">\n\t\t\t\t<div class=\"elementor-widget-container\">\n\t\t\t\t\t\t\t\t\t\t\t\t\t\t\t<img fetchpriority=\"high\" decoding=\"async\" width=\"768\" height=\"493\" src=\"https:\/\/www.omni-biotic.com\/it-it\/wp-content\/uploads\/sites\/5\/2021\/03\/Fermenti-lattici_Covid.png\" class=\"attachment-large size-large wp-image-23062\" alt=\"Fermenti lattici_covid\" srcset=\"https:\/\/www.omni-biotic.com\/it-it\/wp-content\/uploads\/sites\/5\/2021\/03\/Fermenti-lattici_Covid.png 768w, https:\/\/www.omni-biotic.com\/it-it\/wp-content\/uploads\/sites\/5\/2021\/03\/Fermenti-lattici_Covid-300x193.png 300w\" sizes=\"(max-width: 768px) 100vw, 768px\" \/>\t\t\t\t\t\t\t\t\t\t\t\t\t\t\t<\/div>\n\t\t\t\t<\/div>\n\t\t\t\t<div class=\"elementor-element elementor-element-6ed7488 elementor-widget elementor-widget-text-editor\" data-id=\"6ed7488\" data-element_type=\"widget\" data-widget_type=\"text-editor.default\">\n\t\t\t\t<div class=\"elementor-widget-container\">\n\t\t\t\t\t\t\t\t\t<p><em>Hongkong\u00a0 \u00a0\u2013 Un\u2019<\/em><strong><em>infezione da COVID-19<\/em><\/strong><em>\u00a0provoca spesso un\u2019<\/em><strong><em><a href=\"https:\/\/www.omni-biotic.com\/it\/flora-batterica-intestinale\/\">alterazione della composizione della flora batterica intestinale<\/a><\/em><\/strong><em>, la cui entit\u00e0 sarebbe legata alla gravit\u00e0 della malattia. Questo \u00e8 quanto emerge da uno studio pubblicato sulla rivista Gut (2021; DOI: 10.1136\/gutjnl-2020-323020). Il COVID-19 \u00e8 una\u00a0<\/em><strong><em>malattia\u00a0<\/em><\/strong><em>che colpisce principalmente le<\/em><strong><em>\u00a0vie respiratorie<\/em><\/strong><em>, ma pu\u00f2 intaccare anche le cellule della\u00a0<\/em><em><a href=\"https:\/\/www.omni-biotic.com\/it\/intestino-e-salute\/\"><strong>mucosa intestinale<\/strong><\/a><\/em><em>. L\u2019intestino \u00e8 inoltre il\u00a0<\/em><strong><em>pi\u00f9 grande organo immunologico del corpo umano<\/em><\/strong><em>, il cui compito principale consiste nel controllare i\u00a0<\/em><strong><em><a href=\"https:\/\/www.omni-biotic.com\/it\/intestino-e-salute\/il-miracolo-intestino\/\">batteri intestinali<\/a><\/em><\/strong><em>. Poich\u00e9 una grave infezione da COVID-19 porta a un\u2019<\/em><strong><em>iperattivit\u00e0 del\u00a0<\/em><\/strong><strong><em><a href=\"https:\/\/www.omni-biotic.com\/it\/intestino-e-salute\/sistema-immunitario-2\/\">sistema immunitario<\/a><\/em><\/strong><em>, si pu\u00f2 ipotizzare che anche la\u00a0<\/em><em><a href=\"https:\/\/www.omni-biotic.com\/it\/flora-batterica-intestinale\/\"><strong>flora intestinale<\/strong>\u00a0<\/a><\/em><em>giochi un ruolo determinante.<\/em><\/p>\t\t\t\t\t\t\t\t<\/div>\n\t\t\t\t<\/div>\n\t\t\t\t<div class=\"elementor-element elementor-element-197676c elementor-widget elementor-widget-text-editor\" data-id=\"197676c\" data-element_type=\"widget\" data-widget_type=\"text-editor.default\">\n\t\t\t\t<div class=\"elementor-widget-container\">\n\t\t\t\t\t\t\t\t\t<p>Un team di esperti guidato dal Prof. Siew Ng della Chinese University di Hongkong ha\u00a0<strong>analizzato<\/strong>\u00a0a\u00a0<strong>livello genetico<\/strong>\u00a0i\u00a0<strong>campioni di feci<\/strong>\u00a0di 100 pazienti durante il ricovero avvenuto nella primavera del 2020. I ricercatori hanno inoltre raccolto campioni di feci da 27 su 41 pazienti fino a trenta giorni dopo la guarigione. Il\u00a0<strong>sequenziamento<\/strong>\u00a0del\u00a0<strong>DNA<\/strong>\u00a0contenuto nelle feci \u00e8 stato poi utilizzato per osservare le singole specie di<a href=\"https:\/\/www.omni-biotic.com\/it\/intestino-e-salute\/il-miracolo-intestino\/\"><strong>\u00a0batteri intestinali<\/strong><\/a>\u00a0e il loro grado di frequenza nell\u2019intestino.<br \/>Il confronto con il microbioma intestinale di 70 adulti visitati prima della pandemia ha rivelato enormi differenze, in parte riconducibili al fatto che i pazienti avevano assunto\u00a0<a href=\"https:\/\/www.omni-biotic.com\/it\/antibiotici\/\">antibiotici<\/a>\u00a0(una pratica piuttosto diffusa all\u2019inizio della pandemia). Tuttavia, anche il\u00a0<strong>microbioma intestinale dei pazienti COVID-19<\/strong>\u00a0non trattati con\u00a0<a href=\"https:\/\/www.omni-biotic.com\/it\/antibiotici\/\"><strong>antibiotici<\/strong><\/a>\u00a0\u00e8 rimasta significativamente\u00a0<strong>alterata<\/strong>.<\/p>\t\t\t\t\t\t\t\t<\/div>\n\t\t\t\t<\/div>\n\t\t\t\t<div class=\"elementor-element elementor-element-efa396e elementor-widget elementor-widget-text-editor\" data-id=\"efa396e\" data-element_type=\"widget\" data-widget_type=\"text-editor.default\">\n\t\t\t\t<div class=\"elementor-widget-container\">\n\t\t\t\t\t\t\t\t\t<p>I soggetti infetti da COVID-19 hanno mostrato una\u00a0<strong>maggiore quantit\u00e0<\/strong>\u00a0delle specie\u00a0<em>Ruminococcus gnavus<\/em>,\u00a0<em>Ruminococcus torques<\/em>\u00a0e\u00a0<em>Bacteroides dorei\u00a0<\/em>rispetto agli individui non colpiti da infezioni intestinali. Altri batteri tra cui il\u00a0<em>Bifidobacterium adolescentis<\/em>,\u00a0<em>Faecalibacterium prausnitzii<\/em>\u00a0e l\u2019<em>Eubacterium rectale<\/em>\u00a0erano invece meno frequenti. In particolare, considerando la\u00a0<strong>terapia<\/strong>\u00a0<strong>antibiotica<\/strong>\u00a0e l\u2019<strong>et\u00e0<\/strong>\u00a0dei pazienti, \u00e8 stato constatato che a un numero inferiore di\u00a0<em>F. prausnitzii<\/em>\u00a0e\u00a0<em>Bifidobacterium bifidum<\/em>\u00a0corrispondeva un\u00a0<strong>aumento<\/strong>\u00a0della\u00a0<strong>gravit\u00e0\u00a0<\/strong>della\u00a0<strong>malattia<\/strong>. La quota di questi pazienti si \u00e8 mantenuta bassa anche in seguito all\u2019analisi dei campioni raccolti dopo l\u2019eliminazione dell\u2019infezione.<\/p><p>La\u00a0<a href=\"https:\/\/www.omni-biotic.com\/it\/flora-batterica-intestinale\/\"><strong>composizione della flora batterica intestinale\u00a0<\/strong><\/a>\u00a0era in parte correlata ai\u00a0<strong>marcatori infiammatori\u00a0<\/strong>come l\u2019interleuchina 8 (CXCL8), la chemochina infiammatoria CXCL10, l\u2019interleuchina 10 (IL-10) e il TNF-\u03b1 cos\u00ec come a quelli di laboratorio relativi alla proteina C reattiva (CRP), al lattato deidrogenasi (LDH) e agli enzimi epatici, i quali indicano un\u00a0<strong>decorso grave<\/strong>\u00a0della malattia. I risultati non sono in grado di stabilire una relazione causale tra la composizione del microbioma intestinale e la risposta immunitaria a COVID-19, ma invitano sicuramente a riflettere. Una delle cause dell\u2019<strong>iperreazione<\/strong>\u00a0del<a href=\"https:\/\/www.omni-biotic.com\/it\/intestino-e-salute\/sistema-immunitario-2\/\"><strong>\u00a0sistema immunitario<\/strong><\/a>\u00a0potrebbe risiedera nell\u2019alterazione della\u00a0<a href=\"https:\/\/www.omni-biotic.com\/it\/flora-batterica-intestinale\/\">flora batterica intestinale<\/a>, che oggi viene spesso ricondotta a una terapia antibiotica non strettamente necessaria. Inoltre, il fatto che tale alterazione persista anche dopo la guarigione potrebbe essere responsabile della comparsa di effetti post-infezione che gli scienziati hanno definito \u201c<strong>Long COVID<\/strong>\u201c.<\/p><ul><li><a href=\"https:\/\/gut.bmj.com\/content\/early\/2021\/01\/04\/gutjnl-2020-323020\" rel=\"noopener\"><strong>Abstract dello studio Gut<\/strong><\/a><\/li><li><a href=\"https:\/\/www.eurekalert.org\/pub_releases\/2021-01\/b-mog010721.php\" rel=\"noopener\"><strong>Comunicato stampa della rivista<\/strong><\/a><\/li><li><a href=\"https:\/\/www.sciencemediacentre.org\/expert-reaction-to-observational-study-on-gut-bacteria-and-bodys-response-to-covid-19\/\" rel=\"noopener\"><b>Opinione degli esperti<\/b><\/a><\/li><\/ul><p>\u00a0<\/p><p>Alcuni esperti del Media Science Center confidano in queste supposizioni. Angus Dalgleish dell\u2019Universit\u00e0 di Londra ha precisato che le pi\u00f9 recenti scoperte scientifiche suggeriscono che la flora intestinale avrebbe un\u2019influenza sull\u2019efficacia dell\u2019immunoterapia oncologica. Graham Rook, Professore Emerito dell\u2019University College London, invita a condurre studi su un ipotetico trapianto fecale nei soggetti affetti da Long COVID.<\/p><p>Le scoperte del Prof. Ng potrebbero tuttavia dipendere dal fatto che anche i soggetti obesi, diabetici o con altri fattori di rischio per COVID-19 legati all\u2019alimentazione presentino spesso una composizione della\u00a0<strong><a href=\"https:\/\/www.omni-biotic.com\/it\/flora-batterica-intestinale\/\">flora batterica intestinale<\/a><\/strong>\u00a0alterata. \u00a9 rme\/aerzteblatt.de<\/p><p><em><a href=\"https:\/\/www.aerzteblatt.de\/nachrichten\/120097\/COVID-19-Patienten-haben-haeufig-Stoerung-der-Darmflora\" rel=\"noopener\">Fonte: https:\/\/www.aerzteblatt.de\/nachrichten\/120097\/COVID-19-Patienten-haben-haeufig-Stoerung-der-Darmflora<\/a><\/em><\/p>\t\t\t\t\t\t\t\t<\/div>\n\t\t\t\t<\/div>\n\t\t\t\t\t<\/div>\n\t\t\t\t<\/div>\n\t\t\t\t<\/div>\n\t\t","protected":false},"excerpt":{"rendered":"<p>Uno Studio della Chinese University di Hongkong Hongkong\u00a0 \u00a0\u2013 Un\u2019infezione da COVID-19\u00a0provoca spesso un\u2019alterazione della composizione della flora batterica intestinale, la cui entit\u00e0 sarebbe legata alla gravit\u00e0 della malattia. Questo \u00e8 quanto emerge da uno studio pubblicato sulla rivista Gut (2021; DOI: 10.1136\/gutjnl-2020-323020). Il COVID-19 \u00e8 una\u00a0malattia\u00a0che colpisce principalmente le\u00a0vie respiratorie, ma pu\u00f2 intaccare anche [&hellip;]<\/p>\n","protected":false},"author":2,"featured_media":16505,"comment_status":"closed","ping_status":"closed","sticky":false,"template":"","format":"standard","meta":{"_acf_changed":false,"inline_featured_image":false,"footnotes":""},"categories":[107,110,1],"tags":[],"class_list":["post-16504","post","type-post","status-publish","format-standard","has-post-thumbnail","hentry","category-disturbi-e-consigli","category-scoperte-scientifiche","category-tutte-le-categorie"],"acf":[],"rank_math":{"og:title":"Covid-19 e flora batterica - OMNi-BiOTiC\u00ae Long Covid studio","og:desc":"Ll'universit\u00e0 di Hongkong ha effettuato uno studio sui batteri intestinali dei soggetti che hanno contratto il covid. Clicca per saperne di pi\u00f9","og:url":"https:\/\/www.omni-biotic.com\/it-it\/blog\/covid-19-e-flora-batterica\/","og:locale":"it_IT","og:image":"https:\/\/www.omni-biotic.com\/it-it\/wp-content\/uploads\/sites\/5\/2023\/06\/shutterstock-1624415920.png","og:image:width":"1200","og:image:height":"771"},"additional_data":{"thumbnail":"https:\/\/www.omni-biotic.com\/it-it\/wp-content\/uploads\/sites\/5\/2023\/06\/shutterstock-1624415920.png"},"blog_info":{"country":"it-it"},"_links":{"self":[{"href":"https:\/\/www.omni-biotic.com\/it-it\/wp-json\/wp\/v2\/posts\/16504","targetHints":{"allow":["GET"]}}],"collection":[{"href":"https:\/\/www.omni-biotic.com\/it-it\/wp-json\/wp\/v2\/posts"}],"about":[{"href":"https:\/\/www.omni-biotic.com\/it-it\/wp-json\/wp\/v2\/types\/post"}],"author":[{"embeddable":true,"href":"https:\/\/www.omni-biotic.com\/it-it\/wp-json\/wp\/v2\/users\/2"}],"replies":[{"embeddable":true,"href":"https:\/\/www.omni-biotic.com\/it-it\/wp-json\/wp\/v2\/comments?post=16504"}],"version-history":[{"count":5,"href":"https:\/\/www.omni-biotic.com\/it-it\/wp-json\/wp\/v2\/posts\/16504\/revisions"}],"predecessor-version":[{"id":23066,"href":"https:\/\/www.omni-biotic.com\/it-it\/wp-json\/wp\/v2\/posts\/16504\/revisions\/23066"}],"wp:featuredmedia":[{"embeddable":true,"href":"https:\/\/www.omni-biotic.com\/it-it\/wp-json\/wp\/v2\/media\/16505"}],"wp:attachment":[{"href":"https:\/\/www.omni-biotic.com\/it-it\/wp-json\/wp\/v2\/media?parent=16504"}],"wp:term":[{"taxonomy":"category","embeddable":true,"href":"https:\/\/www.omni-biotic.com\/it-it\/wp-json\/wp\/v2\/categories?post=16504"},{"taxonomy":"post_tag","embeddable":true,"href":"https:\/\/www.omni-biotic.com\/it-it\/wp-json\/wp\/v2\/tags?post=16504"}],"curies":[{"name":"wp","href":"https:\/\/api.w.org\/{rel}","templated":true}]}}